{"id":13789,"date":"2014-05-24T12:45:11","date_gmt":"2014-05-24T14:45:11","guid":{"rendered":"http:\/\/eldigitaldeasturias.com\/magazine365\/?p=13789"},"modified":"2014-05-24T12:45:11","modified_gmt":"2014-05-24T14:45:11","slug":"xavier-dolan-el-cine-joven-contra-la-veterania-por-la-palma-de-oro-de-cannes","status":"publish","type":"post","link":"https:\/\/eldigitaldeasturias.com\/magazine365\/xavier-dolan-el-cine-joven-contra-la-veterania-por-la-palma-de-oro-de-cannes\/","title":{"rendered":"Xavier Dolan, el cine joven contra la veteran\u00eda por la Palma de Oro de Cannes"},"content":{"rendered":"<p><img fetchpriority=\"high\" decoding=\"async\" class=\"alignleft size-medium wp-image-13790\" alt=\"6294667w\" src=\"https:\/\/eldigitaldeasturias.com\/magazine365\/wp-content\/uploads\/2014\/05\/6294667w-360x253.jpg\" width=\"360\" height=\"253\" \/>(EFE).- La Palma de Oro de la 67 edici\u00f3n del Festival de Cannes se entrega ma\u00f1ana con una abierta divisi\u00f3n de opiniones, que oscilan entre la modernidad y juventud de \u00abMommy\u00bb, del canadiense Xavier Dolan, y el cine m\u00e1s consolidado de nombres como Nuri Bilge Ceylan, Naomi Kawase o los hermanos Dardenne.<\/p>\n<p>Pero hay m\u00e1s nombres que se apuntan como favoritos, desde el mauritano Abderrahmane Sissako al brit\u00e1nico Mike Leigh pasando por el estadounidense Bennett Miller.<\/p>\n<p>Los cr\u00edticos apuntan claramente a dos pel\u00edculas: \u00abMommy\u00bb, de Dolan, y \u00abWinter Sleep\u00bb, de Ceylan.<\/p>\n<p>De ganar el primero, ser\u00eda toda una llamada de atenci\u00f3n a la necesidad de un relevo generacional en el cine. Dolan tiene solo 25 a\u00f1os y \u00abMommy\u00bb, que es su quinto largometraje, ha gustado mucho por sus historia pero sobre todo por su rompedora forma de contarla.<\/p>\n<p>Ser\u00eda el segundo cineasta m\u00e1s joven de la historia en ganar el principal premio de Cannes, solo superado por Louis Malle, que lo logr\u00f3 en 1856 a los 24 a\u00f1os por \u00abLe monde du silence\u00bb.<\/p>\n<p>Y frente al canadiense, toda una bater\u00eda de cine s\u00f3lido y veterano, que tambi\u00e9n aspira a ser coronado por Cannes.<\/p>\n<p>Entre las principales candidatas, \u00abWinter Sleep\u00bb, una brillante pero muy larga historia (195 minutos), con unos di\u00e1logos intensos con la que el turco Ceylan busca una Palma que se le resiste tras ganar un premio al mejor director y dos veces el Gran Premio del Jurado.<\/p>\n<p>Los terceros en discordia son los hermanos Dardenne, que han vuelto a presentar una pel\u00edcula s\u00f3lida de denuncia social, \u00abDeux jours, une nuit\u00bb, con Marion Cotillard de protagonista. De ganarla, ser\u00edan los primeros en obtener tres palmas de Oro del festival.<\/p>\n<p>\u00abMr Turner\u00bb, el retrato de Mike Leigh del pintor William Turner, gust\u00f3 mucho en un principio aunque sus posibilidades parecen haberse ido desinflando al mismo ritmo que han subido las de Naomi Kawase, con su delicada \u00abStill the water\u00bb.<\/p>\n<p>Y entre la dificultad de decidir podr\u00eda emerger un nombre de consenso, el del mauritano Sissako, el \u00fanico cineasta africano en la competici\u00f3n, cuyo filme \u00abTimbuktu\u00bb, ha gustado mucho por su simplicidad de planteamiento y la belleza con que cuenta una historia muy dura.<\/p>\n<p>En caso de ganarla ser\u00eda una Palma de Oro para \u00c1frica, 39 a\u00f1os despu\u00e9s de la argelina \u00abChronique des ann\u00e9es de braise\u00bb.<\/p>\n<p>\u00abFoxcatcher\u00bb, del estadounidense Bennett Miller, y \u00abLeviathan\u00bb, del ruso Andrey Zvyagintsev, tambi\u00e9n tienen sus defensores, al igual que la italiana \u00abLe meraviglie\u00bb, de Alice Rohrwacher, que tiene como baza la defensa del cine de mujeres realizada por la presidenta del jurado de Cannes, Jane Campion, en la primera jornada del festival.<\/p>\n<p>Pocas opciones parece tener la divertida y \u00e1cida comedia \u00abRelatos salvajes\u00bb, del argentino Dami\u00e1n Szifr\u00f3n, aunque ya se lleva el premio de ser una de las m\u00e1s populares del festival y una de las m\u00e1s vendidas en el mercado de Cannes.<\/p>\n<p>Tampoco \u00abJimmy&#8217;s Hall\u00bb, un filme m\u00e1s que correcto de Ken Loach, pero que no ofrece novedades, ni \u00abSils Maria\u00bb, del franc\u00e9s Olivier Assayas, en el que destaca la soberbia interpretaci\u00f3n de Juliette Binoche.<\/p>\n<p>\u00abThe Captive\u00bb, de Atom Egoyan; \u00abSaint Laurent\u00bb, de Bertrand Bonello; \u00abThe Homesmad\u00bb, de Tommy Lee Jones; \u00abThe Search\u00bb, de Michel Hazanavicius; \u00abMaps to the stars\u00bb, de David Cronenberg, y \u00abAdieu au langage\u00bb de Jean-Luc Godard, se dan como descartadas, aunque el maestro de la &#8216;nouvelle vague&#8217; nunca ha ganado en Cannes.<\/p>\n<p>En cuanto a las interpretaciones, Binoche es sin duda la mejor en el lado femenino, aunque en su contra est\u00e1 que es una actriz muy reconocida, al igual que Marion Cotillard, que destaca en el filme de los Dardenne, o Julianne Moore, en el de Cronenberg.<\/p>\n<p>Las actrices de la pel\u00edcula de Dolan, Anne Dorval y Suzanne Cl\u00e9ment han llamado mucho la atenci\u00f3n, y tambi\u00e9n la pareja protagonista de \u00abStill the water\u00bb, los j\u00f3venes Jun Yoshinaga y Nijiro Murakami.<\/p>\n<p>En el apartado masculino un irreconocible Steve Carrel en \u00abFoxcatcher\u00bb es la sorpresa del festival junto al brit\u00e1nico Timothy Spall como Turner.<\/p>\n<p>Las dudas quedar\u00e1n despejadas ma\u00f1ana cuando Jane Campion y el resto de los miembros del jurado -Sof\u00eda Coppola, Gael Garc\u00eda Bernal, Willem Dafoe, Jia Zhangke, Nicolas Winding Refn, Carole Bouquet, Leila Hatami y Jeon Do-Yeon- anuncien el palmar\u00e9s de la 67 edici\u00f3n de Cannes.<\/p>\n<p>&nbsp;<\/p>\n<p>Por Alicia Garc\u00eda de Francisco.<\/p>\n","protected":false},"excerpt":{"rendered":"<p>(EFE).- La Palma de Oro de la 67 edici\u00f3n del Festival de Cannes se entrega ma\u00f1ana con una abierta divisi\u00f3n de opiniones, que oscilan entre la modernidad y juventud de \u00abMommy\u00bb, del canadiense Xavier Dolan, y el cine m\u00e1s consolidado de nombres como Nuri Bilge Ceylan, Naomi Kawase o los hermanos Dardenne. Pero hay m\u00e1s<\/p>\n","protected":false},"author":1,"featured_media":13790,"comment_status":"open","ping_status":"closed","sticky":false,"template":"","format":"standard","meta":{"footnotes":""},"categories":[224],"tags":[],"class_list":{"0":"post-13789","1":"post","2":"type-post","3":"status-publish","4":"format-standard","5":"has-post-thumbnail","7":"category-noticias-actualidad"},"aioseo_notices":[],"aioseo_head":"\n\t\t<!-- All in One SEO Pro 4.9.6.1 - aioseo.com -->\n\t<meta name=\"description\" content=\"(EFE).- La Palma de Oro de la 67 edici\u00f3n del Festival de Cannes se entrega ma\u00f1ana con una abierta divisi\u00f3n de opiniones, que oscilan entre la modernidad y juventud de &quot;Mommy&quot;, del canadiense Xavier Dolan, y el cine m\u00e1s consolidado de nombres como Nuri Bilge Ceylan, Naomi Kawase o los hermanos Dardenne. Pero hay m\u00e1s\" \/>\n\t<meta name=\"robots\" content=\"max-image-preview:large\" \/>\n\t<meta name=\"author\" content=\"admin\"\/>\n\t<meta name=\"google-site-verification\" content=\"UA-38556648-1\" \/>\n\t<meta name=\"keywords\" content=\"noticias y actualidad\" \/>\n\t<link rel=\"canonical\" href=\"https:\/\/eldigitaldeasturias.com\/magazine365\/xavier-dolan-el-cine-joven-contra-la-veterania-por-la-palma-de-oro-de-cannes\/\" \/>\n\t<meta name=\"generator\" content=\"All in One SEO Pro (AIOSEO) 4.9.6.1\" \/>\n\t\t<meta property=\"og:locale\" content=\"es_ES\" \/>\n\t\t<meta property=\"og:site_name\" content=\"El Digital de Asturias \u2013 Revista de ocio, turismo y estilo de vida\" \/>\n\t\t<meta property=\"og:type\" content=\"article\" \/>\n\t\t<meta property=\"og:title\" content=\"Xavier Dolan, el cine joven contra la veteran\u00eda por la Palma de Oro de Cannes | El Digital de Asturias\" \/>\n\t\t<meta property=\"og:description\" content=\"(EFE).- La Palma de Oro de la 67 edici\u00f3n del Festival de Cannes se entrega ma\u00f1ana con una abierta divisi\u00f3n de opiniones, que oscilan entre la modernidad y juventud de &quot;Mommy&quot;, del canadiense Xavier Dolan, y el cine m\u00e1s consolidado de nombres como Nuri Bilge Ceylan, Naomi Kawase o los hermanos Dardenne. Pero hay m\u00e1s\" \/>\n\t\t<meta property=\"og:url\" content=\"https:\/\/eldigitaldeasturias.com\/magazine365\/xavier-dolan-el-cine-joven-contra-la-veterania-por-la-palma-de-oro-de-cannes\/\" \/>\n\t\t<meta property=\"og:image\" content=\"https:\/\/eldigitaldeasturias.com\/magazine365\/wp-content\/uploads\/2014\/05\/6294667w.jpg\" \/>\n\t\t<meta property=\"og:image:secure_url\" content=\"https:\/\/eldigitaldeasturias.com\/magazine365\/wp-content\/uploads\/2014\/05\/6294667w.jpg\" \/>\n\t\t<meta property=\"og:image:width\" content=\"800\" \/>\n\t\t<meta property=\"og:image:height\" content=\"564\" \/>\n\t\t<meta property=\"article:published_time\" content=\"2014-05-24T14:45:11+00:00\" \/>\n\t\t<meta property=\"article:modified_time\" content=\"2014-05-24T14:45:11+00:00\" \/>\n\t\t<meta name=\"twitter:card\" content=\"summary_large_image\" \/>\n\t\t<meta name=\"twitter:title\" content=\"Xavier Dolan, el cine joven contra la veteran\u00eda por la Palma de Oro de Cannes | El Digital de Asturias\" \/>\n\t\t<meta name=\"twitter:description\" content=\"(EFE).- La Palma de Oro de la 67 edici\u00f3n del Festival de Cannes se entrega ma\u00f1ana con una abierta divisi\u00f3n de opiniones, que oscilan entre la modernidad y juventud de &quot;Mommy&quot;, del canadiense Xavier Dolan, y el cine m\u00e1s consolidado de nombres como Nuri Bilge Ceylan, Naomi Kawase o los hermanos Dardenne. Pero hay m\u00e1s\" \/>\n\t\t<meta name=\"twitter:image\" content=\"https:\/\/eldigitaldeasturias.com\/magazine365\/wp-content\/uploads\/2014\/05\/6294667w.jpg\" \/>\n\t\t<script type=\"application\/ld+json\" class=\"aioseo-schema\">\n\t\t\t{\"@context\":\"https:\\\/\\\/schema.org\",\"@graph\":[{\"@type\":\"Article\",\"@id\":\"https:\\\/\\\/eldigitaldeasturias.com\\\/magazine365\\\/xavier-dolan-el-cine-joven-contra-la-veterania-por-la-palma-de-oro-de-cannes\\\/#article\",\"name\":\"Xavier Dolan, el cine joven contra la veteran\\u00eda por la Palma de Oro de Cannes | El Digital de Asturias\",\"headline\":\"Xavier Dolan, el cine joven contra la veteran\\u00eda por la Palma de Oro de Cannes\",\"author\":{\"@id\":\"https:\\\/\\\/eldigitaldeasturias.com\\\/magazine365\\\/author\\\/admin\\\/#author\"},\"publisher\":{\"@id\":\"https:\\\/\\\/eldigitaldeasturias.com\\\/magazine365\\\/#organization\"},\"image\":{\"@type\":\"ImageObject\",\"url\":\"https:\\\/\\\/eldigitaldeasturias.com\\\/magazine365\\\/wp-content\\\/uploads\\\/2014\\\/05\\\/6294667w.jpg\",\"width\":800,\"height\":564},\"datePublished\":\"2014-05-24T12:45:11+02:00\",\"dateModified\":\"2014-05-24T12:45:11+02:00\",\"inLanguage\":\"es-ES\",\"mainEntityOfPage\":{\"@id\":\"https:\\\/\\\/eldigitaldeasturias.com\\\/magazine365\\\/xavier-dolan-el-cine-joven-contra-la-veterania-por-la-palma-de-oro-de-cannes\\\/#webpage\"},\"isPartOf\":{\"@id\":\"https:\\\/\\\/eldigitaldeasturias.com\\\/magazine365\\\/xavier-dolan-el-cine-joven-contra-la-veterania-por-la-palma-de-oro-de-cannes\\\/#webpage\"},\"articleSection\":\"Noticias y Actualidad\"},{\"@type\":\"BreadcrumbList\",\"@id\":\"https:\\\/\\\/eldigitaldeasturias.com\\\/magazine365\\\/xavier-dolan-el-cine-joven-contra-la-veterania-por-la-palma-de-oro-de-cannes\\\/#breadcrumblist\",\"itemListElement\":[{\"@type\":\"ListItem\",\"@id\":\"https:\\\/\\\/eldigitaldeasturias.com\\\/magazine365#listItem\",\"position\":1,\"name\":\"Home\",\"item\":\"https:\\\/\\\/eldigitaldeasturias.com\\\/magazine365\",\"nextItem\":{\"@type\":\"ListItem\",\"@id\":\"https:\\\/\\\/eldigitaldeasturias.com\\\/magazine365\\\/category\\\/noticias-actualidad\\\/#listItem\",\"name\":\"Noticias y Actualidad\"}},{\"@type\":\"ListItem\",\"@id\":\"https:\\\/\\\/eldigitaldeasturias.com\\\/magazine365\\\/category\\\/noticias-actualidad\\\/#listItem\",\"position\":2,\"name\":\"Noticias y Actualidad\",\"item\":\"https:\\\/\\\/eldigitaldeasturias.com\\\/magazine365\\\/category\\\/noticias-actualidad\\\/\",\"nextItem\":{\"@type\":\"ListItem\",\"@id\":\"https:\\\/\\\/eldigitaldeasturias.com\\\/magazine365\\\/xavier-dolan-el-cine-joven-contra-la-veterania-por-la-palma-de-oro-de-cannes\\\/#listItem\",\"name\":\"Xavier Dolan, el cine joven contra la veteran\\u00eda por la Palma de Oro de Cannes\"},\"previousItem\":{\"@type\":\"ListItem\",\"@id\":\"https:\\\/\\\/eldigitaldeasturias.com\\\/magazine365#listItem\",\"name\":\"Home\"}},{\"@type\":\"ListItem\",\"@id\":\"https:\\\/\\\/eldigitaldeasturias.com\\\/magazine365\\\/xavier-dolan-el-cine-joven-contra-la-veterania-por-la-palma-de-oro-de-cannes\\\/#listItem\",\"position\":3,\"name\":\"Xavier Dolan, el cine joven contra la veteran\\u00eda por la Palma de Oro de Cannes\",\"previousItem\":{\"@type\":\"ListItem\",\"@id\":\"https:\\\/\\\/eldigitaldeasturias.com\\\/magazine365\\\/category\\\/noticias-actualidad\\\/#listItem\",\"name\":\"Noticias y Actualidad\"}}]},{\"@type\":\"Organization\",\"@id\":\"https:\\\/\\\/eldigitaldeasturias.com\\\/magazine365\\\/#organization\",\"name\":\"El digital de Asturias\",\"description\":\"Revista de ocio, turismo y estilo de vida\",\"url\":\"https:\\\/\\\/eldigitaldeasturias.com\\\/magazine365\\\/\",\"logo\":{\"@type\":\"ImageObject\",\"url\":\"https:\\\/\\\/www.eldigitaldeasturias.com\\\/noticias\\\/wp-content\\\/uploads\\\/2020\\\/12\\\/EDA.jpg\",\"@id\":\"https:\\\/\\\/eldigitaldeasturias.com\\\/magazine365\\\/xavier-dolan-el-cine-joven-contra-la-veterania-por-la-palma-de-oro-de-cannes\\\/#organizationLogo\"},\"image\":{\"@id\":\"https:\\\/\\\/eldigitaldeasturias.com\\\/magazine365\\\/xavier-dolan-el-cine-joven-contra-la-veterania-por-la-palma-de-oro-de-cannes\\\/#organizationLogo\"}},{\"@type\":\"Person\",\"@id\":\"https:\\\/\\\/eldigitaldeasturias.com\\\/magazine365\\\/author\\\/admin\\\/#author\",\"url\":\"https:\\\/\\\/eldigitaldeasturias.com\\\/magazine365\\\/author\\\/admin\\\/\",\"name\":\"admin\",\"image\":{\"@type\":\"ImageObject\",\"@id\":\"https:\\\/\\\/eldigitaldeasturias.com\\\/magazine365\\\/xavier-dolan-el-cine-joven-contra-la-veterania-por-la-palma-de-oro-de-cannes\\\/#authorImage\",\"url\":\"https:\\\/\\\/eldigitaldeasturias.com\\\/magazine365\\\/wp-content\\\/litespeed\\\/avatar\\\/e571bcf59a0edd6fa6838245a470f2fe.jpg?ver=1776969259\",\"width\":96,\"height\":96,\"caption\":\"admin\"}},{\"@type\":\"WebPage\",\"@id\":\"https:\\\/\\\/eldigitaldeasturias.com\\\/magazine365\\\/xavier-dolan-el-cine-joven-contra-la-veterania-por-la-palma-de-oro-de-cannes\\\/#webpage\",\"url\":\"https:\\\/\\\/eldigitaldeasturias.com\\\/magazine365\\\/xavier-dolan-el-cine-joven-contra-la-veterania-por-la-palma-de-oro-de-cannes\\\/\",\"name\":\"Xavier Dolan, el cine joven contra la veteran\\u00eda por la Palma de Oro de Cannes | El Digital de Asturias\",\"description\":\"(EFE).- La Palma de Oro de la 67 edici\\u00f3n del Festival de Cannes se entrega ma\\u00f1ana con una abierta divisi\\u00f3n de opiniones, que oscilan entre la modernidad y juventud de \\\"Mommy\\\", del canadiense Xavier Dolan, y el cine m\\u00e1s consolidado de nombres como Nuri Bilge Ceylan, Naomi Kawase o los hermanos Dardenne. Pero hay m\\u00e1s\",\"inLanguage\":\"es-ES\",\"isPartOf\":{\"@id\":\"https:\\\/\\\/eldigitaldeasturias.com\\\/magazine365\\\/#website\"},\"breadcrumb\":{\"@id\":\"https:\\\/\\\/eldigitaldeasturias.com\\\/magazine365\\\/xavier-dolan-el-cine-joven-contra-la-veterania-por-la-palma-de-oro-de-cannes\\\/#breadcrumblist\"},\"author\":{\"@id\":\"https:\\\/\\\/eldigitaldeasturias.com\\\/magazine365\\\/author\\\/admin\\\/#author\"},\"creator\":{\"@id\":\"https:\\\/\\\/eldigitaldeasturias.com\\\/magazine365\\\/author\\\/admin\\\/#author\"},\"image\":{\"@type\":\"ImageObject\",\"url\":\"https:\\\/\\\/eldigitaldeasturias.com\\\/magazine365\\\/wp-content\\\/uploads\\\/2014\\\/05\\\/6294667w.jpg\",\"@id\":\"https:\\\/\\\/eldigitaldeasturias.com\\\/magazine365\\\/xavier-dolan-el-cine-joven-contra-la-veterania-por-la-palma-de-oro-de-cannes\\\/#mainImage\",\"width\":800,\"height\":564},\"primaryImageOfPage\":{\"@id\":\"https:\\\/\\\/eldigitaldeasturias.com\\\/magazine365\\\/xavier-dolan-el-cine-joven-contra-la-veterania-por-la-palma-de-oro-de-cannes\\\/#mainImage\"},\"datePublished\":\"2014-05-24T12:45:11+02:00\",\"dateModified\":\"2014-05-24T12:45:11+02:00\"},{\"@type\":\"WebSite\",\"@id\":\"https:\\\/\\\/eldigitaldeasturias.com\\\/magazine365\\\/#website\",\"url\":\"https:\\\/\\\/eldigitaldeasturias.com\\\/magazine365\\\/\",\"name\":\"El Digital de Asturias\",\"description\":\"Revista de ocio, turismo y estilo de vida\",\"inLanguage\":\"es-ES\",\"publisher\":{\"@id\":\"https:\\\/\\\/eldigitaldeasturias.com\\\/magazine365\\\/#organization\"}}]}\n\t\t<\/script>\n\t\t<!-- All in One SEO Pro -->\r\n\t\t<title>Xavier Dolan, el cine joven contra la veteran\u00eda por la Palma de Oro de Cannes | El Digital de Asturias<\/title>\n\n","aioseo_head_json":{"title":"Xavier Dolan, el cine joven contra la veteran\u00eda por la Palma de Oro de Cannes | El Digital de Asturias","description":"(EFE).- La Palma de Oro de la 67 edici\u00f3n del Festival de Cannes se entrega ma\u00f1ana con una abierta divisi\u00f3n de opiniones, que oscilan entre la modernidad y juventud de \"Mommy\", del canadiense Xavier Dolan, y el cine m\u00e1s consolidado de nombres como Nuri Bilge Ceylan, Naomi Kawase o los hermanos Dardenne. Pero hay m\u00e1s","canonical_url":"https:\/\/eldigitaldeasturias.com\/magazine365\/xavier-dolan-el-cine-joven-contra-la-veterania-por-la-palma-de-oro-de-cannes\/","robots":"max-image-preview:large","keywords":"noticias y actualidad","webmasterTools":{"google-site-verification":"UA-38556648-1","miscellaneous":""},"schema":{"@context":"https:\/\/schema.org","@graph":[{"@type":"Article","@id":"https:\/\/eldigitaldeasturias.com\/magazine365\/xavier-dolan-el-cine-joven-contra-la-veterania-por-la-palma-de-oro-de-cannes\/#article","name":"Xavier Dolan, el cine joven contra la veteran\u00eda por la Palma de Oro de Cannes | El Digital de Asturias","headline":"Xavier Dolan, el cine joven contra la veteran\u00eda por la Palma de Oro de Cannes","author":{"@id":"https:\/\/eldigitaldeasturias.com\/magazine365\/author\/admin\/#author"},"publisher":{"@id":"https:\/\/eldigitaldeasturias.com\/magazine365\/#organization"},"image":{"@type":"ImageObject","url":"https:\/\/eldigitaldeasturias.com\/magazine365\/wp-content\/uploads\/2014\/05\/6294667w.jpg","width":800,"height":564},"datePublished":"2014-05-24T12:45:11+02:00","dateModified":"2014-05-24T12:45:11+02:00","inLanguage":"es-ES","mainEntityOfPage":{"@id":"https:\/\/eldigitaldeasturias.com\/magazine365\/xavier-dolan-el-cine-joven-contra-la-veterania-por-la-palma-de-oro-de-cannes\/#webpage"},"isPartOf":{"@id":"https:\/\/eldigitaldeasturias.com\/magazine365\/xavier-dolan-el-cine-joven-contra-la-veterania-por-la-palma-de-oro-de-cannes\/#webpage"},"articleSection":"Noticias y Actualidad"},{"@type":"BreadcrumbList","@id":"https:\/\/eldigitaldeasturias.com\/magazine365\/xavier-dolan-el-cine-joven-contra-la-veterania-por-la-palma-de-oro-de-cannes\/#breadcrumblist","itemListElement":[{"@type":"ListItem","@id":"https:\/\/eldigitaldeasturias.com\/magazine365#listItem","position":1,"name":"Home","item":"https:\/\/eldigitaldeasturias.com\/magazine365","nextItem":{"@type":"ListItem","@id":"https:\/\/eldigitaldeasturias.com\/magazine365\/category\/noticias-actualidad\/#listItem","name":"Noticias y Actualidad"}},{"@type":"ListItem","@id":"https:\/\/eldigitaldeasturias.com\/magazine365\/category\/noticias-actualidad\/#listItem","position":2,"name":"Noticias y Actualidad","item":"https:\/\/eldigitaldeasturias.com\/magazine365\/category\/noticias-actualidad\/","nextItem":{"@type":"ListItem","@id":"https:\/\/eldigitaldeasturias.com\/magazine365\/xavier-dolan-el-cine-joven-contra-la-veterania-por-la-palma-de-oro-de-cannes\/#listItem","name":"Xavier Dolan, el cine joven contra la veteran\u00eda por la Palma de Oro de Cannes"},"previousItem":{"@type":"ListItem","@id":"https:\/\/eldigitaldeasturias.com\/magazine365#listItem","name":"Home"}},{"@type":"ListItem","@id":"https:\/\/eldigitaldeasturias.com\/magazine365\/xavier-dolan-el-cine-joven-contra-la-veterania-por-la-palma-de-oro-de-cannes\/#listItem","position":3,"name":"Xavier Dolan, el cine joven contra la veteran\u00eda por la Palma de Oro de Cannes","previousItem":{"@type":"ListItem","@id":"https:\/\/eldigitaldeasturias.com\/magazine365\/category\/noticias-actualidad\/#listItem","name":"Noticias y Actualidad"}}]},{"@type":"Organization","@id":"https:\/\/eldigitaldeasturias.com\/magazine365\/#organization","name":"El digital de Asturias","description":"Revista de ocio, turismo y estilo de vida","url":"https:\/\/eldigitaldeasturias.com\/magazine365\/","logo":{"@type":"ImageObject","url":"https:\/\/www.eldigitaldeasturias.com\/noticias\/wp-content\/uploads\/2020\/12\/EDA.jpg","@id":"https:\/\/eldigitaldeasturias.com\/magazine365\/xavier-dolan-el-cine-joven-contra-la-veterania-por-la-palma-de-oro-de-cannes\/#organizationLogo"},"image":{"@id":"https:\/\/eldigitaldeasturias.com\/magazine365\/xavier-dolan-el-cine-joven-contra-la-veterania-por-la-palma-de-oro-de-cannes\/#organizationLogo"}},{"@type":"Person","@id":"https:\/\/eldigitaldeasturias.com\/magazine365\/author\/admin\/#author","url":"https:\/\/eldigitaldeasturias.com\/magazine365\/author\/admin\/","name":"admin","image":{"@type":"ImageObject","@id":"https:\/\/eldigitaldeasturias.com\/magazine365\/xavier-dolan-el-cine-joven-contra-la-veterania-por-la-palma-de-oro-de-cannes\/#authorImage","url":"https:\/\/eldigitaldeasturias.com\/magazine365\/wp-content\/litespeed\/avatar\/e571bcf59a0edd6fa6838245a470f2fe.jpg?ver=1776969259","width":96,"height":96,"caption":"admin"}},{"@type":"WebPage","@id":"https:\/\/eldigitaldeasturias.com\/magazine365\/xavier-dolan-el-cine-joven-contra-la-veterania-por-la-palma-de-oro-de-cannes\/#webpage","url":"https:\/\/eldigitaldeasturias.com\/magazine365\/xavier-dolan-el-cine-joven-contra-la-veterania-por-la-palma-de-oro-de-cannes\/","name":"Xavier Dolan, el cine joven contra la veteran\u00eda por la Palma de Oro de Cannes | El Digital de Asturias","description":"(EFE).- La Palma de Oro de la 67 edici\u00f3n del Festival de Cannes se entrega ma\u00f1ana con una abierta divisi\u00f3n de opiniones, que oscilan entre la modernidad y juventud de \"Mommy\", del canadiense Xavier Dolan, y el cine m\u00e1s consolidado de nombres como Nuri Bilge Ceylan, Naomi Kawase o los hermanos Dardenne. Pero hay m\u00e1s","inLanguage":"es-ES","isPartOf":{"@id":"https:\/\/eldigitaldeasturias.com\/magazine365\/#website"},"breadcrumb":{"@id":"https:\/\/eldigitaldeasturias.com\/magazine365\/xavier-dolan-el-cine-joven-contra-la-veterania-por-la-palma-de-oro-de-cannes\/#breadcrumblist"},"author":{"@id":"https:\/\/eldigitaldeasturias.com\/magazine365\/author\/admin\/#author"},"creator":{"@id":"https:\/\/eldigitaldeasturias.com\/magazine365\/author\/admin\/#author"},"image":{"@type":"ImageObject","url":"https:\/\/eldigitaldeasturias.com\/magazine365\/wp-content\/uploads\/2014\/05\/6294667w.jpg","@id":"https:\/\/eldigitaldeasturias.com\/magazine365\/xavier-dolan-el-cine-joven-contra-la-veterania-por-la-palma-de-oro-de-cannes\/#mainImage","width":800,"height":564},"primaryImageOfPage":{"@id":"https:\/\/eldigitaldeasturias.com\/magazine365\/xavier-dolan-el-cine-joven-contra-la-veterania-por-la-palma-de-oro-de-cannes\/#mainImage"},"datePublished":"2014-05-24T12:45:11+02:00","dateModified":"2014-05-24T12:45:11+02:00"},{"@type":"WebSite","@id":"https:\/\/eldigitaldeasturias.com\/magazine365\/#website","url":"https:\/\/eldigitaldeasturias.com\/magazine365\/","name":"El Digital de Asturias","description":"Revista de ocio, turismo y estilo de vida","inLanguage":"es-ES","publisher":{"@id":"https:\/\/eldigitaldeasturias.com\/magazine365\/#organization"}}]},"og:locale":"es_ES","og:site_name":"El Digital de Asturias \u2013 Revista de ocio, turismo y estilo de vida","og:type":"article","og:title":"Xavier Dolan, el cine joven contra la veteran\u00eda por la Palma de Oro de Cannes | El Digital de Asturias","og:description":"(EFE).- La Palma de Oro de la 67 edici\u00f3n del Festival de Cannes se entrega ma\u00f1ana con una abierta divisi\u00f3n de opiniones, que oscilan entre la modernidad y juventud de &quot;Mommy&quot;, del canadiense Xavier Dolan, y el cine m\u00e1s consolidado de nombres como Nuri Bilge Ceylan, Naomi Kawase o los hermanos Dardenne. Pero hay m\u00e1s","og:url":"https:\/\/eldigitaldeasturias.com\/magazine365\/xavier-dolan-el-cine-joven-contra-la-veterania-por-la-palma-de-oro-de-cannes\/","og:image":"https:\/\/eldigitaldeasturias.com\/magazine365\/wp-content\/uploads\/2014\/05\/6294667w.jpg","og:image:secure_url":"https:\/\/eldigitaldeasturias.com\/magazine365\/wp-content\/uploads\/2014\/05\/6294667w.jpg","og:image:width":800,"og:image:height":564,"article:published_time":"2014-05-24T14:45:11+00:00","article:modified_time":"2014-05-24T14:45:11+00:00","twitter:card":"summary_large_image","twitter:title":"Xavier Dolan, el cine joven contra la veteran\u00eda por la Palma de Oro de Cannes | El Digital de Asturias","twitter:description":"(EFE).- La Palma de Oro de la 67 edici\u00f3n del Festival de Cannes se entrega ma\u00f1ana con una abierta divisi\u00f3n de opiniones, que oscilan entre la modernidad y juventud de &quot;Mommy&quot;, del canadiense Xavier Dolan, y el cine m\u00e1s consolidado de nombres como Nuri Bilge Ceylan, Naomi Kawase o los hermanos Dardenne. Pero hay m\u00e1s","twitter:image":"https:\/\/eldigitaldeasturias.com\/magazine365\/wp-content\/uploads\/2014\/05\/6294667w.jpg"},"aioseo_meta_data":{"post_id":"13789","title":null,"description":null,"keywords":null,"keyphrases":null,"primary_term":null,"canonical_url":null,"og_title":null,"og_description":null,"og_object_type":"default","og_image_type":"default","og_image_url":null,"og_image_width":null,"og_image_height":null,"og_image_custom_url":null,"og_image_custom_fields":null,"og_video":null,"og_custom_url":null,"og_article_section":null,"og_article_tags":null,"twitter_use_og":false,"twitter_card":"default","twitter_image_type":"default","twitter_image_url":null,"twitter_image_custom_url":null,"twitter_image_custom_fields":null,"twitter_title":null,"twitter_description":null,"schema":{"blockGraphs":[],"customGraphs":[],"default":{"data":{"Article":[],"Course":[],"Dataset":[],"FAQPage":[],"Movie":[],"Person":[],"Product":[],"ProductReview":[],"Car":[],"Recipe":[],"Service":[],"SoftwareApplication":[],"WebPage":[]},"graphName":"","isEnabled":true},"graphs":[],"defaultGraph":"","defaultPostTypeGraph":""},"schema_type":null,"schema_type_options":null,"pillar_content":false,"robots_default":true,"robots_noindex":false,"robots_noarchive":false,"robots_nosnippet":false,"robots_nofollow":false,"robots_noimageindex":false,"robots_noodp":false,"robots_notranslate":false,"robots_max_snippet":null,"robots_max_videopreview":null,"robots_max_imagepreview":"large","priority":null,"frequency":null,"location":null,"local_seo":null,"seo_analyzer_scan_date":"2025-09-17 08:57:02","breadcrumb_settings":null,"limit_modified_date":false,"open_ai":null,"ai":null,"created":"2021-03-09 08:23:49","updated":"2025-09-17 08:57:02"},"aioseo_breadcrumb":"<div class=\"aioseo-breadcrumbs\"><span class=\"aioseo-breadcrumb\">\n\t<a href=\"https:\/\/eldigitaldeasturias.com\/magazine365\" title=\"Home\">Home<\/a>\n<\/span><span class=\"aioseo-breadcrumb-separator\">\u2013<\/span><span class=\"aioseo-breadcrumb\">\n\t<a href=\"https:\/\/eldigitaldeasturias.com\/magazine365\/category\/noticias-actualidad\/\" title=\"Noticias y Actualidad\">Noticias y Actualidad<\/a>\n<\/span><span class=\"aioseo-breadcrumb-separator\">\u2013<\/span><span class=\"aioseo-breadcrumb\">\n\t<a href=\"https:\/\/eldigitaldeasturias.com\/magazine365\/xavier-dolan-el-cine-joven-contra-la-veterania-por-la-palma-de-oro-de-cannes\/\" title=\"Xavier Dolan, el cine joven contra la veteran\u00eda por la Palma de Oro de Cannes\">Xavier Dolan, el cine joven contra la veteran\u00eda por la Palma de Oro de Cannes<\/a>\n<\/span><\/div>","aioseo_breadcrumb_json":[{"label":"Home","link":"https:\/\/eldigitaldeasturias.com\/magazine365"},{"label":"Noticias y Actualidad","link":"https:\/\/eldigitaldeasturias.com\/magazine365\/category\/noticias-actualidad\/"},{"label":"Xavier Dolan, el cine joven contra la veteran\u00eda por la Palma de Oro de Cannes","link":"https:\/\/eldigitaldeasturias.com\/magazine365\/xavier-dolan-el-cine-joven-contra-la-veterania-por-la-palma-de-oro-de-cannes\/"}],"_links":{"self":[{"href":"https:\/\/eldigitaldeasturias.com\/magazine365\/wp-json\/wp\/v2\/posts\/13789","targetHints":{"allow":["GET"]}}],"collection":[{"href":"https:\/\/eldigitaldeasturias.com\/magazine365\/wp-json\/wp\/v2\/posts"}],"about":[{"href":"https:\/\/eldigitaldeasturias.com\/magazine365\/wp-json\/wp\/v2\/types\/post"}],"author":[{"embeddable":true,"href":"https:\/\/eldigitaldeasturias.com\/magazine365\/wp-json\/wp\/v2\/users\/1"}],"replies":[{"embeddable":true,"href":"https:\/\/eldigitaldeasturias.com\/magazine365\/wp-json\/wp\/v2\/comments?post=13789"}],"version-history":[{"count":0,"href":"https:\/\/eldigitaldeasturias.com\/magazine365\/wp-json\/wp\/v2\/posts\/13789\/revisions"}],"wp:featuredmedia":[{"embeddable":true,"href":"https:\/\/eldigitaldeasturias.com\/magazine365\/wp-json\/wp\/v2\/media\/13790"}],"wp:attachment":[{"href":"https:\/\/eldigitaldeasturias.com\/magazine365\/wp-json\/wp\/v2\/media?parent=13789"}],"wp:term":[{"taxonomy":"category","embeddable":true,"href":"https:\/\/eldigitaldeasturias.com\/magazine365\/wp-json\/wp\/v2\/categories?post=13789"},{"taxonomy":"post_tag","embeddable":true,"href":"https:\/\/eldigitaldeasturias.com\/magazine365\/wp-json\/wp\/v2\/tags?post=13789"}],"curies":[{"name":"wp","href":"https:\/\/api.w.org\/{rel}","templated":true}]}}