{"id":13786,"date":"2014-05-24T12:43:56","date_gmt":"2014-05-24T14:43:56","guid":{"rendered":"http:\/\/eldigitaldeasturias.com\/magazine365\/?p=13786"},"modified":"2014-05-24T12:43:56","modified_gmt":"2014-05-24T14:43:56","slug":"los-viajeros-alojados-en-galicia-aumentaron-un-236-por-ciento-en-abril","status":"publish","type":"post","link":"https:\/\/eldigitaldeasturias.com\/magazine365\/los-viajeros-alojados-en-galicia-aumentaron-un-236-por-ciento-en-abril\/","title":{"rendered":"Los viajeros alojados en Galicia aumentaron un 23,6 por ciento en abril"},"content":{"rendered":"<p><img fetchpriority=\"high\" decoding=\"async\" class=\"alignleft size-medium wp-image-13787\" alt=\"6291845w\" src=\"https:\/\/eldigitaldeasturias.com\/magazine365\/wp-content\/uploads\/2014\/05\/6291845w-360x243.jpg\" width=\"360\" height=\"243\" srcset=\"https:\/\/eldigitaldeasturias.com\/magazine365\/wp-content\/uploads\/2014\/05\/6291845w-360x243.jpg 360w, https:\/\/eldigitaldeasturias.com\/magazine365\/wp-content\/uploads\/2014\/05\/6291845w-650x439.jpg 650w, https:\/\/eldigitaldeasturias.com\/magazine365\/wp-content\/uploads\/2014\/05\/6291845w-768x518.jpg 768w, https:\/\/eldigitaldeasturias.com\/magazine365\/wp-content\/uploads\/2014\/05\/6291845w-150x101.jpg 150w, https:\/\/eldigitaldeasturias.com\/magazine365\/wp-content\/uploads\/2014\/05\/6291845w-450x304.jpg 450w, https:\/\/eldigitaldeasturias.com\/magazine365\/wp-content\/uploads\/2014\/05\/6291845w-696x470.jpg 696w, https:\/\/eldigitaldeasturias.com\/magazine365\/wp-content\/uploads\/2014\/05\/6291845w-622x420.jpg 622w, https:\/\/eldigitaldeasturias.com\/magazine365\/wp-content\/uploads\/2014\/05\/6291845w.jpg 800w\" sizes=\"(max-width: 360px) 100vw, 360px\" \/>(EFE).- Los viajeros alojados en los establecimientos hoteleros gallegos han experimentado en abril una subida del 23,6 por ciento y del 18,4 por ciento el n\u00famero de pernoctas registradas.<\/p>\n<p>La Xunta resalta en un comunicado que \u00abestos datos positivos\u00bb superan los registrados en el conjunto del Estado, donde fueron del 15,5 por ciento en viajeros y cerca del 16 por ciento en pernoctas.<\/p>\n<p>Adem\u00e1s, Galicia registr\u00f3 este mes su m\u00e1ximo hist\u00f3rico de viajeros internacionales en sus establecimientos hosteleros, un total de 66.582, lo que supone un 5 por ciento m\u00e1s que el mismo mes del a\u00f1o pasado y un 25 por ciento del total de visitantes alojados.<\/p>\n<p>El Ejecutivo subraya tambi\u00e9n los incrementos del 17 por ciento en los turistas gallegos alojados y del 26 por ciento en los procedentes de otras Autonom\u00edas.<\/p>\n<p>Las cuatro provincias han registrado notables aumentos en los niveles de demanda con respecto a abril de 2013, del 46 % en Lugo, del 16 % en A Coru\u00f1a, del 14 % en Pontevedra y del 6,7 % en Ourense.<\/p>\n<p>En el primer cuatrimestre de este a\u00f1o, los establecimientos hoteleros gallegos recibieron un total de 706.259 viajeros, un 1,4 por ciento m\u00e1s que en el mismo per\u00edodo del a\u00f1o anterior.<\/p>\n<p>La Xunta inform\u00f3 tambi\u00e9n del incremento en el n\u00famero de viajeros que recogieron la Peregrina, 22.354 entre el uno de enero y el treinta de abril, un 6,7 por ciento m\u00e1s que en 2013.<\/p>\n","protected":false},"excerpt":{"rendered":"<p>(EFE).- Los viajeros alojados en los establecimientos hoteleros gallegos han experimentado en abril una subida del 23,6 por ciento y del 18,4 por ciento el n\u00famero de pernoctas registradas. La Xunta resalta en un comunicado que \u00abestos datos positivos\u00bb superan los registrados en el conjunto del Estado, donde fueron del 15,5 por ciento en viajeros<\/p>\n","protected":false},"author":1,"featured_media":13787,"comment_status":"open","ping_status":"closed","sticky":false,"template":"","format":"standard","meta":{"footnotes":""},"categories":[222],"tags":[],"class_list":{"0":"post-13786","1":"post","2":"type-post","3":"status-publish","4":"format-standard","5":"has-post-thumbnail","7":"category-actualidad-turismo"},"aioseo_notices":[],"aioseo_head":"\n\t\t<!-- All in One SEO Pro 4.9.6.1 - aioseo.com -->\n\t<meta name=\"description\" content=\"(EFE).- Los viajeros alojados en los establecimientos hoteleros gallegos han experimentado en abril una subida del 23,6 por ciento y del 18,4 por ciento el n\u00famero de pernoctas registradas. La Xunta resalta en un comunicado que &quot;estos datos positivos&quot; superan los registrados en el conjunto del Estado, donde fueron del 15,5 por ciento en viajeros\" \/>\n\t<meta name=\"robots\" content=\"max-image-preview:large\" \/>\n\t<meta name=\"author\" content=\"admin\"\/>\n\t<meta name=\"google-site-verification\" content=\"UA-38556648-1\" \/>\n\t<meta name=\"keywords\" content=\"actualidad turismo\" \/>\n\t<link rel=\"canonical\" href=\"https:\/\/eldigitaldeasturias.com\/magazine365\/los-viajeros-alojados-en-galicia-aumentaron-un-236-por-ciento-en-abril\/\" \/>\n\t<meta name=\"generator\" content=\"All in One SEO Pro (AIOSEO) 4.9.6.1\" \/>\n\t\t<meta property=\"og:locale\" content=\"es_ES\" \/>\n\t\t<meta property=\"og:site_name\" content=\"El Digital de Asturias \u2013 Revista de ocio, turismo y estilo de vida\" \/>\n\t\t<meta property=\"og:type\" content=\"article\" \/>\n\t\t<meta property=\"og:title\" content=\"Los viajeros alojados en Galicia aumentaron un 23,6 por ciento en abril | El Digital de Asturias\" \/>\n\t\t<meta property=\"og:description\" content=\"(EFE).- Los viajeros alojados en los establecimientos hoteleros gallegos han experimentado en abril una subida del 23,6 por ciento y del 18,4 por ciento el n\u00famero de pernoctas registradas. La Xunta resalta en un comunicado que &quot;estos datos positivos&quot; superan los registrados en el conjunto del Estado, donde fueron del 15,5 por ciento en viajeros\" \/>\n\t\t<meta property=\"og:url\" content=\"https:\/\/eldigitaldeasturias.com\/magazine365\/los-viajeros-alojados-en-galicia-aumentaron-un-236-por-ciento-en-abril\/\" \/>\n\t\t<meta property=\"og:image\" content=\"https:\/\/eldigitaldeasturias.com\/magazine365\/wp-content\/uploads\/2014\/05\/6291845w.jpg\" \/>\n\t\t<meta property=\"og:image:secure_url\" content=\"https:\/\/eldigitaldeasturias.com\/magazine365\/wp-content\/uploads\/2014\/05\/6291845w.jpg\" \/>\n\t\t<meta property=\"og:image:width\" content=\"800\" \/>\n\t\t<meta property=\"og:image:height\" content=\"540\" \/>\n\t\t<meta property=\"article:published_time\" content=\"2014-05-24T14:43:56+00:00\" \/>\n\t\t<meta property=\"article:modified_time\" content=\"2014-05-24T14:43:56+00:00\" \/>\n\t\t<meta name=\"twitter:card\" content=\"summary_large_image\" \/>\n\t\t<meta name=\"twitter:title\" content=\"Los viajeros alojados en Galicia aumentaron un 23,6 por ciento en abril | El Digital de Asturias\" \/>\n\t\t<meta name=\"twitter:description\" content=\"(EFE).- Los viajeros alojados en los establecimientos hoteleros gallegos han experimentado en abril una subida del 23,6 por ciento y del 18,4 por ciento el n\u00famero de pernoctas registradas. La Xunta resalta en un comunicado que &quot;estos datos positivos&quot; superan los registrados en el conjunto del Estado, donde fueron del 15,5 por ciento en viajeros\" \/>\n\t\t<meta name=\"twitter:image\" content=\"https:\/\/eldigitaldeasturias.com\/magazine365\/wp-content\/uploads\/2014\/05\/6291845w.jpg\" \/>\n\t\t<script type=\"application\/ld+json\" class=\"aioseo-schema\">\n\t\t\t{\"@context\":\"https:\\\/\\\/schema.org\",\"@graph\":[{\"@type\":\"Article\",\"@id\":\"https:\\\/\\\/eldigitaldeasturias.com\\\/magazine365\\\/los-viajeros-alojados-en-galicia-aumentaron-un-236-por-ciento-en-abril\\\/#article\",\"name\":\"Los viajeros alojados en Galicia aumentaron un 23,6 por ciento en abril | El Digital de Asturias\",\"headline\":\"Los viajeros alojados en Galicia aumentaron un 23,6 por ciento en abril\",\"author\":{\"@id\":\"https:\\\/\\\/eldigitaldeasturias.com\\\/magazine365\\\/author\\\/admin\\\/#author\"},\"publisher\":{\"@id\":\"https:\\\/\\\/eldigitaldeasturias.com\\\/magazine365\\\/#organization\"},\"image\":{\"@type\":\"ImageObject\",\"url\":\"https:\\\/\\\/eldigitaldeasturias.com\\\/magazine365\\\/wp-content\\\/uploads\\\/2014\\\/05\\\/6291845w.jpg\",\"width\":800,\"height\":540},\"datePublished\":\"2014-05-24T12:43:56+02:00\",\"dateModified\":\"2014-05-24T12:43:56+02:00\",\"inLanguage\":\"es-ES\",\"mainEntityOfPage\":{\"@id\":\"https:\\\/\\\/eldigitaldeasturias.com\\\/magazine365\\\/los-viajeros-alojados-en-galicia-aumentaron-un-236-por-ciento-en-abril\\\/#webpage\"},\"isPartOf\":{\"@id\":\"https:\\\/\\\/eldigitaldeasturias.com\\\/magazine365\\\/los-viajeros-alojados-en-galicia-aumentaron-un-236-por-ciento-en-abril\\\/#webpage\"},\"articleSection\":\"Actualidad Turismo\"},{\"@type\":\"BreadcrumbList\",\"@id\":\"https:\\\/\\\/eldigitaldeasturias.com\\\/magazine365\\\/los-viajeros-alojados-en-galicia-aumentaron-un-236-por-ciento-en-abril\\\/#breadcrumblist\",\"itemListElement\":[{\"@type\":\"ListItem\",\"@id\":\"https:\\\/\\\/eldigitaldeasturias.com\\\/magazine365#listItem\",\"position\":1,\"name\":\"Home\",\"item\":\"https:\\\/\\\/eldigitaldeasturias.com\\\/magazine365\",\"nextItem\":{\"@type\":\"ListItem\",\"@id\":\"https:\\\/\\\/eldigitaldeasturias.com\\\/magazine365\\\/category\\\/actualidad-turismo\\\/#listItem\",\"name\":\"Actualidad Turismo\"}},{\"@type\":\"ListItem\",\"@id\":\"https:\\\/\\\/eldigitaldeasturias.com\\\/magazine365\\\/category\\\/actualidad-turismo\\\/#listItem\",\"position\":2,\"name\":\"Actualidad Turismo\",\"item\":\"https:\\\/\\\/eldigitaldeasturias.com\\\/magazine365\\\/category\\\/actualidad-turismo\\\/\",\"nextItem\":{\"@type\":\"ListItem\",\"@id\":\"https:\\\/\\\/eldigitaldeasturias.com\\\/magazine365\\\/los-viajeros-alojados-en-galicia-aumentaron-un-236-por-ciento-en-abril\\\/#listItem\",\"name\":\"Los viajeros alojados en Galicia aumentaron un 23,6 por ciento en abril\"},\"previousItem\":{\"@type\":\"ListItem\",\"@id\":\"https:\\\/\\\/eldigitaldeasturias.com\\\/magazine365#listItem\",\"name\":\"Home\"}},{\"@type\":\"ListItem\",\"@id\":\"https:\\\/\\\/eldigitaldeasturias.com\\\/magazine365\\\/los-viajeros-alojados-en-galicia-aumentaron-un-236-por-ciento-en-abril\\\/#listItem\",\"position\":3,\"name\":\"Los viajeros alojados en Galicia aumentaron un 23,6 por ciento en abril\",\"previousItem\":{\"@type\":\"ListItem\",\"@id\":\"https:\\\/\\\/eldigitaldeasturias.com\\\/magazine365\\\/category\\\/actualidad-turismo\\\/#listItem\",\"name\":\"Actualidad Turismo\"}}]},{\"@type\":\"Organization\",\"@id\":\"https:\\\/\\\/eldigitaldeasturias.com\\\/magazine365\\\/#organization\",\"name\":\"El digital de Asturias\",\"description\":\"Revista de ocio, turismo y estilo de vida\",\"url\":\"https:\\\/\\\/eldigitaldeasturias.com\\\/magazine365\\\/\",\"logo\":{\"@type\":\"ImageObject\",\"url\":\"https:\\\/\\\/www.eldigitaldeasturias.com\\\/noticias\\\/wp-content\\\/uploads\\\/2020\\\/12\\\/EDA.jpg\",\"@id\":\"https:\\\/\\\/eldigitaldeasturias.com\\\/magazine365\\\/los-viajeros-alojados-en-galicia-aumentaron-un-236-por-ciento-en-abril\\\/#organizationLogo\"},\"image\":{\"@id\":\"https:\\\/\\\/eldigitaldeasturias.com\\\/magazine365\\\/los-viajeros-alojados-en-galicia-aumentaron-un-236-por-ciento-en-abril\\\/#organizationLogo\"}},{\"@type\":\"Person\",\"@id\":\"https:\\\/\\\/eldigitaldeasturias.com\\\/magazine365\\\/author\\\/admin\\\/#author\",\"url\":\"https:\\\/\\\/eldigitaldeasturias.com\\\/magazine365\\\/author\\\/admin\\\/\",\"name\":\"admin\",\"image\":{\"@type\":\"ImageObject\",\"@id\":\"https:\\\/\\\/eldigitaldeasturias.com\\\/magazine365\\\/los-viajeros-alojados-en-galicia-aumentaron-un-236-por-ciento-en-abril\\\/#authorImage\",\"url\":\"https:\\\/\\\/eldigitaldeasturias.com\\\/magazine365\\\/wp-content\\\/litespeed\\\/avatar\\\/e571bcf59a0edd6fa6838245a470f2fe.jpg?ver=1776969259\",\"width\":96,\"height\":96,\"caption\":\"admin\"}},{\"@type\":\"WebPage\",\"@id\":\"https:\\\/\\\/eldigitaldeasturias.com\\\/magazine365\\\/los-viajeros-alojados-en-galicia-aumentaron-un-236-por-ciento-en-abril\\\/#webpage\",\"url\":\"https:\\\/\\\/eldigitaldeasturias.com\\\/magazine365\\\/los-viajeros-alojados-en-galicia-aumentaron-un-236-por-ciento-en-abril\\\/\",\"name\":\"Los viajeros alojados en Galicia aumentaron un 23,6 por ciento en abril | El Digital de Asturias\",\"description\":\"(EFE).- Los viajeros alojados en los establecimientos hoteleros gallegos han experimentado en abril una subida del 23,6 por ciento y del 18,4 por ciento el n\\u00famero de pernoctas registradas. La Xunta resalta en un comunicado que \\\"estos datos positivos\\\" superan los registrados en el conjunto del Estado, donde fueron del 15,5 por ciento en viajeros\",\"inLanguage\":\"es-ES\",\"isPartOf\":{\"@id\":\"https:\\\/\\\/eldigitaldeasturias.com\\\/magazine365\\\/#website\"},\"breadcrumb\":{\"@id\":\"https:\\\/\\\/eldigitaldeasturias.com\\\/magazine365\\\/los-viajeros-alojados-en-galicia-aumentaron-un-236-por-ciento-en-abril\\\/#breadcrumblist\"},\"author\":{\"@id\":\"https:\\\/\\\/eldigitaldeasturias.com\\\/magazine365\\\/author\\\/admin\\\/#author\"},\"creator\":{\"@id\":\"https:\\\/\\\/eldigitaldeasturias.com\\\/magazine365\\\/author\\\/admin\\\/#author\"},\"image\":{\"@type\":\"ImageObject\",\"url\":\"https:\\\/\\\/eldigitaldeasturias.com\\\/magazine365\\\/wp-content\\\/uploads\\\/2014\\\/05\\\/6291845w.jpg\",\"@id\":\"https:\\\/\\\/eldigitaldeasturias.com\\\/magazine365\\\/los-viajeros-alojados-en-galicia-aumentaron-un-236-por-ciento-en-abril\\\/#mainImage\",\"width\":800,\"height\":540},\"primaryImageOfPage\":{\"@id\":\"https:\\\/\\\/eldigitaldeasturias.com\\\/magazine365\\\/los-viajeros-alojados-en-galicia-aumentaron-un-236-por-ciento-en-abril\\\/#mainImage\"},\"datePublished\":\"2014-05-24T12:43:56+02:00\",\"dateModified\":\"2014-05-24T12:43:56+02:00\"},{\"@type\":\"WebSite\",\"@id\":\"https:\\\/\\\/eldigitaldeasturias.com\\\/magazine365\\\/#website\",\"url\":\"https:\\\/\\\/eldigitaldeasturias.com\\\/magazine365\\\/\",\"name\":\"El Digital de Asturias\",\"description\":\"Revista de ocio, turismo y estilo de vida\",\"inLanguage\":\"es-ES\",\"publisher\":{\"@id\":\"https:\\\/\\\/eldigitaldeasturias.com\\\/magazine365\\\/#organization\"}}]}\n\t\t<\/script>\n\t\t<!-- All in One SEO Pro -->\r\n\t\t<title>Los viajeros alojados en Galicia aumentaron un 23,6 por ciento en abril | El Digital de Asturias<\/title>\n\n","aioseo_head_json":{"title":"Los viajeros alojados en Galicia aumentaron un 23,6 por ciento en abril | El Digital de Asturias","description":"(EFE).- Los viajeros alojados en los establecimientos hoteleros gallegos han experimentado en abril una subida del 23,6 por ciento y del 18,4 por ciento el n\u00famero de pernoctas registradas. La Xunta resalta en un comunicado que \"estos datos positivos\" superan los registrados en el conjunto del Estado, donde fueron del 15,5 por ciento en viajeros","canonical_url":"https:\/\/eldigitaldeasturias.com\/magazine365\/los-viajeros-alojados-en-galicia-aumentaron-un-236-por-ciento-en-abril\/","robots":"max-image-preview:large","keywords":"actualidad turismo","webmasterTools":{"google-site-verification":"UA-38556648-1","miscellaneous":""},"schema":{"@context":"https:\/\/schema.org","@graph":[{"@type":"Article","@id":"https:\/\/eldigitaldeasturias.com\/magazine365\/los-viajeros-alojados-en-galicia-aumentaron-un-236-por-ciento-en-abril\/#article","name":"Los viajeros alojados en Galicia aumentaron un 23,6 por ciento en abril | El Digital de Asturias","headline":"Los viajeros alojados en Galicia aumentaron un 23,6 por ciento en abril","author":{"@id":"https:\/\/eldigitaldeasturias.com\/magazine365\/author\/admin\/#author"},"publisher":{"@id":"https:\/\/eldigitaldeasturias.com\/magazine365\/#organization"},"image":{"@type":"ImageObject","url":"https:\/\/eldigitaldeasturias.com\/magazine365\/wp-content\/uploads\/2014\/05\/6291845w.jpg","width":800,"height":540},"datePublished":"2014-05-24T12:43:56+02:00","dateModified":"2014-05-24T12:43:56+02:00","inLanguage":"es-ES","mainEntityOfPage":{"@id":"https:\/\/eldigitaldeasturias.com\/magazine365\/los-viajeros-alojados-en-galicia-aumentaron-un-236-por-ciento-en-abril\/#webpage"},"isPartOf":{"@id":"https:\/\/eldigitaldeasturias.com\/magazine365\/los-viajeros-alojados-en-galicia-aumentaron-un-236-por-ciento-en-abril\/#webpage"},"articleSection":"Actualidad Turismo"},{"@type":"BreadcrumbList","@id":"https:\/\/eldigitaldeasturias.com\/magazine365\/los-viajeros-alojados-en-galicia-aumentaron-un-236-por-ciento-en-abril\/#breadcrumblist","itemListElement":[{"@type":"ListItem","@id":"https:\/\/eldigitaldeasturias.com\/magazine365#listItem","position":1,"name":"Home","item":"https:\/\/eldigitaldeasturias.com\/magazine365","nextItem":{"@type":"ListItem","@id":"https:\/\/eldigitaldeasturias.com\/magazine365\/category\/actualidad-turismo\/#listItem","name":"Actualidad Turismo"}},{"@type":"ListItem","@id":"https:\/\/eldigitaldeasturias.com\/magazine365\/category\/actualidad-turismo\/#listItem","position":2,"name":"Actualidad Turismo","item":"https:\/\/eldigitaldeasturias.com\/magazine365\/category\/actualidad-turismo\/","nextItem":{"@type":"ListItem","@id":"https:\/\/eldigitaldeasturias.com\/magazine365\/los-viajeros-alojados-en-galicia-aumentaron-un-236-por-ciento-en-abril\/#listItem","name":"Los viajeros alojados en Galicia aumentaron un 23,6 por ciento en abril"},"previousItem":{"@type":"ListItem","@id":"https:\/\/eldigitaldeasturias.com\/magazine365#listItem","name":"Home"}},{"@type":"ListItem","@id":"https:\/\/eldigitaldeasturias.com\/magazine365\/los-viajeros-alojados-en-galicia-aumentaron-un-236-por-ciento-en-abril\/#listItem","position":3,"name":"Los viajeros alojados en Galicia aumentaron un 23,6 por ciento en abril","previousItem":{"@type":"ListItem","@id":"https:\/\/eldigitaldeasturias.com\/magazine365\/category\/actualidad-turismo\/#listItem","name":"Actualidad Turismo"}}]},{"@type":"Organization","@id":"https:\/\/eldigitaldeasturias.com\/magazine365\/#organization","name":"El digital de Asturias","description":"Revista de ocio, turismo y estilo de vida","url":"https:\/\/eldigitaldeasturias.com\/magazine365\/","logo":{"@type":"ImageObject","url":"https:\/\/www.eldigitaldeasturias.com\/noticias\/wp-content\/uploads\/2020\/12\/EDA.jpg","@id":"https:\/\/eldigitaldeasturias.com\/magazine365\/los-viajeros-alojados-en-galicia-aumentaron-un-236-por-ciento-en-abril\/#organizationLogo"},"image":{"@id":"https:\/\/eldigitaldeasturias.com\/magazine365\/los-viajeros-alojados-en-galicia-aumentaron-un-236-por-ciento-en-abril\/#organizationLogo"}},{"@type":"Person","@id":"https:\/\/eldigitaldeasturias.com\/magazine365\/author\/admin\/#author","url":"https:\/\/eldigitaldeasturias.com\/magazine365\/author\/admin\/","name":"admin","image":{"@type":"ImageObject","@id":"https:\/\/eldigitaldeasturias.com\/magazine365\/los-viajeros-alojados-en-galicia-aumentaron-un-236-por-ciento-en-abril\/#authorImage","url":"https:\/\/eldigitaldeasturias.com\/magazine365\/wp-content\/litespeed\/avatar\/e571bcf59a0edd6fa6838245a470f2fe.jpg?ver=1776969259","width":96,"height":96,"caption":"admin"}},{"@type":"WebPage","@id":"https:\/\/eldigitaldeasturias.com\/magazine365\/los-viajeros-alojados-en-galicia-aumentaron-un-236-por-ciento-en-abril\/#webpage","url":"https:\/\/eldigitaldeasturias.com\/magazine365\/los-viajeros-alojados-en-galicia-aumentaron-un-236-por-ciento-en-abril\/","name":"Los viajeros alojados en Galicia aumentaron un 23,6 por ciento en abril | El Digital de Asturias","description":"(EFE).- Los viajeros alojados en los establecimientos hoteleros gallegos han experimentado en abril una subida del 23,6 por ciento y del 18,4 por ciento el n\u00famero de pernoctas registradas. La Xunta resalta en un comunicado que \"estos datos positivos\" superan los registrados en el conjunto del Estado, donde fueron del 15,5 por ciento en viajeros","inLanguage":"es-ES","isPartOf":{"@id":"https:\/\/eldigitaldeasturias.com\/magazine365\/#website"},"breadcrumb":{"@id":"https:\/\/eldigitaldeasturias.com\/magazine365\/los-viajeros-alojados-en-galicia-aumentaron-un-236-por-ciento-en-abril\/#breadcrumblist"},"author":{"@id":"https:\/\/eldigitaldeasturias.com\/magazine365\/author\/admin\/#author"},"creator":{"@id":"https:\/\/eldigitaldeasturias.com\/magazine365\/author\/admin\/#author"},"image":{"@type":"ImageObject","url":"https:\/\/eldigitaldeasturias.com\/magazine365\/wp-content\/uploads\/2014\/05\/6291845w.jpg","@id":"https:\/\/eldigitaldeasturias.com\/magazine365\/los-viajeros-alojados-en-galicia-aumentaron-un-236-por-ciento-en-abril\/#mainImage","width":800,"height":540},"primaryImageOfPage":{"@id":"https:\/\/eldigitaldeasturias.com\/magazine365\/los-viajeros-alojados-en-galicia-aumentaron-un-236-por-ciento-en-abril\/#mainImage"},"datePublished":"2014-05-24T12:43:56+02:00","dateModified":"2014-05-24T12:43:56+02:00"},{"@type":"WebSite","@id":"https:\/\/eldigitaldeasturias.com\/magazine365\/#website","url":"https:\/\/eldigitaldeasturias.com\/magazine365\/","name":"El Digital de Asturias","description":"Revista de ocio, turismo y estilo de vida","inLanguage":"es-ES","publisher":{"@id":"https:\/\/eldigitaldeasturias.com\/magazine365\/#organization"}}]},"og:locale":"es_ES","og:site_name":"El Digital de Asturias \u2013 Revista de ocio, turismo y estilo de vida","og:type":"article","og:title":"Los viajeros alojados en Galicia aumentaron un 23,6 por ciento en abril | El Digital de Asturias","og:description":"(EFE).- Los viajeros alojados en los establecimientos hoteleros gallegos han experimentado en abril una subida del 23,6 por ciento y del 18,4 por ciento el n\u00famero de pernoctas registradas. La Xunta resalta en un comunicado que &quot;estos datos positivos&quot; superan los registrados en el conjunto del Estado, donde fueron del 15,5 por ciento en viajeros","og:url":"https:\/\/eldigitaldeasturias.com\/magazine365\/los-viajeros-alojados-en-galicia-aumentaron-un-236-por-ciento-en-abril\/","og:image":"https:\/\/eldigitaldeasturias.com\/magazine365\/wp-content\/uploads\/2014\/05\/6291845w.jpg","og:image:secure_url":"https:\/\/eldigitaldeasturias.com\/magazine365\/wp-content\/uploads\/2014\/05\/6291845w.jpg","og:image:width":800,"og:image:height":540,"article:published_time":"2014-05-24T14:43:56+00:00","article:modified_time":"2014-05-24T14:43:56+00:00","twitter:card":"summary_large_image","twitter:title":"Los viajeros alojados en Galicia aumentaron un 23,6 por ciento en abril | El Digital de Asturias","twitter:description":"(EFE).- Los viajeros alojados en los establecimientos hoteleros gallegos han experimentado en abril una subida del 23,6 por ciento y del 18,4 por ciento el n\u00famero de pernoctas registradas. La Xunta resalta en un comunicado que &quot;estos datos positivos&quot; superan los registrados en el conjunto del Estado, donde fueron del 15,5 por ciento en viajeros","twitter:image":"https:\/\/eldigitaldeasturias.com\/magazine365\/wp-content\/uploads\/2014\/05\/6291845w.jpg"},"aioseo_meta_data":{"post_id":"13786","title":null,"description":null,"keywords":null,"keyphrases":null,"primary_term":null,"canonical_url":null,"og_title":null,"og_description":null,"og_object_type":"default","og_image_type":"default","og_image_url":null,"og_image_width":null,"og_image_height":null,"og_image_custom_url":null,"og_image_custom_fields":null,"og_video":null,"og_custom_url":null,"og_article_section":null,"og_article_tags":null,"twitter_use_og":false,"twitter_card":"default","twitter_image_type":"default","twitter_image_url":null,"twitter_image_custom_url":null,"twitter_image_custom_fields":null,"twitter_title":null,"twitter_description":null,"schema":{"blockGraphs":[],"customGraphs":[],"default":{"data":{"Article":[],"Course":[],"Dataset":[],"FAQPage":[],"Movie":[],"Person":[],"Product":[],"ProductReview":[],"Car":[],"Recipe":[],"Service":[],"SoftwareApplication":[],"WebPage":[]},"graphName":"","isEnabled":true},"graphs":[],"defaultGraph":"","defaultPostTypeGraph":""},"schema_type":null,"schema_type_options":null,"pillar_content":false,"robots_default":true,"robots_noindex":false,"robots_noarchive":false,"robots_nosnippet":false,"robots_nofollow":false,"robots_noimageindex":false,"robots_noodp":false,"robots_notranslate":false,"robots_max_snippet":null,"robots_max_videopreview":null,"robots_max_imagepreview":"large","priority":null,"frequency":null,"location":null,"local_seo":null,"seo_analyzer_scan_date":"2025-09-17 08:57:00","breadcrumb_settings":null,"limit_modified_date":false,"open_ai":null,"ai":null,"created":"2021-03-09 08:23:49","updated":"2025-09-17 08:57:00"},"aioseo_breadcrumb":"<div class=\"aioseo-breadcrumbs\"><span class=\"aioseo-breadcrumb\">\n\t<a href=\"https:\/\/eldigitaldeasturias.com\/magazine365\" title=\"Home\">Home<\/a>\n<\/span><span class=\"aioseo-breadcrumb-separator\">\u2013<\/span><span class=\"aioseo-breadcrumb\">\n\t<a href=\"https:\/\/eldigitaldeasturias.com\/magazine365\/category\/actualidad-turismo\/\" title=\"Actualidad Turismo\">Actualidad Turismo<\/a>\n<\/span><span class=\"aioseo-breadcrumb-separator\">\u2013<\/span><span class=\"aioseo-breadcrumb\">\n\t<a href=\"https:\/\/eldigitaldeasturias.com\/magazine365\/los-viajeros-alojados-en-galicia-aumentaron-un-236-por-ciento-en-abril\/\" title=\"Los viajeros alojados en Galicia aumentaron un 23,6 por ciento en abril\">Los viajeros alojados en Galicia aumentaron un 23,6 por ciento en abril<\/a>\n<\/span><\/div>","aioseo_breadcrumb_json":[{"label":"Home","link":"https:\/\/eldigitaldeasturias.com\/magazine365"},{"label":"Actualidad Turismo","link":"https:\/\/eldigitaldeasturias.com\/magazine365\/category\/actualidad-turismo\/"},{"label":"Los viajeros alojados en Galicia aumentaron un 23,6 por ciento en abril","link":"https:\/\/eldigitaldeasturias.com\/magazine365\/los-viajeros-alojados-en-galicia-aumentaron-un-236-por-ciento-en-abril\/"}],"_links":{"self":[{"href":"https:\/\/eldigitaldeasturias.com\/magazine365\/wp-json\/wp\/v2\/posts\/13786","targetHints":{"allow":["GET"]}}],"collection":[{"href":"https:\/\/eldigitaldeasturias.com\/magazine365\/wp-json\/wp\/v2\/posts"}],"about":[{"href":"https:\/\/eldigitaldeasturias.com\/magazine365\/wp-json\/wp\/v2\/types\/post"}],"author":[{"embeddable":true,"href":"https:\/\/eldigitaldeasturias.com\/magazine365\/wp-json\/wp\/v2\/users\/1"}],"replies":[{"embeddable":true,"href":"https:\/\/eldigitaldeasturias.com\/magazine365\/wp-json\/wp\/v2\/comments?post=13786"}],"version-history":[{"count":0,"href":"https:\/\/eldigitaldeasturias.com\/magazine365\/wp-json\/wp\/v2\/posts\/13786\/revisions"}],"wp:featuredmedia":[{"embeddable":true,"href":"https:\/\/eldigitaldeasturias.com\/magazine365\/wp-json\/wp\/v2\/media\/13787"}],"wp:attachment":[{"href":"https:\/\/eldigitaldeasturias.com\/magazine365\/wp-json\/wp\/v2\/media?parent=13786"}],"wp:term":[{"taxonomy":"category","embeddable":true,"href":"https:\/\/eldigitaldeasturias.com\/magazine365\/wp-json\/wp\/v2\/categories?post=13786"},{"taxonomy":"post_tag","embeddable":true,"href":"https:\/\/eldigitaldeasturias.com\/magazine365\/wp-json\/wp\/v2\/tags?post=13786"}],"curies":[{"name":"wp","href":"https:\/\/api.w.org\/{rel}","templated":true}]}}