{"id":13783,"date":"2014-05-24T12:42:44","date_gmt":"2014-05-24T14:42:44","guid":{"rendered":"http:\/\/eldigitaldeasturias.com\/magazine365\/?p=13783"},"modified":"2014-05-24T12:42:44","modified_gmt":"2014-05-24T14:42:44","slug":"el-festival-territorios-homenajea-al-grupo-triana","status":"publish","type":"post","link":"https:\/\/eldigitaldeasturias.com\/magazine365\/el-festival-territorios-homenajea-al-grupo-triana\/","title":{"rendered":"El festival Territorios homenajea al grupo Triana"},"content":{"rendered":"<p><img fetchpriority=\"high\" decoding=\"async\" class=\"alignleft size-medium wp-image-13784\" alt=\"6294430w\" src=\"https:\/\/eldigitaldeasturias.com\/magazine365\/wp-content\/uploads\/2014\/05\/6294430w-360x249.jpg\" width=\"360\" height=\"249\" srcset=\"https:\/\/eldigitaldeasturias.com\/magazine365\/wp-content\/uploads\/2014\/05\/6294430w-360x249.jpg 360w, https:\/\/eldigitaldeasturias.com\/magazine365\/wp-content\/uploads\/2014\/05\/6294430w-650x450.jpg 650w, https:\/\/eldigitaldeasturias.com\/magazine365\/wp-content\/uploads\/2014\/05\/6294430w-768x532.jpg 768w, https:\/\/eldigitaldeasturias.com\/magazine365\/wp-content\/uploads\/2014\/05\/6294430w-150x104.jpg 150w, https:\/\/eldigitaldeasturias.com\/magazine365\/wp-content\/uploads\/2014\/05\/6294430w-450x312.jpg 450w, https:\/\/eldigitaldeasturias.com\/magazine365\/wp-content\/uploads\/2014\/05\/6294430w-100x70.jpg 100w, https:\/\/eldigitaldeasturias.com\/magazine365\/wp-content\/uploads\/2014\/05\/6294430w-218x150.jpg 218w, https:\/\/eldigitaldeasturias.com\/magazine365\/wp-content\/uploads\/2014\/05\/6294430w-696x482.jpg 696w, https:\/\/eldigitaldeasturias.com\/magazine365\/wp-content\/uploads\/2014\/05\/6294430w-606x420.jpg 606w, https:\/\/eldigitaldeasturias.com\/magazine365\/wp-content\/uploads\/2014\/05\/6294430w.jpg 800w\" sizes=\"(max-width: 360px) 100vw, 360px\" \/>(EFE).- El festival Territorios, que se celebra durante el fin de semana en Sevilla, incluye en su programa del s\u00e1bado un homenaje al grupo Triana, seg\u00fan ha informado la organizaci\u00f3n del festival.<\/p>\n<p>M\u00fasicos como Jota (Los Planetas), Noni y \u00c1lex (Lori Meyers), Kiko Veneno, Sr. Chinarro, Argentina, Antonio Arias (Lagartija Nick), Juan Alberto (Ni\u00f1os Mutantes), Miguel Rivera (Maga), Sole\u00e1 y Estrella Morente, Ni\u00f1o de Elche, P\u00e1jaro, Juan Habichuela Nieto y Chencho Fern\u00e1ndez se unen en \u00abRecordando a Triana\u00bb para rendir tributo a una de las bandas m\u00e1s influyentes del rock.<\/p>\n<p>Las 16 canciones que integran el homenaje, que se editar\u00e1 en CD y doble vinilo el 24 de junio, ser\u00e1n estrenadas en directo en los escenarios de Territorios.<\/p>\n<p>Ha habido muchos homenajes a Triana, \u00abpero este es muy especial\u00bb, seg\u00fan sus promotores, ya que \u00abRecordando a Triana\u00bb es un proyecto discogr\u00e1fico cuya iniciativa tuvo origen en Granada.<\/p>\n<p>El detonante fue Antonio Lomas -\u00abten\u00eda la idea desde hac\u00eda tiempo y un d\u00eda se lo coment\u00e9 a David Pareja\u00bb, ha asegurado- y de hecho fue \u00e9ste quien sirvi\u00f3 de puente entre Lomas y varios de los componentes de Maga para configurar la banda que pone en pie el armaz\u00f3n del homenaje.<\/p>\n<p>El grueso del proyecto recae sobre una banda base, que tambi\u00e9n son los art\u00edfices musicales del homenaje, conformada por Antonio Lomas, Javi Vega, Miguel Rivera y C\u00e9sar D\u00edaz, quienes contar\u00e1n con las colaboraciones especiales de los m\u00fasicos antes mencionados.<\/p>\n","protected":false},"excerpt":{"rendered":"<p>(EFE).- El festival Territorios, que se celebra durante el fin de semana en Sevilla, incluye en su programa del s\u00e1bado un homenaje al grupo Triana, seg\u00fan ha informado la organizaci\u00f3n del festival. M\u00fasicos como Jota (Los Planetas), Noni y \u00c1lex (Lori Meyers), Kiko Veneno, Sr. Chinarro, Argentina, Antonio Arias (Lagartija Nick), Juan Alberto (Ni\u00f1os Mutantes),<\/p>\n","protected":false},"author":1,"featured_media":13784,"comment_status":"open","ping_status":"closed","sticky":false,"template":"","format":"standard","meta":{"footnotes":""},"categories":[224],"tags":[],"class_list":{"0":"post-13783","1":"post","2":"type-post","3":"status-publish","4":"format-standard","5":"has-post-thumbnail","7":"category-noticias-actualidad"},"aioseo_notices":[],"aioseo_head":"\n\t\t<!-- All in One SEO Pro 4.9.6.1 - aioseo.com -->\n\t<meta name=\"description\" content=\"(EFE).- El festival Territorios, que se celebra durante el fin de semana en Sevilla, incluye en su programa del s\u00e1bado un homenaje al grupo Triana, seg\u00fan ha informado la organizaci\u00f3n del festival. M\u00fasicos como Jota (Los Planetas), Noni y \u00c1lex (Lori Meyers), Kiko Veneno, Sr. Chinarro, Argentina, Antonio Arias (Lagartija Nick), Juan Alberto (Ni\u00f1os Mutantes),\" \/>\n\t<meta name=\"robots\" content=\"max-image-preview:large\" \/>\n\t<meta name=\"author\" content=\"admin\"\/>\n\t<meta name=\"google-site-verification\" content=\"UA-38556648-1\" \/>\n\t<meta name=\"keywords\" content=\"noticias y actualidad\" \/>\n\t<link rel=\"canonical\" href=\"https:\/\/eldigitaldeasturias.com\/magazine365\/el-festival-territorios-homenajea-al-grupo-triana\/\" \/>\n\t<meta name=\"generator\" content=\"All in One SEO Pro (AIOSEO) 4.9.6.1\" \/>\n\t\t<meta property=\"og:locale\" content=\"es_ES\" \/>\n\t\t<meta property=\"og:site_name\" content=\"El Digital de Asturias \u2013 Revista de ocio, turismo y estilo de vida\" \/>\n\t\t<meta property=\"og:type\" content=\"article\" \/>\n\t\t<meta property=\"og:title\" content=\"El festival Territorios homenajea al grupo Triana | El Digital de Asturias\" \/>\n\t\t<meta property=\"og:description\" content=\"(EFE).- El festival Territorios, que se celebra durante el fin de semana en Sevilla, incluye en su programa del s\u00e1bado un homenaje al grupo Triana, seg\u00fan ha informado la organizaci\u00f3n del festival. M\u00fasicos como Jota (Los Planetas), Noni y \u00c1lex (Lori Meyers), Kiko Veneno, Sr. Chinarro, Argentina, Antonio Arias (Lagartija Nick), Juan Alberto (Ni\u00f1os Mutantes),\" \/>\n\t\t<meta property=\"og:url\" content=\"https:\/\/eldigitaldeasturias.com\/magazine365\/el-festival-territorios-homenajea-al-grupo-triana\/\" \/>\n\t\t<meta property=\"og:image\" content=\"https:\/\/eldigitaldeasturias.com\/magazine365\/wp-content\/uploads\/2014\/05\/6294430w.jpg\" \/>\n\t\t<meta property=\"og:image:secure_url\" content=\"https:\/\/eldigitaldeasturias.com\/magazine365\/wp-content\/uploads\/2014\/05\/6294430w.jpg\" \/>\n\t\t<meta property=\"og:image:width\" content=\"800\" \/>\n\t\t<meta property=\"og:image:height\" content=\"554\" \/>\n\t\t<meta property=\"article:published_time\" content=\"2014-05-24T14:42:44+00:00\" \/>\n\t\t<meta property=\"article:modified_time\" content=\"2014-05-24T14:42:44+00:00\" \/>\n\t\t<meta name=\"twitter:card\" content=\"summary_large_image\" \/>\n\t\t<meta name=\"twitter:title\" content=\"El festival Territorios homenajea al grupo Triana | El Digital de Asturias\" \/>\n\t\t<meta name=\"twitter:description\" content=\"(EFE).- El festival Territorios, que se celebra durante el fin de semana en Sevilla, incluye en su programa del s\u00e1bado un homenaje al grupo Triana, seg\u00fan ha informado la organizaci\u00f3n del festival. M\u00fasicos como Jota (Los Planetas), Noni y \u00c1lex (Lori Meyers), Kiko Veneno, Sr. Chinarro, Argentina, Antonio Arias (Lagartija Nick), Juan Alberto (Ni\u00f1os Mutantes),\" \/>\n\t\t<meta name=\"twitter:image\" content=\"https:\/\/eldigitaldeasturias.com\/magazine365\/wp-content\/uploads\/2014\/05\/6294430w.jpg\" \/>\n\t\t<script type=\"application\/ld+json\" class=\"aioseo-schema\">\n\t\t\t{\"@context\":\"https:\\\/\\\/schema.org\",\"@graph\":[{\"@type\":\"Article\",\"@id\":\"https:\\\/\\\/eldigitaldeasturias.com\\\/magazine365\\\/el-festival-territorios-homenajea-al-grupo-triana\\\/#article\",\"name\":\"El festival Territorios homenajea al grupo Triana | El Digital de Asturias\",\"headline\":\"El festival Territorios homenajea al grupo Triana\",\"author\":{\"@id\":\"https:\\\/\\\/eldigitaldeasturias.com\\\/magazine365\\\/author\\\/admin\\\/#author\"},\"publisher\":{\"@id\":\"https:\\\/\\\/eldigitaldeasturias.com\\\/magazine365\\\/#organization\"},\"image\":{\"@type\":\"ImageObject\",\"url\":\"https:\\\/\\\/eldigitaldeasturias.com\\\/magazine365\\\/wp-content\\\/uploads\\\/2014\\\/05\\\/6294430w.jpg\",\"width\":800,\"height\":554},\"datePublished\":\"2014-05-24T12:42:44+02:00\",\"dateModified\":\"2014-05-24T12:42:44+02:00\",\"inLanguage\":\"es-ES\",\"mainEntityOfPage\":{\"@id\":\"https:\\\/\\\/eldigitaldeasturias.com\\\/magazine365\\\/el-festival-territorios-homenajea-al-grupo-triana\\\/#webpage\"},\"isPartOf\":{\"@id\":\"https:\\\/\\\/eldigitaldeasturias.com\\\/magazine365\\\/el-festival-territorios-homenajea-al-grupo-triana\\\/#webpage\"},\"articleSection\":\"Noticias y Actualidad\"},{\"@type\":\"BreadcrumbList\",\"@id\":\"https:\\\/\\\/eldigitaldeasturias.com\\\/magazine365\\\/el-festival-territorios-homenajea-al-grupo-triana\\\/#breadcrumblist\",\"itemListElement\":[{\"@type\":\"ListItem\",\"@id\":\"https:\\\/\\\/eldigitaldeasturias.com\\\/magazine365#listItem\",\"position\":1,\"name\":\"Home\",\"item\":\"https:\\\/\\\/eldigitaldeasturias.com\\\/magazine365\",\"nextItem\":{\"@type\":\"ListItem\",\"@id\":\"https:\\\/\\\/eldigitaldeasturias.com\\\/magazine365\\\/category\\\/noticias-actualidad\\\/#listItem\",\"name\":\"Noticias y Actualidad\"}},{\"@type\":\"ListItem\",\"@id\":\"https:\\\/\\\/eldigitaldeasturias.com\\\/magazine365\\\/category\\\/noticias-actualidad\\\/#listItem\",\"position\":2,\"name\":\"Noticias y Actualidad\",\"item\":\"https:\\\/\\\/eldigitaldeasturias.com\\\/magazine365\\\/category\\\/noticias-actualidad\\\/\",\"nextItem\":{\"@type\":\"ListItem\",\"@id\":\"https:\\\/\\\/eldigitaldeasturias.com\\\/magazine365\\\/el-festival-territorios-homenajea-al-grupo-triana\\\/#listItem\",\"name\":\"El festival Territorios homenajea al grupo Triana\"},\"previousItem\":{\"@type\":\"ListItem\",\"@id\":\"https:\\\/\\\/eldigitaldeasturias.com\\\/magazine365#listItem\",\"name\":\"Home\"}},{\"@type\":\"ListItem\",\"@id\":\"https:\\\/\\\/eldigitaldeasturias.com\\\/magazine365\\\/el-festival-territorios-homenajea-al-grupo-triana\\\/#listItem\",\"position\":3,\"name\":\"El festival Territorios homenajea al grupo Triana\",\"previousItem\":{\"@type\":\"ListItem\",\"@id\":\"https:\\\/\\\/eldigitaldeasturias.com\\\/magazine365\\\/category\\\/noticias-actualidad\\\/#listItem\",\"name\":\"Noticias y Actualidad\"}}]},{\"@type\":\"Organization\",\"@id\":\"https:\\\/\\\/eldigitaldeasturias.com\\\/magazine365\\\/#organization\",\"name\":\"El digital de Asturias\",\"description\":\"Revista de ocio, turismo y estilo de vida\",\"url\":\"https:\\\/\\\/eldigitaldeasturias.com\\\/magazine365\\\/\",\"logo\":{\"@type\":\"ImageObject\",\"url\":\"https:\\\/\\\/www.eldigitaldeasturias.com\\\/noticias\\\/wp-content\\\/uploads\\\/2020\\\/12\\\/EDA.jpg\",\"@id\":\"https:\\\/\\\/eldigitaldeasturias.com\\\/magazine365\\\/el-festival-territorios-homenajea-al-grupo-triana\\\/#organizationLogo\"},\"image\":{\"@id\":\"https:\\\/\\\/eldigitaldeasturias.com\\\/magazine365\\\/el-festival-territorios-homenajea-al-grupo-triana\\\/#organizationLogo\"}},{\"@type\":\"Person\",\"@id\":\"https:\\\/\\\/eldigitaldeasturias.com\\\/magazine365\\\/author\\\/admin\\\/#author\",\"url\":\"https:\\\/\\\/eldigitaldeasturias.com\\\/magazine365\\\/author\\\/admin\\\/\",\"name\":\"admin\",\"image\":{\"@type\":\"ImageObject\",\"@id\":\"https:\\\/\\\/eldigitaldeasturias.com\\\/magazine365\\\/el-festival-territorios-homenajea-al-grupo-triana\\\/#authorImage\",\"url\":\"https:\\\/\\\/eldigitaldeasturias.com\\\/magazine365\\\/wp-content\\\/litespeed\\\/avatar\\\/e571bcf59a0edd6fa6838245a470f2fe.jpg?ver=1776969259\",\"width\":96,\"height\":96,\"caption\":\"admin\"}},{\"@type\":\"WebPage\",\"@id\":\"https:\\\/\\\/eldigitaldeasturias.com\\\/magazine365\\\/el-festival-territorios-homenajea-al-grupo-triana\\\/#webpage\",\"url\":\"https:\\\/\\\/eldigitaldeasturias.com\\\/magazine365\\\/el-festival-territorios-homenajea-al-grupo-triana\\\/\",\"name\":\"El festival Territorios homenajea al grupo Triana | El Digital de Asturias\",\"description\":\"(EFE).- El festival Territorios, que se celebra durante el fin de semana en Sevilla, incluye en su programa del s\\u00e1bado un homenaje al grupo Triana, seg\\u00fan ha informado la organizaci\\u00f3n del festival. M\\u00fasicos como Jota (Los Planetas), Noni y \\u00c1lex (Lori Meyers), Kiko Veneno, Sr. Chinarro, Argentina, Antonio Arias (Lagartija Nick), Juan Alberto (Ni\\u00f1os Mutantes),\",\"inLanguage\":\"es-ES\",\"isPartOf\":{\"@id\":\"https:\\\/\\\/eldigitaldeasturias.com\\\/magazine365\\\/#website\"},\"breadcrumb\":{\"@id\":\"https:\\\/\\\/eldigitaldeasturias.com\\\/magazine365\\\/el-festival-territorios-homenajea-al-grupo-triana\\\/#breadcrumblist\"},\"author\":{\"@id\":\"https:\\\/\\\/eldigitaldeasturias.com\\\/magazine365\\\/author\\\/admin\\\/#author\"},\"creator\":{\"@id\":\"https:\\\/\\\/eldigitaldeasturias.com\\\/magazine365\\\/author\\\/admin\\\/#author\"},\"image\":{\"@type\":\"ImageObject\",\"url\":\"https:\\\/\\\/eldigitaldeasturias.com\\\/magazine365\\\/wp-content\\\/uploads\\\/2014\\\/05\\\/6294430w.jpg\",\"@id\":\"https:\\\/\\\/eldigitaldeasturias.com\\\/magazine365\\\/el-festival-territorios-homenajea-al-grupo-triana\\\/#mainImage\",\"width\":800,\"height\":554},\"primaryImageOfPage\":{\"@id\":\"https:\\\/\\\/eldigitaldeasturias.com\\\/magazine365\\\/el-festival-territorios-homenajea-al-grupo-triana\\\/#mainImage\"},\"datePublished\":\"2014-05-24T12:42:44+02:00\",\"dateModified\":\"2014-05-24T12:42:44+02:00\"},{\"@type\":\"WebSite\",\"@id\":\"https:\\\/\\\/eldigitaldeasturias.com\\\/magazine365\\\/#website\",\"url\":\"https:\\\/\\\/eldigitaldeasturias.com\\\/magazine365\\\/\",\"name\":\"El Digital de Asturias\",\"description\":\"Revista de ocio, turismo y estilo de vida\",\"inLanguage\":\"es-ES\",\"publisher\":{\"@id\":\"https:\\\/\\\/eldigitaldeasturias.com\\\/magazine365\\\/#organization\"}}]}\n\t\t<\/script>\n\t\t<!-- All in One SEO Pro -->\r\n\t\t<title>El festival Territorios homenajea al grupo Triana | El Digital de Asturias<\/title>\n\n","aioseo_head_json":{"title":"El festival Territorios homenajea al grupo Triana | El Digital de Asturias","description":"(EFE).- El festival Territorios, que se celebra durante el fin de semana en Sevilla, incluye en su programa del s\u00e1bado un homenaje al grupo Triana, seg\u00fan ha informado la organizaci\u00f3n del festival. M\u00fasicos como Jota (Los Planetas), Noni y \u00c1lex (Lori Meyers), Kiko Veneno, Sr. Chinarro, Argentina, Antonio Arias (Lagartija Nick), Juan Alberto (Ni\u00f1os Mutantes),","canonical_url":"https:\/\/eldigitaldeasturias.com\/magazine365\/el-festival-territorios-homenajea-al-grupo-triana\/","robots":"max-image-preview:large","keywords":"noticias y actualidad","webmasterTools":{"google-site-verification":"UA-38556648-1","miscellaneous":""},"schema":{"@context":"https:\/\/schema.org","@graph":[{"@type":"Article","@id":"https:\/\/eldigitaldeasturias.com\/magazine365\/el-festival-territorios-homenajea-al-grupo-triana\/#article","name":"El festival Territorios homenajea al grupo Triana | El Digital de Asturias","headline":"El festival Territorios homenajea al grupo Triana","author":{"@id":"https:\/\/eldigitaldeasturias.com\/magazine365\/author\/admin\/#author"},"publisher":{"@id":"https:\/\/eldigitaldeasturias.com\/magazine365\/#organization"},"image":{"@type":"ImageObject","url":"https:\/\/eldigitaldeasturias.com\/magazine365\/wp-content\/uploads\/2014\/05\/6294430w.jpg","width":800,"height":554},"datePublished":"2014-05-24T12:42:44+02:00","dateModified":"2014-05-24T12:42:44+02:00","inLanguage":"es-ES","mainEntityOfPage":{"@id":"https:\/\/eldigitaldeasturias.com\/magazine365\/el-festival-territorios-homenajea-al-grupo-triana\/#webpage"},"isPartOf":{"@id":"https:\/\/eldigitaldeasturias.com\/magazine365\/el-festival-territorios-homenajea-al-grupo-triana\/#webpage"},"articleSection":"Noticias y Actualidad"},{"@type":"BreadcrumbList","@id":"https:\/\/eldigitaldeasturias.com\/magazine365\/el-festival-territorios-homenajea-al-grupo-triana\/#breadcrumblist","itemListElement":[{"@type":"ListItem","@id":"https:\/\/eldigitaldeasturias.com\/magazine365#listItem","position":1,"name":"Home","item":"https:\/\/eldigitaldeasturias.com\/magazine365","nextItem":{"@type":"ListItem","@id":"https:\/\/eldigitaldeasturias.com\/magazine365\/category\/noticias-actualidad\/#listItem","name":"Noticias y Actualidad"}},{"@type":"ListItem","@id":"https:\/\/eldigitaldeasturias.com\/magazine365\/category\/noticias-actualidad\/#listItem","position":2,"name":"Noticias y Actualidad","item":"https:\/\/eldigitaldeasturias.com\/magazine365\/category\/noticias-actualidad\/","nextItem":{"@type":"ListItem","@id":"https:\/\/eldigitaldeasturias.com\/magazine365\/el-festival-territorios-homenajea-al-grupo-triana\/#listItem","name":"El festival Territorios homenajea al grupo Triana"},"previousItem":{"@type":"ListItem","@id":"https:\/\/eldigitaldeasturias.com\/magazine365#listItem","name":"Home"}},{"@type":"ListItem","@id":"https:\/\/eldigitaldeasturias.com\/magazine365\/el-festival-territorios-homenajea-al-grupo-triana\/#listItem","position":3,"name":"El festival Territorios homenajea al grupo Triana","previousItem":{"@type":"ListItem","@id":"https:\/\/eldigitaldeasturias.com\/magazine365\/category\/noticias-actualidad\/#listItem","name":"Noticias y Actualidad"}}]},{"@type":"Organization","@id":"https:\/\/eldigitaldeasturias.com\/magazine365\/#organization","name":"El digital de Asturias","description":"Revista de ocio, turismo y estilo de vida","url":"https:\/\/eldigitaldeasturias.com\/magazine365\/","logo":{"@type":"ImageObject","url":"https:\/\/www.eldigitaldeasturias.com\/noticias\/wp-content\/uploads\/2020\/12\/EDA.jpg","@id":"https:\/\/eldigitaldeasturias.com\/magazine365\/el-festival-territorios-homenajea-al-grupo-triana\/#organizationLogo"},"image":{"@id":"https:\/\/eldigitaldeasturias.com\/magazine365\/el-festival-territorios-homenajea-al-grupo-triana\/#organizationLogo"}},{"@type":"Person","@id":"https:\/\/eldigitaldeasturias.com\/magazine365\/author\/admin\/#author","url":"https:\/\/eldigitaldeasturias.com\/magazine365\/author\/admin\/","name":"admin","image":{"@type":"ImageObject","@id":"https:\/\/eldigitaldeasturias.com\/magazine365\/el-festival-territorios-homenajea-al-grupo-triana\/#authorImage","url":"https:\/\/eldigitaldeasturias.com\/magazine365\/wp-content\/litespeed\/avatar\/e571bcf59a0edd6fa6838245a470f2fe.jpg?ver=1776969259","width":96,"height":96,"caption":"admin"}},{"@type":"WebPage","@id":"https:\/\/eldigitaldeasturias.com\/magazine365\/el-festival-territorios-homenajea-al-grupo-triana\/#webpage","url":"https:\/\/eldigitaldeasturias.com\/magazine365\/el-festival-territorios-homenajea-al-grupo-triana\/","name":"El festival Territorios homenajea al grupo Triana | El Digital de Asturias","description":"(EFE).- El festival Territorios, que se celebra durante el fin de semana en Sevilla, incluye en su programa del s\u00e1bado un homenaje al grupo Triana, seg\u00fan ha informado la organizaci\u00f3n del festival. M\u00fasicos como Jota (Los Planetas), Noni y \u00c1lex (Lori Meyers), Kiko Veneno, Sr. Chinarro, Argentina, Antonio Arias (Lagartija Nick), Juan Alberto (Ni\u00f1os Mutantes),","inLanguage":"es-ES","isPartOf":{"@id":"https:\/\/eldigitaldeasturias.com\/magazine365\/#website"},"breadcrumb":{"@id":"https:\/\/eldigitaldeasturias.com\/magazine365\/el-festival-territorios-homenajea-al-grupo-triana\/#breadcrumblist"},"author":{"@id":"https:\/\/eldigitaldeasturias.com\/magazine365\/author\/admin\/#author"},"creator":{"@id":"https:\/\/eldigitaldeasturias.com\/magazine365\/author\/admin\/#author"},"image":{"@type":"ImageObject","url":"https:\/\/eldigitaldeasturias.com\/magazine365\/wp-content\/uploads\/2014\/05\/6294430w.jpg","@id":"https:\/\/eldigitaldeasturias.com\/magazine365\/el-festival-territorios-homenajea-al-grupo-triana\/#mainImage","width":800,"height":554},"primaryImageOfPage":{"@id":"https:\/\/eldigitaldeasturias.com\/magazine365\/el-festival-territorios-homenajea-al-grupo-triana\/#mainImage"},"datePublished":"2014-05-24T12:42:44+02:00","dateModified":"2014-05-24T12:42:44+02:00"},{"@type":"WebSite","@id":"https:\/\/eldigitaldeasturias.com\/magazine365\/#website","url":"https:\/\/eldigitaldeasturias.com\/magazine365\/","name":"El Digital de Asturias","description":"Revista de ocio, turismo y estilo de vida","inLanguage":"es-ES","publisher":{"@id":"https:\/\/eldigitaldeasturias.com\/magazine365\/#organization"}}]},"og:locale":"es_ES","og:site_name":"El Digital de Asturias \u2013 Revista de ocio, turismo y estilo de vida","og:type":"article","og:title":"El festival Territorios homenajea al grupo Triana | El Digital de Asturias","og:description":"(EFE).- El festival Territorios, que se celebra durante el fin de semana en Sevilla, incluye en su programa del s\u00e1bado un homenaje al grupo Triana, seg\u00fan ha informado la organizaci\u00f3n del festival. M\u00fasicos como Jota (Los Planetas), Noni y \u00c1lex (Lori Meyers), Kiko Veneno, Sr. Chinarro, Argentina, Antonio Arias (Lagartija Nick), Juan Alberto (Ni\u00f1os Mutantes),","og:url":"https:\/\/eldigitaldeasturias.com\/magazine365\/el-festival-territorios-homenajea-al-grupo-triana\/","og:image":"https:\/\/eldigitaldeasturias.com\/magazine365\/wp-content\/uploads\/2014\/05\/6294430w.jpg","og:image:secure_url":"https:\/\/eldigitaldeasturias.com\/magazine365\/wp-content\/uploads\/2014\/05\/6294430w.jpg","og:image:width":800,"og:image:height":554,"article:published_time":"2014-05-24T14:42:44+00:00","article:modified_time":"2014-05-24T14:42:44+00:00","twitter:card":"summary_large_image","twitter:title":"El festival Territorios homenajea al grupo Triana | El Digital de Asturias","twitter:description":"(EFE).- El festival Territorios, que se celebra durante el fin de semana en Sevilla, incluye en su programa del s\u00e1bado un homenaje al grupo Triana, seg\u00fan ha informado la organizaci\u00f3n del festival. M\u00fasicos como Jota (Los Planetas), Noni y \u00c1lex (Lori Meyers), Kiko Veneno, Sr. Chinarro, Argentina, Antonio Arias (Lagartija Nick), Juan Alberto (Ni\u00f1os Mutantes),","twitter:image":"https:\/\/eldigitaldeasturias.com\/magazine365\/wp-content\/uploads\/2014\/05\/6294430w.jpg"},"aioseo_meta_data":{"post_id":"13783","title":null,"description":null,"keywords":null,"keyphrases":null,"primary_term":null,"canonical_url":null,"og_title":null,"og_description":null,"og_object_type":"default","og_image_type":"default","og_image_url":null,"og_image_width":null,"og_image_height":null,"og_image_custom_url":null,"og_image_custom_fields":null,"og_video":null,"og_custom_url":null,"og_article_section":null,"og_article_tags":null,"twitter_use_og":false,"twitter_card":"default","twitter_image_type":"default","twitter_image_url":null,"twitter_image_custom_url":null,"twitter_image_custom_fields":null,"twitter_title":null,"twitter_description":null,"schema":{"blockGraphs":[],"customGraphs":[],"default":{"data":{"Article":[],"Course":[],"Dataset":[],"FAQPage":[],"Movie":[],"Person":[],"Product":[],"ProductReview":[],"Car":[],"Recipe":[],"Service":[],"SoftwareApplication":[],"WebPage":[]},"graphName":"","isEnabled":true},"graphs":[]},"schema_type":null,"schema_type_options":null,"pillar_content":false,"robots_default":true,"robots_noindex":false,"robots_noarchive":false,"robots_nosnippet":false,"robots_nofollow":false,"robots_noimageindex":false,"robots_noodp":false,"robots_notranslate":false,"robots_max_snippet":null,"robots_max_videopreview":null,"robots_max_imagepreview":"large","priority":null,"frequency":null,"location":null,"local_seo":null,"seo_analyzer_scan_date":"2025-09-17 08:56:58","breadcrumb_settings":null,"limit_modified_date":false,"open_ai":null,"ai":null,"created":"2021-03-09 08:23:49","updated":"2025-09-17 08:56:58"},"aioseo_breadcrumb":"<div class=\"aioseo-breadcrumbs\"><span class=\"aioseo-breadcrumb\">\n\t<a href=\"https:\/\/eldigitaldeasturias.com\/magazine365\" title=\"Home\">Home<\/a>\n<\/span><span class=\"aioseo-breadcrumb-separator\">\u2013<\/span><span class=\"aioseo-breadcrumb\">\n\t<a href=\"https:\/\/eldigitaldeasturias.com\/magazine365\/category\/noticias-actualidad\/\" title=\"Noticias y Actualidad\">Noticias y Actualidad<\/a>\n<\/span><span class=\"aioseo-breadcrumb-separator\">\u2013<\/span><span class=\"aioseo-breadcrumb\">\n\t<a href=\"https:\/\/eldigitaldeasturias.com\/magazine365\/el-festival-territorios-homenajea-al-grupo-triana\/\" title=\"El festival Territorios homenajea al grupo Triana\">El festival Territorios homenajea al grupo Triana<\/a>\n<\/span><\/div>","aioseo_breadcrumb_json":[{"label":"Home","link":"https:\/\/eldigitaldeasturias.com\/magazine365"},{"label":"Noticias y Actualidad","link":"https:\/\/eldigitaldeasturias.com\/magazine365\/category\/noticias-actualidad\/"},{"label":"El festival Territorios homenajea al grupo Triana","link":"https:\/\/eldigitaldeasturias.com\/magazine365\/el-festival-territorios-homenajea-al-grupo-triana\/"}],"_links":{"self":[{"href":"https:\/\/eldigitaldeasturias.com\/magazine365\/wp-json\/wp\/v2\/posts\/13783","targetHints":{"allow":["GET"]}}],"collection":[{"href":"https:\/\/eldigitaldeasturias.com\/magazine365\/wp-json\/wp\/v2\/posts"}],"about":[{"href":"https:\/\/eldigitaldeasturias.com\/magazine365\/wp-json\/wp\/v2\/types\/post"}],"author":[{"embeddable":true,"href":"https:\/\/eldigitaldeasturias.com\/magazine365\/wp-json\/wp\/v2\/users\/1"}],"replies":[{"embeddable":true,"href":"https:\/\/eldigitaldeasturias.com\/magazine365\/wp-json\/wp\/v2\/comments?post=13783"}],"version-history":[{"count":0,"href":"https:\/\/eldigitaldeasturias.com\/magazine365\/wp-json\/wp\/v2\/posts\/13783\/revisions"}],"wp:featuredmedia":[{"embeddable":true,"href":"https:\/\/eldigitaldeasturias.com\/magazine365\/wp-json\/wp\/v2\/media\/13784"}],"wp:attachment":[{"href":"https:\/\/eldigitaldeasturias.com\/magazine365\/wp-json\/wp\/v2\/media?parent=13783"}],"wp:term":[{"taxonomy":"category","embeddable":true,"href":"https:\/\/eldigitaldeasturias.com\/magazine365\/wp-json\/wp\/v2\/categories?post=13783"},{"taxonomy":"post_tag","embeddable":true,"href":"https:\/\/eldigitaldeasturias.com\/magazine365\/wp-json\/wp\/v2\/tags?post=13783"}],"curies":[{"name":"wp","href":"https:\/\/api.w.org\/{rel}","templated":true}]}}