{"id":13780,"date":"2014-05-24T12:41:14","date_gmt":"2014-05-24T14:41:14","guid":{"rendered":"http:\/\/eldigitaldeasturias.com\/magazine365\/?p=13780"},"modified":"2014-05-24T12:41:14","modified_gmt":"2014-05-24T14:41:14","slug":"el-palencia-sonora-reune-a-lori-meyers-los-coronas-depedro-y-la-m-o-d-a","status":"publish","type":"post","link":"https:\/\/eldigitaldeasturias.com\/magazine365\/el-palencia-sonora-reune-a-lori-meyers-los-coronas-depedro-y-la-m-o-d-a\/","title":{"rendered":"El Palencia Sonora re\u00fane a Lori Meyers, Los Coronas, Depedro y La M.O.D.A."},"content":{"rendered":"<p><img fetchpriority=\"high\" decoding=\"async\" class=\"alignleft size-medium wp-image-13781\" alt=\"6294396w\" src=\"https:\/\/eldigitaldeasturias.com\/magazine365\/wp-content\/uploads\/2014\/05\/6294396w-360x252.jpg\" width=\"360\" height=\"252\" \/>(EFE).- Los grupos Lori Meyers, Los Coronas, Depedro y La M.O.D.A actuar\u00e1n en la XI edici\u00f3n del festival de m\u00fasica independiente Palencia Sonora, en el que se fusionan sonidos rock, folk, blues, funky, indie, hip hop y pop.<\/p>\n<p>El Festival Palencia Sonora celebrar\u00e1 su concierto principal el d\u00eda 7 de junio en el Parque del Sotillo de la capital palentina, seg\u00fan han anunciado hoy en rueda de prensa sus organizadores.<\/p>\n<p>Tras el paso en anteriores carteles de artistas como Los Planetas, Vetusta Morla o Deluxe, el Festival Palencia Sonora fusionar\u00e1 este a\u00f1o los sonidos de Lori Meyers, Los Coronas, Depedro y La Maravillosa Orquesta Del Alcohol (La M.O.D.A).<\/p>\n<p>Seg\u00fan ha explicado uno de los responsables del evento, David Frechilla, desde hace tiempo la organizaci\u00f3n del Festival Palencia Sonora quer\u00eda contar con la presencia en su cartel de Lori Meyers, uno de los grupos m\u00e1s importantes en la actualidad de la escena de la m\u00fasica independiente.<\/p>\n<p>Este sexteto granadino, presente en los principales festivales de Espa\u00f1a, acude a Palencia a presentar su quinto disco, Impronta.<\/p>\n<p>El Festival contar\u00e1 tambi\u00e9n con la participaci\u00f3n de un grupo de culto en la escena rock instrumental, Los Coronas, que han publicado discos como el EP \u00abTormenta\u00bb y los \u00e1lbumes \u00abLos Coronas\u00bb, \u00abGen-U-Ine Sounds\u00bb, \u00abThe Vivid Sounds of?\u00bb, \u00abLos Coronas &amp; The Hi-Risers\u00bb y \u00abEl baile final de los locos y los cuerdos\u00bb (2009), con el que la banda ha estado tres a\u00f1os de gira por Espa\u00f1a, Europa y M\u00e9xico.<\/p>\n<p>Adem\u00e1s, y con Arizona Baby, Los Coronas han publicado el EP \u00abDos bandas y un destino\u00bb y el DVD \u00abDos bandas y un destino: El concierto\u00bb y bajo el nombre de Corizonas, las dos bandas han lanzado el \u00e1lbum \u00abThe News Today\u00bb.<\/p>\n<p>El tercero en el cartel del Palencia Sonora ser\u00e1 Depedro, nombre tras el que se esconde Jairo Zavala, que form\u00f3 parte del grupo Vacazul.<\/p>\n<p>Posteriormente comenz\u00f3 su carrera en solitario bajo el nombre de Depedro consolid\u00e1ndose como una propuesta musical s\u00f3lida y multicultural, que en esta ocasi\u00f3n acude al Festival Palencia Sonora a presentar su EP \u00abCasualidades\u00bb en el que han colaborado artistas como Santi Balmes de Love of Lesbian, Calexico o Los Coronas.<\/p>\n<p>Por \u00faltimo el sexteto la M.O.D.A, que mezcla el folk, el blues y el rock n&#8217;roll, llega a Palencia como una de las propuestas m\u00e1s divertidas del panorama musical espa\u00f1ol.<\/p>\n<p>Adem\u00e1s, ese mismo d\u00eda por la ma\u00f1ana se desarrollar\u00e1 un concierto en la Plaza Mayor de Palencia y un Vermut Musical, en el que varios bares de la capital sacar\u00e1n la m\u00fasica a la calle mediante la organizaci\u00f3n de sesiones de dj&#8217;s y actuaciones en directo.<\/p>\n<p>Y una semana antes se celebrar\u00e1 el tradicional concierto presentaci\u00f3n del Festival Palencia Sonora, el d\u00eda 30 de mayo en la Casa Junco de Palencia, que contar\u00e1 con la actuaci\u00f3n de El Twanguero, Diego Garc\u00eda.<\/p>\n<p>Este artista, reconocido internacionalmente por el particular sonido \u00abtwang\u00bb que oscila entre guitarra espa\u00f1ola, folk americano, flamenco, tango y su impecable dominio del \u00abfingerpicking\u00bb, adem\u00e1s impartir\u00e1 una clase magistral de guitarra.<\/p>\n<p>En su \u00faltimo trabajo \u00abArgentina Songbook\u00bb han colaborado artistas de la talla de Calamaro, Fito P\u00e1ez, Bunbury y Diego El Cigala.<\/p>\n<p>En la misma jornada tendr\u00e1 lugar la entrega de la VI edici\u00f3n del Premio Javier Santos, que se concede a la mejor banda sonora de los cortometrajes proyectados en la ultima Muestra de Cine Internacional de Palencia.<\/p>\n","protected":false},"excerpt":{"rendered":"<p>(EFE).- Los grupos Lori Meyers, Los Coronas, Depedro y La M.O.D.A actuar\u00e1n en la XI edici\u00f3n del festival de m\u00fasica independiente Palencia Sonora, en el que se fusionan sonidos rock, folk, blues, funky, indie, hip hop y pop. El Festival Palencia Sonora celebrar\u00e1 su concierto principal el d\u00eda 7 de junio en el Parque del<\/p>\n","protected":false},"author":1,"featured_media":13781,"comment_status":"open","ping_status":"closed","sticky":false,"template":"","format":"standard","meta":{"footnotes":""},"categories":[224],"tags":[],"class_list":{"0":"post-13780","1":"post","2":"type-post","3":"status-publish","4":"format-standard","5":"has-post-thumbnail","7":"category-noticias-actualidad"},"aioseo_notices":[],"aioseo_head":"\n\t\t<!-- All in One SEO Pro 4.9.6.1 - aioseo.com -->\n\t<meta name=\"description\" content=\"(EFE).- Los grupos Lori Meyers, Los Coronas, Depedro y La M.O.D.A actuar\u00e1n en la XI edici\u00f3n del festival de m\u00fasica independiente Palencia Sonora, en el que se fusionan sonidos rock, folk, blues, funky, indie, hip hop y pop. El Festival Palencia Sonora celebrar\u00e1 su concierto principal el d\u00eda 7 de junio en el Parque del\" \/>\n\t<meta name=\"robots\" content=\"max-image-preview:large\" \/>\n\t<meta name=\"author\" content=\"admin\"\/>\n\t<meta name=\"google-site-verification\" content=\"UA-38556648-1\" \/>\n\t<meta name=\"keywords\" content=\"noticias y actualidad\" \/>\n\t<link rel=\"canonical\" href=\"https:\/\/eldigitaldeasturias.com\/magazine365\/el-palencia-sonora-reune-a-lori-meyers-los-coronas-depedro-y-la-m-o-d-a\/\" \/>\n\t<meta name=\"generator\" content=\"All in One SEO Pro (AIOSEO) 4.9.6.1\" \/>\n\t\t<meta property=\"og:locale\" content=\"es_ES\" \/>\n\t\t<meta property=\"og:site_name\" content=\"El Digital de Asturias \u2013 Revista de ocio, turismo y estilo de vida\" \/>\n\t\t<meta property=\"og:type\" content=\"article\" \/>\n\t\t<meta property=\"og:title\" content=\"El Palencia Sonora re\u00fane a Lori Meyers, Los Coronas, Depedro y La M.O.D.A. | El Digital de Asturias\" \/>\n\t\t<meta property=\"og:description\" content=\"(EFE).- Los grupos Lori Meyers, Los Coronas, Depedro y La M.O.D.A actuar\u00e1n en la XI edici\u00f3n del festival de m\u00fasica independiente Palencia Sonora, en el que se fusionan sonidos rock, folk, blues, funky, indie, hip hop y pop. El Festival Palencia Sonora celebrar\u00e1 su concierto principal el d\u00eda 7 de junio en el Parque del\" \/>\n\t\t<meta property=\"og:url\" content=\"https:\/\/eldigitaldeasturias.com\/magazine365\/el-palencia-sonora-reune-a-lori-meyers-los-coronas-depedro-y-la-m-o-d-a\/\" \/>\n\t\t<meta property=\"og:image\" content=\"https:\/\/eldigitaldeasturias.com\/magazine365\/wp-content\/uploads\/2014\/05\/6294396w.jpg\" \/>\n\t\t<meta property=\"og:image:secure_url\" content=\"https:\/\/eldigitaldeasturias.com\/magazine365\/wp-content\/uploads\/2014\/05\/6294396w.jpg\" \/>\n\t\t<meta property=\"og:image:width\" content=\"800\" \/>\n\t\t<meta property=\"og:image:height\" content=\"562\" \/>\n\t\t<meta property=\"article:published_time\" content=\"2014-05-24T14:41:14+00:00\" \/>\n\t\t<meta property=\"article:modified_time\" content=\"2014-05-24T14:41:14+00:00\" \/>\n\t\t<meta name=\"twitter:card\" content=\"summary_large_image\" \/>\n\t\t<meta name=\"twitter:title\" content=\"El Palencia Sonora re\u00fane a Lori Meyers, Los Coronas, Depedro y La M.O.D.A. | El Digital de Asturias\" \/>\n\t\t<meta name=\"twitter:description\" content=\"(EFE).- Los grupos Lori Meyers, Los Coronas, Depedro y La M.O.D.A actuar\u00e1n en la XI edici\u00f3n del festival de m\u00fasica independiente Palencia Sonora, en el que se fusionan sonidos rock, folk, blues, funky, indie, hip hop y pop. El Festival Palencia Sonora celebrar\u00e1 su concierto principal el d\u00eda 7 de junio en el Parque del\" \/>\n\t\t<meta name=\"twitter:image\" content=\"https:\/\/eldigitaldeasturias.com\/magazine365\/wp-content\/uploads\/2014\/05\/6294396w.jpg\" \/>\n\t\t<script type=\"application\/ld+json\" class=\"aioseo-schema\">\n\t\t\t{\"@context\":\"https:\\\/\\\/schema.org\",\"@graph\":[{\"@type\":\"Article\",\"@id\":\"https:\\\/\\\/eldigitaldeasturias.com\\\/magazine365\\\/el-palencia-sonora-reune-a-lori-meyers-los-coronas-depedro-y-la-m-o-d-a\\\/#article\",\"name\":\"El Palencia Sonora re\\u00fane a Lori Meyers, Los Coronas, Depedro y La M.O.D.A. | El Digital de Asturias\",\"headline\":\"El Palencia Sonora re\\u00fane a Lori Meyers, Los Coronas, Depedro y La M.O.D.A.\",\"author\":{\"@id\":\"https:\\\/\\\/eldigitaldeasturias.com\\\/magazine365\\\/author\\\/admin\\\/#author\"},\"publisher\":{\"@id\":\"https:\\\/\\\/eldigitaldeasturias.com\\\/magazine365\\\/#organization\"},\"image\":{\"@type\":\"ImageObject\",\"url\":\"https:\\\/\\\/eldigitaldeasturias.com\\\/magazine365\\\/wp-content\\\/uploads\\\/2014\\\/05\\\/6294396w.jpg\",\"width\":800,\"height\":562},\"datePublished\":\"2014-05-24T12:41:14+02:00\",\"dateModified\":\"2014-05-24T12:41:14+02:00\",\"inLanguage\":\"es-ES\",\"mainEntityOfPage\":{\"@id\":\"https:\\\/\\\/eldigitaldeasturias.com\\\/magazine365\\\/el-palencia-sonora-reune-a-lori-meyers-los-coronas-depedro-y-la-m-o-d-a\\\/#webpage\"},\"isPartOf\":{\"@id\":\"https:\\\/\\\/eldigitaldeasturias.com\\\/magazine365\\\/el-palencia-sonora-reune-a-lori-meyers-los-coronas-depedro-y-la-m-o-d-a\\\/#webpage\"},\"articleSection\":\"Noticias y Actualidad\"},{\"@type\":\"BreadcrumbList\",\"@id\":\"https:\\\/\\\/eldigitaldeasturias.com\\\/magazine365\\\/el-palencia-sonora-reune-a-lori-meyers-los-coronas-depedro-y-la-m-o-d-a\\\/#breadcrumblist\",\"itemListElement\":[{\"@type\":\"ListItem\",\"@id\":\"https:\\\/\\\/eldigitaldeasturias.com\\\/magazine365#listItem\",\"position\":1,\"name\":\"Home\",\"item\":\"https:\\\/\\\/eldigitaldeasturias.com\\\/magazine365\",\"nextItem\":{\"@type\":\"ListItem\",\"@id\":\"https:\\\/\\\/eldigitaldeasturias.com\\\/magazine365\\\/category\\\/noticias-actualidad\\\/#listItem\",\"name\":\"Noticias y Actualidad\"}},{\"@type\":\"ListItem\",\"@id\":\"https:\\\/\\\/eldigitaldeasturias.com\\\/magazine365\\\/category\\\/noticias-actualidad\\\/#listItem\",\"position\":2,\"name\":\"Noticias y Actualidad\",\"item\":\"https:\\\/\\\/eldigitaldeasturias.com\\\/magazine365\\\/category\\\/noticias-actualidad\\\/\",\"nextItem\":{\"@type\":\"ListItem\",\"@id\":\"https:\\\/\\\/eldigitaldeasturias.com\\\/magazine365\\\/el-palencia-sonora-reune-a-lori-meyers-los-coronas-depedro-y-la-m-o-d-a\\\/#listItem\",\"name\":\"El Palencia Sonora re\\u00fane a Lori Meyers, Los Coronas, Depedro y La M.O.D.A.\"},\"previousItem\":{\"@type\":\"ListItem\",\"@id\":\"https:\\\/\\\/eldigitaldeasturias.com\\\/magazine365#listItem\",\"name\":\"Home\"}},{\"@type\":\"ListItem\",\"@id\":\"https:\\\/\\\/eldigitaldeasturias.com\\\/magazine365\\\/el-palencia-sonora-reune-a-lori-meyers-los-coronas-depedro-y-la-m-o-d-a\\\/#listItem\",\"position\":3,\"name\":\"El Palencia Sonora re\\u00fane a Lori Meyers, Los Coronas, Depedro y La M.O.D.A.\",\"previousItem\":{\"@type\":\"ListItem\",\"@id\":\"https:\\\/\\\/eldigitaldeasturias.com\\\/magazine365\\\/category\\\/noticias-actualidad\\\/#listItem\",\"name\":\"Noticias y Actualidad\"}}]},{\"@type\":\"Organization\",\"@id\":\"https:\\\/\\\/eldigitaldeasturias.com\\\/magazine365\\\/#organization\",\"name\":\"El digital de Asturias\",\"description\":\"Revista de ocio, turismo y estilo de vida\",\"url\":\"https:\\\/\\\/eldigitaldeasturias.com\\\/magazine365\\\/\",\"logo\":{\"@type\":\"ImageObject\",\"url\":\"https:\\\/\\\/www.eldigitaldeasturias.com\\\/noticias\\\/wp-content\\\/uploads\\\/2020\\\/12\\\/EDA.jpg\",\"@id\":\"https:\\\/\\\/eldigitaldeasturias.com\\\/magazine365\\\/el-palencia-sonora-reune-a-lori-meyers-los-coronas-depedro-y-la-m-o-d-a\\\/#organizationLogo\"},\"image\":{\"@id\":\"https:\\\/\\\/eldigitaldeasturias.com\\\/magazine365\\\/el-palencia-sonora-reune-a-lori-meyers-los-coronas-depedro-y-la-m-o-d-a\\\/#organizationLogo\"}},{\"@type\":\"Person\",\"@id\":\"https:\\\/\\\/eldigitaldeasturias.com\\\/magazine365\\\/author\\\/admin\\\/#author\",\"url\":\"https:\\\/\\\/eldigitaldeasturias.com\\\/magazine365\\\/author\\\/admin\\\/\",\"name\":\"admin\",\"image\":{\"@type\":\"ImageObject\",\"@id\":\"https:\\\/\\\/eldigitaldeasturias.com\\\/magazine365\\\/el-palencia-sonora-reune-a-lori-meyers-los-coronas-depedro-y-la-m-o-d-a\\\/#authorImage\",\"url\":\"https:\\\/\\\/eldigitaldeasturias.com\\\/magazine365\\\/wp-content\\\/litespeed\\\/avatar\\\/e571bcf59a0edd6fa6838245a470f2fe.jpg?ver=1776969259\",\"width\":96,\"height\":96,\"caption\":\"admin\"}},{\"@type\":\"WebPage\",\"@id\":\"https:\\\/\\\/eldigitaldeasturias.com\\\/magazine365\\\/el-palencia-sonora-reune-a-lori-meyers-los-coronas-depedro-y-la-m-o-d-a\\\/#webpage\",\"url\":\"https:\\\/\\\/eldigitaldeasturias.com\\\/magazine365\\\/el-palencia-sonora-reune-a-lori-meyers-los-coronas-depedro-y-la-m-o-d-a\\\/\",\"name\":\"El Palencia Sonora re\\u00fane a Lori Meyers, Los Coronas, Depedro y La M.O.D.A. | El Digital de Asturias\",\"description\":\"(EFE).- Los grupos Lori Meyers, Los Coronas, Depedro y La M.O.D.A actuar\\u00e1n en la XI edici\\u00f3n del festival de m\\u00fasica independiente Palencia Sonora, en el que se fusionan sonidos rock, folk, blues, funky, indie, hip hop y pop. El Festival Palencia Sonora celebrar\\u00e1 su concierto principal el d\\u00eda 7 de junio en el Parque del\",\"inLanguage\":\"es-ES\",\"isPartOf\":{\"@id\":\"https:\\\/\\\/eldigitaldeasturias.com\\\/magazine365\\\/#website\"},\"breadcrumb\":{\"@id\":\"https:\\\/\\\/eldigitaldeasturias.com\\\/magazine365\\\/el-palencia-sonora-reune-a-lori-meyers-los-coronas-depedro-y-la-m-o-d-a\\\/#breadcrumblist\"},\"author\":{\"@id\":\"https:\\\/\\\/eldigitaldeasturias.com\\\/magazine365\\\/author\\\/admin\\\/#author\"},\"creator\":{\"@id\":\"https:\\\/\\\/eldigitaldeasturias.com\\\/magazine365\\\/author\\\/admin\\\/#author\"},\"image\":{\"@type\":\"ImageObject\",\"url\":\"https:\\\/\\\/eldigitaldeasturias.com\\\/magazine365\\\/wp-content\\\/uploads\\\/2014\\\/05\\\/6294396w.jpg\",\"@id\":\"https:\\\/\\\/eldigitaldeasturias.com\\\/magazine365\\\/el-palencia-sonora-reune-a-lori-meyers-los-coronas-depedro-y-la-m-o-d-a\\\/#mainImage\",\"width\":800,\"height\":562},\"primaryImageOfPage\":{\"@id\":\"https:\\\/\\\/eldigitaldeasturias.com\\\/magazine365\\\/el-palencia-sonora-reune-a-lori-meyers-los-coronas-depedro-y-la-m-o-d-a\\\/#mainImage\"},\"datePublished\":\"2014-05-24T12:41:14+02:00\",\"dateModified\":\"2014-05-24T12:41:14+02:00\"},{\"@type\":\"WebSite\",\"@id\":\"https:\\\/\\\/eldigitaldeasturias.com\\\/magazine365\\\/#website\",\"url\":\"https:\\\/\\\/eldigitaldeasturias.com\\\/magazine365\\\/\",\"name\":\"El Digital de Asturias\",\"description\":\"Revista de ocio, turismo y estilo de vida\",\"inLanguage\":\"es-ES\",\"publisher\":{\"@id\":\"https:\\\/\\\/eldigitaldeasturias.com\\\/magazine365\\\/#organization\"}}]}\n\t\t<\/script>\n\t\t<!-- All in One SEO Pro -->\r\n\t\t<title>El Palencia Sonora re\u00fane a Lori Meyers, Los Coronas, Depedro y La M.O.D.A. | El Digital de Asturias<\/title>\n\n","aioseo_head_json":{"title":"El Palencia Sonora re\u00fane a Lori Meyers, Los Coronas, Depedro y La M.O.D.A. | El Digital de Asturias","description":"(EFE).- Los grupos Lori Meyers, Los Coronas, Depedro y La M.O.D.A actuar\u00e1n en la XI edici\u00f3n del festival de m\u00fasica independiente Palencia Sonora, en el que se fusionan sonidos rock, folk, blues, funky, indie, hip hop y pop. El Festival Palencia Sonora celebrar\u00e1 su concierto principal el d\u00eda 7 de junio en el Parque del","canonical_url":"https:\/\/eldigitaldeasturias.com\/magazine365\/el-palencia-sonora-reune-a-lori-meyers-los-coronas-depedro-y-la-m-o-d-a\/","robots":"max-image-preview:large","keywords":"noticias y actualidad","webmasterTools":{"google-site-verification":"UA-38556648-1","miscellaneous":""},"schema":{"@context":"https:\/\/schema.org","@graph":[{"@type":"Article","@id":"https:\/\/eldigitaldeasturias.com\/magazine365\/el-palencia-sonora-reune-a-lori-meyers-los-coronas-depedro-y-la-m-o-d-a\/#article","name":"El Palencia Sonora re\u00fane a Lori Meyers, Los Coronas, Depedro y La M.O.D.A. | El Digital de Asturias","headline":"El Palencia Sonora re\u00fane a Lori Meyers, Los Coronas, Depedro y La M.O.D.A.","author":{"@id":"https:\/\/eldigitaldeasturias.com\/magazine365\/author\/admin\/#author"},"publisher":{"@id":"https:\/\/eldigitaldeasturias.com\/magazine365\/#organization"},"image":{"@type":"ImageObject","url":"https:\/\/eldigitaldeasturias.com\/magazine365\/wp-content\/uploads\/2014\/05\/6294396w.jpg","width":800,"height":562},"datePublished":"2014-05-24T12:41:14+02:00","dateModified":"2014-05-24T12:41:14+02:00","inLanguage":"es-ES","mainEntityOfPage":{"@id":"https:\/\/eldigitaldeasturias.com\/magazine365\/el-palencia-sonora-reune-a-lori-meyers-los-coronas-depedro-y-la-m-o-d-a\/#webpage"},"isPartOf":{"@id":"https:\/\/eldigitaldeasturias.com\/magazine365\/el-palencia-sonora-reune-a-lori-meyers-los-coronas-depedro-y-la-m-o-d-a\/#webpage"},"articleSection":"Noticias y Actualidad"},{"@type":"BreadcrumbList","@id":"https:\/\/eldigitaldeasturias.com\/magazine365\/el-palencia-sonora-reune-a-lori-meyers-los-coronas-depedro-y-la-m-o-d-a\/#breadcrumblist","itemListElement":[{"@type":"ListItem","@id":"https:\/\/eldigitaldeasturias.com\/magazine365#listItem","position":1,"name":"Home","item":"https:\/\/eldigitaldeasturias.com\/magazine365","nextItem":{"@type":"ListItem","@id":"https:\/\/eldigitaldeasturias.com\/magazine365\/category\/noticias-actualidad\/#listItem","name":"Noticias y Actualidad"}},{"@type":"ListItem","@id":"https:\/\/eldigitaldeasturias.com\/magazine365\/category\/noticias-actualidad\/#listItem","position":2,"name":"Noticias y Actualidad","item":"https:\/\/eldigitaldeasturias.com\/magazine365\/category\/noticias-actualidad\/","nextItem":{"@type":"ListItem","@id":"https:\/\/eldigitaldeasturias.com\/magazine365\/el-palencia-sonora-reune-a-lori-meyers-los-coronas-depedro-y-la-m-o-d-a\/#listItem","name":"El Palencia Sonora re\u00fane a Lori Meyers, Los Coronas, Depedro y La M.O.D.A."},"previousItem":{"@type":"ListItem","@id":"https:\/\/eldigitaldeasturias.com\/magazine365#listItem","name":"Home"}},{"@type":"ListItem","@id":"https:\/\/eldigitaldeasturias.com\/magazine365\/el-palencia-sonora-reune-a-lori-meyers-los-coronas-depedro-y-la-m-o-d-a\/#listItem","position":3,"name":"El Palencia Sonora re\u00fane a Lori Meyers, Los Coronas, Depedro y La M.O.D.A.","previousItem":{"@type":"ListItem","@id":"https:\/\/eldigitaldeasturias.com\/magazine365\/category\/noticias-actualidad\/#listItem","name":"Noticias y Actualidad"}}]},{"@type":"Organization","@id":"https:\/\/eldigitaldeasturias.com\/magazine365\/#organization","name":"El digital de Asturias","description":"Revista de ocio, turismo y estilo de vida","url":"https:\/\/eldigitaldeasturias.com\/magazine365\/","logo":{"@type":"ImageObject","url":"https:\/\/www.eldigitaldeasturias.com\/noticias\/wp-content\/uploads\/2020\/12\/EDA.jpg","@id":"https:\/\/eldigitaldeasturias.com\/magazine365\/el-palencia-sonora-reune-a-lori-meyers-los-coronas-depedro-y-la-m-o-d-a\/#organizationLogo"},"image":{"@id":"https:\/\/eldigitaldeasturias.com\/magazine365\/el-palencia-sonora-reune-a-lori-meyers-los-coronas-depedro-y-la-m-o-d-a\/#organizationLogo"}},{"@type":"Person","@id":"https:\/\/eldigitaldeasturias.com\/magazine365\/author\/admin\/#author","url":"https:\/\/eldigitaldeasturias.com\/magazine365\/author\/admin\/","name":"admin","image":{"@type":"ImageObject","@id":"https:\/\/eldigitaldeasturias.com\/magazine365\/el-palencia-sonora-reune-a-lori-meyers-los-coronas-depedro-y-la-m-o-d-a\/#authorImage","url":"https:\/\/eldigitaldeasturias.com\/magazine365\/wp-content\/litespeed\/avatar\/e571bcf59a0edd6fa6838245a470f2fe.jpg?ver=1776969259","width":96,"height":96,"caption":"admin"}},{"@type":"WebPage","@id":"https:\/\/eldigitaldeasturias.com\/magazine365\/el-palencia-sonora-reune-a-lori-meyers-los-coronas-depedro-y-la-m-o-d-a\/#webpage","url":"https:\/\/eldigitaldeasturias.com\/magazine365\/el-palencia-sonora-reune-a-lori-meyers-los-coronas-depedro-y-la-m-o-d-a\/","name":"El Palencia Sonora re\u00fane a Lori Meyers, Los Coronas, Depedro y La M.O.D.A. | El Digital de Asturias","description":"(EFE).- Los grupos Lori Meyers, Los Coronas, Depedro y La M.O.D.A actuar\u00e1n en la XI edici\u00f3n del festival de m\u00fasica independiente Palencia Sonora, en el que se fusionan sonidos rock, folk, blues, funky, indie, hip hop y pop. El Festival Palencia Sonora celebrar\u00e1 su concierto principal el d\u00eda 7 de junio en el Parque del","inLanguage":"es-ES","isPartOf":{"@id":"https:\/\/eldigitaldeasturias.com\/magazine365\/#website"},"breadcrumb":{"@id":"https:\/\/eldigitaldeasturias.com\/magazine365\/el-palencia-sonora-reune-a-lori-meyers-los-coronas-depedro-y-la-m-o-d-a\/#breadcrumblist"},"author":{"@id":"https:\/\/eldigitaldeasturias.com\/magazine365\/author\/admin\/#author"},"creator":{"@id":"https:\/\/eldigitaldeasturias.com\/magazine365\/author\/admin\/#author"},"image":{"@type":"ImageObject","url":"https:\/\/eldigitaldeasturias.com\/magazine365\/wp-content\/uploads\/2014\/05\/6294396w.jpg","@id":"https:\/\/eldigitaldeasturias.com\/magazine365\/el-palencia-sonora-reune-a-lori-meyers-los-coronas-depedro-y-la-m-o-d-a\/#mainImage","width":800,"height":562},"primaryImageOfPage":{"@id":"https:\/\/eldigitaldeasturias.com\/magazine365\/el-palencia-sonora-reune-a-lori-meyers-los-coronas-depedro-y-la-m-o-d-a\/#mainImage"},"datePublished":"2014-05-24T12:41:14+02:00","dateModified":"2014-05-24T12:41:14+02:00"},{"@type":"WebSite","@id":"https:\/\/eldigitaldeasturias.com\/magazine365\/#website","url":"https:\/\/eldigitaldeasturias.com\/magazine365\/","name":"El Digital de Asturias","description":"Revista de ocio, turismo y estilo de vida","inLanguage":"es-ES","publisher":{"@id":"https:\/\/eldigitaldeasturias.com\/magazine365\/#organization"}}]},"og:locale":"es_ES","og:site_name":"El Digital de Asturias \u2013 Revista de ocio, turismo y estilo de vida","og:type":"article","og:title":"El Palencia Sonora re\u00fane a Lori Meyers, Los Coronas, Depedro y La M.O.D.A. | El Digital de Asturias","og:description":"(EFE).- Los grupos Lori Meyers, Los Coronas, Depedro y La M.O.D.A actuar\u00e1n en la XI edici\u00f3n del festival de m\u00fasica independiente Palencia Sonora, en el que se fusionan sonidos rock, folk, blues, funky, indie, hip hop y pop. El Festival Palencia Sonora celebrar\u00e1 su concierto principal el d\u00eda 7 de junio en el Parque del","og:url":"https:\/\/eldigitaldeasturias.com\/magazine365\/el-palencia-sonora-reune-a-lori-meyers-los-coronas-depedro-y-la-m-o-d-a\/","og:image":"https:\/\/eldigitaldeasturias.com\/magazine365\/wp-content\/uploads\/2014\/05\/6294396w.jpg","og:image:secure_url":"https:\/\/eldigitaldeasturias.com\/magazine365\/wp-content\/uploads\/2014\/05\/6294396w.jpg","og:image:width":800,"og:image:height":562,"article:published_time":"2014-05-24T14:41:14+00:00","article:modified_time":"2014-05-24T14:41:14+00:00","twitter:card":"summary_large_image","twitter:title":"El Palencia Sonora re\u00fane a Lori Meyers, Los Coronas, Depedro y La M.O.D.A. | El Digital de Asturias","twitter:description":"(EFE).- Los grupos Lori Meyers, Los Coronas, Depedro y La M.O.D.A actuar\u00e1n en la XI edici\u00f3n del festival de m\u00fasica independiente Palencia Sonora, en el que se fusionan sonidos rock, folk, blues, funky, indie, hip hop y pop. El Festival Palencia Sonora celebrar\u00e1 su concierto principal el d\u00eda 7 de junio en el Parque del","twitter:image":"https:\/\/eldigitaldeasturias.com\/magazine365\/wp-content\/uploads\/2014\/05\/6294396w.jpg"},"aioseo_meta_data":{"post_id":"13780","title":null,"description":null,"keywords":null,"keyphrases":null,"primary_term":null,"canonical_url":null,"og_title":null,"og_description":null,"og_object_type":"default","og_image_type":"default","og_image_url":null,"og_image_width":null,"og_image_height":null,"og_image_custom_url":null,"og_image_custom_fields":null,"og_video":null,"og_custom_url":null,"og_article_section":null,"og_article_tags":null,"twitter_use_og":false,"twitter_card":"default","twitter_image_type":"default","twitter_image_url":null,"twitter_image_custom_url":null,"twitter_image_custom_fields":null,"twitter_title":null,"twitter_description":null,"schema":{"blockGraphs":[],"customGraphs":[],"default":{"data":{"Article":[],"Course":[],"Dataset":[],"FAQPage":[],"Movie":[],"Person":[],"Product":[],"ProductReview":[],"Car":[],"Recipe":[],"Service":[],"SoftwareApplication":[],"WebPage":[]},"graphName":"","isEnabled":true},"graphs":[],"defaultGraph":"","defaultPostTypeGraph":""},"schema_type":null,"schema_type_options":null,"pillar_content":false,"robots_default":true,"robots_noindex":false,"robots_noarchive":false,"robots_nosnippet":false,"robots_nofollow":false,"robots_noimageindex":false,"robots_noodp":false,"robots_notranslate":false,"robots_max_snippet":null,"robots_max_videopreview":null,"robots_max_imagepreview":"large","priority":null,"frequency":null,"location":null,"local_seo":null,"seo_analyzer_scan_date":"2025-09-17 08:56:55","breadcrumb_settings":null,"limit_modified_date":false,"open_ai":null,"ai":null,"created":"2021-03-09 08:23:49","updated":"2025-09-17 08:56:55"},"aioseo_breadcrumb":"<div class=\"aioseo-breadcrumbs\"><span class=\"aioseo-breadcrumb\">\n\t<a href=\"https:\/\/eldigitaldeasturias.com\/magazine365\" title=\"Home\">Home<\/a>\n<\/span><span class=\"aioseo-breadcrumb-separator\">\u2013<\/span><span class=\"aioseo-breadcrumb\">\n\t<a href=\"https:\/\/eldigitaldeasturias.com\/magazine365\/category\/noticias-actualidad\/\" title=\"Noticias y Actualidad\">Noticias y Actualidad<\/a>\n<\/span><span class=\"aioseo-breadcrumb-separator\">\u2013<\/span><span class=\"aioseo-breadcrumb\">\n\t<a href=\"https:\/\/eldigitaldeasturias.com\/magazine365\/el-palencia-sonora-reune-a-lori-meyers-los-coronas-depedro-y-la-m-o-d-a\/\" title=\"El Palencia Sonora re\u00fane a Lori Meyers, Los Coronas, Depedro y La M.O.D.A.\">El Palencia Sonora re\u00fane a Lori Meyers, Los Coronas, Depedro y La M.O.D.A.<\/a>\n<\/span><\/div>","aioseo_breadcrumb_json":[{"label":"Home","link":"https:\/\/eldigitaldeasturias.com\/magazine365"},{"label":"Noticias y Actualidad","link":"https:\/\/eldigitaldeasturias.com\/magazine365\/category\/noticias-actualidad\/"},{"label":"El Palencia Sonora re\u00fane a Lori Meyers, Los Coronas, Depedro y La M.O.D.A.","link":"https:\/\/eldigitaldeasturias.com\/magazine365\/el-palencia-sonora-reune-a-lori-meyers-los-coronas-depedro-y-la-m-o-d-a\/"}],"_links":{"self":[{"href":"https:\/\/eldigitaldeasturias.com\/magazine365\/wp-json\/wp\/v2\/posts\/13780","targetHints":{"allow":["GET"]}}],"collection":[{"href":"https:\/\/eldigitaldeasturias.com\/magazine365\/wp-json\/wp\/v2\/posts"}],"about":[{"href":"https:\/\/eldigitaldeasturias.com\/magazine365\/wp-json\/wp\/v2\/types\/post"}],"author":[{"embeddable":true,"href":"https:\/\/eldigitaldeasturias.com\/magazine365\/wp-json\/wp\/v2\/users\/1"}],"replies":[{"embeddable":true,"href":"https:\/\/eldigitaldeasturias.com\/magazine365\/wp-json\/wp\/v2\/comments?post=13780"}],"version-history":[{"count":0,"href":"https:\/\/eldigitaldeasturias.com\/magazine365\/wp-json\/wp\/v2\/posts\/13780\/revisions"}],"wp:featuredmedia":[{"embeddable":true,"href":"https:\/\/eldigitaldeasturias.com\/magazine365\/wp-json\/wp\/v2\/media\/13781"}],"wp:attachment":[{"href":"https:\/\/eldigitaldeasturias.com\/magazine365\/wp-json\/wp\/v2\/media?parent=13780"}],"wp:term":[{"taxonomy":"category","embeddable":true,"href":"https:\/\/eldigitaldeasturias.com\/magazine365\/wp-json\/wp\/v2\/categories?post=13780"},{"taxonomy":"post_tag","embeddable":true,"href":"https:\/\/eldigitaldeasturias.com\/magazine365\/wp-json\/wp\/v2\/tags?post=13780"}],"curies":[{"name":"wp","href":"https:\/\/api.w.org\/{rel}","templated":true}]}}