{"id":13774,"date":"2014-05-24T12:38:48","date_gmt":"2014-05-24T14:38:48","guid":{"rendered":"http:\/\/eldigitaldeasturias.com\/magazine365\/?p=13774"},"modified":"2014-05-24T12:38:48","modified_gmt":"2014-05-24T14:38:48","slug":"el-valle-salado-y-la-catedral-de-jaen-candidatos-al-patrimonio-de-la-unesco","status":"publish","type":"post","link":"https:\/\/eldigitaldeasturias.com\/magazine365\/el-valle-salado-y-la-catedral-de-jaen-candidatos-al-patrimonio-de-la-unesco\/","title":{"rendered":"El Valle Salado y la catedral de Ja\u00e9n, candidatos al Patrimonio de la Unesco"},"content":{"rendered":"<p><img fetchpriority=\"high\" decoding=\"async\" class=\"alignleft size-medium wp-image-13775\" alt=\"6294376w\" src=\"https:\/\/eldigitaldeasturias.com\/magazine365\/wp-content\/uploads\/2014\/05\/6294376w-360x274.jpg\" width=\"360\" height=\"274\" \/>(EFE).- El paisaje cultural del Valle Salado de A\u00f1ana, en \u00c1lava, y la catedral de Ja\u00e9n figuran entre los candidatos a entrar en la Lista del Patrimonio Mundial de la Unesco durante la reuni\u00f3n que se celebrar\u00e1 en Doha, la capital de Catar, del 15 al 25 de junio pr\u00f3ximos.<\/p>\n<p>\u00c9stas son las dos candidaturas espa\u00f1olas entre las 40 presentadas hoy de todo el mundo por la Unesco como susceptibles de entrar en esa lista durante el Comit\u00e9 del Patrimonio Mundial del mes pr\u00f3ximo, que servir\u00e1 tambi\u00e9n para analizar el estado de conservaci\u00f3n de los sitios ya inscritos.<\/p>\n<p>En un comunicado, la Organizaci\u00f3n de Naciones Unidas para la Educaci\u00f3n, la Ciencia y la Cultura (Unesco) precis\u00f3 que se espera que el comit\u00e9 examine esas 40 propuestas, pero los Estados \u00abpueden retirarlas, si lo desean, antes de la reuni\u00f3n\u00bb.<\/p>\n<p>Tanto el paisaje cultural del Valle Salado de A\u00f1ana como la catedral de Ja\u00e9n (en concreto la ampliaci\u00f3n de los conjuntos monumentales renacentistas de \u00dabeda y Baeza) figuran en la categor\u00eda de sitios culturales, donde est\u00e1n la mayor parte de los pretendientes (29 de 40).<\/p>\n<p>Las otras categor\u00edas son los sitios naturales (9) y los mixtos, naturales y culturales.<\/p>\n<p>La candidatura propuesta por Palestina, tierra de olivos y vi\u00f1as como paisaje cultural del sur de Berusal\u00e9n, Battir, ser\u00e1 examinada por el comit\u00e9 por el procedimiento de emergencia que se aplica a solicitudes de inscripci\u00f3n que conciernen a \u00absitios que enfrentan serios peligros\u00bb.<\/p>\n","protected":false},"excerpt":{"rendered":"<p>(EFE).- El paisaje cultural del Valle Salado de A\u00f1ana, en \u00c1lava, y la catedral de Ja\u00e9n figuran entre los candidatos a entrar en la Lista del Patrimonio Mundial de la Unesco durante la reuni\u00f3n que se celebrar\u00e1 en Doha, la capital de Catar, del 15 al 25 de junio pr\u00f3ximos. \u00c9stas son las dos candidaturas<\/p>\n","protected":false},"author":1,"featured_media":13775,"comment_status":"open","ping_status":"closed","sticky":false,"template":"","format":"standard","meta":{"footnotes":""},"categories":[224],"tags":[],"class_list":{"0":"post-13774","1":"post","2":"type-post","3":"status-publish","4":"format-standard","5":"has-post-thumbnail","7":"category-noticias-actualidad"},"aioseo_notices":[],"aioseo_head":"\n\t\t<!-- All in One SEO Pro 4.9.6.1 - aioseo.com -->\n\t<meta name=\"description\" content=\"(EFE).- El paisaje cultural del Valle Salado de A\u00f1ana, en \u00c1lava, y la catedral de Ja\u00e9n figuran entre los candidatos a entrar en la Lista del Patrimonio Mundial de la Unesco durante la reuni\u00f3n que se celebrar\u00e1 en Doha, la capital de Catar, del 15 al 25 de junio pr\u00f3ximos. \u00c9stas son las dos candidaturas\" \/>\n\t<meta name=\"robots\" content=\"max-image-preview:large\" \/>\n\t<meta name=\"author\" content=\"admin\"\/>\n\t<meta name=\"google-site-verification\" content=\"UA-38556648-1\" \/>\n\t<meta name=\"keywords\" content=\"noticias y actualidad\" \/>\n\t<link rel=\"canonical\" href=\"https:\/\/eldigitaldeasturias.com\/magazine365\/el-valle-salado-y-la-catedral-de-jaen-candidatos-al-patrimonio-de-la-unesco\/\" \/>\n\t<meta name=\"generator\" content=\"All in One SEO Pro (AIOSEO) 4.9.6.1\" \/>\n\t\t<meta property=\"og:locale\" content=\"es_ES\" \/>\n\t\t<meta property=\"og:site_name\" content=\"El Digital de Asturias \u2013 Revista de ocio, turismo y estilo de vida\" \/>\n\t\t<meta property=\"og:type\" content=\"article\" \/>\n\t\t<meta property=\"og:title\" content=\"El Valle Salado y la catedral de Ja\u00e9n, candidatos al Patrimonio de la Unesco | El Digital de Asturias\" \/>\n\t\t<meta property=\"og:description\" content=\"(EFE).- El paisaje cultural del Valle Salado de A\u00f1ana, en \u00c1lava, y la catedral de Ja\u00e9n figuran entre los candidatos a entrar en la Lista del Patrimonio Mundial de la Unesco durante la reuni\u00f3n que se celebrar\u00e1 en Doha, la capital de Catar, del 15 al 25 de junio pr\u00f3ximos. \u00c9stas son las dos candidaturas\" \/>\n\t\t<meta property=\"og:url\" content=\"https:\/\/eldigitaldeasturias.com\/magazine365\/el-valle-salado-y-la-catedral-de-jaen-candidatos-al-patrimonio-de-la-unesco\/\" \/>\n\t\t<meta property=\"og:image\" content=\"https:\/\/eldigitaldeasturias.com\/magazine365\/wp-content\/uploads\/2014\/05\/6294376w.jpg\" \/>\n\t\t<meta property=\"og:image:secure_url\" content=\"https:\/\/eldigitaldeasturias.com\/magazine365\/wp-content\/uploads\/2014\/05\/6294376w.jpg\" \/>\n\t\t<meta property=\"og:image:width\" content=\"800\" \/>\n\t\t<meta property=\"og:image:height\" content=\"610\" \/>\n\t\t<meta property=\"article:published_time\" content=\"2014-05-24T14:38:48+00:00\" \/>\n\t\t<meta property=\"article:modified_time\" content=\"2014-05-24T14:38:48+00:00\" \/>\n\t\t<meta name=\"twitter:card\" content=\"summary_large_image\" \/>\n\t\t<meta name=\"twitter:title\" content=\"El Valle Salado y la catedral de Ja\u00e9n, candidatos al Patrimonio de la Unesco | El Digital de Asturias\" \/>\n\t\t<meta name=\"twitter:description\" content=\"(EFE).- El paisaje cultural del Valle Salado de A\u00f1ana, en \u00c1lava, y la catedral de Ja\u00e9n figuran entre los candidatos a entrar en la Lista del Patrimonio Mundial de la Unesco durante la reuni\u00f3n que se celebrar\u00e1 en Doha, la capital de Catar, del 15 al 25 de junio pr\u00f3ximos. \u00c9stas son las dos candidaturas\" \/>\n\t\t<meta name=\"twitter:image\" content=\"https:\/\/eldigitaldeasturias.com\/magazine365\/wp-content\/uploads\/2014\/05\/6294376w.jpg\" \/>\n\t\t<script type=\"application\/ld+json\" class=\"aioseo-schema\">\n\t\t\t{\"@context\":\"https:\\\/\\\/schema.org\",\"@graph\":[{\"@type\":\"Article\",\"@id\":\"https:\\\/\\\/eldigitaldeasturias.com\\\/magazine365\\\/el-valle-salado-y-la-catedral-de-jaen-candidatos-al-patrimonio-de-la-unesco\\\/#article\",\"name\":\"El Valle Salado y la catedral de Ja\\u00e9n, candidatos al Patrimonio de la Unesco | El Digital de Asturias\",\"headline\":\"El Valle Salado y la catedral de Ja\\u00e9n, candidatos al Patrimonio de la Unesco\",\"author\":{\"@id\":\"https:\\\/\\\/eldigitaldeasturias.com\\\/magazine365\\\/author\\\/admin\\\/#author\"},\"publisher\":{\"@id\":\"https:\\\/\\\/eldigitaldeasturias.com\\\/magazine365\\\/#organization\"},\"image\":{\"@type\":\"ImageObject\",\"url\":\"https:\\\/\\\/eldigitaldeasturias.com\\\/magazine365\\\/wp-content\\\/uploads\\\/2014\\\/05\\\/6294376w.jpg\",\"width\":800,\"height\":610},\"datePublished\":\"2014-05-24T12:38:48+02:00\",\"dateModified\":\"2014-05-24T12:38:48+02:00\",\"inLanguage\":\"es-ES\",\"mainEntityOfPage\":{\"@id\":\"https:\\\/\\\/eldigitaldeasturias.com\\\/magazine365\\\/el-valle-salado-y-la-catedral-de-jaen-candidatos-al-patrimonio-de-la-unesco\\\/#webpage\"},\"isPartOf\":{\"@id\":\"https:\\\/\\\/eldigitaldeasturias.com\\\/magazine365\\\/el-valle-salado-y-la-catedral-de-jaen-candidatos-al-patrimonio-de-la-unesco\\\/#webpage\"},\"articleSection\":\"Noticias y Actualidad\"},{\"@type\":\"BreadcrumbList\",\"@id\":\"https:\\\/\\\/eldigitaldeasturias.com\\\/magazine365\\\/el-valle-salado-y-la-catedral-de-jaen-candidatos-al-patrimonio-de-la-unesco\\\/#breadcrumblist\",\"itemListElement\":[{\"@type\":\"ListItem\",\"@id\":\"https:\\\/\\\/eldigitaldeasturias.com\\\/magazine365#listItem\",\"position\":1,\"name\":\"Home\",\"item\":\"https:\\\/\\\/eldigitaldeasturias.com\\\/magazine365\",\"nextItem\":{\"@type\":\"ListItem\",\"@id\":\"https:\\\/\\\/eldigitaldeasturias.com\\\/magazine365\\\/category\\\/noticias-actualidad\\\/#listItem\",\"name\":\"Noticias y Actualidad\"}},{\"@type\":\"ListItem\",\"@id\":\"https:\\\/\\\/eldigitaldeasturias.com\\\/magazine365\\\/category\\\/noticias-actualidad\\\/#listItem\",\"position\":2,\"name\":\"Noticias y Actualidad\",\"item\":\"https:\\\/\\\/eldigitaldeasturias.com\\\/magazine365\\\/category\\\/noticias-actualidad\\\/\",\"nextItem\":{\"@type\":\"ListItem\",\"@id\":\"https:\\\/\\\/eldigitaldeasturias.com\\\/magazine365\\\/el-valle-salado-y-la-catedral-de-jaen-candidatos-al-patrimonio-de-la-unesco\\\/#listItem\",\"name\":\"El Valle Salado y la catedral de Ja\\u00e9n, candidatos al Patrimonio de la Unesco\"},\"previousItem\":{\"@type\":\"ListItem\",\"@id\":\"https:\\\/\\\/eldigitaldeasturias.com\\\/magazine365#listItem\",\"name\":\"Home\"}},{\"@type\":\"ListItem\",\"@id\":\"https:\\\/\\\/eldigitaldeasturias.com\\\/magazine365\\\/el-valle-salado-y-la-catedral-de-jaen-candidatos-al-patrimonio-de-la-unesco\\\/#listItem\",\"position\":3,\"name\":\"El Valle Salado y la catedral de Ja\\u00e9n, candidatos al Patrimonio de la Unesco\",\"previousItem\":{\"@type\":\"ListItem\",\"@id\":\"https:\\\/\\\/eldigitaldeasturias.com\\\/magazine365\\\/category\\\/noticias-actualidad\\\/#listItem\",\"name\":\"Noticias y Actualidad\"}}]},{\"@type\":\"Organization\",\"@id\":\"https:\\\/\\\/eldigitaldeasturias.com\\\/magazine365\\\/#organization\",\"name\":\"El digital de Asturias\",\"description\":\"Revista de ocio, turismo y estilo de vida\",\"url\":\"https:\\\/\\\/eldigitaldeasturias.com\\\/magazine365\\\/\",\"logo\":{\"@type\":\"ImageObject\",\"url\":\"https:\\\/\\\/www.eldigitaldeasturias.com\\\/noticias\\\/wp-content\\\/uploads\\\/2020\\\/12\\\/EDA.jpg\",\"@id\":\"https:\\\/\\\/eldigitaldeasturias.com\\\/magazine365\\\/el-valle-salado-y-la-catedral-de-jaen-candidatos-al-patrimonio-de-la-unesco\\\/#organizationLogo\"},\"image\":{\"@id\":\"https:\\\/\\\/eldigitaldeasturias.com\\\/magazine365\\\/el-valle-salado-y-la-catedral-de-jaen-candidatos-al-patrimonio-de-la-unesco\\\/#organizationLogo\"}},{\"@type\":\"Person\",\"@id\":\"https:\\\/\\\/eldigitaldeasturias.com\\\/magazine365\\\/author\\\/admin\\\/#author\",\"url\":\"https:\\\/\\\/eldigitaldeasturias.com\\\/magazine365\\\/author\\\/admin\\\/\",\"name\":\"admin\",\"image\":{\"@type\":\"ImageObject\",\"@id\":\"https:\\\/\\\/eldigitaldeasturias.com\\\/magazine365\\\/el-valle-salado-y-la-catedral-de-jaen-candidatos-al-patrimonio-de-la-unesco\\\/#authorImage\",\"url\":\"https:\\\/\\\/eldigitaldeasturias.com\\\/magazine365\\\/wp-content\\\/litespeed\\\/avatar\\\/e571bcf59a0edd6fa6838245a470f2fe.jpg?ver=1776969259\",\"width\":96,\"height\":96,\"caption\":\"admin\"}},{\"@type\":\"WebPage\",\"@id\":\"https:\\\/\\\/eldigitaldeasturias.com\\\/magazine365\\\/el-valle-salado-y-la-catedral-de-jaen-candidatos-al-patrimonio-de-la-unesco\\\/#webpage\",\"url\":\"https:\\\/\\\/eldigitaldeasturias.com\\\/magazine365\\\/el-valle-salado-y-la-catedral-de-jaen-candidatos-al-patrimonio-de-la-unesco\\\/\",\"name\":\"El Valle Salado y la catedral de Ja\\u00e9n, candidatos al Patrimonio de la Unesco | El Digital de Asturias\",\"description\":\"(EFE).- El paisaje cultural del Valle Salado de A\\u00f1ana, en \\u00c1lava, y la catedral de Ja\\u00e9n figuran entre los candidatos a entrar en la Lista del Patrimonio Mundial de la Unesco durante la reuni\\u00f3n que se celebrar\\u00e1 en Doha, la capital de Catar, del 15 al 25 de junio pr\\u00f3ximos. \\u00c9stas son las dos candidaturas\",\"inLanguage\":\"es-ES\",\"isPartOf\":{\"@id\":\"https:\\\/\\\/eldigitaldeasturias.com\\\/magazine365\\\/#website\"},\"breadcrumb\":{\"@id\":\"https:\\\/\\\/eldigitaldeasturias.com\\\/magazine365\\\/el-valle-salado-y-la-catedral-de-jaen-candidatos-al-patrimonio-de-la-unesco\\\/#breadcrumblist\"},\"author\":{\"@id\":\"https:\\\/\\\/eldigitaldeasturias.com\\\/magazine365\\\/author\\\/admin\\\/#author\"},\"creator\":{\"@id\":\"https:\\\/\\\/eldigitaldeasturias.com\\\/magazine365\\\/author\\\/admin\\\/#author\"},\"image\":{\"@type\":\"ImageObject\",\"url\":\"https:\\\/\\\/eldigitaldeasturias.com\\\/magazine365\\\/wp-content\\\/uploads\\\/2014\\\/05\\\/6294376w.jpg\",\"@id\":\"https:\\\/\\\/eldigitaldeasturias.com\\\/magazine365\\\/el-valle-salado-y-la-catedral-de-jaen-candidatos-al-patrimonio-de-la-unesco\\\/#mainImage\",\"width\":800,\"height\":610},\"primaryImageOfPage\":{\"@id\":\"https:\\\/\\\/eldigitaldeasturias.com\\\/magazine365\\\/el-valle-salado-y-la-catedral-de-jaen-candidatos-al-patrimonio-de-la-unesco\\\/#mainImage\"},\"datePublished\":\"2014-05-24T12:38:48+02:00\",\"dateModified\":\"2014-05-24T12:38:48+02:00\"},{\"@type\":\"WebSite\",\"@id\":\"https:\\\/\\\/eldigitaldeasturias.com\\\/magazine365\\\/#website\",\"url\":\"https:\\\/\\\/eldigitaldeasturias.com\\\/magazine365\\\/\",\"name\":\"El Digital de Asturias\",\"description\":\"Revista de ocio, turismo y estilo de vida\",\"inLanguage\":\"es-ES\",\"publisher\":{\"@id\":\"https:\\\/\\\/eldigitaldeasturias.com\\\/magazine365\\\/#organization\"}}]}\n\t\t<\/script>\n\t\t<!-- All in One SEO Pro -->\r\n\t\t<title>El Valle Salado y la catedral de Ja\u00e9n, candidatos al Patrimonio de la Unesco | El Digital de Asturias<\/title>\n\n","aioseo_head_json":{"title":"El Valle Salado y la catedral de Ja\u00e9n, candidatos al Patrimonio de la Unesco | El Digital de Asturias","description":"(EFE).- El paisaje cultural del Valle Salado de A\u00f1ana, en \u00c1lava, y la catedral de Ja\u00e9n figuran entre los candidatos a entrar en la Lista del Patrimonio Mundial de la Unesco durante la reuni\u00f3n que se celebrar\u00e1 en Doha, la capital de Catar, del 15 al 25 de junio pr\u00f3ximos. \u00c9stas son las dos candidaturas","canonical_url":"https:\/\/eldigitaldeasturias.com\/magazine365\/el-valle-salado-y-la-catedral-de-jaen-candidatos-al-patrimonio-de-la-unesco\/","robots":"max-image-preview:large","keywords":"noticias y actualidad","webmasterTools":{"google-site-verification":"UA-38556648-1","miscellaneous":""},"schema":{"@context":"https:\/\/schema.org","@graph":[{"@type":"Article","@id":"https:\/\/eldigitaldeasturias.com\/magazine365\/el-valle-salado-y-la-catedral-de-jaen-candidatos-al-patrimonio-de-la-unesco\/#article","name":"El Valle Salado y la catedral de Ja\u00e9n, candidatos al Patrimonio de la Unesco | El Digital de Asturias","headline":"El Valle Salado y la catedral de Ja\u00e9n, candidatos al Patrimonio de la Unesco","author":{"@id":"https:\/\/eldigitaldeasturias.com\/magazine365\/author\/admin\/#author"},"publisher":{"@id":"https:\/\/eldigitaldeasturias.com\/magazine365\/#organization"},"image":{"@type":"ImageObject","url":"https:\/\/eldigitaldeasturias.com\/magazine365\/wp-content\/uploads\/2014\/05\/6294376w.jpg","width":800,"height":610},"datePublished":"2014-05-24T12:38:48+02:00","dateModified":"2014-05-24T12:38:48+02:00","inLanguage":"es-ES","mainEntityOfPage":{"@id":"https:\/\/eldigitaldeasturias.com\/magazine365\/el-valle-salado-y-la-catedral-de-jaen-candidatos-al-patrimonio-de-la-unesco\/#webpage"},"isPartOf":{"@id":"https:\/\/eldigitaldeasturias.com\/magazine365\/el-valle-salado-y-la-catedral-de-jaen-candidatos-al-patrimonio-de-la-unesco\/#webpage"},"articleSection":"Noticias y Actualidad"},{"@type":"BreadcrumbList","@id":"https:\/\/eldigitaldeasturias.com\/magazine365\/el-valle-salado-y-la-catedral-de-jaen-candidatos-al-patrimonio-de-la-unesco\/#breadcrumblist","itemListElement":[{"@type":"ListItem","@id":"https:\/\/eldigitaldeasturias.com\/magazine365#listItem","position":1,"name":"Home","item":"https:\/\/eldigitaldeasturias.com\/magazine365","nextItem":{"@type":"ListItem","@id":"https:\/\/eldigitaldeasturias.com\/magazine365\/category\/noticias-actualidad\/#listItem","name":"Noticias y Actualidad"}},{"@type":"ListItem","@id":"https:\/\/eldigitaldeasturias.com\/magazine365\/category\/noticias-actualidad\/#listItem","position":2,"name":"Noticias y Actualidad","item":"https:\/\/eldigitaldeasturias.com\/magazine365\/category\/noticias-actualidad\/","nextItem":{"@type":"ListItem","@id":"https:\/\/eldigitaldeasturias.com\/magazine365\/el-valle-salado-y-la-catedral-de-jaen-candidatos-al-patrimonio-de-la-unesco\/#listItem","name":"El Valle Salado y la catedral de Ja\u00e9n, candidatos al Patrimonio de la Unesco"},"previousItem":{"@type":"ListItem","@id":"https:\/\/eldigitaldeasturias.com\/magazine365#listItem","name":"Home"}},{"@type":"ListItem","@id":"https:\/\/eldigitaldeasturias.com\/magazine365\/el-valle-salado-y-la-catedral-de-jaen-candidatos-al-patrimonio-de-la-unesco\/#listItem","position":3,"name":"El Valle Salado y la catedral de Ja\u00e9n, candidatos al Patrimonio de la Unesco","previousItem":{"@type":"ListItem","@id":"https:\/\/eldigitaldeasturias.com\/magazine365\/category\/noticias-actualidad\/#listItem","name":"Noticias y Actualidad"}}]},{"@type":"Organization","@id":"https:\/\/eldigitaldeasturias.com\/magazine365\/#organization","name":"El digital de Asturias","description":"Revista de ocio, turismo y estilo de vida","url":"https:\/\/eldigitaldeasturias.com\/magazine365\/","logo":{"@type":"ImageObject","url":"https:\/\/www.eldigitaldeasturias.com\/noticias\/wp-content\/uploads\/2020\/12\/EDA.jpg","@id":"https:\/\/eldigitaldeasturias.com\/magazine365\/el-valle-salado-y-la-catedral-de-jaen-candidatos-al-patrimonio-de-la-unesco\/#organizationLogo"},"image":{"@id":"https:\/\/eldigitaldeasturias.com\/magazine365\/el-valle-salado-y-la-catedral-de-jaen-candidatos-al-patrimonio-de-la-unesco\/#organizationLogo"}},{"@type":"Person","@id":"https:\/\/eldigitaldeasturias.com\/magazine365\/author\/admin\/#author","url":"https:\/\/eldigitaldeasturias.com\/magazine365\/author\/admin\/","name":"admin","image":{"@type":"ImageObject","@id":"https:\/\/eldigitaldeasturias.com\/magazine365\/el-valle-salado-y-la-catedral-de-jaen-candidatos-al-patrimonio-de-la-unesco\/#authorImage","url":"https:\/\/eldigitaldeasturias.com\/magazine365\/wp-content\/litespeed\/avatar\/e571bcf59a0edd6fa6838245a470f2fe.jpg?ver=1776969259","width":96,"height":96,"caption":"admin"}},{"@type":"WebPage","@id":"https:\/\/eldigitaldeasturias.com\/magazine365\/el-valle-salado-y-la-catedral-de-jaen-candidatos-al-patrimonio-de-la-unesco\/#webpage","url":"https:\/\/eldigitaldeasturias.com\/magazine365\/el-valle-salado-y-la-catedral-de-jaen-candidatos-al-patrimonio-de-la-unesco\/","name":"El Valle Salado y la catedral de Ja\u00e9n, candidatos al Patrimonio de la Unesco | El Digital de Asturias","description":"(EFE).- El paisaje cultural del Valle Salado de A\u00f1ana, en \u00c1lava, y la catedral de Ja\u00e9n figuran entre los candidatos a entrar en la Lista del Patrimonio Mundial de la Unesco durante la reuni\u00f3n que se celebrar\u00e1 en Doha, la capital de Catar, del 15 al 25 de junio pr\u00f3ximos. \u00c9stas son las dos candidaturas","inLanguage":"es-ES","isPartOf":{"@id":"https:\/\/eldigitaldeasturias.com\/magazine365\/#website"},"breadcrumb":{"@id":"https:\/\/eldigitaldeasturias.com\/magazine365\/el-valle-salado-y-la-catedral-de-jaen-candidatos-al-patrimonio-de-la-unesco\/#breadcrumblist"},"author":{"@id":"https:\/\/eldigitaldeasturias.com\/magazine365\/author\/admin\/#author"},"creator":{"@id":"https:\/\/eldigitaldeasturias.com\/magazine365\/author\/admin\/#author"},"image":{"@type":"ImageObject","url":"https:\/\/eldigitaldeasturias.com\/magazine365\/wp-content\/uploads\/2014\/05\/6294376w.jpg","@id":"https:\/\/eldigitaldeasturias.com\/magazine365\/el-valle-salado-y-la-catedral-de-jaen-candidatos-al-patrimonio-de-la-unesco\/#mainImage","width":800,"height":610},"primaryImageOfPage":{"@id":"https:\/\/eldigitaldeasturias.com\/magazine365\/el-valle-salado-y-la-catedral-de-jaen-candidatos-al-patrimonio-de-la-unesco\/#mainImage"},"datePublished":"2014-05-24T12:38:48+02:00","dateModified":"2014-05-24T12:38:48+02:00"},{"@type":"WebSite","@id":"https:\/\/eldigitaldeasturias.com\/magazine365\/#website","url":"https:\/\/eldigitaldeasturias.com\/magazine365\/","name":"El Digital de Asturias","description":"Revista de ocio, turismo y estilo de vida","inLanguage":"es-ES","publisher":{"@id":"https:\/\/eldigitaldeasturias.com\/magazine365\/#organization"}}]},"og:locale":"es_ES","og:site_name":"El Digital de Asturias \u2013 Revista de ocio, turismo y estilo de vida","og:type":"article","og:title":"El Valle Salado y la catedral de Ja\u00e9n, candidatos al Patrimonio de la Unesco | El Digital de Asturias","og:description":"(EFE).- El paisaje cultural del Valle Salado de A\u00f1ana, en \u00c1lava, y la catedral de Ja\u00e9n figuran entre los candidatos a entrar en la Lista del Patrimonio Mundial de la Unesco durante la reuni\u00f3n que se celebrar\u00e1 en Doha, la capital de Catar, del 15 al 25 de junio pr\u00f3ximos. \u00c9stas son las dos candidaturas","og:url":"https:\/\/eldigitaldeasturias.com\/magazine365\/el-valle-salado-y-la-catedral-de-jaen-candidatos-al-patrimonio-de-la-unesco\/","og:image":"https:\/\/eldigitaldeasturias.com\/magazine365\/wp-content\/uploads\/2014\/05\/6294376w.jpg","og:image:secure_url":"https:\/\/eldigitaldeasturias.com\/magazine365\/wp-content\/uploads\/2014\/05\/6294376w.jpg","og:image:width":800,"og:image:height":610,"article:published_time":"2014-05-24T14:38:48+00:00","article:modified_time":"2014-05-24T14:38:48+00:00","twitter:card":"summary_large_image","twitter:title":"El Valle Salado y la catedral de Ja\u00e9n, candidatos al Patrimonio de la Unesco | El Digital de Asturias","twitter:description":"(EFE).- El paisaje cultural del Valle Salado de A\u00f1ana, en \u00c1lava, y la catedral de Ja\u00e9n figuran entre los candidatos a entrar en la Lista del Patrimonio Mundial de la Unesco durante la reuni\u00f3n que se celebrar\u00e1 en Doha, la capital de Catar, del 15 al 25 de junio pr\u00f3ximos. \u00c9stas son las dos candidaturas","twitter:image":"https:\/\/eldigitaldeasturias.com\/magazine365\/wp-content\/uploads\/2014\/05\/6294376w.jpg"},"aioseo_meta_data":{"post_id":"13774","title":null,"description":null,"keywords":null,"keyphrases":null,"primary_term":null,"canonical_url":null,"og_title":null,"og_description":null,"og_object_type":"default","og_image_type":"default","og_image_url":null,"og_image_width":null,"og_image_height":null,"og_image_custom_url":null,"og_image_custom_fields":null,"og_video":null,"og_custom_url":null,"og_article_section":null,"og_article_tags":null,"twitter_use_og":false,"twitter_card":"default","twitter_image_type":"default","twitter_image_url":null,"twitter_image_custom_url":null,"twitter_image_custom_fields":null,"twitter_title":null,"twitter_description":null,"schema":{"blockGraphs":[],"customGraphs":[],"default":{"data":{"Article":[],"Course":[],"Dataset":[],"FAQPage":[],"Movie":[],"Person":[],"Product":[],"ProductReview":[],"Car":[],"Recipe":[],"Service":[],"SoftwareApplication":[],"WebPage":[]},"graphName":"","isEnabled":true},"graphs":[],"defaultGraph":"","defaultPostTypeGraph":""},"schema_type":null,"schema_type_options":null,"pillar_content":false,"robots_default":true,"robots_noindex":false,"robots_noarchive":false,"robots_nosnippet":false,"robots_nofollow":false,"robots_noimageindex":false,"robots_noodp":false,"robots_notranslate":false,"robots_max_snippet":null,"robots_max_videopreview":null,"robots_max_imagepreview":"large","priority":null,"frequency":null,"location":null,"local_seo":null,"seo_analyzer_scan_date":"2025-09-17 08:54:48","breadcrumb_settings":null,"limit_modified_date":false,"open_ai":null,"ai":null,"created":"2021-03-09 08:23:49","updated":"2025-09-17 08:54:48"},"aioseo_breadcrumb":"<div class=\"aioseo-breadcrumbs\"><span class=\"aioseo-breadcrumb\">\n\t<a href=\"https:\/\/eldigitaldeasturias.com\/magazine365\" title=\"Home\">Home<\/a>\n<\/span><span class=\"aioseo-breadcrumb-separator\">\u2013<\/span><span class=\"aioseo-breadcrumb\">\n\t<a href=\"https:\/\/eldigitaldeasturias.com\/magazine365\/category\/noticias-actualidad\/\" title=\"Noticias y Actualidad\">Noticias y Actualidad<\/a>\n<\/span><span class=\"aioseo-breadcrumb-separator\">\u2013<\/span><span class=\"aioseo-breadcrumb\">\n\t<a href=\"https:\/\/eldigitaldeasturias.com\/magazine365\/el-valle-salado-y-la-catedral-de-jaen-candidatos-al-patrimonio-de-la-unesco\/\" title=\"El Valle Salado y la catedral de Ja\u00e9n, candidatos al Patrimonio de la Unesco\">El Valle Salado y la catedral de Ja\u00e9n, candidatos al Patrimonio de la Unesco<\/a>\n<\/span><\/div>","aioseo_breadcrumb_json":[{"label":"Home","link":"https:\/\/eldigitaldeasturias.com\/magazine365"},{"label":"Noticias y Actualidad","link":"https:\/\/eldigitaldeasturias.com\/magazine365\/category\/noticias-actualidad\/"},{"label":"El Valle Salado y la catedral de Ja\u00e9n, candidatos al Patrimonio de la Unesco","link":"https:\/\/eldigitaldeasturias.com\/magazine365\/el-valle-salado-y-la-catedral-de-jaen-candidatos-al-patrimonio-de-la-unesco\/"}],"_links":{"self":[{"href":"https:\/\/eldigitaldeasturias.com\/magazine365\/wp-json\/wp\/v2\/posts\/13774","targetHints":{"allow":["GET"]}}],"collection":[{"href":"https:\/\/eldigitaldeasturias.com\/magazine365\/wp-json\/wp\/v2\/posts"}],"about":[{"href":"https:\/\/eldigitaldeasturias.com\/magazine365\/wp-json\/wp\/v2\/types\/post"}],"author":[{"embeddable":true,"href":"https:\/\/eldigitaldeasturias.com\/magazine365\/wp-json\/wp\/v2\/users\/1"}],"replies":[{"embeddable":true,"href":"https:\/\/eldigitaldeasturias.com\/magazine365\/wp-json\/wp\/v2\/comments?post=13774"}],"version-history":[{"count":0,"href":"https:\/\/eldigitaldeasturias.com\/magazine365\/wp-json\/wp\/v2\/posts\/13774\/revisions"}],"wp:featuredmedia":[{"embeddable":true,"href":"https:\/\/eldigitaldeasturias.com\/magazine365\/wp-json\/wp\/v2\/media\/13775"}],"wp:attachment":[{"href":"https:\/\/eldigitaldeasturias.com\/magazine365\/wp-json\/wp\/v2\/media?parent=13774"}],"wp:term":[{"taxonomy":"category","embeddable":true,"href":"https:\/\/eldigitaldeasturias.com\/magazine365\/wp-json\/wp\/v2\/categories?post=13774"},{"taxonomy":"post_tag","embeddable":true,"href":"https:\/\/eldigitaldeasturias.com\/magazine365\/wp-json\/wp\/v2\/tags?post=13774"}],"curies":[{"name":"wp","href":"https:\/\/api.w.org\/{rel}","templated":true}]}}