{"id":13771,"date":"2014-05-24T12:37:29","date_gmt":"2014-05-24T14:37:29","guid":{"rendered":"http:\/\/eldigitaldeasturias.com\/magazine365\/?p=13771"},"modified":"2014-05-24T12:37:29","modified_gmt":"2014-05-24T14:37:29","slug":"michael-haneke-declara-que-el-negocio-de-la-opera-es-mortal-para-el-arte","status":"publish","type":"post","link":"https:\/\/eldigitaldeasturias.com\/magazine365\/michael-haneke-declara-que-el-negocio-de-la-opera-es-mortal-para-el-arte\/","title":{"rendered":"Michael Haneke declara que el negocio de la \u00f3pera es mortal para el arte"},"content":{"rendered":"<p><img fetchpriority=\"high\" decoding=\"async\" class=\"alignleft size-medium wp-image-13772\" alt=\"6294319w\" src=\"https:\/\/eldigitaldeasturias.com\/magazine365\/wp-content\/uploads\/2014\/05\/6294319w-360x254.jpg\" width=\"360\" height=\"254\" \/>(EFE).- A Michael Haneke no le gusta hablar \u00abni de huevos que no han sido puestos\u00bb ni de las \u00abpieles de oso cazadas\u00bb, por eso no quiere adelantar nada sobre su pr\u00f3xima pel\u00edcula ni \u00abetiquetar\u00bb sus obras, ya sean en cine u \u00f3pera, a la que no piensa volver porque el negocio que la rodea \u00abes mortal para el arte\u00bb.<\/p>\n<p>Haneke ha pasado esta semana en el Real para ensayar, \u00abde sol a sol\u00bb, con el equipo musical que estren\u00f3 en ese teatro en febrero de 2013 \u00abCossi fan tutte\u00bb, la misma producci\u00f3n de la obra con la que recalar\u00e1 a principios de junio en Viena, seg\u00fan ha explicado esta tarde en un encuentro con la prensa este \u00abfreak\u00bb del control, como \u00e9l mismo se describe.<\/p>\n<p>El montaje se ofrecer\u00e1 en Viena con la Deutsche Kammerphilharmonie Bremen, dirigida por Sylvain Cambreling, y el Coro del Real, que interpretan en la actualidad en el coliseo madrile\u00f1o \u00abLos cuentos de Hoffmann\u00bb.<\/p>\n<p>\u00abHab\u00eda que retomarla porque hac\u00eda tiempo de su estreno pero nuestros cantantes -el elenco original se ha desplazado tambi\u00e9n a Madrid para ensayar con \u00e9l- tienen muy buena memoria\u00bb, ha detallado.<\/p>\n<p>\u00abCossi fan tutte\u00bb es la segunda \u00f3pera que Haneke (Munich, 1942) dirige, tras \u00abDon Giovanni\u00bb, y \u00abla \u00faltima\u00bb, asegura.<\/p>\n<p>\u00abMe han hecho muchas ofertas para que dirija otros t\u00edtulos y he rechazado una tras otra. El logro de Gerard Mortier -el fallecido intendente del Real- fue transmitirme confianza y aceptar condiciones que normalmente no se asumen. Es profundamente triste que no est\u00e9 ya\u00bb, ha lamentado.<\/p>\n<p>El negocio de la \u00f3pera, advierte, \u00abes mortal para el arte\u00bb porque \u00abhay much\u00edsima presi\u00f3n de tiempo y no se hacen las cosas como deben hacerse\u00bb, tanto que, incluso, ya no reconoce como suya la quinta producci\u00f3n que se ha hecho de su \u00abDon Giovanni\u00bb porque ha habido \u00abun cambio total del elenco\u00bb.<\/p>\n<p>No ocurre lo mismo con el cine, en el que no hay un solo fragmento de una pel\u00edcula suya que no haya tenido su \u00abbendici\u00f3n\u00bb y por eso est\u00e1 \u00abencantado\u00bb con el dvd que ha dirigido de \u00abCossi fan tutte\u00bb.<\/p>\n<p>Tiene escrito ya el gui\u00f3n de su pr\u00f3xima pel\u00edcula pero no ha querido \u00abvender la piel de oso antes de cazarlo\u00bb y no ha dado ni un solo detalle sobre ella y, en su l\u00ednea, se ha negado a \u00abetiquetar\u00bb o clasificar ni esa obra ni las anteriores.<\/p>\n<p>\u00abNo quiero dar pistas sobre ellas. Se que hago cine dif\u00edcil y complejo pero tambi\u00e9n tengo mucho p\u00fablico. No comento nada porque es contraproducente. Si digo algo ser\u00e1 una etiqueta y el espectador se activar\u00e1 en esa direcci\u00f3n y creer\u00e1, por ejemplo, que va a ver un filme triste\u00bb.<\/p>\n<p>Se resiste a admitir que sus trabajos, en los que aborda desde la vejez y la enfermedad (\u00abAmour\u00bb) al sadismo o la perversi\u00f3n (\u00abFanny games\u00bb o \u00abLa pianista\u00bb), son \u00abduros\u00bb pero reconoce que comparados con \u00abla miel y la calma de lo &#8216;mainstream&#8217;, que induce al espectador a la desconexi\u00f3n mental\u00bb s\u00ed \u00ablo parecen\u00bb.<\/p>\n<p>Haneke insiste en que \u00e9l no hace pel\u00edculas \u00abpara hacer sufrir a nadie\u00bb, sino para \u00abcomunicar, para que lleguen profundamente al espectador\u00bb.<\/p>\n<p>\u00abUno tiene la obligaci\u00f3n de contar la verdad, de contar lo que ocurre en la realidad y que sea el espectador el que se haga las preguntas y eso duele\u00bb.<\/p>\n<p>Sus pel\u00edculas son sobre el presente, sobre lo que le ocurre a las personas, no sobre situaciones ni temas concretos ni, por supuesto, para hacer propaganda pol\u00edtica.<\/p>\n<p>\u00abEn general, me quiero dirigir a las personas pero no a un conflicto concreto porque eso lleva a la propaganda. Me interesa mucho el destino individual. Lo primordial es lo privado. Hago pel\u00edculas porque hay algo que me remueve.<\/p>\n<p>El \u00e9xito que tuvo con \u00abAmour\u00bb, que consigui\u00f3 el Oscar a la Mejor Pel\u00edcula en lengua no inglesa, le complace porque \u00abeso siempre deja sensaciones agradables y mejora las ganancias y el trabajo\u00bb aunque no se libere en absoluto del miedo ante nuevos proyectos.<\/p>\n<p>\u00abSiempre hay que lanzarse desde cero y siento mucha presi\u00f3n, pero eso se salva con trabajo\u00bb, explica.<\/p>\n<p>\u00abPasa\u00bb de los festivales de cine como Cannes -\u00absi me interesa me mandan los dvd, no tengo que ir a ning\u00fan sitio para verlo\u00bb-, y alerta de la \u00abvoracidad\u00bb de Hollywood: \u00abquieren borrar del mapa al cine europeo\u00bb.<\/p>\n<p>&nbsp;<\/p>\n<p>Por Concha Barrig\u00f3s.<\/p>\n","protected":false},"excerpt":{"rendered":"<p>(EFE).- A Michael Haneke no le gusta hablar \u00abni de huevos que no han sido puestos\u00bb ni de las \u00abpieles de oso cazadas\u00bb, por eso no quiere adelantar nada sobre su pr\u00f3xima pel\u00edcula ni \u00abetiquetar\u00bb sus obras, ya sean en cine u \u00f3pera, a la que no piensa volver porque el negocio que la rodea<\/p>\n","protected":false},"author":1,"featured_media":13772,"comment_status":"open","ping_status":"closed","sticky":false,"template":"","format":"standard","meta":{"footnotes":""},"categories":[224],"tags":[],"class_list":{"0":"post-13771","1":"post","2":"type-post","3":"status-publish","4":"format-standard","5":"has-post-thumbnail","7":"category-noticias-actualidad"},"aioseo_notices":[],"aioseo_head":"\n\t\t<!-- All in One SEO Pro 4.9.6.1 - aioseo.com -->\n\t<meta name=\"description\" content=\"(EFE).- A Michael Haneke no le gusta hablar &quot;ni de huevos que no han sido puestos&quot; ni de las &quot;pieles de oso cazadas&quot;, por eso no quiere adelantar nada sobre su pr\u00f3xima pel\u00edcula ni &quot;etiquetar&quot; sus obras, ya sean en cine u \u00f3pera, a la que no piensa volver porque el negocio que la rodea\" \/>\n\t<meta name=\"robots\" content=\"max-image-preview:large\" \/>\n\t<meta name=\"author\" content=\"admin\"\/>\n\t<meta name=\"google-site-verification\" content=\"UA-38556648-1\" \/>\n\t<meta name=\"keywords\" content=\"noticias y actualidad\" \/>\n\t<link rel=\"canonical\" href=\"https:\/\/eldigitaldeasturias.com\/magazine365\/michael-haneke-declara-que-el-negocio-de-la-opera-es-mortal-para-el-arte\/\" \/>\n\t<meta name=\"generator\" content=\"All in One SEO Pro (AIOSEO) 4.9.6.1\" \/>\n\t\t<meta property=\"og:locale\" content=\"es_ES\" \/>\n\t\t<meta property=\"og:site_name\" content=\"El Digital de Asturias \u2013 Revista de ocio, turismo y estilo de vida\" \/>\n\t\t<meta property=\"og:type\" content=\"article\" \/>\n\t\t<meta property=\"og:title\" content=\"Michael Haneke declara que el negocio de la \u00f3pera es mortal para el arte | El Digital de Asturias\" \/>\n\t\t<meta property=\"og:description\" content=\"(EFE).- A Michael Haneke no le gusta hablar &quot;ni de huevos que no han sido puestos&quot; ni de las &quot;pieles de oso cazadas&quot;, por eso no quiere adelantar nada sobre su pr\u00f3xima pel\u00edcula ni &quot;etiquetar&quot; sus obras, ya sean en cine u \u00f3pera, a la que no piensa volver porque el negocio que la rodea\" \/>\n\t\t<meta property=\"og:url\" content=\"https:\/\/eldigitaldeasturias.com\/magazine365\/michael-haneke-declara-que-el-negocio-de-la-opera-es-mortal-para-el-arte\/\" \/>\n\t\t<meta property=\"og:image\" content=\"https:\/\/eldigitaldeasturias.com\/magazine365\/wp-content\/uploads\/2014\/05\/6294319w.jpg\" \/>\n\t\t<meta property=\"og:image:secure_url\" content=\"https:\/\/eldigitaldeasturias.com\/magazine365\/wp-content\/uploads\/2014\/05\/6294319w.jpg\" \/>\n\t\t<meta property=\"og:image:width\" content=\"800\" \/>\n\t\t<meta property=\"og:image:height\" content=\"566\" \/>\n\t\t<meta property=\"article:published_time\" content=\"2014-05-24T14:37:29+00:00\" \/>\n\t\t<meta property=\"article:modified_time\" content=\"2014-05-24T14:37:29+00:00\" \/>\n\t\t<meta name=\"twitter:card\" content=\"summary_large_image\" \/>\n\t\t<meta name=\"twitter:title\" content=\"Michael Haneke declara que el negocio de la \u00f3pera es mortal para el arte | El Digital de Asturias\" \/>\n\t\t<meta name=\"twitter:description\" content=\"(EFE).- A Michael Haneke no le gusta hablar &quot;ni de huevos que no han sido puestos&quot; ni de las &quot;pieles de oso cazadas&quot;, por eso no quiere adelantar nada sobre su pr\u00f3xima pel\u00edcula ni &quot;etiquetar&quot; sus obras, ya sean en cine u \u00f3pera, a la que no piensa volver porque el negocio que la rodea\" \/>\n\t\t<meta name=\"twitter:image\" content=\"https:\/\/eldigitaldeasturias.com\/magazine365\/wp-content\/uploads\/2014\/05\/6294319w.jpg\" \/>\n\t\t<script type=\"application\/ld+json\" class=\"aioseo-schema\">\n\t\t\t{\"@context\":\"https:\\\/\\\/schema.org\",\"@graph\":[{\"@type\":\"Article\",\"@id\":\"https:\\\/\\\/eldigitaldeasturias.com\\\/magazine365\\\/michael-haneke-declara-que-el-negocio-de-la-opera-es-mortal-para-el-arte\\\/#article\",\"name\":\"Michael Haneke declara que el negocio de la \\u00f3pera es mortal para el arte | El Digital de Asturias\",\"headline\":\"Michael Haneke declara que el negocio de la \\u00f3pera es mortal para el arte\",\"author\":{\"@id\":\"https:\\\/\\\/eldigitaldeasturias.com\\\/magazine365\\\/author\\\/admin\\\/#author\"},\"publisher\":{\"@id\":\"https:\\\/\\\/eldigitaldeasturias.com\\\/magazine365\\\/#organization\"},\"image\":{\"@type\":\"ImageObject\",\"url\":\"https:\\\/\\\/eldigitaldeasturias.com\\\/magazine365\\\/wp-content\\\/uploads\\\/2014\\\/05\\\/6294319w.jpg\",\"width\":800,\"height\":566},\"datePublished\":\"2014-05-24T12:37:29+02:00\",\"dateModified\":\"2014-05-24T12:37:29+02:00\",\"inLanguage\":\"es-ES\",\"mainEntityOfPage\":{\"@id\":\"https:\\\/\\\/eldigitaldeasturias.com\\\/magazine365\\\/michael-haneke-declara-que-el-negocio-de-la-opera-es-mortal-para-el-arte\\\/#webpage\"},\"isPartOf\":{\"@id\":\"https:\\\/\\\/eldigitaldeasturias.com\\\/magazine365\\\/michael-haneke-declara-que-el-negocio-de-la-opera-es-mortal-para-el-arte\\\/#webpage\"},\"articleSection\":\"Noticias y Actualidad\"},{\"@type\":\"BreadcrumbList\",\"@id\":\"https:\\\/\\\/eldigitaldeasturias.com\\\/magazine365\\\/michael-haneke-declara-que-el-negocio-de-la-opera-es-mortal-para-el-arte\\\/#breadcrumblist\",\"itemListElement\":[{\"@type\":\"ListItem\",\"@id\":\"https:\\\/\\\/eldigitaldeasturias.com\\\/magazine365#listItem\",\"position\":1,\"name\":\"Home\",\"item\":\"https:\\\/\\\/eldigitaldeasturias.com\\\/magazine365\",\"nextItem\":{\"@type\":\"ListItem\",\"@id\":\"https:\\\/\\\/eldigitaldeasturias.com\\\/magazine365\\\/category\\\/noticias-actualidad\\\/#listItem\",\"name\":\"Noticias y Actualidad\"}},{\"@type\":\"ListItem\",\"@id\":\"https:\\\/\\\/eldigitaldeasturias.com\\\/magazine365\\\/category\\\/noticias-actualidad\\\/#listItem\",\"position\":2,\"name\":\"Noticias y Actualidad\",\"item\":\"https:\\\/\\\/eldigitaldeasturias.com\\\/magazine365\\\/category\\\/noticias-actualidad\\\/\",\"nextItem\":{\"@type\":\"ListItem\",\"@id\":\"https:\\\/\\\/eldigitaldeasturias.com\\\/magazine365\\\/michael-haneke-declara-que-el-negocio-de-la-opera-es-mortal-para-el-arte\\\/#listItem\",\"name\":\"Michael Haneke declara que el negocio de la \\u00f3pera es mortal para el arte\"},\"previousItem\":{\"@type\":\"ListItem\",\"@id\":\"https:\\\/\\\/eldigitaldeasturias.com\\\/magazine365#listItem\",\"name\":\"Home\"}},{\"@type\":\"ListItem\",\"@id\":\"https:\\\/\\\/eldigitaldeasturias.com\\\/magazine365\\\/michael-haneke-declara-que-el-negocio-de-la-opera-es-mortal-para-el-arte\\\/#listItem\",\"position\":3,\"name\":\"Michael Haneke declara que el negocio de la \\u00f3pera es mortal para el arte\",\"previousItem\":{\"@type\":\"ListItem\",\"@id\":\"https:\\\/\\\/eldigitaldeasturias.com\\\/magazine365\\\/category\\\/noticias-actualidad\\\/#listItem\",\"name\":\"Noticias y Actualidad\"}}]},{\"@type\":\"Organization\",\"@id\":\"https:\\\/\\\/eldigitaldeasturias.com\\\/magazine365\\\/#organization\",\"name\":\"El digital de Asturias\",\"description\":\"Revista de ocio, turismo y estilo de vida\",\"url\":\"https:\\\/\\\/eldigitaldeasturias.com\\\/magazine365\\\/\",\"logo\":{\"@type\":\"ImageObject\",\"url\":\"https:\\\/\\\/www.eldigitaldeasturias.com\\\/noticias\\\/wp-content\\\/uploads\\\/2020\\\/12\\\/EDA.jpg\",\"@id\":\"https:\\\/\\\/eldigitaldeasturias.com\\\/magazine365\\\/michael-haneke-declara-que-el-negocio-de-la-opera-es-mortal-para-el-arte\\\/#organizationLogo\"},\"image\":{\"@id\":\"https:\\\/\\\/eldigitaldeasturias.com\\\/magazine365\\\/michael-haneke-declara-que-el-negocio-de-la-opera-es-mortal-para-el-arte\\\/#organizationLogo\"}},{\"@type\":\"Person\",\"@id\":\"https:\\\/\\\/eldigitaldeasturias.com\\\/magazine365\\\/author\\\/admin\\\/#author\",\"url\":\"https:\\\/\\\/eldigitaldeasturias.com\\\/magazine365\\\/author\\\/admin\\\/\",\"name\":\"admin\",\"image\":{\"@type\":\"ImageObject\",\"@id\":\"https:\\\/\\\/eldigitaldeasturias.com\\\/magazine365\\\/michael-haneke-declara-que-el-negocio-de-la-opera-es-mortal-para-el-arte\\\/#authorImage\",\"url\":\"https:\\\/\\\/eldigitaldeasturias.com\\\/magazine365\\\/wp-content\\\/litespeed\\\/avatar\\\/e571bcf59a0edd6fa6838245a470f2fe.jpg?ver=1776969259\",\"width\":96,\"height\":96,\"caption\":\"admin\"}},{\"@type\":\"WebPage\",\"@id\":\"https:\\\/\\\/eldigitaldeasturias.com\\\/magazine365\\\/michael-haneke-declara-que-el-negocio-de-la-opera-es-mortal-para-el-arte\\\/#webpage\",\"url\":\"https:\\\/\\\/eldigitaldeasturias.com\\\/magazine365\\\/michael-haneke-declara-que-el-negocio-de-la-opera-es-mortal-para-el-arte\\\/\",\"name\":\"Michael Haneke declara que el negocio de la \\u00f3pera es mortal para el arte | El Digital de Asturias\",\"description\":\"(EFE).- A Michael Haneke no le gusta hablar \\\"ni de huevos que no han sido puestos\\\" ni de las \\\"pieles de oso cazadas\\\", por eso no quiere adelantar nada sobre su pr\\u00f3xima pel\\u00edcula ni \\\"etiquetar\\\" sus obras, ya sean en cine u \\u00f3pera, a la que no piensa volver porque el negocio que la rodea\",\"inLanguage\":\"es-ES\",\"isPartOf\":{\"@id\":\"https:\\\/\\\/eldigitaldeasturias.com\\\/magazine365\\\/#website\"},\"breadcrumb\":{\"@id\":\"https:\\\/\\\/eldigitaldeasturias.com\\\/magazine365\\\/michael-haneke-declara-que-el-negocio-de-la-opera-es-mortal-para-el-arte\\\/#breadcrumblist\"},\"author\":{\"@id\":\"https:\\\/\\\/eldigitaldeasturias.com\\\/magazine365\\\/author\\\/admin\\\/#author\"},\"creator\":{\"@id\":\"https:\\\/\\\/eldigitaldeasturias.com\\\/magazine365\\\/author\\\/admin\\\/#author\"},\"image\":{\"@type\":\"ImageObject\",\"url\":\"https:\\\/\\\/eldigitaldeasturias.com\\\/magazine365\\\/wp-content\\\/uploads\\\/2014\\\/05\\\/6294319w.jpg\",\"@id\":\"https:\\\/\\\/eldigitaldeasturias.com\\\/magazine365\\\/michael-haneke-declara-que-el-negocio-de-la-opera-es-mortal-para-el-arte\\\/#mainImage\",\"width\":800,\"height\":566},\"primaryImageOfPage\":{\"@id\":\"https:\\\/\\\/eldigitaldeasturias.com\\\/magazine365\\\/michael-haneke-declara-que-el-negocio-de-la-opera-es-mortal-para-el-arte\\\/#mainImage\"},\"datePublished\":\"2014-05-24T12:37:29+02:00\",\"dateModified\":\"2014-05-24T12:37:29+02:00\"},{\"@type\":\"WebSite\",\"@id\":\"https:\\\/\\\/eldigitaldeasturias.com\\\/magazine365\\\/#website\",\"url\":\"https:\\\/\\\/eldigitaldeasturias.com\\\/magazine365\\\/\",\"name\":\"El Digital de Asturias\",\"description\":\"Revista de ocio, turismo y estilo de vida\",\"inLanguage\":\"es-ES\",\"publisher\":{\"@id\":\"https:\\\/\\\/eldigitaldeasturias.com\\\/magazine365\\\/#organization\"}}]}\n\t\t<\/script>\n\t\t<!-- All in One SEO Pro -->\r\n\t\t<title>Michael Haneke declara que el negocio de la \u00f3pera es mortal para el arte | El Digital de Asturias<\/title>\n\n","aioseo_head_json":{"title":"Michael Haneke declara que el negocio de la \u00f3pera es mortal para el arte | El Digital de Asturias","description":"(EFE).- A Michael Haneke no le gusta hablar \"ni de huevos que no han sido puestos\" ni de las \"pieles de oso cazadas\", por eso no quiere adelantar nada sobre su pr\u00f3xima pel\u00edcula ni \"etiquetar\" sus obras, ya sean en cine u \u00f3pera, a la que no piensa volver porque el negocio que la rodea","canonical_url":"https:\/\/eldigitaldeasturias.com\/magazine365\/michael-haneke-declara-que-el-negocio-de-la-opera-es-mortal-para-el-arte\/","robots":"max-image-preview:large","keywords":"noticias y actualidad","webmasterTools":{"google-site-verification":"UA-38556648-1","miscellaneous":""},"schema":{"@context":"https:\/\/schema.org","@graph":[{"@type":"Article","@id":"https:\/\/eldigitaldeasturias.com\/magazine365\/michael-haneke-declara-que-el-negocio-de-la-opera-es-mortal-para-el-arte\/#article","name":"Michael Haneke declara que el negocio de la \u00f3pera es mortal para el arte | El Digital de Asturias","headline":"Michael Haneke declara que el negocio de la \u00f3pera es mortal para el arte","author":{"@id":"https:\/\/eldigitaldeasturias.com\/magazine365\/author\/admin\/#author"},"publisher":{"@id":"https:\/\/eldigitaldeasturias.com\/magazine365\/#organization"},"image":{"@type":"ImageObject","url":"https:\/\/eldigitaldeasturias.com\/magazine365\/wp-content\/uploads\/2014\/05\/6294319w.jpg","width":800,"height":566},"datePublished":"2014-05-24T12:37:29+02:00","dateModified":"2014-05-24T12:37:29+02:00","inLanguage":"es-ES","mainEntityOfPage":{"@id":"https:\/\/eldigitaldeasturias.com\/magazine365\/michael-haneke-declara-que-el-negocio-de-la-opera-es-mortal-para-el-arte\/#webpage"},"isPartOf":{"@id":"https:\/\/eldigitaldeasturias.com\/magazine365\/michael-haneke-declara-que-el-negocio-de-la-opera-es-mortal-para-el-arte\/#webpage"},"articleSection":"Noticias y Actualidad"},{"@type":"BreadcrumbList","@id":"https:\/\/eldigitaldeasturias.com\/magazine365\/michael-haneke-declara-que-el-negocio-de-la-opera-es-mortal-para-el-arte\/#breadcrumblist","itemListElement":[{"@type":"ListItem","@id":"https:\/\/eldigitaldeasturias.com\/magazine365#listItem","position":1,"name":"Home","item":"https:\/\/eldigitaldeasturias.com\/magazine365","nextItem":{"@type":"ListItem","@id":"https:\/\/eldigitaldeasturias.com\/magazine365\/category\/noticias-actualidad\/#listItem","name":"Noticias y Actualidad"}},{"@type":"ListItem","@id":"https:\/\/eldigitaldeasturias.com\/magazine365\/category\/noticias-actualidad\/#listItem","position":2,"name":"Noticias y Actualidad","item":"https:\/\/eldigitaldeasturias.com\/magazine365\/category\/noticias-actualidad\/","nextItem":{"@type":"ListItem","@id":"https:\/\/eldigitaldeasturias.com\/magazine365\/michael-haneke-declara-que-el-negocio-de-la-opera-es-mortal-para-el-arte\/#listItem","name":"Michael Haneke declara que el negocio de la \u00f3pera es mortal para el arte"},"previousItem":{"@type":"ListItem","@id":"https:\/\/eldigitaldeasturias.com\/magazine365#listItem","name":"Home"}},{"@type":"ListItem","@id":"https:\/\/eldigitaldeasturias.com\/magazine365\/michael-haneke-declara-que-el-negocio-de-la-opera-es-mortal-para-el-arte\/#listItem","position":3,"name":"Michael Haneke declara que el negocio de la \u00f3pera es mortal para el arte","previousItem":{"@type":"ListItem","@id":"https:\/\/eldigitaldeasturias.com\/magazine365\/category\/noticias-actualidad\/#listItem","name":"Noticias y Actualidad"}}]},{"@type":"Organization","@id":"https:\/\/eldigitaldeasturias.com\/magazine365\/#organization","name":"El digital de Asturias","description":"Revista de ocio, turismo y estilo de vida","url":"https:\/\/eldigitaldeasturias.com\/magazine365\/","logo":{"@type":"ImageObject","url":"https:\/\/www.eldigitaldeasturias.com\/noticias\/wp-content\/uploads\/2020\/12\/EDA.jpg","@id":"https:\/\/eldigitaldeasturias.com\/magazine365\/michael-haneke-declara-que-el-negocio-de-la-opera-es-mortal-para-el-arte\/#organizationLogo"},"image":{"@id":"https:\/\/eldigitaldeasturias.com\/magazine365\/michael-haneke-declara-que-el-negocio-de-la-opera-es-mortal-para-el-arte\/#organizationLogo"}},{"@type":"Person","@id":"https:\/\/eldigitaldeasturias.com\/magazine365\/author\/admin\/#author","url":"https:\/\/eldigitaldeasturias.com\/magazine365\/author\/admin\/","name":"admin","image":{"@type":"ImageObject","@id":"https:\/\/eldigitaldeasturias.com\/magazine365\/michael-haneke-declara-que-el-negocio-de-la-opera-es-mortal-para-el-arte\/#authorImage","url":"https:\/\/eldigitaldeasturias.com\/magazine365\/wp-content\/litespeed\/avatar\/e571bcf59a0edd6fa6838245a470f2fe.jpg?ver=1776969259","width":96,"height":96,"caption":"admin"}},{"@type":"WebPage","@id":"https:\/\/eldigitaldeasturias.com\/magazine365\/michael-haneke-declara-que-el-negocio-de-la-opera-es-mortal-para-el-arte\/#webpage","url":"https:\/\/eldigitaldeasturias.com\/magazine365\/michael-haneke-declara-que-el-negocio-de-la-opera-es-mortal-para-el-arte\/","name":"Michael Haneke declara que el negocio de la \u00f3pera es mortal para el arte | El Digital de Asturias","description":"(EFE).- A Michael Haneke no le gusta hablar \"ni de huevos que no han sido puestos\" ni de las \"pieles de oso cazadas\", por eso no quiere adelantar nada sobre su pr\u00f3xima pel\u00edcula ni \"etiquetar\" sus obras, ya sean en cine u \u00f3pera, a la que no piensa volver porque el negocio que la rodea","inLanguage":"es-ES","isPartOf":{"@id":"https:\/\/eldigitaldeasturias.com\/magazine365\/#website"},"breadcrumb":{"@id":"https:\/\/eldigitaldeasturias.com\/magazine365\/michael-haneke-declara-que-el-negocio-de-la-opera-es-mortal-para-el-arte\/#breadcrumblist"},"author":{"@id":"https:\/\/eldigitaldeasturias.com\/magazine365\/author\/admin\/#author"},"creator":{"@id":"https:\/\/eldigitaldeasturias.com\/magazine365\/author\/admin\/#author"},"image":{"@type":"ImageObject","url":"https:\/\/eldigitaldeasturias.com\/magazine365\/wp-content\/uploads\/2014\/05\/6294319w.jpg","@id":"https:\/\/eldigitaldeasturias.com\/magazine365\/michael-haneke-declara-que-el-negocio-de-la-opera-es-mortal-para-el-arte\/#mainImage","width":800,"height":566},"primaryImageOfPage":{"@id":"https:\/\/eldigitaldeasturias.com\/magazine365\/michael-haneke-declara-que-el-negocio-de-la-opera-es-mortal-para-el-arte\/#mainImage"},"datePublished":"2014-05-24T12:37:29+02:00","dateModified":"2014-05-24T12:37:29+02:00"},{"@type":"WebSite","@id":"https:\/\/eldigitaldeasturias.com\/magazine365\/#website","url":"https:\/\/eldigitaldeasturias.com\/magazine365\/","name":"El Digital de Asturias","description":"Revista de ocio, turismo y estilo de vida","inLanguage":"es-ES","publisher":{"@id":"https:\/\/eldigitaldeasturias.com\/magazine365\/#organization"}}]},"og:locale":"es_ES","og:site_name":"El Digital de Asturias \u2013 Revista de ocio, turismo y estilo de vida","og:type":"article","og:title":"Michael Haneke declara que el negocio de la \u00f3pera es mortal para el arte | El Digital de Asturias","og:description":"(EFE).- A Michael Haneke no le gusta hablar &quot;ni de huevos que no han sido puestos&quot; ni de las &quot;pieles de oso cazadas&quot;, por eso no quiere adelantar nada sobre su pr\u00f3xima pel\u00edcula ni &quot;etiquetar&quot; sus obras, ya sean en cine u \u00f3pera, a la que no piensa volver porque el negocio que la rodea","og:url":"https:\/\/eldigitaldeasturias.com\/magazine365\/michael-haneke-declara-que-el-negocio-de-la-opera-es-mortal-para-el-arte\/","og:image":"https:\/\/eldigitaldeasturias.com\/magazine365\/wp-content\/uploads\/2014\/05\/6294319w.jpg","og:image:secure_url":"https:\/\/eldigitaldeasturias.com\/magazine365\/wp-content\/uploads\/2014\/05\/6294319w.jpg","og:image:width":800,"og:image:height":566,"article:published_time":"2014-05-24T14:37:29+00:00","article:modified_time":"2014-05-24T14:37:29+00:00","twitter:card":"summary_large_image","twitter:title":"Michael Haneke declara que el negocio de la \u00f3pera es mortal para el arte | El Digital de Asturias","twitter:description":"(EFE).- A Michael Haneke no le gusta hablar &quot;ni de huevos que no han sido puestos&quot; ni de las &quot;pieles de oso cazadas&quot;, por eso no quiere adelantar nada sobre su pr\u00f3xima pel\u00edcula ni &quot;etiquetar&quot; sus obras, ya sean en cine u \u00f3pera, a la que no piensa volver porque el negocio que la rodea","twitter:image":"https:\/\/eldigitaldeasturias.com\/magazine365\/wp-content\/uploads\/2014\/05\/6294319w.jpg"},"aioseo_meta_data":{"post_id":"13771","title":null,"description":null,"keywords":null,"keyphrases":null,"primary_term":null,"canonical_url":null,"og_title":null,"og_description":null,"og_object_type":"default","og_image_type":"default","og_image_url":null,"og_image_width":null,"og_image_height":null,"og_image_custom_url":null,"og_image_custom_fields":null,"og_video":null,"og_custom_url":null,"og_article_section":null,"og_article_tags":null,"twitter_use_og":false,"twitter_card":"default","twitter_image_type":"default","twitter_image_url":null,"twitter_image_custom_url":null,"twitter_image_custom_fields":null,"twitter_title":null,"twitter_description":null,"schema":{"blockGraphs":[],"customGraphs":[],"default":{"data":{"Article":[],"Course":[],"Dataset":[],"FAQPage":[],"Movie":[],"Person":[],"Product":[],"ProductReview":[],"Car":[],"Recipe":[],"Service":[],"SoftwareApplication":[],"WebPage":[]},"graphName":"","isEnabled":true},"graphs":[],"defaultGraph":"","defaultPostTypeGraph":""},"schema_type":null,"schema_type_options":null,"pillar_content":false,"robots_default":true,"robots_noindex":false,"robots_noarchive":false,"robots_nosnippet":false,"robots_nofollow":false,"robots_noimageindex":false,"robots_noodp":false,"robots_notranslate":false,"robots_max_snippet":null,"robots_max_videopreview":null,"robots_max_imagepreview":"large","priority":null,"frequency":null,"location":null,"local_seo":null,"seo_analyzer_scan_date":"2025-09-17 08:54:45","breadcrumb_settings":null,"limit_modified_date":false,"open_ai":null,"ai":null,"created":"2021-03-09 08:23:49","updated":"2025-09-17 08:54:45"},"aioseo_breadcrumb":"<div class=\"aioseo-breadcrumbs\"><span class=\"aioseo-breadcrumb\">\n\t<a href=\"https:\/\/eldigitaldeasturias.com\/magazine365\" title=\"Home\">Home<\/a>\n<\/span><span class=\"aioseo-breadcrumb-separator\">\u2013<\/span><span class=\"aioseo-breadcrumb\">\n\t<a href=\"https:\/\/eldigitaldeasturias.com\/magazine365\/category\/noticias-actualidad\/\" title=\"Noticias y Actualidad\">Noticias y Actualidad<\/a>\n<\/span><span class=\"aioseo-breadcrumb-separator\">\u2013<\/span><span class=\"aioseo-breadcrumb\">\n\t<a href=\"https:\/\/eldigitaldeasturias.com\/magazine365\/michael-haneke-declara-que-el-negocio-de-la-opera-es-mortal-para-el-arte\/\" title=\"Michael Haneke declara que el negocio de la \u00f3pera es mortal para el arte\">Michael Haneke declara que el negocio de la \u00f3pera es mortal para el arte<\/a>\n<\/span><\/div>","aioseo_breadcrumb_json":[{"label":"Home","link":"https:\/\/eldigitaldeasturias.com\/magazine365"},{"label":"Noticias y Actualidad","link":"https:\/\/eldigitaldeasturias.com\/magazine365\/category\/noticias-actualidad\/"},{"label":"Michael Haneke declara que el negocio de la \u00f3pera es mortal para el arte","link":"https:\/\/eldigitaldeasturias.com\/magazine365\/michael-haneke-declara-que-el-negocio-de-la-opera-es-mortal-para-el-arte\/"}],"_links":{"self":[{"href":"https:\/\/eldigitaldeasturias.com\/magazine365\/wp-json\/wp\/v2\/posts\/13771","targetHints":{"allow":["GET"]}}],"collection":[{"href":"https:\/\/eldigitaldeasturias.com\/magazine365\/wp-json\/wp\/v2\/posts"}],"about":[{"href":"https:\/\/eldigitaldeasturias.com\/magazine365\/wp-json\/wp\/v2\/types\/post"}],"author":[{"embeddable":true,"href":"https:\/\/eldigitaldeasturias.com\/magazine365\/wp-json\/wp\/v2\/users\/1"}],"replies":[{"embeddable":true,"href":"https:\/\/eldigitaldeasturias.com\/magazine365\/wp-json\/wp\/v2\/comments?post=13771"}],"version-history":[{"count":0,"href":"https:\/\/eldigitaldeasturias.com\/magazine365\/wp-json\/wp\/v2\/posts\/13771\/revisions"}],"wp:featuredmedia":[{"embeddable":true,"href":"https:\/\/eldigitaldeasturias.com\/magazine365\/wp-json\/wp\/v2\/media\/13772"}],"wp:attachment":[{"href":"https:\/\/eldigitaldeasturias.com\/magazine365\/wp-json\/wp\/v2\/media?parent=13771"}],"wp:term":[{"taxonomy":"category","embeddable":true,"href":"https:\/\/eldigitaldeasturias.com\/magazine365\/wp-json\/wp\/v2\/categories?post=13771"},{"taxonomy":"post_tag","embeddable":true,"href":"https:\/\/eldigitaldeasturias.com\/magazine365\/wp-json\/wp\/v2\/tags?post=13771"}],"curies":[{"name":"wp","href":"https:\/\/api.w.org\/{rel}","templated":true}]}}