{"id":13768,"date":"2014-05-24T12:36:01","date_gmt":"2014-05-24T14:36:01","guid":{"rendered":"http:\/\/eldigitaldeasturias.com\/magazine365\/?p=13768"},"modified":"2014-05-24T12:36:01","modified_gmt":"2014-05-24T14:36:01","slug":"goya-toledo-estrena-en-julio-marsella-la-lucha-por-la-custodia-de-una-nina","status":"publish","type":"post","link":"https:\/\/eldigitaldeasturias.com\/magazine365\/goya-toledo-estrena-en-julio-marsella-la-lucha-por-la-custodia-de-una-nina\/","title":{"rendered":"Goya Toledo estrena en julio \u00abMarsella\u00bb, la lucha por la custodia de una ni\u00f1a"},"content":{"rendered":"<p><img fetchpriority=\"high\" decoding=\"async\" class=\"alignleft size-medium wp-image-13769\" alt=\"6294146w\" src=\"https:\/\/eldigitaldeasturias.com\/magazine365\/wp-content\/uploads\/2014\/05\/6294146w-360x247.jpg\" width=\"360\" height=\"247\" \/>(EFE).- La actriz Goya Toledo, Premio de Honor del XI Festival de Cine de Alicante, ha anunciado hoy que el pr\u00f3ximo 18 de julio estrenar\u00e1 su \u00faltimo trabajo, \u00abMarsella\u00bb, una cinta que narra la historia de dos mujeres (madre biol\u00f3gica y madre adoptiva) que luchan por la custodia de una ni\u00f1a.<\/p>\n<p>\u00abMarsella\u00bb, dirigida por Bel\u00e9n Mac\u00edas, est\u00e1 tambi\u00e9n interpretada por Mar\u00eda Le\u00f3n, quien ser\u00e1 la encargada de hacerle entrega del galard\u00f3n del certamen alicantino a Goya Toledo en su gala inaugural, que se celebrar\u00e1 ma\u00f1ana.<\/p>\n<p>Goya Toledo ha participado esta tarde en una recepci\u00f3n institucional en el Ayuntamiento de Alicante, donde ha asegurado que es \u00abun honor recibir este premio porque supone un aliento\u00bb para los que se dedican al mundo del cine.<\/p>\n<p>Toledo se une a una lista de distinguidos entre los que figuran Imanol Arias, Jos\u00e9 Sancho, Mercedes Sampietro, Terele Pavez, Jos\u00e9 Coronado, \u00c1ngela Molina y Maribel Verd\u00fa, \u00e9sta \u00faltima en 2013.<\/p>\n<p>La actriz lanzarote\u00f1a debut\u00f3 en la gran pantalla en 1995 con \u00abDile a Laura que la quiero\u00bb y desde entonces ha participado en m\u00e1s de una veintena de pel\u00edculas, convirti\u00e9ndose en una de las actrices m\u00e1s reconocidas de la escena espa\u00f1ola.<\/p>\n<p>Ha sido nominada dos veces a los premios Goya, en 1998 como mejor actriz revelaci\u00f3n en \u00abMarar\u00eda\u00bb, y en la categor\u00eda de actriz de reparto en 2011 por \u00abMaktub\u00bb, una cinta por la que obtuvo, adem\u00e1s, la Medalla CEC a la mejor actriz de reparto.<\/p>\n<p>En su filmograf\u00eda destacan t\u00edtulos reconocidos por la cr\u00edtica como \u00abAmores perros\u00bb, nominada a los Oscar como Mejor Pel\u00edcula Extrajera; \u00abLa Caja 507\u00bb, de Enrique Urbizu; \u00abPalabras encadenadas\u00bb, dirigido por Laura Ma\u00f1\u00e1; \u00abBailando el Cha cha cha\u00bb, de Manuel Herrera, o \u00abLos a\u00f1os desnudos\u00bb, de F\u00e9lix Sabroso y Dunia Ayuso<\/p>\n<p>La und\u00e9cima edici\u00f3n del Festival de Cine de Alicante se desarrollar\u00e1 hasta el pr\u00f3ximo d\u00eda 31.<\/p>\n","protected":false},"excerpt":{"rendered":"<p>(EFE).- La actriz Goya Toledo, Premio de Honor del XI Festival de Cine de Alicante, ha anunciado hoy que el pr\u00f3ximo 18 de julio estrenar\u00e1 su \u00faltimo trabajo, \u00abMarsella\u00bb, una cinta que narra la historia de dos mujeres (madre biol\u00f3gica y madre adoptiva) que luchan por la custodia de una ni\u00f1a. \u00abMarsella\u00bb, dirigida por Bel\u00e9n<\/p>\n","protected":false},"author":1,"featured_media":13769,"comment_status":"open","ping_status":"closed","sticky":false,"template":"","format":"standard","meta":{"footnotes":""},"categories":[224],"tags":[],"class_list":{"0":"post-13768","1":"post","2":"type-post","3":"status-publish","4":"format-standard","5":"has-post-thumbnail","7":"category-noticias-actualidad"},"aioseo_notices":[],"aioseo_head":"\n\t\t<!-- All in One SEO Pro 4.9.6.1 - aioseo.com -->\n\t<meta name=\"description\" content=\"(EFE).- La actriz Goya Toledo, Premio de Honor del XI Festival de Cine de Alicante, ha anunciado hoy que el pr\u00f3ximo 18 de julio estrenar\u00e1 su \u00faltimo trabajo, &quot;Marsella&quot;, una cinta que narra la historia de dos mujeres (madre biol\u00f3gica y madre adoptiva) que luchan por la custodia de una ni\u00f1a. &quot;Marsella&quot;, dirigida por Bel\u00e9n\" \/>\n\t<meta name=\"robots\" content=\"max-image-preview:large\" \/>\n\t<meta name=\"author\" content=\"admin\"\/>\n\t<meta name=\"google-site-verification\" content=\"UA-38556648-1\" \/>\n\t<meta name=\"keywords\" content=\"noticias y actualidad\" \/>\n\t<link rel=\"canonical\" href=\"https:\/\/eldigitaldeasturias.com\/magazine365\/goya-toledo-estrena-en-julio-marsella-la-lucha-por-la-custodia-de-una-nina\/\" \/>\n\t<meta name=\"generator\" content=\"All in One SEO Pro (AIOSEO) 4.9.6.1\" \/>\n\t\t<meta property=\"og:locale\" content=\"es_ES\" \/>\n\t\t<meta property=\"og:site_name\" content=\"El Digital de Asturias \u2013 Revista de ocio, turismo y estilo de vida\" \/>\n\t\t<meta property=\"og:type\" content=\"article\" \/>\n\t\t<meta property=\"og:title\" content=\"Goya Toledo estrena en julio \u00abMarsella\u00bb, la lucha por la custodia de una ni\u00f1a | El Digital de Asturias\" \/>\n\t\t<meta property=\"og:description\" content=\"(EFE).- La actriz Goya Toledo, Premio de Honor del XI Festival de Cine de Alicante, ha anunciado hoy que el pr\u00f3ximo 18 de julio estrenar\u00e1 su \u00faltimo trabajo, &quot;Marsella&quot;, una cinta que narra la historia de dos mujeres (madre biol\u00f3gica y madre adoptiva) que luchan por la custodia de una ni\u00f1a. &quot;Marsella&quot;, dirigida por Bel\u00e9n\" \/>\n\t\t<meta property=\"og:url\" content=\"https:\/\/eldigitaldeasturias.com\/magazine365\/goya-toledo-estrena-en-julio-marsella-la-lucha-por-la-custodia-de-una-nina\/\" \/>\n\t\t<meta property=\"og:image\" content=\"https:\/\/eldigitaldeasturias.com\/magazine365\/wp-content\/uploads\/2014\/05\/6294146w.jpg\" \/>\n\t\t<meta property=\"og:image:secure_url\" content=\"https:\/\/eldigitaldeasturias.com\/magazine365\/wp-content\/uploads\/2014\/05\/6294146w.jpg\" \/>\n\t\t<meta property=\"og:image:width\" content=\"800\" \/>\n\t\t<meta property=\"og:image:height\" content=\"550\" \/>\n\t\t<meta property=\"article:published_time\" content=\"2014-05-24T14:36:01+00:00\" \/>\n\t\t<meta property=\"article:modified_time\" content=\"2014-05-24T14:36:01+00:00\" \/>\n\t\t<meta name=\"twitter:card\" content=\"summary_large_image\" \/>\n\t\t<meta name=\"twitter:title\" content=\"Goya Toledo estrena en julio \u00abMarsella\u00bb, la lucha por la custodia de una ni\u00f1a | El Digital de Asturias\" \/>\n\t\t<meta name=\"twitter:description\" content=\"(EFE).- La actriz Goya Toledo, Premio de Honor del XI Festival de Cine de Alicante, ha anunciado hoy que el pr\u00f3ximo 18 de julio estrenar\u00e1 su \u00faltimo trabajo, &quot;Marsella&quot;, una cinta que narra la historia de dos mujeres (madre biol\u00f3gica y madre adoptiva) que luchan por la custodia de una ni\u00f1a. &quot;Marsella&quot;, dirigida por Bel\u00e9n\" \/>\n\t\t<meta name=\"twitter:image\" content=\"https:\/\/eldigitaldeasturias.com\/magazine365\/wp-content\/uploads\/2014\/05\/6294146w.jpg\" \/>\n\t\t<script type=\"application\/ld+json\" class=\"aioseo-schema\">\n\t\t\t{\"@context\":\"https:\\\/\\\/schema.org\",\"@graph\":[{\"@type\":\"Article\",\"@id\":\"https:\\\/\\\/eldigitaldeasturias.com\\\/magazine365\\\/goya-toledo-estrena-en-julio-marsella-la-lucha-por-la-custodia-de-una-nina\\\/#article\",\"name\":\"Goya Toledo estrena en julio \\u00abMarsella\\u00bb, la lucha por la custodia de una ni\\u00f1a | El Digital de Asturias\",\"headline\":\"Goya Toledo estrena en julio \\u00abMarsella\\u00bb, la lucha por la custodia de una ni\\u00f1a\",\"author\":{\"@id\":\"https:\\\/\\\/eldigitaldeasturias.com\\\/magazine365\\\/author\\\/admin\\\/#author\"},\"publisher\":{\"@id\":\"https:\\\/\\\/eldigitaldeasturias.com\\\/magazine365\\\/#organization\"},\"image\":{\"@type\":\"ImageObject\",\"url\":\"https:\\\/\\\/eldigitaldeasturias.com\\\/magazine365\\\/wp-content\\\/uploads\\\/2014\\\/05\\\/6294146w.jpg\",\"width\":800,\"height\":550},\"datePublished\":\"2014-05-24T12:36:01+02:00\",\"dateModified\":\"2014-05-24T12:36:01+02:00\",\"inLanguage\":\"es-ES\",\"mainEntityOfPage\":{\"@id\":\"https:\\\/\\\/eldigitaldeasturias.com\\\/magazine365\\\/goya-toledo-estrena-en-julio-marsella-la-lucha-por-la-custodia-de-una-nina\\\/#webpage\"},\"isPartOf\":{\"@id\":\"https:\\\/\\\/eldigitaldeasturias.com\\\/magazine365\\\/goya-toledo-estrena-en-julio-marsella-la-lucha-por-la-custodia-de-una-nina\\\/#webpage\"},\"articleSection\":\"Noticias y Actualidad\"},{\"@type\":\"BreadcrumbList\",\"@id\":\"https:\\\/\\\/eldigitaldeasturias.com\\\/magazine365\\\/goya-toledo-estrena-en-julio-marsella-la-lucha-por-la-custodia-de-una-nina\\\/#breadcrumblist\",\"itemListElement\":[{\"@type\":\"ListItem\",\"@id\":\"https:\\\/\\\/eldigitaldeasturias.com\\\/magazine365#listItem\",\"position\":1,\"name\":\"Home\",\"item\":\"https:\\\/\\\/eldigitaldeasturias.com\\\/magazine365\",\"nextItem\":{\"@type\":\"ListItem\",\"@id\":\"https:\\\/\\\/eldigitaldeasturias.com\\\/magazine365\\\/category\\\/noticias-actualidad\\\/#listItem\",\"name\":\"Noticias y Actualidad\"}},{\"@type\":\"ListItem\",\"@id\":\"https:\\\/\\\/eldigitaldeasturias.com\\\/magazine365\\\/category\\\/noticias-actualidad\\\/#listItem\",\"position\":2,\"name\":\"Noticias y Actualidad\",\"item\":\"https:\\\/\\\/eldigitaldeasturias.com\\\/magazine365\\\/category\\\/noticias-actualidad\\\/\",\"nextItem\":{\"@type\":\"ListItem\",\"@id\":\"https:\\\/\\\/eldigitaldeasturias.com\\\/magazine365\\\/goya-toledo-estrena-en-julio-marsella-la-lucha-por-la-custodia-de-una-nina\\\/#listItem\",\"name\":\"Goya Toledo estrena en julio \\u00abMarsella\\u00bb, la lucha por la custodia de una ni\\u00f1a\"},\"previousItem\":{\"@type\":\"ListItem\",\"@id\":\"https:\\\/\\\/eldigitaldeasturias.com\\\/magazine365#listItem\",\"name\":\"Home\"}},{\"@type\":\"ListItem\",\"@id\":\"https:\\\/\\\/eldigitaldeasturias.com\\\/magazine365\\\/goya-toledo-estrena-en-julio-marsella-la-lucha-por-la-custodia-de-una-nina\\\/#listItem\",\"position\":3,\"name\":\"Goya Toledo estrena en julio \\u00abMarsella\\u00bb, la lucha por la custodia de una ni\\u00f1a\",\"previousItem\":{\"@type\":\"ListItem\",\"@id\":\"https:\\\/\\\/eldigitaldeasturias.com\\\/magazine365\\\/category\\\/noticias-actualidad\\\/#listItem\",\"name\":\"Noticias y Actualidad\"}}]},{\"@type\":\"Organization\",\"@id\":\"https:\\\/\\\/eldigitaldeasturias.com\\\/magazine365\\\/#organization\",\"name\":\"El digital de Asturias\",\"description\":\"Revista de ocio, turismo y estilo de vida\",\"url\":\"https:\\\/\\\/eldigitaldeasturias.com\\\/magazine365\\\/\",\"logo\":{\"@type\":\"ImageObject\",\"url\":\"https:\\\/\\\/www.eldigitaldeasturias.com\\\/noticias\\\/wp-content\\\/uploads\\\/2020\\\/12\\\/EDA.jpg\",\"@id\":\"https:\\\/\\\/eldigitaldeasturias.com\\\/magazine365\\\/goya-toledo-estrena-en-julio-marsella-la-lucha-por-la-custodia-de-una-nina\\\/#organizationLogo\"},\"image\":{\"@id\":\"https:\\\/\\\/eldigitaldeasturias.com\\\/magazine365\\\/goya-toledo-estrena-en-julio-marsella-la-lucha-por-la-custodia-de-una-nina\\\/#organizationLogo\"}},{\"@type\":\"Person\",\"@id\":\"https:\\\/\\\/eldigitaldeasturias.com\\\/magazine365\\\/author\\\/admin\\\/#author\",\"url\":\"https:\\\/\\\/eldigitaldeasturias.com\\\/magazine365\\\/author\\\/admin\\\/\",\"name\":\"admin\",\"image\":{\"@type\":\"ImageObject\",\"@id\":\"https:\\\/\\\/eldigitaldeasturias.com\\\/magazine365\\\/goya-toledo-estrena-en-julio-marsella-la-lucha-por-la-custodia-de-una-nina\\\/#authorImage\",\"url\":\"https:\\\/\\\/eldigitaldeasturias.com\\\/magazine365\\\/wp-content\\\/litespeed\\\/avatar\\\/e571bcf59a0edd6fa6838245a470f2fe.jpg?ver=1776969259\",\"width\":96,\"height\":96,\"caption\":\"admin\"}},{\"@type\":\"WebPage\",\"@id\":\"https:\\\/\\\/eldigitaldeasturias.com\\\/magazine365\\\/goya-toledo-estrena-en-julio-marsella-la-lucha-por-la-custodia-de-una-nina\\\/#webpage\",\"url\":\"https:\\\/\\\/eldigitaldeasturias.com\\\/magazine365\\\/goya-toledo-estrena-en-julio-marsella-la-lucha-por-la-custodia-de-una-nina\\\/\",\"name\":\"Goya Toledo estrena en julio \\u00abMarsella\\u00bb, la lucha por la custodia de una ni\\u00f1a | El Digital de Asturias\",\"description\":\"(EFE).- La actriz Goya Toledo, Premio de Honor del XI Festival de Cine de Alicante, ha anunciado hoy que el pr\\u00f3ximo 18 de julio estrenar\\u00e1 su \\u00faltimo trabajo, \\\"Marsella\\\", una cinta que narra la historia de dos mujeres (madre biol\\u00f3gica y madre adoptiva) que luchan por la custodia de una ni\\u00f1a. \\\"Marsella\\\", dirigida por Bel\\u00e9n\",\"inLanguage\":\"es-ES\",\"isPartOf\":{\"@id\":\"https:\\\/\\\/eldigitaldeasturias.com\\\/magazine365\\\/#website\"},\"breadcrumb\":{\"@id\":\"https:\\\/\\\/eldigitaldeasturias.com\\\/magazine365\\\/goya-toledo-estrena-en-julio-marsella-la-lucha-por-la-custodia-de-una-nina\\\/#breadcrumblist\"},\"author\":{\"@id\":\"https:\\\/\\\/eldigitaldeasturias.com\\\/magazine365\\\/author\\\/admin\\\/#author\"},\"creator\":{\"@id\":\"https:\\\/\\\/eldigitaldeasturias.com\\\/magazine365\\\/author\\\/admin\\\/#author\"},\"image\":{\"@type\":\"ImageObject\",\"url\":\"https:\\\/\\\/eldigitaldeasturias.com\\\/magazine365\\\/wp-content\\\/uploads\\\/2014\\\/05\\\/6294146w.jpg\",\"@id\":\"https:\\\/\\\/eldigitaldeasturias.com\\\/magazine365\\\/goya-toledo-estrena-en-julio-marsella-la-lucha-por-la-custodia-de-una-nina\\\/#mainImage\",\"width\":800,\"height\":550},\"primaryImageOfPage\":{\"@id\":\"https:\\\/\\\/eldigitaldeasturias.com\\\/magazine365\\\/goya-toledo-estrena-en-julio-marsella-la-lucha-por-la-custodia-de-una-nina\\\/#mainImage\"},\"datePublished\":\"2014-05-24T12:36:01+02:00\",\"dateModified\":\"2014-05-24T12:36:01+02:00\"},{\"@type\":\"WebSite\",\"@id\":\"https:\\\/\\\/eldigitaldeasturias.com\\\/magazine365\\\/#website\",\"url\":\"https:\\\/\\\/eldigitaldeasturias.com\\\/magazine365\\\/\",\"name\":\"El Digital de Asturias\",\"description\":\"Revista de ocio, turismo y estilo de vida\",\"inLanguage\":\"es-ES\",\"publisher\":{\"@id\":\"https:\\\/\\\/eldigitaldeasturias.com\\\/magazine365\\\/#organization\"}}]}\n\t\t<\/script>\n\t\t<!-- All in One SEO Pro -->\r\n\t\t<title>Goya Toledo estrena en julio \u00abMarsella\u00bb, la lucha por la custodia de una ni\u00f1a | El Digital de Asturias<\/title>\n\n","aioseo_head_json":{"title":"Goya Toledo estrena en julio \u00abMarsella\u00bb, la lucha por la custodia de una ni\u00f1a | El Digital de Asturias","description":"(EFE).- La actriz Goya Toledo, Premio de Honor del XI Festival de Cine de Alicante, ha anunciado hoy que el pr\u00f3ximo 18 de julio estrenar\u00e1 su \u00faltimo trabajo, \"Marsella\", una cinta que narra la historia de dos mujeres (madre biol\u00f3gica y madre adoptiva) que luchan por la custodia de una ni\u00f1a. \"Marsella\", dirigida por Bel\u00e9n","canonical_url":"https:\/\/eldigitaldeasturias.com\/magazine365\/goya-toledo-estrena-en-julio-marsella-la-lucha-por-la-custodia-de-una-nina\/","robots":"max-image-preview:large","keywords":"noticias y actualidad","webmasterTools":{"google-site-verification":"UA-38556648-1","miscellaneous":""},"schema":{"@context":"https:\/\/schema.org","@graph":[{"@type":"Article","@id":"https:\/\/eldigitaldeasturias.com\/magazine365\/goya-toledo-estrena-en-julio-marsella-la-lucha-por-la-custodia-de-una-nina\/#article","name":"Goya Toledo estrena en julio \u00abMarsella\u00bb, la lucha por la custodia de una ni\u00f1a | El Digital de Asturias","headline":"Goya Toledo estrena en julio \u00abMarsella\u00bb, la lucha por la custodia de una ni\u00f1a","author":{"@id":"https:\/\/eldigitaldeasturias.com\/magazine365\/author\/admin\/#author"},"publisher":{"@id":"https:\/\/eldigitaldeasturias.com\/magazine365\/#organization"},"image":{"@type":"ImageObject","url":"https:\/\/eldigitaldeasturias.com\/magazine365\/wp-content\/uploads\/2014\/05\/6294146w.jpg","width":800,"height":550},"datePublished":"2014-05-24T12:36:01+02:00","dateModified":"2014-05-24T12:36:01+02:00","inLanguage":"es-ES","mainEntityOfPage":{"@id":"https:\/\/eldigitaldeasturias.com\/magazine365\/goya-toledo-estrena-en-julio-marsella-la-lucha-por-la-custodia-de-una-nina\/#webpage"},"isPartOf":{"@id":"https:\/\/eldigitaldeasturias.com\/magazine365\/goya-toledo-estrena-en-julio-marsella-la-lucha-por-la-custodia-de-una-nina\/#webpage"},"articleSection":"Noticias y Actualidad"},{"@type":"BreadcrumbList","@id":"https:\/\/eldigitaldeasturias.com\/magazine365\/goya-toledo-estrena-en-julio-marsella-la-lucha-por-la-custodia-de-una-nina\/#breadcrumblist","itemListElement":[{"@type":"ListItem","@id":"https:\/\/eldigitaldeasturias.com\/magazine365#listItem","position":1,"name":"Home","item":"https:\/\/eldigitaldeasturias.com\/magazine365","nextItem":{"@type":"ListItem","@id":"https:\/\/eldigitaldeasturias.com\/magazine365\/category\/noticias-actualidad\/#listItem","name":"Noticias y Actualidad"}},{"@type":"ListItem","@id":"https:\/\/eldigitaldeasturias.com\/magazine365\/category\/noticias-actualidad\/#listItem","position":2,"name":"Noticias y Actualidad","item":"https:\/\/eldigitaldeasturias.com\/magazine365\/category\/noticias-actualidad\/","nextItem":{"@type":"ListItem","@id":"https:\/\/eldigitaldeasturias.com\/magazine365\/goya-toledo-estrena-en-julio-marsella-la-lucha-por-la-custodia-de-una-nina\/#listItem","name":"Goya Toledo estrena en julio \u00abMarsella\u00bb, la lucha por la custodia de una ni\u00f1a"},"previousItem":{"@type":"ListItem","@id":"https:\/\/eldigitaldeasturias.com\/magazine365#listItem","name":"Home"}},{"@type":"ListItem","@id":"https:\/\/eldigitaldeasturias.com\/magazine365\/goya-toledo-estrena-en-julio-marsella-la-lucha-por-la-custodia-de-una-nina\/#listItem","position":3,"name":"Goya Toledo estrena en julio \u00abMarsella\u00bb, la lucha por la custodia de una ni\u00f1a","previousItem":{"@type":"ListItem","@id":"https:\/\/eldigitaldeasturias.com\/magazine365\/category\/noticias-actualidad\/#listItem","name":"Noticias y Actualidad"}}]},{"@type":"Organization","@id":"https:\/\/eldigitaldeasturias.com\/magazine365\/#organization","name":"El digital de Asturias","description":"Revista de ocio, turismo y estilo de vida","url":"https:\/\/eldigitaldeasturias.com\/magazine365\/","logo":{"@type":"ImageObject","url":"https:\/\/www.eldigitaldeasturias.com\/noticias\/wp-content\/uploads\/2020\/12\/EDA.jpg","@id":"https:\/\/eldigitaldeasturias.com\/magazine365\/goya-toledo-estrena-en-julio-marsella-la-lucha-por-la-custodia-de-una-nina\/#organizationLogo"},"image":{"@id":"https:\/\/eldigitaldeasturias.com\/magazine365\/goya-toledo-estrena-en-julio-marsella-la-lucha-por-la-custodia-de-una-nina\/#organizationLogo"}},{"@type":"Person","@id":"https:\/\/eldigitaldeasturias.com\/magazine365\/author\/admin\/#author","url":"https:\/\/eldigitaldeasturias.com\/magazine365\/author\/admin\/","name":"admin","image":{"@type":"ImageObject","@id":"https:\/\/eldigitaldeasturias.com\/magazine365\/goya-toledo-estrena-en-julio-marsella-la-lucha-por-la-custodia-de-una-nina\/#authorImage","url":"https:\/\/eldigitaldeasturias.com\/magazine365\/wp-content\/litespeed\/avatar\/e571bcf59a0edd6fa6838245a470f2fe.jpg?ver=1776969259","width":96,"height":96,"caption":"admin"}},{"@type":"WebPage","@id":"https:\/\/eldigitaldeasturias.com\/magazine365\/goya-toledo-estrena-en-julio-marsella-la-lucha-por-la-custodia-de-una-nina\/#webpage","url":"https:\/\/eldigitaldeasturias.com\/magazine365\/goya-toledo-estrena-en-julio-marsella-la-lucha-por-la-custodia-de-una-nina\/","name":"Goya Toledo estrena en julio \u00abMarsella\u00bb, la lucha por la custodia de una ni\u00f1a | El Digital de Asturias","description":"(EFE).- La actriz Goya Toledo, Premio de Honor del XI Festival de Cine de Alicante, ha anunciado hoy que el pr\u00f3ximo 18 de julio estrenar\u00e1 su \u00faltimo trabajo, \"Marsella\", una cinta que narra la historia de dos mujeres (madre biol\u00f3gica y madre adoptiva) que luchan por la custodia de una ni\u00f1a. \"Marsella\", dirigida por Bel\u00e9n","inLanguage":"es-ES","isPartOf":{"@id":"https:\/\/eldigitaldeasturias.com\/magazine365\/#website"},"breadcrumb":{"@id":"https:\/\/eldigitaldeasturias.com\/magazine365\/goya-toledo-estrena-en-julio-marsella-la-lucha-por-la-custodia-de-una-nina\/#breadcrumblist"},"author":{"@id":"https:\/\/eldigitaldeasturias.com\/magazine365\/author\/admin\/#author"},"creator":{"@id":"https:\/\/eldigitaldeasturias.com\/magazine365\/author\/admin\/#author"},"image":{"@type":"ImageObject","url":"https:\/\/eldigitaldeasturias.com\/magazine365\/wp-content\/uploads\/2014\/05\/6294146w.jpg","@id":"https:\/\/eldigitaldeasturias.com\/magazine365\/goya-toledo-estrena-en-julio-marsella-la-lucha-por-la-custodia-de-una-nina\/#mainImage","width":800,"height":550},"primaryImageOfPage":{"@id":"https:\/\/eldigitaldeasturias.com\/magazine365\/goya-toledo-estrena-en-julio-marsella-la-lucha-por-la-custodia-de-una-nina\/#mainImage"},"datePublished":"2014-05-24T12:36:01+02:00","dateModified":"2014-05-24T12:36:01+02:00"},{"@type":"WebSite","@id":"https:\/\/eldigitaldeasturias.com\/magazine365\/#website","url":"https:\/\/eldigitaldeasturias.com\/magazine365\/","name":"El Digital de Asturias","description":"Revista de ocio, turismo y estilo de vida","inLanguage":"es-ES","publisher":{"@id":"https:\/\/eldigitaldeasturias.com\/magazine365\/#organization"}}]},"og:locale":"es_ES","og:site_name":"El Digital de Asturias \u2013 Revista de ocio, turismo y estilo de vida","og:type":"article","og:title":"Goya Toledo estrena en julio \u00abMarsella\u00bb, la lucha por la custodia de una ni\u00f1a | El Digital de Asturias","og:description":"(EFE).- La actriz Goya Toledo, Premio de Honor del XI Festival de Cine de Alicante, ha anunciado hoy que el pr\u00f3ximo 18 de julio estrenar\u00e1 su \u00faltimo trabajo, &quot;Marsella&quot;, una cinta que narra la historia de dos mujeres (madre biol\u00f3gica y madre adoptiva) que luchan por la custodia de una ni\u00f1a. &quot;Marsella&quot;, dirigida por Bel\u00e9n","og:url":"https:\/\/eldigitaldeasturias.com\/magazine365\/goya-toledo-estrena-en-julio-marsella-la-lucha-por-la-custodia-de-una-nina\/","og:image":"https:\/\/eldigitaldeasturias.com\/magazine365\/wp-content\/uploads\/2014\/05\/6294146w.jpg","og:image:secure_url":"https:\/\/eldigitaldeasturias.com\/magazine365\/wp-content\/uploads\/2014\/05\/6294146w.jpg","og:image:width":800,"og:image:height":550,"article:published_time":"2014-05-24T14:36:01+00:00","article:modified_time":"2014-05-24T14:36:01+00:00","twitter:card":"summary_large_image","twitter:title":"Goya Toledo estrena en julio \u00abMarsella\u00bb, la lucha por la custodia de una ni\u00f1a | El Digital de Asturias","twitter:description":"(EFE).- La actriz Goya Toledo, Premio de Honor del XI Festival de Cine de Alicante, ha anunciado hoy que el pr\u00f3ximo 18 de julio estrenar\u00e1 su \u00faltimo trabajo, &quot;Marsella&quot;, una cinta que narra la historia de dos mujeres (madre biol\u00f3gica y madre adoptiva) que luchan por la custodia de una ni\u00f1a. &quot;Marsella&quot;, dirigida por Bel\u00e9n","twitter:image":"https:\/\/eldigitaldeasturias.com\/magazine365\/wp-content\/uploads\/2014\/05\/6294146w.jpg"},"aioseo_meta_data":{"post_id":"13768","title":null,"description":null,"keywords":null,"keyphrases":null,"primary_term":null,"canonical_url":null,"og_title":null,"og_description":null,"og_object_type":"default","og_image_type":"default","og_image_url":null,"og_image_width":null,"og_image_height":null,"og_image_custom_url":null,"og_image_custom_fields":null,"og_video":null,"og_custom_url":null,"og_article_section":null,"og_article_tags":null,"twitter_use_og":false,"twitter_card":"default","twitter_image_type":"default","twitter_image_url":null,"twitter_image_custom_url":null,"twitter_image_custom_fields":null,"twitter_title":null,"twitter_description":null,"schema":{"blockGraphs":[],"customGraphs":[],"default":{"data":{"Article":[],"Course":[],"Dataset":[],"FAQPage":[],"Movie":[],"Person":[],"Product":[],"ProductReview":[],"Car":[],"Recipe":[],"Service":[],"SoftwareApplication":[],"WebPage":[]},"graphName":"","isEnabled":true},"graphs":[],"defaultGraph":"","defaultPostTypeGraph":""},"schema_type":null,"schema_type_options":null,"pillar_content":false,"robots_default":true,"robots_noindex":false,"robots_noarchive":false,"robots_nosnippet":false,"robots_nofollow":false,"robots_noimageindex":false,"robots_noodp":false,"robots_notranslate":false,"robots_max_snippet":null,"robots_max_videopreview":null,"robots_max_imagepreview":"large","priority":null,"frequency":null,"location":null,"local_seo":null,"seo_analyzer_scan_date":"2025-09-17 08:54:42","breadcrumb_settings":null,"limit_modified_date":false,"open_ai":null,"ai":null,"created":"2021-03-09 08:23:49","updated":"2025-09-17 08:54:42"},"aioseo_breadcrumb":"<div class=\"aioseo-breadcrumbs\"><span class=\"aioseo-breadcrumb\">\n\t<a href=\"https:\/\/eldigitaldeasturias.com\/magazine365\" title=\"Home\">Home<\/a>\n<\/span><span class=\"aioseo-breadcrumb-separator\">\u2013<\/span><span class=\"aioseo-breadcrumb\">\n\t<a href=\"https:\/\/eldigitaldeasturias.com\/magazine365\/category\/noticias-actualidad\/\" title=\"Noticias y Actualidad\">Noticias y Actualidad<\/a>\n<\/span><span class=\"aioseo-breadcrumb-separator\">\u2013<\/span><span class=\"aioseo-breadcrumb\">\n\t<a href=\"https:\/\/eldigitaldeasturias.com\/magazine365\/goya-toledo-estrena-en-julio-marsella-la-lucha-por-la-custodia-de-una-nina\/\" title=\"Goya Toledo estrena en julio \u00abMarsella\u00bb, la lucha por la custodia de una ni\u00f1a\">Goya Toledo estrena en julio \u00abMarsella\u00bb, la lucha por la custodia de una ni\u00f1a<\/a>\n<\/span><\/div>","aioseo_breadcrumb_json":[{"label":"Home","link":"https:\/\/eldigitaldeasturias.com\/magazine365"},{"label":"Noticias y Actualidad","link":"https:\/\/eldigitaldeasturias.com\/magazine365\/category\/noticias-actualidad\/"},{"label":"Goya Toledo estrena en julio \u00abMarsella\u00bb, la lucha por la custodia de una ni\u00f1a","link":"https:\/\/eldigitaldeasturias.com\/magazine365\/goya-toledo-estrena-en-julio-marsella-la-lucha-por-la-custodia-de-una-nina\/"}],"_links":{"self":[{"href":"https:\/\/eldigitaldeasturias.com\/magazine365\/wp-json\/wp\/v2\/posts\/13768","targetHints":{"allow":["GET"]}}],"collection":[{"href":"https:\/\/eldigitaldeasturias.com\/magazine365\/wp-json\/wp\/v2\/posts"}],"about":[{"href":"https:\/\/eldigitaldeasturias.com\/magazine365\/wp-json\/wp\/v2\/types\/post"}],"author":[{"embeddable":true,"href":"https:\/\/eldigitaldeasturias.com\/magazine365\/wp-json\/wp\/v2\/users\/1"}],"replies":[{"embeddable":true,"href":"https:\/\/eldigitaldeasturias.com\/magazine365\/wp-json\/wp\/v2\/comments?post=13768"}],"version-history":[{"count":0,"href":"https:\/\/eldigitaldeasturias.com\/magazine365\/wp-json\/wp\/v2\/posts\/13768\/revisions"}],"wp:featuredmedia":[{"embeddable":true,"href":"https:\/\/eldigitaldeasturias.com\/magazine365\/wp-json\/wp\/v2\/media\/13769"}],"wp:attachment":[{"href":"https:\/\/eldigitaldeasturias.com\/magazine365\/wp-json\/wp\/v2\/media?parent=13768"}],"wp:term":[{"taxonomy":"category","embeddable":true,"href":"https:\/\/eldigitaldeasturias.com\/magazine365\/wp-json\/wp\/v2\/categories?post=13768"},{"taxonomy":"post_tag","embeddable":true,"href":"https:\/\/eldigitaldeasturias.com\/magazine365\/wp-json\/wp\/v2\/tags?post=13768"}],"curies":[{"name":"wp","href":"https:\/\/api.w.org\/{rel}","templated":true}]}}