{"id":13765,"date":"2014-05-24T12:34:55","date_gmt":"2014-05-24T14:34:55","guid":{"rendered":"http:\/\/eldigitaldeasturias.com\/magazine365\/?p=13765"},"modified":"2014-05-24T12:34:55","modified_gmt":"2014-05-24T14:34:55","slug":"el-palau-de-la-musica-instala-un-busto-de-la-pianista-alicia-de-larrocha","status":"publish","type":"post","link":"https:\/\/eldigitaldeasturias.com\/magazine365\/el-palau-de-la-musica-instala-un-busto-de-la-pianista-alicia-de-larrocha\/","title":{"rendered":"El Palau de la M\u00fasica instala un busto de la pianista Alicia de Larrocha"},"content":{"rendered":"<p><img fetchpriority=\"high\" decoding=\"async\" class=\"alignleft size-medium wp-image-13766\" alt=\"6294228w\" src=\"https:\/\/eldigitaldeasturias.com\/magazine365\/wp-content\/uploads\/2014\/05\/6294228w-199x300.jpg\" width=\"199\" height=\"300\" \/>(EFE).- El Palau de la M\u00fasica Catalana ha instalado hoy en la Sala Llu\u00eds Millet un busto de la pianista Alicia de Larrocha (Barcelona, 1923-2009).<\/p>\n<p>En un acto de reconocimiento celebrado en el Palau de la M\u00fasica Catalana, la escultura de bronce de la pianista, obra del artista Ram\u00f3n Cuello, se ha colocado en la Sala Llu\u00eds Millet junto a efigies de otros m\u00fasicos y creadores ilustres con una vinculaci\u00f3n especial con el Palau, como Llu\u00eds Millet, Amadeu Vives, Xavier Montsalvatge, Rosa Sabat\u00e9, Eduard Toldr\u00e0, Pau Casals o Frederic Mompou.<\/p>\n<p>Durante el acto, la presidenta de la Fundaci\u00f3n Orfe\u00f3 Catal\u00e0-Palau de la M\u00fasica, Mariona Carulla, junto con Alicia Torra, hija de la pianista, y Miquel Ler\u00edn, amigo personal de la artista, han glosado su figura.<\/p>\n<p>La pianista Marta Zabaleta ha ofrecido un recital con obras de Alicia de Larrocha y de Isaac Alb\u00e9niz.<\/p>\n<p>Reconocida con numerosas distinciones, Alicia de Larrocha es una de las pianistas catalanas m\u00e1s universales, que lleg\u00f3 a actuar en el Palau de la M\u00fasica Catalana un total de 94 veces, desde su debut en 1930, con s\u00f3lo 6 a\u00f1os, hasta su \u00faltimo concierto en 2002.<\/p>\n","protected":false},"excerpt":{"rendered":"<p>(EFE).- El Palau de la M\u00fasica Catalana ha instalado hoy en la Sala Llu\u00eds Millet un busto de la pianista Alicia de Larrocha (Barcelona, 1923-2009). En un acto de reconocimiento celebrado en el Palau de la M\u00fasica Catalana, la escultura de bronce de la pianista, obra del artista Ram\u00f3n Cuello, se ha colocado en la<\/p>\n","protected":false},"author":1,"featured_media":13766,"comment_status":"open","ping_status":"closed","sticky":false,"template":"","format":"standard","meta":{"footnotes":""},"categories":[224],"tags":[],"class_list":{"0":"post-13765","1":"post","2":"type-post","3":"status-publish","4":"format-standard","5":"has-post-thumbnail","7":"category-noticias-actualidad"},"aioseo_notices":[],"aioseo_head":"\n\t\t<!-- All in One SEO Pro 4.9.6.1 - aioseo.com -->\n\t<meta name=\"description\" content=\"(EFE).- El Palau de la M\u00fasica Catalana ha instalado hoy en la Sala Llu\u00eds Millet un busto de la pianista Alicia de Larrocha (Barcelona, 1923-2009). En un acto de reconocimiento celebrado en el Palau de la M\u00fasica Catalana, la escultura de bronce de la pianista, obra del artista Ram\u00f3n Cuello, se ha colocado en la\" \/>\n\t<meta name=\"robots\" content=\"max-image-preview:large\" \/>\n\t<meta name=\"author\" content=\"admin\"\/>\n\t<meta name=\"google-site-verification\" content=\"UA-38556648-1\" \/>\n\t<meta name=\"keywords\" content=\"noticias y actualidad\" \/>\n\t<link rel=\"canonical\" href=\"https:\/\/eldigitaldeasturias.com\/magazine365\/el-palau-de-la-musica-instala-un-busto-de-la-pianista-alicia-de-larrocha\/\" \/>\n\t<meta name=\"generator\" content=\"All in One SEO Pro (AIOSEO) 4.9.6.1\" \/>\n\t\t<meta property=\"og:locale\" content=\"es_ES\" \/>\n\t\t<meta property=\"og:site_name\" content=\"El Digital de Asturias \u2013 Revista de ocio, turismo y estilo de vida\" \/>\n\t\t<meta property=\"og:type\" content=\"article\" \/>\n\t\t<meta property=\"og:title\" content=\"El Palau de la M\u00fasica instala un busto de la pianista Alicia de Larrocha | El Digital de Asturias\" \/>\n\t\t<meta property=\"og:description\" content=\"(EFE).- El Palau de la M\u00fasica Catalana ha instalado hoy en la Sala Llu\u00eds Millet un busto de la pianista Alicia de Larrocha (Barcelona, 1923-2009). En un acto de reconocimiento celebrado en el Palau de la M\u00fasica Catalana, la escultura de bronce de la pianista, obra del artista Ram\u00f3n Cuello, se ha colocado en la\" \/>\n\t\t<meta property=\"og:url\" content=\"https:\/\/eldigitaldeasturias.com\/magazine365\/el-palau-de-la-musica-instala-un-busto-de-la-pianista-alicia-de-larrocha\/\" \/>\n\t\t<meta property=\"og:image\" content=\"https:\/\/eldigitaldeasturias.com\/magazine365\/wp-content\/uploads\/2014\/05\/6294228w.jpg\" \/>\n\t\t<meta property=\"og:image:secure_url\" content=\"https:\/\/eldigitaldeasturias.com\/magazine365\/wp-content\/uploads\/2014\/05\/6294228w.jpg\" \/>\n\t\t<meta property=\"og:image:width\" content=\"700\" \/>\n\t\t<meta property=\"og:image:height\" content=\"1052\" \/>\n\t\t<meta property=\"article:published_time\" content=\"2014-05-24T14:34:55+00:00\" \/>\n\t\t<meta property=\"article:modified_time\" content=\"2014-05-24T14:34:55+00:00\" \/>\n\t\t<meta name=\"twitter:card\" content=\"summary_large_image\" \/>\n\t\t<meta name=\"twitter:title\" content=\"El Palau de la M\u00fasica instala un busto de la pianista Alicia de Larrocha | El Digital de Asturias\" \/>\n\t\t<meta name=\"twitter:description\" content=\"(EFE).- El Palau de la M\u00fasica Catalana ha instalado hoy en la Sala Llu\u00eds Millet un busto de la pianista Alicia de Larrocha (Barcelona, 1923-2009). En un acto de reconocimiento celebrado en el Palau de la M\u00fasica Catalana, la escultura de bronce de la pianista, obra del artista Ram\u00f3n Cuello, se ha colocado en la\" \/>\n\t\t<meta name=\"twitter:image\" content=\"https:\/\/eldigitaldeasturias.com\/magazine365\/wp-content\/uploads\/2014\/05\/6294228w.jpg\" \/>\n\t\t<script type=\"application\/ld+json\" class=\"aioseo-schema\">\n\t\t\t{\"@context\":\"https:\\\/\\\/schema.org\",\"@graph\":[{\"@type\":\"Article\",\"@id\":\"https:\\\/\\\/eldigitaldeasturias.com\\\/magazine365\\\/el-palau-de-la-musica-instala-un-busto-de-la-pianista-alicia-de-larrocha\\\/#article\",\"name\":\"El Palau de la M\\u00fasica instala un busto de la pianista Alicia de Larrocha | El Digital de Asturias\",\"headline\":\"El Palau de la M\\u00fasica instala un busto de la pianista Alicia de Larrocha\",\"author\":{\"@id\":\"https:\\\/\\\/eldigitaldeasturias.com\\\/magazine365\\\/author\\\/admin\\\/#author\"},\"publisher\":{\"@id\":\"https:\\\/\\\/eldigitaldeasturias.com\\\/magazine365\\\/#organization\"},\"image\":{\"@type\":\"ImageObject\",\"url\":\"https:\\\/\\\/eldigitaldeasturias.com\\\/magazine365\\\/wp-content\\\/uploads\\\/2014\\\/05\\\/6294228w.jpg\",\"width\":700,\"height\":1052},\"datePublished\":\"2014-05-24T12:34:55+02:00\",\"dateModified\":\"2014-05-24T12:34:55+02:00\",\"inLanguage\":\"es-ES\",\"mainEntityOfPage\":{\"@id\":\"https:\\\/\\\/eldigitaldeasturias.com\\\/magazine365\\\/el-palau-de-la-musica-instala-un-busto-de-la-pianista-alicia-de-larrocha\\\/#webpage\"},\"isPartOf\":{\"@id\":\"https:\\\/\\\/eldigitaldeasturias.com\\\/magazine365\\\/el-palau-de-la-musica-instala-un-busto-de-la-pianista-alicia-de-larrocha\\\/#webpage\"},\"articleSection\":\"Noticias y Actualidad\"},{\"@type\":\"BreadcrumbList\",\"@id\":\"https:\\\/\\\/eldigitaldeasturias.com\\\/magazine365\\\/el-palau-de-la-musica-instala-un-busto-de-la-pianista-alicia-de-larrocha\\\/#breadcrumblist\",\"itemListElement\":[{\"@type\":\"ListItem\",\"@id\":\"https:\\\/\\\/eldigitaldeasturias.com\\\/magazine365#listItem\",\"position\":1,\"name\":\"Home\",\"item\":\"https:\\\/\\\/eldigitaldeasturias.com\\\/magazine365\",\"nextItem\":{\"@type\":\"ListItem\",\"@id\":\"https:\\\/\\\/eldigitaldeasturias.com\\\/magazine365\\\/category\\\/noticias-actualidad\\\/#listItem\",\"name\":\"Noticias y Actualidad\"}},{\"@type\":\"ListItem\",\"@id\":\"https:\\\/\\\/eldigitaldeasturias.com\\\/magazine365\\\/category\\\/noticias-actualidad\\\/#listItem\",\"position\":2,\"name\":\"Noticias y Actualidad\",\"item\":\"https:\\\/\\\/eldigitaldeasturias.com\\\/magazine365\\\/category\\\/noticias-actualidad\\\/\",\"nextItem\":{\"@type\":\"ListItem\",\"@id\":\"https:\\\/\\\/eldigitaldeasturias.com\\\/magazine365\\\/el-palau-de-la-musica-instala-un-busto-de-la-pianista-alicia-de-larrocha\\\/#listItem\",\"name\":\"El Palau de la M\\u00fasica instala un busto de la pianista Alicia de Larrocha\"},\"previousItem\":{\"@type\":\"ListItem\",\"@id\":\"https:\\\/\\\/eldigitaldeasturias.com\\\/magazine365#listItem\",\"name\":\"Home\"}},{\"@type\":\"ListItem\",\"@id\":\"https:\\\/\\\/eldigitaldeasturias.com\\\/magazine365\\\/el-palau-de-la-musica-instala-un-busto-de-la-pianista-alicia-de-larrocha\\\/#listItem\",\"position\":3,\"name\":\"El Palau de la M\\u00fasica instala un busto de la pianista Alicia de Larrocha\",\"previousItem\":{\"@type\":\"ListItem\",\"@id\":\"https:\\\/\\\/eldigitaldeasturias.com\\\/magazine365\\\/category\\\/noticias-actualidad\\\/#listItem\",\"name\":\"Noticias y Actualidad\"}}]},{\"@type\":\"Organization\",\"@id\":\"https:\\\/\\\/eldigitaldeasturias.com\\\/magazine365\\\/#organization\",\"name\":\"El digital de Asturias\",\"description\":\"Revista de ocio, turismo y estilo de vida\",\"url\":\"https:\\\/\\\/eldigitaldeasturias.com\\\/magazine365\\\/\",\"logo\":{\"@type\":\"ImageObject\",\"url\":\"https:\\\/\\\/www.eldigitaldeasturias.com\\\/noticias\\\/wp-content\\\/uploads\\\/2020\\\/12\\\/EDA.jpg\",\"@id\":\"https:\\\/\\\/eldigitaldeasturias.com\\\/magazine365\\\/el-palau-de-la-musica-instala-un-busto-de-la-pianista-alicia-de-larrocha\\\/#organizationLogo\"},\"image\":{\"@id\":\"https:\\\/\\\/eldigitaldeasturias.com\\\/magazine365\\\/el-palau-de-la-musica-instala-un-busto-de-la-pianista-alicia-de-larrocha\\\/#organizationLogo\"}},{\"@type\":\"Person\",\"@id\":\"https:\\\/\\\/eldigitaldeasturias.com\\\/magazine365\\\/author\\\/admin\\\/#author\",\"url\":\"https:\\\/\\\/eldigitaldeasturias.com\\\/magazine365\\\/author\\\/admin\\\/\",\"name\":\"admin\",\"image\":{\"@type\":\"ImageObject\",\"@id\":\"https:\\\/\\\/eldigitaldeasturias.com\\\/magazine365\\\/el-palau-de-la-musica-instala-un-busto-de-la-pianista-alicia-de-larrocha\\\/#authorImage\",\"url\":\"https:\\\/\\\/eldigitaldeasturias.com\\\/magazine365\\\/wp-content\\\/litespeed\\\/avatar\\\/e571bcf59a0edd6fa6838245a470f2fe.jpg?ver=1776969259\",\"width\":96,\"height\":96,\"caption\":\"admin\"}},{\"@type\":\"WebPage\",\"@id\":\"https:\\\/\\\/eldigitaldeasturias.com\\\/magazine365\\\/el-palau-de-la-musica-instala-un-busto-de-la-pianista-alicia-de-larrocha\\\/#webpage\",\"url\":\"https:\\\/\\\/eldigitaldeasturias.com\\\/magazine365\\\/el-palau-de-la-musica-instala-un-busto-de-la-pianista-alicia-de-larrocha\\\/\",\"name\":\"El Palau de la M\\u00fasica instala un busto de la pianista Alicia de Larrocha | El Digital de Asturias\",\"description\":\"(EFE).- El Palau de la M\\u00fasica Catalana ha instalado hoy en la Sala Llu\\u00eds Millet un busto de la pianista Alicia de Larrocha (Barcelona, 1923-2009). En un acto de reconocimiento celebrado en el Palau de la M\\u00fasica Catalana, la escultura de bronce de la pianista, obra del artista Ram\\u00f3n Cuello, se ha colocado en la\",\"inLanguage\":\"es-ES\",\"isPartOf\":{\"@id\":\"https:\\\/\\\/eldigitaldeasturias.com\\\/magazine365\\\/#website\"},\"breadcrumb\":{\"@id\":\"https:\\\/\\\/eldigitaldeasturias.com\\\/magazine365\\\/el-palau-de-la-musica-instala-un-busto-de-la-pianista-alicia-de-larrocha\\\/#breadcrumblist\"},\"author\":{\"@id\":\"https:\\\/\\\/eldigitaldeasturias.com\\\/magazine365\\\/author\\\/admin\\\/#author\"},\"creator\":{\"@id\":\"https:\\\/\\\/eldigitaldeasturias.com\\\/magazine365\\\/author\\\/admin\\\/#author\"},\"image\":{\"@type\":\"ImageObject\",\"url\":\"https:\\\/\\\/eldigitaldeasturias.com\\\/magazine365\\\/wp-content\\\/uploads\\\/2014\\\/05\\\/6294228w.jpg\",\"@id\":\"https:\\\/\\\/eldigitaldeasturias.com\\\/magazine365\\\/el-palau-de-la-musica-instala-un-busto-de-la-pianista-alicia-de-larrocha\\\/#mainImage\",\"width\":700,\"height\":1052},\"primaryImageOfPage\":{\"@id\":\"https:\\\/\\\/eldigitaldeasturias.com\\\/magazine365\\\/el-palau-de-la-musica-instala-un-busto-de-la-pianista-alicia-de-larrocha\\\/#mainImage\"},\"datePublished\":\"2014-05-24T12:34:55+02:00\",\"dateModified\":\"2014-05-24T12:34:55+02:00\"},{\"@type\":\"WebSite\",\"@id\":\"https:\\\/\\\/eldigitaldeasturias.com\\\/magazine365\\\/#website\",\"url\":\"https:\\\/\\\/eldigitaldeasturias.com\\\/magazine365\\\/\",\"name\":\"El Digital de Asturias\",\"description\":\"Revista de ocio, turismo y estilo de vida\",\"inLanguage\":\"es-ES\",\"publisher\":{\"@id\":\"https:\\\/\\\/eldigitaldeasturias.com\\\/magazine365\\\/#organization\"}}]}\n\t\t<\/script>\n\t\t<!-- All in One SEO Pro -->\r\n\t\t<title>El Palau de la M\u00fasica instala un busto de la pianista Alicia de Larrocha | El Digital de Asturias<\/title>\n\n","aioseo_head_json":{"title":"El Palau de la M\u00fasica instala un busto de la pianista Alicia de Larrocha | El Digital de Asturias","description":"(EFE).- El Palau de la M\u00fasica Catalana ha instalado hoy en la Sala Llu\u00eds Millet un busto de la pianista Alicia de Larrocha (Barcelona, 1923-2009). En un acto de reconocimiento celebrado en el Palau de la M\u00fasica Catalana, la escultura de bronce de la pianista, obra del artista Ram\u00f3n Cuello, se ha colocado en la","canonical_url":"https:\/\/eldigitaldeasturias.com\/magazine365\/el-palau-de-la-musica-instala-un-busto-de-la-pianista-alicia-de-larrocha\/","robots":"max-image-preview:large","keywords":"noticias y actualidad","webmasterTools":{"google-site-verification":"UA-38556648-1","miscellaneous":""},"schema":{"@context":"https:\/\/schema.org","@graph":[{"@type":"Article","@id":"https:\/\/eldigitaldeasturias.com\/magazine365\/el-palau-de-la-musica-instala-un-busto-de-la-pianista-alicia-de-larrocha\/#article","name":"El Palau de la M\u00fasica instala un busto de la pianista Alicia de Larrocha | El Digital de Asturias","headline":"El Palau de la M\u00fasica instala un busto de la pianista Alicia de Larrocha","author":{"@id":"https:\/\/eldigitaldeasturias.com\/magazine365\/author\/admin\/#author"},"publisher":{"@id":"https:\/\/eldigitaldeasturias.com\/magazine365\/#organization"},"image":{"@type":"ImageObject","url":"https:\/\/eldigitaldeasturias.com\/magazine365\/wp-content\/uploads\/2014\/05\/6294228w.jpg","width":700,"height":1052},"datePublished":"2014-05-24T12:34:55+02:00","dateModified":"2014-05-24T12:34:55+02:00","inLanguage":"es-ES","mainEntityOfPage":{"@id":"https:\/\/eldigitaldeasturias.com\/magazine365\/el-palau-de-la-musica-instala-un-busto-de-la-pianista-alicia-de-larrocha\/#webpage"},"isPartOf":{"@id":"https:\/\/eldigitaldeasturias.com\/magazine365\/el-palau-de-la-musica-instala-un-busto-de-la-pianista-alicia-de-larrocha\/#webpage"},"articleSection":"Noticias y Actualidad"},{"@type":"BreadcrumbList","@id":"https:\/\/eldigitaldeasturias.com\/magazine365\/el-palau-de-la-musica-instala-un-busto-de-la-pianista-alicia-de-larrocha\/#breadcrumblist","itemListElement":[{"@type":"ListItem","@id":"https:\/\/eldigitaldeasturias.com\/magazine365#listItem","position":1,"name":"Home","item":"https:\/\/eldigitaldeasturias.com\/magazine365","nextItem":{"@type":"ListItem","@id":"https:\/\/eldigitaldeasturias.com\/magazine365\/category\/noticias-actualidad\/#listItem","name":"Noticias y Actualidad"}},{"@type":"ListItem","@id":"https:\/\/eldigitaldeasturias.com\/magazine365\/category\/noticias-actualidad\/#listItem","position":2,"name":"Noticias y Actualidad","item":"https:\/\/eldigitaldeasturias.com\/magazine365\/category\/noticias-actualidad\/","nextItem":{"@type":"ListItem","@id":"https:\/\/eldigitaldeasturias.com\/magazine365\/el-palau-de-la-musica-instala-un-busto-de-la-pianista-alicia-de-larrocha\/#listItem","name":"El Palau de la M\u00fasica instala un busto de la pianista Alicia de Larrocha"},"previousItem":{"@type":"ListItem","@id":"https:\/\/eldigitaldeasturias.com\/magazine365#listItem","name":"Home"}},{"@type":"ListItem","@id":"https:\/\/eldigitaldeasturias.com\/magazine365\/el-palau-de-la-musica-instala-un-busto-de-la-pianista-alicia-de-larrocha\/#listItem","position":3,"name":"El Palau de la M\u00fasica instala un busto de la pianista Alicia de Larrocha","previousItem":{"@type":"ListItem","@id":"https:\/\/eldigitaldeasturias.com\/magazine365\/category\/noticias-actualidad\/#listItem","name":"Noticias y Actualidad"}}]},{"@type":"Organization","@id":"https:\/\/eldigitaldeasturias.com\/magazine365\/#organization","name":"El digital de Asturias","description":"Revista de ocio, turismo y estilo de vida","url":"https:\/\/eldigitaldeasturias.com\/magazine365\/","logo":{"@type":"ImageObject","url":"https:\/\/www.eldigitaldeasturias.com\/noticias\/wp-content\/uploads\/2020\/12\/EDA.jpg","@id":"https:\/\/eldigitaldeasturias.com\/magazine365\/el-palau-de-la-musica-instala-un-busto-de-la-pianista-alicia-de-larrocha\/#organizationLogo"},"image":{"@id":"https:\/\/eldigitaldeasturias.com\/magazine365\/el-palau-de-la-musica-instala-un-busto-de-la-pianista-alicia-de-larrocha\/#organizationLogo"}},{"@type":"Person","@id":"https:\/\/eldigitaldeasturias.com\/magazine365\/author\/admin\/#author","url":"https:\/\/eldigitaldeasturias.com\/magazine365\/author\/admin\/","name":"admin","image":{"@type":"ImageObject","@id":"https:\/\/eldigitaldeasturias.com\/magazine365\/el-palau-de-la-musica-instala-un-busto-de-la-pianista-alicia-de-larrocha\/#authorImage","url":"https:\/\/eldigitaldeasturias.com\/magazine365\/wp-content\/litespeed\/avatar\/e571bcf59a0edd6fa6838245a470f2fe.jpg?ver=1776969259","width":96,"height":96,"caption":"admin"}},{"@type":"WebPage","@id":"https:\/\/eldigitaldeasturias.com\/magazine365\/el-palau-de-la-musica-instala-un-busto-de-la-pianista-alicia-de-larrocha\/#webpage","url":"https:\/\/eldigitaldeasturias.com\/magazine365\/el-palau-de-la-musica-instala-un-busto-de-la-pianista-alicia-de-larrocha\/","name":"El Palau de la M\u00fasica instala un busto de la pianista Alicia de Larrocha | El Digital de Asturias","description":"(EFE).- El Palau de la M\u00fasica Catalana ha instalado hoy en la Sala Llu\u00eds Millet un busto de la pianista Alicia de Larrocha (Barcelona, 1923-2009). En un acto de reconocimiento celebrado en el Palau de la M\u00fasica Catalana, la escultura de bronce de la pianista, obra del artista Ram\u00f3n Cuello, se ha colocado en la","inLanguage":"es-ES","isPartOf":{"@id":"https:\/\/eldigitaldeasturias.com\/magazine365\/#website"},"breadcrumb":{"@id":"https:\/\/eldigitaldeasturias.com\/magazine365\/el-palau-de-la-musica-instala-un-busto-de-la-pianista-alicia-de-larrocha\/#breadcrumblist"},"author":{"@id":"https:\/\/eldigitaldeasturias.com\/magazine365\/author\/admin\/#author"},"creator":{"@id":"https:\/\/eldigitaldeasturias.com\/magazine365\/author\/admin\/#author"},"image":{"@type":"ImageObject","url":"https:\/\/eldigitaldeasturias.com\/magazine365\/wp-content\/uploads\/2014\/05\/6294228w.jpg","@id":"https:\/\/eldigitaldeasturias.com\/magazine365\/el-palau-de-la-musica-instala-un-busto-de-la-pianista-alicia-de-larrocha\/#mainImage","width":700,"height":1052},"primaryImageOfPage":{"@id":"https:\/\/eldigitaldeasturias.com\/magazine365\/el-palau-de-la-musica-instala-un-busto-de-la-pianista-alicia-de-larrocha\/#mainImage"},"datePublished":"2014-05-24T12:34:55+02:00","dateModified":"2014-05-24T12:34:55+02:00"},{"@type":"WebSite","@id":"https:\/\/eldigitaldeasturias.com\/magazine365\/#website","url":"https:\/\/eldigitaldeasturias.com\/magazine365\/","name":"El Digital de Asturias","description":"Revista de ocio, turismo y estilo de vida","inLanguage":"es-ES","publisher":{"@id":"https:\/\/eldigitaldeasturias.com\/magazine365\/#organization"}}]},"og:locale":"es_ES","og:site_name":"El Digital de Asturias \u2013 Revista de ocio, turismo y estilo de vida","og:type":"article","og:title":"El Palau de la M\u00fasica instala un busto de la pianista Alicia de Larrocha | El Digital de Asturias","og:description":"(EFE).- El Palau de la M\u00fasica Catalana ha instalado hoy en la Sala Llu\u00eds Millet un busto de la pianista Alicia de Larrocha (Barcelona, 1923-2009). En un acto de reconocimiento celebrado en el Palau de la M\u00fasica Catalana, la escultura de bronce de la pianista, obra del artista Ram\u00f3n Cuello, se ha colocado en la","og:url":"https:\/\/eldigitaldeasturias.com\/magazine365\/el-palau-de-la-musica-instala-un-busto-de-la-pianista-alicia-de-larrocha\/","og:image":"https:\/\/eldigitaldeasturias.com\/magazine365\/wp-content\/uploads\/2014\/05\/6294228w.jpg","og:image:secure_url":"https:\/\/eldigitaldeasturias.com\/magazine365\/wp-content\/uploads\/2014\/05\/6294228w.jpg","og:image:width":700,"og:image:height":1052,"article:published_time":"2014-05-24T14:34:55+00:00","article:modified_time":"2014-05-24T14:34:55+00:00","twitter:card":"summary_large_image","twitter:title":"El Palau de la M\u00fasica instala un busto de la pianista Alicia de Larrocha | El Digital de Asturias","twitter:description":"(EFE).- El Palau de la M\u00fasica Catalana ha instalado hoy en la Sala Llu\u00eds Millet un busto de la pianista Alicia de Larrocha (Barcelona, 1923-2009). En un acto de reconocimiento celebrado en el Palau de la M\u00fasica Catalana, la escultura de bronce de la pianista, obra del artista Ram\u00f3n Cuello, se ha colocado en la","twitter:image":"https:\/\/eldigitaldeasturias.com\/magazine365\/wp-content\/uploads\/2014\/05\/6294228w.jpg"},"aioseo_meta_data":{"post_id":"13765","title":null,"description":null,"keywords":null,"keyphrases":null,"primary_term":null,"canonical_url":null,"og_title":null,"og_description":null,"og_object_type":"default","og_image_type":"default","og_image_url":null,"og_image_width":null,"og_image_height":null,"og_image_custom_url":null,"og_image_custom_fields":null,"og_video":null,"og_custom_url":null,"og_article_section":null,"og_article_tags":null,"twitter_use_og":false,"twitter_card":"default","twitter_image_type":"default","twitter_image_url":null,"twitter_image_custom_url":null,"twitter_image_custom_fields":null,"twitter_title":null,"twitter_description":null,"schema":{"blockGraphs":[],"customGraphs":[],"default":{"data":{"Article":[],"Course":[],"Dataset":[],"FAQPage":[],"Movie":[],"Person":[],"Product":[],"ProductReview":[],"Car":[],"Recipe":[],"Service":[],"SoftwareApplication":[],"WebPage":[]},"graphName":"","isEnabled":true},"graphs":[],"defaultGraph":"","defaultPostTypeGraph":""},"schema_type":null,"schema_type_options":null,"pillar_content":false,"robots_default":true,"robots_noindex":false,"robots_noarchive":false,"robots_nosnippet":false,"robots_nofollow":false,"robots_noimageindex":false,"robots_noodp":false,"robots_notranslate":false,"robots_max_snippet":null,"robots_max_videopreview":null,"robots_max_imagepreview":"large","priority":null,"frequency":null,"location":null,"local_seo":null,"seo_analyzer_scan_date":"2025-09-17 08:54:39","breadcrumb_settings":null,"limit_modified_date":false,"open_ai":null,"ai":null,"created":"2021-03-09 08:23:49","updated":"2025-09-17 08:54:40"},"aioseo_breadcrumb":"<div class=\"aioseo-breadcrumbs\"><span class=\"aioseo-breadcrumb\">\n\t<a href=\"https:\/\/eldigitaldeasturias.com\/magazine365\" title=\"Home\">Home<\/a>\n<\/span><span class=\"aioseo-breadcrumb-separator\">\u2013<\/span><span class=\"aioseo-breadcrumb\">\n\t<a href=\"https:\/\/eldigitaldeasturias.com\/magazine365\/category\/noticias-actualidad\/\" title=\"Noticias y Actualidad\">Noticias y Actualidad<\/a>\n<\/span><span class=\"aioseo-breadcrumb-separator\">\u2013<\/span><span class=\"aioseo-breadcrumb\">\n\t<a href=\"https:\/\/eldigitaldeasturias.com\/magazine365\/el-palau-de-la-musica-instala-un-busto-de-la-pianista-alicia-de-larrocha\/\" title=\"El Palau de la M\u00fasica instala un busto de la pianista Alicia de Larrocha\">El Palau de la M\u00fasica instala un busto de la pianista Alicia de Larrocha<\/a>\n<\/span><\/div>","aioseo_breadcrumb_json":[{"label":"Home","link":"https:\/\/eldigitaldeasturias.com\/magazine365"},{"label":"Noticias y Actualidad","link":"https:\/\/eldigitaldeasturias.com\/magazine365\/category\/noticias-actualidad\/"},{"label":"El Palau de la M\u00fasica instala un busto de la pianista Alicia de Larrocha","link":"https:\/\/eldigitaldeasturias.com\/magazine365\/el-palau-de-la-musica-instala-un-busto-de-la-pianista-alicia-de-larrocha\/"}],"_links":{"self":[{"href":"https:\/\/eldigitaldeasturias.com\/magazine365\/wp-json\/wp\/v2\/posts\/13765","targetHints":{"allow":["GET"]}}],"collection":[{"href":"https:\/\/eldigitaldeasturias.com\/magazine365\/wp-json\/wp\/v2\/posts"}],"about":[{"href":"https:\/\/eldigitaldeasturias.com\/magazine365\/wp-json\/wp\/v2\/types\/post"}],"author":[{"embeddable":true,"href":"https:\/\/eldigitaldeasturias.com\/magazine365\/wp-json\/wp\/v2\/users\/1"}],"replies":[{"embeddable":true,"href":"https:\/\/eldigitaldeasturias.com\/magazine365\/wp-json\/wp\/v2\/comments?post=13765"}],"version-history":[{"count":0,"href":"https:\/\/eldigitaldeasturias.com\/magazine365\/wp-json\/wp\/v2\/posts\/13765\/revisions"}],"wp:featuredmedia":[{"embeddable":true,"href":"https:\/\/eldigitaldeasturias.com\/magazine365\/wp-json\/wp\/v2\/media\/13766"}],"wp:attachment":[{"href":"https:\/\/eldigitaldeasturias.com\/magazine365\/wp-json\/wp\/v2\/media?parent=13765"}],"wp:term":[{"taxonomy":"category","embeddable":true,"href":"https:\/\/eldigitaldeasturias.com\/magazine365\/wp-json\/wp\/v2\/categories?post=13765"},{"taxonomy":"post_tag","embeddable":true,"href":"https:\/\/eldigitaldeasturias.com\/magazine365\/wp-json\/wp\/v2\/tags?post=13765"}],"curies":[{"name":"wp","href":"https:\/\/api.w.org\/{rel}","templated":true}]}}