{"id":13762,"date":"2014-05-24T12:33:01","date_gmt":"2014-05-24T14:33:01","guid":{"rendered":"http:\/\/eldigitaldeasturias.com\/magazine365\/?p=13762"},"modified":"2014-05-24T12:33:01","modified_gmt":"2014-05-24T14:33:01","slug":"una-anestesista-gallega-halla-indicios-de-menor-inflamacion-al-usar-gas-hipnotico","status":"publish","type":"post","link":"https:\/\/eldigitaldeasturias.com\/magazine365\/una-anestesista-gallega-halla-indicios-de-menor-inflamacion-al-usar-gas-hipnotico\/","title":{"rendered":"Una anestesista gallega halla indicios de menor inflamaci\u00f3n al usar gas hipn\u00f3tico"},"content":{"rendered":"<p><img fetchpriority=\"high\" decoding=\"async\" class=\"alignleft size-medium wp-image-13763\" alt=\"6293436w\" src=\"https:\/\/eldigitaldeasturias.com\/magazine365\/wp-content\/uploads\/2014\/05\/6293436w-360x264.jpg\" width=\"360\" height=\"264\" srcset=\"https:\/\/eldigitaldeasturias.com\/magazine365\/wp-content\/uploads\/2014\/05\/6293436w-360x264.jpg 360w, https:\/\/eldigitaldeasturias.com\/magazine365\/wp-content\/uploads\/2014\/05\/6293436w-650x477.jpg 650w, https:\/\/eldigitaldeasturias.com\/magazine365\/wp-content\/uploads\/2014\/05\/6293436w-768x564.jpg 768w, https:\/\/eldigitaldeasturias.com\/magazine365\/wp-content\/uploads\/2014\/05\/6293436w-150x110.jpg 150w, https:\/\/eldigitaldeasturias.com\/magazine365\/wp-content\/uploads\/2014\/05\/6293436w-450x330.jpg 450w, https:\/\/eldigitaldeasturias.com\/magazine365\/wp-content\/uploads\/2014\/05\/6293436w-80x60.jpg 80w, https:\/\/eldigitaldeasturias.com\/magazine365\/wp-content\/uploads\/2014\/05\/6293436w-696x511.jpg 696w, https:\/\/eldigitaldeasturias.com\/magazine365\/wp-content\/uploads\/2014\/05\/6293436w-572x420.jpg 572w, https:\/\/eldigitaldeasturias.com\/magazine365\/wp-content\/uploads\/2014\/05\/6293436w-90x67.jpg 90w, https:\/\/eldigitaldeasturias.com\/magazine365\/wp-content\/uploads\/2014\/05\/6293436w.jpg 800w\" sizes=\"(max-width: 360px) 100vw, 360px\" \/>(EFE).- La utilizaci\u00f3n de gases hipn\u00f3ticos en pacientes intervenidos quir\u00fargicamente de enfermedades cardiovasculares reduce la inflamaci\u00f3n frente a la anestesia intravenosa o la combinaci\u00f3n de ambos, seg\u00fan una tesis doctoral presentada hoy en la Universidad de Santiago de Compostela (USC).<\/p>\n<p>Sonia Veiras, perteneciente al servicio de Anestesiolog\u00eda, Reanimaci\u00f3n y Dolor del Complejo Hospitalario Universitario de Santiago (CHUS), es la primera mujer de este departamento en defender una tesis doctoral, reto que ha superado con la m\u00e1xima calificaci\u00f3n, sobresaliente, y con la invitaci\u00f3n a optar al &#8216;cum laude&#8217;.<\/p>\n<p>Las conclusiones de la investigadora forman parte de una tesis doctoral en base a una muestra de veinticinco pacientes de 60 a 80 a\u00f1os sometidos a esos tres tratamientos anest\u00e9sicos.<\/p>\n<p>Veiras indic\u00f3 que se trata solo de indicios y consider\u00f3 necesario un estudio m\u00e1s amplio con un mayor n\u00famero de pacientes para determinar si el sevoflurano, un gas suministrado en la respiraci\u00f3n, es m\u00e1s id\u00f3neo que suministrar por v\u00eda intravenosa otro f\u00e1rmaco, el propofol, ambos con propiedades hipn\u00f3ticas.<\/p>\n<p>La investigadora subray\u00f3 que \u00abel procedimiento anest\u00e9sico resulta imprescindible para llevar a cabo la cirug\u00eda\u00bb y destac\u00f3 que la labor de anestesista requiere reflexionar si \u00abes suficiente que el paciente est\u00e9 inconsciente y no se entere del procedimiento quir\u00fargico\u00bb o si bien hay que \u00abbuscar una mayor repercusi\u00f3n a largo plazo de la evoluci\u00f3n postoperatoria\u00bb.<\/p>\n<p>Veiras, que ejerce de anestesista en el citado centro m\u00e9dico gallego, observ\u00f3 que \u00abpuede haber mol\u00e9culas\u00bb capaces de \u00abamortiguar la respuesta inflamatoria\u00bb, por lo que \u00abencontrarlas y tipificar su mecanismo de acci\u00f3n es una labor de investigaci\u00f3n apasionante y que abrir\u00e1 las puertas a nuevas terapias ahora desconocidas\u00bb.<\/p>\n<p>Su an\u00e1lisis concluye que la anestesia con sevoflurano en pacientes intervenidos para sustituci\u00f3n valvular a\u00f3rtica conlleva menores problemas de inflamaci\u00f3n, la complicaci\u00f3n m\u00e1s frecuente que afrontan los m\u00e9dicos en el quir\u00f3fano en ese tipo de situaciones, frente al suministro de propofol o a una combinaci\u00f3n de ambos f\u00e1rmacos.<\/p>\n<p>La investigadora subray\u00f3 ante el tribunal, integrado por expertos de varias universidades de Espa\u00f1a y Estados Unidos, las dificultades para poder llevar a cabo un estudio aleatorio exhaustivo, por el coste asociado a los seguros para los pacientes.<\/p>\n<p>Veiras, que ejerci\u00f3 de anestesista en un hospital de Iowa, en EEUU, y que actualmente trabaja en Galicia, su tierra natal, indic\u00f3 que en la pr\u00e1ctica diaria en los centro m\u00e9dicos suelen aplicarse t\u00e9cnicas mixtas, pero consider\u00f3 que un estudio m\u00e1s profundo podr\u00eda determinar si es m\u00e1s aconsejable la inhalaci\u00f3n de gases hin\u00f3pticos que una inyecci\u00f3n a ese tipo de pacientes en ese tipo de enfermos de coraz\u00f3n.<\/p>\n","protected":false},"excerpt":{"rendered":"<p>(EFE).- La utilizaci\u00f3n de gases hipn\u00f3ticos en pacientes intervenidos quir\u00fargicamente de enfermedades cardiovasculares reduce la inflamaci\u00f3n frente a la anestesia intravenosa o la combinaci\u00f3n de ambos, seg\u00fan una tesis doctoral presentada hoy en la Universidad de Santiago de Compostela (USC). Sonia Veiras, perteneciente al servicio de Anestesiolog\u00eda, Reanimaci\u00f3n y Dolor del Complejo Hospitalario Universitario de<\/p>\n","protected":false},"author":1,"featured_media":13763,"comment_status":"open","ping_status":"closed","sticky":false,"template":"","format":"standard","meta":{"footnotes":""},"categories":[224],"tags":[],"class_list":{"0":"post-13762","1":"post","2":"type-post","3":"status-publish","4":"format-standard","5":"has-post-thumbnail","7":"category-noticias-actualidad"},"aioseo_notices":[],"aioseo_head":"\n\t\t<!-- All in One SEO Pro 4.9.6.1 - aioseo.com -->\n\t<meta name=\"description\" content=\"(EFE).- La utilizaci\u00f3n de gases hipn\u00f3ticos en pacientes intervenidos quir\u00fargicamente de enfermedades cardiovasculares reduce la inflamaci\u00f3n frente a la anestesia intravenosa o la combinaci\u00f3n de ambos, seg\u00fan una tesis doctoral presentada hoy en la Universidad de Santiago de Compostela (USC). Sonia Veiras, perteneciente al servicio de Anestesiolog\u00eda, Reanimaci\u00f3n y Dolor del Complejo Hospitalario Universitario de\" \/>\n\t<meta name=\"robots\" content=\"max-image-preview:large\" \/>\n\t<meta name=\"author\" content=\"admin\"\/>\n\t<meta name=\"google-site-verification\" content=\"UA-38556648-1\" \/>\n\t<meta name=\"keywords\" content=\"noticias y actualidad\" \/>\n\t<link rel=\"canonical\" href=\"https:\/\/eldigitaldeasturias.com\/magazine365\/una-anestesista-gallega-halla-indicios-de-menor-inflamacion-al-usar-gas-hipnotico\/\" \/>\n\t<meta name=\"generator\" content=\"All in One SEO Pro (AIOSEO) 4.9.6.1\" \/>\n\t\t<meta property=\"og:locale\" content=\"es_ES\" \/>\n\t\t<meta property=\"og:site_name\" content=\"El Digital de Asturias \u2013 Revista de ocio, turismo y estilo de vida\" \/>\n\t\t<meta property=\"og:type\" content=\"article\" \/>\n\t\t<meta property=\"og:title\" content=\"Una anestesista gallega halla indicios de menor inflamaci\u00f3n al usar gas hipn\u00f3tico | El Digital de Asturias\" \/>\n\t\t<meta property=\"og:description\" content=\"(EFE).- La utilizaci\u00f3n de gases hipn\u00f3ticos en pacientes intervenidos quir\u00fargicamente de enfermedades cardiovasculares reduce la inflamaci\u00f3n frente a la anestesia intravenosa o la combinaci\u00f3n de ambos, seg\u00fan una tesis doctoral presentada hoy en la Universidad de Santiago de Compostela (USC). Sonia Veiras, perteneciente al servicio de Anestesiolog\u00eda, Reanimaci\u00f3n y Dolor del Complejo Hospitalario Universitario de\" \/>\n\t\t<meta property=\"og:url\" content=\"https:\/\/eldigitaldeasturias.com\/magazine365\/una-anestesista-gallega-halla-indicios-de-menor-inflamacion-al-usar-gas-hipnotico\/\" \/>\n\t\t<meta property=\"og:image\" content=\"https:\/\/eldigitaldeasturias.com\/magazine365\/wp-content\/uploads\/2014\/05\/6293436w.jpg\" \/>\n\t\t<meta property=\"og:image:secure_url\" content=\"https:\/\/eldigitaldeasturias.com\/magazine365\/wp-content\/uploads\/2014\/05\/6293436w.jpg\" \/>\n\t\t<meta property=\"og:image:width\" content=\"800\" \/>\n\t\t<meta property=\"og:image:height\" content=\"587\" \/>\n\t\t<meta property=\"article:published_time\" content=\"2014-05-24T14:33:01+00:00\" \/>\n\t\t<meta property=\"article:modified_time\" content=\"2014-05-24T14:33:01+00:00\" \/>\n\t\t<meta name=\"twitter:card\" content=\"summary_large_image\" \/>\n\t\t<meta name=\"twitter:title\" content=\"Una anestesista gallega halla indicios de menor inflamaci\u00f3n al usar gas hipn\u00f3tico | El Digital de Asturias\" \/>\n\t\t<meta name=\"twitter:description\" content=\"(EFE).- La utilizaci\u00f3n de gases hipn\u00f3ticos en pacientes intervenidos quir\u00fargicamente de enfermedades cardiovasculares reduce la inflamaci\u00f3n frente a la anestesia intravenosa o la combinaci\u00f3n de ambos, seg\u00fan una tesis doctoral presentada hoy en la Universidad de Santiago de Compostela (USC). Sonia Veiras, perteneciente al servicio de Anestesiolog\u00eda, Reanimaci\u00f3n y Dolor del Complejo Hospitalario Universitario de\" \/>\n\t\t<meta name=\"twitter:image\" content=\"https:\/\/eldigitaldeasturias.com\/magazine365\/wp-content\/uploads\/2014\/05\/6293436w.jpg\" \/>\n\t\t<script type=\"application\/ld+json\" class=\"aioseo-schema\">\n\t\t\t{\"@context\":\"https:\\\/\\\/schema.org\",\"@graph\":[{\"@type\":\"Article\",\"@id\":\"https:\\\/\\\/eldigitaldeasturias.com\\\/magazine365\\\/una-anestesista-gallega-halla-indicios-de-menor-inflamacion-al-usar-gas-hipnotico\\\/#article\",\"name\":\"Una anestesista gallega halla indicios de menor inflamaci\\u00f3n al usar gas hipn\\u00f3tico | El Digital de Asturias\",\"headline\":\"Una anestesista gallega halla indicios de menor inflamaci\\u00f3n al usar gas hipn\\u00f3tico\",\"author\":{\"@id\":\"https:\\\/\\\/eldigitaldeasturias.com\\\/magazine365\\\/author\\\/admin\\\/#author\"},\"publisher\":{\"@id\":\"https:\\\/\\\/eldigitaldeasturias.com\\\/magazine365\\\/#organization\"},\"image\":{\"@type\":\"ImageObject\",\"url\":\"https:\\\/\\\/eldigitaldeasturias.com\\\/magazine365\\\/wp-content\\\/uploads\\\/2014\\\/05\\\/6293436w.jpg\",\"width\":800,\"height\":587},\"datePublished\":\"2014-05-24T12:33:01+02:00\",\"dateModified\":\"2014-05-24T12:33:01+02:00\",\"inLanguage\":\"es-ES\",\"mainEntityOfPage\":{\"@id\":\"https:\\\/\\\/eldigitaldeasturias.com\\\/magazine365\\\/una-anestesista-gallega-halla-indicios-de-menor-inflamacion-al-usar-gas-hipnotico\\\/#webpage\"},\"isPartOf\":{\"@id\":\"https:\\\/\\\/eldigitaldeasturias.com\\\/magazine365\\\/una-anestesista-gallega-halla-indicios-de-menor-inflamacion-al-usar-gas-hipnotico\\\/#webpage\"},\"articleSection\":\"Noticias y Actualidad\"},{\"@type\":\"BreadcrumbList\",\"@id\":\"https:\\\/\\\/eldigitaldeasturias.com\\\/magazine365\\\/una-anestesista-gallega-halla-indicios-de-menor-inflamacion-al-usar-gas-hipnotico\\\/#breadcrumblist\",\"itemListElement\":[{\"@type\":\"ListItem\",\"@id\":\"https:\\\/\\\/eldigitaldeasturias.com\\\/magazine365#listItem\",\"position\":1,\"name\":\"Home\",\"item\":\"https:\\\/\\\/eldigitaldeasturias.com\\\/magazine365\",\"nextItem\":{\"@type\":\"ListItem\",\"@id\":\"https:\\\/\\\/eldigitaldeasturias.com\\\/magazine365\\\/category\\\/noticias-actualidad\\\/#listItem\",\"name\":\"Noticias y Actualidad\"}},{\"@type\":\"ListItem\",\"@id\":\"https:\\\/\\\/eldigitaldeasturias.com\\\/magazine365\\\/category\\\/noticias-actualidad\\\/#listItem\",\"position\":2,\"name\":\"Noticias y Actualidad\",\"item\":\"https:\\\/\\\/eldigitaldeasturias.com\\\/magazine365\\\/category\\\/noticias-actualidad\\\/\",\"nextItem\":{\"@type\":\"ListItem\",\"@id\":\"https:\\\/\\\/eldigitaldeasturias.com\\\/magazine365\\\/una-anestesista-gallega-halla-indicios-de-menor-inflamacion-al-usar-gas-hipnotico\\\/#listItem\",\"name\":\"Una anestesista gallega halla indicios de menor inflamaci\\u00f3n al usar gas hipn\\u00f3tico\"},\"previousItem\":{\"@type\":\"ListItem\",\"@id\":\"https:\\\/\\\/eldigitaldeasturias.com\\\/magazine365#listItem\",\"name\":\"Home\"}},{\"@type\":\"ListItem\",\"@id\":\"https:\\\/\\\/eldigitaldeasturias.com\\\/magazine365\\\/una-anestesista-gallega-halla-indicios-de-menor-inflamacion-al-usar-gas-hipnotico\\\/#listItem\",\"position\":3,\"name\":\"Una anestesista gallega halla indicios de menor inflamaci\\u00f3n al usar gas hipn\\u00f3tico\",\"previousItem\":{\"@type\":\"ListItem\",\"@id\":\"https:\\\/\\\/eldigitaldeasturias.com\\\/magazine365\\\/category\\\/noticias-actualidad\\\/#listItem\",\"name\":\"Noticias y Actualidad\"}}]},{\"@type\":\"Organization\",\"@id\":\"https:\\\/\\\/eldigitaldeasturias.com\\\/magazine365\\\/#organization\",\"name\":\"El digital de Asturias\",\"description\":\"Revista de ocio, turismo y estilo de vida\",\"url\":\"https:\\\/\\\/eldigitaldeasturias.com\\\/magazine365\\\/\",\"logo\":{\"@type\":\"ImageObject\",\"url\":\"https:\\\/\\\/www.eldigitaldeasturias.com\\\/noticias\\\/wp-content\\\/uploads\\\/2020\\\/12\\\/EDA.jpg\",\"@id\":\"https:\\\/\\\/eldigitaldeasturias.com\\\/magazine365\\\/una-anestesista-gallega-halla-indicios-de-menor-inflamacion-al-usar-gas-hipnotico\\\/#organizationLogo\"},\"image\":{\"@id\":\"https:\\\/\\\/eldigitaldeasturias.com\\\/magazine365\\\/una-anestesista-gallega-halla-indicios-de-menor-inflamacion-al-usar-gas-hipnotico\\\/#organizationLogo\"}},{\"@type\":\"Person\",\"@id\":\"https:\\\/\\\/eldigitaldeasturias.com\\\/magazine365\\\/author\\\/admin\\\/#author\",\"url\":\"https:\\\/\\\/eldigitaldeasturias.com\\\/magazine365\\\/author\\\/admin\\\/\",\"name\":\"admin\",\"image\":{\"@type\":\"ImageObject\",\"@id\":\"https:\\\/\\\/eldigitaldeasturias.com\\\/magazine365\\\/una-anestesista-gallega-halla-indicios-de-menor-inflamacion-al-usar-gas-hipnotico\\\/#authorImage\",\"url\":\"https:\\\/\\\/eldigitaldeasturias.com\\\/magazine365\\\/wp-content\\\/litespeed\\\/avatar\\\/e571bcf59a0edd6fa6838245a470f2fe.jpg?ver=1776969259\",\"width\":96,\"height\":96,\"caption\":\"admin\"}},{\"@type\":\"WebPage\",\"@id\":\"https:\\\/\\\/eldigitaldeasturias.com\\\/magazine365\\\/una-anestesista-gallega-halla-indicios-de-menor-inflamacion-al-usar-gas-hipnotico\\\/#webpage\",\"url\":\"https:\\\/\\\/eldigitaldeasturias.com\\\/magazine365\\\/una-anestesista-gallega-halla-indicios-de-menor-inflamacion-al-usar-gas-hipnotico\\\/\",\"name\":\"Una anestesista gallega halla indicios de menor inflamaci\\u00f3n al usar gas hipn\\u00f3tico | El Digital de Asturias\",\"description\":\"(EFE).- La utilizaci\\u00f3n de gases hipn\\u00f3ticos en pacientes intervenidos quir\\u00fargicamente de enfermedades cardiovasculares reduce la inflamaci\\u00f3n frente a la anestesia intravenosa o la combinaci\\u00f3n de ambos, seg\\u00fan una tesis doctoral presentada hoy en la Universidad de Santiago de Compostela (USC). Sonia Veiras, perteneciente al servicio de Anestesiolog\\u00eda, Reanimaci\\u00f3n y Dolor del Complejo Hospitalario Universitario de\",\"inLanguage\":\"es-ES\",\"isPartOf\":{\"@id\":\"https:\\\/\\\/eldigitaldeasturias.com\\\/magazine365\\\/#website\"},\"breadcrumb\":{\"@id\":\"https:\\\/\\\/eldigitaldeasturias.com\\\/magazine365\\\/una-anestesista-gallega-halla-indicios-de-menor-inflamacion-al-usar-gas-hipnotico\\\/#breadcrumblist\"},\"author\":{\"@id\":\"https:\\\/\\\/eldigitaldeasturias.com\\\/magazine365\\\/author\\\/admin\\\/#author\"},\"creator\":{\"@id\":\"https:\\\/\\\/eldigitaldeasturias.com\\\/magazine365\\\/author\\\/admin\\\/#author\"},\"image\":{\"@type\":\"ImageObject\",\"url\":\"https:\\\/\\\/eldigitaldeasturias.com\\\/magazine365\\\/wp-content\\\/uploads\\\/2014\\\/05\\\/6293436w.jpg\",\"@id\":\"https:\\\/\\\/eldigitaldeasturias.com\\\/magazine365\\\/una-anestesista-gallega-halla-indicios-de-menor-inflamacion-al-usar-gas-hipnotico\\\/#mainImage\",\"width\":800,\"height\":587},\"primaryImageOfPage\":{\"@id\":\"https:\\\/\\\/eldigitaldeasturias.com\\\/magazine365\\\/una-anestesista-gallega-halla-indicios-de-menor-inflamacion-al-usar-gas-hipnotico\\\/#mainImage\"},\"datePublished\":\"2014-05-24T12:33:01+02:00\",\"dateModified\":\"2014-05-24T12:33:01+02:00\"},{\"@type\":\"WebSite\",\"@id\":\"https:\\\/\\\/eldigitaldeasturias.com\\\/magazine365\\\/#website\",\"url\":\"https:\\\/\\\/eldigitaldeasturias.com\\\/magazine365\\\/\",\"name\":\"El Digital de Asturias\",\"description\":\"Revista de ocio, turismo y estilo de vida\",\"inLanguage\":\"es-ES\",\"publisher\":{\"@id\":\"https:\\\/\\\/eldigitaldeasturias.com\\\/magazine365\\\/#organization\"}}]}\n\t\t<\/script>\n\t\t<!-- All in One SEO Pro -->\r\n\t\t<title>Una anestesista gallega halla indicios de menor inflamaci\u00f3n al usar gas hipn\u00f3tico | El Digital de Asturias<\/title>\n\n","aioseo_head_json":{"title":"Una anestesista gallega halla indicios de menor inflamaci\u00f3n al usar gas hipn\u00f3tico | El Digital de Asturias","description":"(EFE).- La utilizaci\u00f3n de gases hipn\u00f3ticos en pacientes intervenidos quir\u00fargicamente de enfermedades cardiovasculares reduce la inflamaci\u00f3n frente a la anestesia intravenosa o la combinaci\u00f3n de ambos, seg\u00fan una tesis doctoral presentada hoy en la Universidad de Santiago de Compostela (USC). Sonia Veiras, perteneciente al servicio de Anestesiolog\u00eda, Reanimaci\u00f3n y Dolor del Complejo Hospitalario Universitario de","canonical_url":"https:\/\/eldigitaldeasturias.com\/magazine365\/una-anestesista-gallega-halla-indicios-de-menor-inflamacion-al-usar-gas-hipnotico\/","robots":"max-image-preview:large","keywords":"noticias y actualidad","webmasterTools":{"google-site-verification":"UA-38556648-1","miscellaneous":""},"schema":{"@context":"https:\/\/schema.org","@graph":[{"@type":"Article","@id":"https:\/\/eldigitaldeasturias.com\/magazine365\/una-anestesista-gallega-halla-indicios-de-menor-inflamacion-al-usar-gas-hipnotico\/#article","name":"Una anestesista gallega halla indicios de menor inflamaci\u00f3n al usar gas hipn\u00f3tico | El Digital de Asturias","headline":"Una anestesista gallega halla indicios de menor inflamaci\u00f3n al usar gas hipn\u00f3tico","author":{"@id":"https:\/\/eldigitaldeasturias.com\/magazine365\/author\/admin\/#author"},"publisher":{"@id":"https:\/\/eldigitaldeasturias.com\/magazine365\/#organization"},"image":{"@type":"ImageObject","url":"https:\/\/eldigitaldeasturias.com\/magazine365\/wp-content\/uploads\/2014\/05\/6293436w.jpg","width":800,"height":587},"datePublished":"2014-05-24T12:33:01+02:00","dateModified":"2014-05-24T12:33:01+02:00","inLanguage":"es-ES","mainEntityOfPage":{"@id":"https:\/\/eldigitaldeasturias.com\/magazine365\/una-anestesista-gallega-halla-indicios-de-menor-inflamacion-al-usar-gas-hipnotico\/#webpage"},"isPartOf":{"@id":"https:\/\/eldigitaldeasturias.com\/magazine365\/una-anestesista-gallega-halla-indicios-de-menor-inflamacion-al-usar-gas-hipnotico\/#webpage"},"articleSection":"Noticias y Actualidad"},{"@type":"BreadcrumbList","@id":"https:\/\/eldigitaldeasturias.com\/magazine365\/una-anestesista-gallega-halla-indicios-de-menor-inflamacion-al-usar-gas-hipnotico\/#breadcrumblist","itemListElement":[{"@type":"ListItem","@id":"https:\/\/eldigitaldeasturias.com\/magazine365#listItem","position":1,"name":"Home","item":"https:\/\/eldigitaldeasturias.com\/magazine365","nextItem":{"@type":"ListItem","@id":"https:\/\/eldigitaldeasturias.com\/magazine365\/category\/noticias-actualidad\/#listItem","name":"Noticias y Actualidad"}},{"@type":"ListItem","@id":"https:\/\/eldigitaldeasturias.com\/magazine365\/category\/noticias-actualidad\/#listItem","position":2,"name":"Noticias y Actualidad","item":"https:\/\/eldigitaldeasturias.com\/magazine365\/category\/noticias-actualidad\/","nextItem":{"@type":"ListItem","@id":"https:\/\/eldigitaldeasturias.com\/magazine365\/una-anestesista-gallega-halla-indicios-de-menor-inflamacion-al-usar-gas-hipnotico\/#listItem","name":"Una anestesista gallega halla indicios de menor inflamaci\u00f3n al usar gas hipn\u00f3tico"},"previousItem":{"@type":"ListItem","@id":"https:\/\/eldigitaldeasturias.com\/magazine365#listItem","name":"Home"}},{"@type":"ListItem","@id":"https:\/\/eldigitaldeasturias.com\/magazine365\/una-anestesista-gallega-halla-indicios-de-menor-inflamacion-al-usar-gas-hipnotico\/#listItem","position":3,"name":"Una anestesista gallega halla indicios de menor inflamaci\u00f3n al usar gas hipn\u00f3tico","previousItem":{"@type":"ListItem","@id":"https:\/\/eldigitaldeasturias.com\/magazine365\/category\/noticias-actualidad\/#listItem","name":"Noticias y Actualidad"}}]},{"@type":"Organization","@id":"https:\/\/eldigitaldeasturias.com\/magazine365\/#organization","name":"El digital de Asturias","description":"Revista de ocio, turismo y estilo de vida","url":"https:\/\/eldigitaldeasturias.com\/magazine365\/","logo":{"@type":"ImageObject","url":"https:\/\/www.eldigitaldeasturias.com\/noticias\/wp-content\/uploads\/2020\/12\/EDA.jpg","@id":"https:\/\/eldigitaldeasturias.com\/magazine365\/una-anestesista-gallega-halla-indicios-de-menor-inflamacion-al-usar-gas-hipnotico\/#organizationLogo"},"image":{"@id":"https:\/\/eldigitaldeasturias.com\/magazine365\/una-anestesista-gallega-halla-indicios-de-menor-inflamacion-al-usar-gas-hipnotico\/#organizationLogo"}},{"@type":"Person","@id":"https:\/\/eldigitaldeasturias.com\/magazine365\/author\/admin\/#author","url":"https:\/\/eldigitaldeasturias.com\/magazine365\/author\/admin\/","name":"admin","image":{"@type":"ImageObject","@id":"https:\/\/eldigitaldeasturias.com\/magazine365\/una-anestesista-gallega-halla-indicios-de-menor-inflamacion-al-usar-gas-hipnotico\/#authorImage","url":"https:\/\/eldigitaldeasturias.com\/magazine365\/wp-content\/litespeed\/avatar\/e571bcf59a0edd6fa6838245a470f2fe.jpg?ver=1776969259","width":96,"height":96,"caption":"admin"}},{"@type":"WebPage","@id":"https:\/\/eldigitaldeasturias.com\/magazine365\/una-anestesista-gallega-halla-indicios-de-menor-inflamacion-al-usar-gas-hipnotico\/#webpage","url":"https:\/\/eldigitaldeasturias.com\/magazine365\/una-anestesista-gallega-halla-indicios-de-menor-inflamacion-al-usar-gas-hipnotico\/","name":"Una anestesista gallega halla indicios de menor inflamaci\u00f3n al usar gas hipn\u00f3tico | El Digital de Asturias","description":"(EFE).- La utilizaci\u00f3n de gases hipn\u00f3ticos en pacientes intervenidos quir\u00fargicamente de enfermedades cardiovasculares reduce la inflamaci\u00f3n frente a la anestesia intravenosa o la combinaci\u00f3n de ambos, seg\u00fan una tesis doctoral presentada hoy en la Universidad de Santiago de Compostela (USC). Sonia Veiras, perteneciente al servicio de Anestesiolog\u00eda, Reanimaci\u00f3n y Dolor del Complejo Hospitalario Universitario de","inLanguage":"es-ES","isPartOf":{"@id":"https:\/\/eldigitaldeasturias.com\/magazine365\/#website"},"breadcrumb":{"@id":"https:\/\/eldigitaldeasturias.com\/magazine365\/una-anestesista-gallega-halla-indicios-de-menor-inflamacion-al-usar-gas-hipnotico\/#breadcrumblist"},"author":{"@id":"https:\/\/eldigitaldeasturias.com\/magazine365\/author\/admin\/#author"},"creator":{"@id":"https:\/\/eldigitaldeasturias.com\/magazine365\/author\/admin\/#author"},"image":{"@type":"ImageObject","url":"https:\/\/eldigitaldeasturias.com\/magazine365\/wp-content\/uploads\/2014\/05\/6293436w.jpg","@id":"https:\/\/eldigitaldeasturias.com\/magazine365\/una-anestesista-gallega-halla-indicios-de-menor-inflamacion-al-usar-gas-hipnotico\/#mainImage","width":800,"height":587},"primaryImageOfPage":{"@id":"https:\/\/eldigitaldeasturias.com\/magazine365\/una-anestesista-gallega-halla-indicios-de-menor-inflamacion-al-usar-gas-hipnotico\/#mainImage"},"datePublished":"2014-05-24T12:33:01+02:00","dateModified":"2014-05-24T12:33:01+02:00"},{"@type":"WebSite","@id":"https:\/\/eldigitaldeasturias.com\/magazine365\/#website","url":"https:\/\/eldigitaldeasturias.com\/magazine365\/","name":"El Digital de Asturias","description":"Revista de ocio, turismo y estilo de vida","inLanguage":"es-ES","publisher":{"@id":"https:\/\/eldigitaldeasturias.com\/magazine365\/#organization"}}]},"og:locale":"es_ES","og:site_name":"El Digital de Asturias \u2013 Revista de ocio, turismo y estilo de vida","og:type":"article","og:title":"Una anestesista gallega halla indicios de menor inflamaci\u00f3n al usar gas hipn\u00f3tico | El Digital de Asturias","og:description":"(EFE).- La utilizaci\u00f3n de gases hipn\u00f3ticos en pacientes intervenidos quir\u00fargicamente de enfermedades cardiovasculares reduce la inflamaci\u00f3n frente a la anestesia intravenosa o la combinaci\u00f3n de ambos, seg\u00fan una tesis doctoral presentada hoy en la Universidad de Santiago de Compostela (USC). Sonia Veiras, perteneciente al servicio de Anestesiolog\u00eda, Reanimaci\u00f3n y Dolor del Complejo Hospitalario Universitario de","og:url":"https:\/\/eldigitaldeasturias.com\/magazine365\/una-anestesista-gallega-halla-indicios-de-menor-inflamacion-al-usar-gas-hipnotico\/","og:image":"https:\/\/eldigitaldeasturias.com\/magazine365\/wp-content\/uploads\/2014\/05\/6293436w.jpg","og:image:secure_url":"https:\/\/eldigitaldeasturias.com\/magazine365\/wp-content\/uploads\/2014\/05\/6293436w.jpg","og:image:width":800,"og:image:height":587,"article:published_time":"2014-05-24T14:33:01+00:00","article:modified_time":"2014-05-24T14:33:01+00:00","twitter:card":"summary_large_image","twitter:title":"Una anestesista gallega halla indicios de menor inflamaci\u00f3n al usar gas hipn\u00f3tico | El Digital de Asturias","twitter:description":"(EFE).- La utilizaci\u00f3n de gases hipn\u00f3ticos en pacientes intervenidos quir\u00fargicamente de enfermedades cardiovasculares reduce la inflamaci\u00f3n frente a la anestesia intravenosa o la combinaci\u00f3n de ambos, seg\u00fan una tesis doctoral presentada hoy en la Universidad de Santiago de Compostela (USC). Sonia Veiras, perteneciente al servicio de Anestesiolog\u00eda, Reanimaci\u00f3n y Dolor del Complejo Hospitalario Universitario de","twitter:image":"https:\/\/eldigitaldeasturias.com\/magazine365\/wp-content\/uploads\/2014\/05\/6293436w.jpg"},"aioseo_meta_data":{"post_id":"13762","title":null,"description":null,"keywords":null,"keyphrases":null,"primary_term":null,"canonical_url":null,"og_title":null,"og_description":null,"og_object_type":"default","og_image_type":"default","og_image_url":null,"og_image_width":null,"og_image_height":null,"og_image_custom_url":null,"og_image_custom_fields":null,"og_video":null,"og_custom_url":null,"og_article_section":null,"og_article_tags":null,"twitter_use_og":false,"twitter_card":"default","twitter_image_type":"default","twitter_image_url":null,"twitter_image_custom_url":null,"twitter_image_custom_fields":null,"twitter_title":null,"twitter_description":null,"schema":{"blockGraphs":[],"customGraphs":[],"default":{"data":{"Article":[],"Course":[],"Dataset":[],"FAQPage":[],"Movie":[],"Person":[],"Product":[],"ProductReview":[],"Car":[],"Recipe":[],"Service":[],"SoftwareApplication":[],"WebPage":[]},"graphName":"","isEnabled":true},"graphs":[],"defaultGraph":"","defaultPostTypeGraph":""},"schema_type":null,"schema_type_options":null,"pillar_content":false,"robots_default":true,"robots_noindex":false,"robots_noarchive":false,"robots_nosnippet":false,"robots_nofollow":false,"robots_noimageindex":false,"robots_noodp":false,"robots_notranslate":false,"robots_max_snippet":null,"robots_max_videopreview":null,"robots_max_imagepreview":"large","priority":null,"frequency":null,"location":null,"local_seo":null,"seo_analyzer_scan_date":"2025-09-17 08:53:02","breadcrumb_settings":null,"limit_modified_date":false,"open_ai":null,"ai":null,"created":"2021-03-09 08:23:49","updated":"2025-09-17 08:53:02"},"aioseo_breadcrumb":"<div class=\"aioseo-breadcrumbs\"><span class=\"aioseo-breadcrumb\">\n\t<a href=\"https:\/\/eldigitaldeasturias.com\/magazine365\" title=\"Home\">Home<\/a>\n<\/span><span class=\"aioseo-breadcrumb-separator\">\u2013<\/span><span class=\"aioseo-breadcrumb\">\n\t<a href=\"https:\/\/eldigitaldeasturias.com\/magazine365\/category\/noticias-actualidad\/\" title=\"Noticias y Actualidad\">Noticias y Actualidad<\/a>\n<\/span><span class=\"aioseo-breadcrumb-separator\">\u2013<\/span><span class=\"aioseo-breadcrumb\">\n\t<a href=\"https:\/\/eldigitaldeasturias.com\/magazine365\/una-anestesista-gallega-halla-indicios-de-menor-inflamacion-al-usar-gas-hipnotico\/\" title=\"Una anestesista gallega halla indicios de menor inflamaci\u00f3n al usar gas hipn\u00f3tico\">Una anestesista gallega halla indicios de menor inflamaci\u00f3n al usar gas hipn\u00f3tico<\/a>\n<\/span><\/div>","aioseo_breadcrumb_json":[{"label":"Home","link":"https:\/\/eldigitaldeasturias.com\/magazine365"},{"label":"Noticias y Actualidad","link":"https:\/\/eldigitaldeasturias.com\/magazine365\/category\/noticias-actualidad\/"},{"label":"Una anestesista gallega halla indicios de menor inflamaci\u00f3n al usar gas hipn\u00f3tico","link":"https:\/\/eldigitaldeasturias.com\/magazine365\/una-anestesista-gallega-halla-indicios-de-menor-inflamacion-al-usar-gas-hipnotico\/"}],"_links":{"self":[{"href":"https:\/\/eldigitaldeasturias.com\/magazine365\/wp-json\/wp\/v2\/posts\/13762","targetHints":{"allow":["GET"]}}],"collection":[{"href":"https:\/\/eldigitaldeasturias.com\/magazine365\/wp-json\/wp\/v2\/posts"}],"about":[{"href":"https:\/\/eldigitaldeasturias.com\/magazine365\/wp-json\/wp\/v2\/types\/post"}],"author":[{"embeddable":true,"href":"https:\/\/eldigitaldeasturias.com\/magazine365\/wp-json\/wp\/v2\/users\/1"}],"replies":[{"embeddable":true,"href":"https:\/\/eldigitaldeasturias.com\/magazine365\/wp-json\/wp\/v2\/comments?post=13762"}],"version-history":[{"count":0,"href":"https:\/\/eldigitaldeasturias.com\/magazine365\/wp-json\/wp\/v2\/posts\/13762\/revisions"}],"wp:featuredmedia":[{"embeddable":true,"href":"https:\/\/eldigitaldeasturias.com\/magazine365\/wp-json\/wp\/v2\/media\/13763"}],"wp:attachment":[{"href":"https:\/\/eldigitaldeasturias.com\/magazine365\/wp-json\/wp\/v2\/media?parent=13762"}],"wp:term":[{"taxonomy":"category","embeddable":true,"href":"https:\/\/eldigitaldeasturias.com\/magazine365\/wp-json\/wp\/v2\/categories?post=13762"},{"taxonomy":"post_tag","embeddable":true,"href":"https:\/\/eldigitaldeasturias.com\/magazine365\/wp-json\/wp\/v2\/tags?post=13762"}],"curies":[{"name":"wp","href":"https:\/\/api.w.org\/{rel}","templated":true}]}}