{"id":13750,"date":"2014-05-23T19:45:43","date_gmt":"2014-05-23T21:45:43","guid":{"rendered":"http:\/\/eldigitaldeasturias.com\/magazine365\/?p=13750"},"modified":"2014-05-23T19:45:43","modified_gmt":"2014-05-23T21:45:43","slug":"ainhoa-arteta-no-actuara-en-la-quincena-donostiarra-por-problemas-de-agenda","status":"publish","type":"post","link":"https:\/\/eldigitaldeasturias.com\/magazine365\/ainhoa-arteta-no-actuara-en-la-quincena-donostiarra-por-problemas-de-agenda\/","title":{"rendered":"Ainhoa Arteta no actuar\u00e1 en la Quincena donostiarra por problemas de agenda"},"content":{"rendered":"<p><img fetchpriority=\"high\" decoding=\"async\" class=\"alignleft size-medium wp-image-13751\" alt=\"6293316w\" src=\"https:\/\/eldigitaldeasturias.com\/magazine365\/wp-content\/uploads\/2014\/05\/6293316w-360x266.jpg\" width=\"360\" height=\"266\" srcset=\"https:\/\/eldigitaldeasturias.com\/magazine365\/wp-content\/uploads\/2014\/05\/6293316w-360x266.jpg 360w, https:\/\/eldigitaldeasturias.com\/magazine365\/wp-content\/uploads\/2014\/05\/6293316w-650x481.jpg 650w, https:\/\/eldigitaldeasturias.com\/magazine365\/wp-content\/uploads\/2014\/05\/6293316w-768x568.jpg 768w, https:\/\/eldigitaldeasturias.com\/magazine365\/wp-content\/uploads\/2014\/05\/6293316w-150x111.jpg 150w, https:\/\/eldigitaldeasturias.com\/magazine365\/wp-content\/uploads\/2014\/05\/6293316w-450x333.jpg 450w, https:\/\/eldigitaldeasturias.com\/magazine365\/wp-content\/uploads\/2014\/05\/6293316w-80x60.jpg 80w, https:\/\/eldigitaldeasturias.com\/magazine365\/wp-content\/uploads\/2014\/05\/6293316w-696x515.jpg 696w, https:\/\/eldigitaldeasturias.com\/magazine365\/wp-content\/uploads\/2014\/05\/6293316w-568x420.jpg 568w, https:\/\/eldigitaldeasturias.com\/magazine365\/wp-content\/uploads\/2014\/05\/6293316w-338x250.jpg 338w, https:\/\/eldigitaldeasturias.com\/magazine365\/wp-content\/uploads\/2014\/05\/6293316w-90x67.jpg 90w, https:\/\/eldigitaldeasturias.com\/magazine365\/wp-content\/uploads\/2014\/05\/6293316w-100x75.jpg 100w, https:\/\/eldigitaldeasturias.com\/magazine365\/wp-content\/uploads\/2014\/05\/6293316w.jpg 800w\" sizes=\"(max-width: 360px) 100vw, 360px\" \/>San Sebasti\u00e1n, 23 may (EFE).- La soprano vasca Ainhoa Arteta no actuar\u00e1 este verano a causa de \u00abincompatibilidades de agenda\u00bb en la Quincena Musical de San Sebasti\u00e1n, donde iba a interpretar el papel de Mim\u00ed en la \u00f3pera \u00abLa Boh\u00e8me\u00bb de Puccini los d\u00eda 15 y 17 de agosto.<\/p>\n<p>Arteta ser\u00e1 sustituida por la cantante israel\u00ed Gal James, de 37 a\u00f1os, que seg\u00fan destaca el festival donostiarra en un comunicado \u00abse ha convertido en poco tiempo en una de las sopranos m\u00e1s destacadas de su generaci\u00f3n\u00bb.<\/p>\n<p>Gal ha sido dirigida, entre otros, por Daniel Barenboim, Neeme J\u00e4rvi y Seiji Ozawa.<\/p>\n<p>Sus \u00faltimas actuaciones la han llevado a la Semperoper de Dresde, al Theater St. Gallen y la \u00d3pera de Graz, donde ha abordado los roles de Desdemona (\u00abOtello\u00bb), Mica\u00ebla (\u00abCarmen\u00bb), Condesa Almaviva (\u00abLas bodas de F\u00edgaro\u00bb), Donna Anna (\u00abDon Giovanni\u00bb), Marguerite (\u00abFaust\u00bb) y Jenufa (\u00abJenufa\u00bb).<\/p>\n<p>La Quincena Musical ha recuperado \u00abla Boh\u00e8me\u00bb para celebrara su 75 aniversario, ya que fue la \u00f3pera que se represent\u00f3 en su primera edici\u00f3n.<\/p>\n<p>En esta ocasi\u00f3n, se trata de una producci\u00f3n del Palau de les Arts de Valencia, que tendr\u00e1 a Davide Livermore como director de escena.<\/p>\n","protected":false},"excerpt":{"rendered":"<p>San Sebasti\u00e1n, 23 may (EFE).- La soprano vasca Ainhoa Arteta no actuar\u00e1 este verano a causa de \u00abincompatibilidades de agenda\u00bb en la Quincena Musical de San Sebasti\u00e1n, donde iba a interpretar el papel de Mim\u00ed en la \u00f3pera \u00abLa Boh\u00e8me\u00bb de Puccini los d\u00eda 15 y 17 de agosto. Arteta ser\u00e1 sustituida por la cantante<\/p>\n","protected":false},"author":1,"featured_media":13751,"comment_status":"open","ping_status":"closed","sticky":false,"template":"","format":"standard","meta":{"footnotes":""},"categories":[224],"tags":[],"class_list":{"0":"post-13750","1":"post","2":"type-post","3":"status-publish","4":"format-standard","5":"has-post-thumbnail","7":"category-noticias-actualidad"},"aioseo_notices":[],"aioseo_head":"\n\t\t<!-- All in One SEO Pro 4.9.6.1 - aioseo.com -->\n\t<meta name=\"description\" content=\"San Sebasti\u00e1n, 23 may (EFE).- La soprano vasca Ainhoa Arteta no actuar\u00e1 este verano a causa de &quot;incompatibilidades de agenda&quot; en la Quincena Musical de San Sebasti\u00e1n, donde iba a interpretar el papel de Mim\u00ed en la \u00f3pera &quot;La Boh\u00e8me&quot; de Puccini los d\u00eda 15 y 17 de agosto. Arteta ser\u00e1 sustituida por la cantante\" \/>\n\t<meta name=\"robots\" content=\"max-image-preview:large\" \/>\n\t<meta name=\"author\" content=\"admin\"\/>\n\t<meta name=\"google-site-verification\" content=\"UA-38556648-1\" \/>\n\t<meta name=\"keywords\" content=\"noticias y actualidad\" \/>\n\t<link rel=\"canonical\" href=\"https:\/\/eldigitaldeasturias.com\/magazine365\/ainhoa-arteta-no-actuara-en-la-quincena-donostiarra-por-problemas-de-agenda\/\" \/>\n\t<meta name=\"generator\" content=\"All in One SEO Pro (AIOSEO) 4.9.6.1\" \/>\n\t\t<meta property=\"og:locale\" content=\"es_ES\" \/>\n\t\t<meta property=\"og:site_name\" content=\"El Digital de Asturias \u2013 Revista de ocio, turismo y estilo de vida\" \/>\n\t\t<meta property=\"og:type\" content=\"article\" \/>\n\t\t<meta property=\"og:title\" content=\"Ainhoa Arteta no actuar\u00e1 en la Quincena donostiarra por problemas de agenda | El Digital de Asturias\" \/>\n\t\t<meta property=\"og:description\" content=\"San Sebasti\u00e1n, 23 may (EFE).- La soprano vasca Ainhoa Arteta no actuar\u00e1 este verano a causa de &quot;incompatibilidades de agenda&quot; en la Quincena Musical de San Sebasti\u00e1n, donde iba a interpretar el papel de Mim\u00ed en la \u00f3pera &quot;La Boh\u00e8me&quot; de Puccini los d\u00eda 15 y 17 de agosto. Arteta ser\u00e1 sustituida por la cantante\" \/>\n\t\t<meta property=\"og:url\" content=\"https:\/\/eldigitaldeasturias.com\/magazine365\/ainhoa-arteta-no-actuara-en-la-quincena-donostiarra-por-problemas-de-agenda\/\" \/>\n\t\t<meta property=\"og:image\" content=\"https:\/\/eldigitaldeasturias.com\/magazine365\/wp-content\/uploads\/2014\/05\/6293316w.jpg\" \/>\n\t\t<meta property=\"og:image:secure_url\" content=\"https:\/\/eldigitaldeasturias.com\/magazine365\/wp-content\/uploads\/2014\/05\/6293316w.jpg\" \/>\n\t\t<meta property=\"og:image:width\" content=\"800\" \/>\n\t\t<meta property=\"og:image:height\" content=\"592\" \/>\n\t\t<meta property=\"article:published_time\" content=\"2014-05-23T21:45:43+00:00\" \/>\n\t\t<meta property=\"article:modified_time\" content=\"2014-05-23T21:45:43+00:00\" \/>\n\t\t<meta name=\"twitter:card\" content=\"summary_large_image\" \/>\n\t\t<meta name=\"twitter:title\" content=\"Ainhoa Arteta no actuar\u00e1 en la Quincena donostiarra por problemas de agenda | El Digital de Asturias\" \/>\n\t\t<meta name=\"twitter:description\" content=\"San Sebasti\u00e1n, 23 may (EFE).- La soprano vasca Ainhoa Arteta no actuar\u00e1 este verano a causa de &quot;incompatibilidades de agenda&quot; en la Quincena Musical de San Sebasti\u00e1n, donde iba a interpretar el papel de Mim\u00ed en la \u00f3pera &quot;La Boh\u00e8me&quot; de Puccini los d\u00eda 15 y 17 de agosto. Arteta ser\u00e1 sustituida por la cantante\" \/>\n\t\t<meta name=\"twitter:image\" content=\"https:\/\/eldigitaldeasturias.com\/magazine365\/wp-content\/uploads\/2014\/05\/6293316w.jpg\" \/>\n\t\t<script type=\"application\/ld+json\" class=\"aioseo-schema\">\n\t\t\t{\"@context\":\"https:\\\/\\\/schema.org\",\"@graph\":[{\"@type\":\"Article\",\"@id\":\"https:\\\/\\\/eldigitaldeasturias.com\\\/magazine365\\\/ainhoa-arteta-no-actuara-en-la-quincena-donostiarra-por-problemas-de-agenda\\\/#article\",\"name\":\"Ainhoa Arteta no actuar\\u00e1 en la Quincena donostiarra por problemas de agenda | El Digital de Asturias\",\"headline\":\"Ainhoa Arteta no actuar\\u00e1 en la Quincena donostiarra por problemas de agenda\",\"author\":{\"@id\":\"https:\\\/\\\/eldigitaldeasturias.com\\\/magazine365\\\/author\\\/admin\\\/#author\"},\"publisher\":{\"@id\":\"https:\\\/\\\/eldigitaldeasturias.com\\\/magazine365\\\/#organization\"},\"image\":{\"@type\":\"ImageObject\",\"url\":\"https:\\\/\\\/eldigitaldeasturias.com\\\/magazine365\\\/wp-content\\\/uploads\\\/2014\\\/05\\\/6293316w.jpg\",\"width\":800,\"height\":592},\"datePublished\":\"2014-05-23T19:45:43+02:00\",\"dateModified\":\"2014-05-23T19:45:43+02:00\",\"inLanguage\":\"es-ES\",\"mainEntityOfPage\":{\"@id\":\"https:\\\/\\\/eldigitaldeasturias.com\\\/magazine365\\\/ainhoa-arteta-no-actuara-en-la-quincena-donostiarra-por-problemas-de-agenda\\\/#webpage\"},\"isPartOf\":{\"@id\":\"https:\\\/\\\/eldigitaldeasturias.com\\\/magazine365\\\/ainhoa-arteta-no-actuara-en-la-quincena-donostiarra-por-problemas-de-agenda\\\/#webpage\"},\"articleSection\":\"Noticias y Actualidad\"},{\"@type\":\"BreadcrumbList\",\"@id\":\"https:\\\/\\\/eldigitaldeasturias.com\\\/magazine365\\\/ainhoa-arteta-no-actuara-en-la-quincena-donostiarra-por-problemas-de-agenda\\\/#breadcrumblist\",\"itemListElement\":[{\"@type\":\"ListItem\",\"@id\":\"https:\\\/\\\/eldigitaldeasturias.com\\\/magazine365#listItem\",\"position\":1,\"name\":\"Home\",\"item\":\"https:\\\/\\\/eldigitaldeasturias.com\\\/magazine365\",\"nextItem\":{\"@type\":\"ListItem\",\"@id\":\"https:\\\/\\\/eldigitaldeasturias.com\\\/magazine365\\\/category\\\/noticias-actualidad\\\/#listItem\",\"name\":\"Noticias y Actualidad\"}},{\"@type\":\"ListItem\",\"@id\":\"https:\\\/\\\/eldigitaldeasturias.com\\\/magazine365\\\/category\\\/noticias-actualidad\\\/#listItem\",\"position\":2,\"name\":\"Noticias y Actualidad\",\"item\":\"https:\\\/\\\/eldigitaldeasturias.com\\\/magazine365\\\/category\\\/noticias-actualidad\\\/\",\"nextItem\":{\"@type\":\"ListItem\",\"@id\":\"https:\\\/\\\/eldigitaldeasturias.com\\\/magazine365\\\/ainhoa-arteta-no-actuara-en-la-quincena-donostiarra-por-problemas-de-agenda\\\/#listItem\",\"name\":\"Ainhoa Arteta no actuar\\u00e1 en la Quincena donostiarra por problemas de agenda\"},\"previousItem\":{\"@type\":\"ListItem\",\"@id\":\"https:\\\/\\\/eldigitaldeasturias.com\\\/magazine365#listItem\",\"name\":\"Home\"}},{\"@type\":\"ListItem\",\"@id\":\"https:\\\/\\\/eldigitaldeasturias.com\\\/magazine365\\\/ainhoa-arteta-no-actuara-en-la-quincena-donostiarra-por-problemas-de-agenda\\\/#listItem\",\"position\":3,\"name\":\"Ainhoa Arteta no actuar\\u00e1 en la Quincena donostiarra por problemas de agenda\",\"previousItem\":{\"@type\":\"ListItem\",\"@id\":\"https:\\\/\\\/eldigitaldeasturias.com\\\/magazine365\\\/category\\\/noticias-actualidad\\\/#listItem\",\"name\":\"Noticias y Actualidad\"}}]},{\"@type\":\"Organization\",\"@id\":\"https:\\\/\\\/eldigitaldeasturias.com\\\/magazine365\\\/#organization\",\"name\":\"El digital de Asturias\",\"description\":\"Revista de ocio, turismo y estilo de vida\",\"url\":\"https:\\\/\\\/eldigitaldeasturias.com\\\/magazine365\\\/\",\"logo\":{\"@type\":\"ImageObject\",\"url\":\"https:\\\/\\\/www.eldigitaldeasturias.com\\\/noticias\\\/wp-content\\\/uploads\\\/2020\\\/12\\\/EDA.jpg\",\"@id\":\"https:\\\/\\\/eldigitaldeasturias.com\\\/magazine365\\\/ainhoa-arteta-no-actuara-en-la-quincena-donostiarra-por-problemas-de-agenda\\\/#organizationLogo\"},\"image\":{\"@id\":\"https:\\\/\\\/eldigitaldeasturias.com\\\/magazine365\\\/ainhoa-arteta-no-actuara-en-la-quincena-donostiarra-por-problemas-de-agenda\\\/#organizationLogo\"}},{\"@type\":\"Person\",\"@id\":\"https:\\\/\\\/eldigitaldeasturias.com\\\/magazine365\\\/author\\\/admin\\\/#author\",\"url\":\"https:\\\/\\\/eldigitaldeasturias.com\\\/magazine365\\\/author\\\/admin\\\/\",\"name\":\"admin\",\"image\":{\"@type\":\"ImageObject\",\"@id\":\"https:\\\/\\\/eldigitaldeasturias.com\\\/magazine365\\\/ainhoa-arteta-no-actuara-en-la-quincena-donostiarra-por-problemas-de-agenda\\\/#authorImage\",\"url\":\"https:\\\/\\\/eldigitaldeasturias.com\\\/magazine365\\\/wp-content\\\/litespeed\\\/avatar\\\/e571bcf59a0edd6fa6838245a470f2fe.jpg?ver=1776969259\",\"width\":96,\"height\":96,\"caption\":\"admin\"}},{\"@type\":\"WebPage\",\"@id\":\"https:\\\/\\\/eldigitaldeasturias.com\\\/magazine365\\\/ainhoa-arteta-no-actuara-en-la-quincena-donostiarra-por-problemas-de-agenda\\\/#webpage\",\"url\":\"https:\\\/\\\/eldigitaldeasturias.com\\\/magazine365\\\/ainhoa-arteta-no-actuara-en-la-quincena-donostiarra-por-problemas-de-agenda\\\/\",\"name\":\"Ainhoa Arteta no actuar\\u00e1 en la Quincena donostiarra por problemas de agenda | El Digital de Asturias\",\"description\":\"San Sebasti\\u00e1n, 23 may (EFE).- La soprano vasca Ainhoa Arteta no actuar\\u00e1 este verano a causa de \\\"incompatibilidades de agenda\\\" en la Quincena Musical de San Sebasti\\u00e1n, donde iba a interpretar el papel de Mim\\u00ed en la \\u00f3pera \\\"La Boh\\u00e8me\\\" de Puccini los d\\u00eda 15 y 17 de agosto. Arteta ser\\u00e1 sustituida por la cantante\",\"inLanguage\":\"es-ES\",\"isPartOf\":{\"@id\":\"https:\\\/\\\/eldigitaldeasturias.com\\\/magazine365\\\/#website\"},\"breadcrumb\":{\"@id\":\"https:\\\/\\\/eldigitaldeasturias.com\\\/magazine365\\\/ainhoa-arteta-no-actuara-en-la-quincena-donostiarra-por-problemas-de-agenda\\\/#breadcrumblist\"},\"author\":{\"@id\":\"https:\\\/\\\/eldigitaldeasturias.com\\\/magazine365\\\/author\\\/admin\\\/#author\"},\"creator\":{\"@id\":\"https:\\\/\\\/eldigitaldeasturias.com\\\/magazine365\\\/author\\\/admin\\\/#author\"},\"image\":{\"@type\":\"ImageObject\",\"url\":\"https:\\\/\\\/eldigitaldeasturias.com\\\/magazine365\\\/wp-content\\\/uploads\\\/2014\\\/05\\\/6293316w.jpg\",\"@id\":\"https:\\\/\\\/eldigitaldeasturias.com\\\/magazine365\\\/ainhoa-arteta-no-actuara-en-la-quincena-donostiarra-por-problemas-de-agenda\\\/#mainImage\",\"width\":800,\"height\":592},\"primaryImageOfPage\":{\"@id\":\"https:\\\/\\\/eldigitaldeasturias.com\\\/magazine365\\\/ainhoa-arteta-no-actuara-en-la-quincena-donostiarra-por-problemas-de-agenda\\\/#mainImage\"},\"datePublished\":\"2014-05-23T19:45:43+02:00\",\"dateModified\":\"2014-05-23T19:45:43+02:00\"},{\"@type\":\"WebSite\",\"@id\":\"https:\\\/\\\/eldigitaldeasturias.com\\\/magazine365\\\/#website\",\"url\":\"https:\\\/\\\/eldigitaldeasturias.com\\\/magazine365\\\/\",\"name\":\"El Digital de Asturias\",\"description\":\"Revista de ocio, turismo y estilo de vida\",\"inLanguage\":\"es-ES\",\"publisher\":{\"@id\":\"https:\\\/\\\/eldigitaldeasturias.com\\\/magazine365\\\/#organization\"}}]}\n\t\t<\/script>\n\t\t<!-- All in One SEO Pro -->\r\n\t\t<title>Ainhoa Arteta no actuar\u00e1 en la Quincena donostiarra por problemas de agenda | El Digital de Asturias<\/title>\n\n","aioseo_head_json":{"title":"Ainhoa Arteta no actuar\u00e1 en la Quincena donostiarra por problemas de agenda | El Digital de Asturias","description":"San Sebasti\u00e1n, 23 may (EFE).- La soprano vasca Ainhoa Arteta no actuar\u00e1 este verano a causa de \"incompatibilidades de agenda\" en la Quincena Musical de San Sebasti\u00e1n, donde iba a interpretar el papel de Mim\u00ed en la \u00f3pera \"La Boh\u00e8me\" de Puccini los d\u00eda 15 y 17 de agosto. Arteta ser\u00e1 sustituida por la cantante","canonical_url":"https:\/\/eldigitaldeasturias.com\/magazine365\/ainhoa-arteta-no-actuara-en-la-quincena-donostiarra-por-problemas-de-agenda\/","robots":"max-image-preview:large","keywords":"noticias y actualidad","webmasterTools":{"google-site-verification":"UA-38556648-1","miscellaneous":""},"schema":{"@context":"https:\/\/schema.org","@graph":[{"@type":"Article","@id":"https:\/\/eldigitaldeasturias.com\/magazine365\/ainhoa-arteta-no-actuara-en-la-quincena-donostiarra-por-problemas-de-agenda\/#article","name":"Ainhoa Arteta no actuar\u00e1 en la Quincena donostiarra por problemas de agenda | El Digital de Asturias","headline":"Ainhoa Arteta no actuar\u00e1 en la Quincena donostiarra por problemas de agenda","author":{"@id":"https:\/\/eldigitaldeasturias.com\/magazine365\/author\/admin\/#author"},"publisher":{"@id":"https:\/\/eldigitaldeasturias.com\/magazine365\/#organization"},"image":{"@type":"ImageObject","url":"https:\/\/eldigitaldeasturias.com\/magazine365\/wp-content\/uploads\/2014\/05\/6293316w.jpg","width":800,"height":592},"datePublished":"2014-05-23T19:45:43+02:00","dateModified":"2014-05-23T19:45:43+02:00","inLanguage":"es-ES","mainEntityOfPage":{"@id":"https:\/\/eldigitaldeasturias.com\/magazine365\/ainhoa-arteta-no-actuara-en-la-quincena-donostiarra-por-problemas-de-agenda\/#webpage"},"isPartOf":{"@id":"https:\/\/eldigitaldeasturias.com\/magazine365\/ainhoa-arteta-no-actuara-en-la-quincena-donostiarra-por-problemas-de-agenda\/#webpage"},"articleSection":"Noticias y Actualidad"},{"@type":"BreadcrumbList","@id":"https:\/\/eldigitaldeasturias.com\/magazine365\/ainhoa-arteta-no-actuara-en-la-quincena-donostiarra-por-problemas-de-agenda\/#breadcrumblist","itemListElement":[{"@type":"ListItem","@id":"https:\/\/eldigitaldeasturias.com\/magazine365#listItem","position":1,"name":"Home","item":"https:\/\/eldigitaldeasturias.com\/magazine365","nextItem":{"@type":"ListItem","@id":"https:\/\/eldigitaldeasturias.com\/magazine365\/category\/noticias-actualidad\/#listItem","name":"Noticias y Actualidad"}},{"@type":"ListItem","@id":"https:\/\/eldigitaldeasturias.com\/magazine365\/category\/noticias-actualidad\/#listItem","position":2,"name":"Noticias y Actualidad","item":"https:\/\/eldigitaldeasturias.com\/magazine365\/category\/noticias-actualidad\/","nextItem":{"@type":"ListItem","@id":"https:\/\/eldigitaldeasturias.com\/magazine365\/ainhoa-arteta-no-actuara-en-la-quincena-donostiarra-por-problemas-de-agenda\/#listItem","name":"Ainhoa Arteta no actuar\u00e1 en la Quincena donostiarra por problemas de agenda"},"previousItem":{"@type":"ListItem","@id":"https:\/\/eldigitaldeasturias.com\/magazine365#listItem","name":"Home"}},{"@type":"ListItem","@id":"https:\/\/eldigitaldeasturias.com\/magazine365\/ainhoa-arteta-no-actuara-en-la-quincena-donostiarra-por-problemas-de-agenda\/#listItem","position":3,"name":"Ainhoa Arteta no actuar\u00e1 en la Quincena donostiarra por problemas de agenda","previousItem":{"@type":"ListItem","@id":"https:\/\/eldigitaldeasturias.com\/magazine365\/category\/noticias-actualidad\/#listItem","name":"Noticias y Actualidad"}}]},{"@type":"Organization","@id":"https:\/\/eldigitaldeasturias.com\/magazine365\/#organization","name":"El digital de Asturias","description":"Revista de ocio, turismo y estilo de vida","url":"https:\/\/eldigitaldeasturias.com\/magazine365\/","logo":{"@type":"ImageObject","url":"https:\/\/www.eldigitaldeasturias.com\/noticias\/wp-content\/uploads\/2020\/12\/EDA.jpg","@id":"https:\/\/eldigitaldeasturias.com\/magazine365\/ainhoa-arteta-no-actuara-en-la-quincena-donostiarra-por-problemas-de-agenda\/#organizationLogo"},"image":{"@id":"https:\/\/eldigitaldeasturias.com\/magazine365\/ainhoa-arteta-no-actuara-en-la-quincena-donostiarra-por-problemas-de-agenda\/#organizationLogo"}},{"@type":"Person","@id":"https:\/\/eldigitaldeasturias.com\/magazine365\/author\/admin\/#author","url":"https:\/\/eldigitaldeasturias.com\/magazine365\/author\/admin\/","name":"admin","image":{"@type":"ImageObject","@id":"https:\/\/eldigitaldeasturias.com\/magazine365\/ainhoa-arteta-no-actuara-en-la-quincena-donostiarra-por-problemas-de-agenda\/#authorImage","url":"https:\/\/eldigitaldeasturias.com\/magazine365\/wp-content\/litespeed\/avatar\/e571bcf59a0edd6fa6838245a470f2fe.jpg?ver=1776969259","width":96,"height":96,"caption":"admin"}},{"@type":"WebPage","@id":"https:\/\/eldigitaldeasturias.com\/magazine365\/ainhoa-arteta-no-actuara-en-la-quincena-donostiarra-por-problemas-de-agenda\/#webpage","url":"https:\/\/eldigitaldeasturias.com\/magazine365\/ainhoa-arteta-no-actuara-en-la-quincena-donostiarra-por-problemas-de-agenda\/","name":"Ainhoa Arteta no actuar\u00e1 en la Quincena donostiarra por problemas de agenda | El Digital de Asturias","description":"San Sebasti\u00e1n, 23 may (EFE).- La soprano vasca Ainhoa Arteta no actuar\u00e1 este verano a causa de \"incompatibilidades de agenda\" en la Quincena Musical de San Sebasti\u00e1n, donde iba a interpretar el papel de Mim\u00ed en la \u00f3pera \"La Boh\u00e8me\" de Puccini los d\u00eda 15 y 17 de agosto. Arteta ser\u00e1 sustituida por la cantante","inLanguage":"es-ES","isPartOf":{"@id":"https:\/\/eldigitaldeasturias.com\/magazine365\/#website"},"breadcrumb":{"@id":"https:\/\/eldigitaldeasturias.com\/magazine365\/ainhoa-arteta-no-actuara-en-la-quincena-donostiarra-por-problemas-de-agenda\/#breadcrumblist"},"author":{"@id":"https:\/\/eldigitaldeasturias.com\/magazine365\/author\/admin\/#author"},"creator":{"@id":"https:\/\/eldigitaldeasturias.com\/magazine365\/author\/admin\/#author"},"image":{"@type":"ImageObject","url":"https:\/\/eldigitaldeasturias.com\/magazine365\/wp-content\/uploads\/2014\/05\/6293316w.jpg","@id":"https:\/\/eldigitaldeasturias.com\/magazine365\/ainhoa-arteta-no-actuara-en-la-quincena-donostiarra-por-problemas-de-agenda\/#mainImage","width":800,"height":592},"primaryImageOfPage":{"@id":"https:\/\/eldigitaldeasturias.com\/magazine365\/ainhoa-arteta-no-actuara-en-la-quincena-donostiarra-por-problemas-de-agenda\/#mainImage"},"datePublished":"2014-05-23T19:45:43+02:00","dateModified":"2014-05-23T19:45:43+02:00"},{"@type":"WebSite","@id":"https:\/\/eldigitaldeasturias.com\/magazine365\/#website","url":"https:\/\/eldigitaldeasturias.com\/magazine365\/","name":"El Digital de Asturias","description":"Revista de ocio, turismo y estilo de vida","inLanguage":"es-ES","publisher":{"@id":"https:\/\/eldigitaldeasturias.com\/magazine365\/#organization"}}]},"og:locale":"es_ES","og:site_name":"El Digital de Asturias \u2013 Revista de ocio, turismo y estilo de vida","og:type":"article","og:title":"Ainhoa Arteta no actuar\u00e1 en la Quincena donostiarra por problemas de agenda | El Digital de Asturias","og:description":"San Sebasti\u00e1n, 23 may (EFE).- La soprano vasca Ainhoa Arteta no actuar\u00e1 este verano a causa de &quot;incompatibilidades de agenda&quot; en la Quincena Musical de San Sebasti\u00e1n, donde iba a interpretar el papel de Mim\u00ed en la \u00f3pera &quot;La Boh\u00e8me&quot; de Puccini los d\u00eda 15 y 17 de agosto. Arteta ser\u00e1 sustituida por la cantante","og:url":"https:\/\/eldigitaldeasturias.com\/magazine365\/ainhoa-arteta-no-actuara-en-la-quincena-donostiarra-por-problemas-de-agenda\/","og:image":"https:\/\/eldigitaldeasturias.com\/magazine365\/wp-content\/uploads\/2014\/05\/6293316w.jpg","og:image:secure_url":"https:\/\/eldigitaldeasturias.com\/magazine365\/wp-content\/uploads\/2014\/05\/6293316w.jpg","og:image:width":800,"og:image:height":592,"article:published_time":"2014-05-23T21:45:43+00:00","article:modified_time":"2014-05-23T21:45:43+00:00","twitter:card":"summary_large_image","twitter:title":"Ainhoa Arteta no actuar\u00e1 en la Quincena donostiarra por problemas de agenda | El Digital de Asturias","twitter:description":"San Sebasti\u00e1n, 23 may (EFE).- La soprano vasca Ainhoa Arteta no actuar\u00e1 este verano a causa de &quot;incompatibilidades de agenda&quot; en la Quincena Musical de San Sebasti\u00e1n, donde iba a interpretar el papel de Mim\u00ed en la \u00f3pera &quot;La Boh\u00e8me&quot; de Puccini los d\u00eda 15 y 17 de agosto. Arteta ser\u00e1 sustituida por la cantante","twitter:image":"https:\/\/eldigitaldeasturias.com\/magazine365\/wp-content\/uploads\/2014\/05\/6293316w.jpg"},"aioseo_meta_data":{"post_id":"13750","title":null,"description":null,"keywords":null,"keyphrases":null,"primary_term":null,"canonical_url":null,"og_title":null,"og_description":null,"og_object_type":"default","og_image_type":"default","og_image_url":null,"og_image_width":null,"og_image_height":null,"og_image_custom_url":null,"og_image_custom_fields":null,"og_video":null,"og_custom_url":null,"og_article_section":null,"og_article_tags":null,"twitter_use_og":false,"twitter_card":"default","twitter_image_type":"default","twitter_image_url":null,"twitter_image_custom_url":null,"twitter_image_custom_fields":null,"twitter_title":null,"twitter_description":null,"schema":{"blockGraphs":[],"customGraphs":[],"default":{"data":{"Article":[],"Course":[],"Dataset":[],"FAQPage":[],"Movie":[],"Person":[],"Product":[],"ProductReview":[],"Car":[],"Recipe":[],"Service":[],"SoftwareApplication":[],"WebPage":[]},"graphName":"","isEnabled":true},"graphs":[],"defaultGraph":"","defaultPostTypeGraph":""},"schema_type":null,"schema_type_options":null,"pillar_content":false,"robots_default":true,"robots_noindex":false,"robots_noarchive":false,"robots_nosnippet":false,"robots_nofollow":false,"robots_noimageindex":false,"robots_noodp":false,"robots_notranslate":false,"robots_max_snippet":null,"robots_max_videopreview":null,"robots_max_imagepreview":"large","priority":null,"frequency":null,"location":null,"local_seo":null,"seo_analyzer_scan_date":"2025-09-17 08:52:55","breadcrumb_settings":null,"limit_modified_date":false,"open_ai":null,"ai":null,"created":"2021-03-09 08:24:43","updated":"2025-09-17 08:52:55"},"aioseo_breadcrumb":"<div class=\"aioseo-breadcrumbs\"><span class=\"aioseo-breadcrumb\">\n\t<a href=\"https:\/\/eldigitaldeasturias.com\/magazine365\" title=\"Home\">Home<\/a>\n<\/span><span class=\"aioseo-breadcrumb-separator\">\u2013<\/span><span class=\"aioseo-breadcrumb\">\n\t<a href=\"https:\/\/eldigitaldeasturias.com\/magazine365\/category\/noticias-actualidad\/\" title=\"Noticias y Actualidad\">Noticias y Actualidad<\/a>\n<\/span><span class=\"aioseo-breadcrumb-separator\">\u2013<\/span><span class=\"aioseo-breadcrumb\">\n\t<a href=\"https:\/\/eldigitaldeasturias.com\/magazine365\/ainhoa-arteta-no-actuara-en-la-quincena-donostiarra-por-problemas-de-agenda\/\" title=\"Ainhoa Arteta no actuar\u00e1 en la Quincena donostiarra por problemas de agenda\">Ainhoa Arteta no actuar\u00e1 en la Quincena donostiarra por problemas de agenda<\/a>\n<\/span><\/div>","aioseo_breadcrumb_json":[{"label":"Home","link":"https:\/\/eldigitaldeasturias.com\/magazine365"},{"label":"Noticias y Actualidad","link":"https:\/\/eldigitaldeasturias.com\/magazine365\/category\/noticias-actualidad\/"},{"label":"Ainhoa Arteta no actuar\u00e1 en la Quincena donostiarra por problemas de agenda","link":"https:\/\/eldigitaldeasturias.com\/magazine365\/ainhoa-arteta-no-actuara-en-la-quincena-donostiarra-por-problemas-de-agenda\/"}],"_links":{"self":[{"href":"https:\/\/eldigitaldeasturias.com\/magazine365\/wp-json\/wp\/v2\/posts\/13750","targetHints":{"allow":["GET"]}}],"collection":[{"href":"https:\/\/eldigitaldeasturias.com\/magazine365\/wp-json\/wp\/v2\/posts"}],"about":[{"href":"https:\/\/eldigitaldeasturias.com\/magazine365\/wp-json\/wp\/v2\/types\/post"}],"author":[{"embeddable":true,"href":"https:\/\/eldigitaldeasturias.com\/magazine365\/wp-json\/wp\/v2\/users\/1"}],"replies":[{"embeddable":true,"href":"https:\/\/eldigitaldeasturias.com\/magazine365\/wp-json\/wp\/v2\/comments?post=13750"}],"version-history":[{"count":0,"href":"https:\/\/eldigitaldeasturias.com\/magazine365\/wp-json\/wp\/v2\/posts\/13750\/revisions"}],"wp:featuredmedia":[{"embeddable":true,"href":"https:\/\/eldigitaldeasturias.com\/magazine365\/wp-json\/wp\/v2\/media\/13751"}],"wp:attachment":[{"href":"https:\/\/eldigitaldeasturias.com\/magazine365\/wp-json\/wp\/v2\/media?parent=13750"}],"wp:term":[{"taxonomy":"category","embeddable":true,"href":"https:\/\/eldigitaldeasturias.com\/magazine365\/wp-json\/wp\/v2\/categories?post=13750"},{"taxonomy":"post_tag","embeddable":true,"href":"https:\/\/eldigitaldeasturias.com\/magazine365\/wp-json\/wp\/v2\/tags?post=13750"}],"curies":[{"name":"wp","href":"https:\/\/api.w.org\/{rel}","templated":true}]}}