{"id":13747,"date":"2014-05-23T18:16:08","date_gmt":"2014-05-23T20:16:08","guid":{"rendered":"http:\/\/eldigitaldeasturias.com\/magazine365\/?p=13747"},"modified":"2014-05-23T18:16:08","modified_gmt":"2014-05-23T20:16:08","slug":"la-academia-del-cine-decide-manana-si-sigue-con-gonzalez-macho-o-prueba-con-baquero","status":"publish","type":"post","link":"https:\/\/eldigitaldeasturias.com\/magazine365\/la-academia-del-cine-decide-manana-si-sigue-con-gonzalez-macho-o-prueba-con-baquero\/","title":{"rendered":"La Academia del Cine decide ma\u00f1ana si sigue con Gonz\u00e1lez Macho o prueba con Baquero"},"content":{"rendered":"<p><img fetchpriority=\"high\" decoding=\"async\" class=\"alignleft size-medium wp-image-13748\" alt=\"6293288w\" src=\"https:\/\/eldigitaldeasturias.com\/magazine365\/wp-content\/uploads\/2014\/05\/6293288w-200x300.jpg\" width=\"200\" height=\"300\" srcset=\"https:\/\/eldigitaldeasturias.com\/magazine365\/wp-content\/uploads\/2014\/05\/6293288w-200x300.jpg 200w, https:\/\/eldigitaldeasturias.com\/magazine365\/wp-content\/uploads\/2014\/05\/6293288w-427x640.jpg 427w, https:\/\/eldigitaldeasturias.com\/magazine365\/wp-content\/uploads\/2014\/05\/6293288w-150x225.jpg 150w, https:\/\/eldigitaldeasturias.com\/magazine365\/wp-content\/uploads\/2014\/05\/6293288w-450x675.jpg 450w, https:\/\/eldigitaldeasturias.com\/magazine365\/wp-content\/uploads\/2014\/05\/6293288w-696x1044.jpg 696w, https:\/\/eldigitaldeasturias.com\/magazine365\/wp-content\/uploads\/2014\/05\/6293288w-280x420.jpg 280w, https:\/\/eldigitaldeasturias.com\/magazine365\/wp-content\/uploads\/2014\/05\/6293288w.jpg 700w\" sizes=\"(max-width: 200px) 100vw, 200px\" \/>Madrid, 23 may (EFE).- La Academia del Cine espa\u00f1ol decide ma\u00f1ana qui\u00e9n ser\u00e1 su presidente los pr\u00f3ximos tres a\u00f1os: si la productora, aspirante por primera vez al cargo, Piluca Baquero, o el empresario, productor y distribuidor Enrique Gonz\u00e1lez Macho, \u00faltimo responsable de la instituci\u00f3n, que opta a ser reelegido.<\/p>\n<p>En una votaci\u00f3n que se realizar\u00e1 en presencia de notario en la sede madrile\u00f1a de la Academia, en la calle Zurbano, n\u00famero 3, los acad\u00e9micos que no hayan optado por el voto por correo (que deber\u00e1 ya estar en la urna ma\u00f1ana por la ma\u00f1ana) se deber\u00e1n acercar y hacerlo personalmente.<\/p>\n<p>Sea cual sea el n\u00famero de votos, el ganador saldr\u00e1 de una mayor\u00eda simple y su nombre se dar\u00e1 a conocer a las 14.00 horas del s\u00e1bado.<\/p>\n<p>En opini\u00f3n del presidente saliente, que super\u00f3 en las \u00faltimas elecciones al fallecido director de cine Bigas Lunas (256 votos frente a 101) en una votaci\u00f3n que recogi\u00f3 bastante menos de la mitad del censo (unos 1.200), esta convocatoria puede ser a\u00fan m\u00e1s abstencionista.<\/p>\n<p>Sobre todo, aclara Gonz\u00e1lez Macho, porque hay \u00abbastantes equipos\u00bb rodando fuera de Espa\u00f1a, a los que quiz\u00e1 haya perjudicado \u00abel periodo tan largo para emitir el voto por correo, que al final, se te pasa\u00bb, se\u00f1al\u00f3 en una entrevista con Efe.<\/p>\n<p>Preguntado por su p\u00e1lpito ante las inminentes votaciones, asegur\u00f3 que no tiene \u00abni idea\u00bb de lo que va a pasar, pero en cualquier caso, \u00abno le preocupa\u00bb.<\/p>\n<p>Su primer paso, en caso de ganar, ser\u00e1 \u00abvolver al despacho\u00bb e iniciar los tr\u00e1mites para el nombramiento del nuevo \u00abdirector o directora\u00bb de la Academia, y acto seguido, ver qu\u00e9 posibilidades \u00abreales\u00bb tiene de convocar un congreso de cine en el que est\u00e9n \u00abtodos\u00bb: producci\u00f3n, exhibici\u00f3n, nuevas tecnolog\u00edas y televisiones privadas y p\u00fablicas.<\/p>\n<p>\u00abPero siempre que est\u00e9n todos de acuerdo y que tenga medios para hacerlo; si va a quedar reducido a una reuni\u00f3n de amiguetes -afirma-, no me interesa\u00bb.<\/p>\n<p>Como ya advirti\u00f3, no ha hecho ning\u00fan tipo de campa\u00f1a para captar el voto de los acad\u00e9micos, y prefiere no comentar la de su oponente, \u00abEl valor del cine\u00bb, que se ha podido ver, sobre todo, en internet, a trav\u00e9s de las cuentas de Facebook y Twitter abiertas por el equipo de Baquero.<\/p>\n<p>La productora, que se ha mostrado \u00abmuy orgullosa\u00bb de los cerca de 7.000 impactos conseguidos, ha comentado en una entrevista con Efe que est\u00e1n \u00abmuy contentos con la campa\u00f1a\u00bb, porque piensan que han conseguido generar \u00abilusi\u00f3n\u00bb y que haya \u00abuna corriente positiva a favor del cine espa\u00f1ol\u00bb.<\/p>\n<p>Eso, afirma, \u00abes un poco el ejemplo de lo que nos gustar\u00eda hacer desde la Academia, si nuestra candidatura finalmente es la elegida\u00bb.<\/p>\n<p>Y contenta tambi\u00e9n, ha dicho, de \u00abla colaboraci\u00f3n de un mont\u00f3n de cineastas que nos han ayudado (&#8230;) y de la respuesta de muchos acad\u00e9micos y, sobre todo, de mucha gente joven a trav\u00e9s de las redes sociales\u00bb<\/p>\n<p>\u00abQueremos que la sociedad empiece a cambiar esa imagen negativa del cine espa\u00f1ol, transmitirles que no vivimos de las subvenciones, que nuestro trabajo es una profesi\u00f3n arriesgada, que los productores nos la jugamos, que los t\u00e9cnicos y los actores tienen unas jornadas largu\u00edsimas que muchas veces empiezan a las seis de la ma\u00f1ana&#8230;que somos unos currantes, vamos\u00bb, ha resumido.<\/p>\n<p>Ambos reconocen la necesidad de cambiar la fiesta de los Goya, Baquero mediante un acercamiento al espectador que haga entender mejor al mundo del cine y no lo identifique con \u00abreivindicaciones, que, por otra parte, yo comparto\u00bb, ha dicho la productora, mientras Gonz\u00e1lez M\u00e1cho buscar\u00eda ayuda de expertos.<\/p>\n<p>Premio Nacional de Cinematograf\u00eda 1997, Gonz\u00e1lez Macho ha visto en estos a\u00f1os en los que ocup\u00f3 la presidencia de la Academia c\u00f3mo su productora, Alta Films -gestora, entre otras cosas, de los emblem\u00e1ticos cines Renoir-, ca\u00eda fulminada al no poder resistir la avalancha de la crisis.<\/p>\n<p>El tambi\u00e9n fundador de Filmin, el primer portal de cine \u00abon line\u00bb espa\u00f1ol, estar\u00e1 acompa\u00f1ado en las vicepresidencias primera y segunda por el actor Antonio Resines, que sustituye a Marta Etura, y Judith Colell, que repetir\u00eda en el cargo.<\/p>\n<p>Profesora universitaria, 44 a\u00f1os, directiva de Doble Films y productora de cintas como \u00abLo que s\u00e9 de Lola\u00bb, \u00abEl coche de pedales\u00bb o \u00abLena\u00bb, la terna de Baquero se completa con los nombres de la actriz Ana \u00c1lvarez y el realizador Manuel Palacios. \u00abAceptaremos con toda la alegr\u00eda lo que pase\u00bb, ha concluido Baquero.<\/p>\n","protected":false},"excerpt":{"rendered":"<p>Madrid, 23 may (EFE).- La Academia del Cine espa\u00f1ol decide ma\u00f1ana qui\u00e9n ser\u00e1 su presidente los pr\u00f3ximos tres a\u00f1os: si la productora, aspirante por primera vez al cargo, Piluca Baquero, o el empresario, productor y distribuidor Enrique Gonz\u00e1lez Macho, \u00faltimo responsable de la instituci\u00f3n, que opta a ser reelegido. En una votaci\u00f3n que se realizar\u00e1<\/p>\n","protected":false},"author":1,"featured_media":13748,"comment_status":"open","ping_status":"closed","sticky":false,"template":"","format":"standard","meta":{"footnotes":""},"categories":[224],"tags":[],"class_list":{"0":"post-13747","1":"post","2":"type-post","3":"status-publish","4":"format-standard","5":"has-post-thumbnail","7":"category-noticias-actualidad"},"aioseo_notices":[],"aioseo_head":"\n\t\t<!-- All in One SEO Pro 4.9.6.1 - aioseo.com -->\n\t<meta name=\"description\" content=\"Madrid, 23 may (EFE).- La Academia del Cine espa\u00f1ol decide ma\u00f1ana qui\u00e9n ser\u00e1 su presidente los pr\u00f3ximos tres a\u00f1os: si la productora, aspirante por primera vez al cargo, Piluca Baquero, o el empresario, productor y distribuidor Enrique Gonz\u00e1lez Macho, \u00faltimo responsable de la instituci\u00f3n, que opta a ser reelegido. En una votaci\u00f3n que se realizar\u00e1\" \/>\n\t<meta name=\"robots\" content=\"max-image-preview:large\" \/>\n\t<meta name=\"author\" content=\"admin\"\/>\n\t<meta name=\"google-site-verification\" content=\"UA-38556648-1\" \/>\n\t<meta name=\"keywords\" content=\"noticias y actualidad\" \/>\n\t<link rel=\"canonical\" href=\"https:\/\/eldigitaldeasturias.com\/magazine365\/la-academia-del-cine-decide-manana-si-sigue-con-gonzalez-macho-o-prueba-con-baquero\/\" \/>\n\t<meta name=\"generator\" content=\"All in One SEO Pro (AIOSEO) 4.9.6.1\" \/>\n\t\t<meta property=\"og:locale\" content=\"es_ES\" \/>\n\t\t<meta property=\"og:site_name\" content=\"El Digital de Asturias \u2013 Revista de ocio, turismo y estilo de vida\" \/>\n\t\t<meta property=\"og:type\" content=\"article\" \/>\n\t\t<meta property=\"og:title\" content=\"La Academia del Cine decide ma\u00f1ana si sigue con Gonz\u00e1lez Macho o prueba con Baquero | El Digital de Asturias\" \/>\n\t\t<meta property=\"og:description\" content=\"Madrid, 23 may (EFE).- La Academia del Cine espa\u00f1ol decide ma\u00f1ana qui\u00e9n ser\u00e1 su presidente los pr\u00f3ximos tres a\u00f1os: si la productora, aspirante por primera vez al cargo, Piluca Baquero, o el empresario, productor y distribuidor Enrique Gonz\u00e1lez Macho, \u00faltimo responsable de la instituci\u00f3n, que opta a ser reelegido. En una votaci\u00f3n que se realizar\u00e1\" \/>\n\t\t<meta property=\"og:url\" content=\"https:\/\/eldigitaldeasturias.com\/magazine365\/la-academia-del-cine-decide-manana-si-sigue-con-gonzalez-macho-o-prueba-con-baquero\/\" \/>\n\t\t<meta property=\"og:image\" content=\"https:\/\/eldigitaldeasturias.com\/magazine365\/wp-content\/uploads\/2014\/05\/6293288w.jpg\" \/>\n\t\t<meta property=\"og:image:secure_url\" content=\"https:\/\/eldigitaldeasturias.com\/magazine365\/wp-content\/uploads\/2014\/05\/6293288w.jpg\" \/>\n\t\t<meta property=\"og:image:width\" content=\"700\" \/>\n\t\t<meta property=\"og:image:height\" content=\"1050\" \/>\n\t\t<meta property=\"article:published_time\" content=\"2014-05-23T20:16:08+00:00\" \/>\n\t\t<meta property=\"article:modified_time\" content=\"2014-05-23T20:16:08+00:00\" \/>\n\t\t<meta name=\"twitter:card\" content=\"summary_large_image\" \/>\n\t\t<meta name=\"twitter:title\" content=\"La Academia del Cine decide ma\u00f1ana si sigue con Gonz\u00e1lez Macho o prueba con Baquero | El Digital de Asturias\" \/>\n\t\t<meta name=\"twitter:description\" content=\"Madrid, 23 may (EFE).- La Academia del Cine espa\u00f1ol decide ma\u00f1ana qui\u00e9n ser\u00e1 su presidente los pr\u00f3ximos tres a\u00f1os: si la productora, aspirante por primera vez al cargo, Piluca Baquero, o el empresario, productor y distribuidor Enrique Gonz\u00e1lez Macho, \u00faltimo responsable de la instituci\u00f3n, que opta a ser reelegido. En una votaci\u00f3n que se realizar\u00e1\" \/>\n\t\t<meta name=\"twitter:image\" content=\"https:\/\/eldigitaldeasturias.com\/magazine365\/wp-content\/uploads\/2014\/05\/6293288w.jpg\" \/>\n\t\t<script type=\"application\/ld+json\" class=\"aioseo-schema\">\n\t\t\t{\"@context\":\"https:\\\/\\\/schema.org\",\"@graph\":[{\"@type\":\"Article\",\"@id\":\"https:\\\/\\\/eldigitaldeasturias.com\\\/magazine365\\\/la-academia-del-cine-decide-manana-si-sigue-con-gonzalez-macho-o-prueba-con-baquero\\\/#article\",\"name\":\"La Academia del Cine decide ma\\u00f1ana si sigue con Gonz\\u00e1lez Macho o prueba con Baquero | El Digital de Asturias\",\"headline\":\"La Academia del Cine decide ma\\u00f1ana si sigue con Gonz\\u00e1lez Macho o prueba con Baquero\",\"author\":{\"@id\":\"https:\\\/\\\/eldigitaldeasturias.com\\\/magazine365\\\/author\\\/admin\\\/#author\"},\"publisher\":{\"@id\":\"https:\\\/\\\/eldigitaldeasturias.com\\\/magazine365\\\/#organization\"},\"image\":{\"@type\":\"ImageObject\",\"url\":\"https:\\\/\\\/eldigitaldeasturias.com\\\/magazine365\\\/wp-content\\\/uploads\\\/2014\\\/05\\\/6293288w.jpg\",\"width\":700,\"height\":1050},\"datePublished\":\"2014-05-23T18:16:08+02:00\",\"dateModified\":\"2014-05-23T18:16:08+02:00\",\"inLanguage\":\"es-ES\",\"mainEntityOfPage\":{\"@id\":\"https:\\\/\\\/eldigitaldeasturias.com\\\/magazine365\\\/la-academia-del-cine-decide-manana-si-sigue-con-gonzalez-macho-o-prueba-con-baquero\\\/#webpage\"},\"isPartOf\":{\"@id\":\"https:\\\/\\\/eldigitaldeasturias.com\\\/magazine365\\\/la-academia-del-cine-decide-manana-si-sigue-con-gonzalez-macho-o-prueba-con-baquero\\\/#webpage\"},\"articleSection\":\"Noticias y Actualidad\"},{\"@type\":\"BreadcrumbList\",\"@id\":\"https:\\\/\\\/eldigitaldeasturias.com\\\/magazine365\\\/la-academia-del-cine-decide-manana-si-sigue-con-gonzalez-macho-o-prueba-con-baquero\\\/#breadcrumblist\",\"itemListElement\":[{\"@type\":\"ListItem\",\"@id\":\"https:\\\/\\\/eldigitaldeasturias.com\\\/magazine365#listItem\",\"position\":1,\"name\":\"Home\",\"item\":\"https:\\\/\\\/eldigitaldeasturias.com\\\/magazine365\",\"nextItem\":{\"@type\":\"ListItem\",\"@id\":\"https:\\\/\\\/eldigitaldeasturias.com\\\/magazine365\\\/category\\\/noticias-actualidad\\\/#listItem\",\"name\":\"Noticias y Actualidad\"}},{\"@type\":\"ListItem\",\"@id\":\"https:\\\/\\\/eldigitaldeasturias.com\\\/magazine365\\\/category\\\/noticias-actualidad\\\/#listItem\",\"position\":2,\"name\":\"Noticias y Actualidad\",\"item\":\"https:\\\/\\\/eldigitaldeasturias.com\\\/magazine365\\\/category\\\/noticias-actualidad\\\/\",\"nextItem\":{\"@type\":\"ListItem\",\"@id\":\"https:\\\/\\\/eldigitaldeasturias.com\\\/magazine365\\\/la-academia-del-cine-decide-manana-si-sigue-con-gonzalez-macho-o-prueba-con-baquero\\\/#listItem\",\"name\":\"La Academia del Cine decide ma\\u00f1ana si sigue con Gonz\\u00e1lez Macho o prueba con Baquero\"},\"previousItem\":{\"@type\":\"ListItem\",\"@id\":\"https:\\\/\\\/eldigitaldeasturias.com\\\/magazine365#listItem\",\"name\":\"Home\"}},{\"@type\":\"ListItem\",\"@id\":\"https:\\\/\\\/eldigitaldeasturias.com\\\/magazine365\\\/la-academia-del-cine-decide-manana-si-sigue-con-gonzalez-macho-o-prueba-con-baquero\\\/#listItem\",\"position\":3,\"name\":\"La Academia del Cine decide ma\\u00f1ana si sigue con Gonz\\u00e1lez Macho o prueba con Baquero\",\"previousItem\":{\"@type\":\"ListItem\",\"@id\":\"https:\\\/\\\/eldigitaldeasturias.com\\\/magazine365\\\/category\\\/noticias-actualidad\\\/#listItem\",\"name\":\"Noticias y Actualidad\"}}]},{\"@type\":\"Organization\",\"@id\":\"https:\\\/\\\/eldigitaldeasturias.com\\\/magazine365\\\/#organization\",\"name\":\"El digital de Asturias\",\"description\":\"Revista de ocio, turismo y estilo de vida\",\"url\":\"https:\\\/\\\/eldigitaldeasturias.com\\\/magazine365\\\/\",\"logo\":{\"@type\":\"ImageObject\",\"url\":\"https:\\\/\\\/www.eldigitaldeasturias.com\\\/noticias\\\/wp-content\\\/uploads\\\/2020\\\/12\\\/EDA.jpg\",\"@id\":\"https:\\\/\\\/eldigitaldeasturias.com\\\/magazine365\\\/la-academia-del-cine-decide-manana-si-sigue-con-gonzalez-macho-o-prueba-con-baquero\\\/#organizationLogo\"},\"image\":{\"@id\":\"https:\\\/\\\/eldigitaldeasturias.com\\\/magazine365\\\/la-academia-del-cine-decide-manana-si-sigue-con-gonzalez-macho-o-prueba-con-baquero\\\/#organizationLogo\"}},{\"@type\":\"Person\",\"@id\":\"https:\\\/\\\/eldigitaldeasturias.com\\\/magazine365\\\/author\\\/admin\\\/#author\",\"url\":\"https:\\\/\\\/eldigitaldeasturias.com\\\/magazine365\\\/author\\\/admin\\\/\",\"name\":\"admin\",\"image\":{\"@type\":\"ImageObject\",\"@id\":\"https:\\\/\\\/eldigitaldeasturias.com\\\/magazine365\\\/la-academia-del-cine-decide-manana-si-sigue-con-gonzalez-macho-o-prueba-con-baquero\\\/#authorImage\",\"url\":\"https:\\\/\\\/eldigitaldeasturias.com\\\/magazine365\\\/wp-content\\\/litespeed\\\/avatar\\\/e571bcf59a0edd6fa6838245a470f2fe.jpg?ver=1776969259\",\"width\":96,\"height\":96,\"caption\":\"admin\"}},{\"@type\":\"WebPage\",\"@id\":\"https:\\\/\\\/eldigitaldeasturias.com\\\/magazine365\\\/la-academia-del-cine-decide-manana-si-sigue-con-gonzalez-macho-o-prueba-con-baquero\\\/#webpage\",\"url\":\"https:\\\/\\\/eldigitaldeasturias.com\\\/magazine365\\\/la-academia-del-cine-decide-manana-si-sigue-con-gonzalez-macho-o-prueba-con-baquero\\\/\",\"name\":\"La Academia del Cine decide ma\\u00f1ana si sigue con Gonz\\u00e1lez Macho o prueba con Baquero | El Digital de Asturias\",\"description\":\"Madrid, 23 may (EFE).- La Academia del Cine espa\\u00f1ol decide ma\\u00f1ana qui\\u00e9n ser\\u00e1 su presidente los pr\\u00f3ximos tres a\\u00f1os: si la productora, aspirante por primera vez al cargo, Piluca Baquero, o el empresario, productor y distribuidor Enrique Gonz\\u00e1lez Macho, \\u00faltimo responsable de la instituci\\u00f3n, que opta a ser reelegido. En una votaci\\u00f3n que se realizar\\u00e1\",\"inLanguage\":\"es-ES\",\"isPartOf\":{\"@id\":\"https:\\\/\\\/eldigitaldeasturias.com\\\/magazine365\\\/#website\"},\"breadcrumb\":{\"@id\":\"https:\\\/\\\/eldigitaldeasturias.com\\\/magazine365\\\/la-academia-del-cine-decide-manana-si-sigue-con-gonzalez-macho-o-prueba-con-baquero\\\/#breadcrumblist\"},\"author\":{\"@id\":\"https:\\\/\\\/eldigitaldeasturias.com\\\/magazine365\\\/author\\\/admin\\\/#author\"},\"creator\":{\"@id\":\"https:\\\/\\\/eldigitaldeasturias.com\\\/magazine365\\\/author\\\/admin\\\/#author\"},\"image\":{\"@type\":\"ImageObject\",\"url\":\"https:\\\/\\\/eldigitaldeasturias.com\\\/magazine365\\\/wp-content\\\/uploads\\\/2014\\\/05\\\/6293288w.jpg\",\"@id\":\"https:\\\/\\\/eldigitaldeasturias.com\\\/magazine365\\\/la-academia-del-cine-decide-manana-si-sigue-con-gonzalez-macho-o-prueba-con-baquero\\\/#mainImage\",\"width\":700,\"height\":1050},\"primaryImageOfPage\":{\"@id\":\"https:\\\/\\\/eldigitaldeasturias.com\\\/magazine365\\\/la-academia-del-cine-decide-manana-si-sigue-con-gonzalez-macho-o-prueba-con-baquero\\\/#mainImage\"},\"datePublished\":\"2014-05-23T18:16:08+02:00\",\"dateModified\":\"2014-05-23T18:16:08+02:00\"},{\"@type\":\"WebSite\",\"@id\":\"https:\\\/\\\/eldigitaldeasturias.com\\\/magazine365\\\/#website\",\"url\":\"https:\\\/\\\/eldigitaldeasturias.com\\\/magazine365\\\/\",\"name\":\"El Digital de Asturias\",\"description\":\"Revista de ocio, turismo y estilo de vida\",\"inLanguage\":\"es-ES\",\"publisher\":{\"@id\":\"https:\\\/\\\/eldigitaldeasturias.com\\\/magazine365\\\/#organization\"}}]}\n\t\t<\/script>\n\t\t<!-- All in One SEO Pro -->\r\n\t\t<title>La Academia del Cine decide ma\u00f1ana si sigue con Gonz\u00e1lez Macho o prueba con Baquero | El Digital de Asturias<\/title>\n\n","aioseo_head_json":{"title":"La Academia del Cine decide ma\u00f1ana si sigue con Gonz\u00e1lez Macho o prueba con Baquero | El Digital de Asturias","description":"Madrid, 23 may (EFE).- La Academia del Cine espa\u00f1ol decide ma\u00f1ana qui\u00e9n ser\u00e1 su presidente los pr\u00f3ximos tres a\u00f1os: si la productora, aspirante por primera vez al cargo, Piluca Baquero, o el empresario, productor y distribuidor Enrique Gonz\u00e1lez Macho, \u00faltimo responsable de la instituci\u00f3n, que opta a ser reelegido. En una votaci\u00f3n que se realizar\u00e1","canonical_url":"https:\/\/eldigitaldeasturias.com\/magazine365\/la-academia-del-cine-decide-manana-si-sigue-con-gonzalez-macho-o-prueba-con-baquero\/","robots":"max-image-preview:large","keywords":"noticias y actualidad","webmasterTools":{"google-site-verification":"UA-38556648-1","miscellaneous":""},"schema":{"@context":"https:\/\/schema.org","@graph":[{"@type":"Article","@id":"https:\/\/eldigitaldeasturias.com\/magazine365\/la-academia-del-cine-decide-manana-si-sigue-con-gonzalez-macho-o-prueba-con-baquero\/#article","name":"La Academia del Cine decide ma\u00f1ana si sigue con Gonz\u00e1lez Macho o prueba con Baquero | El Digital de Asturias","headline":"La Academia del Cine decide ma\u00f1ana si sigue con Gonz\u00e1lez Macho o prueba con Baquero","author":{"@id":"https:\/\/eldigitaldeasturias.com\/magazine365\/author\/admin\/#author"},"publisher":{"@id":"https:\/\/eldigitaldeasturias.com\/magazine365\/#organization"},"image":{"@type":"ImageObject","url":"https:\/\/eldigitaldeasturias.com\/magazine365\/wp-content\/uploads\/2014\/05\/6293288w.jpg","width":700,"height":1050},"datePublished":"2014-05-23T18:16:08+02:00","dateModified":"2014-05-23T18:16:08+02:00","inLanguage":"es-ES","mainEntityOfPage":{"@id":"https:\/\/eldigitaldeasturias.com\/magazine365\/la-academia-del-cine-decide-manana-si-sigue-con-gonzalez-macho-o-prueba-con-baquero\/#webpage"},"isPartOf":{"@id":"https:\/\/eldigitaldeasturias.com\/magazine365\/la-academia-del-cine-decide-manana-si-sigue-con-gonzalez-macho-o-prueba-con-baquero\/#webpage"},"articleSection":"Noticias y Actualidad"},{"@type":"BreadcrumbList","@id":"https:\/\/eldigitaldeasturias.com\/magazine365\/la-academia-del-cine-decide-manana-si-sigue-con-gonzalez-macho-o-prueba-con-baquero\/#breadcrumblist","itemListElement":[{"@type":"ListItem","@id":"https:\/\/eldigitaldeasturias.com\/magazine365#listItem","position":1,"name":"Home","item":"https:\/\/eldigitaldeasturias.com\/magazine365","nextItem":{"@type":"ListItem","@id":"https:\/\/eldigitaldeasturias.com\/magazine365\/category\/noticias-actualidad\/#listItem","name":"Noticias y Actualidad"}},{"@type":"ListItem","@id":"https:\/\/eldigitaldeasturias.com\/magazine365\/category\/noticias-actualidad\/#listItem","position":2,"name":"Noticias y Actualidad","item":"https:\/\/eldigitaldeasturias.com\/magazine365\/category\/noticias-actualidad\/","nextItem":{"@type":"ListItem","@id":"https:\/\/eldigitaldeasturias.com\/magazine365\/la-academia-del-cine-decide-manana-si-sigue-con-gonzalez-macho-o-prueba-con-baquero\/#listItem","name":"La Academia del Cine decide ma\u00f1ana si sigue con Gonz\u00e1lez Macho o prueba con Baquero"},"previousItem":{"@type":"ListItem","@id":"https:\/\/eldigitaldeasturias.com\/magazine365#listItem","name":"Home"}},{"@type":"ListItem","@id":"https:\/\/eldigitaldeasturias.com\/magazine365\/la-academia-del-cine-decide-manana-si-sigue-con-gonzalez-macho-o-prueba-con-baquero\/#listItem","position":3,"name":"La Academia del Cine decide ma\u00f1ana si sigue con Gonz\u00e1lez Macho o prueba con Baquero","previousItem":{"@type":"ListItem","@id":"https:\/\/eldigitaldeasturias.com\/magazine365\/category\/noticias-actualidad\/#listItem","name":"Noticias y Actualidad"}}]},{"@type":"Organization","@id":"https:\/\/eldigitaldeasturias.com\/magazine365\/#organization","name":"El digital de Asturias","description":"Revista de ocio, turismo y estilo de vida","url":"https:\/\/eldigitaldeasturias.com\/magazine365\/","logo":{"@type":"ImageObject","url":"https:\/\/www.eldigitaldeasturias.com\/noticias\/wp-content\/uploads\/2020\/12\/EDA.jpg","@id":"https:\/\/eldigitaldeasturias.com\/magazine365\/la-academia-del-cine-decide-manana-si-sigue-con-gonzalez-macho-o-prueba-con-baquero\/#organizationLogo"},"image":{"@id":"https:\/\/eldigitaldeasturias.com\/magazine365\/la-academia-del-cine-decide-manana-si-sigue-con-gonzalez-macho-o-prueba-con-baquero\/#organizationLogo"}},{"@type":"Person","@id":"https:\/\/eldigitaldeasturias.com\/magazine365\/author\/admin\/#author","url":"https:\/\/eldigitaldeasturias.com\/magazine365\/author\/admin\/","name":"admin","image":{"@type":"ImageObject","@id":"https:\/\/eldigitaldeasturias.com\/magazine365\/la-academia-del-cine-decide-manana-si-sigue-con-gonzalez-macho-o-prueba-con-baquero\/#authorImage","url":"https:\/\/eldigitaldeasturias.com\/magazine365\/wp-content\/litespeed\/avatar\/e571bcf59a0edd6fa6838245a470f2fe.jpg?ver=1776969259","width":96,"height":96,"caption":"admin"}},{"@type":"WebPage","@id":"https:\/\/eldigitaldeasturias.com\/magazine365\/la-academia-del-cine-decide-manana-si-sigue-con-gonzalez-macho-o-prueba-con-baquero\/#webpage","url":"https:\/\/eldigitaldeasturias.com\/magazine365\/la-academia-del-cine-decide-manana-si-sigue-con-gonzalez-macho-o-prueba-con-baquero\/","name":"La Academia del Cine decide ma\u00f1ana si sigue con Gonz\u00e1lez Macho o prueba con Baquero | El Digital de Asturias","description":"Madrid, 23 may (EFE).- La Academia del Cine espa\u00f1ol decide ma\u00f1ana qui\u00e9n ser\u00e1 su presidente los pr\u00f3ximos tres a\u00f1os: si la productora, aspirante por primera vez al cargo, Piluca Baquero, o el empresario, productor y distribuidor Enrique Gonz\u00e1lez Macho, \u00faltimo responsable de la instituci\u00f3n, que opta a ser reelegido. En una votaci\u00f3n que se realizar\u00e1","inLanguage":"es-ES","isPartOf":{"@id":"https:\/\/eldigitaldeasturias.com\/magazine365\/#website"},"breadcrumb":{"@id":"https:\/\/eldigitaldeasturias.com\/magazine365\/la-academia-del-cine-decide-manana-si-sigue-con-gonzalez-macho-o-prueba-con-baquero\/#breadcrumblist"},"author":{"@id":"https:\/\/eldigitaldeasturias.com\/magazine365\/author\/admin\/#author"},"creator":{"@id":"https:\/\/eldigitaldeasturias.com\/magazine365\/author\/admin\/#author"},"image":{"@type":"ImageObject","url":"https:\/\/eldigitaldeasturias.com\/magazine365\/wp-content\/uploads\/2014\/05\/6293288w.jpg","@id":"https:\/\/eldigitaldeasturias.com\/magazine365\/la-academia-del-cine-decide-manana-si-sigue-con-gonzalez-macho-o-prueba-con-baquero\/#mainImage","width":700,"height":1050},"primaryImageOfPage":{"@id":"https:\/\/eldigitaldeasturias.com\/magazine365\/la-academia-del-cine-decide-manana-si-sigue-con-gonzalez-macho-o-prueba-con-baquero\/#mainImage"},"datePublished":"2014-05-23T18:16:08+02:00","dateModified":"2014-05-23T18:16:08+02:00"},{"@type":"WebSite","@id":"https:\/\/eldigitaldeasturias.com\/magazine365\/#website","url":"https:\/\/eldigitaldeasturias.com\/magazine365\/","name":"El Digital de Asturias","description":"Revista de ocio, turismo y estilo de vida","inLanguage":"es-ES","publisher":{"@id":"https:\/\/eldigitaldeasturias.com\/magazine365\/#organization"}}]},"og:locale":"es_ES","og:site_name":"El Digital de Asturias \u2013 Revista de ocio, turismo y estilo de vida","og:type":"article","og:title":"La Academia del Cine decide ma\u00f1ana si sigue con Gonz\u00e1lez Macho o prueba con Baquero | El Digital de Asturias","og:description":"Madrid, 23 may (EFE).- La Academia del Cine espa\u00f1ol decide ma\u00f1ana qui\u00e9n ser\u00e1 su presidente los pr\u00f3ximos tres a\u00f1os: si la productora, aspirante por primera vez al cargo, Piluca Baquero, o el empresario, productor y distribuidor Enrique Gonz\u00e1lez Macho, \u00faltimo responsable de la instituci\u00f3n, que opta a ser reelegido. En una votaci\u00f3n que se realizar\u00e1","og:url":"https:\/\/eldigitaldeasturias.com\/magazine365\/la-academia-del-cine-decide-manana-si-sigue-con-gonzalez-macho-o-prueba-con-baquero\/","og:image":"https:\/\/eldigitaldeasturias.com\/magazine365\/wp-content\/uploads\/2014\/05\/6293288w.jpg","og:image:secure_url":"https:\/\/eldigitaldeasturias.com\/magazine365\/wp-content\/uploads\/2014\/05\/6293288w.jpg","og:image:width":700,"og:image:height":1050,"article:published_time":"2014-05-23T20:16:08+00:00","article:modified_time":"2014-05-23T20:16:08+00:00","twitter:card":"summary_large_image","twitter:title":"La Academia del Cine decide ma\u00f1ana si sigue con Gonz\u00e1lez Macho o prueba con Baquero | El Digital de Asturias","twitter:description":"Madrid, 23 may (EFE).- La Academia del Cine espa\u00f1ol decide ma\u00f1ana qui\u00e9n ser\u00e1 su presidente los pr\u00f3ximos tres a\u00f1os: si la productora, aspirante por primera vez al cargo, Piluca Baquero, o el empresario, productor y distribuidor Enrique Gonz\u00e1lez Macho, \u00faltimo responsable de la instituci\u00f3n, que opta a ser reelegido. En una votaci\u00f3n que se realizar\u00e1","twitter:image":"https:\/\/eldigitaldeasturias.com\/magazine365\/wp-content\/uploads\/2014\/05\/6293288w.jpg"},"aioseo_meta_data":{"post_id":"13747","title":null,"description":null,"keywords":null,"keyphrases":null,"primary_term":null,"canonical_url":null,"og_title":null,"og_description":null,"og_object_type":"default","og_image_type":"default","og_image_url":null,"og_image_width":null,"og_image_height":null,"og_image_custom_url":null,"og_image_custom_fields":null,"og_video":null,"og_custom_url":null,"og_article_section":null,"og_article_tags":null,"twitter_use_og":false,"twitter_card":"default","twitter_image_type":"default","twitter_image_url":null,"twitter_image_custom_url":null,"twitter_image_custom_fields":null,"twitter_title":null,"twitter_description":null,"schema":{"blockGraphs":[],"customGraphs":[],"default":{"data":{"Article":[],"Course":[],"Dataset":[],"FAQPage":[],"Movie":[],"Person":[],"Product":[],"ProductReview":[],"Car":[],"Recipe":[],"Service":[],"SoftwareApplication":[],"WebPage":[]},"graphName":"","isEnabled":true},"graphs":[]},"schema_type":null,"schema_type_options":null,"pillar_content":false,"robots_default":true,"robots_noindex":false,"robots_noarchive":false,"robots_nosnippet":false,"robots_nofollow":false,"robots_noimageindex":false,"robots_noodp":false,"robots_notranslate":false,"robots_max_snippet":null,"robots_max_videopreview":null,"robots_max_imagepreview":"large","priority":null,"frequency":null,"location":null,"local_seo":null,"seo_analyzer_scan_date":"2025-09-17 08:51:11","breadcrumb_settings":null,"limit_modified_date":false,"open_ai":null,"ai":null,"created":"2021-03-09 08:24:43","updated":"2025-09-17 08:51:11"},"aioseo_breadcrumb":"<div class=\"aioseo-breadcrumbs\"><span class=\"aioseo-breadcrumb\">\n\t<a href=\"https:\/\/eldigitaldeasturias.com\/magazine365\" title=\"Home\">Home<\/a>\n<\/span><span class=\"aioseo-breadcrumb-separator\">\u2013<\/span><span class=\"aioseo-breadcrumb\">\n\t<a href=\"https:\/\/eldigitaldeasturias.com\/magazine365\/category\/noticias-actualidad\/\" title=\"Noticias y Actualidad\">Noticias y Actualidad<\/a>\n<\/span><span class=\"aioseo-breadcrumb-separator\">\u2013<\/span><span class=\"aioseo-breadcrumb\">\n\t<a href=\"https:\/\/eldigitaldeasturias.com\/magazine365\/la-academia-del-cine-decide-manana-si-sigue-con-gonzalez-macho-o-prueba-con-baquero\/\" title=\"La Academia del Cine decide ma\u00f1ana si sigue con Gonz\u00e1lez Macho o prueba con Baquero\">La Academia del Cine decide ma\u00f1ana si sigue con Gonz\u00e1lez Macho o prueba con Baquero<\/a>\n<\/span><\/div>","aioseo_breadcrumb_json":[{"label":"Home","link":"https:\/\/eldigitaldeasturias.com\/magazine365"},{"label":"Noticias y Actualidad","link":"https:\/\/eldigitaldeasturias.com\/magazine365\/category\/noticias-actualidad\/"},{"label":"La Academia del Cine decide ma\u00f1ana si sigue con Gonz\u00e1lez Macho o prueba con Baquero","link":"https:\/\/eldigitaldeasturias.com\/magazine365\/la-academia-del-cine-decide-manana-si-sigue-con-gonzalez-macho-o-prueba-con-baquero\/"}],"_links":{"self":[{"href":"https:\/\/eldigitaldeasturias.com\/magazine365\/wp-json\/wp\/v2\/posts\/13747","targetHints":{"allow":["GET"]}}],"collection":[{"href":"https:\/\/eldigitaldeasturias.com\/magazine365\/wp-json\/wp\/v2\/posts"}],"about":[{"href":"https:\/\/eldigitaldeasturias.com\/magazine365\/wp-json\/wp\/v2\/types\/post"}],"author":[{"embeddable":true,"href":"https:\/\/eldigitaldeasturias.com\/magazine365\/wp-json\/wp\/v2\/users\/1"}],"replies":[{"embeddable":true,"href":"https:\/\/eldigitaldeasturias.com\/magazine365\/wp-json\/wp\/v2\/comments?post=13747"}],"version-history":[{"count":0,"href":"https:\/\/eldigitaldeasturias.com\/magazine365\/wp-json\/wp\/v2\/posts\/13747\/revisions"}],"wp:featuredmedia":[{"embeddable":true,"href":"https:\/\/eldigitaldeasturias.com\/magazine365\/wp-json\/wp\/v2\/media\/13748"}],"wp:attachment":[{"href":"https:\/\/eldigitaldeasturias.com\/magazine365\/wp-json\/wp\/v2\/media?parent=13747"}],"wp:term":[{"taxonomy":"category","embeddable":true,"href":"https:\/\/eldigitaldeasturias.com\/magazine365\/wp-json\/wp\/v2\/categories?post=13747"},{"taxonomy":"post_tag","embeddable":true,"href":"https:\/\/eldigitaldeasturias.com\/magazine365\/wp-json\/wp\/v2\/tags?post=13747"}],"curies":[{"name":"wp","href":"https:\/\/api.w.org\/{rel}","templated":true}]}}