{"id":13744,"date":"2014-05-23T18:14:48","date_gmt":"2014-05-23T20:14:48","guid":{"rendered":"http:\/\/eldigitaldeasturias.com\/magazine365\/?p=13744"},"modified":"2014-05-23T18:14:48","modified_gmt":"2014-05-23T20:14:48","slug":"estrenan-en-la-capital-sudafricana-la-opera-sobre-la-vida-de-nelson-mandela","status":"publish","type":"post","link":"https:\/\/eldigitaldeasturias.com\/magazine365\/estrenan-en-la-capital-sudafricana-la-opera-sobre-la-vida-de-nelson-mandela\/","title":{"rendered":"Estrenan en la capital sudafricana la \u00f3pera sobre la vida de Nelson Mandela"},"content":{"rendered":"<p><img fetchpriority=\"high\" decoding=\"async\" class=\"alignleft size-medium wp-image-13745\" alt=\"6293272w\" src=\"https:\/\/eldigitaldeasturias.com\/magazine365\/wp-content\/uploads\/2014\/05\/6293272w-360x268.jpg\" width=\"360\" height=\"268\" \/>Johannesburgo, 23 may (EFE).- El Teatro de Estado de Pretoria estrenar\u00e1 hoy la \u00f3pera \u00abMadiba. La \u00f3pera africana\u00bb, una obra escrita por uno de los nietos de Nelson Mandela y que recrear\u00e1 en los escenarios la vida del primer presidente negro de la historia de Sud\u00e1frica.<\/p>\n<p>La obra, que lleva por t\u00edtulo el nombre del clan del antiguo l\u00edder con el que era popularmente conocido en su pa\u00eds, estar\u00e1 en cartel hasta el pr\u00f3ximo 1 de junio en la capital sudafricana.<\/p>\n<p>El director de la \u00d3pera de Sud\u00e1frica y nieto del fallecido expresidente, Unathi Mtirara, explic\u00f3 al diario \u00abMail and Guardian\u00bb que el espect\u00e1culo busca huir de la etiqueta de \u00absanto\u00bb que a veces se le coloca a su abuelo.<\/p>\n<p>De esta forma, se\u00f1al\u00f3, el espect\u00e1culo presenta al protagonista \u00abcomo la fuente de inspiraci\u00f3n moral sin caer en la ilusi\u00f3n de la perfecci\u00f3n\u00bb.<\/p>\n<p>\u00abMadiba. La \u00f3pera africana\u00bb est\u00e1 divida en dos actos de cuatro y cinco cap\u00edtulos respectivamente.<\/p>\n<p>El primero de los actos relata la infancia de Mandela en la aldea de Qunu, y se centra en aspectos cotidianos y pocos conocidos de la adolescencia del expresidente hasta su huida a Johannesburgo tras rechazar un matrimonio impuesto por su l\u00edder tradicional y mentor.<\/p>\n<p>La segunda parte repasa la vida pol\u00edtica de Mandela, desde sus inicios hasta su juicio por actividades contra el r\u00e9gimen racista del \u00abapartheid\u00bb en 1964, as\u00ed como su encarcelamiento y puesta en libertad en 1990 y su toma de posesi\u00f3n como presidente cuatro a\u00f1os m\u00e1s tarde.<\/p>\n<p>Este \u00faltimo acto tambi\u00e9n recoge el momento en que conoci\u00f3 a su segunda esposa, Winnie-Madikizela Mandela, que fue su principal apoyo durante sus 27 a\u00f1os de reclusi\u00f3n.<\/p>\n<p>El bar\u00edtono Thabang Senekal interpretar\u00e1 a Nelson Mandela, mientras que la soprano Sibongile Mngoma dar\u00e1 vida a Winnie y Zandile Gwebityala-Mzaz ser\u00e1 una de las hijas de ambos, Zindzi.<\/p>\n<p>La m\u00fasica est\u00e1 compuesta por Sibusiso Njeza y ha sido adaptada para orquesta por Kutlwano Masote.<\/p>\n<p>\u00abEra necesario contar con gente que entiende la m\u00fasica tradicional para respetar la verdad de la historia\u00bb, dijo Mtirara, que destac\u00f3 la importancia de ser fiel a la vida de Madiba porque \u00abesta es la principal raz\u00f3n de la existencia de la obra\u00bb.<\/p>\n<p>Est\u00e1 previsto que \u00abMadiba. La \u00f3pera africana\u00bb tenga cinco representaciones en la capital de Sud\u00e1frica.<\/p>\n<p>Tras el estreno de hoy, la pr\u00f3xima representaci\u00f3n ser\u00e1 el 18 de julio -d\u00eda en que el antiguo estadista habr\u00eda cumplido 96 a\u00f1os- en el Museo Nelson Mandela de la localidad en la que creci\u00f3 el expresidente, Qunu, en el sureste del pa\u00eds.<\/p>\n<p>Antes de saltar el a\u00f1o que viene a los escenarios europeos, la \u00f3pera se ofrecer\u00e1, del 19 al 31 de julio, en la \u00d3pera de la ciudad de Port Elizabeth, capital de la actual provincia del Cabo Oriental, donde naci\u00f3 Mandela.<\/p>\n<p>Nelson Mandela falleci\u00f3 el pasado 5 de diciembre a los 95 a\u00f1os en su casa de Johannesburgo, despu\u00e9s de una larga enfermedad pulmonar.<\/p>\n<p>Icono mundial de la paz y la reconciliaci\u00f3n, Nelson Mandela fue el primer presidente negro de la historia de Sud\u00e1frica, despu\u00e9s de liderar junto al \u00faltimo presidente del \u00abapartheid\u00bb, Frederik de Klerk, una transici\u00f3n a la democracia que les vali\u00f3 a ambos el premio Nobel de la Paz.<\/p>\n","protected":false},"excerpt":{"rendered":"<p>Johannesburgo, 23 may (EFE).- El Teatro de Estado de Pretoria estrenar\u00e1 hoy la \u00f3pera \u00abMadiba. La \u00f3pera africana\u00bb, una obra escrita por uno de los nietos de Nelson Mandela y que recrear\u00e1 en los escenarios la vida del primer presidente negro de la historia de Sud\u00e1frica. La obra, que lleva por t\u00edtulo el nombre del<\/p>\n","protected":false},"author":1,"featured_media":13745,"comment_status":"open","ping_status":"closed","sticky":false,"template":"","format":"standard","meta":{"footnotes":""},"categories":[224],"tags":[],"class_list":{"0":"post-13744","1":"post","2":"type-post","3":"status-publish","4":"format-standard","5":"has-post-thumbnail","7":"category-noticias-actualidad"},"aioseo_notices":[],"aioseo_head":"\n\t\t<!-- All in One SEO Pro 4.9.6.1 - aioseo.com -->\n\t<meta name=\"description\" content=\"Johannesburgo, 23 may (EFE).- El Teatro de Estado de Pretoria estrenar\u00e1 hoy la \u00f3pera &quot;Madiba. La \u00f3pera africana&quot;, una obra escrita por uno de los nietos de Nelson Mandela y que recrear\u00e1 en los escenarios la vida del primer presidente negro de la historia de Sud\u00e1frica. La obra, que lleva por t\u00edtulo el nombre del\" \/>\n\t<meta name=\"robots\" content=\"max-image-preview:large\" \/>\n\t<meta name=\"author\" content=\"admin\"\/>\n\t<meta name=\"google-site-verification\" content=\"UA-38556648-1\" \/>\n\t<meta name=\"keywords\" content=\"noticias y actualidad\" \/>\n\t<link rel=\"canonical\" href=\"https:\/\/eldigitaldeasturias.com\/magazine365\/estrenan-en-la-capital-sudafricana-la-opera-sobre-la-vida-de-nelson-mandela\/\" \/>\n\t<meta name=\"generator\" content=\"All in One SEO Pro (AIOSEO) 4.9.6.1\" \/>\n\t\t<meta property=\"og:locale\" content=\"es_ES\" \/>\n\t\t<meta property=\"og:site_name\" content=\"El Digital de Asturias \u2013 Revista de ocio, turismo y estilo de vida\" \/>\n\t\t<meta property=\"og:type\" content=\"article\" \/>\n\t\t<meta property=\"og:title\" content=\"Estrenan en la capital sudafricana la \u00f3pera sobre la vida de Nelson Mandela | El Digital de Asturias\" \/>\n\t\t<meta property=\"og:description\" content=\"Johannesburgo, 23 may (EFE).- El Teatro de Estado de Pretoria estrenar\u00e1 hoy la \u00f3pera &quot;Madiba. La \u00f3pera africana&quot;, una obra escrita por uno de los nietos de Nelson Mandela y que recrear\u00e1 en los escenarios la vida del primer presidente negro de la historia de Sud\u00e1frica. La obra, que lleva por t\u00edtulo el nombre del\" \/>\n\t\t<meta property=\"og:url\" content=\"https:\/\/eldigitaldeasturias.com\/magazine365\/estrenan-en-la-capital-sudafricana-la-opera-sobre-la-vida-de-nelson-mandela\/\" \/>\n\t\t<meta property=\"og:image\" content=\"https:\/\/eldigitaldeasturias.com\/magazine365\/wp-content\/uploads\/2014\/05\/6293272w.jpg\" \/>\n\t\t<meta property=\"og:image:secure_url\" content=\"https:\/\/eldigitaldeasturias.com\/magazine365\/wp-content\/uploads\/2014\/05\/6293272w.jpg\" \/>\n\t\t<meta property=\"og:image:width\" content=\"800\" \/>\n\t\t<meta property=\"og:image:height\" content=\"597\" \/>\n\t\t<meta property=\"article:published_time\" content=\"2014-05-23T20:14:48+00:00\" \/>\n\t\t<meta property=\"article:modified_time\" content=\"2014-05-23T20:14:48+00:00\" \/>\n\t\t<meta name=\"twitter:card\" content=\"summary_large_image\" \/>\n\t\t<meta name=\"twitter:title\" content=\"Estrenan en la capital sudafricana la \u00f3pera sobre la vida de Nelson Mandela | El Digital de Asturias\" \/>\n\t\t<meta name=\"twitter:description\" content=\"Johannesburgo, 23 may (EFE).- El Teatro de Estado de Pretoria estrenar\u00e1 hoy la \u00f3pera &quot;Madiba. La \u00f3pera africana&quot;, una obra escrita por uno de los nietos de Nelson Mandela y que recrear\u00e1 en los escenarios la vida del primer presidente negro de la historia de Sud\u00e1frica. La obra, que lleva por t\u00edtulo el nombre del\" \/>\n\t\t<meta name=\"twitter:image\" content=\"https:\/\/eldigitaldeasturias.com\/magazine365\/wp-content\/uploads\/2014\/05\/6293272w.jpg\" \/>\n\t\t<script type=\"application\/ld+json\" class=\"aioseo-schema\">\n\t\t\t{\"@context\":\"https:\\\/\\\/schema.org\",\"@graph\":[{\"@type\":\"Article\",\"@id\":\"https:\\\/\\\/eldigitaldeasturias.com\\\/magazine365\\\/estrenan-en-la-capital-sudafricana-la-opera-sobre-la-vida-de-nelson-mandela\\\/#article\",\"name\":\"Estrenan en la capital sudafricana la \\u00f3pera sobre la vida de Nelson Mandela | El Digital de Asturias\",\"headline\":\"Estrenan en la capital sudafricana la \\u00f3pera sobre la vida de Nelson Mandela\",\"author\":{\"@id\":\"https:\\\/\\\/eldigitaldeasturias.com\\\/magazine365\\\/author\\\/admin\\\/#author\"},\"publisher\":{\"@id\":\"https:\\\/\\\/eldigitaldeasturias.com\\\/magazine365\\\/#organization\"},\"image\":{\"@type\":\"ImageObject\",\"url\":\"https:\\\/\\\/eldigitaldeasturias.com\\\/magazine365\\\/wp-content\\\/uploads\\\/2014\\\/05\\\/6293272w.jpg\",\"width\":800,\"height\":597},\"datePublished\":\"2014-05-23T18:14:48+02:00\",\"dateModified\":\"2014-05-23T18:14:48+02:00\",\"inLanguage\":\"es-ES\",\"mainEntityOfPage\":{\"@id\":\"https:\\\/\\\/eldigitaldeasturias.com\\\/magazine365\\\/estrenan-en-la-capital-sudafricana-la-opera-sobre-la-vida-de-nelson-mandela\\\/#webpage\"},\"isPartOf\":{\"@id\":\"https:\\\/\\\/eldigitaldeasturias.com\\\/magazine365\\\/estrenan-en-la-capital-sudafricana-la-opera-sobre-la-vida-de-nelson-mandela\\\/#webpage\"},\"articleSection\":\"Noticias y Actualidad\"},{\"@type\":\"BreadcrumbList\",\"@id\":\"https:\\\/\\\/eldigitaldeasturias.com\\\/magazine365\\\/estrenan-en-la-capital-sudafricana-la-opera-sobre-la-vida-de-nelson-mandela\\\/#breadcrumblist\",\"itemListElement\":[{\"@type\":\"ListItem\",\"@id\":\"https:\\\/\\\/eldigitaldeasturias.com\\\/magazine365#listItem\",\"position\":1,\"name\":\"Home\",\"item\":\"https:\\\/\\\/eldigitaldeasturias.com\\\/magazine365\",\"nextItem\":{\"@type\":\"ListItem\",\"@id\":\"https:\\\/\\\/eldigitaldeasturias.com\\\/magazine365\\\/category\\\/noticias-actualidad\\\/#listItem\",\"name\":\"Noticias y Actualidad\"}},{\"@type\":\"ListItem\",\"@id\":\"https:\\\/\\\/eldigitaldeasturias.com\\\/magazine365\\\/category\\\/noticias-actualidad\\\/#listItem\",\"position\":2,\"name\":\"Noticias y Actualidad\",\"item\":\"https:\\\/\\\/eldigitaldeasturias.com\\\/magazine365\\\/category\\\/noticias-actualidad\\\/\",\"nextItem\":{\"@type\":\"ListItem\",\"@id\":\"https:\\\/\\\/eldigitaldeasturias.com\\\/magazine365\\\/estrenan-en-la-capital-sudafricana-la-opera-sobre-la-vida-de-nelson-mandela\\\/#listItem\",\"name\":\"Estrenan en la capital sudafricana la \\u00f3pera sobre la vida de Nelson Mandela\"},\"previousItem\":{\"@type\":\"ListItem\",\"@id\":\"https:\\\/\\\/eldigitaldeasturias.com\\\/magazine365#listItem\",\"name\":\"Home\"}},{\"@type\":\"ListItem\",\"@id\":\"https:\\\/\\\/eldigitaldeasturias.com\\\/magazine365\\\/estrenan-en-la-capital-sudafricana-la-opera-sobre-la-vida-de-nelson-mandela\\\/#listItem\",\"position\":3,\"name\":\"Estrenan en la capital sudafricana la \\u00f3pera sobre la vida de Nelson Mandela\",\"previousItem\":{\"@type\":\"ListItem\",\"@id\":\"https:\\\/\\\/eldigitaldeasturias.com\\\/magazine365\\\/category\\\/noticias-actualidad\\\/#listItem\",\"name\":\"Noticias y Actualidad\"}}]},{\"@type\":\"Organization\",\"@id\":\"https:\\\/\\\/eldigitaldeasturias.com\\\/magazine365\\\/#organization\",\"name\":\"El digital de Asturias\",\"description\":\"Revista de ocio, turismo y estilo de vida\",\"url\":\"https:\\\/\\\/eldigitaldeasturias.com\\\/magazine365\\\/\",\"logo\":{\"@type\":\"ImageObject\",\"url\":\"https:\\\/\\\/www.eldigitaldeasturias.com\\\/noticias\\\/wp-content\\\/uploads\\\/2020\\\/12\\\/EDA.jpg\",\"@id\":\"https:\\\/\\\/eldigitaldeasturias.com\\\/magazine365\\\/estrenan-en-la-capital-sudafricana-la-opera-sobre-la-vida-de-nelson-mandela\\\/#organizationLogo\"},\"image\":{\"@id\":\"https:\\\/\\\/eldigitaldeasturias.com\\\/magazine365\\\/estrenan-en-la-capital-sudafricana-la-opera-sobre-la-vida-de-nelson-mandela\\\/#organizationLogo\"}},{\"@type\":\"Person\",\"@id\":\"https:\\\/\\\/eldigitaldeasturias.com\\\/magazine365\\\/author\\\/admin\\\/#author\",\"url\":\"https:\\\/\\\/eldigitaldeasturias.com\\\/magazine365\\\/author\\\/admin\\\/\",\"name\":\"admin\",\"image\":{\"@type\":\"ImageObject\",\"@id\":\"https:\\\/\\\/eldigitaldeasturias.com\\\/magazine365\\\/estrenan-en-la-capital-sudafricana-la-opera-sobre-la-vida-de-nelson-mandela\\\/#authorImage\",\"url\":\"https:\\\/\\\/eldigitaldeasturias.com\\\/magazine365\\\/wp-content\\\/litespeed\\\/avatar\\\/e571bcf59a0edd6fa6838245a470f2fe.jpg?ver=1776969259\",\"width\":96,\"height\":96,\"caption\":\"admin\"}},{\"@type\":\"WebPage\",\"@id\":\"https:\\\/\\\/eldigitaldeasturias.com\\\/magazine365\\\/estrenan-en-la-capital-sudafricana-la-opera-sobre-la-vida-de-nelson-mandela\\\/#webpage\",\"url\":\"https:\\\/\\\/eldigitaldeasturias.com\\\/magazine365\\\/estrenan-en-la-capital-sudafricana-la-opera-sobre-la-vida-de-nelson-mandela\\\/\",\"name\":\"Estrenan en la capital sudafricana la \\u00f3pera sobre la vida de Nelson Mandela | El Digital de Asturias\",\"description\":\"Johannesburgo, 23 may (EFE).- El Teatro de Estado de Pretoria estrenar\\u00e1 hoy la \\u00f3pera \\\"Madiba. La \\u00f3pera africana\\\", una obra escrita por uno de los nietos de Nelson Mandela y que recrear\\u00e1 en los escenarios la vida del primer presidente negro de la historia de Sud\\u00e1frica. La obra, que lleva por t\\u00edtulo el nombre del\",\"inLanguage\":\"es-ES\",\"isPartOf\":{\"@id\":\"https:\\\/\\\/eldigitaldeasturias.com\\\/magazine365\\\/#website\"},\"breadcrumb\":{\"@id\":\"https:\\\/\\\/eldigitaldeasturias.com\\\/magazine365\\\/estrenan-en-la-capital-sudafricana-la-opera-sobre-la-vida-de-nelson-mandela\\\/#breadcrumblist\"},\"author\":{\"@id\":\"https:\\\/\\\/eldigitaldeasturias.com\\\/magazine365\\\/author\\\/admin\\\/#author\"},\"creator\":{\"@id\":\"https:\\\/\\\/eldigitaldeasturias.com\\\/magazine365\\\/author\\\/admin\\\/#author\"},\"image\":{\"@type\":\"ImageObject\",\"url\":\"https:\\\/\\\/eldigitaldeasturias.com\\\/magazine365\\\/wp-content\\\/uploads\\\/2014\\\/05\\\/6293272w.jpg\",\"@id\":\"https:\\\/\\\/eldigitaldeasturias.com\\\/magazine365\\\/estrenan-en-la-capital-sudafricana-la-opera-sobre-la-vida-de-nelson-mandela\\\/#mainImage\",\"width\":800,\"height\":597},\"primaryImageOfPage\":{\"@id\":\"https:\\\/\\\/eldigitaldeasturias.com\\\/magazine365\\\/estrenan-en-la-capital-sudafricana-la-opera-sobre-la-vida-de-nelson-mandela\\\/#mainImage\"},\"datePublished\":\"2014-05-23T18:14:48+02:00\",\"dateModified\":\"2014-05-23T18:14:48+02:00\"},{\"@type\":\"WebSite\",\"@id\":\"https:\\\/\\\/eldigitaldeasturias.com\\\/magazine365\\\/#website\",\"url\":\"https:\\\/\\\/eldigitaldeasturias.com\\\/magazine365\\\/\",\"name\":\"El Digital de Asturias\",\"description\":\"Revista de ocio, turismo y estilo de vida\",\"inLanguage\":\"es-ES\",\"publisher\":{\"@id\":\"https:\\\/\\\/eldigitaldeasturias.com\\\/magazine365\\\/#organization\"}}]}\n\t\t<\/script>\n\t\t<!-- All in One SEO Pro -->\r\n\t\t<title>Estrenan en la capital sudafricana la \u00f3pera sobre la vida de Nelson Mandela | El Digital de Asturias<\/title>\n\n","aioseo_head_json":{"title":"Estrenan en la capital sudafricana la \u00f3pera sobre la vida de Nelson Mandela | El Digital de Asturias","description":"Johannesburgo, 23 may (EFE).- El Teatro de Estado de Pretoria estrenar\u00e1 hoy la \u00f3pera \"Madiba. La \u00f3pera africana\", una obra escrita por uno de los nietos de Nelson Mandela y que recrear\u00e1 en los escenarios la vida del primer presidente negro de la historia de Sud\u00e1frica. La obra, que lleva por t\u00edtulo el nombre del","canonical_url":"https:\/\/eldigitaldeasturias.com\/magazine365\/estrenan-en-la-capital-sudafricana-la-opera-sobre-la-vida-de-nelson-mandela\/","robots":"max-image-preview:large","keywords":"noticias y actualidad","webmasterTools":{"google-site-verification":"UA-38556648-1","miscellaneous":""},"schema":{"@context":"https:\/\/schema.org","@graph":[{"@type":"Article","@id":"https:\/\/eldigitaldeasturias.com\/magazine365\/estrenan-en-la-capital-sudafricana-la-opera-sobre-la-vida-de-nelson-mandela\/#article","name":"Estrenan en la capital sudafricana la \u00f3pera sobre la vida de Nelson Mandela | El Digital de Asturias","headline":"Estrenan en la capital sudafricana la \u00f3pera sobre la vida de Nelson Mandela","author":{"@id":"https:\/\/eldigitaldeasturias.com\/magazine365\/author\/admin\/#author"},"publisher":{"@id":"https:\/\/eldigitaldeasturias.com\/magazine365\/#organization"},"image":{"@type":"ImageObject","url":"https:\/\/eldigitaldeasturias.com\/magazine365\/wp-content\/uploads\/2014\/05\/6293272w.jpg","width":800,"height":597},"datePublished":"2014-05-23T18:14:48+02:00","dateModified":"2014-05-23T18:14:48+02:00","inLanguage":"es-ES","mainEntityOfPage":{"@id":"https:\/\/eldigitaldeasturias.com\/magazine365\/estrenan-en-la-capital-sudafricana-la-opera-sobre-la-vida-de-nelson-mandela\/#webpage"},"isPartOf":{"@id":"https:\/\/eldigitaldeasturias.com\/magazine365\/estrenan-en-la-capital-sudafricana-la-opera-sobre-la-vida-de-nelson-mandela\/#webpage"},"articleSection":"Noticias y Actualidad"},{"@type":"BreadcrumbList","@id":"https:\/\/eldigitaldeasturias.com\/magazine365\/estrenan-en-la-capital-sudafricana-la-opera-sobre-la-vida-de-nelson-mandela\/#breadcrumblist","itemListElement":[{"@type":"ListItem","@id":"https:\/\/eldigitaldeasturias.com\/magazine365#listItem","position":1,"name":"Home","item":"https:\/\/eldigitaldeasturias.com\/magazine365","nextItem":{"@type":"ListItem","@id":"https:\/\/eldigitaldeasturias.com\/magazine365\/category\/noticias-actualidad\/#listItem","name":"Noticias y Actualidad"}},{"@type":"ListItem","@id":"https:\/\/eldigitaldeasturias.com\/magazine365\/category\/noticias-actualidad\/#listItem","position":2,"name":"Noticias y Actualidad","item":"https:\/\/eldigitaldeasturias.com\/magazine365\/category\/noticias-actualidad\/","nextItem":{"@type":"ListItem","@id":"https:\/\/eldigitaldeasturias.com\/magazine365\/estrenan-en-la-capital-sudafricana-la-opera-sobre-la-vida-de-nelson-mandela\/#listItem","name":"Estrenan en la capital sudafricana la \u00f3pera sobre la vida de Nelson Mandela"},"previousItem":{"@type":"ListItem","@id":"https:\/\/eldigitaldeasturias.com\/magazine365#listItem","name":"Home"}},{"@type":"ListItem","@id":"https:\/\/eldigitaldeasturias.com\/magazine365\/estrenan-en-la-capital-sudafricana-la-opera-sobre-la-vida-de-nelson-mandela\/#listItem","position":3,"name":"Estrenan en la capital sudafricana la \u00f3pera sobre la vida de Nelson Mandela","previousItem":{"@type":"ListItem","@id":"https:\/\/eldigitaldeasturias.com\/magazine365\/category\/noticias-actualidad\/#listItem","name":"Noticias y Actualidad"}}]},{"@type":"Organization","@id":"https:\/\/eldigitaldeasturias.com\/magazine365\/#organization","name":"El digital de Asturias","description":"Revista de ocio, turismo y estilo de vida","url":"https:\/\/eldigitaldeasturias.com\/magazine365\/","logo":{"@type":"ImageObject","url":"https:\/\/www.eldigitaldeasturias.com\/noticias\/wp-content\/uploads\/2020\/12\/EDA.jpg","@id":"https:\/\/eldigitaldeasturias.com\/magazine365\/estrenan-en-la-capital-sudafricana-la-opera-sobre-la-vida-de-nelson-mandela\/#organizationLogo"},"image":{"@id":"https:\/\/eldigitaldeasturias.com\/magazine365\/estrenan-en-la-capital-sudafricana-la-opera-sobre-la-vida-de-nelson-mandela\/#organizationLogo"}},{"@type":"Person","@id":"https:\/\/eldigitaldeasturias.com\/magazine365\/author\/admin\/#author","url":"https:\/\/eldigitaldeasturias.com\/magazine365\/author\/admin\/","name":"admin","image":{"@type":"ImageObject","@id":"https:\/\/eldigitaldeasturias.com\/magazine365\/estrenan-en-la-capital-sudafricana-la-opera-sobre-la-vida-de-nelson-mandela\/#authorImage","url":"https:\/\/eldigitaldeasturias.com\/magazine365\/wp-content\/litespeed\/avatar\/e571bcf59a0edd6fa6838245a470f2fe.jpg?ver=1776969259","width":96,"height":96,"caption":"admin"}},{"@type":"WebPage","@id":"https:\/\/eldigitaldeasturias.com\/magazine365\/estrenan-en-la-capital-sudafricana-la-opera-sobre-la-vida-de-nelson-mandela\/#webpage","url":"https:\/\/eldigitaldeasturias.com\/magazine365\/estrenan-en-la-capital-sudafricana-la-opera-sobre-la-vida-de-nelson-mandela\/","name":"Estrenan en la capital sudafricana la \u00f3pera sobre la vida de Nelson Mandela | El Digital de Asturias","description":"Johannesburgo, 23 may (EFE).- El Teatro de Estado de Pretoria estrenar\u00e1 hoy la \u00f3pera \"Madiba. La \u00f3pera africana\", una obra escrita por uno de los nietos de Nelson Mandela y que recrear\u00e1 en los escenarios la vida del primer presidente negro de la historia de Sud\u00e1frica. La obra, que lleva por t\u00edtulo el nombre del","inLanguage":"es-ES","isPartOf":{"@id":"https:\/\/eldigitaldeasturias.com\/magazine365\/#website"},"breadcrumb":{"@id":"https:\/\/eldigitaldeasturias.com\/magazine365\/estrenan-en-la-capital-sudafricana-la-opera-sobre-la-vida-de-nelson-mandela\/#breadcrumblist"},"author":{"@id":"https:\/\/eldigitaldeasturias.com\/magazine365\/author\/admin\/#author"},"creator":{"@id":"https:\/\/eldigitaldeasturias.com\/magazine365\/author\/admin\/#author"},"image":{"@type":"ImageObject","url":"https:\/\/eldigitaldeasturias.com\/magazine365\/wp-content\/uploads\/2014\/05\/6293272w.jpg","@id":"https:\/\/eldigitaldeasturias.com\/magazine365\/estrenan-en-la-capital-sudafricana-la-opera-sobre-la-vida-de-nelson-mandela\/#mainImage","width":800,"height":597},"primaryImageOfPage":{"@id":"https:\/\/eldigitaldeasturias.com\/magazine365\/estrenan-en-la-capital-sudafricana-la-opera-sobre-la-vida-de-nelson-mandela\/#mainImage"},"datePublished":"2014-05-23T18:14:48+02:00","dateModified":"2014-05-23T18:14:48+02:00"},{"@type":"WebSite","@id":"https:\/\/eldigitaldeasturias.com\/magazine365\/#website","url":"https:\/\/eldigitaldeasturias.com\/magazine365\/","name":"El Digital de Asturias","description":"Revista de ocio, turismo y estilo de vida","inLanguage":"es-ES","publisher":{"@id":"https:\/\/eldigitaldeasturias.com\/magazine365\/#organization"}}]},"og:locale":"es_ES","og:site_name":"El Digital de Asturias \u2013 Revista de ocio, turismo y estilo de vida","og:type":"article","og:title":"Estrenan en la capital sudafricana la \u00f3pera sobre la vida de Nelson Mandela | El Digital de Asturias","og:description":"Johannesburgo, 23 may (EFE).- El Teatro de Estado de Pretoria estrenar\u00e1 hoy la \u00f3pera &quot;Madiba. La \u00f3pera africana&quot;, una obra escrita por uno de los nietos de Nelson Mandela y que recrear\u00e1 en los escenarios la vida del primer presidente negro de la historia de Sud\u00e1frica. La obra, que lleva por t\u00edtulo el nombre del","og:url":"https:\/\/eldigitaldeasturias.com\/magazine365\/estrenan-en-la-capital-sudafricana-la-opera-sobre-la-vida-de-nelson-mandela\/","og:image":"https:\/\/eldigitaldeasturias.com\/magazine365\/wp-content\/uploads\/2014\/05\/6293272w.jpg","og:image:secure_url":"https:\/\/eldigitaldeasturias.com\/magazine365\/wp-content\/uploads\/2014\/05\/6293272w.jpg","og:image:width":800,"og:image:height":597,"article:published_time":"2014-05-23T20:14:48+00:00","article:modified_time":"2014-05-23T20:14:48+00:00","twitter:card":"summary_large_image","twitter:title":"Estrenan en la capital sudafricana la \u00f3pera sobre la vida de Nelson Mandela | El Digital de Asturias","twitter:description":"Johannesburgo, 23 may (EFE).- El Teatro de Estado de Pretoria estrenar\u00e1 hoy la \u00f3pera &quot;Madiba. La \u00f3pera africana&quot;, una obra escrita por uno de los nietos de Nelson Mandela y que recrear\u00e1 en los escenarios la vida del primer presidente negro de la historia de Sud\u00e1frica. La obra, que lleva por t\u00edtulo el nombre del","twitter:image":"https:\/\/eldigitaldeasturias.com\/magazine365\/wp-content\/uploads\/2014\/05\/6293272w.jpg"},"aioseo_meta_data":{"post_id":"13744","title":null,"description":null,"keywords":null,"keyphrases":null,"primary_term":null,"canonical_url":null,"og_title":null,"og_description":null,"og_object_type":"default","og_image_type":"default","og_image_url":null,"og_image_width":null,"og_image_height":null,"og_image_custom_url":null,"og_image_custom_fields":null,"og_video":null,"og_custom_url":null,"og_article_section":null,"og_article_tags":null,"twitter_use_og":false,"twitter_card":"default","twitter_image_type":"default","twitter_image_url":null,"twitter_image_custom_url":null,"twitter_image_custom_fields":null,"twitter_title":null,"twitter_description":null,"schema":{"blockGraphs":[],"customGraphs":[],"default":{"data":{"Article":[],"Course":[],"Dataset":[],"FAQPage":[],"Movie":[],"Person":[],"Product":[],"ProductReview":[],"Car":[],"Recipe":[],"Service":[],"SoftwareApplication":[],"WebPage":[]},"graphName":"","isEnabled":true},"graphs":[],"defaultGraph":"","defaultPostTypeGraph":""},"schema_type":null,"schema_type_options":null,"pillar_content":false,"robots_default":true,"robots_noindex":false,"robots_noarchive":false,"robots_nosnippet":false,"robots_nofollow":false,"robots_noimageindex":false,"robots_noodp":false,"robots_notranslate":false,"robots_max_snippet":null,"robots_max_videopreview":null,"robots_max_imagepreview":"large","priority":null,"frequency":null,"location":null,"local_seo":null,"seo_analyzer_scan_date":"2025-09-17 08:51:10","breadcrumb_settings":null,"limit_modified_date":false,"open_ai":null,"ai":null,"created":"2021-03-09 08:24:43","updated":"2025-09-17 08:51:10"},"aioseo_breadcrumb":"<div class=\"aioseo-breadcrumbs\"><span class=\"aioseo-breadcrumb\">\n\t<a href=\"https:\/\/eldigitaldeasturias.com\/magazine365\" title=\"Home\">Home<\/a>\n<\/span><span class=\"aioseo-breadcrumb-separator\">\u2013<\/span><span class=\"aioseo-breadcrumb\">\n\t<a href=\"https:\/\/eldigitaldeasturias.com\/magazine365\/category\/noticias-actualidad\/\" title=\"Noticias y Actualidad\">Noticias y Actualidad<\/a>\n<\/span><span class=\"aioseo-breadcrumb-separator\">\u2013<\/span><span class=\"aioseo-breadcrumb\">\n\t<a href=\"https:\/\/eldigitaldeasturias.com\/magazine365\/estrenan-en-la-capital-sudafricana-la-opera-sobre-la-vida-de-nelson-mandela\/\" title=\"Estrenan en la capital sudafricana la \u00f3pera sobre la vida de Nelson Mandela\">Estrenan en la capital sudafricana la \u00f3pera sobre la vida de Nelson Mandela<\/a>\n<\/span><\/div>","aioseo_breadcrumb_json":[{"label":"Home","link":"https:\/\/eldigitaldeasturias.com\/magazine365"},{"label":"Noticias y Actualidad","link":"https:\/\/eldigitaldeasturias.com\/magazine365\/category\/noticias-actualidad\/"},{"label":"Estrenan en la capital sudafricana la \u00f3pera sobre la vida de Nelson Mandela","link":"https:\/\/eldigitaldeasturias.com\/magazine365\/estrenan-en-la-capital-sudafricana-la-opera-sobre-la-vida-de-nelson-mandela\/"}],"_links":{"self":[{"href":"https:\/\/eldigitaldeasturias.com\/magazine365\/wp-json\/wp\/v2\/posts\/13744","targetHints":{"allow":["GET"]}}],"collection":[{"href":"https:\/\/eldigitaldeasturias.com\/magazine365\/wp-json\/wp\/v2\/posts"}],"about":[{"href":"https:\/\/eldigitaldeasturias.com\/magazine365\/wp-json\/wp\/v2\/types\/post"}],"author":[{"embeddable":true,"href":"https:\/\/eldigitaldeasturias.com\/magazine365\/wp-json\/wp\/v2\/users\/1"}],"replies":[{"embeddable":true,"href":"https:\/\/eldigitaldeasturias.com\/magazine365\/wp-json\/wp\/v2\/comments?post=13744"}],"version-history":[{"count":0,"href":"https:\/\/eldigitaldeasturias.com\/magazine365\/wp-json\/wp\/v2\/posts\/13744\/revisions"}],"wp:featuredmedia":[{"embeddable":true,"href":"https:\/\/eldigitaldeasturias.com\/magazine365\/wp-json\/wp\/v2\/media\/13745"}],"wp:attachment":[{"href":"https:\/\/eldigitaldeasturias.com\/magazine365\/wp-json\/wp\/v2\/media?parent=13744"}],"wp:term":[{"taxonomy":"category","embeddable":true,"href":"https:\/\/eldigitaldeasturias.com\/magazine365\/wp-json\/wp\/v2\/categories?post=13744"},{"taxonomy":"post_tag","embeddable":true,"href":"https:\/\/eldigitaldeasturias.com\/magazine365\/wp-json\/wp\/v2\/tags?post=13744"}],"curies":[{"name":"wp","href":"https:\/\/api.w.org\/{rel}","templated":true}]}}