{"id":13738,"date":"2014-05-23T18:12:11","date_gmt":"2014-05-23T20:12:11","guid":{"rendered":"http:\/\/eldigitaldeasturias.com\/magazine365\/?p=13738"},"modified":"2014-05-23T18:12:11","modified_gmt":"2014-05-23T20:12:11","slug":"david-macian-adapta-la-mano-invisible-de-isaac-rosa-para-su-primer-largo","status":"publish","type":"post","link":"https:\/\/eldigitaldeasturias.com\/magazine365\/david-macian-adapta-la-mano-invisible-de-isaac-rosa-para-su-primer-largo\/","title":{"rendered":"David Maci\u00e1n adapta \u00abLa mano invisible\u00bb, de Isaac Rosa, para su primer largo"},"content":{"rendered":"<p><img fetchpriority=\"high\" decoding=\"async\" class=\"alignleft size-medium wp-image-13739\" alt=\"6293201w\" src=\"https:\/\/eldigitaldeasturias.com\/magazine365\/wp-content\/uploads\/2014\/05\/6293201w-200x300.jpg\" width=\"200\" height=\"300\" srcset=\"https:\/\/eldigitaldeasturias.com\/magazine365\/wp-content\/uploads\/2014\/05\/6293201w-200x300.jpg 200w, https:\/\/eldigitaldeasturias.com\/magazine365\/wp-content\/uploads\/2014\/05\/6293201w-427x640.jpg 427w, https:\/\/eldigitaldeasturias.com\/magazine365\/wp-content\/uploads\/2014\/05\/6293201w-150x225.jpg 150w, https:\/\/eldigitaldeasturias.com\/magazine365\/wp-content\/uploads\/2014\/05\/6293201w-450x675.jpg 450w, https:\/\/eldigitaldeasturias.com\/magazine365\/wp-content\/uploads\/2014\/05\/6293201w-696x1044.jpg 696w, https:\/\/eldigitaldeasturias.com\/magazine365\/wp-content\/uploads\/2014\/05\/6293201w-280x420.jpg 280w, https:\/\/eldigitaldeasturias.com\/magazine365\/wp-content\/uploads\/2014\/05\/6293201w.jpg 700w\" sizes=\"(max-width: 200px) 100vw, 200px\" \/>Madrid, 23 may (EFE).- La novela \u00abLa mano invisible\u00bb, del escritor Isaac Rosa, ser\u00e1 llevada a la gran pantalla por el cortometrajista David Maci\u00e1n, que debuta de este modo en el largometraje.<\/p>\n<p>El rodaje, que comenzar\u00e1 el pr\u00f3ximo mes de julio, se financiar\u00e1 con el apoyo de la multiproducci\u00f3n de particulares, a trav\u00e9s de la plataforma de crowdfunding Verkami una campa\u00f1a de financiaci\u00f3n colectiva.<\/p>\n<p>Autor de los cortos \u00abLiquidaci\u00f3n total\u00bb (2007), \u00abTropezones\u00bb (2009), \u00abVivir del aire\u00bb (2010), \u00abProfesor Brofman\u00bb (2011) y \u00abEl incre\u00edble Trueno Escarlata\u00bb (2012), Maci\u00e1n cambia de formato, apoyado por un solvente reparto: Josean Bengoetxea, Javier Godino, Fernando Cayo, Esther Ortega, Elisabeth Gelabert, Bruto Pomeroy y Marta Larralde.<\/p>\n<p>Seg\u00fan el autor de la novela, publicada en 2011 con mucho \u00e9xito por Seix Barral, el esp\u00edritu del equipo de la pel\u00edcula es \u00abmuy coherente\u00bb con el que \u00e9l escribi\u00f3: \u00abEs m\u00e1s que una pel\u00edcula, es una obra colectiva que para mi es algo a reivindicar\u00bb, comenta el escritor en la web de la cinta, www.lamanoinvisiblelapelicula.com.<\/p>\n<p>En ese sentido, ha destacado que la f\u00f3rmula de producci\u00f3n adoptada haya sido justamente el modelo cooperativo, gracias al cual todos los miembros del equipo, desde los t\u00e9cnicos hasta los actores, invertir\u00e1n en la pel\u00edcula y optar\u00e1n a los beneficios futuros de la misma.<\/p>\n<p>Explica el autor que la novela habla de \u00abun grupo de trabajadores que est\u00e1n en una nave industrial abandonada en la que est\u00e1 cada uno en su trabajo sin relacionarse entre ellos, haciendo todos un trabajo que no es productivo: un alba\u00f1il que construye un muro para tirarlo, un mec\u00e1nico, que desmonta un coche, una costurera que cose sin parar, y lo hacen ante un p\u00fablico que no sabe qu\u00e9 est\u00e1n haciendo, qui\u00e9nes mueven los hilos, ni por qu\u00e9 est\u00e1n ah\u00ed\u00bb.<\/p>\n<p>\u00abQuer\u00eda que los lectores fueran como esos espectadores que est\u00e1n en la grada, que miran, que observan lo que hacen los otros, y eso lo permite mucho m\u00e1s el cine\u00bb, opina Rosa, que ha apoyado de forma incondicional el proyecto de Maci\u00e1n.<\/p>\n<p>El director, por su parte, eligi\u00f3 esta novela por su \u00abpotencial visual y narrativo\u00bb, as\u00ed como por la actualidad de su mensaje.<\/p>\n<p>Tanto el texto, que Maci\u00e1n ha adaptado junto con el guionista Daniel Cort\u00e1zar, como el guion, invitan al espectador a reflexionar sobre la precariedad laboral actual y las din\u00e1micas laborales que construimos.<\/p>\n","protected":false},"excerpt":{"rendered":"<p>Madrid, 23 may (EFE).- La novela \u00abLa mano invisible\u00bb, del escritor Isaac Rosa, ser\u00e1 llevada a la gran pantalla por el cortometrajista David Maci\u00e1n, que debuta de este modo en el largometraje. El rodaje, que comenzar\u00e1 el pr\u00f3ximo mes de julio, se financiar\u00e1 con el apoyo de la multiproducci\u00f3n de particulares, a trav\u00e9s de la<\/p>\n","protected":false},"author":1,"featured_media":13739,"comment_status":"open","ping_status":"closed","sticky":false,"template":"","format":"standard","meta":{"footnotes":""},"categories":[224],"tags":[],"class_list":{"0":"post-13738","1":"post","2":"type-post","3":"status-publish","4":"format-standard","5":"has-post-thumbnail","7":"category-noticias-actualidad"},"aioseo_notices":[],"aioseo_head":"\n\t\t<!-- All in One SEO Pro 4.9.6.1 - aioseo.com -->\n\t<meta name=\"description\" content=\"Madrid, 23 may (EFE).- La novela &quot;La mano invisible&quot;, del escritor Isaac Rosa, ser\u00e1 llevada a la gran pantalla por el cortometrajista David Maci\u00e1n, que debuta de este modo en el largometraje. El rodaje, que comenzar\u00e1 el pr\u00f3ximo mes de julio, se financiar\u00e1 con el apoyo de la multiproducci\u00f3n de particulares, a trav\u00e9s de la\" \/>\n\t<meta name=\"robots\" content=\"max-image-preview:large\" \/>\n\t<meta name=\"author\" content=\"admin\"\/>\n\t<meta name=\"google-site-verification\" content=\"UA-38556648-1\" \/>\n\t<meta name=\"keywords\" content=\"noticias y actualidad\" \/>\n\t<link rel=\"canonical\" href=\"https:\/\/eldigitaldeasturias.com\/magazine365\/david-macian-adapta-la-mano-invisible-de-isaac-rosa-para-su-primer-largo\/\" \/>\n\t<meta name=\"generator\" content=\"All in One SEO Pro (AIOSEO) 4.9.6.1\" \/>\n\t\t<meta property=\"og:locale\" content=\"es_ES\" \/>\n\t\t<meta property=\"og:site_name\" content=\"El Digital de Asturias \u2013 Revista de ocio, turismo y estilo de vida\" \/>\n\t\t<meta property=\"og:type\" content=\"article\" \/>\n\t\t<meta property=\"og:title\" content=\"David Maci\u00e1n adapta \u00abLa mano invisible\u00bb, de Isaac Rosa, para su primer largo | El Digital de Asturias\" \/>\n\t\t<meta property=\"og:description\" content=\"Madrid, 23 may (EFE).- La novela &quot;La mano invisible&quot;, del escritor Isaac Rosa, ser\u00e1 llevada a la gran pantalla por el cortometrajista David Maci\u00e1n, que debuta de este modo en el largometraje. El rodaje, que comenzar\u00e1 el pr\u00f3ximo mes de julio, se financiar\u00e1 con el apoyo de la multiproducci\u00f3n de particulares, a trav\u00e9s de la\" \/>\n\t\t<meta property=\"og:url\" content=\"https:\/\/eldigitaldeasturias.com\/magazine365\/david-macian-adapta-la-mano-invisible-de-isaac-rosa-para-su-primer-largo\/\" \/>\n\t\t<meta property=\"og:image\" content=\"https:\/\/eldigitaldeasturias.com\/magazine365\/wp-content\/uploads\/2014\/05\/6293201w.jpg\" \/>\n\t\t<meta property=\"og:image:secure_url\" content=\"https:\/\/eldigitaldeasturias.com\/magazine365\/wp-content\/uploads\/2014\/05\/6293201w.jpg\" \/>\n\t\t<meta property=\"og:image:width\" content=\"700\" \/>\n\t\t<meta property=\"og:image:height\" content=\"1050\" \/>\n\t\t<meta property=\"article:published_time\" content=\"2014-05-23T20:12:11+00:00\" \/>\n\t\t<meta property=\"article:modified_time\" content=\"2014-05-23T20:12:11+00:00\" \/>\n\t\t<meta name=\"twitter:card\" content=\"summary_large_image\" \/>\n\t\t<meta name=\"twitter:title\" content=\"David Maci\u00e1n adapta \u00abLa mano invisible\u00bb, de Isaac Rosa, para su primer largo | El Digital de Asturias\" \/>\n\t\t<meta name=\"twitter:description\" content=\"Madrid, 23 may (EFE).- La novela &quot;La mano invisible&quot;, del escritor Isaac Rosa, ser\u00e1 llevada a la gran pantalla por el cortometrajista David Maci\u00e1n, que debuta de este modo en el largometraje. El rodaje, que comenzar\u00e1 el pr\u00f3ximo mes de julio, se financiar\u00e1 con el apoyo de la multiproducci\u00f3n de particulares, a trav\u00e9s de la\" \/>\n\t\t<meta name=\"twitter:image\" content=\"https:\/\/eldigitaldeasturias.com\/magazine365\/wp-content\/uploads\/2014\/05\/6293201w.jpg\" \/>\n\t\t<script type=\"application\/ld+json\" class=\"aioseo-schema\">\n\t\t\t{\"@context\":\"https:\\\/\\\/schema.org\",\"@graph\":[{\"@type\":\"Article\",\"@id\":\"https:\\\/\\\/eldigitaldeasturias.com\\\/magazine365\\\/david-macian-adapta-la-mano-invisible-de-isaac-rosa-para-su-primer-largo\\\/#article\",\"name\":\"David Maci\\u00e1n adapta \\u00abLa mano invisible\\u00bb, de Isaac Rosa, para su primer largo | El Digital de Asturias\",\"headline\":\"David Maci\\u00e1n adapta \\u00abLa mano invisible\\u00bb, de Isaac Rosa, para su primer largo\",\"author\":{\"@id\":\"https:\\\/\\\/eldigitaldeasturias.com\\\/magazine365\\\/author\\\/admin\\\/#author\"},\"publisher\":{\"@id\":\"https:\\\/\\\/eldigitaldeasturias.com\\\/magazine365\\\/#organization\"},\"image\":{\"@type\":\"ImageObject\",\"url\":\"https:\\\/\\\/eldigitaldeasturias.com\\\/magazine365\\\/wp-content\\\/uploads\\\/2014\\\/05\\\/6293201w.jpg\",\"width\":700,\"height\":1050},\"datePublished\":\"2014-05-23T18:12:11+02:00\",\"dateModified\":\"2014-05-23T18:12:11+02:00\",\"inLanguage\":\"es-ES\",\"mainEntityOfPage\":{\"@id\":\"https:\\\/\\\/eldigitaldeasturias.com\\\/magazine365\\\/david-macian-adapta-la-mano-invisible-de-isaac-rosa-para-su-primer-largo\\\/#webpage\"},\"isPartOf\":{\"@id\":\"https:\\\/\\\/eldigitaldeasturias.com\\\/magazine365\\\/david-macian-adapta-la-mano-invisible-de-isaac-rosa-para-su-primer-largo\\\/#webpage\"},\"articleSection\":\"Noticias y Actualidad\"},{\"@type\":\"BreadcrumbList\",\"@id\":\"https:\\\/\\\/eldigitaldeasturias.com\\\/magazine365\\\/david-macian-adapta-la-mano-invisible-de-isaac-rosa-para-su-primer-largo\\\/#breadcrumblist\",\"itemListElement\":[{\"@type\":\"ListItem\",\"@id\":\"https:\\\/\\\/eldigitaldeasturias.com\\\/magazine365#listItem\",\"position\":1,\"name\":\"Home\",\"item\":\"https:\\\/\\\/eldigitaldeasturias.com\\\/magazine365\",\"nextItem\":{\"@type\":\"ListItem\",\"@id\":\"https:\\\/\\\/eldigitaldeasturias.com\\\/magazine365\\\/category\\\/noticias-actualidad\\\/#listItem\",\"name\":\"Noticias y Actualidad\"}},{\"@type\":\"ListItem\",\"@id\":\"https:\\\/\\\/eldigitaldeasturias.com\\\/magazine365\\\/category\\\/noticias-actualidad\\\/#listItem\",\"position\":2,\"name\":\"Noticias y Actualidad\",\"item\":\"https:\\\/\\\/eldigitaldeasturias.com\\\/magazine365\\\/category\\\/noticias-actualidad\\\/\",\"nextItem\":{\"@type\":\"ListItem\",\"@id\":\"https:\\\/\\\/eldigitaldeasturias.com\\\/magazine365\\\/david-macian-adapta-la-mano-invisible-de-isaac-rosa-para-su-primer-largo\\\/#listItem\",\"name\":\"David Maci\\u00e1n adapta \\u00abLa mano invisible\\u00bb, de Isaac Rosa, para su primer largo\"},\"previousItem\":{\"@type\":\"ListItem\",\"@id\":\"https:\\\/\\\/eldigitaldeasturias.com\\\/magazine365#listItem\",\"name\":\"Home\"}},{\"@type\":\"ListItem\",\"@id\":\"https:\\\/\\\/eldigitaldeasturias.com\\\/magazine365\\\/david-macian-adapta-la-mano-invisible-de-isaac-rosa-para-su-primer-largo\\\/#listItem\",\"position\":3,\"name\":\"David Maci\\u00e1n adapta \\u00abLa mano invisible\\u00bb, de Isaac Rosa, para su primer largo\",\"previousItem\":{\"@type\":\"ListItem\",\"@id\":\"https:\\\/\\\/eldigitaldeasturias.com\\\/magazine365\\\/category\\\/noticias-actualidad\\\/#listItem\",\"name\":\"Noticias y Actualidad\"}}]},{\"@type\":\"Organization\",\"@id\":\"https:\\\/\\\/eldigitaldeasturias.com\\\/magazine365\\\/#organization\",\"name\":\"El digital de Asturias\",\"description\":\"Revista de ocio, turismo y estilo de vida\",\"url\":\"https:\\\/\\\/eldigitaldeasturias.com\\\/magazine365\\\/\",\"logo\":{\"@type\":\"ImageObject\",\"url\":\"https:\\\/\\\/www.eldigitaldeasturias.com\\\/noticias\\\/wp-content\\\/uploads\\\/2020\\\/12\\\/EDA.jpg\",\"@id\":\"https:\\\/\\\/eldigitaldeasturias.com\\\/magazine365\\\/david-macian-adapta-la-mano-invisible-de-isaac-rosa-para-su-primer-largo\\\/#organizationLogo\"},\"image\":{\"@id\":\"https:\\\/\\\/eldigitaldeasturias.com\\\/magazine365\\\/david-macian-adapta-la-mano-invisible-de-isaac-rosa-para-su-primer-largo\\\/#organizationLogo\"}},{\"@type\":\"Person\",\"@id\":\"https:\\\/\\\/eldigitaldeasturias.com\\\/magazine365\\\/author\\\/admin\\\/#author\",\"url\":\"https:\\\/\\\/eldigitaldeasturias.com\\\/magazine365\\\/author\\\/admin\\\/\",\"name\":\"admin\",\"image\":{\"@type\":\"ImageObject\",\"@id\":\"https:\\\/\\\/eldigitaldeasturias.com\\\/magazine365\\\/david-macian-adapta-la-mano-invisible-de-isaac-rosa-para-su-primer-largo\\\/#authorImage\",\"url\":\"https:\\\/\\\/eldigitaldeasturias.com\\\/magazine365\\\/wp-content\\\/litespeed\\\/avatar\\\/e571bcf59a0edd6fa6838245a470f2fe.jpg?ver=1776969259\",\"width\":96,\"height\":96,\"caption\":\"admin\"}},{\"@type\":\"WebPage\",\"@id\":\"https:\\\/\\\/eldigitaldeasturias.com\\\/magazine365\\\/david-macian-adapta-la-mano-invisible-de-isaac-rosa-para-su-primer-largo\\\/#webpage\",\"url\":\"https:\\\/\\\/eldigitaldeasturias.com\\\/magazine365\\\/david-macian-adapta-la-mano-invisible-de-isaac-rosa-para-su-primer-largo\\\/\",\"name\":\"David Maci\\u00e1n adapta \\u00abLa mano invisible\\u00bb, de Isaac Rosa, para su primer largo | El Digital de Asturias\",\"description\":\"Madrid, 23 may (EFE).- La novela \\\"La mano invisible\\\", del escritor Isaac Rosa, ser\\u00e1 llevada a la gran pantalla por el cortometrajista David Maci\\u00e1n, que debuta de este modo en el largometraje. El rodaje, que comenzar\\u00e1 el pr\\u00f3ximo mes de julio, se financiar\\u00e1 con el apoyo de la multiproducci\\u00f3n de particulares, a trav\\u00e9s de la\",\"inLanguage\":\"es-ES\",\"isPartOf\":{\"@id\":\"https:\\\/\\\/eldigitaldeasturias.com\\\/magazine365\\\/#website\"},\"breadcrumb\":{\"@id\":\"https:\\\/\\\/eldigitaldeasturias.com\\\/magazine365\\\/david-macian-adapta-la-mano-invisible-de-isaac-rosa-para-su-primer-largo\\\/#breadcrumblist\"},\"author\":{\"@id\":\"https:\\\/\\\/eldigitaldeasturias.com\\\/magazine365\\\/author\\\/admin\\\/#author\"},\"creator\":{\"@id\":\"https:\\\/\\\/eldigitaldeasturias.com\\\/magazine365\\\/author\\\/admin\\\/#author\"},\"image\":{\"@type\":\"ImageObject\",\"url\":\"https:\\\/\\\/eldigitaldeasturias.com\\\/magazine365\\\/wp-content\\\/uploads\\\/2014\\\/05\\\/6293201w.jpg\",\"@id\":\"https:\\\/\\\/eldigitaldeasturias.com\\\/magazine365\\\/david-macian-adapta-la-mano-invisible-de-isaac-rosa-para-su-primer-largo\\\/#mainImage\",\"width\":700,\"height\":1050},\"primaryImageOfPage\":{\"@id\":\"https:\\\/\\\/eldigitaldeasturias.com\\\/magazine365\\\/david-macian-adapta-la-mano-invisible-de-isaac-rosa-para-su-primer-largo\\\/#mainImage\"},\"datePublished\":\"2014-05-23T18:12:11+02:00\",\"dateModified\":\"2014-05-23T18:12:11+02:00\"},{\"@type\":\"WebSite\",\"@id\":\"https:\\\/\\\/eldigitaldeasturias.com\\\/magazine365\\\/#website\",\"url\":\"https:\\\/\\\/eldigitaldeasturias.com\\\/magazine365\\\/\",\"name\":\"El Digital de Asturias\",\"description\":\"Revista de ocio, turismo y estilo de vida\",\"inLanguage\":\"es-ES\",\"publisher\":{\"@id\":\"https:\\\/\\\/eldigitaldeasturias.com\\\/magazine365\\\/#organization\"}}]}\n\t\t<\/script>\n\t\t<!-- All in One SEO Pro -->\r\n\t\t<title>David Maci\u00e1n adapta \u00abLa mano invisible\u00bb, de Isaac Rosa, para su primer largo | El Digital de Asturias<\/title>\n\n","aioseo_head_json":{"title":"David Maci\u00e1n adapta \u00abLa mano invisible\u00bb, de Isaac Rosa, para su primer largo | El Digital de Asturias","description":"Madrid, 23 may (EFE).- La novela \"La mano invisible\", del escritor Isaac Rosa, ser\u00e1 llevada a la gran pantalla por el cortometrajista David Maci\u00e1n, que debuta de este modo en el largometraje. El rodaje, que comenzar\u00e1 el pr\u00f3ximo mes de julio, se financiar\u00e1 con el apoyo de la multiproducci\u00f3n de particulares, a trav\u00e9s de la","canonical_url":"https:\/\/eldigitaldeasturias.com\/magazine365\/david-macian-adapta-la-mano-invisible-de-isaac-rosa-para-su-primer-largo\/","robots":"max-image-preview:large","keywords":"noticias y actualidad","webmasterTools":{"google-site-verification":"UA-38556648-1","miscellaneous":""},"schema":{"@context":"https:\/\/schema.org","@graph":[{"@type":"Article","@id":"https:\/\/eldigitaldeasturias.com\/magazine365\/david-macian-adapta-la-mano-invisible-de-isaac-rosa-para-su-primer-largo\/#article","name":"David Maci\u00e1n adapta \u00abLa mano invisible\u00bb, de Isaac Rosa, para su primer largo | El Digital de Asturias","headline":"David Maci\u00e1n adapta \u00abLa mano invisible\u00bb, de Isaac Rosa, para su primer largo","author":{"@id":"https:\/\/eldigitaldeasturias.com\/magazine365\/author\/admin\/#author"},"publisher":{"@id":"https:\/\/eldigitaldeasturias.com\/magazine365\/#organization"},"image":{"@type":"ImageObject","url":"https:\/\/eldigitaldeasturias.com\/magazine365\/wp-content\/uploads\/2014\/05\/6293201w.jpg","width":700,"height":1050},"datePublished":"2014-05-23T18:12:11+02:00","dateModified":"2014-05-23T18:12:11+02:00","inLanguage":"es-ES","mainEntityOfPage":{"@id":"https:\/\/eldigitaldeasturias.com\/magazine365\/david-macian-adapta-la-mano-invisible-de-isaac-rosa-para-su-primer-largo\/#webpage"},"isPartOf":{"@id":"https:\/\/eldigitaldeasturias.com\/magazine365\/david-macian-adapta-la-mano-invisible-de-isaac-rosa-para-su-primer-largo\/#webpage"},"articleSection":"Noticias y Actualidad"},{"@type":"BreadcrumbList","@id":"https:\/\/eldigitaldeasturias.com\/magazine365\/david-macian-adapta-la-mano-invisible-de-isaac-rosa-para-su-primer-largo\/#breadcrumblist","itemListElement":[{"@type":"ListItem","@id":"https:\/\/eldigitaldeasturias.com\/magazine365#listItem","position":1,"name":"Home","item":"https:\/\/eldigitaldeasturias.com\/magazine365","nextItem":{"@type":"ListItem","@id":"https:\/\/eldigitaldeasturias.com\/magazine365\/category\/noticias-actualidad\/#listItem","name":"Noticias y Actualidad"}},{"@type":"ListItem","@id":"https:\/\/eldigitaldeasturias.com\/magazine365\/category\/noticias-actualidad\/#listItem","position":2,"name":"Noticias y Actualidad","item":"https:\/\/eldigitaldeasturias.com\/magazine365\/category\/noticias-actualidad\/","nextItem":{"@type":"ListItem","@id":"https:\/\/eldigitaldeasturias.com\/magazine365\/david-macian-adapta-la-mano-invisible-de-isaac-rosa-para-su-primer-largo\/#listItem","name":"David Maci\u00e1n adapta \u00abLa mano invisible\u00bb, de Isaac Rosa, para su primer largo"},"previousItem":{"@type":"ListItem","@id":"https:\/\/eldigitaldeasturias.com\/magazine365#listItem","name":"Home"}},{"@type":"ListItem","@id":"https:\/\/eldigitaldeasturias.com\/magazine365\/david-macian-adapta-la-mano-invisible-de-isaac-rosa-para-su-primer-largo\/#listItem","position":3,"name":"David Maci\u00e1n adapta \u00abLa mano invisible\u00bb, de Isaac Rosa, para su primer largo","previousItem":{"@type":"ListItem","@id":"https:\/\/eldigitaldeasturias.com\/magazine365\/category\/noticias-actualidad\/#listItem","name":"Noticias y Actualidad"}}]},{"@type":"Organization","@id":"https:\/\/eldigitaldeasturias.com\/magazine365\/#organization","name":"El digital de Asturias","description":"Revista de ocio, turismo y estilo de vida","url":"https:\/\/eldigitaldeasturias.com\/magazine365\/","logo":{"@type":"ImageObject","url":"https:\/\/www.eldigitaldeasturias.com\/noticias\/wp-content\/uploads\/2020\/12\/EDA.jpg","@id":"https:\/\/eldigitaldeasturias.com\/magazine365\/david-macian-adapta-la-mano-invisible-de-isaac-rosa-para-su-primer-largo\/#organizationLogo"},"image":{"@id":"https:\/\/eldigitaldeasturias.com\/magazine365\/david-macian-adapta-la-mano-invisible-de-isaac-rosa-para-su-primer-largo\/#organizationLogo"}},{"@type":"Person","@id":"https:\/\/eldigitaldeasturias.com\/magazine365\/author\/admin\/#author","url":"https:\/\/eldigitaldeasturias.com\/magazine365\/author\/admin\/","name":"admin","image":{"@type":"ImageObject","@id":"https:\/\/eldigitaldeasturias.com\/magazine365\/david-macian-adapta-la-mano-invisible-de-isaac-rosa-para-su-primer-largo\/#authorImage","url":"https:\/\/eldigitaldeasturias.com\/magazine365\/wp-content\/litespeed\/avatar\/e571bcf59a0edd6fa6838245a470f2fe.jpg?ver=1776969259","width":96,"height":96,"caption":"admin"}},{"@type":"WebPage","@id":"https:\/\/eldigitaldeasturias.com\/magazine365\/david-macian-adapta-la-mano-invisible-de-isaac-rosa-para-su-primer-largo\/#webpage","url":"https:\/\/eldigitaldeasturias.com\/magazine365\/david-macian-adapta-la-mano-invisible-de-isaac-rosa-para-su-primer-largo\/","name":"David Maci\u00e1n adapta \u00abLa mano invisible\u00bb, de Isaac Rosa, para su primer largo | El Digital de Asturias","description":"Madrid, 23 may (EFE).- La novela \"La mano invisible\", del escritor Isaac Rosa, ser\u00e1 llevada a la gran pantalla por el cortometrajista David Maci\u00e1n, que debuta de este modo en el largometraje. El rodaje, que comenzar\u00e1 el pr\u00f3ximo mes de julio, se financiar\u00e1 con el apoyo de la multiproducci\u00f3n de particulares, a trav\u00e9s de la","inLanguage":"es-ES","isPartOf":{"@id":"https:\/\/eldigitaldeasturias.com\/magazine365\/#website"},"breadcrumb":{"@id":"https:\/\/eldigitaldeasturias.com\/magazine365\/david-macian-adapta-la-mano-invisible-de-isaac-rosa-para-su-primer-largo\/#breadcrumblist"},"author":{"@id":"https:\/\/eldigitaldeasturias.com\/magazine365\/author\/admin\/#author"},"creator":{"@id":"https:\/\/eldigitaldeasturias.com\/magazine365\/author\/admin\/#author"},"image":{"@type":"ImageObject","url":"https:\/\/eldigitaldeasturias.com\/magazine365\/wp-content\/uploads\/2014\/05\/6293201w.jpg","@id":"https:\/\/eldigitaldeasturias.com\/magazine365\/david-macian-adapta-la-mano-invisible-de-isaac-rosa-para-su-primer-largo\/#mainImage","width":700,"height":1050},"primaryImageOfPage":{"@id":"https:\/\/eldigitaldeasturias.com\/magazine365\/david-macian-adapta-la-mano-invisible-de-isaac-rosa-para-su-primer-largo\/#mainImage"},"datePublished":"2014-05-23T18:12:11+02:00","dateModified":"2014-05-23T18:12:11+02:00"},{"@type":"WebSite","@id":"https:\/\/eldigitaldeasturias.com\/magazine365\/#website","url":"https:\/\/eldigitaldeasturias.com\/magazine365\/","name":"El Digital de Asturias","description":"Revista de ocio, turismo y estilo de vida","inLanguage":"es-ES","publisher":{"@id":"https:\/\/eldigitaldeasturias.com\/magazine365\/#organization"}}]},"og:locale":"es_ES","og:site_name":"El Digital de Asturias \u2013 Revista de ocio, turismo y estilo de vida","og:type":"article","og:title":"David Maci\u00e1n adapta \u00abLa mano invisible\u00bb, de Isaac Rosa, para su primer largo | El Digital de Asturias","og:description":"Madrid, 23 may (EFE).- La novela &quot;La mano invisible&quot;, del escritor Isaac Rosa, ser\u00e1 llevada a la gran pantalla por el cortometrajista David Maci\u00e1n, que debuta de este modo en el largometraje. El rodaje, que comenzar\u00e1 el pr\u00f3ximo mes de julio, se financiar\u00e1 con el apoyo de la multiproducci\u00f3n de particulares, a trav\u00e9s de la","og:url":"https:\/\/eldigitaldeasturias.com\/magazine365\/david-macian-adapta-la-mano-invisible-de-isaac-rosa-para-su-primer-largo\/","og:image":"https:\/\/eldigitaldeasturias.com\/magazine365\/wp-content\/uploads\/2014\/05\/6293201w.jpg","og:image:secure_url":"https:\/\/eldigitaldeasturias.com\/magazine365\/wp-content\/uploads\/2014\/05\/6293201w.jpg","og:image:width":700,"og:image:height":1050,"article:published_time":"2014-05-23T20:12:11+00:00","article:modified_time":"2014-05-23T20:12:11+00:00","twitter:card":"summary_large_image","twitter:title":"David Maci\u00e1n adapta \u00abLa mano invisible\u00bb, de Isaac Rosa, para su primer largo | El Digital de Asturias","twitter:description":"Madrid, 23 may (EFE).- La novela &quot;La mano invisible&quot;, del escritor Isaac Rosa, ser\u00e1 llevada a la gran pantalla por el cortometrajista David Maci\u00e1n, que debuta de este modo en el largometraje. El rodaje, que comenzar\u00e1 el pr\u00f3ximo mes de julio, se financiar\u00e1 con el apoyo de la multiproducci\u00f3n de particulares, a trav\u00e9s de la","twitter:image":"https:\/\/eldigitaldeasturias.com\/magazine365\/wp-content\/uploads\/2014\/05\/6293201w.jpg"},"aioseo_meta_data":{"post_id":"13738","title":null,"description":null,"keywords":null,"keyphrases":null,"primary_term":null,"canonical_url":null,"og_title":null,"og_description":null,"og_object_type":"default","og_image_type":"default","og_image_url":null,"og_image_width":null,"og_image_height":null,"og_image_custom_url":null,"og_image_custom_fields":null,"og_video":null,"og_custom_url":null,"og_article_section":null,"og_article_tags":null,"twitter_use_og":false,"twitter_card":"default","twitter_image_type":"default","twitter_image_url":null,"twitter_image_custom_url":null,"twitter_image_custom_fields":null,"twitter_title":null,"twitter_description":null,"schema":{"blockGraphs":[],"customGraphs":[],"default":{"data":{"Article":[],"Course":[],"Dataset":[],"FAQPage":[],"Movie":[],"Person":[],"Product":[],"ProductReview":[],"Car":[],"Recipe":[],"Service":[],"SoftwareApplication":[],"WebPage":[]},"graphName":"","isEnabled":true},"graphs":[]},"schema_type":null,"schema_type_options":null,"pillar_content":false,"robots_default":true,"robots_noindex":false,"robots_noarchive":false,"robots_nosnippet":false,"robots_nofollow":false,"robots_noimageindex":false,"robots_noodp":false,"robots_notranslate":false,"robots_max_snippet":null,"robots_max_videopreview":null,"robots_max_imagepreview":"large","priority":null,"frequency":null,"location":null,"local_seo":null,"seo_analyzer_scan_date":"2025-09-17 08:51:06","breadcrumb_settings":null,"limit_modified_date":false,"open_ai":null,"ai":null,"created":"2021-03-09 08:24:43","updated":"2025-09-17 08:51:06"},"aioseo_breadcrumb":"<div class=\"aioseo-breadcrumbs\"><span class=\"aioseo-breadcrumb\">\n\t<a href=\"https:\/\/eldigitaldeasturias.com\/magazine365\" title=\"Home\">Home<\/a>\n<\/span><span class=\"aioseo-breadcrumb-separator\">\u2013<\/span><span class=\"aioseo-breadcrumb\">\n\t<a href=\"https:\/\/eldigitaldeasturias.com\/magazine365\/category\/noticias-actualidad\/\" title=\"Noticias y Actualidad\">Noticias y Actualidad<\/a>\n<\/span><span class=\"aioseo-breadcrumb-separator\">\u2013<\/span><span class=\"aioseo-breadcrumb\">\n\t<a href=\"https:\/\/eldigitaldeasturias.com\/magazine365\/david-macian-adapta-la-mano-invisible-de-isaac-rosa-para-su-primer-largo\/\" title=\"David Maci\u00e1n adapta \u00abLa mano invisible\u00bb, de Isaac Rosa, para su primer largo\">David Maci\u00e1n adapta \u00abLa mano invisible\u00bb, de Isaac Rosa, para su primer largo<\/a>\n<\/span><\/div>","aioseo_breadcrumb_json":[{"label":"Home","link":"https:\/\/eldigitaldeasturias.com\/magazine365"},{"label":"Noticias y Actualidad","link":"https:\/\/eldigitaldeasturias.com\/magazine365\/category\/noticias-actualidad\/"},{"label":"David Maci\u00e1n adapta \u00abLa mano invisible\u00bb, de Isaac Rosa, para su primer largo","link":"https:\/\/eldigitaldeasturias.com\/magazine365\/david-macian-adapta-la-mano-invisible-de-isaac-rosa-para-su-primer-largo\/"}],"_links":{"self":[{"href":"https:\/\/eldigitaldeasturias.com\/magazine365\/wp-json\/wp\/v2\/posts\/13738","targetHints":{"allow":["GET"]}}],"collection":[{"href":"https:\/\/eldigitaldeasturias.com\/magazine365\/wp-json\/wp\/v2\/posts"}],"about":[{"href":"https:\/\/eldigitaldeasturias.com\/magazine365\/wp-json\/wp\/v2\/types\/post"}],"author":[{"embeddable":true,"href":"https:\/\/eldigitaldeasturias.com\/magazine365\/wp-json\/wp\/v2\/users\/1"}],"replies":[{"embeddable":true,"href":"https:\/\/eldigitaldeasturias.com\/magazine365\/wp-json\/wp\/v2\/comments?post=13738"}],"version-history":[{"count":0,"href":"https:\/\/eldigitaldeasturias.com\/magazine365\/wp-json\/wp\/v2\/posts\/13738\/revisions"}],"wp:featuredmedia":[{"embeddable":true,"href":"https:\/\/eldigitaldeasturias.com\/magazine365\/wp-json\/wp\/v2\/media\/13739"}],"wp:attachment":[{"href":"https:\/\/eldigitaldeasturias.com\/magazine365\/wp-json\/wp\/v2\/media?parent=13738"}],"wp:term":[{"taxonomy":"category","embeddable":true,"href":"https:\/\/eldigitaldeasturias.com\/magazine365\/wp-json\/wp\/v2\/categories?post=13738"},{"taxonomy":"post_tag","embeddable":true,"href":"https:\/\/eldigitaldeasturias.com\/magazine365\/wp-json\/wp\/v2\/tags?post=13738"}],"curies":[{"name":"wp","href":"https:\/\/api.w.org\/{rel}","templated":true}]}}