{"id":13735,"date":"2014-05-23T18:10:40","date_gmt":"2014-05-23T20:10:40","guid":{"rendered":"http:\/\/eldigitaldeasturias.com\/magazine365\/?p=13735"},"modified":"2014-05-23T18:10:40","modified_gmt":"2014-05-23T20:10:40","slug":"la-gala-contra-el-sida-de-cannes-recauda-su-record-con-35-millones-de-dolares","status":"publish","type":"post","link":"https:\/\/eldigitaldeasturias.com\/magazine365\/la-gala-contra-el-sida-de-cannes-recauda-su-record-con-35-millones-de-dolares\/","title":{"rendered":"La gala contra el sida de Cannes recauda su r\u00e9cord con 35 millones de d\u00f3lares"},"content":{"rendered":"<p><img fetchpriority=\"high\" decoding=\"async\" class=\"alignleft size-medium wp-image-13736\" alt=\"6293138w\" src=\"https:\/\/eldigitaldeasturias.com\/magazine365\/wp-content\/uploads\/2014\/05\/6293138w-360x270.jpg\" width=\"360\" height=\"270\" srcset=\"https:\/\/eldigitaldeasturias.com\/magazine365\/wp-content\/uploads\/2014\/05\/6293138w-360x270.jpg 360w, https:\/\/eldigitaldeasturias.com\/magazine365\/wp-content\/uploads\/2014\/05\/6293138w-650x488.jpg 650w, https:\/\/eldigitaldeasturias.com\/magazine365\/wp-content\/uploads\/2014\/05\/6293138w-768x577.jpg 768w, https:\/\/eldigitaldeasturias.com\/magazine365\/wp-content\/uploads\/2014\/05\/6293138w-150x113.jpg 150w, https:\/\/eldigitaldeasturias.com\/magazine365\/wp-content\/uploads\/2014\/05\/6293138w-450x338.jpg 450w, https:\/\/eldigitaldeasturias.com\/magazine365\/wp-content\/uploads\/2014\/05\/6293138w-80x60.jpg 80w, https:\/\/eldigitaldeasturias.com\/magazine365\/wp-content\/uploads\/2014\/05\/6293138w-265x198.jpg 265w, https:\/\/eldigitaldeasturias.com\/magazine365\/wp-content\/uploads\/2014\/05\/6293138w-696x523.jpg 696w, https:\/\/eldigitaldeasturias.com\/magazine365\/wp-content\/uploads\/2014\/05\/6293138w-559x420.jpg 559w, https:\/\/eldigitaldeasturias.com\/magazine365\/wp-content\/uploads\/2014\/05\/6293138w-90x67.jpg 90w, https:\/\/eldigitaldeasturias.com\/magazine365\/wp-content\/uploads\/2014\/05\/6293138w-100x75.jpg 100w, https:\/\/eldigitaldeasturias.com\/magazine365\/wp-content\/uploads\/2014\/05\/6293138w.jpg 800w\" sizes=\"(max-width: 360px) 100vw, 360px\" \/>Cannes (Francia), 23 may (EFE).- La gala anual contra el sida de la asociaci\u00f3n Amfar, en la que estrellas del cine y la m\u00fasica se dan cita durante el Festival de Cannes, bati\u00f3 anoche su r\u00e9cord de recaudaci\u00f3n con 35 millones de d\u00f3lares (25 millones de euros).<\/p>\n<p>La pieza estrella fue el esqueleto de un mamut de tres metros de alto presentado en una \u00abcolosal\u00bb vitrina de acero, firmado por el artista brit\u00e1nico Damien Hirst y adjudicado por 15 millones de d\u00f3lares (unos 11 millones de euros).<\/p>\n<p>La venta de la obra, titulada \u00abGone but not Forgotten\u00bb se convirti\u00f3 en la pieza m\u00e1s cara jam\u00e1s vendida en esa gala, informaron sus organizadores en un comunicado.<\/p>\n<p>Otra de las piezas a subasta fue la \u00faltima plaza del vuelo al espacio de Virgin Galactic en el que participar\u00e1 Leonardo DiCaprio, billete que se adjudic\u00f3 por 1 mill\u00f3n de d\u00f3lares (unos 730.000 euros), agregaron los organizadores.<\/p>\n<p>La fiesta cont\u00f3 con Sharon Stone como presentadora, cont\u00f3 con las actuaciones de Robin Thicke, Lana Del Rey, Aloe Blacc y Andrea Bocelli y se organiz\u00f3 una subasta de moda en color rojo comisariada por la que fuera redactora jefe de \u00abVogue\u00bb en Par\u00eds, Carine Roitfeld.<\/p>\n<p>La exprimera dama francesa Carla Bruni-Sarkozy present\u00f3 en el escenario un collar Bulgari con forma de serpiente y forjado en oro blanco y diamantes que se adjudic\u00f3 por 550.000 d\u00f3lares (unos 400.000 euros) en una gala que naci\u00f3 por iniciativa de Elizabeth Taylor.<\/p>\n<p>El actor mexicano Gael Garcia Bernal, la ucraniana Milla Jovovich, las modelos Heidi Klum y Bar Refaeli, los actores John Travolta, Willem Dafoe, la cantante australiana Kylie Minogue, la actriz espa\u00f1ola Paz Vega y la artista del \u00abburlesque\u00bb Dita Von Teese, se contaron entre las caras conocidas que se acercaron a la gala.<\/p>\n<p>Tambi\u00e9n asistieron Kenneth Cole, el cantante canadiense Justin Bieber, el actor estadounidense Adrien Brody, las int\u00e9rpretes francesas Catherine Deneuve, Carole Bouquet y Marion Cotillard, las estadounidenses Jessica Chastain y Jane Fonda, la directora Sofia Coppola o la presidenta del jurado del festival Jane Campion, entre otros.<\/p>\n<p>Otro de los puntos \u00e1lgidos de la tradicional noche en la que ricos y famosos se congregan para recaudar fondos contra el sida fue la subasta de moda, en la que participaron dise\u00f1os de Alexander McQueen, Altuzarra, Calvin Klein, Chanel o Christian Dior presentados por modelos como Alessandra Ambrosio, Ana Beatriz Barros, Maria Carla Boscono, Katharina Damm o Saskia De Brauw.<\/p>\n","protected":false},"excerpt":{"rendered":"<p>Cannes (Francia), 23 may (EFE).- La gala anual contra el sida de la asociaci\u00f3n Amfar, en la que estrellas del cine y la m\u00fasica se dan cita durante el Festival de Cannes, bati\u00f3 anoche su r\u00e9cord de recaudaci\u00f3n con 35 millones de d\u00f3lares (25 millones de euros). La pieza estrella fue el esqueleto de un<\/p>\n","protected":false},"author":1,"featured_media":13736,"comment_status":"open","ping_status":"closed","sticky":false,"template":"","format":"standard","meta":{"footnotes":""},"categories":[224],"tags":[],"class_list":{"0":"post-13735","1":"post","2":"type-post","3":"status-publish","4":"format-standard","5":"has-post-thumbnail","7":"category-noticias-actualidad"},"aioseo_notices":[],"aioseo_head":"\n\t\t<!-- All in One SEO Pro 4.9.6.1 - aioseo.com -->\n\t<meta name=\"description\" content=\"Cannes (Francia), 23 may (EFE).- La gala anual contra el sida de la asociaci\u00f3n Amfar, en la que estrellas del cine y la m\u00fasica se dan cita durante el Festival de Cannes, bati\u00f3 anoche su r\u00e9cord de recaudaci\u00f3n con 35 millones de d\u00f3lares (25 millones de euros). La pieza estrella fue el esqueleto de un\" \/>\n\t<meta name=\"robots\" content=\"max-image-preview:large\" \/>\n\t<meta name=\"author\" content=\"admin\"\/>\n\t<meta name=\"google-site-verification\" content=\"UA-38556648-1\" \/>\n\t<meta name=\"keywords\" content=\"noticias y actualidad\" \/>\n\t<link rel=\"canonical\" href=\"https:\/\/eldigitaldeasturias.com\/magazine365\/la-gala-contra-el-sida-de-cannes-recauda-su-record-con-35-millones-de-dolares\/\" \/>\n\t<meta name=\"generator\" content=\"All in One SEO Pro (AIOSEO) 4.9.6.1\" \/>\n\t\t<meta property=\"og:locale\" content=\"es_ES\" \/>\n\t\t<meta property=\"og:site_name\" content=\"El Digital de Asturias \u2013 Revista de ocio, turismo y estilo de vida\" \/>\n\t\t<meta property=\"og:type\" content=\"article\" \/>\n\t\t<meta property=\"og:title\" content=\"La gala contra el sida de Cannes recauda su r\u00e9cord con 35 millones de d\u00f3lares | El Digital de Asturias\" \/>\n\t\t<meta property=\"og:description\" content=\"Cannes (Francia), 23 may (EFE).- La gala anual contra el sida de la asociaci\u00f3n Amfar, en la que estrellas del cine y la m\u00fasica se dan cita durante el Festival de Cannes, bati\u00f3 anoche su r\u00e9cord de recaudaci\u00f3n con 35 millones de d\u00f3lares (25 millones de euros). La pieza estrella fue el esqueleto de un\" \/>\n\t\t<meta property=\"og:url\" content=\"https:\/\/eldigitaldeasturias.com\/magazine365\/la-gala-contra-el-sida-de-cannes-recauda-su-record-con-35-millones-de-dolares\/\" \/>\n\t\t<meta property=\"og:image\" content=\"https:\/\/eldigitaldeasturias.com\/magazine365\/wp-content\/uploads\/2014\/05\/6293138w.jpg\" \/>\n\t\t<meta property=\"og:image:secure_url\" content=\"https:\/\/eldigitaldeasturias.com\/magazine365\/wp-content\/uploads\/2014\/05\/6293138w.jpg\" \/>\n\t\t<meta property=\"og:image:width\" content=\"800\" \/>\n\t\t<meta property=\"og:image:height\" content=\"601\" \/>\n\t\t<meta property=\"article:published_time\" content=\"2014-05-23T20:10:40+00:00\" \/>\n\t\t<meta property=\"article:modified_time\" content=\"2014-05-23T20:10:40+00:00\" \/>\n\t\t<meta name=\"twitter:card\" content=\"summary_large_image\" \/>\n\t\t<meta name=\"twitter:title\" content=\"La gala contra el sida de Cannes recauda su r\u00e9cord con 35 millones de d\u00f3lares | El Digital de Asturias\" \/>\n\t\t<meta name=\"twitter:description\" content=\"Cannes (Francia), 23 may (EFE).- La gala anual contra el sida de la asociaci\u00f3n Amfar, en la que estrellas del cine y la m\u00fasica se dan cita durante el Festival de Cannes, bati\u00f3 anoche su r\u00e9cord de recaudaci\u00f3n con 35 millones de d\u00f3lares (25 millones de euros). La pieza estrella fue el esqueleto de un\" \/>\n\t\t<meta name=\"twitter:image\" content=\"https:\/\/eldigitaldeasturias.com\/magazine365\/wp-content\/uploads\/2014\/05\/6293138w.jpg\" \/>\n\t\t<script type=\"application\/ld+json\" class=\"aioseo-schema\">\n\t\t\t{\"@context\":\"https:\\\/\\\/schema.org\",\"@graph\":[{\"@type\":\"Article\",\"@id\":\"https:\\\/\\\/eldigitaldeasturias.com\\\/magazine365\\\/la-gala-contra-el-sida-de-cannes-recauda-su-record-con-35-millones-de-dolares\\\/#article\",\"name\":\"La gala contra el sida de Cannes recauda su r\\u00e9cord con 35 millones de d\\u00f3lares | El Digital de Asturias\",\"headline\":\"La gala contra el sida de Cannes recauda su r\\u00e9cord con 35 millones de d\\u00f3lares\",\"author\":{\"@id\":\"https:\\\/\\\/eldigitaldeasturias.com\\\/magazine365\\\/author\\\/admin\\\/#author\"},\"publisher\":{\"@id\":\"https:\\\/\\\/eldigitaldeasturias.com\\\/magazine365\\\/#organization\"},\"image\":{\"@type\":\"ImageObject\",\"url\":\"https:\\\/\\\/eldigitaldeasturias.com\\\/magazine365\\\/wp-content\\\/uploads\\\/2014\\\/05\\\/6293138w.jpg\",\"width\":800,\"height\":601},\"datePublished\":\"2014-05-23T18:10:40+02:00\",\"dateModified\":\"2014-05-23T18:10:40+02:00\",\"inLanguage\":\"es-ES\",\"mainEntityOfPage\":{\"@id\":\"https:\\\/\\\/eldigitaldeasturias.com\\\/magazine365\\\/la-gala-contra-el-sida-de-cannes-recauda-su-record-con-35-millones-de-dolares\\\/#webpage\"},\"isPartOf\":{\"@id\":\"https:\\\/\\\/eldigitaldeasturias.com\\\/magazine365\\\/la-gala-contra-el-sida-de-cannes-recauda-su-record-con-35-millones-de-dolares\\\/#webpage\"},\"articleSection\":\"Noticias y Actualidad\"},{\"@type\":\"BreadcrumbList\",\"@id\":\"https:\\\/\\\/eldigitaldeasturias.com\\\/magazine365\\\/la-gala-contra-el-sida-de-cannes-recauda-su-record-con-35-millones-de-dolares\\\/#breadcrumblist\",\"itemListElement\":[{\"@type\":\"ListItem\",\"@id\":\"https:\\\/\\\/eldigitaldeasturias.com\\\/magazine365#listItem\",\"position\":1,\"name\":\"Home\",\"item\":\"https:\\\/\\\/eldigitaldeasturias.com\\\/magazine365\",\"nextItem\":{\"@type\":\"ListItem\",\"@id\":\"https:\\\/\\\/eldigitaldeasturias.com\\\/magazine365\\\/category\\\/noticias-actualidad\\\/#listItem\",\"name\":\"Noticias y Actualidad\"}},{\"@type\":\"ListItem\",\"@id\":\"https:\\\/\\\/eldigitaldeasturias.com\\\/magazine365\\\/category\\\/noticias-actualidad\\\/#listItem\",\"position\":2,\"name\":\"Noticias y Actualidad\",\"item\":\"https:\\\/\\\/eldigitaldeasturias.com\\\/magazine365\\\/category\\\/noticias-actualidad\\\/\",\"nextItem\":{\"@type\":\"ListItem\",\"@id\":\"https:\\\/\\\/eldigitaldeasturias.com\\\/magazine365\\\/la-gala-contra-el-sida-de-cannes-recauda-su-record-con-35-millones-de-dolares\\\/#listItem\",\"name\":\"La gala contra el sida de Cannes recauda su r\\u00e9cord con 35 millones de d\\u00f3lares\"},\"previousItem\":{\"@type\":\"ListItem\",\"@id\":\"https:\\\/\\\/eldigitaldeasturias.com\\\/magazine365#listItem\",\"name\":\"Home\"}},{\"@type\":\"ListItem\",\"@id\":\"https:\\\/\\\/eldigitaldeasturias.com\\\/magazine365\\\/la-gala-contra-el-sida-de-cannes-recauda-su-record-con-35-millones-de-dolares\\\/#listItem\",\"position\":3,\"name\":\"La gala contra el sida de Cannes recauda su r\\u00e9cord con 35 millones de d\\u00f3lares\",\"previousItem\":{\"@type\":\"ListItem\",\"@id\":\"https:\\\/\\\/eldigitaldeasturias.com\\\/magazine365\\\/category\\\/noticias-actualidad\\\/#listItem\",\"name\":\"Noticias y Actualidad\"}}]},{\"@type\":\"Organization\",\"@id\":\"https:\\\/\\\/eldigitaldeasturias.com\\\/magazine365\\\/#organization\",\"name\":\"El digital de Asturias\",\"description\":\"Revista de ocio, turismo y estilo de vida\",\"url\":\"https:\\\/\\\/eldigitaldeasturias.com\\\/magazine365\\\/\",\"logo\":{\"@type\":\"ImageObject\",\"url\":\"https:\\\/\\\/www.eldigitaldeasturias.com\\\/noticias\\\/wp-content\\\/uploads\\\/2020\\\/12\\\/EDA.jpg\",\"@id\":\"https:\\\/\\\/eldigitaldeasturias.com\\\/magazine365\\\/la-gala-contra-el-sida-de-cannes-recauda-su-record-con-35-millones-de-dolares\\\/#organizationLogo\"},\"image\":{\"@id\":\"https:\\\/\\\/eldigitaldeasturias.com\\\/magazine365\\\/la-gala-contra-el-sida-de-cannes-recauda-su-record-con-35-millones-de-dolares\\\/#organizationLogo\"}},{\"@type\":\"Person\",\"@id\":\"https:\\\/\\\/eldigitaldeasturias.com\\\/magazine365\\\/author\\\/admin\\\/#author\",\"url\":\"https:\\\/\\\/eldigitaldeasturias.com\\\/magazine365\\\/author\\\/admin\\\/\",\"name\":\"admin\",\"image\":{\"@type\":\"ImageObject\",\"@id\":\"https:\\\/\\\/eldigitaldeasturias.com\\\/magazine365\\\/la-gala-contra-el-sida-de-cannes-recauda-su-record-con-35-millones-de-dolares\\\/#authorImage\",\"url\":\"https:\\\/\\\/eldigitaldeasturias.com\\\/magazine365\\\/wp-content\\\/litespeed\\\/avatar\\\/e571bcf59a0edd6fa6838245a470f2fe.jpg?ver=1776969259\",\"width\":96,\"height\":96,\"caption\":\"admin\"}},{\"@type\":\"WebPage\",\"@id\":\"https:\\\/\\\/eldigitaldeasturias.com\\\/magazine365\\\/la-gala-contra-el-sida-de-cannes-recauda-su-record-con-35-millones-de-dolares\\\/#webpage\",\"url\":\"https:\\\/\\\/eldigitaldeasturias.com\\\/magazine365\\\/la-gala-contra-el-sida-de-cannes-recauda-su-record-con-35-millones-de-dolares\\\/\",\"name\":\"La gala contra el sida de Cannes recauda su r\\u00e9cord con 35 millones de d\\u00f3lares | El Digital de Asturias\",\"description\":\"Cannes (Francia), 23 may (EFE).- La gala anual contra el sida de la asociaci\\u00f3n Amfar, en la que estrellas del cine y la m\\u00fasica se dan cita durante el Festival de Cannes, bati\\u00f3 anoche su r\\u00e9cord de recaudaci\\u00f3n con 35 millones de d\\u00f3lares (25 millones de euros). La pieza estrella fue el esqueleto de un\",\"inLanguage\":\"es-ES\",\"isPartOf\":{\"@id\":\"https:\\\/\\\/eldigitaldeasturias.com\\\/magazine365\\\/#website\"},\"breadcrumb\":{\"@id\":\"https:\\\/\\\/eldigitaldeasturias.com\\\/magazine365\\\/la-gala-contra-el-sida-de-cannes-recauda-su-record-con-35-millones-de-dolares\\\/#breadcrumblist\"},\"author\":{\"@id\":\"https:\\\/\\\/eldigitaldeasturias.com\\\/magazine365\\\/author\\\/admin\\\/#author\"},\"creator\":{\"@id\":\"https:\\\/\\\/eldigitaldeasturias.com\\\/magazine365\\\/author\\\/admin\\\/#author\"},\"image\":{\"@type\":\"ImageObject\",\"url\":\"https:\\\/\\\/eldigitaldeasturias.com\\\/magazine365\\\/wp-content\\\/uploads\\\/2014\\\/05\\\/6293138w.jpg\",\"@id\":\"https:\\\/\\\/eldigitaldeasturias.com\\\/magazine365\\\/la-gala-contra-el-sida-de-cannes-recauda-su-record-con-35-millones-de-dolares\\\/#mainImage\",\"width\":800,\"height\":601},\"primaryImageOfPage\":{\"@id\":\"https:\\\/\\\/eldigitaldeasturias.com\\\/magazine365\\\/la-gala-contra-el-sida-de-cannes-recauda-su-record-con-35-millones-de-dolares\\\/#mainImage\"},\"datePublished\":\"2014-05-23T18:10:40+02:00\",\"dateModified\":\"2014-05-23T18:10:40+02:00\"},{\"@type\":\"WebSite\",\"@id\":\"https:\\\/\\\/eldigitaldeasturias.com\\\/magazine365\\\/#website\",\"url\":\"https:\\\/\\\/eldigitaldeasturias.com\\\/magazine365\\\/\",\"name\":\"El Digital de Asturias\",\"description\":\"Revista de ocio, turismo y estilo de vida\",\"inLanguage\":\"es-ES\",\"publisher\":{\"@id\":\"https:\\\/\\\/eldigitaldeasturias.com\\\/magazine365\\\/#organization\"}}]}\n\t\t<\/script>\n\t\t<!-- All in One SEO Pro -->\r\n\t\t<title>La gala contra el sida de Cannes recauda su r\u00e9cord con 35 millones de d\u00f3lares | El Digital de Asturias<\/title>\n\n","aioseo_head_json":{"title":"La gala contra el sida de Cannes recauda su r\u00e9cord con 35 millones de d\u00f3lares | El Digital de Asturias","description":"Cannes (Francia), 23 may (EFE).- La gala anual contra el sida de la asociaci\u00f3n Amfar, en la que estrellas del cine y la m\u00fasica se dan cita durante el Festival de Cannes, bati\u00f3 anoche su r\u00e9cord de recaudaci\u00f3n con 35 millones de d\u00f3lares (25 millones de euros). La pieza estrella fue el esqueleto de un","canonical_url":"https:\/\/eldigitaldeasturias.com\/magazine365\/la-gala-contra-el-sida-de-cannes-recauda-su-record-con-35-millones-de-dolares\/","robots":"max-image-preview:large","keywords":"noticias y actualidad","webmasterTools":{"google-site-verification":"UA-38556648-1","miscellaneous":""},"schema":{"@context":"https:\/\/schema.org","@graph":[{"@type":"Article","@id":"https:\/\/eldigitaldeasturias.com\/magazine365\/la-gala-contra-el-sida-de-cannes-recauda-su-record-con-35-millones-de-dolares\/#article","name":"La gala contra el sida de Cannes recauda su r\u00e9cord con 35 millones de d\u00f3lares | El Digital de Asturias","headline":"La gala contra el sida de Cannes recauda su r\u00e9cord con 35 millones de d\u00f3lares","author":{"@id":"https:\/\/eldigitaldeasturias.com\/magazine365\/author\/admin\/#author"},"publisher":{"@id":"https:\/\/eldigitaldeasturias.com\/magazine365\/#organization"},"image":{"@type":"ImageObject","url":"https:\/\/eldigitaldeasturias.com\/magazine365\/wp-content\/uploads\/2014\/05\/6293138w.jpg","width":800,"height":601},"datePublished":"2014-05-23T18:10:40+02:00","dateModified":"2014-05-23T18:10:40+02:00","inLanguage":"es-ES","mainEntityOfPage":{"@id":"https:\/\/eldigitaldeasturias.com\/magazine365\/la-gala-contra-el-sida-de-cannes-recauda-su-record-con-35-millones-de-dolares\/#webpage"},"isPartOf":{"@id":"https:\/\/eldigitaldeasturias.com\/magazine365\/la-gala-contra-el-sida-de-cannes-recauda-su-record-con-35-millones-de-dolares\/#webpage"},"articleSection":"Noticias y Actualidad"},{"@type":"BreadcrumbList","@id":"https:\/\/eldigitaldeasturias.com\/magazine365\/la-gala-contra-el-sida-de-cannes-recauda-su-record-con-35-millones-de-dolares\/#breadcrumblist","itemListElement":[{"@type":"ListItem","@id":"https:\/\/eldigitaldeasturias.com\/magazine365#listItem","position":1,"name":"Home","item":"https:\/\/eldigitaldeasturias.com\/magazine365","nextItem":{"@type":"ListItem","@id":"https:\/\/eldigitaldeasturias.com\/magazine365\/category\/noticias-actualidad\/#listItem","name":"Noticias y Actualidad"}},{"@type":"ListItem","@id":"https:\/\/eldigitaldeasturias.com\/magazine365\/category\/noticias-actualidad\/#listItem","position":2,"name":"Noticias y Actualidad","item":"https:\/\/eldigitaldeasturias.com\/magazine365\/category\/noticias-actualidad\/","nextItem":{"@type":"ListItem","@id":"https:\/\/eldigitaldeasturias.com\/magazine365\/la-gala-contra-el-sida-de-cannes-recauda-su-record-con-35-millones-de-dolares\/#listItem","name":"La gala contra el sida de Cannes recauda su r\u00e9cord con 35 millones de d\u00f3lares"},"previousItem":{"@type":"ListItem","@id":"https:\/\/eldigitaldeasturias.com\/magazine365#listItem","name":"Home"}},{"@type":"ListItem","@id":"https:\/\/eldigitaldeasturias.com\/magazine365\/la-gala-contra-el-sida-de-cannes-recauda-su-record-con-35-millones-de-dolares\/#listItem","position":3,"name":"La gala contra el sida de Cannes recauda su r\u00e9cord con 35 millones de d\u00f3lares","previousItem":{"@type":"ListItem","@id":"https:\/\/eldigitaldeasturias.com\/magazine365\/category\/noticias-actualidad\/#listItem","name":"Noticias y Actualidad"}}]},{"@type":"Organization","@id":"https:\/\/eldigitaldeasturias.com\/magazine365\/#organization","name":"El digital de Asturias","description":"Revista de ocio, turismo y estilo de vida","url":"https:\/\/eldigitaldeasturias.com\/magazine365\/","logo":{"@type":"ImageObject","url":"https:\/\/www.eldigitaldeasturias.com\/noticias\/wp-content\/uploads\/2020\/12\/EDA.jpg","@id":"https:\/\/eldigitaldeasturias.com\/magazine365\/la-gala-contra-el-sida-de-cannes-recauda-su-record-con-35-millones-de-dolares\/#organizationLogo"},"image":{"@id":"https:\/\/eldigitaldeasturias.com\/magazine365\/la-gala-contra-el-sida-de-cannes-recauda-su-record-con-35-millones-de-dolares\/#organizationLogo"}},{"@type":"Person","@id":"https:\/\/eldigitaldeasturias.com\/magazine365\/author\/admin\/#author","url":"https:\/\/eldigitaldeasturias.com\/magazine365\/author\/admin\/","name":"admin","image":{"@type":"ImageObject","@id":"https:\/\/eldigitaldeasturias.com\/magazine365\/la-gala-contra-el-sida-de-cannes-recauda-su-record-con-35-millones-de-dolares\/#authorImage","url":"https:\/\/eldigitaldeasturias.com\/magazine365\/wp-content\/litespeed\/avatar\/e571bcf59a0edd6fa6838245a470f2fe.jpg?ver=1776969259","width":96,"height":96,"caption":"admin"}},{"@type":"WebPage","@id":"https:\/\/eldigitaldeasturias.com\/magazine365\/la-gala-contra-el-sida-de-cannes-recauda-su-record-con-35-millones-de-dolares\/#webpage","url":"https:\/\/eldigitaldeasturias.com\/magazine365\/la-gala-contra-el-sida-de-cannes-recauda-su-record-con-35-millones-de-dolares\/","name":"La gala contra el sida de Cannes recauda su r\u00e9cord con 35 millones de d\u00f3lares | El Digital de Asturias","description":"Cannes (Francia), 23 may (EFE).- La gala anual contra el sida de la asociaci\u00f3n Amfar, en la que estrellas del cine y la m\u00fasica se dan cita durante el Festival de Cannes, bati\u00f3 anoche su r\u00e9cord de recaudaci\u00f3n con 35 millones de d\u00f3lares (25 millones de euros). La pieza estrella fue el esqueleto de un","inLanguage":"es-ES","isPartOf":{"@id":"https:\/\/eldigitaldeasturias.com\/magazine365\/#website"},"breadcrumb":{"@id":"https:\/\/eldigitaldeasturias.com\/magazine365\/la-gala-contra-el-sida-de-cannes-recauda-su-record-con-35-millones-de-dolares\/#breadcrumblist"},"author":{"@id":"https:\/\/eldigitaldeasturias.com\/magazine365\/author\/admin\/#author"},"creator":{"@id":"https:\/\/eldigitaldeasturias.com\/magazine365\/author\/admin\/#author"},"image":{"@type":"ImageObject","url":"https:\/\/eldigitaldeasturias.com\/magazine365\/wp-content\/uploads\/2014\/05\/6293138w.jpg","@id":"https:\/\/eldigitaldeasturias.com\/magazine365\/la-gala-contra-el-sida-de-cannes-recauda-su-record-con-35-millones-de-dolares\/#mainImage","width":800,"height":601},"primaryImageOfPage":{"@id":"https:\/\/eldigitaldeasturias.com\/magazine365\/la-gala-contra-el-sida-de-cannes-recauda-su-record-con-35-millones-de-dolares\/#mainImage"},"datePublished":"2014-05-23T18:10:40+02:00","dateModified":"2014-05-23T18:10:40+02:00"},{"@type":"WebSite","@id":"https:\/\/eldigitaldeasturias.com\/magazine365\/#website","url":"https:\/\/eldigitaldeasturias.com\/magazine365\/","name":"El Digital de Asturias","description":"Revista de ocio, turismo y estilo de vida","inLanguage":"es-ES","publisher":{"@id":"https:\/\/eldigitaldeasturias.com\/magazine365\/#organization"}}]},"og:locale":"es_ES","og:site_name":"El Digital de Asturias \u2013 Revista de ocio, turismo y estilo de vida","og:type":"article","og:title":"La gala contra el sida de Cannes recauda su r\u00e9cord con 35 millones de d\u00f3lares | El Digital de Asturias","og:description":"Cannes (Francia), 23 may (EFE).- La gala anual contra el sida de la asociaci\u00f3n Amfar, en la que estrellas del cine y la m\u00fasica se dan cita durante el Festival de Cannes, bati\u00f3 anoche su r\u00e9cord de recaudaci\u00f3n con 35 millones de d\u00f3lares (25 millones de euros). La pieza estrella fue el esqueleto de un","og:url":"https:\/\/eldigitaldeasturias.com\/magazine365\/la-gala-contra-el-sida-de-cannes-recauda-su-record-con-35-millones-de-dolares\/","og:image":"https:\/\/eldigitaldeasturias.com\/magazine365\/wp-content\/uploads\/2014\/05\/6293138w.jpg","og:image:secure_url":"https:\/\/eldigitaldeasturias.com\/magazine365\/wp-content\/uploads\/2014\/05\/6293138w.jpg","og:image:width":800,"og:image:height":601,"article:published_time":"2014-05-23T20:10:40+00:00","article:modified_time":"2014-05-23T20:10:40+00:00","twitter:card":"summary_large_image","twitter:title":"La gala contra el sida de Cannes recauda su r\u00e9cord con 35 millones de d\u00f3lares | El Digital de Asturias","twitter:description":"Cannes (Francia), 23 may (EFE).- La gala anual contra el sida de la asociaci\u00f3n Amfar, en la que estrellas del cine y la m\u00fasica se dan cita durante el Festival de Cannes, bati\u00f3 anoche su r\u00e9cord de recaudaci\u00f3n con 35 millones de d\u00f3lares (25 millones de euros). La pieza estrella fue el esqueleto de un","twitter:image":"https:\/\/eldigitaldeasturias.com\/magazine365\/wp-content\/uploads\/2014\/05\/6293138w.jpg"},"aioseo_meta_data":{"post_id":"13735","title":null,"description":null,"keywords":null,"keyphrases":null,"primary_term":null,"canonical_url":null,"og_title":null,"og_description":null,"og_object_type":"default","og_image_type":"default","og_image_url":null,"og_image_width":null,"og_image_height":null,"og_image_custom_url":null,"og_image_custom_fields":null,"og_video":null,"og_custom_url":null,"og_article_section":null,"og_article_tags":null,"twitter_use_og":false,"twitter_card":"default","twitter_image_type":"default","twitter_image_url":null,"twitter_image_custom_url":null,"twitter_image_custom_fields":null,"twitter_title":null,"twitter_description":null,"schema":{"blockGraphs":[],"customGraphs":[],"default":{"data":{"Article":[],"Course":[],"Dataset":[],"FAQPage":[],"Movie":[],"Person":[],"Product":[],"ProductReview":[],"Car":[],"Recipe":[],"Service":[],"SoftwareApplication":[],"WebPage":[]},"graphName":"","isEnabled":true},"graphs":[],"defaultGraph":"","defaultPostTypeGraph":""},"schema_type":null,"schema_type_options":null,"pillar_content":false,"robots_default":true,"robots_noindex":false,"robots_noarchive":false,"robots_nosnippet":false,"robots_nofollow":false,"robots_noimageindex":false,"robots_noodp":false,"robots_notranslate":false,"robots_max_snippet":null,"robots_max_videopreview":null,"robots_max_imagepreview":"large","priority":null,"frequency":null,"location":null,"local_seo":null,"seo_analyzer_scan_date":"2025-09-17 08:51:05","breadcrumb_settings":null,"limit_modified_date":false,"open_ai":null,"ai":null,"created":"2021-03-09 08:24:43","updated":"2025-09-17 08:51:05"},"aioseo_breadcrumb":"<div class=\"aioseo-breadcrumbs\"><span class=\"aioseo-breadcrumb\">\n\t<a href=\"https:\/\/eldigitaldeasturias.com\/magazine365\" title=\"Home\">Home<\/a>\n<\/span><span class=\"aioseo-breadcrumb-separator\">\u2013<\/span><span class=\"aioseo-breadcrumb\">\n\t<a href=\"https:\/\/eldigitaldeasturias.com\/magazine365\/category\/noticias-actualidad\/\" title=\"Noticias y Actualidad\">Noticias y Actualidad<\/a>\n<\/span><span class=\"aioseo-breadcrumb-separator\">\u2013<\/span><span class=\"aioseo-breadcrumb\">\n\t<a href=\"https:\/\/eldigitaldeasturias.com\/magazine365\/la-gala-contra-el-sida-de-cannes-recauda-su-record-con-35-millones-de-dolares\/\" title=\"La gala contra el sida de Cannes recauda su r\u00e9cord con 35 millones de d\u00f3lares\">La gala contra el sida de Cannes recauda su r\u00e9cord con 35 millones de d\u00f3lares<\/a>\n<\/span><\/div>","aioseo_breadcrumb_json":[{"label":"Home","link":"https:\/\/eldigitaldeasturias.com\/magazine365"},{"label":"Noticias y Actualidad","link":"https:\/\/eldigitaldeasturias.com\/magazine365\/category\/noticias-actualidad\/"},{"label":"La gala contra el sida de Cannes recauda su r\u00e9cord con 35 millones de d\u00f3lares","link":"https:\/\/eldigitaldeasturias.com\/magazine365\/la-gala-contra-el-sida-de-cannes-recauda-su-record-con-35-millones-de-dolares\/"}],"_links":{"self":[{"href":"https:\/\/eldigitaldeasturias.com\/magazine365\/wp-json\/wp\/v2\/posts\/13735","targetHints":{"allow":["GET"]}}],"collection":[{"href":"https:\/\/eldigitaldeasturias.com\/magazine365\/wp-json\/wp\/v2\/posts"}],"about":[{"href":"https:\/\/eldigitaldeasturias.com\/magazine365\/wp-json\/wp\/v2\/types\/post"}],"author":[{"embeddable":true,"href":"https:\/\/eldigitaldeasturias.com\/magazine365\/wp-json\/wp\/v2\/users\/1"}],"replies":[{"embeddable":true,"href":"https:\/\/eldigitaldeasturias.com\/magazine365\/wp-json\/wp\/v2\/comments?post=13735"}],"version-history":[{"count":0,"href":"https:\/\/eldigitaldeasturias.com\/magazine365\/wp-json\/wp\/v2\/posts\/13735\/revisions"}],"wp:featuredmedia":[{"embeddable":true,"href":"https:\/\/eldigitaldeasturias.com\/magazine365\/wp-json\/wp\/v2\/media\/13736"}],"wp:attachment":[{"href":"https:\/\/eldigitaldeasturias.com\/magazine365\/wp-json\/wp\/v2\/media?parent=13735"}],"wp:term":[{"taxonomy":"category","embeddable":true,"href":"https:\/\/eldigitaldeasturias.com\/magazine365\/wp-json\/wp\/v2\/categories?post=13735"},{"taxonomy":"post_tag","embeddable":true,"href":"https:\/\/eldigitaldeasturias.com\/magazine365\/wp-json\/wp\/v2\/tags?post=13735"}],"curies":[{"name":"wp","href":"https:\/\/api.w.org\/{rel}","templated":true}]}}