{"id":13732,"date":"2014-05-23T18:09:11","date_gmt":"2014-05-23T20:09:11","guid":{"rendered":"http:\/\/eldigitaldeasturias.com\/magazine365\/?p=13732"},"modified":"2014-05-23T18:09:11","modified_gmt":"2014-05-23T20:09:11","slug":"kim-kardashian-y-kanye-west-apuran-en-paris-las-horas-previas-a-su-boda","status":"publish","type":"post","link":"https:\/\/eldigitaldeasturias.com\/magazine365\/kim-kardashian-y-kanye-west-apuran-en-paris-las-horas-previas-a-su-boda\/","title":{"rendered":"Kim Kardashian y Kanye West apuran en Par\u00eds las horas previas a su boda"},"content":{"rendered":"<p><img fetchpriority=\"high\" decoding=\"async\" class=\"alignleft size-medium wp-image-13733\" alt=\"6293133w\" src=\"https:\/\/eldigitaldeasturias.com\/magazine365\/wp-content\/uploads\/2014\/05\/6293133w-360x240.jpg\" width=\"360\" height=\"240\" srcset=\"https:\/\/eldigitaldeasturias.com\/magazine365\/wp-content\/uploads\/2014\/05\/6293133w-360x240.jpg 360w, https:\/\/eldigitaldeasturias.com\/magazine365\/wp-content\/uploads\/2014\/05\/6293133w-650x434.jpg 650w, https:\/\/eldigitaldeasturias.com\/magazine365\/wp-content\/uploads\/2014\/05\/6293133w-768x513.jpg 768w, https:\/\/eldigitaldeasturias.com\/magazine365\/wp-content\/uploads\/2014\/05\/6293133w-150x100.jpg 150w, https:\/\/eldigitaldeasturias.com\/magazine365\/wp-content\/uploads\/2014\/05\/6293133w-450x300.jpg 450w, https:\/\/eldigitaldeasturias.com\/magazine365\/wp-content\/uploads\/2014\/05\/6293133w-696x465.jpg 696w, https:\/\/eldigitaldeasturias.com\/magazine365\/wp-content\/uploads\/2014\/05\/6293133w-629x420.jpg 629w, https:\/\/eldigitaldeasturias.com\/magazine365\/wp-content\/uploads\/2014\/05\/6293133w-84x55.jpg 84w, https:\/\/eldigitaldeasturias.com\/magazine365\/wp-content\/uploads\/2014\/05\/6293133w.jpg 800w\" sizes=\"(max-width: 360px) 100vw, 360px\" \/>Par\u00eds, 23 may (EFE).- La pareja formada por la estrella televisiva estadounidense Kim Kardashian y por el rapero Kanye West apura esta semana en Par\u00eds las horas previas a su boda, que los muchos rumores que han rodeado al enlace sit\u00faan para ma\u00f1ana en Florencia (Italia).<\/p>\n<p>Los novios deseaban celebrar sus nupcias en el Palacio de Versalles, pero ante la negativa de su presidenta, Catherine P\u00e9gard, a las demandas de la pareja, esta solo realizar\u00e1 hoy una visita privada, inform\u00f3 la cadena de televisi\u00f3n francesa TF1 en su web.<\/p>\n<p>Adem\u00e1s del antiguo palacio de la realeza francesa, seg\u00fan a\u00f1adi\u00f3 la cadena de televisi\u00f3n estadounidense NBC, los prometidos y algunos de los invitados tienen previsto visitar tambi\u00e9n el castillo de Wideville, a 40 kil\u00f3metros al oeste de Par\u00eds.<\/p>\n<p>Antes, West y Kardashian, que protagoniza junto al resto de su familia un \u00abreality show\u00bb, tienen en su agenda un almuerzo para alrededor de 50 personas en el castillo de Videville, en la localidad de Crespi\u00e8res y propiedad del dise\u00f1ador italiano Valentino.<\/p>\n<p>La pareja, que se casar\u00e1 ma\u00f1ana en Italia, lleva una semana de celebraciones previas en la capital gala, como se puede ver en la cuenta de Twitter de Kardashian, donde ha publicado fotos de sus visitas tur\u00edsticas y de sus salidas nocturnas.<\/p>\n<p>La diva ha compartido con sus seguidores im\u00e1genes de sus visitas a la torre Eiffel y a tiendas de lujo, as\u00ed como cenas con sus amigas y sus hermanas, dejando constancia de sus \u00faltimos momentos como soltera.<\/p>\n<p>Este matrimonio ser\u00e1 el tercero para Kardashian, de 33 a\u00f1os, despu\u00e9s de los que contrajo con el productor musical Damon Thomas y con el jugador de baloncesto Kris Humphries.<\/p>\n<p>Seg\u00fan la revista estadounidense Life &amp; Style Weekly, la pareja ya se cas\u00f3 de manera civil en California (EE.UU.) a principios de mayo y ma\u00f1ana ser\u00e1 la segunda vez que se de el s\u00ed quiero, esta vez en sociedad.<\/p>\n<p>Para la ceremonia, las estrellas han elegido la fortaleza de Forte Belvedere en Florencia, construida por los Medicis en el siglo XVI, y a la que acudir\u00e1n 1.600 invitados, seg\u00fan la revista francesa Telestar, mientras que otros medios especializados en el coraz\u00f3n reducen esa cantidad a 200.<\/p>\n<p>Los asistentes tendr\u00e1n prohibido entrar con sus tel\u00e9fonos m\u00f3viles, que les ser\u00e1n requisados a la entrada para evitar que se filtren fotos que estropeen la exclusiva que la pareja ha vendido por cifras que la prensa rosa estima en 21 millones de euros (28,7 millones de d\u00f3lares).<\/p>\n","protected":false},"excerpt":{"rendered":"<p>Par\u00eds, 23 may (EFE).- La pareja formada por la estrella televisiva estadounidense Kim Kardashian y por el rapero Kanye West apura esta semana en Par\u00eds las horas previas a su boda, que los muchos rumores que han rodeado al enlace sit\u00faan para ma\u00f1ana en Florencia (Italia). Los novios deseaban celebrar sus nupcias en el Palacio<\/p>\n","protected":false},"author":1,"featured_media":13733,"comment_status":"open","ping_status":"closed","sticky":false,"template":"","format":"standard","meta":{"footnotes":""},"categories":[224],"tags":[],"class_list":{"0":"post-13732","1":"post","2":"type-post","3":"status-publish","4":"format-standard","5":"has-post-thumbnail","7":"category-noticias-actualidad"},"aioseo_notices":[],"aioseo_head":"\n\t\t<!-- All in One SEO Pro 4.9.6.1 - aioseo.com -->\n\t<meta name=\"description\" content=\"Par\u00eds, 23 may (EFE).- La pareja formada por la estrella televisiva estadounidense Kim Kardashian y por el rapero Kanye West apura esta semana en Par\u00eds las horas previas a su boda, que los muchos rumores que han rodeado al enlace sit\u00faan para ma\u00f1ana en Florencia (Italia). Los novios deseaban celebrar sus nupcias en el Palacio\" \/>\n\t<meta name=\"robots\" content=\"max-image-preview:large\" \/>\n\t<meta name=\"author\" content=\"admin\"\/>\n\t<meta name=\"google-site-verification\" content=\"UA-38556648-1\" \/>\n\t<meta name=\"keywords\" content=\"noticias y actualidad\" \/>\n\t<link rel=\"canonical\" href=\"https:\/\/eldigitaldeasturias.com\/magazine365\/kim-kardashian-y-kanye-west-apuran-en-paris-las-horas-previas-a-su-boda\/\" \/>\n\t<meta name=\"generator\" content=\"All in One SEO Pro (AIOSEO) 4.9.6.1\" \/>\n\t\t<meta property=\"og:locale\" content=\"es_ES\" \/>\n\t\t<meta property=\"og:site_name\" content=\"El Digital de Asturias \u2013 Revista de ocio, turismo y estilo de vida\" \/>\n\t\t<meta property=\"og:type\" content=\"article\" \/>\n\t\t<meta property=\"og:title\" content=\"Kim Kardashian y Kanye West apuran en Par\u00eds las horas previas a su boda | El Digital de Asturias\" \/>\n\t\t<meta property=\"og:description\" content=\"Par\u00eds, 23 may (EFE).- La pareja formada por la estrella televisiva estadounidense Kim Kardashian y por el rapero Kanye West apura esta semana en Par\u00eds las horas previas a su boda, que los muchos rumores que han rodeado al enlace sit\u00faan para ma\u00f1ana en Florencia (Italia). Los novios deseaban celebrar sus nupcias en el Palacio\" \/>\n\t\t<meta property=\"og:url\" content=\"https:\/\/eldigitaldeasturias.com\/magazine365\/kim-kardashian-y-kanye-west-apuran-en-paris-las-horas-previas-a-su-boda\/\" \/>\n\t\t<meta property=\"og:image\" content=\"https:\/\/eldigitaldeasturias.com\/magazine365\/wp-content\/uploads\/2014\/05\/6293133w.jpg\" \/>\n\t\t<meta property=\"og:image:secure_url\" content=\"https:\/\/eldigitaldeasturias.com\/magazine365\/wp-content\/uploads\/2014\/05\/6293133w.jpg\" \/>\n\t\t<meta property=\"og:image:width\" content=\"800\" \/>\n\t\t<meta property=\"og:image:height\" content=\"534\" \/>\n\t\t<meta property=\"article:published_time\" content=\"2014-05-23T20:09:11+00:00\" \/>\n\t\t<meta property=\"article:modified_time\" content=\"2014-05-23T20:09:11+00:00\" \/>\n\t\t<meta name=\"twitter:card\" content=\"summary_large_image\" \/>\n\t\t<meta name=\"twitter:title\" content=\"Kim Kardashian y Kanye West apuran en Par\u00eds las horas previas a su boda | El Digital de Asturias\" \/>\n\t\t<meta name=\"twitter:description\" content=\"Par\u00eds, 23 may (EFE).- La pareja formada por la estrella televisiva estadounidense Kim Kardashian y por el rapero Kanye West apura esta semana en Par\u00eds las horas previas a su boda, que los muchos rumores que han rodeado al enlace sit\u00faan para ma\u00f1ana en Florencia (Italia). Los novios deseaban celebrar sus nupcias en el Palacio\" \/>\n\t\t<meta name=\"twitter:image\" content=\"https:\/\/eldigitaldeasturias.com\/magazine365\/wp-content\/uploads\/2014\/05\/6293133w.jpg\" \/>\n\t\t<script type=\"application\/ld+json\" class=\"aioseo-schema\">\n\t\t\t{\"@context\":\"https:\\\/\\\/schema.org\",\"@graph\":[{\"@type\":\"Article\",\"@id\":\"https:\\\/\\\/eldigitaldeasturias.com\\\/magazine365\\\/kim-kardashian-y-kanye-west-apuran-en-paris-las-horas-previas-a-su-boda\\\/#article\",\"name\":\"Kim Kardashian y Kanye West apuran en Par\\u00eds las horas previas a su boda | El Digital de Asturias\",\"headline\":\"Kim Kardashian y Kanye West apuran en Par\\u00eds las horas previas a su boda\",\"author\":{\"@id\":\"https:\\\/\\\/eldigitaldeasturias.com\\\/magazine365\\\/author\\\/admin\\\/#author\"},\"publisher\":{\"@id\":\"https:\\\/\\\/eldigitaldeasturias.com\\\/magazine365\\\/#organization\"},\"image\":{\"@type\":\"ImageObject\",\"url\":\"https:\\\/\\\/eldigitaldeasturias.com\\\/magazine365\\\/wp-content\\\/uploads\\\/2014\\\/05\\\/6293133w.jpg\",\"width\":800,\"height\":534},\"datePublished\":\"2014-05-23T18:09:11+02:00\",\"dateModified\":\"2014-05-23T18:09:11+02:00\",\"inLanguage\":\"es-ES\",\"mainEntityOfPage\":{\"@id\":\"https:\\\/\\\/eldigitaldeasturias.com\\\/magazine365\\\/kim-kardashian-y-kanye-west-apuran-en-paris-las-horas-previas-a-su-boda\\\/#webpage\"},\"isPartOf\":{\"@id\":\"https:\\\/\\\/eldigitaldeasturias.com\\\/magazine365\\\/kim-kardashian-y-kanye-west-apuran-en-paris-las-horas-previas-a-su-boda\\\/#webpage\"},\"articleSection\":\"Noticias y Actualidad\"},{\"@type\":\"BreadcrumbList\",\"@id\":\"https:\\\/\\\/eldigitaldeasturias.com\\\/magazine365\\\/kim-kardashian-y-kanye-west-apuran-en-paris-las-horas-previas-a-su-boda\\\/#breadcrumblist\",\"itemListElement\":[{\"@type\":\"ListItem\",\"@id\":\"https:\\\/\\\/eldigitaldeasturias.com\\\/magazine365#listItem\",\"position\":1,\"name\":\"Home\",\"item\":\"https:\\\/\\\/eldigitaldeasturias.com\\\/magazine365\",\"nextItem\":{\"@type\":\"ListItem\",\"@id\":\"https:\\\/\\\/eldigitaldeasturias.com\\\/magazine365\\\/category\\\/noticias-actualidad\\\/#listItem\",\"name\":\"Noticias y Actualidad\"}},{\"@type\":\"ListItem\",\"@id\":\"https:\\\/\\\/eldigitaldeasturias.com\\\/magazine365\\\/category\\\/noticias-actualidad\\\/#listItem\",\"position\":2,\"name\":\"Noticias y Actualidad\",\"item\":\"https:\\\/\\\/eldigitaldeasturias.com\\\/magazine365\\\/category\\\/noticias-actualidad\\\/\",\"nextItem\":{\"@type\":\"ListItem\",\"@id\":\"https:\\\/\\\/eldigitaldeasturias.com\\\/magazine365\\\/kim-kardashian-y-kanye-west-apuran-en-paris-las-horas-previas-a-su-boda\\\/#listItem\",\"name\":\"Kim Kardashian y Kanye West apuran en Par\\u00eds las horas previas a su boda\"},\"previousItem\":{\"@type\":\"ListItem\",\"@id\":\"https:\\\/\\\/eldigitaldeasturias.com\\\/magazine365#listItem\",\"name\":\"Home\"}},{\"@type\":\"ListItem\",\"@id\":\"https:\\\/\\\/eldigitaldeasturias.com\\\/magazine365\\\/kim-kardashian-y-kanye-west-apuran-en-paris-las-horas-previas-a-su-boda\\\/#listItem\",\"position\":3,\"name\":\"Kim Kardashian y Kanye West apuran en Par\\u00eds las horas previas a su boda\",\"previousItem\":{\"@type\":\"ListItem\",\"@id\":\"https:\\\/\\\/eldigitaldeasturias.com\\\/magazine365\\\/category\\\/noticias-actualidad\\\/#listItem\",\"name\":\"Noticias y Actualidad\"}}]},{\"@type\":\"Organization\",\"@id\":\"https:\\\/\\\/eldigitaldeasturias.com\\\/magazine365\\\/#organization\",\"name\":\"El digital de Asturias\",\"description\":\"Revista de ocio, turismo y estilo de vida\",\"url\":\"https:\\\/\\\/eldigitaldeasturias.com\\\/magazine365\\\/\",\"logo\":{\"@type\":\"ImageObject\",\"url\":\"https:\\\/\\\/www.eldigitaldeasturias.com\\\/noticias\\\/wp-content\\\/uploads\\\/2020\\\/12\\\/EDA.jpg\",\"@id\":\"https:\\\/\\\/eldigitaldeasturias.com\\\/magazine365\\\/kim-kardashian-y-kanye-west-apuran-en-paris-las-horas-previas-a-su-boda\\\/#organizationLogo\"},\"image\":{\"@id\":\"https:\\\/\\\/eldigitaldeasturias.com\\\/magazine365\\\/kim-kardashian-y-kanye-west-apuran-en-paris-las-horas-previas-a-su-boda\\\/#organizationLogo\"}},{\"@type\":\"Person\",\"@id\":\"https:\\\/\\\/eldigitaldeasturias.com\\\/magazine365\\\/author\\\/admin\\\/#author\",\"url\":\"https:\\\/\\\/eldigitaldeasturias.com\\\/magazine365\\\/author\\\/admin\\\/\",\"name\":\"admin\",\"image\":{\"@type\":\"ImageObject\",\"@id\":\"https:\\\/\\\/eldigitaldeasturias.com\\\/magazine365\\\/kim-kardashian-y-kanye-west-apuran-en-paris-las-horas-previas-a-su-boda\\\/#authorImage\",\"url\":\"https:\\\/\\\/eldigitaldeasturias.com\\\/magazine365\\\/wp-content\\\/litespeed\\\/avatar\\\/e571bcf59a0edd6fa6838245a470f2fe.jpg?ver=1776969259\",\"width\":96,\"height\":96,\"caption\":\"admin\"}},{\"@type\":\"WebPage\",\"@id\":\"https:\\\/\\\/eldigitaldeasturias.com\\\/magazine365\\\/kim-kardashian-y-kanye-west-apuran-en-paris-las-horas-previas-a-su-boda\\\/#webpage\",\"url\":\"https:\\\/\\\/eldigitaldeasturias.com\\\/magazine365\\\/kim-kardashian-y-kanye-west-apuran-en-paris-las-horas-previas-a-su-boda\\\/\",\"name\":\"Kim Kardashian y Kanye West apuran en Par\\u00eds las horas previas a su boda | El Digital de Asturias\",\"description\":\"Par\\u00eds, 23 may (EFE).- La pareja formada por la estrella televisiva estadounidense Kim Kardashian y por el rapero Kanye West apura esta semana en Par\\u00eds las horas previas a su boda, que los muchos rumores que han rodeado al enlace sit\\u00faan para ma\\u00f1ana en Florencia (Italia). Los novios deseaban celebrar sus nupcias en el Palacio\",\"inLanguage\":\"es-ES\",\"isPartOf\":{\"@id\":\"https:\\\/\\\/eldigitaldeasturias.com\\\/magazine365\\\/#website\"},\"breadcrumb\":{\"@id\":\"https:\\\/\\\/eldigitaldeasturias.com\\\/magazine365\\\/kim-kardashian-y-kanye-west-apuran-en-paris-las-horas-previas-a-su-boda\\\/#breadcrumblist\"},\"author\":{\"@id\":\"https:\\\/\\\/eldigitaldeasturias.com\\\/magazine365\\\/author\\\/admin\\\/#author\"},\"creator\":{\"@id\":\"https:\\\/\\\/eldigitaldeasturias.com\\\/magazine365\\\/author\\\/admin\\\/#author\"},\"image\":{\"@type\":\"ImageObject\",\"url\":\"https:\\\/\\\/eldigitaldeasturias.com\\\/magazine365\\\/wp-content\\\/uploads\\\/2014\\\/05\\\/6293133w.jpg\",\"@id\":\"https:\\\/\\\/eldigitaldeasturias.com\\\/magazine365\\\/kim-kardashian-y-kanye-west-apuran-en-paris-las-horas-previas-a-su-boda\\\/#mainImage\",\"width\":800,\"height\":534},\"primaryImageOfPage\":{\"@id\":\"https:\\\/\\\/eldigitaldeasturias.com\\\/magazine365\\\/kim-kardashian-y-kanye-west-apuran-en-paris-las-horas-previas-a-su-boda\\\/#mainImage\"},\"datePublished\":\"2014-05-23T18:09:11+02:00\",\"dateModified\":\"2014-05-23T18:09:11+02:00\"},{\"@type\":\"WebSite\",\"@id\":\"https:\\\/\\\/eldigitaldeasturias.com\\\/magazine365\\\/#website\",\"url\":\"https:\\\/\\\/eldigitaldeasturias.com\\\/magazine365\\\/\",\"name\":\"El Digital de Asturias\",\"description\":\"Revista de ocio, turismo y estilo de vida\",\"inLanguage\":\"es-ES\",\"publisher\":{\"@id\":\"https:\\\/\\\/eldigitaldeasturias.com\\\/magazine365\\\/#organization\"}}]}\n\t\t<\/script>\n\t\t<!-- All in One SEO Pro -->\r\n\t\t<title>Kim Kardashian y Kanye West apuran en Par\u00eds las horas previas a su boda | El Digital de Asturias<\/title>\n\n","aioseo_head_json":{"title":"Kim Kardashian y Kanye West apuran en Par\u00eds las horas previas a su boda | El Digital de Asturias","description":"Par\u00eds, 23 may (EFE).- La pareja formada por la estrella televisiva estadounidense Kim Kardashian y por el rapero Kanye West apura esta semana en Par\u00eds las horas previas a su boda, que los muchos rumores que han rodeado al enlace sit\u00faan para ma\u00f1ana en Florencia (Italia). Los novios deseaban celebrar sus nupcias en el Palacio","canonical_url":"https:\/\/eldigitaldeasturias.com\/magazine365\/kim-kardashian-y-kanye-west-apuran-en-paris-las-horas-previas-a-su-boda\/","robots":"max-image-preview:large","keywords":"noticias y actualidad","webmasterTools":{"google-site-verification":"UA-38556648-1","miscellaneous":""},"schema":{"@context":"https:\/\/schema.org","@graph":[{"@type":"Article","@id":"https:\/\/eldigitaldeasturias.com\/magazine365\/kim-kardashian-y-kanye-west-apuran-en-paris-las-horas-previas-a-su-boda\/#article","name":"Kim Kardashian y Kanye West apuran en Par\u00eds las horas previas a su boda | El Digital de Asturias","headline":"Kim Kardashian y Kanye West apuran en Par\u00eds las horas previas a su boda","author":{"@id":"https:\/\/eldigitaldeasturias.com\/magazine365\/author\/admin\/#author"},"publisher":{"@id":"https:\/\/eldigitaldeasturias.com\/magazine365\/#organization"},"image":{"@type":"ImageObject","url":"https:\/\/eldigitaldeasturias.com\/magazine365\/wp-content\/uploads\/2014\/05\/6293133w.jpg","width":800,"height":534},"datePublished":"2014-05-23T18:09:11+02:00","dateModified":"2014-05-23T18:09:11+02:00","inLanguage":"es-ES","mainEntityOfPage":{"@id":"https:\/\/eldigitaldeasturias.com\/magazine365\/kim-kardashian-y-kanye-west-apuran-en-paris-las-horas-previas-a-su-boda\/#webpage"},"isPartOf":{"@id":"https:\/\/eldigitaldeasturias.com\/magazine365\/kim-kardashian-y-kanye-west-apuran-en-paris-las-horas-previas-a-su-boda\/#webpage"},"articleSection":"Noticias y Actualidad"},{"@type":"BreadcrumbList","@id":"https:\/\/eldigitaldeasturias.com\/magazine365\/kim-kardashian-y-kanye-west-apuran-en-paris-las-horas-previas-a-su-boda\/#breadcrumblist","itemListElement":[{"@type":"ListItem","@id":"https:\/\/eldigitaldeasturias.com\/magazine365#listItem","position":1,"name":"Home","item":"https:\/\/eldigitaldeasturias.com\/magazine365","nextItem":{"@type":"ListItem","@id":"https:\/\/eldigitaldeasturias.com\/magazine365\/category\/noticias-actualidad\/#listItem","name":"Noticias y Actualidad"}},{"@type":"ListItem","@id":"https:\/\/eldigitaldeasturias.com\/magazine365\/category\/noticias-actualidad\/#listItem","position":2,"name":"Noticias y Actualidad","item":"https:\/\/eldigitaldeasturias.com\/magazine365\/category\/noticias-actualidad\/","nextItem":{"@type":"ListItem","@id":"https:\/\/eldigitaldeasturias.com\/magazine365\/kim-kardashian-y-kanye-west-apuran-en-paris-las-horas-previas-a-su-boda\/#listItem","name":"Kim Kardashian y Kanye West apuran en Par\u00eds las horas previas a su boda"},"previousItem":{"@type":"ListItem","@id":"https:\/\/eldigitaldeasturias.com\/magazine365#listItem","name":"Home"}},{"@type":"ListItem","@id":"https:\/\/eldigitaldeasturias.com\/magazine365\/kim-kardashian-y-kanye-west-apuran-en-paris-las-horas-previas-a-su-boda\/#listItem","position":3,"name":"Kim Kardashian y Kanye West apuran en Par\u00eds las horas previas a su boda","previousItem":{"@type":"ListItem","@id":"https:\/\/eldigitaldeasturias.com\/magazine365\/category\/noticias-actualidad\/#listItem","name":"Noticias y Actualidad"}}]},{"@type":"Organization","@id":"https:\/\/eldigitaldeasturias.com\/magazine365\/#organization","name":"El digital de Asturias","description":"Revista de ocio, turismo y estilo de vida","url":"https:\/\/eldigitaldeasturias.com\/magazine365\/","logo":{"@type":"ImageObject","url":"https:\/\/www.eldigitaldeasturias.com\/noticias\/wp-content\/uploads\/2020\/12\/EDA.jpg","@id":"https:\/\/eldigitaldeasturias.com\/magazine365\/kim-kardashian-y-kanye-west-apuran-en-paris-las-horas-previas-a-su-boda\/#organizationLogo"},"image":{"@id":"https:\/\/eldigitaldeasturias.com\/magazine365\/kim-kardashian-y-kanye-west-apuran-en-paris-las-horas-previas-a-su-boda\/#organizationLogo"}},{"@type":"Person","@id":"https:\/\/eldigitaldeasturias.com\/magazine365\/author\/admin\/#author","url":"https:\/\/eldigitaldeasturias.com\/magazine365\/author\/admin\/","name":"admin","image":{"@type":"ImageObject","@id":"https:\/\/eldigitaldeasturias.com\/magazine365\/kim-kardashian-y-kanye-west-apuran-en-paris-las-horas-previas-a-su-boda\/#authorImage","url":"https:\/\/eldigitaldeasturias.com\/magazine365\/wp-content\/litespeed\/avatar\/e571bcf59a0edd6fa6838245a470f2fe.jpg?ver=1776969259","width":96,"height":96,"caption":"admin"}},{"@type":"WebPage","@id":"https:\/\/eldigitaldeasturias.com\/magazine365\/kim-kardashian-y-kanye-west-apuran-en-paris-las-horas-previas-a-su-boda\/#webpage","url":"https:\/\/eldigitaldeasturias.com\/magazine365\/kim-kardashian-y-kanye-west-apuran-en-paris-las-horas-previas-a-su-boda\/","name":"Kim Kardashian y Kanye West apuran en Par\u00eds las horas previas a su boda | El Digital de Asturias","description":"Par\u00eds, 23 may (EFE).- La pareja formada por la estrella televisiva estadounidense Kim Kardashian y por el rapero Kanye West apura esta semana en Par\u00eds las horas previas a su boda, que los muchos rumores que han rodeado al enlace sit\u00faan para ma\u00f1ana en Florencia (Italia). Los novios deseaban celebrar sus nupcias en el Palacio","inLanguage":"es-ES","isPartOf":{"@id":"https:\/\/eldigitaldeasturias.com\/magazine365\/#website"},"breadcrumb":{"@id":"https:\/\/eldigitaldeasturias.com\/magazine365\/kim-kardashian-y-kanye-west-apuran-en-paris-las-horas-previas-a-su-boda\/#breadcrumblist"},"author":{"@id":"https:\/\/eldigitaldeasturias.com\/magazine365\/author\/admin\/#author"},"creator":{"@id":"https:\/\/eldigitaldeasturias.com\/magazine365\/author\/admin\/#author"},"image":{"@type":"ImageObject","url":"https:\/\/eldigitaldeasturias.com\/magazine365\/wp-content\/uploads\/2014\/05\/6293133w.jpg","@id":"https:\/\/eldigitaldeasturias.com\/magazine365\/kim-kardashian-y-kanye-west-apuran-en-paris-las-horas-previas-a-su-boda\/#mainImage","width":800,"height":534},"primaryImageOfPage":{"@id":"https:\/\/eldigitaldeasturias.com\/magazine365\/kim-kardashian-y-kanye-west-apuran-en-paris-las-horas-previas-a-su-boda\/#mainImage"},"datePublished":"2014-05-23T18:09:11+02:00","dateModified":"2014-05-23T18:09:11+02:00"},{"@type":"WebSite","@id":"https:\/\/eldigitaldeasturias.com\/magazine365\/#website","url":"https:\/\/eldigitaldeasturias.com\/magazine365\/","name":"El Digital de Asturias","description":"Revista de ocio, turismo y estilo de vida","inLanguage":"es-ES","publisher":{"@id":"https:\/\/eldigitaldeasturias.com\/magazine365\/#organization"}}]},"og:locale":"es_ES","og:site_name":"El Digital de Asturias \u2013 Revista de ocio, turismo y estilo de vida","og:type":"article","og:title":"Kim Kardashian y Kanye West apuran en Par\u00eds las horas previas a su boda | El Digital de Asturias","og:description":"Par\u00eds, 23 may (EFE).- La pareja formada por la estrella televisiva estadounidense Kim Kardashian y por el rapero Kanye West apura esta semana en Par\u00eds las horas previas a su boda, que los muchos rumores que han rodeado al enlace sit\u00faan para ma\u00f1ana en Florencia (Italia). Los novios deseaban celebrar sus nupcias en el Palacio","og:url":"https:\/\/eldigitaldeasturias.com\/magazine365\/kim-kardashian-y-kanye-west-apuran-en-paris-las-horas-previas-a-su-boda\/","og:image":"https:\/\/eldigitaldeasturias.com\/magazine365\/wp-content\/uploads\/2014\/05\/6293133w.jpg","og:image:secure_url":"https:\/\/eldigitaldeasturias.com\/magazine365\/wp-content\/uploads\/2014\/05\/6293133w.jpg","og:image:width":800,"og:image:height":534,"article:published_time":"2014-05-23T20:09:11+00:00","article:modified_time":"2014-05-23T20:09:11+00:00","twitter:card":"summary_large_image","twitter:title":"Kim Kardashian y Kanye West apuran en Par\u00eds las horas previas a su boda | El Digital de Asturias","twitter:description":"Par\u00eds, 23 may (EFE).- La pareja formada por la estrella televisiva estadounidense Kim Kardashian y por el rapero Kanye West apura esta semana en Par\u00eds las horas previas a su boda, que los muchos rumores que han rodeado al enlace sit\u00faan para ma\u00f1ana en Florencia (Italia). Los novios deseaban celebrar sus nupcias en el Palacio","twitter:image":"https:\/\/eldigitaldeasturias.com\/magazine365\/wp-content\/uploads\/2014\/05\/6293133w.jpg"},"aioseo_meta_data":{"post_id":"13732","title":null,"description":null,"keywords":null,"keyphrases":null,"primary_term":null,"canonical_url":null,"og_title":null,"og_description":null,"og_object_type":"default","og_image_type":"default","og_image_url":null,"og_image_width":null,"og_image_height":null,"og_image_custom_url":null,"og_image_custom_fields":null,"og_video":null,"og_custom_url":null,"og_article_section":null,"og_article_tags":null,"twitter_use_og":false,"twitter_card":"default","twitter_image_type":"default","twitter_image_url":null,"twitter_image_custom_url":null,"twitter_image_custom_fields":null,"twitter_title":null,"twitter_description":null,"schema":{"blockGraphs":[],"customGraphs":[],"default":{"data":{"Article":[],"Course":[],"Dataset":[],"FAQPage":[],"Movie":[],"Person":[],"Product":[],"ProductReview":[],"Car":[],"Recipe":[],"Service":[],"SoftwareApplication":[],"WebPage":[]},"graphName":"","isEnabled":true},"graphs":[],"defaultGraph":"","defaultPostTypeGraph":""},"schema_type":null,"schema_type_options":null,"pillar_content":false,"robots_default":true,"robots_noindex":false,"robots_noarchive":false,"robots_nosnippet":false,"robots_nofollow":false,"robots_noimageindex":false,"robots_noodp":false,"robots_notranslate":false,"robots_max_snippet":null,"robots_max_videopreview":null,"robots_max_imagepreview":"large","priority":null,"frequency":null,"location":null,"local_seo":null,"seo_analyzer_scan_date":"2025-09-17 08:49:31","breadcrumb_settings":null,"limit_modified_date":false,"open_ai":null,"ai":null,"created":"2021-03-09 08:24:43","updated":"2025-09-17 08:49:31"},"aioseo_breadcrumb":"<div class=\"aioseo-breadcrumbs\"><span class=\"aioseo-breadcrumb\">\n\t<a href=\"https:\/\/eldigitaldeasturias.com\/magazine365\" title=\"Home\">Home<\/a>\n<\/span><span class=\"aioseo-breadcrumb-separator\">\u2013<\/span><span class=\"aioseo-breadcrumb\">\n\t<a href=\"https:\/\/eldigitaldeasturias.com\/magazine365\/category\/noticias-actualidad\/\" title=\"Noticias y Actualidad\">Noticias y Actualidad<\/a>\n<\/span><span class=\"aioseo-breadcrumb-separator\">\u2013<\/span><span class=\"aioseo-breadcrumb\">\n\t<a href=\"https:\/\/eldigitaldeasturias.com\/magazine365\/kim-kardashian-y-kanye-west-apuran-en-paris-las-horas-previas-a-su-boda\/\" title=\"Kim Kardashian y Kanye West apuran en Par\u00eds las horas previas a su boda\">Kim Kardashian y Kanye West apuran en Par\u00eds las horas previas a su boda<\/a>\n<\/span><\/div>","aioseo_breadcrumb_json":[{"label":"Home","link":"https:\/\/eldigitaldeasturias.com\/magazine365"},{"label":"Noticias y Actualidad","link":"https:\/\/eldigitaldeasturias.com\/magazine365\/category\/noticias-actualidad\/"},{"label":"Kim Kardashian y Kanye West apuran en Par\u00eds las horas previas a su boda","link":"https:\/\/eldigitaldeasturias.com\/magazine365\/kim-kardashian-y-kanye-west-apuran-en-paris-las-horas-previas-a-su-boda\/"}],"_links":{"self":[{"href":"https:\/\/eldigitaldeasturias.com\/magazine365\/wp-json\/wp\/v2\/posts\/13732","targetHints":{"allow":["GET"]}}],"collection":[{"href":"https:\/\/eldigitaldeasturias.com\/magazine365\/wp-json\/wp\/v2\/posts"}],"about":[{"href":"https:\/\/eldigitaldeasturias.com\/magazine365\/wp-json\/wp\/v2\/types\/post"}],"author":[{"embeddable":true,"href":"https:\/\/eldigitaldeasturias.com\/magazine365\/wp-json\/wp\/v2\/users\/1"}],"replies":[{"embeddable":true,"href":"https:\/\/eldigitaldeasturias.com\/magazine365\/wp-json\/wp\/v2\/comments?post=13732"}],"version-history":[{"count":0,"href":"https:\/\/eldigitaldeasturias.com\/magazine365\/wp-json\/wp\/v2\/posts\/13732\/revisions"}],"wp:featuredmedia":[{"embeddable":true,"href":"https:\/\/eldigitaldeasturias.com\/magazine365\/wp-json\/wp\/v2\/media\/13733"}],"wp:attachment":[{"href":"https:\/\/eldigitaldeasturias.com\/magazine365\/wp-json\/wp\/v2\/media?parent=13732"}],"wp:term":[{"taxonomy":"category","embeddable":true,"href":"https:\/\/eldigitaldeasturias.com\/magazine365\/wp-json\/wp\/v2\/categories?post=13732"},{"taxonomy":"post_tag","embeddable":true,"href":"https:\/\/eldigitaldeasturias.com\/magazine365\/wp-json\/wp\/v2\/tags?post=13732"}],"curies":[{"name":"wp","href":"https:\/\/api.w.org\/{rel}","templated":true}]}}