{"id":13729,"date":"2014-05-23T18:07:40","date_gmt":"2014-05-23T20:07:40","guid":{"rendered":"http:\/\/eldigitaldeasturias.com\/magazine365\/?p=13729"},"modified":"2014-05-23T18:07:40","modified_gmt":"2014-05-23T20:07:40","slug":"aumentan-los-celiacos-y-la-edad-media-de-los-pacientes-por-encima-de-los-40-anos","status":"publish","type":"post","link":"https:\/\/eldigitaldeasturias.com\/magazine365\/aumentan-los-celiacos-y-la-edad-media-de-los-pacientes-por-encima-de-los-40-anos\/","title":{"rendered":"Aumentan los cel\u00edacos y la edad media de los pacientes, por encima de los 40 a\u00f1os"},"content":{"rendered":"<p><img fetchpriority=\"high\" decoding=\"async\" class=\"alignleft size-medium wp-image-13730\" alt=\"6292566w\" src=\"https:\/\/eldigitaldeasturias.com\/magazine365\/wp-content\/uploads\/2014\/05\/6292566w-360x289.jpg\" width=\"360\" height=\"289\" \/>Madrid, 23 may (EFE).- El n\u00famero de personas afectadas por enfermedad cel\u00edaca est\u00e1 creciendo en los \u00faltimos a\u00f1os de manera sustancial y, especialmente, aumentan los casos diagnosticados en adultos, de tal forma que la edad media se sit\u00faa en la actualidad por encima de los 40 a\u00f1os.<\/p>\n<p>De hecho, el 20 por ciento de los casos se diagnostica en adultos de m\u00e1s de 60 a\u00f1os, por lo que la celiaqu\u00eda ha dejado de ser considerada una enfermedad infantil, ha se\u00f1alado la Sociedad Espa\u00f1ola de Patolog\u00eda Digestiva (SEPD) con motivo del D\u00eda nacional del Cel\u00edaco, que se celebra el 27 de mayo.<\/p>\n<p>Se estima que la prevalencia de esta enfermedad es muy alta, en torno al 1 por ciento de la poblaci\u00f3n, lo que quiere decir que casi 1 de cada cien personas es cel\u00edaca, si bien algunos estudios se\u00f1alan que un 75 por ciento de pacientes no est\u00e1n diagnosticados.<\/p>\n<p>Los especialistas de esta sociedad cient\u00edfica consideran que la enfermedad cel\u00edaca es un trastorno mucho m\u00e1s com\u00fan de lo que se suele pensar.<\/p>\n<p>\u00abExisten muchos casos sin identificar porque los pacientes no manifiestan s\u00edntomas o presentan s\u00edntomas no digestivos que hacen que el diagn\u00f3stico se retrase durante a\u00f1os y que el afectado visite numerosos m\u00e9dicos hasta llegar al especialista del aparato digestivo\u00bb, explica el doctor Federico Arg\u00fcelles Arias, especialista en patolog\u00eda digestiva.<\/p>\n<p>En este sentido, los expertos suelen describir la enfermedad cel\u00edaca como un iceberg: el hielo exterior ser\u00edan los casos diagnosticados porque presentan s\u00edntomas t\u00edpicos, mientras que permanecen ocultos bajo el agua los casos m\u00e1s dif\u00edciles de detectar.<\/p>\n<p>Gracias a un mayor conocimiento de la enfermedad y su sintomatolog\u00eda, en los \u00faltimos a\u00f1os est\u00e1 mejorando el diagn\u00f3stico, y los cl\u00ednicos tienen en cuenta los s\u00edntomas no digestivos antes de descartar la enfermedad.<\/p>\n<p>La mejora de la tecnolog\u00eda en las pruebas diagn\u00f3sticas y un mayor conocimiento de los mecanismos desencadenados por el gluten, han permitido detectar otros trastornos relacionados con el consumo del esta prote\u00edna.<\/p>\n","protected":false},"excerpt":{"rendered":"<p>Madrid, 23 may (EFE).- El n\u00famero de personas afectadas por enfermedad cel\u00edaca est\u00e1 creciendo en los \u00faltimos a\u00f1os de manera sustancial y, especialmente, aumentan los casos diagnosticados en adultos, de tal forma que la edad media se sit\u00faa en la actualidad por encima de los 40 a\u00f1os. De hecho, el 20 por ciento de los<\/p>\n","protected":false},"author":1,"featured_media":13730,"comment_status":"open","ping_status":"closed","sticky":false,"template":"","format":"standard","meta":{"footnotes":""},"categories":[224],"tags":[],"class_list":{"0":"post-13729","1":"post","2":"type-post","3":"status-publish","4":"format-standard","5":"has-post-thumbnail","7":"category-noticias-actualidad"},"aioseo_notices":[],"aioseo_head":"\n\t\t<!-- All in One SEO Pro 4.9.6.1 - aioseo.com -->\n\t<meta name=\"description\" content=\"Madrid, 23 may (EFE).- El n\u00famero de personas afectadas por enfermedad cel\u00edaca est\u00e1 creciendo en los \u00faltimos a\u00f1os de manera sustancial y, especialmente, aumentan los casos diagnosticados en adultos, de tal forma que la edad media se sit\u00faa en la actualidad por encima de los 40 a\u00f1os. De hecho, el 20 por ciento de los\" \/>\n\t<meta name=\"robots\" content=\"max-image-preview:large\" \/>\n\t<meta name=\"author\" content=\"admin\"\/>\n\t<meta name=\"google-site-verification\" content=\"UA-38556648-1\" \/>\n\t<meta name=\"keywords\" content=\"noticias y actualidad\" \/>\n\t<link rel=\"canonical\" href=\"https:\/\/eldigitaldeasturias.com\/magazine365\/aumentan-los-celiacos-y-la-edad-media-de-los-pacientes-por-encima-de-los-40-anos\/\" \/>\n\t<meta name=\"generator\" content=\"All in One SEO Pro (AIOSEO) 4.9.6.1\" \/>\n\t\t<meta property=\"og:locale\" content=\"es_ES\" \/>\n\t\t<meta property=\"og:site_name\" content=\"El Digital de Asturias \u2013 Revista de ocio, turismo y estilo de vida\" \/>\n\t\t<meta property=\"og:type\" content=\"article\" \/>\n\t\t<meta property=\"og:title\" content=\"Aumentan los cel\u00edacos y la edad media de los pacientes, por encima de los 40 a\u00f1os | El Digital de Asturias\" \/>\n\t\t<meta property=\"og:description\" content=\"Madrid, 23 may (EFE).- El n\u00famero de personas afectadas por enfermedad cel\u00edaca est\u00e1 creciendo en los \u00faltimos a\u00f1os de manera sustancial y, especialmente, aumentan los casos diagnosticados en adultos, de tal forma que la edad media se sit\u00faa en la actualidad por encima de los 40 a\u00f1os. De hecho, el 20 por ciento de los\" \/>\n\t\t<meta property=\"og:url\" content=\"https:\/\/eldigitaldeasturias.com\/magazine365\/aumentan-los-celiacos-y-la-edad-media-de-los-pacientes-por-encima-de-los-40-anos\/\" \/>\n\t\t<meta property=\"og:image\" content=\"https:\/\/eldigitaldeasturias.com\/magazine365\/wp-content\/uploads\/2014\/05\/6292566w.jpg\" \/>\n\t\t<meta property=\"og:image:secure_url\" content=\"https:\/\/eldigitaldeasturias.com\/magazine365\/wp-content\/uploads\/2014\/05\/6292566w.jpg\" \/>\n\t\t<meta property=\"og:image:width\" content=\"800\" \/>\n\t\t<meta property=\"og:image:height\" content=\"644\" \/>\n\t\t<meta property=\"article:published_time\" content=\"2014-05-23T20:07:40+00:00\" \/>\n\t\t<meta property=\"article:modified_time\" content=\"2014-05-23T20:07:40+00:00\" \/>\n\t\t<meta name=\"twitter:card\" content=\"summary_large_image\" \/>\n\t\t<meta name=\"twitter:title\" content=\"Aumentan los cel\u00edacos y la edad media de los pacientes, por encima de los 40 a\u00f1os | El Digital de Asturias\" \/>\n\t\t<meta name=\"twitter:description\" content=\"Madrid, 23 may (EFE).- El n\u00famero de personas afectadas por enfermedad cel\u00edaca est\u00e1 creciendo en los \u00faltimos a\u00f1os de manera sustancial y, especialmente, aumentan los casos diagnosticados en adultos, de tal forma que la edad media se sit\u00faa en la actualidad por encima de los 40 a\u00f1os. De hecho, el 20 por ciento de los\" \/>\n\t\t<meta name=\"twitter:image\" content=\"https:\/\/eldigitaldeasturias.com\/magazine365\/wp-content\/uploads\/2014\/05\/6292566w.jpg\" \/>\n\t\t<script type=\"application\/ld+json\" class=\"aioseo-schema\">\n\t\t\t{\"@context\":\"https:\\\/\\\/schema.org\",\"@graph\":[{\"@type\":\"Article\",\"@id\":\"https:\\\/\\\/eldigitaldeasturias.com\\\/magazine365\\\/aumentan-los-celiacos-y-la-edad-media-de-los-pacientes-por-encima-de-los-40-anos\\\/#article\",\"name\":\"Aumentan los cel\\u00edacos y la edad media de los pacientes, por encima de los 40 a\\u00f1os | El Digital de Asturias\",\"headline\":\"Aumentan los cel\\u00edacos y la edad media de los pacientes, por encima de los 40 a\\u00f1os\",\"author\":{\"@id\":\"https:\\\/\\\/eldigitaldeasturias.com\\\/magazine365\\\/author\\\/admin\\\/#author\"},\"publisher\":{\"@id\":\"https:\\\/\\\/eldigitaldeasturias.com\\\/magazine365\\\/#organization\"},\"image\":{\"@type\":\"ImageObject\",\"url\":\"https:\\\/\\\/eldigitaldeasturias.com\\\/magazine365\\\/wp-content\\\/uploads\\\/2014\\\/05\\\/6292566w.jpg\",\"width\":800,\"height\":644},\"datePublished\":\"2014-05-23T18:07:40+02:00\",\"dateModified\":\"2014-05-23T18:07:40+02:00\",\"inLanguage\":\"es-ES\",\"mainEntityOfPage\":{\"@id\":\"https:\\\/\\\/eldigitaldeasturias.com\\\/magazine365\\\/aumentan-los-celiacos-y-la-edad-media-de-los-pacientes-por-encima-de-los-40-anos\\\/#webpage\"},\"isPartOf\":{\"@id\":\"https:\\\/\\\/eldigitaldeasturias.com\\\/magazine365\\\/aumentan-los-celiacos-y-la-edad-media-de-los-pacientes-por-encima-de-los-40-anos\\\/#webpage\"},\"articleSection\":\"Noticias y Actualidad\"},{\"@type\":\"BreadcrumbList\",\"@id\":\"https:\\\/\\\/eldigitaldeasturias.com\\\/magazine365\\\/aumentan-los-celiacos-y-la-edad-media-de-los-pacientes-por-encima-de-los-40-anos\\\/#breadcrumblist\",\"itemListElement\":[{\"@type\":\"ListItem\",\"@id\":\"https:\\\/\\\/eldigitaldeasturias.com\\\/magazine365#listItem\",\"position\":1,\"name\":\"Home\",\"item\":\"https:\\\/\\\/eldigitaldeasturias.com\\\/magazine365\",\"nextItem\":{\"@type\":\"ListItem\",\"@id\":\"https:\\\/\\\/eldigitaldeasturias.com\\\/magazine365\\\/category\\\/noticias-actualidad\\\/#listItem\",\"name\":\"Noticias y Actualidad\"}},{\"@type\":\"ListItem\",\"@id\":\"https:\\\/\\\/eldigitaldeasturias.com\\\/magazine365\\\/category\\\/noticias-actualidad\\\/#listItem\",\"position\":2,\"name\":\"Noticias y Actualidad\",\"item\":\"https:\\\/\\\/eldigitaldeasturias.com\\\/magazine365\\\/category\\\/noticias-actualidad\\\/\",\"nextItem\":{\"@type\":\"ListItem\",\"@id\":\"https:\\\/\\\/eldigitaldeasturias.com\\\/magazine365\\\/aumentan-los-celiacos-y-la-edad-media-de-los-pacientes-por-encima-de-los-40-anos\\\/#listItem\",\"name\":\"Aumentan los cel\\u00edacos y la edad media de los pacientes, por encima de los 40 a\\u00f1os\"},\"previousItem\":{\"@type\":\"ListItem\",\"@id\":\"https:\\\/\\\/eldigitaldeasturias.com\\\/magazine365#listItem\",\"name\":\"Home\"}},{\"@type\":\"ListItem\",\"@id\":\"https:\\\/\\\/eldigitaldeasturias.com\\\/magazine365\\\/aumentan-los-celiacos-y-la-edad-media-de-los-pacientes-por-encima-de-los-40-anos\\\/#listItem\",\"position\":3,\"name\":\"Aumentan los cel\\u00edacos y la edad media de los pacientes, por encima de los 40 a\\u00f1os\",\"previousItem\":{\"@type\":\"ListItem\",\"@id\":\"https:\\\/\\\/eldigitaldeasturias.com\\\/magazine365\\\/category\\\/noticias-actualidad\\\/#listItem\",\"name\":\"Noticias y Actualidad\"}}]},{\"@type\":\"Organization\",\"@id\":\"https:\\\/\\\/eldigitaldeasturias.com\\\/magazine365\\\/#organization\",\"name\":\"El digital de Asturias\",\"description\":\"Revista de ocio, turismo y estilo de vida\",\"url\":\"https:\\\/\\\/eldigitaldeasturias.com\\\/magazine365\\\/\",\"logo\":{\"@type\":\"ImageObject\",\"url\":\"https:\\\/\\\/www.eldigitaldeasturias.com\\\/noticias\\\/wp-content\\\/uploads\\\/2020\\\/12\\\/EDA.jpg\",\"@id\":\"https:\\\/\\\/eldigitaldeasturias.com\\\/magazine365\\\/aumentan-los-celiacos-y-la-edad-media-de-los-pacientes-por-encima-de-los-40-anos\\\/#organizationLogo\"},\"image\":{\"@id\":\"https:\\\/\\\/eldigitaldeasturias.com\\\/magazine365\\\/aumentan-los-celiacos-y-la-edad-media-de-los-pacientes-por-encima-de-los-40-anos\\\/#organizationLogo\"}},{\"@type\":\"Person\",\"@id\":\"https:\\\/\\\/eldigitaldeasturias.com\\\/magazine365\\\/author\\\/admin\\\/#author\",\"url\":\"https:\\\/\\\/eldigitaldeasturias.com\\\/magazine365\\\/author\\\/admin\\\/\",\"name\":\"admin\",\"image\":{\"@type\":\"ImageObject\",\"@id\":\"https:\\\/\\\/eldigitaldeasturias.com\\\/magazine365\\\/aumentan-los-celiacos-y-la-edad-media-de-los-pacientes-por-encima-de-los-40-anos\\\/#authorImage\",\"url\":\"https:\\\/\\\/eldigitaldeasturias.com\\\/magazine365\\\/wp-content\\\/litespeed\\\/avatar\\\/e571bcf59a0edd6fa6838245a470f2fe.jpg?ver=1776969259\",\"width\":96,\"height\":96,\"caption\":\"admin\"}},{\"@type\":\"WebPage\",\"@id\":\"https:\\\/\\\/eldigitaldeasturias.com\\\/magazine365\\\/aumentan-los-celiacos-y-la-edad-media-de-los-pacientes-por-encima-de-los-40-anos\\\/#webpage\",\"url\":\"https:\\\/\\\/eldigitaldeasturias.com\\\/magazine365\\\/aumentan-los-celiacos-y-la-edad-media-de-los-pacientes-por-encima-de-los-40-anos\\\/\",\"name\":\"Aumentan los cel\\u00edacos y la edad media de los pacientes, por encima de los 40 a\\u00f1os | El Digital de Asturias\",\"description\":\"Madrid, 23 may (EFE).- El n\\u00famero de personas afectadas por enfermedad cel\\u00edaca est\\u00e1 creciendo en los \\u00faltimos a\\u00f1os de manera sustancial y, especialmente, aumentan los casos diagnosticados en adultos, de tal forma que la edad media se sit\\u00faa en la actualidad por encima de los 40 a\\u00f1os. De hecho, el 20 por ciento de los\",\"inLanguage\":\"es-ES\",\"isPartOf\":{\"@id\":\"https:\\\/\\\/eldigitaldeasturias.com\\\/magazine365\\\/#website\"},\"breadcrumb\":{\"@id\":\"https:\\\/\\\/eldigitaldeasturias.com\\\/magazine365\\\/aumentan-los-celiacos-y-la-edad-media-de-los-pacientes-por-encima-de-los-40-anos\\\/#breadcrumblist\"},\"author\":{\"@id\":\"https:\\\/\\\/eldigitaldeasturias.com\\\/magazine365\\\/author\\\/admin\\\/#author\"},\"creator\":{\"@id\":\"https:\\\/\\\/eldigitaldeasturias.com\\\/magazine365\\\/author\\\/admin\\\/#author\"},\"image\":{\"@type\":\"ImageObject\",\"url\":\"https:\\\/\\\/eldigitaldeasturias.com\\\/magazine365\\\/wp-content\\\/uploads\\\/2014\\\/05\\\/6292566w.jpg\",\"@id\":\"https:\\\/\\\/eldigitaldeasturias.com\\\/magazine365\\\/aumentan-los-celiacos-y-la-edad-media-de-los-pacientes-por-encima-de-los-40-anos\\\/#mainImage\",\"width\":800,\"height\":644},\"primaryImageOfPage\":{\"@id\":\"https:\\\/\\\/eldigitaldeasturias.com\\\/magazine365\\\/aumentan-los-celiacos-y-la-edad-media-de-los-pacientes-por-encima-de-los-40-anos\\\/#mainImage\"},\"datePublished\":\"2014-05-23T18:07:40+02:00\",\"dateModified\":\"2014-05-23T18:07:40+02:00\"},{\"@type\":\"WebSite\",\"@id\":\"https:\\\/\\\/eldigitaldeasturias.com\\\/magazine365\\\/#website\",\"url\":\"https:\\\/\\\/eldigitaldeasturias.com\\\/magazine365\\\/\",\"name\":\"El Digital de Asturias\",\"description\":\"Revista de ocio, turismo y estilo de vida\",\"inLanguage\":\"es-ES\",\"publisher\":{\"@id\":\"https:\\\/\\\/eldigitaldeasturias.com\\\/magazine365\\\/#organization\"}}]}\n\t\t<\/script>\n\t\t<!-- All in One SEO Pro -->\r\n\t\t<title>Aumentan los cel\u00edacos y la edad media de los pacientes, por encima de los 40 a\u00f1os | El Digital de Asturias<\/title>\n\n","aioseo_head_json":{"title":"Aumentan los cel\u00edacos y la edad media de los pacientes, por encima de los 40 a\u00f1os | El Digital de Asturias","description":"Madrid, 23 may (EFE).- El n\u00famero de personas afectadas por enfermedad cel\u00edaca est\u00e1 creciendo en los \u00faltimos a\u00f1os de manera sustancial y, especialmente, aumentan los casos diagnosticados en adultos, de tal forma que la edad media se sit\u00faa en la actualidad por encima de los 40 a\u00f1os. De hecho, el 20 por ciento de los","canonical_url":"https:\/\/eldigitaldeasturias.com\/magazine365\/aumentan-los-celiacos-y-la-edad-media-de-los-pacientes-por-encima-de-los-40-anos\/","robots":"max-image-preview:large","keywords":"noticias y actualidad","webmasterTools":{"google-site-verification":"UA-38556648-1","miscellaneous":""},"schema":{"@context":"https:\/\/schema.org","@graph":[{"@type":"Article","@id":"https:\/\/eldigitaldeasturias.com\/magazine365\/aumentan-los-celiacos-y-la-edad-media-de-los-pacientes-por-encima-de-los-40-anos\/#article","name":"Aumentan los cel\u00edacos y la edad media de los pacientes, por encima de los 40 a\u00f1os | El Digital de Asturias","headline":"Aumentan los cel\u00edacos y la edad media de los pacientes, por encima de los 40 a\u00f1os","author":{"@id":"https:\/\/eldigitaldeasturias.com\/magazine365\/author\/admin\/#author"},"publisher":{"@id":"https:\/\/eldigitaldeasturias.com\/magazine365\/#organization"},"image":{"@type":"ImageObject","url":"https:\/\/eldigitaldeasturias.com\/magazine365\/wp-content\/uploads\/2014\/05\/6292566w.jpg","width":800,"height":644},"datePublished":"2014-05-23T18:07:40+02:00","dateModified":"2014-05-23T18:07:40+02:00","inLanguage":"es-ES","mainEntityOfPage":{"@id":"https:\/\/eldigitaldeasturias.com\/magazine365\/aumentan-los-celiacos-y-la-edad-media-de-los-pacientes-por-encima-de-los-40-anos\/#webpage"},"isPartOf":{"@id":"https:\/\/eldigitaldeasturias.com\/magazine365\/aumentan-los-celiacos-y-la-edad-media-de-los-pacientes-por-encima-de-los-40-anos\/#webpage"},"articleSection":"Noticias y Actualidad"},{"@type":"BreadcrumbList","@id":"https:\/\/eldigitaldeasturias.com\/magazine365\/aumentan-los-celiacos-y-la-edad-media-de-los-pacientes-por-encima-de-los-40-anos\/#breadcrumblist","itemListElement":[{"@type":"ListItem","@id":"https:\/\/eldigitaldeasturias.com\/magazine365#listItem","position":1,"name":"Home","item":"https:\/\/eldigitaldeasturias.com\/magazine365","nextItem":{"@type":"ListItem","@id":"https:\/\/eldigitaldeasturias.com\/magazine365\/category\/noticias-actualidad\/#listItem","name":"Noticias y Actualidad"}},{"@type":"ListItem","@id":"https:\/\/eldigitaldeasturias.com\/magazine365\/category\/noticias-actualidad\/#listItem","position":2,"name":"Noticias y Actualidad","item":"https:\/\/eldigitaldeasturias.com\/magazine365\/category\/noticias-actualidad\/","nextItem":{"@type":"ListItem","@id":"https:\/\/eldigitaldeasturias.com\/magazine365\/aumentan-los-celiacos-y-la-edad-media-de-los-pacientes-por-encima-de-los-40-anos\/#listItem","name":"Aumentan los cel\u00edacos y la edad media de los pacientes, por encima de los 40 a\u00f1os"},"previousItem":{"@type":"ListItem","@id":"https:\/\/eldigitaldeasturias.com\/magazine365#listItem","name":"Home"}},{"@type":"ListItem","@id":"https:\/\/eldigitaldeasturias.com\/magazine365\/aumentan-los-celiacos-y-la-edad-media-de-los-pacientes-por-encima-de-los-40-anos\/#listItem","position":3,"name":"Aumentan los cel\u00edacos y la edad media de los pacientes, por encima de los 40 a\u00f1os","previousItem":{"@type":"ListItem","@id":"https:\/\/eldigitaldeasturias.com\/magazine365\/category\/noticias-actualidad\/#listItem","name":"Noticias y Actualidad"}}]},{"@type":"Organization","@id":"https:\/\/eldigitaldeasturias.com\/magazine365\/#organization","name":"El digital de Asturias","description":"Revista de ocio, turismo y estilo de vida","url":"https:\/\/eldigitaldeasturias.com\/magazine365\/","logo":{"@type":"ImageObject","url":"https:\/\/www.eldigitaldeasturias.com\/noticias\/wp-content\/uploads\/2020\/12\/EDA.jpg","@id":"https:\/\/eldigitaldeasturias.com\/magazine365\/aumentan-los-celiacos-y-la-edad-media-de-los-pacientes-por-encima-de-los-40-anos\/#organizationLogo"},"image":{"@id":"https:\/\/eldigitaldeasturias.com\/magazine365\/aumentan-los-celiacos-y-la-edad-media-de-los-pacientes-por-encima-de-los-40-anos\/#organizationLogo"}},{"@type":"Person","@id":"https:\/\/eldigitaldeasturias.com\/magazine365\/author\/admin\/#author","url":"https:\/\/eldigitaldeasturias.com\/magazine365\/author\/admin\/","name":"admin","image":{"@type":"ImageObject","@id":"https:\/\/eldigitaldeasturias.com\/magazine365\/aumentan-los-celiacos-y-la-edad-media-de-los-pacientes-por-encima-de-los-40-anos\/#authorImage","url":"https:\/\/eldigitaldeasturias.com\/magazine365\/wp-content\/litespeed\/avatar\/e571bcf59a0edd6fa6838245a470f2fe.jpg?ver=1776969259","width":96,"height":96,"caption":"admin"}},{"@type":"WebPage","@id":"https:\/\/eldigitaldeasturias.com\/magazine365\/aumentan-los-celiacos-y-la-edad-media-de-los-pacientes-por-encima-de-los-40-anos\/#webpage","url":"https:\/\/eldigitaldeasturias.com\/magazine365\/aumentan-los-celiacos-y-la-edad-media-de-los-pacientes-por-encima-de-los-40-anos\/","name":"Aumentan los cel\u00edacos y la edad media de los pacientes, por encima de los 40 a\u00f1os | El Digital de Asturias","description":"Madrid, 23 may (EFE).- El n\u00famero de personas afectadas por enfermedad cel\u00edaca est\u00e1 creciendo en los \u00faltimos a\u00f1os de manera sustancial y, especialmente, aumentan los casos diagnosticados en adultos, de tal forma que la edad media se sit\u00faa en la actualidad por encima de los 40 a\u00f1os. De hecho, el 20 por ciento de los","inLanguage":"es-ES","isPartOf":{"@id":"https:\/\/eldigitaldeasturias.com\/magazine365\/#website"},"breadcrumb":{"@id":"https:\/\/eldigitaldeasturias.com\/magazine365\/aumentan-los-celiacos-y-la-edad-media-de-los-pacientes-por-encima-de-los-40-anos\/#breadcrumblist"},"author":{"@id":"https:\/\/eldigitaldeasturias.com\/magazine365\/author\/admin\/#author"},"creator":{"@id":"https:\/\/eldigitaldeasturias.com\/magazine365\/author\/admin\/#author"},"image":{"@type":"ImageObject","url":"https:\/\/eldigitaldeasturias.com\/magazine365\/wp-content\/uploads\/2014\/05\/6292566w.jpg","@id":"https:\/\/eldigitaldeasturias.com\/magazine365\/aumentan-los-celiacos-y-la-edad-media-de-los-pacientes-por-encima-de-los-40-anos\/#mainImage","width":800,"height":644},"primaryImageOfPage":{"@id":"https:\/\/eldigitaldeasturias.com\/magazine365\/aumentan-los-celiacos-y-la-edad-media-de-los-pacientes-por-encima-de-los-40-anos\/#mainImage"},"datePublished":"2014-05-23T18:07:40+02:00","dateModified":"2014-05-23T18:07:40+02:00"},{"@type":"WebSite","@id":"https:\/\/eldigitaldeasturias.com\/magazine365\/#website","url":"https:\/\/eldigitaldeasturias.com\/magazine365\/","name":"El Digital de Asturias","description":"Revista de ocio, turismo y estilo de vida","inLanguage":"es-ES","publisher":{"@id":"https:\/\/eldigitaldeasturias.com\/magazine365\/#organization"}}]},"og:locale":"es_ES","og:site_name":"El Digital de Asturias \u2013 Revista de ocio, turismo y estilo de vida","og:type":"article","og:title":"Aumentan los cel\u00edacos y la edad media de los pacientes, por encima de los 40 a\u00f1os | El Digital de Asturias","og:description":"Madrid, 23 may (EFE).- El n\u00famero de personas afectadas por enfermedad cel\u00edaca est\u00e1 creciendo en los \u00faltimos a\u00f1os de manera sustancial y, especialmente, aumentan los casos diagnosticados en adultos, de tal forma que la edad media se sit\u00faa en la actualidad por encima de los 40 a\u00f1os. De hecho, el 20 por ciento de los","og:url":"https:\/\/eldigitaldeasturias.com\/magazine365\/aumentan-los-celiacos-y-la-edad-media-de-los-pacientes-por-encima-de-los-40-anos\/","og:image":"https:\/\/eldigitaldeasturias.com\/magazine365\/wp-content\/uploads\/2014\/05\/6292566w.jpg","og:image:secure_url":"https:\/\/eldigitaldeasturias.com\/magazine365\/wp-content\/uploads\/2014\/05\/6292566w.jpg","og:image:width":800,"og:image:height":644,"article:published_time":"2014-05-23T20:07:40+00:00","article:modified_time":"2014-05-23T20:07:40+00:00","twitter:card":"summary_large_image","twitter:title":"Aumentan los cel\u00edacos y la edad media de los pacientes, por encima de los 40 a\u00f1os | El Digital de Asturias","twitter:description":"Madrid, 23 may (EFE).- El n\u00famero de personas afectadas por enfermedad cel\u00edaca est\u00e1 creciendo en los \u00faltimos a\u00f1os de manera sustancial y, especialmente, aumentan los casos diagnosticados en adultos, de tal forma que la edad media se sit\u00faa en la actualidad por encima de los 40 a\u00f1os. De hecho, el 20 por ciento de los","twitter:image":"https:\/\/eldigitaldeasturias.com\/magazine365\/wp-content\/uploads\/2014\/05\/6292566w.jpg"},"aioseo_meta_data":{"post_id":"13729","title":null,"description":null,"keywords":null,"keyphrases":null,"primary_term":null,"canonical_url":null,"og_title":null,"og_description":null,"og_object_type":"default","og_image_type":"default","og_image_url":null,"og_image_width":null,"og_image_height":null,"og_image_custom_url":null,"og_image_custom_fields":null,"og_video":null,"og_custom_url":null,"og_article_section":null,"og_article_tags":null,"twitter_use_og":false,"twitter_card":"default","twitter_image_type":"default","twitter_image_url":null,"twitter_image_custom_url":null,"twitter_image_custom_fields":null,"twitter_title":null,"twitter_description":null,"schema":{"blockGraphs":[],"customGraphs":[],"default":{"data":{"Article":[],"Course":[],"Dataset":[],"FAQPage":[],"Movie":[],"Person":[],"Product":[],"ProductReview":[],"Car":[],"Recipe":[],"Service":[],"SoftwareApplication":[],"WebPage":[]},"graphName":"","isEnabled":true},"graphs":[],"defaultGraph":"","defaultPostTypeGraph":""},"schema_type":null,"schema_type_options":null,"pillar_content":false,"robots_default":true,"robots_noindex":false,"robots_noarchive":false,"robots_nosnippet":false,"robots_nofollow":false,"robots_noimageindex":false,"robots_noodp":false,"robots_notranslate":false,"robots_max_snippet":null,"robots_max_videopreview":null,"robots_max_imagepreview":"large","priority":null,"frequency":null,"location":null,"local_seo":null,"seo_analyzer_scan_date":"2025-09-17 08:49:30","breadcrumb_settings":null,"limit_modified_date":false,"open_ai":null,"ai":null,"created":"2021-03-09 08:24:43","updated":"2025-09-17 08:49:30"},"aioseo_breadcrumb":"<div class=\"aioseo-breadcrumbs\"><span class=\"aioseo-breadcrumb\">\n\t<a href=\"https:\/\/eldigitaldeasturias.com\/magazine365\" title=\"Home\">Home<\/a>\n<\/span><span class=\"aioseo-breadcrumb-separator\">\u2013<\/span><span class=\"aioseo-breadcrumb\">\n\t<a href=\"https:\/\/eldigitaldeasturias.com\/magazine365\/category\/noticias-actualidad\/\" title=\"Noticias y Actualidad\">Noticias y Actualidad<\/a>\n<\/span><span class=\"aioseo-breadcrumb-separator\">\u2013<\/span><span class=\"aioseo-breadcrumb\">\n\t<a href=\"https:\/\/eldigitaldeasturias.com\/magazine365\/aumentan-los-celiacos-y-la-edad-media-de-los-pacientes-por-encima-de-los-40-anos\/\" title=\"Aumentan los cel\u00edacos y la edad media de los pacientes, por encima de los 40 a\u00f1os\">Aumentan los cel\u00edacos y la edad media de los pacientes, por encima de los 40 a\u00f1os<\/a>\n<\/span><\/div>","aioseo_breadcrumb_json":[{"label":"Home","link":"https:\/\/eldigitaldeasturias.com\/magazine365"},{"label":"Noticias y Actualidad","link":"https:\/\/eldigitaldeasturias.com\/magazine365\/category\/noticias-actualidad\/"},{"label":"Aumentan los cel\u00edacos y la edad media de los pacientes, por encima de los 40 a\u00f1os","link":"https:\/\/eldigitaldeasturias.com\/magazine365\/aumentan-los-celiacos-y-la-edad-media-de-los-pacientes-por-encima-de-los-40-anos\/"}],"_links":{"self":[{"href":"https:\/\/eldigitaldeasturias.com\/magazine365\/wp-json\/wp\/v2\/posts\/13729","targetHints":{"allow":["GET"]}}],"collection":[{"href":"https:\/\/eldigitaldeasturias.com\/magazine365\/wp-json\/wp\/v2\/posts"}],"about":[{"href":"https:\/\/eldigitaldeasturias.com\/magazine365\/wp-json\/wp\/v2\/types\/post"}],"author":[{"embeddable":true,"href":"https:\/\/eldigitaldeasturias.com\/magazine365\/wp-json\/wp\/v2\/users\/1"}],"replies":[{"embeddable":true,"href":"https:\/\/eldigitaldeasturias.com\/magazine365\/wp-json\/wp\/v2\/comments?post=13729"}],"version-history":[{"count":0,"href":"https:\/\/eldigitaldeasturias.com\/magazine365\/wp-json\/wp\/v2\/posts\/13729\/revisions"}],"wp:featuredmedia":[{"embeddable":true,"href":"https:\/\/eldigitaldeasturias.com\/magazine365\/wp-json\/wp\/v2\/media\/13730"}],"wp:attachment":[{"href":"https:\/\/eldigitaldeasturias.com\/magazine365\/wp-json\/wp\/v2\/media?parent=13729"}],"wp:term":[{"taxonomy":"category","embeddable":true,"href":"https:\/\/eldigitaldeasturias.com\/magazine365\/wp-json\/wp\/v2\/categories?post=13729"},{"taxonomy":"post_tag","embeddable":true,"href":"https:\/\/eldigitaldeasturias.com\/magazine365\/wp-json\/wp\/v2\/tags?post=13729"}],"curies":[{"name":"wp","href":"https:\/\/api.w.org\/{rel}","templated":true}]}}