{"id":13726,"date":"2014-05-23T18:06:14","date_gmt":"2014-05-23T20:06:14","guid":{"rendered":"http:\/\/eldigitaldeasturias.com\/magazine365\/?p=13726"},"modified":"2014-05-23T18:06:14","modified_gmt":"2014-05-23T20:06:14","slug":"dani-rovira-asegura-que-llegue-a-pensar-en-piratear-8-apellidos-para-que-acabara-esto","status":"publish","type":"post","link":"https:\/\/eldigitaldeasturias.com\/magazine365\/dani-rovira-asegura-que-llegue-a-pensar-en-piratear-8-apellidos-para-que-acabara-esto\/","title":{"rendered":"Dani Rovira asegura que \u00abllegu\u00e9 a pensar en piratear &#8216;8 apellidos&#8217; para que acabara esto\u00bb"},"content":{"rendered":"<p><img fetchpriority=\"high\" decoding=\"async\" class=\"alignleft size-medium wp-image-13727\" alt=\"6292490w\" src=\"https:\/\/eldigitaldeasturias.com\/magazine365\/wp-content\/uploads\/2014\/05\/6292490w-200x300.jpg\" width=\"200\" height=\"300\" srcset=\"https:\/\/eldigitaldeasturias.com\/magazine365\/wp-content\/uploads\/2014\/05\/6292490w-200x300.jpg 200w, https:\/\/eldigitaldeasturias.com\/magazine365\/wp-content\/uploads\/2014\/05\/6292490w-427x640.jpg 427w, https:\/\/eldigitaldeasturias.com\/magazine365\/wp-content\/uploads\/2014\/05\/6292490w-150x225.jpg 150w, https:\/\/eldigitaldeasturias.com\/magazine365\/wp-content\/uploads\/2014\/05\/6292490w-450x675.jpg 450w, https:\/\/eldigitaldeasturias.com\/magazine365\/wp-content\/uploads\/2014\/05\/6292490w-696x1044.jpg 696w, https:\/\/eldigitaldeasturias.com\/magazine365\/wp-content\/uploads\/2014\/05\/6292490w-280x420.jpg 280w, https:\/\/eldigitaldeasturias.com\/magazine365\/wp-content\/uploads\/2014\/05\/6292490w.jpg 700w\" sizes=\"(max-width: 200px) 100vw, 200px\" \/>Madrid, 23 may (EFE).- El actor malague\u00f1o Dani Rovira, que ha pasado del cero al infinito de la fama en menos de dos meses, despu\u00e9s de protagonizar \u00ab8 apellidos vascos\u00bb, la pel\u00edcula m\u00e1s taquillera de la historia del cine espa\u00f1ol, se sinti\u00f3 tan agobiado por el peso del \u00e9xito que lleg\u00f3 a pensar en soluciones \u00abdr\u00e1sticas\u00bb.<\/p>\n<p>\u00abEl \u00e9xito de la pel\u00edcula fue gradual, pero con un desnivel enorme; fue tanta alegr\u00eda y tanta felicidad que, para m\u00ed, se pas\u00f3 de rosca: llegu\u00e9 a pensar en piratearla yo mismo y que se acabara esto\u00bb, confiesa el actor entre risas en una entrevista con Efe en el teatro Compac de Madrid, donde por unos d\u00edas, volver\u00e1 a ser un simple monologista.<\/p>\n<p>Rovira, alto, delgado, vestido con una sudadera de algod\u00f3n y unos vaqueros, como muchos chicos de su edad, \u00abalucina\u00bb al pensar en todo lo que ha pasado con su primera incursi\u00f3n en el cine, la \u00faltima cinta de Emilio Mart\u00edn L\u00e1zaro, el mismo \u00abmago\u00bb que en 2002 firm\u00f3 otra comedia inolvidable, \u00abEl otro lado de la cama\u00bb.<\/p>\n<p>\u00abYo ahora voy por la calle cogido de una mano de Espinete y de la otra de Alf y me paran a mi, y no se dan cuenta de la barbaridad; espero que esto se calmar\u00e1 y yo me acostumbrar\u00e9, pero este impacto, primero, con la gente toda loca y yo que no estaba preparado, pues se ha convertido en un choque tremendo\u00bb, afirma el malague\u00f1o.<\/p>\n<p>El acoso al que se ha visto sometido el actor tras correr el rumor de que manten\u00eda una relaci\u00f3n con la protagonista de la pel\u00edcula, Clara Lago, (que ni confirma ni desmiente) ha provocado que Rovira haya hecho \u00abtodo tipo de tonter\u00edas\u00bb.<\/p>\n<p>\u00abDesde ignorarlos (a los paparazzi), a saludar, o coger la moto y aparcarla y luego coger un taxi tipo pel\u00edcula de esp\u00eda&#8230;(se r\u00ede); pero hab\u00eda d\u00edas que me creaba mucha ansiedad\u00bb, confiesa.<\/p>\n<p>\u00abSentirse en el ojo del hurac\u00e1n\u00bb, es una presi\u00f3n \u00abtremenda\u00bb para la que \u00abnadie te prepara\u00bb, resume.<\/p>\n<p>Aunque reconoce que \u00abeste negocio funciona en Espa\u00f1a desde hace sesenta o setenta a\u00f1os; Sara Montiel ya lo sufr\u00eda. Est\u00e1n ah\u00ed, son gente que se gana el pan as\u00ed. Yo prefiero ganarlo con algo que me permita dormir tranquilo; es un poco absurdo todo, yo sigo siendo el mismo\u00bb, insiste.<\/p>\n<p>M\u00e1s serio, Rovira explica que sus amigos le \u00abaconsejan que relativice, pero soy yo quien les tengo 24 horas pegados a mi casa; es un poco agobiante\u00bb, por eso, reconoce, fue un poco \u00abmalote\u00bb: fotografi\u00f3 a quienes le fotografiaban y lo subi\u00f3 a su twitter.<\/p>\n<p>Y elucubra sobre las situaciones personales de cada paparazzi y la culpabilidad del negocio, de quienes lo demandan o quienes pagan por ello: \u00absolo puedes seguir llevando una vida normal hasta que deje de ser inter\u00e9s ver c\u00f3mo cojo cacas de mis perros del suelo\u00bb.<\/p>\n<p>\u00abAhora solo espero que pasen algunos meses, que la espuma baje y que la conclusi\u00f3n de todo esto sea que se me abran m\u00e1s puertas y tener m\u00e1s proyectos\u00bb, apunta el actor, ahora tambi\u00e9n en la serie de televisi\u00f3n \u00abB&amp;B\u00bb.<\/p>\n","protected":false},"excerpt":{"rendered":"<p>Madrid, 23 may (EFE).- El actor malague\u00f1o Dani Rovira, que ha pasado del cero al infinito de la fama en menos de dos meses, despu\u00e9s de protagonizar \u00ab8 apellidos vascos\u00bb, la pel\u00edcula m\u00e1s taquillera de la historia del cine espa\u00f1ol, se sinti\u00f3 tan agobiado por el peso del \u00e9xito que lleg\u00f3 a pensar en soluciones<\/p>\n","protected":false},"author":1,"featured_media":13727,"comment_status":"open","ping_status":"closed","sticky":false,"template":"","format":"standard","meta":{"footnotes":""},"categories":[224],"tags":[],"class_list":{"0":"post-13726","1":"post","2":"type-post","3":"status-publish","4":"format-standard","5":"has-post-thumbnail","7":"category-noticias-actualidad"},"aioseo_notices":[],"aioseo_head":"\n\t\t<!-- All in One SEO Pro 4.9.6.1 - aioseo.com -->\n\t<meta name=\"description\" content=\"Madrid, 23 may (EFE).- El actor malague\u00f1o Dani Rovira, que ha pasado del cero al infinito de la fama en menos de dos meses, despu\u00e9s de protagonizar &quot;8 apellidos vascos&quot;, la pel\u00edcula m\u00e1s taquillera de la historia del cine espa\u00f1ol, se sinti\u00f3 tan agobiado por el peso del \u00e9xito que lleg\u00f3 a pensar en soluciones\" \/>\n\t<meta name=\"robots\" content=\"max-image-preview:large\" \/>\n\t<meta name=\"author\" content=\"admin\"\/>\n\t<meta name=\"google-site-verification\" content=\"UA-38556648-1\" \/>\n\t<meta name=\"keywords\" content=\"noticias y actualidad\" \/>\n\t<link rel=\"canonical\" href=\"https:\/\/eldigitaldeasturias.com\/magazine365\/dani-rovira-asegura-que-llegue-a-pensar-en-piratear-8-apellidos-para-que-acabara-esto\/\" \/>\n\t<meta name=\"generator\" content=\"All in One SEO Pro (AIOSEO) 4.9.6.1\" \/>\n\t\t<meta property=\"og:locale\" content=\"es_ES\" \/>\n\t\t<meta property=\"og:site_name\" content=\"El Digital de Asturias \u2013 Revista de ocio, turismo y estilo de vida\" \/>\n\t\t<meta property=\"og:type\" content=\"article\" \/>\n\t\t<meta property=\"og:title\" content=\"Dani Rovira asegura que \u00abllegu\u00e9 a pensar en piratear \u20188 apellidos\u2019 para que acabara esto\u00bb | El Digital de Asturias\" \/>\n\t\t<meta property=\"og:description\" content=\"Madrid, 23 may (EFE).- El actor malague\u00f1o Dani Rovira, que ha pasado del cero al infinito de la fama en menos de dos meses, despu\u00e9s de protagonizar &quot;8 apellidos vascos&quot;, la pel\u00edcula m\u00e1s taquillera de la historia del cine espa\u00f1ol, se sinti\u00f3 tan agobiado por el peso del \u00e9xito que lleg\u00f3 a pensar en soluciones\" \/>\n\t\t<meta property=\"og:url\" content=\"https:\/\/eldigitaldeasturias.com\/magazine365\/dani-rovira-asegura-que-llegue-a-pensar-en-piratear-8-apellidos-para-que-acabara-esto\/\" \/>\n\t\t<meta property=\"og:image\" content=\"https:\/\/eldigitaldeasturias.com\/magazine365\/wp-content\/uploads\/2014\/05\/6292490w.jpg\" \/>\n\t\t<meta property=\"og:image:secure_url\" content=\"https:\/\/eldigitaldeasturias.com\/magazine365\/wp-content\/uploads\/2014\/05\/6292490w.jpg\" \/>\n\t\t<meta property=\"og:image:width\" content=\"700\" \/>\n\t\t<meta property=\"og:image:height\" content=\"1050\" \/>\n\t\t<meta property=\"article:published_time\" content=\"2014-05-23T20:06:14+00:00\" \/>\n\t\t<meta property=\"article:modified_time\" content=\"2014-05-23T20:06:14+00:00\" \/>\n\t\t<meta name=\"twitter:card\" content=\"summary_large_image\" \/>\n\t\t<meta name=\"twitter:title\" content=\"Dani Rovira asegura que \u00abllegu\u00e9 a pensar en piratear \u20188 apellidos\u2019 para que acabara esto\u00bb | El Digital de Asturias\" \/>\n\t\t<meta name=\"twitter:description\" content=\"Madrid, 23 may (EFE).- El actor malague\u00f1o Dani Rovira, que ha pasado del cero al infinito de la fama en menos de dos meses, despu\u00e9s de protagonizar &quot;8 apellidos vascos&quot;, la pel\u00edcula m\u00e1s taquillera de la historia del cine espa\u00f1ol, se sinti\u00f3 tan agobiado por el peso del \u00e9xito que lleg\u00f3 a pensar en soluciones\" \/>\n\t\t<meta name=\"twitter:image\" content=\"https:\/\/eldigitaldeasturias.com\/magazine365\/wp-content\/uploads\/2014\/05\/6292490w.jpg\" \/>\n\t\t<script type=\"application\/ld+json\" class=\"aioseo-schema\">\n\t\t\t{\"@context\":\"https:\\\/\\\/schema.org\",\"@graph\":[{\"@type\":\"Article\",\"@id\":\"https:\\\/\\\/eldigitaldeasturias.com\\\/magazine365\\\/dani-rovira-asegura-que-llegue-a-pensar-en-piratear-8-apellidos-para-que-acabara-esto\\\/#article\",\"name\":\"Dani Rovira asegura que \\u00abllegu\\u00e9 a pensar en piratear \\u20188 apellidos\\u2019 para que acabara esto\\u00bb | El Digital de Asturias\",\"headline\":\"Dani Rovira asegura que \\u00abllegu\\u00e9 a pensar en piratear &#8216;8 apellidos&#8217; para que acabara esto\\u00bb\",\"author\":{\"@id\":\"https:\\\/\\\/eldigitaldeasturias.com\\\/magazine365\\\/author\\\/admin\\\/#author\"},\"publisher\":{\"@id\":\"https:\\\/\\\/eldigitaldeasturias.com\\\/magazine365\\\/#organization\"},\"image\":{\"@type\":\"ImageObject\",\"url\":\"https:\\\/\\\/eldigitaldeasturias.com\\\/magazine365\\\/wp-content\\\/uploads\\\/2014\\\/05\\\/6292490w.jpg\",\"width\":700,\"height\":1050},\"datePublished\":\"2014-05-23T18:06:14+02:00\",\"dateModified\":\"2014-05-23T18:06:14+02:00\",\"inLanguage\":\"es-ES\",\"mainEntityOfPage\":{\"@id\":\"https:\\\/\\\/eldigitaldeasturias.com\\\/magazine365\\\/dani-rovira-asegura-que-llegue-a-pensar-en-piratear-8-apellidos-para-que-acabara-esto\\\/#webpage\"},\"isPartOf\":{\"@id\":\"https:\\\/\\\/eldigitaldeasturias.com\\\/magazine365\\\/dani-rovira-asegura-que-llegue-a-pensar-en-piratear-8-apellidos-para-que-acabara-esto\\\/#webpage\"},\"articleSection\":\"Noticias y Actualidad\"},{\"@type\":\"BreadcrumbList\",\"@id\":\"https:\\\/\\\/eldigitaldeasturias.com\\\/magazine365\\\/dani-rovira-asegura-que-llegue-a-pensar-en-piratear-8-apellidos-para-que-acabara-esto\\\/#breadcrumblist\",\"itemListElement\":[{\"@type\":\"ListItem\",\"@id\":\"https:\\\/\\\/eldigitaldeasturias.com\\\/magazine365#listItem\",\"position\":1,\"name\":\"Home\",\"item\":\"https:\\\/\\\/eldigitaldeasturias.com\\\/magazine365\",\"nextItem\":{\"@type\":\"ListItem\",\"@id\":\"https:\\\/\\\/eldigitaldeasturias.com\\\/magazine365\\\/category\\\/noticias-actualidad\\\/#listItem\",\"name\":\"Noticias y Actualidad\"}},{\"@type\":\"ListItem\",\"@id\":\"https:\\\/\\\/eldigitaldeasturias.com\\\/magazine365\\\/category\\\/noticias-actualidad\\\/#listItem\",\"position\":2,\"name\":\"Noticias y Actualidad\",\"item\":\"https:\\\/\\\/eldigitaldeasturias.com\\\/magazine365\\\/category\\\/noticias-actualidad\\\/\",\"nextItem\":{\"@type\":\"ListItem\",\"@id\":\"https:\\\/\\\/eldigitaldeasturias.com\\\/magazine365\\\/dani-rovira-asegura-que-llegue-a-pensar-en-piratear-8-apellidos-para-que-acabara-esto\\\/#listItem\",\"name\":\"Dani Rovira asegura que \\u00abllegu\\u00e9 a pensar en piratear &#8216;8 apellidos&#8217; para que acabara esto\\u00bb\"},\"previousItem\":{\"@type\":\"ListItem\",\"@id\":\"https:\\\/\\\/eldigitaldeasturias.com\\\/magazine365#listItem\",\"name\":\"Home\"}},{\"@type\":\"ListItem\",\"@id\":\"https:\\\/\\\/eldigitaldeasturias.com\\\/magazine365\\\/dani-rovira-asegura-que-llegue-a-pensar-en-piratear-8-apellidos-para-que-acabara-esto\\\/#listItem\",\"position\":3,\"name\":\"Dani Rovira asegura que \\u00abllegu\\u00e9 a pensar en piratear &#8216;8 apellidos&#8217; para que acabara esto\\u00bb\",\"previousItem\":{\"@type\":\"ListItem\",\"@id\":\"https:\\\/\\\/eldigitaldeasturias.com\\\/magazine365\\\/category\\\/noticias-actualidad\\\/#listItem\",\"name\":\"Noticias y Actualidad\"}}]},{\"@type\":\"Organization\",\"@id\":\"https:\\\/\\\/eldigitaldeasturias.com\\\/magazine365\\\/#organization\",\"name\":\"El digital de Asturias\",\"description\":\"Revista de ocio, turismo y estilo de vida\",\"url\":\"https:\\\/\\\/eldigitaldeasturias.com\\\/magazine365\\\/\",\"logo\":{\"@type\":\"ImageObject\",\"url\":\"https:\\\/\\\/www.eldigitaldeasturias.com\\\/noticias\\\/wp-content\\\/uploads\\\/2020\\\/12\\\/EDA.jpg\",\"@id\":\"https:\\\/\\\/eldigitaldeasturias.com\\\/magazine365\\\/dani-rovira-asegura-que-llegue-a-pensar-en-piratear-8-apellidos-para-que-acabara-esto\\\/#organizationLogo\"},\"image\":{\"@id\":\"https:\\\/\\\/eldigitaldeasturias.com\\\/magazine365\\\/dani-rovira-asegura-que-llegue-a-pensar-en-piratear-8-apellidos-para-que-acabara-esto\\\/#organizationLogo\"}},{\"@type\":\"Person\",\"@id\":\"https:\\\/\\\/eldigitaldeasturias.com\\\/magazine365\\\/author\\\/admin\\\/#author\",\"url\":\"https:\\\/\\\/eldigitaldeasturias.com\\\/magazine365\\\/author\\\/admin\\\/\",\"name\":\"admin\",\"image\":{\"@type\":\"ImageObject\",\"@id\":\"https:\\\/\\\/eldigitaldeasturias.com\\\/magazine365\\\/dani-rovira-asegura-que-llegue-a-pensar-en-piratear-8-apellidos-para-que-acabara-esto\\\/#authorImage\",\"url\":\"https:\\\/\\\/eldigitaldeasturias.com\\\/magazine365\\\/wp-content\\\/litespeed\\\/avatar\\\/e571bcf59a0edd6fa6838245a470f2fe.jpg?ver=1776969259\",\"width\":96,\"height\":96,\"caption\":\"admin\"}},{\"@type\":\"WebPage\",\"@id\":\"https:\\\/\\\/eldigitaldeasturias.com\\\/magazine365\\\/dani-rovira-asegura-que-llegue-a-pensar-en-piratear-8-apellidos-para-que-acabara-esto\\\/#webpage\",\"url\":\"https:\\\/\\\/eldigitaldeasturias.com\\\/magazine365\\\/dani-rovira-asegura-que-llegue-a-pensar-en-piratear-8-apellidos-para-que-acabara-esto\\\/\",\"name\":\"Dani Rovira asegura que \\u00abllegu\\u00e9 a pensar en piratear \\u20188 apellidos\\u2019 para que acabara esto\\u00bb | El Digital de Asturias\",\"description\":\"Madrid, 23 may (EFE).- El actor malague\\u00f1o Dani Rovira, que ha pasado del cero al infinito de la fama en menos de dos meses, despu\\u00e9s de protagonizar \\\"8 apellidos vascos\\\", la pel\\u00edcula m\\u00e1s taquillera de la historia del cine espa\\u00f1ol, se sinti\\u00f3 tan agobiado por el peso del \\u00e9xito que lleg\\u00f3 a pensar en soluciones\",\"inLanguage\":\"es-ES\",\"isPartOf\":{\"@id\":\"https:\\\/\\\/eldigitaldeasturias.com\\\/magazine365\\\/#website\"},\"breadcrumb\":{\"@id\":\"https:\\\/\\\/eldigitaldeasturias.com\\\/magazine365\\\/dani-rovira-asegura-que-llegue-a-pensar-en-piratear-8-apellidos-para-que-acabara-esto\\\/#breadcrumblist\"},\"author\":{\"@id\":\"https:\\\/\\\/eldigitaldeasturias.com\\\/magazine365\\\/author\\\/admin\\\/#author\"},\"creator\":{\"@id\":\"https:\\\/\\\/eldigitaldeasturias.com\\\/magazine365\\\/author\\\/admin\\\/#author\"},\"image\":{\"@type\":\"ImageObject\",\"url\":\"https:\\\/\\\/eldigitaldeasturias.com\\\/magazine365\\\/wp-content\\\/uploads\\\/2014\\\/05\\\/6292490w.jpg\",\"@id\":\"https:\\\/\\\/eldigitaldeasturias.com\\\/magazine365\\\/dani-rovira-asegura-que-llegue-a-pensar-en-piratear-8-apellidos-para-que-acabara-esto\\\/#mainImage\",\"width\":700,\"height\":1050},\"primaryImageOfPage\":{\"@id\":\"https:\\\/\\\/eldigitaldeasturias.com\\\/magazine365\\\/dani-rovira-asegura-que-llegue-a-pensar-en-piratear-8-apellidos-para-que-acabara-esto\\\/#mainImage\"},\"datePublished\":\"2014-05-23T18:06:14+02:00\",\"dateModified\":\"2014-05-23T18:06:14+02:00\"},{\"@type\":\"WebSite\",\"@id\":\"https:\\\/\\\/eldigitaldeasturias.com\\\/magazine365\\\/#website\",\"url\":\"https:\\\/\\\/eldigitaldeasturias.com\\\/magazine365\\\/\",\"name\":\"El Digital de Asturias\",\"description\":\"Revista de ocio, turismo y estilo de vida\",\"inLanguage\":\"es-ES\",\"publisher\":{\"@id\":\"https:\\\/\\\/eldigitaldeasturias.com\\\/magazine365\\\/#organization\"}}]}\n\t\t<\/script>\n\t\t<!-- All in One SEO Pro -->\r\n\t\t<title>Dani Rovira asegura que \u00abllegu\u00e9 a pensar en piratear \u20188 apellidos\u2019 para que acabara esto\u00bb | El Digital de Asturias<\/title>\n\n","aioseo_head_json":{"title":"Dani Rovira asegura que \u00abllegu\u00e9 a pensar en piratear \u20188 apellidos\u2019 para que acabara esto\u00bb | El Digital de Asturias","description":"Madrid, 23 may (EFE).- El actor malague\u00f1o Dani Rovira, que ha pasado del cero al infinito de la fama en menos de dos meses, despu\u00e9s de protagonizar \"8 apellidos vascos\", la pel\u00edcula m\u00e1s taquillera de la historia del cine espa\u00f1ol, se sinti\u00f3 tan agobiado por el peso del \u00e9xito que lleg\u00f3 a pensar en soluciones","canonical_url":"https:\/\/eldigitaldeasturias.com\/magazine365\/dani-rovira-asegura-que-llegue-a-pensar-en-piratear-8-apellidos-para-que-acabara-esto\/","robots":"max-image-preview:large","keywords":"noticias y actualidad","webmasterTools":{"google-site-verification":"UA-38556648-1","miscellaneous":""},"schema":{"@context":"https:\/\/schema.org","@graph":[{"@type":"Article","@id":"https:\/\/eldigitaldeasturias.com\/magazine365\/dani-rovira-asegura-que-llegue-a-pensar-en-piratear-8-apellidos-para-que-acabara-esto\/#article","name":"Dani Rovira asegura que \u00abllegu\u00e9 a pensar en piratear \u20188 apellidos\u2019 para que acabara esto\u00bb | El Digital de Asturias","headline":"Dani Rovira asegura que \u00abllegu\u00e9 a pensar en piratear &#8216;8 apellidos&#8217; para que acabara esto\u00bb","author":{"@id":"https:\/\/eldigitaldeasturias.com\/magazine365\/author\/admin\/#author"},"publisher":{"@id":"https:\/\/eldigitaldeasturias.com\/magazine365\/#organization"},"image":{"@type":"ImageObject","url":"https:\/\/eldigitaldeasturias.com\/magazine365\/wp-content\/uploads\/2014\/05\/6292490w.jpg","width":700,"height":1050},"datePublished":"2014-05-23T18:06:14+02:00","dateModified":"2014-05-23T18:06:14+02:00","inLanguage":"es-ES","mainEntityOfPage":{"@id":"https:\/\/eldigitaldeasturias.com\/magazine365\/dani-rovira-asegura-que-llegue-a-pensar-en-piratear-8-apellidos-para-que-acabara-esto\/#webpage"},"isPartOf":{"@id":"https:\/\/eldigitaldeasturias.com\/magazine365\/dani-rovira-asegura-que-llegue-a-pensar-en-piratear-8-apellidos-para-que-acabara-esto\/#webpage"},"articleSection":"Noticias y Actualidad"},{"@type":"BreadcrumbList","@id":"https:\/\/eldigitaldeasturias.com\/magazine365\/dani-rovira-asegura-que-llegue-a-pensar-en-piratear-8-apellidos-para-que-acabara-esto\/#breadcrumblist","itemListElement":[{"@type":"ListItem","@id":"https:\/\/eldigitaldeasturias.com\/magazine365#listItem","position":1,"name":"Home","item":"https:\/\/eldigitaldeasturias.com\/magazine365","nextItem":{"@type":"ListItem","@id":"https:\/\/eldigitaldeasturias.com\/magazine365\/category\/noticias-actualidad\/#listItem","name":"Noticias y Actualidad"}},{"@type":"ListItem","@id":"https:\/\/eldigitaldeasturias.com\/magazine365\/category\/noticias-actualidad\/#listItem","position":2,"name":"Noticias y Actualidad","item":"https:\/\/eldigitaldeasturias.com\/magazine365\/category\/noticias-actualidad\/","nextItem":{"@type":"ListItem","@id":"https:\/\/eldigitaldeasturias.com\/magazine365\/dani-rovira-asegura-que-llegue-a-pensar-en-piratear-8-apellidos-para-que-acabara-esto\/#listItem","name":"Dani Rovira asegura que \u00abllegu\u00e9 a pensar en piratear &#8216;8 apellidos&#8217; para que acabara esto\u00bb"},"previousItem":{"@type":"ListItem","@id":"https:\/\/eldigitaldeasturias.com\/magazine365#listItem","name":"Home"}},{"@type":"ListItem","@id":"https:\/\/eldigitaldeasturias.com\/magazine365\/dani-rovira-asegura-que-llegue-a-pensar-en-piratear-8-apellidos-para-que-acabara-esto\/#listItem","position":3,"name":"Dani Rovira asegura que \u00abllegu\u00e9 a pensar en piratear &#8216;8 apellidos&#8217; para que acabara esto\u00bb","previousItem":{"@type":"ListItem","@id":"https:\/\/eldigitaldeasturias.com\/magazine365\/category\/noticias-actualidad\/#listItem","name":"Noticias y Actualidad"}}]},{"@type":"Organization","@id":"https:\/\/eldigitaldeasturias.com\/magazine365\/#organization","name":"El digital de Asturias","description":"Revista de ocio, turismo y estilo de vida","url":"https:\/\/eldigitaldeasturias.com\/magazine365\/","logo":{"@type":"ImageObject","url":"https:\/\/www.eldigitaldeasturias.com\/noticias\/wp-content\/uploads\/2020\/12\/EDA.jpg","@id":"https:\/\/eldigitaldeasturias.com\/magazine365\/dani-rovira-asegura-que-llegue-a-pensar-en-piratear-8-apellidos-para-que-acabara-esto\/#organizationLogo"},"image":{"@id":"https:\/\/eldigitaldeasturias.com\/magazine365\/dani-rovira-asegura-que-llegue-a-pensar-en-piratear-8-apellidos-para-que-acabara-esto\/#organizationLogo"}},{"@type":"Person","@id":"https:\/\/eldigitaldeasturias.com\/magazine365\/author\/admin\/#author","url":"https:\/\/eldigitaldeasturias.com\/magazine365\/author\/admin\/","name":"admin","image":{"@type":"ImageObject","@id":"https:\/\/eldigitaldeasturias.com\/magazine365\/dani-rovira-asegura-que-llegue-a-pensar-en-piratear-8-apellidos-para-que-acabara-esto\/#authorImage","url":"https:\/\/eldigitaldeasturias.com\/magazine365\/wp-content\/litespeed\/avatar\/e571bcf59a0edd6fa6838245a470f2fe.jpg?ver=1776969259","width":96,"height":96,"caption":"admin"}},{"@type":"WebPage","@id":"https:\/\/eldigitaldeasturias.com\/magazine365\/dani-rovira-asegura-que-llegue-a-pensar-en-piratear-8-apellidos-para-que-acabara-esto\/#webpage","url":"https:\/\/eldigitaldeasturias.com\/magazine365\/dani-rovira-asegura-que-llegue-a-pensar-en-piratear-8-apellidos-para-que-acabara-esto\/","name":"Dani Rovira asegura que \u00abllegu\u00e9 a pensar en piratear \u20188 apellidos\u2019 para que acabara esto\u00bb | El Digital de Asturias","description":"Madrid, 23 may (EFE).- El actor malague\u00f1o Dani Rovira, que ha pasado del cero al infinito de la fama en menos de dos meses, despu\u00e9s de protagonizar \"8 apellidos vascos\", la pel\u00edcula m\u00e1s taquillera de la historia del cine espa\u00f1ol, se sinti\u00f3 tan agobiado por el peso del \u00e9xito que lleg\u00f3 a pensar en soluciones","inLanguage":"es-ES","isPartOf":{"@id":"https:\/\/eldigitaldeasturias.com\/magazine365\/#website"},"breadcrumb":{"@id":"https:\/\/eldigitaldeasturias.com\/magazine365\/dani-rovira-asegura-que-llegue-a-pensar-en-piratear-8-apellidos-para-que-acabara-esto\/#breadcrumblist"},"author":{"@id":"https:\/\/eldigitaldeasturias.com\/magazine365\/author\/admin\/#author"},"creator":{"@id":"https:\/\/eldigitaldeasturias.com\/magazine365\/author\/admin\/#author"},"image":{"@type":"ImageObject","url":"https:\/\/eldigitaldeasturias.com\/magazine365\/wp-content\/uploads\/2014\/05\/6292490w.jpg","@id":"https:\/\/eldigitaldeasturias.com\/magazine365\/dani-rovira-asegura-que-llegue-a-pensar-en-piratear-8-apellidos-para-que-acabara-esto\/#mainImage","width":700,"height":1050},"primaryImageOfPage":{"@id":"https:\/\/eldigitaldeasturias.com\/magazine365\/dani-rovira-asegura-que-llegue-a-pensar-en-piratear-8-apellidos-para-que-acabara-esto\/#mainImage"},"datePublished":"2014-05-23T18:06:14+02:00","dateModified":"2014-05-23T18:06:14+02:00"},{"@type":"WebSite","@id":"https:\/\/eldigitaldeasturias.com\/magazine365\/#website","url":"https:\/\/eldigitaldeasturias.com\/magazine365\/","name":"El Digital de Asturias","description":"Revista de ocio, turismo y estilo de vida","inLanguage":"es-ES","publisher":{"@id":"https:\/\/eldigitaldeasturias.com\/magazine365\/#organization"}}]},"og:locale":"es_ES","og:site_name":"El Digital de Asturias \u2013 Revista de ocio, turismo y estilo de vida","og:type":"article","og:title":"Dani Rovira asegura que \u00abllegu\u00e9 a pensar en piratear \u20188 apellidos\u2019 para que acabara esto\u00bb | El Digital de Asturias","og:description":"Madrid, 23 may (EFE).- El actor malague\u00f1o Dani Rovira, que ha pasado del cero al infinito de la fama en menos de dos meses, despu\u00e9s de protagonizar &quot;8 apellidos vascos&quot;, la pel\u00edcula m\u00e1s taquillera de la historia del cine espa\u00f1ol, se sinti\u00f3 tan agobiado por el peso del \u00e9xito que lleg\u00f3 a pensar en soluciones","og:url":"https:\/\/eldigitaldeasturias.com\/magazine365\/dani-rovira-asegura-que-llegue-a-pensar-en-piratear-8-apellidos-para-que-acabara-esto\/","og:image":"https:\/\/eldigitaldeasturias.com\/magazine365\/wp-content\/uploads\/2014\/05\/6292490w.jpg","og:image:secure_url":"https:\/\/eldigitaldeasturias.com\/magazine365\/wp-content\/uploads\/2014\/05\/6292490w.jpg","og:image:width":700,"og:image:height":1050,"article:published_time":"2014-05-23T20:06:14+00:00","article:modified_time":"2014-05-23T20:06:14+00:00","twitter:card":"summary_large_image","twitter:title":"Dani Rovira asegura que \u00abllegu\u00e9 a pensar en piratear \u20188 apellidos\u2019 para que acabara esto\u00bb | El Digital de Asturias","twitter:description":"Madrid, 23 may (EFE).- El actor malague\u00f1o Dani Rovira, que ha pasado del cero al infinito de la fama en menos de dos meses, despu\u00e9s de protagonizar &quot;8 apellidos vascos&quot;, la pel\u00edcula m\u00e1s taquillera de la historia del cine espa\u00f1ol, se sinti\u00f3 tan agobiado por el peso del \u00e9xito que lleg\u00f3 a pensar en soluciones","twitter:image":"https:\/\/eldigitaldeasturias.com\/magazine365\/wp-content\/uploads\/2014\/05\/6292490w.jpg"},"aioseo_meta_data":{"post_id":"13726","title":null,"description":null,"keywords":null,"keyphrases":null,"primary_term":null,"canonical_url":null,"og_title":null,"og_description":null,"og_object_type":"default","og_image_type":"default","og_image_url":null,"og_image_width":null,"og_image_height":null,"og_image_custom_url":null,"og_image_custom_fields":null,"og_video":null,"og_custom_url":null,"og_article_section":null,"og_article_tags":null,"twitter_use_og":false,"twitter_card":"default","twitter_image_type":"default","twitter_image_url":null,"twitter_image_custom_url":null,"twitter_image_custom_fields":null,"twitter_title":null,"twitter_description":null,"schema":{"blockGraphs":[],"customGraphs":[],"default":{"data":{"Article":[],"Course":[],"Dataset":[],"FAQPage":[],"Movie":[],"Person":[],"Product":[],"ProductReview":[],"Car":[],"Recipe":[],"Service":[],"SoftwareApplication":[],"WebPage":[]},"graphName":"","isEnabled":true},"graphs":[],"defaultGraph":"","defaultPostTypeGraph":""},"schema_type":null,"schema_type_options":null,"pillar_content":false,"robots_default":true,"robots_noindex":false,"robots_noarchive":false,"robots_nosnippet":false,"robots_nofollow":false,"robots_noimageindex":false,"robots_noodp":false,"robots_notranslate":false,"robots_max_snippet":null,"robots_max_videopreview":null,"robots_max_imagepreview":"large","priority":null,"frequency":null,"location":null,"local_seo":null,"seo_analyzer_scan_date":"2025-09-17 08:49:28","breadcrumb_settings":null,"limit_modified_date":false,"open_ai":null,"ai":null,"created":"2021-03-09 08:24:43","updated":"2025-09-17 08:49:28"},"aioseo_breadcrumb":"<div class=\"aioseo-breadcrumbs\"><span class=\"aioseo-breadcrumb\">\n\t<a href=\"https:\/\/eldigitaldeasturias.com\/magazine365\" title=\"Home\">Home<\/a>\n<\/span><span class=\"aioseo-breadcrumb-separator\">\u2013<\/span><span class=\"aioseo-breadcrumb\">\n\t<a href=\"https:\/\/eldigitaldeasturias.com\/magazine365\/category\/noticias-actualidad\/\" title=\"Noticias y Actualidad\">Noticias y Actualidad<\/a>\n<\/span><span class=\"aioseo-breadcrumb-separator\">\u2013<\/span><span class=\"aioseo-breadcrumb\">\n\t<a href=\"https:\/\/eldigitaldeasturias.com\/magazine365\/dani-rovira-asegura-que-llegue-a-pensar-en-piratear-8-apellidos-para-que-acabara-esto\/\" title=\"Dani Rovira asegura que \u00abllegu\u00e9 a pensar en piratear \u20188 apellidos\u2019 para que acabara esto\u00bb\">Dani Rovira asegura que \u00abllegu\u00e9 a pensar en piratear \u20188 apellidos\u2019 para que acabara esto\u00bb<\/a>\n<\/span><\/div>","aioseo_breadcrumb_json":[{"label":"Home","link":"https:\/\/eldigitaldeasturias.com\/magazine365"},{"label":"Noticias y Actualidad","link":"https:\/\/eldigitaldeasturias.com\/magazine365\/category\/noticias-actualidad\/"},{"label":"Dani Rovira asegura que \u00abllegu\u00e9 a pensar en piratear &#8216;8 apellidos&#8217; para que acabara esto\u00bb","link":"https:\/\/eldigitaldeasturias.com\/magazine365\/dani-rovira-asegura-que-llegue-a-pensar-en-piratear-8-apellidos-para-que-acabara-esto\/"}],"_links":{"self":[{"href":"https:\/\/eldigitaldeasturias.com\/magazine365\/wp-json\/wp\/v2\/posts\/13726","targetHints":{"allow":["GET"]}}],"collection":[{"href":"https:\/\/eldigitaldeasturias.com\/magazine365\/wp-json\/wp\/v2\/posts"}],"about":[{"href":"https:\/\/eldigitaldeasturias.com\/magazine365\/wp-json\/wp\/v2\/types\/post"}],"author":[{"embeddable":true,"href":"https:\/\/eldigitaldeasturias.com\/magazine365\/wp-json\/wp\/v2\/users\/1"}],"replies":[{"embeddable":true,"href":"https:\/\/eldigitaldeasturias.com\/magazine365\/wp-json\/wp\/v2\/comments?post=13726"}],"version-history":[{"count":0,"href":"https:\/\/eldigitaldeasturias.com\/magazine365\/wp-json\/wp\/v2\/posts\/13726\/revisions"}],"wp:featuredmedia":[{"embeddable":true,"href":"https:\/\/eldigitaldeasturias.com\/magazine365\/wp-json\/wp\/v2\/media\/13727"}],"wp:attachment":[{"href":"https:\/\/eldigitaldeasturias.com\/magazine365\/wp-json\/wp\/v2\/media?parent=13726"}],"wp:term":[{"taxonomy":"category","embeddable":true,"href":"https:\/\/eldigitaldeasturias.com\/magazine365\/wp-json\/wp\/v2\/categories?post=13726"},{"taxonomy":"post_tag","embeddable":true,"href":"https:\/\/eldigitaldeasturias.com\/magazine365\/wp-json\/wp\/v2\/tags?post=13726"}],"curies":[{"name":"wp","href":"https:\/\/api.w.org\/{rel}","templated":true}]}}