{"id":13723,"date":"2014-05-23T18:04:46","date_gmt":"2014-05-23T20:04:46","guid":{"rendered":"http:\/\/eldigitaldeasturias.com\/magazine365\/?p=13723"},"modified":"2014-05-23T18:04:46","modified_gmt":"2014-05-23T20:04:46","slug":"joaquin-prat-afirma-que-no-me-molesta-ser-el-chico-ana-rosa","status":"publish","type":"post","link":"https:\/\/eldigitaldeasturias.com\/magazine365\/joaquin-prat-afirma-que-no-me-molesta-ser-el-chico-ana-rosa\/","title":{"rendered":"Joaqu\u00edn Prat afirma que \u00abno me molesta ser el chico Ana Rosa\u00bb"},"content":{"rendered":"<p><img fetchpriority=\"high\" decoding=\"async\" class=\"alignleft size-medium wp-image-13724\" alt=\"6292453w\" src=\"https:\/\/eldigitaldeasturias.com\/magazine365\/wp-content\/uploads\/2014\/05\/6292453w-360x239.jpg\" width=\"360\" height=\"239\" \/>Madrid, 23 may (EFE).- Su padre, Joaqu\u00edn Prat, fue un grande del Periodismo, y su actual compa\u00f1era de plat\u00f3, Ana Rosa Quintana, es un \u00abmonstruo\u00bb de la televisi\u00f3n. Sin embargo, nadie le hace sombra al presentador Joaqu\u00edn Prat Sandberg, aunque, de vez en cuando, le caigan etiquetas como \u00abchico Ana Rosa\u00bb, \u00abno me molesta\u00bb, explica.<\/p>\n<p>\u00abLa televisi\u00f3n es muy de etiquetas\u00bb, explic\u00f3 el comunicador en una entrevista reciente con Luj\u00e1n Arg\u00fcelles en su programa de Efe Radio.<\/p>\n<p>Desde hace cinco a\u00f1os, presenta junto a Ana Rosa Quintana un \u00abmagazine\u00bb televisivo, \u00abEl Programa de Ana Rosa\u00bb, que combina actualidad, pol\u00edtica, cr\u00f3nica de sucesos y coraz\u00f3n.<\/p>\n<p>Dice sin complejos que la prensa rosa gusta tanto porque los espectadores empatizan con las vidas de personajes como \u00abRosa de Benito y Amador Mohedano, Chabelita o Jos\u00e9 Fernando\u00bb. \u00abLos problemas de la gente popular los viven muchas familias en este pa\u00eds\u00bb, afirma.<\/p>\n<p>Empez\u00f3 la carrera de Ciencias Econ\u00f3micas porque su padre, licenciado en Derecho, le recomend\u00f3 estudiar \u00abalgo serio\u00bb. Pronto descubri\u00f3 que su pasi\u00f3n no eran los n\u00fameros, \u00abme di cuenta de que no pod\u00eda seguir haciendo el imb\u00e9cil estudiando algo que no me llenaba\u00bb.<\/p>\n<p>Su verdadera vocaci\u00f3n, el Periodismo, no atravesaba la crisis actual y pronto lleg\u00f3 su oportunidad, en Radio Nacional de Espa\u00f1a, donde trabaj\u00f3 en m\u00e1s de 20 programas. Tuvo la suerte de compartir cabina en \u00abHoy por hoy\u00bb, durante seis a\u00f1os, con I\u00f1aki Gabilondo, \u00abnunca nadie me llam\u00f3 el chico Gabilondo\u00bb, r\u00ede el periodista.<\/p>\n<p>\u00abLa naturalidad\u00bb es su arma para conquistar a una audiencia fiel que no suele fallar por las ma\u00f1anas. A\u00fan as\u00ed, \u00absiempre miramos los datos de audiencia\u00bb, confiesa el presentador, quien dirigi\u00f3, en 2013, su propio programa de televisi\u00f3n, \u00abCampamento de verano\u00bb.<\/p>\n<p>Aunque el coraz\u00f3n, \u00abla pandereta\u00bb, como el lo califica, le divierte especialmente, su debilidad en el programa es la mesa pol\u00edtica. Suele \u00abmojarse\u00bb con sus opiniones porque considera que esa es la \u00fanica v\u00eda para conseguir \u00abque los de arriba se enteren de que por donde nos llevan no es el mejor camino\u00bb, ha dicho.<\/p>\n<p>\u00abLos ciudadanos, gracias a su solidaridad, est\u00e1n sacando adelante todo esto\u00bb, comenta refiri\u00e9ndose a la situaci\u00f3n de Espa\u00f1a. \u00abTodo se ha puesto en duda porque no est\u00e1n a la altura ni los pol\u00edticos, ni los sindicatos, ni la Familia Real&#8230;nadie\u00bb, ha manifestado.<\/p>\n<p>Se emociona especialmente al recordar la historia de su padre, Joaqu\u00edn Prat, quien tuvo que emigrar en los 70 a Italia y Suiza para ayudar en la econom\u00eda familiar. \u00abTrabaj\u00f3 como heladero, como barrendero y en otros trabajos\u00bb, recuerda Prat Sandberg.<\/p>\n<p>Alg\u00fan d\u00eda, tendr\u00e1 sus propios hijos, \u00abaunque yo ya s\u00e9 m\u00e1s o menos lo que es eso\u00bb. Su pareja tiene tres hijos de otra relaci\u00f3n, \u00abyo los quiero como si fueran m\u00edos, primero me enamor\u00e9 de ella y luego de esos ni\u00f1os\u00bb, relata.<\/p>\n<p>Hace unos meses, pidi\u00f3 matrimonio a su novia y lo hizo a la vieja usanza. \u00abSe lo ped\u00ed con rodilla al suelo, en medio de la calle, en la puerta de su trabajo\u00bb.<\/p>\n","protected":false},"excerpt":{"rendered":"<p>Madrid, 23 may (EFE).- Su padre, Joaqu\u00edn Prat, fue un grande del Periodismo, y su actual compa\u00f1era de plat\u00f3, Ana Rosa Quintana, es un \u00abmonstruo\u00bb de la televisi\u00f3n. Sin embargo, nadie le hace sombra al presentador Joaqu\u00edn Prat Sandberg, aunque, de vez en cuando, le caigan etiquetas como \u00abchico Ana Rosa\u00bb, \u00abno me molesta\u00bb, explica.<\/p>\n","protected":false},"author":1,"featured_media":13724,"comment_status":"open","ping_status":"closed","sticky":false,"template":"","format":"standard","meta":{"footnotes":""},"categories":[224],"tags":[],"class_list":{"0":"post-13723","1":"post","2":"type-post","3":"status-publish","4":"format-standard","5":"has-post-thumbnail","7":"category-noticias-actualidad"},"aioseo_notices":[],"aioseo_head":"\n\t\t<!-- All in One SEO Pro 4.9.6.1 - aioseo.com -->\n\t<meta name=\"description\" content=\"Madrid, 23 may (EFE).- Su padre, Joaqu\u00edn Prat, fue un grande del Periodismo, y su actual compa\u00f1era de plat\u00f3, Ana Rosa Quintana, es un &quot;monstruo&quot; de la televisi\u00f3n. Sin embargo, nadie le hace sombra al presentador Joaqu\u00edn Prat Sandberg, aunque, de vez en cuando, le caigan etiquetas como &quot;chico Ana Rosa&quot;, &quot;no me molesta&quot;, explica.\" \/>\n\t<meta name=\"robots\" content=\"max-image-preview:large\" \/>\n\t<meta name=\"author\" content=\"admin\"\/>\n\t<meta name=\"google-site-verification\" content=\"UA-38556648-1\" \/>\n\t<meta name=\"keywords\" content=\"noticias y actualidad\" \/>\n\t<link rel=\"canonical\" href=\"https:\/\/eldigitaldeasturias.com\/magazine365\/joaquin-prat-afirma-que-no-me-molesta-ser-el-chico-ana-rosa\/\" \/>\n\t<meta name=\"generator\" content=\"All in One SEO Pro (AIOSEO) 4.9.6.1\" \/>\n\t\t<meta property=\"og:locale\" content=\"es_ES\" \/>\n\t\t<meta property=\"og:site_name\" content=\"El Digital de Asturias \u2013 Revista de ocio, turismo y estilo de vida\" \/>\n\t\t<meta property=\"og:type\" content=\"article\" \/>\n\t\t<meta property=\"og:title\" content=\"Joaqu\u00edn Prat afirma que \u00abno me molesta ser el chico Ana Rosa\u00bb | El Digital de Asturias\" \/>\n\t\t<meta property=\"og:description\" content=\"Madrid, 23 may (EFE).- Su padre, Joaqu\u00edn Prat, fue un grande del Periodismo, y su actual compa\u00f1era de plat\u00f3, Ana Rosa Quintana, es un &quot;monstruo&quot; de la televisi\u00f3n. Sin embargo, nadie le hace sombra al presentador Joaqu\u00edn Prat Sandberg, aunque, de vez en cuando, le caigan etiquetas como &quot;chico Ana Rosa&quot;, &quot;no me molesta&quot;, explica.\" \/>\n\t\t<meta property=\"og:url\" content=\"https:\/\/eldigitaldeasturias.com\/magazine365\/joaquin-prat-afirma-que-no-me-molesta-ser-el-chico-ana-rosa\/\" \/>\n\t\t<meta property=\"og:image\" content=\"https:\/\/eldigitaldeasturias.com\/magazine365\/wp-content\/uploads\/2014\/05\/6292453w.jpg\" \/>\n\t\t<meta property=\"og:image:secure_url\" content=\"https:\/\/eldigitaldeasturias.com\/magazine365\/wp-content\/uploads\/2014\/05\/6292453w.jpg\" \/>\n\t\t<meta property=\"og:image:width\" content=\"800\" \/>\n\t\t<meta property=\"og:image:height\" content=\"533\" \/>\n\t\t<meta property=\"article:published_time\" content=\"2014-05-23T20:04:46+00:00\" \/>\n\t\t<meta property=\"article:modified_time\" content=\"2014-05-23T20:04:46+00:00\" \/>\n\t\t<meta name=\"twitter:card\" content=\"summary_large_image\" \/>\n\t\t<meta name=\"twitter:title\" content=\"Joaqu\u00edn Prat afirma que \u00abno me molesta ser el chico Ana Rosa\u00bb | El Digital de Asturias\" \/>\n\t\t<meta name=\"twitter:description\" content=\"Madrid, 23 may (EFE).- Su padre, Joaqu\u00edn Prat, fue un grande del Periodismo, y su actual compa\u00f1era de plat\u00f3, Ana Rosa Quintana, es un &quot;monstruo&quot; de la televisi\u00f3n. Sin embargo, nadie le hace sombra al presentador Joaqu\u00edn Prat Sandberg, aunque, de vez en cuando, le caigan etiquetas como &quot;chico Ana Rosa&quot;, &quot;no me molesta&quot;, explica.\" \/>\n\t\t<meta name=\"twitter:image\" content=\"https:\/\/eldigitaldeasturias.com\/magazine365\/wp-content\/uploads\/2014\/05\/6292453w.jpg\" \/>\n\t\t<script type=\"application\/ld+json\" class=\"aioseo-schema\">\n\t\t\t{\"@context\":\"https:\\\/\\\/schema.org\",\"@graph\":[{\"@type\":\"Article\",\"@id\":\"https:\\\/\\\/eldigitaldeasturias.com\\\/magazine365\\\/joaquin-prat-afirma-que-no-me-molesta-ser-el-chico-ana-rosa\\\/#article\",\"name\":\"Joaqu\\u00edn Prat afirma que \\u00abno me molesta ser el chico Ana Rosa\\u00bb | El Digital de Asturias\",\"headline\":\"Joaqu\\u00edn Prat afirma que \\u00abno me molesta ser el chico Ana Rosa\\u00bb\",\"author\":{\"@id\":\"https:\\\/\\\/eldigitaldeasturias.com\\\/magazine365\\\/author\\\/admin\\\/#author\"},\"publisher\":{\"@id\":\"https:\\\/\\\/eldigitaldeasturias.com\\\/magazine365\\\/#organization\"},\"image\":{\"@type\":\"ImageObject\",\"url\":\"https:\\\/\\\/eldigitaldeasturias.com\\\/magazine365\\\/wp-content\\\/uploads\\\/2014\\\/05\\\/6292453w.jpg\",\"width\":800,\"height\":533},\"datePublished\":\"2014-05-23T18:04:46+02:00\",\"dateModified\":\"2014-05-23T18:04:46+02:00\",\"inLanguage\":\"es-ES\",\"mainEntityOfPage\":{\"@id\":\"https:\\\/\\\/eldigitaldeasturias.com\\\/magazine365\\\/joaquin-prat-afirma-que-no-me-molesta-ser-el-chico-ana-rosa\\\/#webpage\"},\"isPartOf\":{\"@id\":\"https:\\\/\\\/eldigitaldeasturias.com\\\/magazine365\\\/joaquin-prat-afirma-que-no-me-molesta-ser-el-chico-ana-rosa\\\/#webpage\"},\"articleSection\":\"Noticias y Actualidad\"},{\"@type\":\"BreadcrumbList\",\"@id\":\"https:\\\/\\\/eldigitaldeasturias.com\\\/magazine365\\\/joaquin-prat-afirma-que-no-me-molesta-ser-el-chico-ana-rosa\\\/#breadcrumblist\",\"itemListElement\":[{\"@type\":\"ListItem\",\"@id\":\"https:\\\/\\\/eldigitaldeasturias.com\\\/magazine365#listItem\",\"position\":1,\"name\":\"Home\",\"item\":\"https:\\\/\\\/eldigitaldeasturias.com\\\/magazine365\",\"nextItem\":{\"@type\":\"ListItem\",\"@id\":\"https:\\\/\\\/eldigitaldeasturias.com\\\/magazine365\\\/category\\\/noticias-actualidad\\\/#listItem\",\"name\":\"Noticias y Actualidad\"}},{\"@type\":\"ListItem\",\"@id\":\"https:\\\/\\\/eldigitaldeasturias.com\\\/magazine365\\\/category\\\/noticias-actualidad\\\/#listItem\",\"position\":2,\"name\":\"Noticias y Actualidad\",\"item\":\"https:\\\/\\\/eldigitaldeasturias.com\\\/magazine365\\\/category\\\/noticias-actualidad\\\/\",\"nextItem\":{\"@type\":\"ListItem\",\"@id\":\"https:\\\/\\\/eldigitaldeasturias.com\\\/magazine365\\\/joaquin-prat-afirma-que-no-me-molesta-ser-el-chico-ana-rosa\\\/#listItem\",\"name\":\"Joaqu\\u00edn Prat afirma que \\u00abno me molesta ser el chico Ana Rosa\\u00bb\"},\"previousItem\":{\"@type\":\"ListItem\",\"@id\":\"https:\\\/\\\/eldigitaldeasturias.com\\\/magazine365#listItem\",\"name\":\"Home\"}},{\"@type\":\"ListItem\",\"@id\":\"https:\\\/\\\/eldigitaldeasturias.com\\\/magazine365\\\/joaquin-prat-afirma-que-no-me-molesta-ser-el-chico-ana-rosa\\\/#listItem\",\"position\":3,\"name\":\"Joaqu\\u00edn Prat afirma que \\u00abno me molesta ser el chico Ana Rosa\\u00bb\",\"previousItem\":{\"@type\":\"ListItem\",\"@id\":\"https:\\\/\\\/eldigitaldeasturias.com\\\/magazine365\\\/category\\\/noticias-actualidad\\\/#listItem\",\"name\":\"Noticias y Actualidad\"}}]},{\"@type\":\"Organization\",\"@id\":\"https:\\\/\\\/eldigitaldeasturias.com\\\/magazine365\\\/#organization\",\"name\":\"El digital de Asturias\",\"description\":\"Revista de ocio, turismo y estilo de vida\",\"url\":\"https:\\\/\\\/eldigitaldeasturias.com\\\/magazine365\\\/\",\"logo\":{\"@type\":\"ImageObject\",\"url\":\"https:\\\/\\\/www.eldigitaldeasturias.com\\\/noticias\\\/wp-content\\\/uploads\\\/2020\\\/12\\\/EDA.jpg\",\"@id\":\"https:\\\/\\\/eldigitaldeasturias.com\\\/magazine365\\\/joaquin-prat-afirma-que-no-me-molesta-ser-el-chico-ana-rosa\\\/#organizationLogo\"},\"image\":{\"@id\":\"https:\\\/\\\/eldigitaldeasturias.com\\\/magazine365\\\/joaquin-prat-afirma-que-no-me-molesta-ser-el-chico-ana-rosa\\\/#organizationLogo\"}},{\"@type\":\"Person\",\"@id\":\"https:\\\/\\\/eldigitaldeasturias.com\\\/magazine365\\\/author\\\/admin\\\/#author\",\"url\":\"https:\\\/\\\/eldigitaldeasturias.com\\\/magazine365\\\/author\\\/admin\\\/\",\"name\":\"admin\",\"image\":{\"@type\":\"ImageObject\",\"@id\":\"https:\\\/\\\/eldigitaldeasturias.com\\\/magazine365\\\/joaquin-prat-afirma-que-no-me-molesta-ser-el-chico-ana-rosa\\\/#authorImage\",\"url\":\"https:\\\/\\\/eldigitaldeasturias.com\\\/magazine365\\\/wp-content\\\/litespeed\\\/avatar\\\/e571bcf59a0edd6fa6838245a470f2fe.jpg?ver=1776969259\",\"width\":96,\"height\":96,\"caption\":\"admin\"}},{\"@type\":\"WebPage\",\"@id\":\"https:\\\/\\\/eldigitaldeasturias.com\\\/magazine365\\\/joaquin-prat-afirma-que-no-me-molesta-ser-el-chico-ana-rosa\\\/#webpage\",\"url\":\"https:\\\/\\\/eldigitaldeasturias.com\\\/magazine365\\\/joaquin-prat-afirma-que-no-me-molesta-ser-el-chico-ana-rosa\\\/\",\"name\":\"Joaqu\\u00edn Prat afirma que \\u00abno me molesta ser el chico Ana Rosa\\u00bb | El Digital de Asturias\",\"description\":\"Madrid, 23 may (EFE).- Su padre, Joaqu\\u00edn Prat, fue un grande del Periodismo, y su actual compa\\u00f1era de plat\\u00f3, Ana Rosa Quintana, es un \\\"monstruo\\\" de la televisi\\u00f3n. Sin embargo, nadie le hace sombra al presentador Joaqu\\u00edn Prat Sandberg, aunque, de vez en cuando, le caigan etiquetas como \\\"chico Ana Rosa\\\", \\\"no me molesta\\\", explica.\",\"inLanguage\":\"es-ES\",\"isPartOf\":{\"@id\":\"https:\\\/\\\/eldigitaldeasturias.com\\\/magazine365\\\/#website\"},\"breadcrumb\":{\"@id\":\"https:\\\/\\\/eldigitaldeasturias.com\\\/magazine365\\\/joaquin-prat-afirma-que-no-me-molesta-ser-el-chico-ana-rosa\\\/#breadcrumblist\"},\"author\":{\"@id\":\"https:\\\/\\\/eldigitaldeasturias.com\\\/magazine365\\\/author\\\/admin\\\/#author\"},\"creator\":{\"@id\":\"https:\\\/\\\/eldigitaldeasturias.com\\\/magazine365\\\/author\\\/admin\\\/#author\"},\"image\":{\"@type\":\"ImageObject\",\"url\":\"https:\\\/\\\/eldigitaldeasturias.com\\\/magazine365\\\/wp-content\\\/uploads\\\/2014\\\/05\\\/6292453w.jpg\",\"@id\":\"https:\\\/\\\/eldigitaldeasturias.com\\\/magazine365\\\/joaquin-prat-afirma-que-no-me-molesta-ser-el-chico-ana-rosa\\\/#mainImage\",\"width\":800,\"height\":533},\"primaryImageOfPage\":{\"@id\":\"https:\\\/\\\/eldigitaldeasturias.com\\\/magazine365\\\/joaquin-prat-afirma-que-no-me-molesta-ser-el-chico-ana-rosa\\\/#mainImage\"},\"datePublished\":\"2014-05-23T18:04:46+02:00\",\"dateModified\":\"2014-05-23T18:04:46+02:00\"},{\"@type\":\"WebSite\",\"@id\":\"https:\\\/\\\/eldigitaldeasturias.com\\\/magazine365\\\/#website\",\"url\":\"https:\\\/\\\/eldigitaldeasturias.com\\\/magazine365\\\/\",\"name\":\"El Digital de Asturias\",\"description\":\"Revista de ocio, turismo y estilo de vida\",\"inLanguage\":\"es-ES\",\"publisher\":{\"@id\":\"https:\\\/\\\/eldigitaldeasturias.com\\\/magazine365\\\/#organization\"}}]}\n\t\t<\/script>\n\t\t<!-- All in One SEO Pro -->\r\n\t\t<title>Joaqu\u00edn Prat afirma que \u00abno me molesta ser el chico Ana Rosa\u00bb | El Digital de Asturias<\/title>\n\n","aioseo_head_json":{"title":"Joaqu\u00edn Prat afirma que \u00abno me molesta ser el chico Ana Rosa\u00bb | El Digital de Asturias","description":"Madrid, 23 may (EFE).- Su padre, Joaqu\u00edn Prat, fue un grande del Periodismo, y su actual compa\u00f1era de plat\u00f3, Ana Rosa Quintana, es un \"monstruo\" de la televisi\u00f3n. Sin embargo, nadie le hace sombra al presentador Joaqu\u00edn Prat Sandberg, aunque, de vez en cuando, le caigan etiquetas como \"chico Ana Rosa\", \"no me molesta\", explica.","canonical_url":"https:\/\/eldigitaldeasturias.com\/magazine365\/joaquin-prat-afirma-que-no-me-molesta-ser-el-chico-ana-rosa\/","robots":"max-image-preview:large","keywords":"noticias y actualidad","webmasterTools":{"google-site-verification":"UA-38556648-1","miscellaneous":""},"schema":{"@context":"https:\/\/schema.org","@graph":[{"@type":"Article","@id":"https:\/\/eldigitaldeasturias.com\/magazine365\/joaquin-prat-afirma-que-no-me-molesta-ser-el-chico-ana-rosa\/#article","name":"Joaqu\u00edn Prat afirma que \u00abno me molesta ser el chico Ana Rosa\u00bb | El Digital de Asturias","headline":"Joaqu\u00edn Prat afirma que \u00abno me molesta ser el chico Ana Rosa\u00bb","author":{"@id":"https:\/\/eldigitaldeasturias.com\/magazine365\/author\/admin\/#author"},"publisher":{"@id":"https:\/\/eldigitaldeasturias.com\/magazine365\/#organization"},"image":{"@type":"ImageObject","url":"https:\/\/eldigitaldeasturias.com\/magazine365\/wp-content\/uploads\/2014\/05\/6292453w.jpg","width":800,"height":533},"datePublished":"2014-05-23T18:04:46+02:00","dateModified":"2014-05-23T18:04:46+02:00","inLanguage":"es-ES","mainEntityOfPage":{"@id":"https:\/\/eldigitaldeasturias.com\/magazine365\/joaquin-prat-afirma-que-no-me-molesta-ser-el-chico-ana-rosa\/#webpage"},"isPartOf":{"@id":"https:\/\/eldigitaldeasturias.com\/magazine365\/joaquin-prat-afirma-que-no-me-molesta-ser-el-chico-ana-rosa\/#webpage"},"articleSection":"Noticias y Actualidad"},{"@type":"BreadcrumbList","@id":"https:\/\/eldigitaldeasturias.com\/magazine365\/joaquin-prat-afirma-que-no-me-molesta-ser-el-chico-ana-rosa\/#breadcrumblist","itemListElement":[{"@type":"ListItem","@id":"https:\/\/eldigitaldeasturias.com\/magazine365#listItem","position":1,"name":"Home","item":"https:\/\/eldigitaldeasturias.com\/magazine365","nextItem":{"@type":"ListItem","@id":"https:\/\/eldigitaldeasturias.com\/magazine365\/category\/noticias-actualidad\/#listItem","name":"Noticias y Actualidad"}},{"@type":"ListItem","@id":"https:\/\/eldigitaldeasturias.com\/magazine365\/category\/noticias-actualidad\/#listItem","position":2,"name":"Noticias y Actualidad","item":"https:\/\/eldigitaldeasturias.com\/magazine365\/category\/noticias-actualidad\/","nextItem":{"@type":"ListItem","@id":"https:\/\/eldigitaldeasturias.com\/magazine365\/joaquin-prat-afirma-que-no-me-molesta-ser-el-chico-ana-rosa\/#listItem","name":"Joaqu\u00edn Prat afirma que \u00abno me molesta ser el chico Ana Rosa\u00bb"},"previousItem":{"@type":"ListItem","@id":"https:\/\/eldigitaldeasturias.com\/magazine365#listItem","name":"Home"}},{"@type":"ListItem","@id":"https:\/\/eldigitaldeasturias.com\/magazine365\/joaquin-prat-afirma-que-no-me-molesta-ser-el-chico-ana-rosa\/#listItem","position":3,"name":"Joaqu\u00edn Prat afirma que \u00abno me molesta ser el chico Ana Rosa\u00bb","previousItem":{"@type":"ListItem","@id":"https:\/\/eldigitaldeasturias.com\/magazine365\/category\/noticias-actualidad\/#listItem","name":"Noticias y Actualidad"}}]},{"@type":"Organization","@id":"https:\/\/eldigitaldeasturias.com\/magazine365\/#organization","name":"El digital de Asturias","description":"Revista de ocio, turismo y estilo de vida","url":"https:\/\/eldigitaldeasturias.com\/magazine365\/","logo":{"@type":"ImageObject","url":"https:\/\/www.eldigitaldeasturias.com\/noticias\/wp-content\/uploads\/2020\/12\/EDA.jpg","@id":"https:\/\/eldigitaldeasturias.com\/magazine365\/joaquin-prat-afirma-que-no-me-molesta-ser-el-chico-ana-rosa\/#organizationLogo"},"image":{"@id":"https:\/\/eldigitaldeasturias.com\/magazine365\/joaquin-prat-afirma-que-no-me-molesta-ser-el-chico-ana-rosa\/#organizationLogo"}},{"@type":"Person","@id":"https:\/\/eldigitaldeasturias.com\/magazine365\/author\/admin\/#author","url":"https:\/\/eldigitaldeasturias.com\/magazine365\/author\/admin\/","name":"admin","image":{"@type":"ImageObject","@id":"https:\/\/eldigitaldeasturias.com\/magazine365\/joaquin-prat-afirma-que-no-me-molesta-ser-el-chico-ana-rosa\/#authorImage","url":"https:\/\/eldigitaldeasturias.com\/magazine365\/wp-content\/litespeed\/avatar\/e571bcf59a0edd6fa6838245a470f2fe.jpg?ver=1776969259","width":96,"height":96,"caption":"admin"}},{"@type":"WebPage","@id":"https:\/\/eldigitaldeasturias.com\/magazine365\/joaquin-prat-afirma-que-no-me-molesta-ser-el-chico-ana-rosa\/#webpage","url":"https:\/\/eldigitaldeasturias.com\/magazine365\/joaquin-prat-afirma-que-no-me-molesta-ser-el-chico-ana-rosa\/","name":"Joaqu\u00edn Prat afirma que \u00abno me molesta ser el chico Ana Rosa\u00bb | El Digital de Asturias","description":"Madrid, 23 may (EFE).- Su padre, Joaqu\u00edn Prat, fue un grande del Periodismo, y su actual compa\u00f1era de plat\u00f3, Ana Rosa Quintana, es un \"monstruo\" de la televisi\u00f3n. Sin embargo, nadie le hace sombra al presentador Joaqu\u00edn Prat Sandberg, aunque, de vez en cuando, le caigan etiquetas como \"chico Ana Rosa\", \"no me molesta\", explica.","inLanguage":"es-ES","isPartOf":{"@id":"https:\/\/eldigitaldeasturias.com\/magazine365\/#website"},"breadcrumb":{"@id":"https:\/\/eldigitaldeasturias.com\/magazine365\/joaquin-prat-afirma-que-no-me-molesta-ser-el-chico-ana-rosa\/#breadcrumblist"},"author":{"@id":"https:\/\/eldigitaldeasturias.com\/magazine365\/author\/admin\/#author"},"creator":{"@id":"https:\/\/eldigitaldeasturias.com\/magazine365\/author\/admin\/#author"},"image":{"@type":"ImageObject","url":"https:\/\/eldigitaldeasturias.com\/magazine365\/wp-content\/uploads\/2014\/05\/6292453w.jpg","@id":"https:\/\/eldigitaldeasturias.com\/magazine365\/joaquin-prat-afirma-que-no-me-molesta-ser-el-chico-ana-rosa\/#mainImage","width":800,"height":533},"primaryImageOfPage":{"@id":"https:\/\/eldigitaldeasturias.com\/magazine365\/joaquin-prat-afirma-que-no-me-molesta-ser-el-chico-ana-rosa\/#mainImage"},"datePublished":"2014-05-23T18:04:46+02:00","dateModified":"2014-05-23T18:04:46+02:00"},{"@type":"WebSite","@id":"https:\/\/eldigitaldeasturias.com\/magazine365\/#website","url":"https:\/\/eldigitaldeasturias.com\/magazine365\/","name":"El Digital de Asturias","description":"Revista de ocio, turismo y estilo de vida","inLanguage":"es-ES","publisher":{"@id":"https:\/\/eldigitaldeasturias.com\/magazine365\/#organization"}}]},"og:locale":"es_ES","og:site_name":"El Digital de Asturias \u2013 Revista de ocio, turismo y estilo de vida","og:type":"article","og:title":"Joaqu\u00edn Prat afirma que \u00abno me molesta ser el chico Ana Rosa\u00bb | El Digital de Asturias","og:description":"Madrid, 23 may (EFE).- Su padre, Joaqu\u00edn Prat, fue un grande del Periodismo, y su actual compa\u00f1era de plat\u00f3, Ana Rosa Quintana, es un &quot;monstruo&quot; de la televisi\u00f3n. Sin embargo, nadie le hace sombra al presentador Joaqu\u00edn Prat Sandberg, aunque, de vez en cuando, le caigan etiquetas como &quot;chico Ana Rosa&quot;, &quot;no me molesta&quot;, explica.","og:url":"https:\/\/eldigitaldeasturias.com\/magazine365\/joaquin-prat-afirma-que-no-me-molesta-ser-el-chico-ana-rosa\/","og:image":"https:\/\/eldigitaldeasturias.com\/magazine365\/wp-content\/uploads\/2014\/05\/6292453w.jpg","og:image:secure_url":"https:\/\/eldigitaldeasturias.com\/magazine365\/wp-content\/uploads\/2014\/05\/6292453w.jpg","og:image:width":800,"og:image:height":533,"article:published_time":"2014-05-23T20:04:46+00:00","article:modified_time":"2014-05-23T20:04:46+00:00","twitter:card":"summary_large_image","twitter:title":"Joaqu\u00edn Prat afirma que \u00abno me molesta ser el chico Ana Rosa\u00bb | El Digital de Asturias","twitter:description":"Madrid, 23 may (EFE).- Su padre, Joaqu\u00edn Prat, fue un grande del Periodismo, y su actual compa\u00f1era de plat\u00f3, Ana Rosa Quintana, es un &quot;monstruo&quot; de la televisi\u00f3n. Sin embargo, nadie le hace sombra al presentador Joaqu\u00edn Prat Sandberg, aunque, de vez en cuando, le caigan etiquetas como &quot;chico Ana Rosa&quot;, &quot;no me molesta&quot;, explica.","twitter:image":"https:\/\/eldigitaldeasturias.com\/magazine365\/wp-content\/uploads\/2014\/05\/6292453w.jpg"},"aioseo_meta_data":{"post_id":"13723","title":null,"description":null,"keywords":null,"keyphrases":null,"primary_term":null,"canonical_url":null,"og_title":null,"og_description":null,"og_object_type":"default","og_image_type":"default","og_image_url":null,"og_image_width":null,"og_image_height":null,"og_image_custom_url":null,"og_image_custom_fields":null,"og_video":null,"og_custom_url":null,"og_article_section":null,"og_article_tags":null,"twitter_use_og":false,"twitter_card":"default","twitter_image_type":"default","twitter_image_url":null,"twitter_image_custom_url":null,"twitter_image_custom_fields":null,"twitter_title":null,"twitter_description":null,"schema":{"blockGraphs":[],"customGraphs":[],"default":{"data":{"Article":[],"Course":[],"Dataset":[],"FAQPage":[],"Movie":[],"Person":[],"Product":[],"ProductReview":[],"Car":[],"Recipe":[],"Service":[],"SoftwareApplication":[],"WebPage":[]},"graphName":"","isEnabled":true},"graphs":[],"defaultGraph":"","defaultPostTypeGraph":""},"schema_type":null,"schema_type_options":null,"pillar_content":false,"robots_default":true,"robots_noindex":false,"robots_noarchive":false,"robots_nosnippet":false,"robots_nofollow":false,"robots_noimageindex":false,"robots_noodp":false,"robots_notranslate":false,"robots_max_snippet":null,"robots_max_videopreview":null,"robots_max_imagepreview":"large","priority":null,"frequency":null,"location":null,"local_seo":null,"seo_analyzer_scan_date":"2025-09-17 08:49:26","breadcrumb_settings":null,"limit_modified_date":false,"open_ai":null,"ai":null,"created":"2021-03-09 08:24:43","updated":"2025-09-17 08:49:26"},"aioseo_breadcrumb":"<div class=\"aioseo-breadcrumbs\"><span class=\"aioseo-breadcrumb\">\n\t<a href=\"https:\/\/eldigitaldeasturias.com\/magazine365\" title=\"Home\">Home<\/a>\n<\/span><span class=\"aioseo-breadcrumb-separator\">\u2013<\/span><span class=\"aioseo-breadcrumb\">\n\t<a href=\"https:\/\/eldigitaldeasturias.com\/magazine365\/category\/noticias-actualidad\/\" title=\"Noticias y Actualidad\">Noticias y Actualidad<\/a>\n<\/span><span class=\"aioseo-breadcrumb-separator\">\u2013<\/span><span class=\"aioseo-breadcrumb\">\n\t<a href=\"https:\/\/eldigitaldeasturias.com\/magazine365\/joaquin-prat-afirma-que-no-me-molesta-ser-el-chico-ana-rosa\/\" title=\"Joaqu\u00edn Prat afirma que \u00abno me molesta ser el chico Ana Rosa\u00bb\">Joaqu\u00edn Prat afirma que \u00abno me molesta ser el chico Ana Rosa\u00bb<\/a>\n<\/span><\/div>","aioseo_breadcrumb_json":[{"label":"Home","link":"https:\/\/eldigitaldeasturias.com\/magazine365"},{"label":"Noticias y Actualidad","link":"https:\/\/eldigitaldeasturias.com\/magazine365\/category\/noticias-actualidad\/"},{"label":"Joaqu\u00edn Prat afirma que \u00abno me molesta ser el chico Ana Rosa\u00bb","link":"https:\/\/eldigitaldeasturias.com\/magazine365\/joaquin-prat-afirma-que-no-me-molesta-ser-el-chico-ana-rosa\/"}],"_links":{"self":[{"href":"https:\/\/eldigitaldeasturias.com\/magazine365\/wp-json\/wp\/v2\/posts\/13723","targetHints":{"allow":["GET"]}}],"collection":[{"href":"https:\/\/eldigitaldeasturias.com\/magazine365\/wp-json\/wp\/v2\/posts"}],"about":[{"href":"https:\/\/eldigitaldeasturias.com\/magazine365\/wp-json\/wp\/v2\/types\/post"}],"author":[{"embeddable":true,"href":"https:\/\/eldigitaldeasturias.com\/magazine365\/wp-json\/wp\/v2\/users\/1"}],"replies":[{"embeddable":true,"href":"https:\/\/eldigitaldeasturias.com\/magazine365\/wp-json\/wp\/v2\/comments?post=13723"}],"version-history":[{"count":0,"href":"https:\/\/eldigitaldeasturias.com\/magazine365\/wp-json\/wp\/v2\/posts\/13723\/revisions"}],"wp:featuredmedia":[{"embeddable":true,"href":"https:\/\/eldigitaldeasturias.com\/magazine365\/wp-json\/wp\/v2\/media\/13724"}],"wp:attachment":[{"href":"https:\/\/eldigitaldeasturias.com\/magazine365\/wp-json\/wp\/v2\/media?parent=13723"}],"wp:term":[{"taxonomy":"category","embeddable":true,"href":"https:\/\/eldigitaldeasturias.com\/magazine365\/wp-json\/wp\/v2\/categories?post=13723"},{"taxonomy":"post_tag","embeddable":true,"href":"https:\/\/eldigitaldeasturias.com\/magazine365\/wp-json\/wp\/v2\/tags?post=13723"}],"curies":[{"name":"wp","href":"https:\/\/api.w.org\/{rel}","templated":true}]}}