{"id":13720,"date":"2014-05-23T18:03:29","date_gmt":"2014-05-23T20:03:29","guid":{"rendered":"http:\/\/eldigitaldeasturias.com\/magazine365\/?p=13720"},"modified":"2014-05-23T18:03:29","modified_gmt":"2014-05-23T20:03:29","slug":"la-mitad-de-las-espanolas-que-han-tenido-partos-naturales-sufre-prolapso-pelvico","status":"publish","type":"post","link":"https:\/\/eldigitaldeasturias.com\/magazine365\/la-mitad-de-las-espanolas-que-han-tenido-partos-naturales-sufre-prolapso-pelvico\/","title":{"rendered":"La mitad de las espa\u00f1olas que han tenido partos naturales sufre prolapso p\u00e9lvico"},"content":{"rendered":"<p><img fetchpriority=\"high\" decoding=\"async\" class=\"alignleft size-medium wp-image-13721\" alt=\"6292348w\" src=\"https:\/\/eldigitaldeasturias.com\/magazine365\/wp-content\/uploads\/2014\/05\/6292348w-360x239.jpg\" width=\"360\" height=\"239\" \/>Madrid, 23 may (EFE).- El prolapso de \u00f3rganos p\u00e9lvicos afecta a m\u00e1s del 50 por ciento de las espa\u00f1olas que han tenido alg\u00fan parto natural y su incidencia es mayor en mujeres de entre 60 y 69 a\u00f1os, han recordado los especialistas con motivo de la celebraci\u00f3n el pr\u00f3ximo 28 del D\u00eda Internacional de Acci\u00f3n por la Salud de la Mujer.<\/p>\n<p>Esta disfunci\u00f3n del suelo p\u00e9lvico consiste en el descolgamiento de \u00f3rganos como la vejiga, el recto, el \u00fatero o el intestino y se produce por el fallo de los mecanismos de sujeci\u00f3n de los mismos.<\/p>\n<p>Los principales factores que favorecen la aparici\u00f3n de esta enfermedad son, adem\u00e1s de la constituci\u00f3n individual de cada mujer, los embarazos y partos, el envejecimiento, la obesidad, el estre\u00f1imiento, el tabaquismo y las cirug\u00edas p\u00e9lvicas.<\/p>\n<p>La sensaci\u00f3n de bultos p\u00e9lvicos, tener dificultades para orinar y alteraciones en el vaciado de la vejiga o sufrir limitaciones en el desarrollo de las relaciones sexuales, entre otros s\u00edntomas, pueden ser motivos de alerta para acudir a la consulta del m\u00e9dico.<\/p>\n<p>\u00abToda mujer que aprecie un bulto p\u00e9lvico en el interior de su vagina o sobresaliendo a trav\u00e9s de la misma, debe consultar al ur\u00f3logo o ginec\u00f3logo\u00bb, ha se\u00f1alado el doctor Gregorio Escribano, jefe de Secci\u00f3n de Urolog\u00eda del Hospital General Universitario Gregorio Mara\u00f1\u00f3n de Madrid.<\/p>\n<p>Seg\u00fan este especialista, pese a que no afecta al pron\u00f3stico vital, repercute \u00abgravemente\u00bb en la calidad de vida de las mujeres que lo padecen.<\/p>\n<p>Tan solo en el 21 % de los casos se advierten s\u00edntomas severos y en algunas situaciones requieren intervenci\u00f3n m\u00e9dica.<\/p>\n<p>Para el prolapso leve, se recomienda a la paciente una serie de ejercicios y evitar realizar grandes esfuerzos, tales como levantar peso o estar mucho tiempo de pie.<\/p>\n<p>Cuando est\u00e1 en estadios m\u00e1s avanzados, la cirug\u00eda reconstructiva, con uso en muchas ocasiones de mallas transvaginales, ha demostrado una eficacia superior al 85 por ciento.<\/p>\n","protected":false},"excerpt":{"rendered":"<p>Madrid, 23 may (EFE).- El prolapso de \u00f3rganos p\u00e9lvicos afecta a m\u00e1s del 50 por ciento de las espa\u00f1olas que han tenido alg\u00fan parto natural y su incidencia es mayor en mujeres de entre 60 y 69 a\u00f1os, han recordado los especialistas con motivo de la celebraci\u00f3n el pr\u00f3ximo 28 del D\u00eda Internacional de Acci\u00f3n<\/p>\n","protected":false},"author":1,"featured_media":13721,"comment_status":"open","ping_status":"closed","sticky":false,"template":"","format":"standard","meta":{"footnotes":""},"categories":[224],"tags":[],"class_list":{"0":"post-13720","1":"post","2":"type-post","3":"status-publish","4":"format-standard","5":"has-post-thumbnail","7":"category-noticias-actualidad"},"aioseo_notices":[],"aioseo_head":"\n\t\t<!-- All in One SEO Pro 4.9.6.1 - aioseo.com -->\n\t<meta name=\"description\" content=\"Madrid, 23 may (EFE).- El prolapso de \u00f3rganos p\u00e9lvicos afecta a m\u00e1s del 50 por ciento de las espa\u00f1olas que han tenido alg\u00fan parto natural y su incidencia es mayor en mujeres de entre 60 y 69 a\u00f1os, han recordado los especialistas con motivo de la celebraci\u00f3n el pr\u00f3ximo 28 del D\u00eda Internacional de Acci\u00f3n\" \/>\n\t<meta name=\"robots\" content=\"max-image-preview:large\" \/>\n\t<meta name=\"author\" content=\"admin\"\/>\n\t<meta name=\"google-site-verification\" content=\"UA-38556648-1\" \/>\n\t<meta name=\"keywords\" content=\"noticias y actualidad\" \/>\n\t<link rel=\"canonical\" href=\"https:\/\/eldigitaldeasturias.com\/magazine365\/la-mitad-de-las-espanolas-que-han-tenido-partos-naturales-sufre-prolapso-pelvico\/\" \/>\n\t<meta name=\"generator\" content=\"All in One SEO Pro (AIOSEO) 4.9.6.1\" \/>\n\t\t<meta property=\"og:locale\" content=\"es_ES\" \/>\n\t\t<meta property=\"og:site_name\" content=\"El Digital de Asturias \u2013 Revista de ocio, turismo y estilo de vida\" \/>\n\t\t<meta property=\"og:type\" content=\"article\" \/>\n\t\t<meta property=\"og:title\" content=\"La mitad de las espa\u00f1olas que han tenido partos naturales sufre prolapso p\u00e9lvico | El Digital de Asturias\" \/>\n\t\t<meta property=\"og:description\" content=\"Madrid, 23 may (EFE).- El prolapso de \u00f3rganos p\u00e9lvicos afecta a m\u00e1s del 50 por ciento de las espa\u00f1olas que han tenido alg\u00fan parto natural y su incidencia es mayor en mujeres de entre 60 y 69 a\u00f1os, han recordado los especialistas con motivo de la celebraci\u00f3n el pr\u00f3ximo 28 del D\u00eda Internacional de Acci\u00f3n\" \/>\n\t\t<meta property=\"og:url\" content=\"https:\/\/eldigitaldeasturias.com\/magazine365\/la-mitad-de-las-espanolas-que-han-tenido-partos-naturales-sufre-prolapso-pelvico\/\" \/>\n\t\t<meta property=\"og:image\" content=\"https:\/\/eldigitaldeasturias.com\/magazine365\/wp-content\/uploads\/2014\/05\/6292348w.jpg\" \/>\n\t\t<meta property=\"og:image:secure_url\" content=\"https:\/\/eldigitaldeasturias.com\/magazine365\/wp-content\/uploads\/2014\/05\/6292348w.jpg\" \/>\n\t\t<meta property=\"og:image:width\" content=\"800\" \/>\n\t\t<meta property=\"og:image:height\" content=\"533\" \/>\n\t\t<meta property=\"article:published_time\" content=\"2014-05-23T20:03:29+00:00\" \/>\n\t\t<meta property=\"article:modified_time\" content=\"2014-05-23T20:03:29+00:00\" \/>\n\t\t<meta name=\"twitter:card\" content=\"summary_large_image\" \/>\n\t\t<meta name=\"twitter:title\" content=\"La mitad de las espa\u00f1olas que han tenido partos naturales sufre prolapso p\u00e9lvico | El Digital de Asturias\" \/>\n\t\t<meta name=\"twitter:description\" content=\"Madrid, 23 may (EFE).- El prolapso de \u00f3rganos p\u00e9lvicos afecta a m\u00e1s del 50 por ciento de las espa\u00f1olas que han tenido alg\u00fan parto natural y su incidencia es mayor en mujeres de entre 60 y 69 a\u00f1os, han recordado los especialistas con motivo de la celebraci\u00f3n el pr\u00f3ximo 28 del D\u00eda Internacional de Acci\u00f3n\" \/>\n\t\t<meta name=\"twitter:image\" content=\"https:\/\/eldigitaldeasturias.com\/magazine365\/wp-content\/uploads\/2014\/05\/6292348w.jpg\" \/>\n\t\t<script type=\"application\/ld+json\" class=\"aioseo-schema\">\n\t\t\t{\"@context\":\"https:\\\/\\\/schema.org\",\"@graph\":[{\"@type\":\"Article\",\"@id\":\"https:\\\/\\\/eldigitaldeasturias.com\\\/magazine365\\\/la-mitad-de-las-espanolas-que-han-tenido-partos-naturales-sufre-prolapso-pelvico\\\/#article\",\"name\":\"La mitad de las espa\\u00f1olas que han tenido partos naturales sufre prolapso p\\u00e9lvico | El Digital de Asturias\",\"headline\":\"La mitad de las espa\\u00f1olas que han tenido partos naturales sufre prolapso p\\u00e9lvico\",\"author\":{\"@id\":\"https:\\\/\\\/eldigitaldeasturias.com\\\/magazine365\\\/author\\\/admin\\\/#author\"},\"publisher\":{\"@id\":\"https:\\\/\\\/eldigitaldeasturias.com\\\/magazine365\\\/#organization\"},\"image\":{\"@type\":\"ImageObject\",\"url\":\"https:\\\/\\\/eldigitaldeasturias.com\\\/magazine365\\\/wp-content\\\/uploads\\\/2014\\\/05\\\/6292348w.jpg\",\"width\":800,\"height\":533},\"datePublished\":\"2014-05-23T18:03:29+02:00\",\"dateModified\":\"2014-05-23T18:03:29+02:00\",\"inLanguage\":\"es-ES\",\"mainEntityOfPage\":{\"@id\":\"https:\\\/\\\/eldigitaldeasturias.com\\\/magazine365\\\/la-mitad-de-las-espanolas-que-han-tenido-partos-naturales-sufre-prolapso-pelvico\\\/#webpage\"},\"isPartOf\":{\"@id\":\"https:\\\/\\\/eldigitaldeasturias.com\\\/magazine365\\\/la-mitad-de-las-espanolas-que-han-tenido-partos-naturales-sufre-prolapso-pelvico\\\/#webpage\"},\"articleSection\":\"Noticias y Actualidad\"},{\"@type\":\"BreadcrumbList\",\"@id\":\"https:\\\/\\\/eldigitaldeasturias.com\\\/magazine365\\\/la-mitad-de-las-espanolas-que-han-tenido-partos-naturales-sufre-prolapso-pelvico\\\/#breadcrumblist\",\"itemListElement\":[{\"@type\":\"ListItem\",\"@id\":\"https:\\\/\\\/eldigitaldeasturias.com\\\/magazine365#listItem\",\"position\":1,\"name\":\"Home\",\"item\":\"https:\\\/\\\/eldigitaldeasturias.com\\\/magazine365\",\"nextItem\":{\"@type\":\"ListItem\",\"@id\":\"https:\\\/\\\/eldigitaldeasturias.com\\\/magazine365\\\/category\\\/noticias-actualidad\\\/#listItem\",\"name\":\"Noticias y Actualidad\"}},{\"@type\":\"ListItem\",\"@id\":\"https:\\\/\\\/eldigitaldeasturias.com\\\/magazine365\\\/category\\\/noticias-actualidad\\\/#listItem\",\"position\":2,\"name\":\"Noticias y Actualidad\",\"item\":\"https:\\\/\\\/eldigitaldeasturias.com\\\/magazine365\\\/category\\\/noticias-actualidad\\\/\",\"nextItem\":{\"@type\":\"ListItem\",\"@id\":\"https:\\\/\\\/eldigitaldeasturias.com\\\/magazine365\\\/la-mitad-de-las-espanolas-que-han-tenido-partos-naturales-sufre-prolapso-pelvico\\\/#listItem\",\"name\":\"La mitad de las espa\\u00f1olas que han tenido partos naturales sufre prolapso p\\u00e9lvico\"},\"previousItem\":{\"@type\":\"ListItem\",\"@id\":\"https:\\\/\\\/eldigitaldeasturias.com\\\/magazine365#listItem\",\"name\":\"Home\"}},{\"@type\":\"ListItem\",\"@id\":\"https:\\\/\\\/eldigitaldeasturias.com\\\/magazine365\\\/la-mitad-de-las-espanolas-que-han-tenido-partos-naturales-sufre-prolapso-pelvico\\\/#listItem\",\"position\":3,\"name\":\"La mitad de las espa\\u00f1olas que han tenido partos naturales sufre prolapso p\\u00e9lvico\",\"previousItem\":{\"@type\":\"ListItem\",\"@id\":\"https:\\\/\\\/eldigitaldeasturias.com\\\/magazine365\\\/category\\\/noticias-actualidad\\\/#listItem\",\"name\":\"Noticias y Actualidad\"}}]},{\"@type\":\"Organization\",\"@id\":\"https:\\\/\\\/eldigitaldeasturias.com\\\/magazine365\\\/#organization\",\"name\":\"El digital de Asturias\",\"description\":\"Revista de ocio, turismo y estilo de vida\",\"url\":\"https:\\\/\\\/eldigitaldeasturias.com\\\/magazine365\\\/\",\"logo\":{\"@type\":\"ImageObject\",\"url\":\"https:\\\/\\\/www.eldigitaldeasturias.com\\\/noticias\\\/wp-content\\\/uploads\\\/2020\\\/12\\\/EDA.jpg\",\"@id\":\"https:\\\/\\\/eldigitaldeasturias.com\\\/magazine365\\\/la-mitad-de-las-espanolas-que-han-tenido-partos-naturales-sufre-prolapso-pelvico\\\/#organizationLogo\"},\"image\":{\"@id\":\"https:\\\/\\\/eldigitaldeasturias.com\\\/magazine365\\\/la-mitad-de-las-espanolas-que-han-tenido-partos-naturales-sufre-prolapso-pelvico\\\/#organizationLogo\"}},{\"@type\":\"Person\",\"@id\":\"https:\\\/\\\/eldigitaldeasturias.com\\\/magazine365\\\/author\\\/admin\\\/#author\",\"url\":\"https:\\\/\\\/eldigitaldeasturias.com\\\/magazine365\\\/author\\\/admin\\\/\",\"name\":\"admin\",\"image\":{\"@type\":\"ImageObject\",\"@id\":\"https:\\\/\\\/eldigitaldeasturias.com\\\/magazine365\\\/la-mitad-de-las-espanolas-que-han-tenido-partos-naturales-sufre-prolapso-pelvico\\\/#authorImage\",\"url\":\"https:\\\/\\\/eldigitaldeasturias.com\\\/magazine365\\\/wp-content\\\/litespeed\\\/avatar\\\/e571bcf59a0edd6fa6838245a470f2fe.jpg?ver=1776969259\",\"width\":96,\"height\":96,\"caption\":\"admin\"}},{\"@type\":\"WebPage\",\"@id\":\"https:\\\/\\\/eldigitaldeasturias.com\\\/magazine365\\\/la-mitad-de-las-espanolas-que-han-tenido-partos-naturales-sufre-prolapso-pelvico\\\/#webpage\",\"url\":\"https:\\\/\\\/eldigitaldeasturias.com\\\/magazine365\\\/la-mitad-de-las-espanolas-que-han-tenido-partos-naturales-sufre-prolapso-pelvico\\\/\",\"name\":\"La mitad de las espa\\u00f1olas que han tenido partos naturales sufre prolapso p\\u00e9lvico | El Digital de Asturias\",\"description\":\"Madrid, 23 may (EFE).- El prolapso de \\u00f3rganos p\\u00e9lvicos afecta a m\\u00e1s del 50 por ciento de las espa\\u00f1olas que han tenido alg\\u00fan parto natural y su incidencia es mayor en mujeres de entre 60 y 69 a\\u00f1os, han recordado los especialistas con motivo de la celebraci\\u00f3n el pr\\u00f3ximo 28 del D\\u00eda Internacional de Acci\\u00f3n\",\"inLanguage\":\"es-ES\",\"isPartOf\":{\"@id\":\"https:\\\/\\\/eldigitaldeasturias.com\\\/magazine365\\\/#website\"},\"breadcrumb\":{\"@id\":\"https:\\\/\\\/eldigitaldeasturias.com\\\/magazine365\\\/la-mitad-de-las-espanolas-que-han-tenido-partos-naturales-sufre-prolapso-pelvico\\\/#breadcrumblist\"},\"author\":{\"@id\":\"https:\\\/\\\/eldigitaldeasturias.com\\\/magazine365\\\/author\\\/admin\\\/#author\"},\"creator\":{\"@id\":\"https:\\\/\\\/eldigitaldeasturias.com\\\/magazine365\\\/author\\\/admin\\\/#author\"},\"image\":{\"@type\":\"ImageObject\",\"url\":\"https:\\\/\\\/eldigitaldeasturias.com\\\/magazine365\\\/wp-content\\\/uploads\\\/2014\\\/05\\\/6292348w.jpg\",\"@id\":\"https:\\\/\\\/eldigitaldeasturias.com\\\/magazine365\\\/la-mitad-de-las-espanolas-que-han-tenido-partos-naturales-sufre-prolapso-pelvico\\\/#mainImage\",\"width\":800,\"height\":533},\"primaryImageOfPage\":{\"@id\":\"https:\\\/\\\/eldigitaldeasturias.com\\\/magazine365\\\/la-mitad-de-las-espanolas-que-han-tenido-partos-naturales-sufre-prolapso-pelvico\\\/#mainImage\"},\"datePublished\":\"2014-05-23T18:03:29+02:00\",\"dateModified\":\"2014-05-23T18:03:29+02:00\"},{\"@type\":\"WebSite\",\"@id\":\"https:\\\/\\\/eldigitaldeasturias.com\\\/magazine365\\\/#website\",\"url\":\"https:\\\/\\\/eldigitaldeasturias.com\\\/magazine365\\\/\",\"name\":\"El Digital de Asturias\",\"description\":\"Revista de ocio, turismo y estilo de vida\",\"inLanguage\":\"es-ES\",\"publisher\":{\"@id\":\"https:\\\/\\\/eldigitaldeasturias.com\\\/magazine365\\\/#organization\"}}]}\n\t\t<\/script>\n\t\t<!-- All in One SEO Pro -->\r\n\t\t<title>La mitad de las espa\u00f1olas que han tenido partos naturales sufre prolapso p\u00e9lvico | El Digital de Asturias<\/title>\n\n","aioseo_head_json":{"title":"La mitad de las espa\u00f1olas que han tenido partos naturales sufre prolapso p\u00e9lvico | El Digital de Asturias","description":"Madrid, 23 may (EFE).- El prolapso de \u00f3rganos p\u00e9lvicos afecta a m\u00e1s del 50 por ciento de las espa\u00f1olas que han tenido alg\u00fan parto natural y su incidencia es mayor en mujeres de entre 60 y 69 a\u00f1os, han recordado los especialistas con motivo de la celebraci\u00f3n el pr\u00f3ximo 28 del D\u00eda Internacional de Acci\u00f3n","canonical_url":"https:\/\/eldigitaldeasturias.com\/magazine365\/la-mitad-de-las-espanolas-que-han-tenido-partos-naturales-sufre-prolapso-pelvico\/","robots":"max-image-preview:large","keywords":"noticias y actualidad","webmasterTools":{"google-site-verification":"UA-38556648-1","miscellaneous":""},"schema":{"@context":"https:\/\/schema.org","@graph":[{"@type":"Article","@id":"https:\/\/eldigitaldeasturias.com\/magazine365\/la-mitad-de-las-espanolas-que-han-tenido-partos-naturales-sufre-prolapso-pelvico\/#article","name":"La mitad de las espa\u00f1olas que han tenido partos naturales sufre prolapso p\u00e9lvico | El Digital de Asturias","headline":"La mitad de las espa\u00f1olas que han tenido partos naturales sufre prolapso p\u00e9lvico","author":{"@id":"https:\/\/eldigitaldeasturias.com\/magazine365\/author\/admin\/#author"},"publisher":{"@id":"https:\/\/eldigitaldeasturias.com\/magazine365\/#organization"},"image":{"@type":"ImageObject","url":"https:\/\/eldigitaldeasturias.com\/magazine365\/wp-content\/uploads\/2014\/05\/6292348w.jpg","width":800,"height":533},"datePublished":"2014-05-23T18:03:29+02:00","dateModified":"2014-05-23T18:03:29+02:00","inLanguage":"es-ES","mainEntityOfPage":{"@id":"https:\/\/eldigitaldeasturias.com\/magazine365\/la-mitad-de-las-espanolas-que-han-tenido-partos-naturales-sufre-prolapso-pelvico\/#webpage"},"isPartOf":{"@id":"https:\/\/eldigitaldeasturias.com\/magazine365\/la-mitad-de-las-espanolas-que-han-tenido-partos-naturales-sufre-prolapso-pelvico\/#webpage"},"articleSection":"Noticias y Actualidad"},{"@type":"BreadcrumbList","@id":"https:\/\/eldigitaldeasturias.com\/magazine365\/la-mitad-de-las-espanolas-que-han-tenido-partos-naturales-sufre-prolapso-pelvico\/#breadcrumblist","itemListElement":[{"@type":"ListItem","@id":"https:\/\/eldigitaldeasturias.com\/magazine365#listItem","position":1,"name":"Home","item":"https:\/\/eldigitaldeasturias.com\/magazine365","nextItem":{"@type":"ListItem","@id":"https:\/\/eldigitaldeasturias.com\/magazine365\/category\/noticias-actualidad\/#listItem","name":"Noticias y Actualidad"}},{"@type":"ListItem","@id":"https:\/\/eldigitaldeasturias.com\/magazine365\/category\/noticias-actualidad\/#listItem","position":2,"name":"Noticias y Actualidad","item":"https:\/\/eldigitaldeasturias.com\/magazine365\/category\/noticias-actualidad\/","nextItem":{"@type":"ListItem","@id":"https:\/\/eldigitaldeasturias.com\/magazine365\/la-mitad-de-las-espanolas-que-han-tenido-partos-naturales-sufre-prolapso-pelvico\/#listItem","name":"La mitad de las espa\u00f1olas que han tenido partos naturales sufre prolapso p\u00e9lvico"},"previousItem":{"@type":"ListItem","@id":"https:\/\/eldigitaldeasturias.com\/magazine365#listItem","name":"Home"}},{"@type":"ListItem","@id":"https:\/\/eldigitaldeasturias.com\/magazine365\/la-mitad-de-las-espanolas-que-han-tenido-partos-naturales-sufre-prolapso-pelvico\/#listItem","position":3,"name":"La mitad de las espa\u00f1olas que han tenido partos naturales sufre prolapso p\u00e9lvico","previousItem":{"@type":"ListItem","@id":"https:\/\/eldigitaldeasturias.com\/magazine365\/category\/noticias-actualidad\/#listItem","name":"Noticias y Actualidad"}}]},{"@type":"Organization","@id":"https:\/\/eldigitaldeasturias.com\/magazine365\/#organization","name":"El digital de Asturias","description":"Revista de ocio, turismo y estilo de vida","url":"https:\/\/eldigitaldeasturias.com\/magazine365\/","logo":{"@type":"ImageObject","url":"https:\/\/www.eldigitaldeasturias.com\/noticias\/wp-content\/uploads\/2020\/12\/EDA.jpg","@id":"https:\/\/eldigitaldeasturias.com\/magazine365\/la-mitad-de-las-espanolas-que-han-tenido-partos-naturales-sufre-prolapso-pelvico\/#organizationLogo"},"image":{"@id":"https:\/\/eldigitaldeasturias.com\/magazine365\/la-mitad-de-las-espanolas-que-han-tenido-partos-naturales-sufre-prolapso-pelvico\/#organizationLogo"}},{"@type":"Person","@id":"https:\/\/eldigitaldeasturias.com\/magazine365\/author\/admin\/#author","url":"https:\/\/eldigitaldeasturias.com\/magazine365\/author\/admin\/","name":"admin","image":{"@type":"ImageObject","@id":"https:\/\/eldigitaldeasturias.com\/magazine365\/la-mitad-de-las-espanolas-que-han-tenido-partos-naturales-sufre-prolapso-pelvico\/#authorImage","url":"https:\/\/eldigitaldeasturias.com\/magazine365\/wp-content\/litespeed\/avatar\/e571bcf59a0edd6fa6838245a470f2fe.jpg?ver=1776969259","width":96,"height":96,"caption":"admin"}},{"@type":"WebPage","@id":"https:\/\/eldigitaldeasturias.com\/magazine365\/la-mitad-de-las-espanolas-que-han-tenido-partos-naturales-sufre-prolapso-pelvico\/#webpage","url":"https:\/\/eldigitaldeasturias.com\/magazine365\/la-mitad-de-las-espanolas-que-han-tenido-partos-naturales-sufre-prolapso-pelvico\/","name":"La mitad de las espa\u00f1olas que han tenido partos naturales sufre prolapso p\u00e9lvico | El Digital de Asturias","description":"Madrid, 23 may (EFE).- El prolapso de \u00f3rganos p\u00e9lvicos afecta a m\u00e1s del 50 por ciento de las espa\u00f1olas que han tenido alg\u00fan parto natural y su incidencia es mayor en mujeres de entre 60 y 69 a\u00f1os, han recordado los especialistas con motivo de la celebraci\u00f3n el pr\u00f3ximo 28 del D\u00eda Internacional de Acci\u00f3n","inLanguage":"es-ES","isPartOf":{"@id":"https:\/\/eldigitaldeasturias.com\/magazine365\/#website"},"breadcrumb":{"@id":"https:\/\/eldigitaldeasturias.com\/magazine365\/la-mitad-de-las-espanolas-que-han-tenido-partos-naturales-sufre-prolapso-pelvico\/#breadcrumblist"},"author":{"@id":"https:\/\/eldigitaldeasturias.com\/magazine365\/author\/admin\/#author"},"creator":{"@id":"https:\/\/eldigitaldeasturias.com\/magazine365\/author\/admin\/#author"},"image":{"@type":"ImageObject","url":"https:\/\/eldigitaldeasturias.com\/magazine365\/wp-content\/uploads\/2014\/05\/6292348w.jpg","@id":"https:\/\/eldigitaldeasturias.com\/magazine365\/la-mitad-de-las-espanolas-que-han-tenido-partos-naturales-sufre-prolapso-pelvico\/#mainImage","width":800,"height":533},"primaryImageOfPage":{"@id":"https:\/\/eldigitaldeasturias.com\/magazine365\/la-mitad-de-las-espanolas-que-han-tenido-partos-naturales-sufre-prolapso-pelvico\/#mainImage"},"datePublished":"2014-05-23T18:03:29+02:00","dateModified":"2014-05-23T18:03:29+02:00"},{"@type":"WebSite","@id":"https:\/\/eldigitaldeasturias.com\/magazine365\/#website","url":"https:\/\/eldigitaldeasturias.com\/magazine365\/","name":"El Digital de Asturias","description":"Revista de ocio, turismo y estilo de vida","inLanguage":"es-ES","publisher":{"@id":"https:\/\/eldigitaldeasturias.com\/magazine365\/#organization"}}]},"og:locale":"es_ES","og:site_name":"El Digital de Asturias \u2013 Revista de ocio, turismo y estilo de vida","og:type":"article","og:title":"La mitad de las espa\u00f1olas que han tenido partos naturales sufre prolapso p\u00e9lvico | El Digital de Asturias","og:description":"Madrid, 23 may (EFE).- El prolapso de \u00f3rganos p\u00e9lvicos afecta a m\u00e1s del 50 por ciento de las espa\u00f1olas que han tenido alg\u00fan parto natural y su incidencia es mayor en mujeres de entre 60 y 69 a\u00f1os, han recordado los especialistas con motivo de la celebraci\u00f3n el pr\u00f3ximo 28 del D\u00eda Internacional de Acci\u00f3n","og:url":"https:\/\/eldigitaldeasturias.com\/magazine365\/la-mitad-de-las-espanolas-que-han-tenido-partos-naturales-sufre-prolapso-pelvico\/","og:image":"https:\/\/eldigitaldeasturias.com\/magazine365\/wp-content\/uploads\/2014\/05\/6292348w.jpg","og:image:secure_url":"https:\/\/eldigitaldeasturias.com\/magazine365\/wp-content\/uploads\/2014\/05\/6292348w.jpg","og:image:width":800,"og:image:height":533,"article:published_time":"2014-05-23T20:03:29+00:00","article:modified_time":"2014-05-23T20:03:29+00:00","twitter:card":"summary_large_image","twitter:title":"La mitad de las espa\u00f1olas que han tenido partos naturales sufre prolapso p\u00e9lvico | El Digital de Asturias","twitter:description":"Madrid, 23 may (EFE).- El prolapso de \u00f3rganos p\u00e9lvicos afecta a m\u00e1s del 50 por ciento de las espa\u00f1olas que han tenido alg\u00fan parto natural y su incidencia es mayor en mujeres de entre 60 y 69 a\u00f1os, han recordado los especialistas con motivo de la celebraci\u00f3n el pr\u00f3ximo 28 del D\u00eda Internacional de Acci\u00f3n","twitter:image":"https:\/\/eldigitaldeasturias.com\/magazine365\/wp-content\/uploads\/2014\/05\/6292348w.jpg"},"aioseo_meta_data":{"post_id":"13720","title":null,"description":null,"keywords":null,"keyphrases":null,"primary_term":null,"canonical_url":null,"og_title":null,"og_description":null,"og_object_type":"default","og_image_type":"default","og_image_url":null,"og_image_width":null,"og_image_height":null,"og_image_custom_url":null,"og_image_custom_fields":null,"og_video":null,"og_custom_url":null,"og_article_section":null,"og_article_tags":null,"twitter_use_og":false,"twitter_card":"default","twitter_image_type":"default","twitter_image_url":null,"twitter_image_custom_url":null,"twitter_image_custom_fields":null,"twitter_title":null,"twitter_description":null,"schema":{"blockGraphs":[],"customGraphs":[],"default":{"data":{"Article":[],"Course":[],"Dataset":[],"FAQPage":[],"Movie":[],"Person":[],"Product":[],"ProductReview":[],"Car":[],"Recipe":[],"Service":[],"SoftwareApplication":[],"WebPage":[]},"graphName":"","isEnabled":true},"graphs":[],"defaultGraph":"","defaultPostTypeGraph":""},"schema_type":null,"schema_type_options":null,"pillar_content":false,"robots_default":true,"robots_noindex":false,"robots_noarchive":false,"robots_nosnippet":false,"robots_nofollow":false,"robots_noimageindex":false,"robots_noodp":false,"robots_notranslate":false,"robots_max_snippet":null,"robots_max_videopreview":null,"robots_max_imagepreview":"large","priority":null,"frequency":null,"location":null,"local_seo":null,"seo_analyzer_scan_date":"2025-09-17 08:49:24","breadcrumb_settings":null,"limit_modified_date":false,"open_ai":null,"ai":null,"created":"2021-03-09 08:24:43","updated":"2025-09-17 08:49:24"},"aioseo_breadcrumb":"<div class=\"aioseo-breadcrumbs\"><span class=\"aioseo-breadcrumb\">\n\t<a href=\"https:\/\/eldigitaldeasturias.com\/magazine365\" title=\"Home\">Home<\/a>\n<\/span><span class=\"aioseo-breadcrumb-separator\">\u2013<\/span><span class=\"aioseo-breadcrumb\">\n\t<a href=\"https:\/\/eldigitaldeasturias.com\/magazine365\/category\/noticias-actualidad\/\" title=\"Noticias y Actualidad\">Noticias y Actualidad<\/a>\n<\/span><span class=\"aioseo-breadcrumb-separator\">\u2013<\/span><span class=\"aioseo-breadcrumb\">\n\t<a href=\"https:\/\/eldigitaldeasturias.com\/magazine365\/la-mitad-de-las-espanolas-que-han-tenido-partos-naturales-sufre-prolapso-pelvico\/\" title=\"La mitad de las espa\u00f1olas que han tenido partos naturales sufre prolapso p\u00e9lvico\">La mitad de las espa\u00f1olas que han tenido partos naturales sufre prolapso p\u00e9lvico<\/a>\n<\/span><\/div>","aioseo_breadcrumb_json":[{"label":"Home","link":"https:\/\/eldigitaldeasturias.com\/magazine365"},{"label":"Noticias y Actualidad","link":"https:\/\/eldigitaldeasturias.com\/magazine365\/category\/noticias-actualidad\/"},{"label":"La mitad de las espa\u00f1olas que han tenido partos naturales sufre prolapso p\u00e9lvico","link":"https:\/\/eldigitaldeasturias.com\/magazine365\/la-mitad-de-las-espanolas-que-han-tenido-partos-naturales-sufre-prolapso-pelvico\/"}],"_links":{"self":[{"href":"https:\/\/eldigitaldeasturias.com\/magazine365\/wp-json\/wp\/v2\/posts\/13720","targetHints":{"allow":["GET"]}}],"collection":[{"href":"https:\/\/eldigitaldeasturias.com\/magazine365\/wp-json\/wp\/v2\/posts"}],"about":[{"href":"https:\/\/eldigitaldeasturias.com\/magazine365\/wp-json\/wp\/v2\/types\/post"}],"author":[{"embeddable":true,"href":"https:\/\/eldigitaldeasturias.com\/magazine365\/wp-json\/wp\/v2\/users\/1"}],"replies":[{"embeddable":true,"href":"https:\/\/eldigitaldeasturias.com\/magazine365\/wp-json\/wp\/v2\/comments?post=13720"}],"version-history":[{"count":0,"href":"https:\/\/eldigitaldeasturias.com\/magazine365\/wp-json\/wp\/v2\/posts\/13720\/revisions"}],"wp:featuredmedia":[{"embeddable":true,"href":"https:\/\/eldigitaldeasturias.com\/magazine365\/wp-json\/wp\/v2\/media\/13721"}],"wp:attachment":[{"href":"https:\/\/eldigitaldeasturias.com\/magazine365\/wp-json\/wp\/v2\/media?parent=13720"}],"wp:term":[{"taxonomy":"category","embeddable":true,"href":"https:\/\/eldigitaldeasturias.com\/magazine365\/wp-json\/wp\/v2\/categories?post=13720"},{"taxonomy":"post_tag","embeddable":true,"href":"https:\/\/eldigitaldeasturias.com\/magazine365\/wp-json\/wp\/v2\/tags?post=13720"}],"curies":[{"name":"wp","href":"https:\/\/api.w.org\/{rel}","templated":true}]}}