{"id":13717,"date":"2014-05-23T18:02:12","date_gmt":"2014-05-23T20:02:12","guid":{"rendered":"http:\/\/eldigitaldeasturias.com\/magazine365\/?p=13717"},"modified":"2014-05-23T18:02:12","modified_gmt":"2014-05-23T20:02:12","slug":"uno-de-cada-3-pacientes-a-los-que-diagnostican-alzheimer-se-ve-autosuficiente","status":"publish","type":"post","link":"https:\/\/eldigitaldeasturias.com\/magazine365\/uno-de-cada-3-pacientes-a-los-que-diagnostican-alzheimer-se-ve-autosuficiente\/","title":{"rendered":"Uno de cada 3 pacientes a los que diagnostican Alzheimer se ve autosuficiente"},"content":{"rendered":"<p><img fetchpriority=\"high\" decoding=\"async\" class=\"alignleft size-medium wp-image-13718\" alt=\"6292344w\" src=\"https:\/\/eldigitaldeasturias.com\/magazine365\/wp-content\/uploads\/2014\/05\/6292344w-223x300.jpg\" width=\"223\" height=\"300\" srcset=\"https:\/\/eldigitaldeasturias.com\/magazine365\/wp-content\/uploads\/2014\/05\/6292344w-223x300.jpg 223w, https:\/\/eldigitaldeasturias.com\/magazine365\/wp-content\/uploads\/2014\/05\/6292344w-476x640.jpg 476w, https:\/\/eldigitaldeasturias.com\/magazine365\/wp-content\/uploads\/2014\/05\/6292344w-150x202.jpg 150w, https:\/\/eldigitaldeasturias.com\/magazine365\/wp-content\/uploads\/2014\/05\/6292344w-450x605.jpg 450w, https:\/\/eldigitaldeasturias.com\/magazine365\/wp-content\/uploads\/2014\/05\/6292344w-696x936.jpg 696w, https:\/\/eldigitaldeasturias.com\/magazine365\/wp-content\/uploads\/2014\/05\/6292344w-312x420.jpg 312w, https:\/\/eldigitaldeasturias.com\/magazine365\/wp-content\/uploads\/2014\/05\/6292344w.jpg 700w\" sizes=\"(max-width: 223px) 100vw, 223px\" \/>Barcelona, 23 may (Barcelona).- Uno de cada tres pacientes diagnosticados en las primeras fases de Alzheimer se considera autosuficiente, con capacidad plena para realizar las tareas diarias y no es consciente de su enfermedad.<\/p>\n<p>Esta falta de conciencia de la enfermedad y de sus d\u00e9ficits es un trastorno que recibe el nombre de anosognosia y que, seg\u00fan los m\u00e9dicos, tiene consecuencias negativas en el paciente y sus familias.<\/p>\n<p>La anosognosia en el Alzheimer ha sido uno de los asuntos tratados hoy en las XIX Jornadas de Psicogeriatr\u00eda, organizadas por el Hospital Sagrat Cor de Martorell, y que re\u00fanen, entre hoy y ma\u00f1ana en el Hospital Sant Rafael de Barcelona, a m\u00e1s de 150 profesionales de todo el mundo.<\/p>\n<p>La presencia de este trastorno en las personas con Alzheimer est\u00e1 asociada a la gravedad de la demencia, de manera que cuanto mayor es el deterioro cognitivo menos consciente es el paciente de sus limitaciones.<\/p>\n<p>As\u00ed, si la prevalencia de la anosognosia en estados iniciales de la enfermedad se sit\u00faa en torno al 20 %, en fases m\u00e1s moderadas aumenta hasta llegar a m\u00e1s de la mitad y, cuando la demencia es grave, la p\u00e9rdida neuronal y el deterioro cognitivo asociado conllevan que sea dif\u00edcil distinguir anosognosia y el d\u00e9ficit en s\u00ed.<\/p>\n<p>Seg\u00fan los expertos, este trastorno tiene repercusiones en el diagn\u00f3stico del Alzheimer y en su tratamiento.<\/p>\n<p>El doctor Oriol Turr\u00f3, de la Unidad de Investigaci\u00f3n del Instituto de Asistencia Sanitaria de Girona, ha explicado que \u00abla presencia de anosognosia en las fases iniciales de la enfermedad puede implicar un retraso en el acceso a servicios m\u00e9dicos especializados por la negaci\u00f3n por parte del paciente de la existencia de dificultades en su rutina diaria\u00bb.<\/p>\n<p>\u00abTambi\u00e9n puede conllevar la oposici\u00f3n del enfermo a seguir el tratamiento, llegando a esconder la medicaci\u00f3n y neg\u00e1ndose a asistir a las visitas m\u00e9dicas, en algunos casos\u00bb, ha afirmado Turr\u00f3.<\/p>\n<p>Seg\u00fan los m\u00e9dicos, las personas con Alzheimer y anosognosia pueden tener conductas de riesgo para el paciente y para terceros, como conducir o salir a pasear lejos de las zonas habituales, as\u00ed como acciones de compraventa impulsivas, entre otras.<\/p>\n<p>Tambi\u00e9n han destacado que las repercusiones de este trastorno provocan que los cuidadores tengan que dedicar m\u00e1s tiempo a la supervisi\u00f3n y asistencia del enfermo y que, a menudo, deban enfrentarse a \u00e9l, por ejemplo, para que se tome la medicaci\u00f3n.<\/p>\n<p>Esta situaci\u00f3n conlleva, a largo plazo, un incremento de los costes emocionales, f\u00edsicos y econ\u00f3micos de los cuidadores.<\/p>\n<p>\u00abPor esta raz\u00f3n es necesario capacitarles con estrategias y habilidades para el manejo conductual del paciente y prestarles el asesoramiento necesario para no incrementar la carga que ya de por s\u00ed implica la propia enfermedad\u00bb, ha indicado Turr\u00f3.<\/p>\n<p>Francesca Amores, psic\u00f3loga del Hospital Sagrat Cor de Martorell, ha explicado que la evaluaci\u00f3n neuropsicol\u00f3gica de la anosognosia \u00abse puede realizar valorando las discrepancias entre la estimaci\u00f3n que hace el paciente de su rendimiento en una prueba y el resultado real obtenido\u00bb.<\/p>\n<p>Tambi\u00e9n son relevantes las diferencias entre la valoraci\u00f3n del enfermo de las tareas que lleva a cabo en casa y la del cuidador.<\/p>\n<p>\u00abEn ambos casos, a mayor discrepancia de opiniones entre paciente-cuidador, menor conciencia del d\u00e9ficit por parte del paciente\u00bb, ha dicho Amores.<\/p>\n<p>La psic\u00f3loga ha destacado que han observado que existe una correlaci\u00f3n inversa entre la presencia de anosognosia y de depresi\u00f3n, ya que cuando una persona no tiene conciencia que padece Alzheimer muestra mejor estado an\u00edmico y tiene una m\u00e1s calidad de vida que cuando conoce las limitaciones de su enfermedad.<\/p>\n","protected":false},"excerpt":{"rendered":"<p>Barcelona, 23 may (Barcelona).- Uno de cada tres pacientes diagnosticados en las primeras fases de Alzheimer se considera autosuficiente, con capacidad plena para realizar las tareas diarias y no es consciente de su enfermedad. Esta falta de conciencia de la enfermedad y de sus d\u00e9ficits es un trastorno que recibe el nombre de anosognosia y<\/p>\n","protected":false},"author":1,"featured_media":13718,"comment_status":"open","ping_status":"closed","sticky":false,"template":"","format":"standard","meta":{"footnotes":""},"categories":[224],"tags":[],"class_list":{"0":"post-13717","1":"post","2":"type-post","3":"status-publish","4":"format-standard","5":"has-post-thumbnail","7":"category-noticias-actualidad"},"aioseo_notices":[],"aioseo_head":"\n\t\t<!-- All in One SEO Pro 4.9.6.1 - aioseo.com -->\n\t<meta name=\"description\" content=\"Barcelona, 23 may (Barcelona).- Uno de cada tres pacientes diagnosticados en las primeras fases de Alzheimer se considera autosuficiente, con capacidad plena para realizar las tareas diarias y no es consciente de su enfermedad. Esta falta de conciencia de la enfermedad y de sus d\u00e9ficits es un trastorno que recibe el nombre de anosognosia y\" \/>\n\t<meta name=\"robots\" content=\"max-image-preview:large\" \/>\n\t<meta name=\"author\" content=\"admin\"\/>\n\t<meta name=\"google-site-verification\" content=\"UA-38556648-1\" \/>\n\t<meta name=\"keywords\" content=\"noticias y actualidad\" \/>\n\t<link rel=\"canonical\" href=\"https:\/\/eldigitaldeasturias.com\/magazine365\/uno-de-cada-3-pacientes-a-los-que-diagnostican-alzheimer-se-ve-autosuficiente\/\" \/>\n\t<meta name=\"generator\" content=\"All in One SEO Pro (AIOSEO) 4.9.6.1\" \/>\n\t\t<meta property=\"og:locale\" content=\"es_ES\" \/>\n\t\t<meta property=\"og:site_name\" content=\"El Digital de Asturias \u2013 Revista de ocio, turismo y estilo de vida\" \/>\n\t\t<meta property=\"og:type\" content=\"article\" \/>\n\t\t<meta property=\"og:title\" content=\"Uno de cada 3 pacientes a los que diagnostican Alzheimer se ve autosuficiente | El Digital de Asturias\" \/>\n\t\t<meta property=\"og:description\" content=\"Barcelona, 23 may (Barcelona).- Uno de cada tres pacientes diagnosticados en las primeras fases de Alzheimer se considera autosuficiente, con capacidad plena para realizar las tareas diarias y no es consciente de su enfermedad. Esta falta de conciencia de la enfermedad y de sus d\u00e9ficits es un trastorno que recibe el nombre de anosognosia y\" \/>\n\t\t<meta property=\"og:url\" content=\"https:\/\/eldigitaldeasturias.com\/magazine365\/uno-de-cada-3-pacientes-a-los-que-diagnostican-alzheimer-se-ve-autosuficiente\/\" \/>\n\t\t<meta property=\"og:image\" content=\"https:\/\/eldigitaldeasturias.com\/magazine365\/wp-content\/uploads\/2014\/05\/6292344w.jpg\" \/>\n\t\t<meta property=\"og:image:secure_url\" content=\"https:\/\/eldigitaldeasturias.com\/magazine365\/wp-content\/uploads\/2014\/05\/6292344w.jpg\" \/>\n\t\t<meta property=\"og:image:width\" content=\"700\" \/>\n\t\t<meta property=\"og:image:height\" content=\"941\" \/>\n\t\t<meta property=\"article:published_time\" content=\"2014-05-23T20:02:12+00:00\" \/>\n\t\t<meta property=\"article:modified_time\" content=\"2014-05-23T20:02:12+00:00\" \/>\n\t\t<meta name=\"twitter:card\" content=\"summary_large_image\" \/>\n\t\t<meta name=\"twitter:title\" content=\"Uno de cada 3 pacientes a los que diagnostican Alzheimer se ve autosuficiente | El Digital de Asturias\" \/>\n\t\t<meta name=\"twitter:description\" content=\"Barcelona, 23 may (Barcelona).- Uno de cada tres pacientes diagnosticados en las primeras fases de Alzheimer se considera autosuficiente, con capacidad plena para realizar las tareas diarias y no es consciente de su enfermedad. Esta falta de conciencia de la enfermedad y de sus d\u00e9ficits es un trastorno que recibe el nombre de anosognosia y\" \/>\n\t\t<meta name=\"twitter:image\" content=\"https:\/\/eldigitaldeasturias.com\/magazine365\/wp-content\/uploads\/2014\/05\/6292344w.jpg\" \/>\n\t\t<script type=\"application\/ld+json\" class=\"aioseo-schema\">\n\t\t\t{\"@context\":\"https:\\\/\\\/schema.org\",\"@graph\":[{\"@type\":\"Article\",\"@id\":\"https:\\\/\\\/eldigitaldeasturias.com\\\/magazine365\\\/uno-de-cada-3-pacientes-a-los-que-diagnostican-alzheimer-se-ve-autosuficiente\\\/#article\",\"name\":\"Uno de cada 3 pacientes a los que diagnostican Alzheimer se ve autosuficiente | El Digital de Asturias\",\"headline\":\"Uno de cada 3 pacientes a los que diagnostican Alzheimer se ve autosuficiente\",\"author\":{\"@id\":\"https:\\\/\\\/eldigitaldeasturias.com\\\/magazine365\\\/author\\\/admin\\\/#author\"},\"publisher\":{\"@id\":\"https:\\\/\\\/eldigitaldeasturias.com\\\/magazine365\\\/#organization\"},\"image\":{\"@type\":\"ImageObject\",\"url\":\"https:\\\/\\\/eldigitaldeasturias.com\\\/magazine365\\\/wp-content\\\/uploads\\\/2014\\\/05\\\/6292344w.jpg\",\"width\":700,\"height\":941},\"datePublished\":\"2014-05-23T18:02:12+02:00\",\"dateModified\":\"2014-05-23T18:02:12+02:00\",\"inLanguage\":\"es-ES\",\"mainEntityOfPage\":{\"@id\":\"https:\\\/\\\/eldigitaldeasturias.com\\\/magazine365\\\/uno-de-cada-3-pacientes-a-los-que-diagnostican-alzheimer-se-ve-autosuficiente\\\/#webpage\"},\"isPartOf\":{\"@id\":\"https:\\\/\\\/eldigitaldeasturias.com\\\/magazine365\\\/uno-de-cada-3-pacientes-a-los-que-diagnostican-alzheimer-se-ve-autosuficiente\\\/#webpage\"},\"articleSection\":\"Noticias y Actualidad\"},{\"@type\":\"BreadcrumbList\",\"@id\":\"https:\\\/\\\/eldigitaldeasturias.com\\\/magazine365\\\/uno-de-cada-3-pacientes-a-los-que-diagnostican-alzheimer-se-ve-autosuficiente\\\/#breadcrumblist\",\"itemListElement\":[{\"@type\":\"ListItem\",\"@id\":\"https:\\\/\\\/eldigitaldeasturias.com\\\/magazine365#listItem\",\"position\":1,\"name\":\"Home\",\"item\":\"https:\\\/\\\/eldigitaldeasturias.com\\\/magazine365\",\"nextItem\":{\"@type\":\"ListItem\",\"@id\":\"https:\\\/\\\/eldigitaldeasturias.com\\\/magazine365\\\/category\\\/noticias-actualidad\\\/#listItem\",\"name\":\"Noticias y Actualidad\"}},{\"@type\":\"ListItem\",\"@id\":\"https:\\\/\\\/eldigitaldeasturias.com\\\/magazine365\\\/category\\\/noticias-actualidad\\\/#listItem\",\"position\":2,\"name\":\"Noticias y Actualidad\",\"item\":\"https:\\\/\\\/eldigitaldeasturias.com\\\/magazine365\\\/category\\\/noticias-actualidad\\\/\",\"nextItem\":{\"@type\":\"ListItem\",\"@id\":\"https:\\\/\\\/eldigitaldeasturias.com\\\/magazine365\\\/uno-de-cada-3-pacientes-a-los-que-diagnostican-alzheimer-se-ve-autosuficiente\\\/#listItem\",\"name\":\"Uno de cada 3 pacientes a los que diagnostican Alzheimer se ve autosuficiente\"},\"previousItem\":{\"@type\":\"ListItem\",\"@id\":\"https:\\\/\\\/eldigitaldeasturias.com\\\/magazine365#listItem\",\"name\":\"Home\"}},{\"@type\":\"ListItem\",\"@id\":\"https:\\\/\\\/eldigitaldeasturias.com\\\/magazine365\\\/uno-de-cada-3-pacientes-a-los-que-diagnostican-alzheimer-se-ve-autosuficiente\\\/#listItem\",\"position\":3,\"name\":\"Uno de cada 3 pacientes a los que diagnostican Alzheimer se ve autosuficiente\",\"previousItem\":{\"@type\":\"ListItem\",\"@id\":\"https:\\\/\\\/eldigitaldeasturias.com\\\/magazine365\\\/category\\\/noticias-actualidad\\\/#listItem\",\"name\":\"Noticias y Actualidad\"}}]},{\"@type\":\"Organization\",\"@id\":\"https:\\\/\\\/eldigitaldeasturias.com\\\/magazine365\\\/#organization\",\"name\":\"El digital de Asturias\",\"description\":\"Revista de ocio, turismo y estilo de vida\",\"url\":\"https:\\\/\\\/eldigitaldeasturias.com\\\/magazine365\\\/\",\"logo\":{\"@type\":\"ImageObject\",\"url\":\"https:\\\/\\\/www.eldigitaldeasturias.com\\\/noticias\\\/wp-content\\\/uploads\\\/2020\\\/12\\\/EDA.jpg\",\"@id\":\"https:\\\/\\\/eldigitaldeasturias.com\\\/magazine365\\\/uno-de-cada-3-pacientes-a-los-que-diagnostican-alzheimer-se-ve-autosuficiente\\\/#organizationLogo\"},\"image\":{\"@id\":\"https:\\\/\\\/eldigitaldeasturias.com\\\/magazine365\\\/uno-de-cada-3-pacientes-a-los-que-diagnostican-alzheimer-se-ve-autosuficiente\\\/#organizationLogo\"}},{\"@type\":\"Person\",\"@id\":\"https:\\\/\\\/eldigitaldeasturias.com\\\/magazine365\\\/author\\\/admin\\\/#author\",\"url\":\"https:\\\/\\\/eldigitaldeasturias.com\\\/magazine365\\\/author\\\/admin\\\/\",\"name\":\"admin\",\"image\":{\"@type\":\"ImageObject\",\"@id\":\"https:\\\/\\\/eldigitaldeasturias.com\\\/magazine365\\\/uno-de-cada-3-pacientes-a-los-que-diagnostican-alzheimer-se-ve-autosuficiente\\\/#authorImage\",\"url\":\"https:\\\/\\\/eldigitaldeasturias.com\\\/magazine365\\\/wp-content\\\/litespeed\\\/avatar\\\/e571bcf59a0edd6fa6838245a470f2fe.jpg?ver=1776969259\",\"width\":96,\"height\":96,\"caption\":\"admin\"}},{\"@type\":\"WebPage\",\"@id\":\"https:\\\/\\\/eldigitaldeasturias.com\\\/magazine365\\\/uno-de-cada-3-pacientes-a-los-que-diagnostican-alzheimer-se-ve-autosuficiente\\\/#webpage\",\"url\":\"https:\\\/\\\/eldigitaldeasturias.com\\\/magazine365\\\/uno-de-cada-3-pacientes-a-los-que-diagnostican-alzheimer-se-ve-autosuficiente\\\/\",\"name\":\"Uno de cada 3 pacientes a los que diagnostican Alzheimer se ve autosuficiente | El Digital de Asturias\",\"description\":\"Barcelona, 23 may (Barcelona).- Uno de cada tres pacientes diagnosticados en las primeras fases de Alzheimer se considera autosuficiente, con capacidad plena para realizar las tareas diarias y no es consciente de su enfermedad. Esta falta de conciencia de la enfermedad y de sus d\\u00e9ficits es un trastorno que recibe el nombre de anosognosia y\",\"inLanguage\":\"es-ES\",\"isPartOf\":{\"@id\":\"https:\\\/\\\/eldigitaldeasturias.com\\\/magazine365\\\/#website\"},\"breadcrumb\":{\"@id\":\"https:\\\/\\\/eldigitaldeasturias.com\\\/magazine365\\\/uno-de-cada-3-pacientes-a-los-que-diagnostican-alzheimer-se-ve-autosuficiente\\\/#breadcrumblist\"},\"author\":{\"@id\":\"https:\\\/\\\/eldigitaldeasturias.com\\\/magazine365\\\/author\\\/admin\\\/#author\"},\"creator\":{\"@id\":\"https:\\\/\\\/eldigitaldeasturias.com\\\/magazine365\\\/author\\\/admin\\\/#author\"},\"image\":{\"@type\":\"ImageObject\",\"url\":\"https:\\\/\\\/eldigitaldeasturias.com\\\/magazine365\\\/wp-content\\\/uploads\\\/2014\\\/05\\\/6292344w.jpg\",\"@id\":\"https:\\\/\\\/eldigitaldeasturias.com\\\/magazine365\\\/uno-de-cada-3-pacientes-a-los-que-diagnostican-alzheimer-se-ve-autosuficiente\\\/#mainImage\",\"width\":700,\"height\":941},\"primaryImageOfPage\":{\"@id\":\"https:\\\/\\\/eldigitaldeasturias.com\\\/magazine365\\\/uno-de-cada-3-pacientes-a-los-que-diagnostican-alzheimer-se-ve-autosuficiente\\\/#mainImage\"},\"datePublished\":\"2014-05-23T18:02:12+02:00\",\"dateModified\":\"2014-05-23T18:02:12+02:00\"},{\"@type\":\"WebSite\",\"@id\":\"https:\\\/\\\/eldigitaldeasturias.com\\\/magazine365\\\/#website\",\"url\":\"https:\\\/\\\/eldigitaldeasturias.com\\\/magazine365\\\/\",\"name\":\"El Digital de Asturias\",\"description\":\"Revista de ocio, turismo y estilo de vida\",\"inLanguage\":\"es-ES\",\"publisher\":{\"@id\":\"https:\\\/\\\/eldigitaldeasturias.com\\\/magazine365\\\/#organization\"}}]}\n\t\t<\/script>\n\t\t<!-- All in One SEO Pro -->\r\n\t\t<title>Uno de cada 3 pacientes a los que diagnostican Alzheimer se ve autosuficiente | El Digital de Asturias<\/title>\n\n","aioseo_head_json":{"title":"Uno de cada 3 pacientes a los que diagnostican Alzheimer se ve autosuficiente | El Digital de Asturias","description":"Barcelona, 23 may (Barcelona).- Uno de cada tres pacientes diagnosticados en las primeras fases de Alzheimer se considera autosuficiente, con capacidad plena para realizar las tareas diarias y no es consciente de su enfermedad. Esta falta de conciencia de la enfermedad y de sus d\u00e9ficits es un trastorno que recibe el nombre de anosognosia y","canonical_url":"https:\/\/eldigitaldeasturias.com\/magazine365\/uno-de-cada-3-pacientes-a-los-que-diagnostican-alzheimer-se-ve-autosuficiente\/","robots":"max-image-preview:large","keywords":"noticias y actualidad","webmasterTools":{"google-site-verification":"UA-38556648-1","miscellaneous":""},"schema":{"@context":"https:\/\/schema.org","@graph":[{"@type":"Article","@id":"https:\/\/eldigitaldeasturias.com\/magazine365\/uno-de-cada-3-pacientes-a-los-que-diagnostican-alzheimer-se-ve-autosuficiente\/#article","name":"Uno de cada 3 pacientes a los que diagnostican Alzheimer se ve autosuficiente | El Digital de Asturias","headline":"Uno de cada 3 pacientes a los que diagnostican Alzheimer se ve autosuficiente","author":{"@id":"https:\/\/eldigitaldeasturias.com\/magazine365\/author\/admin\/#author"},"publisher":{"@id":"https:\/\/eldigitaldeasturias.com\/magazine365\/#organization"},"image":{"@type":"ImageObject","url":"https:\/\/eldigitaldeasturias.com\/magazine365\/wp-content\/uploads\/2014\/05\/6292344w.jpg","width":700,"height":941},"datePublished":"2014-05-23T18:02:12+02:00","dateModified":"2014-05-23T18:02:12+02:00","inLanguage":"es-ES","mainEntityOfPage":{"@id":"https:\/\/eldigitaldeasturias.com\/magazine365\/uno-de-cada-3-pacientes-a-los-que-diagnostican-alzheimer-se-ve-autosuficiente\/#webpage"},"isPartOf":{"@id":"https:\/\/eldigitaldeasturias.com\/magazine365\/uno-de-cada-3-pacientes-a-los-que-diagnostican-alzheimer-se-ve-autosuficiente\/#webpage"},"articleSection":"Noticias y Actualidad"},{"@type":"BreadcrumbList","@id":"https:\/\/eldigitaldeasturias.com\/magazine365\/uno-de-cada-3-pacientes-a-los-que-diagnostican-alzheimer-se-ve-autosuficiente\/#breadcrumblist","itemListElement":[{"@type":"ListItem","@id":"https:\/\/eldigitaldeasturias.com\/magazine365#listItem","position":1,"name":"Home","item":"https:\/\/eldigitaldeasturias.com\/magazine365","nextItem":{"@type":"ListItem","@id":"https:\/\/eldigitaldeasturias.com\/magazine365\/category\/noticias-actualidad\/#listItem","name":"Noticias y Actualidad"}},{"@type":"ListItem","@id":"https:\/\/eldigitaldeasturias.com\/magazine365\/category\/noticias-actualidad\/#listItem","position":2,"name":"Noticias y Actualidad","item":"https:\/\/eldigitaldeasturias.com\/magazine365\/category\/noticias-actualidad\/","nextItem":{"@type":"ListItem","@id":"https:\/\/eldigitaldeasturias.com\/magazine365\/uno-de-cada-3-pacientes-a-los-que-diagnostican-alzheimer-se-ve-autosuficiente\/#listItem","name":"Uno de cada 3 pacientes a los que diagnostican Alzheimer se ve autosuficiente"},"previousItem":{"@type":"ListItem","@id":"https:\/\/eldigitaldeasturias.com\/magazine365#listItem","name":"Home"}},{"@type":"ListItem","@id":"https:\/\/eldigitaldeasturias.com\/magazine365\/uno-de-cada-3-pacientes-a-los-que-diagnostican-alzheimer-se-ve-autosuficiente\/#listItem","position":3,"name":"Uno de cada 3 pacientes a los que diagnostican Alzheimer se ve autosuficiente","previousItem":{"@type":"ListItem","@id":"https:\/\/eldigitaldeasturias.com\/magazine365\/category\/noticias-actualidad\/#listItem","name":"Noticias y Actualidad"}}]},{"@type":"Organization","@id":"https:\/\/eldigitaldeasturias.com\/magazine365\/#organization","name":"El digital de Asturias","description":"Revista de ocio, turismo y estilo de vida","url":"https:\/\/eldigitaldeasturias.com\/magazine365\/","logo":{"@type":"ImageObject","url":"https:\/\/www.eldigitaldeasturias.com\/noticias\/wp-content\/uploads\/2020\/12\/EDA.jpg","@id":"https:\/\/eldigitaldeasturias.com\/magazine365\/uno-de-cada-3-pacientes-a-los-que-diagnostican-alzheimer-se-ve-autosuficiente\/#organizationLogo"},"image":{"@id":"https:\/\/eldigitaldeasturias.com\/magazine365\/uno-de-cada-3-pacientes-a-los-que-diagnostican-alzheimer-se-ve-autosuficiente\/#organizationLogo"}},{"@type":"Person","@id":"https:\/\/eldigitaldeasturias.com\/magazine365\/author\/admin\/#author","url":"https:\/\/eldigitaldeasturias.com\/magazine365\/author\/admin\/","name":"admin","image":{"@type":"ImageObject","@id":"https:\/\/eldigitaldeasturias.com\/magazine365\/uno-de-cada-3-pacientes-a-los-que-diagnostican-alzheimer-se-ve-autosuficiente\/#authorImage","url":"https:\/\/eldigitaldeasturias.com\/magazine365\/wp-content\/litespeed\/avatar\/e571bcf59a0edd6fa6838245a470f2fe.jpg?ver=1776969259","width":96,"height":96,"caption":"admin"}},{"@type":"WebPage","@id":"https:\/\/eldigitaldeasturias.com\/magazine365\/uno-de-cada-3-pacientes-a-los-que-diagnostican-alzheimer-se-ve-autosuficiente\/#webpage","url":"https:\/\/eldigitaldeasturias.com\/magazine365\/uno-de-cada-3-pacientes-a-los-que-diagnostican-alzheimer-se-ve-autosuficiente\/","name":"Uno de cada 3 pacientes a los que diagnostican Alzheimer se ve autosuficiente | El Digital de Asturias","description":"Barcelona, 23 may (Barcelona).- Uno de cada tres pacientes diagnosticados en las primeras fases de Alzheimer se considera autosuficiente, con capacidad plena para realizar las tareas diarias y no es consciente de su enfermedad. Esta falta de conciencia de la enfermedad y de sus d\u00e9ficits es un trastorno que recibe el nombre de anosognosia y","inLanguage":"es-ES","isPartOf":{"@id":"https:\/\/eldigitaldeasturias.com\/magazine365\/#website"},"breadcrumb":{"@id":"https:\/\/eldigitaldeasturias.com\/magazine365\/uno-de-cada-3-pacientes-a-los-que-diagnostican-alzheimer-se-ve-autosuficiente\/#breadcrumblist"},"author":{"@id":"https:\/\/eldigitaldeasturias.com\/magazine365\/author\/admin\/#author"},"creator":{"@id":"https:\/\/eldigitaldeasturias.com\/magazine365\/author\/admin\/#author"},"image":{"@type":"ImageObject","url":"https:\/\/eldigitaldeasturias.com\/magazine365\/wp-content\/uploads\/2014\/05\/6292344w.jpg","@id":"https:\/\/eldigitaldeasturias.com\/magazine365\/uno-de-cada-3-pacientes-a-los-que-diagnostican-alzheimer-se-ve-autosuficiente\/#mainImage","width":700,"height":941},"primaryImageOfPage":{"@id":"https:\/\/eldigitaldeasturias.com\/magazine365\/uno-de-cada-3-pacientes-a-los-que-diagnostican-alzheimer-se-ve-autosuficiente\/#mainImage"},"datePublished":"2014-05-23T18:02:12+02:00","dateModified":"2014-05-23T18:02:12+02:00"},{"@type":"WebSite","@id":"https:\/\/eldigitaldeasturias.com\/magazine365\/#website","url":"https:\/\/eldigitaldeasturias.com\/magazine365\/","name":"El Digital de Asturias","description":"Revista de ocio, turismo y estilo de vida","inLanguage":"es-ES","publisher":{"@id":"https:\/\/eldigitaldeasturias.com\/magazine365\/#organization"}}]},"og:locale":"es_ES","og:site_name":"El Digital de Asturias \u2013 Revista de ocio, turismo y estilo de vida","og:type":"article","og:title":"Uno de cada 3 pacientes a los que diagnostican Alzheimer se ve autosuficiente | El Digital de Asturias","og:description":"Barcelona, 23 may (Barcelona).- Uno de cada tres pacientes diagnosticados en las primeras fases de Alzheimer se considera autosuficiente, con capacidad plena para realizar las tareas diarias y no es consciente de su enfermedad. Esta falta de conciencia de la enfermedad y de sus d\u00e9ficits es un trastorno que recibe el nombre de anosognosia y","og:url":"https:\/\/eldigitaldeasturias.com\/magazine365\/uno-de-cada-3-pacientes-a-los-que-diagnostican-alzheimer-se-ve-autosuficiente\/","og:image":"https:\/\/eldigitaldeasturias.com\/magazine365\/wp-content\/uploads\/2014\/05\/6292344w.jpg","og:image:secure_url":"https:\/\/eldigitaldeasturias.com\/magazine365\/wp-content\/uploads\/2014\/05\/6292344w.jpg","og:image:width":700,"og:image:height":941,"article:published_time":"2014-05-23T20:02:12+00:00","article:modified_time":"2014-05-23T20:02:12+00:00","twitter:card":"summary_large_image","twitter:title":"Uno de cada 3 pacientes a los que diagnostican Alzheimer se ve autosuficiente | El Digital de Asturias","twitter:description":"Barcelona, 23 may (Barcelona).- Uno de cada tres pacientes diagnosticados en las primeras fases de Alzheimer se considera autosuficiente, con capacidad plena para realizar las tareas diarias y no es consciente de su enfermedad. Esta falta de conciencia de la enfermedad y de sus d\u00e9ficits es un trastorno que recibe el nombre de anosognosia y","twitter:image":"https:\/\/eldigitaldeasturias.com\/magazine365\/wp-content\/uploads\/2014\/05\/6292344w.jpg"},"aioseo_meta_data":{"post_id":"13717","title":null,"description":null,"keywords":null,"keyphrases":null,"primary_term":null,"canonical_url":null,"og_title":null,"og_description":null,"og_object_type":"default","og_image_type":"default","og_image_url":null,"og_image_width":null,"og_image_height":null,"og_image_custom_url":null,"og_image_custom_fields":null,"og_video":null,"og_custom_url":null,"og_article_section":null,"og_article_tags":null,"twitter_use_og":false,"twitter_card":"default","twitter_image_type":"default","twitter_image_url":null,"twitter_image_custom_url":null,"twitter_image_custom_fields":null,"twitter_title":null,"twitter_description":null,"schema":{"blockGraphs":[],"customGraphs":[],"default":{"data":{"Article":[],"Course":[],"Dataset":[],"FAQPage":[],"Movie":[],"Person":[],"Product":[],"ProductReview":[],"Car":[],"Recipe":[],"Service":[],"SoftwareApplication":[],"WebPage":[]},"graphName":"","isEnabled":true},"graphs":[],"defaultGraph":"","defaultPostTypeGraph":""},"schema_type":null,"schema_type_options":null,"pillar_content":false,"robots_default":true,"robots_noindex":false,"robots_noarchive":false,"robots_nosnippet":false,"robots_nofollow":false,"robots_noimageindex":false,"robots_noodp":false,"robots_notranslate":false,"robots_max_snippet":null,"robots_max_videopreview":null,"robots_max_imagepreview":"large","priority":null,"frequency":null,"location":null,"local_seo":null,"seo_analyzer_scan_date":"2025-09-17 08:48:04","breadcrumb_settings":null,"limit_modified_date":false,"open_ai":null,"ai":null,"created":"2021-03-09 08:24:43","updated":"2025-09-17 08:48:04"},"aioseo_breadcrumb":"<div class=\"aioseo-breadcrumbs\"><span class=\"aioseo-breadcrumb\">\n\t<a href=\"https:\/\/eldigitaldeasturias.com\/magazine365\" title=\"Home\">Home<\/a>\n<\/span><span class=\"aioseo-breadcrumb-separator\">\u2013<\/span><span class=\"aioseo-breadcrumb\">\n\t<a href=\"https:\/\/eldigitaldeasturias.com\/magazine365\/category\/noticias-actualidad\/\" title=\"Noticias y Actualidad\">Noticias y Actualidad<\/a>\n<\/span><span class=\"aioseo-breadcrumb-separator\">\u2013<\/span><span class=\"aioseo-breadcrumb\">\n\t<a href=\"https:\/\/eldigitaldeasturias.com\/magazine365\/uno-de-cada-3-pacientes-a-los-que-diagnostican-alzheimer-se-ve-autosuficiente\/\" title=\"Uno de cada 3 pacientes a los que diagnostican Alzheimer se ve autosuficiente\">Uno de cada 3 pacientes a los que diagnostican Alzheimer se ve autosuficiente<\/a>\n<\/span><\/div>","aioseo_breadcrumb_json":[{"label":"Home","link":"https:\/\/eldigitaldeasturias.com\/magazine365"},{"label":"Noticias y Actualidad","link":"https:\/\/eldigitaldeasturias.com\/magazine365\/category\/noticias-actualidad\/"},{"label":"Uno de cada 3 pacientes a los que diagnostican Alzheimer se ve autosuficiente","link":"https:\/\/eldigitaldeasturias.com\/magazine365\/uno-de-cada-3-pacientes-a-los-que-diagnostican-alzheimer-se-ve-autosuficiente\/"}],"_links":{"self":[{"href":"https:\/\/eldigitaldeasturias.com\/magazine365\/wp-json\/wp\/v2\/posts\/13717","targetHints":{"allow":["GET"]}}],"collection":[{"href":"https:\/\/eldigitaldeasturias.com\/magazine365\/wp-json\/wp\/v2\/posts"}],"about":[{"href":"https:\/\/eldigitaldeasturias.com\/magazine365\/wp-json\/wp\/v2\/types\/post"}],"author":[{"embeddable":true,"href":"https:\/\/eldigitaldeasturias.com\/magazine365\/wp-json\/wp\/v2\/users\/1"}],"replies":[{"embeddable":true,"href":"https:\/\/eldigitaldeasturias.com\/magazine365\/wp-json\/wp\/v2\/comments?post=13717"}],"version-history":[{"count":0,"href":"https:\/\/eldigitaldeasturias.com\/magazine365\/wp-json\/wp\/v2\/posts\/13717\/revisions"}],"wp:featuredmedia":[{"embeddable":true,"href":"https:\/\/eldigitaldeasturias.com\/magazine365\/wp-json\/wp\/v2\/media\/13718"}],"wp:attachment":[{"href":"https:\/\/eldigitaldeasturias.com\/magazine365\/wp-json\/wp\/v2\/media?parent=13717"}],"wp:term":[{"taxonomy":"category","embeddable":true,"href":"https:\/\/eldigitaldeasturias.com\/magazine365\/wp-json\/wp\/v2\/categories?post=13717"},{"taxonomy":"post_tag","embeddable":true,"href":"https:\/\/eldigitaldeasturias.com\/magazine365\/wp-json\/wp\/v2\/tags?post=13717"}],"curies":[{"name":"wp","href":"https:\/\/api.w.org\/{rel}","templated":true}]}}