{"id":13702,"date":"2014-05-23T08:25:18","date_gmt":"2014-05-23T10:25:18","guid":{"rendered":"http:\/\/eldigitaldeasturias.com\/magazine365\/?p=13702"},"modified":"2014-05-23T08:25:18","modified_gmt":"2014-05-23T10:25:18","slug":"los-sentimientos-afloran-en-la-presentacion-de-un-homenaje-a-paco-de-lucia-en-cancun","status":"publish","type":"post","link":"https:\/\/eldigitaldeasturias.com\/magazine365\/los-sentimientos-afloran-en-la-presentacion-de-un-homenaje-a-paco-de-lucia-en-cancun\/","title":{"rendered":"Los sentimientos afloran en la presentaci\u00f3n de un homenaje a Paco de Luc\u00eda en Canc\u00fan"},"content":{"rendered":"<p><img fetchpriority=\"high\" decoding=\"async\" class=\"alignleft size-medium wp-image-13703\" alt=\"6291578w\" src=\"https:\/\/eldigitaldeasturias.com\/magazine365\/wp-content\/uploads\/2014\/05\/6291578w-360x196.jpg\" width=\"360\" height=\"196\" \/>Canc\u00fan (M\u00e9xico), 23 may (EFE).- Canc\u00fan es desde esta noche un lugar m\u00e1gico que se llena de la m\u00fasica de Paco de Luc\u00eda y del cari\u00f1o de sus amigos que a\u00fan no terminan de asimilar su partida, expres\u00f3 hoy Juan D&#8217;Any\u00e9lica, promotor de un homenaje al guitarrista andaluz.<\/p>\n<p>\u00abEs un encuentro especial, con mucho sentimiento; es un homenaje, pero todos tenemos algo roto, tenemos que salir hacia adelante\u00bb, dijo D&#8217;Any\u00e9lica durante la presentaci\u00f3n del homenaje que rendir\u00e1n los pr\u00f3ximos dos d\u00edas artistas como \u00d3scar D&#8217;Le\u00f3n, Paquito D&#8217;Rivera y Jorge Pardo, entre muchos otros.<\/p>\n<p>Al fondo del sal\u00f3n de un hotel de Canc\u00fan donde se llev\u00f3 a cabo la presentaci\u00f3n, con los ojos llorosos y la mirada fija en la pantalla que transmit\u00eda v\u00eddeos con algunas actuaciones de Paco de Luc\u00eda se encontraban Gabriela Canseco, su viuda, y sus dos hijos.<\/p>\n<p>M\u00e1s que una conferencia de prensa, la velada se convirti\u00f3 en una noche de recuerdos y a\u00f1oranzas.<\/p>\n<p>El m\u00fasico cubano Paquito D&#8217;Rivera arranc\u00f3 las risas de los asistentes cuando record\u00f3 la llamada que le hiciera Paco de Luc\u00eda en medio de una gira por Estados Unidos.<\/p>\n<p>\u00abYo no sab\u00eda que estaba de gira por Estados Unidos. Me pregunt\u00f3 por mi madre y me dijo que estaba hasta los timbales de comer hamburger. &#8216;\u00bfT\u00fa crees que ella me pueda hacer unos frijoles negros?&#8217;, me pregunt\u00f3\u00bb, dijo el artista antillano.<\/p>\n<p>Y a\u00f1adi\u00f3: \u00abTodav\u00eda tengo una foto de mi madre con el cazo de los frijoles negros completamente vac\u00edo porque todo se lo comi\u00f3 \u00e9l. Rendir tributo a una persona tan querida, a un hombre tan extraordinario, es un verdadero honor\u00bb.<\/p>\n<p>El guitarrista espa\u00f1ol Antonio S\u00e1nchez, quien fue muy cercano a Paco de Luc\u00eda no s\u00f3lo por el parentesco sino tambi\u00e9n por la m\u00fasica, habl\u00f3 de lo que fue \u00abdescubrir\u00bb qui\u00e9n era su t\u00edo.<\/p>\n<p>\u00abAl darme cuenta de qui\u00e9n era ese hombre, ese gran artista, sent\u00ed mucho miedo pero autom\u00e1ticamente tambi\u00e9n mucho orgullo\u00bb, reconoci\u00f3.<\/p>\n<p>Carlos Benavent, bajista del \u00abSexteto de De Luc\u00eda\u00bb, se dijo afortunado de haber sido llamado a integrarse al grupo. \u00abTuve la suerte de que en el momento cuando fui llamado por Paco estaba lo suficientemente preparado para aprovechar la oportunidad que me dio la vida\u00bb, refiri\u00f3.<\/p>\n<p>Para Jos\u00e9 Mar\u00eda Bandera, otro de los sobrinos de Paco de Luc\u00eda que participa en el homenaje, es como si fuera una invitaci\u00f3n del propio guitarrista para que lo visite en casa.<\/p>\n<p>\u00abTodav\u00eda estoy digiriendo lo de Paco. Lo ve\u00eda de vez en cuando. Me hago a la idea de que todav\u00eda est\u00e1 fuera, que anda por ah\u00ed de gira. Nos pas\u00e1bamos los veranos enteros en su casa de Playa del Carmen. A Canc\u00fan ven\u00edamos a comprar repuestos si se nos part\u00eda algo en Playa del Carmen\u00bb, expres\u00f3.<\/p>\n<p>Aunque esta noche no estuvo presente, por medio de un v\u00eddeo el venezolano \u00d3scar D&#8217;Le\u00f3n confirm\u00f3 su presentaci\u00f3n para el pr\u00f3ximo s\u00e1bado. Por el mismo medio y aunque no estar\u00e1 presente, el espa\u00f1ol Alejandro Sanz expres\u00f3 su reconocimiento a la trayectoria del guitarrista y su apoyo al homenaje.<\/p>\n<p>El homenaje a Paco de Luc\u00eda (1947-2014) se llevar\u00e1 a cabo ma\u00f1ana y el s\u00e1bado en el marco de la tercera edici\u00f3n del Oasis Jazz U Festival y tendr\u00e1 como sede el Hotel Grand Oasis de la tur\u00edstica ciudad de Canc\u00fan, en el Caribe mexicano, donde el guitarrista de flamenco pas\u00f3 largas temporadas.<\/p>\n<p>El m\u00fasico falleci\u00f3 el pasado 25 de febrero tras sufrir un infarto a los 66 a\u00f1os de edad en un hospital de Playa del Carmen, tambi\u00e9n en el sudoriental estado mexicano de Quintana Roo.<\/p>\n","protected":false},"excerpt":{"rendered":"<p>Canc\u00fan (M\u00e9xico), 23 may (EFE).- Canc\u00fan es desde esta noche un lugar m\u00e1gico que se llena de la m\u00fasica de Paco de Luc\u00eda y del cari\u00f1o de sus amigos que a\u00fan no terminan de asimilar su partida, expres\u00f3 hoy Juan D&#8217;Any\u00e9lica, promotor de un homenaje al guitarrista andaluz. \u00abEs un encuentro especial, con mucho sentimiento;<\/p>\n","protected":false},"author":1,"featured_media":13703,"comment_status":"open","ping_status":"closed","sticky":false,"template":"","format":"standard","meta":{"footnotes":""},"categories":[224],"tags":[],"class_list":{"0":"post-13702","1":"post","2":"type-post","3":"status-publish","4":"format-standard","5":"has-post-thumbnail","7":"category-noticias-actualidad"},"aioseo_notices":[],"aioseo_head":"\n\t\t<!-- All in One SEO Pro 4.9.6.1 - aioseo.com -->\n\t<meta name=\"description\" content=\"Canc\u00fan (M\u00e9xico), 23 may (EFE).- Canc\u00fan es desde esta noche un lugar m\u00e1gico que se llena de la m\u00fasica de Paco de Luc\u00eda y del cari\u00f1o de sus amigos que a\u00fan no terminan de asimilar su partida, expres\u00f3 hoy Juan D&#039;Any\u00e9lica, promotor de un homenaje al guitarrista andaluz. &quot;Es un encuentro especial, con mucho sentimiento;\" \/>\n\t<meta name=\"robots\" content=\"max-image-preview:large\" \/>\n\t<meta name=\"author\" content=\"admin\"\/>\n\t<meta name=\"google-site-verification\" content=\"UA-38556648-1\" \/>\n\t<meta name=\"keywords\" content=\"noticias y actualidad\" \/>\n\t<link rel=\"canonical\" href=\"https:\/\/eldigitaldeasturias.com\/magazine365\/los-sentimientos-afloran-en-la-presentacion-de-un-homenaje-a-paco-de-lucia-en-cancun\/\" \/>\n\t<meta name=\"generator\" content=\"All in One SEO Pro (AIOSEO) 4.9.6.1\" \/>\n\t\t<meta property=\"og:locale\" content=\"es_ES\" \/>\n\t\t<meta property=\"og:site_name\" content=\"El Digital de Asturias \u2013 Revista de ocio, turismo y estilo de vida\" \/>\n\t\t<meta property=\"og:type\" content=\"article\" \/>\n\t\t<meta property=\"og:title\" content=\"Los sentimientos afloran en la presentaci\u00f3n de un homenaje a Paco de Luc\u00eda en Canc\u00fan | El Digital de Asturias\" \/>\n\t\t<meta property=\"og:description\" content=\"Canc\u00fan (M\u00e9xico), 23 may (EFE).- Canc\u00fan es desde esta noche un lugar m\u00e1gico que se llena de la m\u00fasica de Paco de Luc\u00eda y del cari\u00f1o de sus amigos que a\u00fan no terminan de asimilar su partida, expres\u00f3 hoy Juan D&#039;Any\u00e9lica, promotor de un homenaje al guitarrista andaluz. &quot;Es un encuentro especial, con mucho sentimiento;\" \/>\n\t\t<meta property=\"og:url\" content=\"https:\/\/eldigitaldeasturias.com\/magazine365\/los-sentimientos-afloran-en-la-presentacion-de-un-homenaje-a-paco-de-lucia-en-cancun\/\" \/>\n\t\t<meta property=\"og:image\" content=\"https:\/\/eldigitaldeasturias.com\/magazine365\/wp-content\/uploads\/2014\/05\/6291578w.jpg\" \/>\n\t\t<meta property=\"og:image:secure_url\" content=\"https:\/\/eldigitaldeasturias.com\/magazine365\/wp-content\/uploads\/2014\/05\/6291578w.jpg\" \/>\n\t\t<meta property=\"og:image:width\" content=\"800\" \/>\n\t\t<meta property=\"og:image:height\" content=\"437\" \/>\n\t\t<meta property=\"article:published_time\" content=\"2014-05-23T10:25:18+00:00\" \/>\n\t\t<meta property=\"article:modified_time\" content=\"2014-05-23T10:25:18+00:00\" \/>\n\t\t<meta name=\"twitter:card\" content=\"summary_large_image\" \/>\n\t\t<meta name=\"twitter:title\" content=\"Los sentimientos afloran en la presentaci\u00f3n de un homenaje a Paco de Luc\u00eda en Canc\u00fan | El Digital de Asturias\" \/>\n\t\t<meta name=\"twitter:description\" content=\"Canc\u00fan (M\u00e9xico), 23 may (EFE).- Canc\u00fan es desde esta noche un lugar m\u00e1gico que se llena de la m\u00fasica de Paco de Luc\u00eda y del cari\u00f1o de sus amigos que a\u00fan no terminan de asimilar su partida, expres\u00f3 hoy Juan D&#039;Any\u00e9lica, promotor de un homenaje al guitarrista andaluz. &quot;Es un encuentro especial, con mucho sentimiento;\" \/>\n\t\t<meta name=\"twitter:image\" content=\"https:\/\/eldigitaldeasturias.com\/magazine365\/wp-content\/uploads\/2014\/05\/6291578w.jpg\" \/>\n\t\t<script type=\"application\/ld+json\" class=\"aioseo-schema\">\n\t\t\t{\"@context\":\"https:\\\/\\\/schema.org\",\"@graph\":[{\"@type\":\"Article\",\"@id\":\"https:\\\/\\\/eldigitaldeasturias.com\\\/magazine365\\\/los-sentimientos-afloran-en-la-presentacion-de-un-homenaje-a-paco-de-lucia-en-cancun\\\/#article\",\"name\":\"Los sentimientos afloran en la presentaci\\u00f3n de un homenaje a Paco de Luc\\u00eda en Canc\\u00fan | El Digital de Asturias\",\"headline\":\"Los sentimientos afloran en la presentaci\\u00f3n de un homenaje a Paco de Luc\\u00eda en Canc\\u00fan\",\"author\":{\"@id\":\"https:\\\/\\\/eldigitaldeasturias.com\\\/magazine365\\\/author\\\/admin\\\/#author\"},\"publisher\":{\"@id\":\"https:\\\/\\\/eldigitaldeasturias.com\\\/magazine365\\\/#organization\"},\"image\":{\"@type\":\"ImageObject\",\"url\":\"https:\\\/\\\/eldigitaldeasturias.com\\\/magazine365\\\/wp-content\\\/uploads\\\/2014\\\/05\\\/6291578w.jpg\",\"width\":800,\"height\":437},\"datePublished\":\"2014-05-23T08:25:18+02:00\",\"dateModified\":\"2014-05-23T08:25:18+02:00\",\"inLanguage\":\"es-ES\",\"mainEntityOfPage\":{\"@id\":\"https:\\\/\\\/eldigitaldeasturias.com\\\/magazine365\\\/los-sentimientos-afloran-en-la-presentacion-de-un-homenaje-a-paco-de-lucia-en-cancun\\\/#webpage\"},\"isPartOf\":{\"@id\":\"https:\\\/\\\/eldigitaldeasturias.com\\\/magazine365\\\/los-sentimientos-afloran-en-la-presentacion-de-un-homenaje-a-paco-de-lucia-en-cancun\\\/#webpage\"},\"articleSection\":\"Noticias y Actualidad\"},{\"@type\":\"BreadcrumbList\",\"@id\":\"https:\\\/\\\/eldigitaldeasturias.com\\\/magazine365\\\/los-sentimientos-afloran-en-la-presentacion-de-un-homenaje-a-paco-de-lucia-en-cancun\\\/#breadcrumblist\",\"itemListElement\":[{\"@type\":\"ListItem\",\"@id\":\"https:\\\/\\\/eldigitaldeasturias.com\\\/magazine365#listItem\",\"position\":1,\"name\":\"Home\",\"item\":\"https:\\\/\\\/eldigitaldeasturias.com\\\/magazine365\",\"nextItem\":{\"@type\":\"ListItem\",\"@id\":\"https:\\\/\\\/eldigitaldeasturias.com\\\/magazine365\\\/category\\\/noticias-actualidad\\\/#listItem\",\"name\":\"Noticias y Actualidad\"}},{\"@type\":\"ListItem\",\"@id\":\"https:\\\/\\\/eldigitaldeasturias.com\\\/magazine365\\\/category\\\/noticias-actualidad\\\/#listItem\",\"position\":2,\"name\":\"Noticias y Actualidad\",\"item\":\"https:\\\/\\\/eldigitaldeasturias.com\\\/magazine365\\\/category\\\/noticias-actualidad\\\/\",\"nextItem\":{\"@type\":\"ListItem\",\"@id\":\"https:\\\/\\\/eldigitaldeasturias.com\\\/magazine365\\\/los-sentimientos-afloran-en-la-presentacion-de-un-homenaje-a-paco-de-lucia-en-cancun\\\/#listItem\",\"name\":\"Los sentimientos afloran en la presentaci\\u00f3n de un homenaje a Paco de Luc\\u00eda en Canc\\u00fan\"},\"previousItem\":{\"@type\":\"ListItem\",\"@id\":\"https:\\\/\\\/eldigitaldeasturias.com\\\/magazine365#listItem\",\"name\":\"Home\"}},{\"@type\":\"ListItem\",\"@id\":\"https:\\\/\\\/eldigitaldeasturias.com\\\/magazine365\\\/los-sentimientos-afloran-en-la-presentacion-de-un-homenaje-a-paco-de-lucia-en-cancun\\\/#listItem\",\"position\":3,\"name\":\"Los sentimientos afloran en la presentaci\\u00f3n de un homenaje a Paco de Luc\\u00eda en Canc\\u00fan\",\"previousItem\":{\"@type\":\"ListItem\",\"@id\":\"https:\\\/\\\/eldigitaldeasturias.com\\\/magazine365\\\/category\\\/noticias-actualidad\\\/#listItem\",\"name\":\"Noticias y Actualidad\"}}]},{\"@type\":\"Organization\",\"@id\":\"https:\\\/\\\/eldigitaldeasturias.com\\\/magazine365\\\/#organization\",\"name\":\"El digital de Asturias\",\"description\":\"Revista de ocio, turismo y estilo de vida\",\"url\":\"https:\\\/\\\/eldigitaldeasturias.com\\\/magazine365\\\/\",\"logo\":{\"@type\":\"ImageObject\",\"url\":\"https:\\\/\\\/www.eldigitaldeasturias.com\\\/noticias\\\/wp-content\\\/uploads\\\/2020\\\/12\\\/EDA.jpg\",\"@id\":\"https:\\\/\\\/eldigitaldeasturias.com\\\/magazine365\\\/los-sentimientos-afloran-en-la-presentacion-de-un-homenaje-a-paco-de-lucia-en-cancun\\\/#organizationLogo\"},\"image\":{\"@id\":\"https:\\\/\\\/eldigitaldeasturias.com\\\/magazine365\\\/los-sentimientos-afloran-en-la-presentacion-de-un-homenaje-a-paco-de-lucia-en-cancun\\\/#organizationLogo\"}},{\"@type\":\"Person\",\"@id\":\"https:\\\/\\\/eldigitaldeasturias.com\\\/magazine365\\\/author\\\/admin\\\/#author\",\"url\":\"https:\\\/\\\/eldigitaldeasturias.com\\\/magazine365\\\/author\\\/admin\\\/\",\"name\":\"admin\",\"image\":{\"@type\":\"ImageObject\",\"@id\":\"https:\\\/\\\/eldigitaldeasturias.com\\\/magazine365\\\/los-sentimientos-afloran-en-la-presentacion-de-un-homenaje-a-paco-de-lucia-en-cancun\\\/#authorImage\",\"url\":\"https:\\\/\\\/eldigitaldeasturias.com\\\/magazine365\\\/wp-content\\\/litespeed\\\/avatar\\\/e571bcf59a0edd6fa6838245a470f2fe.jpg?ver=1776969259\",\"width\":96,\"height\":96,\"caption\":\"admin\"}},{\"@type\":\"WebPage\",\"@id\":\"https:\\\/\\\/eldigitaldeasturias.com\\\/magazine365\\\/los-sentimientos-afloran-en-la-presentacion-de-un-homenaje-a-paco-de-lucia-en-cancun\\\/#webpage\",\"url\":\"https:\\\/\\\/eldigitaldeasturias.com\\\/magazine365\\\/los-sentimientos-afloran-en-la-presentacion-de-un-homenaje-a-paco-de-lucia-en-cancun\\\/\",\"name\":\"Los sentimientos afloran en la presentaci\\u00f3n de un homenaje a Paco de Luc\\u00eda en Canc\\u00fan | El Digital de Asturias\",\"description\":\"Canc\\u00fan (M\\u00e9xico), 23 may (EFE).- Canc\\u00fan es desde esta noche un lugar m\\u00e1gico que se llena de la m\\u00fasica de Paco de Luc\\u00eda y del cari\\u00f1o de sus amigos que a\\u00fan no terminan de asimilar su partida, expres\\u00f3 hoy Juan D'Any\\u00e9lica, promotor de un homenaje al guitarrista andaluz. \\\"Es un encuentro especial, con mucho sentimiento;\",\"inLanguage\":\"es-ES\",\"isPartOf\":{\"@id\":\"https:\\\/\\\/eldigitaldeasturias.com\\\/magazine365\\\/#website\"},\"breadcrumb\":{\"@id\":\"https:\\\/\\\/eldigitaldeasturias.com\\\/magazine365\\\/los-sentimientos-afloran-en-la-presentacion-de-un-homenaje-a-paco-de-lucia-en-cancun\\\/#breadcrumblist\"},\"author\":{\"@id\":\"https:\\\/\\\/eldigitaldeasturias.com\\\/magazine365\\\/author\\\/admin\\\/#author\"},\"creator\":{\"@id\":\"https:\\\/\\\/eldigitaldeasturias.com\\\/magazine365\\\/author\\\/admin\\\/#author\"},\"image\":{\"@type\":\"ImageObject\",\"url\":\"https:\\\/\\\/eldigitaldeasturias.com\\\/magazine365\\\/wp-content\\\/uploads\\\/2014\\\/05\\\/6291578w.jpg\",\"@id\":\"https:\\\/\\\/eldigitaldeasturias.com\\\/magazine365\\\/los-sentimientos-afloran-en-la-presentacion-de-un-homenaje-a-paco-de-lucia-en-cancun\\\/#mainImage\",\"width\":800,\"height\":437},\"primaryImageOfPage\":{\"@id\":\"https:\\\/\\\/eldigitaldeasturias.com\\\/magazine365\\\/los-sentimientos-afloran-en-la-presentacion-de-un-homenaje-a-paco-de-lucia-en-cancun\\\/#mainImage\"},\"datePublished\":\"2014-05-23T08:25:18+02:00\",\"dateModified\":\"2014-05-23T08:25:18+02:00\"},{\"@type\":\"WebSite\",\"@id\":\"https:\\\/\\\/eldigitaldeasturias.com\\\/magazine365\\\/#website\",\"url\":\"https:\\\/\\\/eldigitaldeasturias.com\\\/magazine365\\\/\",\"name\":\"El Digital de Asturias\",\"description\":\"Revista de ocio, turismo y estilo de vida\",\"inLanguage\":\"es-ES\",\"publisher\":{\"@id\":\"https:\\\/\\\/eldigitaldeasturias.com\\\/magazine365\\\/#organization\"}}]}\n\t\t<\/script>\n\t\t<!-- All in One SEO Pro -->\r\n\t\t<title>Los sentimientos afloran en la presentaci\u00f3n de un homenaje a Paco de Luc\u00eda en Canc\u00fan | El Digital de Asturias<\/title>\n\n","aioseo_head_json":{"title":"Los sentimientos afloran en la presentaci\u00f3n de un homenaje a Paco de Luc\u00eda en Canc\u00fan | El Digital de Asturias","description":"Canc\u00fan (M\u00e9xico), 23 may (EFE).- Canc\u00fan es desde esta noche un lugar m\u00e1gico que se llena de la m\u00fasica de Paco de Luc\u00eda y del cari\u00f1o de sus amigos que a\u00fan no terminan de asimilar su partida, expres\u00f3 hoy Juan D'Any\u00e9lica, promotor de un homenaje al guitarrista andaluz. \"Es un encuentro especial, con mucho sentimiento;","canonical_url":"https:\/\/eldigitaldeasturias.com\/magazine365\/los-sentimientos-afloran-en-la-presentacion-de-un-homenaje-a-paco-de-lucia-en-cancun\/","robots":"max-image-preview:large","keywords":"noticias y actualidad","webmasterTools":{"google-site-verification":"UA-38556648-1","miscellaneous":""},"schema":{"@context":"https:\/\/schema.org","@graph":[{"@type":"Article","@id":"https:\/\/eldigitaldeasturias.com\/magazine365\/los-sentimientos-afloran-en-la-presentacion-de-un-homenaje-a-paco-de-lucia-en-cancun\/#article","name":"Los sentimientos afloran en la presentaci\u00f3n de un homenaje a Paco de Luc\u00eda en Canc\u00fan | El Digital de Asturias","headline":"Los sentimientos afloran en la presentaci\u00f3n de un homenaje a Paco de Luc\u00eda en Canc\u00fan","author":{"@id":"https:\/\/eldigitaldeasturias.com\/magazine365\/author\/admin\/#author"},"publisher":{"@id":"https:\/\/eldigitaldeasturias.com\/magazine365\/#organization"},"image":{"@type":"ImageObject","url":"https:\/\/eldigitaldeasturias.com\/magazine365\/wp-content\/uploads\/2014\/05\/6291578w.jpg","width":800,"height":437},"datePublished":"2014-05-23T08:25:18+02:00","dateModified":"2014-05-23T08:25:18+02:00","inLanguage":"es-ES","mainEntityOfPage":{"@id":"https:\/\/eldigitaldeasturias.com\/magazine365\/los-sentimientos-afloran-en-la-presentacion-de-un-homenaje-a-paco-de-lucia-en-cancun\/#webpage"},"isPartOf":{"@id":"https:\/\/eldigitaldeasturias.com\/magazine365\/los-sentimientos-afloran-en-la-presentacion-de-un-homenaje-a-paco-de-lucia-en-cancun\/#webpage"},"articleSection":"Noticias y Actualidad"},{"@type":"BreadcrumbList","@id":"https:\/\/eldigitaldeasturias.com\/magazine365\/los-sentimientos-afloran-en-la-presentacion-de-un-homenaje-a-paco-de-lucia-en-cancun\/#breadcrumblist","itemListElement":[{"@type":"ListItem","@id":"https:\/\/eldigitaldeasturias.com\/magazine365#listItem","position":1,"name":"Home","item":"https:\/\/eldigitaldeasturias.com\/magazine365","nextItem":{"@type":"ListItem","@id":"https:\/\/eldigitaldeasturias.com\/magazine365\/category\/noticias-actualidad\/#listItem","name":"Noticias y Actualidad"}},{"@type":"ListItem","@id":"https:\/\/eldigitaldeasturias.com\/magazine365\/category\/noticias-actualidad\/#listItem","position":2,"name":"Noticias y Actualidad","item":"https:\/\/eldigitaldeasturias.com\/magazine365\/category\/noticias-actualidad\/","nextItem":{"@type":"ListItem","@id":"https:\/\/eldigitaldeasturias.com\/magazine365\/los-sentimientos-afloran-en-la-presentacion-de-un-homenaje-a-paco-de-lucia-en-cancun\/#listItem","name":"Los sentimientos afloran en la presentaci\u00f3n de un homenaje a Paco de Luc\u00eda en Canc\u00fan"},"previousItem":{"@type":"ListItem","@id":"https:\/\/eldigitaldeasturias.com\/magazine365#listItem","name":"Home"}},{"@type":"ListItem","@id":"https:\/\/eldigitaldeasturias.com\/magazine365\/los-sentimientos-afloran-en-la-presentacion-de-un-homenaje-a-paco-de-lucia-en-cancun\/#listItem","position":3,"name":"Los sentimientos afloran en la presentaci\u00f3n de un homenaje a Paco de Luc\u00eda en Canc\u00fan","previousItem":{"@type":"ListItem","@id":"https:\/\/eldigitaldeasturias.com\/magazine365\/category\/noticias-actualidad\/#listItem","name":"Noticias y Actualidad"}}]},{"@type":"Organization","@id":"https:\/\/eldigitaldeasturias.com\/magazine365\/#organization","name":"El digital de Asturias","description":"Revista de ocio, turismo y estilo de vida","url":"https:\/\/eldigitaldeasturias.com\/magazine365\/","logo":{"@type":"ImageObject","url":"https:\/\/www.eldigitaldeasturias.com\/noticias\/wp-content\/uploads\/2020\/12\/EDA.jpg","@id":"https:\/\/eldigitaldeasturias.com\/magazine365\/los-sentimientos-afloran-en-la-presentacion-de-un-homenaje-a-paco-de-lucia-en-cancun\/#organizationLogo"},"image":{"@id":"https:\/\/eldigitaldeasturias.com\/magazine365\/los-sentimientos-afloran-en-la-presentacion-de-un-homenaje-a-paco-de-lucia-en-cancun\/#organizationLogo"}},{"@type":"Person","@id":"https:\/\/eldigitaldeasturias.com\/magazine365\/author\/admin\/#author","url":"https:\/\/eldigitaldeasturias.com\/magazine365\/author\/admin\/","name":"admin","image":{"@type":"ImageObject","@id":"https:\/\/eldigitaldeasturias.com\/magazine365\/los-sentimientos-afloran-en-la-presentacion-de-un-homenaje-a-paco-de-lucia-en-cancun\/#authorImage","url":"https:\/\/eldigitaldeasturias.com\/magazine365\/wp-content\/litespeed\/avatar\/e571bcf59a0edd6fa6838245a470f2fe.jpg?ver=1776969259","width":96,"height":96,"caption":"admin"}},{"@type":"WebPage","@id":"https:\/\/eldigitaldeasturias.com\/magazine365\/los-sentimientos-afloran-en-la-presentacion-de-un-homenaje-a-paco-de-lucia-en-cancun\/#webpage","url":"https:\/\/eldigitaldeasturias.com\/magazine365\/los-sentimientos-afloran-en-la-presentacion-de-un-homenaje-a-paco-de-lucia-en-cancun\/","name":"Los sentimientos afloran en la presentaci\u00f3n de un homenaje a Paco de Luc\u00eda en Canc\u00fan | El Digital de Asturias","description":"Canc\u00fan (M\u00e9xico), 23 may (EFE).- Canc\u00fan es desde esta noche un lugar m\u00e1gico que se llena de la m\u00fasica de Paco de Luc\u00eda y del cari\u00f1o de sus amigos que a\u00fan no terminan de asimilar su partida, expres\u00f3 hoy Juan D'Any\u00e9lica, promotor de un homenaje al guitarrista andaluz. \"Es un encuentro especial, con mucho sentimiento;","inLanguage":"es-ES","isPartOf":{"@id":"https:\/\/eldigitaldeasturias.com\/magazine365\/#website"},"breadcrumb":{"@id":"https:\/\/eldigitaldeasturias.com\/magazine365\/los-sentimientos-afloran-en-la-presentacion-de-un-homenaje-a-paco-de-lucia-en-cancun\/#breadcrumblist"},"author":{"@id":"https:\/\/eldigitaldeasturias.com\/magazine365\/author\/admin\/#author"},"creator":{"@id":"https:\/\/eldigitaldeasturias.com\/magazine365\/author\/admin\/#author"},"image":{"@type":"ImageObject","url":"https:\/\/eldigitaldeasturias.com\/magazine365\/wp-content\/uploads\/2014\/05\/6291578w.jpg","@id":"https:\/\/eldigitaldeasturias.com\/magazine365\/los-sentimientos-afloran-en-la-presentacion-de-un-homenaje-a-paco-de-lucia-en-cancun\/#mainImage","width":800,"height":437},"primaryImageOfPage":{"@id":"https:\/\/eldigitaldeasturias.com\/magazine365\/los-sentimientos-afloran-en-la-presentacion-de-un-homenaje-a-paco-de-lucia-en-cancun\/#mainImage"},"datePublished":"2014-05-23T08:25:18+02:00","dateModified":"2014-05-23T08:25:18+02:00"},{"@type":"WebSite","@id":"https:\/\/eldigitaldeasturias.com\/magazine365\/#website","url":"https:\/\/eldigitaldeasturias.com\/magazine365\/","name":"El Digital de Asturias","description":"Revista de ocio, turismo y estilo de vida","inLanguage":"es-ES","publisher":{"@id":"https:\/\/eldigitaldeasturias.com\/magazine365\/#organization"}}]},"og:locale":"es_ES","og:site_name":"El Digital de Asturias \u2013 Revista de ocio, turismo y estilo de vida","og:type":"article","og:title":"Los sentimientos afloran en la presentaci\u00f3n de un homenaje a Paco de Luc\u00eda en Canc\u00fan | El Digital de Asturias","og:description":"Canc\u00fan (M\u00e9xico), 23 may (EFE).- Canc\u00fan es desde esta noche un lugar m\u00e1gico que se llena de la m\u00fasica de Paco de Luc\u00eda y del cari\u00f1o de sus amigos que a\u00fan no terminan de asimilar su partida, expres\u00f3 hoy Juan D'Any\u00e9lica, promotor de un homenaje al guitarrista andaluz. &quot;Es un encuentro especial, con mucho sentimiento;","og:url":"https:\/\/eldigitaldeasturias.com\/magazine365\/los-sentimientos-afloran-en-la-presentacion-de-un-homenaje-a-paco-de-lucia-en-cancun\/","og:image":"https:\/\/eldigitaldeasturias.com\/magazine365\/wp-content\/uploads\/2014\/05\/6291578w.jpg","og:image:secure_url":"https:\/\/eldigitaldeasturias.com\/magazine365\/wp-content\/uploads\/2014\/05\/6291578w.jpg","og:image:width":800,"og:image:height":437,"article:published_time":"2014-05-23T10:25:18+00:00","article:modified_time":"2014-05-23T10:25:18+00:00","twitter:card":"summary_large_image","twitter:title":"Los sentimientos afloran en la presentaci\u00f3n de un homenaje a Paco de Luc\u00eda en Canc\u00fan | El Digital de Asturias","twitter:description":"Canc\u00fan (M\u00e9xico), 23 may (EFE).- Canc\u00fan es desde esta noche un lugar m\u00e1gico que se llena de la m\u00fasica de Paco de Luc\u00eda y del cari\u00f1o de sus amigos que a\u00fan no terminan de asimilar su partida, expres\u00f3 hoy Juan D'Any\u00e9lica, promotor de un homenaje al guitarrista andaluz. &quot;Es un encuentro especial, con mucho sentimiento;","twitter:image":"https:\/\/eldigitaldeasturias.com\/magazine365\/wp-content\/uploads\/2014\/05\/6291578w.jpg"},"aioseo_meta_data":{"post_id":"13702","title":null,"description":null,"keywords":null,"keyphrases":null,"primary_term":null,"canonical_url":null,"og_title":null,"og_description":null,"og_object_type":"default","og_image_type":"default","og_image_url":null,"og_image_width":null,"og_image_height":null,"og_image_custom_url":null,"og_image_custom_fields":null,"og_video":null,"og_custom_url":null,"og_article_section":null,"og_article_tags":null,"twitter_use_og":false,"twitter_card":"default","twitter_image_type":"default","twitter_image_url":null,"twitter_image_custom_url":null,"twitter_image_custom_fields":null,"twitter_title":null,"twitter_description":null,"schema":{"blockGraphs":[],"customGraphs":[],"default":{"data":{"Article":[],"Course":[],"Dataset":[],"FAQPage":[],"Movie":[],"Person":[],"Product":[],"ProductReview":[],"Car":[],"Recipe":[],"Service":[],"SoftwareApplication":[],"WebPage":[]},"graphName":"","isEnabled":true},"graphs":[],"defaultGraph":"","defaultPostTypeGraph":""},"schema_type":null,"schema_type_options":null,"pillar_content":false,"robots_default":true,"robots_noindex":false,"robots_noarchive":false,"robots_nosnippet":false,"robots_nofollow":false,"robots_noimageindex":false,"robots_noodp":false,"robots_notranslate":false,"robots_max_snippet":null,"robots_max_videopreview":null,"robots_max_imagepreview":"large","priority":null,"frequency":null,"location":null,"local_seo":null,"seo_analyzer_scan_date":"2025-09-17 08:46:14","breadcrumb_settings":null,"limit_modified_date":false,"open_ai":null,"ai":null,"created":"2021-03-09 08:24:43","updated":"2025-09-17 08:46:14"},"aioseo_breadcrumb":"<div class=\"aioseo-breadcrumbs\"><span class=\"aioseo-breadcrumb\">\n\t<a href=\"https:\/\/eldigitaldeasturias.com\/magazine365\" title=\"Home\">Home<\/a>\n<\/span><span class=\"aioseo-breadcrumb-separator\">\u2013<\/span><span class=\"aioseo-breadcrumb\">\n\t<a href=\"https:\/\/eldigitaldeasturias.com\/magazine365\/category\/noticias-actualidad\/\" title=\"Noticias y Actualidad\">Noticias y Actualidad<\/a>\n<\/span><span class=\"aioseo-breadcrumb-separator\">\u2013<\/span><span class=\"aioseo-breadcrumb\">\n\t<a href=\"https:\/\/eldigitaldeasturias.com\/magazine365\/los-sentimientos-afloran-en-la-presentacion-de-un-homenaje-a-paco-de-lucia-en-cancun\/\" title=\"Los sentimientos afloran en la presentaci\u00f3n de un homenaje a Paco de Luc\u00eda en Canc\u00fan\">Los sentimientos afloran en la presentaci\u00f3n de un homenaje a Paco de Luc\u00eda en Canc\u00fan<\/a>\n<\/span><\/div>","aioseo_breadcrumb_json":[{"label":"Home","link":"https:\/\/eldigitaldeasturias.com\/magazine365"},{"label":"Noticias y Actualidad","link":"https:\/\/eldigitaldeasturias.com\/magazine365\/category\/noticias-actualidad\/"},{"label":"Los sentimientos afloran en la presentaci\u00f3n de un homenaje a Paco de Luc\u00eda en Canc\u00fan","link":"https:\/\/eldigitaldeasturias.com\/magazine365\/los-sentimientos-afloran-en-la-presentacion-de-un-homenaje-a-paco-de-lucia-en-cancun\/"}],"_links":{"self":[{"href":"https:\/\/eldigitaldeasturias.com\/magazine365\/wp-json\/wp\/v2\/posts\/13702","targetHints":{"allow":["GET"]}}],"collection":[{"href":"https:\/\/eldigitaldeasturias.com\/magazine365\/wp-json\/wp\/v2\/posts"}],"about":[{"href":"https:\/\/eldigitaldeasturias.com\/magazine365\/wp-json\/wp\/v2\/types\/post"}],"author":[{"embeddable":true,"href":"https:\/\/eldigitaldeasturias.com\/magazine365\/wp-json\/wp\/v2\/users\/1"}],"replies":[{"embeddable":true,"href":"https:\/\/eldigitaldeasturias.com\/magazine365\/wp-json\/wp\/v2\/comments?post=13702"}],"version-history":[{"count":0,"href":"https:\/\/eldigitaldeasturias.com\/magazine365\/wp-json\/wp\/v2\/posts\/13702\/revisions"}],"wp:featuredmedia":[{"embeddable":true,"href":"https:\/\/eldigitaldeasturias.com\/magazine365\/wp-json\/wp\/v2\/media\/13703"}],"wp:attachment":[{"href":"https:\/\/eldigitaldeasturias.com\/magazine365\/wp-json\/wp\/v2\/media?parent=13702"}],"wp:term":[{"taxonomy":"category","embeddable":true,"href":"https:\/\/eldigitaldeasturias.com\/magazine365\/wp-json\/wp\/v2\/categories?post=13702"},{"taxonomy":"post_tag","embeddable":true,"href":"https:\/\/eldigitaldeasturias.com\/magazine365\/wp-json\/wp\/v2\/tags?post=13702"}],"curies":[{"name":"wp","href":"https:\/\/api.w.org\/{rel}","templated":true}]}}