{"id":13696,"date":"2014-05-23T08:22:07","date_gmt":"2014-05-23T10:22:07","guid":{"rendered":"http:\/\/eldigitaldeasturias.com\/magazine365\/?p=13696"},"modified":"2014-05-23T08:22:07","modified_gmt":"2014-05-23T10:22:07","slug":"el-director-de-godzilla-encargado-del-primer-spinoff-de-star-wars","status":"publish","type":"post","link":"https:\/\/eldigitaldeasturias.com\/magazine365\/el-director-de-godzilla-encargado-del-primer-spinoff-de-star-wars\/","title":{"rendered":"El director de \u00abGodzilla\u00bb, encargado del primer \u00abspinoff\u00bb de \u00abStar Wars\u00bb"},"content":{"rendered":"<p><img fetchpriority=\"high\" decoding=\"async\" class=\"alignleft size-medium wp-image-13697\" alt=\"6291606w\" src=\"https:\/\/eldigitaldeasturias.com\/magazine365\/wp-content\/uploads\/2014\/05\/6291606w-360x227.jpg\" width=\"360\" height=\"227\" srcset=\"https:\/\/eldigitaldeasturias.com\/magazine365\/wp-content\/uploads\/2014\/05\/6291606w-360x227.jpg 360w, https:\/\/eldigitaldeasturias.com\/magazine365\/wp-content\/uploads\/2014\/05\/6291606w-650x410.jpg 650w, https:\/\/eldigitaldeasturias.com\/magazine365\/wp-content\/uploads\/2014\/05\/6291606w-768x485.jpg 768w, https:\/\/eldigitaldeasturias.com\/magazine365\/wp-content\/uploads\/2014\/05\/6291606w-150x95.jpg 150w, https:\/\/eldigitaldeasturias.com\/magazine365\/wp-content\/uploads\/2014\/05\/6291606w-450x284.jpg 450w, https:\/\/eldigitaldeasturias.com\/magazine365\/wp-content\/uploads\/2014\/05\/6291606w-696x439.jpg 696w, https:\/\/eldigitaldeasturias.com\/magazine365\/wp-content\/uploads\/2014\/05\/6291606w-665x420.jpg 665w, https:\/\/eldigitaldeasturias.com\/magazine365\/wp-content\/uploads\/2014\/05\/6291606w-269x170.jpg 269w, https:\/\/eldigitaldeasturias.com\/magazine365\/wp-content\/uploads\/2014\/05\/6291606w.jpg 800w\" sizes=\"(max-width: 360px) 100vw, 360px\" \/>Los \u00c1ngeles (EE.UU.), 23 may (EFE).- El brit\u00e1nico Gareth Edwards, que viene de sorprender con el \u00e9xito de \u00abGodzilla\u00bb, ser\u00e1 el director del primer \u00abspinoff\u00bb -pel\u00edcula centrada en uno de los personajes- de la saga gal\u00e1ctica \u00abStar Wars\u00bb, inform\u00f3 hoy la compa\u00f1\u00eda LucasFilm.<\/p>\n<p>Por el momento se desconoce qui\u00e9n ser\u00e1 el personaje que centrar\u00e1 la historia. Lo \u00fanico que se ha desvelado es que la cinta contar\u00e1 con un gui\u00f3n de Gary Whitta (\u00abThe Book of Eli\u00bb) y que llegar\u00e1 a los cines el 16 de diciembre de 2016.<\/p>\n<p>En febrero de 2013, el consejero delegado de Walt Disney, Bob Iger, anunci\u00f3 que, al margen de la nueva trilog\u00eda de \u00abStar Wars\u00bb que hay en ciernes, el estudio ten\u00eda previsto expandir ese universo con pel\u00edculas centradas en las figuras de sus protagonistas.<\/p>\n<p>\u00abDesde el momento que vi &#8216;Star Wars&#8217; supe exactamente a lo que me quer\u00eda dedicar el resto de mi vida: \u00a1unirme a la alianza rebelde! No podr\u00eda estar m\u00e1s contento de emprender esta misi\u00f3n con LucasFilm\u00bb, indic\u00f3 Edwards.<\/p>\n<p>La noticia fue comentada tambi\u00e9n por Thomas Tull, presidente de Legendary Pictures -productora de \u00abGodzilla\u00bb-, quien confirm\u00f3 que cuenta para el futuro con Edwards para hacerse cargo de la segunda parte.<\/p>\n<p>\u00abSu talento le convierte en uno de los directores m\u00e1s creativos y visionarios de su generaci\u00f3n. El plan siempre consisti\u00f3 en que Gareth dirigiera otra pel\u00edcula antes de empezar con otro &#8216;Godzilla&#8217;, \u00bfpero qui\u00e9n iba a decir que fuera una entrega de &#8216;Star Wars&#8217;?\u00bb, sostuvo.<\/p>\n<p>Por su parte Whitta coment\u00f3 que \u00abStar Wars\u00bb siempre le ha servido de inspiraci\u00f3n en su carrera y que afronta este reto \u00abprofundamente especial\u00bb como \u00abun sue\u00f1o hecho realidad\u00bb.<\/p>\n<p>Mientras tanto, \u00abStar Wars: Episode VII\u00bb, protagonizada por el reparto de la cinta original junto con rostros nuevos como Oscar Isaac, Andy Serkis y Max von Sydow, ya ha comenzado su rodaje y llegar\u00e1 a los cines en diciembre de 2015.<\/p>\n<p>En octubre de 2012 Disney anunci\u00f3 la adquisici\u00f3n de la empresa Lucasfilm , fundada por George Lucas, por 4.050 millones de d\u00f3lares.<\/p>\n","protected":false},"excerpt":{"rendered":"<p>Los \u00c1ngeles (EE.UU.), 23 may (EFE).- El brit\u00e1nico Gareth Edwards, que viene de sorprender con el \u00e9xito de \u00abGodzilla\u00bb, ser\u00e1 el director del primer \u00abspinoff\u00bb -pel\u00edcula centrada en uno de los personajes- de la saga gal\u00e1ctica \u00abStar Wars\u00bb, inform\u00f3 hoy la compa\u00f1\u00eda LucasFilm. Por el momento se desconoce qui\u00e9n ser\u00e1 el personaje que centrar\u00e1 la<\/p>\n","protected":false},"author":1,"featured_media":13697,"comment_status":"open","ping_status":"closed","sticky":false,"template":"","format":"standard","meta":{"footnotes":""},"categories":[224],"tags":[],"class_list":{"0":"post-13696","1":"post","2":"type-post","3":"status-publish","4":"format-standard","5":"has-post-thumbnail","7":"category-noticias-actualidad"},"aioseo_notices":[],"aioseo_head":"\n\t\t<!-- All in One SEO Pro 4.9.6.1 - aioseo.com -->\n\t<meta name=\"description\" content=\"Los \u00c1ngeles (EE.UU.), 23 may (EFE).- El brit\u00e1nico Gareth Edwards, que viene de sorprender con el \u00e9xito de &quot;Godzilla&quot;, ser\u00e1 el director del primer &quot;spinoff&quot; -pel\u00edcula centrada en uno de los personajes- de la saga gal\u00e1ctica &quot;Star Wars&quot;, inform\u00f3 hoy la compa\u00f1\u00eda LucasFilm. Por el momento se desconoce qui\u00e9n ser\u00e1 el personaje que centrar\u00e1 la\" \/>\n\t<meta name=\"robots\" content=\"max-image-preview:large\" \/>\n\t<meta name=\"author\" content=\"admin\"\/>\n\t<meta name=\"google-site-verification\" content=\"UA-38556648-1\" \/>\n\t<meta name=\"keywords\" content=\"noticias y actualidad\" \/>\n\t<link rel=\"canonical\" href=\"https:\/\/eldigitaldeasturias.com\/magazine365\/el-director-de-godzilla-encargado-del-primer-spinoff-de-star-wars\/\" \/>\n\t<meta name=\"generator\" content=\"All in One SEO Pro (AIOSEO) 4.9.6.1\" \/>\n\t\t<meta property=\"og:locale\" content=\"es_ES\" \/>\n\t\t<meta property=\"og:site_name\" content=\"El Digital de Asturias \u2013 Revista de ocio, turismo y estilo de vida\" \/>\n\t\t<meta property=\"og:type\" content=\"article\" \/>\n\t\t<meta property=\"og:title\" content=\"El director de \u00abGodzilla\u00bb, encargado del primer \u00abspinoff\u00bb de \u00abStar Wars\u00bb | El Digital de Asturias\" \/>\n\t\t<meta property=\"og:description\" content=\"Los \u00c1ngeles (EE.UU.), 23 may (EFE).- El brit\u00e1nico Gareth Edwards, que viene de sorprender con el \u00e9xito de &quot;Godzilla&quot;, ser\u00e1 el director del primer &quot;spinoff&quot; -pel\u00edcula centrada en uno de los personajes- de la saga gal\u00e1ctica &quot;Star Wars&quot;, inform\u00f3 hoy la compa\u00f1\u00eda LucasFilm. Por el momento se desconoce qui\u00e9n ser\u00e1 el personaje que centrar\u00e1 la\" \/>\n\t\t<meta property=\"og:url\" content=\"https:\/\/eldigitaldeasturias.com\/magazine365\/el-director-de-godzilla-encargado-del-primer-spinoff-de-star-wars\/\" \/>\n\t\t<meta property=\"og:image\" content=\"https:\/\/eldigitaldeasturias.com\/magazine365\/wp-content\/uploads\/2014\/05\/6291606w.jpg\" \/>\n\t\t<meta property=\"og:image:secure_url\" content=\"https:\/\/eldigitaldeasturias.com\/magazine365\/wp-content\/uploads\/2014\/05\/6291606w.jpg\" \/>\n\t\t<meta property=\"og:image:width\" content=\"800\" \/>\n\t\t<meta property=\"og:image:height\" content=\"505\" \/>\n\t\t<meta property=\"article:published_time\" content=\"2014-05-23T10:22:07+00:00\" \/>\n\t\t<meta property=\"article:modified_time\" content=\"2014-05-23T10:22:07+00:00\" \/>\n\t\t<meta name=\"twitter:card\" content=\"summary_large_image\" \/>\n\t\t<meta name=\"twitter:title\" content=\"El director de \u00abGodzilla\u00bb, encargado del primer \u00abspinoff\u00bb de \u00abStar Wars\u00bb | El Digital de Asturias\" \/>\n\t\t<meta name=\"twitter:description\" content=\"Los \u00c1ngeles (EE.UU.), 23 may (EFE).- El brit\u00e1nico Gareth Edwards, que viene de sorprender con el \u00e9xito de &quot;Godzilla&quot;, ser\u00e1 el director del primer &quot;spinoff&quot; -pel\u00edcula centrada en uno de los personajes- de la saga gal\u00e1ctica &quot;Star Wars&quot;, inform\u00f3 hoy la compa\u00f1\u00eda LucasFilm. Por el momento se desconoce qui\u00e9n ser\u00e1 el personaje que centrar\u00e1 la\" \/>\n\t\t<meta name=\"twitter:image\" content=\"https:\/\/eldigitaldeasturias.com\/magazine365\/wp-content\/uploads\/2014\/05\/6291606w.jpg\" \/>\n\t\t<script type=\"application\/ld+json\" class=\"aioseo-schema\">\n\t\t\t{\"@context\":\"https:\\\/\\\/schema.org\",\"@graph\":[{\"@type\":\"Article\",\"@id\":\"https:\\\/\\\/eldigitaldeasturias.com\\\/magazine365\\\/el-director-de-godzilla-encargado-del-primer-spinoff-de-star-wars\\\/#article\",\"name\":\"El director de \\u00abGodzilla\\u00bb, encargado del primer \\u00abspinoff\\u00bb de \\u00abStar Wars\\u00bb | El Digital de Asturias\",\"headline\":\"El director de \\u00abGodzilla\\u00bb, encargado del primer \\u00abspinoff\\u00bb de \\u00abStar Wars\\u00bb\",\"author\":{\"@id\":\"https:\\\/\\\/eldigitaldeasturias.com\\\/magazine365\\\/author\\\/admin\\\/#author\"},\"publisher\":{\"@id\":\"https:\\\/\\\/eldigitaldeasturias.com\\\/magazine365\\\/#organization\"},\"image\":{\"@type\":\"ImageObject\",\"url\":\"https:\\\/\\\/eldigitaldeasturias.com\\\/magazine365\\\/wp-content\\\/uploads\\\/2014\\\/05\\\/6291606w.jpg\",\"width\":800,\"height\":505},\"datePublished\":\"2014-05-23T08:22:07+02:00\",\"dateModified\":\"2014-05-23T08:22:07+02:00\",\"inLanguage\":\"es-ES\",\"mainEntityOfPage\":{\"@id\":\"https:\\\/\\\/eldigitaldeasturias.com\\\/magazine365\\\/el-director-de-godzilla-encargado-del-primer-spinoff-de-star-wars\\\/#webpage\"},\"isPartOf\":{\"@id\":\"https:\\\/\\\/eldigitaldeasturias.com\\\/magazine365\\\/el-director-de-godzilla-encargado-del-primer-spinoff-de-star-wars\\\/#webpage\"},\"articleSection\":\"Noticias y Actualidad\"},{\"@type\":\"BreadcrumbList\",\"@id\":\"https:\\\/\\\/eldigitaldeasturias.com\\\/magazine365\\\/el-director-de-godzilla-encargado-del-primer-spinoff-de-star-wars\\\/#breadcrumblist\",\"itemListElement\":[{\"@type\":\"ListItem\",\"@id\":\"https:\\\/\\\/eldigitaldeasturias.com\\\/magazine365#listItem\",\"position\":1,\"name\":\"Home\",\"item\":\"https:\\\/\\\/eldigitaldeasturias.com\\\/magazine365\",\"nextItem\":{\"@type\":\"ListItem\",\"@id\":\"https:\\\/\\\/eldigitaldeasturias.com\\\/magazine365\\\/category\\\/noticias-actualidad\\\/#listItem\",\"name\":\"Noticias y Actualidad\"}},{\"@type\":\"ListItem\",\"@id\":\"https:\\\/\\\/eldigitaldeasturias.com\\\/magazine365\\\/category\\\/noticias-actualidad\\\/#listItem\",\"position\":2,\"name\":\"Noticias y Actualidad\",\"item\":\"https:\\\/\\\/eldigitaldeasturias.com\\\/magazine365\\\/category\\\/noticias-actualidad\\\/\",\"nextItem\":{\"@type\":\"ListItem\",\"@id\":\"https:\\\/\\\/eldigitaldeasturias.com\\\/magazine365\\\/el-director-de-godzilla-encargado-del-primer-spinoff-de-star-wars\\\/#listItem\",\"name\":\"El director de \\u00abGodzilla\\u00bb, encargado del primer \\u00abspinoff\\u00bb de \\u00abStar Wars\\u00bb\"},\"previousItem\":{\"@type\":\"ListItem\",\"@id\":\"https:\\\/\\\/eldigitaldeasturias.com\\\/magazine365#listItem\",\"name\":\"Home\"}},{\"@type\":\"ListItem\",\"@id\":\"https:\\\/\\\/eldigitaldeasturias.com\\\/magazine365\\\/el-director-de-godzilla-encargado-del-primer-spinoff-de-star-wars\\\/#listItem\",\"position\":3,\"name\":\"El director de \\u00abGodzilla\\u00bb, encargado del primer \\u00abspinoff\\u00bb de \\u00abStar Wars\\u00bb\",\"previousItem\":{\"@type\":\"ListItem\",\"@id\":\"https:\\\/\\\/eldigitaldeasturias.com\\\/magazine365\\\/category\\\/noticias-actualidad\\\/#listItem\",\"name\":\"Noticias y Actualidad\"}}]},{\"@type\":\"Organization\",\"@id\":\"https:\\\/\\\/eldigitaldeasturias.com\\\/magazine365\\\/#organization\",\"name\":\"El digital de Asturias\",\"description\":\"Revista de ocio, turismo y estilo de vida\",\"url\":\"https:\\\/\\\/eldigitaldeasturias.com\\\/magazine365\\\/\",\"logo\":{\"@type\":\"ImageObject\",\"url\":\"https:\\\/\\\/www.eldigitaldeasturias.com\\\/noticias\\\/wp-content\\\/uploads\\\/2020\\\/12\\\/EDA.jpg\",\"@id\":\"https:\\\/\\\/eldigitaldeasturias.com\\\/magazine365\\\/el-director-de-godzilla-encargado-del-primer-spinoff-de-star-wars\\\/#organizationLogo\"},\"image\":{\"@id\":\"https:\\\/\\\/eldigitaldeasturias.com\\\/magazine365\\\/el-director-de-godzilla-encargado-del-primer-spinoff-de-star-wars\\\/#organizationLogo\"}},{\"@type\":\"Person\",\"@id\":\"https:\\\/\\\/eldigitaldeasturias.com\\\/magazine365\\\/author\\\/admin\\\/#author\",\"url\":\"https:\\\/\\\/eldigitaldeasturias.com\\\/magazine365\\\/author\\\/admin\\\/\",\"name\":\"admin\",\"image\":{\"@type\":\"ImageObject\",\"@id\":\"https:\\\/\\\/eldigitaldeasturias.com\\\/magazine365\\\/el-director-de-godzilla-encargado-del-primer-spinoff-de-star-wars\\\/#authorImage\",\"url\":\"https:\\\/\\\/eldigitaldeasturias.com\\\/magazine365\\\/wp-content\\\/litespeed\\\/avatar\\\/e571bcf59a0edd6fa6838245a470f2fe.jpg?ver=1776969259\",\"width\":96,\"height\":96,\"caption\":\"admin\"}},{\"@type\":\"WebPage\",\"@id\":\"https:\\\/\\\/eldigitaldeasturias.com\\\/magazine365\\\/el-director-de-godzilla-encargado-del-primer-spinoff-de-star-wars\\\/#webpage\",\"url\":\"https:\\\/\\\/eldigitaldeasturias.com\\\/magazine365\\\/el-director-de-godzilla-encargado-del-primer-spinoff-de-star-wars\\\/\",\"name\":\"El director de \\u00abGodzilla\\u00bb, encargado del primer \\u00abspinoff\\u00bb de \\u00abStar Wars\\u00bb | El Digital de Asturias\",\"description\":\"Los \\u00c1ngeles (EE.UU.), 23 may (EFE).- El brit\\u00e1nico Gareth Edwards, que viene de sorprender con el \\u00e9xito de \\\"Godzilla\\\", ser\\u00e1 el director del primer \\\"spinoff\\\" -pel\\u00edcula centrada en uno de los personajes- de la saga gal\\u00e1ctica \\\"Star Wars\\\", inform\\u00f3 hoy la compa\\u00f1\\u00eda LucasFilm. Por el momento se desconoce qui\\u00e9n ser\\u00e1 el personaje que centrar\\u00e1 la\",\"inLanguage\":\"es-ES\",\"isPartOf\":{\"@id\":\"https:\\\/\\\/eldigitaldeasturias.com\\\/magazine365\\\/#website\"},\"breadcrumb\":{\"@id\":\"https:\\\/\\\/eldigitaldeasturias.com\\\/magazine365\\\/el-director-de-godzilla-encargado-del-primer-spinoff-de-star-wars\\\/#breadcrumblist\"},\"author\":{\"@id\":\"https:\\\/\\\/eldigitaldeasturias.com\\\/magazine365\\\/author\\\/admin\\\/#author\"},\"creator\":{\"@id\":\"https:\\\/\\\/eldigitaldeasturias.com\\\/magazine365\\\/author\\\/admin\\\/#author\"},\"image\":{\"@type\":\"ImageObject\",\"url\":\"https:\\\/\\\/eldigitaldeasturias.com\\\/magazine365\\\/wp-content\\\/uploads\\\/2014\\\/05\\\/6291606w.jpg\",\"@id\":\"https:\\\/\\\/eldigitaldeasturias.com\\\/magazine365\\\/el-director-de-godzilla-encargado-del-primer-spinoff-de-star-wars\\\/#mainImage\",\"width\":800,\"height\":505},\"primaryImageOfPage\":{\"@id\":\"https:\\\/\\\/eldigitaldeasturias.com\\\/magazine365\\\/el-director-de-godzilla-encargado-del-primer-spinoff-de-star-wars\\\/#mainImage\"},\"datePublished\":\"2014-05-23T08:22:07+02:00\",\"dateModified\":\"2014-05-23T08:22:07+02:00\"},{\"@type\":\"WebSite\",\"@id\":\"https:\\\/\\\/eldigitaldeasturias.com\\\/magazine365\\\/#website\",\"url\":\"https:\\\/\\\/eldigitaldeasturias.com\\\/magazine365\\\/\",\"name\":\"El Digital de Asturias\",\"description\":\"Revista de ocio, turismo y estilo de vida\",\"inLanguage\":\"es-ES\",\"publisher\":{\"@id\":\"https:\\\/\\\/eldigitaldeasturias.com\\\/magazine365\\\/#organization\"}}]}\n\t\t<\/script>\n\t\t<!-- All in One SEO Pro -->\r\n\t\t<title>El director de \u00abGodzilla\u00bb, encargado del primer \u00abspinoff\u00bb de \u00abStar Wars\u00bb | El Digital de Asturias<\/title>\n\n","aioseo_head_json":{"title":"El director de \u00abGodzilla\u00bb, encargado del primer \u00abspinoff\u00bb de \u00abStar Wars\u00bb | El Digital de Asturias","description":"Los \u00c1ngeles (EE.UU.), 23 may (EFE).- El brit\u00e1nico Gareth Edwards, que viene de sorprender con el \u00e9xito de \"Godzilla\", ser\u00e1 el director del primer \"spinoff\" -pel\u00edcula centrada en uno de los personajes- de la saga gal\u00e1ctica \"Star Wars\", inform\u00f3 hoy la compa\u00f1\u00eda LucasFilm. Por el momento se desconoce qui\u00e9n ser\u00e1 el personaje que centrar\u00e1 la","canonical_url":"https:\/\/eldigitaldeasturias.com\/magazine365\/el-director-de-godzilla-encargado-del-primer-spinoff-de-star-wars\/","robots":"max-image-preview:large","keywords":"noticias y actualidad","webmasterTools":{"google-site-verification":"UA-38556648-1","miscellaneous":""},"schema":{"@context":"https:\/\/schema.org","@graph":[{"@type":"Article","@id":"https:\/\/eldigitaldeasturias.com\/magazine365\/el-director-de-godzilla-encargado-del-primer-spinoff-de-star-wars\/#article","name":"El director de \u00abGodzilla\u00bb, encargado del primer \u00abspinoff\u00bb de \u00abStar Wars\u00bb | El Digital de Asturias","headline":"El director de \u00abGodzilla\u00bb, encargado del primer \u00abspinoff\u00bb de \u00abStar Wars\u00bb","author":{"@id":"https:\/\/eldigitaldeasturias.com\/magazine365\/author\/admin\/#author"},"publisher":{"@id":"https:\/\/eldigitaldeasturias.com\/magazine365\/#organization"},"image":{"@type":"ImageObject","url":"https:\/\/eldigitaldeasturias.com\/magazine365\/wp-content\/uploads\/2014\/05\/6291606w.jpg","width":800,"height":505},"datePublished":"2014-05-23T08:22:07+02:00","dateModified":"2014-05-23T08:22:07+02:00","inLanguage":"es-ES","mainEntityOfPage":{"@id":"https:\/\/eldigitaldeasturias.com\/magazine365\/el-director-de-godzilla-encargado-del-primer-spinoff-de-star-wars\/#webpage"},"isPartOf":{"@id":"https:\/\/eldigitaldeasturias.com\/magazine365\/el-director-de-godzilla-encargado-del-primer-spinoff-de-star-wars\/#webpage"},"articleSection":"Noticias y Actualidad"},{"@type":"BreadcrumbList","@id":"https:\/\/eldigitaldeasturias.com\/magazine365\/el-director-de-godzilla-encargado-del-primer-spinoff-de-star-wars\/#breadcrumblist","itemListElement":[{"@type":"ListItem","@id":"https:\/\/eldigitaldeasturias.com\/magazine365#listItem","position":1,"name":"Home","item":"https:\/\/eldigitaldeasturias.com\/magazine365","nextItem":{"@type":"ListItem","@id":"https:\/\/eldigitaldeasturias.com\/magazine365\/category\/noticias-actualidad\/#listItem","name":"Noticias y Actualidad"}},{"@type":"ListItem","@id":"https:\/\/eldigitaldeasturias.com\/magazine365\/category\/noticias-actualidad\/#listItem","position":2,"name":"Noticias y Actualidad","item":"https:\/\/eldigitaldeasturias.com\/magazine365\/category\/noticias-actualidad\/","nextItem":{"@type":"ListItem","@id":"https:\/\/eldigitaldeasturias.com\/magazine365\/el-director-de-godzilla-encargado-del-primer-spinoff-de-star-wars\/#listItem","name":"El director de \u00abGodzilla\u00bb, encargado del primer \u00abspinoff\u00bb de \u00abStar Wars\u00bb"},"previousItem":{"@type":"ListItem","@id":"https:\/\/eldigitaldeasturias.com\/magazine365#listItem","name":"Home"}},{"@type":"ListItem","@id":"https:\/\/eldigitaldeasturias.com\/magazine365\/el-director-de-godzilla-encargado-del-primer-spinoff-de-star-wars\/#listItem","position":3,"name":"El director de \u00abGodzilla\u00bb, encargado del primer \u00abspinoff\u00bb de \u00abStar Wars\u00bb","previousItem":{"@type":"ListItem","@id":"https:\/\/eldigitaldeasturias.com\/magazine365\/category\/noticias-actualidad\/#listItem","name":"Noticias y Actualidad"}}]},{"@type":"Organization","@id":"https:\/\/eldigitaldeasturias.com\/magazine365\/#organization","name":"El digital de Asturias","description":"Revista de ocio, turismo y estilo de vida","url":"https:\/\/eldigitaldeasturias.com\/magazine365\/","logo":{"@type":"ImageObject","url":"https:\/\/www.eldigitaldeasturias.com\/noticias\/wp-content\/uploads\/2020\/12\/EDA.jpg","@id":"https:\/\/eldigitaldeasturias.com\/magazine365\/el-director-de-godzilla-encargado-del-primer-spinoff-de-star-wars\/#organizationLogo"},"image":{"@id":"https:\/\/eldigitaldeasturias.com\/magazine365\/el-director-de-godzilla-encargado-del-primer-spinoff-de-star-wars\/#organizationLogo"}},{"@type":"Person","@id":"https:\/\/eldigitaldeasturias.com\/magazine365\/author\/admin\/#author","url":"https:\/\/eldigitaldeasturias.com\/magazine365\/author\/admin\/","name":"admin","image":{"@type":"ImageObject","@id":"https:\/\/eldigitaldeasturias.com\/magazine365\/el-director-de-godzilla-encargado-del-primer-spinoff-de-star-wars\/#authorImage","url":"https:\/\/eldigitaldeasturias.com\/magazine365\/wp-content\/litespeed\/avatar\/e571bcf59a0edd6fa6838245a470f2fe.jpg?ver=1776969259","width":96,"height":96,"caption":"admin"}},{"@type":"WebPage","@id":"https:\/\/eldigitaldeasturias.com\/magazine365\/el-director-de-godzilla-encargado-del-primer-spinoff-de-star-wars\/#webpage","url":"https:\/\/eldigitaldeasturias.com\/magazine365\/el-director-de-godzilla-encargado-del-primer-spinoff-de-star-wars\/","name":"El director de \u00abGodzilla\u00bb, encargado del primer \u00abspinoff\u00bb de \u00abStar Wars\u00bb | El Digital de Asturias","description":"Los \u00c1ngeles (EE.UU.), 23 may (EFE).- El brit\u00e1nico Gareth Edwards, que viene de sorprender con el \u00e9xito de \"Godzilla\", ser\u00e1 el director del primer \"spinoff\" -pel\u00edcula centrada en uno de los personajes- de la saga gal\u00e1ctica \"Star Wars\", inform\u00f3 hoy la compa\u00f1\u00eda LucasFilm. Por el momento se desconoce qui\u00e9n ser\u00e1 el personaje que centrar\u00e1 la","inLanguage":"es-ES","isPartOf":{"@id":"https:\/\/eldigitaldeasturias.com\/magazine365\/#website"},"breadcrumb":{"@id":"https:\/\/eldigitaldeasturias.com\/magazine365\/el-director-de-godzilla-encargado-del-primer-spinoff-de-star-wars\/#breadcrumblist"},"author":{"@id":"https:\/\/eldigitaldeasturias.com\/magazine365\/author\/admin\/#author"},"creator":{"@id":"https:\/\/eldigitaldeasturias.com\/magazine365\/author\/admin\/#author"},"image":{"@type":"ImageObject","url":"https:\/\/eldigitaldeasturias.com\/magazine365\/wp-content\/uploads\/2014\/05\/6291606w.jpg","@id":"https:\/\/eldigitaldeasturias.com\/magazine365\/el-director-de-godzilla-encargado-del-primer-spinoff-de-star-wars\/#mainImage","width":800,"height":505},"primaryImageOfPage":{"@id":"https:\/\/eldigitaldeasturias.com\/magazine365\/el-director-de-godzilla-encargado-del-primer-spinoff-de-star-wars\/#mainImage"},"datePublished":"2014-05-23T08:22:07+02:00","dateModified":"2014-05-23T08:22:07+02:00"},{"@type":"WebSite","@id":"https:\/\/eldigitaldeasturias.com\/magazine365\/#website","url":"https:\/\/eldigitaldeasturias.com\/magazine365\/","name":"El Digital de Asturias","description":"Revista de ocio, turismo y estilo de vida","inLanguage":"es-ES","publisher":{"@id":"https:\/\/eldigitaldeasturias.com\/magazine365\/#organization"}}]},"og:locale":"es_ES","og:site_name":"El Digital de Asturias \u2013 Revista de ocio, turismo y estilo de vida","og:type":"article","og:title":"El director de \u00abGodzilla\u00bb, encargado del primer \u00abspinoff\u00bb de \u00abStar Wars\u00bb | El Digital de Asturias","og:description":"Los \u00c1ngeles (EE.UU.), 23 may (EFE).- El brit\u00e1nico Gareth Edwards, que viene de sorprender con el \u00e9xito de &quot;Godzilla&quot;, ser\u00e1 el director del primer &quot;spinoff&quot; -pel\u00edcula centrada en uno de los personajes- de la saga gal\u00e1ctica &quot;Star Wars&quot;, inform\u00f3 hoy la compa\u00f1\u00eda LucasFilm. Por el momento se desconoce qui\u00e9n ser\u00e1 el personaje que centrar\u00e1 la","og:url":"https:\/\/eldigitaldeasturias.com\/magazine365\/el-director-de-godzilla-encargado-del-primer-spinoff-de-star-wars\/","og:image":"https:\/\/eldigitaldeasturias.com\/magazine365\/wp-content\/uploads\/2014\/05\/6291606w.jpg","og:image:secure_url":"https:\/\/eldigitaldeasturias.com\/magazine365\/wp-content\/uploads\/2014\/05\/6291606w.jpg","og:image:width":800,"og:image:height":505,"article:published_time":"2014-05-23T10:22:07+00:00","article:modified_time":"2014-05-23T10:22:07+00:00","twitter:card":"summary_large_image","twitter:title":"El director de \u00abGodzilla\u00bb, encargado del primer \u00abspinoff\u00bb de \u00abStar Wars\u00bb | El Digital de Asturias","twitter:description":"Los \u00c1ngeles (EE.UU.), 23 may (EFE).- El brit\u00e1nico Gareth Edwards, que viene de sorprender con el \u00e9xito de &quot;Godzilla&quot;, ser\u00e1 el director del primer &quot;spinoff&quot; -pel\u00edcula centrada en uno de los personajes- de la saga gal\u00e1ctica &quot;Star Wars&quot;, inform\u00f3 hoy la compa\u00f1\u00eda LucasFilm. Por el momento se desconoce qui\u00e9n ser\u00e1 el personaje que centrar\u00e1 la","twitter:image":"https:\/\/eldigitaldeasturias.com\/magazine365\/wp-content\/uploads\/2014\/05\/6291606w.jpg"},"aioseo_meta_data":{"post_id":"13696","title":null,"description":null,"keywords":null,"keyphrases":null,"primary_term":null,"canonical_url":null,"og_title":null,"og_description":null,"og_object_type":"default","og_image_type":"default","og_image_url":null,"og_image_width":null,"og_image_height":null,"og_image_custom_url":null,"og_image_custom_fields":null,"og_video":null,"og_custom_url":null,"og_article_section":null,"og_article_tags":null,"twitter_use_og":false,"twitter_card":"default","twitter_image_type":"default","twitter_image_url":null,"twitter_image_custom_url":null,"twitter_image_custom_fields":null,"twitter_title":null,"twitter_description":null,"schema":{"blockGraphs":[],"customGraphs":[],"default":{"data":{"Article":[],"Course":[],"Dataset":[],"FAQPage":[],"Movie":[],"Person":[],"Product":[],"ProductReview":[],"Car":[],"Recipe":[],"Service":[],"SoftwareApplication":[],"WebPage":[]},"graphName":"","isEnabled":true},"graphs":[],"defaultGraph":"","defaultPostTypeGraph":""},"schema_type":null,"schema_type_options":null,"pillar_content":false,"robots_default":true,"robots_noindex":false,"robots_noarchive":false,"robots_nosnippet":false,"robots_nofollow":false,"robots_noimageindex":false,"robots_noodp":false,"robots_notranslate":false,"robots_max_snippet":null,"robots_max_videopreview":null,"robots_max_imagepreview":"large","priority":null,"frequency":null,"location":null,"local_seo":null,"seo_analyzer_scan_date":"2025-09-17 08:46:12","breadcrumb_settings":null,"limit_modified_date":false,"open_ai":null,"ai":null,"created":"2021-03-08 21:11:12","updated":"2025-09-17 08:46:12"},"aioseo_breadcrumb":"<div class=\"aioseo-breadcrumbs\"><span class=\"aioseo-breadcrumb\">\n\t<a href=\"https:\/\/eldigitaldeasturias.com\/magazine365\" title=\"Home\">Home<\/a>\n<\/span><span class=\"aioseo-breadcrumb-separator\">\u2013<\/span><span class=\"aioseo-breadcrumb\">\n\t<a href=\"https:\/\/eldigitaldeasturias.com\/magazine365\/category\/noticias-actualidad\/\" title=\"Noticias y Actualidad\">Noticias y Actualidad<\/a>\n<\/span><span class=\"aioseo-breadcrumb-separator\">\u2013<\/span><span class=\"aioseo-breadcrumb\">\n\t<a href=\"https:\/\/eldigitaldeasturias.com\/magazine365\/el-director-de-godzilla-encargado-del-primer-spinoff-de-star-wars\/\" title=\"El director de \u00abGodzilla\u00bb, encargado del primer \u00abspinoff\u00bb de \u00abStar Wars\u00bb\">El director de \u00abGodzilla\u00bb, encargado del primer \u00abspinoff\u00bb de \u00abStar Wars\u00bb<\/a>\n<\/span><\/div>","aioseo_breadcrumb_json":[{"label":"Home","link":"https:\/\/eldigitaldeasturias.com\/magazine365"},{"label":"Noticias y Actualidad","link":"https:\/\/eldigitaldeasturias.com\/magazine365\/category\/noticias-actualidad\/"},{"label":"El director de \u00abGodzilla\u00bb, encargado del primer \u00abspinoff\u00bb de \u00abStar Wars\u00bb","link":"https:\/\/eldigitaldeasturias.com\/magazine365\/el-director-de-godzilla-encargado-del-primer-spinoff-de-star-wars\/"}],"_links":{"self":[{"href":"https:\/\/eldigitaldeasturias.com\/magazine365\/wp-json\/wp\/v2\/posts\/13696","targetHints":{"allow":["GET"]}}],"collection":[{"href":"https:\/\/eldigitaldeasturias.com\/magazine365\/wp-json\/wp\/v2\/posts"}],"about":[{"href":"https:\/\/eldigitaldeasturias.com\/magazine365\/wp-json\/wp\/v2\/types\/post"}],"author":[{"embeddable":true,"href":"https:\/\/eldigitaldeasturias.com\/magazine365\/wp-json\/wp\/v2\/users\/1"}],"replies":[{"embeddable":true,"href":"https:\/\/eldigitaldeasturias.com\/magazine365\/wp-json\/wp\/v2\/comments?post=13696"}],"version-history":[{"count":0,"href":"https:\/\/eldigitaldeasturias.com\/magazine365\/wp-json\/wp\/v2\/posts\/13696\/revisions"}],"wp:featuredmedia":[{"embeddable":true,"href":"https:\/\/eldigitaldeasturias.com\/magazine365\/wp-json\/wp\/v2\/media\/13697"}],"wp:attachment":[{"href":"https:\/\/eldigitaldeasturias.com\/magazine365\/wp-json\/wp\/v2\/media?parent=13696"}],"wp:term":[{"taxonomy":"category","embeddable":true,"href":"https:\/\/eldigitaldeasturias.com\/magazine365\/wp-json\/wp\/v2\/categories?post=13696"},{"taxonomy":"post_tag","embeddable":true,"href":"https:\/\/eldigitaldeasturias.com\/magazine365\/wp-json\/wp\/v2\/tags?post=13696"}],"curies":[{"name":"wp","href":"https:\/\/api.w.org\/{rel}","templated":true}]}}