{"id":13684,"date":"2014-05-23T08:16:20","date_gmt":"2014-05-23T10:16:20","guid":{"rendered":"http:\/\/eldigitaldeasturias.com\/magazine365\/?p=13684"},"modified":"2014-05-23T08:16:20","modified_gmt":"2014-05-23T10:16:20","slug":"el-camino-de-santiago-una-ruta-de-solidaridad-para-ninos-con-miembros-amputados","status":"publish","type":"post","link":"https:\/\/eldigitaldeasturias.com\/magazine365\/el-camino-de-santiago-una-ruta-de-solidaridad-para-ninos-con-miembros-amputados\/","title":{"rendered":"El Camino de Santiago, una ruta de solidaridad para ni\u00f1os con miembros amputados"},"content":{"rendered":"<p><img fetchpriority=\"high\" decoding=\"async\" class=\"alignleft size-medium wp-image-13685\" alt=\"6290991w\" src=\"https:\/\/eldigitaldeasturias.com\/magazine365\/wp-content\/uploads\/2014\/05\/6290991w-213x300.jpg\" width=\"213\" height=\"300\" srcset=\"https:\/\/eldigitaldeasturias.com\/magazine365\/wp-content\/uploads\/2014\/05\/6290991w-213x300.jpg 213w, https:\/\/eldigitaldeasturias.com\/magazine365\/wp-content\/uploads\/2014\/05\/6290991w-455x640.jpg 455w, https:\/\/eldigitaldeasturias.com\/magazine365\/wp-content\/uploads\/2014\/05\/6290991w-150x211.jpg 150w, https:\/\/eldigitaldeasturias.com\/magazine365\/wp-content\/uploads\/2014\/05\/6290991w-450x633.jpg 450w, https:\/\/eldigitaldeasturias.com\/magazine365\/wp-content\/uploads\/2014\/05\/6290991w-696x978.jpg 696w, https:\/\/eldigitaldeasturias.com\/magazine365\/wp-content\/uploads\/2014\/05\/6290991w-299x420.jpg 299w, https:\/\/eldigitaldeasturias.com\/magazine365\/wp-content\/uploads\/2014\/05\/6290991w.jpg 700w\" sizes=\"(max-width: 213px) 100vw, 213px\" \/>Santiago de Compostela, 22 may (EFE).- El Camino de Santiago es, por iniciativa de Ionut Preda, deportista con discapacidad oriundo de Ruman\u00eda y afincado en Espa\u00f1a, una ruta de solidaridad para ni\u00f1os con miembros amputados, a los que este hombre ayuda en el mundo real y virtual para que puedan encarar este trance y hacer \u00abvida normal\u00bb.<\/p>\n<p>Una de sus piernas es ortop\u00e9dica, y el precio de un postizo puede moverse desde los 5.000 hasta los 50.000 euros, una raz\u00f3n por la que decidi\u00f3 involucrarse, tanto personalmente como a trav\u00e9s de un proyecto en Internet, para ayudar a todos los menores mutilados del planeta que por falta de dinero en sus familias no cuentan con una extremidad de sustituci\u00f3n.<\/p>\n<p>Con tan s\u00f3lo ocho a\u00f1os, Ionut Preda, que en la actualidad tiene 34, sufri\u00f3 un accidente mientras estaba con otros cr\u00edos jugando con una gr\u00faa mec\u00e1nica, hecho que lo llev\u00f3 a perder una pierna y que le provoc\u00f3 un estado de inmovilidad perpetuo durante cerca de dos a\u00f1os.<\/p>\n<p>Pero este suceso, por muy tr\u00e1gico y conmovedor que parezca, le marc\u00f3 la vida. \u00abSi no hubiera tenido el accidente, ser\u00eda uno m\u00e1s\u00bb, explica a Efe en la Plaza del Obradoiro, y a\u00f1ade que al volver a andar, con la ayuda de una pr\u00f3tesis, sinti\u00f3 que se le hab\u00eda concedido otra oportunidad, por lo que en ese momento se prometi\u00f3 a s\u00ed mismo que ayudar\u00eda a los dem\u00e1s. \u00abY eso estoy haciendo\u00bb, sostiene.<\/p>\n<p>Desde el a\u00f1o 2007, este hombre, que reside en Galicia, luce con orgullo y sin ning\u00fan tipo de pudor una pierna ortop\u00e9dica que no le impide pedalear \u00e1gilmente sobre la bicicleta, en la que muestra una gran destreza, envidiada por muchos.<\/p>\n<p>Este medio de transporte e Ionut llevan m\u00e1s de trece a\u00f1os siendo compa\u00f1eros inseparables: \u00abEs una amistad verdadera, honesta y leal\u00bb.<\/p>\n<p>\u00abLa fe mueve monta\u00f1as, ha sido mi caso\u00bb, prosigue este afable atleta. Durante su vida ha practicado infinidad de deportes, -uno de sus \u00abapoyos y refugios\u00bb-, tal vez influenciado por su padre, boxeador, y su madre, gimnasta.<\/p>\n<p>Veintis\u00e9is a\u00f1os despu\u00e9s de que un tr\u00e1gico episodio marcase para siempre el destino de este deportista, Ionut Preda se prepara para los pr\u00f3ximos juegos de R\u00edo de Janeiro, en los que espera participar en la modalidad ol\u00edmpica de halterofilia, ya que no en vano es el \u00abprimer amputado\u00bb de la historia que practica este deporte a nivel de competici\u00f3n.<\/p>\n<p>\u00abTengo bronce en Galicia en la categor\u00eda de Ol\u00edmpicos, y el a\u00f1o pasado logr\u00e9 el bronce en el campeonato de Espa\u00f1a de Universitarios que se celebr\u00f3 en A Coru\u00f1a\u00bb.<\/p>\n<p>Ionut se bebe la vida, como hace cualquier amante de los retos.<\/p>\n<p>Por ello, a principios del pr\u00f3ximo mes pondr\u00e1 en marcha una idea peculiar, un canal de televisi\u00f3n por Internet que dar\u00e1 cobijo y amparo a cuatro proyectos suyos en los que involucra a peregrinos.<\/p>\n<p>Quienes colaboren con \u00e9l ser\u00e1n &#8216;lacrados&#8217; con un sello exclusivo y especial: dos pies de ni\u00f1os, un hecho por el cual Ionut Preda es conocido ya como \u00abel atrapa sellos\u00bb.<\/p>\n<p>\u00abYo camino y pedaleo para que otros puedan caminar\u00bb, manifiesta Ionut Preda para explicar tanto su actitud vital, como la impresi\u00f3n que ha elegido para sus colaboradores, y su aventura de cooperaci\u00f3n instaurada en la red y dividida en cuatro bloques sin nombre com\u00fan que los agrupe.<\/p>\n<p>&#8216;Yo quiero caminar&#8217; es un proyecto pensado para obtener pr\u00f3tesis y los peregrinos ser\u00e1n los encargados de conseguir, mediante la venta de camisetas, dinero para sufragar a los m\u00e1s peque\u00f1os la ayuda que precisan.<\/p>\n<p>&#8216;Enmanuel, un ni\u00f1o, una sonrisa&#8217; es otra propuesta de Ionut Preda ideada para que ning\u00fan menor se quede sin ocio, por lo que pretende distribuir juguetes que le vayan ofreciendo por todos los orfanatos de la tierra.<\/p>\n<p>Otra l\u00ednea de actuaci\u00f3n, &#8216;El Rinc\u00f3n del Peregrino&#8217;, permitir\u00e1 a los caminantes contar sus experiencias en esta aventura, y la cuarta, &#8216;Club Paral\u00edmpicos&#8217;, integrada por doce personas, acoger\u00e1 a cualquiera que se quiera sumar y que defienda la necesidad de hacer y practicar deporte.<\/p>\n<p>Este deportista pretende recorrer en breve las 52 provincias de la geograf\u00eda espa\u00f1ola en 52 semanas, justo las que tiene un a\u00f1o.<\/p>\n<p>Cada s\u00e1bado y domingo estar\u00e1 en una, que elegir\u00e1 al azar la mano inocente de un ni\u00f1o cualquiera que ser\u00e1 el encargado de ir dibujando poco a poco el \u00abcamino de su destino\u00bb.<\/p>\n<p>\u00abYo solo soy una herramienta, y hay que dejar un legado ya que el proyecto es lo importante\u00bb, manifiesta.<\/p>\n<p>Ionut Preda es un \u00abejemplo de vida\u00bb que recorre el Camino de Santiago dando motivaci\u00f3n e inspiraci\u00f3n a todo aquel que se acerque y que lo necesite, y su \u00fanica \u00abdesventaja\u00bb es estar sin una pierna de carne y hueso, circunstancia por la que la gente lo mira y \u00abse queda alucinada\u00bb.<\/p>\n<p>Pero con esto, apostilla, al final se aprende que no hay barreras, o que de haberlas, existe fuerza m\u00e1s que suficiente para derribarlas, entendiendo que exista o no una discapacidad, no es lo que m\u00e1s importa en la vida, porque \u00abno est\u00e1s limitado por las discapacidades que tengas, sino que est\u00e1s capacitado por tus habilidades\u00bb.<\/p>\n<p>&nbsp;<\/p>\n<p>Por Patricia Pernas<\/p>\n","protected":false},"excerpt":{"rendered":"<p>Santiago de Compostela, 22 may (EFE).- El Camino de Santiago es, por iniciativa de Ionut Preda, deportista con discapacidad oriundo de Ruman\u00eda y afincado en Espa\u00f1a, una ruta de solidaridad para ni\u00f1os con miembros amputados, a los que este hombre ayuda en el mundo real y virtual para que puedan encarar este trance y hacer<\/p>\n","protected":false},"author":1,"featured_media":13685,"comment_status":"open","ping_status":"closed","sticky":false,"template":"","format":"standard","meta":{"footnotes":""},"categories":[224],"tags":[],"class_list":{"0":"post-13684","1":"post","2":"type-post","3":"status-publish","4":"format-standard","5":"has-post-thumbnail","7":"category-noticias-actualidad"},"aioseo_notices":[],"aioseo_head":"\n\t\t<!-- All in One SEO Pro 4.9.6.1 - aioseo.com -->\n\t<meta name=\"description\" content=\"Santiago de Compostela, 22 may (EFE).- El Camino de Santiago es, por iniciativa de Ionut Preda, deportista con discapacidad oriundo de Ruman\u00eda y afincado en Espa\u00f1a, una ruta de solidaridad para ni\u00f1os con miembros amputados, a los que este hombre ayuda en el mundo real y virtual para que puedan encarar este trance y hacer\" \/>\n\t<meta name=\"robots\" content=\"max-image-preview:large\" \/>\n\t<meta name=\"author\" content=\"admin\"\/>\n\t<meta name=\"google-site-verification\" content=\"UA-38556648-1\" \/>\n\t<meta name=\"keywords\" content=\"noticias y actualidad\" \/>\n\t<link rel=\"canonical\" href=\"https:\/\/eldigitaldeasturias.com\/magazine365\/el-camino-de-santiago-una-ruta-de-solidaridad-para-ninos-con-miembros-amputados\/\" \/>\n\t<meta name=\"generator\" content=\"All in One SEO Pro (AIOSEO) 4.9.6.1\" \/>\n\t\t<meta property=\"og:locale\" content=\"es_ES\" \/>\n\t\t<meta property=\"og:site_name\" content=\"El Digital de Asturias \u2013 Revista de ocio, turismo y estilo de vida\" \/>\n\t\t<meta property=\"og:type\" content=\"article\" \/>\n\t\t<meta property=\"og:title\" content=\"El Camino de Santiago, una ruta de solidaridad para ni\u00f1os con miembros amputados | El Digital de Asturias\" \/>\n\t\t<meta property=\"og:description\" content=\"Santiago de Compostela, 22 may (EFE).- El Camino de Santiago es, por iniciativa de Ionut Preda, deportista con discapacidad oriundo de Ruman\u00eda y afincado en Espa\u00f1a, una ruta de solidaridad para ni\u00f1os con miembros amputados, a los que este hombre ayuda en el mundo real y virtual para que puedan encarar este trance y hacer\" \/>\n\t\t<meta property=\"og:url\" content=\"https:\/\/eldigitaldeasturias.com\/magazine365\/el-camino-de-santiago-una-ruta-de-solidaridad-para-ninos-con-miembros-amputados\/\" \/>\n\t\t<meta property=\"og:image\" content=\"https:\/\/eldigitaldeasturias.com\/magazine365\/wp-content\/uploads\/2014\/05\/6290991w.jpg\" \/>\n\t\t<meta property=\"og:image:secure_url\" content=\"https:\/\/eldigitaldeasturias.com\/magazine365\/wp-content\/uploads\/2014\/05\/6290991w.jpg\" \/>\n\t\t<meta property=\"og:image:width\" content=\"700\" \/>\n\t\t<meta property=\"og:image:height\" content=\"984\" \/>\n\t\t<meta property=\"article:published_time\" content=\"2014-05-23T10:16:20+00:00\" \/>\n\t\t<meta property=\"article:modified_time\" content=\"2014-05-23T10:16:20+00:00\" \/>\n\t\t<meta name=\"twitter:card\" content=\"summary_large_image\" \/>\n\t\t<meta name=\"twitter:title\" content=\"El Camino de Santiago, una ruta de solidaridad para ni\u00f1os con miembros amputados | El Digital de Asturias\" \/>\n\t\t<meta name=\"twitter:description\" content=\"Santiago de Compostela, 22 may (EFE).- El Camino de Santiago es, por iniciativa de Ionut Preda, deportista con discapacidad oriundo de Ruman\u00eda y afincado en Espa\u00f1a, una ruta de solidaridad para ni\u00f1os con miembros amputados, a los que este hombre ayuda en el mundo real y virtual para que puedan encarar este trance y hacer\" \/>\n\t\t<meta name=\"twitter:image\" content=\"https:\/\/eldigitaldeasturias.com\/magazine365\/wp-content\/uploads\/2014\/05\/6290991w.jpg\" \/>\n\t\t<script type=\"application\/ld+json\" class=\"aioseo-schema\">\n\t\t\t{\"@context\":\"https:\\\/\\\/schema.org\",\"@graph\":[{\"@type\":\"Article\",\"@id\":\"https:\\\/\\\/eldigitaldeasturias.com\\\/magazine365\\\/el-camino-de-santiago-una-ruta-de-solidaridad-para-ninos-con-miembros-amputados\\\/#article\",\"name\":\"El Camino de Santiago, una ruta de solidaridad para ni\\u00f1os con miembros amputados | El Digital de Asturias\",\"headline\":\"El Camino de Santiago, una ruta de solidaridad para ni\\u00f1os con miembros amputados\",\"author\":{\"@id\":\"https:\\\/\\\/eldigitaldeasturias.com\\\/magazine365\\\/author\\\/admin\\\/#author\"},\"publisher\":{\"@id\":\"https:\\\/\\\/eldigitaldeasturias.com\\\/magazine365\\\/#organization\"},\"image\":{\"@type\":\"ImageObject\",\"url\":\"https:\\\/\\\/eldigitaldeasturias.com\\\/magazine365\\\/wp-content\\\/uploads\\\/2014\\\/05\\\/6290991w.jpg\",\"width\":700,\"height\":984},\"datePublished\":\"2014-05-23T08:16:20+02:00\",\"dateModified\":\"2014-05-23T08:16:20+02:00\",\"inLanguage\":\"es-ES\",\"mainEntityOfPage\":{\"@id\":\"https:\\\/\\\/eldigitaldeasturias.com\\\/magazine365\\\/el-camino-de-santiago-una-ruta-de-solidaridad-para-ninos-con-miembros-amputados\\\/#webpage\"},\"isPartOf\":{\"@id\":\"https:\\\/\\\/eldigitaldeasturias.com\\\/magazine365\\\/el-camino-de-santiago-una-ruta-de-solidaridad-para-ninos-con-miembros-amputados\\\/#webpage\"},\"articleSection\":\"Noticias y Actualidad\"},{\"@type\":\"BreadcrumbList\",\"@id\":\"https:\\\/\\\/eldigitaldeasturias.com\\\/magazine365\\\/el-camino-de-santiago-una-ruta-de-solidaridad-para-ninos-con-miembros-amputados\\\/#breadcrumblist\",\"itemListElement\":[{\"@type\":\"ListItem\",\"@id\":\"https:\\\/\\\/eldigitaldeasturias.com\\\/magazine365#listItem\",\"position\":1,\"name\":\"Home\",\"item\":\"https:\\\/\\\/eldigitaldeasturias.com\\\/magazine365\",\"nextItem\":{\"@type\":\"ListItem\",\"@id\":\"https:\\\/\\\/eldigitaldeasturias.com\\\/magazine365\\\/category\\\/noticias-actualidad\\\/#listItem\",\"name\":\"Noticias y Actualidad\"}},{\"@type\":\"ListItem\",\"@id\":\"https:\\\/\\\/eldigitaldeasturias.com\\\/magazine365\\\/category\\\/noticias-actualidad\\\/#listItem\",\"position\":2,\"name\":\"Noticias y Actualidad\",\"item\":\"https:\\\/\\\/eldigitaldeasturias.com\\\/magazine365\\\/category\\\/noticias-actualidad\\\/\",\"nextItem\":{\"@type\":\"ListItem\",\"@id\":\"https:\\\/\\\/eldigitaldeasturias.com\\\/magazine365\\\/el-camino-de-santiago-una-ruta-de-solidaridad-para-ninos-con-miembros-amputados\\\/#listItem\",\"name\":\"El Camino de Santiago, una ruta de solidaridad para ni\\u00f1os con miembros amputados\"},\"previousItem\":{\"@type\":\"ListItem\",\"@id\":\"https:\\\/\\\/eldigitaldeasturias.com\\\/magazine365#listItem\",\"name\":\"Home\"}},{\"@type\":\"ListItem\",\"@id\":\"https:\\\/\\\/eldigitaldeasturias.com\\\/magazine365\\\/el-camino-de-santiago-una-ruta-de-solidaridad-para-ninos-con-miembros-amputados\\\/#listItem\",\"position\":3,\"name\":\"El Camino de Santiago, una ruta de solidaridad para ni\\u00f1os con miembros amputados\",\"previousItem\":{\"@type\":\"ListItem\",\"@id\":\"https:\\\/\\\/eldigitaldeasturias.com\\\/magazine365\\\/category\\\/noticias-actualidad\\\/#listItem\",\"name\":\"Noticias y Actualidad\"}}]},{\"@type\":\"Organization\",\"@id\":\"https:\\\/\\\/eldigitaldeasturias.com\\\/magazine365\\\/#organization\",\"name\":\"El digital de Asturias\",\"description\":\"Revista de ocio, turismo y estilo de vida\",\"url\":\"https:\\\/\\\/eldigitaldeasturias.com\\\/magazine365\\\/\",\"logo\":{\"@type\":\"ImageObject\",\"url\":\"https:\\\/\\\/www.eldigitaldeasturias.com\\\/noticias\\\/wp-content\\\/uploads\\\/2020\\\/12\\\/EDA.jpg\",\"@id\":\"https:\\\/\\\/eldigitaldeasturias.com\\\/magazine365\\\/el-camino-de-santiago-una-ruta-de-solidaridad-para-ninos-con-miembros-amputados\\\/#organizationLogo\"},\"image\":{\"@id\":\"https:\\\/\\\/eldigitaldeasturias.com\\\/magazine365\\\/el-camino-de-santiago-una-ruta-de-solidaridad-para-ninos-con-miembros-amputados\\\/#organizationLogo\"}},{\"@type\":\"Person\",\"@id\":\"https:\\\/\\\/eldigitaldeasturias.com\\\/magazine365\\\/author\\\/admin\\\/#author\",\"url\":\"https:\\\/\\\/eldigitaldeasturias.com\\\/magazine365\\\/author\\\/admin\\\/\",\"name\":\"admin\",\"image\":{\"@type\":\"ImageObject\",\"@id\":\"https:\\\/\\\/eldigitaldeasturias.com\\\/magazine365\\\/el-camino-de-santiago-una-ruta-de-solidaridad-para-ninos-con-miembros-amputados\\\/#authorImage\",\"url\":\"https:\\\/\\\/eldigitaldeasturias.com\\\/magazine365\\\/wp-content\\\/litespeed\\\/avatar\\\/e571bcf59a0edd6fa6838245a470f2fe.jpg?ver=1776969259\",\"width\":96,\"height\":96,\"caption\":\"admin\"}},{\"@type\":\"WebPage\",\"@id\":\"https:\\\/\\\/eldigitaldeasturias.com\\\/magazine365\\\/el-camino-de-santiago-una-ruta-de-solidaridad-para-ninos-con-miembros-amputados\\\/#webpage\",\"url\":\"https:\\\/\\\/eldigitaldeasturias.com\\\/magazine365\\\/el-camino-de-santiago-una-ruta-de-solidaridad-para-ninos-con-miembros-amputados\\\/\",\"name\":\"El Camino de Santiago, una ruta de solidaridad para ni\\u00f1os con miembros amputados | El Digital de Asturias\",\"description\":\"Santiago de Compostela, 22 may (EFE).- El Camino de Santiago es, por iniciativa de Ionut Preda, deportista con discapacidad oriundo de Ruman\\u00eda y afincado en Espa\\u00f1a, una ruta de solidaridad para ni\\u00f1os con miembros amputados, a los que este hombre ayuda en el mundo real y virtual para que puedan encarar este trance y hacer\",\"inLanguage\":\"es-ES\",\"isPartOf\":{\"@id\":\"https:\\\/\\\/eldigitaldeasturias.com\\\/magazine365\\\/#website\"},\"breadcrumb\":{\"@id\":\"https:\\\/\\\/eldigitaldeasturias.com\\\/magazine365\\\/el-camino-de-santiago-una-ruta-de-solidaridad-para-ninos-con-miembros-amputados\\\/#breadcrumblist\"},\"author\":{\"@id\":\"https:\\\/\\\/eldigitaldeasturias.com\\\/magazine365\\\/author\\\/admin\\\/#author\"},\"creator\":{\"@id\":\"https:\\\/\\\/eldigitaldeasturias.com\\\/magazine365\\\/author\\\/admin\\\/#author\"},\"image\":{\"@type\":\"ImageObject\",\"url\":\"https:\\\/\\\/eldigitaldeasturias.com\\\/magazine365\\\/wp-content\\\/uploads\\\/2014\\\/05\\\/6290991w.jpg\",\"@id\":\"https:\\\/\\\/eldigitaldeasturias.com\\\/magazine365\\\/el-camino-de-santiago-una-ruta-de-solidaridad-para-ninos-con-miembros-amputados\\\/#mainImage\",\"width\":700,\"height\":984},\"primaryImageOfPage\":{\"@id\":\"https:\\\/\\\/eldigitaldeasturias.com\\\/magazine365\\\/el-camino-de-santiago-una-ruta-de-solidaridad-para-ninos-con-miembros-amputados\\\/#mainImage\"},\"datePublished\":\"2014-05-23T08:16:20+02:00\",\"dateModified\":\"2014-05-23T08:16:20+02:00\"},{\"@type\":\"WebSite\",\"@id\":\"https:\\\/\\\/eldigitaldeasturias.com\\\/magazine365\\\/#website\",\"url\":\"https:\\\/\\\/eldigitaldeasturias.com\\\/magazine365\\\/\",\"name\":\"El Digital de Asturias\",\"description\":\"Revista de ocio, turismo y estilo de vida\",\"inLanguage\":\"es-ES\",\"publisher\":{\"@id\":\"https:\\\/\\\/eldigitaldeasturias.com\\\/magazine365\\\/#organization\"}}]}\n\t\t<\/script>\n\t\t<!-- All in One SEO Pro -->\r\n\t\t<title>El Camino de Santiago, una ruta de solidaridad para ni\u00f1os con miembros amputados | El Digital de Asturias<\/title>\n\n","aioseo_head_json":{"title":"El Camino de Santiago, una ruta de solidaridad para ni\u00f1os con miembros amputados | El Digital de Asturias","description":"Santiago de Compostela, 22 may (EFE).- El Camino de Santiago es, por iniciativa de Ionut Preda, deportista con discapacidad oriundo de Ruman\u00eda y afincado en Espa\u00f1a, una ruta de solidaridad para ni\u00f1os con miembros amputados, a los que este hombre ayuda en el mundo real y virtual para que puedan encarar este trance y hacer","canonical_url":"https:\/\/eldigitaldeasturias.com\/magazine365\/el-camino-de-santiago-una-ruta-de-solidaridad-para-ninos-con-miembros-amputados\/","robots":"max-image-preview:large","keywords":"noticias y actualidad","webmasterTools":{"google-site-verification":"UA-38556648-1","miscellaneous":""},"schema":{"@context":"https:\/\/schema.org","@graph":[{"@type":"Article","@id":"https:\/\/eldigitaldeasturias.com\/magazine365\/el-camino-de-santiago-una-ruta-de-solidaridad-para-ninos-con-miembros-amputados\/#article","name":"El Camino de Santiago, una ruta de solidaridad para ni\u00f1os con miembros amputados | El Digital de Asturias","headline":"El Camino de Santiago, una ruta de solidaridad para ni\u00f1os con miembros amputados","author":{"@id":"https:\/\/eldigitaldeasturias.com\/magazine365\/author\/admin\/#author"},"publisher":{"@id":"https:\/\/eldigitaldeasturias.com\/magazine365\/#organization"},"image":{"@type":"ImageObject","url":"https:\/\/eldigitaldeasturias.com\/magazine365\/wp-content\/uploads\/2014\/05\/6290991w.jpg","width":700,"height":984},"datePublished":"2014-05-23T08:16:20+02:00","dateModified":"2014-05-23T08:16:20+02:00","inLanguage":"es-ES","mainEntityOfPage":{"@id":"https:\/\/eldigitaldeasturias.com\/magazine365\/el-camino-de-santiago-una-ruta-de-solidaridad-para-ninos-con-miembros-amputados\/#webpage"},"isPartOf":{"@id":"https:\/\/eldigitaldeasturias.com\/magazine365\/el-camino-de-santiago-una-ruta-de-solidaridad-para-ninos-con-miembros-amputados\/#webpage"},"articleSection":"Noticias y Actualidad"},{"@type":"BreadcrumbList","@id":"https:\/\/eldigitaldeasturias.com\/magazine365\/el-camino-de-santiago-una-ruta-de-solidaridad-para-ninos-con-miembros-amputados\/#breadcrumblist","itemListElement":[{"@type":"ListItem","@id":"https:\/\/eldigitaldeasturias.com\/magazine365#listItem","position":1,"name":"Home","item":"https:\/\/eldigitaldeasturias.com\/magazine365","nextItem":{"@type":"ListItem","@id":"https:\/\/eldigitaldeasturias.com\/magazine365\/category\/noticias-actualidad\/#listItem","name":"Noticias y Actualidad"}},{"@type":"ListItem","@id":"https:\/\/eldigitaldeasturias.com\/magazine365\/category\/noticias-actualidad\/#listItem","position":2,"name":"Noticias y Actualidad","item":"https:\/\/eldigitaldeasturias.com\/magazine365\/category\/noticias-actualidad\/","nextItem":{"@type":"ListItem","@id":"https:\/\/eldigitaldeasturias.com\/magazine365\/el-camino-de-santiago-una-ruta-de-solidaridad-para-ninos-con-miembros-amputados\/#listItem","name":"El Camino de Santiago, una ruta de solidaridad para ni\u00f1os con miembros amputados"},"previousItem":{"@type":"ListItem","@id":"https:\/\/eldigitaldeasturias.com\/magazine365#listItem","name":"Home"}},{"@type":"ListItem","@id":"https:\/\/eldigitaldeasturias.com\/magazine365\/el-camino-de-santiago-una-ruta-de-solidaridad-para-ninos-con-miembros-amputados\/#listItem","position":3,"name":"El Camino de Santiago, una ruta de solidaridad para ni\u00f1os con miembros amputados","previousItem":{"@type":"ListItem","@id":"https:\/\/eldigitaldeasturias.com\/magazine365\/category\/noticias-actualidad\/#listItem","name":"Noticias y Actualidad"}}]},{"@type":"Organization","@id":"https:\/\/eldigitaldeasturias.com\/magazine365\/#organization","name":"El digital de Asturias","description":"Revista de ocio, turismo y estilo de vida","url":"https:\/\/eldigitaldeasturias.com\/magazine365\/","logo":{"@type":"ImageObject","url":"https:\/\/www.eldigitaldeasturias.com\/noticias\/wp-content\/uploads\/2020\/12\/EDA.jpg","@id":"https:\/\/eldigitaldeasturias.com\/magazine365\/el-camino-de-santiago-una-ruta-de-solidaridad-para-ninos-con-miembros-amputados\/#organizationLogo"},"image":{"@id":"https:\/\/eldigitaldeasturias.com\/magazine365\/el-camino-de-santiago-una-ruta-de-solidaridad-para-ninos-con-miembros-amputados\/#organizationLogo"}},{"@type":"Person","@id":"https:\/\/eldigitaldeasturias.com\/magazine365\/author\/admin\/#author","url":"https:\/\/eldigitaldeasturias.com\/magazine365\/author\/admin\/","name":"admin","image":{"@type":"ImageObject","@id":"https:\/\/eldigitaldeasturias.com\/magazine365\/el-camino-de-santiago-una-ruta-de-solidaridad-para-ninos-con-miembros-amputados\/#authorImage","url":"https:\/\/eldigitaldeasturias.com\/magazine365\/wp-content\/litespeed\/avatar\/e571bcf59a0edd6fa6838245a470f2fe.jpg?ver=1776969259","width":96,"height":96,"caption":"admin"}},{"@type":"WebPage","@id":"https:\/\/eldigitaldeasturias.com\/magazine365\/el-camino-de-santiago-una-ruta-de-solidaridad-para-ninos-con-miembros-amputados\/#webpage","url":"https:\/\/eldigitaldeasturias.com\/magazine365\/el-camino-de-santiago-una-ruta-de-solidaridad-para-ninos-con-miembros-amputados\/","name":"El Camino de Santiago, una ruta de solidaridad para ni\u00f1os con miembros amputados | El Digital de Asturias","description":"Santiago de Compostela, 22 may (EFE).- El Camino de Santiago es, por iniciativa de Ionut Preda, deportista con discapacidad oriundo de Ruman\u00eda y afincado en Espa\u00f1a, una ruta de solidaridad para ni\u00f1os con miembros amputados, a los que este hombre ayuda en el mundo real y virtual para que puedan encarar este trance y hacer","inLanguage":"es-ES","isPartOf":{"@id":"https:\/\/eldigitaldeasturias.com\/magazine365\/#website"},"breadcrumb":{"@id":"https:\/\/eldigitaldeasturias.com\/magazine365\/el-camino-de-santiago-una-ruta-de-solidaridad-para-ninos-con-miembros-amputados\/#breadcrumblist"},"author":{"@id":"https:\/\/eldigitaldeasturias.com\/magazine365\/author\/admin\/#author"},"creator":{"@id":"https:\/\/eldigitaldeasturias.com\/magazine365\/author\/admin\/#author"},"image":{"@type":"ImageObject","url":"https:\/\/eldigitaldeasturias.com\/magazine365\/wp-content\/uploads\/2014\/05\/6290991w.jpg","@id":"https:\/\/eldigitaldeasturias.com\/magazine365\/el-camino-de-santiago-una-ruta-de-solidaridad-para-ninos-con-miembros-amputados\/#mainImage","width":700,"height":984},"primaryImageOfPage":{"@id":"https:\/\/eldigitaldeasturias.com\/magazine365\/el-camino-de-santiago-una-ruta-de-solidaridad-para-ninos-con-miembros-amputados\/#mainImage"},"datePublished":"2014-05-23T08:16:20+02:00","dateModified":"2014-05-23T08:16:20+02:00"},{"@type":"WebSite","@id":"https:\/\/eldigitaldeasturias.com\/magazine365\/#website","url":"https:\/\/eldigitaldeasturias.com\/magazine365\/","name":"El Digital de Asturias","description":"Revista de ocio, turismo y estilo de vida","inLanguage":"es-ES","publisher":{"@id":"https:\/\/eldigitaldeasturias.com\/magazine365\/#organization"}}]},"og:locale":"es_ES","og:site_name":"El Digital de Asturias \u2013 Revista de ocio, turismo y estilo de vida","og:type":"article","og:title":"El Camino de Santiago, una ruta de solidaridad para ni\u00f1os con miembros amputados | El Digital de Asturias","og:description":"Santiago de Compostela, 22 may (EFE).- El Camino de Santiago es, por iniciativa de Ionut Preda, deportista con discapacidad oriundo de Ruman\u00eda y afincado en Espa\u00f1a, una ruta de solidaridad para ni\u00f1os con miembros amputados, a los que este hombre ayuda en el mundo real y virtual para que puedan encarar este trance y hacer","og:url":"https:\/\/eldigitaldeasturias.com\/magazine365\/el-camino-de-santiago-una-ruta-de-solidaridad-para-ninos-con-miembros-amputados\/","og:image":"https:\/\/eldigitaldeasturias.com\/magazine365\/wp-content\/uploads\/2014\/05\/6290991w.jpg","og:image:secure_url":"https:\/\/eldigitaldeasturias.com\/magazine365\/wp-content\/uploads\/2014\/05\/6290991w.jpg","og:image:width":700,"og:image:height":984,"article:published_time":"2014-05-23T10:16:20+00:00","article:modified_time":"2014-05-23T10:16:20+00:00","twitter:card":"summary_large_image","twitter:title":"El Camino de Santiago, una ruta de solidaridad para ni\u00f1os con miembros amputados | El Digital de Asturias","twitter:description":"Santiago de Compostela, 22 may (EFE).- El Camino de Santiago es, por iniciativa de Ionut Preda, deportista con discapacidad oriundo de Ruman\u00eda y afincado en Espa\u00f1a, una ruta de solidaridad para ni\u00f1os con miembros amputados, a los que este hombre ayuda en el mundo real y virtual para que puedan encarar este trance y hacer","twitter:image":"https:\/\/eldigitaldeasturias.com\/magazine365\/wp-content\/uploads\/2014\/05\/6290991w.jpg"},"aioseo_meta_data":{"post_id":"13684","title":null,"description":null,"keywords":null,"keyphrases":null,"primary_term":null,"canonical_url":null,"og_title":null,"og_description":null,"og_object_type":"default","og_image_type":"default","og_image_url":null,"og_image_width":null,"og_image_height":null,"og_image_custom_url":null,"og_image_custom_fields":null,"og_video":null,"og_custom_url":null,"og_article_section":null,"og_article_tags":null,"twitter_use_og":false,"twitter_card":"default","twitter_image_type":"default","twitter_image_url":null,"twitter_image_custom_url":null,"twitter_image_custom_fields":null,"twitter_title":null,"twitter_description":null,"schema":{"blockGraphs":[],"customGraphs":[],"default":{"data":{"Article":[],"Course":[],"Dataset":[],"FAQPage":[],"Movie":[],"Person":[],"Product":[],"ProductReview":[],"Car":[],"Recipe":[],"Service":[],"SoftwareApplication":[],"WebPage":[]},"graphName":"","isEnabled":true},"graphs":[],"defaultGraph":"","defaultPostTypeGraph":""},"schema_type":null,"schema_type_options":null,"pillar_content":false,"robots_default":true,"robots_noindex":false,"robots_noarchive":false,"robots_nosnippet":false,"robots_nofollow":false,"robots_noimageindex":false,"robots_noodp":false,"robots_notranslate":false,"robots_max_snippet":null,"robots_max_videopreview":null,"robots_max_imagepreview":"large","priority":null,"frequency":null,"location":null,"local_seo":null,"seo_analyzer_scan_date":"2025-09-17 08:44:10","breadcrumb_settings":null,"limit_modified_date":false,"open_ai":null,"ai":null,"created":"2021-03-08 19:49:19","updated":"2025-09-17 08:44:10"},"aioseo_breadcrumb":"<div class=\"aioseo-breadcrumbs\"><span class=\"aioseo-breadcrumb\">\n\t<a href=\"https:\/\/eldigitaldeasturias.com\/magazine365\" title=\"Home\">Home<\/a>\n<\/span><span class=\"aioseo-breadcrumb-separator\">\u2013<\/span><span class=\"aioseo-breadcrumb\">\n\t<a href=\"https:\/\/eldigitaldeasturias.com\/magazine365\/category\/noticias-actualidad\/\" title=\"Noticias y Actualidad\">Noticias y Actualidad<\/a>\n<\/span><span class=\"aioseo-breadcrumb-separator\">\u2013<\/span><span class=\"aioseo-breadcrumb\">\n\t<a href=\"https:\/\/eldigitaldeasturias.com\/magazine365\/el-camino-de-santiago-una-ruta-de-solidaridad-para-ninos-con-miembros-amputados\/\" title=\"El Camino de Santiago, una ruta de solidaridad para ni\u00f1os con miembros amputados\">El Camino de Santiago, una ruta de solidaridad para ni\u00f1os con miembros amputados<\/a>\n<\/span><\/div>","aioseo_breadcrumb_json":[{"label":"Home","link":"https:\/\/eldigitaldeasturias.com\/magazine365"},{"label":"Noticias y Actualidad","link":"https:\/\/eldigitaldeasturias.com\/magazine365\/category\/noticias-actualidad\/"},{"label":"El Camino de Santiago, una ruta de solidaridad para ni\u00f1os con miembros amputados","link":"https:\/\/eldigitaldeasturias.com\/magazine365\/el-camino-de-santiago-una-ruta-de-solidaridad-para-ninos-con-miembros-amputados\/"}],"_links":{"self":[{"href":"https:\/\/eldigitaldeasturias.com\/magazine365\/wp-json\/wp\/v2\/posts\/13684","targetHints":{"allow":["GET"]}}],"collection":[{"href":"https:\/\/eldigitaldeasturias.com\/magazine365\/wp-json\/wp\/v2\/posts"}],"about":[{"href":"https:\/\/eldigitaldeasturias.com\/magazine365\/wp-json\/wp\/v2\/types\/post"}],"author":[{"embeddable":true,"href":"https:\/\/eldigitaldeasturias.com\/magazine365\/wp-json\/wp\/v2\/users\/1"}],"replies":[{"embeddable":true,"href":"https:\/\/eldigitaldeasturias.com\/magazine365\/wp-json\/wp\/v2\/comments?post=13684"}],"version-history":[{"count":0,"href":"https:\/\/eldigitaldeasturias.com\/magazine365\/wp-json\/wp\/v2\/posts\/13684\/revisions"}],"wp:featuredmedia":[{"embeddable":true,"href":"https:\/\/eldigitaldeasturias.com\/magazine365\/wp-json\/wp\/v2\/media\/13685"}],"wp:attachment":[{"href":"https:\/\/eldigitaldeasturias.com\/magazine365\/wp-json\/wp\/v2\/media?parent=13684"}],"wp:term":[{"taxonomy":"category","embeddable":true,"href":"https:\/\/eldigitaldeasturias.com\/magazine365\/wp-json\/wp\/v2\/categories?post=13684"},{"taxonomy":"post_tag","embeddable":true,"href":"https:\/\/eldigitaldeasturias.com\/magazine365\/wp-json\/wp\/v2\/tags?post=13684"}],"curies":[{"name":"wp","href":"https:\/\/api.w.org\/{rel}","templated":true}]}}