{"id":13681,"date":"2014-05-22T22:30:00","date_gmt":"2014-05-23T00:30:00","guid":{"rendered":"http:\/\/eldigitaldeasturias.com\/magazine365\/?p=13681"},"modified":"2014-05-22T22:30:00","modified_gmt":"2014-05-23T00:30:00","slug":"cans-acoge-el-preestreno-de-os-fenomenos-de-alfonso-zarauza","status":"publish","type":"post","link":"https:\/\/eldigitaldeasturias.com\/magazine365\/cans-acoge-el-preestreno-de-os-fenomenos-de-alfonso-zarauza\/","title":{"rendered":"Cans acoge el preestreno de \u00abOs Fen\u00f3menos\u00bb, de Alfonso Zarauza"},"content":{"rendered":"<p><img fetchpriority=\"high\" decoding=\"async\" class=\"alignleft size-medium wp-image-13682\" alt=\"6290692w\" src=\"https:\/\/eldigitaldeasturias.com\/magazine365\/wp-content\/uploads\/2014\/05\/6290692w-360x239.jpg\" width=\"360\" height=\"239\" \/>O Porri\u00f1o (Pontevedra), 22 may (EFE).- El Festival de Cans acoger\u00e1 esta tarde el preestreno del largometraje \u00abOs Fen\u00f3menos\u00bb del director Alfonso Zarauza, protagonizado por Lola Due\u00f1as y Luis Tosar, y que llega a O Porri\u00f1o tras su paso por los festivales de M\u00e1laga y Nantes, antes de proyectarse en los cines en julio.<\/p>\n<p>Como marca la tradici\u00f3n, el equipo t\u00e9cnico y art\u00edstico de la pel\u00edcula llegar\u00e1 al Circulo Recreativo Cultural de O Porri\u00f1o, lugar elegido para el preestreno, en los famosos \u00abchimp\u00edns\u00bb.<\/p>\n<p>Bajo la producci\u00f3n de ZircoZine y Maruxi\u00f1a Film Company, \u00abOs Fen\u00f3menos\u00bb narra un drama social sobre el inicio de la crisis del ladrillo con la historia de Neneta (Lola Due\u00f1as) y su pareja Lobo (Luis Tosar) como hilo conductor.<\/p>\n<p>Zarauza ha resaltado que \u00abestar en Cans es como estar en casa\u00bb y se ha mostrado orgulloso por una pel\u00edcula \u00abmuy dif\u00edcil y t\u00e9cnicamente muy compleja\u00bb.<\/p>\n<p>Ha subrayado que aunque la crisis econ\u00f3mica afect\u00f3 a la producci\u00f3n, sali\u00f3 adelante \u00abcon grandes esfuerzos y compromisos del equipo t\u00e9cnico y art\u00edstico\u00bb, y que el resultado fue \u00ab\u00f3ptimo\u00bb.<\/p>\n<p>\u00abOs Fen\u00f3menos\u00bb trata \u00abde un modo personal el drama, el compromiso social\u00bb, aunque incluye \u00abpinceladas de humor\u00bb.<\/p>\n<p>Tras el preestreno esta tarde de la pel\u00edcula de Zarauza, ma\u00f1ana le llegar\u00e1 el turno a \u00abEl tiempo futuro\u00bb, un documental sobre el bobsleigh que formar\u00e1 parte de una nueva secci\u00f3n del festival: Cans Xtremo.<\/p>\n<p>Los deportes extremos, el riesgo y la singularidad ser\u00e1n los protagonistas de esta nueva iniciativa, que en su primer a\u00f1o contar\u00e1 con la presencia de B\u00e1rbara Iglesias, piloto espa\u00f1ola protagonista del documental del que se proyectar\u00e1 un adelanto de 15 minutos.<\/p>\n<p>El documental todav\u00eda se encuentra en fase de edici\u00f3n tras terminar con \u00e9xito su campa\u00f1a de micromecenazgo colectivo.<\/p>\n","protected":false},"excerpt":{"rendered":"<p>O Porri\u00f1o (Pontevedra), 22 may (EFE).- El Festival de Cans acoger\u00e1 esta tarde el preestreno del largometraje \u00abOs Fen\u00f3menos\u00bb del director Alfonso Zarauza, protagonizado por Lola Due\u00f1as y Luis Tosar, y que llega a O Porri\u00f1o tras su paso por los festivales de M\u00e1laga y Nantes, antes de proyectarse en los cines en julio. Como<\/p>\n","protected":false},"author":1,"featured_media":13682,"comment_status":"open","ping_status":"closed","sticky":false,"template":"","format":"standard","meta":{"footnotes":""},"categories":[224],"tags":[],"class_list":{"0":"post-13681","1":"post","2":"type-post","3":"status-publish","4":"format-standard","5":"has-post-thumbnail","7":"category-noticias-actualidad"},"aioseo_notices":[],"aioseo_head":"\n\t\t<!-- All in One SEO Pro 4.9.6.1 - aioseo.com -->\n\t<meta name=\"description\" content=\"O Porri\u00f1o (Pontevedra), 22 may (EFE).- El Festival de Cans acoger\u00e1 esta tarde el preestreno del largometraje &quot;Os Fen\u00f3menos&quot; del director Alfonso Zarauza, protagonizado por Lola Due\u00f1as y Luis Tosar, y que llega a O Porri\u00f1o tras su paso por los festivales de M\u00e1laga y Nantes, antes de proyectarse en los cines en julio. Como\" \/>\n\t<meta name=\"robots\" content=\"max-image-preview:large\" \/>\n\t<meta name=\"author\" content=\"admin\"\/>\n\t<meta name=\"google-site-verification\" content=\"UA-38556648-1\" \/>\n\t<meta name=\"keywords\" content=\"noticias y actualidad\" \/>\n\t<link rel=\"canonical\" href=\"https:\/\/eldigitaldeasturias.com\/magazine365\/cans-acoge-el-preestreno-de-os-fenomenos-de-alfonso-zarauza\/\" \/>\n\t<meta name=\"generator\" content=\"All in One SEO Pro (AIOSEO) 4.9.6.1\" \/>\n\t\t<meta property=\"og:locale\" content=\"es_ES\" \/>\n\t\t<meta property=\"og:site_name\" content=\"El Digital de Asturias \u2013 Revista de ocio, turismo y estilo de vida\" \/>\n\t\t<meta property=\"og:type\" content=\"article\" \/>\n\t\t<meta property=\"og:title\" content=\"Cans acoge el preestreno de \u00abOs Fen\u00f3menos\u00bb, de Alfonso Zarauza | El Digital de Asturias\" \/>\n\t\t<meta property=\"og:description\" content=\"O Porri\u00f1o (Pontevedra), 22 may (EFE).- El Festival de Cans acoger\u00e1 esta tarde el preestreno del largometraje &quot;Os Fen\u00f3menos&quot; del director Alfonso Zarauza, protagonizado por Lola Due\u00f1as y Luis Tosar, y que llega a O Porri\u00f1o tras su paso por los festivales de M\u00e1laga y Nantes, antes de proyectarse en los cines en julio. Como\" \/>\n\t\t<meta property=\"og:url\" content=\"https:\/\/eldigitaldeasturias.com\/magazine365\/cans-acoge-el-preestreno-de-os-fenomenos-de-alfonso-zarauza\/\" \/>\n\t\t<meta property=\"og:image\" content=\"https:\/\/eldigitaldeasturias.com\/magazine365\/wp-content\/uploads\/2014\/05\/6290692w.jpg\" \/>\n\t\t<meta property=\"og:image:secure_url\" content=\"https:\/\/eldigitaldeasturias.com\/magazine365\/wp-content\/uploads\/2014\/05\/6290692w.jpg\" \/>\n\t\t<meta property=\"og:image:width\" content=\"800\" \/>\n\t\t<meta property=\"og:image:height\" content=\"533\" \/>\n\t\t<meta property=\"article:published_time\" content=\"2014-05-23T00:30:00+00:00\" \/>\n\t\t<meta property=\"article:modified_time\" content=\"2014-05-23T00:30:00+00:00\" \/>\n\t\t<meta name=\"twitter:card\" content=\"summary_large_image\" \/>\n\t\t<meta name=\"twitter:title\" content=\"Cans acoge el preestreno de \u00abOs Fen\u00f3menos\u00bb, de Alfonso Zarauza | El Digital de Asturias\" \/>\n\t\t<meta name=\"twitter:description\" content=\"O Porri\u00f1o (Pontevedra), 22 may (EFE).- El Festival de Cans acoger\u00e1 esta tarde el preestreno del largometraje &quot;Os Fen\u00f3menos&quot; del director Alfonso Zarauza, protagonizado por Lola Due\u00f1as y Luis Tosar, y que llega a O Porri\u00f1o tras su paso por los festivales de M\u00e1laga y Nantes, antes de proyectarse en los cines en julio. Como\" \/>\n\t\t<meta name=\"twitter:image\" content=\"https:\/\/eldigitaldeasturias.com\/magazine365\/wp-content\/uploads\/2014\/05\/6290692w.jpg\" \/>\n\t\t<script type=\"application\/ld+json\" class=\"aioseo-schema\">\n\t\t\t{\"@context\":\"https:\\\/\\\/schema.org\",\"@graph\":[{\"@type\":\"Article\",\"@id\":\"https:\\\/\\\/eldigitaldeasturias.com\\\/magazine365\\\/cans-acoge-el-preestreno-de-os-fenomenos-de-alfonso-zarauza\\\/#article\",\"name\":\"Cans acoge el preestreno de \\u00abOs Fen\\u00f3menos\\u00bb, de Alfonso Zarauza | El Digital de Asturias\",\"headline\":\"Cans acoge el preestreno de \\u00abOs Fen\\u00f3menos\\u00bb, de Alfonso Zarauza\",\"author\":{\"@id\":\"https:\\\/\\\/eldigitaldeasturias.com\\\/magazine365\\\/author\\\/admin\\\/#author\"},\"publisher\":{\"@id\":\"https:\\\/\\\/eldigitaldeasturias.com\\\/magazine365\\\/#organization\"},\"image\":{\"@type\":\"ImageObject\",\"url\":\"https:\\\/\\\/eldigitaldeasturias.com\\\/magazine365\\\/wp-content\\\/uploads\\\/2014\\\/05\\\/6290692w.jpg\",\"width\":800,\"height\":533},\"datePublished\":\"2014-05-22T22:30:00+02:00\",\"dateModified\":\"2014-05-22T22:30:00+02:00\",\"inLanguage\":\"es-ES\",\"mainEntityOfPage\":{\"@id\":\"https:\\\/\\\/eldigitaldeasturias.com\\\/magazine365\\\/cans-acoge-el-preestreno-de-os-fenomenos-de-alfonso-zarauza\\\/#webpage\"},\"isPartOf\":{\"@id\":\"https:\\\/\\\/eldigitaldeasturias.com\\\/magazine365\\\/cans-acoge-el-preestreno-de-os-fenomenos-de-alfonso-zarauza\\\/#webpage\"},\"articleSection\":\"Noticias y Actualidad\"},{\"@type\":\"BreadcrumbList\",\"@id\":\"https:\\\/\\\/eldigitaldeasturias.com\\\/magazine365\\\/cans-acoge-el-preestreno-de-os-fenomenos-de-alfonso-zarauza\\\/#breadcrumblist\",\"itemListElement\":[{\"@type\":\"ListItem\",\"@id\":\"https:\\\/\\\/eldigitaldeasturias.com\\\/magazine365#listItem\",\"position\":1,\"name\":\"Home\",\"item\":\"https:\\\/\\\/eldigitaldeasturias.com\\\/magazine365\",\"nextItem\":{\"@type\":\"ListItem\",\"@id\":\"https:\\\/\\\/eldigitaldeasturias.com\\\/magazine365\\\/category\\\/noticias-actualidad\\\/#listItem\",\"name\":\"Noticias y Actualidad\"}},{\"@type\":\"ListItem\",\"@id\":\"https:\\\/\\\/eldigitaldeasturias.com\\\/magazine365\\\/category\\\/noticias-actualidad\\\/#listItem\",\"position\":2,\"name\":\"Noticias y Actualidad\",\"item\":\"https:\\\/\\\/eldigitaldeasturias.com\\\/magazine365\\\/category\\\/noticias-actualidad\\\/\",\"nextItem\":{\"@type\":\"ListItem\",\"@id\":\"https:\\\/\\\/eldigitaldeasturias.com\\\/magazine365\\\/cans-acoge-el-preestreno-de-os-fenomenos-de-alfonso-zarauza\\\/#listItem\",\"name\":\"Cans acoge el preestreno de \\u00abOs Fen\\u00f3menos\\u00bb, de Alfonso Zarauza\"},\"previousItem\":{\"@type\":\"ListItem\",\"@id\":\"https:\\\/\\\/eldigitaldeasturias.com\\\/magazine365#listItem\",\"name\":\"Home\"}},{\"@type\":\"ListItem\",\"@id\":\"https:\\\/\\\/eldigitaldeasturias.com\\\/magazine365\\\/cans-acoge-el-preestreno-de-os-fenomenos-de-alfonso-zarauza\\\/#listItem\",\"position\":3,\"name\":\"Cans acoge el preestreno de \\u00abOs Fen\\u00f3menos\\u00bb, de Alfonso Zarauza\",\"previousItem\":{\"@type\":\"ListItem\",\"@id\":\"https:\\\/\\\/eldigitaldeasturias.com\\\/magazine365\\\/category\\\/noticias-actualidad\\\/#listItem\",\"name\":\"Noticias y Actualidad\"}}]},{\"@type\":\"Organization\",\"@id\":\"https:\\\/\\\/eldigitaldeasturias.com\\\/magazine365\\\/#organization\",\"name\":\"El digital de Asturias\",\"description\":\"Revista de ocio, turismo y estilo de vida\",\"url\":\"https:\\\/\\\/eldigitaldeasturias.com\\\/magazine365\\\/\",\"logo\":{\"@type\":\"ImageObject\",\"url\":\"https:\\\/\\\/www.eldigitaldeasturias.com\\\/noticias\\\/wp-content\\\/uploads\\\/2020\\\/12\\\/EDA.jpg\",\"@id\":\"https:\\\/\\\/eldigitaldeasturias.com\\\/magazine365\\\/cans-acoge-el-preestreno-de-os-fenomenos-de-alfonso-zarauza\\\/#organizationLogo\"},\"image\":{\"@id\":\"https:\\\/\\\/eldigitaldeasturias.com\\\/magazine365\\\/cans-acoge-el-preestreno-de-os-fenomenos-de-alfonso-zarauza\\\/#organizationLogo\"}},{\"@type\":\"Person\",\"@id\":\"https:\\\/\\\/eldigitaldeasturias.com\\\/magazine365\\\/author\\\/admin\\\/#author\",\"url\":\"https:\\\/\\\/eldigitaldeasturias.com\\\/magazine365\\\/author\\\/admin\\\/\",\"name\":\"admin\",\"image\":{\"@type\":\"ImageObject\",\"@id\":\"https:\\\/\\\/eldigitaldeasturias.com\\\/magazine365\\\/cans-acoge-el-preestreno-de-os-fenomenos-de-alfonso-zarauza\\\/#authorImage\",\"url\":\"https:\\\/\\\/eldigitaldeasturias.com\\\/magazine365\\\/wp-content\\\/litespeed\\\/avatar\\\/e571bcf59a0edd6fa6838245a470f2fe.jpg?ver=1776969259\",\"width\":96,\"height\":96,\"caption\":\"admin\"}},{\"@type\":\"WebPage\",\"@id\":\"https:\\\/\\\/eldigitaldeasturias.com\\\/magazine365\\\/cans-acoge-el-preestreno-de-os-fenomenos-de-alfonso-zarauza\\\/#webpage\",\"url\":\"https:\\\/\\\/eldigitaldeasturias.com\\\/magazine365\\\/cans-acoge-el-preestreno-de-os-fenomenos-de-alfonso-zarauza\\\/\",\"name\":\"Cans acoge el preestreno de \\u00abOs Fen\\u00f3menos\\u00bb, de Alfonso Zarauza | El Digital de Asturias\",\"description\":\"O Porri\\u00f1o (Pontevedra), 22 may (EFE).- El Festival de Cans acoger\\u00e1 esta tarde el preestreno del largometraje \\\"Os Fen\\u00f3menos\\\" del director Alfonso Zarauza, protagonizado por Lola Due\\u00f1as y Luis Tosar, y que llega a O Porri\\u00f1o tras su paso por los festivales de M\\u00e1laga y Nantes, antes de proyectarse en los cines en julio. Como\",\"inLanguage\":\"es-ES\",\"isPartOf\":{\"@id\":\"https:\\\/\\\/eldigitaldeasturias.com\\\/magazine365\\\/#website\"},\"breadcrumb\":{\"@id\":\"https:\\\/\\\/eldigitaldeasturias.com\\\/magazine365\\\/cans-acoge-el-preestreno-de-os-fenomenos-de-alfonso-zarauza\\\/#breadcrumblist\"},\"author\":{\"@id\":\"https:\\\/\\\/eldigitaldeasturias.com\\\/magazine365\\\/author\\\/admin\\\/#author\"},\"creator\":{\"@id\":\"https:\\\/\\\/eldigitaldeasturias.com\\\/magazine365\\\/author\\\/admin\\\/#author\"},\"image\":{\"@type\":\"ImageObject\",\"url\":\"https:\\\/\\\/eldigitaldeasturias.com\\\/magazine365\\\/wp-content\\\/uploads\\\/2014\\\/05\\\/6290692w.jpg\",\"@id\":\"https:\\\/\\\/eldigitaldeasturias.com\\\/magazine365\\\/cans-acoge-el-preestreno-de-os-fenomenos-de-alfonso-zarauza\\\/#mainImage\",\"width\":800,\"height\":533},\"primaryImageOfPage\":{\"@id\":\"https:\\\/\\\/eldigitaldeasturias.com\\\/magazine365\\\/cans-acoge-el-preestreno-de-os-fenomenos-de-alfonso-zarauza\\\/#mainImage\"},\"datePublished\":\"2014-05-22T22:30:00+02:00\",\"dateModified\":\"2014-05-22T22:30:00+02:00\"},{\"@type\":\"WebSite\",\"@id\":\"https:\\\/\\\/eldigitaldeasturias.com\\\/magazine365\\\/#website\",\"url\":\"https:\\\/\\\/eldigitaldeasturias.com\\\/magazine365\\\/\",\"name\":\"El Digital de Asturias\",\"description\":\"Revista de ocio, turismo y estilo de vida\",\"inLanguage\":\"es-ES\",\"publisher\":{\"@id\":\"https:\\\/\\\/eldigitaldeasturias.com\\\/magazine365\\\/#organization\"}}]}\n\t\t<\/script>\n\t\t<!-- All in One SEO Pro -->\r\n\t\t<title>Cans acoge el preestreno de \u00abOs Fen\u00f3menos\u00bb, de Alfonso Zarauza | El Digital de Asturias<\/title>\n\n","aioseo_head_json":{"title":"Cans acoge el preestreno de \u00abOs Fen\u00f3menos\u00bb, de Alfonso Zarauza | El Digital de Asturias","description":"O Porri\u00f1o (Pontevedra), 22 may (EFE).- El Festival de Cans acoger\u00e1 esta tarde el preestreno del largometraje \"Os Fen\u00f3menos\" del director Alfonso Zarauza, protagonizado por Lola Due\u00f1as y Luis Tosar, y que llega a O Porri\u00f1o tras su paso por los festivales de M\u00e1laga y Nantes, antes de proyectarse en los cines en julio. Como","canonical_url":"https:\/\/eldigitaldeasturias.com\/magazine365\/cans-acoge-el-preestreno-de-os-fenomenos-de-alfonso-zarauza\/","robots":"max-image-preview:large","keywords":"noticias y actualidad","webmasterTools":{"google-site-verification":"UA-38556648-1","miscellaneous":""},"schema":{"@context":"https:\/\/schema.org","@graph":[{"@type":"Article","@id":"https:\/\/eldigitaldeasturias.com\/magazine365\/cans-acoge-el-preestreno-de-os-fenomenos-de-alfonso-zarauza\/#article","name":"Cans acoge el preestreno de \u00abOs Fen\u00f3menos\u00bb, de Alfonso Zarauza | El Digital de Asturias","headline":"Cans acoge el preestreno de \u00abOs Fen\u00f3menos\u00bb, de Alfonso Zarauza","author":{"@id":"https:\/\/eldigitaldeasturias.com\/magazine365\/author\/admin\/#author"},"publisher":{"@id":"https:\/\/eldigitaldeasturias.com\/magazine365\/#organization"},"image":{"@type":"ImageObject","url":"https:\/\/eldigitaldeasturias.com\/magazine365\/wp-content\/uploads\/2014\/05\/6290692w.jpg","width":800,"height":533},"datePublished":"2014-05-22T22:30:00+02:00","dateModified":"2014-05-22T22:30:00+02:00","inLanguage":"es-ES","mainEntityOfPage":{"@id":"https:\/\/eldigitaldeasturias.com\/magazine365\/cans-acoge-el-preestreno-de-os-fenomenos-de-alfonso-zarauza\/#webpage"},"isPartOf":{"@id":"https:\/\/eldigitaldeasturias.com\/magazine365\/cans-acoge-el-preestreno-de-os-fenomenos-de-alfonso-zarauza\/#webpage"},"articleSection":"Noticias y Actualidad"},{"@type":"BreadcrumbList","@id":"https:\/\/eldigitaldeasturias.com\/magazine365\/cans-acoge-el-preestreno-de-os-fenomenos-de-alfonso-zarauza\/#breadcrumblist","itemListElement":[{"@type":"ListItem","@id":"https:\/\/eldigitaldeasturias.com\/magazine365#listItem","position":1,"name":"Home","item":"https:\/\/eldigitaldeasturias.com\/magazine365","nextItem":{"@type":"ListItem","@id":"https:\/\/eldigitaldeasturias.com\/magazine365\/category\/noticias-actualidad\/#listItem","name":"Noticias y Actualidad"}},{"@type":"ListItem","@id":"https:\/\/eldigitaldeasturias.com\/magazine365\/category\/noticias-actualidad\/#listItem","position":2,"name":"Noticias y Actualidad","item":"https:\/\/eldigitaldeasturias.com\/magazine365\/category\/noticias-actualidad\/","nextItem":{"@type":"ListItem","@id":"https:\/\/eldigitaldeasturias.com\/magazine365\/cans-acoge-el-preestreno-de-os-fenomenos-de-alfonso-zarauza\/#listItem","name":"Cans acoge el preestreno de \u00abOs Fen\u00f3menos\u00bb, de Alfonso Zarauza"},"previousItem":{"@type":"ListItem","@id":"https:\/\/eldigitaldeasturias.com\/magazine365#listItem","name":"Home"}},{"@type":"ListItem","@id":"https:\/\/eldigitaldeasturias.com\/magazine365\/cans-acoge-el-preestreno-de-os-fenomenos-de-alfonso-zarauza\/#listItem","position":3,"name":"Cans acoge el preestreno de \u00abOs Fen\u00f3menos\u00bb, de Alfonso Zarauza","previousItem":{"@type":"ListItem","@id":"https:\/\/eldigitaldeasturias.com\/magazine365\/category\/noticias-actualidad\/#listItem","name":"Noticias y Actualidad"}}]},{"@type":"Organization","@id":"https:\/\/eldigitaldeasturias.com\/magazine365\/#organization","name":"El digital de Asturias","description":"Revista de ocio, turismo y estilo de vida","url":"https:\/\/eldigitaldeasturias.com\/magazine365\/","logo":{"@type":"ImageObject","url":"https:\/\/www.eldigitaldeasturias.com\/noticias\/wp-content\/uploads\/2020\/12\/EDA.jpg","@id":"https:\/\/eldigitaldeasturias.com\/magazine365\/cans-acoge-el-preestreno-de-os-fenomenos-de-alfonso-zarauza\/#organizationLogo"},"image":{"@id":"https:\/\/eldigitaldeasturias.com\/magazine365\/cans-acoge-el-preestreno-de-os-fenomenos-de-alfonso-zarauza\/#organizationLogo"}},{"@type":"Person","@id":"https:\/\/eldigitaldeasturias.com\/magazine365\/author\/admin\/#author","url":"https:\/\/eldigitaldeasturias.com\/magazine365\/author\/admin\/","name":"admin","image":{"@type":"ImageObject","@id":"https:\/\/eldigitaldeasturias.com\/magazine365\/cans-acoge-el-preestreno-de-os-fenomenos-de-alfonso-zarauza\/#authorImage","url":"https:\/\/eldigitaldeasturias.com\/magazine365\/wp-content\/litespeed\/avatar\/e571bcf59a0edd6fa6838245a470f2fe.jpg?ver=1776969259","width":96,"height":96,"caption":"admin"}},{"@type":"WebPage","@id":"https:\/\/eldigitaldeasturias.com\/magazine365\/cans-acoge-el-preestreno-de-os-fenomenos-de-alfonso-zarauza\/#webpage","url":"https:\/\/eldigitaldeasturias.com\/magazine365\/cans-acoge-el-preestreno-de-os-fenomenos-de-alfonso-zarauza\/","name":"Cans acoge el preestreno de \u00abOs Fen\u00f3menos\u00bb, de Alfonso Zarauza | El Digital de Asturias","description":"O Porri\u00f1o (Pontevedra), 22 may (EFE).- El Festival de Cans acoger\u00e1 esta tarde el preestreno del largometraje \"Os Fen\u00f3menos\" del director Alfonso Zarauza, protagonizado por Lola Due\u00f1as y Luis Tosar, y que llega a O Porri\u00f1o tras su paso por los festivales de M\u00e1laga y Nantes, antes de proyectarse en los cines en julio. Como","inLanguage":"es-ES","isPartOf":{"@id":"https:\/\/eldigitaldeasturias.com\/magazine365\/#website"},"breadcrumb":{"@id":"https:\/\/eldigitaldeasturias.com\/magazine365\/cans-acoge-el-preestreno-de-os-fenomenos-de-alfonso-zarauza\/#breadcrumblist"},"author":{"@id":"https:\/\/eldigitaldeasturias.com\/magazine365\/author\/admin\/#author"},"creator":{"@id":"https:\/\/eldigitaldeasturias.com\/magazine365\/author\/admin\/#author"},"image":{"@type":"ImageObject","url":"https:\/\/eldigitaldeasturias.com\/magazine365\/wp-content\/uploads\/2014\/05\/6290692w.jpg","@id":"https:\/\/eldigitaldeasturias.com\/magazine365\/cans-acoge-el-preestreno-de-os-fenomenos-de-alfonso-zarauza\/#mainImage","width":800,"height":533},"primaryImageOfPage":{"@id":"https:\/\/eldigitaldeasturias.com\/magazine365\/cans-acoge-el-preestreno-de-os-fenomenos-de-alfonso-zarauza\/#mainImage"},"datePublished":"2014-05-22T22:30:00+02:00","dateModified":"2014-05-22T22:30:00+02:00"},{"@type":"WebSite","@id":"https:\/\/eldigitaldeasturias.com\/magazine365\/#website","url":"https:\/\/eldigitaldeasturias.com\/magazine365\/","name":"El Digital de Asturias","description":"Revista de ocio, turismo y estilo de vida","inLanguage":"es-ES","publisher":{"@id":"https:\/\/eldigitaldeasturias.com\/magazine365\/#organization"}}]},"og:locale":"es_ES","og:site_name":"El Digital de Asturias \u2013 Revista de ocio, turismo y estilo de vida","og:type":"article","og:title":"Cans acoge el preestreno de \u00abOs Fen\u00f3menos\u00bb, de Alfonso Zarauza | El Digital de Asturias","og:description":"O Porri\u00f1o (Pontevedra), 22 may (EFE).- El Festival de Cans acoger\u00e1 esta tarde el preestreno del largometraje &quot;Os Fen\u00f3menos&quot; del director Alfonso Zarauza, protagonizado por Lola Due\u00f1as y Luis Tosar, y que llega a O Porri\u00f1o tras su paso por los festivales de M\u00e1laga y Nantes, antes de proyectarse en los cines en julio. Como","og:url":"https:\/\/eldigitaldeasturias.com\/magazine365\/cans-acoge-el-preestreno-de-os-fenomenos-de-alfonso-zarauza\/","og:image":"https:\/\/eldigitaldeasturias.com\/magazine365\/wp-content\/uploads\/2014\/05\/6290692w.jpg","og:image:secure_url":"https:\/\/eldigitaldeasturias.com\/magazine365\/wp-content\/uploads\/2014\/05\/6290692w.jpg","og:image:width":800,"og:image:height":533,"article:published_time":"2014-05-23T00:30:00+00:00","article:modified_time":"2014-05-23T00:30:00+00:00","twitter:card":"summary_large_image","twitter:title":"Cans acoge el preestreno de \u00abOs Fen\u00f3menos\u00bb, de Alfonso Zarauza | El Digital de Asturias","twitter:description":"O Porri\u00f1o (Pontevedra), 22 may (EFE).- El Festival de Cans acoger\u00e1 esta tarde el preestreno del largometraje &quot;Os Fen\u00f3menos&quot; del director Alfonso Zarauza, protagonizado por Lola Due\u00f1as y Luis Tosar, y que llega a O Porri\u00f1o tras su paso por los festivales de M\u00e1laga y Nantes, antes de proyectarse en los cines en julio. Como","twitter:image":"https:\/\/eldigitaldeasturias.com\/magazine365\/wp-content\/uploads\/2014\/05\/6290692w.jpg"},"aioseo_meta_data":{"post_id":"13681","title":null,"description":null,"keywords":null,"keyphrases":null,"primary_term":null,"canonical_url":null,"og_title":null,"og_description":null,"og_object_type":"default","og_image_type":"default","og_image_url":null,"og_image_width":null,"og_image_height":null,"og_image_custom_url":null,"og_image_custom_fields":null,"og_video":null,"og_custom_url":null,"og_article_section":null,"og_article_tags":null,"twitter_use_og":false,"twitter_card":"default","twitter_image_type":"default","twitter_image_url":null,"twitter_image_custom_url":null,"twitter_image_custom_fields":null,"twitter_title":null,"twitter_description":null,"schema":{"blockGraphs":[],"customGraphs":[],"default":{"data":{"Article":[],"Course":[],"Dataset":[],"FAQPage":[],"Movie":[],"Person":[],"Product":[],"ProductReview":[],"Car":[],"Recipe":[],"Service":[],"SoftwareApplication":[],"WebPage":[]},"graphName":"","isEnabled":true},"graphs":[],"defaultGraph":"","defaultPostTypeGraph":""},"schema_type":null,"schema_type_options":null,"pillar_content":false,"robots_default":true,"robots_noindex":false,"robots_noarchive":false,"robots_nosnippet":false,"robots_nofollow":false,"robots_noimageindex":false,"robots_noodp":false,"robots_notranslate":false,"robots_max_snippet":null,"robots_max_videopreview":null,"robots_max_imagepreview":"large","priority":null,"frequency":null,"location":null,"local_seo":null,"seo_analyzer_scan_date":"2025-09-17 08:44:09","breadcrumb_settings":null,"limit_modified_date":false,"open_ai":null,"ai":null,"created":"2021-03-09 08:25:41","updated":"2025-09-17 08:44:09"},"aioseo_breadcrumb":"<div class=\"aioseo-breadcrumbs\"><span class=\"aioseo-breadcrumb\">\n\t<a href=\"https:\/\/eldigitaldeasturias.com\/magazine365\" title=\"Home\">Home<\/a>\n<\/span><span class=\"aioseo-breadcrumb-separator\">\u2013<\/span><span class=\"aioseo-breadcrumb\">\n\t<a href=\"https:\/\/eldigitaldeasturias.com\/magazine365\/category\/noticias-actualidad\/\" title=\"Noticias y Actualidad\">Noticias y Actualidad<\/a>\n<\/span><span class=\"aioseo-breadcrumb-separator\">\u2013<\/span><span class=\"aioseo-breadcrumb\">\n\t<a href=\"https:\/\/eldigitaldeasturias.com\/magazine365\/cans-acoge-el-preestreno-de-os-fenomenos-de-alfonso-zarauza\/\" title=\"Cans acoge el preestreno de \u00abOs Fen\u00f3menos\u00bb, de Alfonso Zarauza\">Cans acoge el preestreno de \u00abOs Fen\u00f3menos\u00bb, de Alfonso Zarauza<\/a>\n<\/span><\/div>","aioseo_breadcrumb_json":[{"label":"Home","link":"https:\/\/eldigitaldeasturias.com\/magazine365"},{"label":"Noticias y Actualidad","link":"https:\/\/eldigitaldeasturias.com\/magazine365\/category\/noticias-actualidad\/"},{"label":"Cans acoge el preestreno de \u00abOs Fen\u00f3menos\u00bb, de Alfonso Zarauza","link":"https:\/\/eldigitaldeasturias.com\/magazine365\/cans-acoge-el-preestreno-de-os-fenomenos-de-alfonso-zarauza\/"}],"_links":{"self":[{"href":"https:\/\/eldigitaldeasturias.com\/magazine365\/wp-json\/wp\/v2\/posts\/13681","targetHints":{"allow":["GET"]}}],"collection":[{"href":"https:\/\/eldigitaldeasturias.com\/magazine365\/wp-json\/wp\/v2\/posts"}],"about":[{"href":"https:\/\/eldigitaldeasturias.com\/magazine365\/wp-json\/wp\/v2\/types\/post"}],"author":[{"embeddable":true,"href":"https:\/\/eldigitaldeasturias.com\/magazine365\/wp-json\/wp\/v2\/users\/1"}],"replies":[{"embeddable":true,"href":"https:\/\/eldigitaldeasturias.com\/magazine365\/wp-json\/wp\/v2\/comments?post=13681"}],"version-history":[{"count":0,"href":"https:\/\/eldigitaldeasturias.com\/magazine365\/wp-json\/wp\/v2\/posts\/13681\/revisions"}],"wp:featuredmedia":[{"embeddable":true,"href":"https:\/\/eldigitaldeasturias.com\/magazine365\/wp-json\/wp\/v2\/media\/13682"}],"wp:attachment":[{"href":"https:\/\/eldigitaldeasturias.com\/magazine365\/wp-json\/wp\/v2\/media?parent=13681"}],"wp:term":[{"taxonomy":"category","embeddable":true,"href":"https:\/\/eldigitaldeasturias.com\/magazine365\/wp-json\/wp\/v2\/categories?post=13681"},{"taxonomy":"post_tag","embeddable":true,"href":"https:\/\/eldigitaldeasturias.com\/magazine365\/wp-json\/wp\/v2\/tags?post=13681"}],"curies":[{"name":"wp","href":"https:\/\/api.w.org\/{rel}","templated":true}]}}