{"id":13678,"date":"2014-05-22T22:28:27","date_gmt":"2014-05-23T00:28:27","guid":{"rendered":"http:\/\/eldigitaldeasturias.com\/magazine365\/?p=13678"},"modified":"2014-05-22T22:28:27","modified_gmt":"2014-05-23T00:28:27","slug":"el-principe-explica-que-se-les-han-hecho-muy-cortos-sus-10-anos-de-matrimonio","status":"publish","type":"post","link":"https:\/\/eldigitaldeasturias.com\/magazine365\/el-principe-explica-que-se-les-han-hecho-muy-cortos-sus-10-anos-de-matrimonio\/","title":{"rendered":"El Pr\u00edncipe explica que se les han hecho \u00abmuy cortos\u00bb sus 10 a\u00f1os de matrimonio"},"content":{"rendered":"<p><img fetchpriority=\"high\" decoding=\"async\" class=\"alignleft size-medium wp-image-13679\" alt=\"6289332w\" src=\"https:\/\/eldigitaldeasturias.com\/magazine365\/wp-content\/uploads\/2014\/05\/6289332w-360x271.jpg\" width=\"360\" height=\"271\" srcset=\"https:\/\/eldigitaldeasturias.com\/magazine365\/wp-content\/uploads\/2014\/05\/6289332w-360x271.jpg 360w, https:\/\/eldigitaldeasturias.com\/magazine365\/wp-content\/uploads\/2014\/05\/6289332w-650x490.jpg 650w, https:\/\/eldigitaldeasturias.com\/magazine365\/wp-content\/uploads\/2014\/05\/6289332w-768x579.jpg 768w, https:\/\/eldigitaldeasturias.com\/magazine365\/wp-content\/uploads\/2014\/05\/6289332w-150x113.jpg 150w, https:\/\/eldigitaldeasturias.com\/magazine365\/wp-content\/uploads\/2014\/05\/6289332w-450x339.jpg 450w, https:\/\/eldigitaldeasturias.com\/magazine365\/wp-content\/uploads\/2014\/05\/6289332w-80x60.jpg 80w, https:\/\/eldigitaldeasturias.com\/magazine365\/wp-content\/uploads\/2014\/05\/6289332w-265x198.jpg 265w, https:\/\/eldigitaldeasturias.com\/magazine365\/wp-content\/uploads\/2014\/05\/6289332w-696x525.jpg 696w, https:\/\/eldigitaldeasturias.com\/magazine365\/wp-content\/uploads\/2014\/05\/6289332w-557x420.jpg 557w, https:\/\/eldigitaldeasturias.com\/magazine365\/wp-content\/uploads\/2014\/05\/6289332w-90x67.jpg 90w, https:\/\/eldigitaldeasturias.com\/magazine365\/wp-content\/uploads\/2014\/05\/6289332w-100x75.jpg 100w, https:\/\/eldigitaldeasturias.com\/magazine365\/wp-content\/uploads\/2014\/05\/6289332w.jpg 800w\" sizes=\"(max-width: 360px) 100vw, 360px\" \/>Toledo, 22 may (EFE).- A los Pr\u00edncipes se les han hecho \u00abmuy cortos\u00bb los diez a\u00f1os de matrimonio que celebran hoy, seg\u00fan ha explicado a los periodistas en Toledo el propio don Felipe antes de conocer junto a do\u00f1a Letizia, en una visita privada, la exposici\u00f3n sobre El Greco que alberga el Museo de Santa Cruz.<\/p>\n<p>El Heredero de la Corona y su esposa han dedicado parte del d\u00eda en que se cumple el d\u00e9cimo aniversario de su boda a visitar esta exposici\u00f3n, a la que han llegado muy sonrientes, rodeados de una gran expectaci\u00f3n por parte de los medios informativos y de numerosos toledanos y turistas que les han recibido con aplausos y gritos de felicitaci\u00f3n y les fotografiaban con sus tel\u00e9fonos m\u00f3viles.<\/p>\n<p>Los Pr\u00edncipes -que adquirieron por internet sus entradas- han dedicado cerca de una hora a contemplar las 75 obras del genio cretense que se exponen en el museo, mezclados entre los m\u00e1s de doscientos visitantes que hab\u00edan escogido esa misma hora, algunos de los cuales se han acercado a saludarles.<\/p>\n<p>En su recorrido, han hecho uso de sendas audiogu\u00edas y han mostrado especial inter\u00e9s por varios cuadros, entre ellos \u00abLa dama del armi\u00f1o\u00bb, hasta el punto de que don Felipe ha tomado la iniciativa de volver sobre sus pasos para observar con m\u00e1s detenimiento esta misteriosa obra, cuya autor\u00eda ha sido cuestionada y que ha cedido para la exposici\u00f3n la casa-museo Pollok House de Glasgow.<\/p>\n<p>Antes de salir del museo, han conversado con el director general de la Fundaci\u00f3n El Greco 2014, Jes\u00fas Carrobles, sobre cuestiones relacionadas con esta muestra, como las tablas que Grecia facilit\u00f3 para la exposici\u00f3n y que suscitaron el inter\u00e9s de la Reina, y do\u00f1a Letizia le ha preguntado en qu\u00e9 medida Dom\u00e9nico Theotoc\u00f3puli era o no un pintor muy religioso, seg\u00fan ha informado un portavoz de la instituci\u00f3n.<\/p>\n<p>A su llegada al museo, al que llegaron a pie desde cerca de la Plaza de Zocodover, muchas de las personas que aguardaban tras el cord\u00f3n de seguridad han tenido ocasi\u00f3n de dar la mano a los Pr\u00edncipes, a quienes tambi\u00e9n se ha acercado una mujer vestida con traje regional toledano que ha conversado unos instantes con ellos y les ha entregado un libro sobre El Greco, con una dedicatoria manuscrita.<\/p>\n<p>Momentos antes de empezar a recorrer la muestra, pasadas las tres de la tarde -una hora especialmente elegida por ser una de las de menor afluencia de p\u00fablico, para no interferir el ritmo de visitas del museo-, don Felipe ha indicado, a preguntas de los informadores, que do\u00f1a Letizia y \u00e9l ten\u00edan \u00abmuchas ganas\u00bb de conocer esta exposici\u00f3n y \u00abhoy era un buen d\u00eda\u00bb para hacerlo.<\/p>\n<p>A la salida, tambi\u00e9n han recibido los aplausos y las felicitaciones de toledanos, turistas e informadores, ante quienes don Felipe, muy sonriente, ha contestado a varias preguntas de los periodistas con expresivos gestos que daban a entender que les hab\u00eda gustado mucho la exposici\u00f3n, que esperaban volver pronto a Toledo y que ten\u00edan muchos planes previstos para compartir el tiempo libre con sus hijas.<\/p>\n<p>A continuaci\u00f3n, los Pr\u00edncipes se han alejado caminando cuesta abajo por la c\u00e9ntrica calle de Miguel de Cervantes hacia el autom\u00f3vil con el que han abandonado Toledo.<\/p>\n<p>En una jornada sin actividades oficiales p\u00fablicas en la agenda de don Felipe y do\u00f1a Letizia, la Casa Real ha difundido dos im\u00e1genes de su llegada al Museo de Santa Cruz a trav\u00e9s de su cuenta de Twitter, estrenada ayer, acompa\u00f1adas por el mensaje \u00abX Aniversario de la Boda de los Pr\u00edncipes de Asturias\u00bb.<\/p>\n<p>Con ese mismo texto, la cuenta de Twitter de la Casa del Rey mostraba esta ma\u00f1ana a primera hora dos fotograf\u00edas que ilustraban el inicio de este d\u00eda de celebraci\u00f3n y que mostraba a los Pr\u00edncipes con sus hijas Leonor y Sof\u00eda antes de abandonar su residencia en la Zarzuela para acompa\u00f1arlas al colegio Santa Mar\u00eda de los Rosales.<\/p>\n<p>\u00abEl Griego de Toledo\u00bb, la exposici\u00f3n conmemorativa del cuarto centenario de la muerte del pintor cretense que han elegido don Felipe y do\u00f1a Letizia para su visita privada de hoy, fue inaugurada el pasado 14 de marzo por la Reina, que volvi\u00f3 a verla el 12 de abril acompa\u00f1ada por su hermana Irene de Grecia.<\/p>\n<p>Esta muestra es la gran exposici\u00f3n del a\u00f1o sobre Dom\u00e9nicos Theotoc\u00f3puli y, adem\u00e1s del Museo de Santa Cruz, se encuentra repartida por otros cinco edificios de Toledo que exhiben la obra concebida para ellos: la sacrist\u00eda de la catedral, la iglesia y la sacrist\u00eda del Hospital Tavera, la iglesia de Santo Tom\u00e9, el convento de Santo Domingo el Antiguo y la capilla de San Jos\u00e9.<\/p>\n","protected":false},"excerpt":{"rendered":"<p>Toledo, 22 may (EFE).- A los Pr\u00edncipes se les han hecho \u00abmuy cortos\u00bb los diez a\u00f1os de matrimonio que celebran hoy, seg\u00fan ha explicado a los periodistas en Toledo el propio don Felipe antes de conocer junto a do\u00f1a Letizia, en una visita privada, la exposici\u00f3n sobre El Greco que alberga el Museo de Santa<\/p>\n","protected":false},"author":1,"featured_media":13679,"comment_status":"open","ping_status":"closed","sticky":false,"template":"","format":"standard","meta":{"footnotes":""},"categories":[224],"tags":[],"class_list":{"0":"post-13678","1":"post","2":"type-post","3":"status-publish","4":"format-standard","5":"has-post-thumbnail","7":"category-noticias-actualidad"},"aioseo_notices":[],"aioseo_head":"\n\t\t<!-- All in One SEO Pro 4.9.6.1 - aioseo.com -->\n\t<meta name=\"description\" content=\"Toledo, 22 may (EFE).- A los Pr\u00edncipes se les han hecho &quot;muy cortos&quot; los diez a\u00f1os de matrimonio que celebran hoy, seg\u00fan ha explicado a los periodistas en Toledo el propio don Felipe antes de conocer junto a do\u00f1a Letizia, en una visita privada, la exposici\u00f3n sobre El Greco que alberga el Museo de Santa\" \/>\n\t<meta name=\"robots\" content=\"max-image-preview:large\" \/>\n\t<meta name=\"author\" content=\"admin\"\/>\n\t<meta name=\"google-site-verification\" content=\"UA-38556648-1\" \/>\n\t<meta name=\"keywords\" content=\"noticias y actualidad\" \/>\n\t<link rel=\"canonical\" href=\"https:\/\/eldigitaldeasturias.com\/magazine365\/el-principe-explica-que-se-les-han-hecho-muy-cortos-sus-10-anos-de-matrimonio\/\" \/>\n\t<meta name=\"generator\" content=\"All in One SEO Pro (AIOSEO) 4.9.6.1\" \/>\n\t\t<meta property=\"og:locale\" content=\"es_ES\" \/>\n\t\t<meta property=\"og:site_name\" content=\"El Digital de Asturias \u2013 Revista de ocio, turismo y estilo de vida\" \/>\n\t\t<meta property=\"og:type\" content=\"article\" \/>\n\t\t<meta property=\"og:title\" content=\"El Pr\u00edncipe explica que se les han hecho \u00abmuy cortos\u00bb sus 10 a\u00f1os de matrimonio | El Digital de Asturias\" \/>\n\t\t<meta property=\"og:description\" content=\"Toledo, 22 may (EFE).- A los Pr\u00edncipes se les han hecho &quot;muy cortos&quot; los diez a\u00f1os de matrimonio que celebran hoy, seg\u00fan ha explicado a los periodistas en Toledo el propio don Felipe antes de conocer junto a do\u00f1a Letizia, en una visita privada, la exposici\u00f3n sobre El Greco que alberga el Museo de Santa\" \/>\n\t\t<meta property=\"og:url\" content=\"https:\/\/eldigitaldeasturias.com\/magazine365\/el-principe-explica-que-se-les-han-hecho-muy-cortos-sus-10-anos-de-matrimonio\/\" \/>\n\t\t<meta property=\"og:image\" content=\"https:\/\/eldigitaldeasturias.com\/magazine365\/wp-content\/uploads\/2014\/05\/6289332w.jpg\" \/>\n\t\t<meta property=\"og:image:secure_url\" content=\"https:\/\/eldigitaldeasturias.com\/magazine365\/wp-content\/uploads\/2014\/05\/6289332w.jpg\" \/>\n\t\t<meta property=\"og:image:width\" content=\"800\" \/>\n\t\t<meta property=\"og:image:height\" content=\"603\" \/>\n\t\t<meta property=\"article:published_time\" content=\"2014-05-23T00:28:27+00:00\" \/>\n\t\t<meta property=\"article:modified_time\" content=\"2014-05-23T00:28:27+00:00\" \/>\n\t\t<meta name=\"twitter:card\" content=\"summary_large_image\" \/>\n\t\t<meta name=\"twitter:title\" content=\"El Pr\u00edncipe explica que se les han hecho \u00abmuy cortos\u00bb sus 10 a\u00f1os de matrimonio | El Digital de Asturias\" \/>\n\t\t<meta name=\"twitter:description\" content=\"Toledo, 22 may (EFE).- A los Pr\u00edncipes se les han hecho &quot;muy cortos&quot; los diez a\u00f1os de matrimonio que celebran hoy, seg\u00fan ha explicado a los periodistas en Toledo el propio don Felipe antes de conocer junto a do\u00f1a Letizia, en una visita privada, la exposici\u00f3n sobre El Greco que alberga el Museo de Santa\" \/>\n\t\t<meta name=\"twitter:image\" content=\"https:\/\/eldigitaldeasturias.com\/magazine365\/wp-content\/uploads\/2014\/05\/6289332w.jpg\" \/>\n\t\t<script type=\"application\/ld+json\" class=\"aioseo-schema\">\n\t\t\t{\"@context\":\"https:\\\/\\\/schema.org\",\"@graph\":[{\"@type\":\"Article\",\"@id\":\"https:\\\/\\\/eldigitaldeasturias.com\\\/magazine365\\\/el-principe-explica-que-se-les-han-hecho-muy-cortos-sus-10-anos-de-matrimonio\\\/#article\",\"name\":\"El Pr\\u00edncipe explica que se les han hecho \\u00abmuy cortos\\u00bb sus 10 a\\u00f1os de matrimonio | El Digital de Asturias\",\"headline\":\"El Pr\\u00edncipe explica que se les han hecho \\u00abmuy cortos\\u00bb sus 10 a\\u00f1os de matrimonio\",\"author\":{\"@id\":\"https:\\\/\\\/eldigitaldeasturias.com\\\/magazine365\\\/author\\\/admin\\\/#author\"},\"publisher\":{\"@id\":\"https:\\\/\\\/eldigitaldeasturias.com\\\/magazine365\\\/#organization\"},\"image\":{\"@type\":\"ImageObject\",\"url\":\"https:\\\/\\\/eldigitaldeasturias.com\\\/magazine365\\\/wp-content\\\/uploads\\\/2014\\\/05\\\/6289332w.jpg\",\"width\":800,\"height\":603},\"datePublished\":\"2014-05-22T22:28:27+02:00\",\"dateModified\":\"2014-05-22T22:28:27+02:00\",\"inLanguage\":\"es-ES\",\"mainEntityOfPage\":{\"@id\":\"https:\\\/\\\/eldigitaldeasturias.com\\\/magazine365\\\/el-principe-explica-que-se-les-han-hecho-muy-cortos-sus-10-anos-de-matrimonio\\\/#webpage\"},\"isPartOf\":{\"@id\":\"https:\\\/\\\/eldigitaldeasturias.com\\\/magazine365\\\/el-principe-explica-que-se-les-han-hecho-muy-cortos-sus-10-anos-de-matrimonio\\\/#webpage\"},\"articleSection\":\"Noticias y Actualidad\"},{\"@type\":\"BreadcrumbList\",\"@id\":\"https:\\\/\\\/eldigitaldeasturias.com\\\/magazine365\\\/el-principe-explica-que-se-les-han-hecho-muy-cortos-sus-10-anos-de-matrimonio\\\/#breadcrumblist\",\"itemListElement\":[{\"@type\":\"ListItem\",\"@id\":\"https:\\\/\\\/eldigitaldeasturias.com\\\/magazine365#listItem\",\"position\":1,\"name\":\"Home\",\"item\":\"https:\\\/\\\/eldigitaldeasturias.com\\\/magazine365\",\"nextItem\":{\"@type\":\"ListItem\",\"@id\":\"https:\\\/\\\/eldigitaldeasturias.com\\\/magazine365\\\/category\\\/noticias-actualidad\\\/#listItem\",\"name\":\"Noticias y Actualidad\"}},{\"@type\":\"ListItem\",\"@id\":\"https:\\\/\\\/eldigitaldeasturias.com\\\/magazine365\\\/category\\\/noticias-actualidad\\\/#listItem\",\"position\":2,\"name\":\"Noticias y Actualidad\",\"item\":\"https:\\\/\\\/eldigitaldeasturias.com\\\/magazine365\\\/category\\\/noticias-actualidad\\\/\",\"nextItem\":{\"@type\":\"ListItem\",\"@id\":\"https:\\\/\\\/eldigitaldeasturias.com\\\/magazine365\\\/el-principe-explica-que-se-les-han-hecho-muy-cortos-sus-10-anos-de-matrimonio\\\/#listItem\",\"name\":\"El Pr\\u00edncipe explica que se les han hecho \\u00abmuy cortos\\u00bb sus 10 a\\u00f1os de matrimonio\"},\"previousItem\":{\"@type\":\"ListItem\",\"@id\":\"https:\\\/\\\/eldigitaldeasturias.com\\\/magazine365#listItem\",\"name\":\"Home\"}},{\"@type\":\"ListItem\",\"@id\":\"https:\\\/\\\/eldigitaldeasturias.com\\\/magazine365\\\/el-principe-explica-que-se-les-han-hecho-muy-cortos-sus-10-anos-de-matrimonio\\\/#listItem\",\"position\":3,\"name\":\"El Pr\\u00edncipe explica que se les han hecho \\u00abmuy cortos\\u00bb sus 10 a\\u00f1os de matrimonio\",\"previousItem\":{\"@type\":\"ListItem\",\"@id\":\"https:\\\/\\\/eldigitaldeasturias.com\\\/magazine365\\\/category\\\/noticias-actualidad\\\/#listItem\",\"name\":\"Noticias y Actualidad\"}}]},{\"@type\":\"Organization\",\"@id\":\"https:\\\/\\\/eldigitaldeasturias.com\\\/magazine365\\\/#organization\",\"name\":\"El digital de Asturias\",\"description\":\"Revista de ocio, turismo y estilo de vida\",\"url\":\"https:\\\/\\\/eldigitaldeasturias.com\\\/magazine365\\\/\",\"logo\":{\"@type\":\"ImageObject\",\"url\":\"https:\\\/\\\/www.eldigitaldeasturias.com\\\/noticias\\\/wp-content\\\/uploads\\\/2020\\\/12\\\/EDA.jpg\",\"@id\":\"https:\\\/\\\/eldigitaldeasturias.com\\\/magazine365\\\/el-principe-explica-que-se-les-han-hecho-muy-cortos-sus-10-anos-de-matrimonio\\\/#organizationLogo\"},\"image\":{\"@id\":\"https:\\\/\\\/eldigitaldeasturias.com\\\/magazine365\\\/el-principe-explica-que-se-les-han-hecho-muy-cortos-sus-10-anos-de-matrimonio\\\/#organizationLogo\"}},{\"@type\":\"Person\",\"@id\":\"https:\\\/\\\/eldigitaldeasturias.com\\\/magazine365\\\/author\\\/admin\\\/#author\",\"url\":\"https:\\\/\\\/eldigitaldeasturias.com\\\/magazine365\\\/author\\\/admin\\\/\",\"name\":\"admin\",\"image\":{\"@type\":\"ImageObject\",\"@id\":\"https:\\\/\\\/eldigitaldeasturias.com\\\/magazine365\\\/el-principe-explica-que-se-les-han-hecho-muy-cortos-sus-10-anos-de-matrimonio\\\/#authorImage\",\"url\":\"https:\\\/\\\/eldigitaldeasturias.com\\\/magazine365\\\/wp-content\\\/litespeed\\\/avatar\\\/e571bcf59a0edd6fa6838245a470f2fe.jpg?ver=1776969259\",\"width\":96,\"height\":96,\"caption\":\"admin\"}},{\"@type\":\"WebPage\",\"@id\":\"https:\\\/\\\/eldigitaldeasturias.com\\\/magazine365\\\/el-principe-explica-que-se-les-han-hecho-muy-cortos-sus-10-anos-de-matrimonio\\\/#webpage\",\"url\":\"https:\\\/\\\/eldigitaldeasturias.com\\\/magazine365\\\/el-principe-explica-que-se-les-han-hecho-muy-cortos-sus-10-anos-de-matrimonio\\\/\",\"name\":\"El Pr\\u00edncipe explica que se les han hecho \\u00abmuy cortos\\u00bb sus 10 a\\u00f1os de matrimonio | El Digital de Asturias\",\"description\":\"Toledo, 22 may (EFE).- A los Pr\\u00edncipes se les han hecho \\\"muy cortos\\\" los diez a\\u00f1os de matrimonio que celebran hoy, seg\\u00fan ha explicado a los periodistas en Toledo el propio don Felipe antes de conocer junto a do\\u00f1a Letizia, en una visita privada, la exposici\\u00f3n sobre El Greco que alberga el Museo de Santa\",\"inLanguage\":\"es-ES\",\"isPartOf\":{\"@id\":\"https:\\\/\\\/eldigitaldeasturias.com\\\/magazine365\\\/#website\"},\"breadcrumb\":{\"@id\":\"https:\\\/\\\/eldigitaldeasturias.com\\\/magazine365\\\/el-principe-explica-que-se-les-han-hecho-muy-cortos-sus-10-anos-de-matrimonio\\\/#breadcrumblist\"},\"author\":{\"@id\":\"https:\\\/\\\/eldigitaldeasturias.com\\\/magazine365\\\/author\\\/admin\\\/#author\"},\"creator\":{\"@id\":\"https:\\\/\\\/eldigitaldeasturias.com\\\/magazine365\\\/author\\\/admin\\\/#author\"},\"image\":{\"@type\":\"ImageObject\",\"url\":\"https:\\\/\\\/eldigitaldeasturias.com\\\/magazine365\\\/wp-content\\\/uploads\\\/2014\\\/05\\\/6289332w.jpg\",\"@id\":\"https:\\\/\\\/eldigitaldeasturias.com\\\/magazine365\\\/el-principe-explica-que-se-les-han-hecho-muy-cortos-sus-10-anos-de-matrimonio\\\/#mainImage\",\"width\":800,\"height\":603},\"primaryImageOfPage\":{\"@id\":\"https:\\\/\\\/eldigitaldeasturias.com\\\/magazine365\\\/el-principe-explica-que-se-les-han-hecho-muy-cortos-sus-10-anos-de-matrimonio\\\/#mainImage\"},\"datePublished\":\"2014-05-22T22:28:27+02:00\",\"dateModified\":\"2014-05-22T22:28:27+02:00\"},{\"@type\":\"WebSite\",\"@id\":\"https:\\\/\\\/eldigitaldeasturias.com\\\/magazine365\\\/#website\",\"url\":\"https:\\\/\\\/eldigitaldeasturias.com\\\/magazine365\\\/\",\"name\":\"El Digital de Asturias\",\"description\":\"Revista de ocio, turismo y estilo de vida\",\"inLanguage\":\"es-ES\",\"publisher\":{\"@id\":\"https:\\\/\\\/eldigitaldeasturias.com\\\/magazine365\\\/#organization\"}}]}\n\t\t<\/script>\n\t\t<!-- All in One SEO Pro -->\r\n\t\t<title>El Pr\u00edncipe explica que se les han hecho \u00abmuy cortos\u00bb sus 10 a\u00f1os de matrimonio | El Digital de Asturias<\/title>\n\n","aioseo_head_json":{"title":"El Pr\u00edncipe explica que se les han hecho \u00abmuy cortos\u00bb sus 10 a\u00f1os de matrimonio | El Digital de Asturias","description":"Toledo, 22 may (EFE).- A los Pr\u00edncipes se les han hecho \"muy cortos\" los diez a\u00f1os de matrimonio que celebran hoy, seg\u00fan ha explicado a los periodistas en Toledo el propio don Felipe antes de conocer junto a do\u00f1a Letizia, en una visita privada, la exposici\u00f3n sobre El Greco que alberga el Museo de Santa","canonical_url":"https:\/\/eldigitaldeasturias.com\/magazine365\/el-principe-explica-que-se-les-han-hecho-muy-cortos-sus-10-anos-de-matrimonio\/","robots":"max-image-preview:large","keywords":"noticias y actualidad","webmasterTools":{"google-site-verification":"UA-38556648-1","miscellaneous":""},"schema":{"@context":"https:\/\/schema.org","@graph":[{"@type":"Article","@id":"https:\/\/eldigitaldeasturias.com\/magazine365\/el-principe-explica-que-se-les-han-hecho-muy-cortos-sus-10-anos-de-matrimonio\/#article","name":"El Pr\u00edncipe explica que se les han hecho \u00abmuy cortos\u00bb sus 10 a\u00f1os de matrimonio | El Digital de Asturias","headline":"El Pr\u00edncipe explica que se les han hecho \u00abmuy cortos\u00bb sus 10 a\u00f1os de matrimonio","author":{"@id":"https:\/\/eldigitaldeasturias.com\/magazine365\/author\/admin\/#author"},"publisher":{"@id":"https:\/\/eldigitaldeasturias.com\/magazine365\/#organization"},"image":{"@type":"ImageObject","url":"https:\/\/eldigitaldeasturias.com\/magazine365\/wp-content\/uploads\/2014\/05\/6289332w.jpg","width":800,"height":603},"datePublished":"2014-05-22T22:28:27+02:00","dateModified":"2014-05-22T22:28:27+02:00","inLanguage":"es-ES","mainEntityOfPage":{"@id":"https:\/\/eldigitaldeasturias.com\/magazine365\/el-principe-explica-que-se-les-han-hecho-muy-cortos-sus-10-anos-de-matrimonio\/#webpage"},"isPartOf":{"@id":"https:\/\/eldigitaldeasturias.com\/magazine365\/el-principe-explica-que-se-les-han-hecho-muy-cortos-sus-10-anos-de-matrimonio\/#webpage"},"articleSection":"Noticias y Actualidad"},{"@type":"BreadcrumbList","@id":"https:\/\/eldigitaldeasturias.com\/magazine365\/el-principe-explica-que-se-les-han-hecho-muy-cortos-sus-10-anos-de-matrimonio\/#breadcrumblist","itemListElement":[{"@type":"ListItem","@id":"https:\/\/eldigitaldeasturias.com\/magazine365#listItem","position":1,"name":"Home","item":"https:\/\/eldigitaldeasturias.com\/magazine365","nextItem":{"@type":"ListItem","@id":"https:\/\/eldigitaldeasturias.com\/magazine365\/category\/noticias-actualidad\/#listItem","name":"Noticias y Actualidad"}},{"@type":"ListItem","@id":"https:\/\/eldigitaldeasturias.com\/magazine365\/category\/noticias-actualidad\/#listItem","position":2,"name":"Noticias y Actualidad","item":"https:\/\/eldigitaldeasturias.com\/magazine365\/category\/noticias-actualidad\/","nextItem":{"@type":"ListItem","@id":"https:\/\/eldigitaldeasturias.com\/magazine365\/el-principe-explica-que-se-les-han-hecho-muy-cortos-sus-10-anos-de-matrimonio\/#listItem","name":"El Pr\u00edncipe explica que se les han hecho \u00abmuy cortos\u00bb sus 10 a\u00f1os de matrimonio"},"previousItem":{"@type":"ListItem","@id":"https:\/\/eldigitaldeasturias.com\/magazine365#listItem","name":"Home"}},{"@type":"ListItem","@id":"https:\/\/eldigitaldeasturias.com\/magazine365\/el-principe-explica-que-se-les-han-hecho-muy-cortos-sus-10-anos-de-matrimonio\/#listItem","position":3,"name":"El Pr\u00edncipe explica que se les han hecho \u00abmuy cortos\u00bb sus 10 a\u00f1os de matrimonio","previousItem":{"@type":"ListItem","@id":"https:\/\/eldigitaldeasturias.com\/magazine365\/category\/noticias-actualidad\/#listItem","name":"Noticias y Actualidad"}}]},{"@type":"Organization","@id":"https:\/\/eldigitaldeasturias.com\/magazine365\/#organization","name":"El digital de Asturias","description":"Revista de ocio, turismo y estilo de vida","url":"https:\/\/eldigitaldeasturias.com\/magazine365\/","logo":{"@type":"ImageObject","url":"https:\/\/www.eldigitaldeasturias.com\/noticias\/wp-content\/uploads\/2020\/12\/EDA.jpg","@id":"https:\/\/eldigitaldeasturias.com\/magazine365\/el-principe-explica-que-se-les-han-hecho-muy-cortos-sus-10-anos-de-matrimonio\/#organizationLogo"},"image":{"@id":"https:\/\/eldigitaldeasturias.com\/magazine365\/el-principe-explica-que-se-les-han-hecho-muy-cortos-sus-10-anos-de-matrimonio\/#organizationLogo"}},{"@type":"Person","@id":"https:\/\/eldigitaldeasturias.com\/magazine365\/author\/admin\/#author","url":"https:\/\/eldigitaldeasturias.com\/magazine365\/author\/admin\/","name":"admin","image":{"@type":"ImageObject","@id":"https:\/\/eldigitaldeasturias.com\/magazine365\/el-principe-explica-que-se-les-han-hecho-muy-cortos-sus-10-anos-de-matrimonio\/#authorImage","url":"https:\/\/eldigitaldeasturias.com\/magazine365\/wp-content\/litespeed\/avatar\/e571bcf59a0edd6fa6838245a470f2fe.jpg?ver=1776969259","width":96,"height":96,"caption":"admin"}},{"@type":"WebPage","@id":"https:\/\/eldigitaldeasturias.com\/magazine365\/el-principe-explica-que-se-les-han-hecho-muy-cortos-sus-10-anos-de-matrimonio\/#webpage","url":"https:\/\/eldigitaldeasturias.com\/magazine365\/el-principe-explica-que-se-les-han-hecho-muy-cortos-sus-10-anos-de-matrimonio\/","name":"El Pr\u00edncipe explica que se les han hecho \u00abmuy cortos\u00bb sus 10 a\u00f1os de matrimonio | El Digital de Asturias","description":"Toledo, 22 may (EFE).- A los Pr\u00edncipes se les han hecho \"muy cortos\" los diez a\u00f1os de matrimonio que celebran hoy, seg\u00fan ha explicado a los periodistas en Toledo el propio don Felipe antes de conocer junto a do\u00f1a Letizia, en una visita privada, la exposici\u00f3n sobre El Greco que alberga el Museo de Santa","inLanguage":"es-ES","isPartOf":{"@id":"https:\/\/eldigitaldeasturias.com\/magazine365\/#website"},"breadcrumb":{"@id":"https:\/\/eldigitaldeasturias.com\/magazine365\/el-principe-explica-que-se-les-han-hecho-muy-cortos-sus-10-anos-de-matrimonio\/#breadcrumblist"},"author":{"@id":"https:\/\/eldigitaldeasturias.com\/magazine365\/author\/admin\/#author"},"creator":{"@id":"https:\/\/eldigitaldeasturias.com\/magazine365\/author\/admin\/#author"},"image":{"@type":"ImageObject","url":"https:\/\/eldigitaldeasturias.com\/magazine365\/wp-content\/uploads\/2014\/05\/6289332w.jpg","@id":"https:\/\/eldigitaldeasturias.com\/magazine365\/el-principe-explica-que-se-les-han-hecho-muy-cortos-sus-10-anos-de-matrimonio\/#mainImage","width":800,"height":603},"primaryImageOfPage":{"@id":"https:\/\/eldigitaldeasturias.com\/magazine365\/el-principe-explica-que-se-les-han-hecho-muy-cortos-sus-10-anos-de-matrimonio\/#mainImage"},"datePublished":"2014-05-22T22:28:27+02:00","dateModified":"2014-05-22T22:28:27+02:00"},{"@type":"WebSite","@id":"https:\/\/eldigitaldeasturias.com\/magazine365\/#website","url":"https:\/\/eldigitaldeasturias.com\/magazine365\/","name":"El Digital de Asturias","description":"Revista de ocio, turismo y estilo de vida","inLanguage":"es-ES","publisher":{"@id":"https:\/\/eldigitaldeasturias.com\/magazine365\/#organization"}}]},"og:locale":"es_ES","og:site_name":"El Digital de Asturias \u2013 Revista de ocio, turismo y estilo de vida","og:type":"article","og:title":"El Pr\u00edncipe explica que se les han hecho \u00abmuy cortos\u00bb sus 10 a\u00f1os de matrimonio | El Digital de Asturias","og:description":"Toledo, 22 may (EFE).- A los Pr\u00edncipes se les han hecho &quot;muy cortos&quot; los diez a\u00f1os de matrimonio que celebran hoy, seg\u00fan ha explicado a los periodistas en Toledo el propio don Felipe antes de conocer junto a do\u00f1a Letizia, en una visita privada, la exposici\u00f3n sobre El Greco que alberga el Museo de Santa","og:url":"https:\/\/eldigitaldeasturias.com\/magazine365\/el-principe-explica-que-se-les-han-hecho-muy-cortos-sus-10-anos-de-matrimonio\/","og:image":"https:\/\/eldigitaldeasturias.com\/magazine365\/wp-content\/uploads\/2014\/05\/6289332w.jpg","og:image:secure_url":"https:\/\/eldigitaldeasturias.com\/magazine365\/wp-content\/uploads\/2014\/05\/6289332w.jpg","og:image:width":800,"og:image:height":603,"article:published_time":"2014-05-23T00:28:27+00:00","article:modified_time":"2014-05-23T00:28:27+00:00","twitter:card":"summary_large_image","twitter:title":"El Pr\u00edncipe explica que se les han hecho \u00abmuy cortos\u00bb sus 10 a\u00f1os de matrimonio | El Digital de Asturias","twitter:description":"Toledo, 22 may (EFE).- A los Pr\u00edncipes se les han hecho &quot;muy cortos&quot; los diez a\u00f1os de matrimonio que celebran hoy, seg\u00fan ha explicado a los periodistas en Toledo el propio don Felipe antes de conocer junto a do\u00f1a Letizia, en una visita privada, la exposici\u00f3n sobre El Greco que alberga el Museo de Santa","twitter:image":"https:\/\/eldigitaldeasturias.com\/magazine365\/wp-content\/uploads\/2014\/05\/6289332w.jpg"},"aioseo_meta_data":{"post_id":"13678","title":null,"description":null,"keywords":null,"keyphrases":null,"primary_term":null,"canonical_url":null,"og_title":null,"og_description":null,"og_object_type":"default","og_image_type":"default","og_image_url":null,"og_image_width":null,"og_image_height":null,"og_image_custom_url":null,"og_image_custom_fields":null,"og_video":null,"og_custom_url":null,"og_article_section":null,"og_article_tags":null,"twitter_use_og":false,"twitter_card":"default","twitter_image_type":"default","twitter_image_url":null,"twitter_image_custom_url":null,"twitter_image_custom_fields":null,"twitter_title":null,"twitter_description":null,"schema":{"blockGraphs":[],"customGraphs":[],"default":{"data":{"Article":[],"Course":[],"Dataset":[],"FAQPage":[],"Movie":[],"Person":[],"Product":[],"ProductReview":[],"Car":[],"Recipe":[],"Service":[],"SoftwareApplication":[],"WebPage":[]},"graphName":"","isEnabled":true},"graphs":[]},"schema_type":null,"schema_type_options":null,"pillar_content":false,"robots_default":true,"robots_noindex":false,"robots_noarchive":false,"robots_nosnippet":false,"robots_nofollow":false,"robots_noimageindex":false,"robots_noodp":false,"robots_notranslate":false,"robots_max_snippet":null,"robots_max_videopreview":null,"robots_max_imagepreview":"large","priority":null,"frequency":null,"location":null,"local_seo":null,"seo_analyzer_scan_date":"2025-09-17 08:44:08","breadcrumb_settings":null,"limit_modified_date":false,"open_ai":null,"ai":null,"created":"2021-03-09 08:25:41","updated":"2025-09-17 08:44:08"},"aioseo_breadcrumb":"<div class=\"aioseo-breadcrumbs\"><span class=\"aioseo-breadcrumb\">\n\t<a href=\"https:\/\/eldigitaldeasturias.com\/magazine365\" title=\"Home\">Home<\/a>\n<\/span><span class=\"aioseo-breadcrumb-separator\">\u2013<\/span><span class=\"aioseo-breadcrumb\">\n\t<a href=\"https:\/\/eldigitaldeasturias.com\/magazine365\/category\/noticias-actualidad\/\" title=\"Noticias y Actualidad\">Noticias y Actualidad<\/a>\n<\/span><span class=\"aioseo-breadcrumb-separator\">\u2013<\/span><span class=\"aioseo-breadcrumb\">\n\t<a href=\"https:\/\/eldigitaldeasturias.com\/magazine365\/el-principe-explica-que-se-les-han-hecho-muy-cortos-sus-10-anos-de-matrimonio\/\" title=\"El Pr\u00edncipe explica que se les han hecho \u00abmuy cortos\u00bb sus 10 a\u00f1os de matrimonio\">El Pr\u00edncipe explica que se les han hecho \u00abmuy cortos\u00bb sus 10 a\u00f1os de matrimonio<\/a>\n<\/span><\/div>","aioseo_breadcrumb_json":[{"label":"Home","link":"https:\/\/eldigitaldeasturias.com\/magazine365"},{"label":"Noticias y Actualidad","link":"https:\/\/eldigitaldeasturias.com\/magazine365\/category\/noticias-actualidad\/"},{"label":"El Pr\u00edncipe explica que se les han hecho \u00abmuy cortos\u00bb sus 10 a\u00f1os de matrimonio","link":"https:\/\/eldigitaldeasturias.com\/magazine365\/el-principe-explica-que-se-les-han-hecho-muy-cortos-sus-10-anos-de-matrimonio\/"}],"_links":{"self":[{"href":"https:\/\/eldigitaldeasturias.com\/magazine365\/wp-json\/wp\/v2\/posts\/13678","targetHints":{"allow":["GET"]}}],"collection":[{"href":"https:\/\/eldigitaldeasturias.com\/magazine365\/wp-json\/wp\/v2\/posts"}],"about":[{"href":"https:\/\/eldigitaldeasturias.com\/magazine365\/wp-json\/wp\/v2\/types\/post"}],"author":[{"embeddable":true,"href":"https:\/\/eldigitaldeasturias.com\/magazine365\/wp-json\/wp\/v2\/users\/1"}],"replies":[{"embeddable":true,"href":"https:\/\/eldigitaldeasturias.com\/magazine365\/wp-json\/wp\/v2\/comments?post=13678"}],"version-history":[{"count":0,"href":"https:\/\/eldigitaldeasturias.com\/magazine365\/wp-json\/wp\/v2\/posts\/13678\/revisions"}],"wp:featuredmedia":[{"embeddable":true,"href":"https:\/\/eldigitaldeasturias.com\/magazine365\/wp-json\/wp\/v2\/media\/13679"}],"wp:attachment":[{"href":"https:\/\/eldigitaldeasturias.com\/magazine365\/wp-json\/wp\/v2\/media?parent=13678"}],"wp:term":[{"taxonomy":"category","embeddable":true,"href":"https:\/\/eldigitaldeasturias.com\/magazine365\/wp-json\/wp\/v2\/categories?post=13678"},{"taxonomy":"post_tag","embeddable":true,"href":"https:\/\/eldigitaldeasturias.com\/magazine365\/wp-json\/wp\/v2\/tags?post=13678"}],"curies":[{"name":"wp","href":"https:\/\/api.w.org\/{rel}","templated":true}]}}