{"id":13669,"date":"2014-05-22T22:23:12","date_gmt":"2014-05-23T00:23:12","guid":{"rendered":"http:\/\/eldigitaldeasturias.com\/magazine365\/?p=13669"},"modified":"2014-05-22T22:23:12","modified_gmt":"2014-05-23T00:23:12","slug":"calamaro-love-of-lesbian-e-ivan-ferreiro-en-el-festival-portamerica","status":"publish","type":"post","link":"https:\/\/eldigitaldeasturias.com\/magazine365\/calamaro-love-of-lesbian-e-ivan-ferreiro-en-el-festival-portamerica\/","title":{"rendered":"Calamaro, Love of Lesbian e Iv\u00e1n Ferreiro, en el Festival Portam\u00e9rica"},"content":{"rendered":"<p><img fetchpriority=\"high\" decoding=\"async\" class=\"alignleft size-medium wp-image-13670\" alt=\"6289971w\" src=\"https:\/\/eldigitaldeasturias.com\/magazine365\/wp-content\/uploads\/2014\/05\/6289971w-360x221.jpg\" width=\"360\" height=\"221\" srcset=\"https:\/\/eldigitaldeasturias.com\/magazine365\/wp-content\/uploads\/2014\/05\/6289971w-360x221.jpg 360w, https:\/\/eldigitaldeasturias.com\/magazine365\/wp-content\/uploads\/2014\/05\/6289971w-650x400.jpg 650w, https:\/\/eldigitaldeasturias.com\/magazine365\/wp-content\/uploads\/2014\/05\/6289971w-768x472.jpg 768w, https:\/\/eldigitaldeasturias.com\/magazine365\/wp-content\/uploads\/2014\/05\/6289971w-150x92.jpg 150w, https:\/\/eldigitaldeasturias.com\/magazine365\/wp-content\/uploads\/2014\/05\/6289971w-450x277.jpg 450w, https:\/\/eldigitaldeasturias.com\/magazine365\/wp-content\/uploads\/2014\/05\/6289971w-356x220.jpg 356w, https:\/\/eldigitaldeasturias.com\/magazine365\/wp-content\/uploads\/2014\/05\/6289971w-696x428.jpg 696w, https:\/\/eldigitaldeasturias.com\/magazine365\/wp-content\/uploads\/2014\/05\/6289971w-683x420.jpg 683w, https:\/\/eldigitaldeasturias.com\/magazine365\/wp-content\/uploads\/2014\/05\/6289971w.jpg 800w\" sizes=\"(max-width: 360px) 100vw, 360px\" \/>Pontevedra, 22 may (EFE).- El argentino Andr\u00e9s Calamaro, los catalanes Love of Lesbian y el gallego Iv\u00e1n Ferreiro son algunas de las \u00faltimas confirmaciones del cartel del festival PortAm\u00e9rica 2014, que tendr\u00e1 lugar los d\u00edas 17, 18 y 19 de julio en Porto do Molle (Nigr\u00e1n).<\/p>\n<p>La organizaci\u00f3n ya ha puesto a la venta las entradas, con precio de 25 euros por d\u00eda, y de los abonos, que salen a 45 euros por las tres jornadas de conciertos y cinco d\u00edas de acampada hasta agotar los 2.000 billetes.<\/p>\n<p>El certamen naci\u00f3 hace tres a\u00f1os con la idea de estrechar lazos culturales con Am\u00e9rica Latina y unir los dos lados del Atl\u00e1ntico en un festival de ideas y m\u00fasica en el que la gastronom\u00eda tiene tambi\u00e9n un papel importante.<\/p>\n<p>Con un presupuesto de 460.000 euros, la organizaci\u00f3n cuenta con el patrocinio de diversas empresas y la colaboraci\u00f3n de administraciones como la Diputaci\u00f3n de Pontevedra.<\/p>\n<p>Iv\u00e1n Ferreiro se subir\u00e1 al escenario instalado en el pol\u00edgono empresarial de Porto do Molle el 17 de julio y con una actuaci\u00f3n que rendir\u00e1 homenaje al grupo vigu\u00e9s Golpes Bajos, tras el reciente fallecimiento de uno de sus fundadores, Germ\u00e1n Coppini.<\/p>\n<p>Calamaro y Vetusta Morla compartir\u00e1n cartel el 18 de julio con grupos como Calle 13, Ni\u00f1os Mutantes o Mit\u00fa, entre otros, mientras que Love of Lesbian actuar\u00e1n en la jornada de clausura junto a formaciones de la talla de Nada Surf, The Sonics o El Columpio Asesino.<\/p>\n","protected":false},"excerpt":{"rendered":"<p>Pontevedra, 22 may (EFE).- El argentino Andr\u00e9s Calamaro, los catalanes Love of Lesbian y el gallego Iv\u00e1n Ferreiro son algunas de las \u00faltimas confirmaciones del cartel del festival PortAm\u00e9rica 2014, que tendr\u00e1 lugar los d\u00edas 17, 18 y 19 de julio en Porto do Molle (Nigr\u00e1n). La organizaci\u00f3n ya ha puesto a la venta las<\/p>\n","protected":false},"author":1,"featured_media":13670,"comment_status":"open","ping_status":"closed","sticky":false,"template":"","format":"standard","meta":{"footnotes":""},"categories":[224],"tags":[],"class_list":{"0":"post-13669","1":"post","2":"type-post","3":"status-publish","4":"format-standard","5":"has-post-thumbnail","7":"category-noticias-actualidad"},"aioseo_notices":[],"aioseo_head":"\n\t\t<!-- All in One SEO Pro 4.9.6.1 - aioseo.com -->\n\t<meta name=\"description\" content=\"Pontevedra, 22 may (EFE).- El argentino Andr\u00e9s Calamaro, los catalanes Love of Lesbian y el gallego Iv\u00e1n Ferreiro son algunas de las \u00faltimas confirmaciones del cartel del festival PortAm\u00e9rica 2014, que tendr\u00e1 lugar los d\u00edas 17, 18 y 19 de julio en Porto do Molle (Nigr\u00e1n). La organizaci\u00f3n ya ha puesto a la venta las\" \/>\n\t<meta name=\"robots\" content=\"max-image-preview:large\" \/>\n\t<meta name=\"author\" content=\"admin\"\/>\n\t<meta name=\"google-site-verification\" content=\"UA-38556648-1\" \/>\n\t<meta name=\"keywords\" content=\"noticias y actualidad\" \/>\n\t<link rel=\"canonical\" href=\"https:\/\/eldigitaldeasturias.com\/magazine365\/calamaro-love-of-lesbian-e-ivan-ferreiro-en-el-festival-portamerica\/\" \/>\n\t<meta name=\"generator\" content=\"All in One SEO Pro (AIOSEO) 4.9.6.1\" \/>\n\t\t<meta property=\"og:locale\" content=\"es_ES\" \/>\n\t\t<meta property=\"og:site_name\" content=\"El Digital de Asturias \u2013 Revista de ocio, turismo y estilo de vida\" \/>\n\t\t<meta property=\"og:type\" content=\"article\" \/>\n\t\t<meta property=\"og:title\" content=\"Calamaro, Love of Lesbian e Iv\u00e1n Ferreiro, en el Festival Portam\u00e9rica | El Digital de Asturias\" \/>\n\t\t<meta property=\"og:description\" content=\"Pontevedra, 22 may (EFE).- El argentino Andr\u00e9s Calamaro, los catalanes Love of Lesbian y el gallego Iv\u00e1n Ferreiro son algunas de las \u00faltimas confirmaciones del cartel del festival PortAm\u00e9rica 2014, que tendr\u00e1 lugar los d\u00edas 17, 18 y 19 de julio en Porto do Molle (Nigr\u00e1n). La organizaci\u00f3n ya ha puesto a la venta las\" \/>\n\t\t<meta property=\"og:url\" content=\"https:\/\/eldigitaldeasturias.com\/magazine365\/calamaro-love-of-lesbian-e-ivan-ferreiro-en-el-festival-portamerica\/\" \/>\n\t\t<meta property=\"og:image\" content=\"https:\/\/eldigitaldeasturias.com\/magazine365\/wp-content\/uploads\/2014\/05\/6289971w.jpg\" \/>\n\t\t<meta property=\"og:image:secure_url\" content=\"https:\/\/eldigitaldeasturias.com\/magazine365\/wp-content\/uploads\/2014\/05\/6289971w.jpg\" \/>\n\t\t<meta property=\"og:image:width\" content=\"800\" \/>\n\t\t<meta property=\"og:image:height\" content=\"492\" \/>\n\t\t<meta property=\"article:published_time\" content=\"2014-05-23T00:23:12+00:00\" \/>\n\t\t<meta property=\"article:modified_time\" content=\"2014-05-23T00:23:12+00:00\" \/>\n\t\t<meta name=\"twitter:card\" content=\"summary_large_image\" \/>\n\t\t<meta name=\"twitter:title\" content=\"Calamaro, Love of Lesbian e Iv\u00e1n Ferreiro, en el Festival Portam\u00e9rica | El Digital de Asturias\" \/>\n\t\t<meta name=\"twitter:description\" content=\"Pontevedra, 22 may (EFE).- El argentino Andr\u00e9s Calamaro, los catalanes Love of Lesbian y el gallego Iv\u00e1n Ferreiro son algunas de las \u00faltimas confirmaciones del cartel del festival PortAm\u00e9rica 2014, que tendr\u00e1 lugar los d\u00edas 17, 18 y 19 de julio en Porto do Molle (Nigr\u00e1n). La organizaci\u00f3n ya ha puesto a la venta las\" \/>\n\t\t<meta name=\"twitter:image\" content=\"https:\/\/eldigitaldeasturias.com\/magazine365\/wp-content\/uploads\/2014\/05\/6289971w.jpg\" \/>\n\t\t<script type=\"application\/ld+json\" class=\"aioseo-schema\">\n\t\t\t{\"@context\":\"https:\\\/\\\/schema.org\",\"@graph\":[{\"@type\":\"Article\",\"@id\":\"https:\\\/\\\/eldigitaldeasturias.com\\\/magazine365\\\/calamaro-love-of-lesbian-e-ivan-ferreiro-en-el-festival-portamerica\\\/#article\",\"name\":\"Calamaro, Love of Lesbian e Iv\\u00e1n Ferreiro, en el Festival Portam\\u00e9rica | El Digital de Asturias\",\"headline\":\"Calamaro, Love of Lesbian e Iv\\u00e1n Ferreiro, en el Festival Portam\\u00e9rica\",\"author\":{\"@id\":\"https:\\\/\\\/eldigitaldeasturias.com\\\/magazine365\\\/author\\\/admin\\\/#author\"},\"publisher\":{\"@id\":\"https:\\\/\\\/eldigitaldeasturias.com\\\/magazine365\\\/#organization\"},\"image\":{\"@type\":\"ImageObject\",\"url\":\"https:\\\/\\\/eldigitaldeasturias.com\\\/magazine365\\\/wp-content\\\/uploads\\\/2014\\\/05\\\/6289971w.jpg\",\"width\":800,\"height\":492},\"datePublished\":\"2014-05-22T22:23:12+02:00\",\"dateModified\":\"2014-05-22T22:23:12+02:00\",\"inLanguage\":\"es-ES\",\"mainEntityOfPage\":{\"@id\":\"https:\\\/\\\/eldigitaldeasturias.com\\\/magazine365\\\/calamaro-love-of-lesbian-e-ivan-ferreiro-en-el-festival-portamerica\\\/#webpage\"},\"isPartOf\":{\"@id\":\"https:\\\/\\\/eldigitaldeasturias.com\\\/magazine365\\\/calamaro-love-of-lesbian-e-ivan-ferreiro-en-el-festival-portamerica\\\/#webpage\"},\"articleSection\":\"Noticias y Actualidad\"},{\"@type\":\"BreadcrumbList\",\"@id\":\"https:\\\/\\\/eldigitaldeasturias.com\\\/magazine365\\\/calamaro-love-of-lesbian-e-ivan-ferreiro-en-el-festival-portamerica\\\/#breadcrumblist\",\"itemListElement\":[{\"@type\":\"ListItem\",\"@id\":\"https:\\\/\\\/eldigitaldeasturias.com\\\/magazine365#listItem\",\"position\":1,\"name\":\"Home\",\"item\":\"https:\\\/\\\/eldigitaldeasturias.com\\\/magazine365\",\"nextItem\":{\"@type\":\"ListItem\",\"@id\":\"https:\\\/\\\/eldigitaldeasturias.com\\\/magazine365\\\/category\\\/noticias-actualidad\\\/#listItem\",\"name\":\"Noticias y Actualidad\"}},{\"@type\":\"ListItem\",\"@id\":\"https:\\\/\\\/eldigitaldeasturias.com\\\/magazine365\\\/category\\\/noticias-actualidad\\\/#listItem\",\"position\":2,\"name\":\"Noticias y Actualidad\",\"item\":\"https:\\\/\\\/eldigitaldeasturias.com\\\/magazine365\\\/category\\\/noticias-actualidad\\\/\",\"nextItem\":{\"@type\":\"ListItem\",\"@id\":\"https:\\\/\\\/eldigitaldeasturias.com\\\/magazine365\\\/calamaro-love-of-lesbian-e-ivan-ferreiro-en-el-festival-portamerica\\\/#listItem\",\"name\":\"Calamaro, Love of Lesbian e Iv\\u00e1n Ferreiro, en el Festival Portam\\u00e9rica\"},\"previousItem\":{\"@type\":\"ListItem\",\"@id\":\"https:\\\/\\\/eldigitaldeasturias.com\\\/magazine365#listItem\",\"name\":\"Home\"}},{\"@type\":\"ListItem\",\"@id\":\"https:\\\/\\\/eldigitaldeasturias.com\\\/magazine365\\\/calamaro-love-of-lesbian-e-ivan-ferreiro-en-el-festival-portamerica\\\/#listItem\",\"position\":3,\"name\":\"Calamaro, Love of Lesbian e Iv\\u00e1n Ferreiro, en el Festival Portam\\u00e9rica\",\"previousItem\":{\"@type\":\"ListItem\",\"@id\":\"https:\\\/\\\/eldigitaldeasturias.com\\\/magazine365\\\/category\\\/noticias-actualidad\\\/#listItem\",\"name\":\"Noticias y Actualidad\"}}]},{\"@type\":\"Organization\",\"@id\":\"https:\\\/\\\/eldigitaldeasturias.com\\\/magazine365\\\/#organization\",\"name\":\"El digital de Asturias\",\"description\":\"Revista de ocio, turismo y estilo de vida\",\"url\":\"https:\\\/\\\/eldigitaldeasturias.com\\\/magazine365\\\/\",\"logo\":{\"@type\":\"ImageObject\",\"url\":\"https:\\\/\\\/www.eldigitaldeasturias.com\\\/noticias\\\/wp-content\\\/uploads\\\/2020\\\/12\\\/EDA.jpg\",\"@id\":\"https:\\\/\\\/eldigitaldeasturias.com\\\/magazine365\\\/calamaro-love-of-lesbian-e-ivan-ferreiro-en-el-festival-portamerica\\\/#organizationLogo\"},\"image\":{\"@id\":\"https:\\\/\\\/eldigitaldeasturias.com\\\/magazine365\\\/calamaro-love-of-lesbian-e-ivan-ferreiro-en-el-festival-portamerica\\\/#organizationLogo\"}},{\"@type\":\"Person\",\"@id\":\"https:\\\/\\\/eldigitaldeasturias.com\\\/magazine365\\\/author\\\/admin\\\/#author\",\"url\":\"https:\\\/\\\/eldigitaldeasturias.com\\\/magazine365\\\/author\\\/admin\\\/\",\"name\":\"admin\",\"image\":{\"@type\":\"ImageObject\",\"@id\":\"https:\\\/\\\/eldigitaldeasturias.com\\\/magazine365\\\/calamaro-love-of-lesbian-e-ivan-ferreiro-en-el-festival-portamerica\\\/#authorImage\",\"url\":\"https:\\\/\\\/eldigitaldeasturias.com\\\/magazine365\\\/wp-content\\\/litespeed\\\/avatar\\\/e571bcf59a0edd6fa6838245a470f2fe.jpg?ver=1776969259\",\"width\":96,\"height\":96,\"caption\":\"admin\"}},{\"@type\":\"WebPage\",\"@id\":\"https:\\\/\\\/eldigitaldeasturias.com\\\/magazine365\\\/calamaro-love-of-lesbian-e-ivan-ferreiro-en-el-festival-portamerica\\\/#webpage\",\"url\":\"https:\\\/\\\/eldigitaldeasturias.com\\\/magazine365\\\/calamaro-love-of-lesbian-e-ivan-ferreiro-en-el-festival-portamerica\\\/\",\"name\":\"Calamaro, Love of Lesbian e Iv\\u00e1n Ferreiro, en el Festival Portam\\u00e9rica | El Digital de Asturias\",\"description\":\"Pontevedra, 22 may (EFE).- El argentino Andr\\u00e9s Calamaro, los catalanes Love of Lesbian y el gallego Iv\\u00e1n Ferreiro son algunas de las \\u00faltimas confirmaciones del cartel del festival PortAm\\u00e9rica 2014, que tendr\\u00e1 lugar los d\\u00edas 17, 18 y 19 de julio en Porto do Molle (Nigr\\u00e1n). La organizaci\\u00f3n ya ha puesto a la venta las\",\"inLanguage\":\"es-ES\",\"isPartOf\":{\"@id\":\"https:\\\/\\\/eldigitaldeasturias.com\\\/magazine365\\\/#website\"},\"breadcrumb\":{\"@id\":\"https:\\\/\\\/eldigitaldeasturias.com\\\/magazine365\\\/calamaro-love-of-lesbian-e-ivan-ferreiro-en-el-festival-portamerica\\\/#breadcrumblist\"},\"author\":{\"@id\":\"https:\\\/\\\/eldigitaldeasturias.com\\\/magazine365\\\/author\\\/admin\\\/#author\"},\"creator\":{\"@id\":\"https:\\\/\\\/eldigitaldeasturias.com\\\/magazine365\\\/author\\\/admin\\\/#author\"},\"image\":{\"@type\":\"ImageObject\",\"url\":\"https:\\\/\\\/eldigitaldeasturias.com\\\/magazine365\\\/wp-content\\\/uploads\\\/2014\\\/05\\\/6289971w.jpg\",\"@id\":\"https:\\\/\\\/eldigitaldeasturias.com\\\/magazine365\\\/calamaro-love-of-lesbian-e-ivan-ferreiro-en-el-festival-portamerica\\\/#mainImage\",\"width\":800,\"height\":492},\"primaryImageOfPage\":{\"@id\":\"https:\\\/\\\/eldigitaldeasturias.com\\\/magazine365\\\/calamaro-love-of-lesbian-e-ivan-ferreiro-en-el-festival-portamerica\\\/#mainImage\"},\"datePublished\":\"2014-05-22T22:23:12+02:00\",\"dateModified\":\"2014-05-22T22:23:12+02:00\"},{\"@type\":\"WebSite\",\"@id\":\"https:\\\/\\\/eldigitaldeasturias.com\\\/magazine365\\\/#website\",\"url\":\"https:\\\/\\\/eldigitaldeasturias.com\\\/magazine365\\\/\",\"name\":\"El Digital de Asturias\",\"description\":\"Revista de ocio, turismo y estilo de vida\",\"inLanguage\":\"es-ES\",\"publisher\":{\"@id\":\"https:\\\/\\\/eldigitaldeasturias.com\\\/magazine365\\\/#organization\"}}]}\n\t\t<\/script>\n\t\t<!-- All in One SEO Pro -->\r\n\t\t<title>Calamaro, Love of Lesbian e Iv\u00e1n Ferreiro, en el Festival Portam\u00e9rica | El Digital de Asturias<\/title>\n\n","aioseo_head_json":{"title":"Calamaro, Love of Lesbian e Iv\u00e1n Ferreiro, en el Festival Portam\u00e9rica | El Digital de Asturias","description":"Pontevedra, 22 may (EFE).- El argentino Andr\u00e9s Calamaro, los catalanes Love of Lesbian y el gallego Iv\u00e1n Ferreiro son algunas de las \u00faltimas confirmaciones del cartel del festival PortAm\u00e9rica 2014, que tendr\u00e1 lugar los d\u00edas 17, 18 y 19 de julio en Porto do Molle (Nigr\u00e1n). La organizaci\u00f3n ya ha puesto a la venta las","canonical_url":"https:\/\/eldigitaldeasturias.com\/magazine365\/calamaro-love-of-lesbian-e-ivan-ferreiro-en-el-festival-portamerica\/","robots":"max-image-preview:large","keywords":"noticias y actualidad","webmasterTools":{"google-site-verification":"UA-38556648-1","miscellaneous":""},"schema":{"@context":"https:\/\/schema.org","@graph":[{"@type":"Article","@id":"https:\/\/eldigitaldeasturias.com\/magazine365\/calamaro-love-of-lesbian-e-ivan-ferreiro-en-el-festival-portamerica\/#article","name":"Calamaro, Love of Lesbian e Iv\u00e1n Ferreiro, en el Festival Portam\u00e9rica | El Digital de Asturias","headline":"Calamaro, Love of Lesbian e Iv\u00e1n Ferreiro, en el Festival Portam\u00e9rica","author":{"@id":"https:\/\/eldigitaldeasturias.com\/magazine365\/author\/admin\/#author"},"publisher":{"@id":"https:\/\/eldigitaldeasturias.com\/magazine365\/#organization"},"image":{"@type":"ImageObject","url":"https:\/\/eldigitaldeasturias.com\/magazine365\/wp-content\/uploads\/2014\/05\/6289971w.jpg","width":800,"height":492},"datePublished":"2014-05-22T22:23:12+02:00","dateModified":"2014-05-22T22:23:12+02:00","inLanguage":"es-ES","mainEntityOfPage":{"@id":"https:\/\/eldigitaldeasturias.com\/magazine365\/calamaro-love-of-lesbian-e-ivan-ferreiro-en-el-festival-portamerica\/#webpage"},"isPartOf":{"@id":"https:\/\/eldigitaldeasturias.com\/magazine365\/calamaro-love-of-lesbian-e-ivan-ferreiro-en-el-festival-portamerica\/#webpage"},"articleSection":"Noticias y Actualidad"},{"@type":"BreadcrumbList","@id":"https:\/\/eldigitaldeasturias.com\/magazine365\/calamaro-love-of-lesbian-e-ivan-ferreiro-en-el-festival-portamerica\/#breadcrumblist","itemListElement":[{"@type":"ListItem","@id":"https:\/\/eldigitaldeasturias.com\/magazine365#listItem","position":1,"name":"Home","item":"https:\/\/eldigitaldeasturias.com\/magazine365","nextItem":{"@type":"ListItem","@id":"https:\/\/eldigitaldeasturias.com\/magazine365\/category\/noticias-actualidad\/#listItem","name":"Noticias y Actualidad"}},{"@type":"ListItem","@id":"https:\/\/eldigitaldeasturias.com\/magazine365\/category\/noticias-actualidad\/#listItem","position":2,"name":"Noticias y Actualidad","item":"https:\/\/eldigitaldeasturias.com\/magazine365\/category\/noticias-actualidad\/","nextItem":{"@type":"ListItem","@id":"https:\/\/eldigitaldeasturias.com\/magazine365\/calamaro-love-of-lesbian-e-ivan-ferreiro-en-el-festival-portamerica\/#listItem","name":"Calamaro, Love of Lesbian e Iv\u00e1n Ferreiro, en el Festival Portam\u00e9rica"},"previousItem":{"@type":"ListItem","@id":"https:\/\/eldigitaldeasturias.com\/magazine365#listItem","name":"Home"}},{"@type":"ListItem","@id":"https:\/\/eldigitaldeasturias.com\/magazine365\/calamaro-love-of-lesbian-e-ivan-ferreiro-en-el-festival-portamerica\/#listItem","position":3,"name":"Calamaro, Love of Lesbian e Iv\u00e1n Ferreiro, en el Festival Portam\u00e9rica","previousItem":{"@type":"ListItem","@id":"https:\/\/eldigitaldeasturias.com\/magazine365\/category\/noticias-actualidad\/#listItem","name":"Noticias y Actualidad"}}]},{"@type":"Organization","@id":"https:\/\/eldigitaldeasturias.com\/magazine365\/#organization","name":"El digital de Asturias","description":"Revista de ocio, turismo y estilo de vida","url":"https:\/\/eldigitaldeasturias.com\/magazine365\/","logo":{"@type":"ImageObject","url":"https:\/\/www.eldigitaldeasturias.com\/noticias\/wp-content\/uploads\/2020\/12\/EDA.jpg","@id":"https:\/\/eldigitaldeasturias.com\/magazine365\/calamaro-love-of-lesbian-e-ivan-ferreiro-en-el-festival-portamerica\/#organizationLogo"},"image":{"@id":"https:\/\/eldigitaldeasturias.com\/magazine365\/calamaro-love-of-lesbian-e-ivan-ferreiro-en-el-festival-portamerica\/#organizationLogo"}},{"@type":"Person","@id":"https:\/\/eldigitaldeasturias.com\/magazine365\/author\/admin\/#author","url":"https:\/\/eldigitaldeasturias.com\/magazine365\/author\/admin\/","name":"admin","image":{"@type":"ImageObject","@id":"https:\/\/eldigitaldeasturias.com\/magazine365\/calamaro-love-of-lesbian-e-ivan-ferreiro-en-el-festival-portamerica\/#authorImage","url":"https:\/\/eldigitaldeasturias.com\/magazine365\/wp-content\/litespeed\/avatar\/e571bcf59a0edd6fa6838245a470f2fe.jpg?ver=1776969259","width":96,"height":96,"caption":"admin"}},{"@type":"WebPage","@id":"https:\/\/eldigitaldeasturias.com\/magazine365\/calamaro-love-of-lesbian-e-ivan-ferreiro-en-el-festival-portamerica\/#webpage","url":"https:\/\/eldigitaldeasturias.com\/magazine365\/calamaro-love-of-lesbian-e-ivan-ferreiro-en-el-festival-portamerica\/","name":"Calamaro, Love of Lesbian e Iv\u00e1n Ferreiro, en el Festival Portam\u00e9rica | El Digital de Asturias","description":"Pontevedra, 22 may (EFE).- El argentino Andr\u00e9s Calamaro, los catalanes Love of Lesbian y el gallego Iv\u00e1n Ferreiro son algunas de las \u00faltimas confirmaciones del cartel del festival PortAm\u00e9rica 2014, que tendr\u00e1 lugar los d\u00edas 17, 18 y 19 de julio en Porto do Molle (Nigr\u00e1n). La organizaci\u00f3n ya ha puesto a la venta las","inLanguage":"es-ES","isPartOf":{"@id":"https:\/\/eldigitaldeasturias.com\/magazine365\/#website"},"breadcrumb":{"@id":"https:\/\/eldigitaldeasturias.com\/magazine365\/calamaro-love-of-lesbian-e-ivan-ferreiro-en-el-festival-portamerica\/#breadcrumblist"},"author":{"@id":"https:\/\/eldigitaldeasturias.com\/magazine365\/author\/admin\/#author"},"creator":{"@id":"https:\/\/eldigitaldeasturias.com\/magazine365\/author\/admin\/#author"},"image":{"@type":"ImageObject","url":"https:\/\/eldigitaldeasturias.com\/magazine365\/wp-content\/uploads\/2014\/05\/6289971w.jpg","@id":"https:\/\/eldigitaldeasturias.com\/magazine365\/calamaro-love-of-lesbian-e-ivan-ferreiro-en-el-festival-portamerica\/#mainImage","width":800,"height":492},"primaryImageOfPage":{"@id":"https:\/\/eldigitaldeasturias.com\/magazine365\/calamaro-love-of-lesbian-e-ivan-ferreiro-en-el-festival-portamerica\/#mainImage"},"datePublished":"2014-05-22T22:23:12+02:00","dateModified":"2014-05-22T22:23:12+02:00"},{"@type":"WebSite","@id":"https:\/\/eldigitaldeasturias.com\/magazine365\/#website","url":"https:\/\/eldigitaldeasturias.com\/magazine365\/","name":"El Digital de Asturias","description":"Revista de ocio, turismo y estilo de vida","inLanguage":"es-ES","publisher":{"@id":"https:\/\/eldigitaldeasturias.com\/magazine365\/#organization"}}]},"og:locale":"es_ES","og:site_name":"El Digital de Asturias \u2013 Revista de ocio, turismo y estilo de vida","og:type":"article","og:title":"Calamaro, Love of Lesbian e Iv\u00e1n Ferreiro, en el Festival Portam\u00e9rica | El Digital de Asturias","og:description":"Pontevedra, 22 may (EFE).- El argentino Andr\u00e9s Calamaro, los catalanes Love of Lesbian y el gallego Iv\u00e1n Ferreiro son algunas de las \u00faltimas confirmaciones del cartel del festival PortAm\u00e9rica 2014, que tendr\u00e1 lugar los d\u00edas 17, 18 y 19 de julio en Porto do Molle (Nigr\u00e1n). La organizaci\u00f3n ya ha puesto a la venta las","og:url":"https:\/\/eldigitaldeasturias.com\/magazine365\/calamaro-love-of-lesbian-e-ivan-ferreiro-en-el-festival-portamerica\/","og:image":"https:\/\/eldigitaldeasturias.com\/magazine365\/wp-content\/uploads\/2014\/05\/6289971w.jpg","og:image:secure_url":"https:\/\/eldigitaldeasturias.com\/magazine365\/wp-content\/uploads\/2014\/05\/6289971w.jpg","og:image:width":800,"og:image:height":492,"article:published_time":"2014-05-23T00:23:12+00:00","article:modified_time":"2014-05-23T00:23:12+00:00","twitter:card":"summary_large_image","twitter:title":"Calamaro, Love of Lesbian e Iv\u00e1n Ferreiro, en el Festival Portam\u00e9rica | El Digital de Asturias","twitter:description":"Pontevedra, 22 may (EFE).- El argentino Andr\u00e9s Calamaro, los catalanes Love of Lesbian y el gallego Iv\u00e1n Ferreiro son algunas de las \u00faltimas confirmaciones del cartel del festival PortAm\u00e9rica 2014, que tendr\u00e1 lugar los d\u00edas 17, 18 y 19 de julio en Porto do Molle (Nigr\u00e1n). La organizaci\u00f3n ya ha puesto a la venta las","twitter:image":"https:\/\/eldigitaldeasturias.com\/magazine365\/wp-content\/uploads\/2014\/05\/6289971w.jpg"},"aioseo_meta_data":{"post_id":"13669","title":null,"description":null,"keywords":null,"keyphrases":null,"primary_term":null,"canonical_url":null,"og_title":null,"og_description":null,"og_object_type":"default","og_image_type":"default","og_image_url":null,"og_image_width":null,"og_image_height":null,"og_image_custom_url":null,"og_image_custom_fields":null,"og_video":null,"og_custom_url":null,"og_article_section":null,"og_article_tags":null,"twitter_use_og":false,"twitter_card":"default","twitter_image_type":"default","twitter_image_url":null,"twitter_image_custom_url":null,"twitter_image_custom_fields":null,"twitter_title":null,"twitter_description":null,"schema":{"blockGraphs":[],"customGraphs":[],"default":{"data":{"Article":[],"Course":[],"Dataset":[],"FAQPage":[],"Movie":[],"Person":[],"Product":[],"ProductReview":[],"Car":[],"Recipe":[],"Service":[],"SoftwareApplication":[],"WebPage":[]},"graphName":"","isEnabled":true},"graphs":[],"defaultGraph":"","defaultPostTypeGraph":""},"schema_type":null,"schema_type_options":null,"pillar_content":false,"robots_default":true,"robots_noindex":false,"robots_noarchive":false,"robots_nosnippet":false,"robots_nofollow":false,"robots_noimageindex":false,"robots_noodp":false,"robots_notranslate":false,"robots_max_snippet":null,"robots_max_videopreview":null,"robots_max_imagepreview":"large","priority":null,"frequency":null,"location":null,"local_seo":null,"seo_analyzer_scan_date":"2025-09-17 08:42:13","breadcrumb_settings":null,"limit_modified_date":false,"open_ai":null,"ai":null,"created":"2021-03-09 08:25:41","updated":"2025-09-17 08:42:13"},"aioseo_breadcrumb":"<div class=\"aioseo-breadcrumbs\"><span class=\"aioseo-breadcrumb\">\n\t<a href=\"https:\/\/eldigitaldeasturias.com\/magazine365\" title=\"Home\">Home<\/a>\n<\/span><span class=\"aioseo-breadcrumb-separator\">\u2013<\/span><span class=\"aioseo-breadcrumb\">\n\t<a href=\"https:\/\/eldigitaldeasturias.com\/magazine365\/category\/noticias-actualidad\/\" title=\"Noticias y Actualidad\">Noticias y Actualidad<\/a>\n<\/span><span class=\"aioseo-breadcrumb-separator\">\u2013<\/span><span class=\"aioseo-breadcrumb\">\n\t<a href=\"https:\/\/eldigitaldeasturias.com\/magazine365\/calamaro-love-of-lesbian-e-ivan-ferreiro-en-el-festival-portamerica\/\" title=\"Calamaro, Love of Lesbian e Iv\u00e1n Ferreiro, en el Festival Portam\u00e9rica\">Calamaro, Love of Lesbian e Iv\u00e1n Ferreiro, en el Festival Portam\u00e9rica<\/a>\n<\/span><\/div>","aioseo_breadcrumb_json":[{"label":"Home","link":"https:\/\/eldigitaldeasturias.com\/magazine365"},{"label":"Noticias y Actualidad","link":"https:\/\/eldigitaldeasturias.com\/magazine365\/category\/noticias-actualidad\/"},{"label":"Calamaro, Love of Lesbian e Iv\u00e1n Ferreiro, en el Festival Portam\u00e9rica","link":"https:\/\/eldigitaldeasturias.com\/magazine365\/calamaro-love-of-lesbian-e-ivan-ferreiro-en-el-festival-portamerica\/"}],"_links":{"self":[{"href":"https:\/\/eldigitaldeasturias.com\/magazine365\/wp-json\/wp\/v2\/posts\/13669","targetHints":{"allow":["GET"]}}],"collection":[{"href":"https:\/\/eldigitaldeasturias.com\/magazine365\/wp-json\/wp\/v2\/posts"}],"about":[{"href":"https:\/\/eldigitaldeasturias.com\/magazine365\/wp-json\/wp\/v2\/types\/post"}],"author":[{"embeddable":true,"href":"https:\/\/eldigitaldeasturias.com\/magazine365\/wp-json\/wp\/v2\/users\/1"}],"replies":[{"embeddable":true,"href":"https:\/\/eldigitaldeasturias.com\/magazine365\/wp-json\/wp\/v2\/comments?post=13669"}],"version-history":[{"count":0,"href":"https:\/\/eldigitaldeasturias.com\/magazine365\/wp-json\/wp\/v2\/posts\/13669\/revisions"}],"wp:featuredmedia":[{"embeddable":true,"href":"https:\/\/eldigitaldeasturias.com\/magazine365\/wp-json\/wp\/v2\/media\/13670"}],"wp:attachment":[{"href":"https:\/\/eldigitaldeasturias.com\/magazine365\/wp-json\/wp\/v2\/media?parent=13669"}],"wp:term":[{"taxonomy":"category","embeddable":true,"href":"https:\/\/eldigitaldeasturias.com\/magazine365\/wp-json\/wp\/v2\/categories?post=13669"},{"taxonomy":"post_tag","embeddable":true,"href":"https:\/\/eldigitaldeasturias.com\/magazine365\/wp-json\/wp\/v2\/tags?post=13669"}],"curies":[{"name":"wp","href":"https:\/\/api.w.org\/{rel}","templated":true}]}}