{"id":13663,"date":"2014-05-22T22:18:55","date_gmt":"2014-05-23T00:18:55","guid":{"rendered":"http:\/\/eldigitaldeasturias.com\/magazine365\/?p=13663"},"modified":"2014-05-22T22:18:55","modified_gmt":"2014-05-23T00:18:55","slug":"xavier-dolan-el-mas-joven-de-cannes-impresiona-con-un-film-moderno-e-intenso","status":"publish","type":"post","link":"https:\/\/eldigitaldeasturias.com\/magazine365\/xavier-dolan-el-mas-joven-de-cannes-impresiona-con-un-film-moderno-e-intenso\/","title":{"rendered":"Xavier Dolan, el m\u00e1s joven de Cannes, impresiona con un film moderno e intenso"},"content":{"rendered":"<p><img fetchpriority=\"high\" decoding=\"async\" class=\"alignleft size-medium wp-image-13664\" alt=\"6289465w\" src=\"https:\/\/eldigitaldeasturias.com\/magazine365\/wp-content\/uploads\/2014\/05\/6289465w-360x224.jpg\" width=\"360\" height=\"224\" srcset=\"https:\/\/eldigitaldeasturias.com\/magazine365\/wp-content\/uploads\/2014\/05\/6289465w-360x224.jpg 360w, https:\/\/eldigitaldeasturias.com\/magazine365\/wp-content\/uploads\/2014\/05\/6289465w-650x405.jpg 650w, https:\/\/eldigitaldeasturias.com\/magazine365\/wp-content\/uploads\/2014\/05\/6289465w-768x478.jpg 768w, https:\/\/eldigitaldeasturias.com\/magazine365\/wp-content\/uploads\/2014\/05\/6289465w-150x93.jpg 150w, https:\/\/eldigitaldeasturias.com\/magazine365\/wp-content\/uploads\/2014\/05\/6289465w-450x280.jpg 450w, https:\/\/eldigitaldeasturias.com\/magazine365\/wp-content\/uploads\/2014\/05\/6289465w-696x433.jpg 696w, https:\/\/eldigitaldeasturias.com\/magazine365\/wp-content\/uploads\/2014\/05\/6289465w-675x420.jpg 675w, https:\/\/eldigitaldeasturias.com\/magazine365\/wp-content\/uploads\/2014\/05\/6289465w-279x173.jpg 279w, https:\/\/eldigitaldeasturias.com\/magazine365\/wp-content\/uploads\/2014\/05\/6289465w-480x300.jpg 480w, https:\/\/eldigitaldeasturias.com\/magazine365\/wp-content\/uploads\/2014\/05\/6289465w.jpg 800w\" sizes=\"(max-width: 360px) 100vw, 360px\" \/>Cannes (Francia), 22 may (EFE).- Es el m\u00e1s joven de la competici\u00f3n oficial de Cannes con 25 a\u00f1os y con su quinta pel\u00edcula, \u00abMommy\u00bb, el canadiense Xavier Dolan impresion\u00f3 con su forma moderna, intensa y a la vez fresca de contar la relaci\u00f3n de una madre y su problem\u00e1tico hijo adolescente.<\/p>\n<p>Realizador, guionista, productor, montador y responsable del vestuario, Dolan justifica su tremenda energ\u00eda en su pasi\u00f3n por el cine. \u00abNo siento que tenga que hacer un filme cada a\u00f1o. Es una necesidad. Es mi forma de expresarme\u00bb, afirm\u00f3 hoy Dolan en una rueda de prensa tras la primera y ovacionada proyecci\u00f3n del filme.<\/p>\n<p>Una historia que es una especie de terapia cinco a\u00f1os despu\u00e9s de \u00abYo mat\u00e9 a mi madre\u00bb, su \u00f3pera prima y con la que en aquel momento quer\u00eda castigar a su madre con la que ten\u00eda una relaci\u00f3n problem\u00e1tica. Ahora, con \u00abMommy\u00bb da un punto de vista diferente y resalta el amor materno filial por encima de cualquier cosa.<\/p>\n<p>Dolan reconoce que la figura de la madre est\u00e1 siempre en el punto de partida de sus pel\u00edculas. \u00abHe crecido en una familia monoparental, con mi madre. La he visto lograr muchas cosas y perder otras\u00bb y eso est\u00e1 presente en el filme.<\/p>\n<p>\u00abMommy\u00bb cuenta la historia de Diane (interpretada por Anne Dorval), una viuda que cr\u00eda sola a su hijo Steve (Antoine-Olivier Pilon), que padece trastorno por d\u00e9ficit de atenci\u00f3n e hiperactividad con momentos de comportamiento muy agresivo.<\/p>\n<p>Tras salir de un centro en el que ha estado internado, la madre y el hijo se mudan de vecindario y conocen a una mujer que entrar\u00e1 a formar parte de ese peque\u00f1o mundo que ellos han creado.<\/p>\n<p>Un espacio limitado y agobiante para el que el director eligi\u00f3 un formato cuadrado de pantalla, que solo en puntuales momentos de la historia, en los que la luz entra en la relaci\u00f3n, pasa a pantalla panor\u00e1mica.<\/p>\n<p>Su objetivo es que \u00abla mirada del espectador quedara de alguna forma prisionera en la mirada del personaje\u00bb, que tuviera obligatoriamente que observarle, explic\u00f3 Dolan.<\/p>\n<p>Una historia que surgi\u00f3 de un hecho real que sobrecogi\u00f3 al director, el de una madre que abandon\u00f3 a su violento hijo de siete a\u00f1os ante su incapacidad para cuidarlo.<\/p>\n<p>Y para contar esta historia, Dolan consider\u00f3 que lo mejor era volver a las calles de Quebec donde transcurri\u00f3 su infancia y donde todo le era familiar. Es \u00abmenos desestabilizador\u00bb rodar en un lugar conocido, agreg\u00f3.<\/p>\n<p>Sobre sus m\u00faltiples facetas y su incesante trabajo, precis\u00f3: \u00absoy joven pero siempre me pregunto cu\u00e1nto tiempo me queda para crear. As\u00ed que es mejor hacerlo ahora\u00bb.<\/p>\n<p>Y lo hace realizando m\u00faltiples tareas en sus filmes. Se ocupa del montaje -\u00abcuando creo el filme ya lo tengo montado en mi cabeza\u00bb-; del vestuario -\u00aba menudo se descuida cuando es lo primero que ve el espectador\u00bb-, o la m\u00fasica, que en el caso de \u00abMommy\u00bb es \u00abel alma\u00bb de la pel\u00edcula y un aspecto en el que tambi\u00e9n ha colaborado mucho.<\/p>\n<p>Con un preciosista aspecto formal protagonizado por una luminosidad que contrasta con la problem\u00e1tica relaci\u00f3n de los protagonistas, Dolan construye una historia sensible y muy compleja para un realizador de su edad.<\/p>\n<p>\u00abIdealmente no me gustar\u00eda poner l\u00edmites basados en mi edad (&#8230;) No pienso en m\u00ed mismo como alguien muy joven, sino como alguien que no es mayor\u00bb, dijo el canadiense, que record\u00f3 que empez\u00f3 como actor a los cuatro a\u00f1os y siempre le gust\u00f3 observar c\u00f3mo trabajaban los realizadores y aprender de ellos.<\/p>\n<p>Y ante las preguntas de los periodistas sobre lograr la Palma de Oro de Cannes, se\u00f1al\u00f3 que ser\u00eda una victoria internacional, no de una provincia o un pa\u00eds.<\/p>\n<p>Pero sobre todo, ser\u00eda \u00abun extraordinario mensaje a la gente de mi edad, a mi generaci\u00f3n, un mensaje de esperanza y una forma de demostrar que la gente puede expresarse sin tener en cuenta su edad\u00bb.<\/p>\n<p>Pase lo que pase, lo que tiene claro es que en oto\u00f1o volver\u00e1 a estudiar, \u00abpara estar con gente de mi edad y, con suerte, besarles un poco\u00bb.<\/p>\n<p>&nbsp;<\/p>\n<p>Por Alicia Garc\u00eda de Francisco.<\/p>\n","protected":false},"excerpt":{"rendered":"<p>Cannes (Francia), 22 may (EFE).- Es el m\u00e1s joven de la competici\u00f3n oficial de Cannes con 25 a\u00f1os y con su quinta pel\u00edcula, \u00abMommy\u00bb, el canadiense Xavier Dolan impresion\u00f3 con su forma moderna, intensa y a la vez fresca de contar la relaci\u00f3n de una madre y su problem\u00e1tico hijo adolescente. Realizador, guionista, productor, montador<\/p>\n","protected":false},"author":1,"featured_media":13664,"comment_status":"open","ping_status":"closed","sticky":false,"template":"","format":"standard","meta":{"footnotes":""},"categories":[224],"tags":[],"class_list":{"0":"post-13663","1":"post","2":"type-post","3":"status-publish","4":"format-standard","5":"has-post-thumbnail","7":"category-noticias-actualidad"},"aioseo_notices":[],"aioseo_head":"\n\t\t<!-- All in One SEO Pro 4.9.6.1 - aioseo.com -->\n\t<meta name=\"description\" content=\"Cannes (Francia), 22 may (EFE).- Es el m\u00e1s joven de la competici\u00f3n oficial de Cannes con 25 a\u00f1os y con su quinta pel\u00edcula, &quot;Mommy&quot;, el canadiense Xavier Dolan impresion\u00f3 con su forma moderna, intensa y a la vez fresca de contar la relaci\u00f3n de una madre y su problem\u00e1tico hijo adolescente. Realizador, guionista, productor, montador\" \/>\n\t<meta name=\"robots\" content=\"max-image-preview:large\" \/>\n\t<meta name=\"author\" content=\"admin\"\/>\n\t<meta name=\"google-site-verification\" content=\"UA-38556648-1\" \/>\n\t<meta name=\"keywords\" content=\"noticias y actualidad\" \/>\n\t<link rel=\"canonical\" href=\"https:\/\/eldigitaldeasturias.com\/magazine365\/xavier-dolan-el-mas-joven-de-cannes-impresiona-con-un-film-moderno-e-intenso\/\" \/>\n\t<meta name=\"generator\" content=\"All in One SEO Pro (AIOSEO) 4.9.6.1\" \/>\n\t\t<meta property=\"og:locale\" content=\"es_ES\" \/>\n\t\t<meta property=\"og:site_name\" content=\"El Digital de Asturias \u2013 Revista de ocio, turismo y estilo de vida\" \/>\n\t\t<meta property=\"og:type\" content=\"article\" \/>\n\t\t<meta property=\"og:title\" content=\"Xavier Dolan, el m\u00e1s joven de Cannes, impresiona con un film moderno e intenso | El Digital de Asturias\" \/>\n\t\t<meta property=\"og:description\" content=\"Cannes (Francia), 22 may (EFE).- Es el m\u00e1s joven de la competici\u00f3n oficial de Cannes con 25 a\u00f1os y con su quinta pel\u00edcula, &quot;Mommy&quot;, el canadiense Xavier Dolan impresion\u00f3 con su forma moderna, intensa y a la vez fresca de contar la relaci\u00f3n de una madre y su problem\u00e1tico hijo adolescente. Realizador, guionista, productor, montador\" \/>\n\t\t<meta property=\"og:url\" content=\"https:\/\/eldigitaldeasturias.com\/magazine365\/xavier-dolan-el-mas-joven-de-cannes-impresiona-con-un-film-moderno-e-intenso\/\" \/>\n\t\t<meta property=\"og:image\" content=\"https:\/\/eldigitaldeasturias.com\/magazine365\/wp-content\/uploads\/2014\/05\/6289465w.jpg\" \/>\n\t\t<meta property=\"og:image:secure_url\" content=\"https:\/\/eldigitaldeasturias.com\/magazine365\/wp-content\/uploads\/2014\/05\/6289465w.jpg\" \/>\n\t\t<meta property=\"og:image:width\" content=\"800\" \/>\n\t\t<meta property=\"og:image:height\" content=\"498\" \/>\n\t\t<meta property=\"article:published_time\" content=\"2014-05-23T00:18:55+00:00\" \/>\n\t\t<meta property=\"article:modified_time\" content=\"2014-05-23T00:18:55+00:00\" \/>\n\t\t<meta name=\"twitter:card\" content=\"summary_large_image\" \/>\n\t\t<meta name=\"twitter:title\" content=\"Xavier Dolan, el m\u00e1s joven de Cannes, impresiona con un film moderno e intenso | El Digital de Asturias\" \/>\n\t\t<meta name=\"twitter:description\" content=\"Cannes (Francia), 22 may (EFE).- Es el m\u00e1s joven de la competici\u00f3n oficial de Cannes con 25 a\u00f1os y con su quinta pel\u00edcula, &quot;Mommy&quot;, el canadiense Xavier Dolan impresion\u00f3 con su forma moderna, intensa y a la vez fresca de contar la relaci\u00f3n de una madre y su problem\u00e1tico hijo adolescente. Realizador, guionista, productor, montador\" \/>\n\t\t<meta name=\"twitter:image\" content=\"https:\/\/eldigitaldeasturias.com\/magazine365\/wp-content\/uploads\/2014\/05\/6289465w.jpg\" \/>\n\t\t<script type=\"application\/ld+json\" class=\"aioseo-schema\">\n\t\t\t{\"@context\":\"https:\\\/\\\/schema.org\",\"@graph\":[{\"@type\":\"Article\",\"@id\":\"https:\\\/\\\/eldigitaldeasturias.com\\\/magazine365\\\/xavier-dolan-el-mas-joven-de-cannes-impresiona-con-un-film-moderno-e-intenso\\\/#article\",\"name\":\"Xavier Dolan, el m\\u00e1s joven de Cannes, impresiona con un film moderno e intenso | El Digital de Asturias\",\"headline\":\"Xavier Dolan, el m\\u00e1s joven de Cannes, impresiona con un film moderno e intenso\",\"author\":{\"@id\":\"https:\\\/\\\/eldigitaldeasturias.com\\\/magazine365\\\/author\\\/admin\\\/#author\"},\"publisher\":{\"@id\":\"https:\\\/\\\/eldigitaldeasturias.com\\\/magazine365\\\/#organization\"},\"image\":{\"@type\":\"ImageObject\",\"url\":\"https:\\\/\\\/eldigitaldeasturias.com\\\/magazine365\\\/wp-content\\\/uploads\\\/2014\\\/05\\\/6289465w.jpg\",\"width\":800,\"height\":498},\"datePublished\":\"2014-05-22T22:18:55+02:00\",\"dateModified\":\"2014-05-22T22:18:55+02:00\",\"inLanguage\":\"es-ES\",\"mainEntityOfPage\":{\"@id\":\"https:\\\/\\\/eldigitaldeasturias.com\\\/magazine365\\\/xavier-dolan-el-mas-joven-de-cannes-impresiona-con-un-film-moderno-e-intenso\\\/#webpage\"},\"isPartOf\":{\"@id\":\"https:\\\/\\\/eldigitaldeasturias.com\\\/magazine365\\\/xavier-dolan-el-mas-joven-de-cannes-impresiona-con-un-film-moderno-e-intenso\\\/#webpage\"},\"articleSection\":\"Noticias y Actualidad\"},{\"@type\":\"BreadcrumbList\",\"@id\":\"https:\\\/\\\/eldigitaldeasturias.com\\\/magazine365\\\/xavier-dolan-el-mas-joven-de-cannes-impresiona-con-un-film-moderno-e-intenso\\\/#breadcrumblist\",\"itemListElement\":[{\"@type\":\"ListItem\",\"@id\":\"https:\\\/\\\/eldigitaldeasturias.com\\\/magazine365#listItem\",\"position\":1,\"name\":\"Home\",\"item\":\"https:\\\/\\\/eldigitaldeasturias.com\\\/magazine365\",\"nextItem\":{\"@type\":\"ListItem\",\"@id\":\"https:\\\/\\\/eldigitaldeasturias.com\\\/magazine365\\\/category\\\/noticias-actualidad\\\/#listItem\",\"name\":\"Noticias y Actualidad\"}},{\"@type\":\"ListItem\",\"@id\":\"https:\\\/\\\/eldigitaldeasturias.com\\\/magazine365\\\/category\\\/noticias-actualidad\\\/#listItem\",\"position\":2,\"name\":\"Noticias y Actualidad\",\"item\":\"https:\\\/\\\/eldigitaldeasturias.com\\\/magazine365\\\/category\\\/noticias-actualidad\\\/\",\"nextItem\":{\"@type\":\"ListItem\",\"@id\":\"https:\\\/\\\/eldigitaldeasturias.com\\\/magazine365\\\/xavier-dolan-el-mas-joven-de-cannes-impresiona-con-un-film-moderno-e-intenso\\\/#listItem\",\"name\":\"Xavier Dolan, el m\\u00e1s joven de Cannes, impresiona con un film moderno e intenso\"},\"previousItem\":{\"@type\":\"ListItem\",\"@id\":\"https:\\\/\\\/eldigitaldeasturias.com\\\/magazine365#listItem\",\"name\":\"Home\"}},{\"@type\":\"ListItem\",\"@id\":\"https:\\\/\\\/eldigitaldeasturias.com\\\/magazine365\\\/xavier-dolan-el-mas-joven-de-cannes-impresiona-con-un-film-moderno-e-intenso\\\/#listItem\",\"position\":3,\"name\":\"Xavier Dolan, el m\\u00e1s joven de Cannes, impresiona con un film moderno e intenso\",\"previousItem\":{\"@type\":\"ListItem\",\"@id\":\"https:\\\/\\\/eldigitaldeasturias.com\\\/magazine365\\\/category\\\/noticias-actualidad\\\/#listItem\",\"name\":\"Noticias y Actualidad\"}}]},{\"@type\":\"Organization\",\"@id\":\"https:\\\/\\\/eldigitaldeasturias.com\\\/magazine365\\\/#organization\",\"name\":\"El digital de Asturias\",\"description\":\"Revista de ocio, turismo y estilo de vida\",\"url\":\"https:\\\/\\\/eldigitaldeasturias.com\\\/magazine365\\\/\",\"logo\":{\"@type\":\"ImageObject\",\"url\":\"https:\\\/\\\/www.eldigitaldeasturias.com\\\/noticias\\\/wp-content\\\/uploads\\\/2020\\\/12\\\/EDA.jpg\",\"@id\":\"https:\\\/\\\/eldigitaldeasturias.com\\\/magazine365\\\/xavier-dolan-el-mas-joven-de-cannes-impresiona-con-un-film-moderno-e-intenso\\\/#organizationLogo\"},\"image\":{\"@id\":\"https:\\\/\\\/eldigitaldeasturias.com\\\/magazine365\\\/xavier-dolan-el-mas-joven-de-cannes-impresiona-con-un-film-moderno-e-intenso\\\/#organizationLogo\"}},{\"@type\":\"Person\",\"@id\":\"https:\\\/\\\/eldigitaldeasturias.com\\\/magazine365\\\/author\\\/admin\\\/#author\",\"url\":\"https:\\\/\\\/eldigitaldeasturias.com\\\/magazine365\\\/author\\\/admin\\\/\",\"name\":\"admin\",\"image\":{\"@type\":\"ImageObject\",\"@id\":\"https:\\\/\\\/eldigitaldeasturias.com\\\/magazine365\\\/xavier-dolan-el-mas-joven-de-cannes-impresiona-con-un-film-moderno-e-intenso\\\/#authorImage\",\"url\":\"https:\\\/\\\/eldigitaldeasturias.com\\\/magazine365\\\/wp-content\\\/litespeed\\\/avatar\\\/e571bcf59a0edd6fa6838245a470f2fe.jpg?ver=1776969259\",\"width\":96,\"height\":96,\"caption\":\"admin\"}},{\"@type\":\"WebPage\",\"@id\":\"https:\\\/\\\/eldigitaldeasturias.com\\\/magazine365\\\/xavier-dolan-el-mas-joven-de-cannes-impresiona-con-un-film-moderno-e-intenso\\\/#webpage\",\"url\":\"https:\\\/\\\/eldigitaldeasturias.com\\\/magazine365\\\/xavier-dolan-el-mas-joven-de-cannes-impresiona-con-un-film-moderno-e-intenso\\\/\",\"name\":\"Xavier Dolan, el m\\u00e1s joven de Cannes, impresiona con un film moderno e intenso | El Digital de Asturias\",\"description\":\"Cannes (Francia), 22 may (EFE).- Es el m\\u00e1s joven de la competici\\u00f3n oficial de Cannes con 25 a\\u00f1os y con su quinta pel\\u00edcula, \\\"Mommy\\\", el canadiense Xavier Dolan impresion\\u00f3 con su forma moderna, intensa y a la vez fresca de contar la relaci\\u00f3n de una madre y su problem\\u00e1tico hijo adolescente. Realizador, guionista, productor, montador\",\"inLanguage\":\"es-ES\",\"isPartOf\":{\"@id\":\"https:\\\/\\\/eldigitaldeasturias.com\\\/magazine365\\\/#website\"},\"breadcrumb\":{\"@id\":\"https:\\\/\\\/eldigitaldeasturias.com\\\/magazine365\\\/xavier-dolan-el-mas-joven-de-cannes-impresiona-con-un-film-moderno-e-intenso\\\/#breadcrumblist\"},\"author\":{\"@id\":\"https:\\\/\\\/eldigitaldeasturias.com\\\/magazine365\\\/author\\\/admin\\\/#author\"},\"creator\":{\"@id\":\"https:\\\/\\\/eldigitaldeasturias.com\\\/magazine365\\\/author\\\/admin\\\/#author\"},\"image\":{\"@type\":\"ImageObject\",\"url\":\"https:\\\/\\\/eldigitaldeasturias.com\\\/magazine365\\\/wp-content\\\/uploads\\\/2014\\\/05\\\/6289465w.jpg\",\"@id\":\"https:\\\/\\\/eldigitaldeasturias.com\\\/magazine365\\\/xavier-dolan-el-mas-joven-de-cannes-impresiona-con-un-film-moderno-e-intenso\\\/#mainImage\",\"width\":800,\"height\":498},\"primaryImageOfPage\":{\"@id\":\"https:\\\/\\\/eldigitaldeasturias.com\\\/magazine365\\\/xavier-dolan-el-mas-joven-de-cannes-impresiona-con-un-film-moderno-e-intenso\\\/#mainImage\"},\"datePublished\":\"2014-05-22T22:18:55+02:00\",\"dateModified\":\"2014-05-22T22:18:55+02:00\"},{\"@type\":\"WebSite\",\"@id\":\"https:\\\/\\\/eldigitaldeasturias.com\\\/magazine365\\\/#website\",\"url\":\"https:\\\/\\\/eldigitaldeasturias.com\\\/magazine365\\\/\",\"name\":\"El Digital de Asturias\",\"description\":\"Revista de ocio, turismo y estilo de vida\",\"inLanguage\":\"es-ES\",\"publisher\":{\"@id\":\"https:\\\/\\\/eldigitaldeasturias.com\\\/magazine365\\\/#organization\"}}]}\n\t\t<\/script>\n\t\t<!-- All in One SEO Pro -->\r\n\t\t<title>Xavier Dolan, el m\u00e1s joven de Cannes, impresiona con un film moderno e intenso | El Digital de Asturias<\/title>\n\n","aioseo_head_json":{"title":"Xavier Dolan, el m\u00e1s joven de Cannes, impresiona con un film moderno e intenso | El Digital de Asturias","description":"Cannes (Francia), 22 may (EFE).- Es el m\u00e1s joven de la competici\u00f3n oficial de Cannes con 25 a\u00f1os y con su quinta pel\u00edcula, \"Mommy\", el canadiense Xavier Dolan impresion\u00f3 con su forma moderna, intensa y a la vez fresca de contar la relaci\u00f3n de una madre y su problem\u00e1tico hijo adolescente. Realizador, guionista, productor, montador","canonical_url":"https:\/\/eldigitaldeasturias.com\/magazine365\/xavier-dolan-el-mas-joven-de-cannes-impresiona-con-un-film-moderno-e-intenso\/","robots":"max-image-preview:large","keywords":"noticias y actualidad","webmasterTools":{"google-site-verification":"UA-38556648-1","miscellaneous":""},"schema":{"@context":"https:\/\/schema.org","@graph":[{"@type":"Article","@id":"https:\/\/eldigitaldeasturias.com\/magazine365\/xavier-dolan-el-mas-joven-de-cannes-impresiona-con-un-film-moderno-e-intenso\/#article","name":"Xavier Dolan, el m\u00e1s joven de Cannes, impresiona con un film moderno e intenso | El Digital de Asturias","headline":"Xavier Dolan, el m\u00e1s joven de Cannes, impresiona con un film moderno e intenso","author":{"@id":"https:\/\/eldigitaldeasturias.com\/magazine365\/author\/admin\/#author"},"publisher":{"@id":"https:\/\/eldigitaldeasturias.com\/magazine365\/#organization"},"image":{"@type":"ImageObject","url":"https:\/\/eldigitaldeasturias.com\/magazine365\/wp-content\/uploads\/2014\/05\/6289465w.jpg","width":800,"height":498},"datePublished":"2014-05-22T22:18:55+02:00","dateModified":"2014-05-22T22:18:55+02:00","inLanguage":"es-ES","mainEntityOfPage":{"@id":"https:\/\/eldigitaldeasturias.com\/magazine365\/xavier-dolan-el-mas-joven-de-cannes-impresiona-con-un-film-moderno-e-intenso\/#webpage"},"isPartOf":{"@id":"https:\/\/eldigitaldeasturias.com\/magazine365\/xavier-dolan-el-mas-joven-de-cannes-impresiona-con-un-film-moderno-e-intenso\/#webpage"},"articleSection":"Noticias y Actualidad"},{"@type":"BreadcrumbList","@id":"https:\/\/eldigitaldeasturias.com\/magazine365\/xavier-dolan-el-mas-joven-de-cannes-impresiona-con-un-film-moderno-e-intenso\/#breadcrumblist","itemListElement":[{"@type":"ListItem","@id":"https:\/\/eldigitaldeasturias.com\/magazine365#listItem","position":1,"name":"Home","item":"https:\/\/eldigitaldeasturias.com\/magazine365","nextItem":{"@type":"ListItem","@id":"https:\/\/eldigitaldeasturias.com\/magazine365\/category\/noticias-actualidad\/#listItem","name":"Noticias y Actualidad"}},{"@type":"ListItem","@id":"https:\/\/eldigitaldeasturias.com\/magazine365\/category\/noticias-actualidad\/#listItem","position":2,"name":"Noticias y Actualidad","item":"https:\/\/eldigitaldeasturias.com\/magazine365\/category\/noticias-actualidad\/","nextItem":{"@type":"ListItem","@id":"https:\/\/eldigitaldeasturias.com\/magazine365\/xavier-dolan-el-mas-joven-de-cannes-impresiona-con-un-film-moderno-e-intenso\/#listItem","name":"Xavier Dolan, el m\u00e1s joven de Cannes, impresiona con un film moderno e intenso"},"previousItem":{"@type":"ListItem","@id":"https:\/\/eldigitaldeasturias.com\/magazine365#listItem","name":"Home"}},{"@type":"ListItem","@id":"https:\/\/eldigitaldeasturias.com\/magazine365\/xavier-dolan-el-mas-joven-de-cannes-impresiona-con-un-film-moderno-e-intenso\/#listItem","position":3,"name":"Xavier Dolan, el m\u00e1s joven de Cannes, impresiona con un film moderno e intenso","previousItem":{"@type":"ListItem","@id":"https:\/\/eldigitaldeasturias.com\/magazine365\/category\/noticias-actualidad\/#listItem","name":"Noticias y Actualidad"}}]},{"@type":"Organization","@id":"https:\/\/eldigitaldeasturias.com\/magazine365\/#organization","name":"El digital de Asturias","description":"Revista de ocio, turismo y estilo de vida","url":"https:\/\/eldigitaldeasturias.com\/magazine365\/","logo":{"@type":"ImageObject","url":"https:\/\/www.eldigitaldeasturias.com\/noticias\/wp-content\/uploads\/2020\/12\/EDA.jpg","@id":"https:\/\/eldigitaldeasturias.com\/magazine365\/xavier-dolan-el-mas-joven-de-cannes-impresiona-con-un-film-moderno-e-intenso\/#organizationLogo"},"image":{"@id":"https:\/\/eldigitaldeasturias.com\/magazine365\/xavier-dolan-el-mas-joven-de-cannes-impresiona-con-un-film-moderno-e-intenso\/#organizationLogo"}},{"@type":"Person","@id":"https:\/\/eldigitaldeasturias.com\/magazine365\/author\/admin\/#author","url":"https:\/\/eldigitaldeasturias.com\/magazine365\/author\/admin\/","name":"admin","image":{"@type":"ImageObject","@id":"https:\/\/eldigitaldeasturias.com\/magazine365\/xavier-dolan-el-mas-joven-de-cannes-impresiona-con-un-film-moderno-e-intenso\/#authorImage","url":"https:\/\/eldigitaldeasturias.com\/magazine365\/wp-content\/litespeed\/avatar\/e571bcf59a0edd6fa6838245a470f2fe.jpg?ver=1776969259","width":96,"height":96,"caption":"admin"}},{"@type":"WebPage","@id":"https:\/\/eldigitaldeasturias.com\/magazine365\/xavier-dolan-el-mas-joven-de-cannes-impresiona-con-un-film-moderno-e-intenso\/#webpage","url":"https:\/\/eldigitaldeasturias.com\/magazine365\/xavier-dolan-el-mas-joven-de-cannes-impresiona-con-un-film-moderno-e-intenso\/","name":"Xavier Dolan, el m\u00e1s joven de Cannes, impresiona con un film moderno e intenso | El Digital de Asturias","description":"Cannes (Francia), 22 may (EFE).- Es el m\u00e1s joven de la competici\u00f3n oficial de Cannes con 25 a\u00f1os y con su quinta pel\u00edcula, \"Mommy\", el canadiense Xavier Dolan impresion\u00f3 con su forma moderna, intensa y a la vez fresca de contar la relaci\u00f3n de una madre y su problem\u00e1tico hijo adolescente. Realizador, guionista, productor, montador","inLanguage":"es-ES","isPartOf":{"@id":"https:\/\/eldigitaldeasturias.com\/magazine365\/#website"},"breadcrumb":{"@id":"https:\/\/eldigitaldeasturias.com\/magazine365\/xavier-dolan-el-mas-joven-de-cannes-impresiona-con-un-film-moderno-e-intenso\/#breadcrumblist"},"author":{"@id":"https:\/\/eldigitaldeasturias.com\/magazine365\/author\/admin\/#author"},"creator":{"@id":"https:\/\/eldigitaldeasturias.com\/magazine365\/author\/admin\/#author"},"image":{"@type":"ImageObject","url":"https:\/\/eldigitaldeasturias.com\/magazine365\/wp-content\/uploads\/2014\/05\/6289465w.jpg","@id":"https:\/\/eldigitaldeasturias.com\/magazine365\/xavier-dolan-el-mas-joven-de-cannes-impresiona-con-un-film-moderno-e-intenso\/#mainImage","width":800,"height":498},"primaryImageOfPage":{"@id":"https:\/\/eldigitaldeasturias.com\/magazine365\/xavier-dolan-el-mas-joven-de-cannes-impresiona-con-un-film-moderno-e-intenso\/#mainImage"},"datePublished":"2014-05-22T22:18:55+02:00","dateModified":"2014-05-22T22:18:55+02:00"},{"@type":"WebSite","@id":"https:\/\/eldigitaldeasturias.com\/magazine365\/#website","url":"https:\/\/eldigitaldeasturias.com\/magazine365\/","name":"El Digital de Asturias","description":"Revista de ocio, turismo y estilo de vida","inLanguage":"es-ES","publisher":{"@id":"https:\/\/eldigitaldeasturias.com\/magazine365\/#organization"}}]},"og:locale":"es_ES","og:site_name":"El Digital de Asturias \u2013 Revista de ocio, turismo y estilo de vida","og:type":"article","og:title":"Xavier Dolan, el m\u00e1s joven de Cannes, impresiona con un film moderno e intenso | El Digital de Asturias","og:description":"Cannes (Francia), 22 may (EFE).- Es el m\u00e1s joven de la competici\u00f3n oficial de Cannes con 25 a\u00f1os y con su quinta pel\u00edcula, &quot;Mommy&quot;, el canadiense Xavier Dolan impresion\u00f3 con su forma moderna, intensa y a la vez fresca de contar la relaci\u00f3n de una madre y su problem\u00e1tico hijo adolescente. Realizador, guionista, productor, montador","og:url":"https:\/\/eldigitaldeasturias.com\/magazine365\/xavier-dolan-el-mas-joven-de-cannes-impresiona-con-un-film-moderno-e-intenso\/","og:image":"https:\/\/eldigitaldeasturias.com\/magazine365\/wp-content\/uploads\/2014\/05\/6289465w.jpg","og:image:secure_url":"https:\/\/eldigitaldeasturias.com\/magazine365\/wp-content\/uploads\/2014\/05\/6289465w.jpg","og:image:width":800,"og:image:height":498,"article:published_time":"2014-05-23T00:18:55+00:00","article:modified_time":"2014-05-23T00:18:55+00:00","twitter:card":"summary_large_image","twitter:title":"Xavier Dolan, el m\u00e1s joven de Cannes, impresiona con un film moderno e intenso | El Digital de Asturias","twitter:description":"Cannes (Francia), 22 may (EFE).- Es el m\u00e1s joven de la competici\u00f3n oficial de Cannes con 25 a\u00f1os y con su quinta pel\u00edcula, &quot;Mommy&quot;, el canadiense Xavier Dolan impresion\u00f3 con su forma moderna, intensa y a la vez fresca de contar la relaci\u00f3n de una madre y su problem\u00e1tico hijo adolescente. Realizador, guionista, productor, montador","twitter:image":"https:\/\/eldigitaldeasturias.com\/magazine365\/wp-content\/uploads\/2014\/05\/6289465w.jpg"},"aioseo_meta_data":{"post_id":"13663","title":null,"description":null,"keywords":null,"keyphrases":null,"primary_term":null,"canonical_url":null,"og_title":null,"og_description":null,"og_object_type":"default","og_image_type":"default","og_image_url":null,"og_image_width":null,"og_image_height":null,"og_image_custom_url":null,"og_image_custom_fields":null,"og_video":null,"og_custom_url":null,"og_article_section":null,"og_article_tags":null,"twitter_use_og":false,"twitter_card":"default","twitter_image_type":"default","twitter_image_url":null,"twitter_image_custom_url":null,"twitter_image_custom_fields":null,"twitter_title":null,"twitter_description":null,"schema":{"blockGraphs":[],"customGraphs":[],"default":{"data":{"Article":[],"Course":[],"Dataset":[],"FAQPage":[],"Movie":[],"Person":[],"Product":[],"ProductReview":[],"Car":[],"Recipe":[],"Service":[],"SoftwareApplication":[],"WebPage":[]},"graphName":"","isEnabled":true},"graphs":[],"defaultGraph":"","defaultPostTypeGraph":""},"schema_type":null,"schema_type_options":null,"pillar_content":false,"robots_default":true,"robots_noindex":false,"robots_noarchive":false,"robots_nosnippet":false,"robots_nofollow":false,"robots_noimageindex":false,"robots_noodp":false,"robots_notranslate":false,"robots_max_snippet":null,"robots_max_videopreview":null,"robots_max_imagepreview":"large","priority":null,"frequency":null,"location":null,"local_seo":null,"seo_analyzer_scan_date":"2025-09-17 08:42:10","breadcrumb_settings":null,"limit_modified_date":false,"open_ai":null,"ai":null,"created":"2021-03-09 08:25:41","updated":"2025-09-17 08:42:10"},"aioseo_breadcrumb":"<div class=\"aioseo-breadcrumbs\"><span class=\"aioseo-breadcrumb\">\n\t<a href=\"https:\/\/eldigitaldeasturias.com\/magazine365\" title=\"Home\">Home<\/a>\n<\/span><span class=\"aioseo-breadcrumb-separator\">\u2013<\/span><span class=\"aioseo-breadcrumb\">\n\t<a href=\"https:\/\/eldigitaldeasturias.com\/magazine365\/category\/noticias-actualidad\/\" title=\"Noticias y Actualidad\">Noticias y Actualidad<\/a>\n<\/span><span class=\"aioseo-breadcrumb-separator\">\u2013<\/span><span class=\"aioseo-breadcrumb\">\n\t<a href=\"https:\/\/eldigitaldeasturias.com\/magazine365\/xavier-dolan-el-mas-joven-de-cannes-impresiona-con-un-film-moderno-e-intenso\/\" title=\"Xavier Dolan, el m\u00e1s joven de Cannes, impresiona con un film moderno e intenso\">Xavier Dolan, el m\u00e1s joven de Cannes, impresiona con un film moderno e intenso<\/a>\n<\/span><\/div>","aioseo_breadcrumb_json":[{"label":"Home","link":"https:\/\/eldigitaldeasturias.com\/magazine365"},{"label":"Noticias y Actualidad","link":"https:\/\/eldigitaldeasturias.com\/magazine365\/category\/noticias-actualidad\/"},{"label":"Xavier Dolan, el m\u00e1s joven de Cannes, impresiona con un film moderno e intenso","link":"https:\/\/eldigitaldeasturias.com\/magazine365\/xavier-dolan-el-mas-joven-de-cannes-impresiona-con-un-film-moderno-e-intenso\/"}],"_links":{"self":[{"href":"https:\/\/eldigitaldeasturias.com\/magazine365\/wp-json\/wp\/v2\/posts\/13663","targetHints":{"allow":["GET"]}}],"collection":[{"href":"https:\/\/eldigitaldeasturias.com\/magazine365\/wp-json\/wp\/v2\/posts"}],"about":[{"href":"https:\/\/eldigitaldeasturias.com\/magazine365\/wp-json\/wp\/v2\/types\/post"}],"author":[{"embeddable":true,"href":"https:\/\/eldigitaldeasturias.com\/magazine365\/wp-json\/wp\/v2\/users\/1"}],"replies":[{"embeddable":true,"href":"https:\/\/eldigitaldeasturias.com\/magazine365\/wp-json\/wp\/v2\/comments?post=13663"}],"version-history":[{"count":0,"href":"https:\/\/eldigitaldeasturias.com\/magazine365\/wp-json\/wp\/v2\/posts\/13663\/revisions"}],"wp:featuredmedia":[{"embeddable":true,"href":"https:\/\/eldigitaldeasturias.com\/magazine365\/wp-json\/wp\/v2\/media\/13664"}],"wp:attachment":[{"href":"https:\/\/eldigitaldeasturias.com\/magazine365\/wp-json\/wp\/v2\/media?parent=13663"}],"wp:term":[{"taxonomy":"category","embeddable":true,"href":"https:\/\/eldigitaldeasturias.com\/magazine365\/wp-json\/wp\/v2\/categories?post=13663"},{"taxonomy":"post_tag","embeddable":true,"href":"https:\/\/eldigitaldeasturias.com\/magazine365\/wp-json\/wp\/v2\/tags?post=13663"}],"curies":[{"name":"wp","href":"https:\/\/api.w.org\/{rel}","templated":true}]}}