{"id":13657,"date":"2014-05-22T22:13:42","date_gmt":"2014-05-23T00:13:42","guid":{"rendered":"http:\/\/eldigitaldeasturias.com\/magazine365\/?p=13657"},"modified":"2014-05-22T22:13:42","modified_gmt":"2014-05-23T00:13:42","slug":"rock-in-rio-viste-sus-mejores-galas-para-celebrar-una-decada-en-portugal","status":"publish","type":"post","link":"https:\/\/eldigitaldeasturias.com\/magazine365\/rock-in-rio-viste-sus-mejores-galas-para-celebrar-una-decada-en-portugal\/","title":{"rendered":"Rock in R\u00edo viste sus mejores galas para celebrar una d\u00e9cada en Portugal"},"content":{"rendered":"<p><img fetchpriority=\"high\" decoding=\"async\" class=\"alignleft size-medium wp-image-13658\" alt=\"6289827w\" src=\"https:\/\/eldigitaldeasturias.com\/magazine365\/wp-content\/uploads\/2014\/05\/6289827w-360x239.jpg\" width=\"360\" height=\"239\" \/>Lisboa, 22 may (EFE).- Rock in R\u00edo, uno de los mayores festivales musicales del mundo, vuelve a Lisboa este domingo para celebrar su primera d\u00e9cada en Portugal y lo har\u00e1 a lo grande, con estrellas de la talla de los Rolling Stones, Arcade Fire, Linkin Park, Justin Timberlake y Robbie Williams.<\/p>\n<p>La que ser\u00e1 la sexta edici\u00f3n de Rock in R\u00edo Lisboa, -ya que se celebra cada dos a\u00f1os desde 2004-, tiene conciertos programados para los d\u00edas 25, 29, 30, 31 de mayo y 1 de junio.<\/p>\n<p>Cuando faltan solo dos d\u00edas para la inauguraci\u00f3n del certamen, la organizaci\u00f3n ha presentado hoy las instalaciones que acoger\u00e1n todas esas actuaciones, para algunas de las cuales ya no es posible conseguir entradas, como es el caso de los Rolling.<\/p>\n<p>La apertura del festival correr\u00e1 a cargo del brit\u00e1nico Robbie Williams, que actuar\u00e1 en el Palco Mundo y al que seguir\u00e1 la veterana Ivete Sangalo, la \u00fanica artista brasile\u00f1a que actu\u00f3 en todas las ediciones del Rock in R\u00edo Lisboa.<\/p>\n<p>Tras una pausa de tres d\u00edas, la fiesta regresar\u00e1 al Parque de Bela Vista con el concierto m\u00e1s esperado el d\u00eda 29, el de la m\u00edtica banda de rock, The Rolling Stones.<\/p>\n<p>Los reyes del rock deleitar\u00e1n a sus seguidores con \u00e9xitos como \u00abSatisfaction\u00bb, \u00abGimme Shelter\u00bb, \u00abPain It Back\u00bb, \u00abJumping Jack Flash\u00bb, \u00abTumbling Dice\u00bb, \u00abIt&#8217;s Only Rock &#8216;N&#8217; Roll\u00bb o \u00abStar Me Up\u00bb , y con un espect\u00e1culo de grandes dimensiones que ha obligado a la organizaci\u00f3n a incrementar el precio de las entradas para ese d\u00eda.<\/p>\n<p>Al d\u00eda siguiente, y manteniendo la onda rock, el festival volver\u00e1 a sonar con los estadounidenses Linkin Park, una de las bandas m\u00e1s solicitadas y seguidas en las redes sociales y en la web oficial del evento.<\/p>\n<p>Tras dos exitosas actuaciones en el Rock in Rio Lisboa, -una en 2008 con las 90.000 entradas agotadas y otra en 2012 con m\u00e1s de 80.000 seguidores-, este grupo regresa ahora a la capital lusa con un invitado especial, el DJ Steve Aoki, que participa en el \u00e1lbum de recopilaciones \u00abRecharged\u00bb lanzado en octubre pasado.<\/p>\n<p>El d\u00eda 31, el Palco Mundo ser\u00e1 escenario del homenaje que rendir\u00e1 un grupo de artistas portugueses al fallecido Ant\u00f3nio Varia\u00e7\u00f5es, cantante y compositor luso que hizo historia en la m\u00fasica de su pa\u00eds.<\/p>\n<p>Con ese acto, se abrir\u00e1 paso al cabeza de cartel del d\u00eda, la banda canadiense Arcade Fire, que actuar\u00e1 por primera vez en Rock in R\u00edo.<\/p>\n<p>Y como colof\u00f3n, el festival presentar\u00e1 a otra gran estrella de esta edici\u00f3n en Portugal, el artista estadounidense Justin Timberlake, cuyo concierto fue considerado como el mejor de Rock in R\u00edo Brasil 2013, que congreg\u00f3 a cerca de 85.000 personas en R\u00edo de Janeiro.<\/p>\n<p>Adem\u00e1s de los conciertos, la animaci\u00f3n est\u00e1 garantizada en el recinto del festival, conocido como \u00abla ciudad del rock\u00bb, con actividades paralelas como espect\u00e1culos diarios de Street Dance y actuaciones de m\u00e1s de veinte DJ&#8217;s de todo el mundo.<\/p>\n<p>Entre los DJ&#8217;s internacionales que subir\u00e1n al palco Eletr\u00f3nica figuran los Pretty Lights,Tiga, Apollonia, Breakbot, Dusky, Le Youth, Frivolous y Flow &amp; Zeo.<\/p>\n<p>Como novedades de esta edici\u00f3n, cabe destacar la promoci\u00f3n del uso de bicicletas como alternativa al autom\u00f3vil para acudir al festival.<\/p>\n<p>De hecho, los organizadores han preparado un \u00abparque de estacionamiento\u00bb vigilado para bicicletas, en el que habr\u00e1 personal especializado a disposici\u00f3n del p\u00fablico para hacer revisiones o peque\u00f1as reparaciones los d\u00edas del espect\u00e1culo.<\/p>\n<p>Tambi\u00e9n se han reforzado los servicios de transporte p\u00fablico para mejorar el acceso al recinto, y se han preparado diversos accesos especiales para personas con movilidad reducida.<\/p>\n<p>Este a\u00f1o, la ciudad de Lisboa ser\u00e1 la \u00fanica que recibir\u00e1 a Rock in R\u00edo debido a que la complicada situaci\u00f3n econ\u00f3mica llev\u00f3 a sus organizadores a desistir de su intenci\u00f3n de llevarlo tambi\u00e9n a Madrid y Buenos Aires.<\/p>\n<p>Desde su fundaci\u00f3n en Brasil hace ya 29 anos, Rock in R\u00edo ha conseguido reunir a m\u00e1s de seis millones de personas en tres pa\u00edses, -Brasil, Portugal y Espa\u00f1a-, convirti\u00e9ndose as\u00ed en uno de los festivales de m\u00fasica m\u00e1s importantes del mundo.<\/p>\n","protected":false},"excerpt":{"rendered":"<p>Lisboa, 22 may (EFE).- Rock in R\u00edo, uno de los mayores festivales musicales del mundo, vuelve a Lisboa este domingo para celebrar su primera d\u00e9cada en Portugal y lo har\u00e1 a lo grande, con estrellas de la talla de los Rolling Stones, Arcade Fire, Linkin Park, Justin Timberlake y Robbie Williams. La que ser\u00e1 la<\/p>\n","protected":false},"author":1,"featured_media":13658,"comment_status":"open","ping_status":"closed","sticky":false,"template":"","format":"standard","meta":{"footnotes":""},"categories":[224],"tags":[],"class_list":{"0":"post-13657","1":"post","2":"type-post","3":"status-publish","4":"format-standard","5":"has-post-thumbnail","7":"category-noticias-actualidad"},"aioseo_notices":[],"aioseo_head":"\n\t\t<!-- All in One SEO Pro 4.9.6.1 - aioseo.com -->\n\t<meta name=\"description\" content=\"Lisboa, 22 may (EFE).- Rock in R\u00edo, uno de los mayores festivales musicales del mundo, vuelve a Lisboa este domingo para celebrar su primera d\u00e9cada en Portugal y lo har\u00e1 a lo grande, con estrellas de la talla de los Rolling Stones, Arcade Fire, Linkin Park, Justin Timberlake y Robbie Williams. La que ser\u00e1 la\" \/>\n\t<meta name=\"robots\" content=\"max-image-preview:large\" \/>\n\t<meta name=\"author\" content=\"admin\"\/>\n\t<meta name=\"google-site-verification\" content=\"UA-38556648-1\" \/>\n\t<meta name=\"keywords\" content=\"noticias y actualidad\" \/>\n\t<link rel=\"canonical\" href=\"https:\/\/eldigitaldeasturias.com\/magazine365\/rock-in-rio-viste-sus-mejores-galas-para-celebrar-una-decada-en-portugal\/\" \/>\n\t<meta name=\"generator\" content=\"All in One SEO Pro (AIOSEO) 4.9.6.1\" \/>\n\t\t<meta property=\"og:locale\" content=\"es_ES\" \/>\n\t\t<meta property=\"og:site_name\" content=\"El Digital de Asturias \u2013 Revista de ocio, turismo y estilo de vida\" \/>\n\t\t<meta property=\"og:type\" content=\"article\" \/>\n\t\t<meta property=\"og:title\" content=\"Rock in R\u00edo viste sus mejores galas para celebrar una d\u00e9cada en Portugal | El Digital de Asturias\" \/>\n\t\t<meta property=\"og:description\" content=\"Lisboa, 22 may (EFE).- Rock in R\u00edo, uno de los mayores festivales musicales del mundo, vuelve a Lisboa este domingo para celebrar su primera d\u00e9cada en Portugal y lo har\u00e1 a lo grande, con estrellas de la talla de los Rolling Stones, Arcade Fire, Linkin Park, Justin Timberlake y Robbie Williams. La que ser\u00e1 la\" \/>\n\t\t<meta property=\"og:url\" content=\"https:\/\/eldigitaldeasturias.com\/magazine365\/rock-in-rio-viste-sus-mejores-galas-para-celebrar-una-decada-en-portugal\/\" \/>\n\t\t<meta property=\"og:image\" content=\"https:\/\/eldigitaldeasturias.com\/magazine365\/wp-content\/uploads\/2014\/05\/6289827w.jpg\" \/>\n\t\t<meta property=\"og:image:secure_url\" content=\"https:\/\/eldigitaldeasturias.com\/magazine365\/wp-content\/uploads\/2014\/05\/6289827w.jpg\" \/>\n\t\t<meta property=\"og:image:width\" content=\"800\" \/>\n\t\t<meta property=\"og:image:height\" content=\"533\" \/>\n\t\t<meta property=\"article:published_time\" content=\"2014-05-23T00:13:42+00:00\" \/>\n\t\t<meta property=\"article:modified_time\" content=\"2014-05-23T00:13:42+00:00\" \/>\n\t\t<meta name=\"twitter:card\" content=\"summary_large_image\" \/>\n\t\t<meta name=\"twitter:title\" content=\"Rock in R\u00edo viste sus mejores galas para celebrar una d\u00e9cada en Portugal | El Digital de Asturias\" \/>\n\t\t<meta name=\"twitter:description\" content=\"Lisboa, 22 may (EFE).- Rock in R\u00edo, uno de los mayores festivales musicales del mundo, vuelve a Lisboa este domingo para celebrar su primera d\u00e9cada en Portugal y lo har\u00e1 a lo grande, con estrellas de la talla de los Rolling Stones, Arcade Fire, Linkin Park, Justin Timberlake y Robbie Williams. La que ser\u00e1 la\" \/>\n\t\t<meta name=\"twitter:image\" content=\"https:\/\/eldigitaldeasturias.com\/magazine365\/wp-content\/uploads\/2014\/05\/6289827w.jpg\" \/>\n\t\t<script type=\"application\/ld+json\" class=\"aioseo-schema\">\n\t\t\t{\"@context\":\"https:\\\/\\\/schema.org\",\"@graph\":[{\"@type\":\"Article\",\"@id\":\"https:\\\/\\\/eldigitaldeasturias.com\\\/magazine365\\\/rock-in-rio-viste-sus-mejores-galas-para-celebrar-una-decada-en-portugal\\\/#article\",\"name\":\"Rock in R\\u00edo viste sus mejores galas para celebrar una d\\u00e9cada en Portugal | El Digital de Asturias\",\"headline\":\"Rock in R\\u00edo viste sus mejores galas para celebrar una d\\u00e9cada en Portugal\",\"author\":{\"@id\":\"https:\\\/\\\/eldigitaldeasturias.com\\\/magazine365\\\/author\\\/admin\\\/#author\"},\"publisher\":{\"@id\":\"https:\\\/\\\/eldigitaldeasturias.com\\\/magazine365\\\/#organization\"},\"image\":{\"@type\":\"ImageObject\",\"url\":\"https:\\\/\\\/eldigitaldeasturias.com\\\/magazine365\\\/wp-content\\\/uploads\\\/2014\\\/05\\\/6289827w.jpg\",\"width\":800,\"height\":533},\"datePublished\":\"2014-05-22T22:13:42+02:00\",\"dateModified\":\"2014-05-22T22:13:42+02:00\",\"inLanguage\":\"es-ES\",\"mainEntityOfPage\":{\"@id\":\"https:\\\/\\\/eldigitaldeasturias.com\\\/magazine365\\\/rock-in-rio-viste-sus-mejores-galas-para-celebrar-una-decada-en-portugal\\\/#webpage\"},\"isPartOf\":{\"@id\":\"https:\\\/\\\/eldigitaldeasturias.com\\\/magazine365\\\/rock-in-rio-viste-sus-mejores-galas-para-celebrar-una-decada-en-portugal\\\/#webpage\"},\"articleSection\":\"Noticias y Actualidad\"},{\"@type\":\"BreadcrumbList\",\"@id\":\"https:\\\/\\\/eldigitaldeasturias.com\\\/magazine365\\\/rock-in-rio-viste-sus-mejores-galas-para-celebrar-una-decada-en-portugal\\\/#breadcrumblist\",\"itemListElement\":[{\"@type\":\"ListItem\",\"@id\":\"https:\\\/\\\/eldigitaldeasturias.com\\\/magazine365#listItem\",\"position\":1,\"name\":\"Home\",\"item\":\"https:\\\/\\\/eldigitaldeasturias.com\\\/magazine365\",\"nextItem\":{\"@type\":\"ListItem\",\"@id\":\"https:\\\/\\\/eldigitaldeasturias.com\\\/magazine365\\\/category\\\/noticias-actualidad\\\/#listItem\",\"name\":\"Noticias y Actualidad\"}},{\"@type\":\"ListItem\",\"@id\":\"https:\\\/\\\/eldigitaldeasturias.com\\\/magazine365\\\/category\\\/noticias-actualidad\\\/#listItem\",\"position\":2,\"name\":\"Noticias y Actualidad\",\"item\":\"https:\\\/\\\/eldigitaldeasturias.com\\\/magazine365\\\/category\\\/noticias-actualidad\\\/\",\"nextItem\":{\"@type\":\"ListItem\",\"@id\":\"https:\\\/\\\/eldigitaldeasturias.com\\\/magazine365\\\/rock-in-rio-viste-sus-mejores-galas-para-celebrar-una-decada-en-portugal\\\/#listItem\",\"name\":\"Rock in R\\u00edo viste sus mejores galas para celebrar una d\\u00e9cada en Portugal\"},\"previousItem\":{\"@type\":\"ListItem\",\"@id\":\"https:\\\/\\\/eldigitaldeasturias.com\\\/magazine365#listItem\",\"name\":\"Home\"}},{\"@type\":\"ListItem\",\"@id\":\"https:\\\/\\\/eldigitaldeasturias.com\\\/magazine365\\\/rock-in-rio-viste-sus-mejores-galas-para-celebrar-una-decada-en-portugal\\\/#listItem\",\"position\":3,\"name\":\"Rock in R\\u00edo viste sus mejores galas para celebrar una d\\u00e9cada en Portugal\",\"previousItem\":{\"@type\":\"ListItem\",\"@id\":\"https:\\\/\\\/eldigitaldeasturias.com\\\/magazine365\\\/category\\\/noticias-actualidad\\\/#listItem\",\"name\":\"Noticias y Actualidad\"}}]},{\"@type\":\"Organization\",\"@id\":\"https:\\\/\\\/eldigitaldeasturias.com\\\/magazine365\\\/#organization\",\"name\":\"El digital de Asturias\",\"description\":\"Revista de ocio, turismo y estilo de vida\",\"url\":\"https:\\\/\\\/eldigitaldeasturias.com\\\/magazine365\\\/\",\"logo\":{\"@type\":\"ImageObject\",\"url\":\"https:\\\/\\\/www.eldigitaldeasturias.com\\\/noticias\\\/wp-content\\\/uploads\\\/2020\\\/12\\\/EDA.jpg\",\"@id\":\"https:\\\/\\\/eldigitaldeasturias.com\\\/magazine365\\\/rock-in-rio-viste-sus-mejores-galas-para-celebrar-una-decada-en-portugal\\\/#organizationLogo\"},\"image\":{\"@id\":\"https:\\\/\\\/eldigitaldeasturias.com\\\/magazine365\\\/rock-in-rio-viste-sus-mejores-galas-para-celebrar-una-decada-en-portugal\\\/#organizationLogo\"}},{\"@type\":\"Person\",\"@id\":\"https:\\\/\\\/eldigitaldeasturias.com\\\/magazine365\\\/author\\\/admin\\\/#author\",\"url\":\"https:\\\/\\\/eldigitaldeasturias.com\\\/magazine365\\\/author\\\/admin\\\/\",\"name\":\"admin\",\"image\":{\"@type\":\"ImageObject\",\"@id\":\"https:\\\/\\\/eldigitaldeasturias.com\\\/magazine365\\\/rock-in-rio-viste-sus-mejores-galas-para-celebrar-una-decada-en-portugal\\\/#authorImage\",\"url\":\"https:\\\/\\\/eldigitaldeasturias.com\\\/magazine365\\\/wp-content\\\/litespeed\\\/avatar\\\/e571bcf59a0edd6fa6838245a470f2fe.jpg?ver=1776969259\",\"width\":96,\"height\":96,\"caption\":\"admin\"}},{\"@type\":\"WebPage\",\"@id\":\"https:\\\/\\\/eldigitaldeasturias.com\\\/magazine365\\\/rock-in-rio-viste-sus-mejores-galas-para-celebrar-una-decada-en-portugal\\\/#webpage\",\"url\":\"https:\\\/\\\/eldigitaldeasturias.com\\\/magazine365\\\/rock-in-rio-viste-sus-mejores-galas-para-celebrar-una-decada-en-portugal\\\/\",\"name\":\"Rock in R\\u00edo viste sus mejores galas para celebrar una d\\u00e9cada en Portugal | El Digital de Asturias\",\"description\":\"Lisboa, 22 may (EFE).- Rock in R\\u00edo, uno de los mayores festivales musicales del mundo, vuelve a Lisboa este domingo para celebrar su primera d\\u00e9cada en Portugal y lo har\\u00e1 a lo grande, con estrellas de la talla de los Rolling Stones, Arcade Fire, Linkin Park, Justin Timberlake y Robbie Williams. La que ser\\u00e1 la\",\"inLanguage\":\"es-ES\",\"isPartOf\":{\"@id\":\"https:\\\/\\\/eldigitaldeasturias.com\\\/magazine365\\\/#website\"},\"breadcrumb\":{\"@id\":\"https:\\\/\\\/eldigitaldeasturias.com\\\/magazine365\\\/rock-in-rio-viste-sus-mejores-galas-para-celebrar-una-decada-en-portugal\\\/#breadcrumblist\"},\"author\":{\"@id\":\"https:\\\/\\\/eldigitaldeasturias.com\\\/magazine365\\\/author\\\/admin\\\/#author\"},\"creator\":{\"@id\":\"https:\\\/\\\/eldigitaldeasturias.com\\\/magazine365\\\/author\\\/admin\\\/#author\"},\"image\":{\"@type\":\"ImageObject\",\"url\":\"https:\\\/\\\/eldigitaldeasturias.com\\\/magazine365\\\/wp-content\\\/uploads\\\/2014\\\/05\\\/6289827w.jpg\",\"@id\":\"https:\\\/\\\/eldigitaldeasturias.com\\\/magazine365\\\/rock-in-rio-viste-sus-mejores-galas-para-celebrar-una-decada-en-portugal\\\/#mainImage\",\"width\":800,\"height\":533},\"primaryImageOfPage\":{\"@id\":\"https:\\\/\\\/eldigitaldeasturias.com\\\/magazine365\\\/rock-in-rio-viste-sus-mejores-galas-para-celebrar-una-decada-en-portugal\\\/#mainImage\"},\"datePublished\":\"2014-05-22T22:13:42+02:00\",\"dateModified\":\"2014-05-22T22:13:42+02:00\"},{\"@type\":\"WebSite\",\"@id\":\"https:\\\/\\\/eldigitaldeasturias.com\\\/magazine365\\\/#website\",\"url\":\"https:\\\/\\\/eldigitaldeasturias.com\\\/magazine365\\\/\",\"name\":\"El Digital de Asturias\",\"description\":\"Revista de ocio, turismo y estilo de vida\",\"inLanguage\":\"es-ES\",\"publisher\":{\"@id\":\"https:\\\/\\\/eldigitaldeasturias.com\\\/magazine365\\\/#organization\"}}]}\n\t\t<\/script>\n\t\t<!-- All in One SEO Pro -->\r\n\t\t<title>Rock in R\u00edo viste sus mejores galas para celebrar una d\u00e9cada en Portugal | El Digital de Asturias<\/title>\n\n","aioseo_head_json":{"title":"Rock in R\u00edo viste sus mejores galas para celebrar una d\u00e9cada en Portugal | El Digital de Asturias","description":"Lisboa, 22 may (EFE).- Rock in R\u00edo, uno de los mayores festivales musicales del mundo, vuelve a Lisboa este domingo para celebrar su primera d\u00e9cada en Portugal y lo har\u00e1 a lo grande, con estrellas de la talla de los Rolling Stones, Arcade Fire, Linkin Park, Justin Timberlake y Robbie Williams. La que ser\u00e1 la","canonical_url":"https:\/\/eldigitaldeasturias.com\/magazine365\/rock-in-rio-viste-sus-mejores-galas-para-celebrar-una-decada-en-portugal\/","robots":"max-image-preview:large","keywords":"noticias y actualidad","webmasterTools":{"google-site-verification":"UA-38556648-1","miscellaneous":""},"schema":{"@context":"https:\/\/schema.org","@graph":[{"@type":"Article","@id":"https:\/\/eldigitaldeasturias.com\/magazine365\/rock-in-rio-viste-sus-mejores-galas-para-celebrar-una-decada-en-portugal\/#article","name":"Rock in R\u00edo viste sus mejores galas para celebrar una d\u00e9cada en Portugal | El Digital de Asturias","headline":"Rock in R\u00edo viste sus mejores galas para celebrar una d\u00e9cada en Portugal","author":{"@id":"https:\/\/eldigitaldeasturias.com\/magazine365\/author\/admin\/#author"},"publisher":{"@id":"https:\/\/eldigitaldeasturias.com\/magazine365\/#organization"},"image":{"@type":"ImageObject","url":"https:\/\/eldigitaldeasturias.com\/magazine365\/wp-content\/uploads\/2014\/05\/6289827w.jpg","width":800,"height":533},"datePublished":"2014-05-22T22:13:42+02:00","dateModified":"2014-05-22T22:13:42+02:00","inLanguage":"es-ES","mainEntityOfPage":{"@id":"https:\/\/eldigitaldeasturias.com\/magazine365\/rock-in-rio-viste-sus-mejores-galas-para-celebrar-una-decada-en-portugal\/#webpage"},"isPartOf":{"@id":"https:\/\/eldigitaldeasturias.com\/magazine365\/rock-in-rio-viste-sus-mejores-galas-para-celebrar-una-decada-en-portugal\/#webpage"},"articleSection":"Noticias y Actualidad"},{"@type":"BreadcrumbList","@id":"https:\/\/eldigitaldeasturias.com\/magazine365\/rock-in-rio-viste-sus-mejores-galas-para-celebrar-una-decada-en-portugal\/#breadcrumblist","itemListElement":[{"@type":"ListItem","@id":"https:\/\/eldigitaldeasturias.com\/magazine365#listItem","position":1,"name":"Home","item":"https:\/\/eldigitaldeasturias.com\/magazine365","nextItem":{"@type":"ListItem","@id":"https:\/\/eldigitaldeasturias.com\/magazine365\/category\/noticias-actualidad\/#listItem","name":"Noticias y Actualidad"}},{"@type":"ListItem","@id":"https:\/\/eldigitaldeasturias.com\/magazine365\/category\/noticias-actualidad\/#listItem","position":2,"name":"Noticias y Actualidad","item":"https:\/\/eldigitaldeasturias.com\/magazine365\/category\/noticias-actualidad\/","nextItem":{"@type":"ListItem","@id":"https:\/\/eldigitaldeasturias.com\/magazine365\/rock-in-rio-viste-sus-mejores-galas-para-celebrar-una-decada-en-portugal\/#listItem","name":"Rock in R\u00edo viste sus mejores galas para celebrar una d\u00e9cada en Portugal"},"previousItem":{"@type":"ListItem","@id":"https:\/\/eldigitaldeasturias.com\/magazine365#listItem","name":"Home"}},{"@type":"ListItem","@id":"https:\/\/eldigitaldeasturias.com\/magazine365\/rock-in-rio-viste-sus-mejores-galas-para-celebrar-una-decada-en-portugal\/#listItem","position":3,"name":"Rock in R\u00edo viste sus mejores galas para celebrar una d\u00e9cada en Portugal","previousItem":{"@type":"ListItem","@id":"https:\/\/eldigitaldeasturias.com\/magazine365\/category\/noticias-actualidad\/#listItem","name":"Noticias y Actualidad"}}]},{"@type":"Organization","@id":"https:\/\/eldigitaldeasturias.com\/magazine365\/#organization","name":"El digital de Asturias","description":"Revista de ocio, turismo y estilo de vida","url":"https:\/\/eldigitaldeasturias.com\/magazine365\/","logo":{"@type":"ImageObject","url":"https:\/\/www.eldigitaldeasturias.com\/noticias\/wp-content\/uploads\/2020\/12\/EDA.jpg","@id":"https:\/\/eldigitaldeasturias.com\/magazine365\/rock-in-rio-viste-sus-mejores-galas-para-celebrar-una-decada-en-portugal\/#organizationLogo"},"image":{"@id":"https:\/\/eldigitaldeasturias.com\/magazine365\/rock-in-rio-viste-sus-mejores-galas-para-celebrar-una-decada-en-portugal\/#organizationLogo"}},{"@type":"Person","@id":"https:\/\/eldigitaldeasturias.com\/magazine365\/author\/admin\/#author","url":"https:\/\/eldigitaldeasturias.com\/magazine365\/author\/admin\/","name":"admin","image":{"@type":"ImageObject","@id":"https:\/\/eldigitaldeasturias.com\/magazine365\/rock-in-rio-viste-sus-mejores-galas-para-celebrar-una-decada-en-portugal\/#authorImage","url":"https:\/\/eldigitaldeasturias.com\/magazine365\/wp-content\/litespeed\/avatar\/e571bcf59a0edd6fa6838245a470f2fe.jpg?ver=1776969259","width":96,"height":96,"caption":"admin"}},{"@type":"WebPage","@id":"https:\/\/eldigitaldeasturias.com\/magazine365\/rock-in-rio-viste-sus-mejores-galas-para-celebrar-una-decada-en-portugal\/#webpage","url":"https:\/\/eldigitaldeasturias.com\/magazine365\/rock-in-rio-viste-sus-mejores-galas-para-celebrar-una-decada-en-portugal\/","name":"Rock in R\u00edo viste sus mejores galas para celebrar una d\u00e9cada en Portugal | El Digital de Asturias","description":"Lisboa, 22 may (EFE).- Rock in R\u00edo, uno de los mayores festivales musicales del mundo, vuelve a Lisboa este domingo para celebrar su primera d\u00e9cada en Portugal y lo har\u00e1 a lo grande, con estrellas de la talla de los Rolling Stones, Arcade Fire, Linkin Park, Justin Timberlake y Robbie Williams. La que ser\u00e1 la","inLanguage":"es-ES","isPartOf":{"@id":"https:\/\/eldigitaldeasturias.com\/magazine365\/#website"},"breadcrumb":{"@id":"https:\/\/eldigitaldeasturias.com\/magazine365\/rock-in-rio-viste-sus-mejores-galas-para-celebrar-una-decada-en-portugal\/#breadcrumblist"},"author":{"@id":"https:\/\/eldigitaldeasturias.com\/magazine365\/author\/admin\/#author"},"creator":{"@id":"https:\/\/eldigitaldeasturias.com\/magazine365\/author\/admin\/#author"},"image":{"@type":"ImageObject","url":"https:\/\/eldigitaldeasturias.com\/magazine365\/wp-content\/uploads\/2014\/05\/6289827w.jpg","@id":"https:\/\/eldigitaldeasturias.com\/magazine365\/rock-in-rio-viste-sus-mejores-galas-para-celebrar-una-decada-en-portugal\/#mainImage","width":800,"height":533},"primaryImageOfPage":{"@id":"https:\/\/eldigitaldeasturias.com\/magazine365\/rock-in-rio-viste-sus-mejores-galas-para-celebrar-una-decada-en-portugal\/#mainImage"},"datePublished":"2014-05-22T22:13:42+02:00","dateModified":"2014-05-22T22:13:42+02:00"},{"@type":"WebSite","@id":"https:\/\/eldigitaldeasturias.com\/magazine365\/#website","url":"https:\/\/eldigitaldeasturias.com\/magazine365\/","name":"El Digital de Asturias","description":"Revista de ocio, turismo y estilo de vida","inLanguage":"es-ES","publisher":{"@id":"https:\/\/eldigitaldeasturias.com\/magazine365\/#organization"}}]},"og:locale":"es_ES","og:site_name":"El Digital de Asturias \u2013 Revista de ocio, turismo y estilo de vida","og:type":"article","og:title":"Rock in R\u00edo viste sus mejores galas para celebrar una d\u00e9cada en Portugal | El Digital de Asturias","og:description":"Lisboa, 22 may (EFE).- Rock in R\u00edo, uno de los mayores festivales musicales del mundo, vuelve a Lisboa este domingo para celebrar su primera d\u00e9cada en Portugal y lo har\u00e1 a lo grande, con estrellas de la talla de los Rolling Stones, Arcade Fire, Linkin Park, Justin Timberlake y Robbie Williams. La que ser\u00e1 la","og:url":"https:\/\/eldigitaldeasturias.com\/magazine365\/rock-in-rio-viste-sus-mejores-galas-para-celebrar-una-decada-en-portugal\/","og:image":"https:\/\/eldigitaldeasturias.com\/magazine365\/wp-content\/uploads\/2014\/05\/6289827w.jpg","og:image:secure_url":"https:\/\/eldigitaldeasturias.com\/magazine365\/wp-content\/uploads\/2014\/05\/6289827w.jpg","og:image:width":800,"og:image:height":533,"article:published_time":"2014-05-23T00:13:42+00:00","article:modified_time":"2014-05-23T00:13:42+00:00","twitter:card":"summary_large_image","twitter:title":"Rock in R\u00edo viste sus mejores galas para celebrar una d\u00e9cada en Portugal | El Digital de Asturias","twitter:description":"Lisboa, 22 may (EFE).- Rock in R\u00edo, uno de los mayores festivales musicales del mundo, vuelve a Lisboa este domingo para celebrar su primera d\u00e9cada en Portugal y lo har\u00e1 a lo grande, con estrellas de la talla de los Rolling Stones, Arcade Fire, Linkin Park, Justin Timberlake y Robbie Williams. La que ser\u00e1 la","twitter:image":"https:\/\/eldigitaldeasturias.com\/magazine365\/wp-content\/uploads\/2014\/05\/6289827w.jpg"},"aioseo_meta_data":{"post_id":"13657","title":null,"description":null,"keywords":null,"keyphrases":null,"primary_term":null,"canonical_url":null,"og_title":null,"og_description":null,"og_object_type":"default","og_image_type":"default","og_image_url":null,"og_image_width":null,"og_image_height":null,"og_image_custom_url":null,"og_image_custom_fields":null,"og_video":null,"og_custom_url":null,"og_article_section":null,"og_article_tags":null,"twitter_use_og":false,"twitter_card":"default","twitter_image_type":"default","twitter_image_url":null,"twitter_image_custom_url":null,"twitter_image_custom_fields":null,"twitter_title":null,"twitter_description":null,"schema":{"blockGraphs":[],"customGraphs":[],"default":{"data":{"Article":[],"Course":[],"Dataset":[],"FAQPage":[],"Movie":[],"Person":[],"Product":[],"ProductReview":[],"Car":[],"Recipe":[],"Service":[],"SoftwareApplication":[],"WebPage":[]},"graphName":"","isEnabled":true},"graphs":[],"defaultGraph":"","defaultPostTypeGraph":""},"schema_type":null,"schema_type_options":null,"pillar_content":false,"robots_default":true,"robots_noindex":false,"robots_noarchive":false,"robots_nosnippet":false,"robots_nofollow":false,"robots_noimageindex":false,"robots_noodp":false,"robots_notranslate":false,"robots_max_snippet":null,"robots_max_videopreview":null,"robots_max_imagepreview":"large","priority":null,"frequency":null,"location":null,"local_seo":null,"seo_analyzer_scan_date":"2025-09-17 08:40:14","breadcrumb_settings":null,"limit_modified_date":false,"open_ai":null,"ai":null,"created":"2021-03-09 08:25:41","updated":"2025-09-17 08:40:14"},"aioseo_breadcrumb":"<div class=\"aioseo-breadcrumbs\"><span class=\"aioseo-breadcrumb\">\n\t<a href=\"https:\/\/eldigitaldeasturias.com\/magazine365\" title=\"Home\">Home<\/a>\n<\/span><span class=\"aioseo-breadcrumb-separator\">\u2013<\/span><span class=\"aioseo-breadcrumb\">\n\t<a href=\"https:\/\/eldigitaldeasturias.com\/magazine365\/category\/noticias-actualidad\/\" title=\"Noticias y Actualidad\">Noticias y Actualidad<\/a>\n<\/span><span class=\"aioseo-breadcrumb-separator\">\u2013<\/span><span class=\"aioseo-breadcrumb\">\n\t<a href=\"https:\/\/eldigitaldeasturias.com\/magazine365\/rock-in-rio-viste-sus-mejores-galas-para-celebrar-una-decada-en-portugal\/\" title=\"Rock in R\u00edo viste sus mejores galas para celebrar una d\u00e9cada en Portugal\">Rock in R\u00edo viste sus mejores galas para celebrar una d\u00e9cada en Portugal<\/a>\n<\/span><\/div>","aioseo_breadcrumb_json":[{"label":"Home","link":"https:\/\/eldigitaldeasturias.com\/magazine365"},{"label":"Noticias y Actualidad","link":"https:\/\/eldigitaldeasturias.com\/magazine365\/category\/noticias-actualidad\/"},{"label":"Rock in R\u00edo viste sus mejores galas para celebrar una d\u00e9cada en Portugal","link":"https:\/\/eldigitaldeasturias.com\/magazine365\/rock-in-rio-viste-sus-mejores-galas-para-celebrar-una-decada-en-portugal\/"}],"_links":{"self":[{"href":"https:\/\/eldigitaldeasturias.com\/magazine365\/wp-json\/wp\/v2\/posts\/13657","targetHints":{"allow":["GET"]}}],"collection":[{"href":"https:\/\/eldigitaldeasturias.com\/magazine365\/wp-json\/wp\/v2\/posts"}],"about":[{"href":"https:\/\/eldigitaldeasturias.com\/magazine365\/wp-json\/wp\/v2\/types\/post"}],"author":[{"embeddable":true,"href":"https:\/\/eldigitaldeasturias.com\/magazine365\/wp-json\/wp\/v2\/users\/1"}],"replies":[{"embeddable":true,"href":"https:\/\/eldigitaldeasturias.com\/magazine365\/wp-json\/wp\/v2\/comments?post=13657"}],"version-history":[{"count":0,"href":"https:\/\/eldigitaldeasturias.com\/magazine365\/wp-json\/wp\/v2\/posts\/13657\/revisions"}],"wp:featuredmedia":[{"embeddable":true,"href":"https:\/\/eldigitaldeasturias.com\/magazine365\/wp-json\/wp\/v2\/media\/13658"}],"wp:attachment":[{"href":"https:\/\/eldigitaldeasturias.com\/magazine365\/wp-json\/wp\/v2\/media?parent=13657"}],"wp:term":[{"taxonomy":"category","embeddable":true,"href":"https:\/\/eldigitaldeasturias.com\/magazine365\/wp-json\/wp\/v2\/categories?post=13657"},{"taxonomy":"post_tag","embeddable":true,"href":"https:\/\/eldigitaldeasturias.com\/magazine365\/wp-json\/wp\/v2\/tags?post=13657"}],"curies":[{"name":"wp","href":"https:\/\/api.w.org\/{rel}","templated":true}]}}