{"id":13654,"date":"2014-05-22T22:08:59","date_gmt":"2014-05-23T00:08:59","guid":{"rendered":"http:\/\/eldigitaldeasturias.com\/magazine365\/?p=13654"},"modified":"2014-05-22T22:08:59","modified_gmt":"2014-05-23T00:08:59","slug":"lola-duenas-protagoniza-en-cannes-un-terrorifico-relato-de-amor-alleluia","status":"publish","type":"post","link":"https:\/\/eldigitaldeasturias.com\/magazine365\/lola-duenas-protagoniza-en-cannes-un-terrorifico-relato-de-amor-alleluia\/","title":{"rendered":"Lola Due\u00f1as protagoniza en Cannes un terror\u00edfico relato de amor, \u00abAlleluia\u00bb"},"content":{"rendered":"<p><img fetchpriority=\"high\" decoding=\"async\" class=\"alignleft size-medium wp-image-13655\" alt=\"6289922w\" src=\"https:\/\/eldigitaldeasturias.com\/magazine365\/wp-content\/uploads\/2014\/05\/6289922w-360x250.jpg\" width=\"360\" height=\"250\" srcset=\"https:\/\/eldigitaldeasturias.com\/magazine365\/wp-content\/uploads\/2014\/05\/6289922w-360x250.jpg 360w, https:\/\/eldigitaldeasturias.com\/magazine365\/wp-content\/uploads\/2014\/05\/6289922w-650x452.jpg 650w, https:\/\/eldigitaldeasturias.com\/magazine365\/wp-content\/uploads\/2014\/05\/6289922w-768x534.jpg 768w, https:\/\/eldigitaldeasturias.com\/magazine365\/wp-content\/uploads\/2014\/05\/6289922w-150x104.jpg 150w, https:\/\/eldigitaldeasturias.com\/magazine365\/wp-content\/uploads\/2014\/05\/6289922w-450x313.jpg 450w, https:\/\/eldigitaldeasturias.com\/magazine365\/wp-content\/uploads\/2014\/05\/6289922w-100x70.jpg 100w, https:\/\/eldigitaldeasturias.com\/magazine365\/wp-content\/uploads\/2014\/05\/6289922w-218x150.jpg 218w, https:\/\/eldigitaldeasturias.com\/magazine365\/wp-content\/uploads\/2014\/05\/6289922w-696x484.jpg 696w, https:\/\/eldigitaldeasturias.com\/magazine365\/wp-content\/uploads\/2014\/05\/6289922w-604x420.jpg 604w, https:\/\/eldigitaldeasturias.com\/magazine365\/wp-content\/uploads\/2014\/05\/6289922w.jpg 800w\" sizes=\"(max-width: 360px) 100vw, 360px\" \/>Cannes (Francia), 22 may (EFE).- La espa\u00f1ola Lola Due\u00f1as se ha puesto a las \u00f3rdenes del belga Fabrice du Welz en \u00abAlleluia\u00bb, una cinta de amor, celos y soledad ba\u00f1ada con pinceladas de comedia negra que se estren\u00f3 hoy, con aplausos, en la Quincena de Realizadores, secci\u00f3n paralela del Festival de Cannes.<\/p>\n<p>\u00abEs una pel\u00edcula de amor donde hay sangre, violencia, sexo, comedia&#8230; pero es una pel\u00edcula de amor\u00bb, resumi\u00f3 a Efe la actriz, que en 2006 se llev\u00f3 la Palma de Oro a la mejor interpretaci\u00f3n junto con el resto de actrices de \u00abVolver\u00bb, de Pedro Almod\u00f3var.<\/p>\n<p>Due\u00f1as, ganadora tambi\u00e9n de dos premios Goya, se mete en la piel de una mujer solitaria dedicada a limpiar cuerpos en un dep\u00f3sito de cad\u00e1veres que se enamorar\u00e1 de un \u00abcasanova\u00bb de bajos vuelos (Laurent Lucas).<\/p>\n<p>Juntos emprender\u00e1n una vida de estafas para seducir y desplumar a mujeres fr\u00e1giles que los celos convertir\u00e1n en una secuencia de cr\u00edmenes con sangre a borbotones, una historia inspirada en una serie de cr\u00edmenes perpetrados entre 1947 y 1949 en Estados Unidos por Martha Beck y Raymond Fern\u00e1ndez.<\/p>\n<p>\u00abMartha quer\u00eda ser enfermera para salvar gente, pero como estaba gord\u00edsima nadie la contrataba y termin\u00f3 limpiando muertos en la morgue\u00bb, record\u00f3 Due\u00f1as, a quien el director encontr\u00f3 en un supermercado, la reconoci\u00f3 y la sigui\u00f3 hasta que decidi\u00f3 que ser\u00eda ella el primer nombre en los cr\u00e9ditos de \u00abAlleluia\u00bb.<\/p>\n<p>\u00abEs un director que cuida mucho a sus actores. Me sent\u00eda como una ni\u00f1a\u00bb, comenta la barcelonesa, de 42 a\u00f1os.<\/p>\n<p>La pel\u00edcula, dividida en cuatro actos, se rod\u00f3 en las Ardenas, en la frontera franco-belga, pero podr\u00eda ocurrir \u00aben cualquier parte y en cualquier idioma\u00bb.<\/p>\n<p>Se trata de una historia de 1 hora 35 minutos, quinto trabajo de Du Welz, que deja entrever el \u00abgrano\u00bb por algunos problemas t\u00e9cnicos ligados a un rodaje en 16 mil\u00edmetros, un efecto que agrada al cineasta porque persigue filmar \u00abpel\u00edculas org\u00e1nicas\u00bb y \u00abque huelan\u00bb.<\/p>\n<p>Y consigue ese efecto, con escenas c\u00f3mico-macabras regadas de sangre y con mucha interacci\u00f3n f\u00edsica entre los personajes, el de una Due\u00f1as que va quedando cegada por los celos y el de un Lucas, un admirador de Humphrey Bogart que no se puede o no quiere frenar la espiral de irracionalidad, sospechas y sangre fr\u00eda de su amada.<\/p>\n<p>\u00abA Fabrice (Du Welz) le encanta la sangre, puede que un poco demasiado\u00bb, agrega la espa\u00f1ola, que charla con la prensa sin haber podido visionar a\u00fan en pantalla grande la edici\u00f3n final que el director ha elegido para llevar al certamen mediterr\u00e1neo.<\/p>\n<p>Cuando el belga coment\u00f3 la pel\u00edcula con el p\u00fablico y cr\u00edtica de Cannes tras la proyecci\u00f3n, alguien lanz\u00f3 que destilaba algo de la pel\u00edcula \u00abFunny Games\u00bb, del tan laureado Michael Haneke.<\/p>\n<p>\u00abHay comparaciones peores\u00bb, dijo el director que, con todo el respeto, subray\u00f3 que el cine que quiere construir \u00abno tiene nada que ver con el suyo\u00bb.<\/p>\n<p>\u00abYo solo quiero hacer cine\u00bb, resumi\u00f3 el autor de \u00abCalvaire\u00bb, \u00abVinyan\u00bb y \u00abColt 45\u00bb.<\/p>\n<p>Due\u00f1as, que vive desde hace tres a\u00f1os en Par\u00eds y ya hab\u00eda rodado en franc\u00e9s, nunca se hab\u00eda enfrentado a un texto tan largo en la lengua de Moli\u00e8re, lo que le ha supuesto un desaf\u00edo extraordinario porque \u00abel espa\u00f1ol te sale del alma\u00bb.<\/p>\n<p>Y debe de sentirlo as\u00ed porque al llegar a la terraza de playa donde est\u00e1n programados los encuentros con los medios de comunicaci\u00f3n, se alegr\u00f3 efusivamente de encontrarse con periodistas espa\u00f1oles, por fin.<\/p>\n<p>La Quincena de Realizadores es una secci\u00f3n paralela al Festival de Cannes que busca funcionar como cuna de talentos y espacio abierto al cine menos convencional. Por su programa han pasado directores como Spike Lee, Francis Ford Coppola, su hija Sofia, Ken Loach o Martin Scorsese, entre otros.<\/p>\n<p>Por Javier Albisu.<\/p>\n<p>&nbsp;<\/p>\n","protected":false},"excerpt":{"rendered":"<p>Cannes (Francia), 22 may (EFE).- La espa\u00f1ola Lola Due\u00f1as se ha puesto a las \u00f3rdenes del belga Fabrice du Welz en \u00abAlleluia\u00bb, una cinta de amor, celos y soledad ba\u00f1ada con pinceladas de comedia negra que se estren\u00f3 hoy, con aplausos, en la Quincena de Realizadores, secci\u00f3n paralela del Festival de Cannes. \u00abEs una pel\u00edcula<\/p>\n","protected":false},"author":1,"featured_media":13655,"comment_status":"open","ping_status":"closed","sticky":false,"template":"","format":"standard","meta":{"footnotes":""},"categories":[224],"tags":[],"class_list":{"0":"post-13654","1":"post","2":"type-post","3":"status-publish","4":"format-standard","5":"has-post-thumbnail","7":"category-noticias-actualidad"},"aioseo_notices":[],"aioseo_head":"\n\t\t<!-- All in One SEO Pro 4.9.6.1 - aioseo.com -->\n\t<meta name=\"description\" content=\"Cannes (Francia), 22 may (EFE).- La espa\u00f1ola Lola Due\u00f1as se ha puesto a las \u00f3rdenes del belga Fabrice du Welz en &quot;Alleluia&quot;, una cinta de amor, celos y soledad ba\u00f1ada con pinceladas de comedia negra que se estren\u00f3 hoy, con aplausos, en la Quincena de Realizadores, secci\u00f3n paralela del Festival de Cannes. &quot;Es una pel\u00edcula\" \/>\n\t<meta name=\"robots\" content=\"max-image-preview:large\" \/>\n\t<meta name=\"author\" content=\"admin\"\/>\n\t<meta name=\"google-site-verification\" content=\"UA-38556648-1\" \/>\n\t<meta name=\"keywords\" content=\"noticias y actualidad\" \/>\n\t<link rel=\"canonical\" href=\"https:\/\/eldigitaldeasturias.com\/magazine365\/lola-duenas-protagoniza-en-cannes-un-terrorifico-relato-de-amor-alleluia\/\" \/>\n\t<meta name=\"generator\" content=\"All in One SEO Pro (AIOSEO) 4.9.6.1\" \/>\n\t\t<meta property=\"og:locale\" content=\"es_ES\" \/>\n\t\t<meta property=\"og:site_name\" content=\"El Digital de Asturias \u2013 Revista de ocio, turismo y estilo de vida\" \/>\n\t\t<meta property=\"og:type\" content=\"article\" \/>\n\t\t<meta property=\"og:title\" content=\"Lola Due\u00f1as protagoniza en Cannes un terror\u00edfico relato de amor, \u00abAlleluia\u00bb | El Digital de Asturias\" \/>\n\t\t<meta property=\"og:description\" content=\"Cannes (Francia), 22 may (EFE).- La espa\u00f1ola Lola Due\u00f1as se ha puesto a las \u00f3rdenes del belga Fabrice du Welz en &quot;Alleluia&quot;, una cinta de amor, celos y soledad ba\u00f1ada con pinceladas de comedia negra que se estren\u00f3 hoy, con aplausos, en la Quincena de Realizadores, secci\u00f3n paralela del Festival de Cannes. &quot;Es una pel\u00edcula\" \/>\n\t\t<meta property=\"og:url\" content=\"https:\/\/eldigitaldeasturias.com\/magazine365\/lola-duenas-protagoniza-en-cannes-un-terrorifico-relato-de-amor-alleluia\/\" \/>\n\t\t<meta property=\"og:image\" content=\"https:\/\/eldigitaldeasturias.com\/magazine365\/wp-content\/uploads\/2014\/05\/6289922w.jpg\" \/>\n\t\t<meta property=\"og:image:secure_url\" content=\"https:\/\/eldigitaldeasturias.com\/magazine365\/wp-content\/uploads\/2014\/05\/6289922w.jpg\" \/>\n\t\t<meta property=\"og:image:width\" content=\"800\" \/>\n\t\t<meta property=\"og:image:height\" content=\"556\" \/>\n\t\t<meta property=\"article:published_time\" content=\"2014-05-23T00:08:59+00:00\" \/>\n\t\t<meta property=\"article:modified_time\" content=\"2014-05-23T00:08:59+00:00\" \/>\n\t\t<meta name=\"twitter:card\" content=\"summary_large_image\" \/>\n\t\t<meta name=\"twitter:title\" content=\"Lola Due\u00f1as protagoniza en Cannes un terror\u00edfico relato de amor, \u00abAlleluia\u00bb | El Digital de Asturias\" \/>\n\t\t<meta name=\"twitter:description\" content=\"Cannes (Francia), 22 may (EFE).- La espa\u00f1ola Lola Due\u00f1as se ha puesto a las \u00f3rdenes del belga Fabrice du Welz en &quot;Alleluia&quot;, una cinta de amor, celos y soledad ba\u00f1ada con pinceladas de comedia negra que se estren\u00f3 hoy, con aplausos, en la Quincena de Realizadores, secci\u00f3n paralela del Festival de Cannes. &quot;Es una pel\u00edcula\" \/>\n\t\t<meta name=\"twitter:image\" content=\"https:\/\/eldigitaldeasturias.com\/magazine365\/wp-content\/uploads\/2014\/05\/6289922w.jpg\" \/>\n\t\t<script type=\"application\/ld+json\" class=\"aioseo-schema\">\n\t\t\t{\"@context\":\"https:\\\/\\\/schema.org\",\"@graph\":[{\"@type\":\"Article\",\"@id\":\"https:\\\/\\\/eldigitaldeasturias.com\\\/magazine365\\\/lola-duenas-protagoniza-en-cannes-un-terrorifico-relato-de-amor-alleluia\\\/#article\",\"name\":\"Lola Due\\u00f1as protagoniza en Cannes un terror\\u00edfico relato de amor, \\u00abAlleluia\\u00bb | El Digital de Asturias\",\"headline\":\"Lola Due\\u00f1as protagoniza en Cannes un terror\\u00edfico relato de amor, \\u00abAlleluia\\u00bb\",\"author\":{\"@id\":\"https:\\\/\\\/eldigitaldeasturias.com\\\/magazine365\\\/author\\\/admin\\\/#author\"},\"publisher\":{\"@id\":\"https:\\\/\\\/eldigitaldeasturias.com\\\/magazine365\\\/#organization\"},\"image\":{\"@type\":\"ImageObject\",\"url\":\"https:\\\/\\\/eldigitaldeasturias.com\\\/magazine365\\\/wp-content\\\/uploads\\\/2014\\\/05\\\/6289922w.jpg\",\"width\":800,\"height\":556},\"datePublished\":\"2014-05-22T22:08:59+02:00\",\"dateModified\":\"2014-05-22T22:08:59+02:00\",\"inLanguage\":\"es-ES\",\"mainEntityOfPage\":{\"@id\":\"https:\\\/\\\/eldigitaldeasturias.com\\\/magazine365\\\/lola-duenas-protagoniza-en-cannes-un-terrorifico-relato-de-amor-alleluia\\\/#webpage\"},\"isPartOf\":{\"@id\":\"https:\\\/\\\/eldigitaldeasturias.com\\\/magazine365\\\/lola-duenas-protagoniza-en-cannes-un-terrorifico-relato-de-amor-alleluia\\\/#webpage\"},\"articleSection\":\"Noticias y Actualidad\"},{\"@type\":\"BreadcrumbList\",\"@id\":\"https:\\\/\\\/eldigitaldeasturias.com\\\/magazine365\\\/lola-duenas-protagoniza-en-cannes-un-terrorifico-relato-de-amor-alleluia\\\/#breadcrumblist\",\"itemListElement\":[{\"@type\":\"ListItem\",\"@id\":\"https:\\\/\\\/eldigitaldeasturias.com\\\/magazine365#listItem\",\"position\":1,\"name\":\"Home\",\"item\":\"https:\\\/\\\/eldigitaldeasturias.com\\\/magazine365\",\"nextItem\":{\"@type\":\"ListItem\",\"@id\":\"https:\\\/\\\/eldigitaldeasturias.com\\\/magazine365\\\/category\\\/noticias-actualidad\\\/#listItem\",\"name\":\"Noticias y Actualidad\"}},{\"@type\":\"ListItem\",\"@id\":\"https:\\\/\\\/eldigitaldeasturias.com\\\/magazine365\\\/category\\\/noticias-actualidad\\\/#listItem\",\"position\":2,\"name\":\"Noticias y Actualidad\",\"item\":\"https:\\\/\\\/eldigitaldeasturias.com\\\/magazine365\\\/category\\\/noticias-actualidad\\\/\",\"nextItem\":{\"@type\":\"ListItem\",\"@id\":\"https:\\\/\\\/eldigitaldeasturias.com\\\/magazine365\\\/lola-duenas-protagoniza-en-cannes-un-terrorifico-relato-de-amor-alleluia\\\/#listItem\",\"name\":\"Lola Due\\u00f1as protagoniza en Cannes un terror\\u00edfico relato de amor, \\u00abAlleluia\\u00bb\"},\"previousItem\":{\"@type\":\"ListItem\",\"@id\":\"https:\\\/\\\/eldigitaldeasturias.com\\\/magazine365#listItem\",\"name\":\"Home\"}},{\"@type\":\"ListItem\",\"@id\":\"https:\\\/\\\/eldigitaldeasturias.com\\\/magazine365\\\/lola-duenas-protagoniza-en-cannes-un-terrorifico-relato-de-amor-alleluia\\\/#listItem\",\"position\":3,\"name\":\"Lola Due\\u00f1as protagoniza en Cannes un terror\\u00edfico relato de amor, \\u00abAlleluia\\u00bb\",\"previousItem\":{\"@type\":\"ListItem\",\"@id\":\"https:\\\/\\\/eldigitaldeasturias.com\\\/magazine365\\\/category\\\/noticias-actualidad\\\/#listItem\",\"name\":\"Noticias y Actualidad\"}}]},{\"@type\":\"Organization\",\"@id\":\"https:\\\/\\\/eldigitaldeasturias.com\\\/magazine365\\\/#organization\",\"name\":\"El digital de Asturias\",\"description\":\"Revista de ocio, turismo y estilo de vida\",\"url\":\"https:\\\/\\\/eldigitaldeasturias.com\\\/magazine365\\\/\",\"logo\":{\"@type\":\"ImageObject\",\"url\":\"https:\\\/\\\/www.eldigitaldeasturias.com\\\/noticias\\\/wp-content\\\/uploads\\\/2020\\\/12\\\/EDA.jpg\",\"@id\":\"https:\\\/\\\/eldigitaldeasturias.com\\\/magazine365\\\/lola-duenas-protagoniza-en-cannes-un-terrorifico-relato-de-amor-alleluia\\\/#organizationLogo\"},\"image\":{\"@id\":\"https:\\\/\\\/eldigitaldeasturias.com\\\/magazine365\\\/lola-duenas-protagoniza-en-cannes-un-terrorifico-relato-de-amor-alleluia\\\/#organizationLogo\"}},{\"@type\":\"Person\",\"@id\":\"https:\\\/\\\/eldigitaldeasturias.com\\\/magazine365\\\/author\\\/admin\\\/#author\",\"url\":\"https:\\\/\\\/eldigitaldeasturias.com\\\/magazine365\\\/author\\\/admin\\\/\",\"name\":\"admin\",\"image\":{\"@type\":\"ImageObject\",\"@id\":\"https:\\\/\\\/eldigitaldeasturias.com\\\/magazine365\\\/lola-duenas-protagoniza-en-cannes-un-terrorifico-relato-de-amor-alleluia\\\/#authorImage\",\"url\":\"https:\\\/\\\/eldigitaldeasturias.com\\\/magazine365\\\/wp-content\\\/litespeed\\\/avatar\\\/e571bcf59a0edd6fa6838245a470f2fe.jpg?ver=1776969259\",\"width\":96,\"height\":96,\"caption\":\"admin\"}},{\"@type\":\"WebPage\",\"@id\":\"https:\\\/\\\/eldigitaldeasturias.com\\\/magazine365\\\/lola-duenas-protagoniza-en-cannes-un-terrorifico-relato-de-amor-alleluia\\\/#webpage\",\"url\":\"https:\\\/\\\/eldigitaldeasturias.com\\\/magazine365\\\/lola-duenas-protagoniza-en-cannes-un-terrorifico-relato-de-amor-alleluia\\\/\",\"name\":\"Lola Due\\u00f1as protagoniza en Cannes un terror\\u00edfico relato de amor, \\u00abAlleluia\\u00bb | El Digital de Asturias\",\"description\":\"Cannes (Francia), 22 may (EFE).- La espa\\u00f1ola Lola Due\\u00f1as se ha puesto a las \\u00f3rdenes del belga Fabrice du Welz en \\\"Alleluia\\\", una cinta de amor, celos y soledad ba\\u00f1ada con pinceladas de comedia negra que se estren\\u00f3 hoy, con aplausos, en la Quincena de Realizadores, secci\\u00f3n paralela del Festival de Cannes. \\\"Es una pel\\u00edcula\",\"inLanguage\":\"es-ES\",\"isPartOf\":{\"@id\":\"https:\\\/\\\/eldigitaldeasturias.com\\\/magazine365\\\/#website\"},\"breadcrumb\":{\"@id\":\"https:\\\/\\\/eldigitaldeasturias.com\\\/magazine365\\\/lola-duenas-protagoniza-en-cannes-un-terrorifico-relato-de-amor-alleluia\\\/#breadcrumblist\"},\"author\":{\"@id\":\"https:\\\/\\\/eldigitaldeasturias.com\\\/magazine365\\\/author\\\/admin\\\/#author\"},\"creator\":{\"@id\":\"https:\\\/\\\/eldigitaldeasturias.com\\\/magazine365\\\/author\\\/admin\\\/#author\"},\"image\":{\"@type\":\"ImageObject\",\"url\":\"https:\\\/\\\/eldigitaldeasturias.com\\\/magazine365\\\/wp-content\\\/uploads\\\/2014\\\/05\\\/6289922w.jpg\",\"@id\":\"https:\\\/\\\/eldigitaldeasturias.com\\\/magazine365\\\/lola-duenas-protagoniza-en-cannes-un-terrorifico-relato-de-amor-alleluia\\\/#mainImage\",\"width\":800,\"height\":556},\"primaryImageOfPage\":{\"@id\":\"https:\\\/\\\/eldigitaldeasturias.com\\\/magazine365\\\/lola-duenas-protagoniza-en-cannes-un-terrorifico-relato-de-amor-alleluia\\\/#mainImage\"},\"datePublished\":\"2014-05-22T22:08:59+02:00\",\"dateModified\":\"2014-05-22T22:08:59+02:00\"},{\"@type\":\"WebSite\",\"@id\":\"https:\\\/\\\/eldigitaldeasturias.com\\\/magazine365\\\/#website\",\"url\":\"https:\\\/\\\/eldigitaldeasturias.com\\\/magazine365\\\/\",\"name\":\"El Digital de Asturias\",\"description\":\"Revista de ocio, turismo y estilo de vida\",\"inLanguage\":\"es-ES\",\"publisher\":{\"@id\":\"https:\\\/\\\/eldigitaldeasturias.com\\\/magazine365\\\/#organization\"}}]}\n\t\t<\/script>\n\t\t<!-- All in One SEO Pro -->\r\n\t\t<title>Lola Due\u00f1as protagoniza en Cannes un terror\u00edfico relato de amor, \u00abAlleluia\u00bb | El Digital de Asturias<\/title>\n\n","aioseo_head_json":{"title":"Lola Due\u00f1as protagoniza en Cannes un terror\u00edfico relato de amor, \u00abAlleluia\u00bb | El Digital de Asturias","description":"Cannes (Francia), 22 may (EFE).- La espa\u00f1ola Lola Due\u00f1as se ha puesto a las \u00f3rdenes del belga Fabrice du Welz en \"Alleluia\", una cinta de amor, celos y soledad ba\u00f1ada con pinceladas de comedia negra que se estren\u00f3 hoy, con aplausos, en la Quincena de Realizadores, secci\u00f3n paralela del Festival de Cannes. \"Es una pel\u00edcula","canonical_url":"https:\/\/eldigitaldeasturias.com\/magazine365\/lola-duenas-protagoniza-en-cannes-un-terrorifico-relato-de-amor-alleluia\/","robots":"max-image-preview:large","keywords":"noticias y actualidad","webmasterTools":{"google-site-verification":"UA-38556648-1","miscellaneous":""},"schema":{"@context":"https:\/\/schema.org","@graph":[{"@type":"Article","@id":"https:\/\/eldigitaldeasturias.com\/magazine365\/lola-duenas-protagoniza-en-cannes-un-terrorifico-relato-de-amor-alleluia\/#article","name":"Lola Due\u00f1as protagoniza en Cannes un terror\u00edfico relato de amor, \u00abAlleluia\u00bb | El Digital de Asturias","headline":"Lola Due\u00f1as protagoniza en Cannes un terror\u00edfico relato de amor, \u00abAlleluia\u00bb","author":{"@id":"https:\/\/eldigitaldeasturias.com\/magazine365\/author\/admin\/#author"},"publisher":{"@id":"https:\/\/eldigitaldeasturias.com\/magazine365\/#organization"},"image":{"@type":"ImageObject","url":"https:\/\/eldigitaldeasturias.com\/magazine365\/wp-content\/uploads\/2014\/05\/6289922w.jpg","width":800,"height":556},"datePublished":"2014-05-22T22:08:59+02:00","dateModified":"2014-05-22T22:08:59+02:00","inLanguage":"es-ES","mainEntityOfPage":{"@id":"https:\/\/eldigitaldeasturias.com\/magazine365\/lola-duenas-protagoniza-en-cannes-un-terrorifico-relato-de-amor-alleluia\/#webpage"},"isPartOf":{"@id":"https:\/\/eldigitaldeasturias.com\/magazine365\/lola-duenas-protagoniza-en-cannes-un-terrorifico-relato-de-amor-alleluia\/#webpage"},"articleSection":"Noticias y Actualidad"},{"@type":"BreadcrumbList","@id":"https:\/\/eldigitaldeasturias.com\/magazine365\/lola-duenas-protagoniza-en-cannes-un-terrorifico-relato-de-amor-alleluia\/#breadcrumblist","itemListElement":[{"@type":"ListItem","@id":"https:\/\/eldigitaldeasturias.com\/magazine365#listItem","position":1,"name":"Home","item":"https:\/\/eldigitaldeasturias.com\/magazine365","nextItem":{"@type":"ListItem","@id":"https:\/\/eldigitaldeasturias.com\/magazine365\/category\/noticias-actualidad\/#listItem","name":"Noticias y Actualidad"}},{"@type":"ListItem","@id":"https:\/\/eldigitaldeasturias.com\/magazine365\/category\/noticias-actualidad\/#listItem","position":2,"name":"Noticias y Actualidad","item":"https:\/\/eldigitaldeasturias.com\/magazine365\/category\/noticias-actualidad\/","nextItem":{"@type":"ListItem","@id":"https:\/\/eldigitaldeasturias.com\/magazine365\/lola-duenas-protagoniza-en-cannes-un-terrorifico-relato-de-amor-alleluia\/#listItem","name":"Lola Due\u00f1as protagoniza en Cannes un terror\u00edfico relato de amor, \u00abAlleluia\u00bb"},"previousItem":{"@type":"ListItem","@id":"https:\/\/eldigitaldeasturias.com\/magazine365#listItem","name":"Home"}},{"@type":"ListItem","@id":"https:\/\/eldigitaldeasturias.com\/magazine365\/lola-duenas-protagoniza-en-cannes-un-terrorifico-relato-de-amor-alleluia\/#listItem","position":3,"name":"Lola Due\u00f1as protagoniza en Cannes un terror\u00edfico relato de amor, \u00abAlleluia\u00bb","previousItem":{"@type":"ListItem","@id":"https:\/\/eldigitaldeasturias.com\/magazine365\/category\/noticias-actualidad\/#listItem","name":"Noticias y Actualidad"}}]},{"@type":"Organization","@id":"https:\/\/eldigitaldeasturias.com\/magazine365\/#organization","name":"El digital de Asturias","description":"Revista de ocio, turismo y estilo de vida","url":"https:\/\/eldigitaldeasturias.com\/magazine365\/","logo":{"@type":"ImageObject","url":"https:\/\/www.eldigitaldeasturias.com\/noticias\/wp-content\/uploads\/2020\/12\/EDA.jpg","@id":"https:\/\/eldigitaldeasturias.com\/magazine365\/lola-duenas-protagoniza-en-cannes-un-terrorifico-relato-de-amor-alleluia\/#organizationLogo"},"image":{"@id":"https:\/\/eldigitaldeasturias.com\/magazine365\/lola-duenas-protagoniza-en-cannes-un-terrorifico-relato-de-amor-alleluia\/#organizationLogo"}},{"@type":"Person","@id":"https:\/\/eldigitaldeasturias.com\/magazine365\/author\/admin\/#author","url":"https:\/\/eldigitaldeasturias.com\/magazine365\/author\/admin\/","name":"admin","image":{"@type":"ImageObject","@id":"https:\/\/eldigitaldeasturias.com\/magazine365\/lola-duenas-protagoniza-en-cannes-un-terrorifico-relato-de-amor-alleluia\/#authorImage","url":"https:\/\/eldigitaldeasturias.com\/magazine365\/wp-content\/litespeed\/avatar\/e571bcf59a0edd6fa6838245a470f2fe.jpg?ver=1776969259","width":96,"height":96,"caption":"admin"}},{"@type":"WebPage","@id":"https:\/\/eldigitaldeasturias.com\/magazine365\/lola-duenas-protagoniza-en-cannes-un-terrorifico-relato-de-amor-alleluia\/#webpage","url":"https:\/\/eldigitaldeasturias.com\/magazine365\/lola-duenas-protagoniza-en-cannes-un-terrorifico-relato-de-amor-alleluia\/","name":"Lola Due\u00f1as protagoniza en Cannes un terror\u00edfico relato de amor, \u00abAlleluia\u00bb | El Digital de Asturias","description":"Cannes (Francia), 22 may (EFE).- La espa\u00f1ola Lola Due\u00f1as se ha puesto a las \u00f3rdenes del belga Fabrice du Welz en \"Alleluia\", una cinta de amor, celos y soledad ba\u00f1ada con pinceladas de comedia negra que se estren\u00f3 hoy, con aplausos, en la Quincena de Realizadores, secci\u00f3n paralela del Festival de Cannes. \"Es una pel\u00edcula","inLanguage":"es-ES","isPartOf":{"@id":"https:\/\/eldigitaldeasturias.com\/magazine365\/#website"},"breadcrumb":{"@id":"https:\/\/eldigitaldeasturias.com\/magazine365\/lola-duenas-protagoniza-en-cannes-un-terrorifico-relato-de-amor-alleluia\/#breadcrumblist"},"author":{"@id":"https:\/\/eldigitaldeasturias.com\/magazine365\/author\/admin\/#author"},"creator":{"@id":"https:\/\/eldigitaldeasturias.com\/magazine365\/author\/admin\/#author"},"image":{"@type":"ImageObject","url":"https:\/\/eldigitaldeasturias.com\/magazine365\/wp-content\/uploads\/2014\/05\/6289922w.jpg","@id":"https:\/\/eldigitaldeasturias.com\/magazine365\/lola-duenas-protagoniza-en-cannes-un-terrorifico-relato-de-amor-alleluia\/#mainImage","width":800,"height":556},"primaryImageOfPage":{"@id":"https:\/\/eldigitaldeasturias.com\/magazine365\/lola-duenas-protagoniza-en-cannes-un-terrorifico-relato-de-amor-alleluia\/#mainImage"},"datePublished":"2014-05-22T22:08:59+02:00","dateModified":"2014-05-22T22:08:59+02:00"},{"@type":"WebSite","@id":"https:\/\/eldigitaldeasturias.com\/magazine365\/#website","url":"https:\/\/eldigitaldeasturias.com\/magazine365\/","name":"El Digital de Asturias","description":"Revista de ocio, turismo y estilo de vida","inLanguage":"es-ES","publisher":{"@id":"https:\/\/eldigitaldeasturias.com\/magazine365\/#organization"}}]},"og:locale":"es_ES","og:site_name":"El Digital de Asturias \u2013 Revista de ocio, turismo y estilo de vida","og:type":"article","og:title":"Lola Due\u00f1as protagoniza en Cannes un terror\u00edfico relato de amor, \u00abAlleluia\u00bb | El Digital de Asturias","og:description":"Cannes (Francia), 22 may (EFE).- La espa\u00f1ola Lola Due\u00f1as se ha puesto a las \u00f3rdenes del belga Fabrice du Welz en &quot;Alleluia&quot;, una cinta de amor, celos y soledad ba\u00f1ada con pinceladas de comedia negra que se estren\u00f3 hoy, con aplausos, en la Quincena de Realizadores, secci\u00f3n paralela del Festival de Cannes. &quot;Es una pel\u00edcula","og:url":"https:\/\/eldigitaldeasturias.com\/magazine365\/lola-duenas-protagoniza-en-cannes-un-terrorifico-relato-de-amor-alleluia\/","og:image":"https:\/\/eldigitaldeasturias.com\/magazine365\/wp-content\/uploads\/2014\/05\/6289922w.jpg","og:image:secure_url":"https:\/\/eldigitaldeasturias.com\/magazine365\/wp-content\/uploads\/2014\/05\/6289922w.jpg","og:image:width":800,"og:image:height":556,"article:published_time":"2014-05-23T00:08:59+00:00","article:modified_time":"2014-05-23T00:08:59+00:00","twitter:card":"summary_large_image","twitter:title":"Lola Due\u00f1as protagoniza en Cannes un terror\u00edfico relato de amor, \u00abAlleluia\u00bb | El Digital de Asturias","twitter:description":"Cannes (Francia), 22 may (EFE).- La espa\u00f1ola Lola Due\u00f1as se ha puesto a las \u00f3rdenes del belga Fabrice du Welz en &quot;Alleluia&quot;, una cinta de amor, celos y soledad ba\u00f1ada con pinceladas de comedia negra que se estren\u00f3 hoy, con aplausos, en la Quincena de Realizadores, secci\u00f3n paralela del Festival de Cannes. &quot;Es una pel\u00edcula","twitter:image":"https:\/\/eldigitaldeasturias.com\/magazine365\/wp-content\/uploads\/2014\/05\/6289922w.jpg"},"aioseo_meta_data":{"post_id":"13654","title":null,"description":null,"keywords":null,"keyphrases":null,"primary_term":null,"canonical_url":null,"og_title":null,"og_description":null,"og_object_type":"default","og_image_type":"default","og_image_url":null,"og_image_width":null,"og_image_height":null,"og_image_custom_url":null,"og_image_custom_fields":null,"og_video":null,"og_custom_url":null,"og_article_section":null,"og_article_tags":null,"twitter_use_og":false,"twitter_card":"default","twitter_image_type":"default","twitter_image_url":null,"twitter_image_custom_url":null,"twitter_image_custom_fields":null,"twitter_title":null,"twitter_description":null,"schema":{"blockGraphs":[],"customGraphs":[],"default":{"data":{"Article":[],"Course":[],"Dataset":[],"FAQPage":[],"Movie":[],"Person":[],"Product":[],"ProductReview":[],"Car":[],"Recipe":[],"Service":[],"SoftwareApplication":[],"WebPage":[]},"graphName":"","isEnabled":true},"graphs":[],"defaultGraph":"","defaultPostTypeGraph":""},"schema_type":null,"schema_type_options":null,"pillar_content":false,"robots_default":true,"robots_noindex":false,"robots_noarchive":false,"robots_nosnippet":false,"robots_nofollow":false,"robots_noimageindex":false,"robots_noodp":false,"robots_notranslate":false,"robots_max_snippet":null,"robots_max_videopreview":null,"robots_max_imagepreview":"large","priority":null,"frequency":null,"location":null,"local_seo":null,"seo_analyzer_scan_date":"2025-09-17 08:40:12","breadcrumb_settings":null,"limit_modified_date":false,"open_ai":null,"ai":null,"created":"2021-03-09 08:25:41","updated":"2025-09-17 08:40:12"},"aioseo_breadcrumb":"<div class=\"aioseo-breadcrumbs\"><span class=\"aioseo-breadcrumb\">\n\t<a href=\"https:\/\/eldigitaldeasturias.com\/magazine365\" title=\"Home\">Home<\/a>\n<\/span><span class=\"aioseo-breadcrumb-separator\">\u2013<\/span><span class=\"aioseo-breadcrumb\">\n\t<a href=\"https:\/\/eldigitaldeasturias.com\/magazine365\/category\/noticias-actualidad\/\" title=\"Noticias y Actualidad\">Noticias y Actualidad<\/a>\n<\/span><span class=\"aioseo-breadcrumb-separator\">\u2013<\/span><span class=\"aioseo-breadcrumb\">\n\t<a href=\"https:\/\/eldigitaldeasturias.com\/magazine365\/lola-duenas-protagoniza-en-cannes-un-terrorifico-relato-de-amor-alleluia\/\" title=\"Lola Due\u00f1as protagoniza en Cannes un terror\u00edfico relato de amor, \u00abAlleluia\u00bb\">Lola Due\u00f1as protagoniza en Cannes un terror\u00edfico relato de amor, \u00abAlleluia\u00bb<\/a>\n<\/span><\/div>","aioseo_breadcrumb_json":[{"label":"Home","link":"https:\/\/eldigitaldeasturias.com\/magazine365"},{"label":"Noticias y Actualidad","link":"https:\/\/eldigitaldeasturias.com\/magazine365\/category\/noticias-actualidad\/"},{"label":"Lola Due\u00f1as protagoniza en Cannes un terror\u00edfico relato de amor, \u00abAlleluia\u00bb","link":"https:\/\/eldigitaldeasturias.com\/magazine365\/lola-duenas-protagoniza-en-cannes-un-terrorifico-relato-de-amor-alleluia\/"}],"_links":{"self":[{"href":"https:\/\/eldigitaldeasturias.com\/magazine365\/wp-json\/wp\/v2\/posts\/13654","targetHints":{"allow":["GET"]}}],"collection":[{"href":"https:\/\/eldigitaldeasturias.com\/magazine365\/wp-json\/wp\/v2\/posts"}],"about":[{"href":"https:\/\/eldigitaldeasturias.com\/magazine365\/wp-json\/wp\/v2\/types\/post"}],"author":[{"embeddable":true,"href":"https:\/\/eldigitaldeasturias.com\/magazine365\/wp-json\/wp\/v2\/users\/1"}],"replies":[{"embeddable":true,"href":"https:\/\/eldigitaldeasturias.com\/magazine365\/wp-json\/wp\/v2\/comments?post=13654"}],"version-history":[{"count":0,"href":"https:\/\/eldigitaldeasturias.com\/magazine365\/wp-json\/wp\/v2\/posts\/13654\/revisions"}],"wp:featuredmedia":[{"embeddable":true,"href":"https:\/\/eldigitaldeasturias.com\/magazine365\/wp-json\/wp\/v2\/media\/13655"}],"wp:attachment":[{"href":"https:\/\/eldigitaldeasturias.com\/magazine365\/wp-json\/wp\/v2\/media?parent=13654"}],"wp:term":[{"taxonomy":"category","embeddable":true,"href":"https:\/\/eldigitaldeasturias.com\/magazine365\/wp-json\/wp\/v2\/categories?post=13654"},{"taxonomy":"post_tag","embeddable":true,"href":"https:\/\/eldigitaldeasturias.com\/magazine365\/wp-json\/wp\/v2\/tags?post=13654"}],"curies":[{"name":"wp","href":"https:\/\/api.w.org\/{rel}","templated":true}]}}