{"id":13648,"date":"2014-05-22T22:04:27","date_gmt":"2014-05-23T00:04:27","guid":{"rendered":"http:\/\/eldigitaldeasturias.com\/magazine365\/?p=13648"},"modified":"2014-05-22T22:04:27","modified_gmt":"2014-05-23T00:04:27","slug":"merkel-protagonista-de-una-satira-politica-en-alemania","status":"publish","type":"post","link":"https:\/\/eldigitaldeasturias.com\/magazine365\/merkel-protagonista-de-una-satira-politica-en-alemania\/","title":{"rendered":"Merkel, protagonista de una s\u00e1tira pol\u00edtica en Alemania"},"content":{"rendered":"<p><img fetchpriority=\"high\" decoding=\"async\" class=\"alignleft size-medium wp-image-13649\" alt=\"6289627w\" src=\"https:\/\/eldigitaldeasturias.com\/magazine365\/wp-content\/uploads\/2014\/05\/6289627w-360x231.jpg\" width=\"360\" height=\"231\" srcset=\"https:\/\/eldigitaldeasturias.com\/magazine365\/wp-content\/uploads\/2014\/05\/6289627w-360x231.jpg 360w, https:\/\/eldigitaldeasturias.com\/magazine365\/wp-content\/uploads\/2014\/05\/6289627w-650x418.jpg 650w, https:\/\/eldigitaldeasturias.com\/magazine365\/wp-content\/uploads\/2014\/05\/6289627w-768x493.jpg 768w, https:\/\/eldigitaldeasturias.com\/magazine365\/wp-content\/uploads\/2014\/05\/6289627w-150x96.jpg 150w, https:\/\/eldigitaldeasturias.com\/magazine365\/wp-content\/uploads\/2014\/05\/6289627w-450x289.jpg 450w, https:\/\/eldigitaldeasturias.com\/magazine365\/wp-content\/uploads\/2014\/05\/6289627w-696x447.jpg 696w, https:\/\/eldigitaldeasturias.com\/magazine365\/wp-content\/uploads\/2014\/05\/6289627w-654x420.jpg 654w, https:\/\/eldigitaldeasturias.com\/magazine365\/wp-content\/uploads\/2014\/05\/6289627w-225x145.jpg 225w, https:\/\/eldigitaldeasturias.com\/magazine365\/wp-content\/uploads\/2014\/05\/6289627w-84x55.jpg 84w, https:\/\/eldigitaldeasturias.com\/magazine365\/wp-content\/uploads\/2014\/05\/6289627w.jpg 800w\" sizes=\"(max-width: 360px) 100vw, 360px\" \/>Berl\u00edn, 22 may (EFE).- El Festival de teatro del Ruhr, que se celebra en la localidad de Recklinghausen (oeste de Alemania), acoge la presentaci\u00f3n de la obra de teatro \u00abMutti\u00bb (\u00abMami\u00bb) que tiene a la canciller Angela Merkel como protagonista.<\/p>\n<p>El texto, creado por las escritoras alemanas Juli Zehs y Charlotte Roos, es una s\u00e1tira pol\u00edtica en la que Merkel se ve obligada a asistir a una terapia de grupo con sus colaboradores m\u00e1s cercanos sobre el fondo de la final del Mundial de F\u00fatbol de Brasil, que tendr\u00e1 lugar el pr\u00f3ximo verano.<\/p>\n<p>El portavoz del Gobierno alem\u00e1n, Steffan Seibert, descart\u00f3 ayer en Berl\u00edn que la dirigente vaya a asistir a la representaci\u00f3n debido a su apretada agenda.<\/p>\n<p>\u00abNo, seguro que la canciller no ver\u00e1 la pieza en Recklinghausen\u00bb apunt\u00f3 Seibert, que argument\u00f3 que \u00abtampoco presencia, por falta de tiempo, el 99,9 por ciento del resto de obras que se estrenan\u00bb.<\/p>\n<p>Seibert tambi\u00e9n neg\u00f3 que Merkel est\u00e9 disgustada por convertirse en el personaje principal de una s\u00e1tira.<\/p>\n<p>\u00abEn este pa\u00eds tenemos libertad de expresi\u00f3n y libertad art\u00edstica. Esto es de gran valor para el Gobierno y para la canciller personalmente\u00bb apunt\u00f3 el portavoz gubernamental.<\/p>\n<p>No se trata de la primera vez que la canciller alemana se convierte en la inspiraci\u00f3n principal para una representaci\u00f3n teatral.<\/p>\n<p>En \u00abDie Kanzlerfl\u00fcsterer\u00bb (\u00abEl hombre que susurraba al o\u00eddo de la canciller\u00bb), del autor Martin Maier-Bode y presente desde hace m\u00e1s de un a\u00f1o en un c\u00e9ntrico teatro de variedades berlin\u00e9s, el personaje principal es uno de los consejeros personales de la jefa del Gobierno.<\/p>\n<p>En su af\u00e1n por conocer los deseos y pensamientos de los ciudadanos para as\u00ed ganarse su apoyo y sus votos, decide lanzarse a la calle donde conocer\u00e1 a diferentes personas que lo conducir\u00e1n a enfrentarse a las repercusiones que realmente provocan las pol\u00edticas gubernamentales.<\/p>\n<p>Juli Zeh, una de las autoras de Mutti, es m\u00e1s conocida como novelista y tambi\u00e9n por sus intervenciones en discusiones p\u00fablicas como, por ejemplo, en el debate sobre el espionaje sistem\u00e1tico de ciudadanos alemanes por parte de los servicios de inteligencia de EEUU.<\/p>\n","protected":false},"excerpt":{"rendered":"<p>Berl\u00edn, 22 may (EFE).- El Festival de teatro del Ruhr, que se celebra en la localidad de Recklinghausen (oeste de Alemania), acoge la presentaci\u00f3n de la obra de teatro \u00abMutti\u00bb (\u00abMami\u00bb) que tiene a la canciller Angela Merkel como protagonista. El texto, creado por las escritoras alemanas Juli Zehs y Charlotte Roos, es una s\u00e1tira<\/p>\n","protected":false},"author":1,"featured_media":13649,"comment_status":"open","ping_status":"closed","sticky":false,"template":"","format":"standard","meta":{"footnotes":""},"categories":[224],"tags":[],"class_list":{"0":"post-13648","1":"post","2":"type-post","3":"status-publish","4":"format-standard","5":"has-post-thumbnail","7":"category-noticias-actualidad"},"aioseo_notices":[],"aioseo_head":"\n\t\t<!-- All in One SEO Pro 4.9.6.1 - aioseo.com -->\n\t<meta name=\"description\" content=\"Berl\u00edn, 22 may (EFE).- El Festival de teatro del Ruhr, que se celebra en la localidad de Recklinghausen (oeste de Alemania), acoge la presentaci\u00f3n de la obra de teatro &quot;Mutti&quot; (&quot;Mami&quot;) que tiene a la canciller Angela Merkel como protagonista. El texto, creado por las escritoras alemanas Juli Zehs y Charlotte Roos, es una s\u00e1tira\" \/>\n\t<meta name=\"robots\" content=\"max-image-preview:large\" \/>\n\t<meta name=\"author\" content=\"admin\"\/>\n\t<meta name=\"google-site-verification\" content=\"UA-38556648-1\" \/>\n\t<meta name=\"keywords\" content=\"noticias y actualidad\" \/>\n\t<link rel=\"canonical\" href=\"https:\/\/eldigitaldeasturias.com\/magazine365\/merkel-protagonista-de-una-satira-politica-en-alemania\/\" \/>\n\t<meta name=\"generator\" content=\"All in One SEO Pro (AIOSEO) 4.9.6.1\" \/>\n\t\t<meta property=\"og:locale\" content=\"es_ES\" \/>\n\t\t<meta property=\"og:site_name\" content=\"El Digital de Asturias \u2013 Revista de ocio, turismo y estilo de vida\" \/>\n\t\t<meta property=\"og:type\" content=\"article\" \/>\n\t\t<meta property=\"og:title\" content=\"Merkel, protagonista de una s\u00e1tira pol\u00edtica en Alemania | El Digital de Asturias\" \/>\n\t\t<meta property=\"og:description\" content=\"Berl\u00edn, 22 may (EFE).- El Festival de teatro del Ruhr, que se celebra en la localidad de Recklinghausen (oeste de Alemania), acoge la presentaci\u00f3n de la obra de teatro &quot;Mutti&quot; (&quot;Mami&quot;) que tiene a la canciller Angela Merkel como protagonista. El texto, creado por las escritoras alemanas Juli Zehs y Charlotte Roos, es una s\u00e1tira\" \/>\n\t\t<meta property=\"og:url\" content=\"https:\/\/eldigitaldeasturias.com\/magazine365\/merkel-protagonista-de-una-satira-politica-en-alemania\/\" \/>\n\t\t<meta property=\"og:image\" content=\"https:\/\/eldigitaldeasturias.com\/magazine365\/wp-content\/uploads\/2014\/05\/6289627w.jpg\" \/>\n\t\t<meta property=\"og:image:secure_url\" content=\"https:\/\/eldigitaldeasturias.com\/magazine365\/wp-content\/uploads\/2014\/05\/6289627w.jpg\" \/>\n\t\t<meta property=\"og:image:width\" content=\"800\" \/>\n\t\t<meta property=\"og:image:height\" content=\"514\" \/>\n\t\t<meta property=\"article:published_time\" content=\"2014-05-23T00:04:27+00:00\" \/>\n\t\t<meta property=\"article:modified_time\" content=\"2014-05-23T00:04:27+00:00\" \/>\n\t\t<meta name=\"twitter:card\" content=\"summary_large_image\" \/>\n\t\t<meta name=\"twitter:title\" content=\"Merkel, protagonista de una s\u00e1tira pol\u00edtica en Alemania | El Digital de Asturias\" \/>\n\t\t<meta name=\"twitter:description\" content=\"Berl\u00edn, 22 may (EFE).- El Festival de teatro del Ruhr, que se celebra en la localidad de Recklinghausen (oeste de Alemania), acoge la presentaci\u00f3n de la obra de teatro &quot;Mutti&quot; (&quot;Mami&quot;) que tiene a la canciller Angela Merkel como protagonista. El texto, creado por las escritoras alemanas Juli Zehs y Charlotte Roos, es una s\u00e1tira\" \/>\n\t\t<meta name=\"twitter:image\" content=\"https:\/\/eldigitaldeasturias.com\/magazine365\/wp-content\/uploads\/2014\/05\/6289627w.jpg\" \/>\n\t\t<script type=\"application\/ld+json\" class=\"aioseo-schema\">\n\t\t\t{\"@context\":\"https:\\\/\\\/schema.org\",\"@graph\":[{\"@type\":\"Article\",\"@id\":\"https:\\\/\\\/eldigitaldeasturias.com\\\/magazine365\\\/merkel-protagonista-de-una-satira-politica-en-alemania\\\/#article\",\"name\":\"Merkel, protagonista de una s\\u00e1tira pol\\u00edtica en Alemania | El Digital de Asturias\",\"headline\":\"Merkel, protagonista de una s\\u00e1tira pol\\u00edtica en Alemania\",\"author\":{\"@id\":\"https:\\\/\\\/eldigitaldeasturias.com\\\/magazine365\\\/author\\\/admin\\\/#author\"},\"publisher\":{\"@id\":\"https:\\\/\\\/eldigitaldeasturias.com\\\/magazine365\\\/#organization\"},\"image\":{\"@type\":\"ImageObject\",\"url\":\"https:\\\/\\\/eldigitaldeasturias.com\\\/magazine365\\\/wp-content\\\/uploads\\\/2014\\\/05\\\/6289627w.jpg\",\"width\":800,\"height\":514},\"datePublished\":\"2014-05-22T22:04:27+02:00\",\"dateModified\":\"2014-05-22T22:04:27+02:00\",\"inLanguage\":\"es-ES\",\"mainEntityOfPage\":{\"@id\":\"https:\\\/\\\/eldigitaldeasturias.com\\\/magazine365\\\/merkel-protagonista-de-una-satira-politica-en-alemania\\\/#webpage\"},\"isPartOf\":{\"@id\":\"https:\\\/\\\/eldigitaldeasturias.com\\\/magazine365\\\/merkel-protagonista-de-una-satira-politica-en-alemania\\\/#webpage\"},\"articleSection\":\"Noticias y Actualidad\"},{\"@type\":\"BreadcrumbList\",\"@id\":\"https:\\\/\\\/eldigitaldeasturias.com\\\/magazine365\\\/merkel-protagonista-de-una-satira-politica-en-alemania\\\/#breadcrumblist\",\"itemListElement\":[{\"@type\":\"ListItem\",\"@id\":\"https:\\\/\\\/eldigitaldeasturias.com\\\/magazine365#listItem\",\"position\":1,\"name\":\"Home\",\"item\":\"https:\\\/\\\/eldigitaldeasturias.com\\\/magazine365\",\"nextItem\":{\"@type\":\"ListItem\",\"@id\":\"https:\\\/\\\/eldigitaldeasturias.com\\\/magazine365\\\/category\\\/noticias-actualidad\\\/#listItem\",\"name\":\"Noticias y Actualidad\"}},{\"@type\":\"ListItem\",\"@id\":\"https:\\\/\\\/eldigitaldeasturias.com\\\/magazine365\\\/category\\\/noticias-actualidad\\\/#listItem\",\"position\":2,\"name\":\"Noticias y Actualidad\",\"item\":\"https:\\\/\\\/eldigitaldeasturias.com\\\/magazine365\\\/category\\\/noticias-actualidad\\\/\",\"nextItem\":{\"@type\":\"ListItem\",\"@id\":\"https:\\\/\\\/eldigitaldeasturias.com\\\/magazine365\\\/merkel-protagonista-de-una-satira-politica-en-alemania\\\/#listItem\",\"name\":\"Merkel, protagonista de una s\\u00e1tira pol\\u00edtica en Alemania\"},\"previousItem\":{\"@type\":\"ListItem\",\"@id\":\"https:\\\/\\\/eldigitaldeasturias.com\\\/magazine365#listItem\",\"name\":\"Home\"}},{\"@type\":\"ListItem\",\"@id\":\"https:\\\/\\\/eldigitaldeasturias.com\\\/magazine365\\\/merkel-protagonista-de-una-satira-politica-en-alemania\\\/#listItem\",\"position\":3,\"name\":\"Merkel, protagonista de una s\\u00e1tira pol\\u00edtica en Alemania\",\"previousItem\":{\"@type\":\"ListItem\",\"@id\":\"https:\\\/\\\/eldigitaldeasturias.com\\\/magazine365\\\/category\\\/noticias-actualidad\\\/#listItem\",\"name\":\"Noticias y Actualidad\"}}]},{\"@type\":\"Organization\",\"@id\":\"https:\\\/\\\/eldigitaldeasturias.com\\\/magazine365\\\/#organization\",\"name\":\"El digital de Asturias\",\"description\":\"Revista de ocio, turismo y estilo de vida\",\"url\":\"https:\\\/\\\/eldigitaldeasturias.com\\\/magazine365\\\/\",\"logo\":{\"@type\":\"ImageObject\",\"url\":\"https:\\\/\\\/www.eldigitaldeasturias.com\\\/noticias\\\/wp-content\\\/uploads\\\/2020\\\/12\\\/EDA.jpg\",\"@id\":\"https:\\\/\\\/eldigitaldeasturias.com\\\/magazine365\\\/merkel-protagonista-de-una-satira-politica-en-alemania\\\/#organizationLogo\"},\"image\":{\"@id\":\"https:\\\/\\\/eldigitaldeasturias.com\\\/magazine365\\\/merkel-protagonista-de-una-satira-politica-en-alemania\\\/#organizationLogo\"}},{\"@type\":\"Person\",\"@id\":\"https:\\\/\\\/eldigitaldeasturias.com\\\/magazine365\\\/author\\\/admin\\\/#author\",\"url\":\"https:\\\/\\\/eldigitaldeasturias.com\\\/magazine365\\\/author\\\/admin\\\/\",\"name\":\"admin\",\"image\":{\"@type\":\"ImageObject\",\"@id\":\"https:\\\/\\\/eldigitaldeasturias.com\\\/magazine365\\\/merkel-protagonista-de-una-satira-politica-en-alemania\\\/#authorImage\",\"url\":\"https:\\\/\\\/eldigitaldeasturias.com\\\/magazine365\\\/wp-content\\\/litespeed\\\/avatar\\\/e571bcf59a0edd6fa6838245a470f2fe.jpg?ver=1776969259\",\"width\":96,\"height\":96,\"caption\":\"admin\"}},{\"@type\":\"WebPage\",\"@id\":\"https:\\\/\\\/eldigitaldeasturias.com\\\/magazine365\\\/merkel-protagonista-de-una-satira-politica-en-alemania\\\/#webpage\",\"url\":\"https:\\\/\\\/eldigitaldeasturias.com\\\/magazine365\\\/merkel-protagonista-de-una-satira-politica-en-alemania\\\/\",\"name\":\"Merkel, protagonista de una s\\u00e1tira pol\\u00edtica en Alemania | El Digital de Asturias\",\"description\":\"Berl\\u00edn, 22 may (EFE).- El Festival de teatro del Ruhr, que se celebra en la localidad de Recklinghausen (oeste de Alemania), acoge la presentaci\\u00f3n de la obra de teatro \\\"Mutti\\\" (\\\"Mami\\\") que tiene a la canciller Angela Merkel como protagonista. El texto, creado por las escritoras alemanas Juli Zehs y Charlotte Roos, es una s\\u00e1tira\",\"inLanguage\":\"es-ES\",\"isPartOf\":{\"@id\":\"https:\\\/\\\/eldigitaldeasturias.com\\\/magazine365\\\/#website\"},\"breadcrumb\":{\"@id\":\"https:\\\/\\\/eldigitaldeasturias.com\\\/magazine365\\\/merkel-protagonista-de-una-satira-politica-en-alemania\\\/#breadcrumblist\"},\"author\":{\"@id\":\"https:\\\/\\\/eldigitaldeasturias.com\\\/magazine365\\\/author\\\/admin\\\/#author\"},\"creator\":{\"@id\":\"https:\\\/\\\/eldigitaldeasturias.com\\\/magazine365\\\/author\\\/admin\\\/#author\"},\"image\":{\"@type\":\"ImageObject\",\"url\":\"https:\\\/\\\/eldigitaldeasturias.com\\\/magazine365\\\/wp-content\\\/uploads\\\/2014\\\/05\\\/6289627w.jpg\",\"@id\":\"https:\\\/\\\/eldigitaldeasturias.com\\\/magazine365\\\/merkel-protagonista-de-una-satira-politica-en-alemania\\\/#mainImage\",\"width\":800,\"height\":514},\"primaryImageOfPage\":{\"@id\":\"https:\\\/\\\/eldigitaldeasturias.com\\\/magazine365\\\/merkel-protagonista-de-una-satira-politica-en-alemania\\\/#mainImage\"},\"datePublished\":\"2014-05-22T22:04:27+02:00\",\"dateModified\":\"2014-05-22T22:04:27+02:00\"},{\"@type\":\"WebSite\",\"@id\":\"https:\\\/\\\/eldigitaldeasturias.com\\\/magazine365\\\/#website\",\"url\":\"https:\\\/\\\/eldigitaldeasturias.com\\\/magazine365\\\/\",\"name\":\"El Digital de Asturias\",\"description\":\"Revista de ocio, turismo y estilo de vida\",\"inLanguage\":\"es-ES\",\"publisher\":{\"@id\":\"https:\\\/\\\/eldigitaldeasturias.com\\\/magazine365\\\/#organization\"}}]}\n\t\t<\/script>\n\t\t<!-- All in One SEO Pro -->\r\n\t\t<title>Merkel, protagonista de una s\u00e1tira pol\u00edtica en Alemania | El Digital de Asturias<\/title>\n\n","aioseo_head_json":{"title":"Merkel, protagonista de una s\u00e1tira pol\u00edtica en Alemania | El Digital de Asturias","description":"Berl\u00edn, 22 may (EFE).- El Festival de teatro del Ruhr, que se celebra en la localidad de Recklinghausen (oeste de Alemania), acoge la presentaci\u00f3n de la obra de teatro \"Mutti\" (\"Mami\") que tiene a la canciller Angela Merkel como protagonista. El texto, creado por las escritoras alemanas Juli Zehs y Charlotte Roos, es una s\u00e1tira","canonical_url":"https:\/\/eldigitaldeasturias.com\/magazine365\/merkel-protagonista-de-una-satira-politica-en-alemania\/","robots":"max-image-preview:large","keywords":"noticias y actualidad","webmasterTools":{"google-site-verification":"UA-38556648-1","miscellaneous":""},"schema":{"@context":"https:\/\/schema.org","@graph":[{"@type":"Article","@id":"https:\/\/eldigitaldeasturias.com\/magazine365\/merkel-protagonista-de-una-satira-politica-en-alemania\/#article","name":"Merkel, protagonista de una s\u00e1tira pol\u00edtica en Alemania | El Digital de Asturias","headline":"Merkel, protagonista de una s\u00e1tira pol\u00edtica en Alemania","author":{"@id":"https:\/\/eldigitaldeasturias.com\/magazine365\/author\/admin\/#author"},"publisher":{"@id":"https:\/\/eldigitaldeasturias.com\/magazine365\/#organization"},"image":{"@type":"ImageObject","url":"https:\/\/eldigitaldeasturias.com\/magazine365\/wp-content\/uploads\/2014\/05\/6289627w.jpg","width":800,"height":514},"datePublished":"2014-05-22T22:04:27+02:00","dateModified":"2014-05-22T22:04:27+02:00","inLanguage":"es-ES","mainEntityOfPage":{"@id":"https:\/\/eldigitaldeasturias.com\/magazine365\/merkel-protagonista-de-una-satira-politica-en-alemania\/#webpage"},"isPartOf":{"@id":"https:\/\/eldigitaldeasturias.com\/magazine365\/merkel-protagonista-de-una-satira-politica-en-alemania\/#webpage"},"articleSection":"Noticias y Actualidad"},{"@type":"BreadcrumbList","@id":"https:\/\/eldigitaldeasturias.com\/magazine365\/merkel-protagonista-de-una-satira-politica-en-alemania\/#breadcrumblist","itemListElement":[{"@type":"ListItem","@id":"https:\/\/eldigitaldeasturias.com\/magazine365#listItem","position":1,"name":"Home","item":"https:\/\/eldigitaldeasturias.com\/magazine365","nextItem":{"@type":"ListItem","@id":"https:\/\/eldigitaldeasturias.com\/magazine365\/category\/noticias-actualidad\/#listItem","name":"Noticias y Actualidad"}},{"@type":"ListItem","@id":"https:\/\/eldigitaldeasturias.com\/magazine365\/category\/noticias-actualidad\/#listItem","position":2,"name":"Noticias y Actualidad","item":"https:\/\/eldigitaldeasturias.com\/magazine365\/category\/noticias-actualidad\/","nextItem":{"@type":"ListItem","@id":"https:\/\/eldigitaldeasturias.com\/magazine365\/merkel-protagonista-de-una-satira-politica-en-alemania\/#listItem","name":"Merkel, protagonista de una s\u00e1tira pol\u00edtica en Alemania"},"previousItem":{"@type":"ListItem","@id":"https:\/\/eldigitaldeasturias.com\/magazine365#listItem","name":"Home"}},{"@type":"ListItem","@id":"https:\/\/eldigitaldeasturias.com\/magazine365\/merkel-protagonista-de-una-satira-politica-en-alemania\/#listItem","position":3,"name":"Merkel, protagonista de una s\u00e1tira pol\u00edtica en Alemania","previousItem":{"@type":"ListItem","@id":"https:\/\/eldigitaldeasturias.com\/magazine365\/category\/noticias-actualidad\/#listItem","name":"Noticias y Actualidad"}}]},{"@type":"Organization","@id":"https:\/\/eldigitaldeasturias.com\/magazine365\/#organization","name":"El digital de Asturias","description":"Revista de ocio, turismo y estilo de vida","url":"https:\/\/eldigitaldeasturias.com\/magazine365\/","logo":{"@type":"ImageObject","url":"https:\/\/www.eldigitaldeasturias.com\/noticias\/wp-content\/uploads\/2020\/12\/EDA.jpg","@id":"https:\/\/eldigitaldeasturias.com\/magazine365\/merkel-protagonista-de-una-satira-politica-en-alemania\/#organizationLogo"},"image":{"@id":"https:\/\/eldigitaldeasturias.com\/magazine365\/merkel-protagonista-de-una-satira-politica-en-alemania\/#organizationLogo"}},{"@type":"Person","@id":"https:\/\/eldigitaldeasturias.com\/magazine365\/author\/admin\/#author","url":"https:\/\/eldigitaldeasturias.com\/magazine365\/author\/admin\/","name":"admin","image":{"@type":"ImageObject","@id":"https:\/\/eldigitaldeasturias.com\/magazine365\/merkel-protagonista-de-una-satira-politica-en-alemania\/#authorImage","url":"https:\/\/eldigitaldeasturias.com\/magazine365\/wp-content\/litespeed\/avatar\/e571bcf59a0edd6fa6838245a470f2fe.jpg?ver=1776969259","width":96,"height":96,"caption":"admin"}},{"@type":"WebPage","@id":"https:\/\/eldigitaldeasturias.com\/magazine365\/merkel-protagonista-de-una-satira-politica-en-alemania\/#webpage","url":"https:\/\/eldigitaldeasturias.com\/magazine365\/merkel-protagonista-de-una-satira-politica-en-alemania\/","name":"Merkel, protagonista de una s\u00e1tira pol\u00edtica en Alemania | El Digital de Asturias","description":"Berl\u00edn, 22 may (EFE).- El Festival de teatro del Ruhr, que se celebra en la localidad de Recklinghausen (oeste de Alemania), acoge la presentaci\u00f3n de la obra de teatro \"Mutti\" (\"Mami\") que tiene a la canciller Angela Merkel como protagonista. El texto, creado por las escritoras alemanas Juli Zehs y Charlotte Roos, es una s\u00e1tira","inLanguage":"es-ES","isPartOf":{"@id":"https:\/\/eldigitaldeasturias.com\/magazine365\/#website"},"breadcrumb":{"@id":"https:\/\/eldigitaldeasturias.com\/magazine365\/merkel-protagonista-de-una-satira-politica-en-alemania\/#breadcrumblist"},"author":{"@id":"https:\/\/eldigitaldeasturias.com\/magazine365\/author\/admin\/#author"},"creator":{"@id":"https:\/\/eldigitaldeasturias.com\/magazine365\/author\/admin\/#author"},"image":{"@type":"ImageObject","url":"https:\/\/eldigitaldeasturias.com\/magazine365\/wp-content\/uploads\/2014\/05\/6289627w.jpg","@id":"https:\/\/eldigitaldeasturias.com\/magazine365\/merkel-protagonista-de-una-satira-politica-en-alemania\/#mainImage","width":800,"height":514},"primaryImageOfPage":{"@id":"https:\/\/eldigitaldeasturias.com\/magazine365\/merkel-protagonista-de-una-satira-politica-en-alemania\/#mainImage"},"datePublished":"2014-05-22T22:04:27+02:00","dateModified":"2014-05-22T22:04:27+02:00"},{"@type":"WebSite","@id":"https:\/\/eldigitaldeasturias.com\/magazine365\/#website","url":"https:\/\/eldigitaldeasturias.com\/magazine365\/","name":"El Digital de Asturias","description":"Revista de ocio, turismo y estilo de vida","inLanguage":"es-ES","publisher":{"@id":"https:\/\/eldigitaldeasturias.com\/magazine365\/#organization"}}]},"og:locale":"es_ES","og:site_name":"El Digital de Asturias \u2013 Revista de ocio, turismo y estilo de vida","og:type":"article","og:title":"Merkel, protagonista de una s\u00e1tira pol\u00edtica en Alemania | El Digital de Asturias","og:description":"Berl\u00edn, 22 may (EFE).- El Festival de teatro del Ruhr, que se celebra en la localidad de Recklinghausen (oeste de Alemania), acoge la presentaci\u00f3n de la obra de teatro &quot;Mutti&quot; (&quot;Mami&quot;) que tiene a la canciller Angela Merkel como protagonista. El texto, creado por las escritoras alemanas Juli Zehs y Charlotte Roos, es una s\u00e1tira","og:url":"https:\/\/eldigitaldeasturias.com\/magazine365\/merkel-protagonista-de-una-satira-politica-en-alemania\/","og:image":"https:\/\/eldigitaldeasturias.com\/magazine365\/wp-content\/uploads\/2014\/05\/6289627w.jpg","og:image:secure_url":"https:\/\/eldigitaldeasturias.com\/magazine365\/wp-content\/uploads\/2014\/05\/6289627w.jpg","og:image:width":800,"og:image:height":514,"article:published_time":"2014-05-23T00:04:27+00:00","article:modified_time":"2014-05-23T00:04:27+00:00","twitter:card":"summary_large_image","twitter:title":"Merkel, protagonista de una s\u00e1tira pol\u00edtica en Alemania | El Digital de Asturias","twitter:description":"Berl\u00edn, 22 may (EFE).- El Festival de teatro del Ruhr, que se celebra en la localidad de Recklinghausen (oeste de Alemania), acoge la presentaci\u00f3n de la obra de teatro &quot;Mutti&quot; (&quot;Mami&quot;) que tiene a la canciller Angela Merkel como protagonista. El texto, creado por las escritoras alemanas Juli Zehs y Charlotte Roos, es una s\u00e1tira","twitter:image":"https:\/\/eldigitaldeasturias.com\/magazine365\/wp-content\/uploads\/2014\/05\/6289627w.jpg"},"aioseo_meta_data":{"post_id":"13648","title":null,"description":null,"keywords":null,"keyphrases":null,"primary_term":null,"canonical_url":null,"og_title":null,"og_description":null,"og_object_type":"default","og_image_type":"default","og_image_url":null,"og_image_width":null,"og_image_height":null,"og_image_custom_url":null,"og_image_custom_fields":null,"og_video":null,"og_custom_url":null,"og_article_section":null,"og_article_tags":null,"twitter_use_og":false,"twitter_card":"default","twitter_image_type":"default","twitter_image_url":null,"twitter_image_custom_url":null,"twitter_image_custom_fields":null,"twitter_title":null,"twitter_description":null,"schema":{"blockGraphs":[],"customGraphs":[],"default":{"data":{"Article":[],"Course":[],"Dataset":[],"FAQPage":[],"Movie":[],"Person":[],"Product":[],"ProductReview":[],"Car":[],"Recipe":[],"Service":[],"SoftwareApplication":[],"WebPage":[]},"graphName":"","isEnabled":true},"graphs":[],"defaultGraph":"","defaultPostTypeGraph":""},"schema_type":null,"schema_type_options":null,"pillar_content":false,"robots_default":true,"robots_noindex":false,"robots_noarchive":false,"robots_nosnippet":false,"robots_nofollow":false,"robots_noimageindex":false,"robots_noodp":false,"robots_notranslate":false,"robots_max_snippet":null,"robots_max_videopreview":null,"robots_max_imagepreview":"large","priority":null,"frequency":null,"location":null,"local_seo":null,"seo_analyzer_scan_date":"2025-09-17 08:40:09","breadcrumb_settings":null,"limit_modified_date":false,"open_ai":null,"ai":null,"created":"2021-03-09 08:25:41","updated":"2025-09-17 08:40:09"},"aioseo_breadcrumb":"<div class=\"aioseo-breadcrumbs\"><span class=\"aioseo-breadcrumb\">\n\t<a href=\"https:\/\/eldigitaldeasturias.com\/magazine365\" title=\"Home\">Home<\/a>\n<\/span><span class=\"aioseo-breadcrumb-separator\">\u2013<\/span><span class=\"aioseo-breadcrumb\">\n\t<a href=\"https:\/\/eldigitaldeasturias.com\/magazine365\/category\/noticias-actualidad\/\" title=\"Noticias y Actualidad\">Noticias y Actualidad<\/a>\n<\/span><span class=\"aioseo-breadcrumb-separator\">\u2013<\/span><span class=\"aioseo-breadcrumb\">\n\t<a href=\"https:\/\/eldigitaldeasturias.com\/magazine365\/merkel-protagonista-de-una-satira-politica-en-alemania\/\" title=\"Merkel, protagonista de una s\u00e1tira pol\u00edtica en Alemania\">Merkel, protagonista de una s\u00e1tira pol\u00edtica en Alemania<\/a>\n<\/span><\/div>","aioseo_breadcrumb_json":[{"label":"Home","link":"https:\/\/eldigitaldeasturias.com\/magazine365"},{"label":"Noticias y Actualidad","link":"https:\/\/eldigitaldeasturias.com\/magazine365\/category\/noticias-actualidad\/"},{"label":"Merkel, protagonista de una s\u00e1tira pol\u00edtica en Alemania","link":"https:\/\/eldigitaldeasturias.com\/magazine365\/merkel-protagonista-de-una-satira-politica-en-alemania\/"}],"_links":{"self":[{"href":"https:\/\/eldigitaldeasturias.com\/magazine365\/wp-json\/wp\/v2\/posts\/13648","targetHints":{"allow":["GET"]}}],"collection":[{"href":"https:\/\/eldigitaldeasturias.com\/magazine365\/wp-json\/wp\/v2\/posts"}],"about":[{"href":"https:\/\/eldigitaldeasturias.com\/magazine365\/wp-json\/wp\/v2\/types\/post"}],"author":[{"embeddable":true,"href":"https:\/\/eldigitaldeasturias.com\/magazine365\/wp-json\/wp\/v2\/users\/1"}],"replies":[{"embeddable":true,"href":"https:\/\/eldigitaldeasturias.com\/magazine365\/wp-json\/wp\/v2\/comments?post=13648"}],"version-history":[{"count":0,"href":"https:\/\/eldigitaldeasturias.com\/magazine365\/wp-json\/wp\/v2\/posts\/13648\/revisions"}],"wp:featuredmedia":[{"embeddable":true,"href":"https:\/\/eldigitaldeasturias.com\/magazine365\/wp-json\/wp\/v2\/media\/13649"}],"wp:attachment":[{"href":"https:\/\/eldigitaldeasturias.com\/magazine365\/wp-json\/wp\/v2\/media?parent=13648"}],"wp:term":[{"taxonomy":"category","embeddable":true,"href":"https:\/\/eldigitaldeasturias.com\/magazine365\/wp-json\/wp\/v2\/categories?post=13648"},{"taxonomy":"post_tag","embeddable":true,"href":"https:\/\/eldigitaldeasturias.com\/magazine365\/wp-json\/wp\/v2\/tags?post=13648"}],"curies":[{"name":"wp","href":"https:\/\/api.w.org\/{rel}","templated":true}]}}