{"id":13645,"date":"2014-05-22T22:03:01","date_gmt":"2014-05-23T00:03:01","guid":{"rendered":"http:\/\/eldigitaldeasturias.com\/magazine365\/?p=13645"},"modified":"2014-05-22T22:03:01","modified_gmt":"2014-05-23T00:03:01","slug":"praga-recuerda-al-schindler-britanico-que-salvo-a-669-ninos-de-los-nazis","status":"publish","type":"post","link":"https:\/\/eldigitaldeasturias.com\/magazine365\/praga-recuerda-al-schindler-britanico-que-salvo-a-669-ninos-de-los-nazis\/","title":{"rendered":"Praga recuerda al \u00abSchindler brit\u00e1nico\u00bb que salv\u00f3 a 669 ni\u00f1os de los nazis"},"content":{"rendered":"<p><img fetchpriority=\"high\" decoding=\"async\" class=\"alignleft size-medium wp-image-13646\" alt=\"6289386w\" src=\"https:\/\/eldigitaldeasturias.com\/magazine365\/wp-content\/uploads\/2014\/05\/6289386w-360x259.jpg\" width=\"360\" height=\"259\" \/>Praga, 22 may (EFE).- Una exposici\u00f3n callejera en Praga recuerda a Nicholas Winton, conocido como el \u00abSchindler brit\u00e1nico\u00bb, y que salv\u00f3 a casi 700 ni\u00f1os checoslovacos, en su gran mayor\u00eda jud\u00edos, de los campos de exterminio nazis.<\/p>\n<p>Bajo el t\u00edtulo \u00abEl arca de No\u00e9\u00bb, que alude el simbolismo del patriarca b\u00edblico que consigui\u00f3 salvar a la Humanidad del diluvio universal, la muestra se puede visitar en la isla praguense de Kampa hasta el 19 de junio.<\/p>\n<p>El motivo de la muestra es el 105 cumplea\u00f1os de Winston, que este a\u00f1o ha sido distinguido con la m\u00e1xima condecoraci\u00f3n del Estado checo, la orden del Le\u00f3n Blanco, pero a cuya ceremonia de entrega no podr\u00e1 acudir en octubre por su delicado estado de salud.<\/p>\n<p>Winton, entonces un financiero de 29 a\u00f1os en la n\u00f3mina de un banco anglo-checo, se convirti\u00f3 en el verano de 1939 en cerebro de una complicada operaci\u00f3n administrativa y log\u00edstica, desde su domicilio londinense, y desde el Grand Hotel Sroubek de Praga.<\/p>\n<p>Aficionado a la esgrima y a pilotar aviones, instalado en una buena posici\u00f3n, decidi\u00f3 organizar una gran operaci\u00f3n para salvar a todos los ni\u00f1os posibles antes de la llegada de los nazis.<\/p>\n<p>En 1939 Winton escrib\u00eda a un amigo suyo, seg\u00fan recuerda uno de los paneles, que \u00abhay una diferencia entre el bien activo y el pasivo\u00bb, y estriba en que \u00abel bien activo significa dedicar tiempo y energ\u00eda para mitigar el dolor y el sufrimiento\u00bb.<\/p>\n<p>\u00abRequiere que uno busque activamente a esos que sufren y est\u00e1n en peligro, y no s\u00f3lo vivir una ejemplar vida pasiva sin hacer el mal\u00bb, a\u00f1adi\u00f3 en la carta.<\/p>\n<p>Con este ideario, Winton lider\u00f3 uno de los episodios humanitarios m\u00e1s conmovedores de la \u00e9poca, una historia que permaneci\u00f3 en la penumbra y sin publicidad alguna hasta que la mujer del protagonista, haciendo orden en un desv\u00e1n de casa, se encontr\u00f3 con las pruebas documentales de una operaci\u00f3n nada com\u00fan.<\/p>\n<p>Y, poco a poco, se pudo ir reconstruyendo un relato que estuvo minado de obst\u00e1culos y sinsabores.<\/p>\n<p>Entre ellos el rechazo de la diplomacia de EEUU, que el 7 de junio de 1939 contest\u00f3 a una petici\u00f3n realizada por Winton al presidente, y donde se le comunica que \u00abel Gobierno norteamericano es incapaz, en ausencia de legislaci\u00f3n espec\u00edfica, de permitir inmigraciones que excedan las previstas por las leyes actuales\u00bb.<\/p>\n<p>Aun as\u00ed, Washington adjunt\u00f3 el contacto de organizaciones privadas, por si pod\u00edan ayudar.<\/p>\n<p>Winton involucr\u00f3 a su madre, B\u00e1rbara, en el Comit\u00e9 Brit\u00e1nico de Refugiados de Checoslovaquia por \u00e9l fundado, y despu\u00e9s de muchos esfuerzos, logr\u00f3 fletar ocho trenes desde Praga con destino a Londres entre el 14 de marzo y el 2 de agosto de 1939.<\/p>\n<p>Resulta conmovedor leer las cartas de agradecimiento de los beneficiados, como Martha Frank, que el 15 de agosto de 1939 escribi\u00f3: \u00abSupe que fue especialmente usted quien ayud\u00f3 a encontrar un nuevo hogar para nuestro hijo Tomy Frank\u00bb.<\/p>\n<p>Y contin\u00faa: \u00abMiles de padres en nuestro pa\u00eds se lo agradecen de todo coraz\u00f3n, como nosotros, y esperan sus noticias, como nosotros\u00bb.<\/p>\n<p>Frank acaba su misiva con un \u00abNunca olvidaremos lo que ha hecho por nosotros y lo que har\u00e1 por otros ni\u00f1os\u00bb.<\/p>\n<p>El \u00faltimo tren, que ten\u00eda previsto abandonar la Estaci\u00f3n Central de Praga el 3 de septiembre, poco despu\u00e9s de la carta de Frank, no puedo iniciar su recorrido al estallar la contienda europea, pero consiguieron salvarse 669 j\u00f3venes.<\/p>\n<p>Con el paso de los a\u00f1os, se ha logrado reunir en torno a Winton a una gran familia que ha pasado a llamarse \u00abla familia de Nicky\u00bb.<\/p>\n<p>La exposici\u00f3n re\u00fane 19 testimonios de esos \u00abhijos de Winton\u00bb, con documentos fotogr\u00e1ficos que recorren sus vidas, adem\u00e1s de una explicaci\u00f3n sobre la situaci\u00f3n de Checoslovaquia entonces.<\/p>\n<p>Winton estuvo por \u00faltima vez en Praga en enero del 2011, con 102 a\u00f1os, para asistir al estreno del documental dramatizado \u00abLa familia de Nicky\u00bb, del realizador eslovaco Matej Minac.<\/p>\n<p>&nbsp;<\/p>\n<p>Por Gustavo Monge.<\/p>\n","protected":false},"excerpt":{"rendered":"<p>Praga, 22 may (EFE).- Una exposici\u00f3n callejera en Praga recuerda a Nicholas Winton, conocido como el \u00abSchindler brit\u00e1nico\u00bb, y que salv\u00f3 a casi 700 ni\u00f1os checoslovacos, en su gran mayor\u00eda jud\u00edos, de los campos de exterminio nazis. Bajo el t\u00edtulo \u00abEl arca de No\u00e9\u00bb, que alude el simbolismo del patriarca b\u00edblico que consigui\u00f3 salvar a<\/p>\n","protected":false},"author":1,"featured_media":13646,"comment_status":"open","ping_status":"closed","sticky":false,"template":"","format":"standard","meta":{"footnotes":""},"categories":[224],"tags":[],"class_list":{"0":"post-13645","1":"post","2":"type-post","3":"status-publish","4":"format-standard","5":"has-post-thumbnail","7":"category-noticias-actualidad"},"aioseo_notices":[],"aioseo_head":"\n\t\t<!-- All in One SEO Pro 4.9.6.1 - aioseo.com -->\n\t<meta name=\"description\" content=\"Praga, 22 may (EFE).- Una exposici\u00f3n callejera en Praga recuerda a Nicholas Winton, conocido como el &quot;Schindler brit\u00e1nico&quot;, y que salv\u00f3 a casi 700 ni\u00f1os checoslovacos, en su gran mayor\u00eda jud\u00edos, de los campos de exterminio nazis. Bajo el t\u00edtulo &quot;El arca de No\u00e9&quot;, que alude el simbolismo del patriarca b\u00edblico que consigui\u00f3 salvar a\" \/>\n\t<meta name=\"robots\" content=\"max-image-preview:large\" \/>\n\t<meta name=\"author\" content=\"admin\"\/>\n\t<meta name=\"google-site-verification\" content=\"UA-38556648-1\" \/>\n\t<meta name=\"keywords\" content=\"noticias y actualidad\" \/>\n\t<link rel=\"canonical\" href=\"https:\/\/eldigitaldeasturias.com\/magazine365\/praga-recuerda-al-schindler-britanico-que-salvo-a-669-ninos-de-los-nazis\/\" \/>\n\t<meta name=\"generator\" content=\"All in One SEO Pro (AIOSEO) 4.9.6.1\" \/>\n\t\t<meta property=\"og:locale\" content=\"es_ES\" \/>\n\t\t<meta property=\"og:site_name\" content=\"El Digital de Asturias \u2013 Revista de ocio, turismo y estilo de vida\" \/>\n\t\t<meta property=\"og:type\" content=\"article\" \/>\n\t\t<meta property=\"og:title\" content=\"Praga recuerda al \u00abSchindler brit\u00e1nico\u00bb que salv\u00f3 a 669 ni\u00f1os de los nazis | El Digital de Asturias\" \/>\n\t\t<meta property=\"og:description\" content=\"Praga, 22 may (EFE).- Una exposici\u00f3n callejera en Praga recuerda a Nicholas Winton, conocido como el &quot;Schindler brit\u00e1nico&quot;, y que salv\u00f3 a casi 700 ni\u00f1os checoslovacos, en su gran mayor\u00eda jud\u00edos, de los campos de exterminio nazis. Bajo el t\u00edtulo &quot;El arca de No\u00e9&quot;, que alude el simbolismo del patriarca b\u00edblico que consigui\u00f3 salvar a\" \/>\n\t\t<meta property=\"og:url\" content=\"https:\/\/eldigitaldeasturias.com\/magazine365\/praga-recuerda-al-schindler-britanico-que-salvo-a-669-ninos-de-los-nazis\/\" \/>\n\t\t<meta property=\"og:image\" content=\"https:\/\/eldigitaldeasturias.com\/magazine365\/wp-content\/uploads\/2014\/05\/6289386w.jpg\" \/>\n\t\t<meta property=\"og:image:secure_url\" content=\"https:\/\/eldigitaldeasturias.com\/magazine365\/wp-content\/uploads\/2014\/05\/6289386w.jpg\" \/>\n\t\t<meta property=\"og:image:width\" content=\"800\" \/>\n\t\t<meta property=\"og:image:height\" content=\"577\" \/>\n\t\t<meta property=\"article:published_time\" content=\"2014-05-23T00:03:01+00:00\" \/>\n\t\t<meta property=\"article:modified_time\" content=\"2014-05-23T00:03:01+00:00\" \/>\n\t\t<meta name=\"twitter:card\" content=\"summary_large_image\" \/>\n\t\t<meta name=\"twitter:title\" content=\"Praga recuerda al \u00abSchindler brit\u00e1nico\u00bb que salv\u00f3 a 669 ni\u00f1os de los nazis | El Digital de Asturias\" \/>\n\t\t<meta name=\"twitter:description\" content=\"Praga, 22 may (EFE).- Una exposici\u00f3n callejera en Praga recuerda a Nicholas Winton, conocido como el &quot;Schindler brit\u00e1nico&quot;, y que salv\u00f3 a casi 700 ni\u00f1os checoslovacos, en su gran mayor\u00eda jud\u00edos, de los campos de exterminio nazis. Bajo el t\u00edtulo &quot;El arca de No\u00e9&quot;, que alude el simbolismo del patriarca b\u00edblico que consigui\u00f3 salvar a\" \/>\n\t\t<meta name=\"twitter:image\" content=\"https:\/\/eldigitaldeasturias.com\/magazine365\/wp-content\/uploads\/2014\/05\/6289386w.jpg\" \/>\n\t\t<script type=\"application\/ld+json\" class=\"aioseo-schema\">\n\t\t\t{\"@context\":\"https:\\\/\\\/schema.org\",\"@graph\":[{\"@type\":\"Article\",\"@id\":\"https:\\\/\\\/eldigitaldeasturias.com\\\/magazine365\\\/praga-recuerda-al-schindler-britanico-que-salvo-a-669-ninos-de-los-nazis\\\/#article\",\"name\":\"Praga recuerda al \\u00abSchindler brit\\u00e1nico\\u00bb que salv\\u00f3 a 669 ni\\u00f1os de los nazis | El Digital de Asturias\",\"headline\":\"Praga recuerda al \\u00abSchindler brit\\u00e1nico\\u00bb que salv\\u00f3 a 669 ni\\u00f1os de los nazis\",\"author\":{\"@id\":\"https:\\\/\\\/eldigitaldeasturias.com\\\/magazine365\\\/author\\\/admin\\\/#author\"},\"publisher\":{\"@id\":\"https:\\\/\\\/eldigitaldeasturias.com\\\/magazine365\\\/#organization\"},\"image\":{\"@type\":\"ImageObject\",\"url\":\"https:\\\/\\\/eldigitaldeasturias.com\\\/magazine365\\\/wp-content\\\/uploads\\\/2014\\\/05\\\/6289386w.jpg\",\"width\":800,\"height\":577},\"datePublished\":\"2014-05-22T22:03:01+02:00\",\"dateModified\":\"2014-05-22T22:03:01+02:00\",\"inLanguage\":\"es-ES\",\"mainEntityOfPage\":{\"@id\":\"https:\\\/\\\/eldigitaldeasturias.com\\\/magazine365\\\/praga-recuerda-al-schindler-britanico-que-salvo-a-669-ninos-de-los-nazis\\\/#webpage\"},\"isPartOf\":{\"@id\":\"https:\\\/\\\/eldigitaldeasturias.com\\\/magazine365\\\/praga-recuerda-al-schindler-britanico-que-salvo-a-669-ninos-de-los-nazis\\\/#webpage\"},\"articleSection\":\"Noticias y Actualidad\"},{\"@type\":\"BreadcrumbList\",\"@id\":\"https:\\\/\\\/eldigitaldeasturias.com\\\/magazine365\\\/praga-recuerda-al-schindler-britanico-que-salvo-a-669-ninos-de-los-nazis\\\/#breadcrumblist\",\"itemListElement\":[{\"@type\":\"ListItem\",\"@id\":\"https:\\\/\\\/eldigitaldeasturias.com\\\/magazine365#listItem\",\"position\":1,\"name\":\"Home\",\"item\":\"https:\\\/\\\/eldigitaldeasturias.com\\\/magazine365\",\"nextItem\":{\"@type\":\"ListItem\",\"@id\":\"https:\\\/\\\/eldigitaldeasturias.com\\\/magazine365\\\/category\\\/noticias-actualidad\\\/#listItem\",\"name\":\"Noticias y Actualidad\"}},{\"@type\":\"ListItem\",\"@id\":\"https:\\\/\\\/eldigitaldeasturias.com\\\/magazine365\\\/category\\\/noticias-actualidad\\\/#listItem\",\"position\":2,\"name\":\"Noticias y Actualidad\",\"item\":\"https:\\\/\\\/eldigitaldeasturias.com\\\/magazine365\\\/category\\\/noticias-actualidad\\\/\",\"nextItem\":{\"@type\":\"ListItem\",\"@id\":\"https:\\\/\\\/eldigitaldeasturias.com\\\/magazine365\\\/praga-recuerda-al-schindler-britanico-que-salvo-a-669-ninos-de-los-nazis\\\/#listItem\",\"name\":\"Praga recuerda al \\u00abSchindler brit\\u00e1nico\\u00bb que salv\\u00f3 a 669 ni\\u00f1os de los nazis\"},\"previousItem\":{\"@type\":\"ListItem\",\"@id\":\"https:\\\/\\\/eldigitaldeasturias.com\\\/magazine365#listItem\",\"name\":\"Home\"}},{\"@type\":\"ListItem\",\"@id\":\"https:\\\/\\\/eldigitaldeasturias.com\\\/magazine365\\\/praga-recuerda-al-schindler-britanico-que-salvo-a-669-ninos-de-los-nazis\\\/#listItem\",\"position\":3,\"name\":\"Praga recuerda al \\u00abSchindler brit\\u00e1nico\\u00bb que salv\\u00f3 a 669 ni\\u00f1os de los nazis\",\"previousItem\":{\"@type\":\"ListItem\",\"@id\":\"https:\\\/\\\/eldigitaldeasturias.com\\\/magazine365\\\/category\\\/noticias-actualidad\\\/#listItem\",\"name\":\"Noticias y Actualidad\"}}]},{\"@type\":\"Organization\",\"@id\":\"https:\\\/\\\/eldigitaldeasturias.com\\\/magazine365\\\/#organization\",\"name\":\"El digital de Asturias\",\"description\":\"Revista de ocio, turismo y estilo de vida\",\"url\":\"https:\\\/\\\/eldigitaldeasturias.com\\\/magazine365\\\/\",\"logo\":{\"@type\":\"ImageObject\",\"url\":\"https:\\\/\\\/www.eldigitaldeasturias.com\\\/noticias\\\/wp-content\\\/uploads\\\/2020\\\/12\\\/EDA.jpg\",\"@id\":\"https:\\\/\\\/eldigitaldeasturias.com\\\/magazine365\\\/praga-recuerda-al-schindler-britanico-que-salvo-a-669-ninos-de-los-nazis\\\/#organizationLogo\"},\"image\":{\"@id\":\"https:\\\/\\\/eldigitaldeasturias.com\\\/magazine365\\\/praga-recuerda-al-schindler-britanico-que-salvo-a-669-ninos-de-los-nazis\\\/#organizationLogo\"}},{\"@type\":\"Person\",\"@id\":\"https:\\\/\\\/eldigitaldeasturias.com\\\/magazine365\\\/author\\\/admin\\\/#author\",\"url\":\"https:\\\/\\\/eldigitaldeasturias.com\\\/magazine365\\\/author\\\/admin\\\/\",\"name\":\"admin\",\"image\":{\"@type\":\"ImageObject\",\"@id\":\"https:\\\/\\\/eldigitaldeasturias.com\\\/magazine365\\\/praga-recuerda-al-schindler-britanico-que-salvo-a-669-ninos-de-los-nazis\\\/#authorImage\",\"url\":\"https:\\\/\\\/eldigitaldeasturias.com\\\/magazine365\\\/wp-content\\\/litespeed\\\/avatar\\\/e571bcf59a0edd6fa6838245a470f2fe.jpg?ver=1776969259\",\"width\":96,\"height\":96,\"caption\":\"admin\"}},{\"@type\":\"WebPage\",\"@id\":\"https:\\\/\\\/eldigitaldeasturias.com\\\/magazine365\\\/praga-recuerda-al-schindler-britanico-que-salvo-a-669-ninos-de-los-nazis\\\/#webpage\",\"url\":\"https:\\\/\\\/eldigitaldeasturias.com\\\/magazine365\\\/praga-recuerda-al-schindler-britanico-que-salvo-a-669-ninos-de-los-nazis\\\/\",\"name\":\"Praga recuerda al \\u00abSchindler brit\\u00e1nico\\u00bb que salv\\u00f3 a 669 ni\\u00f1os de los nazis | El Digital de Asturias\",\"description\":\"Praga, 22 may (EFE).- Una exposici\\u00f3n callejera en Praga recuerda a Nicholas Winton, conocido como el \\\"Schindler brit\\u00e1nico\\\", y que salv\\u00f3 a casi 700 ni\\u00f1os checoslovacos, en su gran mayor\\u00eda jud\\u00edos, de los campos de exterminio nazis. Bajo el t\\u00edtulo \\\"El arca de No\\u00e9\\\", que alude el simbolismo del patriarca b\\u00edblico que consigui\\u00f3 salvar a\",\"inLanguage\":\"es-ES\",\"isPartOf\":{\"@id\":\"https:\\\/\\\/eldigitaldeasturias.com\\\/magazine365\\\/#website\"},\"breadcrumb\":{\"@id\":\"https:\\\/\\\/eldigitaldeasturias.com\\\/magazine365\\\/praga-recuerda-al-schindler-britanico-que-salvo-a-669-ninos-de-los-nazis\\\/#breadcrumblist\"},\"author\":{\"@id\":\"https:\\\/\\\/eldigitaldeasturias.com\\\/magazine365\\\/author\\\/admin\\\/#author\"},\"creator\":{\"@id\":\"https:\\\/\\\/eldigitaldeasturias.com\\\/magazine365\\\/author\\\/admin\\\/#author\"},\"image\":{\"@type\":\"ImageObject\",\"url\":\"https:\\\/\\\/eldigitaldeasturias.com\\\/magazine365\\\/wp-content\\\/uploads\\\/2014\\\/05\\\/6289386w.jpg\",\"@id\":\"https:\\\/\\\/eldigitaldeasturias.com\\\/magazine365\\\/praga-recuerda-al-schindler-britanico-que-salvo-a-669-ninos-de-los-nazis\\\/#mainImage\",\"width\":800,\"height\":577},\"primaryImageOfPage\":{\"@id\":\"https:\\\/\\\/eldigitaldeasturias.com\\\/magazine365\\\/praga-recuerda-al-schindler-britanico-que-salvo-a-669-ninos-de-los-nazis\\\/#mainImage\"},\"datePublished\":\"2014-05-22T22:03:01+02:00\",\"dateModified\":\"2014-05-22T22:03:01+02:00\"},{\"@type\":\"WebSite\",\"@id\":\"https:\\\/\\\/eldigitaldeasturias.com\\\/magazine365\\\/#website\",\"url\":\"https:\\\/\\\/eldigitaldeasturias.com\\\/magazine365\\\/\",\"name\":\"El Digital de Asturias\",\"description\":\"Revista de ocio, turismo y estilo de vida\",\"inLanguage\":\"es-ES\",\"publisher\":{\"@id\":\"https:\\\/\\\/eldigitaldeasturias.com\\\/magazine365\\\/#organization\"}}]}\n\t\t<\/script>\n\t\t<!-- All in One SEO Pro -->\r\n\t\t<title>Praga recuerda al \u00abSchindler brit\u00e1nico\u00bb que salv\u00f3 a 669 ni\u00f1os de los nazis | El Digital de Asturias<\/title>\n\n","aioseo_head_json":{"title":"Praga recuerda al \u00abSchindler brit\u00e1nico\u00bb que salv\u00f3 a 669 ni\u00f1os de los nazis | El Digital de Asturias","description":"Praga, 22 may (EFE).- Una exposici\u00f3n callejera en Praga recuerda a Nicholas Winton, conocido como el \"Schindler brit\u00e1nico\", y que salv\u00f3 a casi 700 ni\u00f1os checoslovacos, en su gran mayor\u00eda jud\u00edos, de los campos de exterminio nazis. Bajo el t\u00edtulo \"El arca de No\u00e9\", que alude el simbolismo del patriarca b\u00edblico que consigui\u00f3 salvar a","canonical_url":"https:\/\/eldigitaldeasturias.com\/magazine365\/praga-recuerda-al-schindler-britanico-que-salvo-a-669-ninos-de-los-nazis\/","robots":"max-image-preview:large","keywords":"noticias y actualidad","webmasterTools":{"google-site-verification":"UA-38556648-1","miscellaneous":""},"schema":{"@context":"https:\/\/schema.org","@graph":[{"@type":"Article","@id":"https:\/\/eldigitaldeasturias.com\/magazine365\/praga-recuerda-al-schindler-britanico-que-salvo-a-669-ninos-de-los-nazis\/#article","name":"Praga recuerda al \u00abSchindler brit\u00e1nico\u00bb que salv\u00f3 a 669 ni\u00f1os de los nazis | El Digital de Asturias","headline":"Praga recuerda al \u00abSchindler brit\u00e1nico\u00bb que salv\u00f3 a 669 ni\u00f1os de los nazis","author":{"@id":"https:\/\/eldigitaldeasturias.com\/magazine365\/author\/admin\/#author"},"publisher":{"@id":"https:\/\/eldigitaldeasturias.com\/magazine365\/#organization"},"image":{"@type":"ImageObject","url":"https:\/\/eldigitaldeasturias.com\/magazine365\/wp-content\/uploads\/2014\/05\/6289386w.jpg","width":800,"height":577},"datePublished":"2014-05-22T22:03:01+02:00","dateModified":"2014-05-22T22:03:01+02:00","inLanguage":"es-ES","mainEntityOfPage":{"@id":"https:\/\/eldigitaldeasturias.com\/magazine365\/praga-recuerda-al-schindler-britanico-que-salvo-a-669-ninos-de-los-nazis\/#webpage"},"isPartOf":{"@id":"https:\/\/eldigitaldeasturias.com\/magazine365\/praga-recuerda-al-schindler-britanico-que-salvo-a-669-ninos-de-los-nazis\/#webpage"},"articleSection":"Noticias y Actualidad"},{"@type":"BreadcrumbList","@id":"https:\/\/eldigitaldeasturias.com\/magazine365\/praga-recuerda-al-schindler-britanico-que-salvo-a-669-ninos-de-los-nazis\/#breadcrumblist","itemListElement":[{"@type":"ListItem","@id":"https:\/\/eldigitaldeasturias.com\/magazine365#listItem","position":1,"name":"Home","item":"https:\/\/eldigitaldeasturias.com\/magazine365","nextItem":{"@type":"ListItem","@id":"https:\/\/eldigitaldeasturias.com\/magazine365\/category\/noticias-actualidad\/#listItem","name":"Noticias y Actualidad"}},{"@type":"ListItem","@id":"https:\/\/eldigitaldeasturias.com\/magazine365\/category\/noticias-actualidad\/#listItem","position":2,"name":"Noticias y Actualidad","item":"https:\/\/eldigitaldeasturias.com\/magazine365\/category\/noticias-actualidad\/","nextItem":{"@type":"ListItem","@id":"https:\/\/eldigitaldeasturias.com\/magazine365\/praga-recuerda-al-schindler-britanico-que-salvo-a-669-ninos-de-los-nazis\/#listItem","name":"Praga recuerda al \u00abSchindler brit\u00e1nico\u00bb que salv\u00f3 a 669 ni\u00f1os de los nazis"},"previousItem":{"@type":"ListItem","@id":"https:\/\/eldigitaldeasturias.com\/magazine365#listItem","name":"Home"}},{"@type":"ListItem","@id":"https:\/\/eldigitaldeasturias.com\/magazine365\/praga-recuerda-al-schindler-britanico-que-salvo-a-669-ninos-de-los-nazis\/#listItem","position":3,"name":"Praga recuerda al \u00abSchindler brit\u00e1nico\u00bb que salv\u00f3 a 669 ni\u00f1os de los nazis","previousItem":{"@type":"ListItem","@id":"https:\/\/eldigitaldeasturias.com\/magazine365\/category\/noticias-actualidad\/#listItem","name":"Noticias y Actualidad"}}]},{"@type":"Organization","@id":"https:\/\/eldigitaldeasturias.com\/magazine365\/#organization","name":"El digital de Asturias","description":"Revista de ocio, turismo y estilo de vida","url":"https:\/\/eldigitaldeasturias.com\/magazine365\/","logo":{"@type":"ImageObject","url":"https:\/\/www.eldigitaldeasturias.com\/noticias\/wp-content\/uploads\/2020\/12\/EDA.jpg","@id":"https:\/\/eldigitaldeasturias.com\/magazine365\/praga-recuerda-al-schindler-britanico-que-salvo-a-669-ninos-de-los-nazis\/#organizationLogo"},"image":{"@id":"https:\/\/eldigitaldeasturias.com\/magazine365\/praga-recuerda-al-schindler-britanico-que-salvo-a-669-ninos-de-los-nazis\/#organizationLogo"}},{"@type":"Person","@id":"https:\/\/eldigitaldeasturias.com\/magazine365\/author\/admin\/#author","url":"https:\/\/eldigitaldeasturias.com\/magazine365\/author\/admin\/","name":"admin","image":{"@type":"ImageObject","@id":"https:\/\/eldigitaldeasturias.com\/magazine365\/praga-recuerda-al-schindler-britanico-que-salvo-a-669-ninos-de-los-nazis\/#authorImage","url":"https:\/\/eldigitaldeasturias.com\/magazine365\/wp-content\/litespeed\/avatar\/e571bcf59a0edd6fa6838245a470f2fe.jpg?ver=1776969259","width":96,"height":96,"caption":"admin"}},{"@type":"WebPage","@id":"https:\/\/eldigitaldeasturias.com\/magazine365\/praga-recuerda-al-schindler-britanico-que-salvo-a-669-ninos-de-los-nazis\/#webpage","url":"https:\/\/eldigitaldeasturias.com\/magazine365\/praga-recuerda-al-schindler-britanico-que-salvo-a-669-ninos-de-los-nazis\/","name":"Praga recuerda al \u00abSchindler brit\u00e1nico\u00bb que salv\u00f3 a 669 ni\u00f1os de los nazis | El Digital de Asturias","description":"Praga, 22 may (EFE).- Una exposici\u00f3n callejera en Praga recuerda a Nicholas Winton, conocido como el \"Schindler brit\u00e1nico\", y que salv\u00f3 a casi 700 ni\u00f1os checoslovacos, en su gran mayor\u00eda jud\u00edos, de los campos de exterminio nazis. Bajo el t\u00edtulo \"El arca de No\u00e9\", que alude el simbolismo del patriarca b\u00edblico que consigui\u00f3 salvar a","inLanguage":"es-ES","isPartOf":{"@id":"https:\/\/eldigitaldeasturias.com\/magazine365\/#website"},"breadcrumb":{"@id":"https:\/\/eldigitaldeasturias.com\/magazine365\/praga-recuerda-al-schindler-britanico-que-salvo-a-669-ninos-de-los-nazis\/#breadcrumblist"},"author":{"@id":"https:\/\/eldigitaldeasturias.com\/magazine365\/author\/admin\/#author"},"creator":{"@id":"https:\/\/eldigitaldeasturias.com\/magazine365\/author\/admin\/#author"},"image":{"@type":"ImageObject","url":"https:\/\/eldigitaldeasturias.com\/magazine365\/wp-content\/uploads\/2014\/05\/6289386w.jpg","@id":"https:\/\/eldigitaldeasturias.com\/magazine365\/praga-recuerda-al-schindler-britanico-que-salvo-a-669-ninos-de-los-nazis\/#mainImage","width":800,"height":577},"primaryImageOfPage":{"@id":"https:\/\/eldigitaldeasturias.com\/magazine365\/praga-recuerda-al-schindler-britanico-que-salvo-a-669-ninos-de-los-nazis\/#mainImage"},"datePublished":"2014-05-22T22:03:01+02:00","dateModified":"2014-05-22T22:03:01+02:00"},{"@type":"WebSite","@id":"https:\/\/eldigitaldeasturias.com\/magazine365\/#website","url":"https:\/\/eldigitaldeasturias.com\/magazine365\/","name":"El Digital de Asturias","description":"Revista de ocio, turismo y estilo de vida","inLanguage":"es-ES","publisher":{"@id":"https:\/\/eldigitaldeasturias.com\/magazine365\/#organization"}}]},"og:locale":"es_ES","og:site_name":"El Digital de Asturias \u2013 Revista de ocio, turismo y estilo de vida","og:type":"article","og:title":"Praga recuerda al \u00abSchindler brit\u00e1nico\u00bb que salv\u00f3 a 669 ni\u00f1os de los nazis | El Digital de Asturias","og:description":"Praga, 22 may (EFE).- Una exposici\u00f3n callejera en Praga recuerda a Nicholas Winton, conocido como el &quot;Schindler brit\u00e1nico&quot;, y que salv\u00f3 a casi 700 ni\u00f1os checoslovacos, en su gran mayor\u00eda jud\u00edos, de los campos de exterminio nazis. Bajo el t\u00edtulo &quot;El arca de No\u00e9&quot;, que alude el simbolismo del patriarca b\u00edblico que consigui\u00f3 salvar a","og:url":"https:\/\/eldigitaldeasturias.com\/magazine365\/praga-recuerda-al-schindler-britanico-que-salvo-a-669-ninos-de-los-nazis\/","og:image":"https:\/\/eldigitaldeasturias.com\/magazine365\/wp-content\/uploads\/2014\/05\/6289386w.jpg","og:image:secure_url":"https:\/\/eldigitaldeasturias.com\/magazine365\/wp-content\/uploads\/2014\/05\/6289386w.jpg","og:image:width":800,"og:image:height":577,"article:published_time":"2014-05-23T00:03:01+00:00","article:modified_time":"2014-05-23T00:03:01+00:00","twitter:card":"summary_large_image","twitter:title":"Praga recuerda al \u00abSchindler brit\u00e1nico\u00bb que salv\u00f3 a 669 ni\u00f1os de los nazis | El Digital de Asturias","twitter:description":"Praga, 22 may (EFE).- Una exposici\u00f3n callejera en Praga recuerda a Nicholas Winton, conocido como el &quot;Schindler brit\u00e1nico&quot;, y que salv\u00f3 a casi 700 ni\u00f1os checoslovacos, en su gran mayor\u00eda jud\u00edos, de los campos de exterminio nazis. Bajo el t\u00edtulo &quot;El arca de No\u00e9&quot;, que alude el simbolismo del patriarca b\u00edblico que consigui\u00f3 salvar a","twitter:image":"https:\/\/eldigitaldeasturias.com\/magazine365\/wp-content\/uploads\/2014\/05\/6289386w.jpg"},"aioseo_meta_data":{"post_id":"13645","title":null,"description":null,"keywords":null,"keyphrases":null,"primary_term":null,"canonical_url":null,"og_title":null,"og_description":null,"og_object_type":"default","og_image_type":"default","og_image_url":null,"og_image_width":null,"og_image_height":null,"og_image_custom_url":null,"og_image_custom_fields":null,"og_video":null,"og_custom_url":null,"og_article_section":null,"og_article_tags":null,"twitter_use_og":false,"twitter_card":"default","twitter_image_type":"default","twitter_image_url":null,"twitter_image_custom_url":null,"twitter_image_custom_fields":null,"twitter_title":null,"twitter_description":null,"schema":{"blockGraphs":[],"customGraphs":[],"default":{"data":{"Article":[],"Course":[],"Dataset":[],"FAQPage":[],"Movie":[],"Person":[],"Product":[],"ProductReview":[],"Car":[],"Recipe":[],"Service":[],"SoftwareApplication":[],"WebPage":[]},"graphName":"","isEnabled":true},"graphs":[]},"schema_type":null,"schema_type_options":null,"pillar_content":false,"robots_default":true,"robots_noindex":false,"robots_noarchive":false,"robots_nosnippet":false,"robots_nofollow":false,"robots_noimageindex":false,"robots_noodp":false,"robots_notranslate":false,"robots_max_snippet":null,"robots_max_videopreview":null,"robots_max_imagepreview":"large","priority":null,"frequency":null,"location":null,"local_seo":null,"seo_analyzer_scan_date":"2025-09-17 08:40:07","breadcrumb_settings":null,"limit_modified_date":false,"open_ai":null,"ai":null,"created":"2021-03-09 08:25:41","updated":"2025-09-17 08:40:07"},"aioseo_breadcrumb":"<div class=\"aioseo-breadcrumbs\"><span class=\"aioseo-breadcrumb\">\n\t<a href=\"https:\/\/eldigitaldeasturias.com\/magazine365\" title=\"Home\">Home<\/a>\n<\/span><span class=\"aioseo-breadcrumb-separator\">\u2013<\/span><span class=\"aioseo-breadcrumb\">\n\t<a href=\"https:\/\/eldigitaldeasturias.com\/magazine365\/category\/noticias-actualidad\/\" title=\"Noticias y Actualidad\">Noticias y Actualidad<\/a>\n<\/span><span class=\"aioseo-breadcrumb-separator\">\u2013<\/span><span class=\"aioseo-breadcrumb\">\n\t<a href=\"https:\/\/eldigitaldeasturias.com\/magazine365\/praga-recuerda-al-schindler-britanico-que-salvo-a-669-ninos-de-los-nazis\/\" title=\"Praga recuerda al \u00abSchindler brit\u00e1nico\u00bb que salv\u00f3 a 669 ni\u00f1os de los nazis\">Praga recuerda al \u00abSchindler brit\u00e1nico\u00bb que salv\u00f3 a 669 ni\u00f1os de los nazis<\/a>\n<\/span><\/div>","aioseo_breadcrumb_json":[{"label":"Home","link":"https:\/\/eldigitaldeasturias.com\/magazine365"},{"label":"Noticias y Actualidad","link":"https:\/\/eldigitaldeasturias.com\/magazine365\/category\/noticias-actualidad\/"},{"label":"Praga recuerda al \u00abSchindler brit\u00e1nico\u00bb que salv\u00f3 a 669 ni\u00f1os de los nazis","link":"https:\/\/eldigitaldeasturias.com\/magazine365\/praga-recuerda-al-schindler-britanico-que-salvo-a-669-ninos-de-los-nazis\/"}],"_links":{"self":[{"href":"https:\/\/eldigitaldeasturias.com\/magazine365\/wp-json\/wp\/v2\/posts\/13645","targetHints":{"allow":["GET"]}}],"collection":[{"href":"https:\/\/eldigitaldeasturias.com\/magazine365\/wp-json\/wp\/v2\/posts"}],"about":[{"href":"https:\/\/eldigitaldeasturias.com\/magazine365\/wp-json\/wp\/v2\/types\/post"}],"author":[{"embeddable":true,"href":"https:\/\/eldigitaldeasturias.com\/magazine365\/wp-json\/wp\/v2\/users\/1"}],"replies":[{"embeddable":true,"href":"https:\/\/eldigitaldeasturias.com\/magazine365\/wp-json\/wp\/v2\/comments?post=13645"}],"version-history":[{"count":0,"href":"https:\/\/eldigitaldeasturias.com\/magazine365\/wp-json\/wp\/v2\/posts\/13645\/revisions"}],"wp:featuredmedia":[{"embeddable":true,"href":"https:\/\/eldigitaldeasturias.com\/magazine365\/wp-json\/wp\/v2\/media\/13646"}],"wp:attachment":[{"href":"https:\/\/eldigitaldeasturias.com\/magazine365\/wp-json\/wp\/v2\/media?parent=13645"}],"wp:term":[{"taxonomy":"category","embeddable":true,"href":"https:\/\/eldigitaldeasturias.com\/magazine365\/wp-json\/wp\/v2\/categories?post=13645"},{"taxonomy":"post_tag","embeddable":true,"href":"https:\/\/eldigitaldeasturias.com\/magazine365\/wp-json\/wp\/v2\/tags?post=13645"}],"curies":[{"name":"wp","href":"https:\/\/api.w.org\/{rel}","templated":true}]}}