{"id":13642,"date":"2014-05-22T22:01:21","date_gmt":"2014-05-23T00:01:21","guid":{"rendered":"http:\/\/eldigitaldeasturias.com\/magazine365\/?p=13642"},"modified":"2014-05-22T22:01:21","modified_gmt":"2014-05-23T00:01:21","slug":"la-excursion-de-la-nina-que-tuvo-escoliosis-y-las-coronarias-de-su-medico","status":"publish","type":"post","link":"https:\/\/eldigitaldeasturias.com\/magazine365\/la-excursion-de-la-nina-que-tuvo-escoliosis-y-las-coronarias-de-su-medico\/","title":{"rendered":"La excursi\u00f3n de la ni\u00f1a que tuvo escoliosis y las coronarias de su m\u00e9dico"},"content":{"rendered":"<p><img fetchpriority=\"high\" decoding=\"async\" class=\"alignleft size-medium wp-image-13643\" alt=\"6288499w\" src=\"https:\/\/eldigitaldeasturias.com\/magazine365\/wp-content\/uploads\/2014\/05\/6288499w-360x191.jpg\" width=\"360\" height=\"191\" srcset=\"https:\/\/eldigitaldeasturias.com\/magazine365\/wp-content\/uploads\/2014\/05\/6288499w-360x191.jpg 360w, https:\/\/eldigitaldeasturias.com\/magazine365\/wp-content\/uploads\/2014\/05\/6288499w-650x345.jpg 650w, https:\/\/eldigitaldeasturias.com\/magazine365\/wp-content\/uploads\/2014\/05\/6288499w-768x408.jpg 768w, https:\/\/eldigitaldeasturias.com\/magazine365\/wp-content\/uploads\/2014\/05\/6288499w-150x80.jpg 150w, https:\/\/eldigitaldeasturias.com\/magazine365\/wp-content\/uploads\/2014\/05\/6288499w-450x239.jpg 450w, https:\/\/eldigitaldeasturias.com\/magazine365\/wp-content\/uploads\/2014\/05\/6288499w-696x370.jpg 696w, https:\/\/eldigitaldeasturias.com\/magazine365\/wp-content\/uploads\/2014\/05\/6288499w-791x420.jpg 791w, https:\/\/eldigitaldeasturias.com\/magazine365\/wp-content\/uploads\/2014\/05\/6288499w.jpg 800w\" sizes=\"(max-width: 360px) 100vw, 360px\" \/>Sevilla, 22 may (EFE).- Fabiana, la ni\u00f1a de 11 a\u00f1os cuya escoliosis han corregido en un hospital p\u00fablico de Sevilla con una t\u00e9cnica pionera en Europa, ya asiste a clase y quiere irse de excursi\u00f3n a Santander, lo que el m\u00e9dico que la oper\u00f3, David Farrington, cree que permitir\u00e1 \u00abcon sufrimiento de mis coronarias\u00bb.<\/p>\n<p>\u00abNosotros estamos m\u00e1s asustados que Fabiana\u00bb, ha asegurado el m\u00e9dico en la rueda de prensa convocada para explicar la nueva intervenci\u00f3n, realizada el 18 de marzo y que ha sido un \u00e9xito.<\/p>\n<p>La menor \u00abest\u00e1 feliz\u00bb y no siente los tornillos ni el tensor que le han colocado en la columna vertebral, y s\u00f3lo tiene un dolor \u00abmuy leve\u00bb, como ha asegurado la madre.<\/p>\n<p>Los padres de la ni\u00f1a, Pilar y Antonio, han asistido a la conferencia de prensa, en la que la madre ley\u00f3 una emotiva carta de su hija en la que se congratula de que tras el acto de hoy, \u00ablos pap\u00e1s de muchos ni\u00f1os con escoliosis podr\u00e1n conocer que existe una soluci\u00f3n distinta al cors\u00e9 ortop\u00e9dico y a la cirug\u00eda tradicional\u00bb.<\/p>\n<p>\u00abYo llev\u00e9 puesto el cors\u00e9 durante 17 meses, 23 horas al d\u00eda. Fui muy obediente porque s\u00f3lo me lo quitaba para ducharme\u00bb, afirma la menor, natural de Jerez de la Frontera (C\u00e1diz), en su carta, en la que recuerda que ese cors\u00e9 \u00abme incomodaba, me limitaba y no me sent\u00eda como una ni\u00f1a normal\u00bb.<\/p>\n<p>\u00abA pesar de mi sacrificio, mi columna se ve\u00eda m\u00e1s torcida en cada revisi\u00f3n\u00bb, lamenta la ni\u00f1a antes de destacar que el doctor es \u00abmuy valiente\u00bb adem\u00e1s de \u00abun tesoro humano y profesional para todo ni\u00f1o que pase por sus manos\u00bb.<\/p>\n<p>En su cap\u00edtulo de agradecimientos, la ni\u00f1a, que firma como Fabi, destaca la labor de todo el equipo m\u00e9dico, compuesto por 15 personas, al personal de la UCI y al de la planta del hospital, entre ellas Setefilla, \u00abque me lav\u00f3 el pelo en la cama sin mojar nada la s\u00e1bana\u00bb.<\/p>\n<p>Cuando le preguntaron por el futuro de la menor, el m\u00e9dico dijo que espera que sea \u00ababsolutamente normal\u00bb, momento en el que intervino la madre para decir que su futuro inmediato es \u00abconquistar\u00bb al doctor para que le dejara ir a Santander, lo que cree que permitir\u00e1 pero \u00abcon sufrimiento de mis coronarias\u00bb.<\/p>\n<p>La madre tambi\u00e9n precis\u00f3 que decidieron aceptar la nueva t\u00e9cnica que le propon\u00edan en el Hospital Virgen del Roc\u00edo de Sevilla porque el m\u00e9dico le resolvi\u00f3 sus numerosas dudas y por el \u00e9xito de las intervenciones hechas en Estados Unidos, pa\u00eds donde se ha inventado este tipo de operaci\u00f3n.<\/p>\n<p>Tambi\u00e9n ha resaltado que ella fue operada el a\u00f1o pasado con el sistema tradicional y no quer\u00eda que su hija \u00abpagara ese precio\u00bb, y ha puntualizado que tambi\u00e9n acept\u00f3 la nueva cirug\u00eda por el \u00abprestigio\u00bb del hospital andaluz.<\/p>\n<p>Ahora, su hija est\u00e1 feliz, al mismo ritmo escolar que sus compa\u00f1eros y con la \u00fanica limitaci\u00f3n de que no puede levantar peso, y tendr\u00e1 que seguir con revisiones hasta los 15 o 16 a\u00f1os, cuando su columna deje de crecer, seg\u00fan el m\u00e9dico temeroso de sus coronarias.<\/p>\n","protected":false},"excerpt":{"rendered":"<p>Sevilla, 22 may (EFE).- Fabiana, la ni\u00f1a de 11 a\u00f1os cuya escoliosis han corregido en un hospital p\u00fablico de Sevilla con una t\u00e9cnica pionera en Europa, ya asiste a clase y quiere irse de excursi\u00f3n a Santander, lo que el m\u00e9dico que la oper\u00f3, David Farrington, cree que permitir\u00e1 \u00abcon sufrimiento de mis coronarias\u00bb. \u00abNosotros<\/p>\n","protected":false},"author":1,"featured_media":13643,"comment_status":"open","ping_status":"closed","sticky":false,"template":"","format":"standard","meta":{"footnotes":""},"categories":[224],"tags":[],"class_list":{"0":"post-13642","1":"post","2":"type-post","3":"status-publish","4":"format-standard","5":"has-post-thumbnail","7":"category-noticias-actualidad"},"aioseo_notices":[],"aioseo_head":"\n\t\t<!-- All in One SEO Pro 4.9.6.1 - aioseo.com -->\n\t<meta name=\"description\" content=\"Sevilla, 22 may (EFE).- Fabiana, la ni\u00f1a de 11 a\u00f1os cuya escoliosis han corregido en un hospital p\u00fablico de Sevilla con una t\u00e9cnica pionera en Europa, ya asiste a clase y quiere irse de excursi\u00f3n a Santander, lo que el m\u00e9dico que la oper\u00f3, David Farrington, cree que permitir\u00e1 &quot;con sufrimiento de mis coronarias&quot;. &quot;Nosotros\" \/>\n\t<meta name=\"robots\" content=\"max-image-preview:large\" \/>\n\t<meta name=\"author\" content=\"admin\"\/>\n\t<meta name=\"google-site-verification\" content=\"UA-38556648-1\" \/>\n\t<meta name=\"keywords\" content=\"noticias y actualidad\" \/>\n\t<link rel=\"canonical\" href=\"https:\/\/eldigitaldeasturias.com\/magazine365\/la-excursion-de-la-nina-que-tuvo-escoliosis-y-las-coronarias-de-su-medico\/\" \/>\n\t<meta name=\"generator\" content=\"All in One SEO Pro (AIOSEO) 4.9.6.1\" \/>\n\t\t<meta property=\"og:locale\" content=\"es_ES\" \/>\n\t\t<meta property=\"og:site_name\" content=\"El Digital de Asturias \u2013 Revista de ocio, turismo y estilo de vida\" \/>\n\t\t<meta property=\"og:type\" content=\"article\" \/>\n\t\t<meta property=\"og:title\" content=\"La excursi\u00f3n de la ni\u00f1a que tuvo escoliosis y las coronarias de su m\u00e9dico | El Digital de Asturias\" \/>\n\t\t<meta property=\"og:description\" content=\"Sevilla, 22 may (EFE).- Fabiana, la ni\u00f1a de 11 a\u00f1os cuya escoliosis han corregido en un hospital p\u00fablico de Sevilla con una t\u00e9cnica pionera en Europa, ya asiste a clase y quiere irse de excursi\u00f3n a Santander, lo que el m\u00e9dico que la oper\u00f3, David Farrington, cree que permitir\u00e1 &quot;con sufrimiento de mis coronarias&quot;. &quot;Nosotros\" \/>\n\t\t<meta property=\"og:url\" content=\"https:\/\/eldigitaldeasturias.com\/magazine365\/la-excursion-de-la-nina-que-tuvo-escoliosis-y-las-coronarias-de-su-medico\/\" \/>\n\t\t<meta property=\"og:image\" content=\"https:\/\/eldigitaldeasturias.com\/magazine365\/wp-content\/uploads\/2014\/05\/6288499w.jpg\" \/>\n\t\t<meta property=\"og:image:secure_url\" content=\"https:\/\/eldigitaldeasturias.com\/magazine365\/wp-content\/uploads\/2014\/05\/6288499w.jpg\" \/>\n\t\t<meta property=\"og:image:width\" content=\"800\" \/>\n\t\t<meta property=\"og:image:height\" content=\"425\" \/>\n\t\t<meta property=\"article:published_time\" content=\"2014-05-23T00:01:21+00:00\" \/>\n\t\t<meta property=\"article:modified_time\" content=\"2014-05-23T00:01:21+00:00\" \/>\n\t\t<meta name=\"twitter:card\" content=\"summary_large_image\" \/>\n\t\t<meta name=\"twitter:title\" content=\"La excursi\u00f3n de la ni\u00f1a que tuvo escoliosis y las coronarias de su m\u00e9dico | El Digital de Asturias\" \/>\n\t\t<meta name=\"twitter:description\" content=\"Sevilla, 22 may (EFE).- Fabiana, la ni\u00f1a de 11 a\u00f1os cuya escoliosis han corregido en un hospital p\u00fablico de Sevilla con una t\u00e9cnica pionera en Europa, ya asiste a clase y quiere irse de excursi\u00f3n a Santander, lo que el m\u00e9dico que la oper\u00f3, David Farrington, cree que permitir\u00e1 &quot;con sufrimiento de mis coronarias&quot;. &quot;Nosotros\" \/>\n\t\t<meta name=\"twitter:image\" content=\"https:\/\/eldigitaldeasturias.com\/magazine365\/wp-content\/uploads\/2014\/05\/6288499w.jpg\" \/>\n\t\t<script type=\"application\/ld+json\" class=\"aioseo-schema\">\n\t\t\t{\"@context\":\"https:\\\/\\\/schema.org\",\"@graph\":[{\"@type\":\"Article\",\"@id\":\"https:\\\/\\\/eldigitaldeasturias.com\\\/magazine365\\\/la-excursion-de-la-nina-que-tuvo-escoliosis-y-las-coronarias-de-su-medico\\\/#article\",\"name\":\"La excursi\\u00f3n de la ni\\u00f1a que tuvo escoliosis y las coronarias de su m\\u00e9dico | El Digital de Asturias\",\"headline\":\"La excursi\\u00f3n de la ni\\u00f1a que tuvo escoliosis y las coronarias de su m\\u00e9dico\",\"author\":{\"@id\":\"https:\\\/\\\/eldigitaldeasturias.com\\\/magazine365\\\/author\\\/admin\\\/#author\"},\"publisher\":{\"@id\":\"https:\\\/\\\/eldigitaldeasturias.com\\\/magazine365\\\/#organization\"},\"image\":{\"@type\":\"ImageObject\",\"url\":\"https:\\\/\\\/eldigitaldeasturias.com\\\/magazine365\\\/wp-content\\\/uploads\\\/2014\\\/05\\\/6288499w.jpg\",\"width\":800,\"height\":425},\"datePublished\":\"2014-05-22T22:01:21+02:00\",\"dateModified\":\"2014-05-22T22:01:21+02:00\",\"inLanguage\":\"es-ES\",\"mainEntityOfPage\":{\"@id\":\"https:\\\/\\\/eldigitaldeasturias.com\\\/magazine365\\\/la-excursion-de-la-nina-que-tuvo-escoliosis-y-las-coronarias-de-su-medico\\\/#webpage\"},\"isPartOf\":{\"@id\":\"https:\\\/\\\/eldigitaldeasturias.com\\\/magazine365\\\/la-excursion-de-la-nina-que-tuvo-escoliosis-y-las-coronarias-de-su-medico\\\/#webpage\"},\"articleSection\":\"Noticias y Actualidad\"},{\"@type\":\"BreadcrumbList\",\"@id\":\"https:\\\/\\\/eldigitaldeasturias.com\\\/magazine365\\\/la-excursion-de-la-nina-que-tuvo-escoliosis-y-las-coronarias-de-su-medico\\\/#breadcrumblist\",\"itemListElement\":[{\"@type\":\"ListItem\",\"@id\":\"https:\\\/\\\/eldigitaldeasturias.com\\\/magazine365#listItem\",\"position\":1,\"name\":\"Home\",\"item\":\"https:\\\/\\\/eldigitaldeasturias.com\\\/magazine365\",\"nextItem\":{\"@type\":\"ListItem\",\"@id\":\"https:\\\/\\\/eldigitaldeasturias.com\\\/magazine365\\\/category\\\/noticias-actualidad\\\/#listItem\",\"name\":\"Noticias y Actualidad\"}},{\"@type\":\"ListItem\",\"@id\":\"https:\\\/\\\/eldigitaldeasturias.com\\\/magazine365\\\/category\\\/noticias-actualidad\\\/#listItem\",\"position\":2,\"name\":\"Noticias y Actualidad\",\"item\":\"https:\\\/\\\/eldigitaldeasturias.com\\\/magazine365\\\/category\\\/noticias-actualidad\\\/\",\"nextItem\":{\"@type\":\"ListItem\",\"@id\":\"https:\\\/\\\/eldigitaldeasturias.com\\\/magazine365\\\/la-excursion-de-la-nina-que-tuvo-escoliosis-y-las-coronarias-de-su-medico\\\/#listItem\",\"name\":\"La excursi\\u00f3n de la ni\\u00f1a que tuvo escoliosis y las coronarias de su m\\u00e9dico\"},\"previousItem\":{\"@type\":\"ListItem\",\"@id\":\"https:\\\/\\\/eldigitaldeasturias.com\\\/magazine365#listItem\",\"name\":\"Home\"}},{\"@type\":\"ListItem\",\"@id\":\"https:\\\/\\\/eldigitaldeasturias.com\\\/magazine365\\\/la-excursion-de-la-nina-que-tuvo-escoliosis-y-las-coronarias-de-su-medico\\\/#listItem\",\"position\":3,\"name\":\"La excursi\\u00f3n de la ni\\u00f1a que tuvo escoliosis y las coronarias de su m\\u00e9dico\",\"previousItem\":{\"@type\":\"ListItem\",\"@id\":\"https:\\\/\\\/eldigitaldeasturias.com\\\/magazine365\\\/category\\\/noticias-actualidad\\\/#listItem\",\"name\":\"Noticias y Actualidad\"}}]},{\"@type\":\"Organization\",\"@id\":\"https:\\\/\\\/eldigitaldeasturias.com\\\/magazine365\\\/#organization\",\"name\":\"El digital de Asturias\",\"description\":\"Revista de ocio, turismo y estilo de vida\",\"url\":\"https:\\\/\\\/eldigitaldeasturias.com\\\/magazine365\\\/\",\"logo\":{\"@type\":\"ImageObject\",\"url\":\"https:\\\/\\\/www.eldigitaldeasturias.com\\\/noticias\\\/wp-content\\\/uploads\\\/2020\\\/12\\\/EDA.jpg\",\"@id\":\"https:\\\/\\\/eldigitaldeasturias.com\\\/magazine365\\\/la-excursion-de-la-nina-que-tuvo-escoliosis-y-las-coronarias-de-su-medico\\\/#organizationLogo\"},\"image\":{\"@id\":\"https:\\\/\\\/eldigitaldeasturias.com\\\/magazine365\\\/la-excursion-de-la-nina-que-tuvo-escoliosis-y-las-coronarias-de-su-medico\\\/#organizationLogo\"}},{\"@type\":\"Person\",\"@id\":\"https:\\\/\\\/eldigitaldeasturias.com\\\/magazine365\\\/author\\\/admin\\\/#author\",\"url\":\"https:\\\/\\\/eldigitaldeasturias.com\\\/magazine365\\\/author\\\/admin\\\/\",\"name\":\"admin\",\"image\":{\"@type\":\"ImageObject\",\"@id\":\"https:\\\/\\\/eldigitaldeasturias.com\\\/magazine365\\\/la-excursion-de-la-nina-que-tuvo-escoliosis-y-las-coronarias-de-su-medico\\\/#authorImage\",\"url\":\"https:\\\/\\\/eldigitaldeasturias.com\\\/magazine365\\\/wp-content\\\/litespeed\\\/avatar\\\/e571bcf59a0edd6fa6838245a470f2fe.jpg?ver=1776969259\",\"width\":96,\"height\":96,\"caption\":\"admin\"}},{\"@type\":\"WebPage\",\"@id\":\"https:\\\/\\\/eldigitaldeasturias.com\\\/magazine365\\\/la-excursion-de-la-nina-que-tuvo-escoliosis-y-las-coronarias-de-su-medico\\\/#webpage\",\"url\":\"https:\\\/\\\/eldigitaldeasturias.com\\\/magazine365\\\/la-excursion-de-la-nina-que-tuvo-escoliosis-y-las-coronarias-de-su-medico\\\/\",\"name\":\"La excursi\\u00f3n de la ni\\u00f1a que tuvo escoliosis y las coronarias de su m\\u00e9dico | El Digital de Asturias\",\"description\":\"Sevilla, 22 may (EFE).- Fabiana, la ni\\u00f1a de 11 a\\u00f1os cuya escoliosis han corregido en un hospital p\\u00fablico de Sevilla con una t\\u00e9cnica pionera en Europa, ya asiste a clase y quiere irse de excursi\\u00f3n a Santander, lo que el m\\u00e9dico que la oper\\u00f3, David Farrington, cree que permitir\\u00e1 \\\"con sufrimiento de mis coronarias\\\". \\\"Nosotros\",\"inLanguage\":\"es-ES\",\"isPartOf\":{\"@id\":\"https:\\\/\\\/eldigitaldeasturias.com\\\/magazine365\\\/#website\"},\"breadcrumb\":{\"@id\":\"https:\\\/\\\/eldigitaldeasturias.com\\\/magazine365\\\/la-excursion-de-la-nina-que-tuvo-escoliosis-y-las-coronarias-de-su-medico\\\/#breadcrumblist\"},\"author\":{\"@id\":\"https:\\\/\\\/eldigitaldeasturias.com\\\/magazine365\\\/author\\\/admin\\\/#author\"},\"creator\":{\"@id\":\"https:\\\/\\\/eldigitaldeasturias.com\\\/magazine365\\\/author\\\/admin\\\/#author\"},\"image\":{\"@type\":\"ImageObject\",\"url\":\"https:\\\/\\\/eldigitaldeasturias.com\\\/magazine365\\\/wp-content\\\/uploads\\\/2014\\\/05\\\/6288499w.jpg\",\"@id\":\"https:\\\/\\\/eldigitaldeasturias.com\\\/magazine365\\\/la-excursion-de-la-nina-que-tuvo-escoliosis-y-las-coronarias-de-su-medico\\\/#mainImage\",\"width\":800,\"height\":425},\"primaryImageOfPage\":{\"@id\":\"https:\\\/\\\/eldigitaldeasturias.com\\\/magazine365\\\/la-excursion-de-la-nina-que-tuvo-escoliosis-y-las-coronarias-de-su-medico\\\/#mainImage\"},\"datePublished\":\"2014-05-22T22:01:21+02:00\",\"dateModified\":\"2014-05-22T22:01:21+02:00\"},{\"@type\":\"WebSite\",\"@id\":\"https:\\\/\\\/eldigitaldeasturias.com\\\/magazine365\\\/#website\",\"url\":\"https:\\\/\\\/eldigitaldeasturias.com\\\/magazine365\\\/\",\"name\":\"El Digital de Asturias\",\"description\":\"Revista de ocio, turismo y estilo de vida\",\"inLanguage\":\"es-ES\",\"publisher\":{\"@id\":\"https:\\\/\\\/eldigitaldeasturias.com\\\/magazine365\\\/#organization\"}}]}\n\t\t<\/script>\n\t\t<!-- All in One SEO Pro -->\r\n\t\t<title>La excursi\u00f3n de la ni\u00f1a que tuvo escoliosis y las coronarias de su m\u00e9dico | El Digital de Asturias<\/title>\n\n","aioseo_head_json":{"title":"La excursi\u00f3n de la ni\u00f1a que tuvo escoliosis y las coronarias de su m\u00e9dico | El Digital de Asturias","description":"Sevilla, 22 may (EFE).- Fabiana, la ni\u00f1a de 11 a\u00f1os cuya escoliosis han corregido en un hospital p\u00fablico de Sevilla con una t\u00e9cnica pionera en Europa, ya asiste a clase y quiere irse de excursi\u00f3n a Santander, lo que el m\u00e9dico que la oper\u00f3, David Farrington, cree que permitir\u00e1 \"con sufrimiento de mis coronarias\". \"Nosotros","canonical_url":"https:\/\/eldigitaldeasturias.com\/magazine365\/la-excursion-de-la-nina-que-tuvo-escoliosis-y-las-coronarias-de-su-medico\/","robots":"max-image-preview:large","keywords":"noticias y actualidad","webmasterTools":{"google-site-verification":"UA-38556648-1","miscellaneous":""},"schema":{"@context":"https:\/\/schema.org","@graph":[{"@type":"Article","@id":"https:\/\/eldigitaldeasturias.com\/magazine365\/la-excursion-de-la-nina-que-tuvo-escoliosis-y-las-coronarias-de-su-medico\/#article","name":"La excursi\u00f3n de la ni\u00f1a que tuvo escoliosis y las coronarias de su m\u00e9dico | El Digital de Asturias","headline":"La excursi\u00f3n de la ni\u00f1a que tuvo escoliosis y las coronarias de su m\u00e9dico","author":{"@id":"https:\/\/eldigitaldeasturias.com\/magazine365\/author\/admin\/#author"},"publisher":{"@id":"https:\/\/eldigitaldeasturias.com\/magazine365\/#organization"},"image":{"@type":"ImageObject","url":"https:\/\/eldigitaldeasturias.com\/magazine365\/wp-content\/uploads\/2014\/05\/6288499w.jpg","width":800,"height":425},"datePublished":"2014-05-22T22:01:21+02:00","dateModified":"2014-05-22T22:01:21+02:00","inLanguage":"es-ES","mainEntityOfPage":{"@id":"https:\/\/eldigitaldeasturias.com\/magazine365\/la-excursion-de-la-nina-que-tuvo-escoliosis-y-las-coronarias-de-su-medico\/#webpage"},"isPartOf":{"@id":"https:\/\/eldigitaldeasturias.com\/magazine365\/la-excursion-de-la-nina-que-tuvo-escoliosis-y-las-coronarias-de-su-medico\/#webpage"},"articleSection":"Noticias y Actualidad"},{"@type":"BreadcrumbList","@id":"https:\/\/eldigitaldeasturias.com\/magazine365\/la-excursion-de-la-nina-que-tuvo-escoliosis-y-las-coronarias-de-su-medico\/#breadcrumblist","itemListElement":[{"@type":"ListItem","@id":"https:\/\/eldigitaldeasturias.com\/magazine365#listItem","position":1,"name":"Home","item":"https:\/\/eldigitaldeasturias.com\/magazine365","nextItem":{"@type":"ListItem","@id":"https:\/\/eldigitaldeasturias.com\/magazine365\/category\/noticias-actualidad\/#listItem","name":"Noticias y Actualidad"}},{"@type":"ListItem","@id":"https:\/\/eldigitaldeasturias.com\/magazine365\/category\/noticias-actualidad\/#listItem","position":2,"name":"Noticias y Actualidad","item":"https:\/\/eldigitaldeasturias.com\/magazine365\/category\/noticias-actualidad\/","nextItem":{"@type":"ListItem","@id":"https:\/\/eldigitaldeasturias.com\/magazine365\/la-excursion-de-la-nina-que-tuvo-escoliosis-y-las-coronarias-de-su-medico\/#listItem","name":"La excursi\u00f3n de la ni\u00f1a que tuvo escoliosis y las coronarias de su m\u00e9dico"},"previousItem":{"@type":"ListItem","@id":"https:\/\/eldigitaldeasturias.com\/magazine365#listItem","name":"Home"}},{"@type":"ListItem","@id":"https:\/\/eldigitaldeasturias.com\/magazine365\/la-excursion-de-la-nina-que-tuvo-escoliosis-y-las-coronarias-de-su-medico\/#listItem","position":3,"name":"La excursi\u00f3n de la ni\u00f1a que tuvo escoliosis y las coronarias de su m\u00e9dico","previousItem":{"@type":"ListItem","@id":"https:\/\/eldigitaldeasturias.com\/magazine365\/category\/noticias-actualidad\/#listItem","name":"Noticias y Actualidad"}}]},{"@type":"Organization","@id":"https:\/\/eldigitaldeasturias.com\/magazine365\/#organization","name":"El digital de Asturias","description":"Revista de ocio, turismo y estilo de vida","url":"https:\/\/eldigitaldeasturias.com\/magazine365\/","logo":{"@type":"ImageObject","url":"https:\/\/www.eldigitaldeasturias.com\/noticias\/wp-content\/uploads\/2020\/12\/EDA.jpg","@id":"https:\/\/eldigitaldeasturias.com\/magazine365\/la-excursion-de-la-nina-que-tuvo-escoliosis-y-las-coronarias-de-su-medico\/#organizationLogo"},"image":{"@id":"https:\/\/eldigitaldeasturias.com\/magazine365\/la-excursion-de-la-nina-que-tuvo-escoliosis-y-las-coronarias-de-su-medico\/#organizationLogo"}},{"@type":"Person","@id":"https:\/\/eldigitaldeasturias.com\/magazine365\/author\/admin\/#author","url":"https:\/\/eldigitaldeasturias.com\/magazine365\/author\/admin\/","name":"admin","image":{"@type":"ImageObject","@id":"https:\/\/eldigitaldeasturias.com\/magazine365\/la-excursion-de-la-nina-que-tuvo-escoliosis-y-las-coronarias-de-su-medico\/#authorImage","url":"https:\/\/eldigitaldeasturias.com\/magazine365\/wp-content\/litespeed\/avatar\/e571bcf59a0edd6fa6838245a470f2fe.jpg?ver=1776969259","width":96,"height":96,"caption":"admin"}},{"@type":"WebPage","@id":"https:\/\/eldigitaldeasturias.com\/magazine365\/la-excursion-de-la-nina-que-tuvo-escoliosis-y-las-coronarias-de-su-medico\/#webpage","url":"https:\/\/eldigitaldeasturias.com\/magazine365\/la-excursion-de-la-nina-que-tuvo-escoliosis-y-las-coronarias-de-su-medico\/","name":"La excursi\u00f3n de la ni\u00f1a que tuvo escoliosis y las coronarias de su m\u00e9dico | El Digital de Asturias","description":"Sevilla, 22 may (EFE).- Fabiana, la ni\u00f1a de 11 a\u00f1os cuya escoliosis han corregido en un hospital p\u00fablico de Sevilla con una t\u00e9cnica pionera en Europa, ya asiste a clase y quiere irse de excursi\u00f3n a Santander, lo que el m\u00e9dico que la oper\u00f3, David Farrington, cree que permitir\u00e1 \"con sufrimiento de mis coronarias\". \"Nosotros","inLanguage":"es-ES","isPartOf":{"@id":"https:\/\/eldigitaldeasturias.com\/magazine365\/#website"},"breadcrumb":{"@id":"https:\/\/eldigitaldeasturias.com\/magazine365\/la-excursion-de-la-nina-que-tuvo-escoliosis-y-las-coronarias-de-su-medico\/#breadcrumblist"},"author":{"@id":"https:\/\/eldigitaldeasturias.com\/magazine365\/author\/admin\/#author"},"creator":{"@id":"https:\/\/eldigitaldeasturias.com\/magazine365\/author\/admin\/#author"},"image":{"@type":"ImageObject","url":"https:\/\/eldigitaldeasturias.com\/magazine365\/wp-content\/uploads\/2014\/05\/6288499w.jpg","@id":"https:\/\/eldigitaldeasturias.com\/magazine365\/la-excursion-de-la-nina-que-tuvo-escoliosis-y-las-coronarias-de-su-medico\/#mainImage","width":800,"height":425},"primaryImageOfPage":{"@id":"https:\/\/eldigitaldeasturias.com\/magazine365\/la-excursion-de-la-nina-que-tuvo-escoliosis-y-las-coronarias-de-su-medico\/#mainImage"},"datePublished":"2014-05-22T22:01:21+02:00","dateModified":"2014-05-22T22:01:21+02:00"},{"@type":"WebSite","@id":"https:\/\/eldigitaldeasturias.com\/magazine365\/#website","url":"https:\/\/eldigitaldeasturias.com\/magazine365\/","name":"El Digital de Asturias","description":"Revista de ocio, turismo y estilo de vida","inLanguage":"es-ES","publisher":{"@id":"https:\/\/eldigitaldeasturias.com\/magazine365\/#organization"}}]},"og:locale":"es_ES","og:site_name":"El Digital de Asturias \u2013 Revista de ocio, turismo y estilo de vida","og:type":"article","og:title":"La excursi\u00f3n de la ni\u00f1a que tuvo escoliosis y las coronarias de su m\u00e9dico | El Digital de Asturias","og:description":"Sevilla, 22 may (EFE).- Fabiana, la ni\u00f1a de 11 a\u00f1os cuya escoliosis han corregido en un hospital p\u00fablico de Sevilla con una t\u00e9cnica pionera en Europa, ya asiste a clase y quiere irse de excursi\u00f3n a Santander, lo que el m\u00e9dico que la oper\u00f3, David Farrington, cree que permitir\u00e1 &quot;con sufrimiento de mis coronarias&quot;. &quot;Nosotros","og:url":"https:\/\/eldigitaldeasturias.com\/magazine365\/la-excursion-de-la-nina-que-tuvo-escoliosis-y-las-coronarias-de-su-medico\/","og:image":"https:\/\/eldigitaldeasturias.com\/magazine365\/wp-content\/uploads\/2014\/05\/6288499w.jpg","og:image:secure_url":"https:\/\/eldigitaldeasturias.com\/magazine365\/wp-content\/uploads\/2014\/05\/6288499w.jpg","og:image:width":800,"og:image:height":425,"article:published_time":"2014-05-23T00:01:21+00:00","article:modified_time":"2014-05-23T00:01:21+00:00","twitter:card":"summary_large_image","twitter:title":"La excursi\u00f3n de la ni\u00f1a que tuvo escoliosis y las coronarias de su m\u00e9dico | El Digital de Asturias","twitter:description":"Sevilla, 22 may (EFE).- Fabiana, la ni\u00f1a de 11 a\u00f1os cuya escoliosis han corregido en un hospital p\u00fablico de Sevilla con una t\u00e9cnica pionera en Europa, ya asiste a clase y quiere irse de excursi\u00f3n a Santander, lo que el m\u00e9dico que la oper\u00f3, David Farrington, cree que permitir\u00e1 &quot;con sufrimiento de mis coronarias&quot;. &quot;Nosotros","twitter:image":"https:\/\/eldigitaldeasturias.com\/magazine365\/wp-content\/uploads\/2014\/05\/6288499w.jpg"},"aioseo_meta_data":{"post_id":"13642","title":null,"description":null,"keywords":null,"keyphrases":null,"primary_term":null,"canonical_url":null,"og_title":null,"og_description":null,"og_object_type":"default","og_image_type":"default","og_image_url":null,"og_image_width":null,"og_image_height":null,"og_image_custom_url":null,"og_image_custom_fields":null,"og_video":null,"og_custom_url":null,"og_article_section":null,"og_article_tags":null,"twitter_use_og":false,"twitter_card":"default","twitter_image_type":"default","twitter_image_url":null,"twitter_image_custom_url":null,"twitter_image_custom_fields":null,"twitter_title":null,"twitter_description":null,"schema":{"blockGraphs":[],"customGraphs":[],"default":{"data":{"Article":[],"Course":[],"Dataset":[],"FAQPage":[],"Movie":[],"Person":[],"Product":[],"ProductReview":[],"Car":[],"Recipe":[],"Service":[],"SoftwareApplication":[],"WebPage":[]},"graphName":"","isEnabled":true},"graphs":[],"defaultGraph":"","defaultPostTypeGraph":""},"schema_type":null,"schema_type_options":null,"pillar_content":false,"robots_default":true,"robots_noindex":false,"robots_noarchive":false,"robots_nosnippet":false,"robots_nofollow":false,"robots_noimageindex":false,"robots_noodp":false,"robots_notranslate":false,"robots_max_snippet":null,"robots_max_videopreview":null,"robots_max_imagepreview":"large","priority":null,"frequency":null,"location":null,"local_seo":null,"seo_analyzer_scan_date":"2025-09-17 08:38:23","breadcrumb_settings":null,"limit_modified_date":false,"open_ai":null,"ai":null,"created":"2021-03-08 11:49:53","updated":"2025-09-17 08:38:23"},"aioseo_breadcrumb":"<div class=\"aioseo-breadcrumbs\"><span class=\"aioseo-breadcrumb\">\n\t<a href=\"https:\/\/eldigitaldeasturias.com\/magazine365\" title=\"Home\">Home<\/a>\n<\/span><span class=\"aioseo-breadcrumb-separator\">\u2013<\/span><span class=\"aioseo-breadcrumb\">\n\t<a href=\"https:\/\/eldigitaldeasturias.com\/magazine365\/category\/noticias-actualidad\/\" title=\"Noticias y Actualidad\">Noticias y Actualidad<\/a>\n<\/span><span class=\"aioseo-breadcrumb-separator\">\u2013<\/span><span class=\"aioseo-breadcrumb\">\n\t<a href=\"https:\/\/eldigitaldeasturias.com\/magazine365\/la-excursion-de-la-nina-que-tuvo-escoliosis-y-las-coronarias-de-su-medico\/\" title=\"La excursi\u00f3n de la ni\u00f1a que tuvo escoliosis y las coronarias de su m\u00e9dico\">La excursi\u00f3n de la ni\u00f1a que tuvo escoliosis y las coronarias de su m\u00e9dico<\/a>\n<\/span><\/div>","aioseo_breadcrumb_json":[{"label":"Home","link":"https:\/\/eldigitaldeasturias.com\/magazine365"},{"label":"Noticias y Actualidad","link":"https:\/\/eldigitaldeasturias.com\/magazine365\/category\/noticias-actualidad\/"},{"label":"La excursi\u00f3n de la ni\u00f1a que tuvo escoliosis y las coronarias de su m\u00e9dico","link":"https:\/\/eldigitaldeasturias.com\/magazine365\/la-excursion-de-la-nina-que-tuvo-escoliosis-y-las-coronarias-de-su-medico\/"}],"_links":{"self":[{"href":"https:\/\/eldigitaldeasturias.com\/magazine365\/wp-json\/wp\/v2\/posts\/13642","targetHints":{"allow":["GET"]}}],"collection":[{"href":"https:\/\/eldigitaldeasturias.com\/magazine365\/wp-json\/wp\/v2\/posts"}],"about":[{"href":"https:\/\/eldigitaldeasturias.com\/magazine365\/wp-json\/wp\/v2\/types\/post"}],"author":[{"embeddable":true,"href":"https:\/\/eldigitaldeasturias.com\/magazine365\/wp-json\/wp\/v2\/users\/1"}],"replies":[{"embeddable":true,"href":"https:\/\/eldigitaldeasturias.com\/magazine365\/wp-json\/wp\/v2\/comments?post=13642"}],"version-history":[{"count":0,"href":"https:\/\/eldigitaldeasturias.com\/magazine365\/wp-json\/wp\/v2\/posts\/13642\/revisions"}],"wp:featuredmedia":[{"embeddable":true,"href":"https:\/\/eldigitaldeasturias.com\/magazine365\/wp-json\/wp\/v2\/media\/13643"}],"wp:attachment":[{"href":"https:\/\/eldigitaldeasturias.com\/magazine365\/wp-json\/wp\/v2\/media?parent=13642"}],"wp:term":[{"taxonomy":"category","embeddable":true,"href":"https:\/\/eldigitaldeasturias.com\/magazine365\/wp-json\/wp\/v2\/categories?post=13642"},{"taxonomy":"post_tag","embeddable":true,"href":"https:\/\/eldigitaldeasturias.com\/magazine365\/wp-json\/wp\/v2\/tags?post=13642"}],"curies":[{"name":"wp","href":"https:\/\/api.w.org\/{rel}","templated":true}]}}