{"id":13636,"date":"2014-05-22T21:57:13","date_gmt":"2014-05-22T23:57:13","guid":{"rendered":"http:\/\/eldigitaldeasturias.com\/magazine365\/?p=13636"},"modified":"2014-05-22T21:57:13","modified_gmt":"2014-05-22T23:57:13","slug":"grace-de-monaco-toni-servillo-y-los-estrenos-de-la-semana","status":"publish","type":"post","link":"https:\/\/eldigitaldeasturias.com\/magazine365\/grace-de-monaco-toni-servillo-y-los-estrenos-de-la-semana\/","title":{"rendered":"\u00abGrace de M\u00f3naco\u00bb, Toni Servillo y los estrenos de la semana."},"content":{"rendered":"<p><img fetchpriority=\"high\" decoding=\"async\" class=\"alignleft size-medium wp-image-13637\" alt=\"6287791w\" src=\"https:\/\/eldigitaldeasturias.com\/magazine365\/wp-content\/uploads\/2014\/05\/6287791w-360x241.jpg\" width=\"360\" height=\"241\" \/>Madrid, 22 may (EFE).- \u00abGrace de M\u00f3naco\u00bb competir\u00e1 esta semana en los cines con \u00abViva la libert\u00e1\u00bb, que protagoniza Toni Servillo, dos pel\u00edculas muy esperadas que adelantaron al mi\u00e9rcoles su llegada a la cartelera y que coinciden en las salas con cintas como \u00abMadre e hijo\u00bb, \u00abDom Hemingway\u00bb o \u00abThe Unknown Known\u00bb, que llegan el viernes.<\/p>\n<p>EL CUENTO DE HADAS DE \u00abGRACE DE M\u00d3NACO\u00bb<\/p>\n<p>La proyecci\u00f3n de \u00abGrace de M\u00f3naco\u00bb protagoniz\u00f3 la apertura de la 67\u00aa edici\u00f3n del Festival de Cannes, pero defraud\u00f3 a la prensa y a la cr\u00edtica, que no se dejaron seducir por el relato de Olivier Dahan, en el que Nicole Kidman encarna a Grace Kelly, la musa que cambi\u00f3 Hollywood por el amor de un pr\u00edncipe.<\/p>\n<p>El largometraje narra seis complicados meses en la vida de la fallecida actriz y esposa de Rainiero III, Grace Kelly, con parada en el universo del lujo, las dudas existenciales, la presi\u00f3n de Francia para que M\u00f3naco frene el \u00e9xodo de empresas galas seducidas por su ventajosa pol\u00edtica fiscal -con Charles de Gaulle en el Palacio del El\u00edseo- y las traiciones de palacio.<\/p>\n<p>\u00abVIVA LA LIBERT\u00c1\u00bb, UNA F\u00c1BULA POL\u00cdTICA<\/p>\n<p>\u00abViva la libert\u00e1\u00bb es una comedia dram\u00e1tica de Roberto And\u00f3 que construye una farsa pol\u00edtica que juega con personajes reconocibles, en la que Toni Servillo, el protagonista de \u00abLa gran belleza\u00bb interpreta al hermano gemelo de un importante pol\u00edtico italiano.<\/p>\n<p>Giovanni Emani (Toni Servillo), un divertido fil\u00f3sofo que ha pasado una larga temporada en el manicomio se ver\u00e1 obligado a sustituir a su hermano gemelo Enrico Olivieri, l\u00edder ficticio de un importante partido de izquierdas, cuando este decide desaparecer, hastiado de su m\u00e1scara.<\/p>\n<p>REDENCI\u00d3N, UN THRILLER DE ACCI\u00d3N<\/p>\n<p>Jason Statham, conocido por sus papeles en \u00abSnatch\u00bb, \u00abCrank\u00bb o \u00abTransporter\u00bb, es el protagonista de \u00abRedenci\u00f3n\u00bb, un filme de acci\u00f3n y \u00abthriller\u00bb que es el primer largometraje de Steven Knight.<\/p>\n<p>Joey Jones es un exsoldado de las Fuerzas Especiales del ej\u00e9rcito brit\u00e1nico, atormentado por un tr\u00e1gico pasado, que en un intento por cambiar su vida, asume la identidad de un miembro de la clase alta brit\u00e1nica y sensibilizado por las injusticias que ve a su alrededor, lo arriesgar\u00e1 todo por venganza.<\/p>\n<p>HOMENAJE A LAS CORISTAS EN \u00abA VEINTE PASOS DE LA FAMA\u00bb<\/p>\n<p>\u00abA 20 pasos de la fama\u00bb, dirigido por Morgan Neville, incluye entrevistas con Bruce Springsteen, Stevie Wonder, Mick Jagger o Sting, entre otros muchos, y fue galardonado con un Oscar al mejor largometraje documental.<\/p>\n<p>Se trata de un homenaje a las mujeres que hacen coros a los artistas, que en el escenario ocupan un segundo plano respecto a los cantantes famosos, a pesar de proporcionar armon\u00eda a las mejores bandas de la m\u00fasica popular.<\/p>\n<p>SANGRE Y VENGANZA EN \u00abBIG BAD WOLVES\u00bb<\/p>\n<p>Los israel\u00edes Aaron Keshales y Navot Papuchado fueron galardonados en el Festival de Sitges con el premio a mejor director por esta comedia negra, que tambi\u00e9n obtuvo el premio de mejor banda sonora.<\/p>\n<p>El asesinato de unas ni\u00f1as, con claros s\u00edntomas de haber sido v\u00edctimas de abusos sexuales, pone en contacto a tres hombres que convivir\u00e1n en el interior de un s\u00f3tano en donde no tendr\u00e1n cabida ni las leyes ni la piedad y donde las figuras de v\u00edctima y verdugo se confundir\u00e1n con cada nuevo acontecimiento.<\/p>\n<p>JUDE LAW EN \u00abDOM HEMINGWEY\u00bb<\/p>\n<p>Dirigida por Richard Shepard y protagonizada por Jude Law, Demi\u00e1n Bichir y Emilia Clarke, \u00abDom Hemingwey\u00bb es una comedia dram\u00e1tica inglesa sobre un h\u00e1bil y arrogante ladr\u00f3n de cajas fuertes.<\/p>\n<p>Despu\u00e9s de doce a\u00f1os en prisi\u00f3n, Dom (Jude Law) vuelve a las calles de Londres dispuesto a cobrar lo que le deben por guardar silencio y no delatar a su jefe (Demi\u00e1n Bichir), algo que Dom compaginar\u00e1 con intentar recuperar el contacto con su hija (Emilia Clarke), de la que se ha distanciado, pero pronto se ve de nuevo inmerso en el \u00fanico tipo de vida que conoce.<\/p>\n<p>LA VIDA DE DONALD RUMSFELD EN \u00abTHE UNKNOWN KNOWN\u00bb<\/p>\n<p>El estadounidense Errol Morris dirige este documental, un introspectivo relato sobre el ex Secretario de Defensa estadounidense Donald Rumsfeld, que habla sobre su carrera pol\u00edtica desde sus inicios en los a\u00f1os 60 como congresista, hasta la invasi\u00f3n de Iraq en 2003, tras el 11 de Septiembre y la posterior guerra en Afganist\u00e1n.<\/p>\n<p>No se trata de una entrevista convencional, Rumsfeld expone sus propios argumentos sobre diferentes acontecimientos hist\u00f3ricos, que Morris deja claro que se contradicen con los hechos.<\/p>\n<p>AMOR MATERNO EN \u00abMADRE E HIJO\u00bb<\/p>\n<p>\u00abMadre e hijo\u00bb, galardonada en el Festival de Berl\u00edn con el Oso de Oro a la mejor pel\u00edcula, es un filme rumano dirigido por Calin Peter Netzer y protagonizado por Luminita Gheorghiuy y Bogdan Dumitrache.<\/p>\n<p>Cornelia (Luminita Gheorghiu) har\u00e1 todo lo posible para impedir que su hijo Barbu (Bogdan Dumitrache), involucrado en un tr\u00e1gico accidente, vaya a la c\u00e1rcel, y de este modo recuperar su atenci\u00f3n, aunque sea a base de chantajes.<\/p>\n<p>DOCUMENTAL SOBRE \u00abLAS 3 VIDAS DE PEDRO BURRUEZO\u00bb<\/p>\n<p>Dirigido por Jos\u00e9 L\u00f3pez P\u00e9rez, este documental cuenta la historia del m\u00fasico y artista Pedro Burruezo, bas\u00e1ndose en las tres \u00e1reas principales en las que se divide su vida: la parte musical, la ecoactivista y sobre el misticismo y la cultura.<\/p>\n<p>Burruezo es el l\u00edder del grupo La Bohemia Camerata, redactor jefe de la revista The Ecologist y es conocedor y estudioso de las diferentes v\u00edas espirituales tradicionales.<\/p>\n<p>Por Marisa Montiel<\/p>\n","protected":false},"excerpt":{"rendered":"<p>Madrid, 22 may (EFE).- \u00abGrace de M\u00f3naco\u00bb competir\u00e1 esta semana en los cines con \u00abViva la libert\u00e1\u00bb, que protagoniza Toni Servillo, dos pel\u00edculas muy esperadas que adelantaron al mi\u00e9rcoles su llegada a la cartelera y que coinciden en las salas con cintas como \u00abMadre e hijo\u00bb, \u00abDom Hemingway\u00bb o \u00abThe Unknown Known\u00bb, que llegan el<\/p>\n","protected":false},"author":1,"featured_media":13637,"comment_status":"open","ping_status":"closed","sticky":false,"template":"","format":"standard","meta":{"footnotes":""},"categories":[224],"tags":[],"class_list":{"0":"post-13636","1":"post","2":"type-post","3":"status-publish","4":"format-standard","5":"has-post-thumbnail","7":"category-noticias-actualidad"},"aioseo_notices":[],"aioseo_head":"\n\t\t<!-- All in One SEO Pro 4.9.6.1 - aioseo.com -->\n\t<meta name=\"description\" content=\"Madrid, 22 may (EFE).- &quot;Grace de M\u00f3naco&quot; competir\u00e1 esta semana en los cines con &quot;Viva la libert\u00e1&quot;, que protagoniza Toni Servillo, dos pel\u00edculas muy esperadas que adelantaron al mi\u00e9rcoles su llegada a la cartelera y que coinciden en las salas con cintas como &quot;Madre e hijo&quot;, &quot;Dom Hemingway&quot; o &quot;The Unknown Known&quot;, que llegan el\" \/>\n\t<meta name=\"robots\" content=\"max-image-preview:large\" \/>\n\t<meta name=\"author\" content=\"admin\"\/>\n\t<meta name=\"google-site-verification\" content=\"UA-38556648-1\" \/>\n\t<meta name=\"keywords\" content=\"noticias y actualidad\" \/>\n\t<link rel=\"canonical\" href=\"https:\/\/eldigitaldeasturias.com\/magazine365\/grace-de-monaco-toni-servillo-y-los-estrenos-de-la-semana\/\" \/>\n\t<meta name=\"generator\" content=\"All in One SEO Pro (AIOSEO) 4.9.6.1\" \/>\n\t\t<meta property=\"og:locale\" content=\"es_ES\" \/>\n\t\t<meta property=\"og:site_name\" content=\"El Digital de Asturias \u2013 Revista de ocio, turismo y estilo de vida\" \/>\n\t\t<meta property=\"og:type\" content=\"article\" \/>\n\t\t<meta property=\"og:title\" content=\"\u00abGrace de M\u00f3naco\u00bb, Toni Servillo y los estrenos de la semana. | El Digital de Asturias\" \/>\n\t\t<meta property=\"og:description\" content=\"Madrid, 22 may (EFE).- &quot;Grace de M\u00f3naco&quot; competir\u00e1 esta semana en los cines con &quot;Viva la libert\u00e1&quot;, que protagoniza Toni Servillo, dos pel\u00edculas muy esperadas que adelantaron al mi\u00e9rcoles su llegada a la cartelera y que coinciden en las salas con cintas como &quot;Madre e hijo&quot;, &quot;Dom Hemingway&quot; o &quot;The Unknown Known&quot;, que llegan el\" \/>\n\t\t<meta property=\"og:url\" content=\"https:\/\/eldigitaldeasturias.com\/magazine365\/grace-de-monaco-toni-servillo-y-los-estrenos-de-la-semana\/\" \/>\n\t\t<meta property=\"og:image\" content=\"https:\/\/eldigitaldeasturias.com\/magazine365\/wp-content\/uploads\/2014\/05\/6287791w.jpg\" \/>\n\t\t<meta property=\"og:image:secure_url\" content=\"https:\/\/eldigitaldeasturias.com\/magazine365\/wp-content\/uploads\/2014\/05\/6287791w.jpg\" \/>\n\t\t<meta property=\"og:image:width\" content=\"800\" \/>\n\t\t<meta property=\"og:image:height\" content=\"537\" \/>\n\t\t<meta property=\"article:published_time\" content=\"2014-05-22T23:57:13+00:00\" \/>\n\t\t<meta property=\"article:modified_time\" content=\"2014-05-22T23:57:13+00:00\" \/>\n\t\t<meta name=\"twitter:card\" content=\"summary_large_image\" \/>\n\t\t<meta name=\"twitter:title\" content=\"\u00abGrace de M\u00f3naco\u00bb, Toni Servillo y los estrenos de la semana. | El Digital de Asturias\" \/>\n\t\t<meta name=\"twitter:description\" content=\"Madrid, 22 may (EFE).- &quot;Grace de M\u00f3naco&quot; competir\u00e1 esta semana en los cines con &quot;Viva la libert\u00e1&quot;, que protagoniza Toni Servillo, dos pel\u00edculas muy esperadas que adelantaron al mi\u00e9rcoles su llegada a la cartelera y que coinciden en las salas con cintas como &quot;Madre e hijo&quot;, &quot;Dom Hemingway&quot; o &quot;The Unknown Known&quot;, que llegan el\" \/>\n\t\t<meta name=\"twitter:image\" content=\"https:\/\/eldigitaldeasturias.com\/magazine365\/wp-content\/uploads\/2014\/05\/6287791w.jpg\" \/>\n\t\t<script type=\"application\/ld+json\" class=\"aioseo-schema\">\n\t\t\t{\"@context\":\"https:\\\/\\\/schema.org\",\"@graph\":[{\"@type\":\"Article\",\"@id\":\"https:\\\/\\\/eldigitaldeasturias.com\\\/magazine365\\\/grace-de-monaco-toni-servillo-y-los-estrenos-de-la-semana\\\/#article\",\"name\":\"\\u00abGrace de M\\u00f3naco\\u00bb, Toni Servillo y los estrenos de la semana. | El Digital de Asturias\",\"headline\":\"\\u00abGrace de M\\u00f3naco\\u00bb, Toni Servillo y los estrenos de la semana.\",\"author\":{\"@id\":\"https:\\\/\\\/eldigitaldeasturias.com\\\/magazine365\\\/author\\\/admin\\\/#author\"},\"publisher\":{\"@id\":\"https:\\\/\\\/eldigitaldeasturias.com\\\/magazine365\\\/#organization\"},\"image\":{\"@type\":\"ImageObject\",\"url\":\"https:\\\/\\\/eldigitaldeasturias.com\\\/magazine365\\\/wp-content\\\/uploads\\\/2014\\\/05\\\/6287791w.jpg\",\"width\":800,\"height\":537},\"datePublished\":\"2014-05-22T21:57:13+02:00\",\"dateModified\":\"2014-05-22T21:57:13+02:00\",\"inLanguage\":\"es-ES\",\"mainEntityOfPage\":{\"@id\":\"https:\\\/\\\/eldigitaldeasturias.com\\\/magazine365\\\/grace-de-monaco-toni-servillo-y-los-estrenos-de-la-semana\\\/#webpage\"},\"isPartOf\":{\"@id\":\"https:\\\/\\\/eldigitaldeasturias.com\\\/magazine365\\\/grace-de-monaco-toni-servillo-y-los-estrenos-de-la-semana\\\/#webpage\"},\"articleSection\":\"Noticias y Actualidad\"},{\"@type\":\"BreadcrumbList\",\"@id\":\"https:\\\/\\\/eldigitaldeasturias.com\\\/magazine365\\\/grace-de-monaco-toni-servillo-y-los-estrenos-de-la-semana\\\/#breadcrumblist\",\"itemListElement\":[{\"@type\":\"ListItem\",\"@id\":\"https:\\\/\\\/eldigitaldeasturias.com\\\/magazine365#listItem\",\"position\":1,\"name\":\"Home\",\"item\":\"https:\\\/\\\/eldigitaldeasturias.com\\\/magazine365\",\"nextItem\":{\"@type\":\"ListItem\",\"@id\":\"https:\\\/\\\/eldigitaldeasturias.com\\\/magazine365\\\/category\\\/noticias-actualidad\\\/#listItem\",\"name\":\"Noticias y Actualidad\"}},{\"@type\":\"ListItem\",\"@id\":\"https:\\\/\\\/eldigitaldeasturias.com\\\/magazine365\\\/category\\\/noticias-actualidad\\\/#listItem\",\"position\":2,\"name\":\"Noticias y Actualidad\",\"item\":\"https:\\\/\\\/eldigitaldeasturias.com\\\/magazine365\\\/category\\\/noticias-actualidad\\\/\",\"nextItem\":{\"@type\":\"ListItem\",\"@id\":\"https:\\\/\\\/eldigitaldeasturias.com\\\/magazine365\\\/grace-de-monaco-toni-servillo-y-los-estrenos-de-la-semana\\\/#listItem\",\"name\":\"\\u00abGrace de M\\u00f3naco\\u00bb, Toni Servillo y los estrenos de la semana.\"},\"previousItem\":{\"@type\":\"ListItem\",\"@id\":\"https:\\\/\\\/eldigitaldeasturias.com\\\/magazine365#listItem\",\"name\":\"Home\"}},{\"@type\":\"ListItem\",\"@id\":\"https:\\\/\\\/eldigitaldeasturias.com\\\/magazine365\\\/grace-de-monaco-toni-servillo-y-los-estrenos-de-la-semana\\\/#listItem\",\"position\":3,\"name\":\"\\u00abGrace de M\\u00f3naco\\u00bb, Toni Servillo y los estrenos de la semana.\",\"previousItem\":{\"@type\":\"ListItem\",\"@id\":\"https:\\\/\\\/eldigitaldeasturias.com\\\/magazine365\\\/category\\\/noticias-actualidad\\\/#listItem\",\"name\":\"Noticias y Actualidad\"}}]},{\"@type\":\"Organization\",\"@id\":\"https:\\\/\\\/eldigitaldeasturias.com\\\/magazine365\\\/#organization\",\"name\":\"El digital de Asturias\",\"description\":\"Revista de ocio, turismo y estilo de vida\",\"url\":\"https:\\\/\\\/eldigitaldeasturias.com\\\/magazine365\\\/\",\"logo\":{\"@type\":\"ImageObject\",\"url\":\"https:\\\/\\\/www.eldigitaldeasturias.com\\\/noticias\\\/wp-content\\\/uploads\\\/2020\\\/12\\\/EDA.jpg\",\"@id\":\"https:\\\/\\\/eldigitaldeasturias.com\\\/magazine365\\\/grace-de-monaco-toni-servillo-y-los-estrenos-de-la-semana\\\/#organizationLogo\"},\"image\":{\"@id\":\"https:\\\/\\\/eldigitaldeasturias.com\\\/magazine365\\\/grace-de-monaco-toni-servillo-y-los-estrenos-de-la-semana\\\/#organizationLogo\"}},{\"@type\":\"Person\",\"@id\":\"https:\\\/\\\/eldigitaldeasturias.com\\\/magazine365\\\/author\\\/admin\\\/#author\",\"url\":\"https:\\\/\\\/eldigitaldeasturias.com\\\/magazine365\\\/author\\\/admin\\\/\",\"name\":\"admin\",\"image\":{\"@type\":\"ImageObject\",\"@id\":\"https:\\\/\\\/eldigitaldeasturias.com\\\/magazine365\\\/grace-de-monaco-toni-servillo-y-los-estrenos-de-la-semana\\\/#authorImage\",\"url\":\"https:\\\/\\\/eldigitaldeasturias.com\\\/magazine365\\\/wp-content\\\/litespeed\\\/avatar\\\/e571bcf59a0edd6fa6838245a470f2fe.jpg?ver=1776969259\",\"width\":96,\"height\":96,\"caption\":\"admin\"}},{\"@type\":\"WebPage\",\"@id\":\"https:\\\/\\\/eldigitaldeasturias.com\\\/magazine365\\\/grace-de-monaco-toni-servillo-y-los-estrenos-de-la-semana\\\/#webpage\",\"url\":\"https:\\\/\\\/eldigitaldeasturias.com\\\/magazine365\\\/grace-de-monaco-toni-servillo-y-los-estrenos-de-la-semana\\\/\",\"name\":\"\\u00abGrace de M\\u00f3naco\\u00bb, Toni Servillo y los estrenos de la semana. | El Digital de Asturias\",\"description\":\"Madrid, 22 may (EFE).- \\\"Grace de M\\u00f3naco\\\" competir\\u00e1 esta semana en los cines con \\\"Viva la libert\\u00e1\\\", que protagoniza Toni Servillo, dos pel\\u00edculas muy esperadas que adelantaron al mi\\u00e9rcoles su llegada a la cartelera y que coinciden en las salas con cintas como \\\"Madre e hijo\\\", \\\"Dom Hemingway\\\" o \\\"The Unknown Known\\\", que llegan el\",\"inLanguage\":\"es-ES\",\"isPartOf\":{\"@id\":\"https:\\\/\\\/eldigitaldeasturias.com\\\/magazine365\\\/#website\"},\"breadcrumb\":{\"@id\":\"https:\\\/\\\/eldigitaldeasturias.com\\\/magazine365\\\/grace-de-monaco-toni-servillo-y-los-estrenos-de-la-semana\\\/#breadcrumblist\"},\"author\":{\"@id\":\"https:\\\/\\\/eldigitaldeasturias.com\\\/magazine365\\\/author\\\/admin\\\/#author\"},\"creator\":{\"@id\":\"https:\\\/\\\/eldigitaldeasturias.com\\\/magazine365\\\/author\\\/admin\\\/#author\"},\"image\":{\"@type\":\"ImageObject\",\"url\":\"https:\\\/\\\/eldigitaldeasturias.com\\\/magazine365\\\/wp-content\\\/uploads\\\/2014\\\/05\\\/6287791w.jpg\",\"@id\":\"https:\\\/\\\/eldigitaldeasturias.com\\\/magazine365\\\/grace-de-monaco-toni-servillo-y-los-estrenos-de-la-semana\\\/#mainImage\",\"width\":800,\"height\":537},\"primaryImageOfPage\":{\"@id\":\"https:\\\/\\\/eldigitaldeasturias.com\\\/magazine365\\\/grace-de-monaco-toni-servillo-y-los-estrenos-de-la-semana\\\/#mainImage\"},\"datePublished\":\"2014-05-22T21:57:13+02:00\",\"dateModified\":\"2014-05-22T21:57:13+02:00\"},{\"@type\":\"WebSite\",\"@id\":\"https:\\\/\\\/eldigitaldeasturias.com\\\/magazine365\\\/#website\",\"url\":\"https:\\\/\\\/eldigitaldeasturias.com\\\/magazine365\\\/\",\"name\":\"El Digital de Asturias\",\"description\":\"Revista de ocio, turismo y estilo de vida\",\"inLanguage\":\"es-ES\",\"publisher\":{\"@id\":\"https:\\\/\\\/eldigitaldeasturias.com\\\/magazine365\\\/#organization\"}}]}\n\t\t<\/script>\n\t\t<!-- All in One SEO Pro -->\r\n\t\t<title>\u00abGrace de M\u00f3naco\u00bb, Toni Servillo y los estrenos de la semana. | El Digital de Asturias<\/title>\n\n","aioseo_head_json":{"title":"\u00abGrace de M\u00f3naco\u00bb, Toni Servillo y los estrenos de la semana. | El Digital de Asturias","description":"Madrid, 22 may (EFE).- \"Grace de M\u00f3naco\" competir\u00e1 esta semana en los cines con \"Viva la libert\u00e1\", que protagoniza Toni Servillo, dos pel\u00edculas muy esperadas que adelantaron al mi\u00e9rcoles su llegada a la cartelera y que coinciden en las salas con cintas como \"Madre e hijo\", \"Dom Hemingway\" o \"The Unknown Known\", que llegan el","canonical_url":"https:\/\/eldigitaldeasturias.com\/magazine365\/grace-de-monaco-toni-servillo-y-los-estrenos-de-la-semana\/","robots":"max-image-preview:large","keywords":"noticias y actualidad","webmasterTools":{"google-site-verification":"UA-38556648-1","miscellaneous":""},"schema":{"@context":"https:\/\/schema.org","@graph":[{"@type":"Article","@id":"https:\/\/eldigitaldeasturias.com\/magazine365\/grace-de-monaco-toni-servillo-y-los-estrenos-de-la-semana\/#article","name":"\u00abGrace de M\u00f3naco\u00bb, Toni Servillo y los estrenos de la semana. | El Digital de Asturias","headline":"\u00abGrace de M\u00f3naco\u00bb, Toni Servillo y los estrenos de la semana.","author":{"@id":"https:\/\/eldigitaldeasturias.com\/magazine365\/author\/admin\/#author"},"publisher":{"@id":"https:\/\/eldigitaldeasturias.com\/magazine365\/#organization"},"image":{"@type":"ImageObject","url":"https:\/\/eldigitaldeasturias.com\/magazine365\/wp-content\/uploads\/2014\/05\/6287791w.jpg","width":800,"height":537},"datePublished":"2014-05-22T21:57:13+02:00","dateModified":"2014-05-22T21:57:13+02:00","inLanguage":"es-ES","mainEntityOfPage":{"@id":"https:\/\/eldigitaldeasturias.com\/magazine365\/grace-de-monaco-toni-servillo-y-los-estrenos-de-la-semana\/#webpage"},"isPartOf":{"@id":"https:\/\/eldigitaldeasturias.com\/magazine365\/grace-de-monaco-toni-servillo-y-los-estrenos-de-la-semana\/#webpage"},"articleSection":"Noticias y Actualidad"},{"@type":"BreadcrumbList","@id":"https:\/\/eldigitaldeasturias.com\/magazine365\/grace-de-monaco-toni-servillo-y-los-estrenos-de-la-semana\/#breadcrumblist","itemListElement":[{"@type":"ListItem","@id":"https:\/\/eldigitaldeasturias.com\/magazine365#listItem","position":1,"name":"Home","item":"https:\/\/eldigitaldeasturias.com\/magazine365","nextItem":{"@type":"ListItem","@id":"https:\/\/eldigitaldeasturias.com\/magazine365\/category\/noticias-actualidad\/#listItem","name":"Noticias y Actualidad"}},{"@type":"ListItem","@id":"https:\/\/eldigitaldeasturias.com\/magazine365\/category\/noticias-actualidad\/#listItem","position":2,"name":"Noticias y Actualidad","item":"https:\/\/eldigitaldeasturias.com\/magazine365\/category\/noticias-actualidad\/","nextItem":{"@type":"ListItem","@id":"https:\/\/eldigitaldeasturias.com\/magazine365\/grace-de-monaco-toni-servillo-y-los-estrenos-de-la-semana\/#listItem","name":"\u00abGrace de M\u00f3naco\u00bb, Toni Servillo y los estrenos de la semana."},"previousItem":{"@type":"ListItem","@id":"https:\/\/eldigitaldeasturias.com\/magazine365#listItem","name":"Home"}},{"@type":"ListItem","@id":"https:\/\/eldigitaldeasturias.com\/magazine365\/grace-de-monaco-toni-servillo-y-los-estrenos-de-la-semana\/#listItem","position":3,"name":"\u00abGrace de M\u00f3naco\u00bb, Toni Servillo y los estrenos de la semana.","previousItem":{"@type":"ListItem","@id":"https:\/\/eldigitaldeasturias.com\/magazine365\/category\/noticias-actualidad\/#listItem","name":"Noticias y Actualidad"}}]},{"@type":"Organization","@id":"https:\/\/eldigitaldeasturias.com\/magazine365\/#organization","name":"El digital de Asturias","description":"Revista de ocio, turismo y estilo de vida","url":"https:\/\/eldigitaldeasturias.com\/magazine365\/","logo":{"@type":"ImageObject","url":"https:\/\/www.eldigitaldeasturias.com\/noticias\/wp-content\/uploads\/2020\/12\/EDA.jpg","@id":"https:\/\/eldigitaldeasturias.com\/magazine365\/grace-de-monaco-toni-servillo-y-los-estrenos-de-la-semana\/#organizationLogo"},"image":{"@id":"https:\/\/eldigitaldeasturias.com\/magazine365\/grace-de-monaco-toni-servillo-y-los-estrenos-de-la-semana\/#organizationLogo"}},{"@type":"Person","@id":"https:\/\/eldigitaldeasturias.com\/magazine365\/author\/admin\/#author","url":"https:\/\/eldigitaldeasturias.com\/magazine365\/author\/admin\/","name":"admin","image":{"@type":"ImageObject","@id":"https:\/\/eldigitaldeasturias.com\/magazine365\/grace-de-monaco-toni-servillo-y-los-estrenos-de-la-semana\/#authorImage","url":"https:\/\/eldigitaldeasturias.com\/magazine365\/wp-content\/litespeed\/avatar\/e571bcf59a0edd6fa6838245a470f2fe.jpg?ver=1776969259","width":96,"height":96,"caption":"admin"}},{"@type":"WebPage","@id":"https:\/\/eldigitaldeasturias.com\/magazine365\/grace-de-monaco-toni-servillo-y-los-estrenos-de-la-semana\/#webpage","url":"https:\/\/eldigitaldeasturias.com\/magazine365\/grace-de-monaco-toni-servillo-y-los-estrenos-de-la-semana\/","name":"\u00abGrace de M\u00f3naco\u00bb, Toni Servillo y los estrenos de la semana. | El Digital de Asturias","description":"Madrid, 22 may (EFE).- \"Grace de M\u00f3naco\" competir\u00e1 esta semana en los cines con \"Viva la libert\u00e1\", que protagoniza Toni Servillo, dos pel\u00edculas muy esperadas que adelantaron al mi\u00e9rcoles su llegada a la cartelera y que coinciden en las salas con cintas como \"Madre e hijo\", \"Dom Hemingway\" o \"The Unknown Known\", que llegan el","inLanguage":"es-ES","isPartOf":{"@id":"https:\/\/eldigitaldeasturias.com\/magazine365\/#website"},"breadcrumb":{"@id":"https:\/\/eldigitaldeasturias.com\/magazine365\/grace-de-monaco-toni-servillo-y-los-estrenos-de-la-semana\/#breadcrumblist"},"author":{"@id":"https:\/\/eldigitaldeasturias.com\/magazine365\/author\/admin\/#author"},"creator":{"@id":"https:\/\/eldigitaldeasturias.com\/magazine365\/author\/admin\/#author"},"image":{"@type":"ImageObject","url":"https:\/\/eldigitaldeasturias.com\/magazine365\/wp-content\/uploads\/2014\/05\/6287791w.jpg","@id":"https:\/\/eldigitaldeasturias.com\/magazine365\/grace-de-monaco-toni-servillo-y-los-estrenos-de-la-semana\/#mainImage","width":800,"height":537},"primaryImageOfPage":{"@id":"https:\/\/eldigitaldeasturias.com\/magazine365\/grace-de-monaco-toni-servillo-y-los-estrenos-de-la-semana\/#mainImage"},"datePublished":"2014-05-22T21:57:13+02:00","dateModified":"2014-05-22T21:57:13+02:00"},{"@type":"WebSite","@id":"https:\/\/eldigitaldeasturias.com\/magazine365\/#website","url":"https:\/\/eldigitaldeasturias.com\/magazine365\/","name":"El Digital de Asturias","description":"Revista de ocio, turismo y estilo de vida","inLanguage":"es-ES","publisher":{"@id":"https:\/\/eldigitaldeasturias.com\/magazine365\/#organization"}}]},"og:locale":"es_ES","og:site_name":"El Digital de Asturias \u2013 Revista de ocio, turismo y estilo de vida","og:type":"article","og:title":"\u00abGrace de M\u00f3naco\u00bb, Toni Servillo y los estrenos de la semana. | El Digital de Asturias","og:description":"Madrid, 22 may (EFE).- &quot;Grace de M\u00f3naco&quot; competir\u00e1 esta semana en los cines con &quot;Viva la libert\u00e1&quot;, que protagoniza Toni Servillo, dos pel\u00edculas muy esperadas que adelantaron al mi\u00e9rcoles su llegada a la cartelera y que coinciden en las salas con cintas como &quot;Madre e hijo&quot;, &quot;Dom Hemingway&quot; o &quot;The Unknown Known&quot;, que llegan el","og:url":"https:\/\/eldigitaldeasturias.com\/magazine365\/grace-de-monaco-toni-servillo-y-los-estrenos-de-la-semana\/","og:image":"https:\/\/eldigitaldeasturias.com\/magazine365\/wp-content\/uploads\/2014\/05\/6287791w.jpg","og:image:secure_url":"https:\/\/eldigitaldeasturias.com\/magazine365\/wp-content\/uploads\/2014\/05\/6287791w.jpg","og:image:width":800,"og:image:height":537,"article:published_time":"2014-05-22T23:57:13+00:00","article:modified_time":"2014-05-22T23:57:13+00:00","twitter:card":"summary_large_image","twitter:title":"\u00abGrace de M\u00f3naco\u00bb, Toni Servillo y los estrenos de la semana. | El Digital de Asturias","twitter:description":"Madrid, 22 may (EFE).- &quot;Grace de M\u00f3naco&quot; competir\u00e1 esta semana en los cines con &quot;Viva la libert\u00e1&quot;, que protagoniza Toni Servillo, dos pel\u00edculas muy esperadas que adelantaron al mi\u00e9rcoles su llegada a la cartelera y que coinciden en las salas con cintas como &quot;Madre e hijo&quot;, &quot;Dom Hemingway&quot; o &quot;The Unknown Known&quot;, que llegan el","twitter:image":"https:\/\/eldigitaldeasturias.com\/magazine365\/wp-content\/uploads\/2014\/05\/6287791w.jpg"},"aioseo_meta_data":{"post_id":"13636","title":null,"description":null,"keywords":null,"keyphrases":null,"primary_term":null,"canonical_url":null,"og_title":null,"og_description":null,"og_object_type":"default","og_image_type":"default","og_image_url":null,"og_image_width":null,"og_image_height":null,"og_image_custom_url":null,"og_image_custom_fields":null,"og_video":null,"og_custom_url":null,"og_article_section":null,"og_article_tags":null,"twitter_use_og":false,"twitter_card":"default","twitter_image_type":"default","twitter_image_url":null,"twitter_image_custom_url":null,"twitter_image_custom_fields":null,"twitter_title":null,"twitter_description":null,"schema":{"blockGraphs":[],"customGraphs":[],"default":{"data":{"Article":[],"Course":[],"Dataset":[],"FAQPage":[],"Movie":[],"Person":[],"Product":[],"ProductReview":[],"Car":[],"Recipe":[],"Service":[],"SoftwareApplication":[],"WebPage":[]},"graphName":"","isEnabled":true},"graphs":[],"defaultGraph":"","defaultPostTypeGraph":""},"schema_type":null,"schema_type_options":null,"pillar_content":false,"robots_default":true,"robots_noindex":false,"robots_noarchive":false,"robots_nosnippet":false,"robots_nofollow":false,"robots_noimageindex":false,"robots_noodp":false,"robots_notranslate":false,"robots_max_snippet":null,"robots_max_videopreview":null,"robots_max_imagepreview":"large","priority":null,"frequency":null,"location":null,"local_seo":null,"seo_analyzer_scan_date":"2025-09-17 08:38:19","breadcrumb_settings":null,"limit_modified_date":false,"open_ai":null,"ai":null,"created":"2021-03-09 08:25:41","updated":"2025-09-17 08:38:19"},"aioseo_breadcrumb":"<div class=\"aioseo-breadcrumbs\"><span class=\"aioseo-breadcrumb\">\n\t<a href=\"https:\/\/eldigitaldeasturias.com\/magazine365\" title=\"Home\">Home<\/a>\n<\/span><span class=\"aioseo-breadcrumb-separator\">\u2013<\/span><span class=\"aioseo-breadcrumb\">\n\t<a href=\"https:\/\/eldigitaldeasturias.com\/magazine365\/category\/noticias-actualidad\/\" title=\"Noticias y Actualidad\">Noticias y Actualidad<\/a>\n<\/span><span class=\"aioseo-breadcrumb-separator\">\u2013<\/span><span class=\"aioseo-breadcrumb\">\n\t<a href=\"https:\/\/eldigitaldeasturias.com\/magazine365\/grace-de-monaco-toni-servillo-y-los-estrenos-de-la-semana\/\" title=\"\u00abGrace de M\u00f3naco\u00bb, Toni Servillo y los estrenos de la semana.\">\u00abGrace de M\u00f3naco\u00bb, Toni Servillo y los estrenos de la semana.<\/a>\n<\/span><\/div>","aioseo_breadcrumb_json":[{"label":"Home","link":"https:\/\/eldigitaldeasturias.com\/magazine365"},{"label":"Noticias y Actualidad","link":"https:\/\/eldigitaldeasturias.com\/magazine365\/category\/noticias-actualidad\/"},{"label":"\u00abGrace de M\u00f3naco\u00bb, Toni Servillo y los estrenos de la semana.","link":"https:\/\/eldigitaldeasturias.com\/magazine365\/grace-de-monaco-toni-servillo-y-los-estrenos-de-la-semana\/"}],"_links":{"self":[{"href":"https:\/\/eldigitaldeasturias.com\/magazine365\/wp-json\/wp\/v2\/posts\/13636","targetHints":{"allow":["GET"]}}],"collection":[{"href":"https:\/\/eldigitaldeasturias.com\/magazine365\/wp-json\/wp\/v2\/posts"}],"about":[{"href":"https:\/\/eldigitaldeasturias.com\/magazine365\/wp-json\/wp\/v2\/types\/post"}],"author":[{"embeddable":true,"href":"https:\/\/eldigitaldeasturias.com\/magazine365\/wp-json\/wp\/v2\/users\/1"}],"replies":[{"embeddable":true,"href":"https:\/\/eldigitaldeasturias.com\/magazine365\/wp-json\/wp\/v2\/comments?post=13636"}],"version-history":[{"count":0,"href":"https:\/\/eldigitaldeasturias.com\/magazine365\/wp-json\/wp\/v2\/posts\/13636\/revisions"}],"wp:featuredmedia":[{"embeddable":true,"href":"https:\/\/eldigitaldeasturias.com\/magazine365\/wp-json\/wp\/v2\/media\/13637"}],"wp:attachment":[{"href":"https:\/\/eldigitaldeasturias.com\/magazine365\/wp-json\/wp\/v2\/media?parent=13636"}],"wp:term":[{"taxonomy":"category","embeddable":true,"href":"https:\/\/eldigitaldeasturias.com\/magazine365\/wp-json\/wp\/v2\/categories?post=13636"},{"taxonomy":"post_tag","embeddable":true,"href":"https:\/\/eldigitaldeasturias.com\/magazine365\/wp-json\/wp\/v2\/tags?post=13636"}],"curies":[{"name":"wp","href":"https:\/\/api.w.org\/{rel}","templated":true}]}}