{"id":13627,"date":"2014-05-22T21:48:25","date_gmt":"2014-05-22T23:48:25","guid":{"rendered":"http:\/\/eldigitaldeasturias.com\/magazine365\/?p=13627"},"modified":"2014-05-22T21:48:25","modified_gmt":"2014-05-22T23:48:25","slug":"kiri-te-kanawa-apoya-a-la-cantante-tara-erraughtla-criticada-por-su-sobrepeso","status":"publish","type":"post","link":"https:\/\/eldigitaldeasturias.com\/magazine365\/kiri-te-kanawa-apoya-a-la-cantante-tara-erraughtla-criticada-por-su-sobrepeso\/","title":{"rendered":"Kiri Te Kanawa apoya a la cantante Tara Erraughtla criticada por su sobrepeso"},"content":{"rendered":"<p><img fetchpriority=\"high\" decoding=\"async\" class=\"alignleft size-medium wp-image-13628\" alt=\"6288566w\" src=\"https:\/\/eldigitaldeasturias.com\/magazine365\/wp-content\/uploads\/2014\/05\/6288566w-360x240.jpg\" width=\"360\" height=\"240\" srcset=\"https:\/\/eldigitaldeasturias.com\/magazine365\/wp-content\/uploads\/2014\/05\/6288566w-360x240.jpg 360w, https:\/\/eldigitaldeasturias.com\/magazine365\/wp-content\/uploads\/2014\/05\/6288566w-650x434.jpg 650w, https:\/\/eldigitaldeasturias.com\/magazine365\/wp-content\/uploads\/2014\/05\/6288566w-768x513.jpg 768w, https:\/\/eldigitaldeasturias.com\/magazine365\/wp-content\/uploads\/2014\/05\/6288566w-150x100.jpg 150w, https:\/\/eldigitaldeasturias.com\/magazine365\/wp-content\/uploads\/2014\/05\/6288566w-450x300.jpg 450w, https:\/\/eldigitaldeasturias.com\/magazine365\/wp-content\/uploads\/2014\/05\/6288566w-696x465.jpg 696w, https:\/\/eldigitaldeasturias.com\/magazine365\/wp-content\/uploads\/2014\/05\/6288566w-629x420.jpg 629w, https:\/\/eldigitaldeasturias.com\/magazine365\/wp-content\/uploads\/2014\/05\/6288566w-84x55.jpg 84w, https:\/\/eldigitaldeasturias.com\/magazine365\/wp-content\/uploads\/2014\/05\/6288566w.jpg 800w\" sizes=\"(max-width: 360px) 100vw, 360px\" \/>Londres, 22 may (EFE).- Kiri Te Kanawa, una de las grandes sopranos de los \u00faltimos tiempos, apoy\u00f3 hoy a la joven cantante irlandesa Tara Erraught, criticada en la prensa por su sobrepeso, y le recomend\u00f3 que \u00abqueme los peri\u00f3dicos y no escuche a nadie\u00bb.<\/p>\n<p>Erraught, de 27 a\u00f1os, recibi\u00f3 comentarios ofensivos de cr\u00edticos brit\u00e1nicos despu\u00e9s de su actuaci\u00f3n del s\u00e1bado en el Festival de Glyndebourne, donde interpret\u00f3 al personaje principal de la \u00f3pera de Richard Strauss \u00abEl caballero de la rosa\u00bb, Octavia.<\/p>\n<p>Diarios como \u00abThe Telegraph\u00bb, \u00abThe Times\u00bb, \u00abThe Independent\u00bb y \u00abThe Guardian\u00bb alabaron su voz pero, al mismo tiempo, hicieron referencia a \u00absu f\u00edsico sin remedio\u00bb y la calificaron de \u00abpoco cre\u00edble, fea y nada atractiva\u00bb, \u00abregordeta\u00bb y \u00abrechoncha\u00bb.<\/p>\n<p>El mundo de la \u00f3pera sali\u00f3 en su defensa y hoy la neozelandesa Te Kanawa, de 70 a\u00f1os, pidi\u00f3 a la prensa que \u00abno la destruya\u00bb porque \u00abes cruel\u00bb, en declaraciones a la cadena Radio 4 de la BBC.<\/p>\n<p>\u00abLe dir\u00eda (a Erraught) que queme los peri\u00f3dicos, que no escuche a nadie y que se siente con sus amigos que son adorables y la quieren&#8230; que no hable m\u00e1s sobre esto y que contin\u00fae con su vida\u00bb, coment\u00f3 la cantante, que hizo un peque\u00f1o papel como actriz en el \u00e9xito televisivo \u00abDownton Abbey\u00bb.<\/p>\n<p>Te Kanawa afirm\u00f3 que la mezzosoprano es \u00ababsolutamente preciosa\u00bb pero que su vestuario era \u00abun desastre\u00bb en la \u00f3pera del s\u00e1bado.<\/p>\n<p>El periodista Richard Morrison de The Times, que la defini\u00f3 como \u00abfea y nada atractiva\u00bb en su primera cr\u00f3nica, se disculp\u00f3 hoy en un art\u00edculo.<\/p>\n<p>Morrison explic\u00f3 que su opini\u00f3n se ha sacado de contexto y que iba dirigida al personaje y no a la int\u00e9rprete.<\/p>\n<p>\u00abMuchos m\u00fasicos que considero buenos amigos (s\u00ed, todav\u00eda tengo algunos) me han dicho que lo que escrib\u00ed molest\u00f3 mucho a la prometedora cantante que interpretaba a Octavia. Lo lament\u00f3\u00bb, dijo.<\/p>\n","protected":false},"excerpt":{"rendered":"<p>Londres, 22 may (EFE).- Kiri Te Kanawa, una de las grandes sopranos de los \u00faltimos tiempos, apoy\u00f3 hoy a la joven cantante irlandesa Tara Erraught, criticada en la prensa por su sobrepeso, y le recomend\u00f3 que \u00abqueme los peri\u00f3dicos y no escuche a nadie\u00bb. Erraught, de 27 a\u00f1os, recibi\u00f3 comentarios ofensivos de cr\u00edticos brit\u00e1nicos despu\u00e9s<\/p>\n","protected":false},"author":1,"featured_media":13628,"comment_status":"open","ping_status":"closed","sticky":false,"template":"","format":"standard","meta":{"footnotes":""},"categories":[224],"tags":[],"class_list":{"0":"post-13627","1":"post","2":"type-post","3":"status-publish","4":"format-standard","5":"has-post-thumbnail","7":"category-noticias-actualidad"},"aioseo_notices":[],"aioseo_head":"\n\t\t<!-- All in One SEO Pro 4.9.6.1 - aioseo.com -->\n\t<meta name=\"description\" content=\"Londres, 22 may (EFE).- Kiri Te Kanawa, una de las grandes sopranos de los \u00faltimos tiempos, apoy\u00f3 hoy a la joven cantante irlandesa Tara Erraught, criticada en la prensa por su sobrepeso, y le recomend\u00f3 que &quot;queme los peri\u00f3dicos y no escuche a nadie&quot;. Erraught, de 27 a\u00f1os, recibi\u00f3 comentarios ofensivos de cr\u00edticos brit\u00e1nicos despu\u00e9s\" \/>\n\t<meta name=\"robots\" content=\"max-image-preview:large\" \/>\n\t<meta name=\"author\" content=\"admin\"\/>\n\t<meta name=\"google-site-verification\" content=\"UA-38556648-1\" \/>\n\t<meta name=\"keywords\" content=\"noticias y actualidad\" \/>\n\t<link rel=\"canonical\" href=\"https:\/\/eldigitaldeasturias.com\/magazine365\/kiri-te-kanawa-apoya-a-la-cantante-tara-erraughtla-criticada-por-su-sobrepeso\/\" \/>\n\t<meta name=\"generator\" content=\"All in One SEO Pro (AIOSEO) 4.9.6.1\" \/>\n\t\t<meta property=\"og:locale\" content=\"es_ES\" \/>\n\t\t<meta property=\"og:site_name\" content=\"El Digital de Asturias \u2013 Revista de ocio, turismo y estilo de vida\" \/>\n\t\t<meta property=\"og:type\" content=\"article\" \/>\n\t\t<meta property=\"og:title\" content=\"Kiri Te Kanawa apoya a la cantante Tara Erraughtla criticada por su sobrepeso | El Digital de Asturias\" \/>\n\t\t<meta property=\"og:description\" content=\"Londres, 22 may (EFE).- Kiri Te Kanawa, una de las grandes sopranos de los \u00faltimos tiempos, apoy\u00f3 hoy a la joven cantante irlandesa Tara Erraught, criticada en la prensa por su sobrepeso, y le recomend\u00f3 que &quot;queme los peri\u00f3dicos y no escuche a nadie&quot;. Erraught, de 27 a\u00f1os, recibi\u00f3 comentarios ofensivos de cr\u00edticos brit\u00e1nicos despu\u00e9s\" \/>\n\t\t<meta property=\"og:url\" content=\"https:\/\/eldigitaldeasturias.com\/magazine365\/kiri-te-kanawa-apoya-a-la-cantante-tara-erraughtla-criticada-por-su-sobrepeso\/\" \/>\n\t\t<meta property=\"og:image\" content=\"https:\/\/eldigitaldeasturias.com\/magazine365\/wp-content\/uploads\/2014\/05\/6288566w.jpg\" \/>\n\t\t<meta property=\"og:image:secure_url\" content=\"https:\/\/eldigitaldeasturias.com\/magazine365\/wp-content\/uploads\/2014\/05\/6288566w.jpg\" \/>\n\t\t<meta property=\"og:image:width\" content=\"800\" \/>\n\t\t<meta property=\"og:image:height\" content=\"534\" \/>\n\t\t<meta property=\"article:published_time\" content=\"2014-05-22T23:48:25+00:00\" \/>\n\t\t<meta property=\"article:modified_time\" content=\"2014-05-22T23:48:25+00:00\" \/>\n\t\t<meta name=\"twitter:card\" content=\"summary_large_image\" \/>\n\t\t<meta name=\"twitter:title\" content=\"Kiri Te Kanawa apoya a la cantante Tara Erraughtla criticada por su sobrepeso | El Digital de Asturias\" \/>\n\t\t<meta name=\"twitter:description\" content=\"Londres, 22 may (EFE).- Kiri Te Kanawa, una de las grandes sopranos de los \u00faltimos tiempos, apoy\u00f3 hoy a la joven cantante irlandesa Tara Erraught, criticada en la prensa por su sobrepeso, y le recomend\u00f3 que &quot;queme los peri\u00f3dicos y no escuche a nadie&quot;. Erraught, de 27 a\u00f1os, recibi\u00f3 comentarios ofensivos de cr\u00edticos brit\u00e1nicos despu\u00e9s\" \/>\n\t\t<meta name=\"twitter:image\" content=\"https:\/\/eldigitaldeasturias.com\/magazine365\/wp-content\/uploads\/2014\/05\/6288566w.jpg\" \/>\n\t\t<script type=\"application\/ld+json\" class=\"aioseo-schema\">\n\t\t\t{\"@context\":\"https:\\\/\\\/schema.org\",\"@graph\":[{\"@type\":\"Article\",\"@id\":\"https:\\\/\\\/eldigitaldeasturias.com\\\/magazine365\\\/kiri-te-kanawa-apoya-a-la-cantante-tara-erraughtla-criticada-por-su-sobrepeso\\\/#article\",\"name\":\"Kiri Te Kanawa apoya a la cantante Tara Erraughtla criticada por su sobrepeso | El Digital de Asturias\",\"headline\":\"Kiri Te Kanawa apoya a la cantante Tara Erraughtla criticada por su sobrepeso\",\"author\":{\"@id\":\"https:\\\/\\\/eldigitaldeasturias.com\\\/magazine365\\\/author\\\/admin\\\/#author\"},\"publisher\":{\"@id\":\"https:\\\/\\\/eldigitaldeasturias.com\\\/magazine365\\\/#organization\"},\"image\":{\"@type\":\"ImageObject\",\"url\":\"https:\\\/\\\/eldigitaldeasturias.com\\\/magazine365\\\/wp-content\\\/uploads\\\/2014\\\/05\\\/6288566w.jpg\",\"width\":800,\"height\":534},\"datePublished\":\"2014-05-22T21:48:25+02:00\",\"dateModified\":\"2014-05-22T21:48:25+02:00\",\"inLanguage\":\"es-ES\",\"mainEntityOfPage\":{\"@id\":\"https:\\\/\\\/eldigitaldeasturias.com\\\/magazine365\\\/kiri-te-kanawa-apoya-a-la-cantante-tara-erraughtla-criticada-por-su-sobrepeso\\\/#webpage\"},\"isPartOf\":{\"@id\":\"https:\\\/\\\/eldigitaldeasturias.com\\\/magazine365\\\/kiri-te-kanawa-apoya-a-la-cantante-tara-erraughtla-criticada-por-su-sobrepeso\\\/#webpage\"},\"articleSection\":\"Noticias y Actualidad\"},{\"@type\":\"BreadcrumbList\",\"@id\":\"https:\\\/\\\/eldigitaldeasturias.com\\\/magazine365\\\/kiri-te-kanawa-apoya-a-la-cantante-tara-erraughtla-criticada-por-su-sobrepeso\\\/#breadcrumblist\",\"itemListElement\":[{\"@type\":\"ListItem\",\"@id\":\"https:\\\/\\\/eldigitaldeasturias.com\\\/magazine365#listItem\",\"position\":1,\"name\":\"Home\",\"item\":\"https:\\\/\\\/eldigitaldeasturias.com\\\/magazine365\",\"nextItem\":{\"@type\":\"ListItem\",\"@id\":\"https:\\\/\\\/eldigitaldeasturias.com\\\/magazine365\\\/category\\\/noticias-actualidad\\\/#listItem\",\"name\":\"Noticias y Actualidad\"}},{\"@type\":\"ListItem\",\"@id\":\"https:\\\/\\\/eldigitaldeasturias.com\\\/magazine365\\\/category\\\/noticias-actualidad\\\/#listItem\",\"position\":2,\"name\":\"Noticias y Actualidad\",\"item\":\"https:\\\/\\\/eldigitaldeasturias.com\\\/magazine365\\\/category\\\/noticias-actualidad\\\/\",\"nextItem\":{\"@type\":\"ListItem\",\"@id\":\"https:\\\/\\\/eldigitaldeasturias.com\\\/magazine365\\\/kiri-te-kanawa-apoya-a-la-cantante-tara-erraughtla-criticada-por-su-sobrepeso\\\/#listItem\",\"name\":\"Kiri Te Kanawa apoya a la cantante Tara Erraughtla criticada por su sobrepeso\"},\"previousItem\":{\"@type\":\"ListItem\",\"@id\":\"https:\\\/\\\/eldigitaldeasturias.com\\\/magazine365#listItem\",\"name\":\"Home\"}},{\"@type\":\"ListItem\",\"@id\":\"https:\\\/\\\/eldigitaldeasturias.com\\\/magazine365\\\/kiri-te-kanawa-apoya-a-la-cantante-tara-erraughtla-criticada-por-su-sobrepeso\\\/#listItem\",\"position\":3,\"name\":\"Kiri Te Kanawa apoya a la cantante Tara Erraughtla criticada por su sobrepeso\",\"previousItem\":{\"@type\":\"ListItem\",\"@id\":\"https:\\\/\\\/eldigitaldeasturias.com\\\/magazine365\\\/category\\\/noticias-actualidad\\\/#listItem\",\"name\":\"Noticias y Actualidad\"}}]},{\"@type\":\"Organization\",\"@id\":\"https:\\\/\\\/eldigitaldeasturias.com\\\/magazine365\\\/#organization\",\"name\":\"El digital de Asturias\",\"description\":\"Revista de ocio, turismo y estilo de vida\",\"url\":\"https:\\\/\\\/eldigitaldeasturias.com\\\/magazine365\\\/\",\"logo\":{\"@type\":\"ImageObject\",\"url\":\"https:\\\/\\\/www.eldigitaldeasturias.com\\\/noticias\\\/wp-content\\\/uploads\\\/2020\\\/12\\\/EDA.jpg\",\"@id\":\"https:\\\/\\\/eldigitaldeasturias.com\\\/magazine365\\\/kiri-te-kanawa-apoya-a-la-cantante-tara-erraughtla-criticada-por-su-sobrepeso\\\/#organizationLogo\"},\"image\":{\"@id\":\"https:\\\/\\\/eldigitaldeasturias.com\\\/magazine365\\\/kiri-te-kanawa-apoya-a-la-cantante-tara-erraughtla-criticada-por-su-sobrepeso\\\/#organizationLogo\"}},{\"@type\":\"Person\",\"@id\":\"https:\\\/\\\/eldigitaldeasturias.com\\\/magazine365\\\/author\\\/admin\\\/#author\",\"url\":\"https:\\\/\\\/eldigitaldeasturias.com\\\/magazine365\\\/author\\\/admin\\\/\",\"name\":\"admin\",\"image\":{\"@type\":\"ImageObject\",\"@id\":\"https:\\\/\\\/eldigitaldeasturias.com\\\/magazine365\\\/kiri-te-kanawa-apoya-a-la-cantante-tara-erraughtla-criticada-por-su-sobrepeso\\\/#authorImage\",\"url\":\"https:\\\/\\\/eldigitaldeasturias.com\\\/magazine365\\\/wp-content\\\/litespeed\\\/avatar\\\/e571bcf59a0edd6fa6838245a470f2fe.jpg?ver=1776969259\",\"width\":96,\"height\":96,\"caption\":\"admin\"}},{\"@type\":\"WebPage\",\"@id\":\"https:\\\/\\\/eldigitaldeasturias.com\\\/magazine365\\\/kiri-te-kanawa-apoya-a-la-cantante-tara-erraughtla-criticada-por-su-sobrepeso\\\/#webpage\",\"url\":\"https:\\\/\\\/eldigitaldeasturias.com\\\/magazine365\\\/kiri-te-kanawa-apoya-a-la-cantante-tara-erraughtla-criticada-por-su-sobrepeso\\\/\",\"name\":\"Kiri Te Kanawa apoya a la cantante Tara Erraughtla criticada por su sobrepeso | El Digital de Asturias\",\"description\":\"Londres, 22 may (EFE).- Kiri Te Kanawa, una de las grandes sopranos de los \\u00faltimos tiempos, apoy\\u00f3 hoy a la joven cantante irlandesa Tara Erraught, criticada en la prensa por su sobrepeso, y le recomend\\u00f3 que \\\"queme los peri\\u00f3dicos y no escuche a nadie\\\". Erraught, de 27 a\\u00f1os, recibi\\u00f3 comentarios ofensivos de cr\\u00edticos brit\\u00e1nicos despu\\u00e9s\",\"inLanguage\":\"es-ES\",\"isPartOf\":{\"@id\":\"https:\\\/\\\/eldigitaldeasturias.com\\\/magazine365\\\/#website\"},\"breadcrumb\":{\"@id\":\"https:\\\/\\\/eldigitaldeasturias.com\\\/magazine365\\\/kiri-te-kanawa-apoya-a-la-cantante-tara-erraughtla-criticada-por-su-sobrepeso\\\/#breadcrumblist\"},\"author\":{\"@id\":\"https:\\\/\\\/eldigitaldeasturias.com\\\/magazine365\\\/author\\\/admin\\\/#author\"},\"creator\":{\"@id\":\"https:\\\/\\\/eldigitaldeasturias.com\\\/magazine365\\\/author\\\/admin\\\/#author\"},\"image\":{\"@type\":\"ImageObject\",\"url\":\"https:\\\/\\\/eldigitaldeasturias.com\\\/magazine365\\\/wp-content\\\/uploads\\\/2014\\\/05\\\/6288566w.jpg\",\"@id\":\"https:\\\/\\\/eldigitaldeasturias.com\\\/magazine365\\\/kiri-te-kanawa-apoya-a-la-cantante-tara-erraughtla-criticada-por-su-sobrepeso\\\/#mainImage\",\"width\":800,\"height\":534},\"primaryImageOfPage\":{\"@id\":\"https:\\\/\\\/eldigitaldeasturias.com\\\/magazine365\\\/kiri-te-kanawa-apoya-a-la-cantante-tara-erraughtla-criticada-por-su-sobrepeso\\\/#mainImage\"},\"datePublished\":\"2014-05-22T21:48:25+02:00\",\"dateModified\":\"2014-05-22T21:48:25+02:00\"},{\"@type\":\"WebSite\",\"@id\":\"https:\\\/\\\/eldigitaldeasturias.com\\\/magazine365\\\/#website\",\"url\":\"https:\\\/\\\/eldigitaldeasturias.com\\\/magazine365\\\/\",\"name\":\"El Digital de Asturias\",\"description\":\"Revista de ocio, turismo y estilo de vida\",\"inLanguage\":\"es-ES\",\"publisher\":{\"@id\":\"https:\\\/\\\/eldigitaldeasturias.com\\\/magazine365\\\/#organization\"}}]}\n\t\t<\/script>\n\t\t<!-- All in One SEO Pro -->\r\n\t\t<title>Kiri Te Kanawa apoya a la cantante Tara Erraughtla criticada por su sobrepeso | El Digital de Asturias<\/title>\n\n","aioseo_head_json":{"title":"Kiri Te Kanawa apoya a la cantante Tara Erraughtla criticada por su sobrepeso | El Digital de Asturias","description":"Londres, 22 may (EFE).- Kiri Te Kanawa, una de las grandes sopranos de los \u00faltimos tiempos, apoy\u00f3 hoy a la joven cantante irlandesa Tara Erraught, criticada en la prensa por su sobrepeso, y le recomend\u00f3 que \"queme los peri\u00f3dicos y no escuche a nadie\". Erraught, de 27 a\u00f1os, recibi\u00f3 comentarios ofensivos de cr\u00edticos brit\u00e1nicos despu\u00e9s","canonical_url":"https:\/\/eldigitaldeasturias.com\/magazine365\/kiri-te-kanawa-apoya-a-la-cantante-tara-erraughtla-criticada-por-su-sobrepeso\/","robots":"max-image-preview:large","keywords":"noticias y actualidad","webmasterTools":{"google-site-verification":"UA-38556648-1","miscellaneous":""},"schema":{"@context":"https:\/\/schema.org","@graph":[{"@type":"Article","@id":"https:\/\/eldigitaldeasturias.com\/magazine365\/kiri-te-kanawa-apoya-a-la-cantante-tara-erraughtla-criticada-por-su-sobrepeso\/#article","name":"Kiri Te Kanawa apoya a la cantante Tara Erraughtla criticada por su sobrepeso | El Digital de Asturias","headline":"Kiri Te Kanawa apoya a la cantante Tara Erraughtla criticada por su sobrepeso","author":{"@id":"https:\/\/eldigitaldeasturias.com\/magazine365\/author\/admin\/#author"},"publisher":{"@id":"https:\/\/eldigitaldeasturias.com\/magazine365\/#organization"},"image":{"@type":"ImageObject","url":"https:\/\/eldigitaldeasturias.com\/magazine365\/wp-content\/uploads\/2014\/05\/6288566w.jpg","width":800,"height":534},"datePublished":"2014-05-22T21:48:25+02:00","dateModified":"2014-05-22T21:48:25+02:00","inLanguage":"es-ES","mainEntityOfPage":{"@id":"https:\/\/eldigitaldeasturias.com\/magazine365\/kiri-te-kanawa-apoya-a-la-cantante-tara-erraughtla-criticada-por-su-sobrepeso\/#webpage"},"isPartOf":{"@id":"https:\/\/eldigitaldeasturias.com\/magazine365\/kiri-te-kanawa-apoya-a-la-cantante-tara-erraughtla-criticada-por-su-sobrepeso\/#webpage"},"articleSection":"Noticias y Actualidad"},{"@type":"BreadcrumbList","@id":"https:\/\/eldigitaldeasturias.com\/magazine365\/kiri-te-kanawa-apoya-a-la-cantante-tara-erraughtla-criticada-por-su-sobrepeso\/#breadcrumblist","itemListElement":[{"@type":"ListItem","@id":"https:\/\/eldigitaldeasturias.com\/magazine365#listItem","position":1,"name":"Home","item":"https:\/\/eldigitaldeasturias.com\/magazine365","nextItem":{"@type":"ListItem","@id":"https:\/\/eldigitaldeasturias.com\/magazine365\/category\/noticias-actualidad\/#listItem","name":"Noticias y Actualidad"}},{"@type":"ListItem","@id":"https:\/\/eldigitaldeasturias.com\/magazine365\/category\/noticias-actualidad\/#listItem","position":2,"name":"Noticias y Actualidad","item":"https:\/\/eldigitaldeasturias.com\/magazine365\/category\/noticias-actualidad\/","nextItem":{"@type":"ListItem","@id":"https:\/\/eldigitaldeasturias.com\/magazine365\/kiri-te-kanawa-apoya-a-la-cantante-tara-erraughtla-criticada-por-su-sobrepeso\/#listItem","name":"Kiri Te Kanawa apoya a la cantante Tara Erraughtla criticada por su sobrepeso"},"previousItem":{"@type":"ListItem","@id":"https:\/\/eldigitaldeasturias.com\/magazine365#listItem","name":"Home"}},{"@type":"ListItem","@id":"https:\/\/eldigitaldeasturias.com\/magazine365\/kiri-te-kanawa-apoya-a-la-cantante-tara-erraughtla-criticada-por-su-sobrepeso\/#listItem","position":3,"name":"Kiri Te Kanawa apoya a la cantante Tara Erraughtla criticada por su sobrepeso","previousItem":{"@type":"ListItem","@id":"https:\/\/eldigitaldeasturias.com\/magazine365\/category\/noticias-actualidad\/#listItem","name":"Noticias y Actualidad"}}]},{"@type":"Organization","@id":"https:\/\/eldigitaldeasturias.com\/magazine365\/#organization","name":"El digital de Asturias","description":"Revista de ocio, turismo y estilo de vida","url":"https:\/\/eldigitaldeasturias.com\/magazine365\/","logo":{"@type":"ImageObject","url":"https:\/\/www.eldigitaldeasturias.com\/noticias\/wp-content\/uploads\/2020\/12\/EDA.jpg","@id":"https:\/\/eldigitaldeasturias.com\/magazine365\/kiri-te-kanawa-apoya-a-la-cantante-tara-erraughtla-criticada-por-su-sobrepeso\/#organizationLogo"},"image":{"@id":"https:\/\/eldigitaldeasturias.com\/magazine365\/kiri-te-kanawa-apoya-a-la-cantante-tara-erraughtla-criticada-por-su-sobrepeso\/#organizationLogo"}},{"@type":"Person","@id":"https:\/\/eldigitaldeasturias.com\/magazine365\/author\/admin\/#author","url":"https:\/\/eldigitaldeasturias.com\/magazine365\/author\/admin\/","name":"admin","image":{"@type":"ImageObject","@id":"https:\/\/eldigitaldeasturias.com\/magazine365\/kiri-te-kanawa-apoya-a-la-cantante-tara-erraughtla-criticada-por-su-sobrepeso\/#authorImage","url":"https:\/\/eldigitaldeasturias.com\/magazine365\/wp-content\/litespeed\/avatar\/e571bcf59a0edd6fa6838245a470f2fe.jpg?ver=1776969259","width":96,"height":96,"caption":"admin"}},{"@type":"WebPage","@id":"https:\/\/eldigitaldeasturias.com\/magazine365\/kiri-te-kanawa-apoya-a-la-cantante-tara-erraughtla-criticada-por-su-sobrepeso\/#webpage","url":"https:\/\/eldigitaldeasturias.com\/magazine365\/kiri-te-kanawa-apoya-a-la-cantante-tara-erraughtla-criticada-por-su-sobrepeso\/","name":"Kiri Te Kanawa apoya a la cantante Tara Erraughtla criticada por su sobrepeso | El Digital de Asturias","description":"Londres, 22 may (EFE).- Kiri Te Kanawa, una de las grandes sopranos de los \u00faltimos tiempos, apoy\u00f3 hoy a la joven cantante irlandesa Tara Erraught, criticada en la prensa por su sobrepeso, y le recomend\u00f3 que \"queme los peri\u00f3dicos y no escuche a nadie\". Erraught, de 27 a\u00f1os, recibi\u00f3 comentarios ofensivos de cr\u00edticos brit\u00e1nicos despu\u00e9s","inLanguage":"es-ES","isPartOf":{"@id":"https:\/\/eldigitaldeasturias.com\/magazine365\/#website"},"breadcrumb":{"@id":"https:\/\/eldigitaldeasturias.com\/magazine365\/kiri-te-kanawa-apoya-a-la-cantante-tara-erraughtla-criticada-por-su-sobrepeso\/#breadcrumblist"},"author":{"@id":"https:\/\/eldigitaldeasturias.com\/magazine365\/author\/admin\/#author"},"creator":{"@id":"https:\/\/eldigitaldeasturias.com\/magazine365\/author\/admin\/#author"},"image":{"@type":"ImageObject","url":"https:\/\/eldigitaldeasturias.com\/magazine365\/wp-content\/uploads\/2014\/05\/6288566w.jpg","@id":"https:\/\/eldigitaldeasturias.com\/magazine365\/kiri-te-kanawa-apoya-a-la-cantante-tara-erraughtla-criticada-por-su-sobrepeso\/#mainImage","width":800,"height":534},"primaryImageOfPage":{"@id":"https:\/\/eldigitaldeasturias.com\/magazine365\/kiri-te-kanawa-apoya-a-la-cantante-tara-erraughtla-criticada-por-su-sobrepeso\/#mainImage"},"datePublished":"2014-05-22T21:48:25+02:00","dateModified":"2014-05-22T21:48:25+02:00"},{"@type":"WebSite","@id":"https:\/\/eldigitaldeasturias.com\/magazine365\/#website","url":"https:\/\/eldigitaldeasturias.com\/magazine365\/","name":"El Digital de Asturias","description":"Revista de ocio, turismo y estilo de vida","inLanguage":"es-ES","publisher":{"@id":"https:\/\/eldigitaldeasturias.com\/magazine365\/#organization"}}]},"og:locale":"es_ES","og:site_name":"El Digital de Asturias \u2013 Revista de ocio, turismo y estilo de vida","og:type":"article","og:title":"Kiri Te Kanawa apoya a la cantante Tara Erraughtla criticada por su sobrepeso | El Digital de Asturias","og:description":"Londres, 22 may (EFE).- Kiri Te Kanawa, una de las grandes sopranos de los \u00faltimos tiempos, apoy\u00f3 hoy a la joven cantante irlandesa Tara Erraught, criticada en la prensa por su sobrepeso, y le recomend\u00f3 que &quot;queme los peri\u00f3dicos y no escuche a nadie&quot;. Erraught, de 27 a\u00f1os, recibi\u00f3 comentarios ofensivos de cr\u00edticos brit\u00e1nicos despu\u00e9s","og:url":"https:\/\/eldigitaldeasturias.com\/magazine365\/kiri-te-kanawa-apoya-a-la-cantante-tara-erraughtla-criticada-por-su-sobrepeso\/","og:image":"https:\/\/eldigitaldeasturias.com\/magazine365\/wp-content\/uploads\/2014\/05\/6288566w.jpg","og:image:secure_url":"https:\/\/eldigitaldeasturias.com\/magazine365\/wp-content\/uploads\/2014\/05\/6288566w.jpg","og:image:width":800,"og:image:height":534,"article:published_time":"2014-05-22T23:48:25+00:00","article:modified_time":"2014-05-22T23:48:25+00:00","twitter:card":"summary_large_image","twitter:title":"Kiri Te Kanawa apoya a la cantante Tara Erraughtla criticada por su sobrepeso | El Digital de Asturias","twitter:description":"Londres, 22 may (EFE).- Kiri Te Kanawa, una de las grandes sopranos de los \u00faltimos tiempos, apoy\u00f3 hoy a la joven cantante irlandesa Tara Erraught, criticada en la prensa por su sobrepeso, y le recomend\u00f3 que &quot;queme los peri\u00f3dicos y no escuche a nadie&quot;. Erraught, de 27 a\u00f1os, recibi\u00f3 comentarios ofensivos de cr\u00edticos brit\u00e1nicos despu\u00e9s","twitter:image":"https:\/\/eldigitaldeasturias.com\/magazine365\/wp-content\/uploads\/2014\/05\/6288566w.jpg"},"aioseo_meta_data":{"post_id":"13627","title":null,"description":null,"keywords":null,"keyphrases":null,"primary_term":null,"canonical_url":null,"og_title":null,"og_description":null,"og_object_type":"default","og_image_type":"default","og_image_url":null,"og_image_width":null,"og_image_height":null,"og_image_custom_url":null,"og_image_custom_fields":null,"og_video":null,"og_custom_url":null,"og_article_section":null,"og_article_tags":null,"twitter_use_og":false,"twitter_card":"default","twitter_image_type":"default","twitter_image_url":null,"twitter_image_custom_url":null,"twitter_image_custom_fields":null,"twitter_title":null,"twitter_description":null,"schema":{"blockGraphs":[],"customGraphs":[],"default":{"data":{"Article":[],"Course":[],"Dataset":[],"FAQPage":[],"Movie":[],"Person":[],"Product":[],"ProductReview":[],"Car":[],"Recipe":[],"Service":[],"SoftwareApplication":[],"WebPage":[]},"graphName":"","isEnabled":true},"graphs":[],"defaultGraph":"","defaultPostTypeGraph":""},"schema_type":null,"schema_type_options":null,"pillar_content":false,"robots_default":true,"robots_noindex":false,"robots_noarchive":false,"robots_nosnippet":false,"robots_nofollow":false,"robots_noimageindex":false,"robots_noodp":false,"robots_notranslate":false,"robots_max_snippet":null,"robots_max_videopreview":null,"robots_max_imagepreview":"large","priority":null,"frequency":null,"location":null,"local_seo":null,"seo_analyzer_scan_date":"2025-09-17 08:36:05","breadcrumb_settings":null,"limit_modified_date":false,"open_ai":null,"ai":null,"created":"2021-03-09 08:25:41","updated":"2025-09-17 08:36:05"},"aioseo_breadcrumb":"<div class=\"aioseo-breadcrumbs\"><span class=\"aioseo-breadcrumb\">\n\t<a href=\"https:\/\/eldigitaldeasturias.com\/magazine365\" title=\"Home\">Home<\/a>\n<\/span><span class=\"aioseo-breadcrumb-separator\">\u2013<\/span><span class=\"aioseo-breadcrumb\">\n\t<a href=\"https:\/\/eldigitaldeasturias.com\/magazine365\/category\/noticias-actualidad\/\" title=\"Noticias y Actualidad\">Noticias y Actualidad<\/a>\n<\/span><span class=\"aioseo-breadcrumb-separator\">\u2013<\/span><span class=\"aioseo-breadcrumb\">\n\t<a href=\"https:\/\/eldigitaldeasturias.com\/magazine365\/kiri-te-kanawa-apoya-a-la-cantante-tara-erraughtla-criticada-por-su-sobrepeso\/\" title=\"Kiri Te Kanawa apoya a la cantante Tara Erraughtla criticada por su sobrepeso\">Kiri Te Kanawa apoya a la cantante Tara Erraughtla criticada por su sobrepeso<\/a>\n<\/span><\/div>","aioseo_breadcrumb_json":[{"label":"Home","link":"https:\/\/eldigitaldeasturias.com\/magazine365"},{"label":"Noticias y Actualidad","link":"https:\/\/eldigitaldeasturias.com\/magazine365\/category\/noticias-actualidad\/"},{"label":"Kiri Te Kanawa apoya a la cantante Tara Erraughtla criticada por su sobrepeso","link":"https:\/\/eldigitaldeasturias.com\/magazine365\/kiri-te-kanawa-apoya-a-la-cantante-tara-erraughtla-criticada-por-su-sobrepeso\/"}],"_links":{"self":[{"href":"https:\/\/eldigitaldeasturias.com\/magazine365\/wp-json\/wp\/v2\/posts\/13627","targetHints":{"allow":["GET"]}}],"collection":[{"href":"https:\/\/eldigitaldeasturias.com\/magazine365\/wp-json\/wp\/v2\/posts"}],"about":[{"href":"https:\/\/eldigitaldeasturias.com\/magazine365\/wp-json\/wp\/v2\/types\/post"}],"author":[{"embeddable":true,"href":"https:\/\/eldigitaldeasturias.com\/magazine365\/wp-json\/wp\/v2\/users\/1"}],"replies":[{"embeddable":true,"href":"https:\/\/eldigitaldeasturias.com\/magazine365\/wp-json\/wp\/v2\/comments?post=13627"}],"version-history":[{"count":0,"href":"https:\/\/eldigitaldeasturias.com\/magazine365\/wp-json\/wp\/v2\/posts\/13627\/revisions"}],"wp:featuredmedia":[{"embeddable":true,"href":"https:\/\/eldigitaldeasturias.com\/magazine365\/wp-json\/wp\/v2\/media\/13628"}],"wp:attachment":[{"href":"https:\/\/eldigitaldeasturias.com\/magazine365\/wp-json\/wp\/v2\/media?parent=13627"}],"wp:term":[{"taxonomy":"category","embeddable":true,"href":"https:\/\/eldigitaldeasturias.com\/magazine365\/wp-json\/wp\/v2\/categories?post=13627"},{"taxonomy":"post_tag","embeddable":true,"href":"https:\/\/eldigitaldeasturias.com\/magazine365\/wp-json\/wp\/v2\/tags?post=13627"}],"curies":[{"name":"wp","href":"https:\/\/api.w.org\/{rel}","templated":true}]}}