{"id":13587,"date":"2014-05-22T21:04:38","date_gmt":"2014-05-22T23:04:38","guid":{"rendered":"http:\/\/eldigitaldeasturias.com\/magazine365\/?p=13587"},"modified":"2014-05-22T21:04:40","modified_gmt":"2014-05-22T23:04:40","slug":"susan-graham-interpreta-en-el-real","status":"publish","type":"post","link":"https:\/\/eldigitaldeasturias.com\/magazine365\/susan-graham-interpreta-en-el-real\/","title":{"rendered":"Susan Graham interpreta en el Real"},"content":{"rendered":"<p><img fetchpriority=\"high\" decoding=\"async\" class=\"alignleft size-medium wp-image-13588\" alt=\"6287442w\" src=\"https:\/\/eldigitaldeasturias.com\/magazine365\/wp-content\/uploads\/2014\/05\/6287442w-360x239.jpg\" width=\"360\" height=\"239\" \/>Madrid, 22 may (EFE).- La mezzosoprano estadounidense Susan Graham protagoniza esta noche en el Real un concierto con los lied \u00abCanciones de un caminante\u00bb, de Gustav Mahler, acompa\u00f1ada por la Orquesta Titular del Teatro Real, bajo la direcci\u00f3n del maestro Tomas Hanus.<\/p>\n<p>Graham vuelve a Madrid tras interpretar en el Real en 2011 la producci\u00f3n de \u00abIphig\u00e9nie en Tauride\u00bb, de Christoph Willibald Gluck, concebida por Robert Carsen y en la que comparti\u00f3 escenario con Pl\u00e1cido Domingo y Paul Groves.<\/p>\n<p>El repertorio de la mezzo, que ya cant\u00f3 en el teatro de la Zarzuela repertorio de lied en 2004, incluye personajes principales, desde el Barroco hasta las obras contempor\u00e1neas, y sus recitales son una referencia para todos los aficionados.<\/p>\n<p>El programa de esta noche en el Real se completa con la Sinfon\u00eda n\u00famero 4 en Fa menor, de Piotr Ilich Tchaikovski.<\/p>\n","protected":false},"excerpt":{"rendered":"<p>Madrid, 22 may (EFE).- La mezzosoprano estadounidense Susan Graham protagoniza esta noche en el Real un concierto con los lied \u00abCanciones de un caminante\u00bb, de Gustav Mahler, acompa\u00f1ada por la Orquesta Titular del Teatro Real, bajo la direcci\u00f3n del maestro Tomas Hanus. Graham vuelve a Madrid tras interpretar en el Real en 2011 la producci\u00f3n<\/p>\n","protected":false},"author":1,"featured_media":13588,"comment_status":"open","ping_status":"closed","sticky":false,"template":"","format":"standard","meta":{"footnotes":""},"categories":[224],"tags":[],"class_list":{"0":"post-13587","1":"post","2":"type-post","3":"status-publish","4":"format-standard","5":"has-post-thumbnail","7":"category-noticias-actualidad"},"aioseo_notices":[],"aioseo_head":"\n\t\t<!-- All in One SEO Pro 4.9.6.1 - aioseo.com -->\n\t<meta name=\"description\" content=\"Madrid, 22 may (EFE).- La mezzosoprano estadounidense Susan Graham protagoniza esta noche en el Real un concierto con los lied &quot;Canciones de un caminante&quot;, de Gustav Mahler, acompa\u00f1ada por la Orquesta Titular del Teatro Real, bajo la direcci\u00f3n del maestro Tomas Hanus. Graham vuelve a Madrid tras interpretar en el Real en 2011 la producci\u00f3n\" \/>\n\t<meta name=\"robots\" content=\"max-image-preview:large\" \/>\n\t<meta name=\"author\" content=\"admin\"\/>\n\t<meta name=\"google-site-verification\" content=\"UA-38556648-1\" \/>\n\t<meta name=\"keywords\" content=\"noticias y actualidad\" \/>\n\t<link rel=\"canonical\" href=\"https:\/\/eldigitaldeasturias.com\/magazine365\/susan-graham-interpreta-en-el-real\/\" \/>\n\t<meta name=\"generator\" content=\"All in One SEO Pro (AIOSEO) 4.9.6.1\" \/>\n\t\t<meta property=\"og:locale\" content=\"es_ES\" \/>\n\t\t<meta property=\"og:site_name\" content=\"El Digital de Asturias \u2013 Revista de ocio, turismo y estilo de vida\" \/>\n\t\t<meta property=\"og:type\" content=\"article\" \/>\n\t\t<meta property=\"og:title\" content=\"Susan Graham interpreta en el Real | El Digital de Asturias\" \/>\n\t\t<meta property=\"og:description\" content=\"Madrid, 22 may (EFE).- La mezzosoprano estadounidense Susan Graham protagoniza esta noche en el Real un concierto con los lied &quot;Canciones de un caminante&quot;, de Gustav Mahler, acompa\u00f1ada por la Orquesta Titular del Teatro Real, bajo la direcci\u00f3n del maestro Tomas Hanus. Graham vuelve a Madrid tras interpretar en el Real en 2011 la producci\u00f3n\" \/>\n\t\t<meta property=\"og:url\" content=\"https:\/\/eldigitaldeasturias.com\/magazine365\/susan-graham-interpreta-en-el-real\/\" \/>\n\t\t<meta property=\"og:image\" content=\"https:\/\/eldigitaldeasturias.com\/magazine365\/wp-content\/uploads\/2014\/05\/6287442w.jpg\" \/>\n\t\t<meta property=\"og:image:secure_url\" content=\"https:\/\/eldigitaldeasturias.com\/magazine365\/wp-content\/uploads\/2014\/05\/6287442w.jpg\" \/>\n\t\t<meta property=\"og:image:width\" content=\"800\" \/>\n\t\t<meta property=\"og:image:height\" content=\"533\" \/>\n\t\t<meta property=\"article:published_time\" content=\"2014-05-22T23:04:38+00:00\" \/>\n\t\t<meta property=\"article:modified_time\" content=\"2014-05-22T23:04:40+00:00\" \/>\n\t\t<meta name=\"twitter:card\" content=\"summary_large_image\" \/>\n\t\t<meta name=\"twitter:title\" content=\"Susan Graham interpreta en el Real | El Digital de Asturias\" \/>\n\t\t<meta name=\"twitter:description\" content=\"Madrid, 22 may (EFE).- La mezzosoprano estadounidense Susan Graham protagoniza esta noche en el Real un concierto con los lied &quot;Canciones de un caminante&quot;, de Gustav Mahler, acompa\u00f1ada por la Orquesta Titular del Teatro Real, bajo la direcci\u00f3n del maestro Tomas Hanus. Graham vuelve a Madrid tras interpretar en el Real en 2011 la producci\u00f3n\" \/>\n\t\t<meta name=\"twitter:image\" content=\"https:\/\/eldigitaldeasturias.com\/magazine365\/wp-content\/uploads\/2014\/05\/6287442w.jpg\" \/>\n\t\t<script type=\"application\/ld+json\" class=\"aioseo-schema\">\n\t\t\t{\"@context\":\"https:\\\/\\\/schema.org\",\"@graph\":[{\"@type\":\"Article\",\"@id\":\"https:\\\/\\\/eldigitaldeasturias.com\\\/magazine365\\\/susan-graham-interpreta-en-el-real\\\/#article\",\"name\":\"Susan Graham interpreta en el Real | El Digital de Asturias\",\"headline\":\"Susan Graham interpreta en el Real\",\"author\":{\"@id\":\"https:\\\/\\\/eldigitaldeasturias.com\\\/magazine365\\\/author\\\/admin\\\/#author\"},\"publisher\":{\"@id\":\"https:\\\/\\\/eldigitaldeasturias.com\\\/magazine365\\\/#organization\"},\"image\":{\"@type\":\"ImageObject\",\"url\":\"https:\\\/\\\/eldigitaldeasturias.com\\\/magazine365\\\/wp-content\\\/uploads\\\/2014\\\/05\\\/6287442w.jpg\",\"width\":800,\"height\":533},\"datePublished\":\"2014-05-22T21:04:38+02:00\",\"dateModified\":\"2014-05-22T21:04:40+02:00\",\"inLanguage\":\"es-ES\",\"mainEntityOfPage\":{\"@id\":\"https:\\\/\\\/eldigitaldeasturias.com\\\/magazine365\\\/susan-graham-interpreta-en-el-real\\\/#webpage\"},\"isPartOf\":{\"@id\":\"https:\\\/\\\/eldigitaldeasturias.com\\\/magazine365\\\/susan-graham-interpreta-en-el-real\\\/#webpage\"},\"articleSection\":\"Noticias y Actualidad\"},{\"@type\":\"BreadcrumbList\",\"@id\":\"https:\\\/\\\/eldigitaldeasturias.com\\\/magazine365\\\/susan-graham-interpreta-en-el-real\\\/#breadcrumblist\",\"itemListElement\":[{\"@type\":\"ListItem\",\"@id\":\"https:\\\/\\\/eldigitaldeasturias.com\\\/magazine365#listItem\",\"position\":1,\"name\":\"Home\",\"item\":\"https:\\\/\\\/eldigitaldeasturias.com\\\/magazine365\",\"nextItem\":{\"@type\":\"ListItem\",\"@id\":\"https:\\\/\\\/eldigitaldeasturias.com\\\/magazine365\\\/category\\\/noticias-actualidad\\\/#listItem\",\"name\":\"Noticias y Actualidad\"}},{\"@type\":\"ListItem\",\"@id\":\"https:\\\/\\\/eldigitaldeasturias.com\\\/magazine365\\\/category\\\/noticias-actualidad\\\/#listItem\",\"position\":2,\"name\":\"Noticias y Actualidad\",\"item\":\"https:\\\/\\\/eldigitaldeasturias.com\\\/magazine365\\\/category\\\/noticias-actualidad\\\/\",\"nextItem\":{\"@type\":\"ListItem\",\"@id\":\"https:\\\/\\\/eldigitaldeasturias.com\\\/magazine365\\\/susan-graham-interpreta-en-el-real\\\/#listItem\",\"name\":\"Susan Graham interpreta en el Real\"},\"previousItem\":{\"@type\":\"ListItem\",\"@id\":\"https:\\\/\\\/eldigitaldeasturias.com\\\/magazine365#listItem\",\"name\":\"Home\"}},{\"@type\":\"ListItem\",\"@id\":\"https:\\\/\\\/eldigitaldeasturias.com\\\/magazine365\\\/susan-graham-interpreta-en-el-real\\\/#listItem\",\"position\":3,\"name\":\"Susan Graham interpreta en el Real\",\"previousItem\":{\"@type\":\"ListItem\",\"@id\":\"https:\\\/\\\/eldigitaldeasturias.com\\\/magazine365\\\/category\\\/noticias-actualidad\\\/#listItem\",\"name\":\"Noticias y Actualidad\"}}]},{\"@type\":\"Organization\",\"@id\":\"https:\\\/\\\/eldigitaldeasturias.com\\\/magazine365\\\/#organization\",\"name\":\"El digital de Asturias\",\"description\":\"Revista de ocio, turismo y estilo de vida\",\"url\":\"https:\\\/\\\/eldigitaldeasturias.com\\\/magazine365\\\/\",\"logo\":{\"@type\":\"ImageObject\",\"url\":\"https:\\\/\\\/www.eldigitaldeasturias.com\\\/noticias\\\/wp-content\\\/uploads\\\/2020\\\/12\\\/EDA.jpg\",\"@id\":\"https:\\\/\\\/eldigitaldeasturias.com\\\/magazine365\\\/susan-graham-interpreta-en-el-real\\\/#organizationLogo\"},\"image\":{\"@id\":\"https:\\\/\\\/eldigitaldeasturias.com\\\/magazine365\\\/susan-graham-interpreta-en-el-real\\\/#organizationLogo\"}},{\"@type\":\"Person\",\"@id\":\"https:\\\/\\\/eldigitaldeasturias.com\\\/magazine365\\\/author\\\/admin\\\/#author\",\"url\":\"https:\\\/\\\/eldigitaldeasturias.com\\\/magazine365\\\/author\\\/admin\\\/\",\"name\":\"admin\",\"image\":{\"@type\":\"ImageObject\",\"@id\":\"https:\\\/\\\/eldigitaldeasturias.com\\\/magazine365\\\/susan-graham-interpreta-en-el-real\\\/#authorImage\",\"url\":\"https:\\\/\\\/eldigitaldeasturias.com\\\/magazine365\\\/wp-content\\\/litespeed\\\/avatar\\\/e571bcf59a0edd6fa6838245a470f2fe.jpg?ver=1776969259\",\"width\":96,\"height\":96,\"caption\":\"admin\"}},{\"@type\":\"WebPage\",\"@id\":\"https:\\\/\\\/eldigitaldeasturias.com\\\/magazine365\\\/susan-graham-interpreta-en-el-real\\\/#webpage\",\"url\":\"https:\\\/\\\/eldigitaldeasturias.com\\\/magazine365\\\/susan-graham-interpreta-en-el-real\\\/\",\"name\":\"Susan Graham interpreta en el Real | El Digital de Asturias\",\"description\":\"Madrid, 22 may (EFE).- La mezzosoprano estadounidense Susan Graham protagoniza esta noche en el Real un concierto con los lied \\\"Canciones de un caminante\\\", de Gustav Mahler, acompa\\u00f1ada por la Orquesta Titular del Teatro Real, bajo la direcci\\u00f3n del maestro Tomas Hanus. Graham vuelve a Madrid tras interpretar en el Real en 2011 la producci\\u00f3n\",\"inLanguage\":\"es-ES\",\"isPartOf\":{\"@id\":\"https:\\\/\\\/eldigitaldeasturias.com\\\/magazine365\\\/#website\"},\"breadcrumb\":{\"@id\":\"https:\\\/\\\/eldigitaldeasturias.com\\\/magazine365\\\/susan-graham-interpreta-en-el-real\\\/#breadcrumblist\"},\"author\":{\"@id\":\"https:\\\/\\\/eldigitaldeasturias.com\\\/magazine365\\\/author\\\/admin\\\/#author\"},\"creator\":{\"@id\":\"https:\\\/\\\/eldigitaldeasturias.com\\\/magazine365\\\/author\\\/admin\\\/#author\"},\"image\":{\"@type\":\"ImageObject\",\"url\":\"https:\\\/\\\/eldigitaldeasturias.com\\\/magazine365\\\/wp-content\\\/uploads\\\/2014\\\/05\\\/6287442w.jpg\",\"@id\":\"https:\\\/\\\/eldigitaldeasturias.com\\\/magazine365\\\/susan-graham-interpreta-en-el-real\\\/#mainImage\",\"width\":800,\"height\":533},\"primaryImageOfPage\":{\"@id\":\"https:\\\/\\\/eldigitaldeasturias.com\\\/magazine365\\\/susan-graham-interpreta-en-el-real\\\/#mainImage\"},\"datePublished\":\"2014-05-22T21:04:38+02:00\",\"dateModified\":\"2014-05-22T21:04:40+02:00\"},{\"@type\":\"WebSite\",\"@id\":\"https:\\\/\\\/eldigitaldeasturias.com\\\/magazine365\\\/#website\",\"url\":\"https:\\\/\\\/eldigitaldeasturias.com\\\/magazine365\\\/\",\"name\":\"El Digital de Asturias\",\"description\":\"Revista de ocio, turismo y estilo de vida\",\"inLanguage\":\"es-ES\",\"publisher\":{\"@id\":\"https:\\\/\\\/eldigitaldeasturias.com\\\/magazine365\\\/#organization\"}}]}\n\t\t<\/script>\n\t\t<!-- All in One SEO Pro -->\r\n\t\t<title>Susan Graham interpreta en el Real | El Digital de Asturias<\/title>\n\n","aioseo_head_json":{"title":"Susan Graham interpreta en el Real | El Digital de Asturias","description":"Madrid, 22 may (EFE).- La mezzosoprano estadounidense Susan Graham protagoniza esta noche en el Real un concierto con los lied \"Canciones de un caminante\", de Gustav Mahler, acompa\u00f1ada por la Orquesta Titular del Teatro Real, bajo la direcci\u00f3n del maestro Tomas Hanus. Graham vuelve a Madrid tras interpretar en el Real en 2011 la producci\u00f3n","canonical_url":"https:\/\/eldigitaldeasturias.com\/magazine365\/susan-graham-interpreta-en-el-real\/","robots":"max-image-preview:large","keywords":"noticias y actualidad","webmasterTools":{"google-site-verification":"UA-38556648-1","miscellaneous":""},"schema":{"@context":"https:\/\/schema.org","@graph":[{"@type":"Article","@id":"https:\/\/eldigitaldeasturias.com\/magazine365\/susan-graham-interpreta-en-el-real\/#article","name":"Susan Graham interpreta en el Real | El Digital de Asturias","headline":"Susan Graham interpreta en el Real","author":{"@id":"https:\/\/eldigitaldeasturias.com\/magazine365\/author\/admin\/#author"},"publisher":{"@id":"https:\/\/eldigitaldeasturias.com\/magazine365\/#organization"},"image":{"@type":"ImageObject","url":"https:\/\/eldigitaldeasturias.com\/magazine365\/wp-content\/uploads\/2014\/05\/6287442w.jpg","width":800,"height":533},"datePublished":"2014-05-22T21:04:38+02:00","dateModified":"2014-05-22T21:04:40+02:00","inLanguage":"es-ES","mainEntityOfPage":{"@id":"https:\/\/eldigitaldeasturias.com\/magazine365\/susan-graham-interpreta-en-el-real\/#webpage"},"isPartOf":{"@id":"https:\/\/eldigitaldeasturias.com\/magazine365\/susan-graham-interpreta-en-el-real\/#webpage"},"articleSection":"Noticias y Actualidad"},{"@type":"BreadcrumbList","@id":"https:\/\/eldigitaldeasturias.com\/magazine365\/susan-graham-interpreta-en-el-real\/#breadcrumblist","itemListElement":[{"@type":"ListItem","@id":"https:\/\/eldigitaldeasturias.com\/magazine365#listItem","position":1,"name":"Home","item":"https:\/\/eldigitaldeasturias.com\/magazine365","nextItem":{"@type":"ListItem","@id":"https:\/\/eldigitaldeasturias.com\/magazine365\/category\/noticias-actualidad\/#listItem","name":"Noticias y Actualidad"}},{"@type":"ListItem","@id":"https:\/\/eldigitaldeasturias.com\/magazine365\/category\/noticias-actualidad\/#listItem","position":2,"name":"Noticias y Actualidad","item":"https:\/\/eldigitaldeasturias.com\/magazine365\/category\/noticias-actualidad\/","nextItem":{"@type":"ListItem","@id":"https:\/\/eldigitaldeasturias.com\/magazine365\/susan-graham-interpreta-en-el-real\/#listItem","name":"Susan Graham interpreta en el Real"},"previousItem":{"@type":"ListItem","@id":"https:\/\/eldigitaldeasturias.com\/magazine365#listItem","name":"Home"}},{"@type":"ListItem","@id":"https:\/\/eldigitaldeasturias.com\/magazine365\/susan-graham-interpreta-en-el-real\/#listItem","position":3,"name":"Susan Graham interpreta en el Real","previousItem":{"@type":"ListItem","@id":"https:\/\/eldigitaldeasturias.com\/magazine365\/category\/noticias-actualidad\/#listItem","name":"Noticias y Actualidad"}}]},{"@type":"Organization","@id":"https:\/\/eldigitaldeasturias.com\/magazine365\/#organization","name":"El digital de Asturias","description":"Revista de ocio, turismo y estilo de vida","url":"https:\/\/eldigitaldeasturias.com\/magazine365\/","logo":{"@type":"ImageObject","url":"https:\/\/www.eldigitaldeasturias.com\/noticias\/wp-content\/uploads\/2020\/12\/EDA.jpg","@id":"https:\/\/eldigitaldeasturias.com\/magazine365\/susan-graham-interpreta-en-el-real\/#organizationLogo"},"image":{"@id":"https:\/\/eldigitaldeasturias.com\/magazine365\/susan-graham-interpreta-en-el-real\/#organizationLogo"}},{"@type":"Person","@id":"https:\/\/eldigitaldeasturias.com\/magazine365\/author\/admin\/#author","url":"https:\/\/eldigitaldeasturias.com\/magazine365\/author\/admin\/","name":"admin","image":{"@type":"ImageObject","@id":"https:\/\/eldigitaldeasturias.com\/magazine365\/susan-graham-interpreta-en-el-real\/#authorImage","url":"https:\/\/eldigitaldeasturias.com\/magazine365\/wp-content\/litespeed\/avatar\/e571bcf59a0edd6fa6838245a470f2fe.jpg?ver=1776969259","width":96,"height":96,"caption":"admin"}},{"@type":"WebPage","@id":"https:\/\/eldigitaldeasturias.com\/magazine365\/susan-graham-interpreta-en-el-real\/#webpage","url":"https:\/\/eldigitaldeasturias.com\/magazine365\/susan-graham-interpreta-en-el-real\/","name":"Susan Graham interpreta en el Real | El Digital de Asturias","description":"Madrid, 22 may (EFE).- La mezzosoprano estadounidense Susan Graham protagoniza esta noche en el Real un concierto con los lied \"Canciones de un caminante\", de Gustav Mahler, acompa\u00f1ada por la Orquesta Titular del Teatro Real, bajo la direcci\u00f3n del maestro Tomas Hanus. Graham vuelve a Madrid tras interpretar en el Real en 2011 la producci\u00f3n","inLanguage":"es-ES","isPartOf":{"@id":"https:\/\/eldigitaldeasturias.com\/magazine365\/#website"},"breadcrumb":{"@id":"https:\/\/eldigitaldeasturias.com\/magazine365\/susan-graham-interpreta-en-el-real\/#breadcrumblist"},"author":{"@id":"https:\/\/eldigitaldeasturias.com\/magazine365\/author\/admin\/#author"},"creator":{"@id":"https:\/\/eldigitaldeasturias.com\/magazine365\/author\/admin\/#author"},"image":{"@type":"ImageObject","url":"https:\/\/eldigitaldeasturias.com\/magazine365\/wp-content\/uploads\/2014\/05\/6287442w.jpg","@id":"https:\/\/eldigitaldeasturias.com\/magazine365\/susan-graham-interpreta-en-el-real\/#mainImage","width":800,"height":533},"primaryImageOfPage":{"@id":"https:\/\/eldigitaldeasturias.com\/magazine365\/susan-graham-interpreta-en-el-real\/#mainImage"},"datePublished":"2014-05-22T21:04:38+02:00","dateModified":"2014-05-22T21:04:40+02:00"},{"@type":"WebSite","@id":"https:\/\/eldigitaldeasturias.com\/magazine365\/#website","url":"https:\/\/eldigitaldeasturias.com\/magazine365\/","name":"El Digital de Asturias","description":"Revista de ocio, turismo y estilo de vida","inLanguage":"es-ES","publisher":{"@id":"https:\/\/eldigitaldeasturias.com\/magazine365\/#organization"}}]},"og:locale":"es_ES","og:site_name":"El Digital de Asturias \u2013 Revista de ocio, turismo y estilo de vida","og:type":"article","og:title":"Susan Graham interpreta en el Real | El Digital de Asturias","og:description":"Madrid, 22 may (EFE).- La mezzosoprano estadounidense Susan Graham protagoniza esta noche en el Real un concierto con los lied &quot;Canciones de un caminante&quot;, de Gustav Mahler, acompa\u00f1ada por la Orquesta Titular del Teatro Real, bajo la direcci\u00f3n del maestro Tomas Hanus. Graham vuelve a Madrid tras interpretar en el Real en 2011 la producci\u00f3n","og:url":"https:\/\/eldigitaldeasturias.com\/magazine365\/susan-graham-interpreta-en-el-real\/","og:image":"https:\/\/eldigitaldeasturias.com\/magazine365\/wp-content\/uploads\/2014\/05\/6287442w.jpg","og:image:secure_url":"https:\/\/eldigitaldeasturias.com\/magazine365\/wp-content\/uploads\/2014\/05\/6287442w.jpg","og:image:width":800,"og:image:height":533,"article:published_time":"2014-05-22T23:04:38+00:00","article:modified_time":"2014-05-22T23:04:40+00:00","twitter:card":"summary_large_image","twitter:title":"Susan Graham interpreta en el Real | El Digital de Asturias","twitter:description":"Madrid, 22 may (EFE).- La mezzosoprano estadounidense Susan Graham protagoniza esta noche en el Real un concierto con los lied &quot;Canciones de un caminante&quot;, de Gustav Mahler, acompa\u00f1ada por la Orquesta Titular del Teatro Real, bajo la direcci\u00f3n del maestro Tomas Hanus. Graham vuelve a Madrid tras interpretar en el Real en 2011 la producci\u00f3n","twitter:image":"https:\/\/eldigitaldeasturias.com\/magazine365\/wp-content\/uploads\/2014\/05\/6287442w.jpg"},"aioseo_meta_data":{"post_id":"13587","title":null,"description":null,"keywords":null,"keyphrases":null,"primary_term":null,"canonical_url":null,"og_title":null,"og_description":null,"og_object_type":"default","og_image_type":"default","og_image_url":null,"og_image_width":null,"og_image_height":null,"og_image_custom_url":null,"og_image_custom_fields":null,"og_video":null,"og_custom_url":null,"og_article_section":null,"og_article_tags":null,"twitter_use_og":false,"twitter_card":"default","twitter_image_type":"default","twitter_image_url":null,"twitter_image_custom_url":null,"twitter_image_custom_fields":null,"twitter_title":null,"twitter_description":null,"schema":{"blockGraphs":[],"customGraphs":[],"default":{"data":{"Article":[],"Course":[],"Dataset":[],"FAQPage":[],"Movie":[],"Person":[],"Product":[],"ProductReview":[],"Car":[],"Recipe":[],"Service":[],"SoftwareApplication":[],"WebPage":[]},"graphName":"","isEnabled":true},"graphs":[],"defaultGraph":"","defaultPostTypeGraph":""},"schema_type":null,"schema_type_options":null,"pillar_content":false,"robots_default":true,"robots_noindex":false,"robots_noarchive":false,"robots_nosnippet":false,"robots_nofollow":false,"robots_noimageindex":false,"robots_noodp":false,"robots_notranslate":false,"robots_max_snippet":null,"robots_max_videopreview":null,"robots_max_imagepreview":"large","priority":null,"frequency":null,"location":null,"local_seo":null,"seo_analyzer_scan_date":"2025-09-17 08:33:09","breadcrumb_settings":null,"limit_modified_date":false,"open_ai":null,"ai":null,"created":"2021-03-09 08:26:54","updated":"2025-09-17 08:33:09"},"aioseo_breadcrumb":"<div class=\"aioseo-breadcrumbs\"><span class=\"aioseo-breadcrumb\">\n\t<a href=\"https:\/\/eldigitaldeasturias.com\/magazine365\" title=\"Home\">Home<\/a>\n<\/span><span class=\"aioseo-breadcrumb-separator\">\u2013<\/span><span class=\"aioseo-breadcrumb\">\n\t<a href=\"https:\/\/eldigitaldeasturias.com\/magazine365\/category\/noticias-actualidad\/\" title=\"Noticias y Actualidad\">Noticias y Actualidad<\/a>\n<\/span><span class=\"aioseo-breadcrumb-separator\">\u2013<\/span><span class=\"aioseo-breadcrumb\">\n\t<a href=\"https:\/\/eldigitaldeasturias.com\/magazine365\/susan-graham-interpreta-en-el-real\/\" title=\"Susan Graham interpreta en el Real\">Susan Graham interpreta en el Real<\/a>\n<\/span><\/div>","aioseo_breadcrumb_json":[{"label":"Home","link":"https:\/\/eldigitaldeasturias.com\/magazine365"},{"label":"Noticias y Actualidad","link":"https:\/\/eldigitaldeasturias.com\/magazine365\/category\/noticias-actualidad\/"},{"label":"Susan Graham interpreta en el Real","link":"https:\/\/eldigitaldeasturias.com\/magazine365\/susan-graham-interpreta-en-el-real\/"}],"_links":{"self":[{"href":"https:\/\/eldigitaldeasturias.com\/magazine365\/wp-json\/wp\/v2\/posts\/13587","targetHints":{"allow":["GET"]}}],"collection":[{"href":"https:\/\/eldigitaldeasturias.com\/magazine365\/wp-json\/wp\/v2\/posts"}],"about":[{"href":"https:\/\/eldigitaldeasturias.com\/magazine365\/wp-json\/wp\/v2\/types\/post"}],"author":[{"embeddable":true,"href":"https:\/\/eldigitaldeasturias.com\/magazine365\/wp-json\/wp\/v2\/users\/1"}],"replies":[{"embeddable":true,"href":"https:\/\/eldigitaldeasturias.com\/magazine365\/wp-json\/wp\/v2\/comments?post=13587"}],"version-history":[{"count":0,"href":"https:\/\/eldigitaldeasturias.com\/magazine365\/wp-json\/wp\/v2\/posts\/13587\/revisions"}],"wp:featuredmedia":[{"embeddable":true,"href":"https:\/\/eldigitaldeasturias.com\/magazine365\/wp-json\/wp\/v2\/media\/13588"}],"wp:attachment":[{"href":"https:\/\/eldigitaldeasturias.com\/magazine365\/wp-json\/wp\/v2\/media?parent=13587"}],"wp:term":[{"taxonomy":"category","embeddable":true,"href":"https:\/\/eldigitaldeasturias.com\/magazine365\/wp-json\/wp\/v2\/categories?post=13587"},{"taxonomy":"post_tag","embeddable":true,"href":"https:\/\/eldigitaldeasturias.com\/magazine365\/wp-json\/wp\/v2\/tags?post=13587"}],"curies":[{"name":"wp","href":"https:\/\/api.w.org\/{rel}","templated":true}]}}