{"id":13584,"date":"2014-05-22T21:02:31","date_gmt":"2014-05-22T23:02:31","guid":{"rendered":"http:\/\/eldigitaldeasturias.com\/magazine365\/?p=13584"},"modified":"2014-05-22T21:02:31","modified_gmt":"2014-05-22T23:02:31","slug":"silvio-rodriguez-recibe-en-cuba-premio-del-festival-barnasants-de-barcelona","status":"publish","type":"post","link":"https:\/\/eldigitaldeasturias.com\/magazine365\/silvio-rodriguez-recibe-en-cuba-premio-del-festival-barnasants-de-barcelona\/","title":{"rendered":"Silvio Rodr\u00edguez recibe en Cuba premio del Festival BarnaSants de Barcelona"},"content":{"rendered":"<p><img fetchpriority=\"high\" decoding=\"async\" class=\"alignleft size-medium wp-image-13585\" alt=\"6286842w\" src=\"https:\/\/eldigitaldeasturias.com\/magazine365\/wp-content\/uploads\/2014\/05\/6286842w-360x239.jpg\" width=\"360\" height=\"239\" \/>La Habana, 22 may (EFE).- El cantautor cubano Silvio Rodr\u00edguez recibi\u00f3 en La Habana el galard\u00f3n a la Trayectoria Art\u00edstica de la 19 edici\u00f3n del Festival de Canci\u00f3n de Autor BarnaSants 2014, celebrado en la ciudad de Barcelona, inform\u00f3 esta noche la televisi\u00f3n estatal.<\/p>\n<p>El reconocimiento fue entregado al m\u00fasico cubano por el director del Festival barcelon\u00e9s, Pere Camps, durante un encuentro celebrado en la sede de los estudios \u00abOjal\u00e1\u00bb, creados por Silvio Rodr\u00edguez en La Habana.<\/p>\n<p>Silvio Rodr\u00edguez es uno de los m\u00fasicos fundadores del movimiento de la Nueva Trova en Cuba y, en sus casi cinco d\u00e9cadas de trayectoria art\u00edstica, ha compuesto varios centenares de canciones, m\u00fasica para cine y publicado m\u00e1s de veinte discos.<\/p>\n<p>A lo largo de su trayectoria art\u00edstica ha recibido importantes premios como el t\u00edtulo \u00abArtista por la Paz\u00bb (1997) de la UNESCO, ha sido dos veces -en 1998 y 1999- candidato a los premios Pr\u00edncipe de Asturias de las Letras y en 2004 comparti\u00f3, junto a cuatro artistas m\u00e1s, el Premio Nacional de la M\u00fasica de Cuba.<\/p>\n<p>Fue distinguido con el \u00abPremio Latino a toda una vida\u00bb de la Academia espa\u00f1ola de la M\u00fasica en 2006 y, en 2010, con el Premio Alba de las Artes y Las Letras de Cuba.<\/p>\n<p>Los organizadores del Festival BarnaSants manifestaron su intenci\u00f3n de que Cuba sea nuevamente sede del evento, seg\u00fan dijeron medios locales.<\/p>\n<p>La versi\u00f3n de BarnaSants 2008 cerr\u00f3 en el teatro habanero \u00abAmadeo Rold\u00e1n\u00bb con un homenaje al cantautor espa\u00f1ol Luis Eduardo Aute y, en 2012, el festival fue inaugurado en la capital cubana con un concierto de la mallorquina Mar\u00eda del Mar Bonet.<\/p>\n","protected":false},"excerpt":{"rendered":"<p>La Habana, 22 may (EFE).- El cantautor cubano Silvio Rodr\u00edguez recibi\u00f3 en La Habana el galard\u00f3n a la Trayectoria Art\u00edstica de la 19 edici\u00f3n del Festival de Canci\u00f3n de Autor BarnaSants 2014, celebrado en la ciudad de Barcelona, inform\u00f3 esta noche la televisi\u00f3n estatal. El reconocimiento fue entregado al m\u00fasico cubano por el director del<\/p>\n","protected":false},"author":1,"featured_media":13585,"comment_status":"open","ping_status":"closed","sticky":false,"template":"","format":"standard","meta":{"footnotes":""},"categories":[224],"tags":[],"class_list":{"0":"post-13584","1":"post","2":"type-post","3":"status-publish","4":"format-standard","5":"has-post-thumbnail","7":"category-noticias-actualidad"},"aioseo_notices":[],"aioseo_head":"\n\t\t<!-- All in One SEO Pro 4.9.6.1 - aioseo.com -->\n\t<meta name=\"description\" content=\"La Habana, 22 may (EFE).- El cantautor cubano Silvio Rodr\u00edguez recibi\u00f3 en La Habana el galard\u00f3n a la Trayectoria Art\u00edstica de la 19 edici\u00f3n del Festival de Canci\u00f3n de Autor BarnaSants 2014, celebrado en la ciudad de Barcelona, inform\u00f3 esta noche la televisi\u00f3n estatal. El reconocimiento fue entregado al m\u00fasico cubano por el director del\" \/>\n\t<meta name=\"robots\" content=\"max-image-preview:large\" \/>\n\t<meta name=\"author\" content=\"admin\"\/>\n\t<meta name=\"google-site-verification\" content=\"UA-38556648-1\" \/>\n\t<meta name=\"keywords\" content=\"noticias y actualidad\" \/>\n\t<link rel=\"canonical\" href=\"https:\/\/eldigitaldeasturias.com\/magazine365\/silvio-rodriguez-recibe-en-cuba-premio-del-festival-barnasants-de-barcelona\/\" \/>\n\t<meta name=\"generator\" content=\"All in One SEO Pro (AIOSEO) 4.9.6.1\" \/>\n\t\t<meta property=\"og:locale\" content=\"es_ES\" \/>\n\t\t<meta property=\"og:site_name\" content=\"El Digital de Asturias \u2013 Revista de ocio, turismo y estilo de vida\" \/>\n\t\t<meta property=\"og:type\" content=\"article\" \/>\n\t\t<meta property=\"og:title\" content=\"Silvio Rodr\u00edguez recibe en Cuba premio del Festival BarnaSants de Barcelona | El Digital de Asturias\" \/>\n\t\t<meta property=\"og:description\" content=\"La Habana, 22 may (EFE).- El cantautor cubano Silvio Rodr\u00edguez recibi\u00f3 en La Habana el galard\u00f3n a la Trayectoria Art\u00edstica de la 19 edici\u00f3n del Festival de Canci\u00f3n de Autor BarnaSants 2014, celebrado en la ciudad de Barcelona, inform\u00f3 esta noche la televisi\u00f3n estatal. El reconocimiento fue entregado al m\u00fasico cubano por el director del\" \/>\n\t\t<meta property=\"og:url\" content=\"https:\/\/eldigitaldeasturias.com\/magazine365\/silvio-rodriguez-recibe-en-cuba-premio-del-festival-barnasants-de-barcelona\/\" \/>\n\t\t<meta property=\"og:image\" content=\"https:\/\/eldigitaldeasturias.com\/magazine365\/wp-content\/uploads\/2014\/05\/6286842w.jpg\" \/>\n\t\t<meta property=\"og:image:secure_url\" content=\"https:\/\/eldigitaldeasturias.com\/magazine365\/wp-content\/uploads\/2014\/05\/6286842w.jpg\" \/>\n\t\t<meta property=\"og:image:width\" content=\"800\" \/>\n\t\t<meta property=\"og:image:height\" content=\"533\" \/>\n\t\t<meta property=\"article:published_time\" content=\"2014-05-22T23:02:31+00:00\" \/>\n\t\t<meta property=\"article:modified_time\" content=\"2014-05-22T23:02:31+00:00\" \/>\n\t\t<meta name=\"twitter:card\" content=\"summary_large_image\" \/>\n\t\t<meta name=\"twitter:title\" content=\"Silvio Rodr\u00edguez recibe en Cuba premio del Festival BarnaSants de Barcelona | El Digital de Asturias\" \/>\n\t\t<meta name=\"twitter:description\" content=\"La Habana, 22 may (EFE).- El cantautor cubano Silvio Rodr\u00edguez recibi\u00f3 en La Habana el galard\u00f3n a la Trayectoria Art\u00edstica de la 19 edici\u00f3n del Festival de Canci\u00f3n de Autor BarnaSants 2014, celebrado en la ciudad de Barcelona, inform\u00f3 esta noche la televisi\u00f3n estatal. El reconocimiento fue entregado al m\u00fasico cubano por el director del\" \/>\n\t\t<meta name=\"twitter:image\" content=\"https:\/\/eldigitaldeasturias.com\/magazine365\/wp-content\/uploads\/2014\/05\/6286842w.jpg\" \/>\n\t\t<script type=\"application\/ld+json\" class=\"aioseo-schema\">\n\t\t\t{\"@context\":\"https:\\\/\\\/schema.org\",\"@graph\":[{\"@type\":\"Article\",\"@id\":\"https:\\\/\\\/eldigitaldeasturias.com\\\/magazine365\\\/silvio-rodriguez-recibe-en-cuba-premio-del-festival-barnasants-de-barcelona\\\/#article\",\"name\":\"Silvio Rodr\\u00edguez recibe en Cuba premio del Festival BarnaSants de Barcelona | El Digital de Asturias\",\"headline\":\"Silvio Rodr\\u00edguez recibe en Cuba premio del Festival BarnaSants de Barcelona\",\"author\":{\"@id\":\"https:\\\/\\\/eldigitaldeasturias.com\\\/magazine365\\\/author\\\/admin\\\/#author\"},\"publisher\":{\"@id\":\"https:\\\/\\\/eldigitaldeasturias.com\\\/magazine365\\\/#organization\"},\"image\":{\"@type\":\"ImageObject\",\"url\":\"https:\\\/\\\/eldigitaldeasturias.com\\\/magazine365\\\/wp-content\\\/uploads\\\/2014\\\/05\\\/6286842w.jpg\",\"width\":800,\"height\":533},\"datePublished\":\"2014-05-22T21:02:31+02:00\",\"dateModified\":\"2014-05-22T21:02:31+02:00\",\"inLanguage\":\"es-ES\",\"mainEntityOfPage\":{\"@id\":\"https:\\\/\\\/eldigitaldeasturias.com\\\/magazine365\\\/silvio-rodriguez-recibe-en-cuba-premio-del-festival-barnasants-de-barcelona\\\/#webpage\"},\"isPartOf\":{\"@id\":\"https:\\\/\\\/eldigitaldeasturias.com\\\/magazine365\\\/silvio-rodriguez-recibe-en-cuba-premio-del-festival-barnasants-de-barcelona\\\/#webpage\"},\"articleSection\":\"Noticias y Actualidad\"},{\"@type\":\"BreadcrumbList\",\"@id\":\"https:\\\/\\\/eldigitaldeasturias.com\\\/magazine365\\\/silvio-rodriguez-recibe-en-cuba-premio-del-festival-barnasants-de-barcelona\\\/#breadcrumblist\",\"itemListElement\":[{\"@type\":\"ListItem\",\"@id\":\"https:\\\/\\\/eldigitaldeasturias.com\\\/magazine365#listItem\",\"position\":1,\"name\":\"Home\",\"item\":\"https:\\\/\\\/eldigitaldeasturias.com\\\/magazine365\",\"nextItem\":{\"@type\":\"ListItem\",\"@id\":\"https:\\\/\\\/eldigitaldeasturias.com\\\/magazine365\\\/category\\\/noticias-actualidad\\\/#listItem\",\"name\":\"Noticias y Actualidad\"}},{\"@type\":\"ListItem\",\"@id\":\"https:\\\/\\\/eldigitaldeasturias.com\\\/magazine365\\\/category\\\/noticias-actualidad\\\/#listItem\",\"position\":2,\"name\":\"Noticias y Actualidad\",\"item\":\"https:\\\/\\\/eldigitaldeasturias.com\\\/magazine365\\\/category\\\/noticias-actualidad\\\/\",\"nextItem\":{\"@type\":\"ListItem\",\"@id\":\"https:\\\/\\\/eldigitaldeasturias.com\\\/magazine365\\\/silvio-rodriguez-recibe-en-cuba-premio-del-festival-barnasants-de-barcelona\\\/#listItem\",\"name\":\"Silvio Rodr\\u00edguez recibe en Cuba premio del Festival BarnaSants de Barcelona\"},\"previousItem\":{\"@type\":\"ListItem\",\"@id\":\"https:\\\/\\\/eldigitaldeasturias.com\\\/magazine365#listItem\",\"name\":\"Home\"}},{\"@type\":\"ListItem\",\"@id\":\"https:\\\/\\\/eldigitaldeasturias.com\\\/magazine365\\\/silvio-rodriguez-recibe-en-cuba-premio-del-festival-barnasants-de-barcelona\\\/#listItem\",\"position\":3,\"name\":\"Silvio Rodr\\u00edguez recibe en Cuba premio del Festival BarnaSants de Barcelona\",\"previousItem\":{\"@type\":\"ListItem\",\"@id\":\"https:\\\/\\\/eldigitaldeasturias.com\\\/magazine365\\\/category\\\/noticias-actualidad\\\/#listItem\",\"name\":\"Noticias y Actualidad\"}}]},{\"@type\":\"Organization\",\"@id\":\"https:\\\/\\\/eldigitaldeasturias.com\\\/magazine365\\\/#organization\",\"name\":\"El digital de Asturias\",\"description\":\"Revista de ocio, turismo y estilo de vida\",\"url\":\"https:\\\/\\\/eldigitaldeasturias.com\\\/magazine365\\\/\",\"logo\":{\"@type\":\"ImageObject\",\"url\":\"https:\\\/\\\/www.eldigitaldeasturias.com\\\/noticias\\\/wp-content\\\/uploads\\\/2020\\\/12\\\/EDA.jpg\",\"@id\":\"https:\\\/\\\/eldigitaldeasturias.com\\\/magazine365\\\/silvio-rodriguez-recibe-en-cuba-premio-del-festival-barnasants-de-barcelona\\\/#organizationLogo\"},\"image\":{\"@id\":\"https:\\\/\\\/eldigitaldeasturias.com\\\/magazine365\\\/silvio-rodriguez-recibe-en-cuba-premio-del-festival-barnasants-de-barcelona\\\/#organizationLogo\"}},{\"@type\":\"Person\",\"@id\":\"https:\\\/\\\/eldigitaldeasturias.com\\\/magazine365\\\/author\\\/admin\\\/#author\",\"url\":\"https:\\\/\\\/eldigitaldeasturias.com\\\/magazine365\\\/author\\\/admin\\\/\",\"name\":\"admin\",\"image\":{\"@type\":\"ImageObject\",\"@id\":\"https:\\\/\\\/eldigitaldeasturias.com\\\/magazine365\\\/silvio-rodriguez-recibe-en-cuba-premio-del-festival-barnasants-de-barcelona\\\/#authorImage\",\"url\":\"https:\\\/\\\/eldigitaldeasturias.com\\\/magazine365\\\/wp-content\\\/litespeed\\\/avatar\\\/e571bcf59a0edd6fa6838245a470f2fe.jpg?ver=1776969259\",\"width\":96,\"height\":96,\"caption\":\"admin\"}},{\"@type\":\"WebPage\",\"@id\":\"https:\\\/\\\/eldigitaldeasturias.com\\\/magazine365\\\/silvio-rodriguez-recibe-en-cuba-premio-del-festival-barnasants-de-barcelona\\\/#webpage\",\"url\":\"https:\\\/\\\/eldigitaldeasturias.com\\\/magazine365\\\/silvio-rodriguez-recibe-en-cuba-premio-del-festival-barnasants-de-barcelona\\\/\",\"name\":\"Silvio Rodr\\u00edguez recibe en Cuba premio del Festival BarnaSants de Barcelona | El Digital de Asturias\",\"description\":\"La Habana, 22 may (EFE).- El cantautor cubano Silvio Rodr\\u00edguez recibi\\u00f3 en La Habana el galard\\u00f3n a la Trayectoria Art\\u00edstica de la 19 edici\\u00f3n del Festival de Canci\\u00f3n de Autor BarnaSants 2014, celebrado en la ciudad de Barcelona, inform\\u00f3 esta noche la televisi\\u00f3n estatal. El reconocimiento fue entregado al m\\u00fasico cubano por el director del\",\"inLanguage\":\"es-ES\",\"isPartOf\":{\"@id\":\"https:\\\/\\\/eldigitaldeasturias.com\\\/magazine365\\\/#website\"},\"breadcrumb\":{\"@id\":\"https:\\\/\\\/eldigitaldeasturias.com\\\/magazine365\\\/silvio-rodriguez-recibe-en-cuba-premio-del-festival-barnasants-de-barcelona\\\/#breadcrumblist\"},\"author\":{\"@id\":\"https:\\\/\\\/eldigitaldeasturias.com\\\/magazine365\\\/author\\\/admin\\\/#author\"},\"creator\":{\"@id\":\"https:\\\/\\\/eldigitaldeasturias.com\\\/magazine365\\\/author\\\/admin\\\/#author\"},\"image\":{\"@type\":\"ImageObject\",\"url\":\"https:\\\/\\\/eldigitaldeasturias.com\\\/magazine365\\\/wp-content\\\/uploads\\\/2014\\\/05\\\/6286842w.jpg\",\"@id\":\"https:\\\/\\\/eldigitaldeasturias.com\\\/magazine365\\\/silvio-rodriguez-recibe-en-cuba-premio-del-festival-barnasants-de-barcelona\\\/#mainImage\",\"width\":800,\"height\":533},\"primaryImageOfPage\":{\"@id\":\"https:\\\/\\\/eldigitaldeasturias.com\\\/magazine365\\\/silvio-rodriguez-recibe-en-cuba-premio-del-festival-barnasants-de-barcelona\\\/#mainImage\"},\"datePublished\":\"2014-05-22T21:02:31+02:00\",\"dateModified\":\"2014-05-22T21:02:31+02:00\"},{\"@type\":\"WebSite\",\"@id\":\"https:\\\/\\\/eldigitaldeasturias.com\\\/magazine365\\\/#website\",\"url\":\"https:\\\/\\\/eldigitaldeasturias.com\\\/magazine365\\\/\",\"name\":\"El Digital de Asturias\",\"description\":\"Revista de ocio, turismo y estilo de vida\",\"inLanguage\":\"es-ES\",\"publisher\":{\"@id\":\"https:\\\/\\\/eldigitaldeasturias.com\\\/magazine365\\\/#organization\"}}]}\n\t\t<\/script>\n\t\t<!-- All in One SEO Pro -->\r\n\t\t<title>Silvio Rodr\u00edguez recibe en Cuba premio del Festival BarnaSants de Barcelona | El Digital de Asturias<\/title>\n\n","aioseo_head_json":{"title":"Silvio Rodr\u00edguez recibe en Cuba premio del Festival BarnaSants de Barcelona | El Digital de Asturias","description":"La Habana, 22 may (EFE).- El cantautor cubano Silvio Rodr\u00edguez recibi\u00f3 en La Habana el galard\u00f3n a la Trayectoria Art\u00edstica de la 19 edici\u00f3n del Festival de Canci\u00f3n de Autor BarnaSants 2014, celebrado en la ciudad de Barcelona, inform\u00f3 esta noche la televisi\u00f3n estatal. El reconocimiento fue entregado al m\u00fasico cubano por el director del","canonical_url":"https:\/\/eldigitaldeasturias.com\/magazine365\/silvio-rodriguez-recibe-en-cuba-premio-del-festival-barnasants-de-barcelona\/","robots":"max-image-preview:large","keywords":"noticias y actualidad","webmasterTools":{"google-site-verification":"UA-38556648-1","miscellaneous":""},"schema":{"@context":"https:\/\/schema.org","@graph":[{"@type":"Article","@id":"https:\/\/eldigitaldeasturias.com\/magazine365\/silvio-rodriguez-recibe-en-cuba-premio-del-festival-barnasants-de-barcelona\/#article","name":"Silvio Rodr\u00edguez recibe en Cuba premio del Festival BarnaSants de Barcelona | El Digital de Asturias","headline":"Silvio Rodr\u00edguez recibe en Cuba premio del Festival BarnaSants de Barcelona","author":{"@id":"https:\/\/eldigitaldeasturias.com\/magazine365\/author\/admin\/#author"},"publisher":{"@id":"https:\/\/eldigitaldeasturias.com\/magazine365\/#organization"},"image":{"@type":"ImageObject","url":"https:\/\/eldigitaldeasturias.com\/magazine365\/wp-content\/uploads\/2014\/05\/6286842w.jpg","width":800,"height":533},"datePublished":"2014-05-22T21:02:31+02:00","dateModified":"2014-05-22T21:02:31+02:00","inLanguage":"es-ES","mainEntityOfPage":{"@id":"https:\/\/eldigitaldeasturias.com\/magazine365\/silvio-rodriguez-recibe-en-cuba-premio-del-festival-barnasants-de-barcelona\/#webpage"},"isPartOf":{"@id":"https:\/\/eldigitaldeasturias.com\/magazine365\/silvio-rodriguez-recibe-en-cuba-premio-del-festival-barnasants-de-barcelona\/#webpage"},"articleSection":"Noticias y Actualidad"},{"@type":"BreadcrumbList","@id":"https:\/\/eldigitaldeasturias.com\/magazine365\/silvio-rodriguez-recibe-en-cuba-premio-del-festival-barnasants-de-barcelona\/#breadcrumblist","itemListElement":[{"@type":"ListItem","@id":"https:\/\/eldigitaldeasturias.com\/magazine365#listItem","position":1,"name":"Home","item":"https:\/\/eldigitaldeasturias.com\/magazine365","nextItem":{"@type":"ListItem","@id":"https:\/\/eldigitaldeasturias.com\/magazine365\/category\/noticias-actualidad\/#listItem","name":"Noticias y Actualidad"}},{"@type":"ListItem","@id":"https:\/\/eldigitaldeasturias.com\/magazine365\/category\/noticias-actualidad\/#listItem","position":2,"name":"Noticias y Actualidad","item":"https:\/\/eldigitaldeasturias.com\/magazine365\/category\/noticias-actualidad\/","nextItem":{"@type":"ListItem","@id":"https:\/\/eldigitaldeasturias.com\/magazine365\/silvio-rodriguez-recibe-en-cuba-premio-del-festival-barnasants-de-barcelona\/#listItem","name":"Silvio Rodr\u00edguez recibe en Cuba premio del Festival BarnaSants de Barcelona"},"previousItem":{"@type":"ListItem","@id":"https:\/\/eldigitaldeasturias.com\/magazine365#listItem","name":"Home"}},{"@type":"ListItem","@id":"https:\/\/eldigitaldeasturias.com\/magazine365\/silvio-rodriguez-recibe-en-cuba-premio-del-festival-barnasants-de-barcelona\/#listItem","position":3,"name":"Silvio Rodr\u00edguez recibe en Cuba premio del Festival BarnaSants de Barcelona","previousItem":{"@type":"ListItem","@id":"https:\/\/eldigitaldeasturias.com\/magazine365\/category\/noticias-actualidad\/#listItem","name":"Noticias y Actualidad"}}]},{"@type":"Organization","@id":"https:\/\/eldigitaldeasturias.com\/magazine365\/#organization","name":"El digital de Asturias","description":"Revista de ocio, turismo y estilo de vida","url":"https:\/\/eldigitaldeasturias.com\/magazine365\/","logo":{"@type":"ImageObject","url":"https:\/\/www.eldigitaldeasturias.com\/noticias\/wp-content\/uploads\/2020\/12\/EDA.jpg","@id":"https:\/\/eldigitaldeasturias.com\/magazine365\/silvio-rodriguez-recibe-en-cuba-premio-del-festival-barnasants-de-barcelona\/#organizationLogo"},"image":{"@id":"https:\/\/eldigitaldeasturias.com\/magazine365\/silvio-rodriguez-recibe-en-cuba-premio-del-festival-barnasants-de-barcelona\/#organizationLogo"}},{"@type":"Person","@id":"https:\/\/eldigitaldeasturias.com\/magazine365\/author\/admin\/#author","url":"https:\/\/eldigitaldeasturias.com\/magazine365\/author\/admin\/","name":"admin","image":{"@type":"ImageObject","@id":"https:\/\/eldigitaldeasturias.com\/magazine365\/silvio-rodriguez-recibe-en-cuba-premio-del-festival-barnasants-de-barcelona\/#authorImage","url":"https:\/\/eldigitaldeasturias.com\/magazine365\/wp-content\/litespeed\/avatar\/e571bcf59a0edd6fa6838245a470f2fe.jpg?ver=1776969259","width":96,"height":96,"caption":"admin"}},{"@type":"WebPage","@id":"https:\/\/eldigitaldeasturias.com\/magazine365\/silvio-rodriguez-recibe-en-cuba-premio-del-festival-barnasants-de-barcelona\/#webpage","url":"https:\/\/eldigitaldeasturias.com\/magazine365\/silvio-rodriguez-recibe-en-cuba-premio-del-festival-barnasants-de-barcelona\/","name":"Silvio Rodr\u00edguez recibe en Cuba premio del Festival BarnaSants de Barcelona | El Digital de Asturias","description":"La Habana, 22 may (EFE).- El cantautor cubano Silvio Rodr\u00edguez recibi\u00f3 en La Habana el galard\u00f3n a la Trayectoria Art\u00edstica de la 19 edici\u00f3n del Festival de Canci\u00f3n de Autor BarnaSants 2014, celebrado en la ciudad de Barcelona, inform\u00f3 esta noche la televisi\u00f3n estatal. El reconocimiento fue entregado al m\u00fasico cubano por el director del","inLanguage":"es-ES","isPartOf":{"@id":"https:\/\/eldigitaldeasturias.com\/magazine365\/#website"},"breadcrumb":{"@id":"https:\/\/eldigitaldeasturias.com\/magazine365\/silvio-rodriguez-recibe-en-cuba-premio-del-festival-barnasants-de-barcelona\/#breadcrumblist"},"author":{"@id":"https:\/\/eldigitaldeasturias.com\/magazine365\/author\/admin\/#author"},"creator":{"@id":"https:\/\/eldigitaldeasturias.com\/magazine365\/author\/admin\/#author"},"image":{"@type":"ImageObject","url":"https:\/\/eldigitaldeasturias.com\/magazine365\/wp-content\/uploads\/2014\/05\/6286842w.jpg","@id":"https:\/\/eldigitaldeasturias.com\/magazine365\/silvio-rodriguez-recibe-en-cuba-premio-del-festival-barnasants-de-barcelona\/#mainImage","width":800,"height":533},"primaryImageOfPage":{"@id":"https:\/\/eldigitaldeasturias.com\/magazine365\/silvio-rodriguez-recibe-en-cuba-premio-del-festival-barnasants-de-barcelona\/#mainImage"},"datePublished":"2014-05-22T21:02:31+02:00","dateModified":"2014-05-22T21:02:31+02:00"},{"@type":"WebSite","@id":"https:\/\/eldigitaldeasturias.com\/magazine365\/#website","url":"https:\/\/eldigitaldeasturias.com\/magazine365\/","name":"El Digital de Asturias","description":"Revista de ocio, turismo y estilo de vida","inLanguage":"es-ES","publisher":{"@id":"https:\/\/eldigitaldeasturias.com\/magazine365\/#organization"}}]},"og:locale":"es_ES","og:site_name":"El Digital de Asturias \u2013 Revista de ocio, turismo y estilo de vida","og:type":"article","og:title":"Silvio Rodr\u00edguez recibe en Cuba premio del Festival BarnaSants de Barcelona | El Digital de Asturias","og:description":"La Habana, 22 may (EFE).- El cantautor cubano Silvio Rodr\u00edguez recibi\u00f3 en La Habana el galard\u00f3n a la Trayectoria Art\u00edstica de la 19 edici\u00f3n del Festival de Canci\u00f3n de Autor BarnaSants 2014, celebrado en la ciudad de Barcelona, inform\u00f3 esta noche la televisi\u00f3n estatal. El reconocimiento fue entregado al m\u00fasico cubano por el director del","og:url":"https:\/\/eldigitaldeasturias.com\/magazine365\/silvio-rodriguez-recibe-en-cuba-premio-del-festival-barnasants-de-barcelona\/","og:image":"https:\/\/eldigitaldeasturias.com\/magazine365\/wp-content\/uploads\/2014\/05\/6286842w.jpg","og:image:secure_url":"https:\/\/eldigitaldeasturias.com\/magazine365\/wp-content\/uploads\/2014\/05\/6286842w.jpg","og:image:width":800,"og:image:height":533,"article:published_time":"2014-05-22T23:02:31+00:00","article:modified_time":"2014-05-22T23:02:31+00:00","twitter:card":"summary_large_image","twitter:title":"Silvio Rodr\u00edguez recibe en Cuba premio del Festival BarnaSants de Barcelona | El Digital de Asturias","twitter:description":"La Habana, 22 may (EFE).- El cantautor cubano Silvio Rodr\u00edguez recibi\u00f3 en La Habana el galard\u00f3n a la Trayectoria Art\u00edstica de la 19 edici\u00f3n del Festival de Canci\u00f3n de Autor BarnaSants 2014, celebrado en la ciudad de Barcelona, inform\u00f3 esta noche la televisi\u00f3n estatal. El reconocimiento fue entregado al m\u00fasico cubano por el director del","twitter:image":"https:\/\/eldigitaldeasturias.com\/magazine365\/wp-content\/uploads\/2014\/05\/6286842w.jpg"},"aioseo_meta_data":{"post_id":"13584","title":null,"description":null,"keywords":null,"keyphrases":null,"primary_term":null,"canonical_url":null,"og_title":null,"og_description":null,"og_object_type":"default","og_image_type":"default","og_image_url":null,"og_image_width":null,"og_image_height":null,"og_image_custom_url":null,"og_image_custom_fields":null,"og_video":null,"og_custom_url":null,"og_article_section":null,"og_article_tags":null,"twitter_use_og":false,"twitter_card":"default","twitter_image_type":"default","twitter_image_url":null,"twitter_image_custom_url":null,"twitter_image_custom_fields":null,"twitter_title":null,"twitter_description":null,"schema":{"blockGraphs":[],"customGraphs":[],"default":{"data":{"Article":[],"Course":[],"Dataset":[],"FAQPage":[],"Movie":[],"Person":[],"Product":[],"ProductReview":[],"Car":[],"Recipe":[],"Service":[],"SoftwareApplication":[],"WebPage":[]},"graphName":"","isEnabled":true},"graphs":[]},"schema_type":null,"schema_type_options":null,"pillar_content":false,"robots_default":true,"robots_noindex":false,"robots_noarchive":false,"robots_nosnippet":false,"robots_nofollow":false,"robots_noimageindex":false,"robots_noodp":false,"robots_notranslate":false,"robots_max_snippet":null,"robots_max_videopreview":null,"robots_max_imagepreview":"large","priority":null,"frequency":null,"location":null,"local_seo":null,"seo_analyzer_scan_date":"2025-09-17 08:33:08","breadcrumb_settings":null,"limit_modified_date":false,"open_ai":null,"ai":null,"created":"2021-03-09 08:26:54","updated":"2025-09-17 08:33:08"},"aioseo_breadcrumb":"<div class=\"aioseo-breadcrumbs\"><span class=\"aioseo-breadcrumb\">\n\t<a href=\"https:\/\/eldigitaldeasturias.com\/magazine365\" title=\"Home\">Home<\/a>\n<\/span><span class=\"aioseo-breadcrumb-separator\">\u2013<\/span><span class=\"aioseo-breadcrumb\">\n\t<a href=\"https:\/\/eldigitaldeasturias.com\/magazine365\/category\/noticias-actualidad\/\" title=\"Noticias y Actualidad\">Noticias y Actualidad<\/a>\n<\/span><span class=\"aioseo-breadcrumb-separator\">\u2013<\/span><span class=\"aioseo-breadcrumb\">\n\t<a href=\"https:\/\/eldigitaldeasturias.com\/magazine365\/silvio-rodriguez-recibe-en-cuba-premio-del-festival-barnasants-de-barcelona\/\" title=\"Silvio Rodr\u00edguez recibe en Cuba premio del Festival BarnaSants de Barcelona\">Silvio Rodr\u00edguez recibe en Cuba premio del Festival BarnaSants de Barcelona<\/a>\n<\/span><\/div>","aioseo_breadcrumb_json":[{"label":"Home","link":"https:\/\/eldigitaldeasturias.com\/magazine365"},{"label":"Noticias y Actualidad","link":"https:\/\/eldigitaldeasturias.com\/magazine365\/category\/noticias-actualidad\/"},{"label":"Silvio Rodr\u00edguez recibe en Cuba premio del Festival BarnaSants de Barcelona","link":"https:\/\/eldigitaldeasturias.com\/magazine365\/silvio-rodriguez-recibe-en-cuba-premio-del-festival-barnasants-de-barcelona\/"}],"_links":{"self":[{"href":"https:\/\/eldigitaldeasturias.com\/magazine365\/wp-json\/wp\/v2\/posts\/13584","targetHints":{"allow":["GET"]}}],"collection":[{"href":"https:\/\/eldigitaldeasturias.com\/magazine365\/wp-json\/wp\/v2\/posts"}],"about":[{"href":"https:\/\/eldigitaldeasturias.com\/magazine365\/wp-json\/wp\/v2\/types\/post"}],"author":[{"embeddable":true,"href":"https:\/\/eldigitaldeasturias.com\/magazine365\/wp-json\/wp\/v2\/users\/1"}],"replies":[{"embeddable":true,"href":"https:\/\/eldigitaldeasturias.com\/magazine365\/wp-json\/wp\/v2\/comments?post=13584"}],"version-history":[{"count":0,"href":"https:\/\/eldigitaldeasturias.com\/magazine365\/wp-json\/wp\/v2\/posts\/13584\/revisions"}],"wp:featuredmedia":[{"embeddable":true,"href":"https:\/\/eldigitaldeasturias.com\/magazine365\/wp-json\/wp\/v2\/media\/13585"}],"wp:attachment":[{"href":"https:\/\/eldigitaldeasturias.com\/magazine365\/wp-json\/wp\/v2\/media?parent=13584"}],"wp:term":[{"taxonomy":"category","embeddable":true,"href":"https:\/\/eldigitaldeasturias.com\/magazine365\/wp-json\/wp\/v2\/categories?post=13584"},{"taxonomy":"post_tag","embeddable":true,"href":"https:\/\/eldigitaldeasturias.com\/magazine365\/wp-json\/wp\/v2\/tags?post=13584"}],"curies":[{"name":"wp","href":"https:\/\/api.w.org\/{rel}","templated":true}]}}