{"id":13580,"date":"2014-05-22T21:00:03","date_gmt":"2014-05-22T23:00:03","guid":{"rendered":"http:\/\/eldigitaldeasturias.com\/magazine365\/?p=13580"},"modified":"2014-05-22T21:00:03","modified_gmt":"2014-05-22T23:00:03","slug":"el-principe-carlos-y-camila-concluyen-su-visita-oficial-a-canada","status":"publish","type":"post","link":"https:\/\/eldigitaldeasturias.com\/magazine365\/el-principe-carlos-y-camila-concluyen-su-visita-oficial-a-canada\/","title":{"rendered":"El pr\u00edncipe Carlos y Camila concluyen su visita oficial a Canad\u00e1"},"content":{"rendered":"<p><img fetchpriority=\"high\" decoding=\"async\" class=\"alignleft size-medium wp-image-13582\" alt=\"6286869w\" src=\"https:\/\/eldigitaldeasturias.com\/magazine365\/wp-content\/uploads\/2014\/05\/6286869w-360x265.jpg\" width=\"360\" height=\"265\" srcset=\"https:\/\/eldigitaldeasturias.com\/magazine365\/wp-content\/uploads\/2014\/05\/6286869w-360x265.jpg 360w, https:\/\/eldigitaldeasturias.com\/magazine365\/wp-content\/uploads\/2014\/05\/6286869w-650x479.jpg 650w, https:\/\/eldigitaldeasturias.com\/magazine365\/wp-content\/uploads\/2014\/05\/6286869w-768x565.jpg 768w, https:\/\/eldigitaldeasturias.com\/magazine365\/wp-content\/uploads\/2014\/05\/6286869w-150x110.jpg 150w, https:\/\/eldigitaldeasturias.com\/magazine365\/wp-content\/uploads\/2014\/05\/6286869w-450x331.jpg 450w, https:\/\/eldigitaldeasturias.com\/magazine365\/wp-content\/uploads\/2014\/05\/6286869w-80x60.jpg 80w, https:\/\/eldigitaldeasturias.com\/magazine365\/wp-content\/uploads\/2014\/05\/6286869w-696x512.jpg 696w, https:\/\/eldigitaldeasturias.com\/magazine365\/wp-content\/uploads\/2014\/05\/6286869w-570x420.jpg 570w, https:\/\/eldigitaldeasturias.com\/magazine365\/wp-content\/uploads\/2014\/05\/6286869w-338x250.jpg 338w, https:\/\/eldigitaldeasturias.com\/magazine365\/wp-content\/uploads\/2014\/05\/6286869w-90x67.jpg 90w, https:\/\/eldigitaldeasturias.com\/magazine365\/wp-content\/uploads\/2014\/05\/6286869w-100x75.jpg 100w, https:\/\/eldigitaldeasturias.com\/magazine365\/wp-content\/uploads\/2014\/05\/6286869w.jpg 800w\" sizes=\"(max-width: 360px) 100vw, 360px\" \/>Toronto (Canad\u00e1), 22 may (EFE).- El pr\u00edncipe Carlos de Inglaterra y su esposa, Camila, concluyeron hoy en la localidad de Winnipeg una visita oficial de tres d\u00edas a Canad\u00e1 en la que el que ser\u00e1 tambi\u00e9n futuro rey del pa\u00eds norteamericano visit\u00f3 tres de las 10 provincias.<\/p>\n<p>Aunque la visita ha discurrido sin incidentes, con actos en los que el pr\u00edncipe Carlos y Camila se han mezclado con centenares de canadienses, los dos \u00faltimos d\u00edas han estado dominados por una supuesta conversaci\u00f3n que el hijo de la monarca brit\u00e1nica mantuvo el lunes en la localidad de Halifax.<\/p>\n<p>Seg\u00fan la prensa brit\u00e1nica que ha acompa\u00f1ado a Carlos y Camila en Canad\u00e1, el pr\u00edncipe de Gales compar\u00f3 al presidente ruso, Vladimir Putin, con Hitler durante una conversaci\u00f3n con una canadiense que perdi\u00f3 a familiares en el Holocausto.<\/p>\n<p>La supuesta conversaci\u00f3n del pr\u00edncipe Carlos ha provocado una peque\u00f1a tormenta diplom\u00e1tica que ha puesto en una posici\u00f3n inc\u00f3moda al Gobierno canadiense.<\/p>\n<p>Jason MacDonald, el portavoz del primer ministro canadiense, Stephen Harper, dijo hoy: \u00abfue una conversaci\u00f3n privada a la que no tuvimos acceso. Por ello, no estamos en posici\u00f3n de comentar sobre las palabras\u00bb.<\/p>\n<p>MacDonald aprovech\u00f3 para recordar la posici\u00f3n de Canad\u00e1 ante la crisis en Ucrania.<\/p>\n<p>\u00abHemos sido muy claros en que la ocupaci\u00f3n ilegal de Ucrania por parte del r\u00e9gimen de Putin y su persistente agresi\u00f3n militar son un regreso a las t\u00e1cticas sovi\u00e9ticas y no pueden ser toleradas\u00bb, indic\u00f3 MacDonald.<\/p>\n<p>En Winnipeg, el pr\u00edncipe Carlos visit\u00f3 el Zool\u00f3gico de la localidad, donde se encuentra el Centro de Conservaci\u00f3n del Oso Polar, mientras Camila acudi\u00f3 al Ballet Real de Winnipeg.<\/p>\n<p>Antes de viajar hoy a Winnipeg, capital de la provincia de Manitoba, el pr\u00edncipe Carlos y Camila visitaron las provincias de Nueva Escocia y la Isla del Pr\u00edncipe Eduardo, en la costa atl\u00e1ntica de Canad\u00e1.<\/p>\n<p>El pr\u00edncipe Carlos es potencialmente el pr\u00f3ximo Jefe de Estado de Canad\u00e1, un pa\u00eds regido por una monarqu\u00eda parlamentaria en la que el monarca brit\u00e1nico es representado por el Gobernador General, que ejerce efectivamente las funciones de la jefatura de Estado.<\/p>\n","protected":false},"excerpt":{"rendered":"<p>Toronto (Canad\u00e1), 22 may (EFE).- El pr\u00edncipe Carlos de Inglaterra y su esposa, Camila, concluyeron hoy en la localidad de Winnipeg una visita oficial de tres d\u00edas a Canad\u00e1 en la que el que ser\u00e1 tambi\u00e9n futuro rey del pa\u00eds norteamericano visit\u00f3 tres de las 10 provincias. Aunque la visita ha discurrido sin incidentes, con<\/p>\n","protected":false},"author":1,"featured_media":13582,"comment_status":"open","ping_status":"closed","sticky":false,"template":"","format":"standard","meta":{"footnotes":""},"categories":[224],"tags":[],"class_list":{"0":"post-13580","1":"post","2":"type-post","3":"status-publish","4":"format-standard","5":"has-post-thumbnail","7":"category-noticias-actualidad"},"aioseo_notices":[],"aioseo_head":"\n\t\t<!-- All in One SEO Pro 4.9.6.1 - aioseo.com -->\n\t<meta name=\"description\" content=\"Toronto (Canad\u00e1), 22 may (EFE).- El pr\u00edncipe Carlos de Inglaterra y su esposa, Camila, concluyeron hoy en la localidad de Winnipeg una visita oficial de tres d\u00edas a Canad\u00e1 en la que el que ser\u00e1 tambi\u00e9n futuro rey del pa\u00eds norteamericano visit\u00f3 tres de las 10 provincias. Aunque la visita ha discurrido sin incidentes, con\" \/>\n\t<meta name=\"robots\" content=\"max-image-preview:large\" \/>\n\t<meta name=\"author\" content=\"admin\"\/>\n\t<meta name=\"google-site-verification\" content=\"UA-38556648-1\" \/>\n\t<meta name=\"keywords\" content=\"noticias y actualidad\" \/>\n\t<link rel=\"canonical\" href=\"https:\/\/eldigitaldeasturias.com\/magazine365\/el-principe-carlos-y-camila-concluyen-su-visita-oficial-a-canada\/\" \/>\n\t<meta name=\"generator\" content=\"All in One SEO Pro (AIOSEO) 4.9.6.1\" \/>\n\t\t<meta property=\"og:locale\" content=\"es_ES\" \/>\n\t\t<meta property=\"og:site_name\" content=\"El Digital de Asturias \u2013 Revista de ocio, turismo y estilo de vida\" \/>\n\t\t<meta property=\"og:type\" content=\"article\" \/>\n\t\t<meta property=\"og:title\" content=\"El pr\u00edncipe Carlos y Camila concluyen su visita oficial a Canad\u00e1 | El Digital de Asturias\" \/>\n\t\t<meta property=\"og:description\" content=\"Toronto (Canad\u00e1), 22 may (EFE).- El pr\u00edncipe Carlos de Inglaterra y su esposa, Camila, concluyeron hoy en la localidad de Winnipeg una visita oficial de tres d\u00edas a Canad\u00e1 en la que el que ser\u00e1 tambi\u00e9n futuro rey del pa\u00eds norteamericano visit\u00f3 tres de las 10 provincias. Aunque la visita ha discurrido sin incidentes, con\" \/>\n\t\t<meta property=\"og:url\" content=\"https:\/\/eldigitaldeasturias.com\/magazine365\/el-principe-carlos-y-camila-concluyen-su-visita-oficial-a-canada\/\" \/>\n\t\t<meta property=\"og:image\" content=\"https:\/\/eldigitaldeasturias.com\/magazine365\/wp-content\/uploads\/2014\/05\/6286869w.jpg\" \/>\n\t\t<meta property=\"og:image:secure_url\" content=\"https:\/\/eldigitaldeasturias.com\/magazine365\/wp-content\/uploads\/2014\/05\/6286869w.jpg\" \/>\n\t\t<meta property=\"og:image:width\" content=\"800\" \/>\n\t\t<meta property=\"og:image:height\" content=\"589\" \/>\n\t\t<meta property=\"article:published_time\" content=\"2014-05-22T23:00:03+00:00\" \/>\n\t\t<meta property=\"article:modified_time\" content=\"2014-05-22T23:00:03+00:00\" \/>\n\t\t<meta name=\"twitter:card\" content=\"summary_large_image\" \/>\n\t\t<meta name=\"twitter:title\" content=\"El pr\u00edncipe Carlos y Camila concluyen su visita oficial a Canad\u00e1 | El Digital de Asturias\" \/>\n\t\t<meta name=\"twitter:description\" content=\"Toronto (Canad\u00e1), 22 may (EFE).- El pr\u00edncipe Carlos de Inglaterra y su esposa, Camila, concluyeron hoy en la localidad de Winnipeg una visita oficial de tres d\u00edas a Canad\u00e1 en la que el que ser\u00e1 tambi\u00e9n futuro rey del pa\u00eds norteamericano visit\u00f3 tres de las 10 provincias. Aunque la visita ha discurrido sin incidentes, con\" \/>\n\t\t<meta name=\"twitter:image\" content=\"https:\/\/eldigitaldeasturias.com\/magazine365\/wp-content\/uploads\/2014\/05\/6286869w.jpg\" \/>\n\t\t<script type=\"application\/ld+json\" class=\"aioseo-schema\">\n\t\t\t{\"@context\":\"https:\\\/\\\/schema.org\",\"@graph\":[{\"@type\":\"Article\",\"@id\":\"https:\\\/\\\/eldigitaldeasturias.com\\\/magazine365\\\/el-principe-carlos-y-camila-concluyen-su-visita-oficial-a-canada\\\/#article\",\"name\":\"El pr\\u00edncipe Carlos y Camila concluyen su visita oficial a Canad\\u00e1 | El Digital de Asturias\",\"headline\":\"El pr\\u00edncipe Carlos y Camila concluyen su visita oficial a Canad\\u00e1\",\"author\":{\"@id\":\"https:\\\/\\\/eldigitaldeasturias.com\\\/magazine365\\\/author\\\/admin\\\/#author\"},\"publisher\":{\"@id\":\"https:\\\/\\\/eldigitaldeasturias.com\\\/magazine365\\\/#organization\"},\"image\":{\"@type\":\"ImageObject\",\"url\":\"https:\\\/\\\/eldigitaldeasturias.com\\\/magazine365\\\/wp-content\\\/uploads\\\/2014\\\/05\\\/6286869w.jpg\",\"width\":800,\"height\":589},\"datePublished\":\"2014-05-22T21:00:03+02:00\",\"dateModified\":\"2014-05-22T21:00:03+02:00\",\"inLanguage\":\"es-ES\",\"mainEntityOfPage\":{\"@id\":\"https:\\\/\\\/eldigitaldeasturias.com\\\/magazine365\\\/el-principe-carlos-y-camila-concluyen-su-visita-oficial-a-canada\\\/#webpage\"},\"isPartOf\":{\"@id\":\"https:\\\/\\\/eldigitaldeasturias.com\\\/magazine365\\\/el-principe-carlos-y-camila-concluyen-su-visita-oficial-a-canada\\\/#webpage\"},\"articleSection\":\"Noticias y Actualidad\"},{\"@type\":\"BreadcrumbList\",\"@id\":\"https:\\\/\\\/eldigitaldeasturias.com\\\/magazine365\\\/el-principe-carlos-y-camila-concluyen-su-visita-oficial-a-canada\\\/#breadcrumblist\",\"itemListElement\":[{\"@type\":\"ListItem\",\"@id\":\"https:\\\/\\\/eldigitaldeasturias.com\\\/magazine365#listItem\",\"position\":1,\"name\":\"Home\",\"item\":\"https:\\\/\\\/eldigitaldeasturias.com\\\/magazine365\",\"nextItem\":{\"@type\":\"ListItem\",\"@id\":\"https:\\\/\\\/eldigitaldeasturias.com\\\/magazine365\\\/category\\\/noticias-actualidad\\\/#listItem\",\"name\":\"Noticias y Actualidad\"}},{\"@type\":\"ListItem\",\"@id\":\"https:\\\/\\\/eldigitaldeasturias.com\\\/magazine365\\\/category\\\/noticias-actualidad\\\/#listItem\",\"position\":2,\"name\":\"Noticias y Actualidad\",\"item\":\"https:\\\/\\\/eldigitaldeasturias.com\\\/magazine365\\\/category\\\/noticias-actualidad\\\/\",\"nextItem\":{\"@type\":\"ListItem\",\"@id\":\"https:\\\/\\\/eldigitaldeasturias.com\\\/magazine365\\\/el-principe-carlos-y-camila-concluyen-su-visita-oficial-a-canada\\\/#listItem\",\"name\":\"El pr\\u00edncipe Carlos y Camila concluyen su visita oficial a Canad\\u00e1\"},\"previousItem\":{\"@type\":\"ListItem\",\"@id\":\"https:\\\/\\\/eldigitaldeasturias.com\\\/magazine365#listItem\",\"name\":\"Home\"}},{\"@type\":\"ListItem\",\"@id\":\"https:\\\/\\\/eldigitaldeasturias.com\\\/magazine365\\\/el-principe-carlos-y-camila-concluyen-su-visita-oficial-a-canada\\\/#listItem\",\"position\":3,\"name\":\"El pr\\u00edncipe Carlos y Camila concluyen su visita oficial a Canad\\u00e1\",\"previousItem\":{\"@type\":\"ListItem\",\"@id\":\"https:\\\/\\\/eldigitaldeasturias.com\\\/magazine365\\\/category\\\/noticias-actualidad\\\/#listItem\",\"name\":\"Noticias y Actualidad\"}}]},{\"@type\":\"Organization\",\"@id\":\"https:\\\/\\\/eldigitaldeasturias.com\\\/magazine365\\\/#organization\",\"name\":\"El digital de Asturias\",\"description\":\"Revista de ocio, turismo y estilo de vida\",\"url\":\"https:\\\/\\\/eldigitaldeasturias.com\\\/magazine365\\\/\",\"logo\":{\"@type\":\"ImageObject\",\"url\":\"https:\\\/\\\/www.eldigitaldeasturias.com\\\/noticias\\\/wp-content\\\/uploads\\\/2020\\\/12\\\/EDA.jpg\",\"@id\":\"https:\\\/\\\/eldigitaldeasturias.com\\\/magazine365\\\/el-principe-carlos-y-camila-concluyen-su-visita-oficial-a-canada\\\/#organizationLogo\"},\"image\":{\"@id\":\"https:\\\/\\\/eldigitaldeasturias.com\\\/magazine365\\\/el-principe-carlos-y-camila-concluyen-su-visita-oficial-a-canada\\\/#organizationLogo\"}},{\"@type\":\"Person\",\"@id\":\"https:\\\/\\\/eldigitaldeasturias.com\\\/magazine365\\\/author\\\/admin\\\/#author\",\"url\":\"https:\\\/\\\/eldigitaldeasturias.com\\\/magazine365\\\/author\\\/admin\\\/\",\"name\":\"admin\",\"image\":{\"@type\":\"ImageObject\",\"@id\":\"https:\\\/\\\/eldigitaldeasturias.com\\\/magazine365\\\/el-principe-carlos-y-camila-concluyen-su-visita-oficial-a-canada\\\/#authorImage\",\"url\":\"https:\\\/\\\/eldigitaldeasturias.com\\\/magazine365\\\/wp-content\\\/litespeed\\\/avatar\\\/e571bcf59a0edd6fa6838245a470f2fe.jpg?ver=1776969259\",\"width\":96,\"height\":96,\"caption\":\"admin\"}},{\"@type\":\"WebPage\",\"@id\":\"https:\\\/\\\/eldigitaldeasturias.com\\\/magazine365\\\/el-principe-carlos-y-camila-concluyen-su-visita-oficial-a-canada\\\/#webpage\",\"url\":\"https:\\\/\\\/eldigitaldeasturias.com\\\/magazine365\\\/el-principe-carlos-y-camila-concluyen-su-visita-oficial-a-canada\\\/\",\"name\":\"El pr\\u00edncipe Carlos y Camila concluyen su visita oficial a Canad\\u00e1 | El Digital de Asturias\",\"description\":\"Toronto (Canad\\u00e1), 22 may (EFE).- El pr\\u00edncipe Carlos de Inglaterra y su esposa, Camila, concluyeron hoy en la localidad de Winnipeg una visita oficial de tres d\\u00edas a Canad\\u00e1 en la que el que ser\\u00e1 tambi\\u00e9n futuro rey del pa\\u00eds norteamericano visit\\u00f3 tres de las 10 provincias. Aunque la visita ha discurrido sin incidentes, con\",\"inLanguage\":\"es-ES\",\"isPartOf\":{\"@id\":\"https:\\\/\\\/eldigitaldeasturias.com\\\/magazine365\\\/#website\"},\"breadcrumb\":{\"@id\":\"https:\\\/\\\/eldigitaldeasturias.com\\\/magazine365\\\/el-principe-carlos-y-camila-concluyen-su-visita-oficial-a-canada\\\/#breadcrumblist\"},\"author\":{\"@id\":\"https:\\\/\\\/eldigitaldeasturias.com\\\/magazine365\\\/author\\\/admin\\\/#author\"},\"creator\":{\"@id\":\"https:\\\/\\\/eldigitaldeasturias.com\\\/magazine365\\\/author\\\/admin\\\/#author\"},\"image\":{\"@type\":\"ImageObject\",\"url\":\"https:\\\/\\\/eldigitaldeasturias.com\\\/magazine365\\\/wp-content\\\/uploads\\\/2014\\\/05\\\/6286869w.jpg\",\"@id\":\"https:\\\/\\\/eldigitaldeasturias.com\\\/magazine365\\\/el-principe-carlos-y-camila-concluyen-su-visita-oficial-a-canada\\\/#mainImage\",\"width\":800,\"height\":589},\"primaryImageOfPage\":{\"@id\":\"https:\\\/\\\/eldigitaldeasturias.com\\\/magazine365\\\/el-principe-carlos-y-camila-concluyen-su-visita-oficial-a-canada\\\/#mainImage\"},\"datePublished\":\"2014-05-22T21:00:03+02:00\",\"dateModified\":\"2014-05-22T21:00:03+02:00\"},{\"@type\":\"WebSite\",\"@id\":\"https:\\\/\\\/eldigitaldeasturias.com\\\/magazine365\\\/#website\",\"url\":\"https:\\\/\\\/eldigitaldeasturias.com\\\/magazine365\\\/\",\"name\":\"El Digital de Asturias\",\"description\":\"Revista de ocio, turismo y estilo de vida\",\"inLanguage\":\"es-ES\",\"publisher\":{\"@id\":\"https:\\\/\\\/eldigitaldeasturias.com\\\/magazine365\\\/#organization\"}}]}\n\t\t<\/script>\n\t\t<!-- All in One SEO Pro -->\r\n\t\t<title>El pr\u00edncipe Carlos y Camila concluyen su visita oficial a Canad\u00e1 | El Digital de Asturias<\/title>\n\n","aioseo_head_json":{"title":"El pr\u00edncipe Carlos y Camila concluyen su visita oficial a Canad\u00e1 | El Digital de Asturias","description":"Toronto (Canad\u00e1), 22 may (EFE).- El pr\u00edncipe Carlos de Inglaterra y su esposa, Camila, concluyeron hoy en la localidad de Winnipeg una visita oficial de tres d\u00edas a Canad\u00e1 en la que el que ser\u00e1 tambi\u00e9n futuro rey del pa\u00eds norteamericano visit\u00f3 tres de las 10 provincias. Aunque la visita ha discurrido sin incidentes, con","canonical_url":"https:\/\/eldigitaldeasturias.com\/magazine365\/el-principe-carlos-y-camila-concluyen-su-visita-oficial-a-canada\/","robots":"max-image-preview:large","keywords":"noticias y actualidad","webmasterTools":{"google-site-verification":"UA-38556648-1","miscellaneous":""},"schema":{"@context":"https:\/\/schema.org","@graph":[{"@type":"Article","@id":"https:\/\/eldigitaldeasturias.com\/magazine365\/el-principe-carlos-y-camila-concluyen-su-visita-oficial-a-canada\/#article","name":"El pr\u00edncipe Carlos y Camila concluyen su visita oficial a Canad\u00e1 | El Digital de Asturias","headline":"El pr\u00edncipe Carlos y Camila concluyen su visita oficial a Canad\u00e1","author":{"@id":"https:\/\/eldigitaldeasturias.com\/magazine365\/author\/admin\/#author"},"publisher":{"@id":"https:\/\/eldigitaldeasturias.com\/magazine365\/#organization"},"image":{"@type":"ImageObject","url":"https:\/\/eldigitaldeasturias.com\/magazine365\/wp-content\/uploads\/2014\/05\/6286869w.jpg","width":800,"height":589},"datePublished":"2014-05-22T21:00:03+02:00","dateModified":"2014-05-22T21:00:03+02:00","inLanguage":"es-ES","mainEntityOfPage":{"@id":"https:\/\/eldigitaldeasturias.com\/magazine365\/el-principe-carlos-y-camila-concluyen-su-visita-oficial-a-canada\/#webpage"},"isPartOf":{"@id":"https:\/\/eldigitaldeasturias.com\/magazine365\/el-principe-carlos-y-camila-concluyen-su-visita-oficial-a-canada\/#webpage"},"articleSection":"Noticias y Actualidad"},{"@type":"BreadcrumbList","@id":"https:\/\/eldigitaldeasturias.com\/magazine365\/el-principe-carlos-y-camila-concluyen-su-visita-oficial-a-canada\/#breadcrumblist","itemListElement":[{"@type":"ListItem","@id":"https:\/\/eldigitaldeasturias.com\/magazine365#listItem","position":1,"name":"Home","item":"https:\/\/eldigitaldeasturias.com\/magazine365","nextItem":{"@type":"ListItem","@id":"https:\/\/eldigitaldeasturias.com\/magazine365\/category\/noticias-actualidad\/#listItem","name":"Noticias y Actualidad"}},{"@type":"ListItem","@id":"https:\/\/eldigitaldeasturias.com\/magazine365\/category\/noticias-actualidad\/#listItem","position":2,"name":"Noticias y Actualidad","item":"https:\/\/eldigitaldeasturias.com\/magazine365\/category\/noticias-actualidad\/","nextItem":{"@type":"ListItem","@id":"https:\/\/eldigitaldeasturias.com\/magazine365\/el-principe-carlos-y-camila-concluyen-su-visita-oficial-a-canada\/#listItem","name":"El pr\u00edncipe Carlos y Camila concluyen su visita oficial a Canad\u00e1"},"previousItem":{"@type":"ListItem","@id":"https:\/\/eldigitaldeasturias.com\/magazine365#listItem","name":"Home"}},{"@type":"ListItem","@id":"https:\/\/eldigitaldeasturias.com\/magazine365\/el-principe-carlos-y-camila-concluyen-su-visita-oficial-a-canada\/#listItem","position":3,"name":"El pr\u00edncipe Carlos y Camila concluyen su visita oficial a Canad\u00e1","previousItem":{"@type":"ListItem","@id":"https:\/\/eldigitaldeasturias.com\/magazine365\/category\/noticias-actualidad\/#listItem","name":"Noticias y Actualidad"}}]},{"@type":"Organization","@id":"https:\/\/eldigitaldeasturias.com\/magazine365\/#organization","name":"El digital de Asturias","description":"Revista de ocio, turismo y estilo de vida","url":"https:\/\/eldigitaldeasturias.com\/magazine365\/","logo":{"@type":"ImageObject","url":"https:\/\/www.eldigitaldeasturias.com\/noticias\/wp-content\/uploads\/2020\/12\/EDA.jpg","@id":"https:\/\/eldigitaldeasturias.com\/magazine365\/el-principe-carlos-y-camila-concluyen-su-visita-oficial-a-canada\/#organizationLogo"},"image":{"@id":"https:\/\/eldigitaldeasturias.com\/magazine365\/el-principe-carlos-y-camila-concluyen-su-visita-oficial-a-canada\/#organizationLogo"}},{"@type":"Person","@id":"https:\/\/eldigitaldeasturias.com\/magazine365\/author\/admin\/#author","url":"https:\/\/eldigitaldeasturias.com\/magazine365\/author\/admin\/","name":"admin","image":{"@type":"ImageObject","@id":"https:\/\/eldigitaldeasturias.com\/magazine365\/el-principe-carlos-y-camila-concluyen-su-visita-oficial-a-canada\/#authorImage","url":"https:\/\/eldigitaldeasturias.com\/magazine365\/wp-content\/litespeed\/avatar\/e571bcf59a0edd6fa6838245a470f2fe.jpg?ver=1776969259","width":96,"height":96,"caption":"admin"}},{"@type":"WebPage","@id":"https:\/\/eldigitaldeasturias.com\/magazine365\/el-principe-carlos-y-camila-concluyen-su-visita-oficial-a-canada\/#webpage","url":"https:\/\/eldigitaldeasturias.com\/magazine365\/el-principe-carlos-y-camila-concluyen-su-visita-oficial-a-canada\/","name":"El pr\u00edncipe Carlos y Camila concluyen su visita oficial a Canad\u00e1 | El Digital de Asturias","description":"Toronto (Canad\u00e1), 22 may (EFE).- El pr\u00edncipe Carlos de Inglaterra y su esposa, Camila, concluyeron hoy en la localidad de Winnipeg una visita oficial de tres d\u00edas a Canad\u00e1 en la que el que ser\u00e1 tambi\u00e9n futuro rey del pa\u00eds norteamericano visit\u00f3 tres de las 10 provincias. Aunque la visita ha discurrido sin incidentes, con","inLanguage":"es-ES","isPartOf":{"@id":"https:\/\/eldigitaldeasturias.com\/magazine365\/#website"},"breadcrumb":{"@id":"https:\/\/eldigitaldeasturias.com\/magazine365\/el-principe-carlos-y-camila-concluyen-su-visita-oficial-a-canada\/#breadcrumblist"},"author":{"@id":"https:\/\/eldigitaldeasturias.com\/magazine365\/author\/admin\/#author"},"creator":{"@id":"https:\/\/eldigitaldeasturias.com\/magazine365\/author\/admin\/#author"},"image":{"@type":"ImageObject","url":"https:\/\/eldigitaldeasturias.com\/magazine365\/wp-content\/uploads\/2014\/05\/6286869w.jpg","@id":"https:\/\/eldigitaldeasturias.com\/magazine365\/el-principe-carlos-y-camila-concluyen-su-visita-oficial-a-canada\/#mainImage","width":800,"height":589},"primaryImageOfPage":{"@id":"https:\/\/eldigitaldeasturias.com\/magazine365\/el-principe-carlos-y-camila-concluyen-su-visita-oficial-a-canada\/#mainImage"},"datePublished":"2014-05-22T21:00:03+02:00","dateModified":"2014-05-22T21:00:03+02:00"},{"@type":"WebSite","@id":"https:\/\/eldigitaldeasturias.com\/magazine365\/#website","url":"https:\/\/eldigitaldeasturias.com\/magazine365\/","name":"El Digital de Asturias","description":"Revista de ocio, turismo y estilo de vida","inLanguage":"es-ES","publisher":{"@id":"https:\/\/eldigitaldeasturias.com\/magazine365\/#organization"}}]},"og:locale":"es_ES","og:site_name":"El Digital de Asturias \u2013 Revista de ocio, turismo y estilo de vida","og:type":"article","og:title":"El pr\u00edncipe Carlos y Camila concluyen su visita oficial a Canad\u00e1 | El Digital de Asturias","og:description":"Toronto (Canad\u00e1), 22 may (EFE).- El pr\u00edncipe Carlos de Inglaterra y su esposa, Camila, concluyeron hoy en la localidad de Winnipeg una visita oficial de tres d\u00edas a Canad\u00e1 en la que el que ser\u00e1 tambi\u00e9n futuro rey del pa\u00eds norteamericano visit\u00f3 tres de las 10 provincias. Aunque la visita ha discurrido sin incidentes, con","og:url":"https:\/\/eldigitaldeasturias.com\/magazine365\/el-principe-carlos-y-camila-concluyen-su-visita-oficial-a-canada\/","og:image":"https:\/\/eldigitaldeasturias.com\/magazine365\/wp-content\/uploads\/2014\/05\/6286869w.jpg","og:image:secure_url":"https:\/\/eldigitaldeasturias.com\/magazine365\/wp-content\/uploads\/2014\/05\/6286869w.jpg","og:image:width":800,"og:image:height":589,"article:published_time":"2014-05-22T23:00:03+00:00","article:modified_time":"2014-05-22T23:00:03+00:00","twitter:card":"summary_large_image","twitter:title":"El pr\u00edncipe Carlos y Camila concluyen su visita oficial a Canad\u00e1 | El Digital de Asturias","twitter:description":"Toronto (Canad\u00e1), 22 may (EFE).- El pr\u00edncipe Carlos de Inglaterra y su esposa, Camila, concluyeron hoy en la localidad de Winnipeg una visita oficial de tres d\u00edas a Canad\u00e1 en la que el que ser\u00e1 tambi\u00e9n futuro rey del pa\u00eds norteamericano visit\u00f3 tres de las 10 provincias. Aunque la visita ha discurrido sin incidentes, con","twitter:image":"https:\/\/eldigitaldeasturias.com\/magazine365\/wp-content\/uploads\/2014\/05\/6286869w.jpg"},"aioseo_meta_data":{"post_id":"13580","title":null,"description":null,"keywords":null,"keyphrases":null,"primary_term":null,"canonical_url":null,"og_title":null,"og_description":null,"og_object_type":"default","og_image_type":"default","og_image_url":null,"og_image_width":null,"og_image_height":null,"og_image_custom_url":null,"og_image_custom_fields":null,"og_video":null,"og_custom_url":null,"og_article_section":null,"og_article_tags":null,"twitter_use_og":false,"twitter_card":"default","twitter_image_type":"default","twitter_image_url":null,"twitter_image_custom_url":null,"twitter_image_custom_fields":null,"twitter_title":null,"twitter_description":null,"schema":{"blockGraphs":[],"customGraphs":[],"default":{"data":{"Article":[],"Course":[],"Dataset":[],"FAQPage":[],"Movie":[],"Person":[],"Product":[],"ProductReview":[],"Car":[],"Recipe":[],"Service":[],"SoftwareApplication":[],"WebPage":[]},"graphName":"","isEnabled":true},"graphs":[]},"schema_type":null,"schema_type_options":null,"pillar_content":false,"robots_default":true,"robots_noindex":false,"robots_noarchive":false,"robots_nosnippet":false,"robots_nofollow":false,"robots_noimageindex":false,"robots_noodp":false,"robots_notranslate":false,"robots_max_snippet":null,"robots_max_videopreview":null,"robots_max_imagepreview":"large","priority":null,"frequency":null,"location":null,"local_seo":null,"seo_analyzer_scan_date":"2025-09-17 08:31:19","breadcrumb_settings":null,"limit_modified_date":false,"open_ai":null,"ai":null,"created":"2021-03-09 08:26:54","updated":"2025-09-17 08:31:19"},"aioseo_breadcrumb":"<div class=\"aioseo-breadcrumbs\"><span class=\"aioseo-breadcrumb\">\n\t<a href=\"https:\/\/eldigitaldeasturias.com\/magazine365\" title=\"Home\">Home<\/a>\n<\/span><span class=\"aioseo-breadcrumb-separator\">\u2013<\/span><span class=\"aioseo-breadcrumb\">\n\t<a href=\"https:\/\/eldigitaldeasturias.com\/magazine365\/category\/noticias-actualidad\/\" title=\"Noticias y Actualidad\">Noticias y Actualidad<\/a>\n<\/span><span class=\"aioseo-breadcrumb-separator\">\u2013<\/span><span class=\"aioseo-breadcrumb\">\n\t<a href=\"https:\/\/eldigitaldeasturias.com\/magazine365\/el-principe-carlos-y-camila-concluyen-su-visita-oficial-a-canada\/\" title=\"El pr\u00edncipe Carlos y Camila concluyen su visita oficial a Canad\u00e1\">El pr\u00edncipe Carlos y Camila concluyen su visita oficial a Canad\u00e1<\/a>\n<\/span><\/div>","aioseo_breadcrumb_json":[{"label":"Home","link":"https:\/\/eldigitaldeasturias.com\/magazine365"},{"label":"Noticias y Actualidad","link":"https:\/\/eldigitaldeasturias.com\/magazine365\/category\/noticias-actualidad\/"},{"label":"El pr\u00edncipe Carlos y Camila concluyen su visita oficial a Canad\u00e1","link":"https:\/\/eldigitaldeasturias.com\/magazine365\/el-principe-carlos-y-camila-concluyen-su-visita-oficial-a-canada\/"}],"_links":{"self":[{"href":"https:\/\/eldigitaldeasturias.com\/magazine365\/wp-json\/wp\/v2\/posts\/13580","targetHints":{"allow":["GET"]}}],"collection":[{"href":"https:\/\/eldigitaldeasturias.com\/magazine365\/wp-json\/wp\/v2\/posts"}],"about":[{"href":"https:\/\/eldigitaldeasturias.com\/magazine365\/wp-json\/wp\/v2\/types\/post"}],"author":[{"embeddable":true,"href":"https:\/\/eldigitaldeasturias.com\/magazine365\/wp-json\/wp\/v2\/users\/1"}],"replies":[{"embeddable":true,"href":"https:\/\/eldigitaldeasturias.com\/magazine365\/wp-json\/wp\/v2\/comments?post=13580"}],"version-history":[{"count":0,"href":"https:\/\/eldigitaldeasturias.com\/magazine365\/wp-json\/wp\/v2\/posts\/13580\/revisions"}],"wp:featuredmedia":[{"embeddable":true,"href":"https:\/\/eldigitaldeasturias.com\/magazine365\/wp-json\/wp\/v2\/media\/13582"}],"wp:attachment":[{"href":"https:\/\/eldigitaldeasturias.com\/magazine365\/wp-json\/wp\/v2\/media?parent=13580"}],"wp:term":[{"taxonomy":"category","embeddable":true,"href":"https:\/\/eldigitaldeasturias.com\/magazine365\/wp-json\/wp\/v2\/categories?post=13580"},{"taxonomy":"post_tag","embeddable":true,"href":"https:\/\/eldigitaldeasturias.com\/magazine365\/wp-json\/wp\/v2\/tags?post=13580"}],"curies":[{"name":"wp","href":"https:\/\/api.w.org\/{rel}","templated":true}]}}