{"id":13577,"date":"2014-05-22T20:57:47","date_gmt":"2014-05-22T22:57:47","guid":{"rendered":"http:\/\/eldigitaldeasturias.com\/magazine365\/?p=13577"},"modified":"2014-05-22T20:57:47","modified_gmt":"2014-05-22T22:57:47","slug":"la-usaid-nombra-a-carlos-vives-embajador-de-la-inclusion-racial-en-colombia","status":"publish","type":"post","link":"https:\/\/eldigitaldeasturias.com\/magazine365\/la-usaid-nombra-a-carlos-vives-embajador-de-la-inclusion-racial-en-colombia\/","title":{"rendered":"La USAID nombra a Carlos Vives \u00abembajador\u00bb de la inclusi\u00f3n racial en Colombia"},"content":{"rendered":"<p><img fetchpriority=\"high\" decoding=\"async\" class=\"alignleft size-medium wp-image-13578\" alt=\"6286882w\" src=\"https:\/\/eldigitaldeasturias.com\/magazine365\/wp-content\/uploads\/2014\/05\/6286882w-360x248.jpg\" width=\"360\" height=\"248\" \/>Bogot\u00e1, 22 may (EFE).- La Agencia Estadounidense para el Desarrollo Internacional (USAID) nombr\u00f3 hoy al cantante colombiano Carlos Vives \u00abembajador\u00bb de la inclusi\u00f3n y de la diversidad racial para respaldar a artistas afrodescendientes e ind\u00edgenas y acompa\u00f1arles en la reivindicaci\u00f3n de su folclore.<\/p>\n<p>Vives y el embajador de Estados Unidos en Colombia, Kevin Whitaker, sellaron esta alianza precisamente cuando se celebra el D\u00eda de la Afrocolombianidad y el mes de la Herencia Africana en el pa\u00eds suramericano.<\/p>\n<p>\u00abHoy encuentro un aliado para ponerle un &#8216;pa&#8217;lante&#8217; al grito que sale de Colombia. Hoy somos m\u00e1s los que tenemos conciencia de nuestra diversidad y los que hemos disfrutado el legado de nuestros ancestros\u00bb, dijo el cantante de \u00abLa gota fr\u00eda\u00bb, que se defini\u00f3 como un \u00abvocero\u00bb de la cultura de su pa\u00eds.<\/p>\n<p>El artista se declar\u00f3 \u00abmuy honrado\u00bb de la labor que le fue encomendada por USAID para respaldar a los m\u00fasicos colombianos que \u00aba pesar de sus problem\u00e1ticas tienen siempre una expresi\u00f3n por el legado de sus abuelos\u00bb.<\/p>\n<p>Por su parte, el embajador Whitaker, que estaba acompa\u00f1ado tambi\u00e9n por el director de USAID en Colombia, Peter Natiello, prometi\u00f3 que propiciar estos espacios de inclusi\u00f3n va a ser un enfoque principal en su reci\u00e9n estrenada gesti\u00f3n.<\/p>\n<p>Whitaker, que entreg\u00f3 sus cartas credenciales a la canciller colombiana Mar\u00eda \u00c1ngela Holgu\u00edn el pasado 7 de mayo, manifest\u00f3 su confianza en que esta alianza \u00abbrinde la oportunidad a miles de afrocolombianos e ind\u00edgenas de reconocer la diversidad \u00e9tnica del pa\u00eds\u00bb.<\/p>\n<p>Este esfuerzo no s\u00f3lo busca impulsar la cultura, sino subrayar la idea de que \u00abla diversidad da fuerza a la regi\u00f3n y que incluir a todos va a ayudar a todos.<\/p>\n<p>Por \u00faltimo, el diplom\u00e1tico estadounidense record\u00f3 las palabras del pacifista por el movimiento negro de Estados Unidos, Martin Luther King, y dijo: \u00ab\u00e9l tuvo un sue\u00f1o y nosotros tambi\u00e9n\u00bb.<\/p>\n<p>A continuaci\u00f3n, un grupo de m\u00fasicos arrancaron la fiesta con el \u00abI feel good\u00bb de James Brown para seguir con \u00e9xitos de la m\u00fasica afrocolombiana y ponerle el broche con un concierto de la banda \u00abHerencia de Timbiqu\u00ed\u00bb, que rescata el sabor del Pac\u00edfico, donde se asienta buena parte de la comunidad negra del pa\u00eds.<\/p>\n<p>Vives present\u00f3 a principios de mayo su m\u00e1s reciente disco, \u00abM\u00e1s coraz\u00f3n profundo\u00bb, cuyo primer sencillo es precisamente \u00abEl mar de sus ojos\u00bb, una colaboraci\u00f3n con el grupo ChocQuibTown, la banda m\u00e1s internacional del Pac\u00edfico colombiano.<\/p>\n","protected":false},"excerpt":{"rendered":"<p>Bogot\u00e1, 22 may (EFE).- La Agencia Estadounidense para el Desarrollo Internacional (USAID) nombr\u00f3 hoy al cantante colombiano Carlos Vives \u00abembajador\u00bb de la inclusi\u00f3n y de la diversidad racial para respaldar a artistas afrodescendientes e ind\u00edgenas y acompa\u00f1arles en la reivindicaci\u00f3n de su folclore. Vives y el embajador de Estados Unidos en Colombia, Kevin Whitaker, sellaron<\/p>\n","protected":false},"author":1,"featured_media":13578,"comment_status":"open","ping_status":"closed","sticky":false,"template":"","format":"standard","meta":{"footnotes":""},"categories":[224],"tags":[],"class_list":{"0":"post-13577","1":"post","2":"type-post","3":"status-publish","4":"format-standard","5":"has-post-thumbnail","7":"category-noticias-actualidad"},"aioseo_notices":[],"aioseo_head":"\n\t\t<!-- All in One SEO Pro 4.9.6.1 - aioseo.com -->\n\t<meta name=\"description\" content=\"Bogot\u00e1, 22 may (EFE).- La Agencia Estadounidense para el Desarrollo Internacional (USAID) nombr\u00f3 hoy al cantante colombiano Carlos Vives &quot;embajador&quot; de la inclusi\u00f3n y de la diversidad racial para respaldar a artistas afrodescendientes e ind\u00edgenas y acompa\u00f1arles en la reivindicaci\u00f3n de su folclore. Vives y el embajador de Estados Unidos en Colombia, Kevin Whitaker, sellaron\" \/>\n\t<meta name=\"robots\" content=\"max-image-preview:large\" \/>\n\t<meta name=\"author\" content=\"admin\"\/>\n\t<meta name=\"google-site-verification\" content=\"UA-38556648-1\" \/>\n\t<meta name=\"keywords\" content=\"noticias y actualidad\" \/>\n\t<link rel=\"canonical\" href=\"https:\/\/eldigitaldeasturias.com\/magazine365\/la-usaid-nombra-a-carlos-vives-embajador-de-la-inclusion-racial-en-colombia\/\" \/>\n\t<meta name=\"generator\" content=\"All in One SEO Pro (AIOSEO) 4.9.6.1\" \/>\n\t\t<meta property=\"og:locale\" content=\"es_ES\" \/>\n\t\t<meta property=\"og:site_name\" content=\"El Digital de Asturias \u2013 Revista de ocio, turismo y estilo de vida\" \/>\n\t\t<meta property=\"og:type\" content=\"article\" \/>\n\t\t<meta property=\"og:title\" content=\"La USAID nombra a Carlos Vives \u00abembajador\u00bb de la inclusi\u00f3n racial en Colombia | El Digital de Asturias\" \/>\n\t\t<meta property=\"og:description\" content=\"Bogot\u00e1, 22 may (EFE).- La Agencia Estadounidense para el Desarrollo Internacional (USAID) nombr\u00f3 hoy al cantante colombiano Carlos Vives &quot;embajador&quot; de la inclusi\u00f3n y de la diversidad racial para respaldar a artistas afrodescendientes e ind\u00edgenas y acompa\u00f1arles en la reivindicaci\u00f3n de su folclore. Vives y el embajador de Estados Unidos en Colombia, Kevin Whitaker, sellaron\" \/>\n\t\t<meta property=\"og:url\" content=\"https:\/\/eldigitaldeasturias.com\/magazine365\/la-usaid-nombra-a-carlos-vives-embajador-de-la-inclusion-racial-en-colombia\/\" \/>\n\t\t<meta property=\"og:image\" content=\"https:\/\/eldigitaldeasturias.com\/magazine365\/wp-content\/uploads\/2014\/05\/6286882w.jpg\" \/>\n\t\t<meta property=\"og:image:secure_url\" content=\"https:\/\/eldigitaldeasturias.com\/magazine365\/wp-content\/uploads\/2014\/05\/6286882w.jpg\" \/>\n\t\t<meta property=\"og:image:width\" content=\"800\" \/>\n\t\t<meta property=\"og:image:height\" content=\"553\" \/>\n\t\t<meta property=\"article:published_time\" content=\"2014-05-22T22:57:47+00:00\" \/>\n\t\t<meta property=\"article:modified_time\" content=\"2014-05-22T22:57:47+00:00\" \/>\n\t\t<meta name=\"twitter:card\" content=\"summary_large_image\" \/>\n\t\t<meta name=\"twitter:title\" content=\"La USAID nombra a Carlos Vives \u00abembajador\u00bb de la inclusi\u00f3n racial en Colombia | El Digital de Asturias\" \/>\n\t\t<meta name=\"twitter:description\" content=\"Bogot\u00e1, 22 may (EFE).- La Agencia Estadounidense para el Desarrollo Internacional (USAID) nombr\u00f3 hoy al cantante colombiano Carlos Vives &quot;embajador&quot; de la inclusi\u00f3n y de la diversidad racial para respaldar a artistas afrodescendientes e ind\u00edgenas y acompa\u00f1arles en la reivindicaci\u00f3n de su folclore. Vives y el embajador de Estados Unidos en Colombia, Kevin Whitaker, sellaron\" \/>\n\t\t<meta name=\"twitter:image\" content=\"https:\/\/eldigitaldeasturias.com\/magazine365\/wp-content\/uploads\/2014\/05\/6286882w.jpg\" \/>\n\t\t<script type=\"application\/ld+json\" class=\"aioseo-schema\">\n\t\t\t{\"@context\":\"https:\\\/\\\/schema.org\",\"@graph\":[{\"@type\":\"Article\",\"@id\":\"https:\\\/\\\/eldigitaldeasturias.com\\\/magazine365\\\/la-usaid-nombra-a-carlos-vives-embajador-de-la-inclusion-racial-en-colombia\\\/#article\",\"name\":\"La USAID nombra a Carlos Vives \\u00abembajador\\u00bb de la inclusi\\u00f3n racial en Colombia | El Digital de Asturias\",\"headline\":\"La USAID nombra a Carlos Vives \\u00abembajador\\u00bb de la inclusi\\u00f3n racial en Colombia\",\"author\":{\"@id\":\"https:\\\/\\\/eldigitaldeasturias.com\\\/magazine365\\\/author\\\/admin\\\/#author\"},\"publisher\":{\"@id\":\"https:\\\/\\\/eldigitaldeasturias.com\\\/magazine365\\\/#organization\"},\"image\":{\"@type\":\"ImageObject\",\"url\":\"https:\\\/\\\/eldigitaldeasturias.com\\\/magazine365\\\/wp-content\\\/uploads\\\/2014\\\/05\\\/6286882w.jpg\",\"width\":800,\"height\":553},\"datePublished\":\"2014-05-22T20:57:47+02:00\",\"dateModified\":\"2014-05-22T20:57:47+02:00\",\"inLanguage\":\"es-ES\",\"mainEntityOfPage\":{\"@id\":\"https:\\\/\\\/eldigitaldeasturias.com\\\/magazine365\\\/la-usaid-nombra-a-carlos-vives-embajador-de-la-inclusion-racial-en-colombia\\\/#webpage\"},\"isPartOf\":{\"@id\":\"https:\\\/\\\/eldigitaldeasturias.com\\\/magazine365\\\/la-usaid-nombra-a-carlos-vives-embajador-de-la-inclusion-racial-en-colombia\\\/#webpage\"},\"articleSection\":\"Noticias y Actualidad\"},{\"@type\":\"BreadcrumbList\",\"@id\":\"https:\\\/\\\/eldigitaldeasturias.com\\\/magazine365\\\/la-usaid-nombra-a-carlos-vives-embajador-de-la-inclusion-racial-en-colombia\\\/#breadcrumblist\",\"itemListElement\":[{\"@type\":\"ListItem\",\"@id\":\"https:\\\/\\\/eldigitaldeasturias.com\\\/magazine365#listItem\",\"position\":1,\"name\":\"Home\",\"item\":\"https:\\\/\\\/eldigitaldeasturias.com\\\/magazine365\",\"nextItem\":{\"@type\":\"ListItem\",\"@id\":\"https:\\\/\\\/eldigitaldeasturias.com\\\/magazine365\\\/category\\\/noticias-actualidad\\\/#listItem\",\"name\":\"Noticias y Actualidad\"}},{\"@type\":\"ListItem\",\"@id\":\"https:\\\/\\\/eldigitaldeasturias.com\\\/magazine365\\\/category\\\/noticias-actualidad\\\/#listItem\",\"position\":2,\"name\":\"Noticias y Actualidad\",\"item\":\"https:\\\/\\\/eldigitaldeasturias.com\\\/magazine365\\\/category\\\/noticias-actualidad\\\/\",\"nextItem\":{\"@type\":\"ListItem\",\"@id\":\"https:\\\/\\\/eldigitaldeasturias.com\\\/magazine365\\\/la-usaid-nombra-a-carlos-vives-embajador-de-la-inclusion-racial-en-colombia\\\/#listItem\",\"name\":\"La USAID nombra a Carlos Vives \\u00abembajador\\u00bb de la inclusi\\u00f3n racial en Colombia\"},\"previousItem\":{\"@type\":\"ListItem\",\"@id\":\"https:\\\/\\\/eldigitaldeasturias.com\\\/magazine365#listItem\",\"name\":\"Home\"}},{\"@type\":\"ListItem\",\"@id\":\"https:\\\/\\\/eldigitaldeasturias.com\\\/magazine365\\\/la-usaid-nombra-a-carlos-vives-embajador-de-la-inclusion-racial-en-colombia\\\/#listItem\",\"position\":3,\"name\":\"La USAID nombra a Carlos Vives \\u00abembajador\\u00bb de la inclusi\\u00f3n racial en Colombia\",\"previousItem\":{\"@type\":\"ListItem\",\"@id\":\"https:\\\/\\\/eldigitaldeasturias.com\\\/magazine365\\\/category\\\/noticias-actualidad\\\/#listItem\",\"name\":\"Noticias y Actualidad\"}}]},{\"@type\":\"Organization\",\"@id\":\"https:\\\/\\\/eldigitaldeasturias.com\\\/magazine365\\\/#organization\",\"name\":\"El digital de Asturias\",\"description\":\"Revista de ocio, turismo y estilo de vida\",\"url\":\"https:\\\/\\\/eldigitaldeasturias.com\\\/magazine365\\\/\",\"logo\":{\"@type\":\"ImageObject\",\"url\":\"https:\\\/\\\/www.eldigitaldeasturias.com\\\/noticias\\\/wp-content\\\/uploads\\\/2020\\\/12\\\/EDA.jpg\",\"@id\":\"https:\\\/\\\/eldigitaldeasturias.com\\\/magazine365\\\/la-usaid-nombra-a-carlos-vives-embajador-de-la-inclusion-racial-en-colombia\\\/#organizationLogo\"},\"image\":{\"@id\":\"https:\\\/\\\/eldigitaldeasturias.com\\\/magazine365\\\/la-usaid-nombra-a-carlos-vives-embajador-de-la-inclusion-racial-en-colombia\\\/#organizationLogo\"}},{\"@type\":\"Person\",\"@id\":\"https:\\\/\\\/eldigitaldeasturias.com\\\/magazine365\\\/author\\\/admin\\\/#author\",\"url\":\"https:\\\/\\\/eldigitaldeasturias.com\\\/magazine365\\\/author\\\/admin\\\/\",\"name\":\"admin\",\"image\":{\"@type\":\"ImageObject\",\"@id\":\"https:\\\/\\\/eldigitaldeasturias.com\\\/magazine365\\\/la-usaid-nombra-a-carlos-vives-embajador-de-la-inclusion-racial-en-colombia\\\/#authorImage\",\"url\":\"https:\\\/\\\/eldigitaldeasturias.com\\\/magazine365\\\/wp-content\\\/litespeed\\\/avatar\\\/e571bcf59a0edd6fa6838245a470f2fe.jpg?ver=1776969259\",\"width\":96,\"height\":96,\"caption\":\"admin\"}},{\"@type\":\"WebPage\",\"@id\":\"https:\\\/\\\/eldigitaldeasturias.com\\\/magazine365\\\/la-usaid-nombra-a-carlos-vives-embajador-de-la-inclusion-racial-en-colombia\\\/#webpage\",\"url\":\"https:\\\/\\\/eldigitaldeasturias.com\\\/magazine365\\\/la-usaid-nombra-a-carlos-vives-embajador-de-la-inclusion-racial-en-colombia\\\/\",\"name\":\"La USAID nombra a Carlos Vives \\u00abembajador\\u00bb de la inclusi\\u00f3n racial en Colombia | El Digital de Asturias\",\"description\":\"Bogot\\u00e1, 22 may (EFE).- La Agencia Estadounidense para el Desarrollo Internacional (USAID) nombr\\u00f3 hoy al cantante colombiano Carlos Vives \\\"embajador\\\" de la inclusi\\u00f3n y de la diversidad racial para respaldar a artistas afrodescendientes e ind\\u00edgenas y acompa\\u00f1arles en la reivindicaci\\u00f3n de su folclore. Vives y el embajador de Estados Unidos en Colombia, Kevin Whitaker, sellaron\",\"inLanguage\":\"es-ES\",\"isPartOf\":{\"@id\":\"https:\\\/\\\/eldigitaldeasturias.com\\\/magazine365\\\/#website\"},\"breadcrumb\":{\"@id\":\"https:\\\/\\\/eldigitaldeasturias.com\\\/magazine365\\\/la-usaid-nombra-a-carlos-vives-embajador-de-la-inclusion-racial-en-colombia\\\/#breadcrumblist\"},\"author\":{\"@id\":\"https:\\\/\\\/eldigitaldeasturias.com\\\/magazine365\\\/author\\\/admin\\\/#author\"},\"creator\":{\"@id\":\"https:\\\/\\\/eldigitaldeasturias.com\\\/magazine365\\\/author\\\/admin\\\/#author\"},\"image\":{\"@type\":\"ImageObject\",\"url\":\"https:\\\/\\\/eldigitaldeasturias.com\\\/magazine365\\\/wp-content\\\/uploads\\\/2014\\\/05\\\/6286882w.jpg\",\"@id\":\"https:\\\/\\\/eldigitaldeasturias.com\\\/magazine365\\\/la-usaid-nombra-a-carlos-vives-embajador-de-la-inclusion-racial-en-colombia\\\/#mainImage\",\"width\":800,\"height\":553},\"primaryImageOfPage\":{\"@id\":\"https:\\\/\\\/eldigitaldeasturias.com\\\/magazine365\\\/la-usaid-nombra-a-carlos-vives-embajador-de-la-inclusion-racial-en-colombia\\\/#mainImage\"},\"datePublished\":\"2014-05-22T20:57:47+02:00\",\"dateModified\":\"2014-05-22T20:57:47+02:00\"},{\"@type\":\"WebSite\",\"@id\":\"https:\\\/\\\/eldigitaldeasturias.com\\\/magazine365\\\/#website\",\"url\":\"https:\\\/\\\/eldigitaldeasturias.com\\\/magazine365\\\/\",\"name\":\"El Digital de Asturias\",\"description\":\"Revista de ocio, turismo y estilo de vida\",\"inLanguage\":\"es-ES\",\"publisher\":{\"@id\":\"https:\\\/\\\/eldigitaldeasturias.com\\\/magazine365\\\/#organization\"}}]}\n\t\t<\/script>\n\t\t<!-- All in One SEO Pro -->\r\n\t\t<title>La USAID nombra a Carlos Vives \u00abembajador\u00bb de la inclusi\u00f3n racial en Colombia | El Digital de Asturias<\/title>\n\n","aioseo_head_json":{"title":"La USAID nombra a Carlos Vives \u00abembajador\u00bb de la inclusi\u00f3n racial en Colombia | El Digital de Asturias","description":"Bogot\u00e1, 22 may (EFE).- La Agencia Estadounidense para el Desarrollo Internacional (USAID) nombr\u00f3 hoy al cantante colombiano Carlos Vives \"embajador\" de la inclusi\u00f3n y de la diversidad racial para respaldar a artistas afrodescendientes e ind\u00edgenas y acompa\u00f1arles en la reivindicaci\u00f3n de su folclore. Vives y el embajador de Estados Unidos en Colombia, Kevin Whitaker, sellaron","canonical_url":"https:\/\/eldigitaldeasturias.com\/magazine365\/la-usaid-nombra-a-carlos-vives-embajador-de-la-inclusion-racial-en-colombia\/","robots":"max-image-preview:large","keywords":"noticias y actualidad","webmasterTools":{"google-site-verification":"UA-38556648-1","miscellaneous":""},"schema":{"@context":"https:\/\/schema.org","@graph":[{"@type":"Article","@id":"https:\/\/eldigitaldeasturias.com\/magazine365\/la-usaid-nombra-a-carlos-vives-embajador-de-la-inclusion-racial-en-colombia\/#article","name":"La USAID nombra a Carlos Vives \u00abembajador\u00bb de la inclusi\u00f3n racial en Colombia | El Digital de Asturias","headline":"La USAID nombra a Carlos Vives \u00abembajador\u00bb de la inclusi\u00f3n racial en Colombia","author":{"@id":"https:\/\/eldigitaldeasturias.com\/magazine365\/author\/admin\/#author"},"publisher":{"@id":"https:\/\/eldigitaldeasturias.com\/magazine365\/#organization"},"image":{"@type":"ImageObject","url":"https:\/\/eldigitaldeasturias.com\/magazine365\/wp-content\/uploads\/2014\/05\/6286882w.jpg","width":800,"height":553},"datePublished":"2014-05-22T20:57:47+02:00","dateModified":"2014-05-22T20:57:47+02:00","inLanguage":"es-ES","mainEntityOfPage":{"@id":"https:\/\/eldigitaldeasturias.com\/magazine365\/la-usaid-nombra-a-carlos-vives-embajador-de-la-inclusion-racial-en-colombia\/#webpage"},"isPartOf":{"@id":"https:\/\/eldigitaldeasturias.com\/magazine365\/la-usaid-nombra-a-carlos-vives-embajador-de-la-inclusion-racial-en-colombia\/#webpage"},"articleSection":"Noticias y Actualidad"},{"@type":"BreadcrumbList","@id":"https:\/\/eldigitaldeasturias.com\/magazine365\/la-usaid-nombra-a-carlos-vives-embajador-de-la-inclusion-racial-en-colombia\/#breadcrumblist","itemListElement":[{"@type":"ListItem","@id":"https:\/\/eldigitaldeasturias.com\/magazine365#listItem","position":1,"name":"Home","item":"https:\/\/eldigitaldeasturias.com\/magazine365","nextItem":{"@type":"ListItem","@id":"https:\/\/eldigitaldeasturias.com\/magazine365\/category\/noticias-actualidad\/#listItem","name":"Noticias y Actualidad"}},{"@type":"ListItem","@id":"https:\/\/eldigitaldeasturias.com\/magazine365\/category\/noticias-actualidad\/#listItem","position":2,"name":"Noticias y Actualidad","item":"https:\/\/eldigitaldeasturias.com\/magazine365\/category\/noticias-actualidad\/","nextItem":{"@type":"ListItem","@id":"https:\/\/eldigitaldeasturias.com\/magazine365\/la-usaid-nombra-a-carlos-vives-embajador-de-la-inclusion-racial-en-colombia\/#listItem","name":"La USAID nombra a Carlos Vives \u00abembajador\u00bb de la inclusi\u00f3n racial en Colombia"},"previousItem":{"@type":"ListItem","@id":"https:\/\/eldigitaldeasturias.com\/magazine365#listItem","name":"Home"}},{"@type":"ListItem","@id":"https:\/\/eldigitaldeasturias.com\/magazine365\/la-usaid-nombra-a-carlos-vives-embajador-de-la-inclusion-racial-en-colombia\/#listItem","position":3,"name":"La USAID nombra a Carlos Vives \u00abembajador\u00bb de la inclusi\u00f3n racial en Colombia","previousItem":{"@type":"ListItem","@id":"https:\/\/eldigitaldeasturias.com\/magazine365\/category\/noticias-actualidad\/#listItem","name":"Noticias y Actualidad"}}]},{"@type":"Organization","@id":"https:\/\/eldigitaldeasturias.com\/magazine365\/#organization","name":"El digital de Asturias","description":"Revista de ocio, turismo y estilo de vida","url":"https:\/\/eldigitaldeasturias.com\/magazine365\/","logo":{"@type":"ImageObject","url":"https:\/\/www.eldigitaldeasturias.com\/noticias\/wp-content\/uploads\/2020\/12\/EDA.jpg","@id":"https:\/\/eldigitaldeasturias.com\/magazine365\/la-usaid-nombra-a-carlos-vives-embajador-de-la-inclusion-racial-en-colombia\/#organizationLogo"},"image":{"@id":"https:\/\/eldigitaldeasturias.com\/magazine365\/la-usaid-nombra-a-carlos-vives-embajador-de-la-inclusion-racial-en-colombia\/#organizationLogo"}},{"@type":"Person","@id":"https:\/\/eldigitaldeasturias.com\/magazine365\/author\/admin\/#author","url":"https:\/\/eldigitaldeasturias.com\/magazine365\/author\/admin\/","name":"admin","image":{"@type":"ImageObject","@id":"https:\/\/eldigitaldeasturias.com\/magazine365\/la-usaid-nombra-a-carlos-vives-embajador-de-la-inclusion-racial-en-colombia\/#authorImage","url":"https:\/\/eldigitaldeasturias.com\/magazine365\/wp-content\/litespeed\/avatar\/e571bcf59a0edd6fa6838245a470f2fe.jpg?ver=1776969259","width":96,"height":96,"caption":"admin"}},{"@type":"WebPage","@id":"https:\/\/eldigitaldeasturias.com\/magazine365\/la-usaid-nombra-a-carlos-vives-embajador-de-la-inclusion-racial-en-colombia\/#webpage","url":"https:\/\/eldigitaldeasturias.com\/magazine365\/la-usaid-nombra-a-carlos-vives-embajador-de-la-inclusion-racial-en-colombia\/","name":"La USAID nombra a Carlos Vives \u00abembajador\u00bb de la inclusi\u00f3n racial en Colombia | El Digital de Asturias","description":"Bogot\u00e1, 22 may (EFE).- La Agencia Estadounidense para el Desarrollo Internacional (USAID) nombr\u00f3 hoy al cantante colombiano Carlos Vives \"embajador\" de la inclusi\u00f3n y de la diversidad racial para respaldar a artistas afrodescendientes e ind\u00edgenas y acompa\u00f1arles en la reivindicaci\u00f3n de su folclore. Vives y el embajador de Estados Unidos en Colombia, Kevin Whitaker, sellaron","inLanguage":"es-ES","isPartOf":{"@id":"https:\/\/eldigitaldeasturias.com\/magazine365\/#website"},"breadcrumb":{"@id":"https:\/\/eldigitaldeasturias.com\/magazine365\/la-usaid-nombra-a-carlos-vives-embajador-de-la-inclusion-racial-en-colombia\/#breadcrumblist"},"author":{"@id":"https:\/\/eldigitaldeasturias.com\/magazine365\/author\/admin\/#author"},"creator":{"@id":"https:\/\/eldigitaldeasturias.com\/magazine365\/author\/admin\/#author"},"image":{"@type":"ImageObject","url":"https:\/\/eldigitaldeasturias.com\/magazine365\/wp-content\/uploads\/2014\/05\/6286882w.jpg","@id":"https:\/\/eldigitaldeasturias.com\/magazine365\/la-usaid-nombra-a-carlos-vives-embajador-de-la-inclusion-racial-en-colombia\/#mainImage","width":800,"height":553},"primaryImageOfPage":{"@id":"https:\/\/eldigitaldeasturias.com\/magazine365\/la-usaid-nombra-a-carlos-vives-embajador-de-la-inclusion-racial-en-colombia\/#mainImage"},"datePublished":"2014-05-22T20:57:47+02:00","dateModified":"2014-05-22T20:57:47+02:00"},{"@type":"WebSite","@id":"https:\/\/eldigitaldeasturias.com\/magazine365\/#website","url":"https:\/\/eldigitaldeasturias.com\/magazine365\/","name":"El Digital de Asturias","description":"Revista de ocio, turismo y estilo de vida","inLanguage":"es-ES","publisher":{"@id":"https:\/\/eldigitaldeasturias.com\/magazine365\/#organization"}}]},"og:locale":"es_ES","og:site_name":"El Digital de Asturias \u2013 Revista de ocio, turismo y estilo de vida","og:type":"article","og:title":"La USAID nombra a Carlos Vives \u00abembajador\u00bb de la inclusi\u00f3n racial en Colombia | El Digital de Asturias","og:description":"Bogot\u00e1, 22 may (EFE).- La Agencia Estadounidense para el Desarrollo Internacional (USAID) nombr\u00f3 hoy al cantante colombiano Carlos Vives &quot;embajador&quot; de la inclusi\u00f3n y de la diversidad racial para respaldar a artistas afrodescendientes e ind\u00edgenas y acompa\u00f1arles en la reivindicaci\u00f3n de su folclore. Vives y el embajador de Estados Unidos en Colombia, Kevin Whitaker, sellaron","og:url":"https:\/\/eldigitaldeasturias.com\/magazine365\/la-usaid-nombra-a-carlos-vives-embajador-de-la-inclusion-racial-en-colombia\/","og:image":"https:\/\/eldigitaldeasturias.com\/magazine365\/wp-content\/uploads\/2014\/05\/6286882w.jpg","og:image:secure_url":"https:\/\/eldigitaldeasturias.com\/magazine365\/wp-content\/uploads\/2014\/05\/6286882w.jpg","og:image:width":800,"og:image:height":553,"article:published_time":"2014-05-22T22:57:47+00:00","article:modified_time":"2014-05-22T22:57:47+00:00","twitter:card":"summary_large_image","twitter:title":"La USAID nombra a Carlos Vives \u00abembajador\u00bb de la inclusi\u00f3n racial en Colombia | El Digital de Asturias","twitter:description":"Bogot\u00e1, 22 may (EFE).- La Agencia Estadounidense para el Desarrollo Internacional (USAID) nombr\u00f3 hoy al cantante colombiano Carlos Vives &quot;embajador&quot; de la inclusi\u00f3n y de la diversidad racial para respaldar a artistas afrodescendientes e ind\u00edgenas y acompa\u00f1arles en la reivindicaci\u00f3n de su folclore. Vives y el embajador de Estados Unidos en Colombia, Kevin Whitaker, sellaron","twitter:image":"https:\/\/eldigitaldeasturias.com\/magazine365\/wp-content\/uploads\/2014\/05\/6286882w.jpg"},"aioseo_meta_data":{"post_id":"13577","title":null,"description":null,"keywords":null,"keyphrases":null,"primary_term":null,"canonical_url":null,"og_title":null,"og_description":null,"og_object_type":"default","og_image_type":"default","og_image_url":null,"og_image_width":null,"og_image_height":null,"og_image_custom_url":null,"og_image_custom_fields":null,"og_video":null,"og_custom_url":null,"og_article_section":null,"og_article_tags":null,"twitter_use_og":false,"twitter_card":"default","twitter_image_type":"default","twitter_image_url":null,"twitter_image_custom_url":null,"twitter_image_custom_fields":null,"twitter_title":null,"twitter_description":null,"schema":{"blockGraphs":[],"customGraphs":[],"default":{"data":{"Article":[],"Course":[],"Dataset":[],"FAQPage":[],"Movie":[],"Person":[],"Product":[],"ProductReview":[],"Car":[],"Recipe":[],"Service":[],"SoftwareApplication":[],"WebPage":[]},"graphName":"","isEnabled":true},"graphs":[],"defaultGraph":"","defaultPostTypeGraph":""},"schema_type":null,"schema_type_options":null,"pillar_content":false,"robots_default":true,"robots_noindex":false,"robots_noarchive":false,"robots_nosnippet":false,"robots_nofollow":false,"robots_noimageindex":false,"robots_noodp":false,"robots_notranslate":false,"robots_max_snippet":null,"robots_max_videopreview":null,"robots_max_imagepreview":"large","priority":null,"frequency":null,"location":null,"local_seo":null,"seo_analyzer_scan_date":"2025-09-17 08:31:17","breadcrumb_settings":null,"limit_modified_date":false,"open_ai":null,"ai":null,"created":"2021-03-09 08:26:54","updated":"2025-09-17 08:31:17"},"aioseo_breadcrumb":"<div class=\"aioseo-breadcrumbs\"><span class=\"aioseo-breadcrumb\">\n\t<a href=\"https:\/\/eldigitaldeasturias.com\/magazine365\" title=\"Home\">Home<\/a>\n<\/span><span class=\"aioseo-breadcrumb-separator\">\u2013<\/span><span class=\"aioseo-breadcrumb\">\n\t<a href=\"https:\/\/eldigitaldeasturias.com\/magazine365\/category\/noticias-actualidad\/\" title=\"Noticias y Actualidad\">Noticias y Actualidad<\/a>\n<\/span><span class=\"aioseo-breadcrumb-separator\">\u2013<\/span><span class=\"aioseo-breadcrumb\">\n\t<a href=\"https:\/\/eldigitaldeasturias.com\/magazine365\/la-usaid-nombra-a-carlos-vives-embajador-de-la-inclusion-racial-en-colombia\/\" title=\"La USAID nombra a Carlos Vives \u00abembajador\u00bb de la inclusi\u00f3n racial en Colombia\">La USAID nombra a Carlos Vives \u00abembajador\u00bb de la inclusi\u00f3n racial en Colombia<\/a>\n<\/span><\/div>","aioseo_breadcrumb_json":[{"label":"Home","link":"https:\/\/eldigitaldeasturias.com\/magazine365"},{"label":"Noticias y Actualidad","link":"https:\/\/eldigitaldeasturias.com\/magazine365\/category\/noticias-actualidad\/"},{"label":"La USAID nombra a Carlos Vives \u00abembajador\u00bb de la inclusi\u00f3n racial en Colombia","link":"https:\/\/eldigitaldeasturias.com\/magazine365\/la-usaid-nombra-a-carlos-vives-embajador-de-la-inclusion-racial-en-colombia\/"}],"_links":{"self":[{"href":"https:\/\/eldigitaldeasturias.com\/magazine365\/wp-json\/wp\/v2\/posts\/13577","targetHints":{"allow":["GET"]}}],"collection":[{"href":"https:\/\/eldigitaldeasturias.com\/magazine365\/wp-json\/wp\/v2\/posts"}],"about":[{"href":"https:\/\/eldigitaldeasturias.com\/magazine365\/wp-json\/wp\/v2\/types\/post"}],"author":[{"embeddable":true,"href":"https:\/\/eldigitaldeasturias.com\/magazine365\/wp-json\/wp\/v2\/users\/1"}],"replies":[{"embeddable":true,"href":"https:\/\/eldigitaldeasturias.com\/magazine365\/wp-json\/wp\/v2\/comments?post=13577"}],"version-history":[{"count":0,"href":"https:\/\/eldigitaldeasturias.com\/magazine365\/wp-json\/wp\/v2\/posts\/13577\/revisions"}],"wp:featuredmedia":[{"embeddable":true,"href":"https:\/\/eldigitaldeasturias.com\/magazine365\/wp-json\/wp\/v2\/media\/13578"}],"wp:attachment":[{"href":"https:\/\/eldigitaldeasturias.com\/magazine365\/wp-json\/wp\/v2\/media?parent=13577"}],"wp:term":[{"taxonomy":"category","embeddable":true,"href":"https:\/\/eldigitaldeasturias.com\/magazine365\/wp-json\/wp\/v2\/categories?post=13577"},{"taxonomy":"post_tag","embeddable":true,"href":"https:\/\/eldigitaldeasturias.com\/magazine365\/wp-json\/wp\/v2\/tags?post=13577"}],"curies":[{"name":"wp","href":"https:\/\/api.w.org\/{rel}","templated":true}]}}