{"id":13560,"date":"2014-05-22T00:07:12","date_gmt":"2014-05-22T02:07:12","guid":{"rendered":"http:\/\/eldigitaldeasturias.com\/magazine365\/?p=13560"},"modified":"2014-05-22T00:07:12","modified_gmt":"2014-05-22T02:07:12","slug":"sophia-loren-sienta-catedra-en-cannes","status":"publish","type":"post","link":"https:\/\/eldigitaldeasturias.com\/magazine365\/sophia-loren-sienta-catedra-en-cannes\/","title":{"rendered":"Sophia Loren sienta c\u00e1tedra en Cannes"},"content":{"rendered":"<p><img fetchpriority=\"high\" decoding=\"async\" class=\"alignleft size-medium wp-image-13561\" alt=\"6286212w\" src=\"https:\/\/eldigitaldeasturias.com\/magazine365\/wp-content\/uploads\/2014\/05\/6286212w-360x247.jpg\" width=\"360\" height=\"247\" \/>Cannes (Francia), 21 may (EFE).- De joven era tan pobre que Sofia Villani Scicolone no pod\u00eda poner un plato de espagueti en la mesa de su madre y su hermana. No consegu\u00eda papeles porque su boca era ancha, su nariz larga y su timidez la paralizaba en las audiciones.<\/p>\n<p>\u00abFue el momento m\u00e1s triste de mi vida. Si no tiene suficiente para comer, no tienes suficiente energ\u00eda. No encuentras fuerza\u00bb, record\u00f3 hoy Sophia Loren (Pozzuoli, 1934) durante una lecci\u00f3n magistral pronunciada hoy en el Festival de Cannes.<\/p>\n<p>Su disertaci\u00f3n, una entrevista con una experta italiana de cine combinada con la proyecci\u00f3n de algunas de sus escenas m\u00e1s c\u00e9lebres, tiene lugar en el a\u00f1o que se cumple medio siglo de una de sus pel\u00edculas m\u00e1s emblem\u00e1ticas: \u00abMatrimonio a la italiana\u00bb, de Vittorio de Sica y coprotagonizada por Marcello Mastroianni.<\/p>\n<p>Al borde de los ochenta a\u00f1os y con m\u00e1s de 75 pel\u00edculas a sus espaldas, dos premios Oscar y una vida de cine, la musa italiana repas\u00f3 su trayectoria mientras la prensa acreditada se agolpaba para escucharla.<\/p>\n<p>\u00abLa vida no es f\u00e1cil, es muy dura. Especialmente cuando vives tantos a\u00f1os. No voy a decir mi edad, bueno, todo el mundo lo sabe. Tengo que decir que estoy muy orgullosa de mis ochenta a\u00f1os\u00bb, coment\u00f3 Sophia Loren, que ser\u00e1 octogenaria en septiembre y compareci\u00f3 resplandeciente con un traje de chaqueta blanco salpicado de cristales en la sala Bu\u00f1uel del Palacio de Festivales de Cannes.<\/p>\n<p>Tras pasar por algunos rodajes como figurante, a veces acompa\u00f1ada por su madre, el reconocimiento le lleg\u00f3 de la mano de Vittorio Sica, con quien rod\u00f3 ocho pel\u00edculas, aunque ella reivindica catorce.<\/p>\n<p>Corr\u00edan los a\u00f1os cincuenta del pasado siglo, d\u00edas de neorrealismo italiano y pel\u00edculas en blanco y negro. Su primer papel con Da Sica, que consigui\u00f3 charlando con \u00e9l en napolitano, fue en \u00abEl oro de N\u00e1poles\u00bb.<\/p>\n<p>Eran tambi\u00e9n los d\u00edas en la que los estudios estadounidenses rodaban en Italia porque era m\u00e1s barato que hacerlo en casa. El director y productor Stanley Krame la vio un d\u00eda y dijo: \u00abPodemos contratarla, no es tan mala\u00bb, record\u00f3.<\/p>\n<p>Krame le dio un papel protagonista en \u00abOrgullo y pasi\u00f3n\u00bb, junto a Cary Grant y Frank Sinatra. As\u00ed desembarc\u00f3 en Hollywood una actriz que se ha pasado la vida cruzando el Atl\u00e1ntico, de Los \u00c1ngeles a Roma.<\/p>\n<p>\u00abVer-g\u00fcen-za\u00bb, dice pronunciando marcadamente las s\u00edlabas -en italiano- para describir lo que sinti\u00f3 por tener que bailar flamenco en Espa\u00f1a, en una pel\u00edcula rodada en \u00c1vila delante de los mejores bailarores de la \u00e9poca y unos cinco mil extras, entre ellos un joven Adolfo Su\u00e1rez, dos d\u00e9cadas antes de convertirse en presidente del gobierno espa\u00f1ol.<\/p>\n<p>Esa cinta la llev\u00f3 por primera vez al Festival de Cannes, que en 1961 le conceder\u00eda el premio a la mejor interpretaci\u00f3n por \u00abDos mujeres\u00bb, junto a Jean-Paul Belmondo y con De Sica al mando, un trabajo que tambi\u00e9n le vali\u00f3 su primer Oscar de Hollwood.<\/p>\n<p>Sin embargo, Sophia Loren no fue a Hollywood a la gala en la que se desvelar\u00eda la ganadora de la preciada estatuilla.<\/p>\n<p>\u00abPensaba que si lo ganaba me desmayar\u00eda. Y pens\u00e9 que ser\u00eda mejor desmayarme en casa que delante del p\u00fablico, as\u00ed que no fui\u00bb. Son\u00f3 el tel\u00e9fono. Era Cary Grant: \u00abSophia, has ganado\u00bb, le dijo.<\/p>\n<p>Hab\u00eda dejado sin caramelo a Audrey Hepburn, Piper Laurie, Geraldine Page y Natalie Wood.<\/p>\n<p>\u00abFue un punto de cambio en mi vida\u00bb, continu\u00f3 Sophia Loren, que saltaba del italiano al franc\u00e9s o al ingl\u00e9s como quien cambiaba de bol\u00edgrafo para escribir.<\/p>\n<p>En 1964 opt\u00f3 a otra estatuilla por \u00abMatrimonio a la italiana\u00bb, tambi\u00e9n de su cineasta predilecto, y en 1966 fue presidenta del jurado de Cannes, mientras segu\u00eda firmando pel\u00edculas con De Sica y ampliando su n\u00f3mina de directores (Anthony Mann, Sidney Lumet, Charles Chaplin) y actores (Charlton Heston, Clark Gable, Peter O&#8217;Toole, Peter Sellers, John Wayne).<\/p>\n<p>O incluso Marlon Brando, que \u00abno era muy agradable, pero un fant\u00e1stico actor\u00bb, recuerda de un artista cuya indisciplina complic\u00f3 el rodaje de \u00abLa condesa de Hong Kong\u00bb (1967) y exasper\u00f3 a su director, Chaplin.<\/p>\n<p>\u00abSolo com\u00eda helados. Estaba muy delgado al principio de la pel\u00edcula y muy gordo al final\u00bb, record\u00f3 mientras extend\u00eda los brazos y desataba una carcajada del p\u00fablico.<\/p>\n<p>Eran tambi\u00e9n los d\u00edas en los que rodaba con Marcello Mastroianni, cuyo retrato en un fotograma de \u00abOcho y medio\u00bb (Federico Fellini) sirve de cartel de la actual 67 edici\u00f3n del Festival de Cannes.<\/p>\n<p>\u00abEst\u00e1 en mi coraz\u00f3n. Marcelo va a acompa\u00f1arme en estos d\u00edas (&#8230;). Hemos hecho tantas pel\u00edculas juntos durante tantos a\u00f1os\u00bb, record\u00f3 Sophia Loren, que nunca estudi\u00f3 y lo aprendi\u00f3 todo por el camino, sin granjearse \u00abverdaderos enemigos\u00bb, para convertirse en \u00abuna persona feliz\u00bb, porque ha vivido la vida que ama.<\/p>\n<p>\u00abLa vida es bella y uno tiene que intentar hacer lo que te gusta\u00bb, concluy\u00f3 antes de desvanecerse entre una nube eterna de admiradores.<\/p>\n<p>&nbsp;<\/p>\n<p>Por Javier Albisu<\/p>\n","protected":false},"excerpt":{"rendered":"<p>Cannes (Francia), 21 may (EFE).- De joven era tan pobre que Sofia Villani Scicolone no pod\u00eda poner un plato de espagueti en la mesa de su madre y su hermana. No consegu\u00eda papeles porque su boca era ancha, su nariz larga y su timidez la paralizaba en las audiciones. \u00abFue el momento m\u00e1s triste de<\/p>\n","protected":false},"author":1,"featured_media":13561,"comment_status":"open","ping_status":"closed","sticky":false,"template":"","format":"standard","meta":{"footnotes":""},"categories":[224],"tags":[],"class_list":{"0":"post-13560","1":"post","2":"type-post","3":"status-publish","4":"format-standard","5":"has-post-thumbnail","7":"category-noticias-actualidad"},"aioseo_notices":[],"aioseo_head":"\n\t\t<!-- All in One SEO Pro 4.9.6.1 - aioseo.com -->\n\t<meta name=\"description\" content=\"Cannes (Francia), 21 may (EFE).- De joven era tan pobre que Sofia Villani Scicolone no pod\u00eda poner un plato de espagueti en la mesa de su madre y su hermana. No consegu\u00eda papeles porque su boca era ancha, su nariz larga y su timidez la paralizaba en las audiciones. &quot;Fue el momento m\u00e1s triste de\" \/>\n\t<meta name=\"robots\" content=\"max-image-preview:large\" \/>\n\t<meta name=\"author\" content=\"admin\"\/>\n\t<meta name=\"google-site-verification\" content=\"UA-38556648-1\" \/>\n\t<meta name=\"keywords\" content=\"noticias y actualidad\" \/>\n\t<link rel=\"canonical\" href=\"https:\/\/eldigitaldeasturias.com\/magazine365\/sophia-loren-sienta-catedra-en-cannes\/\" \/>\n\t<meta name=\"generator\" content=\"All in One SEO Pro (AIOSEO) 4.9.6.1\" \/>\n\t\t<meta property=\"og:locale\" content=\"es_ES\" \/>\n\t\t<meta property=\"og:site_name\" content=\"El Digital de Asturias \u2013 Revista de ocio, turismo y estilo de vida\" \/>\n\t\t<meta property=\"og:type\" content=\"article\" \/>\n\t\t<meta property=\"og:title\" content=\"Sophia Loren sienta c\u00e1tedra en Cannes | El Digital de Asturias\" \/>\n\t\t<meta property=\"og:description\" content=\"Cannes (Francia), 21 may (EFE).- De joven era tan pobre que Sofia Villani Scicolone no pod\u00eda poner un plato de espagueti en la mesa de su madre y su hermana. No consegu\u00eda papeles porque su boca era ancha, su nariz larga y su timidez la paralizaba en las audiciones. &quot;Fue el momento m\u00e1s triste de\" \/>\n\t\t<meta property=\"og:url\" content=\"https:\/\/eldigitaldeasturias.com\/magazine365\/sophia-loren-sienta-catedra-en-cannes\/\" \/>\n\t\t<meta property=\"og:image\" content=\"https:\/\/eldigitaldeasturias.com\/magazine365\/wp-content\/uploads\/2014\/05\/6286212w.jpg\" \/>\n\t\t<meta property=\"og:image:secure_url\" content=\"https:\/\/eldigitaldeasturias.com\/magazine365\/wp-content\/uploads\/2014\/05\/6286212w.jpg\" \/>\n\t\t<meta property=\"og:image:width\" content=\"800\" \/>\n\t\t<meta property=\"og:image:height\" content=\"550\" \/>\n\t\t<meta property=\"article:published_time\" content=\"2014-05-22T02:07:12+00:00\" \/>\n\t\t<meta property=\"article:modified_time\" content=\"2014-05-22T02:07:12+00:00\" \/>\n\t\t<meta name=\"twitter:card\" content=\"summary_large_image\" \/>\n\t\t<meta name=\"twitter:title\" content=\"Sophia Loren sienta c\u00e1tedra en Cannes | El Digital de Asturias\" \/>\n\t\t<meta name=\"twitter:description\" content=\"Cannes (Francia), 21 may (EFE).- De joven era tan pobre que Sofia Villani Scicolone no pod\u00eda poner un plato de espagueti en la mesa de su madre y su hermana. No consegu\u00eda papeles porque su boca era ancha, su nariz larga y su timidez la paralizaba en las audiciones. &quot;Fue el momento m\u00e1s triste de\" \/>\n\t\t<meta name=\"twitter:image\" content=\"https:\/\/eldigitaldeasturias.com\/magazine365\/wp-content\/uploads\/2014\/05\/6286212w.jpg\" \/>\n\t\t<script type=\"application\/ld+json\" class=\"aioseo-schema\">\n\t\t\t{\"@context\":\"https:\\\/\\\/schema.org\",\"@graph\":[{\"@type\":\"Article\",\"@id\":\"https:\\\/\\\/eldigitaldeasturias.com\\\/magazine365\\\/sophia-loren-sienta-catedra-en-cannes\\\/#article\",\"name\":\"Sophia Loren sienta c\\u00e1tedra en Cannes | El Digital de Asturias\",\"headline\":\"Sophia Loren sienta c\\u00e1tedra en Cannes\",\"author\":{\"@id\":\"https:\\\/\\\/eldigitaldeasturias.com\\\/magazine365\\\/author\\\/admin\\\/#author\"},\"publisher\":{\"@id\":\"https:\\\/\\\/eldigitaldeasturias.com\\\/magazine365\\\/#organization\"},\"image\":{\"@type\":\"ImageObject\",\"url\":\"https:\\\/\\\/eldigitaldeasturias.com\\\/magazine365\\\/wp-content\\\/uploads\\\/2014\\\/05\\\/6286212w.jpg\",\"width\":800,\"height\":550},\"datePublished\":\"2014-05-22T00:07:12+02:00\",\"dateModified\":\"2014-05-22T00:07:12+02:00\",\"inLanguage\":\"es-ES\",\"mainEntityOfPage\":{\"@id\":\"https:\\\/\\\/eldigitaldeasturias.com\\\/magazine365\\\/sophia-loren-sienta-catedra-en-cannes\\\/#webpage\"},\"isPartOf\":{\"@id\":\"https:\\\/\\\/eldigitaldeasturias.com\\\/magazine365\\\/sophia-loren-sienta-catedra-en-cannes\\\/#webpage\"},\"articleSection\":\"Noticias y Actualidad\"},{\"@type\":\"BreadcrumbList\",\"@id\":\"https:\\\/\\\/eldigitaldeasturias.com\\\/magazine365\\\/sophia-loren-sienta-catedra-en-cannes\\\/#breadcrumblist\",\"itemListElement\":[{\"@type\":\"ListItem\",\"@id\":\"https:\\\/\\\/eldigitaldeasturias.com\\\/magazine365#listItem\",\"position\":1,\"name\":\"Home\",\"item\":\"https:\\\/\\\/eldigitaldeasturias.com\\\/magazine365\",\"nextItem\":{\"@type\":\"ListItem\",\"@id\":\"https:\\\/\\\/eldigitaldeasturias.com\\\/magazine365\\\/category\\\/noticias-actualidad\\\/#listItem\",\"name\":\"Noticias y Actualidad\"}},{\"@type\":\"ListItem\",\"@id\":\"https:\\\/\\\/eldigitaldeasturias.com\\\/magazine365\\\/category\\\/noticias-actualidad\\\/#listItem\",\"position\":2,\"name\":\"Noticias y Actualidad\",\"item\":\"https:\\\/\\\/eldigitaldeasturias.com\\\/magazine365\\\/category\\\/noticias-actualidad\\\/\",\"nextItem\":{\"@type\":\"ListItem\",\"@id\":\"https:\\\/\\\/eldigitaldeasturias.com\\\/magazine365\\\/sophia-loren-sienta-catedra-en-cannes\\\/#listItem\",\"name\":\"Sophia Loren sienta c\\u00e1tedra en Cannes\"},\"previousItem\":{\"@type\":\"ListItem\",\"@id\":\"https:\\\/\\\/eldigitaldeasturias.com\\\/magazine365#listItem\",\"name\":\"Home\"}},{\"@type\":\"ListItem\",\"@id\":\"https:\\\/\\\/eldigitaldeasturias.com\\\/magazine365\\\/sophia-loren-sienta-catedra-en-cannes\\\/#listItem\",\"position\":3,\"name\":\"Sophia Loren sienta c\\u00e1tedra en Cannes\",\"previousItem\":{\"@type\":\"ListItem\",\"@id\":\"https:\\\/\\\/eldigitaldeasturias.com\\\/magazine365\\\/category\\\/noticias-actualidad\\\/#listItem\",\"name\":\"Noticias y Actualidad\"}}]},{\"@type\":\"Organization\",\"@id\":\"https:\\\/\\\/eldigitaldeasturias.com\\\/magazine365\\\/#organization\",\"name\":\"El digital de Asturias\",\"description\":\"Revista de ocio, turismo y estilo de vida\",\"url\":\"https:\\\/\\\/eldigitaldeasturias.com\\\/magazine365\\\/\",\"logo\":{\"@type\":\"ImageObject\",\"url\":\"https:\\\/\\\/www.eldigitaldeasturias.com\\\/noticias\\\/wp-content\\\/uploads\\\/2020\\\/12\\\/EDA.jpg\",\"@id\":\"https:\\\/\\\/eldigitaldeasturias.com\\\/magazine365\\\/sophia-loren-sienta-catedra-en-cannes\\\/#organizationLogo\"},\"image\":{\"@id\":\"https:\\\/\\\/eldigitaldeasturias.com\\\/magazine365\\\/sophia-loren-sienta-catedra-en-cannes\\\/#organizationLogo\"}},{\"@type\":\"Person\",\"@id\":\"https:\\\/\\\/eldigitaldeasturias.com\\\/magazine365\\\/author\\\/admin\\\/#author\",\"url\":\"https:\\\/\\\/eldigitaldeasturias.com\\\/magazine365\\\/author\\\/admin\\\/\",\"name\":\"admin\",\"image\":{\"@type\":\"ImageObject\",\"@id\":\"https:\\\/\\\/eldigitaldeasturias.com\\\/magazine365\\\/sophia-loren-sienta-catedra-en-cannes\\\/#authorImage\",\"url\":\"https:\\\/\\\/eldigitaldeasturias.com\\\/magazine365\\\/wp-content\\\/litespeed\\\/avatar\\\/e571bcf59a0edd6fa6838245a470f2fe.jpg?ver=1776969259\",\"width\":96,\"height\":96,\"caption\":\"admin\"}},{\"@type\":\"WebPage\",\"@id\":\"https:\\\/\\\/eldigitaldeasturias.com\\\/magazine365\\\/sophia-loren-sienta-catedra-en-cannes\\\/#webpage\",\"url\":\"https:\\\/\\\/eldigitaldeasturias.com\\\/magazine365\\\/sophia-loren-sienta-catedra-en-cannes\\\/\",\"name\":\"Sophia Loren sienta c\\u00e1tedra en Cannes | El Digital de Asturias\",\"description\":\"Cannes (Francia), 21 may (EFE).- De joven era tan pobre que Sofia Villani Scicolone no pod\\u00eda poner un plato de espagueti en la mesa de su madre y su hermana. No consegu\\u00eda papeles porque su boca era ancha, su nariz larga y su timidez la paralizaba en las audiciones. \\\"Fue el momento m\\u00e1s triste de\",\"inLanguage\":\"es-ES\",\"isPartOf\":{\"@id\":\"https:\\\/\\\/eldigitaldeasturias.com\\\/magazine365\\\/#website\"},\"breadcrumb\":{\"@id\":\"https:\\\/\\\/eldigitaldeasturias.com\\\/magazine365\\\/sophia-loren-sienta-catedra-en-cannes\\\/#breadcrumblist\"},\"author\":{\"@id\":\"https:\\\/\\\/eldigitaldeasturias.com\\\/magazine365\\\/author\\\/admin\\\/#author\"},\"creator\":{\"@id\":\"https:\\\/\\\/eldigitaldeasturias.com\\\/magazine365\\\/author\\\/admin\\\/#author\"},\"image\":{\"@type\":\"ImageObject\",\"url\":\"https:\\\/\\\/eldigitaldeasturias.com\\\/magazine365\\\/wp-content\\\/uploads\\\/2014\\\/05\\\/6286212w.jpg\",\"@id\":\"https:\\\/\\\/eldigitaldeasturias.com\\\/magazine365\\\/sophia-loren-sienta-catedra-en-cannes\\\/#mainImage\",\"width\":800,\"height\":550},\"primaryImageOfPage\":{\"@id\":\"https:\\\/\\\/eldigitaldeasturias.com\\\/magazine365\\\/sophia-loren-sienta-catedra-en-cannes\\\/#mainImage\"},\"datePublished\":\"2014-05-22T00:07:12+02:00\",\"dateModified\":\"2014-05-22T00:07:12+02:00\"},{\"@type\":\"WebSite\",\"@id\":\"https:\\\/\\\/eldigitaldeasturias.com\\\/magazine365\\\/#website\",\"url\":\"https:\\\/\\\/eldigitaldeasturias.com\\\/magazine365\\\/\",\"name\":\"El Digital de Asturias\",\"description\":\"Revista de ocio, turismo y estilo de vida\",\"inLanguage\":\"es-ES\",\"publisher\":{\"@id\":\"https:\\\/\\\/eldigitaldeasturias.com\\\/magazine365\\\/#organization\"}}]}\n\t\t<\/script>\n\t\t<!-- All in One SEO Pro -->\r\n\t\t<title>Sophia Loren sienta c\u00e1tedra en Cannes | El Digital de Asturias<\/title>\n\n","aioseo_head_json":{"title":"Sophia Loren sienta c\u00e1tedra en Cannes | El Digital de Asturias","description":"Cannes (Francia), 21 may (EFE).- De joven era tan pobre que Sofia Villani Scicolone no pod\u00eda poner un plato de espagueti en la mesa de su madre y su hermana. No consegu\u00eda papeles porque su boca era ancha, su nariz larga y su timidez la paralizaba en las audiciones. \"Fue el momento m\u00e1s triste de","canonical_url":"https:\/\/eldigitaldeasturias.com\/magazine365\/sophia-loren-sienta-catedra-en-cannes\/","robots":"max-image-preview:large","keywords":"noticias y actualidad","webmasterTools":{"google-site-verification":"UA-38556648-1","miscellaneous":""},"schema":{"@context":"https:\/\/schema.org","@graph":[{"@type":"Article","@id":"https:\/\/eldigitaldeasturias.com\/magazine365\/sophia-loren-sienta-catedra-en-cannes\/#article","name":"Sophia Loren sienta c\u00e1tedra en Cannes | El Digital de Asturias","headline":"Sophia Loren sienta c\u00e1tedra en Cannes","author":{"@id":"https:\/\/eldigitaldeasturias.com\/magazine365\/author\/admin\/#author"},"publisher":{"@id":"https:\/\/eldigitaldeasturias.com\/magazine365\/#organization"},"image":{"@type":"ImageObject","url":"https:\/\/eldigitaldeasturias.com\/magazine365\/wp-content\/uploads\/2014\/05\/6286212w.jpg","width":800,"height":550},"datePublished":"2014-05-22T00:07:12+02:00","dateModified":"2014-05-22T00:07:12+02:00","inLanguage":"es-ES","mainEntityOfPage":{"@id":"https:\/\/eldigitaldeasturias.com\/magazine365\/sophia-loren-sienta-catedra-en-cannes\/#webpage"},"isPartOf":{"@id":"https:\/\/eldigitaldeasturias.com\/magazine365\/sophia-loren-sienta-catedra-en-cannes\/#webpage"},"articleSection":"Noticias y Actualidad"},{"@type":"BreadcrumbList","@id":"https:\/\/eldigitaldeasturias.com\/magazine365\/sophia-loren-sienta-catedra-en-cannes\/#breadcrumblist","itemListElement":[{"@type":"ListItem","@id":"https:\/\/eldigitaldeasturias.com\/magazine365#listItem","position":1,"name":"Home","item":"https:\/\/eldigitaldeasturias.com\/magazine365","nextItem":{"@type":"ListItem","@id":"https:\/\/eldigitaldeasturias.com\/magazine365\/category\/noticias-actualidad\/#listItem","name":"Noticias y Actualidad"}},{"@type":"ListItem","@id":"https:\/\/eldigitaldeasturias.com\/magazine365\/category\/noticias-actualidad\/#listItem","position":2,"name":"Noticias y Actualidad","item":"https:\/\/eldigitaldeasturias.com\/magazine365\/category\/noticias-actualidad\/","nextItem":{"@type":"ListItem","@id":"https:\/\/eldigitaldeasturias.com\/magazine365\/sophia-loren-sienta-catedra-en-cannes\/#listItem","name":"Sophia Loren sienta c\u00e1tedra en Cannes"},"previousItem":{"@type":"ListItem","@id":"https:\/\/eldigitaldeasturias.com\/magazine365#listItem","name":"Home"}},{"@type":"ListItem","@id":"https:\/\/eldigitaldeasturias.com\/magazine365\/sophia-loren-sienta-catedra-en-cannes\/#listItem","position":3,"name":"Sophia Loren sienta c\u00e1tedra en Cannes","previousItem":{"@type":"ListItem","@id":"https:\/\/eldigitaldeasturias.com\/magazine365\/category\/noticias-actualidad\/#listItem","name":"Noticias y Actualidad"}}]},{"@type":"Organization","@id":"https:\/\/eldigitaldeasturias.com\/magazine365\/#organization","name":"El digital de Asturias","description":"Revista de ocio, turismo y estilo de vida","url":"https:\/\/eldigitaldeasturias.com\/magazine365\/","logo":{"@type":"ImageObject","url":"https:\/\/www.eldigitaldeasturias.com\/noticias\/wp-content\/uploads\/2020\/12\/EDA.jpg","@id":"https:\/\/eldigitaldeasturias.com\/magazine365\/sophia-loren-sienta-catedra-en-cannes\/#organizationLogo"},"image":{"@id":"https:\/\/eldigitaldeasturias.com\/magazine365\/sophia-loren-sienta-catedra-en-cannes\/#organizationLogo"}},{"@type":"Person","@id":"https:\/\/eldigitaldeasturias.com\/magazine365\/author\/admin\/#author","url":"https:\/\/eldigitaldeasturias.com\/magazine365\/author\/admin\/","name":"admin","image":{"@type":"ImageObject","@id":"https:\/\/eldigitaldeasturias.com\/magazine365\/sophia-loren-sienta-catedra-en-cannes\/#authorImage","url":"https:\/\/eldigitaldeasturias.com\/magazine365\/wp-content\/litespeed\/avatar\/e571bcf59a0edd6fa6838245a470f2fe.jpg?ver=1776969259","width":96,"height":96,"caption":"admin"}},{"@type":"WebPage","@id":"https:\/\/eldigitaldeasturias.com\/magazine365\/sophia-loren-sienta-catedra-en-cannes\/#webpage","url":"https:\/\/eldigitaldeasturias.com\/magazine365\/sophia-loren-sienta-catedra-en-cannes\/","name":"Sophia Loren sienta c\u00e1tedra en Cannes | El Digital de Asturias","description":"Cannes (Francia), 21 may (EFE).- De joven era tan pobre que Sofia Villani Scicolone no pod\u00eda poner un plato de espagueti en la mesa de su madre y su hermana. No consegu\u00eda papeles porque su boca era ancha, su nariz larga y su timidez la paralizaba en las audiciones. \"Fue el momento m\u00e1s triste de","inLanguage":"es-ES","isPartOf":{"@id":"https:\/\/eldigitaldeasturias.com\/magazine365\/#website"},"breadcrumb":{"@id":"https:\/\/eldigitaldeasturias.com\/magazine365\/sophia-loren-sienta-catedra-en-cannes\/#breadcrumblist"},"author":{"@id":"https:\/\/eldigitaldeasturias.com\/magazine365\/author\/admin\/#author"},"creator":{"@id":"https:\/\/eldigitaldeasturias.com\/magazine365\/author\/admin\/#author"},"image":{"@type":"ImageObject","url":"https:\/\/eldigitaldeasturias.com\/magazine365\/wp-content\/uploads\/2014\/05\/6286212w.jpg","@id":"https:\/\/eldigitaldeasturias.com\/magazine365\/sophia-loren-sienta-catedra-en-cannes\/#mainImage","width":800,"height":550},"primaryImageOfPage":{"@id":"https:\/\/eldigitaldeasturias.com\/magazine365\/sophia-loren-sienta-catedra-en-cannes\/#mainImage"},"datePublished":"2014-05-22T00:07:12+02:00","dateModified":"2014-05-22T00:07:12+02:00"},{"@type":"WebSite","@id":"https:\/\/eldigitaldeasturias.com\/magazine365\/#website","url":"https:\/\/eldigitaldeasturias.com\/magazine365\/","name":"El Digital de Asturias","description":"Revista de ocio, turismo y estilo de vida","inLanguage":"es-ES","publisher":{"@id":"https:\/\/eldigitaldeasturias.com\/magazine365\/#organization"}}]},"og:locale":"es_ES","og:site_name":"El Digital de Asturias \u2013 Revista de ocio, turismo y estilo de vida","og:type":"article","og:title":"Sophia Loren sienta c\u00e1tedra en Cannes | El Digital de Asturias","og:description":"Cannes (Francia), 21 may (EFE).- De joven era tan pobre que Sofia Villani Scicolone no pod\u00eda poner un plato de espagueti en la mesa de su madre y su hermana. No consegu\u00eda papeles porque su boca era ancha, su nariz larga y su timidez la paralizaba en las audiciones. &quot;Fue el momento m\u00e1s triste de","og:url":"https:\/\/eldigitaldeasturias.com\/magazine365\/sophia-loren-sienta-catedra-en-cannes\/","og:image":"https:\/\/eldigitaldeasturias.com\/magazine365\/wp-content\/uploads\/2014\/05\/6286212w.jpg","og:image:secure_url":"https:\/\/eldigitaldeasturias.com\/magazine365\/wp-content\/uploads\/2014\/05\/6286212w.jpg","og:image:width":800,"og:image:height":550,"article:published_time":"2014-05-22T02:07:12+00:00","article:modified_time":"2014-05-22T02:07:12+00:00","twitter:card":"summary_large_image","twitter:title":"Sophia Loren sienta c\u00e1tedra en Cannes | El Digital de Asturias","twitter:description":"Cannes (Francia), 21 may (EFE).- De joven era tan pobre que Sofia Villani Scicolone no pod\u00eda poner un plato de espagueti en la mesa de su madre y su hermana. No consegu\u00eda papeles porque su boca era ancha, su nariz larga y su timidez la paralizaba en las audiciones. &quot;Fue el momento m\u00e1s triste de","twitter:image":"https:\/\/eldigitaldeasturias.com\/magazine365\/wp-content\/uploads\/2014\/05\/6286212w.jpg"},"aioseo_meta_data":{"post_id":"13560","title":null,"description":null,"keywords":null,"keyphrases":null,"primary_term":null,"canonical_url":null,"og_title":null,"og_description":null,"og_object_type":"default","og_image_type":"default","og_image_url":null,"og_image_width":null,"og_image_height":null,"og_image_custom_url":null,"og_image_custom_fields":null,"og_video":null,"og_custom_url":null,"og_article_section":null,"og_article_tags":null,"twitter_use_og":false,"twitter_card":"default","twitter_image_type":"default","twitter_image_url":null,"twitter_image_custom_url":null,"twitter_image_custom_fields":null,"twitter_title":null,"twitter_description":null,"schema":{"blockGraphs":[],"customGraphs":[],"default":{"data":{"Article":[],"Course":[],"Dataset":[],"FAQPage":[],"Movie":[],"Person":[],"Product":[],"ProductReview":[],"Car":[],"Recipe":[],"Service":[],"SoftwareApplication":[],"WebPage":[]},"graphName":"","isEnabled":true},"graphs":[],"defaultGraph":"","defaultPostTypeGraph":""},"schema_type":null,"schema_type_options":null,"pillar_content":false,"robots_default":true,"robots_noindex":false,"robots_noarchive":false,"robots_nosnippet":false,"robots_nofollow":false,"robots_noimageindex":false,"robots_noodp":false,"robots_notranslate":false,"robots_max_snippet":null,"robots_max_videopreview":null,"robots_max_imagepreview":"large","priority":null,"frequency":null,"location":null,"local_seo":null,"seo_analyzer_scan_date":"2025-09-17 08:29:14","breadcrumb_settings":null,"limit_modified_date":false,"open_ai":null,"ai":null,"created":"2021-03-09 08:26:54","updated":"2025-09-17 08:29:14"},"aioseo_breadcrumb":"<div class=\"aioseo-breadcrumbs\"><span class=\"aioseo-breadcrumb\">\n\t<a href=\"https:\/\/eldigitaldeasturias.com\/magazine365\" title=\"Home\">Home<\/a>\n<\/span><span class=\"aioseo-breadcrumb-separator\">\u2013<\/span><span class=\"aioseo-breadcrumb\">\n\t<a href=\"https:\/\/eldigitaldeasturias.com\/magazine365\/category\/noticias-actualidad\/\" title=\"Noticias y Actualidad\">Noticias y Actualidad<\/a>\n<\/span><span class=\"aioseo-breadcrumb-separator\">\u2013<\/span><span class=\"aioseo-breadcrumb\">\n\t<a href=\"https:\/\/eldigitaldeasturias.com\/magazine365\/sophia-loren-sienta-catedra-en-cannes\/\" title=\"Sophia Loren sienta c\u00e1tedra en Cannes\">Sophia Loren sienta c\u00e1tedra en Cannes<\/a>\n<\/span><\/div>","aioseo_breadcrumb_json":[{"label":"Home","link":"https:\/\/eldigitaldeasturias.com\/magazine365"},{"label":"Noticias y Actualidad","link":"https:\/\/eldigitaldeasturias.com\/magazine365\/category\/noticias-actualidad\/"},{"label":"Sophia Loren sienta c\u00e1tedra en Cannes","link":"https:\/\/eldigitaldeasturias.com\/magazine365\/sophia-loren-sienta-catedra-en-cannes\/"}],"_links":{"self":[{"href":"https:\/\/eldigitaldeasturias.com\/magazine365\/wp-json\/wp\/v2\/posts\/13560","targetHints":{"allow":["GET"]}}],"collection":[{"href":"https:\/\/eldigitaldeasturias.com\/magazine365\/wp-json\/wp\/v2\/posts"}],"about":[{"href":"https:\/\/eldigitaldeasturias.com\/magazine365\/wp-json\/wp\/v2\/types\/post"}],"author":[{"embeddable":true,"href":"https:\/\/eldigitaldeasturias.com\/magazine365\/wp-json\/wp\/v2\/users\/1"}],"replies":[{"embeddable":true,"href":"https:\/\/eldigitaldeasturias.com\/magazine365\/wp-json\/wp\/v2\/comments?post=13560"}],"version-history":[{"count":0,"href":"https:\/\/eldigitaldeasturias.com\/magazine365\/wp-json\/wp\/v2\/posts\/13560\/revisions"}],"wp:featuredmedia":[{"embeddable":true,"href":"https:\/\/eldigitaldeasturias.com\/magazine365\/wp-json\/wp\/v2\/media\/13561"}],"wp:attachment":[{"href":"https:\/\/eldigitaldeasturias.com\/magazine365\/wp-json\/wp\/v2\/media?parent=13560"}],"wp:term":[{"taxonomy":"category","embeddable":true,"href":"https:\/\/eldigitaldeasturias.com\/magazine365\/wp-json\/wp\/v2\/categories?post=13560"},{"taxonomy":"post_tag","embeddable":true,"href":"https:\/\/eldigitaldeasturias.com\/magazine365\/wp-json\/wp\/v2\/tags?post=13560"}],"curies":[{"name":"wp","href":"https:\/\/api.w.org\/{rel}","templated":true}]}}