{"id":13557,"date":"2014-05-22T00:02:58","date_gmt":"2014-05-22T02:02:58","guid":{"rendered":"http:\/\/eldigitaldeasturias.com\/magazine365\/?p=13557"},"modified":"2014-05-22T00:02:58","modified_gmt":"2014-05-22T02:02:58","slug":"comienza-el-rodaje-de-la-secuela-de-el-hombre-de-acero","status":"publish","type":"post","link":"https:\/\/eldigitaldeasturias.com\/magazine365\/comienza-el-rodaje-de-la-secuela-de-el-hombre-de-acero\/","title":{"rendered":"Comienza el rodaje de la secuela de \u00abEl hombre de acero\u00bb"},"content":{"rendered":"<p><img fetchpriority=\"high\" decoding=\"async\" class=\"alignleft size-medium wp-image-13558\" alt=\"6286408w\" src=\"https:\/\/eldigitaldeasturias.com\/magazine365\/wp-content\/uploads\/2014\/05\/6286408w-360x256.jpg\" width=\"360\" height=\"256\" \/>Los \u00c1ngeles (EE.UU.), 21 may (EFE).- La secuela de \u00abEl hombre de acero\u00bb, finalmente con el t\u00edtulo oficial de \u00abBatman vs. Superman: Dawn of Justice\u00bb, ha comenzado a rodarse hoy en la ciudad estadounidense de Detroit, inform\u00f3 el estudio Warner Bros. en un comunicado.<\/p>\n<p>El filme, dirigido por Zack Snyder, llegar\u00e1 a las salas el 6 de mayo de 2016, fecha en la que tambi\u00e9n est\u00e1 previsto que se estrene la tercera parte de \u00abCapit\u00e1n Am\u00e9rica\u00bb, una de las franquicias m\u00e1s rentables de Disney y Marvel.<\/p>\n<p>\u00abBatman v Superman: Dawn of Justice\u00bb volver\u00e1 a contar con Henry Cavill en el papel de Clark Kent\/Superman, mientras que Ben Affleck har\u00e1 su primera aparici\u00f3n como Bruce Wayne\/Batman. Gal Gadot encarnar\u00e1 a La Mujer Maravilla en un reparto donde aparecer\u00e1n de nuevo Amy Adams, Laurence Fishburne y Diane Lane, presentes en \u00abEl hombre de acero\u00bb.<\/p>\n<p>Otras incorporaciones nuevas al elenco son Jesse Eisenberg como el malvado Lex Luthor, Jeremy Irons como el mayordomo Alfred y Holly Hunter en un nuevo papel creado para la pel\u00edcula.<\/p>\n<p>El rodaje de la pel\u00edcula, que cuenta con un gui\u00f3n de Chris Terrio y David S. Goyer, ha comenzado hoy en el estudio Michigan Motion Picture Studios y m\u00e1s adelante la producci\u00f3n se desplazar\u00e1 a Illinois, \u00c1frica y el Pac\u00edfico sur.<\/p>\n<p>La historia de la pel\u00edcula se basa en los personajes de c\u00f3mic publicados por DC Entertainment. Su t\u00edtulo, \u00abDawn of Justice\u00bb, parece sugerir que se trata de un filme donde se explicar\u00e1n los or\u00edgenes de los protagonistas de \u00abJustice League\u00bb, un proyecto del que se har\u00e1 cargo tambi\u00e9n Snyder.<\/p>\n","protected":false},"excerpt":{"rendered":"<p>Los \u00c1ngeles (EE.UU.), 21 may (EFE).- La secuela de \u00abEl hombre de acero\u00bb, finalmente con el t\u00edtulo oficial de \u00abBatman vs. Superman: Dawn of Justice\u00bb, ha comenzado a rodarse hoy en la ciudad estadounidense de Detroit, inform\u00f3 el estudio Warner Bros. en un comunicado. El filme, dirigido por Zack Snyder, llegar\u00e1 a las salas el<\/p>\n","protected":false},"author":1,"featured_media":13558,"comment_status":"open","ping_status":"closed","sticky":false,"template":"","format":"standard","meta":{"footnotes":""},"categories":[224],"tags":[],"class_list":{"0":"post-13557","1":"post","2":"type-post","3":"status-publish","4":"format-standard","5":"has-post-thumbnail","7":"category-noticias-actualidad"},"aioseo_notices":[],"aioseo_head":"\n\t\t<!-- All in One SEO Pro 4.9.6.1 - aioseo.com -->\n\t<meta name=\"description\" content=\"Los \u00c1ngeles (EE.UU.), 21 may (EFE).- La secuela de &quot;El hombre de acero&quot;, finalmente con el t\u00edtulo oficial de &quot;Batman vs. Superman: Dawn of Justice&quot;, ha comenzado a rodarse hoy en la ciudad estadounidense de Detroit, inform\u00f3 el estudio Warner Bros. en un comunicado. El filme, dirigido por Zack Snyder, llegar\u00e1 a las salas el\" \/>\n\t<meta name=\"robots\" content=\"max-image-preview:large\" \/>\n\t<meta name=\"author\" content=\"admin\"\/>\n\t<meta name=\"google-site-verification\" content=\"UA-38556648-1\" \/>\n\t<meta name=\"keywords\" content=\"noticias y actualidad\" \/>\n\t<link rel=\"canonical\" href=\"https:\/\/eldigitaldeasturias.com\/magazine365\/comienza-el-rodaje-de-la-secuela-de-el-hombre-de-acero\/\" \/>\n\t<meta name=\"generator\" content=\"All in One SEO Pro (AIOSEO) 4.9.6.1\" \/>\n\t\t<meta property=\"og:locale\" content=\"es_ES\" \/>\n\t\t<meta property=\"og:site_name\" content=\"El Digital de Asturias \u2013 Revista de ocio, turismo y estilo de vida\" \/>\n\t\t<meta property=\"og:type\" content=\"article\" \/>\n\t\t<meta property=\"og:title\" content=\"Comienza el rodaje de la secuela de \u00abEl hombre de acero\u00bb | El Digital de Asturias\" \/>\n\t\t<meta property=\"og:description\" content=\"Los \u00c1ngeles (EE.UU.), 21 may (EFE).- La secuela de &quot;El hombre de acero&quot;, finalmente con el t\u00edtulo oficial de &quot;Batman vs. Superman: Dawn of Justice&quot;, ha comenzado a rodarse hoy en la ciudad estadounidense de Detroit, inform\u00f3 el estudio Warner Bros. en un comunicado. El filme, dirigido por Zack Snyder, llegar\u00e1 a las salas el\" \/>\n\t\t<meta property=\"og:url\" content=\"https:\/\/eldigitaldeasturias.com\/magazine365\/comienza-el-rodaje-de-la-secuela-de-el-hombre-de-acero\/\" \/>\n\t\t<meta property=\"og:image\" content=\"https:\/\/eldigitaldeasturias.com\/magazine365\/wp-content\/uploads\/2014\/05\/6286408w.jpg\" \/>\n\t\t<meta property=\"og:image:secure_url\" content=\"https:\/\/eldigitaldeasturias.com\/magazine365\/wp-content\/uploads\/2014\/05\/6286408w.jpg\" \/>\n\t\t<meta property=\"og:image:width\" content=\"800\" \/>\n\t\t<meta property=\"og:image:height\" content=\"571\" \/>\n\t\t<meta property=\"article:published_time\" content=\"2014-05-22T02:02:58+00:00\" \/>\n\t\t<meta property=\"article:modified_time\" content=\"2014-05-22T02:02:58+00:00\" \/>\n\t\t<meta name=\"twitter:card\" content=\"summary_large_image\" \/>\n\t\t<meta name=\"twitter:title\" content=\"Comienza el rodaje de la secuela de \u00abEl hombre de acero\u00bb | El Digital de Asturias\" \/>\n\t\t<meta name=\"twitter:description\" content=\"Los \u00c1ngeles (EE.UU.), 21 may (EFE).- La secuela de &quot;El hombre de acero&quot;, finalmente con el t\u00edtulo oficial de &quot;Batman vs. Superman: Dawn of Justice&quot;, ha comenzado a rodarse hoy en la ciudad estadounidense de Detroit, inform\u00f3 el estudio Warner Bros. en un comunicado. El filme, dirigido por Zack Snyder, llegar\u00e1 a las salas el\" \/>\n\t\t<meta name=\"twitter:image\" content=\"https:\/\/eldigitaldeasturias.com\/magazine365\/wp-content\/uploads\/2014\/05\/6286408w.jpg\" \/>\n\t\t<script type=\"application\/ld+json\" class=\"aioseo-schema\">\n\t\t\t{\"@context\":\"https:\\\/\\\/schema.org\",\"@graph\":[{\"@type\":\"Article\",\"@id\":\"https:\\\/\\\/eldigitaldeasturias.com\\\/magazine365\\\/comienza-el-rodaje-de-la-secuela-de-el-hombre-de-acero\\\/#article\",\"name\":\"Comienza el rodaje de la secuela de \\u00abEl hombre de acero\\u00bb | El Digital de Asturias\",\"headline\":\"Comienza el rodaje de la secuela de \\u00abEl hombre de acero\\u00bb\",\"author\":{\"@id\":\"https:\\\/\\\/eldigitaldeasturias.com\\\/magazine365\\\/author\\\/admin\\\/#author\"},\"publisher\":{\"@id\":\"https:\\\/\\\/eldigitaldeasturias.com\\\/magazine365\\\/#organization\"},\"image\":{\"@type\":\"ImageObject\",\"url\":\"https:\\\/\\\/eldigitaldeasturias.com\\\/magazine365\\\/wp-content\\\/uploads\\\/2014\\\/05\\\/6286408w.jpg\",\"width\":800,\"height\":571},\"datePublished\":\"2014-05-22T00:02:58+02:00\",\"dateModified\":\"2014-05-22T00:02:58+02:00\",\"inLanguage\":\"es-ES\",\"mainEntityOfPage\":{\"@id\":\"https:\\\/\\\/eldigitaldeasturias.com\\\/magazine365\\\/comienza-el-rodaje-de-la-secuela-de-el-hombre-de-acero\\\/#webpage\"},\"isPartOf\":{\"@id\":\"https:\\\/\\\/eldigitaldeasturias.com\\\/magazine365\\\/comienza-el-rodaje-de-la-secuela-de-el-hombre-de-acero\\\/#webpage\"},\"articleSection\":\"Noticias y Actualidad\"},{\"@type\":\"BreadcrumbList\",\"@id\":\"https:\\\/\\\/eldigitaldeasturias.com\\\/magazine365\\\/comienza-el-rodaje-de-la-secuela-de-el-hombre-de-acero\\\/#breadcrumblist\",\"itemListElement\":[{\"@type\":\"ListItem\",\"@id\":\"https:\\\/\\\/eldigitaldeasturias.com\\\/magazine365#listItem\",\"position\":1,\"name\":\"Home\",\"item\":\"https:\\\/\\\/eldigitaldeasturias.com\\\/magazine365\",\"nextItem\":{\"@type\":\"ListItem\",\"@id\":\"https:\\\/\\\/eldigitaldeasturias.com\\\/magazine365\\\/category\\\/noticias-actualidad\\\/#listItem\",\"name\":\"Noticias y Actualidad\"}},{\"@type\":\"ListItem\",\"@id\":\"https:\\\/\\\/eldigitaldeasturias.com\\\/magazine365\\\/category\\\/noticias-actualidad\\\/#listItem\",\"position\":2,\"name\":\"Noticias y Actualidad\",\"item\":\"https:\\\/\\\/eldigitaldeasturias.com\\\/magazine365\\\/category\\\/noticias-actualidad\\\/\",\"nextItem\":{\"@type\":\"ListItem\",\"@id\":\"https:\\\/\\\/eldigitaldeasturias.com\\\/magazine365\\\/comienza-el-rodaje-de-la-secuela-de-el-hombre-de-acero\\\/#listItem\",\"name\":\"Comienza el rodaje de la secuela de \\u00abEl hombre de acero\\u00bb\"},\"previousItem\":{\"@type\":\"ListItem\",\"@id\":\"https:\\\/\\\/eldigitaldeasturias.com\\\/magazine365#listItem\",\"name\":\"Home\"}},{\"@type\":\"ListItem\",\"@id\":\"https:\\\/\\\/eldigitaldeasturias.com\\\/magazine365\\\/comienza-el-rodaje-de-la-secuela-de-el-hombre-de-acero\\\/#listItem\",\"position\":3,\"name\":\"Comienza el rodaje de la secuela de \\u00abEl hombre de acero\\u00bb\",\"previousItem\":{\"@type\":\"ListItem\",\"@id\":\"https:\\\/\\\/eldigitaldeasturias.com\\\/magazine365\\\/category\\\/noticias-actualidad\\\/#listItem\",\"name\":\"Noticias y Actualidad\"}}]},{\"@type\":\"Organization\",\"@id\":\"https:\\\/\\\/eldigitaldeasturias.com\\\/magazine365\\\/#organization\",\"name\":\"El digital de Asturias\",\"description\":\"Revista de ocio, turismo y estilo de vida\",\"url\":\"https:\\\/\\\/eldigitaldeasturias.com\\\/magazine365\\\/\",\"logo\":{\"@type\":\"ImageObject\",\"url\":\"https:\\\/\\\/www.eldigitaldeasturias.com\\\/noticias\\\/wp-content\\\/uploads\\\/2020\\\/12\\\/EDA.jpg\",\"@id\":\"https:\\\/\\\/eldigitaldeasturias.com\\\/magazine365\\\/comienza-el-rodaje-de-la-secuela-de-el-hombre-de-acero\\\/#organizationLogo\"},\"image\":{\"@id\":\"https:\\\/\\\/eldigitaldeasturias.com\\\/magazine365\\\/comienza-el-rodaje-de-la-secuela-de-el-hombre-de-acero\\\/#organizationLogo\"}},{\"@type\":\"Person\",\"@id\":\"https:\\\/\\\/eldigitaldeasturias.com\\\/magazine365\\\/author\\\/admin\\\/#author\",\"url\":\"https:\\\/\\\/eldigitaldeasturias.com\\\/magazine365\\\/author\\\/admin\\\/\",\"name\":\"admin\",\"image\":{\"@type\":\"ImageObject\",\"@id\":\"https:\\\/\\\/eldigitaldeasturias.com\\\/magazine365\\\/comienza-el-rodaje-de-la-secuela-de-el-hombre-de-acero\\\/#authorImage\",\"url\":\"https:\\\/\\\/eldigitaldeasturias.com\\\/magazine365\\\/wp-content\\\/litespeed\\\/avatar\\\/e571bcf59a0edd6fa6838245a470f2fe.jpg?ver=1776969259\",\"width\":96,\"height\":96,\"caption\":\"admin\"}},{\"@type\":\"WebPage\",\"@id\":\"https:\\\/\\\/eldigitaldeasturias.com\\\/magazine365\\\/comienza-el-rodaje-de-la-secuela-de-el-hombre-de-acero\\\/#webpage\",\"url\":\"https:\\\/\\\/eldigitaldeasturias.com\\\/magazine365\\\/comienza-el-rodaje-de-la-secuela-de-el-hombre-de-acero\\\/\",\"name\":\"Comienza el rodaje de la secuela de \\u00abEl hombre de acero\\u00bb | El Digital de Asturias\",\"description\":\"Los \\u00c1ngeles (EE.UU.), 21 may (EFE).- La secuela de \\\"El hombre de acero\\\", finalmente con el t\\u00edtulo oficial de \\\"Batman vs. Superman: Dawn of Justice\\\", ha comenzado a rodarse hoy en la ciudad estadounidense de Detroit, inform\\u00f3 el estudio Warner Bros. en un comunicado. El filme, dirigido por Zack Snyder, llegar\\u00e1 a las salas el\",\"inLanguage\":\"es-ES\",\"isPartOf\":{\"@id\":\"https:\\\/\\\/eldigitaldeasturias.com\\\/magazine365\\\/#website\"},\"breadcrumb\":{\"@id\":\"https:\\\/\\\/eldigitaldeasturias.com\\\/magazine365\\\/comienza-el-rodaje-de-la-secuela-de-el-hombre-de-acero\\\/#breadcrumblist\"},\"author\":{\"@id\":\"https:\\\/\\\/eldigitaldeasturias.com\\\/magazine365\\\/author\\\/admin\\\/#author\"},\"creator\":{\"@id\":\"https:\\\/\\\/eldigitaldeasturias.com\\\/magazine365\\\/author\\\/admin\\\/#author\"},\"image\":{\"@type\":\"ImageObject\",\"url\":\"https:\\\/\\\/eldigitaldeasturias.com\\\/magazine365\\\/wp-content\\\/uploads\\\/2014\\\/05\\\/6286408w.jpg\",\"@id\":\"https:\\\/\\\/eldigitaldeasturias.com\\\/magazine365\\\/comienza-el-rodaje-de-la-secuela-de-el-hombre-de-acero\\\/#mainImage\",\"width\":800,\"height\":571},\"primaryImageOfPage\":{\"@id\":\"https:\\\/\\\/eldigitaldeasturias.com\\\/magazine365\\\/comienza-el-rodaje-de-la-secuela-de-el-hombre-de-acero\\\/#mainImage\"},\"datePublished\":\"2014-05-22T00:02:58+02:00\",\"dateModified\":\"2014-05-22T00:02:58+02:00\"},{\"@type\":\"WebSite\",\"@id\":\"https:\\\/\\\/eldigitaldeasturias.com\\\/magazine365\\\/#website\",\"url\":\"https:\\\/\\\/eldigitaldeasturias.com\\\/magazine365\\\/\",\"name\":\"El Digital de Asturias\",\"description\":\"Revista de ocio, turismo y estilo de vida\",\"inLanguage\":\"es-ES\",\"publisher\":{\"@id\":\"https:\\\/\\\/eldigitaldeasturias.com\\\/magazine365\\\/#organization\"}}]}\n\t\t<\/script>\n\t\t<!-- All in One SEO Pro -->\r\n\t\t<title>Comienza el rodaje de la secuela de \u00abEl hombre de acero\u00bb | El Digital de Asturias<\/title>\n\n","aioseo_head_json":{"title":"Comienza el rodaje de la secuela de \u00abEl hombre de acero\u00bb | El Digital de Asturias","description":"Los \u00c1ngeles (EE.UU.), 21 may (EFE).- La secuela de \"El hombre de acero\", finalmente con el t\u00edtulo oficial de \"Batman vs. Superman: Dawn of Justice\", ha comenzado a rodarse hoy en la ciudad estadounidense de Detroit, inform\u00f3 el estudio Warner Bros. en un comunicado. El filme, dirigido por Zack Snyder, llegar\u00e1 a las salas el","canonical_url":"https:\/\/eldigitaldeasturias.com\/magazine365\/comienza-el-rodaje-de-la-secuela-de-el-hombre-de-acero\/","robots":"max-image-preview:large","keywords":"noticias y actualidad","webmasterTools":{"google-site-verification":"UA-38556648-1","miscellaneous":""},"schema":{"@context":"https:\/\/schema.org","@graph":[{"@type":"Article","@id":"https:\/\/eldigitaldeasturias.com\/magazine365\/comienza-el-rodaje-de-la-secuela-de-el-hombre-de-acero\/#article","name":"Comienza el rodaje de la secuela de \u00abEl hombre de acero\u00bb | El Digital de Asturias","headline":"Comienza el rodaje de la secuela de \u00abEl hombre de acero\u00bb","author":{"@id":"https:\/\/eldigitaldeasturias.com\/magazine365\/author\/admin\/#author"},"publisher":{"@id":"https:\/\/eldigitaldeasturias.com\/magazine365\/#organization"},"image":{"@type":"ImageObject","url":"https:\/\/eldigitaldeasturias.com\/magazine365\/wp-content\/uploads\/2014\/05\/6286408w.jpg","width":800,"height":571},"datePublished":"2014-05-22T00:02:58+02:00","dateModified":"2014-05-22T00:02:58+02:00","inLanguage":"es-ES","mainEntityOfPage":{"@id":"https:\/\/eldigitaldeasturias.com\/magazine365\/comienza-el-rodaje-de-la-secuela-de-el-hombre-de-acero\/#webpage"},"isPartOf":{"@id":"https:\/\/eldigitaldeasturias.com\/magazine365\/comienza-el-rodaje-de-la-secuela-de-el-hombre-de-acero\/#webpage"},"articleSection":"Noticias y Actualidad"},{"@type":"BreadcrumbList","@id":"https:\/\/eldigitaldeasturias.com\/magazine365\/comienza-el-rodaje-de-la-secuela-de-el-hombre-de-acero\/#breadcrumblist","itemListElement":[{"@type":"ListItem","@id":"https:\/\/eldigitaldeasturias.com\/magazine365#listItem","position":1,"name":"Home","item":"https:\/\/eldigitaldeasturias.com\/magazine365","nextItem":{"@type":"ListItem","@id":"https:\/\/eldigitaldeasturias.com\/magazine365\/category\/noticias-actualidad\/#listItem","name":"Noticias y Actualidad"}},{"@type":"ListItem","@id":"https:\/\/eldigitaldeasturias.com\/magazine365\/category\/noticias-actualidad\/#listItem","position":2,"name":"Noticias y Actualidad","item":"https:\/\/eldigitaldeasturias.com\/magazine365\/category\/noticias-actualidad\/","nextItem":{"@type":"ListItem","@id":"https:\/\/eldigitaldeasturias.com\/magazine365\/comienza-el-rodaje-de-la-secuela-de-el-hombre-de-acero\/#listItem","name":"Comienza el rodaje de la secuela de \u00abEl hombre de acero\u00bb"},"previousItem":{"@type":"ListItem","@id":"https:\/\/eldigitaldeasturias.com\/magazine365#listItem","name":"Home"}},{"@type":"ListItem","@id":"https:\/\/eldigitaldeasturias.com\/magazine365\/comienza-el-rodaje-de-la-secuela-de-el-hombre-de-acero\/#listItem","position":3,"name":"Comienza el rodaje de la secuela de \u00abEl hombre de acero\u00bb","previousItem":{"@type":"ListItem","@id":"https:\/\/eldigitaldeasturias.com\/magazine365\/category\/noticias-actualidad\/#listItem","name":"Noticias y Actualidad"}}]},{"@type":"Organization","@id":"https:\/\/eldigitaldeasturias.com\/magazine365\/#organization","name":"El digital de Asturias","description":"Revista de ocio, turismo y estilo de vida","url":"https:\/\/eldigitaldeasturias.com\/magazine365\/","logo":{"@type":"ImageObject","url":"https:\/\/www.eldigitaldeasturias.com\/noticias\/wp-content\/uploads\/2020\/12\/EDA.jpg","@id":"https:\/\/eldigitaldeasturias.com\/magazine365\/comienza-el-rodaje-de-la-secuela-de-el-hombre-de-acero\/#organizationLogo"},"image":{"@id":"https:\/\/eldigitaldeasturias.com\/magazine365\/comienza-el-rodaje-de-la-secuela-de-el-hombre-de-acero\/#organizationLogo"}},{"@type":"Person","@id":"https:\/\/eldigitaldeasturias.com\/magazine365\/author\/admin\/#author","url":"https:\/\/eldigitaldeasturias.com\/magazine365\/author\/admin\/","name":"admin","image":{"@type":"ImageObject","@id":"https:\/\/eldigitaldeasturias.com\/magazine365\/comienza-el-rodaje-de-la-secuela-de-el-hombre-de-acero\/#authorImage","url":"https:\/\/eldigitaldeasturias.com\/magazine365\/wp-content\/litespeed\/avatar\/e571bcf59a0edd6fa6838245a470f2fe.jpg?ver=1776969259","width":96,"height":96,"caption":"admin"}},{"@type":"WebPage","@id":"https:\/\/eldigitaldeasturias.com\/magazine365\/comienza-el-rodaje-de-la-secuela-de-el-hombre-de-acero\/#webpage","url":"https:\/\/eldigitaldeasturias.com\/magazine365\/comienza-el-rodaje-de-la-secuela-de-el-hombre-de-acero\/","name":"Comienza el rodaje de la secuela de \u00abEl hombre de acero\u00bb | El Digital de Asturias","description":"Los \u00c1ngeles (EE.UU.), 21 may (EFE).- La secuela de \"El hombre de acero\", finalmente con el t\u00edtulo oficial de \"Batman vs. Superman: Dawn of Justice\", ha comenzado a rodarse hoy en la ciudad estadounidense de Detroit, inform\u00f3 el estudio Warner Bros. en un comunicado. El filme, dirigido por Zack Snyder, llegar\u00e1 a las salas el","inLanguage":"es-ES","isPartOf":{"@id":"https:\/\/eldigitaldeasturias.com\/magazine365\/#website"},"breadcrumb":{"@id":"https:\/\/eldigitaldeasturias.com\/magazine365\/comienza-el-rodaje-de-la-secuela-de-el-hombre-de-acero\/#breadcrumblist"},"author":{"@id":"https:\/\/eldigitaldeasturias.com\/magazine365\/author\/admin\/#author"},"creator":{"@id":"https:\/\/eldigitaldeasturias.com\/magazine365\/author\/admin\/#author"},"image":{"@type":"ImageObject","url":"https:\/\/eldigitaldeasturias.com\/magazine365\/wp-content\/uploads\/2014\/05\/6286408w.jpg","@id":"https:\/\/eldigitaldeasturias.com\/magazine365\/comienza-el-rodaje-de-la-secuela-de-el-hombre-de-acero\/#mainImage","width":800,"height":571},"primaryImageOfPage":{"@id":"https:\/\/eldigitaldeasturias.com\/magazine365\/comienza-el-rodaje-de-la-secuela-de-el-hombre-de-acero\/#mainImage"},"datePublished":"2014-05-22T00:02:58+02:00","dateModified":"2014-05-22T00:02:58+02:00"},{"@type":"WebSite","@id":"https:\/\/eldigitaldeasturias.com\/magazine365\/#website","url":"https:\/\/eldigitaldeasturias.com\/magazine365\/","name":"El Digital de Asturias","description":"Revista de ocio, turismo y estilo de vida","inLanguage":"es-ES","publisher":{"@id":"https:\/\/eldigitaldeasturias.com\/magazine365\/#organization"}}]},"og:locale":"es_ES","og:site_name":"El Digital de Asturias \u2013 Revista de ocio, turismo y estilo de vida","og:type":"article","og:title":"Comienza el rodaje de la secuela de \u00abEl hombre de acero\u00bb | El Digital de Asturias","og:description":"Los \u00c1ngeles (EE.UU.), 21 may (EFE).- La secuela de &quot;El hombre de acero&quot;, finalmente con el t\u00edtulo oficial de &quot;Batman vs. Superman: Dawn of Justice&quot;, ha comenzado a rodarse hoy en la ciudad estadounidense de Detroit, inform\u00f3 el estudio Warner Bros. en un comunicado. El filme, dirigido por Zack Snyder, llegar\u00e1 a las salas el","og:url":"https:\/\/eldigitaldeasturias.com\/magazine365\/comienza-el-rodaje-de-la-secuela-de-el-hombre-de-acero\/","og:image":"https:\/\/eldigitaldeasturias.com\/magazine365\/wp-content\/uploads\/2014\/05\/6286408w.jpg","og:image:secure_url":"https:\/\/eldigitaldeasturias.com\/magazine365\/wp-content\/uploads\/2014\/05\/6286408w.jpg","og:image:width":800,"og:image:height":571,"article:published_time":"2014-05-22T02:02:58+00:00","article:modified_time":"2014-05-22T02:02:58+00:00","twitter:card":"summary_large_image","twitter:title":"Comienza el rodaje de la secuela de \u00abEl hombre de acero\u00bb | El Digital de Asturias","twitter:description":"Los \u00c1ngeles (EE.UU.), 21 may (EFE).- La secuela de &quot;El hombre de acero&quot;, finalmente con el t\u00edtulo oficial de &quot;Batman vs. Superman: Dawn of Justice&quot;, ha comenzado a rodarse hoy en la ciudad estadounidense de Detroit, inform\u00f3 el estudio Warner Bros. en un comunicado. El filme, dirigido por Zack Snyder, llegar\u00e1 a las salas el","twitter:image":"https:\/\/eldigitaldeasturias.com\/magazine365\/wp-content\/uploads\/2014\/05\/6286408w.jpg"},"aioseo_meta_data":{"post_id":"13557","title":null,"description":null,"keywords":null,"keyphrases":null,"primary_term":null,"canonical_url":null,"og_title":null,"og_description":null,"og_object_type":"default","og_image_type":"default","og_image_url":null,"og_image_width":null,"og_image_height":null,"og_image_custom_url":null,"og_image_custom_fields":null,"og_video":null,"og_custom_url":null,"og_article_section":null,"og_article_tags":null,"twitter_use_og":false,"twitter_card":"default","twitter_image_type":"default","twitter_image_url":null,"twitter_image_custom_url":null,"twitter_image_custom_fields":null,"twitter_title":null,"twitter_description":null,"schema":{"blockGraphs":[],"customGraphs":[],"default":{"data":{"Article":[],"Course":[],"Dataset":[],"FAQPage":[],"Movie":[],"Person":[],"Product":[],"ProductReview":[],"Car":[],"Recipe":[],"Service":[],"SoftwareApplication":[],"WebPage":[]},"graphName":"","isEnabled":true},"graphs":[],"defaultGraph":"","defaultPostTypeGraph":""},"schema_type":null,"schema_type_options":null,"pillar_content":false,"robots_default":true,"robots_noindex":false,"robots_noarchive":false,"robots_nosnippet":false,"robots_nofollow":false,"robots_noimageindex":false,"robots_noodp":false,"robots_notranslate":false,"robots_max_snippet":null,"robots_max_videopreview":null,"robots_max_imagepreview":"large","priority":null,"frequency":null,"location":null,"local_seo":null,"seo_analyzer_scan_date":"2025-09-17 08:29:12","breadcrumb_settings":null,"limit_modified_date":false,"open_ai":null,"ai":null,"created":"2021-03-09 08:26:54","updated":"2025-09-17 08:29:12"},"aioseo_breadcrumb":"<div class=\"aioseo-breadcrumbs\"><span class=\"aioseo-breadcrumb\">\n\t<a href=\"https:\/\/eldigitaldeasturias.com\/magazine365\" title=\"Home\">Home<\/a>\n<\/span><span class=\"aioseo-breadcrumb-separator\">\u2013<\/span><span class=\"aioseo-breadcrumb\">\n\t<a href=\"https:\/\/eldigitaldeasturias.com\/magazine365\/category\/noticias-actualidad\/\" title=\"Noticias y Actualidad\">Noticias y Actualidad<\/a>\n<\/span><span class=\"aioseo-breadcrumb-separator\">\u2013<\/span><span class=\"aioseo-breadcrumb\">\n\t<a href=\"https:\/\/eldigitaldeasturias.com\/magazine365\/comienza-el-rodaje-de-la-secuela-de-el-hombre-de-acero\/\" title=\"Comienza el rodaje de la secuela de \u00abEl hombre de acero\u00bb\">Comienza el rodaje de la secuela de \u00abEl hombre de acero\u00bb<\/a>\n<\/span><\/div>","aioseo_breadcrumb_json":[{"label":"Home","link":"https:\/\/eldigitaldeasturias.com\/magazine365"},{"label":"Noticias y Actualidad","link":"https:\/\/eldigitaldeasturias.com\/magazine365\/category\/noticias-actualidad\/"},{"label":"Comienza el rodaje de la secuela de \u00abEl hombre de acero\u00bb","link":"https:\/\/eldigitaldeasturias.com\/magazine365\/comienza-el-rodaje-de-la-secuela-de-el-hombre-de-acero\/"}],"_links":{"self":[{"href":"https:\/\/eldigitaldeasturias.com\/magazine365\/wp-json\/wp\/v2\/posts\/13557","targetHints":{"allow":["GET"]}}],"collection":[{"href":"https:\/\/eldigitaldeasturias.com\/magazine365\/wp-json\/wp\/v2\/posts"}],"about":[{"href":"https:\/\/eldigitaldeasturias.com\/magazine365\/wp-json\/wp\/v2\/types\/post"}],"author":[{"embeddable":true,"href":"https:\/\/eldigitaldeasturias.com\/magazine365\/wp-json\/wp\/v2\/users\/1"}],"replies":[{"embeddable":true,"href":"https:\/\/eldigitaldeasturias.com\/magazine365\/wp-json\/wp\/v2\/comments?post=13557"}],"version-history":[{"count":0,"href":"https:\/\/eldigitaldeasturias.com\/magazine365\/wp-json\/wp\/v2\/posts\/13557\/revisions"}],"wp:featuredmedia":[{"embeddable":true,"href":"https:\/\/eldigitaldeasturias.com\/magazine365\/wp-json\/wp\/v2\/media\/13558"}],"wp:attachment":[{"href":"https:\/\/eldigitaldeasturias.com\/magazine365\/wp-json\/wp\/v2\/media?parent=13557"}],"wp:term":[{"taxonomy":"category","embeddable":true,"href":"https:\/\/eldigitaldeasturias.com\/magazine365\/wp-json\/wp\/v2\/categories?post=13557"},{"taxonomy":"post_tag","embeddable":true,"href":"https:\/\/eldigitaldeasturias.com\/magazine365\/wp-json\/wp\/v2\/tags?post=13557"}],"curies":[{"name":"wp","href":"https:\/\/api.w.org\/{rel}","templated":true}]}}