{"id":13550,"date":"2014-05-21T23:58:45","date_gmt":"2014-05-22T01:58:45","guid":{"rendered":"http:\/\/eldigitaldeasturias.com\/magazine365\/?p=13550"},"modified":"2014-05-21T23:58:45","modified_gmt":"2014-05-22T01:58:45","slug":"godard-ausente-se-hace-con-cannes-con-su-extrana-critica-del-totalitarismo","status":"publish","type":"post","link":"https:\/\/eldigitaldeasturias.com\/magazine365\/godard-ausente-se-hace-con-cannes-con-su-extrana-critica-del-totalitarismo\/","title":{"rendered":"Godard, ausente, se hace con Cannes con su extra\u00f1a cr\u00edtica del totalitarismo"},"content":{"rendered":"<p><img fetchpriority=\"high\" decoding=\"async\" class=\"alignleft size-medium wp-image-13552\" alt=\"6285793w\" src=\"https:\/\/eldigitaldeasturias.com\/magazine365\/wp-content\/uploads\/2014\/05\/6285793w1-360x207.jpg\" width=\"360\" height=\"207\" srcset=\"https:\/\/eldigitaldeasturias.com\/magazine365\/wp-content\/uploads\/2014\/05\/6285793w1-360x207.jpg 360w, https:\/\/eldigitaldeasturias.com\/magazine365\/wp-content\/uploads\/2014\/05\/6285793w1-650x375.jpg 650w, https:\/\/eldigitaldeasturias.com\/magazine365\/wp-content\/uploads\/2014\/05\/6285793w1-768x443.jpg 768w, https:\/\/eldigitaldeasturias.com\/magazine365\/wp-content\/uploads\/2014\/05\/6285793w1-150x86.jpg 150w, https:\/\/eldigitaldeasturias.com\/magazine365\/wp-content\/uploads\/2014\/05\/6285793w1-450x259.jpg 450w, https:\/\/eldigitaldeasturias.com\/magazine365\/wp-content\/uploads\/2014\/05\/6285793w1-696x401.jpg 696w, https:\/\/eldigitaldeasturias.com\/magazine365\/wp-content\/uploads\/2014\/05\/6285793w1-729x420.jpg 729w, https:\/\/eldigitaldeasturias.com\/magazine365\/wp-content\/uploads\/2014\/05\/6285793w1-172x100.jpg 172w, https:\/\/eldigitaldeasturias.com\/magazine365\/wp-content\/uploads\/2014\/05\/6285793w1.jpg 800w\" sizes=\"(max-width: 360px) 100vw, 360px\" \/>Cannes (Francia), 21 may (EFE).- El siempre pol\u00e9mico y rebelde Jean-Luc Godard sigue fiel a sus principios y no viaj\u00f3 a Cannes para presentar su \u00faltima pel\u00edcula, \u00abAdieu au language\u00bb, que pese a todo conquist\u00f3 el festival desde su extra\u00f1a y un tanto inconexa reflexi\u00f3n contra el totalitarismo.<\/p>\n<p>Godard, que en un primer momento hab\u00eda dicho que acudir\u00eda, rechaz\u00f3 finalmente viajar para el estreno de su filme, que compite por la Palma de Oro, aunque sin dar explicaciones. Pero poco despu\u00e9s de la proyecci\u00f3n de hoy se hizo p\u00fablica una \u00abcarta filmada\u00bb en la que el cineasta franc\u00e9s agradece la invitaci\u00f3n a Cannes y ofrece una explicaci\u00f3n a su ausencia, eso s\u00ed, a su modo.<\/p>\n<p>La carta -un v\u00eddeo de poco m\u00e1s de ocho minutos- da las gracias al presidente del festival, Gilles Jacob, y al delegado general, Thierry Fr\u00e9maux, por haberle invitado de nuevo pero les recuerda que hace mucho que no participa en la distribuci\u00f3n de sus filmes.<\/p>\n<p>\u00abNo soy tampoco el que vosotros cre\u00e9is que a\u00fan soy\u00bb, afirma el realizador, de 83 a\u00f1os, en un v\u00eddeo titulado \u00abKHAN KHANNE s\u00e9lection naturelle 2014\u00bb, en el que se suceden referencias a Hannah Arendt, Cordelia Lear, Fran\u00e7ois Truffaut y aparecen lugares como el lago Leman o Cuba a finales de los sesenta.<\/p>\n<p>\u00abHoy, como siempre, creo que la posibilidad de explicar es la \u00fanica excusa a la distancia de la palabra, a la existencia de la palabra\u00bb, afirma Godard en su carta bajo los acordes de \u00abTake this Waltz\u00bb, de Leonard Cohen.<\/p>\n<p>Un v\u00eddeo muy similar a la pel\u00edcula que present\u00f3 hoy en el festival, en la que lanza mensajes contra los totalitarismos mezclados con la relaci\u00f3n de una pareja que se muestran durante casi todo el metraje desnudos manteniendo conversaciones filos\u00f3ficas.<\/p>\n<p>Im\u00e1genes de ficci\u00f3n con algunas documentales y escenas de pel\u00edculas antiguas se alternan con partes en las que la pantalla aparece en negro mientras una voz en \u00aboff\u00bb contin\u00faa la narraci\u00f3n.<\/p>\n<p>Un llamamiento a luchar contra el gobierno por problemas como el de la sanidad; afirmaciones sobre las trampas que ponen las leyes o menciones a Hitler, a Alexandr Solzhenitsyn, Mao Tse Tung o Che Guevara, salpican una pel\u00edcula que apenas dura 70 minutos y que recibi\u00f3 una gran ovaci\u00f3n al finalizar la proyecci\u00f3n por parte de un p\u00fablico mayoritariamente franc\u00e9s.<\/p>\n<p>\u00abMaquiavelo, Richelieu, Bismarck, una gran tradici\u00f3n que ha preparado esta crisis\u00bb; \u00abLa mujer no puede hacer da\u00f1o, puede matarte, eso es todo\u00bb; \u00abNo es el animal el que est\u00e1 solo, sino el hombre\u00bb son algunas sentencias de una pel\u00edcula que contin\u00faa con el estilo mostrado por el cineasta franco-suizo en los \u00faltimos a\u00f1os.<\/p>\n<p>Es decir, una yuxtaposici\u00f3n de im\u00e1genes, voces y ruidos, que en esta ocasi\u00f3n el realizador ha querido modernizar haci\u00e9ndolo en un 3D que no tiene demasiada justificaci\u00f3n.<\/p>\n<p>La naturaleza y la met\u00e1fora como pr\u00f3logos al adi\u00f3s al lenguaje del t\u00edtulo en una pel\u00edcula que finaliza diciendo: \u00ab\u00bfQu\u00e9 es el hombre?, \u00bfQu\u00e9 es una ciudad?, \u00bfQu\u00e9 es el lenguaje?\u00bb.<\/p>\n<p>Todo un juego de im\u00e1genes con el que uno de los m\u00e1ximos exponentes de la \u00abnouvelle vague\u00bb francesa compite para hacerse con la que ser\u00eda la primera Palma de Oro de su carrera.<\/p>\n<p>Porque pese a ser considerado un genio, Godard nunca ha sido profeta en su tierra.<\/p>\n<p>No ha ganado ning\u00fan premio en Cannes y de los C\u00e9sar apenas dos honorarios, al igual que los \u00d3scar, que reconocieron su talento con un premio a su carrera en 2010 que el maestro no fue a recoger.<\/p>\n<p>Y ello siendo uno de los miembros esenciales del movimiento franc\u00e9s que cambi\u00f3 el cine desde una propuesta innovadora, cr\u00edtica y comprometida, con una de las pel\u00edculas m\u00e1s representativas de esa \u00abnouvelle vague\u00bb, \u00abAl final de la escapada\u00bb.<\/p>\n<p>El \u00e9xito de esta pel\u00edcula de 1959, con constantes rupturas del hilo conductor -algo que el cineasta sigue manteniendo en sus filmes-, fue el respaldo necesario para ese movimiento de cineastas franceses entre los que tambi\u00e9n estaban Truffaut, Claude Chabrol o \u00c9ric Rohmer.<\/p>\n<p>Comprometido con la izquierda, con su propia visi\u00f3n de la izquierda, se ha mostrado siempre del lado de la lucha del proletariado, de los palestinos frente a los jud\u00edos y en contra de todo boato y banalizaci\u00f3n del cine.<\/p>\n<p>De ah\u00ed su poco gusto por los festivales. Ni siquiera por el de Cannes, donde es uno de los cineastas mejor tratados, con seis de sus pel\u00edculas en la competici\u00f3n oficial. La \u00faltima antes de \u00abAdieu au langage\u00bb fue \u00abElogio del amor\u00bb, en 2001.<\/p>\n<p>Alicia Garc\u00eda de Francisco<\/p>\n","protected":false},"excerpt":{"rendered":"<p>Cannes (Francia), 21 may (EFE).- El siempre pol\u00e9mico y rebelde Jean-Luc Godard sigue fiel a sus principios y no viaj\u00f3 a Cannes para presentar su \u00faltima pel\u00edcula, \u00abAdieu au language\u00bb, que pese a todo conquist\u00f3 el festival desde su extra\u00f1a y un tanto inconexa reflexi\u00f3n contra el totalitarismo. Godard, que en un primer momento hab\u00eda<\/p>\n","protected":false},"author":1,"featured_media":13552,"comment_status":"open","ping_status":"closed","sticky":false,"template":"","format":"standard","meta":{"footnotes":""},"categories":[224],"tags":[],"class_list":{"0":"post-13550","1":"post","2":"type-post","3":"status-publish","4":"format-standard","5":"has-post-thumbnail","7":"category-noticias-actualidad"},"aioseo_notices":[],"aioseo_head":"\n\t\t<!-- All in One SEO Pro 4.9.6.1 - aioseo.com -->\n\t<meta name=\"description\" content=\"Cannes (Francia), 21 may (EFE).- El siempre pol\u00e9mico y rebelde Jean-Luc Godard sigue fiel a sus principios y no viaj\u00f3 a Cannes para presentar su \u00faltima pel\u00edcula, &quot;Adieu au language&quot;, que pese a todo conquist\u00f3 el festival desde su extra\u00f1a y un tanto inconexa reflexi\u00f3n contra el totalitarismo. Godard, que en un primer momento hab\u00eda\" \/>\n\t<meta name=\"robots\" content=\"max-image-preview:large\" \/>\n\t<meta name=\"author\" content=\"admin\"\/>\n\t<meta name=\"google-site-verification\" content=\"UA-38556648-1\" \/>\n\t<meta name=\"keywords\" content=\"noticias y actualidad\" \/>\n\t<link rel=\"canonical\" href=\"https:\/\/eldigitaldeasturias.com\/magazine365\/godard-ausente-se-hace-con-cannes-con-su-extrana-critica-del-totalitarismo\/\" \/>\n\t<meta name=\"generator\" content=\"All in One SEO Pro (AIOSEO) 4.9.6.1\" \/>\n\t\t<meta property=\"og:locale\" content=\"es_ES\" \/>\n\t\t<meta property=\"og:site_name\" content=\"El Digital de Asturias \u2013 Revista de ocio, turismo y estilo de vida\" \/>\n\t\t<meta property=\"og:type\" content=\"article\" \/>\n\t\t<meta property=\"og:title\" content=\"Godard, ausente, se hace con Cannes con su extra\u00f1a cr\u00edtica del totalitarismo | El Digital de Asturias\" \/>\n\t\t<meta property=\"og:description\" content=\"Cannes (Francia), 21 may (EFE).- El siempre pol\u00e9mico y rebelde Jean-Luc Godard sigue fiel a sus principios y no viaj\u00f3 a Cannes para presentar su \u00faltima pel\u00edcula, &quot;Adieu au language&quot;, que pese a todo conquist\u00f3 el festival desde su extra\u00f1a y un tanto inconexa reflexi\u00f3n contra el totalitarismo. Godard, que en un primer momento hab\u00eda\" \/>\n\t\t<meta property=\"og:url\" content=\"https:\/\/eldigitaldeasturias.com\/magazine365\/godard-ausente-se-hace-con-cannes-con-su-extrana-critica-del-totalitarismo\/\" \/>\n\t\t<meta property=\"og:image\" content=\"https:\/\/eldigitaldeasturias.com\/magazine365\/wp-content\/uploads\/2014\/05\/6285793w1.jpg\" \/>\n\t\t<meta property=\"og:image:secure_url\" content=\"https:\/\/eldigitaldeasturias.com\/magazine365\/wp-content\/uploads\/2014\/05\/6285793w1.jpg\" \/>\n\t\t<meta property=\"og:image:width\" content=\"800\" \/>\n\t\t<meta property=\"og:image:height\" content=\"461\" \/>\n\t\t<meta property=\"article:published_time\" content=\"2014-05-22T01:58:45+00:00\" \/>\n\t\t<meta property=\"article:modified_time\" content=\"2014-05-22T01:58:45+00:00\" \/>\n\t\t<meta name=\"twitter:card\" content=\"summary_large_image\" \/>\n\t\t<meta name=\"twitter:title\" content=\"Godard, ausente, se hace con Cannes con su extra\u00f1a cr\u00edtica del totalitarismo | El Digital de Asturias\" \/>\n\t\t<meta name=\"twitter:description\" content=\"Cannes (Francia), 21 may (EFE).- El siempre pol\u00e9mico y rebelde Jean-Luc Godard sigue fiel a sus principios y no viaj\u00f3 a Cannes para presentar su \u00faltima pel\u00edcula, &quot;Adieu au language&quot;, que pese a todo conquist\u00f3 el festival desde su extra\u00f1a y un tanto inconexa reflexi\u00f3n contra el totalitarismo. Godard, que en un primer momento hab\u00eda\" \/>\n\t\t<meta name=\"twitter:image\" content=\"https:\/\/eldigitaldeasturias.com\/magazine365\/wp-content\/uploads\/2014\/05\/6285793w1.jpg\" \/>\n\t\t<script type=\"application\/ld+json\" class=\"aioseo-schema\">\n\t\t\t{\"@context\":\"https:\\\/\\\/schema.org\",\"@graph\":[{\"@type\":\"Article\",\"@id\":\"https:\\\/\\\/eldigitaldeasturias.com\\\/magazine365\\\/godard-ausente-se-hace-con-cannes-con-su-extrana-critica-del-totalitarismo\\\/#article\",\"name\":\"Godard, ausente, se hace con Cannes con su extra\\u00f1a cr\\u00edtica del totalitarismo | El Digital de Asturias\",\"headline\":\"Godard, ausente, se hace con Cannes con su extra\\u00f1a cr\\u00edtica del totalitarismo\",\"author\":{\"@id\":\"https:\\\/\\\/eldigitaldeasturias.com\\\/magazine365\\\/author\\\/admin\\\/#author\"},\"publisher\":{\"@id\":\"https:\\\/\\\/eldigitaldeasturias.com\\\/magazine365\\\/#organization\"},\"image\":{\"@type\":\"ImageObject\",\"url\":\"https:\\\/\\\/eldigitaldeasturias.com\\\/magazine365\\\/wp-content\\\/uploads\\\/2014\\\/05\\\/6285793w1.jpg\",\"width\":800,\"height\":461},\"datePublished\":\"2014-05-21T23:58:45+02:00\",\"dateModified\":\"2014-05-21T23:58:45+02:00\",\"inLanguage\":\"es-ES\",\"mainEntityOfPage\":{\"@id\":\"https:\\\/\\\/eldigitaldeasturias.com\\\/magazine365\\\/godard-ausente-se-hace-con-cannes-con-su-extrana-critica-del-totalitarismo\\\/#webpage\"},\"isPartOf\":{\"@id\":\"https:\\\/\\\/eldigitaldeasturias.com\\\/magazine365\\\/godard-ausente-se-hace-con-cannes-con-su-extrana-critica-del-totalitarismo\\\/#webpage\"},\"articleSection\":\"Noticias y Actualidad\"},{\"@type\":\"BreadcrumbList\",\"@id\":\"https:\\\/\\\/eldigitaldeasturias.com\\\/magazine365\\\/godard-ausente-se-hace-con-cannes-con-su-extrana-critica-del-totalitarismo\\\/#breadcrumblist\",\"itemListElement\":[{\"@type\":\"ListItem\",\"@id\":\"https:\\\/\\\/eldigitaldeasturias.com\\\/magazine365#listItem\",\"position\":1,\"name\":\"Home\",\"item\":\"https:\\\/\\\/eldigitaldeasturias.com\\\/magazine365\",\"nextItem\":{\"@type\":\"ListItem\",\"@id\":\"https:\\\/\\\/eldigitaldeasturias.com\\\/magazine365\\\/category\\\/noticias-actualidad\\\/#listItem\",\"name\":\"Noticias y Actualidad\"}},{\"@type\":\"ListItem\",\"@id\":\"https:\\\/\\\/eldigitaldeasturias.com\\\/magazine365\\\/category\\\/noticias-actualidad\\\/#listItem\",\"position\":2,\"name\":\"Noticias y Actualidad\",\"item\":\"https:\\\/\\\/eldigitaldeasturias.com\\\/magazine365\\\/category\\\/noticias-actualidad\\\/\",\"nextItem\":{\"@type\":\"ListItem\",\"@id\":\"https:\\\/\\\/eldigitaldeasturias.com\\\/magazine365\\\/godard-ausente-se-hace-con-cannes-con-su-extrana-critica-del-totalitarismo\\\/#listItem\",\"name\":\"Godard, ausente, se hace con Cannes con su extra\\u00f1a cr\\u00edtica del totalitarismo\"},\"previousItem\":{\"@type\":\"ListItem\",\"@id\":\"https:\\\/\\\/eldigitaldeasturias.com\\\/magazine365#listItem\",\"name\":\"Home\"}},{\"@type\":\"ListItem\",\"@id\":\"https:\\\/\\\/eldigitaldeasturias.com\\\/magazine365\\\/godard-ausente-se-hace-con-cannes-con-su-extrana-critica-del-totalitarismo\\\/#listItem\",\"position\":3,\"name\":\"Godard, ausente, se hace con Cannes con su extra\\u00f1a cr\\u00edtica del totalitarismo\",\"previousItem\":{\"@type\":\"ListItem\",\"@id\":\"https:\\\/\\\/eldigitaldeasturias.com\\\/magazine365\\\/category\\\/noticias-actualidad\\\/#listItem\",\"name\":\"Noticias y Actualidad\"}}]},{\"@type\":\"Organization\",\"@id\":\"https:\\\/\\\/eldigitaldeasturias.com\\\/magazine365\\\/#organization\",\"name\":\"El digital de Asturias\",\"description\":\"Revista de ocio, turismo y estilo de vida\",\"url\":\"https:\\\/\\\/eldigitaldeasturias.com\\\/magazine365\\\/\",\"logo\":{\"@type\":\"ImageObject\",\"url\":\"https:\\\/\\\/www.eldigitaldeasturias.com\\\/noticias\\\/wp-content\\\/uploads\\\/2020\\\/12\\\/EDA.jpg\",\"@id\":\"https:\\\/\\\/eldigitaldeasturias.com\\\/magazine365\\\/godard-ausente-se-hace-con-cannes-con-su-extrana-critica-del-totalitarismo\\\/#organizationLogo\"},\"image\":{\"@id\":\"https:\\\/\\\/eldigitaldeasturias.com\\\/magazine365\\\/godard-ausente-se-hace-con-cannes-con-su-extrana-critica-del-totalitarismo\\\/#organizationLogo\"}},{\"@type\":\"Person\",\"@id\":\"https:\\\/\\\/eldigitaldeasturias.com\\\/magazine365\\\/author\\\/admin\\\/#author\",\"url\":\"https:\\\/\\\/eldigitaldeasturias.com\\\/magazine365\\\/author\\\/admin\\\/\",\"name\":\"admin\",\"image\":{\"@type\":\"ImageObject\",\"@id\":\"https:\\\/\\\/eldigitaldeasturias.com\\\/magazine365\\\/godard-ausente-se-hace-con-cannes-con-su-extrana-critica-del-totalitarismo\\\/#authorImage\",\"url\":\"https:\\\/\\\/eldigitaldeasturias.com\\\/magazine365\\\/wp-content\\\/litespeed\\\/avatar\\\/e571bcf59a0edd6fa6838245a470f2fe.jpg?ver=1776969259\",\"width\":96,\"height\":96,\"caption\":\"admin\"}},{\"@type\":\"WebPage\",\"@id\":\"https:\\\/\\\/eldigitaldeasturias.com\\\/magazine365\\\/godard-ausente-se-hace-con-cannes-con-su-extrana-critica-del-totalitarismo\\\/#webpage\",\"url\":\"https:\\\/\\\/eldigitaldeasturias.com\\\/magazine365\\\/godard-ausente-se-hace-con-cannes-con-su-extrana-critica-del-totalitarismo\\\/\",\"name\":\"Godard, ausente, se hace con Cannes con su extra\\u00f1a cr\\u00edtica del totalitarismo | El Digital de Asturias\",\"description\":\"Cannes (Francia), 21 may (EFE).- El siempre pol\\u00e9mico y rebelde Jean-Luc Godard sigue fiel a sus principios y no viaj\\u00f3 a Cannes para presentar su \\u00faltima pel\\u00edcula, \\\"Adieu au language\\\", que pese a todo conquist\\u00f3 el festival desde su extra\\u00f1a y un tanto inconexa reflexi\\u00f3n contra el totalitarismo. Godard, que en un primer momento hab\\u00eda\",\"inLanguage\":\"es-ES\",\"isPartOf\":{\"@id\":\"https:\\\/\\\/eldigitaldeasturias.com\\\/magazine365\\\/#website\"},\"breadcrumb\":{\"@id\":\"https:\\\/\\\/eldigitaldeasturias.com\\\/magazine365\\\/godard-ausente-se-hace-con-cannes-con-su-extrana-critica-del-totalitarismo\\\/#breadcrumblist\"},\"author\":{\"@id\":\"https:\\\/\\\/eldigitaldeasturias.com\\\/magazine365\\\/author\\\/admin\\\/#author\"},\"creator\":{\"@id\":\"https:\\\/\\\/eldigitaldeasturias.com\\\/magazine365\\\/author\\\/admin\\\/#author\"},\"image\":{\"@type\":\"ImageObject\",\"url\":\"https:\\\/\\\/eldigitaldeasturias.com\\\/magazine365\\\/wp-content\\\/uploads\\\/2014\\\/05\\\/6285793w1.jpg\",\"@id\":\"https:\\\/\\\/eldigitaldeasturias.com\\\/magazine365\\\/godard-ausente-se-hace-con-cannes-con-su-extrana-critica-del-totalitarismo\\\/#mainImage\",\"width\":800,\"height\":461},\"primaryImageOfPage\":{\"@id\":\"https:\\\/\\\/eldigitaldeasturias.com\\\/magazine365\\\/godard-ausente-se-hace-con-cannes-con-su-extrana-critica-del-totalitarismo\\\/#mainImage\"},\"datePublished\":\"2014-05-21T23:58:45+02:00\",\"dateModified\":\"2014-05-21T23:58:45+02:00\"},{\"@type\":\"WebSite\",\"@id\":\"https:\\\/\\\/eldigitaldeasturias.com\\\/magazine365\\\/#website\",\"url\":\"https:\\\/\\\/eldigitaldeasturias.com\\\/magazine365\\\/\",\"name\":\"El Digital de Asturias\",\"description\":\"Revista de ocio, turismo y estilo de vida\",\"inLanguage\":\"es-ES\",\"publisher\":{\"@id\":\"https:\\\/\\\/eldigitaldeasturias.com\\\/magazine365\\\/#organization\"}}]}\n\t\t<\/script>\n\t\t<!-- All in One SEO Pro -->\r\n\t\t<title>Godard, ausente, se hace con Cannes con su extra\u00f1a cr\u00edtica del totalitarismo | El Digital de Asturias<\/title>\n\n","aioseo_head_json":{"title":"Godard, ausente, se hace con Cannes con su extra\u00f1a cr\u00edtica del totalitarismo | El Digital de Asturias","description":"Cannes (Francia), 21 may (EFE).- El siempre pol\u00e9mico y rebelde Jean-Luc Godard sigue fiel a sus principios y no viaj\u00f3 a Cannes para presentar su \u00faltima pel\u00edcula, \"Adieu au language\", que pese a todo conquist\u00f3 el festival desde su extra\u00f1a y un tanto inconexa reflexi\u00f3n contra el totalitarismo. Godard, que en un primer momento hab\u00eda","canonical_url":"https:\/\/eldigitaldeasturias.com\/magazine365\/godard-ausente-se-hace-con-cannes-con-su-extrana-critica-del-totalitarismo\/","robots":"max-image-preview:large","keywords":"noticias y actualidad","webmasterTools":{"google-site-verification":"UA-38556648-1","miscellaneous":""},"schema":{"@context":"https:\/\/schema.org","@graph":[{"@type":"Article","@id":"https:\/\/eldigitaldeasturias.com\/magazine365\/godard-ausente-se-hace-con-cannes-con-su-extrana-critica-del-totalitarismo\/#article","name":"Godard, ausente, se hace con Cannes con su extra\u00f1a cr\u00edtica del totalitarismo | El Digital de Asturias","headline":"Godard, ausente, se hace con Cannes con su extra\u00f1a cr\u00edtica del totalitarismo","author":{"@id":"https:\/\/eldigitaldeasturias.com\/magazine365\/author\/admin\/#author"},"publisher":{"@id":"https:\/\/eldigitaldeasturias.com\/magazine365\/#organization"},"image":{"@type":"ImageObject","url":"https:\/\/eldigitaldeasturias.com\/magazine365\/wp-content\/uploads\/2014\/05\/6285793w1.jpg","width":800,"height":461},"datePublished":"2014-05-21T23:58:45+02:00","dateModified":"2014-05-21T23:58:45+02:00","inLanguage":"es-ES","mainEntityOfPage":{"@id":"https:\/\/eldigitaldeasturias.com\/magazine365\/godard-ausente-se-hace-con-cannes-con-su-extrana-critica-del-totalitarismo\/#webpage"},"isPartOf":{"@id":"https:\/\/eldigitaldeasturias.com\/magazine365\/godard-ausente-se-hace-con-cannes-con-su-extrana-critica-del-totalitarismo\/#webpage"},"articleSection":"Noticias y Actualidad"},{"@type":"BreadcrumbList","@id":"https:\/\/eldigitaldeasturias.com\/magazine365\/godard-ausente-se-hace-con-cannes-con-su-extrana-critica-del-totalitarismo\/#breadcrumblist","itemListElement":[{"@type":"ListItem","@id":"https:\/\/eldigitaldeasturias.com\/magazine365#listItem","position":1,"name":"Home","item":"https:\/\/eldigitaldeasturias.com\/magazine365","nextItem":{"@type":"ListItem","@id":"https:\/\/eldigitaldeasturias.com\/magazine365\/category\/noticias-actualidad\/#listItem","name":"Noticias y Actualidad"}},{"@type":"ListItem","@id":"https:\/\/eldigitaldeasturias.com\/magazine365\/category\/noticias-actualidad\/#listItem","position":2,"name":"Noticias y Actualidad","item":"https:\/\/eldigitaldeasturias.com\/magazine365\/category\/noticias-actualidad\/","nextItem":{"@type":"ListItem","@id":"https:\/\/eldigitaldeasturias.com\/magazine365\/godard-ausente-se-hace-con-cannes-con-su-extrana-critica-del-totalitarismo\/#listItem","name":"Godard, ausente, se hace con Cannes con su extra\u00f1a cr\u00edtica del totalitarismo"},"previousItem":{"@type":"ListItem","@id":"https:\/\/eldigitaldeasturias.com\/magazine365#listItem","name":"Home"}},{"@type":"ListItem","@id":"https:\/\/eldigitaldeasturias.com\/magazine365\/godard-ausente-se-hace-con-cannes-con-su-extrana-critica-del-totalitarismo\/#listItem","position":3,"name":"Godard, ausente, se hace con Cannes con su extra\u00f1a cr\u00edtica del totalitarismo","previousItem":{"@type":"ListItem","@id":"https:\/\/eldigitaldeasturias.com\/magazine365\/category\/noticias-actualidad\/#listItem","name":"Noticias y Actualidad"}}]},{"@type":"Organization","@id":"https:\/\/eldigitaldeasturias.com\/magazine365\/#organization","name":"El digital de Asturias","description":"Revista de ocio, turismo y estilo de vida","url":"https:\/\/eldigitaldeasturias.com\/magazine365\/","logo":{"@type":"ImageObject","url":"https:\/\/www.eldigitaldeasturias.com\/noticias\/wp-content\/uploads\/2020\/12\/EDA.jpg","@id":"https:\/\/eldigitaldeasturias.com\/magazine365\/godard-ausente-se-hace-con-cannes-con-su-extrana-critica-del-totalitarismo\/#organizationLogo"},"image":{"@id":"https:\/\/eldigitaldeasturias.com\/magazine365\/godard-ausente-se-hace-con-cannes-con-su-extrana-critica-del-totalitarismo\/#organizationLogo"}},{"@type":"Person","@id":"https:\/\/eldigitaldeasturias.com\/magazine365\/author\/admin\/#author","url":"https:\/\/eldigitaldeasturias.com\/magazine365\/author\/admin\/","name":"admin","image":{"@type":"ImageObject","@id":"https:\/\/eldigitaldeasturias.com\/magazine365\/godard-ausente-se-hace-con-cannes-con-su-extrana-critica-del-totalitarismo\/#authorImage","url":"https:\/\/eldigitaldeasturias.com\/magazine365\/wp-content\/litespeed\/avatar\/e571bcf59a0edd6fa6838245a470f2fe.jpg?ver=1776969259","width":96,"height":96,"caption":"admin"}},{"@type":"WebPage","@id":"https:\/\/eldigitaldeasturias.com\/magazine365\/godard-ausente-se-hace-con-cannes-con-su-extrana-critica-del-totalitarismo\/#webpage","url":"https:\/\/eldigitaldeasturias.com\/magazine365\/godard-ausente-se-hace-con-cannes-con-su-extrana-critica-del-totalitarismo\/","name":"Godard, ausente, se hace con Cannes con su extra\u00f1a cr\u00edtica del totalitarismo | El Digital de Asturias","description":"Cannes (Francia), 21 may (EFE).- El siempre pol\u00e9mico y rebelde Jean-Luc Godard sigue fiel a sus principios y no viaj\u00f3 a Cannes para presentar su \u00faltima pel\u00edcula, \"Adieu au language\", que pese a todo conquist\u00f3 el festival desde su extra\u00f1a y un tanto inconexa reflexi\u00f3n contra el totalitarismo. Godard, que en un primer momento hab\u00eda","inLanguage":"es-ES","isPartOf":{"@id":"https:\/\/eldigitaldeasturias.com\/magazine365\/#website"},"breadcrumb":{"@id":"https:\/\/eldigitaldeasturias.com\/magazine365\/godard-ausente-se-hace-con-cannes-con-su-extrana-critica-del-totalitarismo\/#breadcrumblist"},"author":{"@id":"https:\/\/eldigitaldeasturias.com\/magazine365\/author\/admin\/#author"},"creator":{"@id":"https:\/\/eldigitaldeasturias.com\/magazine365\/author\/admin\/#author"},"image":{"@type":"ImageObject","url":"https:\/\/eldigitaldeasturias.com\/magazine365\/wp-content\/uploads\/2014\/05\/6285793w1.jpg","@id":"https:\/\/eldigitaldeasturias.com\/magazine365\/godard-ausente-se-hace-con-cannes-con-su-extrana-critica-del-totalitarismo\/#mainImage","width":800,"height":461},"primaryImageOfPage":{"@id":"https:\/\/eldigitaldeasturias.com\/magazine365\/godard-ausente-se-hace-con-cannes-con-su-extrana-critica-del-totalitarismo\/#mainImage"},"datePublished":"2014-05-21T23:58:45+02:00","dateModified":"2014-05-21T23:58:45+02:00"},{"@type":"WebSite","@id":"https:\/\/eldigitaldeasturias.com\/magazine365\/#website","url":"https:\/\/eldigitaldeasturias.com\/magazine365\/","name":"El Digital de Asturias","description":"Revista de ocio, turismo y estilo de vida","inLanguage":"es-ES","publisher":{"@id":"https:\/\/eldigitaldeasturias.com\/magazine365\/#organization"}}]},"og:locale":"es_ES","og:site_name":"El Digital de Asturias \u2013 Revista de ocio, turismo y estilo de vida","og:type":"article","og:title":"Godard, ausente, se hace con Cannes con su extra\u00f1a cr\u00edtica del totalitarismo | El Digital de Asturias","og:description":"Cannes (Francia), 21 may (EFE).- El siempre pol\u00e9mico y rebelde Jean-Luc Godard sigue fiel a sus principios y no viaj\u00f3 a Cannes para presentar su \u00faltima pel\u00edcula, &quot;Adieu au language&quot;, que pese a todo conquist\u00f3 el festival desde su extra\u00f1a y un tanto inconexa reflexi\u00f3n contra el totalitarismo. Godard, que en un primer momento hab\u00eda","og:url":"https:\/\/eldigitaldeasturias.com\/magazine365\/godard-ausente-se-hace-con-cannes-con-su-extrana-critica-del-totalitarismo\/","og:image":"https:\/\/eldigitaldeasturias.com\/magazine365\/wp-content\/uploads\/2014\/05\/6285793w1.jpg","og:image:secure_url":"https:\/\/eldigitaldeasturias.com\/magazine365\/wp-content\/uploads\/2014\/05\/6285793w1.jpg","og:image:width":800,"og:image:height":461,"article:published_time":"2014-05-22T01:58:45+00:00","article:modified_time":"2014-05-22T01:58:45+00:00","twitter:card":"summary_large_image","twitter:title":"Godard, ausente, se hace con Cannes con su extra\u00f1a cr\u00edtica del totalitarismo | El Digital de Asturias","twitter:description":"Cannes (Francia), 21 may (EFE).- El siempre pol\u00e9mico y rebelde Jean-Luc Godard sigue fiel a sus principios y no viaj\u00f3 a Cannes para presentar su \u00faltima pel\u00edcula, &quot;Adieu au language&quot;, que pese a todo conquist\u00f3 el festival desde su extra\u00f1a y un tanto inconexa reflexi\u00f3n contra el totalitarismo. Godard, que en un primer momento hab\u00eda","twitter:image":"https:\/\/eldigitaldeasturias.com\/magazine365\/wp-content\/uploads\/2014\/05\/6285793w1.jpg"},"aioseo_meta_data":{"post_id":"13550","title":null,"description":null,"keywords":null,"keyphrases":null,"primary_term":null,"canonical_url":null,"og_title":null,"og_description":null,"og_object_type":"default","og_image_type":"default","og_image_url":null,"og_image_width":null,"og_image_height":null,"og_image_custom_url":null,"og_image_custom_fields":null,"og_video":null,"og_custom_url":null,"og_article_section":null,"og_article_tags":null,"twitter_use_og":false,"twitter_card":"default","twitter_image_type":"default","twitter_image_url":null,"twitter_image_custom_url":null,"twitter_image_custom_fields":null,"twitter_title":null,"twitter_description":null,"schema":{"blockGraphs":[],"customGraphs":[],"default":{"data":{"Article":[],"Course":[],"Dataset":[],"FAQPage":[],"Movie":[],"Person":[],"Product":[],"ProductReview":[],"Car":[],"Recipe":[],"Service":[],"SoftwareApplication":[],"WebPage":[]},"graphName":"","isEnabled":true},"graphs":[],"defaultGraph":"","defaultPostTypeGraph":""},"schema_type":null,"schema_type_options":null,"pillar_content":false,"robots_default":true,"robots_noindex":false,"robots_noarchive":false,"robots_nosnippet":false,"robots_nofollow":false,"robots_noimageindex":false,"robots_noodp":false,"robots_notranslate":false,"robots_max_snippet":null,"robots_max_videopreview":null,"robots_max_imagepreview":"large","priority":null,"frequency":null,"location":null,"local_seo":null,"seo_analyzer_scan_date":"2025-09-17 08:29:08","breadcrumb_settings":null,"limit_modified_date":false,"open_ai":null,"ai":null,"created":"2021-03-09 08:26:54","updated":"2025-09-17 08:29:08"},"aioseo_breadcrumb":"<div class=\"aioseo-breadcrumbs\"><span class=\"aioseo-breadcrumb\">\n\t<a href=\"https:\/\/eldigitaldeasturias.com\/magazine365\" title=\"Home\">Home<\/a>\n<\/span><span class=\"aioseo-breadcrumb-separator\">\u2013<\/span><span class=\"aioseo-breadcrumb\">\n\t<a href=\"https:\/\/eldigitaldeasturias.com\/magazine365\/category\/noticias-actualidad\/\" title=\"Noticias y Actualidad\">Noticias y Actualidad<\/a>\n<\/span><span class=\"aioseo-breadcrumb-separator\">\u2013<\/span><span class=\"aioseo-breadcrumb\">\n\t<a href=\"https:\/\/eldigitaldeasturias.com\/magazine365\/godard-ausente-se-hace-con-cannes-con-su-extrana-critica-del-totalitarismo\/\" title=\"Godard, ausente, se hace con Cannes con su extra\u00f1a cr\u00edtica del totalitarismo\">Godard, ausente, se hace con Cannes con su extra\u00f1a cr\u00edtica del totalitarismo<\/a>\n<\/span><\/div>","aioseo_breadcrumb_json":[{"label":"Home","link":"https:\/\/eldigitaldeasturias.com\/magazine365"},{"label":"Noticias y Actualidad","link":"https:\/\/eldigitaldeasturias.com\/magazine365\/category\/noticias-actualidad\/"},{"label":"Godard, ausente, se hace con Cannes con su extra\u00f1a cr\u00edtica del totalitarismo","link":"https:\/\/eldigitaldeasturias.com\/magazine365\/godard-ausente-se-hace-con-cannes-con-su-extrana-critica-del-totalitarismo\/"}],"_links":{"self":[{"href":"https:\/\/eldigitaldeasturias.com\/magazine365\/wp-json\/wp\/v2\/posts\/13550","targetHints":{"allow":["GET"]}}],"collection":[{"href":"https:\/\/eldigitaldeasturias.com\/magazine365\/wp-json\/wp\/v2\/posts"}],"about":[{"href":"https:\/\/eldigitaldeasturias.com\/magazine365\/wp-json\/wp\/v2\/types\/post"}],"author":[{"embeddable":true,"href":"https:\/\/eldigitaldeasturias.com\/magazine365\/wp-json\/wp\/v2\/users\/1"}],"replies":[{"embeddable":true,"href":"https:\/\/eldigitaldeasturias.com\/magazine365\/wp-json\/wp\/v2\/comments?post=13550"}],"version-history":[{"count":0,"href":"https:\/\/eldigitaldeasturias.com\/magazine365\/wp-json\/wp\/v2\/posts\/13550\/revisions"}],"wp:featuredmedia":[{"embeddable":true,"href":"https:\/\/eldigitaldeasturias.com\/magazine365\/wp-json\/wp\/v2\/media\/13552"}],"wp:attachment":[{"href":"https:\/\/eldigitaldeasturias.com\/magazine365\/wp-json\/wp\/v2\/media?parent=13550"}],"wp:term":[{"taxonomy":"category","embeddable":true,"href":"https:\/\/eldigitaldeasturias.com\/magazine365\/wp-json\/wp\/v2\/categories?post=13550"},{"taxonomy":"post_tag","embeddable":true,"href":"https:\/\/eldigitaldeasturias.com\/magazine365\/wp-json\/wp\/v2\/tags?post=13550"}],"curies":[{"name":"wp","href":"https:\/\/api.w.org\/{rel}","templated":true}]}}