{"id":13544,"date":"2014-05-21T23:52:46","date_gmt":"2014-05-22T01:52:46","guid":{"rendered":"http:\/\/eldigitaldeasturias.com\/magazine365\/?p=13544"},"modified":"2014-05-21T23:52:46","modified_gmt":"2014-05-22T01:52:46","slug":"el-periodista-angel-alonso-premio-faconauto-a-la-trayectoria-profesional","status":"publish","type":"post","link":"https:\/\/eldigitaldeasturias.com\/magazine365\/el-periodista-angel-alonso-premio-faconauto-a-la-trayectoria-profesional\/","title":{"rendered":"El periodista \u00c1ngel Alonso, premio Faconauto a la trayectoria profesional"},"content":{"rendered":"<p><img fetchpriority=\"high\" decoding=\"async\" class=\"alignleft size-medium wp-image-13545\" alt=\"6285708w\" src=\"https:\/\/eldigitaldeasturias.com\/magazine365\/wp-content\/uploads\/2014\/05\/6285708w-360x218.jpg\" width=\"360\" height=\"218\" \/>Madrid, 21 may (EFE).- El periodista de la agencia Efe \u00c1ngel Alonso Carracedo ha sido galardonado hoy con el Premio Especial a la trayectoria profesional como informador del sector del autom\u00f3vil por el comit\u00e9 ejecutivo de la patronal de concesionarios de automoci\u00f3n Faconauto.<\/p>\n<p>El premio reconoce la \u00abbrillante\u00bb carrera de \u00c1ngel Alonso como periodista de la agencia Efe, que \u00abha trabajado mucho y bien\u00bb por el sector del autom\u00f3vil, y, en especial, su contribuci\u00f3n al conocimiento de esta \u00e1rea.<\/p>\n<p>El galard\u00f3n le ha sido entregado por el secretario de Estado de Comercio, Jaime Garc\u00eda Legaz, en la clausura del XXIII Congreso Nacional de Faconauto, que ha tenido lugar en el auditorio del centro de convenciones norte de IFEMA, en Madrid.<\/p>\n<p>\u00c1ngel Alonso, que cumple 60 a\u00f1os el pr\u00f3ximo d\u00eda 25, ha desarrollado toda su carrera profesional en Efe, donde ingres\u00f3 en 1977.<\/p>\n<p>Sus primeros a\u00f1os de trabajo en la agencia se desarrollaron en el departamento de Gr\u00e1fica, hasta que en 1983 pas\u00f3 al departamento de Nacional y, un a\u00f1o m\u00e1s tarde, a la secci\u00f3n de Econom\u00eda, donde ejerci\u00f3 durante siete a\u00f1os como redactor de informaci\u00f3n laboral.<\/p>\n<p>De 1996 a 2009 asumi\u00f3 la jefatura del \u00e1rea de Sectores y Empresas, periodo en el que cre\u00f3 el servicio de informaci\u00f3n del Motor, al que se ha dedicado en estos \u00faltimos a\u00f1os, y que ha simultaneado con la presentaci\u00f3n y direcci\u00f3n del programa Cuentakil\u00f3metros de Efe Radio de 1992 a 1997 y de 2013 a 2014.<\/p>\n","protected":false},"excerpt":{"rendered":"<p>Madrid, 21 may (EFE).- El periodista de la agencia Efe \u00c1ngel Alonso Carracedo ha sido galardonado hoy con el Premio Especial a la trayectoria profesional como informador del sector del autom\u00f3vil por el comit\u00e9 ejecutivo de la patronal de concesionarios de automoci\u00f3n Faconauto. El premio reconoce la \u00abbrillante\u00bb carrera de \u00c1ngel Alonso como periodista de<\/p>\n","protected":false},"author":1,"featured_media":13545,"comment_status":"open","ping_status":"closed","sticky":false,"template":"","format":"standard","meta":{"footnotes":""},"categories":[224],"tags":[],"class_list":{"0":"post-13544","1":"post","2":"type-post","3":"status-publish","4":"format-standard","5":"has-post-thumbnail","7":"category-noticias-actualidad"},"aioseo_notices":[],"aioseo_head":"\n\t\t<!-- All in One SEO Pro 4.9.6.1 - aioseo.com -->\n\t<meta name=\"description\" content=\"Madrid, 21 may (EFE).- El periodista de la agencia Efe \u00c1ngel Alonso Carracedo ha sido galardonado hoy con el Premio Especial a la trayectoria profesional como informador del sector del autom\u00f3vil por el comit\u00e9 ejecutivo de la patronal de concesionarios de automoci\u00f3n Faconauto. El premio reconoce la &quot;brillante&quot; carrera de \u00c1ngel Alonso como periodista de\" \/>\n\t<meta name=\"robots\" content=\"max-image-preview:large\" \/>\n\t<meta name=\"author\" content=\"admin\"\/>\n\t<meta name=\"google-site-verification\" content=\"UA-38556648-1\" \/>\n\t<meta name=\"keywords\" content=\"noticias y actualidad\" \/>\n\t<link rel=\"canonical\" href=\"https:\/\/eldigitaldeasturias.com\/magazine365\/el-periodista-angel-alonso-premio-faconauto-a-la-trayectoria-profesional\/\" \/>\n\t<meta name=\"generator\" content=\"All in One SEO Pro (AIOSEO) 4.9.6.1\" \/>\n\t\t<meta property=\"og:locale\" content=\"es_ES\" \/>\n\t\t<meta property=\"og:site_name\" content=\"El Digital de Asturias \u2013 Revista de ocio, turismo y estilo de vida\" \/>\n\t\t<meta property=\"og:type\" content=\"article\" \/>\n\t\t<meta property=\"og:title\" content=\"El periodista \u00c1ngel Alonso, premio Faconauto a la trayectoria profesional | El Digital de Asturias\" \/>\n\t\t<meta property=\"og:description\" content=\"Madrid, 21 may (EFE).- El periodista de la agencia Efe \u00c1ngel Alonso Carracedo ha sido galardonado hoy con el Premio Especial a la trayectoria profesional como informador del sector del autom\u00f3vil por el comit\u00e9 ejecutivo de la patronal de concesionarios de automoci\u00f3n Faconauto. El premio reconoce la &quot;brillante&quot; carrera de \u00c1ngel Alonso como periodista de\" \/>\n\t\t<meta property=\"og:url\" content=\"https:\/\/eldigitaldeasturias.com\/magazine365\/el-periodista-angel-alonso-premio-faconauto-a-la-trayectoria-profesional\/\" \/>\n\t\t<meta property=\"og:image\" content=\"https:\/\/eldigitaldeasturias.com\/magazine365\/wp-content\/uploads\/2014\/05\/6285708w.jpg\" \/>\n\t\t<meta property=\"og:image:secure_url\" content=\"https:\/\/eldigitaldeasturias.com\/magazine365\/wp-content\/uploads\/2014\/05\/6285708w.jpg\" \/>\n\t\t<meta property=\"og:image:width\" content=\"800\" \/>\n\t\t<meta property=\"og:image:height\" content=\"486\" \/>\n\t\t<meta property=\"article:published_time\" content=\"2014-05-22T01:52:46+00:00\" \/>\n\t\t<meta property=\"article:modified_time\" content=\"2014-05-22T01:52:46+00:00\" \/>\n\t\t<meta name=\"twitter:card\" content=\"summary_large_image\" \/>\n\t\t<meta name=\"twitter:title\" content=\"El periodista \u00c1ngel Alonso, premio Faconauto a la trayectoria profesional | El Digital de Asturias\" \/>\n\t\t<meta name=\"twitter:description\" content=\"Madrid, 21 may (EFE).- El periodista de la agencia Efe \u00c1ngel Alonso Carracedo ha sido galardonado hoy con el Premio Especial a la trayectoria profesional como informador del sector del autom\u00f3vil por el comit\u00e9 ejecutivo de la patronal de concesionarios de automoci\u00f3n Faconauto. El premio reconoce la &quot;brillante&quot; carrera de \u00c1ngel Alonso como periodista de\" \/>\n\t\t<meta name=\"twitter:image\" content=\"https:\/\/eldigitaldeasturias.com\/magazine365\/wp-content\/uploads\/2014\/05\/6285708w.jpg\" \/>\n\t\t<script type=\"application\/ld+json\" class=\"aioseo-schema\">\n\t\t\t{\"@context\":\"https:\\\/\\\/schema.org\",\"@graph\":[{\"@type\":\"Article\",\"@id\":\"https:\\\/\\\/eldigitaldeasturias.com\\\/magazine365\\\/el-periodista-angel-alonso-premio-faconauto-a-la-trayectoria-profesional\\\/#article\",\"name\":\"El periodista \\u00c1ngel Alonso, premio Faconauto a la trayectoria profesional | El Digital de Asturias\",\"headline\":\"El periodista \\u00c1ngel Alonso, premio Faconauto a la trayectoria profesional\",\"author\":{\"@id\":\"https:\\\/\\\/eldigitaldeasturias.com\\\/magazine365\\\/author\\\/admin\\\/#author\"},\"publisher\":{\"@id\":\"https:\\\/\\\/eldigitaldeasturias.com\\\/magazine365\\\/#organization\"},\"image\":{\"@type\":\"ImageObject\",\"url\":\"https:\\\/\\\/eldigitaldeasturias.com\\\/magazine365\\\/wp-content\\\/uploads\\\/2014\\\/05\\\/6285708w.jpg\",\"width\":800,\"height\":486},\"datePublished\":\"2014-05-21T23:52:46+02:00\",\"dateModified\":\"2014-05-21T23:52:46+02:00\",\"inLanguage\":\"es-ES\",\"mainEntityOfPage\":{\"@id\":\"https:\\\/\\\/eldigitaldeasturias.com\\\/magazine365\\\/el-periodista-angel-alonso-premio-faconauto-a-la-trayectoria-profesional\\\/#webpage\"},\"isPartOf\":{\"@id\":\"https:\\\/\\\/eldigitaldeasturias.com\\\/magazine365\\\/el-periodista-angel-alonso-premio-faconauto-a-la-trayectoria-profesional\\\/#webpage\"},\"articleSection\":\"Noticias y Actualidad\"},{\"@type\":\"BreadcrumbList\",\"@id\":\"https:\\\/\\\/eldigitaldeasturias.com\\\/magazine365\\\/el-periodista-angel-alonso-premio-faconauto-a-la-trayectoria-profesional\\\/#breadcrumblist\",\"itemListElement\":[{\"@type\":\"ListItem\",\"@id\":\"https:\\\/\\\/eldigitaldeasturias.com\\\/magazine365#listItem\",\"position\":1,\"name\":\"Home\",\"item\":\"https:\\\/\\\/eldigitaldeasturias.com\\\/magazine365\",\"nextItem\":{\"@type\":\"ListItem\",\"@id\":\"https:\\\/\\\/eldigitaldeasturias.com\\\/magazine365\\\/category\\\/noticias-actualidad\\\/#listItem\",\"name\":\"Noticias y Actualidad\"}},{\"@type\":\"ListItem\",\"@id\":\"https:\\\/\\\/eldigitaldeasturias.com\\\/magazine365\\\/category\\\/noticias-actualidad\\\/#listItem\",\"position\":2,\"name\":\"Noticias y Actualidad\",\"item\":\"https:\\\/\\\/eldigitaldeasturias.com\\\/magazine365\\\/category\\\/noticias-actualidad\\\/\",\"nextItem\":{\"@type\":\"ListItem\",\"@id\":\"https:\\\/\\\/eldigitaldeasturias.com\\\/magazine365\\\/el-periodista-angel-alonso-premio-faconauto-a-la-trayectoria-profesional\\\/#listItem\",\"name\":\"El periodista \\u00c1ngel Alonso, premio Faconauto a la trayectoria profesional\"},\"previousItem\":{\"@type\":\"ListItem\",\"@id\":\"https:\\\/\\\/eldigitaldeasturias.com\\\/magazine365#listItem\",\"name\":\"Home\"}},{\"@type\":\"ListItem\",\"@id\":\"https:\\\/\\\/eldigitaldeasturias.com\\\/magazine365\\\/el-periodista-angel-alonso-premio-faconauto-a-la-trayectoria-profesional\\\/#listItem\",\"position\":3,\"name\":\"El periodista \\u00c1ngel Alonso, premio Faconauto a la trayectoria profesional\",\"previousItem\":{\"@type\":\"ListItem\",\"@id\":\"https:\\\/\\\/eldigitaldeasturias.com\\\/magazine365\\\/category\\\/noticias-actualidad\\\/#listItem\",\"name\":\"Noticias y Actualidad\"}}]},{\"@type\":\"Organization\",\"@id\":\"https:\\\/\\\/eldigitaldeasturias.com\\\/magazine365\\\/#organization\",\"name\":\"El digital de Asturias\",\"description\":\"Revista de ocio, turismo y estilo de vida\",\"url\":\"https:\\\/\\\/eldigitaldeasturias.com\\\/magazine365\\\/\",\"logo\":{\"@type\":\"ImageObject\",\"url\":\"https:\\\/\\\/www.eldigitaldeasturias.com\\\/noticias\\\/wp-content\\\/uploads\\\/2020\\\/12\\\/EDA.jpg\",\"@id\":\"https:\\\/\\\/eldigitaldeasturias.com\\\/magazine365\\\/el-periodista-angel-alonso-premio-faconauto-a-la-trayectoria-profesional\\\/#organizationLogo\"},\"image\":{\"@id\":\"https:\\\/\\\/eldigitaldeasturias.com\\\/magazine365\\\/el-periodista-angel-alonso-premio-faconauto-a-la-trayectoria-profesional\\\/#organizationLogo\"}},{\"@type\":\"Person\",\"@id\":\"https:\\\/\\\/eldigitaldeasturias.com\\\/magazine365\\\/author\\\/admin\\\/#author\",\"url\":\"https:\\\/\\\/eldigitaldeasturias.com\\\/magazine365\\\/author\\\/admin\\\/\",\"name\":\"admin\",\"image\":{\"@type\":\"ImageObject\",\"@id\":\"https:\\\/\\\/eldigitaldeasturias.com\\\/magazine365\\\/el-periodista-angel-alonso-premio-faconauto-a-la-trayectoria-profesional\\\/#authorImage\",\"url\":\"https:\\\/\\\/eldigitaldeasturias.com\\\/magazine365\\\/wp-content\\\/litespeed\\\/avatar\\\/e571bcf59a0edd6fa6838245a470f2fe.jpg?ver=1776969259\",\"width\":96,\"height\":96,\"caption\":\"admin\"}},{\"@type\":\"WebPage\",\"@id\":\"https:\\\/\\\/eldigitaldeasturias.com\\\/magazine365\\\/el-periodista-angel-alonso-premio-faconauto-a-la-trayectoria-profesional\\\/#webpage\",\"url\":\"https:\\\/\\\/eldigitaldeasturias.com\\\/magazine365\\\/el-periodista-angel-alonso-premio-faconauto-a-la-trayectoria-profesional\\\/\",\"name\":\"El periodista \\u00c1ngel Alonso, premio Faconauto a la trayectoria profesional | El Digital de Asturias\",\"description\":\"Madrid, 21 may (EFE).- El periodista de la agencia Efe \\u00c1ngel Alonso Carracedo ha sido galardonado hoy con el Premio Especial a la trayectoria profesional como informador del sector del autom\\u00f3vil por el comit\\u00e9 ejecutivo de la patronal de concesionarios de automoci\\u00f3n Faconauto. El premio reconoce la \\\"brillante\\\" carrera de \\u00c1ngel Alonso como periodista de\",\"inLanguage\":\"es-ES\",\"isPartOf\":{\"@id\":\"https:\\\/\\\/eldigitaldeasturias.com\\\/magazine365\\\/#website\"},\"breadcrumb\":{\"@id\":\"https:\\\/\\\/eldigitaldeasturias.com\\\/magazine365\\\/el-periodista-angel-alonso-premio-faconauto-a-la-trayectoria-profesional\\\/#breadcrumblist\"},\"author\":{\"@id\":\"https:\\\/\\\/eldigitaldeasturias.com\\\/magazine365\\\/author\\\/admin\\\/#author\"},\"creator\":{\"@id\":\"https:\\\/\\\/eldigitaldeasturias.com\\\/magazine365\\\/author\\\/admin\\\/#author\"},\"image\":{\"@type\":\"ImageObject\",\"url\":\"https:\\\/\\\/eldigitaldeasturias.com\\\/magazine365\\\/wp-content\\\/uploads\\\/2014\\\/05\\\/6285708w.jpg\",\"@id\":\"https:\\\/\\\/eldigitaldeasturias.com\\\/magazine365\\\/el-periodista-angel-alonso-premio-faconauto-a-la-trayectoria-profesional\\\/#mainImage\",\"width\":800,\"height\":486},\"primaryImageOfPage\":{\"@id\":\"https:\\\/\\\/eldigitaldeasturias.com\\\/magazine365\\\/el-periodista-angel-alonso-premio-faconauto-a-la-trayectoria-profesional\\\/#mainImage\"},\"datePublished\":\"2014-05-21T23:52:46+02:00\",\"dateModified\":\"2014-05-21T23:52:46+02:00\"},{\"@type\":\"WebSite\",\"@id\":\"https:\\\/\\\/eldigitaldeasturias.com\\\/magazine365\\\/#website\",\"url\":\"https:\\\/\\\/eldigitaldeasturias.com\\\/magazine365\\\/\",\"name\":\"El Digital de Asturias\",\"description\":\"Revista de ocio, turismo y estilo de vida\",\"inLanguage\":\"es-ES\",\"publisher\":{\"@id\":\"https:\\\/\\\/eldigitaldeasturias.com\\\/magazine365\\\/#organization\"}}]}\n\t\t<\/script>\n\t\t<!-- All in One SEO Pro -->\r\n\t\t<title>El periodista \u00c1ngel Alonso, premio Faconauto a la trayectoria profesional | El Digital de Asturias<\/title>\n\n","aioseo_head_json":{"title":"El periodista \u00c1ngel Alonso, premio Faconauto a la trayectoria profesional | El Digital de Asturias","description":"Madrid, 21 may (EFE).- El periodista de la agencia Efe \u00c1ngel Alonso Carracedo ha sido galardonado hoy con el Premio Especial a la trayectoria profesional como informador del sector del autom\u00f3vil por el comit\u00e9 ejecutivo de la patronal de concesionarios de automoci\u00f3n Faconauto. El premio reconoce la \"brillante\" carrera de \u00c1ngel Alonso como periodista de","canonical_url":"https:\/\/eldigitaldeasturias.com\/magazine365\/el-periodista-angel-alonso-premio-faconauto-a-la-trayectoria-profesional\/","robots":"max-image-preview:large","keywords":"noticias y actualidad","webmasterTools":{"google-site-verification":"UA-38556648-1","miscellaneous":""},"schema":{"@context":"https:\/\/schema.org","@graph":[{"@type":"Article","@id":"https:\/\/eldigitaldeasturias.com\/magazine365\/el-periodista-angel-alonso-premio-faconauto-a-la-trayectoria-profesional\/#article","name":"El periodista \u00c1ngel Alonso, premio Faconauto a la trayectoria profesional | El Digital de Asturias","headline":"El periodista \u00c1ngel Alonso, premio Faconauto a la trayectoria profesional","author":{"@id":"https:\/\/eldigitaldeasturias.com\/magazine365\/author\/admin\/#author"},"publisher":{"@id":"https:\/\/eldigitaldeasturias.com\/magazine365\/#organization"},"image":{"@type":"ImageObject","url":"https:\/\/eldigitaldeasturias.com\/magazine365\/wp-content\/uploads\/2014\/05\/6285708w.jpg","width":800,"height":486},"datePublished":"2014-05-21T23:52:46+02:00","dateModified":"2014-05-21T23:52:46+02:00","inLanguage":"es-ES","mainEntityOfPage":{"@id":"https:\/\/eldigitaldeasturias.com\/magazine365\/el-periodista-angel-alonso-premio-faconauto-a-la-trayectoria-profesional\/#webpage"},"isPartOf":{"@id":"https:\/\/eldigitaldeasturias.com\/magazine365\/el-periodista-angel-alonso-premio-faconauto-a-la-trayectoria-profesional\/#webpage"},"articleSection":"Noticias y Actualidad"},{"@type":"BreadcrumbList","@id":"https:\/\/eldigitaldeasturias.com\/magazine365\/el-periodista-angel-alonso-premio-faconauto-a-la-trayectoria-profesional\/#breadcrumblist","itemListElement":[{"@type":"ListItem","@id":"https:\/\/eldigitaldeasturias.com\/magazine365#listItem","position":1,"name":"Home","item":"https:\/\/eldigitaldeasturias.com\/magazine365","nextItem":{"@type":"ListItem","@id":"https:\/\/eldigitaldeasturias.com\/magazine365\/category\/noticias-actualidad\/#listItem","name":"Noticias y Actualidad"}},{"@type":"ListItem","@id":"https:\/\/eldigitaldeasturias.com\/magazine365\/category\/noticias-actualidad\/#listItem","position":2,"name":"Noticias y Actualidad","item":"https:\/\/eldigitaldeasturias.com\/magazine365\/category\/noticias-actualidad\/","nextItem":{"@type":"ListItem","@id":"https:\/\/eldigitaldeasturias.com\/magazine365\/el-periodista-angel-alonso-premio-faconauto-a-la-trayectoria-profesional\/#listItem","name":"El periodista \u00c1ngel Alonso, premio Faconauto a la trayectoria profesional"},"previousItem":{"@type":"ListItem","@id":"https:\/\/eldigitaldeasturias.com\/magazine365#listItem","name":"Home"}},{"@type":"ListItem","@id":"https:\/\/eldigitaldeasturias.com\/magazine365\/el-periodista-angel-alonso-premio-faconauto-a-la-trayectoria-profesional\/#listItem","position":3,"name":"El periodista \u00c1ngel Alonso, premio Faconauto a la trayectoria profesional","previousItem":{"@type":"ListItem","@id":"https:\/\/eldigitaldeasturias.com\/magazine365\/category\/noticias-actualidad\/#listItem","name":"Noticias y Actualidad"}}]},{"@type":"Organization","@id":"https:\/\/eldigitaldeasturias.com\/magazine365\/#organization","name":"El digital de Asturias","description":"Revista de ocio, turismo y estilo de vida","url":"https:\/\/eldigitaldeasturias.com\/magazine365\/","logo":{"@type":"ImageObject","url":"https:\/\/www.eldigitaldeasturias.com\/noticias\/wp-content\/uploads\/2020\/12\/EDA.jpg","@id":"https:\/\/eldigitaldeasturias.com\/magazine365\/el-periodista-angel-alonso-premio-faconauto-a-la-trayectoria-profesional\/#organizationLogo"},"image":{"@id":"https:\/\/eldigitaldeasturias.com\/magazine365\/el-periodista-angel-alonso-premio-faconauto-a-la-trayectoria-profesional\/#organizationLogo"}},{"@type":"Person","@id":"https:\/\/eldigitaldeasturias.com\/magazine365\/author\/admin\/#author","url":"https:\/\/eldigitaldeasturias.com\/magazine365\/author\/admin\/","name":"admin","image":{"@type":"ImageObject","@id":"https:\/\/eldigitaldeasturias.com\/magazine365\/el-periodista-angel-alonso-premio-faconauto-a-la-trayectoria-profesional\/#authorImage","url":"https:\/\/eldigitaldeasturias.com\/magazine365\/wp-content\/litespeed\/avatar\/e571bcf59a0edd6fa6838245a470f2fe.jpg?ver=1776969259","width":96,"height":96,"caption":"admin"}},{"@type":"WebPage","@id":"https:\/\/eldigitaldeasturias.com\/magazine365\/el-periodista-angel-alonso-premio-faconauto-a-la-trayectoria-profesional\/#webpage","url":"https:\/\/eldigitaldeasturias.com\/magazine365\/el-periodista-angel-alonso-premio-faconauto-a-la-trayectoria-profesional\/","name":"El periodista \u00c1ngel Alonso, premio Faconauto a la trayectoria profesional | El Digital de Asturias","description":"Madrid, 21 may (EFE).- El periodista de la agencia Efe \u00c1ngel Alonso Carracedo ha sido galardonado hoy con el Premio Especial a la trayectoria profesional como informador del sector del autom\u00f3vil por el comit\u00e9 ejecutivo de la patronal de concesionarios de automoci\u00f3n Faconauto. El premio reconoce la \"brillante\" carrera de \u00c1ngel Alonso como periodista de","inLanguage":"es-ES","isPartOf":{"@id":"https:\/\/eldigitaldeasturias.com\/magazine365\/#website"},"breadcrumb":{"@id":"https:\/\/eldigitaldeasturias.com\/magazine365\/el-periodista-angel-alonso-premio-faconauto-a-la-trayectoria-profesional\/#breadcrumblist"},"author":{"@id":"https:\/\/eldigitaldeasturias.com\/magazine365\/author\/admin\/#author"},"creator":{"@id":"https:\/\/eldigitaldeasturias.com\/magazine365\/author\/admin\/#author"},"image":{"@type":"ImageObject","url":"https:\/\/eldigitaldeasturias.com\/magazine365\/wp-content\/uploads\/2014\/05\/6285708w.jpg","@id":"https:\/\/eldigitaldeasturias.com\/magazine365\/el-periodista-angel-alonso-premio-faconauto-a-la-trayectoria-profesional\/#mainImage","width":800,"height":486},"primaryImageOfPage":{"@id":"https:\/\/eldigitaldeasturias.com\/magazine365\/el-periodista-angel-alonso-premio-faconauto-a-la-trayectoria-profesional\/#mainImage"},"datePublished":"2014-05-21T23:52:46+02:00","dateModified":"2014-05-21T23:52:46+02:00"},{"@type":"WebSite","@id":"https:\/\/eldigitaldeasturias.com\/magazine365\/#website","url":"https:\/\/eldigitaldeasturias.com\/magazine365\/","name":"El Digital de Asturias","description":"Revista de ocio, turismo y estilo de vida","inLanguage":"es-ES","publisher":{"@id":"https:\/\/eldigitaldeasturias.com\/magazine365\/#organization"}}]},"og:locale":"es_ES","og:site_name":"El Digital de Asturias \u2013 Revista de ocio, turismo y estilo de vida","og:type":"article","og:title":"El periodista \u00c1ngel Alonso, premio Faconauto a la trayectoria profesional | El Digital de Asturias","og:description":"Madrid, 21 may (EFE).- El periodista de la agencia Efe \u00c1ngel Alonso Carracedo ha sido galardonado hoy con el Premio Especial a la trayectoria profesional como informador del sector del autom\u00f3vil por el comit\u00e9 ejecutivo de la patronal de concesionarios de automoci\u00f3n Faconauto. El premio reconoce la &quot;brillante&quot; carrera de \u00c1ngel Alonso como periodista de","og:url":"https:\/\/eldigitaldeasturias.com\/magazine365\/el-periodista-angel-alonso-premio-faconauto-a-la-trayectoria-profesional\/","og:image":"https:\/\/eldigitaldeasturias.com\/magazine365\/wp-content\/uploads\/2014\/05\/6285708w.jpg","og:image:secure_url":"https:\/\/eldigitaldeasturias.com\/magazine365\/wp-content\/uploads\/2014\/05\/6285708w.jpg","og:image:width":800,"og:image:height":486,"article:published_time":"2014-05-22T01:52:46+00:00","article:modified_time":"2014-05-22T01:52:46+00:00","twitter:card":"summary_large_image","twitter:title":"El periodista \u00c1ngel Alonso, premio Faconauto a la trayectoria profesional | El Digital de Asturias","twitter:description":"Madrid, 21 may (EFE).- El periodista de la agencia Efe \u00c1ngel Alonso Carracedo ha sido galardonado hoy con el Premio Especial a la trayectoria profesional como informador del sector del autom\u00f3vil por el comit\u00e9 ejecutivo de la patronal de concesionarios de automoci\u00f3n Faconauto. El premio reconoce la &quot;brillante&quot; carrera de \u00c1ngel Alonso como periodista de","twitter:image":"https:\/\/eldigitaldeasturias.com\/magazine365\/wp-content\/uploads\/2014\/05\/6285708w.jpg"},"aioseo_meta_data":{"post_id":"13544","title":null,"description":null,"keywords":null,"keyphrases":null,"primary_term":null,"canonical_url":null,"og_title":null,"og_description":null,"og_object_type":"default","og_image_type":"default","og_image_url":null,"og_image_width":null,"og_image_height":null,"og_image_custom_url":null,"og_image_custom_fields":null,"og_video":null,"og_custom_url":null,"og_article_section":null,"og_article_tags":null,"twitter_use_og":false,"twitter_card":"default","twitter_image_type":"default","twitter_image_url":null,"twitter_image_custom_url":null,"twitter_image_custom_fields":null,"twitter_title":null,"twitter_description":null,"schema":{"blockGraphs":[],"customGraphs":[],"default":{"data":{"Article":[],"Course":[],"Dataset":[],"FAQPage":[],"Movie":[],"Person":[],"Product":[],"ProductReview":[],"Car":[],"Recipe":[],"Service":[],"SoftwareApplication":[],"WebPage":[]},"graphName":"","isEnabled":true},"graphs":[]},"schema_type":null,"schema_type_options":null,"pillar_content":false,"robots_default":true,"robots_noindex":false,"robots_noarchive":false,"robots_nosnippet":false,"robots_nofollow":false,"robots_noimageindex":false,"robots_noodp":false,"robots_notranslate":false,"robots_max_snippet":null,"robots_max_videopreview":null,"robots_max_imagepreview":"large","priority":null,"frequency":null,"location":null,"local_seo":null,"seo_analyzer_scan_date":"2025-09-17 08:27:36","breadcrumb_settings":null,"limit_modified_date":false,"open_ai":null,"ai":null,"created":"2021-03-09 08:26:54","updated":"2025-09-17 08:27:36"},"aioseo_breadcrumb":"<div class=\"aioseo-breadcrumbs\"><span class=\"aioseo-breadcrumb\">\n\t<a href=\"https:\/\/eldigitaldeasturias.com\/magazine365\" title=\"Home\">Home<\/a>\n<\/span><span class=\"aioseo-breadcrumb-separator\">\u2013<\/span><span class=\"aioseo-breadcrumb\">\n\t<a href=\"https:\/\/eldigitaldeasturias.com\/magazine365\/category\/noticias-actualidad\/\" title=\"Noticias y Actualidad\">Noticias y Actualidad<\/a>\n<\/span><span class=\"aioseo-breadcrumb-separator\">\u2013<\/span><span class=\"aioseo-breadcrumb\">\n\t<a href=\"https:\/\/eldigitaldeasturias.com\/magazine365\/el-periodista-angel-alonso-premio-faconauto-a-la-trayectoria-profesional\/\" title=\"El periodista \u00c1ngel Alonso, premio Faconauto a la trayectoria profesional\">El periodista \u00c1ngel Alonso, premio Faconauto a la trayectoria profesional<\/a>\n<\/span><\/div>","aioseo_breadcrumb_json":[{"label":"Home","link":"https:\/\/eldigitaldeasturias.com\/magazine365"},{"label":"Noticias y Actualidad","link":"https:\/\/eldigitaldeasturias.com\/magazine365\/category\/noticias-actualidad\/"},{"label":"El periodista \u00c1ngel Alonso, premio Faconauto a la trayectoria profesional","link":"https:\/\/eldigitaldeasturias.com\/magazine365\/el-periodista-angel-alonso-premio-faconauto-a-la-trayectoria-profesional\/"}],"_links":{"self":[{"href":"https:\/\/eldigitaldeasturias.com\/magazine365\/wp-json\/wp\/v2\/posts\/13544","targetHints":{"allow":["GET"]}}],"collection":[{"href":"https:\/\/eldigitaldeasturias.com\/magazine365\/wp-json\/wp\/v2\/posts"}],"about":[{"href":"https:\/\/eldigitaldeasturias.com\/magazine365\/wp-json\/wp\/v2\/types\/post"}],"author":[{"embeddable":true,"href":"https:\/\/eldigitaldeasturias.com\/magazine365\/wp-json\/wp\/v2\/users\/1"}],"replies":[{"embeddable":true,"href":"https:\/\/eldigitaldeasturias.com\/magazine365\/wp-json\/wp\/v2\/comments?post=13544"}],"version-history":[{"count":0,"href":"https:\/\/eldigitaldeasturias.com\/magazine365\/wp-json\/wp\/v2\/posts\/13544\/revisions"}],"wp:featuredmedia":[{"embeddable":true,"href":"https:\/\/eldigitaldeasturias.com\/magazine365\/wp-json\/wp\/v2\/media\/13545"}],"wp:attachment":[{"href":"https:\/\/eldigitaldeasturias.com\/magazine365\/wp-json\/wp\/v2\/media?parent=13544"}],"wp:term":[{"taxonomy":"category","embeddable":true,"href":"https:\/\/eldigitaldeasturias.com\/magazine365\/wp-json\/wp\/v2\/categories?post=13544"},{"taxonomy":"post_tag","embeddable":true,"href":"https:\/\/eldigitaldeasturias.com\/magazine365\/wp-json\/wp\/v2\/tags?post=13544"}],"curies":[{"name":"wp","href":"https:\/\/api.w.org\/{rel}","templated":true}]}}