{"id":13535,"date":"2014-05-21T23:46:54","date_gmt":"2014-05-22T01:46:54","guid":{"rendered":"http:\/\/eldigitaldeasturias.com\/magazine365\/?p=13535"},"modified":"2014-05-21T23:46:54","modified_gmt":"2014-05-22T01:46:54","slug":"charles-aznavour-cumple-90-anos","status":"publish","type":"post","link":"https:\/\/eldigitaldeasturias.com\/magazine365\/charles-aznavour-cumple-90-anos\/","title":{"rendered":"Charles Aznavour cumple 90 a\u00f1os"},"content":{"rendered":"<p><img fetchpriority=\"high\" decoding=\"async\" class=\"alignleft size-medium wp-image-13536\" alt=\"6285450w\" src=\"https:\/\/eldigitaldeasturias.com\/magazine365\/wp-content\/uploads\/2014\/05\/6285450w-360x232.jpg\" width=\"360\" height=\"232\" \/>Par\u00eds, 21 may (EFE).- Charles Aznavour, uno de los cantantes m\u00e1s queridos en Francia, embajador armenio y representante de Erev\u00e1n ante la ONU y la Unesco, cumplir\u00e1 ma\u00f1ana 90 a\u00f1os sobre un escenario berlin\u00e9s, d\u00edas despu\u00e9s de haber editado un cu\u00e1druple CD con 90 temas suyos.<\/p>\n<p>El creador de \u00abLa boh\u00e8me\u00bb, que hoy viaj\u00f3 a Berl\u00edn para ultimar su recital, asegura que, llegado a este punto de su vida y su carrera, lo de menos es cumplir a\u00f1os.<\/p>\n<p>Lo ratifica a Efe uno de sus portavoces: \u00abCharles Aznavour no ha deseado celebrar su cumplea\u00f1os\u00bb.<\/p>\n<p>\u00abNo hay ninguna raz\u00f3n\u00bb especial para ello, lo quiso as\u00ed. \u00abCelebrar\u00e1 sus 100 a\u00f1os\u00bb, adelanta el representante de esta monumental figura de la canci\u00f3n, que inici\u00f3 su carrera a los 9 a\u00f1os y vivi\u00f3 unos principios muy duros hasta que, al fin, su talento fue reconocido a mediados de los cincuenta.<\/p>\n<p>En la misma agencia 96b donde se dan cita otros grandes mitos de la escena francesa recuerdan, sin embargo, que el 12 de mayo, diez d\u00edas antes de esa fecha tan se\u00f1alada para los millones de seguidores que tiene Aznavour repartidos por el mundo, sali\u00f3 a la venta \u00absu primer \u00abbest of\u00bb oficial \u00abAznavour 90\u00e8me Anniversaire\u00bb.<\/p>\n<p>Lo iluminan 90 temas legendarios cuyo broche final es \u00abTendre Arm\u00e9nie\u00bb y su principio \u00abLe feutre taup\u00e9\u00bb y \u00abD\u00e9part express\u00bb, dos d\u00faos cantados en los inicios de su carrera junto a Pierre Roche.<\/p>\n<p>Entre esas baladas y hasta la pen\u00faltima canci\u00f3n, \u00abViens m&#8217;emporter\u00bb, se enlazan celeb\u00e9rrimas melod\u00edas como \u00abTu t&#8217;laisses aller\u00bb, \u00abJe m&#8217;voyais d\u00e9j\u00e0\u00bb, \u00abFor me, formidable\u00bb, \u00abLa mamma\u00bb, \u00abQue c&#8217;est triste Venise\u00bb, \u00abPlus rien\u00bb, \u00abEmmenez-moi\u00bb, y tres d\u00faos m\u00e1s, con \u00c9dith Piaf, Katia Aznavour y Mayra Andrade.<\/p>\n<p>El cantautor, actor, pol\u00edtico y escritor, capaz de desde\u00f1ar sin malherir los m\u00faltiples adjetivos elogiosos que se le adjudican, frente a los que dice considerarse un simple \u00abartesano\u00bb, no eligi\u00f3 ese recorrido musical.<\/p>\n<p>Fueron los especialistas de la discogr\u00e1fica Universal y \u00ablo hicieron muy bien\u00bb, explic\u00f3 el pasado viernes al canal p\u00fablico France 2.<\/p>\n<p>\u00abYo no sabr\u00eda hacerlo. No tengo ese sentido comercial de saber lo que el p\u00fablico va a querer. S\u00e9 lo que quiero hacer que quiera, pero no lo que le va a gustar\u00bb, a\u00f1adi\u00f3.<\/p>\n<p>Tan lleno de vida, curiosidad y energ\u00eda como contradictorio, el int\u00e9rprete, que dice escribir cada d\u00eda al menos una canci\u00f3n pero tirar muchas de ellas, no quiere hablar de despedidas, aunque acaba de poner fecha para su concierto de adi\u00f3s.<\/p>\n<p>Ser\u00e1 \u00abel 22 de mayo de 2024\u00bb, dijo el pasado d\u00eda 14 desde Erev\u00e1n ante un p\u00fablico muy especial, formado por el presidente franc\u00e9s, Fran\u00e7ois Hollande, y su colega armenio, Serge Sarkisian.<\/p>\n<p>Entre tanto, ya se sabe, el concierto berlin\u00e9s de ma\u00f1ana no festejar\u00e1 nada. La sala de conciertos O2 estaba libre ese d\u00eda y \u00e9l dijo que s\u00ed. Eso es todo, recalcan los medios franceses, haci\u00e9ndose eco de unas palabras del cantante recogidas por la prensa alemana.<\/p>\n<p>No obstante, estos d\u00edas, en Francia, los medios no cesan de glosar la insaciable y prol\u00edfica actividad de este hijo de armenios emigrados que adora cantar ante su p\u00fablico, pero dice amar por encima de todo escribir.<\/p>\n<p>Tarea que en estos momentos le tiene concentrado con sus canciones diarias, dos novelas en curso y la cuarta parte de \u00abla trilog\u00eda\u00bb de sus memorias.<\/p>\n<p>Escritura que compagina con su vida familiar y conciertos por todo el mundo, que el pr\u00f3ximo 1 de junio le llevar\u00e1n al Royal Albert Hall de Londres; el 26 de ese mismo mes al Gran Teatre del Liceu de Barcelona; el 1 de julio a Roma; el 13 de septiembre a Los \u00c1ngeles (Estados Unidos); o el 3 de octubre a Mosc\u00fa.<\/p>\n<p>&nbsp;<\/p>\n<p>Mar\u00eda Luisa Gaspar<\/p>\n","protected":false},"excerpt":{"rendered":"<p>Par\u00eds, 21 may (EFE).- Charles Aznavour, uno de los cantantes m\u00e1s queridos en Francia, embajador armenio y representante de Erev\u00e1n ante la ONU y la Unesco, cumplir\u00e1 ma\u00f1ana 90 a\u00f1os sobre un escenario berlin\u00e9s, d\u00edas despu\u00e9s de haber editado un cu\u00e1druple CD con 90 temas suyos. El creador de \u00abLa boh\u00e8me\u00bb, que hoy viaj\u00f3 a<\/p>\n","protected":false},"author":1,"featured_media":13536,"comment_status":"open","ping_status":"closed","sticky":false,"template":"","format":"standard","meta":{"footnotes":""},"categories":[224],"tags":[],"class_list":{"0":"post-13535","1":"post","2":"type-post","3":"status-publish","4":"format-standard","5":"has-post-thumbnail","7":"category-noticias-actualidad"},"aioseo_notices":[],"aioseo_head":"\n\t\t<!-- All in One SEO Pro 4.9.6.1 - aioseo.com -->\n\t<meta name=\"description\" content=\"Par\u00eds, 21 may (EFE).- Charles Aznavour, uno de los cantantes m\u00e1s queridos en Francia, embajador armenio y representante de Erev\u00e1n ante la ONU y la Unesco, cumplir\u00e1 ma\u00f1ana 90 a\u00f1os sobre un escenario berlin\u00e9s, d\u00edas despu\u00e9s de haber editado un cu\u00e1druple CD con 90 temas suyos. El creador de &quot;La boh\u00e8me&quot;, que hoy viaj\u00f3 a\" \/>\n\t<meta name=\"robots\" content=\"max-image-preview:large\" \/>\n\t<meta name=\"author\" content=\"admin\"\/>\n\t<meta name=\"google-site-verification\" content=\"UA-38556648-1\" \/>\n\t<meta name=\"keywords\" content=\"noticias y actualidad\" \/>\n\t<link rel=\"canonical\" href=\"https:\/\/eldigitaldeasturias.com\/magazine365\/charles-aznavour-cumple-90-anos\/\" \/>\n\t<meta name=\"generator\" content=\"All in One SEO Pro (AIOSEO) 4.9.6.1\" \/>\n\t\t<meta property=\"og:locale\" content=\"es_ES\" \/>\n\t\t<meta property=\"og:site_name\" content=\"El Digital de Asturias \u2013 Revista de ocio, turismo y estilo de vida\" \/>\n\t\t<meta property=\"og:type\" content=\"article\" \/>\n\t\t<meta property=\"og:title\" content=\"Charles Aznavour cumple 90 a\u00f1os | El Digital de Asturias\" \/>\n\t\t<meta property=\"og:description\" content=\"Par\u00eds, 21 may (EFE).- Charles Aznavour, uno de los cantantes m\u00e1s queridos en Francia, embajador armenio y representante de Erev\u00e1n ante la ONU y la Unesco, cumplir\u00e1 ma\u00f1ana 90 a\u00f1os sobre un escenario berlin\u00e9s, d\u00edas despu\u00e9s de haber editado un cu\u00e1druple CD con 90 temas suyos. El creador de &quot;La boh\u00e8me&quot;, que hoy viaj\u00f3 a\" \/>\n\t\t<meta property=\"og:url\" content=\"https:\/\/eldigitaldeasturias.com\/magazine365\/charles-aznavour-cumple-90-anos\/\" \/>\n\t\t<meta property=\"og:image\" content=\"https:\/\/eldigitaldeasturias.com\/magazine365\/wp-content\/uploads\/2014\/05\/6285450w.jpg\" \/>\n\t\t<meta property=\"og:image:secure_url\" content=\"https:\/\/eldigitaldeasturias.com\/magazine365\/wp-content\/uploads\/2014\/05\/6285450w.jpg\" \/>\n\t\t<meta property=\"og:image:width\" content=\"800\" \/>\n\t\t<meta property=\"og:image:height\" content=\"517\" \/>\n\t\t<meta property=\"article:published_time\" content=\"2014-05-22T01:46:54+00:00\" \/>\n\t\t<meta property=\"article:modified_time\" content=\"2014-05-22T01:46:54+00:00\" \/>\n\t\t<meta name=\"twitter:card\" content=\"summary_large_image\" \/>\n\t\t<meta name=\"twitter:title\" content=\"Charles Aznavour cumple 90 a\u00f1os | El Digital de Asturias\" \/>\n\t\t<meta name=\"twitter:description\" content=\"Par\u00eds, 21 may (EFE).- Charles Aznavour, uno de los cantantes m\u00e1s queridos en Francia, embajador armenio y representante de Erev\u00e1n ante la ONU y la Unesco, cumplir\u00e1 ma\u00f1ana 90 a\u00f1os sobre un escenario berlin\u00e9s, d\u00edas despu\u00e9s de haber editado un cu\u00e1druple CD con 90 temas suyos. El creador de &quot;La boh\u00e8me&quot;, que hoy viaj\u00f3 a\" \/>\n\t\t<meta name=\"twitter:image\" content=\"https:\/\/eldigitaldeasturias.com\/magazine365\/wp-content\/uploads\/2014\/05\/6285450w.jpg\" \/>\n\t\t<script type=\"application\/ld+json\" class=\"aioseo-schema\">\n\t\t\t{\"@context\":\"https:\\\/\\\/schema.org\",\"@graph\":[{\"@type\":\"Article\",\"@id\":\"https:\\\/\\\/eldigitaldeasturias.com\\\/magazine365\\\/charles-aznavour-cumple-90-anos\\\/#article\",\"name\":\"Charles Aznavour cumple 90 a\\u00f1os | El Digital de Asturias\",\"headline\":\"Charles Aznavour cumple 90 a\\u00f1os\",\"author\":{\"@id\":\"https:\\\/\\\/eldigitaldeasturias.com\\\/magazine365\\\/author\\\/admin\\\/#author\"},\"publisher\":{\"@id\":\"https:\\\/\\\/eldigitaldeasturias.com\\\/magazine365\\\/#organization\"},\"image\":{\"@type\":\"ImageObject\",\"url\":\"https:\\\/\\\/eldigitaldeasturias.com\\\/magazine365\\\/wp-content\\\/uploads\\\/2014\\\/05\\\/6285450w.jpg\",\"width\":800,\"height\":517},\"datePublished\":\"2014-05-21T23:46:54+02:00\",\"dateModified\":\"2014-05-21T23:46:54+02:00\",\"inLanguage\":\"es-ES\",\"mainEntityOfPage\":{\"@id\":\"https:\\\/\\\/eldigitaldeasturias.com\\\/magazine365\\\/charles-aznavour-cumple-90-anos\\\/#webpage\"},\"isPartOf\":{\"@id\":\"https:\\\/\\\/eldigitaldeasturias.com\\\/magazine365\\\/charles-aznavour-cumple-90-anos\\\/#webpage\"},\"articleSection\":\"Noticias y Actualidad\"},{\"@type\":\"BreadcrumbList\",\"@id\":\"https:\\\/\\\/eldigitaldeasturias.com\\\/magazine365\\\/charles-aznavour-cumple-90-anos\\\/#breadcrumblist\",\"itemListElement\":[{\"@type\":\"ListItem\",\"@id\":\"https:\\\/\\\/eldigitaldeasturias.com\\\/magazine365#listItem\",\"position\":1,\"name\":\"Home\",\"item\":\"https:\\\/\\\/eldigitaldeasturias.com\\\/magazine365\",\"nextItem\":{\"@type\":\"ListItem\",\"@id\":\"https:\\\/\\\/eldigitaldeasturias.com\\\/magazine365\\\/category\\\/noticias-actualidad\\\/#listItem\",\"name\":\"Noticias y Actualidad\"}},{\"@type\":\"ListItem\",\"@id\":\"https:\\\/\\\/eldigitaldeasturias.com\\\/magazine365\\\/category\\\/noticias-actualidad\\\/#listItem\",\"position\":2,\"name\":\"Noticias y Actualidad\",\"item\":\"https:\\\/\\\/eldigitaldeasturias.com\\\/magazine365\\\/category\\\/noticias-actualidad\\\/\",\"nextItem\":{\"@type\":\"ListItem\",\"@id\":\"https:\\\/\\\/eldigitaldeasturias.com\\\/magazine365\\\/charles-aznavour-cumple-90-anos\\\/#listItem\",\"name\":\"Charles Aznavour cumple 90 a\\u00f1os\"},\"previousItem\":{\"@type\":\"ListItem\",\"@id\":\"https:\\\/\\\/eldigitaldeasturias.com\\\/magazine365#listItem\",\"name\":\"Home\"}},{\"@type\":\"ListItem\",\"@id\":\"https:\\\/\\\/eldigitaldeasturias.com\\\/magazine365\\\/charles-aznavour-cumple-90-anos\\\/#listItem\",\"position\":3,\"name\":\"Charles Aznavour cumple 90 a\\u00f1os\",\"previousItem\":{\"@type\":\"ListItem\",\"@id\":\"https:\\\/\\\/eldigitaldeasturias.com\\\/magazine365\\\/category\\\/noticias-actualidad\\\/#listItem\",\"name\":\"Noticias y Actualidad\"}}]},{\"@type\":\"Organization\",\"@id\":\"https:\\\/\\\/eldigitaldeasturias.com\\\/magazine365\\\/#organization\",\"name\":\"El digital de Asturias\",\"description\":\"Revista de ocio, turismo y estilo de vida\",\"url\":\"https:\\\/\\\/eldigitaldeasturias.com\\\/magazine365\\\/\",\"logo\":{\"@type\":\"ImageObject\",\"url\":\"https:\\\/\\\/www.eldigitaldeasturias.com\\\/noticias\\\/wp-content\\\/uploads\\\/2020\\\/12\\\/EDA.jpg\",\"@id\":\"https:\\\/\\\/eldigitaldeasturias.com\\\/magazine365\\\/charles-aznavour-cumple-90-anos\\\/#organizationLogo\"},\"image\":{\"@id\":\"https:\\\/\\\/eldigitaldeasturias.com\\\/magazine365\\\/charles-aznavour-cumple-90-anos\\\/#organizationLogo\"}},{\"@type\":\"Person\",\"@id\":\"https:\\\/\\\/eldigitaldeasturias.com\\\/magazine365\\\/author\\\/admin\\\/#author\",\"url\":\"https:\\\/\\\/eldigitaldeasturias.com\\\/magazine365\\\/author\\\/admin\\\/\",\"name\":\"admin\",\"image\":{\"@type\":\"ImageObject\",\"@id\":\"https:\\\/\\\/eldigitaldeasturias.com\\\/magazine365\\\/charles-aznavour-cumple-90-anos\\\/#authorImage\",\"url\":\"https:\\\/\\\/eldigitaldeasturias.com\\\/magazine365\\\/wp-content\\\/litespeed\\\/avatar\\\/e571bcf59a0edd6fa6838245a470f2fe.jpg?ver=1776969259\",\"width\":96,\"height\":96,\"caption\":\"admin\"}},{\"@type\":\"WebPage\",\"@id\":\"https:\\\/\\\/eldigitaldeasturias.com\\\/magazine365\\\/charles-aznavour-cumple-90-anos\\\/#webpage\",\"url\":\"https:\\\/\\\/eldigitaldeasturias.com\\\/magazine365\\\/charles-aznavour-cumple-90-anos\\\/\",\"name\":\"Charles Aznavour cumple 90 a\\u00f1os | El Digital de Asturias\",\"description\":\"Par\\u00eds, 21 may (EFE).- Charles Aznavour, uno de los cantantes m\\u00e1s queridos en Francia, embajador armenio y representante de Erev\\u00e1n ante la ONU y la Unesco, cumplir\\u00e1 ma\\u00f1ana 90 a\\u00f1os sobre un escenario berlin\\u00e9s, d\\u00edas despu\\u00e9s de haber editado un cu\\u00e1druple CD con 90 temas suyos. El creador de \\\"La boh\\u00e8me\\\", que hoy viaj\\u00f3 a\",\"inLanguage\":\"es-ES\",\"isPartOf\":{\"@id\":\"https:\\\/\\\/eldigitaldeasturias.com\\\/magazine365\\\/#website\"},\"breadcrumb\":{\"@id\":\"https:\\\/\\\/eldigitaldeasturias.com\\\/magazine365\\\/charles-aznavour-cumple-90-anos\\\/#breadcrumblist\"},\"author\":{\"@id\":\"https:\\\/\\\/eldigitaldeasturias.com\\\/magazine365\\\/author\\\/admin\\\/#author\"},\"creator\":{\"@id\":\"https:\\\/\\\/eldigitaldeasturias.com\\\/magazine365\\\/author\\\/admin\\\/#author\"},\"image\":{\"@type\":\"ImageObject\",\"url\":\"https:\\\/\\\/eldigitaldeasturias.com\\\/magazine365\\\/wp-content\\\/uploads\\\/2014\\\/05\\\/6285450w.jpg\",\"@id\":\"https:\\\/\\\/eldigitaldeasturias.com\\\/magazine365\\\/charles-aznavour-cumple-90-anos\\\/#mainImage\",\"width\":800,\"height\":517},\"primaryImageOfPage\":{\"@id\":\"https:\\\/\\\/eldigitaldeasturias.com\\\/magazine365\\\/charles-aznavour-cumple-90-anos\\\/#mainImage\"},\"datePublished\":\"2014-05-21T23:46:54+02:00\",\"dateModified\":\"2014-05-21T23:46:54+02:00\"},{\"@type\":\"WebSite\",\"@id\":\"https:\\\/\\\/eldigitaldeasturias.com\\\/magazine365\\\/#website\",\"url\":\"https:\\\/\\\/eldigitaldeasturias.com\\\/magazine365\\\/\",\"name\":\"El Digital de Asturias\",\"description\":\"Revista de ocio, turismo y estilo de vida\",\"inLanguage\":\"es-ES\",\"publisher\":{\"@id\":\"https:\\\/\\\/eldigitaldeasturias.com\\\/magazine365\\\/#organization\"}}]}\n\t\t<\/script>\n\t\t<!-- All in One SEO Pro -->\r\n\t\t<title>Charles Aznavour cumple 90 a\u00f1os | El Digital de Asturias<\/title>\n\n","aioseo_head_json":{"title":"Charles Aznavour cumple 90 a\u00f1os | El Digital de Asturias","description":"Par\u00eds, 21 may (EFE).- Charles Aznavour, uno de los cantantes m\u00e1s queridos en Francia, embajador armenio y representante de Erev\u00e1n ante la ONU y la Unesco, cumplir\u00e1 ma\u00f1ana 90 a\u00f1os sobre un escenario berlin\u00e9s, d\u00edas despu\u00e9s de haber editado un cu\u00e1druple CD con 90 temas suyos. El creador de \"La boh\u00e8me\", que hoy viaj\u00f3 a","canonical_url":"https:\/\/eldigitaldeasturias.com\/magazine365\/charles-aznavour-cumple-90-anos\/","robots":"max-image-preview:large","keywords":"noticias y actualidad","webmasterTools":{"google-site-verification":"UA-38556648-1","miscellaneous":""},"schema":{"@context":"https:\/\/schema.org","@graph":[{"@type":"Article","@id":"https:\/\/eldigitaldeasturias.com\/magazine365\/charles-aznavour-cumple-90-anos\/#article","name":"Charles Aznavour cumple 90 a\u00f1os | El Digital de Asturias","headline":"Charles Aznavour cumple 90 a\u00f1os","author":{"@id":"https:\/\/eldigitaldeasturias.com\/magazine365\/author\/admin\/#author"},"publisher":{"@id":"https:\/\/eldigitaldeasturias.com\/magazine365\/#organization"},"image":{"@type":"ImageObject","url":"https:\/\/eldigitaldeasturias.com\/magazine365\/wp-content\/uploads\/2014\/05\/6285450w.jpg","width":800,"height":517},"datePublished":"2014-05-21T23:46:54+02:00","dateModified":"2014-05-21T23:46:54+02:00","inLanguage":"es-ES","mainEntityOfPage":{"@id":"https:\/\/eldigitaldeasturias.com\/magazine365\/charles-aznavour-cumple-90-anos\/#webpage"},"isPartOf":{"@id":"https:\/\/eldigitaldeasturias.com\/magazine365\/charles-aznavour-cumple-90-anos\/#webpage"},"articleSection":"Noticias y Actualidad"},{"@type":"BreadcrumbList","@id":"https:\/\/eldigitaldeasturias.com\/magazine365\/charles-aznavour-cumple-90-anos\/#breadcrumblist","itemListElement":[{"@type":"ListItem","@id":"https:\/\/eldigitaldeasturias.com\/magazine365#listItem","position":1,"name":"Home","item":"https:\/\/eldigitaldeasturias.com\/magazine365","nextItem":{"@type":"ListItem","@id":"https:\/\/eldigitaldeasturias.com\/magazine365\/category\/noticias-actualidad\/#listItem","name":"Noticias y Actualidad"}},{"@type":"ListItem","@id":"https:\/\/eldigitaldeasturias.com\/magazine365\/category\/noticias-actualidad\/#listItem","position":2,"name":"Noticias y Actualidad","item":"https:\/\/eldigitaldeasturias.com\/magazine365\/category\/noticias-actualidad\/","nextItem":{"@type":"ListItem","@id":"https:\/\/eldigitaldeasturias.com\/magazine365\/charles-aznavour-cumple-90-anos\/#listItem","name":"Charles Aznavour cumple 90 a\u00f1os"},"previousItem":{"@type":"ListItem","@id":"https:\/\/eldigitaldeasturias.com\/magazine365#listItem","name":"Home"}},{"@type":"ListItem","@id":"https:\/\/eldigitaldeasturias.com\/magazine365\/charles-aznavour-cumple-90-anos\/#listItem","position":3,"name":"Charles Aznavour cumple 90 a\u00f1os","previousItem":{"@type":"ListItem","@id":"https:\/\/eldigitaldeasturias.com\/magazine365\/category\/noticias-actualidad\/#listItem","name":"Noticias y Actualidad"}}]},{"@type":"Organization","@id":"https:\/\/eldigitaldeasturias.com\/magazine365\/#organization","name":"El digital de Asturias","description":"Revista de ocio, turismo y estilo de vida","url":"https:\/\/eldigitaldeasturias.com\/magazine365\/","logo":{"@type":"ImageObject","url":"https:\/\/www.eldigitaldeasturias.com\/noticias\/wp-content\/uploads\/2020\/12\/EDA.jpg","@id":"https:\/\/eldigitaldeasturias.com\/magazine365\/charles-aznavour-cumple-90-anos\/#organizationLogo"},"image":{"@id":"https:\/\/eldigitaldeasturias.com\/magazine365\/charles-aznavour-cumple-90-anos\/#organizationLogo"}},{"@type":"Person","@id":"https:\/\/eldigitaldeasturias.com\/magazine365\/author\/admin\/#author","url":"https:\/\/eldigitaldeasturias.com\/magazine365\/author\/admin\/","name":"admin","image":{"@type":"ImageObject","@id":"https:\/\/eldigitaldeasturias.com\/magazine365\/charles-aznavour-cumple-90-anos\/#authorImage","url":"https:\/\/eldigitaldeasturias.com\/magazine365\/wp-content\/litespeed\/avatar\/e571bcf59a0edd6fa6838245a470f2fe.jpg?ver=1776969259","width":96,"height":96,"caption":"admin"}},{"@type":"WebPage","@id":"https:\/\/eldigitaldeasturias.com\/magazine365\/charles-aznavour-cumple-90-anos\/#webpage","url":"https:\/\/eldigitaldeasturias.com\/magazine365\/charles-aznavour-cumple-90-anos\/","name":"Charles Aznavour cumple 90 a\u00f1os | El Digital de Asturias","description":"Par\u00eds, 21 may (EFE).- Charles Aznavour, uno de los cantantes m\u00e1s queridos en Francia, embajador armenio y representante de Erev\u00e1n ante la ONU y la Unesco, cumplir\u00e1 ma\u00f1ana 90 a\u00f1os sobre un escenario berlin\u00e9s, d\u00edas despu\u00e9s de haber editado un cu\u00e1druple CD con 90 temas suyos. El creador de \"La boh\u00e8me\", que hoy viaj\u00f3 a","inLanguage":"es-ES","isPartOf":{"@id":"https:\/\/eldigitaldeasturias.com\/magazine365\/#website"},"breadcrumb":{"@id":"https:\/\/eldigitaldeasturias.com\/magazine365\/charles-aznavour-cumple-90-anos\/#breadcrumblist"},"author":{"@id":"https:\/\/eldigitaldeasturias.com\/magazine365\/author\/admin\/#author"},"creator":{"@id":"https:\/\/eldigitaldeasturias.com\/magazine365\/author\/admin\/#author"},"image":{"@type":"ImageObject","url":"https:\/\/eldigitaldeasturias.com\/magazine365\/wp-content\/uploads\/2014\/05\/6285450w.jpg","@id":"https:\/\/eldigitaldeasturias.com\/magazine365\/charles-aznavour-cumple-90-anos\/#mainImage","width":800,"height":517},"primaryImageOfPage":{"@id":"https:\/\/eldigitaldeasturias.com\/magazine365\/charles-aznavour-cumple-90-anos\/#mainImage"},"datePublished":"2014-05-21T23:46:54+02:00","dateModified":"2014-05-21T23:46:54+02:00"},{"@type":"WebSite","@id":"https:\/\/eldigitaldeasturias.com\/magazine365\/#website","url":"https:\/\/eldigitaldeasturias.com\/magazine365\/","name":"El Digital de Asturias","description":"Revista de ocio, turismo y estilo de vida","inLanguage":"es-ES","publisher":{"@id":"https:\/\/eldigitaldeasturias.com\/magazine365\/#organization"}}]},"og:locale":"es_ES","og:site_name":"El Digital de Asturias \u2013 Revista de ocio, turismo y estilo de vida","og:type":"article","og:title":"Charles Aznavour cumple 90 a\u00f1os | El Digital de Asturias","og:description":"Par\u00eds, 21 may (EFE).- Charles Aznavour, uno de los cantantes m\u00e1s queridos en Francia, embajador armenio y representante de Erev\u00e1n ante la ONU y la Unesco, cumplir\u00e1 ma\u00f1ana 90 a\u00f1os sobre un escenario berlin\u00e9s, d\u00edas despu\u00e9s de haber editado un cu\u00e1druple CD con 90 temas suyos. El creador de &quot;La boh\u00e8me&quot;, que hoy viaj\u00f3 a","og:url":"https:\/\/eldigitaldeasturias.com\/magazine365\/charles-aznavour-cumple-90-anos\/","og:image":"https:\/\/eldigitaldeasturias.com\/magazine365\/wp-content\/uploads\/2014\/05\/6285450w.jpg","og:image:secure_url":"https:\/\/eldigitaldeasturias.com\/magazine365\/wp-content\/uploads\/2014\/05\/6285450w.jpg","og:image:width":800,"og:image:height":517,"article:published_time":"2014-05-22T01:46:54+00:00","article:modified_time":"2014-05-22T01:46:54+00:00","twitter:card":"summary_large_image","twitter:title":"Charles Aznavour cumple 90 a\u00f1os | El Digital de Asturias","twitter:description":"Par\u00eds, 21 may (EFE).- Charles Aznavour, uno de los cantantes m\u00e1s queridos en Francia, embajador armenio y representante de Erev\u00e1n ante la ONU y la Unesco, cumplir\u00e1 ma\u00f1ana 90 a\u00f1os sobre un escenario berlin\u00e9s, d\u00edas despu\u00e9s de haber editado un cu\u00e1druple CD con 90 temas suyos. El creador de &quot;La boh\u00e8me&quot;, que hoy viaj\u00f3 a","twitter:image":"https:\/\/eldigitaldeasturias.com\/magazine365\/wp-content\/uploads\/2014\/05\/6285450w.jpg"},"aioseo_meta_data":{"post_id":"13535","title":null,"description":null,"keywords":null,"keyphrases":null,"primary_term":null,"canonical_url":null,"og_title":null,"og_description":null,"og_object_type":"default","og_image_type":"default","og_image_url":null,"og_image_width":null,"og_image_height":null,"og_image_custom_url":null,"og_image_custom_fields":null,"og_video":null,"og_custom_url":null,"og_article_section":null,"og_article_tags":null,"twitter_use_og":false,"twitter_card":"default","twitter_image_type":"default","twitter_image_url":null,"twitter_image_custom_url":null,"twitter_image_custom_fields":null,"twitter_title":null,"twitter_description":null,"schema":{"blockGraphs":[],"customGraphs":[],"default":{"data":{"Article":[],"Course":[],"Dataset":[],"FAQPage":[],"Movie":[],"Person":[],"Product":[],"ProductReview":[],"Car":[],"Recipe":[],"Service":[],"SoftwareApplication":[],"WebPage":[]},"graphName":"","isEnabled":true},"graphs":[],"defaultGraph":"","defaultPostTypeGraph":""},"schema_type":null,"schema_type_options":null,"pillar_content":false,"robots_default":true,"robots_noindex":false,"robots_noarchive":false,"robots_nosnippet":false,"robots_nofollow":false,"robots_noimageindex":false,"robots_noodp":false,"robots_notranslate":false,"robots_max_snippet":null,"robots_max_videopreview":null,"robots_max_imagepreview":"large","priority":null,"frequency":null,"location":null,"local_seo":null,"seo_analyzer_scan_date":"2025-09-17 08:27:32","breadcrumb_settings":null,"limit_modified_date":false,"open_ai":null,"ai":null,"created":"2021-03-08 17:28:27","updated":"2025-09-17 08:27:32"},"aioseo_breadcrumb":"<div class=\"aioseo-breadcrumbs\"><span class=\"aioseo-breadcrumb\">\n\t<a href=\"https:\/\/eldigitaldeasturias.com\/magazine365\" title=\"Home\">Home<\/a>\n<\/span><span class=\"aioseo-breadcrumb-separator\">\u2013<\/span><span class=\"aioseo-breadcrumb\">\n\t<a href=\"https:\/\/eldigitaldeasturias.com\/magazine365\/category\/noticias-actualidad\/\" title=\"Noticias y Actualidad\">Noticias y Actualidad<\/a>\n<\/span><span class=\"aioseo-breadcrumb-separator\">\u2013<\/span><span class=\"aioseo-breadcrumb\">\n\t<a href=\"https:\/\/eldigitaldeasturias.com\/magazine365\/charles-aznavour-cumple-90-anos\/\" title=\"Charles Aznavour cumple 90 a\u00f1os\">Charles Aznavour cumple 90 a\u00f1os<\/a>\n<\/span><\/div>","aioseo_breadcrumb_json":[{"label":"Home","link":"https:\/\/eldigitaldeasturias.com\/magazine365"},{"label":"Noticias y Actualidad","link":"https:\/\/eldigitaldeasturias.com\/magazine365\/category\/noticias-actualidad\/"},{"label":"Charles Aznavour cumple 90 a\u00f1os","link":"https:\/\/eldigitaldeasturias.com\/magazine365\/charles-aznavour-cumple-90-anos\/"}],"_links":{"self":[{"href":"https:\/\/eldigitaldeasturias.com\/magazine365\/wp-json\/wp\/v2\/posts\/13535","targetHints":{"allow":["GET"]}}],"collection":[{"href":"https:\/\/eldigitaldeasturias.com\/magazine365\/wp-json\/wp\/v2\/posts"}],"about":[{"href":"https:\/\/eldigitaldeasturias.com\/magazine365\/wp-json\/wp\/v2\/types\/post"}],"author":[{"embeddable":true,"href":"https:\/\/eldigitaldeasturias.com\/magazine365\/wp-json\/wp\/v2\/users\/1"}],"replies":[{"embeddable":true,"href":"https:\/\/eldigitaldeasturias.com\/magazine365\/wp-json\/wp\/v2\/comments?post=13535"}],"version-history":[{"count":0,"href":"https:\/\/eldigitaldeasturias.com\/magazine365\/wp-json\/wp\/v2\/posts\/13535\/revisions"}],"wp:featuredmedia":[{"embeddable":true,"href":"https:\/\/eldigitaldeasturias.com\/magazine365\/wp-json\/wp\/v2\/media\/13536"}],"wp:attachment":[{"href":"https:\/\/eldigitaldeasturias.com\/magazine365\/wp-json\/wp\/v2\/media?parent=13535"}],"wp:term":[{"taxonomy":"category","embeddable":true,"href":"https:\/\/eldigitaldeasturias.com\/magazine365\/wp-json\/wp\/v2\/categories?post=13535"},{"taxonomy":"post_tag","embeddable":true,"href":"https:\/\/eldigitaldeasturias.com\/magazine365\/wp-json\/wp\/v2\/tags?post=13535"}],"curies":[{"name":"wp","href":"https:\/\/api.w.org\/{rel}","templated":true}]}}