{"id":13529,"date":"2014-05-21T23:44:03","date_gmt":"2014-05-22T01:44:03","guid":{"rendered":"http:\/\/eldigitaldeasturias.com\/magazine365\/?p=13529"},"modified":"2014-05-21T23:44:03","modified_gmt":"2014-05-22T01:44:03","slug":"benidorm-garantiza-la-continuidad-del-low-festival","status":"publish","type":"post","link":"https:\/\/eldigitaldeasturias.com\/magazine365\/benidorm-garantiza-la-continuidad-del-low-festival\/","title":{"rendered":"Benidorm garantiza la continuidad del Low Festival"},"content":{"rendered":"<p><img fetchpriority=\"high\" decoding=\"async\" class=\"alignleft size-medium wp-image-13530\" alt=\"6285124w\" src=\"https:\/\/eldigitaldeasturias.com\/magazine365\/wp-content\/uploads\/2014\/05\/6285124w-360x240.jpg\" width=\"360\" height=\"240\" \/>Benidorm (Alicante), 21 may (EFE).- El alcalde de Benidorm, Agust\u00edn Navarro, ha garantizado hoy la celebraci\u00f3n del Low Festival de 2014 tras varios meses de pol\u00e9micas en torno al contrato que vincula el evento a la ciudad hasta 2020, aprobado en marzo pasado por el Gobierno municipal, pero que a\u00fan no se ha adjudicado.<\/p>\n<p>Navarro ha comparecido en rueda de prensa junto al concejal de Festivales y Eventos, Conrado Hern\u00e1ndez, para dar cuenta del \u00faltimo informe del \u00e1rea de Contrataci\u00f3n que avala que este contrato se puede adjudicar y firmar, ya que no han caducado los plazos previstos en el pliego de condiciones que reg\u00eda el procedimiento.<\/p>\n<p>Seg\u00fan este informe, \u00abel plazo finalizar\u00eda el 29 de mayo\u00bb, y no el pasado 4 de mayo como ayer sostuvo el edil no adscrito, Juan \u00c1ngel Ferrer, tras analizar uno de los art\u00edculos del pliego.<\/p>\n<p>Adem\u00e1s, el informe a\u00f1ade que aunque este plazo hubiera vencido, \u00aben ning\u00fan caso conlleva la nulidad o invalidez del expediente tramitado\u00bb, sino \u00fanicamente da \u00abpotestad al licitador de retirar su oferta\u00bb.<\/p>\n<p>Tras esta aclaraci\u00f3n, Navarro y Hern\u00e1ndez han remarcado que \u00abel Low se va a realizar porque cumplir\u00e1 todo lo que se exige\u00bb y que se dar\u00e1 viabilidad a ese contrato por siete a\u00f1os en los pr\u00f3ximos d\u00edas\u00bb.<\/p>\n<p>\u00abQuer\u00edamos un contrato que tuviera longevidad y no vamos a desandar lo andado\u00bb, ha dicho el alcalde, quien ha subrayado: \u00abtenemos el festival que queremos, urbano, sin zona de acampada, para gente joven, que deje dinero en la ciudad y que haga que quienes vengan conozcan Benidorm para que vuelvan\u00bb.<\/p>\n<p>\u00abEl festival se puede mejorar, pero no se puede poner en duda que es bueno para la ciudad\u00bb, ha indicado.<\/p>\n<p>Asimismo, se ha mostrado convencido de que quienes gobiernen la ciudad en los pr\u00f3ximos a\u00f1os lo mantendr\u00e1n por los beneficios que reporta a Benidorm.<\/p>\n<p>El edil de Eventos ha afirmado que el Low Festival, que este a\u00f1o cumple cinco a\u00f1os en Benidorm, \u00abaporta nueve millones de euros\u00bb a esta ciudad, est\u00e1 \u00abconsolidado\u00bb y ocupa los puestos m\u00e1s altos en el r\u00e1nking de festivales nacionales.<\/p>\n<p>En estos momentos, y seg\u00fan las cifras aportadas por el alcalde, se han vendido ya \u00abunas 25.000 entradas\u00bb para el Low Festival de 2014, que tiene como cabezas de cartel a Massive Attack y a los Kaiser Chiefs entre los m\u00e1s de cuarenta nombres confirmados.<\/p>\n<p>El contrato hasta 2020 no se ha adjudicado hasta ahora por los retrasos que ha ocasionado el que la empresa, Producciones Baltimore SL, no tuviera todav\u00eda en propiedad la marca Low Festival por un conflicto planteado por otra mercantil ante la Oficina Nacional de Patentes y Marcas.<\/p>\n<p>Finalmente, esa mercantil retir\u00f3 el conflicto y la marca ya es propiedad de Producciones Baltimore.<\/p>\n<p>Durante los \u00faltimos dos meses, la oposici\u00f3n municipal ha puesto reparos a este contrato y todas las vicisitudes que le han rodeado, proponiendo al Gobierno local firmar uno para la edici\u00f3n de este a\u00f1o y estudiar diferentes f\u00f3rmulas para las pr\u00f3ximas ediciones.<\/p>\n","protected":false},"excerpt":{"rendered":"<p>Benidorm (Alicante), 21 may (EFE).- El alcalde de Benidorm, Agust\u00edn Navarro, ha garantizado hoy la celebraci\u00f3n del Low Festival de 2014 tras varios meses de pol\u00e9micas en torno al contrato que vincula el evento a la ciudad hasta 2020, aprobado en marzo pasado por el Gobierno municipal, pero que a\u00fan no se ha adjudicado. Navarro<\/p>\n","protected":false},"author":1,"featured_media":13530,"comment_status":"open","ping_status":"closed","sticky":false,"template":"","format":"standard","meta":{"footnotes":""},"categories":[224],"tags":[],"class_list":{"0":"post-13529","1":"post","2":"type-post","3":"status-publish","4":"format-standard","5":"has-post-thumbnail","7":"category-noticias-actualidad"},"aioseo_notices":[],"aioseo_head":"\n\t\t<!-- All in One SEO Pro 4.9.6.1 - aioseo.com -->\n\t<meta name=\"description\" content=\"Benidorm (Alicante), 21 may (EFE).- El alcalde de Benidorm, Agust\u00edn Navarro, ha garantizado hoy la celebraci\u00f3n del Low Festival de 2014 tras varios meses de pol\u00e9micas en torno al contrato que vincula el evento a la ciudad hasta 2020, aprobado en marzo pasado por el Gobierno municipal, pero que a\u00fan no se ha adjudicado. Navarro\" \/>\n\t<meta name=\"robots\" content=\"max-image-preview:large\" \/>\n\t<meta name=\"author\" content=\"admin\"\/>\n\t<meta name=\"google-site-verification\" content=\"UA-38556648-1\" \/>\n\t<meta name=\"keywords\" content=\"noticias y actualidad\" \/>\n\t<link rel=\"canonical\" href=\"https:\/\/eldigitaldeasturias.com\/magazine365\/benidorm-garantiza-la-continuidad-del-low-festival\/\" \/>\n\t<meta name=\"generator\" content=\"All in One SEO Pro (AIOSEO) 4.9.6.1\" \/>\n\t\t<meta property=\"og:locale\" content=\"es_ES\" \/>\n\t\t<meta property=\"og:site_name\" content=\"El Digital de Asturias \u2013 Revista de ocio, turismo y estilo de vida\" \/>\n\t\t<meta property=\"og:type\" content=\"article\" \/>\n\t\t<meta property=\"og:title\" content=\"Benidorm garantiza la continuidad del Low Festival | El Digital de Asturias\" \/>\n\t\t<meta property=\"og:description\" content=\"Benidorm (Alicante), 21 may (EFE).- El alcalde de Benidorm, Agust\u00edn Navarro, ha garantizado hoy la celebraci\u00f3n del Low Festival de 2014 tras varios meses de pol\u00e9micas en torno al contrato que vincula el evento a la ciudad hasta 2020, aprobado en marzo pasado por el Gobierno municipal, pero que a\u00fan no se ha adjudicado. Navarro\" \/>\n\t\t<meta property=\"og:url\" content=\"https:\/\/eldigitaldeasturias.com\/magazine365\/benidorm-garantiza-la-continuidad-del-low-festival\/\" \/>\n\t\t<meta property=\"og:image\" content=\"https:\/\/eldigitaldeasturias.com\/magazine365\/wp-content\/uploads\/2014\/05\/6285124w.jpg\" \/>\n\t\t<meta property=\"og:image:secure_url\" content=\"https:\/\/eldigitaldeasturias.com\/magazine365\/wp-content\/uploads\/2014\/05\/6285124w.jpg\" \/>\n\t\t<meta property=\"og:image:width\" content=\"800\" \/>\n\t\t<meta property=\"og:image:height\" content=\"535\" \/>\n\t\t<meta property=\"article:published_time\" content=\"2014-05-22T01:44:03+00:00\" \/>\n\t\t<meta property=\"article:modified_time\" content=\"2014-05-22T01:44:03+00:00\" \/>\n\t\t<meta name=\"twitter:card\" content=\"summary_large_image\" \/>\n\t\t<meta name=\"twitter:title\" content=\"Benidorm garantiza la continuidad del Low Festival | El Digital de Asturias\" \/>\n\t\t<meta name=\"twitter:description\" content=\"Benidorm (Alicante), 21 may (EFE).- El alcalde de Benidorm, Agust\u00edn Navarro, ha garantizado hoy la celebraci\u00f3n del Low Festival de 2014 tras varios meses de pol\u00e9micas en torno al contrato que vincula el evento a la ciudad hasta 2020, aprobado en marzo pasado por el Gobierno municipal, pero que a\u00fan no se ha adjudicado. Navarro\" \/>\n\t\t<meta name=\"twitter:image\" content=\"https:\/\/eldigitaldeasturias.com\/magazine365\/wp-content\/uploads\/2014\/05\/6285124w.jpg\" \/>\n\t\t<script type=\"application\/ld+json\" class=\"aioseo-schema\">\n\t\t\t{\"@context\":\"https:\\\/\\\/schema.org\",\"@graph\":[{\"@type\":\"Article\",\"@id\":\"https:\\\/\\\/eldigitaldeasturias.com\\\/magazine365\\\/benidorm-garantiza-la-continuidad-del-low-festival\\\/#article\",\"name\":\"Benidorm garantiza la continuidad del Low Festival | El Digital de Asturias\",\"headline\":\"Benidorm garantiza la continuidad del Low Festival\",\"author\":{\"@id\":\"https:\\\/\\\/eldigitaldeasturias.com\\\/magazine365\\\/author\\\/admin\\\/#author\"},\"publisher\":{\"@id\":\"https:\\\/\\\/eldigitaldeasturias.com\\\/magazine365\\\/#organization\"},\"image\":{\"@type\":\"ImageObject\",\"url\":\"https:\\\/\\\/eldigitaldeasturias.com\\\/magazine365\\\/wp-content\\\/uploads\\\/2014\\\/05\\\/6285124w.jpg\",\"width\":800,\"height\":535},\"datePublished\":\"2014-05-21T23:44:03+02:00\",\"dateModified\":\"2014-05-21T23:44:03+02:00\",\"inLanguage\":\"es-ES\",\"mainEntityOfPage\":{\"@id\":\"https:\\\/\\\/eldigitaldeasturias.com\\\/magazine365\\\/benidorm-garantiza-la-continuidad-del-low-festival\\\/#webpage\"},\"isPartOf\":{\"@id\":\"https:\\\/\\\/eldigitaldeasturias.com\\\/magazine365\\\/benidorm-garantiza-la-continuidad-del-low-festival\\\/#webpage\"},\"articleSection\":\"Noticias y Actualidad\"},{\"@type\":\"BreadcrumbList\",\"@id\":\"https:\\\/\\\/eldigitaldeasturias.com\\\/magazine365\\\/benidorm-garantiza-la-continuidad-del-low-festival\\\/#breadcrumblist\",\"itemListElement\":[{\"@type\":\"ListItem\",\"@id\":\"https:\\\/\\\/eldigitaldeasturias.com\\\/magazine365#listItem\",\"position\":1,\"name\":\"Home\",\"item\":\"https:\\\/\\\/eldigitaldeasturias.com\\\/magazine365\",\"nextItem\":{\"@type\":\"ListItem\",\"@id\":\"https:\\\/\\\/eldigitaldeasturias.com\\\/magazine365\\\/category\\\/noticias-actualidad\\\/#listItem\",\"name\":\"Noticias y Actualidad\"}},{\"@type\":\"ListItem\",\"@id\":\"https:\\\/\\\/eldigitaldeasturias.com\\\/magazine365\\\/category\\\/noticias-actualidad\\\/#listItem\",\"position\":2,\"name\":\"Noticias y Actualidad\",\"item\":\"https:\\\/\\\/eldigitaldeasturias.com\\\/magazine365\\\/category\\\/noticias-actualidad\\\/\",\"nextItem\":{\"@type\":\"ListItem\",\"@id\":\"https:\\\/\\\/eldigitaldeasturias.com\\\/magazine365\\\/benidorm-garantiza-la-continuidad-del-low-festival\\\/#listItem\",\"name\":\"Benidorm garantiza la continuidad del Low Festival\"},\"previousItem\":{\"@type\":\"ListItem\",\"@id\":\"https:\\\/\\\/eldigitaldeasturias.com\\\/magazine365#listItem\",\"name\":\"Home\"}},{\"@type\":\"ListItem\",\"@id\":\"https:\\\/\\\/eldigitaldeasturias.com\\\/magazine365\\\/benidorm-garantiza-la-continuidad-del-low-festival\\\/#listItem\",\"position\":3,\"name\":\"Benidorm garantiza la continuidad del Low Festival\",\"previousItem\":{\"@type\":\"ListItem\",\"@id\":\"https:\\\/\\\/eldigitaldeasturias.com\\\/magazine365\\\/category\\\/noticias-actualidad\\\/#listItem\",\"name\":\"Noticias y Actualidad\"}}]},{\"@type\":\"Organization\",\"@id\":\"https:\\\/\\\/eldigitaldeasturias.com\\\/magazine365\\\/#organization\",\"name\":\"El digital de Asturias\",\"description\":\"Revista de ocio, turismo y estilo de vida\",\"url\":\"https:\\\/\\\/eldigitaldeasturias.com\\\/magazine365\\\/\",\"logo\":{\"@type\":\"ImageObject\",\"url\":\"https:\\\/\\\/www.eldigitaldeasturias.com\\\/noticias\\\/wp-content\\\/uploads\\\/2020\\\/12\\\/EDA.jpg\",\"@id\":\"https:\\\/\\\/eldigitaldeasturias.com\\\/magazine365\\\/benidorm-garantiza-la-continuidad-del-low-festival\\\/#organizationLogo\"},\"image\":{\"@id\":\"https:\\\/\\\/eldigitaldeasturias.com\\\/magazine365\\\/benidorm-garantiza-la-continuidad-del-low-festival\\\/#organizationLogo\"}},{\"@type\":\"Person\",\"@id\":\"https:\\\/\\\/eldigitaldeasturias.com\\\/magazine365\\\/author\\\/admin\\\/#author\",\"url\":\"https:\\\/\\\/eldigitaldeasturias.com\\\/magazine365\\\/author\\\/admin\\\/\",\"name\":\"admin\",\"image\":{\"@type\":\"ImageObject\",\"@id\":\"https:\\\/\\\/eldigitaldeasturias.com\\\/magazine365\\\/benidorm-garantiza-la-continuidad-del-low-festival\\\/#authorImage\",\"url\":\"https:\\\/\\\/eldigitaldeasturias.com\\\/magazine365\\\/wp-content\\\/litespeed\\\/avatar\\\/e571bcf59a0edd6fa6838245a470f2fe.jpg?ver=1776969259\",\"width\":96,\"height\":96,\"caption\":\"admin\"}},{\"@type\":\"WebPage\",\"@id\":\"https:\\\/\\\/eldigitaldeasturias.com\\\/magazine365\\\/benidorm-garantiza-la-continuidad-del-low-festival\\\/#webpage\",\"url\":\"https:\\\/\\\/eldigitaldeasturias.com\\\/magazine365\\\/benidorm-garantiza-la-continuidad-del-low-festival\\\/\",\"name\":\"Benidorm garantiza la continuidad del Low Festival | El Digital de Asturias\",\"description\":\"Benidorm (Alicante), 21 may (EFE).- El alcalde de Benidorm, Agust\\u00edn Navarro, ha garantizado hoy la celebraci\\u00f3n del Low Festival de 2014 tras varios meses de pol\\u00e9micas en torno al contrato que vincula el evento a la ciudad hasta 2020, aprobado en marzo pasado por el Gobierno municipal, pero que a\\u00fan no se ha adjudicado. Navarro\",\"inLanguage\":\"es-ES\",\"isPartOf\":{\"@id\":\"https:\\\/\\\/eldigitaldeasturias.com\\\/magazine365\\\/#website\"},\"breadcrumb\":{\"@id\":\"https:\\\/\\\/eldigitaldeasturias.com\\\/magazine365\\\/benidorm-garantiza-la-continuidad-del-low-festival\\\/#breadcrumblist\"},\"author\":{\"@id\":\"https:\\\/\\\/eldigitaldeasturias.com\\\/magazine365\\\/author\\\/admin\\\/#author\"},\"creator\":{\"@id\":\"https:\\\/\\\/eldigitaldeasturias.com\\\/magazine365\\\/author\\\/admin\\\/#author\"},\"image\":{\"@type\":\"ImageObject\",\"url\":\"https:\\\/\\\/eldigitaldeasturias.com\\\/magazine365\\\/wp-content\\\/uploads\\\/2014\\\/05\\\/6285124w.jpg\",\"@id\":\"https:\\\/\\\/eldigitaldeasturias.com\\\/magazine365\\\/benidorm-garantiza-la-continuidad-del-low-festival\\\/#mainImage\",\"width\":800,\"height\":535},\"primaryImageOfPage\":{\"@id\":\"https:\\\/\\\/eldigitaldeasturias.com\\\/magazine365\\\/benidorm-garantiza-la-continuidad-del-low-festival\\\/#mainImage\"},\"datePublished\":\"2014-05-21T23:44:03+02:00\",\"dateModified\":\"2014-05-21T23:44:03+02:00\"},{\"@type\":\"WebSite\",\"@id\":\"https:\\\/\\\/eldigitaldeasturias.com\\\/magazine365\\\/#website\",\"url\":\"https:\\\/\\\/eldigitaldeasturias.com\\\/magazine365\\\/\",\"name\":\"El Digital de Asturias\",\"description\":\"Revista de ocio, turismo y estilo de vida\",\"inLanguage\":\"es-ES\",\"publisher\":{\"@id\":\"https:\\\/\\\/eldigitaldeasturias.com\\\/magazine365\\\/#organization\"}}]}\n\t\t<\/script>\n\t\t<!-- All in One SEO Pro -->\r\n\t\t<title>Benidorm garantiza la continuidad del Low Festival | El Digital de Asturias<\/title>\n\n","aioseo_head_json":{"title":"Benidorm garantiza la continuidad del Low Festival | El Digital de Asturias","description":"Benidorm (Alicante), 21 may (EFE).- El alcalde de Benidorm, Agust\u00edn Navarro, ha garantizado hoy la celebraci\u00f3n del Low Festival de 2014 tras varios meses de pol\u00e9micas en torno al contrato que vincula el evento a la ciudad hasta 2020, aprobado en marzo pasado por el Gobierno municipal, pero que a\u00fan no se ha adjudicado. Navarro","canonical_url":"https:\/\/eldigitaldeasturias.com\/magazine365\/benidorm-garantiza-la-continuidad-del-low-festival\/","robots":"max-image-preview:large","keywords":"noticias y actualidad","webmasterTools":{"google-site-verification":"UA-38556648-1","miscellaneous":""},"schema":{"@context":"https:\/\/schema.org","@graph":[{"@type":"Article","@id":"https:\/\/eldigitaldeasturias.com\/magazine365\/benidorm-garantiza-la-continuidad-del-low-festival\/#article","name":"Benidorm garantiza la continuidad del Low Festival | El Digital de Asturias","headline":"Benidorm garantiza la continuidad del Low Festival","author":{"@id":"https:\/\/eldigitaldeasturias.com\/magazine365\/author\/admin\/#author"},"publisher":{"@id":"https:\/\/eldigitaldeasturias.com\/magazine365\/#organization"},"image":{"@type":"ImageObject","url":"https:\/\/eldigitaldeasturias.com\/magazine365\/wp-content\/uploads\/2014\/05\/6285124w.jpg","width":800,"height":535},"datePublished":"2014-05-21T23:44:03+02:00","dateModified":"2014-05-21T23:44:03+02:00","inLanguage":"es-ES","mainEntityOfPage":{"@id":"https:\/\/eldigitaldeasturias.com\/magazine365\/benidorm-garantiza-la-continuidad-del-low-festival\/#webpage"},"isPartOf":{"@id":"https:\/\/eldigitaldeasturias.com\/magazine365\/benidorm-garantiza-la-continuidad-del-low-festival\/#webpage"},"articleSection":"Noticias y Actualidad"},{"@type":"BreadcrumbList","@id":"https:\/\/eldigitaldeasturias.com\/magazine365\/benidorm-garantiza-la-continuidad-del-low-festival\/#breadcrumblist","itemListElement":[{"@type":"ListItem","@id":"https:\/\/eldigitaldeasturias.com\/magazine365#listItem","position":1,"name":"Home","item":"https:\/\/eldigitaldeasturias.com\/magazine365","nextItem":{"@type":"ListItem","@id":"https:\/\/eldigitaldeasturias.com\/magazine365\/category\/noticias-actualidad\/#listItem","name":"Noticias y Actualidad"}},{"@type":"ListItem","@id":"https:\/\/eldigitaldeasturias.com\/magazine365\/category\/noticias-actualidad\/#listItem","position":2,"name":"Noticias y Actualidad","item":"https:\/\/eldigitaldeasturias.com\/magazine365\/category\/noticias-actualidad\/","nextItem":{"@type":"ListItem","@id":"https:\/\/eldigitaldeasturias.com\/magazine365\/benidorm-garantiza-la-continuidad-del-low-festival\/#listItem","name":"Benidorm garantiza la continuidad del Low Festival"},"previousItem":{"@type":"ListItem","@id":"https:\/\/eldigitaldeasturias.com\/magazine365#listItem","name":"Home"}},{"@type":"ListItem","@id":"https:\/\/eldigitaldeasturias.com\/magazine365\/benidorm-garantiza-la-continuidad-del-low-festival\/#listItem","position":3,"name":"Benidorm garantiza la continuidad del Low Festival","previousItem":{"@type":"ListItem","@id":"https:\/\/eldigitaldeasturias.com\/magazine365\/category\/noticias-actualidad\/#listItem","name":"Noticias y Actualidad"}}]},{"@type":"Organization","@id":"https:\/\/eldigitaldeasturias.com\/magazine365\/#organization","name":"El digital de Asturias","description":"Revista de ocio, turismo y estilo de vida","url":"https:\/\/eldigitaldeasturias.com\/magazine365\/","logo":{"@type":"ImageObject","url":"https:\/\/www.eldigitaldeasturias.com\/noticias\/wp-content\/uploads\/2020\/12\/EDA.jpg","@id":"https:\/\/eldigitaldeasturias.com\/magazine365\/benidorm-garantiza-la-continuidad-del-low-festival\/#organizationLogo"},"image":{"@id":"https:\/\/eldigitaldeasturias.com\/magazine365\/benidorm-garantiza-la-continuidad-del-low-festival\/#organizationLogo"}},{"@type":"Person","@id":"https:\/\/eldigitaldeasturias.com\/magazine365\/author\/admin\/#author","url":"https:\/\/eldigitaldeasturias.com\/magazine365\/author\/admin\/","name":"admin","image":{"@type":"ImageObject","@id":"https:\/\/eldigitaldeasturias.com\/magazine365\/benidorm-garantiza-la-continuidad-del-low-festival\/#authorImage","url":"https:\/\/eldigitaldeasturias.com\/magazine365\/wp-content\/litespeed\/avatar\/e571bcf59a0edd6fa6838245a470f2fe.jpg?ver=1776969259","width":96,"height":96,"caption":"admin"}},{"@type":"WebPage","@id":"https:\/\/eldigitaldeasturias.com\/magazine365\/benidorm-garantiza-la-continuidad-del-low-festival\/#webpage","url":"https:\/\/eldigitaldeasturias.com\/magazine365\/benidorm-garantiza-la-continuidad-del-low-festival\/","name":"Benidorm garantiza la continuidad del Low Festival | El Digital de Asturias","description":"Benidorm (Alicante), 21 may (EFE).- El alcalde de Benidorm, Agust\u00edn Navarro, ha garantizado hoy la celebraci\u00f3n del Low Festival de 2014 tras varios meses de pol\u00e9micas en torno al contrato que vincula el evento a la ciudad hasta 2020, aprobado en marzo pasado por el Gobierno municipal, pero que a\u00fan no se ha adjudicado. Navarro","inLanguage":"es-ES","isPartOf":{"@id":"https:\/\/eldigitaldeasturias.com\/magazine365\/#website"},"breadcrumb":{"@id":"https:\/\/eldigitaldeasturias.com\/magazine365\/benidorm-garantiza-la-continuidad-del-low-festival\/#breadcrumblist"},"author":{"@id":"https:\/\/eldigitaldeasturias.com\/magazine365\/author\/admin\/#author"},"creator":{"@id":"https:\/\/eldigitaldeasturias.com\/magazine365\/author\/admin\/#author"},"image":{"@type":"ImageObject","url":"https:\/\/eldigitaldeasturias.com\/magazine365\/wp-content\/uploads\/2014\/05\/6285124w.jpg","@id":"https:\/\/eldigitaldeasturias.com\/magazine365\/benidorm-garantiza-la-continuidad-del-low-festival\/#mainImage","width":800,"height":535},"primaryImageOfPage":{"@id":"https:\/\/eldigitaldeasturias.com\/magazine365\/benidorm-garantiza-la-continuidad-del-low-festival\/#mainImage"},"datePublished":"2014-05-21T23:44:03+02:00","dateModified":"2014-05-21T23:44:03+02:00"},{"@type":"WebSite","@id":"https:\/\/eldigitaldeasturias.com\/magazine365\/#website","url":"https:\/\/eldigitaldeasturias.com\/magazine365\/","name":"El Digital de Asturias","description":"Revista de ocio, turismo y estilo de vida","inLanguage":"es-ES","publisher":{"@id":"https:\/\/eldigitaldeasturias.com\/magazine365\/#organization"}}]},"og:locale":"es_ES","og:site_name":"El Digital de Asturias \u2013 Revista de ocio, turismo y estilo de vida","og:type":"article","og:title":"Benidorm garantiza la continuidad del Low Festival | El Digital de Asturias","og:description":"Benidorm (Alicante), 21 may (EFE).- El alcalde de Benidorm, Agust\u00edn Navarro, ha garantizado hoy la celebraci\u00f3n del Low Festival de 2014 tras varios meses de pol\u00e9micas en torno al contrato que vincula el evento a la ciudad hasta 2020, aprobado en marzo pasado por el Gobierno municipal, pero que a\u00fan no se ha adjudicado. Navarro","og:url":"https:\/\/eldigitaldeasturias.com\/magazine365\/benidorm-garantiza-la-continuidad-del-low-festival\/","og:image":"https:\/\/eldigitaldeasturias.com\/magazine365\/wp-content\/uploads\/2014\/05\/6285124w.jpg","og:image:secure_url":"https:\/\/eldigitaldeasturias.com\/magazine365\/wp-content\/uploads\/2014\/05\/6285124w.jpg","og:image:width":800,"og:image:height":535,"article:published_time":"2014-05-22T01:44:03+00:00","article:modified_time":"2014-05-22T01:44:03+00:00","twitter:card":"summary_large_image","twitter:title":"Benidorm garantiza la continuidad del Low Festival | El Digital de Asturias","twitter:description":"Benidorm (Alicante), 21 may (EFE).- El alcalde de Benidorm, Agust\u00edn Navarro, ha garantizado hoy la celebraci\u00f3n del Low Festival de 2014 tras varios meses de pol\u00e9micas en torno al contrato que vincula el evento a la ciudad hasta 2020, aprobado en marzo pasado por el Gobierno municipal, pero que a\u00fan no se ha adjudicado. Navarro","twitter:image":"https:\/\/eldigitaldeasturias.com\/magazine365\/wp-content\/uploads\/2014\/05\/6285124w.jpg"},"aioseo_meta_data":{"post_id":"13529","title":null,"description":null,"keywords":null,"keyphrases":null,"primary_term":null,"canonical_url":null,"og_title":null,"og_description":null,"og_object_type":"default","og_image_type":"default","og_image_url":null,"og_image_width":null,"og_image_height":null,"og_image_custom_url":null,"og_image_custom_fields":null,"og_video":null,"og_custom_url":null,"og_article_section":null,"og_article_tags":null,"twitter_use_og":false,"twitter_card":"default","twitter_image_type":"default","twitter_image_url":null,"twitter_image_custom_url":null,"twitter_image_custom_fields":null,"twitter_title":null,"twitter_description":null,"schema":{"blockGraphs":[],"customGraphs":[],"default":{"data":{"Article":[],"Course":[],"Dataset":[],"FAQPage":[],"Movie":[],"Person":[],"Product":[],"ProductReview":[],"Car":[],"Recipe":[],"Service":[],"SoftwareApplication":[],"WebPage":[]},"graphName":"","isEnabled":true},"graphs":[]},"schema_type":null,"schema_type_options":null,"pillar_content":false,"robots_default":true,"robots_noindex":false,"robots_noarchive":false,"robots_nosnippet":false,"robots_nofollow":false,"robots_noimageindex":false,"robots_noodp":false,"robots_notranslate":false,"robots_max_snippet":null,"robots_max_videopreview":null,"robots_max_imagepreview":"large","priority":null,"frequency":null,"location":null,"local_seo":null,"seo_analyzer_scan_date":"2025-09-17 08:25:59","breadcrumb_settings":null,"limit_modified_date":false,"open_ai":null,"ai":null,"created":"2021-03-09 08:26:54","updated":"2025-09-17 08:25:59"},"aioseo_breadcrumb":"<div class=\"aioseo-breadcrumbs\"><span class=\"aioseo-breadcrumb\">\n\t<a href=\"https:\/\/eldigitaldeasturias.com\/magazine365\" title=\"Home\">Home<\/a>\n<\/span><span class=\"aioseo-breadcrumb-separator\">\u2013<\/span><span class=\"aioseo-breadcrumb\">\n\t<a href=\"https:\/\/eldigitaldeasturias.com\/magazine365\/category\/noticias-actualidad\/\" title=\"Noticias y Actualidad\">Noticias y Actualidad<\/a>\n<\/span><span class=\"aioseo-breadcrumb-separator\">\u2013<\/span><span class=\"aioseo-breadcrumb\">\n\t<a href=\"https:\/\/eldigitaldeasturias.com\/magazine365\/benidorm-garantiza-la-continuidad-del-low-festival\/\" title=\"Benidorm garantiza la continuidad del Low Festival\">Benidorm garantiza la continuidad del Low Festival<\/a>\n<\/span><\/div>","aioseo_breadcrumb_json":[{"label":"Home","link":"https:\/\/eldigitaldeasturias.com\/magazine365"},{"label":"Noticias y Actualidad","link":"https:\/\/eldigitaldeasturias.com\/magazine365\/category\/noticias-actualidad\/"},{"label":"Benidorm garantiza la continuidad del Low Festival","link":"https:\/\/eldigitaldeasturias.com\/magazine365\/benidorm-garantiza-la-continuidad-del-low-festival\/"}],"_links":{"self":[{"href":"https:\/\/eldigitaldeasturias.com\/magazine365\/wp-json\/wp\/v2\/posts\/13529","targetHints":{"allow":["GET"]}}],"collection":[{"href":"https:\/\/eldigitaldeasturias.com\/magazine365\/wp-json\/wp\/v2\/posts"}],"about":[{"href":"https:\/\/eldigitaldeasturias.com\/magazine365\/wp-json\/wp\/v2\/types\/post"}],"author":[{"embeddable":true,"href":"https:\/\/eldigitaldeasturias.com\/magazine365\/wp-json\/wp\/v2\/users\/1"}],"replies":[{"embeddable":true,"href":"https:\/\/eldigitaldeasturias.com\/magazine365\/wp-json\/wp\/v2\/comments?post=13529"}],"version-history":[{"count":0,"href":"https:\/\/eldigitaldeasturias.com\/magazine365\/wp-json\/wp\/v2\/posts\/13529\/revisions"}],"wp:featuredmedia":[{"embeddable":true,"href":"https:\/\/eldigitaldeasturias.com\/magazine365\/wp-json\/wp\/v2\/media\/13530"}],"wp:attachment":[{"href":"https:\/\/eldigitaldeasturias.com\/magazine365\/wp-json\/wp\/v2\/media?parent=13529"}],"wp:term":[{"taxonomy":"category","embeddable":true,"href":"https:\/\/eldigitaldeasturias.com\/magazine365\/wp-json\/wp\/v2\/categories?post=13529"},{"taxonomy":"post_tag","embeddable":true,"href":"https:\/\/eldigitaldeasturias.com\/magazine365\/wp-json\/wp\/v2\/tags?post=13529"}],"curies":[{"name":"wp","href":"https:\/\/api.w.org\/{rel}","templated":true}]}}