{"id":13520,"date":"2014-05-21T23:24:14","date_gmt":"2014-05-22T01:24:14","guid":{"rendered":"http:\/\/eldigitaldeasturias.com\/magazine365\/?p=13520"},"modified":"2014-05-21T23:24:26","modified_gmt":"2014-05-22T01:24:26","slug":"avicii-david-guetta-y-steve-angello-en-el-barcelona-beach-festival","status":"publish","type":"post","link":"https:\/\/eldigitaldeasturias.com\/magazine365\/avicii-david-guetta-y-steve-angello-en-el-barcelona-beach-festival\/","title":{"rendered":"Avicii, David Guetta y Steve Angello en el Barcelona Beach Festival"},"content":{"rendered":"<p><img fetchpriority=\"high\" decoding=\"async\" class=\"alignleft size-medium wp-image-13521\" alt=\"6284513w\" src=\"https:\/\/eldigitaldeasturias.com\/magazine365\/wp-content\/uploads\/2014\/05\/6284513w-360x245.jpg\" width=\"360\" height=\"245\" srcset=\"https:\/\/eldigitaldeasturias.com\/magazine365\/wp-content\/uploads\/2014\/05\/6284513w-360x245.jpg 360w, https:\/\/eldigitaldeasturias.com\/magazine365\/wp-content\/uploads\/2014\/05\/6284513w-650x443.jpg 650w, https:\/\/eldigitaldeasturias.com\/magazine365\/wp-content\/uploads\/2014\/05\/6284513w-768x523.jpg 768w, https:\/\/eldigitaldeasturias.com\/magazine365\/wp-content\/uploads\/2014\/05\/6284513w-150x102.jpg 150w, https:\/\/eldigitaldeasturias.com\/magazine365\/wp-content\/uploads\/2014\/05\/6284513w-450x307.jpg 450w, https:\/\/eldigitaldeasturias.com\/magazine365\/wp-content\/uploads\/2014\/05\/6284513w-696x474.jpg 696w, https:\/\/eldigitaldeasturias.com\/magazine365\/wp-content\/uploads\/2014\/05\/6284513w-617x420.jpg 617w, https:\/\/eldigitaldeasturias.com\/magazine365\/wp-content\/uploads\/2014\/05\/6284513w.jpg 800w\" sizes=\"(max-width: 360px) 100vw, 360px\" \/>Barcelona, 21 may (EFE).- Avicii, David Guetta y Steve Angello son los cabezas de cartel de la primera edici\u00f3n del Barcelona Beach Festival (BBF), que se celebrar\u00e1 el 26 de julio en la Platja de la Pau, en el Port F\u00f3rum de Barcelona.<\/p>\n<p>La promotora de conciertos Live Nation y el grupo Atresmedia son los impulsores de este festival de m\u00fasica electr\u00f3nica, que pretende reunir a miles de personas en esta playa, situada junto al Parque del F\u00f3rum, ha informado hoy Live Nation.<\/p>\n<p>Avicii es un pinchadiscos y productor de origen sueco que consigui\u00f3 colarse en todas las pistas de baile hace tres a\u00f1os con \u00abLevels\u00bb y que desde entonces ha alcanzado los puestos m\u00e1s altos de las lisas de ventas con algunos de los temas del \u00e1lbum \u00abTrue\u00bb.<\/p>\n<p>El sencillo \u00abWake me up\u00bb, incluido en este mismo disco, ya cuenta con m\u00e1s 350 millones de visualizaciones en Youtube.<\/p>\n<p>David Guetta es el pinchadiscos m\u00e1s medi\u00e1tico del panorama electr\u00f3nico internacional y director art\u00edstico de las m\u00e1s celebradas fiestas del planeta.<\/p>\n<p>Asimismo, es el \u00fanico discjockey que ha reunido a m\u00e1s de un mill\u00f3n de personas en la playa de Copacabana, en R\u00edo de Janeiro (Brasil).<\/p>\n<p>Steve Angello, ex miembro de Swedish House Mafia, comenz\u00f3 su carrera en el underground de Estocolmo y la fama le lleg\u00f3 con la remezcla de Eurythmics \u00abSweet Dreams\u00bb en 2004.<\/p>\n<p>The Zoombie Kids, Joan Reyes, JP Candela, Oliver Schmitz, Mar\u00e7al Ventura y \u00c0lex de Guirior completan el cartel.<\/p>\n","protected":false},"excerpt":{"rendered":"<p>Barcelona, 21 may (EFE).- Avicii, David Guetta y Steve Angello son los cabezas de cartel de la primera edici\u00f3n del Barcelona Beach Festival (BBF), que se celebrar\u00e1 el 26 de julio en la Platja de la Pau, en el Port F\u00f3rum de Barcelona. La promotora de conciertos Live Nation y el grupo Atresmedia son los<\/p>\n","protected":false},"author":1,"featured_media":13521,"comment_status":"open","ping_status":"closed","sticky":false,"template":"","format":"standard","meta":{"footnotes":""},"categories":[224],"tags":[],"class_list":{"0":"post-13520","1":"post","2":"type-post","3":"status-publish","4":"format-standard","5":"has-post-thumbnail","7":"category-noticias-actualidad"},"aioseo_notices":[],"aioseo_head":"\n\t\t<!-- All in One SEO Pro 4.9.6.1 - aioseo.com -->\n\t<meta name=\"description\" content=\"Barcelona, 21 may (EFE).- Avicii, David Guetta y Steve Angello son los cabezas de cartel de la primera edici\u00f3n del Barcelona Beach Festival (BBF), que se celebrar\u00e1 el 26 de julio en la Platja de la Pau, en el Port F\u00f3rum de Barcelona. La promotora de conciertos Live Nation y el grupo Atresmedia son los\" \/>\n\t<meta name=\"robots\" content=\"max-image-preview:large\" \/>\n\t<meta name=\"author\" content=\"admin\"\/>\n\t<meta name=\"google-site-verification\" content=\"UA-38556648-1\" \/>\n\t<meta name=\"keywords\" content=\"noticias y actualidad\" \/>\n\t<link rel=\"canonical\" href=\"https:\/\/eldigitaldeasturias.com\/magazine365\/avicii-david-guetta-y-steve-angello-en-el-barcelona-beach-festival\/\" \/>\n\t<meta name=\"generator\" content=\"All in One SEO Pro (AIOSEO) 4.9.6.1\" \/>\n\t\t<meta property=\"og:locale\" content=\"es_ES\" \/>\n\t\t<meta property=\"og:site_name\" content=\"El Digital de Asturias \u2013 Revista de ocio, turismo y estilo de vida\" \/>\n\t\t<meta property=\"og:type\" content=\"article\" \/>\n\t\t<meta property=\"og:title\" content=\"Avicii, David Guetta y Steve Angello en el Barcelona Beach Festival | El Digital de Asturias\" \/>\n\t\t<meta property=\"og:description\" content=\"Barcelona, 21 may (EFE).- Avicii, David Guetta y Steve Angello son los cabezas de cartel de la primera edici\u00f3n del Barcelona Beach Festival (BBF), que se celebrar\u00e1 el 26 de julio en la Platja de la Pau, en el Port F\u00f3rum de Barcelona. La promotora de conciertos Live Nation y el grupo Atresmedia son los\" \/>\n\t\t<meta property=\"og:url\" content=\"https:\/\/eldigitaldeasturias.com\/magazine365\/avicii-david-guetta-y-steve-angello-en-el-barcelona-beach-festival\/\" \/>\n\t\t<meta property=\"og:image\" content=\"https:\/\/eldigitaldeasturias.com\/magazine365\/wp-content\/uploads\/2014\/05\/6284513w.jpg\" \/>\n\t\t<meta property=\"og:image:secure_url\" content=\"https:\/\/eldigitaldeasturias.com\/magazine365\/wp-content\/uploads\/2014\/05\/6284513w.jpg\" \/>\n\t\t<meta property=\"og:image:width\" content=\"800\" \/>\n\t\t<meta property=\"og:image:height\" content=\"545\" \/>\n\t\t<meta property=\"article:published_time\" content=\"2014-05-22T01:24:14+00:00\" \/>\n\t\t<meta property=\"article:modified_time\" content=\"2014-05-22T01:24:26+00:00\" \/>\n\t\t<meta name=\"twitter:card\" content=\"summary_large_image\" \/>\n\t\t<meta name=\"twitter:title\" content=\"Avicii, David Guetta y Steve Angello en el Barcelona Beach Festival | El Digital de Asturias\" \/>\n\t\t<meta name=\"twitter:description\" content=\"Barcelona, 21 may (EFE).- Avicii, David Guetta y Steve Angello son los cabezas de cartel de la primera edici\u00f3n del Barcelona Beach Festival (BBF), que se celebrar\u00e1 el 26 de julio en la Platja de la Pau, en el Port F\u00f3rum de Barcelona. La promotora de conciertos Live Nation y el grupo Atresmedia son los\" \/>\n\t\t<meta name=\"twitter:image\" content=\"https:\/\/eldigitaldeasturias.com\/magazine365\/wp-content\/uploads\/2014\/05\/6284513w.jpg\" \/>\n\t\t<script type=\"application\/ld+json\" class=\"aioseo-schema\">\n\t\t\t{\"@context\":\"https:\\\/\\\/schema.org\",\"@graph\":[{\"@type\":\"Article\",\"@id\":\"https:\\\/\\\/eldigitaldeasturias.com\\\/magazine365\\\/avicii-david-guetta-y-steve-angello-en-el-barcelona-beach-festival\\\/#article\",\"name\":\"Avicii, David Guetta y Steve Angello en el Barcelona Beach Festival | El Digital de Asturias\",\"headline\":\"Avicii, David Guetta y Steve Angello en el Barcelona Beach Festival\",\"author\":{\"@id\":\"https:\\\/\\\/eldigitaldeasturias.com\\\/magazine365\\\/author\\\/admin\\\/#author\"},\"publisher\":{\"@id\":\"https:\\\/\\\/eldigitaldeasturias.com\\\/magazine365\\\/#organization\"},\"image\":{\"@type\":\"ImageObject\",\"url\":\"https:\\\/\\\/eldigitaldeasturias.com\\\/magazine365\\\/wp-content\\\/uploads\\\/2014\\\/05\\\/6284513w.jpg\",\"width\":800,\"height\":545},\"datePublished\":\"2014-05-21T23:24:14+02:00\",\"dateModified\":\"2014-05-21T23:24:26+02:00\",\"inLanguage\":\"es-ES\",\"mainEntityOfPage\":{\"@id\":\"https:\\\/\\\/eldigitaldeasturias.com\\\/magazine365\\\/avicii-david-guetta-y-steve-angello-en-el-barcelona-beach-festival\\\/#webpage\"},\"isPartOf\":{\"@id\":\"https:\\\/\\\/eldigitaldeasturias.com\\\/magazine365\\\/avicii-david-guetta-y-steve-angello-en-el-barcelona-beach-festival\\\/#webpage\"},\"articleSection\":\"Noticias y Actualidad\"},{\"@type\":\"BreadcrumbList\",\"@id\":\"https:\\\/\\\/eldigitaldeasturias.com\\\/magazine365\\\/avicii-david-guetta-y-steve-angello-en-el-barcelona-beach-festival\\\/#breadcrumblist\",\"itemListElement\":[{\"@type\":\"ListItem\",\"@id\":\"https:\\\/\\\/eldigitaldeasturias.com\\\/magazine365#listItem\",\"position\":1,\"name\":\"Home\",\"item\":\"https:\\\/\\\/eldigitaldeasturias.com\\\/magazine365\",\"nextItem\":{\"@type\":\"ListItem\",\"@id\":\"https:\\\/\\\/eldigitaldeasturias.com\\\/magazine365\\\/category\\\/noticias-actualidad\\\/#listItem\",\"name\":\"Noticias y Actualidad\"}},{\"@type\":\"ListItem\",\"@id\":\"https:\\\/\\\/eldigitaldeasturias.com\\\/magazine365\\\/category\\\/noticias-actualidad\\\/#listItem\",\"position\":2,\"name\":\"Noticias y Actualidad\",\"item\":\"https:\\\/\\\/eldigitaldeasturias.com\\\/magazine365\\\/category\\\/noticias-actualidad\\\/\",\"nextItem\":{\"@type\":\"ListItem\",\"@id\":\"https:\\\/\\\/eldigitaldeasturias.com\\\/magazine365\\\/avicii-david-guetta-y-steve-angello-en-el-barcelona-beach-festival\\\/#listItem\",\"name\":\"Avicii, David Guetta y Steve Angello en el Barcelona Beach Festival\"},\"previousItem\":{\"@type\":\"ListItem\",\"@id\":\"https:\\\/\\\/eldigitaldeasturias.com\\\/magazine365#listItem\",\"name\":\"Home\"}},{\"@type\":\"ListItem\",\"@id\":\"https:\\\/\\\/eldigitaldeasturias.com\\\/magazine365\\\/avicii-david-guetta-y-steve-angello-en-el-barcelona-beach-festival\\\/#listItem\",\"position\":3,\"name\":\"Avicii, David Guetta y Steve Angello en el Barcelona Beach Festival\",\"previousItem\":{\"@type\":\"ListItem\",\"@id\":\"https:\\\/\\\/eldigitaldeasturias.com\\\/magazine365\\\/category\\\/noticias-actualidad\\\/#listItem\",\"name\":\"Noticias y Actualidad\"}}]},{\"@type\":\"Organization\",\"@id\":\"https:\\\/\\\/eldigitaldeasturias.com\\\/magazine365\\\/#organization\",\"name\":\"El digital de Asturias\",\"description\":\"Revista de ocio, turismo y estilo de vida\",\"url\":\"https:\\\/\\\/eldigitaldeasturias.com\\\/magazine365\\\/\",\"logo\":{\"@type\":\"ImageObject\",\"url\":\"https:\\\/\\\/www.eldigitaldeasturias.com\\\/noticias\\\/wp-content\\\/uploads\\\/2020\\\/12\\\/EDA.jpg\",\"@id\":\"https:\\\/\\\/eldigitaldeasturias.com\\\/magazine365\\\/avicii-david-guetta-y-steve-angello-en-el-barcelona-beach-festival\\\/#organizationLogo\"},\"image\":{\"@id\":\"https:\\\/\\\/eldigitaldeasturias.com\\\/magazine365\\\/avicii-david-guetta-y-steve-angello-en-el-barcelona-beach-festival\\\/#organizationLogo\"}},{\"@type\":\"Person\",\"@id\":\"https:\\\/\\\/eldigitaldeasturias.com\\\/magazine365\\\/author\\\/admin\\\/#author\",\"url\":\"https:\\\/\\\/eldigitaldeasturias.com\\\/magazine365\\\/author\\\/admin\\\/\",\"name\":\"admin\",\"image\":{\"@type\":\"ImageObject\",\"@id\":\"https:\\\/\\\/eldigitaldeasturias.com\\\/magazine365\\\/avicii-david-guetta-y-steve-angello-en-el-barcelona-beach-festival\\\/#authorImage\",\"url\":\"https:\\\/\\\/eldigitaldeasturias.com\\\/magazine365\\\/wp-content\\\/litespeed\\\/avatar\\\/e571bcf59a0edd6fa6838245a470f2fe.jpg?ver=1776969259\",\"width\":96,\"height\":96,\"caption\":\"admin\"}},{\"@type\":\"WebPage\",\"@id\":\"https:\\\/\\\/eldigitaldeasturias.com\\\/magazine365\\\/avicii-david-guetta-y-steve-angello-en-el-barcelona-beach-festival\\\/#webpage\",\"url\":\"https:\\\/\\\/eldigitaldeasturias.com\\\/magazine365\\\/avicii-david-guetta-y-steve-angello-en-el-barcelona-beach-festival\\\/\",\"name\":\"Avicii, David Guetta y Steve Angello en el Barcelona Beach Festival | El Digital de Asturias\",\"description\":\"Barcelona, 21 may (EFE).- Avicii, David Guetta y Steve Angello son los cabezas de cartel de la primera edici\\u00f3n del Barcelona Beach Festival (BBF), que se celebrar\\u00e1 el 26 de julio en la Platja de la Pau, en el Port F\\u00f3rum de Barcelona. La promotora de conciertos Live Nation y el grupo Atresmedia son los\",\"inLanguage\":\"es-ES\",\"isPartOf\":{\"@id\":\"https:\\\/\\\/eldigitaldeasturias.com\\\/magazine365\\\/#website\"},\"breadcrumb\":{\"@id\":\"https:\\\/\\\/eldigitaldeasturias.com\\\/magazine365\\\/avicii-david-guetta-y-steve-angello-en-el-barcelona-beach-festival\\\/#breadcrumblist\"},\"author\":{\"@id\":\"https:\\\/\\\/eldigitaldeasturias.com\\\/magazine365\\\/author\\\/admin\\\/#author\"},\"creator\":{\"@id\":\"https:\\\/\\\/eldigitaldeasturias.com\\\/magazine365\\\/author\\\/admin\\\/#author\"},\"image\":{\"@type\":\"ImageObject\",\"url\":\"https:\\\/\\\/eldigitaldeasturias.com\\\/magazine365\\\/wp-content\\\/uploads\\\/2014\\\/05\\\/6284513w.jpg\",\"@id\":\"https:\\\/\\\/eldigitaldeasturias.com\\\/magazine365\\\/avicii-david-guetta-y-steve-angello-en-el-barcelona-beach-festival\\\/#mainImage\",\"width\":800,\"height\":545},\"primaryImageOfPage\":{\"@id\":\"https:\\\/\\\/eldigitaldeasturias.com\\\/magazine365\\\/avicii-david-guetta-y-steve-angello-en-el-barcelona-beach-festival\\\/#mainImage\"},\"datePublished\":\"2014-05-21T23:24:14+02:00\",\"dateModified\":\"2014-05-21T23:24:26+02:00\"},{\"@type\":\"WebSite\",\"@id\":\"https:\\\/\\\/eldigitaldeasturias.com\\\/magazine365\\\/#website\",\"url\":\"https:\\\/\\\/eldigitaldeasturias.com\\\/magazine365\\\/\",\"name\":\"El Digital de Asturias\",\"description\":\"Revista de ocio, turismo y estilo de vida\",\"inLanguage\":\"es-ES\",\"publisher\":{\"@id\":\"https:\\\/\\\/eldigitaldeasturias.com\\\/magazine365\\\/#organization\"}}]}\n\t\t<\/script>\n\t\t<!-- All in One SEO Pro -->\r\n\t\t<title>Avicii, David Guetta y Steve Angello en el Barcelona Beach Festival | El Digital de Asturias<\/title>\n\n","aioseo_head_json":{"title":"Avicii, David Guetta y Steve Angello en el Barcelona Beach Festival | El Digital de Asturias","description":"Barcelona, 21 may (EFE).- Avicii, David Guetta y Steve Angello son los cabezas de cartel de la primera edici\u00f3n del Barcelona Beach Festival (BBF), que se celebrar\u00e1 el 26 de julio en la Platja de la Pau, en el Port F\u00f3rum de Barcelona. La promotora de conciertos Live Nation y el grupo Atresmedia son los","canonical_url":"https:\/\/eldigitaldeasturias.com\/magazine365\/avicii-david-guetta-y-steve-angello-en-el-barcelona-beach-festival\/","robots":"max-image-preview:large","keywords":"noticias y actualidad","webmasterTools":{"google-site-verification":"UA-38556648-1","miscellaneous":""},"schema":{"@context":"https:\/\/schema.org","@graph":[{"@type":"Article","@id":"https:\/\/eldigitaldeasturias.com\/magazine365\/avicii-david-guetta-y-steve-angello-en-el-barcelona-beach-festival\/#article","name":"Avicii, David Guetta y Steve Angello en el Barcelona Beach Festival | El Digital de Asturias","headline":"Avicii, David Guetta y Steve Angello en el Barcelona Beach Festival","author":{"@id":"https:\/\/eldigitaldeasturias.com\/magazine365\/author\/admin\/#author"},"publisher":{"@id":"https:\/\/eldigitaldeasturias.com\/magazine365\/#organization"},"image":{"@type":"ImageObject","url":"https:\/\/eldigitaldeasturias.com\/magazine365\/wp-content\/uploads\/2014\/05\/6284513w.jpg","width":800,"height":545},"datePublished":"2014-05-21T23:24:14+02:00","dateModified":"2014-05-21T23:24:26+02:00","inLanguage":"es-ES","mainEntityOfPage":{"@id":"https:\/\/eldigitaldeasturias.com\/magazine365\/avicii-david-guetta-y-steve-angello-en-el-barcelona-beach-festival\/#webpage"},"isPartOf":{"@id":"https:\/\/eldigitaldeasturias.com\/magazine365\/avicii-david-guetta-y-steve-angello-en-el-barcelona-beach-festival\/#webpage"},"articleSection":"Noticias y Actualidad"},{"@type":"BreadcrumbList","@id":"https:\/\/eldigitaldeasturias.com\/magazine365\/avicii-david-guetta-y-steve-angello-en-el-barcelona-beach-festival\/#breadcrumblist","itemListElement":[{"@type":"ListItem","@id":"https:\/\/eldigitaldeasturias.com\/magazine365#listItem","position":1,"name":"Home","item":"https:\/\/eldigitaldeasturias.com\/magazine365","nextItem":{"@type":"ListItem","@id":"https:\/\/eldigitaldeasturias.com\/magazine365\/category\/noticias-actualidad\/#listItem","name":"Noticias y Actualidad"}},{"@type":"ListItem","@id":"https:\/\/eldigitaldeasturias.com\/magazine365\/category\/noticias-actualidad\/#listItem","position":2,"name":"Noticias y Actualidad","item":"https:\/\/eldigitaldeasturias.com\/magazine365\/category\/noticias-actualidad\/","nextItem":{"@type":"ListItem","@id":"https:\/\/eldigitaldeasturias.com\/magazine365\/avicii-david-guetta-y-steve-angello-en-el-barcelona-beach-festival\/#listItem","name":"Avicii, David Guetta y Steve Angello en el Barcelona Beach Festival"},"previousItem":{"@type":"ListItem","@id":"https:\/\/eldigitaldeasturias.com\/magazine365#listItem","name":"Home"}},{"@type":"ListItem","@id":"https:\/\/eldigitaldeasturias.com\/magazine365\/avicii-david-guetta-y-steve-angello-en-el-barcelona-beach-festival\/#listItem","position":3,"name":"Avicii, David Guetta y Steve Angello en el Barcelona Beach Festival","previousItem":{"@type":"ListItem","@id":"https:\/\/eldigitaldeasturias.com\/magazine365\/category\/noticias-actualidad\/#listItem","name":"Noticias y Actualidad"}}]},{"@type":"Organization","@id":"https:\/\/eldigitaldeasturias.com\/magazine365\/#organization","name":"El digital de Asturias","description":"Revista de ocio, turismo y estilo de vida","url":"https:\/\/eldigitaldeasturias.com\/magazine365\/","logo":{"@type":"ImageObject","url":"https:\/\/www.eldigitaldeasturias.com\/noticias\/wp-content\/uploads\/2020\/12\/EDA.jpg","@id":"https:\/\/eldigitaldeasturias.com\/magazine365\/avicii-david-guetta-y-steve-angello-en-el-barcelona-beach-festival\/#organizationLogo"},"image":{"@id":"https:\/\/eldigitaldeasturias.com\/magazine365\/avicii-david-guetta-y-steve-angello-en-el-barcelona-beach-festival\/#organizationLogo"}},{"@type":"Person","@id":"https:\/\/eldigitaldeasturias.com\/magazine365\/author\/admin\/#author","url":"https:\/\/eldigitaldeasturias.com\/magazine365\/author\/admin\/","name":"admin","image":{"@type":"ImageObject","@id":"https:\/\/eldigitaldeasturias.com\/magazine365\/avicii-david-guetta-y-steve-angello-en-el-barcelona-beach-festival\/#authorImage","url":"https:\/\/eldigitaldeasturias.com\/magazine365\/wp-content\/litespeed\/avatar\/e571bcf59a0edd6fa6838245a470f2fe.jpg?ver=1776969259","width":96,"height":96,"caption":"admin"}},{"@type":"WebPage","@id":"https:\/\/eldigitaldeasturias.com\/magazine365\/avicii-david-guetta-y-steve-angello-en-el-barcelona-beach-festival\/#webpage","url":"https:\/\/eldigitaldeasturias.com\/magazine365\/avicii-david-guetta-y-steve-angello-en-el-barcelona-beach-festival\/","name":"Avicii, David Guetta y Steve Angello en el Barcelona Beach Festival | El Digital de Asturias","description":"Barcelona, 21 may (EFE).- Avicii, David Guetta y Steve Angello son los cabezas de cartel de la primera edici\u00f3n del Barcelona Beach Festival (BBF), que se celebrar\u00e1 el 26 de julio en la Platja de la Pau, en el Port F\u00f3rum de Barcelona. La promotora de conciertos Live Nation y el grupo Atresmedia son los","inLanguage":"es-ES","isPartOf":{"@id":"https:\/\/eldigitaldeasturias.com\/magazine365\/#website"},"breadcrumb":{"@id":"https:\/\/eldigitaldeasturias.com\/magazine365\/avicii-david-guetta-y-steve-angello-en-el-barcelona-beach-festival\/#breadcrumblist"},"author":{"@id":"https:\/\/eldigitaldeasturias.com\/magazine365\/author\/admin\/#author"},"creator":{"@id":"https:\/\/eldigitaldeasturias.com\/magazine365\/author\/admin\/#author"},"image":{"@type":"ImageObject","url":"https:\/\/eldigitaldeasturias.com\/magazine365\/wp-content\/uploads\/2014\/05\/6284513w.jpg","@id":"https:\/\/eldigitaldeasturias.com\/magazine365\/avicii-david-guetta-y-steve-angello-en-el-barcelona-beach-festival\/#mainImage","width":800,"height":545},"primaryImageOfPage":{"@id":"https:\/\/eldigitaldeasturias.com\/magazine365\/avicii-david-guetta-y-steve-angello-en-el-barcelona-beach-festival\/#mainImage"},"datePublished":"2014-05-21T23:24:14+02:00","dateModified":"2014-05-21T23:24:26+02:00"},{"@type":"WebSite","@id":"https:\/\/eldigitaldeasturias.com\/magazine365\/#website","url":"https:\/\/eldigitaldeasturias.com\/magazine365\/","name":"El Digital de Asturias","description":"Revista de ocio, turismo y estilo de vida","inLanguage":"es-ES","publisher":{"@id":"https:\/\/eldigitaldeasturias.com\/magazine365\/#organization"}}]},"og:locale":"es_ES","og:site_name":"El Digital de Asturias \u2013 Revista de ocio, turismo y estilo de vida","og:type":"article","og:title":"Avicii, David Guetta y Steve Angello en el Barcelona Beach Festival | El Digital de Asturias","og:description":"Barcelona, 21 may (EFE).- Avicii, David Guetta y Steve Angello son los cabezas de cartel de la primera edici\u00f3n del Barcelona Beach Festival (BBF), que se celebrar\u00e1 el 26 de julio en la Platja de la Pau, en el Port F\u00f3rum de Barcelona. La promotora de conciertos Live Nation y el grupo Atresmedia son los","og:url":"https:\/\/eldigitaldeasturias.com\/magazine365\/avicii-david-guetta-y-steve-angello-en-el-barcelona-beach-festival\/","og:image":"https:\/\/eldigitaldeasturias.com\/magazine365\/wp-content\/uploads\/2014\/05\/6284513w.jpg","og:image:secure_url":"https:\/\/eldigitaldeasturias.com\/magazine365\/wp-content\/uploads\/2014\/05\/6284513w.jpg","og:image:width":800,"og:image:height":545,"article:published_time":"2014-05-22T01:24:14+00:00","article:modified_time":"2014-05-22T01:24:26+00:00","twitter:card":"summary_large_image","twitter:title":"Avicii, David Guetta y Steve Angello en el Barcelona Beach Festival | El Digital de Asturias","twitter:description":"Barcelona, 21 may (EFE).- Avicii, David Guetta y Steve Angello son los cabezas de cartel de la primera edici\u00f3n del Barcelona Beach Festival (BBF), que se celebrar\u00e1 el 26 de julio en la Platja de la Pau, en el Port F\u00f3rum de Barcelona. La promotora de conciertos Live Nation y el grupo Atresmedia son los","twitter:image":"https:\/\/eldigitaldeasturias.com\/magazine365\/wp-content\/uploads\/2014\/05\/6284513w.jpg"},"aioseo_meta_data":{"post_id":"13520","title":null,"description":null,"keywords":null,"keyphrases":null,"primary_term":null,"canonical_url":null,"og_title":null,"og_description":null,"og_object_type":"default","og_image_type":"default","og_image_url":null,"og_image_width":null,"og_image_height":null,"og_image_custom_url":null,"og_image_custom_fields":null,"og_video":null,"og_custom_url":null,"og_article_section":null,"og_article_tags":null,"twitter_use_og":false,"twitter_card":"default","twitter_image_type":"default","twitter_image_url":null,"twitter_image_custom_url":null,"twitter_image_custom_fields":null,"twitter_title":null,"twitter_description":null,"schema":{"blockGraphs":[],"customGraphs":[],"default":{"data":{"Article":[],"Course":[],"Dataset":[],"FAQPage":[],"Movie":[],"Person":[],"Product":[],"ProductReview":[],"Car":[],"Recipe":[],"Service":[],"SoftwareApplication":[],"WebPage":[]},"graphName":"","isEnabled":true},"graphs":[],"defaultGraph":"","defaultPostTypeGraph":""},"schema_type":null,"schema_type_options":null,"pillar_content":false,"robots_default":true,"robots_noindex":false,"robots_noarchive":false,"robots_nosnippet":false,"robots_nofollow":false,"robots_noimageindex":false,"robots_noodp":false,"robots_notranslate":false,"robots_max_snippet":null,"robots_max_videopreview":null,"robots_max_imagepreview":"large","priority":null,"frequency":null,"location":null,"local_seo":null,"seo_analyzer_scan_date":"2025-09-17 08:25:53","breadcrumb_settings":null,"limit_modified_date":false,"open_ai":null,"ai":null,"created":"2021-03-09 08:26:54","updated":"2025-09-17 08:25:53"},"aioseo_breadcrumb":"<div class=\"aioseo-breadcrumbs\"><span class=\"aioseo-breadcrumb\">\n\t<a href=\"https:\/\/eldigitaldeasturias.com\/magazine365\" title=\"Home\">Home<\/a>\n<\/span><span class=\"aioseo-breadcrumb-separator\">\u2013<\/span><span class=\"aioseo-breadcrumb\">\n\t<a href=\"https:\/\/eldigitaldeasturias.com\/magazine365\/category\/noticias-actualidad\/\" title=\"Noticias y Actualidad\">Noticias y Actualidad<\/a>\n<\/span><span class=\"aioseo-breadcrumb-separator\">\u2013<\/span><span class=\"aioseo-breadcrumb\">\n\t<a href=\"https:\/\/eldigitaldeasturias.com\/magazine365\/avicii-david-guetta-y-steve-angello-en-el-barcelona-beach-festival\/\" title=\"Avicii, David Guetta y Steve Angello en el Barcelona Beach Festival\">Avicii, David Guetta y Steve Angello en el Barcelona Beach Festival<\/a>\n<\/span><\/div>","aioseo_breadcrumb_json":[{"label":"Home","link":"https:\/\/eldigitaldeasturias.com\/magazine365"},{"label":"Noticias y Actualidad","link":"https:\/\/eldigitaldeasturias.com\/magazine365\/category\/noticias-actualidad\/"},{"label":"Avicii, David Guetta y Steve Angello en el Barcelona Beach Festival","link":"https:\/\/eldigitaldeasturias.com\/magazine365\/avicii-david-guetta-y-steve-angello-en-el-barcelona-beach-festival\/"}],"_links":{"self":[{"href":"https:\/\/eldigitaldeasturias.com\/magazine365\/wp-json\/wp\/v2\/posts\/13520","targetHints":{"allow":["GET"]}}],"collection":[{"href":"https:\/\/eldigitaldeasturias.com\/magazine365\/wp-json\/wp\/v2\/posts"}],"about":[{"href":"https:\/\/eldigitaldeasturias.com\/magazine365\/wp-json\/wp\/v2\/types\/post"}],"author":[{"embeddable":true,"href":"https:\/\/eldigitaldeasturias.com\/magazine365\/wp-json\/wp\/v2\/users\/1"}],"replies":[{"embeddable":true,"href":"https:\/\/eldigitaldeasturias.com\/magazine365\/wp-json\/wp\/v2\/comments?post=13520"}],"version-history":[{"count":0,"href":"https:\/\/eldigitaldeasturias.com\/magazine365\/wp-json\/wp\/v2\/posts\/13520\/revisions"}],"wp:featuredmedia":[{"embeddable":true,"href":"https:\/\/eldigitaldeasturias.com\/magazine365\/wp-json\/wp\/v2\/media\/13521"}],"wp:attachment":[{"href":"https:\/\/eldigitaldeasturias.com\/magazine365\/wp-json\/wp\/v2\/media?parent=13520"}],"wp:term":[{"taxonomy":"category","embeddable":true,"href":"https:\/\/eldigitaldeasturias.com\/magazine365\/wp-json\/wp\/v2\/categories?post=13520"},{"taxonomy":"post_tag","embeddable":true,"href":"https:\/\/eldigitaldeasturias.com\/magazine365\/wp-json\/wp\/v2\/tags?post=13520"}],"curies":[{"name":"wp","href":"https:\/\/api.w.org\/{rel}","templated":true}]}}