{"id":13517,"date":"2014-05-21T23:22:14","date_gmt":"2014-05-22T01:22:14","guid":{"rendered":"http:\/\/eldigitaldeasturias.com\/magazine365\/?p=13517"},"modified":"2014-05-21T23:22:14","modified_gmt":"2014-05-22T01:22:14","slug":"el-congreso-de-faconauto-reclama-un-nuevo-pive-urgente-ante-el-final-del-actual","status":"publish","type":"post","link":"https:\/\/eldigitaldeasturias.com\/magazine365\/el-congreso-de-faconauto-reclama-un-nuevo-pive-urgente-ante-el-final-del-actual\/","title":{"rendered":"El congreso de Faconauto reclama un nuevo PIVE urgente ante el final del actual"},"content":{"rendered":"<p><img fetchpriority=\"high\" decoding=\"async\" class=\"alignleft size-medium wp-image-13518\" alt=\"6284904w\" src=\"https:\/\/eldigitaldeasturias.com\/magazine365\/wp-content\/uploads\/2014\/05\/6284904w-360x240.jpg\" width=\"360\" height=\"240\" srcset=\"https:\/\/eldigitaldeasturias.com\/magazine365\/wp-content\/uploads\/2014\/05\/6284904w-360x240.jpg 360w, https:\/\/eldigitaldeasturias.com\/magazine365\/wp-content\/uploads\/2014\/05\/6284904w-650x434.jpg 650w, https:\/\/eldigitaldeasturias.com\/magazine365\/wp-content\/uploads\/2014\/05\/6284904w-768x513.jpg 768w, https:\/\/eldigitaldeasturias.com\/magazine365\/wp-content\/uploads\/2014\/05\/6284904w-150x100.jpg 150w, https:\/\/eldigitaldeasturias.com\/magazine365\/wp-content\/uploads\/2014\/05\/6284904w-450x300.jpg 450w, https:\/\/eldigitaldeasturias.com\/magazine365\/wp-content\/uploads\/2014\/05\/6284904w-696x465.jpg 696w, https:\/\/eldigitaldeasturias.com\/magazine365\/wp-content\/uploads\/2014\/05\/6284904w-629x420.jpg 629w, https:\/\/eldigitaldeasturias.com\/magazine365\/wp-content\/uploads\/2014\/05\/6284904w-84x55.jpg 84w, https:\/\/eldigitaldeasturias.com\/magazine365\/wp-content\/uploads\/2014\/05\/6284904w.jpg 800w\" sizes=\"(max-width: 360px) 100vw, 360px\" \/>Madrid, 22 may (EFE).- El congreso de Faconauto ha reclamado hoy un nuevo PIVE de forma urgente, ante el inminente final del PIVE 5, con el fin de no paralizar el mercado, que en los \u00faltimos meses se mantiene en crecimiento, y ante los meses de junio y julio, de especial importancia para las concesiones.<\/p>\n<p>La petici\u00f3n ha sido formulada por el presidente de la patronal de concesionarios Faconauto, Jaume Roura, ante el secretario de Estado de Comercio, Jaime Garc\u00eda-Legaz, que ha clausurado el XXIII Congreso Faconauto, celebrado coincidiendo con la celebraci\u00f3n del Sal\u00f3n del Autom\u00f3vil de Madrid.<\/p>\n<p>El secretario de Estado de Comercio ha anunciado en su intervenci\u00f3n \u00abque es muy probable que se renueve el Plan PIVE\u00bb, que en este momento ya ha consumido el 80 % de los fondos destinados al est\u00edmulo de las compras de autom\u00f3viles m\u00e1s eficientes y seguros en la quinta edici\u00f3n del denominado PIVE, acr\u00f3nimo del Programa de Incentivos al Veh\u00edculo Eficiente.<\/p>\n<p>Roura ha comentado que la renovaci\u00f3n del PIVE es m\u00e1s necesaria que nunca y que \u00e9sta no deber\u00eda solaparse \u00abya que los meses de junio y julio son estacionalmente los m\u00e1s fuertes para los concesionarios\u00bb.<\/p>\n<p>Garc\u00eda-Legaz ha ratificado la importancia del Comit\u00e9 de Di\u00e1logo sectorial que se reunir\u00e1 en el mes de junio y que tratar\u00e1, entre otros temas, de la reforma de la pol\u00edtica fiscal que afectar\u00e1 al sector de la Automoci\u00f3n.<\/p>\n<p>Seg\u00fan el secretario de Estado de Comercio, esta reforma tiene que ir dirigida a \u00abrenovar el parque y a dinamizar el ritmo de ventas\u00bb.<\/p>\n<p>Garc\u00eda-Legaz ha destacado que se espera una proyecci\u00f3n del consumo privado del 1,1 % en 2014, una tendencia al alza que repercutir\u00e1 positivamente en la confianza del consumidor y en las matriculaciones.<\/p>\n<p>En esta jornada de clausura del Congreso, Faconauto ha celebrado la entrega de premios con la que reconoce la labor de empresas y personalidades que han destacado en el sector durante el \u00faltimo a\u00f1o.<\/p>\n<p>Faconauto ha considerado a Jos\u00e9 Vicente de los Mozos, presidente de Renault Espa\u00f1a y vicepresidente ejecutivo de Fabricaci\u00f3n y de Log\u00edstica del Grupo Renault, el mejor Dirigente Espa\u00f1ol del A\u00f1o.<\/p>\n<p>Es la primera vez que Faconauto entrega este galard\u00f3n y su elecci\u00f3n viene motivada por la importante contribuci\u00f3n de De los Mozos en el sector y al frente de su compa\u00f1\u00eda en estos \u00faltimos a\u00f1os de crisis econ\u00f3mica.<\/p>\n<p>La patronal de los concesionarios ha valorado que Renault haya sido capaz de adaptarse a la nueva situaci\u00f3n y consolidarse como uno de los actores principales del sector del autom\u00f3vil a nivel internacional.<\/p>\n<p>El Premio al Grupo Espa\u00f1ol de Concesionarios ha reca\u00eddo en Quadis, la mayor red independiente de concesionarios y talleres oficiales de Espa\u00f1a. Faconauto ha reconocido su s\u00f3lida implantaci\u00f3n en el mercado espa\u00f1ol con m\u00e1s de 70 a\u00f1os de historia y un servicio oficial para 27 marcas.<\/p>\n<p>La patronal de concesionarios ha destacado tambi\u00e9n la labor humanitaria de la Asociaci\u00f3n de Concesionarios Peugeot y Peugeot Espa\u00f1a.<\/p>\n<p>En este sentido, Faconauto ha reconocido la campa\u00f1a realizada bajo el lema \u00abControl de invierno gratuito y solidario\u00bb. A trav\u00e9s de esta iniciativa, la empresa galardonada ha logrado recoger, junto con la Cruz Roja, 250.000 kilos de alimentos y 13.000 mantas.<\/p>\n<p>En el \u00e1mbito period\u00edstico, Faconauto ha reconocido el trabajo del periodista de la Agencia EFE especializado en informaci\u00f3n del motor \u00c1ngel Alonso Carracedo.<\/p>\n<p>La patronal ha valorado la inestimable colaboraci\u00f3n de este periodista con el sector del autom\u00f3vil en el transcurso de su carrera profesional.<\/p>\n","protected":false},"excerpt":{"rendered":"<p>Madrid, 22 may (EFE).- El congreso de Faconauto ha reclamado hoy un nuevo PIVE de forma urgente, ante el inminente final del PIVE 5, con el fin de no paralizar el mercado, que en los \u00faltimos meses se mantiene en crecimiento, y ante los meses de junio y julio, de especial importancia para las concesiones.<\/p>\n","protected":false},"author":1,"featured_media":13518,"comment_status":"open","ping_status":"closed","sticky":false,"template":"","format":"standard","meta":{"footnotes":""},"categories":[224],"tags":[],"class_list":{"0":"post-13517","1":"post","2":"type-post","3":"status-publish","4":"format-standard","5":"has-post-thumbnail","7":"category-noticias-actualidad"},"aioseo_notices":[],"aioseo_head":"\n\t\t<!-- All in One SEO Pro 4.9.6.1 - aioseo.com -->\n\t<meta name=\"description\" content=\"Madrid, 22 may (EFE).- El congreso de Faconauto ha reclamado hoy un nuevo PIVE de forma urgente, ante el inminente final del PIVE 5, con el fin de no paralizar el mercado, que en los \u00faltimos meses se mantiene en crecimiento, y ante los meses de junio y julio, de especial importancia para las concesiones.\" \/>\n\t<meta name=\"robots\" content=\"max-image-preview:large\" \/>\n\t<meta name=\"author\" content=\"admin\"\/>\n\t<meta name=\"google-site-verification\" content=\"UA-38556648-1\" \/>\n\t<meta name=\"keywords\" content=\"noticias y actualidad\" \/>\n\t<link rel=\"canonical\" href=\"https:\/\/eldigitaldeasturias.com\/magazine365\/el-congreso-de-faconauto-reclama-un-nuevo-pive-urgente-ante-el-final-del-actual\/\" \/>\n\t<meta name=\"generator\" content=\"All in One SEO Pro (AIOSEO) 4.9.6.1\" \/>\n\t\t<meta property=\"og:locale\" content=\"es_ES\" \/>\n\t\t<meta property=\"og:site_name\" content=\"El Digital de Asturias \u2013 Revista de ocio, turismo y estilo de vida\" \/>\n\t\t<meta property=\"og:type\" content=\"article\" \/>\n\t\t<meta property=\"og:title\" content=\"El congreso de Faconauto reclama un nuevo PIVE urgente ante el final del actual | El Digital de Asturias\" \/>\n\t\t<meta property=\"og:description\" content=\"Madrid, 22 may (EFE).- El congreso de Faconauto ha reclamado hoy un nuevo PIVE de forma urgente, ante el inminente final del PIVE 5, con el fin de no paralizar el mercado, que en los \u00faltimos meses se mantiene en crecimiento, y ante los meses de junio y julio, de especial importancia para las concesiones.\" \/>\n\t\t<meta property=\"og:url\" content=\"https:\/\/eldigitaldeasturias.com\/magazine365\/el-congreso-de-faconauto-reclama-un-nuevo-pive-urgente-ante-el-final-del-actual\/\" \/>\n\t\t<meta property=\"og:image\" content=\"https:\/\/eldigitaldeasturias.com\/magazine365\/wp-content\/uploads\/2014\/05\/6284904w.jpg\" \/>\n\t\t<meta property=\"og:image:secure_url\" content=\"https:\/\/eldigitaldeasturias.com\/magazine365\/wp-content\/uploads\/2014\/05\/6284904w.jpg\" \/>\n\t\t<meta property=\"og:image:width\" content=\"800\" \/>\n\t\t<meta property=\"og:image:height\" content=\"534\" \/>\n\t\t<meta property=\"article:published_time\" content=\"2014-05-22T01:22:14+00:00\" \/>\n\t\t<meta property=\"article:modified_time\" content=\"2014-05-22T01:22:14+00:00\" \/>\n\t\t<meta name=\"twitter:card\" content=\"summary_large_image\" \/>\n\t\t<meta name=\"twitter:title\" content=\"El congreso de Faconauto reclama un nuevo PIVE urgente ante el final del actual | El Digital de Asturias\" \/>\n\t\t<meta name=\"twitter:description\" content=\"Madrid, 22 may (EFE).- El congreso de Faconauto ha reclamado hoy un nuevo PIVE de forma urgente, ante el inminente final del PIVE 5, con el fin de no paralizar el mercado, que en los \u00faltimos meses se mantiene en crecimiento, y ante los meses de junio y julio, de especial importancia para las concesiones.\" \/>\n\t\t<meta name=\"twitter:image\" content=\"https:\/\/eldigitaldeasturias.com\/magazine365\/wp-content\/uploads\/2014\/05\/6284904w.jpg\" \/>\n\t\t<script type=\"application\/ld+json\" class=\"aioseo-schema\">\n\t\t\t{\"@context\":\"https:\\\/\\\/schema.org\",\"@graph\":[{\"@type\":\"Article\",\"@id\":\"https:\\\/\\\/eldigitaldeasturias.com\\\/magazine365\\\/el-congreso-de-faconauto-reclama-un-nuevo-pive-urgente-ante-el-final-del-actual\\\/#article\",\"name\":\"El congreso de Faconauto reclama un nuevo PIVE urgente ante el final del actual | El Digital de Asturias\",\"headline\":\"El congreso de Faconauto reclama un nuevo PIVE urgente ante el final del actual\",\"author\":{\"@id\":\"https:\\\/\\\/eldigitaldeasturias.com\\\/magazine365\\\/author\\\/admin\\\/#author\"},\"publisher\":{\"@id\":\"https:\\\/\\\/eldigitaldeasturias.com\\\/magazine365\\\/#organization\"},\"image\":{\"@type\":\"ImageObject\",\"url\":\"https:\\\/\\\/eldigitaldeasturias.com\\\/magazine365\\\/wp-content\\\/uploads\\\/2014\\\/05\\\/6284904w.jpg\",\"width\":800,\"height\":534},\"datePublished\":\"2014-05-21T23:22:14+02:00\",\"dateModified\":\"2014-05-21T23:22:14+02:00\",\"inLanguage\":\"es-ES\",\"mainEntityOfPage\":{\"@id\":\"https:\\\/\\\/eldigitaldeasturias.com\\\/magazine365\\\/el-congreso-de-faconauto-reclama-un-nuevo-pive-urgente-ante-el-final-del-actual\\\/#webpage\"},\"isPartOf\":{\"@id\":\"https:\\\/\\\/eldigitaldeasturias.com\\\/magazine365\\\/el-congreso-de-faconauto-reclama-un-nuevo-pive-urgente-ante-el-final-del-actual\\\/#webpage\"},\"articleSection\":\"Noticias y Actualidad\"},{\"@type\":\"BreadcrumbList\",\"@id\":\"https:\\\/\\\/eldigitaldeasturias.com\\\/magazine365\\\/el-congreso-de-faconauto-reclama-un-nuevo-pive-urgente-ante-el-final-del-actual\\\/#breadcrumblist\",\"itemListElement\":[{\"@type\":\"ListItem\",\"@id\":\"https:\\\/\\\/eldigitaldeasturias.com\\\/magazine365#listItem\",\"position\":1,\"name\":\"Home\",\"item\":\"https:\\\/\\\/eldigitaldeasturias.com\\\/magazine365\",\"nextItem\":{\"@type\":\"ListItem\",\"@id\":\"https:\\\/\\\/eldigitaldeasturias.com\\\/magazine365\\\/category\\\/noticias-actualidad\\\/#listItem\",\"name\":\"Noticias y Actualidad\"}},{\"@type\":\"ListItem\",\"@id\":\"https:\\\/\\\/eldigitaldeasturias.com\\\/magazine365\\\/category\\\/noticias-actualidad\\\/#listItem\",\"position\":2,\"name\":\"Noticias y Actualidad\",\"item\":\"https:\\\/\\\/eldigitaldeasturias.com\\\/magazine365\\\/category\\\/noticias-actualidad\\\/\",\"nextItem\":{\"@type\":\"ListItem\",\"@id\":\"https:\\\/\\\/eldigitaldeasturias.com\\\/magazine365\\\/el-congreso-de-faconauto-reclama-un-nuevo-pive-urgente-ante-el-final-del-actual\\\/#listItem\",\"name\":\"El congreso de Faconauto reclama un nuevo PIVE urgente ante el final del actual\"},\"previousItem\":{\"@type\":\"ListItem\",\"@id\":\"https:\\\/\\\/eldigitaldeasturias.com\\\/magazine365#listItem\",\"name\":\"Home\"}},{\"@type\":\"ListItem\",\"@id\":\"https:\\\/\\\/eldigitaldeasturias.com\\\/magazine365\\\/el-congreso-de-faconauto-reclama-un-nuevo-pive-urgente-ante-el-final-del-actual\\\/#listItem\",\"position\":3,\"name\":\"El congreso de Faconauto reclama un nuevo PIVE urgente ante el final del actual\",\"previousItem\":{\"@type\":\"ListItem\",\"@id\":\"https:\\\/\\\/eldigitaldeasturias.com\\\/magazine365\\\/category\\\/noticias-actualidad\\\/#listItem\",\"name\":\"Noticias y Actualidad\"}}]},{\"@type\":\"Organization\",\"@id\":\"https:\\\/\\\/eldigitaldeasturias.com\\\/magazine365\\\/#organization\",\"name\":\"El digital de Asturias\",\"description\":\"Revista de ocio, turismo y estilo de vida\",\"url\":\"https:\\\/\\\/eldigitaldeasturias.com\\\/magazine365\\\/\",\"logo\":{\"@type\":\"ImageObject\",\"url\":\"https:\\\/\\\/www.eldigitaldeasturias.com\\\/noticias\\\/wp-content\\\/uploads\\\/2020\\\/12\\\/EDA.jpg\",\"@id\":\"https:\\\/\\\/eldigitaldeasturias.com\\\/magazine365\\\/el-congreso-de-faconauto-reclama-un-nuevo-pive-urgente-ante-el-final-del-actual\\\/#organizationLogo\"},\"image\":{\"@id\":\"https:\\\/\\\/eldigitaldeasturias.com\\\/magazine365\\\/el-congreso-de-faconauto-reclama-un-nuevo-pive-urgente-ante-el-final-del-actual\\\/#organizationLogo\"}},{\"@type\":\"Person\",\"@id\":\"https:\\\/\\\/eldigitaldeasturias.com\\\/magazine365\\\/author\\\/admin\\\/#author\",\"url\":\"https:\\\/\\\/eldigitaldeasturias.com\\\/magazine365\\\/author\\\/admin\\\/\",\"name\":\"admin\",\"image\":{\"@type\":\"ImageObject\",\"@id\":\"https:\\\/\\\/eldigitaldeasturias.com\\\/magazine365\\\/el-congreso-de-faconauto-reclama-un-nuevo-pive-urgente-ante-el-final-del-actual\\\/#authorImage\",\"url\":\"https:\\\/\\\/eldigitaldeasturias.com\\\/magazine365\\\/wp-content\\\/litespeed\\\/avatar\\\/e571bcf59a0edd6fa6838245a470f2fe.jpg?ver=1776969259\",\"width\":96,\"height\":96,\"caption\":\"admin\"}},{\"@type\":\"WebPage\",\"@id\":\"https:\\\/\\\/eldigitaldeasturias.com\\\/magazine365\\\/el-congreso-de-faconauto-reclama-un-nuevo-pive-urgente-ante-el-final-del-actual\\\/#webpage\",\"url\":\"https:\\\/\\\/eldigitaldeasturias.com\\\/magazine365\\\/el-congreso-de-faconauto-reclama-un-nuevo-pive-urgente-ante-el-final-del-actual\\\/\",\"name\":\"El congreso de Faconauto reclama un nuevo PIVE urgente ante el final del actual | El Digital de Asturias\",\"description\":\"Madrid, 22 may (EFE).- El congreso de Faconauto ha reclamado hoy un nuevo PIVE de forma urgente, ante el inminente final del PIVE 5, con el fin de no paralizar el mercado, que en los \\u00faltimos meses se mantiene en crecimiento, y ante los meses de junio y julio, de especial importancia para las concesiones.\",\"inLanguage\":\"es-ES\",\"isPartOf\":{\"@id\":\"https:\\\/\\\/eldigitaldeasturias.com\\\/magazine365\\\/#website\"},\"breadcrumb\":{\"@id\":\"https:\\\/\\\/eldigitaldeasturias.com\\\/magazine365\\\/el-congreso-de-faconauto-reclama-un-nuevo-pive-urgente-ante-el-final-del-actual\\\/#breadcrumblist\"},\"author\":{\"@id\":\"https:\\\/\\\/eldigitaldeasturias.com\\\/magazine365\\\/author\\\/admin\\\/#author\"},\"creator\":{\"@id\":\"https:\\\/\\\/eldigitaldeasturias.com\\\/magazine365\\\/author\\\/admin\\\/#author\"},\"image\":{\"@type\":\"ImageObject\",\"url\":\"https:\\\/\\\/eldigitaldeasturias.com\\\/magazine365\\\/wp-content\\\/uploads\\\/2014\\\/05\\\/6284904w.jpg\",\"@id\":\"https:\\\/\\\/eldigitaldeasturias.com\\\/magazine365\\\/el-congreso-de-faconauto-reclama-un-nuevo-pive-urgente-ante-el-final-del-actual\\\/#mainImage\",\"width\":800,\"height\":534},\"primaryImageOfPage\":{\"@id\":\"https:\\\/\\\/eldigitaldeasturias.com\\\/magazine365\\\/el-congreso-de-faconauto-reclama-un-nuevo-pive-urgente-ante-el-final-del-actual\\\/#mainImage\"},\"datePublished\":\"2014-05-21T23:22:14+02:00\",\"dateModified\":\"2014-05-21T23:22:14+02:00\"},{\"@type\":\"WebSite\",\"@id\":\"https:\\\/\\\/eldigitaldeasturias.com\\\/magazine365\\\/#website\",\"url\":\"https:\\\/\\\/eldigitaldeasturias.com\\\/magazine365\\\/\",\"name\":\"El Digital de Asturias\",\"description\":\"Revista de ocio, turismo y estilo de vida\",\"inLanguage\":\"es-ES\",\"publisher\":{\"@id\":\"https:\\\/\\\/eldigitaldeasturias.com\\\/magazine365\\\/#organization\"}}]}\n\t\t<\/script>\n\t\t<!-- All in One SEO Pro -->\r\n\t\t<title>El congreso de Faconauto reclama un nuevo PIVE urgente ante el final del actual | El Digital de Asturias<\/title>\n\n","aioseo_head_json":{"title":"El congreso de Faconauto reclama un nuevo PIVE urgente ante el final del actual | El Digital de Asturias","description":"Madrid, 22 may (EFE).- El congreso de Faconauto ha reclamado hoy un nuevo PIVE de forma urgente, ante el inminente final del PIVE 5, con el fin de no paralizar el mercado, que en los \u00faltimos meses se mantiene en crecimiento, y ante los meses de junio y julio, de especial importancia para las concesiones.","canonical_url":"https:\/\/eldigitaldeasturias.com\/magazine365\/el-congreso-de-faconauto-reclama-un-nuevo-pive-urgente-ante-el-final-del-actual\/","robots":"max-image-preview:large","keywords":"noticias y actualidad","webmasterTools":{"google-site-verification":"UA-38556648-1","miscellaneous":""},"schema":{"@context":"https:\/\/schema.org","@graph":[{"@type":"Article","@id":"https:\/\/eldigitaldeasturias.com\/magazine365\/el-congreso-de-faconauto-reclama-un-nuevo-pive-urgente-ante-el-final-del-actual\/#article","name":"El congreso de Faconauto reclama un nuevo PIVE urgente ante el final del actual | El Digital de Asturias","headline":"El congreso de Faconauto reclama un nuevo PIVE urgente ante el final del actual","author":{"@id":"https:\/\/eldigitaldeasturias.com\/magazine365\/author\/admin\/#author"},"publisher":{"@id":"https:\/\/eldigitaldeasturias.com\/magazine365\/#organization"},"image":{"@type":"ImageObject","url":"https:\/\/eldigitaldeasturias.com\/magazine365\/wp-content\/uploads\/2014\/05\/6284904w.jpg","width":800,"height":534},"datePublished":"2014-05-21T23:22:14+02:00","dateModified":"2014-05-21T23:22:14+02:00","inLanguage":"es-ES","mainEntityOfPage":{"@id":"https:\/\/eldigitaldeasturias.com\/magazine365\/el-congreso-de-faconauto-reclama-un-nuevo-pive-urgente-ante-el-final-del-actual\/#webpage"},"isPartOf":{"@id":"https:\/\/eldigitaldeasturias.com\/magazine365\/el-congreso-de-faconauto-reclama-un-nuevo-pive-urgente-ante-el-final-del-actual\/#webpage"},"articleSection":"Noticias y Actualidad"},{"@type":"BreadcrumbList","@id":"https:\/\/eldigitaldeasturias.com\/magazine365\/el-congreso-de-faconauto-reclama-un-nuevo-pive-urgente-ante-el-final-del-actual\/#breadcrumblist","itemListElement":[{"@type":"ListItem","@id":"https:\/\/eldigitaldeasturias.com\/magazine365#listItem","position":1,"name":"Home","item":"https:\/\/eldigitaldeasturias.com\/magazine365","nextItem":{"@type":"ListItem","@id":"https:\/\/eldigitaldeasturias.com\/magazine365\/category\/noticias-actualidad\/#listItem","name":"Noticias y Actualidad"}},{"@type":"ListItem","@id":"https:\/\/eldigitaldeasturias.com\/magazine365\/category\/noticias-actualidad\/#listItem","position":2,"name":"Noticias y Actualidad","item":"https:\/\/eldigitaldeasturias.com\/magazine365\/category\/noticias-actualidad\/","nextItem":{"@type":"ListItem","@id":"https:\/\/eldigitaldeasturias.com\/magazine365\/el-congreso-de-faconauto-reclama-un-nuevo-pive-urgente-ante-el-final-del-actual\/#listItem","name":"El congreso de Faconauto reclama un nuevo PIVE urgente ante el final del actual"},"previousItem":{"@type":"ListItem","@id":"https:\/\/eldigitaldeasturias.com\/magazine365#listItem","name":"Home"}},{"@type":"ListItem","@id":"https:\/\/eldigitaldeasturias.com\/magazine365\/el-congreso-de-faconauto-reclama-un-nuevo-pive-urgente-ante-el-final-del-actual\/#listItem","position":3,"name":"El congreso de Faconauto reclama un nuevo PIVE urgente ante el final del actual","previousItem":{"@type":"ListItem","@id":"https:\/\/eldigitaldeasturias.com\/magazine365\/category\/noticias-actualidad\/#listItem","name":"Noticias y Actualidad"}}]},{"@type":"Organization","@id":"https:\/\/eldigitaldeasturias.com\/magazine365\/#organization","name":"El digital de Asturias","description":"Revista de ocio, turismo y estilo de vida","url":"https:\/\/eldigitaldeasturias.com\/magazine365\/","logo":{"@type":"ImageObject","url":"https:\/\/www.eldigitaldeasturias.com\/noticias\/wp-content\/uploads\/2020\/12\/EDA.jpg","@id":"https:\/\/eldigitaldeasturias.com\/magazine365\/el-congreso-de-faconauto-reclama-un-nuevo-pive-urgente-ante-el-final-del-actual\/#organizationLogo"},"image":{"@id":"https:\/\/eldigitaldeasturias.com\/magazine365\/el-congreso-de-faconauto-reclama-un-nuevo-pive-urgente-ante-el-final-del-actual\/#organizationLogo"}},{"@type":"Person","@id":"https:\/\/eldigitaldeasturias.com\/magazine365\/author\/admin\/#author","url":"https:\/\/eldigitaldeasturias.com\/magazine365\/author\/admin\/","name":"admin","image":{"@type":"ImageObject","@id":"https:\/\/eldigitaldeasturias.com\/magazine365\/el-congreso-de-faconauto-reclama-un-nuevo-pive-urgente-ante-el-final-del-actual\/#authorImage","url":"https:\/\/eldigitaldeasturias.com\/magazine365\/wp-content\/litespeed\/avatar\/e571bcf59a0edd6fa6838245a470f2fe.jpg?ver=1776969259","width":96,"height":96,"caption":"admin"}},{"@type":"WebPage","@id":"https:\/\/eldigitaldeasturias.com\/magazine365\/el-congreso-de-faconauto-reclama-un-nuevo-pive-urgente-ante-el-final-del-actual\/#webpage","url":"https:\/\/eldigitaldeasturias.com\/magazine365\/el-congreso-de-faconauto-reclama-un-nuevo-pive-urgente-ante-el-final-del-actual\/","name":"El congreso de Faconauto reclama un nuevo PIVE urgente ante el final del actual | El Digital de Asturias","description":"Madrid, 22 may (EFE).- El congreso de Faconauto ha reclamado hoy un nuevo PIVE de forma urgente, ante el inminente final del PIVE 5, con el fin de no paralizar el mercado, que en los \u00faltimos meses se mantiene en crecimiento, y ante los meses de junio y julio, de especial importancia para las concesiones.","inLanguage":"es-ES","isPartOf":{"@id":"https:\/\/eldigitaldeasturias.com\/magazine365\/#website"},"breadcrumb":{"@id":"https:\/\/eldigitaldeasturias.com\/magazine365\/el-congreso-de-faconauto-reclama-un-nuevo-pive-urgente-ante-el-final-del-actual\/#breadcrumblist"},"author":{"@id":"https:\/\/eldigitaldeasturias.com\/magazine365\/author\/admin\/#author"},"creator":{"@id":"https:\/\/eldigitaldeasturias.com\/magazine365\/author\/admin\/#author"},"image":{"@type":"ImageObject","url":"https:\/\/eldigitaldeasturias.com\/magazine365\/wp-content\/uploads\/2014\/05\/6284904w.jpg","@id":"https:\/\/eldigitaldeasturias.com\/magazine365\/el-congreso-de-faconauto-reclama-un-nuevo-pive-urgente-ante-el-final-del-actual\/#mainImage","width":800,"height":534},"primaryImageOfPage":{"@id":"https:\/\/eldigitaldeasturias.com\/magazine365\/el-congreso-de-faconauto-reclama-un-nuevo-pive-urgente-ante-el-final-del-actual\/#mainImage"},"datePublished":"2014-05-21T23:22:14+02:00","dateModified":"2014-05-21T23:22:14+02:00"},{"@type":"WebSite","@id":"https:\/\/eldigitaldeasturias.com\/magazine365\/#website","url":"https:\/\/eldigitaldeasturias.com\/magazine365\/","name":"El Digital de Asturias","description":"Revista de ocio, turismo y estilo de vida","inLanguage":"es-ES","publisher":{"@id":"https:\/\/eldigitaldeasturias.com\/magazine365\/#organization"}}]},"og:locale":"es_ES","og:site_name":"El Digital de Asturias \u2013 Revista de ocio, turismo y estilo de vida","og:type":"article","og:title":"El congreso de Faconauto reclama un nuevo PIVE urgente ante el final del actual | El Digital de Asturias","og:description":"Madrid, 22 may (EFE).- El congreso de Faconauto ha reclamado hoy un nuevo PIVE de forma urgente, ante el inminente final del PIVE 5, con el fin de no paralizar el mercado, que en los \u00faltimos meses se mantiene en crecimiento, y ante los meses de junio y julio, de especial importancia para las concesiones.","og:url":"https:\/\/eldigitaldeasturias.com\/magazine365\/el-congreso-de-faconauto-reclama-un-nuevo-pive-urgente-ante-el-final-del-actual\/","og:image":"https:\/\/eldigitaldeasturias.com\/magazine365\/wp-content\/uploads\/2014\/05\/6284904w.jpg","og:image:secure_url":"https:\/\/eldigitaldeasturias.com\/magazine365\/wp-content\/uploads\/2014\/05\/6284904w.jpg","og:image:width":800,"og:image:height":534,"article:published_time":"2014-05-22T01:22:14+00:00","article:modified_time":"2014-05-22T01:22:14+00:00","twitter:card":"summary_large_image","twitter:title":"El congreso de Faconauto reclama un nuevo PIVE urgente ante el final del actual | El Digital de Asturias","twitter:description":"Madrid, 22 may (EFE).- El congreso de Faconauto ha reclamado hoy un nuevo PIVE de forma urgente, ante el inminente final del PIVE 5, con el fin de no paralizar el mercado, que en los \u00faltimos meses se mantiene en crecimiento, y ante los meses de junio y julio, de especial importancia para las concesiones.","twitter:image":"https:\/\/eldigitaldeasturias.com\/magazine365\/wp-content\/uploads\/2014\/05\/6284904w.jpg"},"aioseo_meta_data":{"post_id":"13517","title":null,"description":null,"keywords":null,"keyphrases":null,"primary_term":null,"canonical_url":null,"og_title":null,"og_description":null,"og_object_type":"default","og_image_type":"default","og_image_url":null,"og_image_width":null,"og_image_height":null,"og_image_custom_url":null,"og_image_custom_fields":null,"og_video":null,"og_custom_url":null,"og_article_section":null,"og_article_tags":null,"twitter_use_og":false,"twitter_card":"default","twitter_image_type":"default","twitter_image_url":null,"twitter_image_custom_url":null,"twitter_image_custom_fields":null,"twitter_title":null,"twitter_description":null,"schema":{"blockGraphs":[],"customGraphs":[],"default":{"data":{"Article":[],"Course":[],"Dataset":[],"FAQPage":[],"Movie":[],"Person":[],"Product":[],"ProductReview":[],"Car":[],"Recipe":[],"Service":[],"SoftwareApplication":[],"WebPage":[]},"graphName":"","isEnabled":true},"graphs":[]},"schema_type":null,"schema_type_options":null,"pillar_content":false,"robots_default":true,"robots_noindex":false,"robots_noarchive":false,"robots_nosnippet":false,"robots_nofollow":false,"robots_noimageindex":false,"robots_noodp":false,"robots_notranslate":false,"robots_max_snippet":null,"robots_max_videopreview":null,"robots_max_imagepreview":"large","priority":null,"frequency":null,"location":null,"local_seo":null,"seo_analyzer_scan_date":"2025-09-17 08:24:27","breadcrumb_settings":null,"limit_modified_date":false,"open_ai":null,"ai":null,"created":"2021-03-09 08:27:55","updated":"2025-09-17 08:24:27"},"aioseo_breadcrumb":"<div class=\"aioseo-breadcrumbs\"><span class=\"aioseo-breadcrumb\">\n\t<a href=\"https:\/\/eldigitaldeasturias.com\/magazine365\" title=\"Home\">Home<\/a>\n<\/span><span class=\"aioseo-breadcrumb-separator\">\u2013<\/span><span class=\"aioseo-breadcrumb\">\n\t<a href=\"https:\/\/eldigitaldeasturias.com\/magazine365\/category\/noticias-actualidad\/\" title=\"Noticias y Actualidad\">Noticias y Actualidad<\/a>\n<\/span><span class=\"aioseo-breadcrumb-separator\">\u2013<\/span><span class=\"aioseo-breadcrumb\">\n\t<a href=\"https:\/\/eldigitaldeasturias.com\/magazine365\/el-congreso-de-faconauto-reclama-un-nuevo-pive-urgente-ante-el-final-del-actual\/\" title=\"El congreso de Faconauto reclama un nuevo PIVE urgente ante el final del actual\">El congreso de Faconauto reclama un nuevo PIVE urgente ante el final del actual<\/a>\n<\/span><\/div>","aioseo_breadcrumb_json":[{"label":"Home","link":"https:\/\/eldigitaldeasturias.com\/magazine365"},{"label":"Noticias y Actualidad","link":"https:\/\/eldigitaldeasturias.com\/magazine365\/category\/noticias-actualidad\/"},{"label":"El congreso de Faconauto reclama un nuevo PIVE urgente ante el final del actual","link":"https:\/\/eldigitaldeasturias.com\/magazine365\/el-congreso-de-faconauto-reclama-un-nuevo-pive-urgente-ante-el-final-del-actual\/"}],"_links":{"self":[{"href":"https:\/\/eldigitaldeasturias.com\/magazine365\/wp-json\/wp\/v2\/posts\/13517","targetHints":{"allow":["GET"]}}],"collection":[{"href":"https:\/\/eldigitaldeasturias.com\/magazine365\/wp-json\/wp\/v2\/posts"}],"about":[{"href":"https:\/\/eldigitaldeasturias.com\/magazine365\/wp-json\/wp\/v2\/types\/post"}],"author":[{"embeddable":true,"href":"https:\/\/eldigitaldeasturias.com\/magazine365\/wp-json\/wp\/v2\/users\/1"}],"replies":[{"embeddable":true,"href":"https:\/\/eldigitaldeasturias.com\/magazine365\/wp-json\/wp\/v2\/comments?post=13517"}],"version-history":[{"count":0,"href":"https:\/\/eldigitaldeasturias.com\/magazine365\/wp-json\/wp\/v2\/posts\/13517\/revisions"}],"wp:featuredmedia":[{"embeddable":true,"href":"https:\/\/eldigitaldeasturias.com\/magazine365\/wp-json\/wp\/v2\/media\/13518"}],"wp:attachment":[{"href":"https:\/\/eldigitaldeasturias.com\/magazine365\/wp-json\/wp\/v2\/media?parent=13517"}],"wp:term":[{"taxonomy":"category","embeddable":true,"href":"https:\/\/eldigitaldeasturias.com\/magazine365\/wp-json\/wp\/v2\/categories?post=13517"},{"taxonomy":"post_tag","embeddable":true,"href":"https:\/\/eldigitaldeasturias.com\/magazine365\/wp-json\/wp\/v2\/tags?post=13517"}],"curies":[{"name":"wp","href":"https:\/\/api.w.org\/{rel}","templated":true}]}}