{"id":13511,"date":"2014-05-21T23:18:19","date_gmt":"2014-05-22T01:18:19","guid":{"rendered":"http:\/\/eldigitaldeasturias.com\/magazine365\/?p=13511"},"modified":"2014-05-21T23:18:19","modified_gmt":"2014-05-22T01:18:19","slug":"ivan-fandino-recoge-en-las-ventas-la-oreja-de-oro-de-radio-nacional","status":"publish","type":"post","link":"https:\/\/eldigitaldeasturias.com\/magazine365\/ivan-fandino-recoge-en-las-ventas-la-oreja-de-oro-de-radio-nacional\/","title":{"rendered":"Iv\u00e1n Fandi\u00f1o recoge en Las Ventas la \u00abOreja de Oro\u00bb de Radio Nacional"},"content":{"rendered":"<p><img fetchpriority=\"high\" decoding=\"async\" class=\"alignleft size-medium wp-image-13512\" alt=\"6284397w\" src=\"https:\/\/eldigitaldeasturias.com\/magazine365\/wp-content\/uploads\/2014\/05\/6284397w-360x239.jpg\" width=\"360\" height=\"239\" srcset=\"https:\/\/eldigitaldeasturias.com\/magazine365\/wp-content\/uploads\/2014\/05\/6284397w-360x239.jpg 360w, https:\/\/eldigitaldeasturias.com\/magazine365\/wp-content\/uploads\/2014\/05\/6284397w-650x432.jpg 650w, https:\/\/eldigitaldeasturias.com\/magazine365\/wp-content\/uploads\/2014\/05\/6284397w-768x511.jpg 768w, https:\/\/eldigitaldeasturias.com\/magazine365\/wp-content\/uploads\/2014\/05\/6284397w-150x100.jpg 150w, https:\/\/eldigitaldeasturias.com\/magazine365\/wp-content\/uploads\/2014\/05\/6284397w-450x299.jpg 450w, https:\/\/eldigitaldeasturias.com\/magazine365\/wp-content\/uploads\/2014\/05\/6284397w-696x463.jpg 696w, https:\/\/eldigitaldeasturias.com\/magazine365\/wp-content\/uploads\/2014\/05\/6284397w-632x420.jpg 632w, https:\/\/eldigitaldeasturias.com\/magazine365\/wp-content\/uploads\/2014\/05\/6284397w-84x55.jpg 84w, https:\/\/eldigitaldeasturias.com\/magazine365\/wp-content\/uploads\/2014\/05\/6284397w.jpg 800w\" sizes=\"(max-width: 360px) 100vw, 360px\" \/>Madrid, 21 may (EFE).- El diestro Iv\u00e1n Fandi\u00f1o ha recogido hoy en la plaza de toros Las Ventas la \u00abOreja de Oro\u00bb, premio que concede la red de emisoras de Radio Nacional de Espa\u00f1a (RNE) a trav\u00e9s de su espacio taurino \u00abClar\u00edn\u00bb, y que le acredita como el m\u00e1ximo triunfador de la temporada 2013 en ruedos espa\u00f1oles y franceses.<\/p>\n<p>Un premio que este a\u00f1o cumple su 47 edici\u00f3n y que refleja \u00abel compromiso que tienen todos los medios que conforman la corporaci\u00f3n de Radio Televisi\u00f3n Espa\u00f1ola (RTVE) con \u00abla Fiesta\u00bb, la cual se aborda con total naturalidad, sin darla la espalda, y con el espacio informativo que merece un espect\u00e1culo de tanta riqueza\u00bb, se\u00f1al\u00f3 el presidente de la corporaci\u00f3n RTVE, Leopoldo Gonz\u00e1lez-Echenique.<\/p>\n<p>Precisamente Gonz\u00e1lez-Echenique hizo entrega a Fandi\u00f1o de la \u00abOreja de Oro\u00bb, distinci\u00f3n que el de Ordu\u00f1a recogi\u00f3 por segunda vez consecutiva, y que calific\u00f3, en t\u00e9rminos futbol\u00edsticos, como el \u00abBal\u00f3n de Oro\u00bb del toreo, ya que no reconoce algo puntual sino \u00abuna regularidad en el triunfo dif\u00edcil de lograr\u00bb.<\/p>\n<p>\u00abEste premio me hace especial ilusi\u00f3n, ya que ni en mis mejores sue\u00f1os pod\u00eda imaginar llegar a conseguir algo tan grande, por eso, m\u00e1s que nunca, me siento torero\u00bb, a\u00f1adi\u00f3 Fandi\u00f1o, que quiso recordar a los tres diestros heridos ayer en Las Ventas.<\/p>\n<p>\u00abMe siento orgulloso de ellos porque gracias a tres compa\u00f1eros tan hombres como ellos hacen que sea un privilegio a\u00fan mayor recoger esta &#8216;Oreja de Oro'\u00bb, agreg\u00f3.<\/p>\n<p>Los ocho periodistas espa\u00f1oles y franceses que formaron parte del jurado de este premio, adem\u00e1s de los radioyentes del programa \u00abClar\u00edn\u00bb, declararon a Iv\u00e1n Fandi\u00f1o triunfador por delante de Juli\u00e1n L\u00f3pez \u00abEl Juli\u00bb, Jos\u00e9 Antonio \u00abMorante de la Puebla\u00bb y Miguel \u00c1ngel Perera, los otros tres finalistas.<\/p>\n<p>El tambi\u00e9n matador de toros Juan Jos\u00e9 Padilla se alz\u00f3 con la \u00abOreja de Oro Especial\u00bb como l\u00edder del escalaf\u00f3n del 2013, y por \u00abejemplo admirable de superaci\u00f3n y amor a la profesi\u00f3n\u00bb, como dijo Alberto Mart\u00ednez Arias, director de servicios informativos de RNE, que fue quien le hizo entrega de la distinci\u00f3n.<\/p>\n<p>Visiblemente emocionado Padilla se acord\u00f3 de todas y cada una de las personas que le han acompa\u00f1ado durante este duro viaje que tuvo su punto de partida en aquella fat\u00eddica tarde de 2011 cuando sufri\u00f3 una espeluznante cornada en la cara que le cost\u00f3 la p\u00e9rdida de un ojo y otras graves lesiones faciales.<\/p>\n<p>\u00abA mis tres \u00e1ngeles de la guarda, los doctores Val-Carreres, Fern\u00e1ndez Vega y Garc\u00eda Perla, los grandes art\u00edfices de mi recuperaci\u00f3n; a mi mujer, un \u00e1ngel ca\u00eddo del cielo que siempre me ha apoyado con gestos positivos y de \u00e1nimo; y tambi\u00e9n a mi gran amigo Adolfo Su\u00e1rez, que est\u00e1 pasando momentos muy dif\u00edciles\u00bb, enfatiz\u00f3 Padilla.<\/p>\n<p>Por \u00faltimo se concedi\u00f3 tambi\u00e9n la segunda edici\u00f3n del \u00abHierro de Oro\u00bb, que premia a la regularidad de una ganader\u00eda durante un a\u00f1o, que fue para la de Miura, que recogieron los hermanos Eduardo y Antonio Miura, propietarios de esta legendaria divisa, heredada de generaci\u00f3n a generaci\u00f3n desde hace 173 a\u00f1os.<\/p>\n<p>Alfonso Nasarre, director de RNE, entreg\u00f3 a los hermanos Miura una distinci\u00f3n que les hace \u00abespecial ilusi\u00f3n\u00bb, pues reconocimientos como este \u00abayudan a seguir para adelante, creyendo en lo mismo, a pesar de los momentos malos y las piedras que nos podamos encontrar en el camino\u00bb, asegur\u00f3 Antonio Miura.<\/p>\n<p>El acto de entrega de estos galardones tuvo lugar en la sala \u00abCoss\u00edo\u00bb de la plaza de toros de Las Ventas, emitida en directo por el Radio5 de RNE, y conducida por el director del programa \u00abClar\u00edn\u00bb, el periodista Jos\u00e9 Luis Carabias.<\/p>\n","protected":false},"excerpt":{"rendered":"<p>Madrid, 21 may (EFE).- El diestro Iv\u00e1n Fandi\u00f1o ha recogido hoy en la plaza de toros Las Ventas la \u00abOreja de Oro\u00bb, premio que concede la red de emisoras de Radio Nacional de Espa\u00f1a (RNE) a trav\u00e9s de su espacio taurino \u00abClar\u00edn\u00bb, y que le acredita como el m\u00e1ximo triunfador de la temporada 2013 en<\/p>\n","protected":false},"author":1,"featured_media":13512,"comment_status":"open","ping_status":"closed","sticky":false,"template":"","format":"standard","meta":{"footnotes":""},"categories":[224],"tags":[],"class_list":{"0":"post-13511","1":"post","2":"type-post","3":"status-publish","4":"format-standard","5":"has-post-thumbnail","7":"category-noticias-actualidad"},"aioseo_notices":[],"aioseo_head":"\n\t\t<!-- All in One SEO Pro 4.9.6.1 - aioseo.com -->\n\t<meta name=\"description\" content=\"Madrid, 21 may (EFE).- El diestro Iv\u00e1n Fandi\u00f1o ha recogido hoy en la plaza de toros Las Ventas la &quot;Oreja de Oro&quot;, premio que concede la red de emisoras de Radio Nacional de Espa\u00f1a (RNE) a trav\u00e9s de su espacio taurino &quot;Clar\u00edn&quot;, y que le acredita como el m\u00e1ximo triunfador de la temporada 2013 en\" \/>\n\t<meta name=\"robots\" content=\"max-image-preview:large\" \/>\n\t<meta name=\"author\" content=\"admin\"\/>\n\t<meta name=\"google-site-verification\" content=\"UA-38556648-1\" \/>\n\t<meta name=\"keywords\" content=\"noticias y actualidad\" \/>\n\t<link rel=\"canonical\" href=\"https:\/\/eldigitaldeasturias.com\/magazine365\/ivan-fandino-recoge-en-las-ventas-la-oreja-de-oro-de-radio-nacional\/\" \/>\n\t<meta name=\"generator\" content=\"All in One SEO Pro (AIOSEO) 4.9.6.1\" \/>\n\t\t<meta property=\"og:locale\" content=\"es_ES\" \/>\n\t\t<meta property=\"og:site_name\" content=\"El Digital de Asturias \u2013 Revista de ocio, turismo y estilo de vida\" \/>\n\t\t<meta property=\"og:type\" content=\"article\" \/>\n\t\t<meta property=\"og:title\" content=\"Iv\u00e1n Fandi\u00f1o recoge en Las Ventas la \u00abOreja de Oro\u00bb de Radio Nacional | El Digital de Asturias\" \/>\n\t\t<meta property=\"og:description\" content=\"Madrid, 21 may (EFE).- El diestro Iv\u00e1n Fandi\u00f1o ha recogido hoy en la plaza de toros Las Ventas la &quot;Oreja de Oro&quot;, premio que concede la red de emisoras de Radio Nacional de Espa\u00f1a (RNE) a trav\u00e9s de su espacio taurino &quot;Clar\u00edn&quot;, y que le acredita como el m\u00e1ximo triunfador de la temporada 2013 en\" \/>\n\t\t<meta property=\"og:url\" content=\"https:\/\/eldigitaldeasturias.com\/magazine365\/ivan-fandino-recoge-en-las-ventas-la-oreja-de-oro-de-radio-nacional\/\" \/>\n\t\t<meta property=\"og:image\" content=\"https:\/\/eldigitaldeasturias.com\/magazine365\/wp-content\/uploads\/2014\/05\/6284397w.jpg\" \/>\n\t\t<meta property=\"og:image:secure_url\" content=\"https:\/\/eldigitaldeasturias.com\/magazine365\/wp-content\/uploads\/2014\/05\/6284397w.jpg\" \/>\n\t\t<meta property=\"og:image:width\" content=\"800\" \/>\n\t\t<meta property=\"og:image:height\" content=\"532\" \/>\n\t\t<meta property=\"article:published_time\" content=\"2014-05-22T01:18:19+00:00\" \/>\n\t\t<meta property=\"article:modified_time\" content=\"2014-05-22T01:18:19+00:00\" \/>\n\t\t<meta name=\"twitter:card\" content=\"summary_large_image\" \/>\n\t\t<meta name=\"twitter:title\" content=\"Iv\u00e1n Fandi\u00f1o recoge en Las Ventas la \u00abOreja de Oro\u00bb de Radio Nacional | El Digital de Asturias\" \/>\n\t\t<meta name=\"twitter:description\" content=\"Madrid, 21 may (EFE).- El diestro Iv\u00e1n Fandi\u00f1o ha recogido hoy en la plaza de toros Las Ventas la &quot;Oreja de Oro&quot;, premio que concede la red de emisoras de Radio Nacional de Espa\u00f1a (RNE) a trav\u00e9s de su espacio taurino &quot;Clar\u00edn&quot;, y que le acredita como el m\u00e1ximo triunfador de la temporada 2013 en\" \/>\n\t\t<meta name=\"twitter:image\" content=\"https:\/\/eldigitaldeasturias.com\/magazine365\/wp-content\/uploads\/2014\/05\/6284397w.jpg\" \/>\n\t\t<script type=\"application\/ld+json\" class=\"aioseo-schema\">\n\t\t\t{\"@context\":\"https:\\\/\\\/schema.org\",\"@graph\":[{\"@type\":\"Article\",\"@id\":\"https:\\\/\\\/eldigitaldeasturias.com\\\/magazine365\\\/ivan-fandino-recoge-en-las-ventas-la-oreja-de-oro-de-radio-nacional\\\/#article\",\"name\":\"Iv\\u00e1n Fandi\\u00f1o recoge en Las Ventas la \\u00abOreja de Oro\\u00bb de Radio Nacional | El Digital de Asturias\",\"headline\":\"Iv\\u00e1n Fandi\\u00f1o recoge en Las Ventas la \\u00abOreja de Oro\\u00bb de Radio Nacional\",\"author\":{\"@id\":\"https:\\\/\\\/eldigitaldeasturias.com\\\/magazine365\\\/author\\\/admin\\\/#author\"},\"publisher\":{\"@id\":\"https:\\\/\\\/eldigitaldeasturias.com\\\/magazine365\\\/#organization\"},\"image\":{\"@type\":\"ImageObject\",\"url\":\"https:\\\/\\\/eldigitaldeasturias.com\\\/magazine365\\\/wp-content\\\/uploads\\\/2014\\\/05\\\/6284397w.jpg\",\"width\":800,\"height\":532},\"datePublished\":\"2014-05-21T23:18:19+02:00\",\"dateModified\":\"2014-05-21T23:18:19+02:00\",\"inLanguage\":\"es-ES\",\"mainEntityOfPage\":{\"@id\":\"https:\\\/\\\/eldigitaldeasturias.com\\\/magazine365\\\/ivan-fandino-recoge-en-las-ventas-la-oreja-de-oro-de-radio-nacional\\\/#webpage\"},\"isPartOf\":{\"@id\":\"https:\\\/\\\/eldigitaldeasturias.com\\\/magazine365\\\/ivan-fandino-recoge-en-las-ventas-la-oreja-de-oro-de-radio-nacional\\\/#webpage\"},\"articleSection\":\"Noticias y Actualidad\"},{\"@type\":\"BreadcrumbList\",\"@id\":\"https:\\\/\\\/eldigitaldeasturias.com\\\/magazine365\\\/ivan-fandino-recoge-en-las-ventas-la-oreja-de-oro-de-radio-nacional\\\/#breadcrumblist\",\"itemListElement\":[{\"@type\":\"ListItem\",\"@id\":\"https:\\\/\\\/eldigitaldeasturias.com\\\/magazine365#listItem\",\"position\":1,\"name\":\"Home\",\"item\":\"https:\\\/\\\/eldigitaldeasturias.com\\\/magazine365\",\"nextItem\":{\"@type\":\"ListItem\",\"@id\":\"https:\\\/\\\/eldigitaldeasturias.com\\\/magazine365\\\/category\\\/noticias-actualidad\\\/#listItem\",\"name\":\"Noticias y Actualidad\"}},{\"@type\":\"ListItem\",\"@id\":\"https:\\\/\\\/eldigitaldeasturias.com\\\/magazine365\\\/category\\\/noticias-actualidad\\\/#listItem\",\"position\":2,\"name\":\"Noticias y Actualidad\",\"item\":\"https:\\\/\\\/eldigitaldeasturias.com\\\/magazine365\\\/category\\\/noticias-actualidad\\\/\",\"nextItem\":{\"@type\":\"ListItem\",\"@id\":\"https:\\\/\\\/eldigitaldeasturias.com\\\/magazine365\\\/ivan-fandino-recoge-en-las-ventas-la-oreja-de-oro-de-radio-nacional\\\/#listItem\",\"name\":\"Iv\\u00e1n Fandi\\u00f1o recoge en Las Ventas la \\u00abOreja de Oro\\u00bb de Radio Nacional\"},\"previousItem\":{\"@type\":\"ListItem\",\"@id\":\"https:\\\/\\\/eldigitaldeasturias.com\\\/magazine365#listItem\",\"name\":\"Home\"}},{\"@type\":\"ListItem\",\"@id\":\"https:\\\/\\\/eldigitaldeasturias.com\\\/magazine365\\\/ivan-fandino-recoge-en-las-ventas-la-oreja-de-oro-de-radio-nacional\\\/#listItem\",\"position\":3,\"name\":\"Iv\\u00e1n Fandi\\u00f1o recoge en Las Ventas la \\u00abOreja de Oro\\u00bb de Radio Nacional\",\"previousItem\":{\"@type\":\"ListItem\",\"@id\":\"https:\\\/\\\/eldigitaldeasturias.com\\\/magazine365\\\/category\\\/noticias-actualidad\\\/#listItem\",\"name\":\"Noticias y Actualidad\"}}]},{\"@type\":\"Organization\",\"@id\":\"https:\\\/\\\/eldigitaldeasturias.com\\\/magazine365\\\/#organization\",\"name\":\"El digital de Asturias\",\"description\":\"Revista de ocio, turismo y estilo de vida\",\"url\":\"https:\\\/\\\/eldigitaldeasturias.com\\\/magazine365\\\/\",\"logo\":{\"@type\":\"ImageObject\",\"url\":\"https:\\\/\\\/www.eldigitaldeasturias.com\\\/noticias\\\/wp-content\\\/uploads\\\/2020\\\/12\\\/EDA.jpg\",\"@id\":\"https:\\\/\\\/eldigitaldeasturias.com\\\/magazine365\\\/ivan-fandino-recoge-en-las-ventas-la-oreja-de-oro-de-radio-nacional\\\/#organizationLogo\"},\"image\":{\"@id\":\"https:\\\/\\\/eldigitaldeasturias.com\\\/magazine365\\\/ivan-fandino-recoge-en-las-ventas-la-oreja-de-oro-de-radio-nacional\\\/#organizationLogo\"}},{\"@type\":\"Person\",\"@id\":\"https:\\\/\\\/eldigitaldeasturias.com\\\/magazine365\\\/author\\\/admin\\\/#author\",\"url\":\"https:\\\/\\\/eldigitaldeasturias.com\\\/magazine365\\\/author\\\/admin\\\/\",\"name\":\"admin\",\"image\":{\"@type\":\"ImageObject\",\"@id\":\"https:\\\/\\\/eldigitaldeasturias.com\\\/magazine365\\\/ivan-fandino-recoge-en-las-ventas-la-oreja-de-oro-de-radio-nacional\\\/#authorImage\",\"url\":\"https:\\\/\\\/eldigitaldeasturias.com\\\/magazine365\\\/wp-content\\\/litespeed\\\/avatar\\\/e571bcf59a0edd6fa6838245a470f2fe.jpg?ver=1776969259\",\"width\":96,\"height\":96,\"caption\":\"admin\"}},{\"@type\":\"WebPage\",\"@id\":\"https:\\\/\\\/eldigitaldeasturias.com\\\/magazine365\\\/ivan-fandino-recoge-en-las-ventas-la-oreja-de-oro-de-radio-nacional\\\/#webpage\",\"url\":\"https:\\\/\\\/eldigitaldeasturias.com\\\/magazine365\\\/ivan-fandino-recoge-en-las-ventas-la-oreja-de-oro-de-radio-nacional\\\/\",\"name\":\"Iv\\u00e1n Fandi\\u00f1o recoge en Las Ventas la \\u00abOreja de Oro\\u00bb de Radio Nacional | El Digital de Asturias\",\"description\":\"Madrid, 21 may (EFE).- El diestro Iv\\u00e1n Fandi\\u00f1o ha recogido hoy en la plaza de toros Las Ventas la \\\"Oreja de Oro\\\", premio que concede la red de emisoras de Radio Nacional de Espa\\u00f1a (RNE) a trav\\u00e9s de su espacio taurino \\\"Clar\\u00edn\\\", y que le acredita como el m\\u00e1ximo triunfador de la temporada 2013 en\",\"inLanguage\":\"es-ES\",\"isPartOf\":{\"@id\":\"https:\\\/\\\/eldigitaldeasturias.com\\\/magazine365\\\/#website\"},\"breadcrumb\":{\"@id\":\"https:\\\/\\\/eldigitaldeasturias.com\\\/magazine365\\\/ivan-fandino-recoge-en-las-ventas-la-oreja-de-oro-de-radio-nacional\\\/#breadcrumblist\"},\"author\":{\"@id\":\"https:\\\/\\\/eldigitaldeasturias.com\\\/magazine365\\\/author\\\/admin\\\/#author\"},\"creator\":{\"@id\":\"https:\\\/\\\/eldigitaldeasturias.com\\\/magazine365\\\/author\\\/admin\\\/#author\"},\"image\":{\"@type\":\"ImageObject\",\"url\":\"https:\\\/\\\/eldigitaldeasturias.com\\\/magazine365\\\/wp-content\\\/uploads\\\/2014\\\/05\\\/6284397w.jpg\",\"@id\":\"https:\\\/\\\/eldigitaldeasturias.com\\\/magazine365\\\/ivan-fandino-recoge-en-las-ventas-la-oreja-de-oro-de-radio-nacional\\\/#mainImage\",\"width\":800,\"height\":532},\"primaryImageOfPage\":{\"@id\":\"https:\\\/\\\/eldigitaldeasturias.com\\\/magazine365\\\/ivan-fandino-recoge-en-las-ventas-la-oreja-de-oro-de-radio-nacional\\\/#mainImage\"},\"datePublished\":\"2014-05-21T23:18:19+02:00\",\"dateModified\":\"2014-05-21T23:18:19+02:00\"},{\"@type\":\"WebSite\",\"@id\":\"https:\\\/\\\/eldigitaldeasturias.com\\\/magazine365\\\/#website\",\"url\":\"https:\\\/\\\/eldigitaldeasturias.com\\\/magazine365\\\/\",\"name\":\"El Digital de Asturias\",\"description\":\"Revista de ocio, turismo y estilo de vida\",\"inLanguage\":\"es-ES\",\"publisher\":{\"@id\":\"https:\\\/\\\/eldigitaldeasturias.com\\\/magazine365\\\/#organization\"}}]}\n\t\t<\/script>\n\t\t<!-- All in One SEO Pro -->\r\n\t\t<title>Iv\u00e1n Fandi\u00f1o recoge en Las Ventas la \u00abOreja de Oro\u00bb de Radio Nacional | El Digital de Asturias<\/title>\n\n","aioseo_head_json":{"title":"Iv\u00e1n Fandi\u00f1o recoge en Las Ventas la \u00abOreja de Oro\u00bb de Radio Nacional | El Digital de Asturias","description":"Madrid, 21 may (EFE).- El diestro Iv\u00e1n Fandi\u00f1o ha recogido hoy en la plaza de toros Las Ventas la \"Oreja de Oro\", premio que concede la red de emisoras de Radio Nacional de Espa\u00f1a (RNE) a trav\u00e9s de su espacio taurino \"Clar\u00edn\", y que le acredita como el m\u00e1ximo triunfador de la temporada 2013 en","canonical_url":"https:\/\/eldigitaldeasturias.com\/magazine365\/ivan-fandino-recoge-en-las-ventas-la-oreja-de-oro-de-radio-nacional\/","robots":"max-image-preview:large","keywords":"noticias y actualidad","webmasterTools":{"google-site-verification":"UA-38556648-1","miscellaneous":""},"schema":{"@context":"https:\/\/schema.org","@graph":[{"@type":"Article","@id":"https:\/\/eldigitaldeasturias.com\/magazine365\/ivan-fandino-recoge-en-las-ventas-la-oreja-de-oro-de-radio-nacional\/#article","name":"Iv\u00e1n Fandi\u00f1o recoge en Las Ventas la \u00abOreja de Oro\u00bb de Radio Nacional | El Digital de Asturias","headline":"Iv\u00e1n Fandi\u00f1o recoge en Las Ventas la \u00abOreja de Oro\u00bb de Radio Nacional","author":{"@id":"https:\/\/eldigitaldeasturias.com\/magazine365\/author\/admin\/#author"},"publisher":{"@id":"https:\/\/eldigitaldeasturias.com\/magazine365\/#organization"},"image":{"@type":"ImageObject","url":"https:\/\/eldigitaldeasturias.com\/magazine365\/wp-content\/uploads\/2014\/05\/6284397w.jpg","width":800,"height":532},"datePublished":"2014-05-21T23:18:19+02:00","dateModified":"2014-05-21T23:18:19+02:00","inLanguage":"es-ES","mainEntityOfPage":{"@id":"https:\/\/eldigitaldeasturias.com\/magazine365\/ivan-fandino-recoge-en-las-ventas-la-oreja-de-oro-de-radio-nacional\/#webpage"},"isPartOf":{"@id":"https:\/\/eldigitaldeasturias.com\/magazine365\/ivan-fandino-recoge-en-las-ventas-la-oreja-de-oro-de-radio-nacional\/#webpage"},"articleSection":"Noticias y Actualidad"},{"@type":"BreadcrumbList","@id":"https:\/\/eldigitaldeasturias.com\/magazine365\/ivan-fandino-recoge-en-las-ventas-la-oreja-de-oro-de-radio-nacional\/#breadcrumblist","itemListElement":[{"@type":"ListItem","@id":"https:\/\/eldigitaldeasturias.com\/magazine365#listItem","position":1,"name":"Home","item":"https:\/\/eldigitaldeasturias.com\/magazine365","nextItem":{"@type":"ListItem","@id":"https:\/\/eldigitaldeasturias.com\/magazine365\/category\/noticias-actualidad\/#listItem","name":"Noticias y Actualidad"}},{"@type":"ListItem","@id":"https:\/\/eldigitaldeasturias.com\/magazine365\/category\/noticias-actualidad\/#listItem","position":2,"name":"Noticias y Actualidad","item":"https:\/\/eldigitaldeasturias.com\/magazine365\/category\/noticias-actualidad\/","nextItem":{"@type":"ListItem","@id":"https:\/\/eldigitaldeasturias.com\/magazine365\/ivan-fandino-recoge-en-las-ventas-la-oreja-de-oro-de-radio-nacional\/#listItem","name":"Iv\u00e1n Fandi\u00f1o recoge en Las Ventas la \u00abOreja de Oro\u00bb de Radio Nacional"},"previousItem":{"@type":"ListItem","@id":"https:\/\/eldigitaldeasturias.com\/magazine365#listItem","name":"Home"}},{"@type":"ListItem","@id":"https:\/\/eldigitaldeasturias.com\/magazine365\/ivan-fandino-recoge-en-las-ventas-la-oreja-de-oro-de-radio-nacional\/#listItem","position":3,"name":"Iv\u00e1n Fandi\u00f1o recoge en Las Ventas la \u00abOreja de Oro\u00bb de Radio Nacional","previousItem":{"@type":"ListItem","@id":"https:\/\/eldigitaldeasturias.com\/magazine365\/category\/noticias-actualidad\/#listItem","name":"Noticias y Actualidad"}}]},{"@type":"Organization","@id":"https:\/\/eldigitaldeasturias.com\/magazine365\/#organization","name":"El digital de Asturias","description":"Revista de ocio, turismo y estilo de vida","url":"https:\/\/eldigitaldeasturias.com\/magazine365\/","logo":{"@type":"ImageObject","url":"https:\/\/www.eldigitaldeasturias.com\/noticias\/wp-content\/uploads\/2020\/12\/EDA.jpg","@id":"https:\/\/eldigitaldeasturias.com\/magazine365\/ivan-fandino-recoge-en-las-ventas-la-oreja-de-oro-de-radio-nacional\/#organizationLogo"},"image":{"@id":"https:\/\/eldigitaldeasturias.com\/magazine365\/ivan-fandino-recoge-en-las-ventas-la-oreja-de-oro-de-radio-nacional\/#organizationLogo"}},{"@type":"Person","@id":"https:\/\/eldigitaldeasturias.com\/magazine365\/author\/admin\/#author","url":"https:\/\/eldigitaldeasturias.com\/magazine365\/author\/admin\/","name":"admin","image":{"@type":"ImageObject","@id":"https:\/\/eldigitaldeasturias.com\/magazine365\/ivan-fandino-recoge-en-las-ventas-la-oreja-de-oro-de-radio-nacional\/#authorImage","url":"https:\/\/eldigitaldeasturias.com\/magazine365\/wp-content\/litespeed\/avatar\/e571bcf59a0edd6fa6838245a470f2fe.jpg?ver=1776969259","width":96,"height":96,"caption":"admin"}},{"@type":"WebPage","@id":"https:\/\/eldigitaldeasturias.com\/magazine365\/ivan-fandino-recoge-en-las-ventas-la-oreja-de-oro-de-radio-nacional\/#webpage","url":"https:\/\/eldigitaldeasturias.com\/magazine365\/ivan-fandino-recoge-en-las-ventas-la-oreja-de-oro-de-radio-nacional\/","name":"Iv\u00e1n Fandi\u00f1o recoge en Las Ventas la \u00abOreja de Oro\u00bb de Radio Nacional | El Digital de Asturias","description":"Madrid, 21 may (EFE).- El diestro Iv\u00e1n Fandi\u00f1o ha recogido hoy en la plaza de toros Las Ventas la \"Oreja de Oro\", premio que concede la red de emisoras de Radio Nacional de Espa\u00f1a (RNE) a trav\u00e9s de su espacio taurino \"Clar\u00edn\", y que le acredita como el m\u00e1ximo triunfador de la temporada 2013 en","inLanguage":"es-ES","isPartOf":{"@id":"https:\/\/eldigitaldeasturias.com\/magazine365\/#website"},"breadcrumb":{"@id":"https:\/\/eldigitaldeasturias.com\/magazine365\/ivan-fandino-recoge-en-las-ventas-la-oreja-de-oro-de-radio-nacional\/#breadcrumblist"},"author":{"@id":"https:\/\/eldigitaldeasturias.com\/magazine365\/author\/admin\/#author"},"creator":{"@id":"https:\/\/eldigitaldeasturias.com\/magazine365\/author\/admin\/#author"},"image":{"@type":"ImageObject","url":"https:\/\/eldigitaldeasturias.com\/magazine365\/wp-content\/uploads\/2014\/05\/6284397w.jpg","@id":"https:\/\/eldigitaldeasturias.com\/magazine365\/ivan-fandino-recoge-en-las-ventas-la-oreja-de-oro-de-radio-nacional\/#mainImage","width":800,"height":532},"primaryImageOfPage":{"@id":"https:\/\/eldigitaldeasturias.com\/magazine365\/ivan-fandino-recoge-en-las-ventas-la-oreja-de-oro-de-radio-nacional\/#mainImage"},"datePublished":"2014-05-21T23:18:19+02:00","dateModified":"2014-05-21T23:18:19+02:00"},{"@type":"WebSite","@id":"https:\/\/eldigitaldeasturias.com\/magazine365\/#website","url":"https:\/\/eldigitaldeasturias.com\/magazine365\/","name":"El Digital de Asturias","description":"Revista de ocio, turismo y estilo de vida","inLanguage":"es-ES","publisher":{"@id":"https:\/\/eldigitaldeasturias.com\/magazine365\/#organization"}}]},"og:locale":"es_ES","og:site_name":"El Digital de Asturias \u2013 Revista de ocio, turismo y estilo de vida","og:type":"article","og:title":"Iv\u00e1n Fandi\u00f1o recoge en Las Ventas la \u00abOreja de Oro\u00bb de Radio Nacional | El Digital de Asturias","og:description":"Madrid, 21 may (EFE).- El diestro Iv\u00e1n Fandi\u00f1o ha recogido hoy en la plaza de toros Las Ventas la &quot;Oreja de Oro&quot;, premio que concede la red de emisoras de Radio Nacional de Espa\u00f1a (RNE) a trav\u00e9s de su espacio taurino &quot;Clar\u00edn&quot;, y que le acredita como el m\u00e1ximo triunfador de la temporada 2013 en","og:url":"https:\/\/eldigitaldeasturias.com\/magazine365\/ivan-fandino-recoge-en-las-ventas-la-oreja-de-oro-de-radio-nacional\/","og:image":"https:\/\/eldigitaldeasturias.com\/magazine365\/wp-content\/uploads\/2014\/05\/6284397w.jpg","og:image:secure_url":"https:\/\/eldigitaldeasturias.com\/magazine365\/wp-content\/uploads\/2014\/05\/6284397w.jpg","og:image:width":800,"og:image:height":532,"article:published_time":"2014-05-22T01:18:19+00:00","article:modified_time":"2014-05-22T01:18:19+00:00","twitter:card":"summary_large_image","twitter:title":"Iv\u00e1n Fandi\u00f1o recoge en Las Ventas la \u00abOreja de Oro\u00bb de Radio Nacional | El Digital de Asturias","twitter:description":"Madrid, 21 may (EFE).- El diestro Iv\u00e1n Fandi\u00f1o ha recogido hoy en la plaza de toros Las Ventas la &quot;Oreja de Oro&quot;, premio que concede la red de emisoras de Radio Nacional de Espa\u00f1a (RNE) a trav\u00e9s de su espacio taurino &quot;Clar\u00edn&quot;, y que le acredita como el m\u00e1ximo triunfador de la temporada 2013 en","twitter:image":"https:\/\/eldigitaldeasturias.com\/magazine365\/wp-content\/uploads\/2014\/05\/6284397w.jpg"},"aioseo_meta_data":{"post_id":"13511","title":null,"description":null,"keywords":null,"keyphrases":null,"primary_term":null,"canonical_url":null,"og_title":null,"og_description":null,"og_object_type":"default","og_image_type":"default","og_image_url":null,"og_image_width":null,"og_image_height":null,"og_image_custom_url":null,"og_image_custom_fields":null,"og_video":null,"og_custom_url":null,"og_article_section":null,"og_article_tags":null,"twitter_use_og":false,"twitter_card":"default","twitter_image_type":"default","twitter_image_url":null,"twitter_image_custom_url":null,"twitter_image_custom_fields":null,"twitter_title":null,"twitter_description":null,"schema":{"blockGraphs":[],"customGraphs":[],"default":{"data":{"Article":[],"Course":[],"Dataset":[],"FAQPage":[],"Movie":[],"Person":[],"Product":[],"ProductReview":[],"Car":[],"Recipe":[],"Service":[],"SoftwareApplication":[],"WebPage":[]},"graphName":"","isEnabled":true},"graphs":[],"defaultGraph":"","defaultPostTypeGraph":""},"schema_type":null,"schema_type_options":null,"pillar_content":false,"robots_default":true,"robots_noindex":false,"robots_noarchive":false,"robots_nosnippet":false,"robots_nofollow":false,"robots_noimageindex":false,"robots_noodp":false,"robots_notranslate":false,"robots_max_snippet":null,"robots_max_videopreview":null,"robots_max_imagepreview":"large","priority":null,"frequency":null,"location":null,"local_seo":null,"seo_analyzer_scan_date":"2025-09-17 08:24:23","breadcrumb_settings":null,"limit_modified_date":false,"open_ai":null,"ai":null,"created":"2021-03-09 08:27:55","updated":"2025-09-17 08:24:23"},"aioseo_breadcrumb":"<div class=\"aioseo-breadcrumbs\"><span class=\"aioseo-breadcrumb\">\n\t<a href=\"https:\/\/eldigitaldeasturias.com\/magazine365\" title=\"Home\">Home<\/a>\n<\/span><span class=\"aioseo-breadcrumb-separator\">\u2013<\/span><span class=\"aioseo-breadcrumb\">\n\t<a href=\"https:\/\/eldigitaldeasturias.com\/magazine365\/category\/noticias-actualidad\/\" title=\"Noticias y Actualidad\">Noticias y Actualidad<\/a>\n<\/span><span class=\"aioseo-breadcrumb-separator\">\u2013<\/span><span class=\"aioseo-breadcrumb\">\n\t<a href=\"https:\/\/eldigitaldeasturias.com\/magazine365\/ivan-fandino-recoge-en-las-ventas-la-oreja-de-oro-de-radio-nacional\/\" title=\"Iv\u00e1n Fandi\u00f1o recoge en Las Ventas la \u00abOreja de Oro\u00bb de Radio Nacional\">Iv\u00e1n Fandi\u00f1o recoge en Las Ventas la \u00abOreja de Oro\u00bb de Radio Nacional<\/a>\n<\/span><\/div>","aioseo_breadcrumb_json":[{"label":"Home","link":"https:\/\/eldigitaldeasturias.com\/magazine365"},{"label":"Noticias y Actualidad","link":"https:\/\/eldigitaldeasturias.com\/magazine365\/category\/noticias-actualidad\/"},{"label":"Iv\u00e1n Fandi\u00f1o recoge en Las Ventas la \u00abOreja de Oro\u00bb de Radio Nacional","link":"https:\/\/eldigitaldeasturias.com\/magazine365\/ivan-fandino-recoge-en-las-ventas-la-oreja-de-oro-de-radio-nacional\/"}],"_links":{"self":[{"href":"https:\/\/eldigitaldeasturias.com\/magazine365\/wp-json\/wp\/v2\/posts\/13511","targetHints":{"allow":["GET"]}}],"collection":[{"href":"https:\/\/eldigitaldeasturias.com\/magazine365\/wp-json\/wp\/v2\/posts"}],"about":[{"href":"https:\/\/eldigitaldeasturias.com\/magazine365\/wp-json\/wp\/v2\/types\/post"}],"author":[{"embeddable":true,"href":"https:\/\/eldigitaldeasturias.com\/magazine365\/wp-json\/wp\/v2\/users\/1"}],"replies":[{"embeddable":true,"href":"https:\/\/eldigitaldeasturias.com\/magazine365\/wp-json\/wp\/v2\/comments?post=13511"}],"version-history":[{"count":0,"href":"https:\/\/eldigitaldeasturias.com\/magazine365\/wp-json\/wp\/v2\/posts\/13511\/revisions"}],"wp:featuredmedia":[{"embeddable":true,"href":"https:\/\/eldigitaldeasturias.com\/magazine365\/wp-json\/wp\/v2\/media\/13512"}],"wp:attachment":[{"href":"https:\/\/eldigitaldeasturias.com\/magazine365\/wp-json\/wp\/v2\/media?parent=13511"}],"wp:term":[{"taxonomy":"category","embeddable":true,"href":"https:\/\/eldigitaldeasturias.com\/magazine365\/wp-json\/wp\/v2\/categories?post=13511"},{"taxonomy":"post_tag","embeddable":true,"href":"https:\/\/eldigitaldeasturias.com\/magazine365\/wp-json\/wp\/v2\/tags?post=13511"}],"curies":[{"name":"wp","href":"https:\/\/api.w.org\/{rel}","templated":true}]}}