{"id":13508,"date":"2014-05-21T23:14:59","date_gmt":"2014-05-22T01:14:59","guid":{"rendered":"http:\/\/eldigitaldeasturias.com\/magazine365\/?p=13508"},"modified":"2014-05-21T23:14:59","modified_gmt":"2014-05-22T01:14:59","slug":"morante-de-la-puebla-entrara-en-el-olimpo-de-las-figuras-de-cera","status":"publish","type":"post","link":"https:\/\/eldigitaldeasturias.com\/magazine365\/morante-de-la-puebla-entrara-en-el-olimpo-de-las-figuras-de-cera\/","title":{"rendered":"Morante de la Puebla entrar\u00e1 en el olimpo de las figuras de cera"},"content":{"rendered":"<p><img fetchpriority=\"high\" decoding=\"async\" class=\"alignleft size-medium wp-image-13509\" alt=\"6284207w\" src=\"https:\/\/eldigitaldeasturias.com\/magazine365\/wp-content\/uploads\/2014\/05\/6284207w-360x274.jpg\" width=\"360\" height=\"274\" \/>Madrid, 21 may (EFE).- El diestro sevillano Morante de la Puebla, que actuar\u00e1 ma\u00f1ana en la feria de San Isidro, ha estado hoy tom\u00e1ndose medidas para entrar a formar parte del selecto grupo de personajes representados en el Museo de Cera de Madrid.<\/p>\n<p>Jos\u00e9 Antonio Morante, luciendo una de sus habituales camisas de flores y unos zapatos bicolores, pos\u00f3 para los fot\u00f3grafos y para el experto brit\u00e1nico Michel Wade, autor, entre otras, de las figuras en cera de Cristiano Ronaldo, Tom Cruise y el papa Francisco que se exponen en el museo madrile\u00f1o.<\/p>\n<p>El matador sevillano, preguntado por Wade, eligi\u00f3 una postura relajada y \u00abmuy torera\u00bb para ser representado, sujetando bajo el brazo izquierdo un abrigo a modo de capote de brega.<\/p>\n<p>Mientras se o\u00edan los sonidos de la contigua sala dedicada a las dos guerras mundiales, Morante dijo que ten\u00eda \u00abuna sensaci\u00f3n rara\u00bb en esos momentos, porque nunca crey\u00f3 que pod\u00eda estar representado en este museo.<\/p>\n<p>\u00abRecuerdo haber estado aqu\u00ed de peque\u00f1o, cuando me trajeron mis padres, y me caus\u00f3 mucha impresi\u00f3n la figura de Manolete muerto sobre la camilla, como pas\u00f3 aquel d\u00eda en Linares\u00bb, a\u00f1adi\u00f3 el torero de Puebla del R\u00edo.<\/p>\n<p>Esa representaci\u00f3n de la muerte del \u00abMonstruo\u00bb de C\u00f3rdoba permanece a\u00fan en la exposici\u00f3n del Museo de Cera de Madrid junto a la t\u00e9trica escena de la cornada tambi\u00e9n mortal de Manuel Granero, a quien, en un error hist\u00f3rico, entran al quite Gallito y Juan Belmonte.<\/p>\n<p>Otros toreros que ya est\u00e1n expuestos en cera en la sala tem\u00e1tica del centro son Domingo Ortega, Antonio Bienvenida, Luis Miguel Domingu\u00edn, Paco Camino, Palomo Linares, Paquirri, Enrique Ponce, Jesul\u00edn de Ubrique y El Juli, junto a otros personajes que se caracterizaron por su afici\u00f3n a los toros, como Orson Welles o Ernest Hemingway.<\/p>\n<p>El director del museo, Gonzalo Presa, present\u00f3 a Morante de la Puebla como un \u00abmito viviente\u00bb y asegur\u00f3 que \u00abser\u00e1 un orgullo tener dentro de unos meses el aroma de la figura\u00bb del diestro sevillano en una de sus salas.<\/p>\n","protected":false},"excerpt":{"rendered":"<p>Madrid, 21 may (EFE).- El diestro sevillano Morante de la Puebla, que actuar\u00e1 ma\u00f1ana en la feria de San Isidro, ha estado hoy tom\u00e1ndose medidas para entrar a formar parte del selecto grupo de personajes representados en el Museo de Cera de Madrid. Jos\u00e9 Antonio Morante, luciendo una de sus habituales camisas de flores y<\/p>\n","protected":false},"author":1,"featured_media":13509,"comment_status":"open","ping_status":"closed","sticky":false,"template":"","format":"standard","meta":{"footnotes":""},"categories":[224],"tags":[],"class_list":{"0":"post-13508","1":"post","2":"type-post","3":"status-publish","4":"format-standard","5":"has-post-thumbnail","7":"category-noticias-actualidad"},"aioseo_notices":[],"aioseo_head":"\n\t\t<!-- All in One SEO Pro 4.9.6.1 - aioseo.com -->\n\t<meta name=\"description\" content=\"Madrid, 21 may (EFE).- El diestro sevillano Morante de la Puebla, que actuar\u00e1 ma\u00f1ana en la feria de San Isidro, ha estado hoy tom\u00e1ndose medidas para entrar a formar parte del selecto grupo de personajes representados en el Museo de Cera de Madrid. Jos\u00e9 Antonio Morante, luciendo una de sus habituales camisas de flores y\" \/>\n\t<meta name=\"robots\" content=\"max-image-preview:large\" \/>\n\t<meta name=\"author\" content=\"admin\"\/>\n\t<meta name=\"google-site-verification\" content=\"UA-38556648-1\" \/>\n\t<meta name=\"keywords\" content=\"noticias y actualidad\" \/>\n\t<link rel=\"canonical\" href=\"https:\/\/eldigitaldeasturias.com\/magazine365\/morante-de-la-puebla-entrara-en-el-olimpo-de-las-figuras-de-cera\/\" \/>\n\t<meta name=\"generator\" content=\"All in One SEO Pro (AIOSEO) 4.9.6.1\" \/>\n\t\t<meta property=\"og:locale\" content=\"es_ES\" \/>\n\t\t<meta property=\"og:site_name\" content=\"El Digital de Asturias \u2013 Revista de ocio, turismo y estilo de vida\" \/>\n\t\t<meta property=\"og:type\" content=\"article\" \/>\n\t\t<meta property=\"og:title\" content=\"Morante de la Puebla entrar\u00e1 en el olimpo de las figuras de cera | El Digital de Asturias\" \/>\n\t\t<meta property=\"og:description\" content=\"Madrid, 21 may (EFE).- El diestro sevillano Morante de la Puebla, que actuar\u00e1 ma\u00f1ana en la feria de San Isidro, ha estado hoy tom\u00e1ndose medidas para entrar a formar parte del selecto grupo de personajes representados en el Museo de Cera de Madrid. Jos\u00e9 Antonio Morante, luciendo una de sus habituales camisas de flores y\" \/>\n\t\t<meta property=\"og:url\" content=\"https:\/\/eldigitaldeasturias.com\/magazine365\/morante-de-la-puebla-entrara-en-el-olimpo-de-las-figuras-de-cera\/\" \/>\n\t\t<meta property=\"og:image\" content=\"https:\/\/eldigitaldeasturias.com\/magazine365\/wp-content\/uploads\/2014\/05\/6284207w.jpg\" \/>\n\t\t<meta property=\"og:image:secure_url\" content=\"https:\/\/eldigitaldeasturias.com\/magazine365\/wp-content\/uploads\/2014\/05\/6284207w.jpg\" \/>\n\t\t<meta property=\"og:image:width\" content=\"800\" \/>\n\t\t<meta property=\"og:image:height\" content=\"611\" \/>\n\t\t<meta property=\"article:published_time\" content=\"2014-05-22T01:14:59+00:00\" \/>\n\t\t<meta property=\"article:modified_time\" content=\"2014-05-22T01:14:59+00:00\" \/>\n\t\t<meta name=\"twitter:card\" content=\"summary_large_image\" \/>\n\t\t<meta name=\"twitter:title\" content=\"Morante de la Puebla entrar\u00e1 en el olimpo de las figuras de cera | El Digital de Asturias\" \/>\n\t\t<meta name=\"twitter:description\" content=\"Madrid, 21 may (EFE).- El diestro sevillano Morante de la Puebla, que actuar\u00e1 ma\u00f1ana en la feria de San Isidro, ha estado hoy tom\u00e1ndose medidas para entrar a formar parte del selecto grupo de personajes representados en el Museo de Cera de Madrid. Jos\u00e9 Antonio Morante, luciendo una de sus habituales camisas de flores y\" \/>\n\t\t<meta name=\"twitter:image\" content=\"https:\/\/eldigitaldeasturias.com\/magazine365\/wp-content\/uploads\/2014\/05\/6284207w.jpg\" \/>\n\t\t<script type=\"application\/ld+json\" class=\"aioseo-schema\">\n\t\t\t{\"@context\":\"https:\\\/\\\/schema.org\",\"@graph\":[{\"@type\":\"Article\",\"@id\":\"https:\\\/\\\/eldigitaldeasturias.com\\\/magazine365\\\/morante-de-la-puebla-entrara-en-el-olimpo-de-las-figuras-de-cera\\\/#article\",\"name\":\"Morante de la Puebla entrar\\u00e1 en el olimpo de las figuras de cera | El Digital de Asturias\",\"headline\":\"Morante de la Puebla entrar\\u00e1 en el olimpo de las figuras de cera\",\"author\":{\"@id\":\"https:\\\/\\\/eldigitaldeasturias.com\\\/magazine365\\\/author\\\/admin\\\/#author\"},\"publisher\":{\"@id\":\"https:\\\/\\\/eldigitaldeasturias.com\\\/magazine365\\\/#organization\"},\"image\":{\"@type\":\"ImageObject\",\"url\":\"https:\\\/\\\/eldigitaldeasturias.com\\\/magazine365\\\/wp-content\\\/uploads\\\/2014\\\/05\\\/6284207w.jpg\",\"width\":800,\"height\":611},\"datePublished\":\"2014-05-21T23:14:59+02:00\",\"dateModified\":\"2014-05-21T23:14:59+02:00\",\"inLanguage\":\"es-ES\",\"mainEntityOfPage\":{\"@id\":\"https:\\\/\\\/eldigitaldeasturias.com\\\/magazine365\\\/morante-de-la-puebla-entrara-en-el-olimpo-de-las-figuras-de-cera\\\/#webpage\"},\"isPartOf\":{\"@id\":\"https:\\\/\\\/eldigitaldeasturias.com\\\/magazine365\\\/morante-de-la-puebla-entrara-en-el-olimpo-de-las-figuras-de-cera\\\/#webpage\"},\"articleSection\":\"Noticias y Actualidad\"},{\"@type\":\"BreadcrumbList\",\"@id\":\"https:\\\/\\\/eldigitaldeasturias.com\\\/magazine365\\\/morante-de-la-puebla-entrara-en-el-olimpo-de-las-figuras-de-cera\\\/#breadcrumblist\",\"itemListElement\":[{\"@type\":\"ListItem\",\"@id\":\"https:\\\/\\\/eldigitaldeasturias.com\\\/magazine365#listItem\",\"position\":1,\"name\":\"Home\",\"item\":\"https:\\\/\\\/eldigitaldeasturias.com\\\/magazine365\",\"nextItem\":{\"@type\":\"ListItem\",\"@id\":\"https:\\\/\\\/eldigitaldeasturias.com\\\/magazine365\\\/category\\\/noticias-actualidad\\\/#listItem\",\"name\":\"Noticias y Actualidad\"}},{\"@type\":\"ListItem\",\"@id\":\"https:\\\/\\\/eldigitaldeasturias.com\\\/magazine365\\\/category\\\/noticias-actualidad\\\/#listItem\",\"position\":2,\"name\":\"Noticias y Actualidad\",\"item\":\"https:\\\/\\\/eldigitaldeasturias.com\\\/magazine365\\\/category\\\/noticias-actualidad\\\/\",\"nextItem\":{\"@type\":\"ListItem\",\"@id\":\"https:\\\/\\\/eldigitaldeasturias.com\\\/magazine365\\\/morante-de-la-puebla-entrara-en-el-olimpo-de-las-figuras-de-cera\\\/#listItem\",\"name\":\"Morante de la Puebla entrar\\u00e1 en el olimpo de las figuras de cera\"},\"previousItem\":{\"@type\":\"ListItem\",\"@id\":\"https:\\\/\\\/eldigitaldeasturias.com\\\/magazine365#listItem\",\"name\":\"Home\"}},{\"@type\":\"ListItem\",\"@id\":\"https:\\\/\\\/eldigitaldeasturias.com\\\/magazine365\\\/morante-de-la-puebla-entrara-en-el-olimpo-de-las-figuras-de-cera\\\/#listItem\",\"position\":3,\"name\":\"Morante de la Puebla entrar\\u00e1 en el olimpo de las figuras de cera\",\"previousItem\":{\"@type\":\"ListItem\",\"@id\":\"https:\\\/\\\/eldigitaldeasturias.com\\\/magazine365\\\/category\\\/noticias-actualidad\\\/#listItem\",\"name\":\"Noticias y Actualidad\"}}]},{\"@type\":\"Organization\",\"@id\":\"https:\\\/\\\/eldigitaldeasturias.com\\\/magazine365\\\/#organization\",\"name\":\"El digital de Asturias\",\"description\":\"Revista de ocio, turismo y estilo de vida\",\"url\":\"https:\\\/\\\/eldigitaldeasturias.com\\\/magazine365\\\/\",\"logo\":{\"@type\":\"ImageObject\",\"url\":\"https:\\\/\\\/www.eldigitaldeasturias.com\\\/noticias\\\/wp-content\\\/uploads\\\/2020\\\/12\\\/EDA.jpg\",\"@id\":\"https:\\\/\\\/eldigitaldeasturias.com\\\/magazine365\\\/morante-de-la-puebla-entrara-en-el-olimpo-de-las-figuras-de-cera\\\/#organizationLogo\"},\"image\":{\"@id\":\"https:\\\/\\\/eldigitaldeasturias.com\\\/magazine365\\\/morante-de-la-puebla-entrara-en-el-olimpo-de-las-figuras-de-cera\\\/#organizationLogo\"}},{\"@type\":\"Person\",\"@id\":\"https:\\\/\\\/eldigitaldeasturias.com\\\/magazine365\\\/author\\\/admin\\\/#author\",\"url\":\"https:\\\/\\\/eldigitaldeasturias.com\\\/magazine365\\\/author\\\/admin\\\/\",\"name\":\"admin\",\"image\":{\"@type\":\"ImageObject\",\"@id\":\"https:\\\/\\\/eldigitaldeasturias.com\\\/magazine365\\\/morante-de-la-puebla-entrara-en-el-olimpo-de-las-figuras-de-cera\\\/#authorImage\",\"url\":\"https:\\\/\\\/eldigitaldeasturias.com\\\/magazine365\\\/wp-content\\\/litespeed\\\/avatar\\\/e571bcf59a0edd6fa6838245a470f2fe.jpg?ver=1776969259\",\"width\":96,\"height\":96,\"caption\":\"admin\"}},{\"@type\":\"WebPage\",\"@id\":\"https:\\\/\\\/eldigitaldeasturias.com\\\/magazine365\\\/morante-de-la-puebla-entrara-en-el-olimpo-de-las-figuras-de-cera\\\/#webpage\",\"url\":\"https:\\\/\\\/eldigitaldeasturias.com\\\/magazine365\\\/morante-de-la-puebla-entrara-en-el-olimpo-de-las-figuras-de-cera\\\/\",\"name\":\"Morante de la Puebla entrar\\u00e1 en el olimpo de las figuras de cera | El Digital de Asturias\",\"description\":\"Madrid, 21 may (EFE).- El diestro sevillano Morante de la Puebla, que actuar\\u00e1 ma\\u00f1ana en la feria de San Isidro, ha estado hoy tom\\u00e1ndose medidas para entrar a formar parte del selecto grupo de personajes representados en el Museo de Cera de Madrid. Jos\\u00e9 Antonio Morante, luciendo una de sus habituales camisas de flores y\",\"inLanguage\":\"es-ES\",\"isPartOf\":{\"@id\":\"https:\\\/\\\/eldigitaldeasturias.com\\\/magazine365\\\/#website\"},\"breadcrumb\":{\"@id\":\"https:\\\/\\\/eldigitaldeasturias.com\\\/magazine365\\\/morante-de-la-puebla-entrara-en-el-olimpo-de-las-figuras-de-cera\\\/#breadcrumblist\"},\"author\":{\"@id\":\"https:\\\/\\\/eldigitaldeasturias.com\\\/magazine365\\\/author\\\/admin\\\/#author\"},\"creator\":{\"@id\":\"https:\\\/\\\/eldigitaldeasturias.com\\\/magazine365\\\/author\\\/admin\\\/#author\"},\"image\":{\"@type\":\"ImageObject\",\"url\":\"https:\\\/\\\/eldigitaldeasturias.com\\\/magazine365\\\/wp-content\\\/uploads\\\/2014\\\/05\\\/6284207w.jpg\",\"@id\":\"https:\\\/\\\/eldigitaldeasturias.com\\\/magazine365\\\/morante-de-la-puebla-entrara-en-el-olimpo-de-las-figuras-de-cera\\\/#mainImage\",\"width\":800,\"height\":611},\"primaryImageOfPage\":{\"@id\":\"https:\\\/\\\/eldigitaldeasturias.com\\\/magazine365\\\/morante-de-la-puebla-entrara-en-el-olimpo-de-las-figuras-de-cera\\\/#mainImage\"},\"datePublished\":\"2014-05-21T23:14:59+02:00\",\"dateModified\":\"2014-05-21T23:14:59+02:00\"},{\"@type\":\"WebSite\",\"@id\":\"https:\\\/\\\/eldigitaldeasturias.com\\\/magazine365\\\/#website\",\"url\":\"https:\\\/\\\/eldigitaldeasturias.com\\\/magazine365\\\/\",\"name\":\"El Digital de Asturias\",\"description\":\"Revista de ocio, turismo y estilo de vida\",\"inLanguage\":\"es-ES\",\"publisher\":{\"@id\":\"https:\\\/\\\/eldigitaldeasturias.com\\\/magazine365\\\/#organization\"}}]}\n\t\t<\/script>\n\t\t<!-- All in One SEO Pro -->\r\n\t\t<title>Morante de la Puebla entrar\u00e1 en el olimpo de las figuras de cera | El Digital de Asturias<\/title>\n\n","aioseo_head_json":{"title":"Morante de la Puebla entrar\u00e1 en el olimpo de las figuras de cera | El Digital de Asturias","description":"Madrid, 21 may (EFE).- El diestro sevillano Morante de la Puebla, que actuar\u00e1 ma\u00f1ana en la feria de San Isidro, ha estado hoy tom\u00e1ndose medidas para entrar a formar parte del selecto grupo de personajes representados en el Museo de Cera de Madrid. Jos\u00e9 Antonio Morante, luciendo una de sus habituales camisas de flores y","canonical_url":"https:\/\/eldigitaldeasturias.com\/magazine365\/morante-de-la-puebla-entrara-en-el-olimpo-de-las-figuras-de-cera\/","robots":"max-image-preview:large","keywords":"noticias y actualidad","webmasterTools":{"google-site-verification":"UA-38556648-1","miscellaneous":""},"schema":{"@context":"https:\/\/schema.org","@graph":[{"@type":"Article","@id":"https:\/\/eldigitaldeasturias.com\/magazine365\/morante-de-la-puebla-entrara-en-el-olimpo-de-las-figuras-de-cera\/#article","name":"Morante de la Puebla entrar\u00e1 en el olimpo de las figuras de cera | El Digital de Asturias","headline":"Morante de la Puebla entrar\u00e1 en el olimpo de las figuras de cera","author":{"@id":"https:\/\/eldigitaldeasturias.com\/magazine365\/author\/admin\/#author"},"publisher":{"@id":"https:\/\/eldigitaldeasturias.com\/magazine365\/#organization"},"image":{"@type":"ImageObject","url":"https:\/\/eldigitaldeasturias.com\/magazine365\/wp-content\/uploads\/2014\/05\/6284207w.jpg","width":800,"height":611},"datePublished":"2014-05-21T23:14:59+02:00","dateModified":"2014-05-21T23:14:59+02:00","inLanguage":"es-ES","mainEntityOfPage":{"@id":"https:\/\/eldigitaldeasturias.com\/magazine365\/morante-de-la-puebla-entrara-en-el-olimpo-de-las-figuras-de-cera\/#webpage"},"isPartOf":{"@id":"https:\/\/eldigitaldeasturias.com\/magazine365\/morante-de-la-puebla-entrara-en-el-olimpo-de-las-figuras-de-cera\/#webpage"},"articleSection":"Noticias y Actualidad"},{"@type":"BreadcrumbList","@id":"https:\/\/eldigitaldeasturias.com\/magazine365\/morante-de-la-puebla-entrara-en-el-olimpo-de-las-figuras-de-cera\/#breadcrumblist","itemListElement":[{"@type":"ListItem","@id":"https:\/\/eldigitaldeasturias.com\/magazine365#listItem","position":1,"name":"Home","item":"https:\/\/eldigitaldeasturias.com\/magazine365","nextItem":{"@type":"ListItem","@id":"https:\/\/eldigitaldeasturias.com\/magazine365\/category\/noticias-actualidad\/#listItem","name":"Noticias y Actualidad"}},{"@type":"ListItem","@id":"https:\/\/eldigitaldeasturias.com\/magazine365\/category\/noticias-actualidad\/#listItem","position":2,"name":"Noticias y Actualidad","item":"https:\/\/eldigitaldeasturias.com\/magazine365\/category\/noticias-actualidad\/","nextItem":{"@type":"ListItem","@id":"https:\/\/eldigitaldeasturias.com\/magazine365\/morante-de-la-puebla-entrara-en-el-olimpo-de-las-figuras-de-cera\/#listItem","name":"Morante de la Puebla entrar\u00e1 en el olimpo de las figuras de cera"},"previousItem":{"@type":"ListItem","@id":"https:\/\/eldigitaldeasturias.com\/magazine365#listItem","name":"Home"}},{"@type":"ListItem","@id":"https:\/\/eldigitaldeasturias.com\/magazine365\/morante-de-la-puebla-entrara-en-el-olimpo-de-las-figuras-de-cera\/#listItem","position":3,"name":"Morante de la Puebla entrar\u00e1 en el olimpo de las figuras de cera","previousItem":{"@type":"ListItem","@id":"https:\/\/eldigitaldeasturias.com\/magazine365\/category\/noticias-actualidad\/#listItem","name":"Noticias y Actualidad"}}]},{"@type":"Organization","@id":"https:\/\/eldigitaldeasturias.com\/magazine365\/#organization","name":"El digital de Asturias","description":"Revista de ocio, turismo y estilo de vida","url":"https:\/\/eldigitaldeasturias.com\/magazine365\/","logo":{"@type":"ImageObject","url":"https:\/\/www.eldigitaldeasturias.com\/noticias\/wp-content\/uploads\/2020\/12\/EDA.jpg","@id":"https:\/\/eldigitaldeasturias.com\/magazine365\/morante-de-la-puebla-entrara-en-el-olimpo-de-las-figuras-de-cera\/#organizationLogo"},"image":{"@id":"https:\/\/eldigitaldeasturias.com\/magazine365\/morante-de-la-puebla-entrara-en-el-olimpo-de-las-figuras-de-cera\/#organizationLogo"}},{"@type":"Person","@id":"https:\/\/eldigitaldeasturias.com\/magazine365\/author\/admin\/#author","url":"https:\/\/eldigitaldeasturias.com\/magazine365\/author\/admin\/","name":"admin","image":{"@type":"ImageObject","@id":"https:\/\/eldigitaldeasturias.com\/magazine365\/morante-de-la-puebla-entrara-en-el-olimpo-de-las-figuras-de-cera\/#authorImage","url":"https:\/\/eldigitaldeasturias.com\/magazine365\/wp-content\/litespeed\/avatar\/e571bcf59a0edd6fa6838245a470f2fe.jpg?ver=1776969259","width":96,"height":96,"caption":"admin"}},{"@type":"WebPage","@id":"https:\/\/eldigitaldeasturias.com\/magazine365\/morante-de-la-puebla-entrara-en-el-olimpo-de-las-figuras-de-cera\/#webpage","url":"https:\/\/eldigitaldeasturias.com\/magazine365\/morante-de-la-puebla-entrara-en-el-olimpo-de-las-figuras-de-cera\/","name":"Morante de la Puebla entrar\u00e1 en el olimpo de las figuras de cera | El Digital de Asturias","description":"Madrid, 21 may (EFE).- El diestro sevillano Morante de la Puebla, que actuar\u00e1 ma\u00f1ana en la feria de San Isidro, ha estado hoy tom\u00e1ndose medidas para entrar a formar parte del selecto grupo de personajes representados en el Museo de Cera de Madrid. Jos\u00e9 Antonio Morante, luciendo una de sus habituales camisas de flores y","inLanguage":"es-ES","isPartOf":{"@id":"https:\/\/eldigitaldeasturias.com\/magazine365\/#website"},"breadcrumb":{"@id":"https:\/\/eldigitaldeasturias.com\/magazine365\/morante-de-la-puebla-entrara-en-el-olimpo-de-las-figuras-de-cera\/#breadcrumblist"},"author":{"@id":"https:\/\/eldigitaldeasturias.com\/magazine365\/author\/admin\/#author"},"creator":{"@id":"https:\/\/eldigitaldeasturias.com\/magazine365\/author\/admin\/#author"},"image":{"@type":"ImageObject","url":"https:\/\/eldigitaldeasturias.com\/magazine365\/wp-content\/uploads\/2014\/05\/6284207w.jpg","@id":"https:\/\/eldigitaldeasturias.com\/magazine365\/morante-de-la-puebla-entrara-en-el-olimpo-de-las-figuras-de-cera\/#mainImage","width":800,"height":611},"primaryImageOfPage":{"@id":"https:\/\/eldigitaldeasturias.com\/magazine365\/morante-de-la-puebla-entrara-en-el-olimpo-de-las-figuras-de-cera\/#mainImage"},"datePublished":"2014-05-21T23:14:59+02:00","dateModified":"2014-05-21T23:14:59+02:00"},{"@type":"WebSite","@id":"https:\/\/eldigitaldeasturias.com\/magazine365\/#website","url":"https:\/\/eldigitaldeasturias.com\/magazine365\/","name":"El Digital de Asturias","description":"Revista de ocio, turismo y estilo de vida","inLanguage":"es-ES","publisher":{"@id":"https:\/\/eldigitaldeasturias.com\/magazine365\/#organization"}}]},"og:locale":"es_ES","og:site_name":"El Digital de Asturias \u2013 Revista de ocio, turismo y estilo de vida","og:type":"article","og:title":"Morante de la Puebla entrar\u00e1 en el olimpo de las figuras de cera | El Digital de Asturias","og:description":"Madrid, 21 may (EFE).- El diestro sevillano Morante de la Puebla, que actuar\u00e1 ma\u00f1ana en la feria de San Isidro, ha estado hoy tom\u00e1ndose medidas para entrar a formar parte del selecto grupo de personajes representados en el Museo de Cera de Madrid. Jos\u00e9 Antonio Morante, luciendo una de sus habituales camisas de flores y","og:url":"https:\/\/eldigitaldeasturias.com\/magazine365\/morante-de-la-puebla-entrara-en-el-olimpo-de-las-figuras-de-cera\/","og:image":"https:\/\/eldigitaldeasturias.com\/magazine365\/wp-content\/uploads\/2014\/05\/6284207w.jpg","og:image:secure_url":"https:\/\/eldigitaldeasturias.com\/magazine365\/wp-content\/uploads\/2014\/05\/6284207w.jpg","og:image:width":800,"og:image:height":611,"article:published_time":"2014-05-22T01:14:59+00:00","article:modified_time":"2014-05-22T01:14:59+00:00","twitter:card":"summary_large_image","twitter:title":"Morante de la Puebla entrar\u00e1 en el olimpo de las figuras de cera | El Digital de Asturias","twitter:description":"Madrid, 21 may (EFE).- El diestro sevillano Morante de la Puebla, que actuar\u00e1 ma\u00f1ana en la feria de San Isidro, ha estado hoy tom\u00e1ndose medidas para entrar a formar parte del selecto grupo de personajes representados en el Museo de Cera de Madrid. Jos\u00e9 Antonio Morante, luciendo una de sus habituales camisas de flores y","twitter:image":"https:\/\/eldigitaldeasturias.com\/magazine365\/wp-content\/uploads\/2014\/05\/6284207w.jpg"},"aioseo_meta_data":{"post_id":"13508","title":null,"description":null,"keywords":null,"keyphrases":null,"primary_term":null,"canonical_url":null,"og_title":null,"og_description":null,"og_object_type":"default","og_image_type":"default","og_image_url":null,"og_image_width":null,"og_image_height":null,"og_image_custom_url":null,"og_image_custom_fields":null,"og_video":null,"og_custom_url":null,"og_article_section":null,"og_article_tags":null,"twitter_use_og":false,"twitter_card":"default","twitter_image_type":"default","twitter_image_url":null,"twitter_image_custom_url":null,"twitter_image_custom_fields":null,"twitter_title":null,"twitter_description":null,"schema":{"blockGraphs":[],"customGraphs":[],"default":{"data":{"Article":[],"Course":[],"Dataset":[],"FAQPage":[],"Movie":[],"Person":[],"Product":[],"ProductReview":[],"Car":[],"Recipe":[],"Service":[],"SoftwareApplication":[],"WebPage":[]},"graphName":"","isEnabled":true},"graphs":[],"defaultGraph":"","defaultPostTypeGraph":""},"schema_type":null,"schema_type_options":null,"pillar_content":false,"robots_default":true,"robots_noindex":false,"robots_noarchive":false,"robots_nosnippet":false,"robots_nofollow":false,"robots_noimageindex":false,"robots_noodp":false,"robots_notranslate":false,"robots_max_snippet":null,"robots_max_videopreview":null,"robots_max_imagepreview":"large","priority":null,"frequency":null,"location":null,"local_seo":null,"seo_analyzer_scan_date":"2025-09-17 08:24:22","breadcrumb_settings":null,"limit_modified_date":false,"open_ai":null,"ai":null,"created":"2021-03-09 08:27:55","updated":"2025-09-17 08:24:22"},"aioseo_breadcrumb":"<div class=\"aioseo-breadcrumbs\"><span class=\"aioseo-breadcrumb\">\n\t<a href=\"https:\/\/eldigitaldeasturias.com\/magazine365\" title=\"Home\">Home<\/a>\n<\/span><span class=\"aioseo-breadcrumb-separator\">\u2013<\/span><span class=\"aioseo-breadcrumb\">\n\t<a href=\"https:\/\/eldigitaldeasturias.com\/magazine365\/category\/noticias-actualidad\/\" title=\"Noticias y Actualidad\">Noticias y Actualidad<\/a>\n<\/span><span class=\"aioseo-breadcrumb-separator\">\u2013<\/span><span class=\"aioseo-breadcrumb\">\n\t<a href=\"https:\/\/eldigitaldeasturias.com\/magazine365\/morante-de-la-puebla-entrara-en-el-olimpo-de-las-figuras-de-cera\/\" title=\"Morante de la Puebla entrar\u00e1 en el olimpo de las figuras de cera\">Morante de la Puebla entrar\u00e1 en el olimpo de las figuras de cera<\/a>\n<\/span><\/div>","aioseo_breadcrumb_json":[{"label":"Home","link":"https:\/\/eldigitaldeasturias.com\/magazine365"},{"label":"Noticias y Actualidad","link":"https:\/\/eldigitaldeasturias.com\/magazine365\/category\/noticias-actualidad\/"},{"label":"Morante de la Puebla entrar\u00e1 en el olimpo de las figuras de cera","link":"https:\/\/eldigitaldeasturias.com\/magazine365\/morante-de-la-puebla-entrara-en-el-olimpo-de-las-figuras-de-cera\/"}],"_links":{"self":[{"href":"https:\/\/eldigitaldeasturias.com\/magazine365\/wp-json\/wp\/v2\/posts\/13508","targetHints":{"allow":["GET"]}}],"collection":[{"href":"https:\/\/eldigitaldeasturias.com\/magazine365\/wp-json\/wp\/v2\/posts"}],"about":[{"href":"https:\/\/eldigitaldeasturias.com\/magazine365\/wp-json\/wp\/v2\/types\/post"}],"author":[{"embeddable":true,"href":"https:\/\/eldigitaldeasturias.com\/magazine365\/wp-json\/wp\/v2\/users\/1"}],"replies":[{"embeddable":true,"href":"https:\/\/eldigitaldeasturias.com\/magazine365\/wp-json\/wp\/v2\/comments?post=13508"}],"version-history":[{"count":0,"href":"https:\/\/eldigitaldeasturias.com\/magazine365\/wp-json\/wp\/v2\/posts\/13508\/revisions"}],"wp:featuredmedia":[{"embeddable":true,"href":"https:\/\/eldigitaldeasturias.com\/magazine365\/wp-json\/wp\/v2\/media\/13509"}],"wp:attachment":[{"href":"https:\/\/eldigitaldeasturias.com\/magazine365\/wp-json\/wp\/v2\/media?parent=13508"}],"wp:term":[{"taxonomy":"category","embeddable":true,"href":"https:\/\/eldigitaldeasturias.com\/magazine365\/wp-json\/wp\/v2\/categories?post=13508"},{"taxonomy":"post_tag","embeddable":true,"href":"https:\/\/eldigitaldeasturias.com\/magazine365\/wp-json\/wp\/v2\/tags?post=13508"}],"curies":[{"name":"wp","href":"https:\/\/api.w.org\/{rel}","templated":true}]}}