{"id":13502,"date":"2014-05-21T23:10:41","date_gmt":"2014-05-22T01:10:41","guid":{"rendered":"http:\/\/eldigitaldeasturias.com\/magazine365\/?p=13502"},"modified":"2014-05-21T23:10:41","modified_gmt":"2014-05-22T01:10:41","slug":"el-premio-nobel-zur-hausen-aboga-por-vacunar-frente-al-coste-del-cancer-de-utero","status":"publish","type":"post","link":"https:\/\/eldigitaldeasturias.com\/magazine365\/el-premio-nobel-zur-hausen-aboga-por-vacunar-frente-al-coste-del-cancer-de-utero\/","title":{"rendered":"El premio Nobel Zur Hausen aboga por vacunar frente al coste del c\u00e1ncer de \u00fatero"},"content":{"rendered":"<p><img fetchpriority=\"high\" decoding=\"async\" class=\"alignleft size-medium wp-image-13503\" alt=\"6284098w\" src=\"https:\/\/eldigitaldeasturias.com\/magazine365\/wp-content\/uploads\/2014\/05\/6284098w-360x246.jpg\" width=\"360\" height=\"246\" srcset=\"https:\/\/eldigitaldeasturias.com\/magazine365\/wp-content\/uploads\/2014\/05\/6284098w-360x246.jpg 360w, https:\/\/eldigitaldeasturias.com\/magazine365\/wp-content\/uploads\/2014\/05\/6284098w-650x444.jpg 650w, https:\/\/eldigitaldeasturias.com\/magazine365\/wp-content\/uploads\/2014\/05\/6284098w-768x525.jpg 768w, https:\/\/eldigitaldeasturias.com\/magazine365\/wp-content\/uploads\/2014\/05\/6284098w-150x103.jpg 150w, https:\/\/eldigitaldeasturias.com\/magazine365\/wp-content\/uploads\/2014\/05\/6284098w-450x308.jpg 450w, https:\/\/eldigitaldeasturias.com\/magazine365\/wp-content\/uploads\/2014\/05\/6284098w-218x150.jpg 218w, https:\/\/eldigitaldeasturias.com\/magazine365\/wp-content\/uploads\/2014\/05\/6284098w-696x476.jpg 696w, https:\/\/eldigitaldeasturias.com\/magazine365\/wp-content\/uploads\/2014\/05\/6284098w-614x420.jpg 614w, https:\/\/eldigitaldeasturias.com\/magazine365\/wp-content\/uploads\/2014\/05\/6284098w.jpg 800w\" sizes=\"(max-width: 360px) 100vw, 360px\" \/>Santiago de Compostela, 21 may (EFE).- El premio Nobel de Medicina Harald Zur Hausen, descubridor del virus del papiloma humano (VPH), causante del c\u00e1ncer de cuello de \u00fatero, abog\u00f3 hoy por vacunar a los j\u00f3venes para evitar el riesgo de contraer la enfermedad cuyo coste es muy superior, incluido en \u00absufrimiento\u00bb.<\/p>\n<p>El coste de la vacuna es \u00abrelativamente bajo\u00bb comparado con el tratamiento contra el c\u00e1ncer, coment\u00f3 el investigador alem\u00e1n invitado por el programa de divulgaci\u00f3n cient\u00edfica ConCiencia de la Universidad de Santiago de Compostela (USC).<\/p>\n<p>Zur Hausen subray\u00f3 en una conferencia de prensa en la USC que la vacuna, que empez\u00f3 a ser comercializada en 2006 y que ya ha sido administrada a m\u00e1s de cien millones de ni\u00f1as en m\u00e1s de un centenar de pa\u00edses, es el mejor sistema para evitar contraer carcinoma de c\u00e9rvix, e insisti\u00f3 en la necesidad de inocularla a las j\u00f3venes entre los 9 y 14 a\u00f1os, antes del inicio de cualquier tipo de relaciones sexuales.<\/p>\n<p>Preguntado por el hecho de que en Espa\u00f1a solo cinco comunidades aut\u00f3nomas, entre ellas Galicia, vacunan antes de los 14 a\u00f1os, pese a que las asociaciones de pediatras reclaman administrarla a los 11 o 12 a\u00f1os, indic\u00f3 que en Alemania un comit\u00e9 de expertos gubernamental recomienda inyectarla entre los 14 y 17 a\u00f1os, lo que es \u00abdemasiado tarde\u00bb.<\/p>\n<p>Tambi\u00e9n lament\u00f3 que en Alemania la vacunaci\u00f3n alcanza el 40 % de los grupos de riesgo, frente al \u00ab80 % o m\u00e1s\u00bb en Dinamarca, el Reino Unido o Australia.<\/p>\n<p>Asimismo, consider\u00f3 que algunos pa\u00edses latinoamericanos como Chile, M\u00e9xico o Colombia hay una elevada incidencia de ese tipo de c\u00e1ncer.<\/p>\n<p>El cient\u00edfico alem\u00e1n destac\u00f3 que, comparativamente, el coste de la vacuna es muy inferior a las lesiones, biopsias, tratamientos, intervenciones quir\u00fargicas, efectos secundarios y sufrimiento que genera ese tipo de c\u00e1ncer, que se desarrolla durante un periodo de 15 a 30 a\u00f1os a partir de la infecci\u00f3n del virus.<\/p>\n<p>Destac\u00f3 que en Alemania, un pa\u00eds de 80 millones de habitantes, se detectan anualmente unos 6.000 casos de c\u00e1ncer cervical y mueren unos 1.500 pacientes.<\/p>\n<p>\u00abNo tengo ning\u00fan inter\u00e9s financiero en la venta de vacunas, sino que estoy profundamente convencido de que es algo bueno que se debe hacer\u00bb, dijo Zur Hausen, que obtuvo en 2008 en Nobel de Fisiolog\u00eda o Medicina junto a los descubridores del virus de inmunodeficiencia humana, causante del sida, Fran\u00e7oise Barr\u00e9-Sinoussi y Luc Montagnier.<\/p>\n<p>El cient\u00edfico alem\u00e1n consider\u00f3 que habr\u00e1 que esperar todav\u00eda unos a\u00f1os para obtener datos m\u00e1s precisos sobre la reducci\u00f3n del c\u00e1ncer cervical, pero subray\u00f3 que \u00abes una de las vacunas mas seguras del mundo\u00bb, con \u00abun efecto secundario por cada 100.000 casos\u00bb, generalmente en forma de \u00abalergia\u00bb.<\/p>\n<p>Se\u00f1al\u00f3 que tras su descubrimiento, en 1984 contact\u00f3 varias farmac\u00e9uticas para intentar desarrollar una vacuna y s\u00f3lo encontr\u00f3 a dos compa\u00f1\u00edas estadounidenses interesadas, que son las que ahora la comercializan.<\/p>\n<p>A\u00f1adi\u00f3 que todav\u00eda quedan algunos a\u00f1os para la conclusi\u00f3n de los derechos de patente, pero consider\u00f3 err\u00f3neo esperar a que otras firmas puedan fabricar gen\u00e9ricos de menor precio, por el coste que el c\u00e1ncer conlleva para las personas con esa enfermedad.<\/p>\n<p>En ese sentido, anim\u00f3 a las autoridades de los sistemas de salud a \u00abnegociar\u00bb con las farmac\u00e9uticas para obtener precios m\u00e1s asequibles.<\/p>\n<p>El Premio Nobel de Medicina se encuentra esta semana en la capital gallega con un amplio programa de divulgaci\u00f3n cient\u00edfica entre estudiantes de la USC y de otros centros educativos.<\/p>\n","protected":false},"excerpt":{"rendered":"<p>Santiago de Compostela, 21 may (EFE).- El premio Nobel de Medicina Harald Zur Hausen, descubridor del virus del papiloma humano (VPH), causante del c\u00e1ncer de cuello de \u00fatero, abog\u00f3 hoy por vacunar a los j\u00f3venes para evitar el riesgo de contraer la enfermedad cuyo coste es muy superior, incluido en \u00absufrimiento\u00bb. El coste de la<\/p>\n","protected":false},"author":1,"featured_media":13503,"comment_status":"open","ping_status":"closed","sticky":false,"template":"","format":"standard","meta":{"footnotes":""},"categories":[224],"tags":[],"class_list":{"0":"post-13502","1":"post","2":"type-post","3":"status-publish","4":"format-standard","5":"has-post-thumbnail","7":"category-noticias-actualidad"},"aioseo_notices":[],"aioseo_head":"\n\t\t<!-- All in One SEO Pro 4.9.6.1 - aioseo.com -->\n\t<meta name=\"description\" content=\"Santiago de Compostela, 21 may (EFE).- El premio Nobel de Medicina Harald Zur Hausen, descubridor del virus del papiloma humano (VPH), causante del c\u00e1ncer de cuello de \u00fatero, abog\u00f3 hoy por vacunar a los j\u00f3venes para evitar el riesgo de contraer la enfermedad cuyo coste es muy superior, incluido en &quot;sufrimiento&quot;. El coste de la\" \/>\n\t<meta name=\"robots\" content=\"max-image-preview:large\" \/>\n\t<meta name=\"author\" content=\"admin\"\/>\n\t<meta name=\"google-site-verification\" content=\"UA-38556648-1\" \/>\n\t<meta name=\"keywords\" content=\"noticias y actualidad\" \/>\n\t<link rel=\"canonical\" href=\"https:\/\/eldigitaldeasturias.com\/magazine365\/el-premio-nobel-zur-hausen-aboga-por-vacunar-frente-al-coste-del-cancer-de-utero\/\" \/>\n\t<meta name=\"generator\" content=\"All in One SEO Pro (AIOSEO) 4.9.6.1\" \/>\n\t\t<meta property=\"og:locale\" content=\"es_ES\" \/>\n\t\t<meta property=\"og:site_name\" content=\"El Digital de Asturias \u2013 Revista de ocio, turismo y estilo de vida\" \/>\n\t\t<meta property=\"og:type\" content=\"article\" \/>\n\t\t<meta property=\"og:title\" content=\"El premio Nobel Zur Hausen aboga por vacunar frente al coste del c\u00e1ncer de \u00fatero | El Digital de Asturias\" \/>\n\t\t<meta property=\"og:description\" content=\"Santiago de Compostela, 21 may (EFE).- El premio Nobel de Medicina Harald Zur Hausen, descubridor del virus del papiloma humano (VPH), causante del c\u00e1ncer de cuello de \u00fatero, abog\u00f3 hoy por vacunar a los j\u00f3venes para evitar el riesgo de contraer la enfermedad cuyo coste es muy superior, incluido en &quot;sufrimiento&quot;. El coste de la\" \/>\n\t\t<meta property=\"og:url\" content=\"https:\/\/eldigitaldeasturias.com\/magazine365\/el-premio-nobel-zur-hausen-aboga-por-vacunar-frente-al-coste-del-cancer-de-utero\/\" \/>\n\t\t<meta property=\"og:image\" content=\"https:\/\/eldigitaldeasturias.com\/magazine365\/wp-content\/uploads\/2014\/05\/6284098w.jpg\" \/>\n\t\t<meta property=\"og:image:secure_url\" content=\"https:\/\/eldigitaldeasturias.com\/magazine365\/wp-content\/uploads\/2014\/05\/6284098w.jpg\" \/>\n\t\t<meta property=\"og:image:width\" content=\"800\" \/>\n\t\t<meta property=\"og:image:height\" content=\"547\" \/>\n\t\t<meta property=\"article:published_time\" content=\"2014-05-22T01:10:41+00:00\" \/>\n\t\t<meta property=\"article:modified_time\" content=\"2014-05-22T01:10:41+00:00\" \/>\n\t\t<meta name=\"twitter:card\" content=\"summary_large_image\" \/>\n\t\t<meta name=\"twitter:title\" content=\"El premio Nobel Zur Hausen aboga por vacunar frente al coste del c\u00e1ncer de \u00fatero | El Digital de Asturias\" \/>\n\t\t<meta name=\"twitter:description\" content=\"Santiago de Compostela, 21 may (EFE).- El premio Nobel de Medicina Harald Zur Hausen, descubridor del virus del papiloma humano (VPH), causante del c\u00e1ncer de cuello de \u00fatero, abog\u00f3 hoy por vacunar a los j\u00f3venes para evitar el riesgo de contraer la enfermedad cuyo coste es muy superior, incluido en &quot;sufrimiento&quot;. El coste de la\" \/>\n\t\t<meta name=\"twitter:image\" content=\"https:\/\/eldigitaldeasturias.com\/magazine365\/wp-content\/uploads\/2014\/05\/6284098w.jpg\" \/>\n\t\t<script type=\"application\/ld+json\" class=\"aioseo-schema\">\n\t\t\t{\"@context\":\"https:\\\/\\\/schema.org\",\"@graph\":[{\"@type\":\"Article\",\"@id\":\"https:\\\/\\\/eldigitaldeasturias.com\\\/magazine365\\\/el-premio-nobel-zur-hausen-aboga-por-vacunar-frente-al-coste-del-cancer-de-utero\\\/#article\",\"name\":\"El premio Nobel Zur Hausen aboga por vacunar frente al coste del c\\u00e1ncer de \\u00fatero | El Digital de Asturias\",\"headline\":\"El premio Nobel Zur Hausen aboga por vacunar frente al coste del c\\u00e1ncer de \\u00fatero\",\"author\":{\"@id\":\"https:\\\/\\\/eldigitaldeasturias.com\\\/magazine365\\\/author\\\/admin\\\/#author\"},\"publisher\":{\"@id\":\"https:\\\/\\\/eldigitaldeasturias.com\\\/magazine365\\\/#organization\"},\"image\":{\"@type\":\"ImageObject\",\"url\":\"https:\\\/\\\/eldigitaldeasturias.com\\\/magazine365\\\/wp-content\\\/uploads\\\/2014\\\/05\\\/6284098w.jpg\",\"width\":800,\"height\":547},\"datePublished\":\"2014-05-21T23:10:41+02:00\",\"dateModified\":\"2014-05-21T23:10:41+02:00\",\"inLanguage\":\"es-ES\",\"mainEntityOfPage\":{\"@id\":\"https:\\\/\\\/eldigitaldeasturias.com\\\/magazine365\\\/el-premio-nobel-zur-hausen-aboga-por-vacunar-frente-al-coste-del-cancer-de-utero\\\/#webpage\"},\"isPartOf\":{\"@id\":\"https:\\\/\\\/eldigitaldeasturias.com\\\/magazine365\\\/el-premio-nobel-zur-hausen-aboga-por-vacunar-frente-al-coste-del-cancer-de-utero\\\/#webpage\"},\"articleSection\":\"Noticias y Actualidad\"},{\"@type\":\"BreadcrumbList\",\"@id\":\"https:\\\/\\\/eldigitaldeasturias.com\\\/magazine365\\\/el-premio-nobel-zur-hausen-aboga-por-vacunar-frente-al-coste-del-cancer-de-utero\\\/#breadcrumblist\",\"itemListElement\":[{\"@type\":\"ListItem\",\"@id\":\"https:\\\/\\\/eldigitaldeasturias.com\\\/magazine365#listItem\",\"position\":1,\"name\":\"Home\",\"item\":\"https:\\\/\\\/eldigitaldeasturias.com\\\/magazine365\",\"nextItem\":{\"@type\":\"ListItem\",\"@id\":\"https:\\\/\\\/eldigitaldeasturias.com\\\/magazine365\\\/category\\\/noticias-actualidad\\\/#listItem\",\"name\":\"Noticias y Actualidad\"}},{\"@type\":\"ListItem\",\"@id\":\"https:\\\/\\\/eldigitaldeasturias.com\\\/magazine365\\\/category\\\/noticias-actualidad\\\/#listItem\",\"position\":2,\"name\":\"Noticias y Actualidad\",\"item\":\"https:\\\/\\\/eldigitaldeasturias.com\\\/magazine365\\\/category\\\/noticias-actualidad\\\/\",\"nextItem\":{\"@type\":\"ListItem\",\"@id\":\"https:\\\/\\\/eldigitaldeasturias.com\\\/magazine365\\\/el-premio-nobel-zur-hausen-aboga-por-vacunar-frente-al-coste-del-cancer-de-utero\\\/#listItem\",\"name\":\"El premio Nobel Zur Hausen aboga por vacunar frente al coste del c\\u00e1ncer de \\u00fatero\"},\"previousItem\":{\"@type\":\"ListItem\",\"@id\":\"https:\\\/\\\/eldigitaldeasturias.com\\\/magazine365#listItem\",\"name\":\"Home\"}},{\"@type\":\"ListItem\",\"@id\":\"https:\\\/\\\/eldigitaldeasturias.com\\\/magazine365\\\/el-premio-nobel-zur-hausen-aboga-por-vacunar-frente-al-coste-del-cancer-de-utero\\\/#listItem\",\"position\":3,\"name\":\"El premio Nobel Zur Hausen aboga por vacunar frente al coste del c\\u00e1ncer de \\u00fatero\",\"previousItem\":{\"@type\":\"ListItem\",\"@id\":\"https:\\\/\\\/eldigitaldeasturias.com\\\/magazine365\\\/category\\\/noticias-actualidad\\\/#listItem\",\"name\":\"Noticias y Actualidad\"}}]},{\"@type\":\"Organization\",\"@id\":\"https:\\\/\\\/eldigitaldeasturias.com\\\/magazine365\\\/#organization\",\"name\":\"El digital de Asturias\",\"description\":\"Revista de ocio, turismo y estilo de vida\",\"url\":\"https:\\\/\\\/eldigitaldeasturias.com\\\/magazine365\\\/\",\"logo\":{\"@type\":\"ImageObject\",\"url\":\"https:\\\/\\\/www.eldigitaldeasturias.com\\\/noticias\\\/wp-content\\\/uploads\\\/2020\\\/12\\\/EDA.jpg\",\"@id\":\"https:\\\/\\\/eldigitaldeasturias.com\\\/magazine365\\\/el-premio-nobel-zur-hausen-aboga-por-vacunar-frente-al-coste-del-cancer-de-utero\\\/#organizationLogo\"},\"image\":{\"@id\":\"https:\\\/\\\/eldigitaldeasturias.com\\\/magazine365\\\/el-premio-nobel-zur-hausen-aboga-por-vacunar-frente-al-coste-del-cancer-de-utero\\\/#organizationLogo\"}},{\"@type\":\"Person\",\"@id\":\"https:\\\/\\\/eldigitaldeasturias.com\\\/magazine365\\\/author\\\/admin\\\/#author\",\"url\":\"https:\\\/\\\/eldigitaldeasturias.com\\\/magazine365\\\/author\\\/admin\\\/\",\"name\":\"admin\",\"image\":{\"@type\":\"ImageObject\",\"@id\":\"https:\\\/\\\/eldigitaldeasturias.com\\\/magazine365\\\/el-premio-nobel-zur-hausen-aboga-por-vacunar-frente-al-coste-del-cancer-de-utero\\\/#authorImage\",\"url\":\"https:\\\/\\\/eldigitaldeasturias.com\\\/magazine365\\\/wp-content\\\/litespeed\\\/avatar\\\/e571bcf59a0edd6fa6838245a470f2fe.jpg?ver=1776969259\",\"width\":96,\"height\":96,\"caption\":\"admin\"}},{\"@type\":\"WebPage\",\"@id\":\"https:\\\/\\\/eldigitaldeasturias.com\\\/magazine365\\\/el-premio-nobel-zur-hausen-aboga-por-vacunar-frente-al-coste-del-cancer-de-utero\\\/#webpage\",\"url\":\"https:\\\/\\\/eldigitaldeasturias.com\\\/magazine365\\\/el-premio-nobel-zur-hausen-aboga-por-vacunar-frente-al-coste-del-cancer-de-utero\\\/\",\"name\":\"El premio Nobel Zur Hausen aboga por vacunar frente al coste del c\\u00e1ncer de \\u00fatero | El Digital de Asturias\",\"description\":\"Santiago de Compostela, 21 may (EFE).- El premio Nobel de Medicina Harald Zur Hausen, descubridor del virus del papiloma humano (VPH), causante del c\\u00e1ncer de cuello de \\u00fatero, abog\\u00f3 hoy por vacunar a los j\\u00f3venes para evitar el riesgo de contraer la enfermedad cuyo coste es muy superior, incluido en \\\"sufrimiento\\\". El coste de la\",\"inLanguage\":\"es-ES\",\"isPartOf\":{\"@id\":\"https:\\\/\\\/eldigitaldeasturias.com\\\/magazine365\\\/#website\"},\"breadcrumb\":{\"@id\":\"https:\\\/\\\/eldigitaldeasturias.com\\\/magazine365\\\/el-premio-nobel-zur-hausen-aboga-por-vacunar-frente-al-coste-del-cancer-de-utero\\\/#breadcrumblist\"},\"author\":{\"@id\":\"https:\\\/\\\/eldigitaldeasturias.com\\\/magazine365\\\/author\\\/admin\\\/#author\"},\"creator\":{\"@id\":\"https:\\\/\\\/eldigitaldeasturias.com\\\/magazine365\\\/author\\\/admin\\\/#author\"},\"image\":{\"@type\":\"ImageObject\",\"url\":\"https:\\\/\\\/eldigitaldeasturias.com\\\/magazine365\\\/wp-content\\\/uploads\\\/2014\\\/05\\\/6284098w.jpg\",\"@id\":\"https:\\\/\\\/eldigitaldeasturias.com\\\/magazine365\\\/el-premio-nobel-zur-hausen-aboga-por-vacunar-frente-al-coste-del-cancer-de-utero\\\/#mainImage\",\"width\":800,\"height\":547},\"primaryImageOfPage\":{\"@id\":\"https:\\\/\\\/eldigitaldeasturias.com\\\/magazine365\\\/el-premio-nobel-zur-hausen-aboga-por-vacunar-frente-al-coste-del-cancer-de-utero\\\/#mainImage\"},\"datePublished\":\"2014-05-21T23:10:41+02:00\",\"dateModified\":\"2014-05-21T23:10:41+02:00\"},{\"@type\":\"WebSite\",\"@id\":\"https:\\\/\\\/eldigitaldeasturias.com\\\/magazine365\\\/#website\",\"url\":\"https:\\\/\\\/eldigitaldeasturias.com\\\/magazine365\\\/\",\"name\":\"El Digital de Asturias\",\"description\":\"Revista de ocio, turismo y estilo de vida\",\"inLanguage\":\"es-ES\",\"publisher\":{\"@id\":\"https:\\\/\\\/eldigitaldeasturias.com\\\/magazine365\\\/#organization\"}}]}\n\t\t<\/script>\n\t\t<!-- All in One SEO Pro -->\r\n\t\t<title>El premio Nobel Zur Hausen aboga por vacunar frente al coste del c\u00e1ncer de \u00fatero | El Digital de Asturias<\/title>\n\n","aioseo_head_json":{"title":"El premio Nobel Zur Hausen aboga por vacunar frente al coste del c\u00e1ncer de \u00fatero | El Digital de Asturias","description":"Santiago de Compostela, 21 may (EFE).- El premio Nobel de Medicina Harald Zur Hausen, descubridor del virus del papiloma humano (VPH), causante del c\u00e1ncer de cuello de \u00fatero, abog\u00f3 hoy por vacunar a los j\u00f3venes para evitar el riesgo de contraer la enfermedad cuyo coste es muy superior, incluido en \"sufrimiento\". El coste de la","canonical_url":"https:\/\/eldigitaldeasturias.com\/magazine365\/el-premio-nobel-zur-hausen-aboga-por-vacunar-frente-al-coste-del-cancer-de-utero\/","robots":"max-image-preview:large","keywords":"noticias y actualidad","webmasterTools":{"google-site-verification":"UA-38556648-1","miscellaneous":""},"schema":{"@context":"https:\/\/schema.org","@graph":[{"@type":"Article","@id":"https:\/\/eldigitaldeasturias.com\/magazine365\/el-premio-nobel-zur-hausen-aboga-por-vacunar-frente-al-coste-del-cancer-de-utero\/#article","name":"El premio Nobel Zur Hausen aboga por vacunar frente al coste del c\u00e1ncer de \u00fatero | El Digital de Asturias","headline":"El premio Nobel Zur Hausen aboga por vacunar frente al coste del c\u00e1ncer de \u00fatero","author":{"@id":"https:\/\/eldigitaldeasturias.com\/magazine365\/author\/admin\/#author"},"publisher":{"@id":"https:\/\/eldigitaldeasturias.com\/magazine365\/#organization"},"image":{"@type":"ImageObject","url":"https:\/\/eldigitaldeasturias.com\/magazine365\/wp-content\/uploads\/2014\/05\/6284098w.jpg","width":800,"height":547},"datePublished":"2014-05-21T23:10:41+02:00","dateModified":"2014-05-21T23:10:41+02:00","inLanguage":"es-ES","mainEntityOfPage":{"@id":"https:\/\/eldigitaldeasturias.com\/magazine365\/el-premio-nobel-zur-hausen-aboga-por-vacunar-frente-al-coste-del-cancer-de-utero\/#webpage"},"isPartOf":{"@id":"https:\/\/eldigitaldeasturias.com\/magazine365\/el-premio-nobel-zur-hausen-aboga-por-vacunar-frente-al-coste-del-cancer-de-utero\/#webpage"},"articleSection":"Noticias y Actualidad"},{"@type":"BreadcrumbList","@id":"https:\/\/eldigitaldeasturias.com\/magazine365\/el-premio-nobel-zur-hausen-aboga-por-vacunar-frente-al-coste-del-cancer-de-utero\/#breadcrumblist","itemListElement":[{"@type":"ListItem","@id":"https:\/\/eldigitaldeasturias.com\/magazine365#listItem","position":1,"name":"Home","item":"https:\/\/eldigitaldeasturias.com\/magazine365","nextItem":{"@type":"ListItem","@id":"https:\/\/eldigitaldeasturias.com\/magazine365\/category\/noticias-actualidad\/#listItem","name":"Noticias y Actualidad"}},{"@type":"ListItem","@id":"https:\/\/eldigitaldeasturias.com\/magazine365\/category\/noticias-actualidad\/#listItem","position":2,"name":"Noticias y Actualidad","item":"https:\/\/eldigitaldeasturias.com\/magazine365\/category\/noticias-actualidad\/","nextItem":{"@type":"ListItem","@id":"https:\/\/eldigitaldeasturias.com\/magazine365\/el-premio-nobel-zur-hausen-aboga-por-vacunar-frente-al-coste-del-cancer-de-utero\/#listItem","name":"El premio Nobel Zur Hausen aboga por vacunar frente al coste del c\u00e1ncer de \u00fatero"},"previousItem":{"@type":"ListItem","@id":"https:\/\/eldigitaldeasturias.com\/magazine365#listItem","name":"Home"}},{"@type":"ListItem","@id":"https:\/\/eldigitaldeasturias.com\/magazine365\/el-premio-nobel-zur-hausen-aboga-por-vacunar-frente-al-coste-del-cancer-de-utero\/#listItem","position":3,"name":"El premio Nobel Zur Hausen aboga por vacunar frente al coste del c\u00e1ncer de \u00fatero","previousItem":{"@type":"ListItem","@id":"https:\/\/eldigitaldeasturias.com\/magazine365\/category\/noticias-actualidad\/#listItem","name":"Noticias y Actualidad"}}]},{"@type":"Organization","@id":"https:\/\/eldigitaldeasturias.com\/magazine365\/#organization","name":"El digital de Asturias","description":"Revista de ocio, turismo y estilo de vida","url":"https:\/\/eldigitaldeasturias.com\/magazine365\/","logo":{"@type":"ImageObject","url":"https:\/\/www.eldigitaldeasturias.com\/noticias\/wp-content\/uploads\/2020\/12\/EDA.jpg","@id":"https:\/\/eldigitaldeasturias.com\/magazine365\/el-premio-nobel-zur-hausen-aboga-por-vacunar-frente-al-coste-del-cancer-de-utero\/#organizationLogo"},"image":{"@id":"https:\/\/eldigitaldeasturias.com\/magazine365\/el-premio-nobel-zur-hausen-aboga-por-vacunar-frente-al-coste-del-cancer-de-utero\/#organizationLogo"}},{"@type":"Person","@id":"https:\/\/eldigitaldeasturias.com\/magazine365\/author\/admin\/#author","url":"https:\/\/eldigitaldeasturias.com\/magazine365\/author\/admin\/","name":"admin","image":{"@type":"ImageObject","@id":"https:\/\/eldigitaldeasturias.com\/magazine365\/el-premio-nobel-zur-hausen-aboga-por-vacunar-frente-al-coste-del-cancer-de-utero\/#authorImage","url":"https:\/\/eldigitaldeasturias.com\/magazine365\/wp-content\/litespeed\/avatar\/e571bcf59a0edd6fa6838245a470f2fe.jpg?ver=1776969259","width":96,"height":96,"caption":"admin"}},{"@type":"WebPage","@id":"https:\/\/eldigitaldeasturias.com\/magazine365\/el-premio-nobel-zur-hausen-aboga-por-vacunar-frente-al-coste-del-cancer-de-utero\/#webpage","url":"https:\/\/eldigitaldeasturias.com\/magazine365\/el-premio-nobel-zur-hausen-aboga-por-vacunar-frente-al-coste-del-cancer-de-utero\/","name":"El premio Nobel Zur Hausen aboga por vacunar frente al coste del c\u00e1ncer de \u00fatero | El Digital de Asturias","description":"Santiago de Compostela, 21 may (EFE).- El premio Nobel de Medicina Harald Zur Hausen, descubridor del virus del papiloma humano (VPH), causante del c\u00e1ncer de cuello de \u00fatero, abog\u00f3 hoy por vacunar a los j\u00f3venes para evitar el riesgo de contraer la enfermedad cuyo coste es muy superior, incluido en \"sufrimiento\". El coste de la","inLanguage":"es-ES","isPartOf":{"@id":"https:\/\/eldigitaldeasturias.com\/magazine365\/#website"},"breadcrumb":{"@id":"https:\/\/eldigitaldeasturias.com\/magazine365\/el-premio-nobel-zur-hausen-aboga-por-vacunar-frente-al-coste-del-cancer-de-utero\/#breadcrumblist"},"author":{"@id":"https:\/\/eldigitaldeasturias.com\/magazine365\/author\/admin\/#author"},"creator":{"@id":"https:\/\/eldigitaldeasturias.com\/magazine365\/author\/admin\/#author"},"image":{"@type":"ImageObject","url":"https:\/\/eldigitaldeasturias.com\/magazine365\/wp-content\/uploads\/2014\/05\/6284098w.jpg","@id":"https:\/\/eldigitaldeasturias.com\/magazine365\/el-premio-nobel-zur-hausen-aboga-por-vacunar-frente-al-coste-del-cancer-de-utero\/#mainImage","width":800,"height":547},"primaryImageOfPage":{"@id":"https:\/\/eldigitaldeasturias.com\/magazine365\/el-premio-nobel-zur-hausen-aboga-por-vacunar-frente-al-coste-del-cancer-de-utero\/#mainImage"},"datePublished":"2014-05-21T23:10:41+02:00","dateModified":"2014-05-21T23:10:41+02:00"},{"@type":"WebSite","@id":"https:\/\/eldigitaldeasturias.com\/magazine365\/#website","url":"https:\/\/eldigitaldeasturias.com\/magazine365\/","name":"El Digital de Asturias","description":"Revista de ocio, turismo y estilo de vida","inLanguage":"es-ES","publisher":{"@id":"https:\/\/eldigitaldeasturias.com\/magazine365\/#organization"}}]},"og:locale":"es_ES","og:site_name":"El Digital de Asturias \u2013 Revista de ocio, turismo y estilo de vida","og:type":"article","og:title":"El premio Nobel Zur Hausen aboga por vacunar frente al coste del c\u00e1ncer de \u00fatero | El Digital de Asturias","og:description":"Santiago de Compostela, 21 may (EFE).- El premio Nobel de Medicina Harald Zur Hausen, descubridor del virus del papiloma humano (VPH), causante del c\u00e1ncer de cuello de \u00fatero, abog\u00f3 hoy por vacunar a los j\u00f3venes para evitar el riesgo de contraer la enfermedad cuyo coste es muy superior, incluido en &quot;sufrimiento&quot;. El coste de la","og:url":"https:\/\/eldigitaldeasturias.com\/magazine365\/el-premio-nobel-zur-hausen-aboga-por-vacunar-frente-al-coste-del-cancer-de-utero\/","og:image":"https:\/\/eldigitaldeasturias.com\/magazine365\/wp-content\/uploads\/2014\/05\/6284098w.jpg","og:image:secure_url":"https:\/\/eldigitaldeasturias.com\/magazine365\/wp-content\/uploads\/2014\/05\/6284098w.jpg","og:image:width":800,"og:image:height":547,"article:published_time":"2014-05-22T01:10:41+00:00","article:modified_time":"2014-05-22T01:10:41+00:00","twitter:card":"summary_large_image","twitter:title":"El premio Nobel Zur Hausen aboga por vacunar frente al coste del c\u00e1ncer de \u00fatero | El Digital de Asturias","twitter:description":"Santiago de Compostela, 21 may (EFE).- El premio Nobel de Medicina Harald Zur Hausen, descubridor del virus del papiloma humano (VPH), causante del c\u00e1ncer de cuello de \u00fatero, abog\u00f3 hoy por vacunar a los j\u00f3venes para evitar el riesgo de contraer la enfermedad cuyo coste es muy superior, incluido en &quot;sufrimiento&quot;. El coste de la","twitter:image":"https:\/\/eldigitaldeasturias.com\/magazine365\/wp-content\/uploads\/2014\/05\/6284098w.jpg"},"aioseo_meta_data":{"post_id":"13502","title":null,"description":null,"keywords":null,"keyphrases":null,"primary_term":null,"canonical_url":null,"og_title":null,"og_description":null,"og_object_type":"default","og_image_type":"default","og_image_url":null,"og_image_width":null,"og_image_height":null,"og_image_custom_url":null,"og_image_custom_fields":null,"og_video":null,"og_custom_url":null,"og_article_section":null,"og_article_tags":null,"twitter_use_og":false,"twitter_card":"default","twitter_image_type":"default","twitter_image_url":null,"twitter_image_custom_url":null,"twitter_image_custom_fields":null,"twitter_title":null,"twitter_description":null,"schema":{"blockGraphs":[],"customGraphs":[],"default":{"data":{"Article":[],"Course":[],"Dataset":[],"FAQPage":[],"Movie":[],"Person":[],"Product":[],"ProductReview":[],"Car":[],"Recipe":[],"Service":[],"SoftwareApplication":[],"WebPage":[]},"graphName":"","isEnabled":true},"graphs":[],"defaultGraph":"","defaultPostTypeGraph":""},"schema_type":null,"schema_type_options":null,"pillar_content":false,"robots_default":true,"robots_noindex":false,"robots_noarchive":false,"robots_nosnippet":false,"robots_nofollow":false,"robots_noimageindex":false,"robots_noodp":false,"robots_notranslate":false,"robots_max_snippet":null,"robots_max_videopreview":null,"robots_max_imagepreview":"large","priority":null,"frequency":null,"location":null,"local_seo":null,"seo_analyzer_scan_date":"2025-09-17 08:23:13","breadcrumb_settings":null,"limit_modified_date":false,"open_ai":null,"ai":null,"created":"2021-03-09 08:27:55","updated":"2025-09-17 08:23:13"},"aioseo_breadcrumb":"<div class=\"aioseo-breadcrumbs\"><span class=\"aioseo-breadcrumb\">\n\t<a href=\"https:\/\/eldigitaldeasturias.com\/magazine365\" title=\"Home\">Home<\/a>\n<\/span><span class=\"aioseo-breadcrumb-separator\">\u2013<\/span><span class=\"aioseo-breadcrumb\">\n\t<a href=\"https:\/\/eldigitaldeasturias.com\/magazine365\/category\/noticias-actualidad\/\" title=\"Noticias y Actualidad\">Noticias y Actualidad<\/a>\n<\/span><span class=\"aioseo-breadcrumb-separator\">\u2013<\/span><span class=\"aioseo-breadcrumb\">\n\t<a href=\"https:\/\/eldigitaldeasturias.com\/magazine365\/el-premio-nobel-zur-hausen-aboga-por-vacunar-frente-al-coste-del-cancer-de-utero\/\" title=\"El premio Nobel Zur Hausen aboga por vacunar frente al coste del c\u00e1ncer de \u00fatero\">El premio Nobel Zur Hausen aboga por vacunar frente al coste del c\u00e1ncer de \u00fatero<\/a>\n<\/span><\/div>","aioseo_breadcrumb_json":[{"label":"Home","link":"https:\/\/eldigitaldeasturias.com\/magazine365"},{"label":"Noticias y Actualidad","link":"https:\/\/eldigitaldeasturias.com\/magazine365\/category\/noticias-actualidad\/"},{"label":"El premio Nobel Zur Hausen aboga por vacunar frente al coste del c\u00e1ncer de \u00fatero","link":"https:\/\/eldigitaldeasturias.com\/magazine365\/el-premio-nobel-zur-hausen-aboga-por-vacunar-frente-al-coste-del-cancer-de-utero\/"}],"_links":{"self":[{"href":"https:\/\/eldigitaldeasturias.com\/magazine365\/wp-json\/wp\/v2\/posts\/13502","targetHints":{"allow":["GET"]}}],"collection":[{"href":"https:\/\/eldigitaldeasturias.com\/magazine365\/wp-json\/wp\/v2\/posts"}],"about":[{"href":"https:\/\/eldigitaldeasturias.com\/magazine365\/wp-json\/wp\/v2\/types\/post"}],"author":[{"embeddable":true,"href":"https:\/\/eldigitaldeasturias.com\/magazine365\/wp-json\/wp\/v2\/users\/1"}],"replies":[{"embeddable":true,"href":"https:\/\/eldigitaldeasturias.com\/magazine365\/wp-json\/wp\/v2\/comments?post=13502"}],"version-history":[{"count":0,"href":"https:\/\/eldigitaldeasturias.com\/magazine365\/wp-json\/wp\/v2\/posts\/13502\/revisions"}],"wp:featuredmedia":[{"embeddable":true,"href":"https:\/\/eldigitaldeasturias.com\/magazine365\/wp-json\/wp\/v2\/media\/13503"}],"wp:attachment":[{"href":"https:\/\/eldigitaldeasturias.com\/magazine365\/wp-json\/wp\/v2\/media?parent=13502"}],"wp:term":[{"taxonomy":"category","embeddable":true,"href":"https:\/\/eldigitaldeasturias.com\/magazine365\/wp-json\/wp\/v2\/categories?post=13502"},{"taxonomy":"post_tag","embeddable":true,"href":"https:\/\/eldigitaldeasturias.com\/magazine365\/wp-json\/wp\/v2\/tags?post=13502"}],"curies":[{"name":"wp","href":"https:\/\/api.w.org\/{rel}","templated":true}]}}