{"id":13493,"date":"2014-05-21T23:05:50","date_gmt":"2014-05-22T01:05:50","guid":{"rendered":"http:\/\/eldigitaldeasturias.com\/magazine365\/?p=13493"},"modified":"2014-05-21T23:05:50","modified_gmt":"2014-05-22T01:05:50","slug":"celebran-el-escote-en-un-dia-que-invita-a-taparse","status":"publish","type":"post","link":"https:\/\/eldigitaldeasturias.com\/magazine365\/celebran-el-escote-en-un-dia-que-invita-a-taparse\/","title":{"rendered":"Celebran el escote en un d\u00eda que invita a taparse"},"content":{"rendered":"<p><img fetchpriority=\"high\" decoding=\"async\" class=\"alignleft size-medium wp-image-13494\" alt=\"6283859w\" src=\"https:\/\/eldigitaldeasturias.com\/magazine365\/wp-content\/uploads\/2014\/05\/6283859w-360x202.jpg\" width=\"360\" height=\"202\" \/>Madrid, 21 may (EFE).- Modelos femeninas en ropa interior han asomado hoy sus encantos por las ventanas de las \u00absuites\u00bb de un conocido hotel de Madrid para celebrar, a pesar del lluvioso tiempo, \u00abel d\u00eda del escote\u00bb, una curiosa jornada promovida por una firma de lencer\u00eda que reivindica el \u00abuso diario\u00bb del canalillo.<\/p>\n<p>\u00abSin miedo\u00bb a que les tilden de fr\u00edvolos y con la intenci\u00f3n de hacer del escote un \u00abmust\u00bb cotidiano, la marca Wonderbra, cuyas campa\u00f1as, como la que protagoniz\u00f3 en los a\u00f1os 90 la modelo checa Eva Herzigova, suelen generar expectaci\u00f3n, ha presentado nueva colecci\u00f3n reuniendo a sus guapas modelos en las alcobas de un hotel madrile\u00f1o.<\/p>\n<p>P\u00edcaras y sensuales han asomado por las ventanas de las habitaciones para regocijo de medios de comunicaci\u00f3n, blogueros y espectadores. \u00abEl d\u00eda del escote pretende que este se considere algo femenino y natural, nada m\u00e1s\u00bb, ha explicado a Efe Estilo la responsable de comunicaci\u00f3n de la firma, Pilar de Gonzalo.<\/p>\n<p>Entre semana, De Gonzalo recomienda un escote redondeado, \u00absin estridencias\u00bb, mientras que para un evento, fiesta o cita especiales lo tiene claro: \u00abel rey\u00bb es el escote palabra de honor.<\/p>\n<p>La marca de lencer\u00eda, que naci\u00f3 a principios de los a\u00f1os 80, ya ha celebrado \u00abel d\u00eda del escote\u00bb en pa\u00edses como Francia o Reino Unido, donde elaboraron, hace dos a\u00f1os, un \u00abtop ten\u00bb de los mejores escotes con Holly Willoughby, Scarlett Johansson, Beyonc\u00e9, Rihanna, Marilyn Monroe, Dita Von Teese o Katy Perry a la cabeza.<\/p>\n<p>Una de las modelos que ha desfilado hoy para la firma, la tambi\u00e9n bloguera Maialen Fern\u00e1ndez de Arroiabe, confiesa que \u00abno es necesario\u00bb lucir escote para sentirse guapa, aunque, seg\u00fan dice, \u00abexiste un escote para cada situaci\u00f3n\u00bb.<\/p>\n<p>\u00abNunca me pondr\u00eda un escote pronunciado para acudir a una entrevista de trabajo\u00bb, explica esta profesional que lleva 13 a\u00f1os desfilando para marcas internacionales en Alemania y para algunas nacionales.<\/p>\n<p>La maniqu\u00ed dejar\u00eda el escote \u00abpara fiestas y una cita \u00edntima con la pareja\u00bb, ha confesado mientras sus compa\u00f1eras, todas con dise\u00f1os de Wonderbra, se daban los \u00faltimos retoques.<\/p>\n<p>&nbsp;<\/p>\n<p>Por Isabel P\u00e9laez<\/p>\n","protected":false},"excerpt":{"rendered":"<p>Madrid, 21 may (EFE).- Modelos femeninas en ropa interior han asomado hoy sus encantos por las ventanas de las \u00absuites\u00bb de un conocido hotel de Madrid para celebrar, a pesar del lluvioso tiempo, \u00abel d\u00eda del escote\u00bb, una curiosa jornada promovida por una firma de lencer\u00eda que reivindica el \u00abuso diario\u00bb del canalillo. \u00abSin miedo\u00bb<\/p>\n","protected":false},"author":1,"featured_media":13494,"comment_status":"open","ping_status":"closed","sticky":false,"template":"","format":"standard","meta":{"footnotes":""},"categories":[224],"tags":[],"class_list":{"0":"post-13493","1":"post","2":"type-post","3":"status-publish","4":"format-standard","5":"has-post-thumbnail","7":"category-noticias-actualidad"},"aioseo_notices":[],"aioseo_head":"\n\t\t<!-- All in One SEO Pro 4.9.6.1 - aioseo.com -->\n\t<meta name=\"description\" content=\"Madrid, 21 may (EFE).- Modelos femeninas en ropa interior han asomado hoy sus encantos por las ventanas de las &quot;suites&quot; de un conocido hotel de Madrid para celebrar, a pesar del lluvioso tiempo, &quot;el d\u00eda del escote&quot;, una curiosa jornada promovida por una firma de lencer\u00eda que reivindica el &quot;uso diario&quot; del canalillo. &quot;Sin miedo&quot;\" \/>\n\t<meta name=\"robots\" content=\"max-image-preview:large\" \/>\n\t<meta name=\"author\" content=\"admin\"\/>\n\t<meta name=\"google-site-verification\" content=\"UA-38556648-1\" \/>\n\t<meta name=\"keywords\" content=\"noticias y actualidad\" \/>\n\t<link rel=\"canonical\" href=\"https:\/\/eldigitaldeasturias.com\/magazine365\/celebran-el-escote-en-un-dia-que-invita-a-taparse\/\" \/>\n\t<meta name=\"generator\" content=\"All in One SEO Pro (AIOSEO) 4.9.6.1\" \/>\n\t\t<meta property=\"og:locale\" content=\"es_ES\" \/>\n\t\t<meta property=\"og:site_name\" content=\"El Digital de Asturias \u2013 Revista de ocio, turismo y estilo de vida\" \/>\n\t\t<meta property=\"og:type\" content=\"article\" \/>\n\t\t<meta property=\"og:title\" content=\"Celebran el escote en un d\u00eda que invita a taparse | El Digital de Asturias\" \/>\n\t\t<meta property=\"og:description\" content=\"Madrid, 21 may (EFE).- Modelos femeninas en ropa interior han asomado hoy sus encantos por las ventanas de las &quot;suites&quot; de un conocido hotel de Madrid para celebrar, a pesar del lluvioso tiempo, &quot;el d\u00eda del escote&quot;, una curiosa jornada promovida por una firma de lencer\u00eda que reivindica el &quot;uso diario&quot; del canalillo. &quot;Sin miedo&quot;\" \/>\n\t\t<meta property=\"og:url\" content=\"https:\/\/eldigitaldeasturias.com\/magazine365\/celebran-el-escote-en-un-dia-que-invita-a-taparse\/\" \/>\n\t\t<meta property=\"og:image\" content=\"https:\/\/eldigitaldeasturias.com\/magazine365\/wp-content\/uploads\/2014\/05\/6283859w.jpg\" \/>\n\t\t<meta property=\"og:image:secure_url\" content=\"https:\/\/eldigitaldeasturias.com\/magazine365\/wp-content\/uploads\/2014\/05\/6283859w.jpg\" \/>\n\t\t<meta property=\"og:image:width\" content=\"800\" \/>\n\t\t<meta property=\"og:image:height\" content=\"450\" \/>\n\t\t<meta property=\"article:published_time\" content=\"2014-05-22T01:05:50+00:00\" \/>\n\t\t<meta property=\"article:modified_time\" content=\"2014-05-22T01:05:50+00:00\" \/>\n\t\t<meta name=\"twitter:card\" content=\"summary_large_image\" \/>\n\t\t<meta name=\"twitter:title\" content=\"Celebran el escote en un d\u00eda que invita a taparse | El Digital de Asturias\" \/>\n\t\t<meta name=\"twitter:description\" content=\"Madrid, 21 may (EFE).- Modelos femeninas en ropa interior han asomado hoy sus encantos por las ventanas de las &quot;suites&quot; de un conocido hotel de Madrid para celebrar, a pesar del lluvioso tiempo, &quot;el d\u00eda del escote&quot;, una curiosa jornada promovida por una firma de lencer\u00eda que reivindica el &quot;uso diario&quot; del canalillo. &quot;Sin miedo&quot;\" \/>\n\t\t<meta name=\"twitter:image\" content=\"https:\/\/eldigitaldeasturias.com\/magazine365\/wp-content\/uploads\/2014\/05\/6283859w.jpg\" \/>\n\t\t<script type=\"application\/ld+json\" class=\"aioseo-schema\">\n\t\t\t{\"@context\":\"https:\\\/\\\/schema.org\",\"@graph\":[{\"@type\":\"Article\",\"@id\":\"https:\\\/\\\/eldigitaldeasturias.com\\\/magazine365\\\/celebran-el-escote-en-un-dia-que-invita-a-taparse\\\/#article\",\"name\":\"Celebran el escote en un d\\u00eda que invita a taparse | El Digital de Asturias\",\"headline\":\"Celebran el escote en un d\\u00eda que invita a taparse\",\"author\":{\"@id\":\"https:\\\/\\\/eldigitaldeasturias.com\\\/magazine365\\\/author\\\/admin\\\/#author\"},\"publisher\":{\"@id\":\"https:\\\/\\\/eldigitaldeasturias.com\\\/magazine365\\\/#organization\"},\"image\":{\"@type\":\"ImageObject\",\"url\":\"https:\\\/\\\/eldigitaldeasturias.com\\\/magazine365\\\/wp-content\\\/uploads\\\/2014\\\/05\\\/6283859w.jpg\",\"width\":800,\"height\":450},\"datePublished\":\"2014-05-21T23:05:50+02:00\",\"dateModified\":\"2014-05-21T23:05:50+02:00\",\"inLanguage\":\"es-ES\",\"mainEntityOfPage\":{\"@id\":\"https:\\\/\\\/eldigitaldeasturias.com\\\/magazine365\\\/celebran-el-escote-en-un-dia-que-invita-a-taparse\\\/#webpage\"},\"isPartOf\":{\"@id\":\"https:\\\/\\\/eldigitaldeasturias.com\\\/magazine365\\\/celebran-el-escote-en-un-dia-que-invita-a-taparse\\\/#webpage\"},\"articleSection\":\"Noticias y Actualidad\"},{\"@type\":\"BreadcrumbList\",\"@id\":\"https:\\\/\\\/eldigitaldeasturias.com\\\/magazine365\\\/celebran-el-escote-en-un-dia-que-invita-a-taparse\\\/#breadcrumblist\",\"itemListElement\":[{\"@type\":\"ListItem\",\"@id\":\"https:\\\/\\\/eldigitaldeasturias.com\\\/magazine365#listItem\",\"position\":1,\"name\":\"Home\",\"item\":\"https:\\\/\\\/eldigitaldeasturias.com\\\/magazine365\",\"nextItem\":{\"@type\":\"ListItem\",\"@id\":\"https:\\\/\\\/eldigitaldeasturias.com\\\/magazine365\\\/category\\\/noticias-actualidad\\\/#listItem\",\"name\":\"Noticias y Actualidad\"}},{\"@type\":\"ListItem\",\"@id\":\"https:\\\/\\\/eldigitaldeasturias.com\\\/magazine365\\\/category\\\/noticias-actualidad\\\/#listItem\",\"position\":2,\"name\":\"Noticias y Actualidad\",\"item\":\"https:\\\/\\\/eldigitaldeasturias.com\\\/magazine365\\\/category\\\/noticias-actualidad\\\/\",\"nextItem\":{\"@type\":\"ListItem\",\"@id\":\"https:\\\/\\\/eldigitaldeasturias.com\\\/magazine365\\\/celebran-el-escote-en-un-dia-que-invita-a-taparse\\\/#listItem\",\"name\":\"Celebran el escote en un d\\u00eda que invita a taparse\"},\"previousItem\":{\"@type\":\"ListItem\",\"@id\":\"https:\\\/\\\/eldigitaldeasturias.com\\\/magazine365#listItem\",\"name\":\"Home\"}},{\"@type\":\"ListItem\",\"@id\":\"https:\\\/\\\/eldigitaldeasturias.com\\\/magazine365\\\/celebran-el-escote-en-un-dia-que-invita-a-taparse\\\/#listItem\",\"position\":3,\"name\":\"Celebran el escote en un d\\u00eda que invita a taparse\",\"previousItem\":{\"@type\":\"ListItem\",\"@id\":\"https:\\\/\\\/eldigitaldeasturias.com\\\/magazine365\\\/category\\\/noticias-actualidad\\\/#listItem\",\"name\":\"Noticias y Actualidad\"}}]},{\"@type\":\"Organization\",\"@id\":\"https:\\\/\\\/eldigitaldeasturias.com\\\/magazine365\\\/#organization\",\"name\":\"El digital de Asturias\",\"description\":\"Revista de ocio, turismo y estilo de vida\",\"url\":\"https:\\\/\\\/eldigitaldeasturias.com\\\/magazine365\\\/\",\"logo\":{\"@type\":\"ImageObject\",\"url\":\"https:\\\/\\\/www.eldigitaldeasturias.com\\\/noticias\\\/wp-content\\\/uploads\\\/2020\\\/12\\\/EDA.jpg\",\"@id\":\"https:\\\/\\\/eldigitaldeasturias.com\\\/magazine365\\\/celebran-el-escote-en-un-dia-que-invita-a-taparse\\\/#organizationLogo\"},\"image\":{\"@id\":\"https:\\\/\\\/eldigitaldeasturias.com\\\/magazine365\\\/celebran-el-escote-en-un-dia-que-invita-a-taparse\\\/#organizationLogo\"}},{\"@type\":\"Person\",\"@id\":\"https:\\\/\\\/eldigitaldeasturias.com\\\/magazine365\\\/author\\\/admin\\\/#author\",\"url\":\"https:\\\/\\\/eldigitaldeasturias.com\\\/magazine365\\\/author\\\/admin\\\/\",\"name\":\"admin\",\"image\":{\"@type\":\"ImageObject\",\"@id\":\"https:\\\/\\\/eldigitaldeasturias.com\\\/magazine365\\\/celebran-el-escote-en-un-dia-que-invita-a-taparse\\\/#authorImage\",\"url\":\"https:\\\/\\\/eldigitaldeasturias.com\\\/magazine365\\\/wp-content\\\/litespeed\\\/avatar\\\/e571bcf59a0edd6fa6838245a470f2fe.jpg?ver=1776969259\",\"width\":96,\"height\":96,\"caption\":\"admin\"}},{\"@type\":\"WebPage\",\"@id\":\"https:\\\/\\\/eldigitaldeasturias.com\\\/magazine365\\\/celebran-el-escote-en-un-dia-que-invita-a-taparse\\\/#webpage\",\"url\":\"https:\\\/\\\/eldigitaldeasturias.com\\\/magazine365\\\/celebran-el-escote-en-un-dia-que-invita-a-taparse\\\/\",\"name\":\"Celebran el escote en un d\\u00eda que invita a taparse | El Digital de Asturias\",\"description\":\"Madrid, 21 may (EFE).- Modelos femeninas en ropa interior han asomado hoy sus encantos por las ventanas de las \\\"suites\\\" de un conocido hotel de Madrid para celebrar, a pesar del lluvioso tiempo, \\\"el d\\u00eda del escote\\\", una curiosa jornada promovida por una firma de lencer\\u00eda que reivindica el \\\"uso diario\\\" del canalillo. \\\"Sin miedo\\\"\",\"inLanguage\":\"es-ES\",\"isPartOf\":{\"@id\":\"https:\\\/\\\/eldigitaldeasturias.com\\\/magazine365\\\/#website\"},\"breadcrumb\":{\"@id\":\"https:\\\/\\\/eldigitaldeasturias.com\\\/magazine365\\\/celebran-el-escote-en-un-dia-que-invita-a-taparse\\\/#breadcrumblist\"},\"author\":{\"@id\":\"https:\\\/\\\/eldigitaldeasturias.com\\\/magazine365\\\/author\\\/admin\\\/#author\"},\"creator\":{\"@id\":\"https:\\\/\\\/eldigitaldeasturias.com\\\/magazine365\\\/author\\\/admin\\\/#author\"},\"image\":{\"@type\":\"ImageObject\",\"url\":\"https:\\\/\\\/eldigitaldeasturias.com\\\/magazine365\\\/wp-content\\\/uploads\\\/2014\\\/05\\\/6283859w.jpg\",\"@id\":\"https:\\\/\\\/eldigitaldeasturias.com\\\/magazine365\\\/celebran-el-escote-en-un-dia-que-invita-a-taparse\\\/#mainImage\",\"width\":800,\"height\":450},\"primaryImageOfPage\":{\"@id\":\"https:\\\/\\\/eldigitaldeasturias.com\\\/magazine365\\\/celebran-el-escote-en-un-dia-que-invita-a-taparse\\\/#mainImage\"},\"datePublished\":\"2014-05-21T23:05:50+02:00\",\"dateModified\":\"2014-05-21T23:05:50+02:00\"},{\"@type\":\"WebSite\",\"@id\":\"https:\\\/\\\/eldigitaldeasturias.com\\\/magazine365\\\/#website\",\"url\":\"https:\\\/\\\/eldigitaldeasturias.com\\\/magazine365\\\/\",\"name\":\"El Digital de Asturias\",\"description\":\"Revista de ocio, turismo y estilo de vida\",\"inLanguage\":\"es-ES\",\"publisher\":{\"@id\":\"https:\\\/\\\/eldigitaldeasturias.com\\\/magazine365\\\/#organization\"}}]}\n\t\t<\/script>\n\t\t<!-- All in One SEO Pro -->\r\n\t\t<title>Celebran el escote en un d\u00eda que invita a taparse | El Digital de Asturias<\/title>\n\n","aioseo_head_json":{"title":"Celebran el escote en un d\u00eda que invita a taparse | El Digital de Asturias","description":"Madrid, 21 may (EFE).- Modelos femeninas en ropa interior han asomado hoy sus encantos por las ventanas de las \"suites\" de un conocido hotel de Madrid para celebrar, a pesar del lluvioso tiempo, \"el d\u00eda del escote\", una curiosa jornada promovida por una firma de lencer\u00eda que reivindica el \"uso diario\" del canalillo. \"Sin miedo\"","canonical_url":"https:\/\/eldigitaldeasturias.com\/magazine365\/celebran-el-escote-en-un-dia-que-invita-a-taparse\/","robots":"max-image-preview:large","keywords":"noticias y actualidad","webmasterTools":{"google-site-verification":"UA-38556648-1","miscellaneous":""},"schema":{"@context":"https:\/\/schema.org","@graph":[{"@type":"Article","@id":"https:\/\/eldigitaldeasturias.com\/magazine365\/celebran-el-escote-en-un-dia-que-invita-a-taparse\/#article","name":"Celebran el escote en un d\u00eda que invita a taparse | El Digital de Asturias","headline":"Celebran el escote en un d\u00eda que invita a taparse","author":{"@id":"https:\/\/eldigitaldeasturias.com\/magazine365\/author\/admin\/#author"},"publisher":{"@id":"https:\/\/eldigitaldeasturias.com\/magazine365\/#organization"},"image":{"@type":"ImageObject","url":"https:\/\/eldigitaldeasturias.com\/magazine365\/wp-content\/uploads\/2014\/05\/6283859w.jpg","width":800,"height":450},"datePublished":"2014-05-21T23:05:50+02:00","dateModified":"2014-05-21T23:05:50+02:00","inLanguage":"es-ES","mainEntityOfPage":{"@id":"https:\/\/eldigitaldeasturias.com\/magazine365\/celebran-el-escote-en-un-dia-que-invita-a-taparse\/#webpage"},"isPartOf":{"@id":"https:\/\/eldigitaldeasturias.com\/magazine365\/celebran-el-escote-en-un-dia-que-invita-a-taparse\/#webpage"},"articleSection":"Noticias y Actualidad"},{"@type":"BreadcrumbList","@id":"https:\/\/eldigitaldeasturias.com\/magazine365\/celebran-el-escote-en-un-dia-que-invita-a-taparse\/#breadcrumblist","itemListElement":[{"@type":"ListItem","@id":"https:\/\/eldigitaldeasturias.com\/magazine365#listItem","position":1,"name":"Home","item":"https:\/\/eldigitaldeasturias.com\/magazine365","nextItem":{"@type":"ListItem","@id":"https:\/\/eldigitaldeasturias.com\/magazine365\/category\/noticias-actualidad\/#listItem","name":"Noticias y Actualidad"}},{"@type":"ListItem","@id":"https:\/\/eldigitaldeasturias.com\/magazine365\/category\/noticias-actualidad\/#listItem","position":2,"name":"Noticias y Actualidad","item":"https:\/\/eldigitaldeasturias.com\/magazine365\/category\/noticias-actualidad\/","nextItem":{"@type":"ListItem","@id":"https:\/\/eldigitaldeasturias.com\/magazine365\/celebran-el-escote-en-un-dia-que-invita-a-taparse\/#listItem","name":"Celebran el escote en un d\u00eda que invita a taparse"},"previousItem":{"@type":"ListItem","@id":"https:\/\/eldigitaldeasturias.com\/magazine365#listItem","name":"Home"}},{"@type":"ListItem","@id":"https:\/\/eldigitaldeasturias.com\/magazine365\/celebran-el-escote-en-un-dia-que-invita-a-taparse\/#listItem","position":3,"name":"Celebran el escote en un d\u00eda que invita a taparse","previousItem":{"@type":"ListItem","@id":"https:\/\/eldigitaldeasturias.com\/magazine365\/category\/noticias-actualidad\/#listItem","name":"Noticias y Actualidad"}}]},{"@type":"Organization","@id":"https:\/\/eldigitaldeasturias.com\/magazine365\/#organization","name":"El digital de Asturias","description":"Revista de ocio, turismo y estilo de vida","url":"https:\/\/eldigitaldeasturias.com\/magazine365\/","logo":{"@type":"ImageObject","url":"https:\/\/www.eldigitaldeasturias.com\/noticias\/wp-content\/uploads\/2020\/12\/EDA.jpg","@id":"https:\/\/eldigitaldeasturias.com\/magazine365\/celebran-el-escote-en-un-dia-que-invita-a-taparse\/#organizationLogo"},"image":{"@id":"https:\/\/eldigitaldeasturias.com\/magazine365\/celebran-el-escote-en-un-dia-que-invita-a-taparse\/#organizationLogo"}},{"@type":"Person","@id":"https:\/\/eldigitaldeasturias.com\/magazine365\/author\/admin\/#author","url":"https:\/\/eldigitaldeasturias.com\/magazine365\/author\/admin\/","name":"admin","image":{"@type":"ImageObject","@id":"https:\/\/eldigitaldeasturias.com\/magazine365\/celebran-el-escote-en-un-dia-que-invita-a-taparse\/#authorImage","url":"https:\/\/eldigitaldeasturias.com\/magazine365\/wp-content\/litespeed\/avatar\/e571bcf59a0edd6fa6838245a470f2fe.jpg?ver=1776969259","width":96,"height":96,"caption":"admin"}},{"@type":"WebPage","@id":"https:\/\/eldigitaldeasturias.com\/magazine365\/celebran-el-escote-en-un-dia-que-invita-a-taparse\/#webpage","url":"https:\/\/eldigitaldeasturias.com\/magazine365\/celebran-el-escote-en-un-dia-que-invita-a-taparse\/","name":"Celebran el escote en un d\u00eda que invita a taparse | El Digital de Asturias","description":"Madrid, 21 may (EFE).- Modelos femeninas en ropa interior han asomado hoy sus encantos por las ventanas de las \"suites\" de un conocido hotel de Madrid para celebrar, a pesar del lluvioso tiempo, \"el d\u00eda del escote\", una curiosa jornada promovida por una firma de lencer\u00eda que reivindica el \"uso diario\" del canalillo. \"Sin miedo\"","inLanguage":"es-ES","isPartOf":{"@id":"https:\/\/eldigitaldeasturias.com\/magazine365\/#website"},"breadcrumb":{"@id":"https:\/\/eldigitaldeasturias.com\/magazine365\/celebran-el-escote-en-un-dia-que-invita-a-taparse\/#breadcrumblist"},"author":{"@id":"https:\/\/eldigitaldeasturias.com\/magazine365\/author\/admin\/#author"},"creator":{"@id":"https:\/\/eldigitaldeasturias.com\/magazine365\/author\/admin\/#author"},"image":{"@type":"ImageObject","url":"https:\/\/eldigitaldeasturias.com\/magazine365\/wp-content\/uploads\/2014\/05\/6283859w.jpg","@id":"https:\/\/eldigitaldeasturias.com\/magazine365\/celebran-el-escote-en-un-dia-que-invita-a-taparse\/#mainImage","width":800,"height":450},"primaryImageOfPage":{"@id":"https:\/\/eldigitaldeasturias.com\/magazine365\/celebran-el-escote-en-un-dia-que-invita-a-taparse\/#mainImage"},"datePublished":"2014-05-21T23:05:50+02:00","dateModified":"2014-05-21T23:05:50+02:00"},{"@type":"WebSite","@id":"https:\/\/eldigitaldeasturias.com\/magazine365\/#website","url":"https:\/\/eldigitaldeasturias.com\/magazine365\/","name":"El Digital de Asturias","description":"Revista de ocio, turismo y estilo de vida","inLanguage":"es-ES","publisher":{"@id":"https:\/\/eldigitaldeasturias.com\/magazine365\/#organization"}}]},"og:locale":"es_ES","og:site_name":"El Digital de Asturias \u2013 Revista de ocio, turismo y estilo de vida","og:type":"article","og:title":"Celebran el escote en un d\u00eda que invita a taparse | El Digital de Asturias","og:description":"Madrid, 21 may (EFE).- Modelos femeninas en ropa interior han asomado hoy sus encantos por las ventanas de las &quot;suites&quot; de un conocido hotel de Madrid para celebrar, a pesar del lluvioso tiempo, &quot;el d\u00eda del escote&quot;, una curiosa jornada promovida por una firma de lencer\u00eda que reivindica el &quot;uso diario&quot; del canalillo. &quot;Sin miedo&quot;","og:url":"https:\/\/eldigitaldeasturias.com\/magazine365\/celebran-el-escote-en-un-dia-que-invita-a-taparse\/","og:image":"https:\/\/eldigitaldeasturias.com\/magazine365\/wp-content\/uploads\/2014\/05\/6283859w.jpg","og:image:secure_url":"https:\/\/eldigitaldeasturias.com\/magazine365\/wp-content\/uploads\/2014\/05\/6283859w.jpg","og:image:width":800,"og:image:height":450,"article:published_time":"2014-05-22T01:05:50+00:00","article:modified_time":"2014-05-22T01:05:50+00:00","twitter:card":"summary_large_image","twitter:title":"Celebran el escote en un d\u00eda que invita a taparse | El Digital de Asturias","twitter:description":"Madrid, 21 may (EFE).- Modelos femeninas en ropa interior han asomado hoy sus encantos por las ventanas de las &quot;suites&quot; de un conocido hotel de Madrid para celebrar, a pesar del lluvioso tiempo, &quot;el d\u00eda del escote&quot;, una curiosa jornada promovida por una firma de lencer\u00eda que reivindica el &quot;uso diario&quot; del canalillo. &quot;Sin miedo&quot;","twitter:image":"https:\/\/eldigitaldeasturias.com\/magazine365\/wp-content\/uploads\/2014\/05\/6283859w.jpg"},"aioseo_meta_data":{"post_id":"13493","title":null,"description":null,"keywords":null,"keyphrases":null,"primary_term":null,"canonical_url":null,"og_title":null,"og_description":null,"og_object_type":"default","og_image_type":"default","og_image_url":null,"og_image_width":null,"og_image_height":null,"og_image_custom_url":null,"og_image_custom_fields":null,"og_video":null,"og_custom_url":null,"og_article_section":null,"og_article_tags":null,"twitter_use_og":false,"twitter_card":"default","twitter_image_type":"default","twitter_image_url":null,"twitter_image_custom_url":null,"twitter_image_custom_fields":null,"twitter_title":null,"twitter_description":null,"schema":{"blockGraphs":[],"customGraphs":[],"default":{"data":{"Article":[],"Course":[],"Dataset":[],"FAQPage":[],"Movie":[],"Person":[],"Product":[],"ProductReview":[],"Car":[],"Recipe":[],"Service":[],"SoftwareApplication":[],"WebPage":[]},"graphName":"","isEnabled":true},"graphs":[],"defaultGraph":"","defaultPostTypeGraph":""},"schema_type":null,"schema_type_options":null,"pillar_content":false,"robots_default":true,"robots_noindex":false,"robots_noarchive":false,"robots_nosnippet":false,"robots_nofollow":false,"robots_noimageindex":false,"robots_noodp":false,"robots_notranslate":false,"robots_max_snippet":null,"robots_max_videopreview":null,"robots_max_imagepreview":"large","priority":null,"frequency":null,"location":null,"local_seo":null,"seo_analyzer_scan_date":"2025-09-17 08:23:08","breadcrumb_settings":null,"limit_modified_date":false,"open_ai":null,"ai":null,"created":"2021-03-09 08:27:55","updated":"2025-09-17 08:23:08"},"aioseo_breadcrumb":"<div class=\"aioseo-breadcrumbs\"><span class=\"aioseo-breadcrumb\">\n\t<a href=\"https:\/\/eldigitaldeasturias.com\/magazine365\" title=\"Home\">Home<\/a>\n<\/span><span class=\"aioseo-breadcrumb-separator\">\u2013<\/span><span class=\"aioseo-breadcrumb\">\n\t<a href=\"https:\/\/eldigitaldeasturias.com\/magazine365\/category\/noticias-actualidad\/\" title=\"Noticias y Actualidad\">Noticias y Actualidad<\/a>\n<\/span><span class=\"aioseo-breadcrumb-separator\">\u2013<\/span><span class=\"aioseo-breadcrumb\">\n\t<a href=\"https:\/\/eldigitaldeasturias.com\/magazine365\/celebran-el-escote-en-un-dia-que-invita-a-taparse\/\" title=\"Celebran el escote en un d\u00eda que invita a taparse\">Celebran el escote en un d\u00eda que invita a taparse<\/a>\n<\/span><\/div>","aioseo_breadcrumb_json":[{"label":"Home","link":"https:\/\/eldigitaldeasturias.com\/magazine365"},{"label":"Noticias y Actualidad","link":"https:\/\/eldigitaldeasturias.com\/magazine365\/category\/noticias-actualidad\/"},{"label":"Celebran el escote en un d\u00eda que invita a taparse","link":"https:\/\/eldigitaldeasturias.com\/magazine365\/celebran-el-escote-en-un-dia-que-invita-a-taparse\/"}],"_links":{"self":[{"href":"https:\/\/eldigitaldeasturias.com\/magazine365\/wp-json\/wp\/v2\/posts\/13493","targetHints":{"allow":["GET"]}}],"collection":[{"href":"https:\/\/eldigitaldeasturias.com\/magazine365\/wp-json\/wp\/v2\/posts"}],"about":[{"href":"https:\/\/eldigitaldeasturias.com\/magazine365\/wp-json\/wp\/v2\/types\/post"}],"author":[{"embeddable":true,"href":"https:\/\/eldigitaldeasturias.com\/magazine365\/wp-json\/wp\/v2\/users\/1"}],"replies":[{"embeddable":true,"href":"https:\/\/eldigitaldeasturias.com\/magazine365\/wp-json\/wp\/v2\/comments?post=13493"}],"version-history":[{"count":0,"href":"https:\/\/eldigitaldeasturias.com\/magazine365\/wp-json\/wp\/v2\/posts\/13493\/revisions"}],"wp:featuredmedia":[{"embeddable":true,"href":"https:\/\/eldigitaldeasturias.com\/magazine365\/wp-json\/wp\/v2\/media\/13494"}],"wp:attachment":[{"href":"https:\/\/eldigitaldeasturias.com\/magazine365\/wp-json\/wp\/v2\/media?parent=13493"}],"wp:term":[{"taxonomy":"category","embeddable":true,"href":"https:\/\/eldigitaldeasturias.com\/magazine365\/wp-json\/wp\/v2\/categories?post=13493"},{"taxonomy":"post_tag","embeddable":true,"href":"https:\/\/eldigitaldeasturias.com\/magazine365\/wp-json\/wp\/v2\/tags?post=13493"}],"curies":[{"name":"wp","href":"https:\/\/api.w.org\/{rel}","templated":true}]}}